{"id":185288,"date":"2026-04-06T17:36:11","date_gmt":"2026-04-06T15:36:11","guid":{"rendered":"https:\/\/buletin.de\/bucuresti\/?p=185288"},"modified":"2026-04-06T18:28:48","modified_gmt":"2026-04-06T16:28:48","slug":"planseul-unirii-se-scumpeste-cu-aproape-40-de-milioane-de-euro-recent-20-din-cheltuieli-au-fost-trecute-in-sarcina-cetatenilor-din-sectorul-4","status":"publish","type":"post","link":"https:\/\/buletin.de\/bucuresti\/planseul-unirii-se-scumpeste-cu-aproape-40-de-milioane-de-euro-recent-20-din-cheltuieli-au-fost-trecute-in-sarcina-cetatenilor-din-sectorul-4\/","title":{"rendered":"Plan\u0219eul Unirii se scumpe\u0219te cu aproape 40 de milioane de euro. Recent, 20% din cheltuieli au fost trecute \u00een sarcina cet\u0103\u021benilor din Sectorul 4"},"content":{"rendered":"\n<p><strong>Lucr\u0103rile din Centrul Capitalei, de la plan\u0219eul Unirii, se scumpesc, conform unui proiect de hot\u0103r\u00e2re pentru modificarea \u0219i completarea indicatorilor tehnico-economici, care urmeaz\u0103 s\u0103 fie dezb\u0103tut \u00een cadrul \u0219edin\u021bei de pe 8 aprilie a Consiliului Local Sector 4. Motivul pentru care costurile aferente lucr\u0103rilor sunt acum mai mari \u021bine de majorarea TVA-ului, de la 19%, la 21%, dup\u0103 cum se transmite \u00een <a href=\"https:\/\/ps4.ro\/wp-content\/uploads\/2026\/04\/af-pr-27-01.04.2026.pdf\" type=\"link\" id=\"https:\/\/ps4.ro\/wp-content\/uploads\/2026\/04\/af-pr-27-01.04.2026.pdf\" target=\"_blank\" rel=\"noreferrer noopener\">referatul de aprobare<\/a>. <\/strong><\/p>\n\n\n\n<p>Indicatorii tehnico-economici pentru obiectivul de investi\u021bii \u201e<em>Regenerarea spa\u021biilor publice \u00een zona Pasajul Unirii, prin realizarea lucr\u0103rilor de consolidare \u0219i reabilitare a plan\u0219eului de acoperire a r\u00e2ului D\u00e2mbovi\u021ba \u00een Pia\u021ba Unirii<\/em>\u201d au fost aproba\u021bi de Consiliul Local S4 prin hot\u0103r\u00e2rea nr. 137\/24.05.2023. La momentul respectiv, total investi\u021biei pentru realizarea lucr\u0103rilor era de 763.353,087.68 de lei, echivalentul a <strong>153,6 milioane euro<\/strong>.<\/p>\n\n\n<div class=\"wp-block-image\">\n<figure class=\"aligncenter size-large\"><img fetchpriority=\"high\" decoding=\"async\" width=\"1000\" height=\"662\" src=\"data:image\/gif;base64,R0lGODlhAQABAAAAACH5BAEKAAEALAAAAAABAAEAAAICTAEAOw==\" data-src=\"https:\/\/buletin.de\/bucuresti\/wp-content\/uploads\/2026\/04\/WhatsApp-Image-2026-04-06-at-12.05.00-1000x662.jpeg\" alt=\"\" class=\"wp-image-185334 lazyload\" data-sizes=\"auto\" data-srcset=\"https:\/\/buletin.de\/bucuresti\/wp-content\/uploads\/2026\/04\/WhatsApp-Image-2026-04-06-at-12.05.00-1000x662.jpeg 1000w, https:\/\/buletin.de\/bucuresti\/wp-content\/uploads\/2026\/04\/WhatsApp-Image-2026-04-06-at-12.05.00-300x199.jpeg 300w, https:\/\/buletin.de\/bucuresti\/wp-content\/uploads\/2026\/04\/WhatsApp-Image-2026-04-06-at-12.05.00-768x508.jpeg 768w, https:\/\/buletin.de\/bucuresti\/wp-content\/uploads\/2026\/04\/WhatsApp-Image-2026-04-06-at-12.05.00-600x397.jpeg 600w, https:\/\/buletin.de\/bucuresti\/wp-content\/uploads\/2026\/04\/WhatsApp-Image-2026-04-06-at-12.05.00-20x13.jpeg 20w, https:\/\/buletin.de\/bucuresti\/wp-content\/uploads\/2026\/04\/WhatsApp-Image-2026-04-06-at-12.05.00.jpeg 1009w\" sizes=\"(max-width: 1000px) 100vw, 1000px\" \/><figcaption class=\"wp-element-caption\">Totalul conform Devizului General aprobat \u00een 2023. FOTO: Prim\u0103ria Sectorului 4<\/figcaption><\/figure>\n<\/div>\n\n\n<p>Cu toate astea, conform informa\u021biilor din Devizul General, act anexat proiectului de hot\u0103r\u00e2rea aflat pe ordinea de zi a urm\u0103toarei \u0219edin\u021be a Consiliului Local S4 \u0219i analizat de Buletin de Bucure\u0219ti, total investi\u021biei a ajuns \u00een 2026 la suma de <strong>191 milioane de euro<\/strong>. Asta reprezint\u0103 o cre\u0219tere de aproximativ 27% fa\u021b\u0103 de suma ini\u021bial\u0103. <\/p>\n\n\n<div class=\"wp-block-image\">\n<figure class=\"aligncenter size-large\"><img decoding=\"async\" width=\"1000\" height=\"596\" src=\"data:image\/gif;base64,R0lGODlhAQABAAAAACH5BAEKAAEALAAAAAABAAEAAAICTAEAOw==\" data-src=\"https:\/\/buletin.de\/bucuresti\/wp-content\/uploads\/2026\/04\/WhatsApp-Image-2026-04-06-at-11.32.29-1-1000x596.jpeg\" alt=\"\" class=\"wp-image-185333 lazyload\" data-sizes=\"auto\" data-srcset=\"https:\/\/buletin.de\/bucuresti\/wp-content\/uploads\/2026\/04\/WhatsApp-Image-2026-04-06-at-11.32.29-1-1000x596.jpeg 1000w, https:\/\/buletin.de\/bucuresti\/wp-content\/uploads\/2026\/04\/WhatsApp-Image-2026-04-06-at-11.32.29-1-300x179.jpeg 300w, https:\/\/buletin.de\/bucuresti\/wp-content\/uploads\/2026\/04\/WhatsApp-Image-2026-04-06-at-11.32.29-1-768x458.jpeg 768w, https:\/\/buletin.de\/bucuresti\/wp-content\/uploads\/2026\/04\/WhatsApp-Image-2026-04-06-at-11.32.29-1-1100x656.jpeg 1100w, https:\/\/buletin.de\/bucuresti\/wp-content\/uploads\/2026\/04\/WhatsApp-Image-2026-04-06-at-11.32.29-1-600x358.jpeg 600w, https:\/\/buletin.de\/bucuresti\/wp-content\/uploads\/2026\/04\/WhatsApp-Image-2026-04-06-at-11.32.29-1-20x12.jpeg 20w, https:\/\/buletin.de\/bucuresti\/wp-content\/uploads\/2026\/04\/WhatsApp-Image-2026-04-06-at-11.32.29-1.jpeg 1235w\" sizes=\"(max-width: 1000px) 100vw, 1000px\" \/><figcaption class=\"wp-element-caption\">Deviz general 2026. Foto: Prim\u0103ria Sectorului 4<\/figcaption><\/figure>\n<\/div>\n\n\n<p><strong><em>\u201eAv\u00e2nd \u00een vedere actualizarea cotei TVA de la 19% la 21%, pentru angajarea sumelor \u0219i efectuarea cererilor de transfer c\u0103tre Ministerul Dezvolt\u0103rii, Lucr\u0103rilor Publice \u0219i Administra\u021biei, este necesar\u0103 actualizarea Devizului General al obiectivului de investi\u021bii\u201d, se arat\u0103 \u00een reportul de aprobare al proiectului. <\/em><\/strong><\/p>\n\n\n\n<p>Proiectul de hot\u0103r\u00e2rea privind scumpirea lucr\u0103rilor de la plan\u0219eul Unirii urmeaz\u0103 s\u0103 fie dezb\u0103tut \u0219i supus votului \u00een cadrul \u0219edin\u021bei ce va avea loc miercuri, \u00een data de &nbsp;8 aprilie.<\/p>\n\n\n\n<p><strong>CITE\u0218TE \u0218I <a href=\"https:\/\/buletin.de\/bucuresti\/santier-faraonic-pe-soseaua-berceni-pasajul-pietonal-care-costa-bugetul-public-aproape-60-de-milioane-de-euro\/\" type=\"post\" id=\"185290\">\u0218antier \u201efaraonic\u201d pe \u0218oseaua Berceni. Pasajul pietonal care cost\u0103 aproape 60 de milioane de euro<\/a><\/strong><\/p>\n\n\n\n<h2 class=\"wp-block-heading\" id=\"h-ceta\u021benii-din-sectorul-4-achita-20-din-valoarea-lucrarilor\">Cet\u0103\u021benii din Sectorul 4 achit\u0103 20% din valoarea lucr\u0103rilor<\/h2>\n\n\n\n<p>Pentru a nu pierde finan\u021barea necesar\u0103 realizarea lucr\u0103rilor de punere \u00een siguran\u021b\u0103 ce au loc la plan\u0219eul Unirii, ob\u021binut\u0103 prin programul \u201eAnghel Saligny\u201d, Prim\u0103ria Sectorului 4 are obliga\u021bia de a suporta din bugetul local o cota de 20% din valoarea sumei ob\u021binute de la bugetul de stat. <\/p>\n\n\n\n<p>Aceast\u0103 necesitate a fost introdus\u0103 prin Ordonan\u021ba de Urgen\u021b\u0103 nr. 87\/2025, care aduce modific\u0103ri prin care autorit\u0103\u021bilor locale li se impune o recalibrare a angajamentelor financiare . <\/p>\n\n\n\n<p>Consiliul Local Sector 4 a fost de acord ca Prim\u0103ria s\u0103 suporte o cot\u0103 de 20% din valoarea lucr\u0103rilor la Plan\u0219eul Unirii, proiectul fiind aprobat \u00een \u0219edin\u021ba din 2 martie 2026. \u00cen contextul scumpirilor produse de majorarea TVA-ului, suma pe care cet\u0103\u021benii din Sectorul 4 o vor pl\u0103ti pentru lucr\u0103rile din centrul Capitalei va cre\u0219te \u0219i ea. <\/p>\n\n\n\n<p><strong><em>\u201e\u00cen conformitate cu prevederile art.139 alin. (3), art.166 alin.(2) \u0219i art.196 alin.(1) lit. a) din OUG nr.57\/2019 din Codul Administrativ, \u00eenaint\u0103m Consiliului Local al Sectorului 4 spre analiz\u0103 \u0219i dezbatere, proiectul de hot\u0103r\u00e2re privind aprobarea indicatorilor tehnico-economici \u0219i a devizului general actualizat la faza PT pentru obiectivul de investi\u021bii ,\u201eRegenerarea spa\u021biilor publice \u00een zona Pasajul Unirii, prin realizarea lucr\u0103rilor de consolidare \u0219i reabilitare a plan\u0219eului de acoperire a r\u00e2ului D\u00e2mbovi\u021ba \u00een Pia\u021ba Unirii\u201d, \u00een vederea finan\u021b\u0103rii prin Programul na\u021bional de investi\u021bii ,\u201eAnghel Saligny&#8221;, precum \u0219i a sumei reprezent\u00e2nd categoriile de cheltuieli finan\u021bate de la bugetul local pentru realizarea obiectivului\u201d, se arat\u0103 \u00een raportul de aprobare al proiectului de hot\u0103r\u00e2re ce va fi supus votului \u00een c\u00e2teva zile.  <\/em><\/strong><\/p>\n\n\n\n<p><strong>CITE\u0218TE \u0218I <a href=\"https:\/\/buletin.de\/bucuresti\/primaria-sectorului-4-ar-putea-investi-peste-40-de-milioane-de-euro-pentru-cresterea-sigurantei-rutiere-in-aproprierea-scolilor\/\" type=\"post\" id=\"185176\">Prim\u0103ria Sectorului 4 ar putea investi peste 40 de milioane de euro pentru cre\u0219terea siguran\u021bei rutiere \u00een aproprierea \u0219colilor<\/a><\/strong><\/p>\n","protected":false},"excerpt":{"rendered":"<p>Lucr\u0103rile din Centrul Capitalei, de la plan\u0219eul Unirii, se scumpesc, conform unui proiect de hot\u0103r\u00e2re pentru modificarea \u0219i completarea indicatorilor tehnico-economici, care urmeaz\u0103 s\u0103 fie dezb\u0103tut \u00een cadrul \u0219edin\u021bei de pe 8 aprilie a Consiliului Local Sector 4. Motivul pentru care costurile aferente lucr\u0103rilor sunt acum mai mari \u021bine de majorarea TVA-ului, de la 19%, [&hellip;]<\/p>\n","protected":false},"author":66,"featured_media":185342,"comment_status":"closed","ping_status":"open","sticky":false,"template":"","format":"standard","meta":{"_acf_changed":false,"inline_featured_image":false,"ngg_post_thumbnail":0,"footnotes":""},"categories":[6994,5762,24],"tags":[7615,15761,4381,8556,765],"ppma_author":[26103],"class_list":["post-185288","post","type-post","status-publish","format-standard","has-post-thumbnail","hentry","category-stiri-2","category-main","category-primarie","tag-consiliul-local-sector-4","tag-planseul-unirii-2","tag-proiect-de-hotarare","tag-scumpiri","tag-sector-4"],"acf":[],"yoast_head":"<!-- This site is optimized with the Yoast SEO Premium plugin v25.3 (Yoast SEO v27.4) - https:\/\/yoast.com\/product\/yoast-seo-premium-wordpress\/ -->\n<title>Plan\u0219eul Unirii se scumpe\u0219te cu aproape 40 de milioane de euro. Recent, 20% din cheltuieli au fost trecute \u00een sarcina cet\u0103\u021benilor din Sectorul 4 - Buletin de Bucure\u0219ti<\/title>\n<meta name=\"description\" content=\"Lucr\u0103rile ce sunt efectuate \u00een centrul Capitalei, la plan\u0219eul Unirii, e scumpesc, conform unui proiect de hot\u0103r\u00e2re.\" \/>\n<meta name=\"robots\" content=\"index, follow, max-snippet:-1, max-image-preview:large, max-video-preview:-1\" \/>\n<link rel=\"canonical\" href=\"https:\/\/buletin.de\/bucuresti\/planseul-unirii-se-scumpeste-cu-aproape-40-de-milioane-de-euro-recent-20-din-cheltuieli-au-fost-trecute-in-sarcina-cetatenilor-din-sectorul-4\/\" \/>\n<meta property=\"og:locale\" content=\"en_GB\" \/>\n<meta property=\"og:type\" content=\"article\" \/>\n<meta property=\"og:title\" content=\"Plan\u0219eul Unirii se scumpe\u0219te cu aproape 40 de milioane de euro. Recent, 20% din cheltuieli au fost trecute \u00een sarcina cet\u0103\u021benilor din Sectorul 4\" \/>\n<meta property=\"og:description\" content=\"Lucr\u0103rile ce sunt efectuate \u00een centrul Capitalei, la plan\u0219eul Unirii, e scumpesc, conform unui proiect de hot\u0103r\u00e2re.\" \/>\n<meta property=\"og:url\" content=\"https:\/\/buletin.de\/bucuresti\/planseul-unirii-se-scumpeste-cu-aproape-40-de-milioane-de-euro-recent-20-din-cheltuieli-au-fost-trecute-in-sarcina-cetatenilor-din-sectorul-4\/\" \/>\n<meta property=\"og:site_name\" content=\"Buletin de Bucure\u0219ti\" \/>\n<meta property=\"article:publisher\" content=\"https:\/\/www.facebook.com\/buletin.de.buc\" \/>\n<meta property=\"article:published_time\" content=\"2026-04-06T15:36:11+00:00\" \/>\n<meta property=\"article:modified_time\" content=\"2026-04-06T16:28:48+00:00\" \/>\n<meta property=\"og:image\" content=\"https:\/\/buletin.de\/bucuresti\/wp-content\/uploads\/2026\/04\/Lucrari-planseul-Unirii.jpg\" \/>\n\t<meta property=\"og:image:width\" content=\"1600\" \/>\n\t<meta property=\"og:image:height\" content=\"900\" \/>\n\t<meta property=\"og:image:type\" content=\"image\/jpeg\" \/>\n<meta name=\"author\" content=\"Deniz Garguli\" \/>\n<meta name=\"twitter:card\" content=\"summary_large_image\" \/>\n<meta name=\"twitter:label1\" content=\"Written by\" \/>\n\t<meta name=\"twitter:data1\" content=\"Deniz Garguli\" \/>\n\t<meta name=\"twitter:label2\" content=\"Estimated reading time\" \/>\n\t<meta name=\"twitter:data2\" content=\"4 minutes\" \/>\n<script type=\"application\/ld+json\" class=\"yoast-schema-graph\">{\"@context\":\"https:\\\/\\\/schema.org\",\"@graph\":[{\"@type\":\"Article\",\"@id\":\"https:\\\/\\\/buletin.de\\\/bucuresti\\\/planseul-unirii-se-scumpeste-cu-aproape-40-de-milioane-de-euro-recent-20-din-cheltuieli-au-fost-trecute-in-sarcina-cetatenilor-din-sectorul-4\\\/#article\",\"isPartOf\":{\"@id\":\"https:\\\/\\\/buletin.de\\\/bucuresti\\\/planseul-unirii-se-scumpeste-cu-aproape-40-de-milioane-de-euro-recent-20-din-cheltuieli-au-fost-trecute-in-sarcina-cetatenilor-din-sectorul-4\\\/\"},\"author\":{\"name\":\"Deniz Garguli\",\"@id\":\"https:\\\/\\\/buletin.de\\\/bucuresti\\\/#\\\/schema\\\/person\\\/8badd0805392c02e16b744e0d5cd3625\"},\"headline\":\"Plan\u0219eul Unirii se scumpe\u0219te cu aproape 40 de milioane de euro. Recent, 20% din cheltuieli au fost trecute \u00een sarcina cet\u0103\u021benilor din Sectorul 4\",\"datePublished\":\"2026-04-06T15:36:11+00:00\",\"dateModified\":\"2026-04-06T16:28:48+00:00\",\"mainEntityOfPage\":{\"@id\":\"https:\\\/\\\/buletin.de\\\/bucuresti\\\/planseul-unirii-se-scumpeste-cu-aproape-40-de-milioane-de-euro-recent-20-din-cheltuieli-au-fost-trecute-in-sarcina-cetatenilor-din-sectorul-4\\\/\"},\"wordCount\":644,\"publisher\":{\"@id\":\"https:\\\/\\\/buletin.de\\\/bucuresti\\\/#organization\"},\"image\":{\"@id\":\"https:\\\/\\\/buletin.de\\\/bucuresti\\\/planseul-unirii-se-scumpeste-cu-aproape-40-de-milioane-de-euro-recent-20-din-cheltuieli-au-fost-trecute-in-sarcina-cetatenilor-din-sectorul-4\\\/#primaryimage\"},\"thumbnailUrl\":\"https:\\\/\\\/buletin.de\\\/bucuresti\\\/wp-content\\\/uploads\\\/2026\\\/04\\\/Lucrari-planseul-Unirii.jpg\",\"keywords\":[\"consiliul local sector 4\",\"plan\u0219eul unirii\",\"proiect de hot\u0103r\u00e2re\",\"scumpiri\",\"Sector 4\"],\"articleSection\":[\"Articole\",\"Main\",\"Prim\u0103rie\"],\"inLanguage\":\"en-GB\",\"copyrightYear\":\"2026\",\"copyrightHolder\":{\"@id\":\"https:\\\/\\\/buletin.de\\\/bucuresti\\\/#organization\"}},{\"@type\":\"WebPage\",\"@id\":\"https:\\\/\\\/buletin.de\\\/bucuresti\\\/planseul-unirii-se-scumpeste-cu-aproape-40-de-milioane-de-euro-recent-20-din-cheltuieli-au-fost-trecute-in-sarcina-cetatenilor-din-sectorul-4\\\/\",\"url\":\"https:\\\/\\\/buletin.de\\\/bucuresti\\\/planseul-unirii-se-scumpeste-cu-aproape-40-de-milioane-de-euro-recent-20-din-cheltuieli-au-fost-trecute-in-sarcina-cetatenilor-din-sectorul-4\\\/\",\"name\":\"Plan\u0219eul Unirii se scumpe\u0219te cu aproape 40 de milioane de euro. Recent, 20% din cheltuieli au fost trecute \u00een sarcina cet\u0103\u021benilor din Sectorul 4 - Buletin de Bucure\u0219ti\",\"isPartOf\":{\"@id\":\"https:\\\/\\\/buletin.de\\\/bucuresti\\\/#website\"},\"primaryImageOfPage\":{\"@id\":\"https:\\\/\\\/buletin.de\\\/bucuresti\\\/planseul-unirii-se-scumpeste-cu-aproape-40-de-milioane-de-euro-recent-20-din-cheltuieli-au-fost-trecute-in-sarcina-cetatenilor-din-sectorul-4\\\/#primaryimage\"},\"image\":{\"@id\":\"https:\\\/\\\/buletin.de\\\/bucuresti\\\/planseul-unirii-se-scumpeste-cu-aproape-40-de-milioane-de-euro-recent-20-din-cheltuieli-au-fost-trecute-in-sarcina-cetatenilor-din-sectorul-4\\\/#primaryimage\"},\"thumbnailUrl\":\"https:\\\/\\\/buletin.de\\\/bucuresti\\\/wp-content\\\/uploads\\\/2026\\\/04\\\/Lucrari-planseul-Unirii.jpg\",\"datePublished\":\"2026-04-06T15:36:11+00:00\",\"dateModified\":\"2026-04-06T16:28:48+00:00\",\"description\":\"Lucr\u0103rile ce sunt efectuate \u00een centrul Capitalei, la plan\u0219eul Unirii, e scumpesc, conform unui proiect de hot\u0103r\u00e2re.\",\"breadcrumb\":{\"@id\":\"https:\\\/\\\/buletin.de\\\/bucuresti\\\/planseul-unirii-se-scumpeste-cu-aproape-40-de-milioane-de-euro-recent-20-din-cheltuieli-au-fost-trecute-in-sarcina-cetatenilor-din-sectorul-4\\\/#breadcrumb\"},\"inLanguage\":\"en-GB\",\"potentialAction\":[{\"@type\":\"ReadAction\",\"target\":[\"https:\\\/\\\/buletin.de\\\/bucuresti\\\/planseul-unirii-se-scumpeste-cu-aproape-40-de-milioane-de-euro-recent-20-din-cheltuieli-au-fost-trecute-in-sarcina-cetatenilor-din-sectorul-4\\\/\"]}]},{\"@type\":\"ImageObject\",\"inLanguage\":\"en-GB\",\"@id\":\"https:\\\/\\\/buletin.de\\\/bucuresti\\\/planseul-unirii-se-scumpeste-cu-aproape-40-de-milioane-de-euro-recent-20-din-cheltuieli-au-fost-trecute-in-sarcina-cetatenilor-din-sectorul-4\\\/#primaryimage\",\"url\":\"https:\\\/\\\/buletin.de\\\/bucuresti\\\/wp-content\\\/uploads\\\/2026\\\/04\\\/Lucrari-planseul-Unirii.jpg\",\"contentUrl\":\"https:\\\/\\\/buletin.de\\\/bucuresti\\\/wp-content\\\/uploads\\\/2026\\\/04\\\/Lucrari-planseul-Unirii.jpg\",\"width\":1600,\"height\":900,\"caption\":\"Plan\u0219eul Unirii se scumpe\u0219te cu aproape 40 de milioane de euro. Recent, 20% din cheltuieli au fost trecute \u00een sarcina cet\u0103\u021benilor din Sectorul 4. FOTO: Daniel B\u0103lu\u021b\u0103\\\/FB\"},{\"@type\":\"BreadcrumbList\",\"@id\":\"https:\\\/\\\/buletin.de\\\/bucuresti\\\/planseul-unirii-se-scumpeste-cu-aproape-40-de-milioane-de-euro-recent-20-din-cheltuieli-au-fost-trecute-in-sarcina-cetatenilor-din-sectorul-4\\\/#breadcrumb\",\"itemListElement\":[{\"@type\":\"ListItem\",\"position\":1,\"name\":\"Acas\u0103\",\"item\":\"https:\\\/\\\/buletin.de\\\/bucuresti\\\/\"},{\"@type\":\"ListItem\",\"position\":2,\"name\":\"Plan\u0219eul Unirii se scumpe\u0219te cu aproape 40 de milioane de euro. Recent, 20% din cheltuieli au fost trecute \u00een sarcina cet\u0103\u021benilor din Sectorul 4\"}]},{\"@type\":\"WebSite\",\"@id\":\"https:\\\/\\\/buletin.de\\\/bucuresti\\\/#website\",\"url\":\"https:\\\/\\\/buletin.de\\\/bucuresti\\\/\",\"name\":\"Buletin de Bucure\u0219ti\",\"description\":\"\u0218tiri \u0219i investiga\u021bii esen\u021biale din capital\u0103\",\"publisher\":{\"@id\":\"https:\\\/\\\/buletin.de\\\/bucuresti\\\/#organization\"},\"potentialAction\":[{\"@type\":\"SearchAction\",\"target\":{\"@type\":\"EntryPoint\",\"urlTemplate\":\"https:\\\/\\\/buletin.de\\\/bucuresti\\\/?s={search_term_string}\"},\"query-input\":{\"@type\":\"PropertyValueSpecification\",\"valueRequired\":true,\"valueName\":\"search_term_string\"}}],\"inLanguage\":\"en-GB\"},{\"@type\":\"Organization\",\"@id\":\"https:\\\/\\\/buletin.de\\\/bucuresti\\\/#organization\",\"name\":\"Buletin de Bucure\u0219ti\",\"url\":\"https:\\\/\\\/buletin.de\\\/bucuresti\\\/\",\"logo\":{\"@type\":\"ImageObject\",\"inLanguage\":\"en-GB\",\"@id\":\"https:\\\/\\\/buletin.de\\\/bucuresti\\\/#\\\/schema\\\/logo\\\/image\\\/\",\"url\":\"https:\\\/\\\/buletin.de\\\/bucuresti\\\/wp-content\\\/uploads\\\/logo-bdb-full-wide-vernil-transparent.png\",\"contentUrl\":\"https:\\\/\\\/buletin.de\\\/bucuresti\\\/wp-content\\\/uploads\\\/logo-bdb-full-wide-vernil-transparent.png\",\"width\":1782,\"height\":626,\"caption\":\"Buletin de Bucure\u0219ti\"},\"image\":{\"@id\":\"https:\\\/\\\/buletin.de\\\/bucuresti\\\/#\\\/schema\\\/logo\\\/image\\\/\"},\"sameAs\":[\"https:\\\/\\\/www.facebook.com\\\/buletin.de.buc\",\"https:\\\/\\\/www.instagram.com\\\/buletinde.bucuresti\\\/\"]},{\"@type\":\"Person\",\"@id\":\"https:\\\/\\\/buletin.de\\\/bucuresti\\\/#\\\/schema\\\/person\\\/8badd0805392c02e16b744e0d5cd3625\",\"name\":\"Deniz Garguli\",\"image\":{\"@type\":\"ImageObject\",\"inLanguage\":\"en-GB\",\"@id\":\"https:\\\/\\\/buletin.de\\\/bucuresti\\\/wp-content\\\/uploads\\\/2026\\\/01\\\/79b44b20-a270-4ee6-afb3-fdf3c7ef7782-96x96.jpege2491ce6d396dbf7c1362e9ef046c803\",\"url\":\"https:\\\/\\\/buletin.de\\\/bucuresti\\\/wp-content\\\/uploads\\\/2026\\\/01\\\/79b44b20-a270-4ee6-afb3-fdf3c7ef7782-96x96.jpeg\",\"contentUrl\":\"https:\\\/\\\/buletin.de\\\/bucuresti\\\/wp-content\\\/uploads\\\/2026\\\/01\\\/79b44b20-a270-4ee6-afb3-fdf3c7ef7782-96x96.jpeg\",\"caption\":\"Deniz Garguli\"},\"description\":\"N\u0103scut\u0103 \u0219i crescut\u0103 \u00een Capital\u0103, dorin\u021ba de a fi la curent cu tot ce se \u00eent\u00e2mpl\u0103 \u00een Bucure\u0219ti a \u00eempins-o c\u0103tre pres\u0103, mai cu seam\u0103 c\u0103tre cea local\u0103. A lucrat vreme de patru ani la B365, unde s-a ocupat de \u0219tiri despre ora\u0219 \u0219i oamenii care locuiesc \u00een el. Din 2026 s-a al\u0103turat echipei Buletin de Bucure\u0219ti.\",\"url\":\"https:\\\/\\\/buletin.de\\\/bucuresti\\\/author\\\/deniz-garguli\\\/\"}]}<\/script>\n<!-- \/ Yoast SEO Premium plugin. -->","yoast_head_json":{"title":"Plan\u0219eul Unirii se scumpe\u0219te cu aproape 40 de milioane de euro. Recent, 20% din cheltuieli au fost trecute \u00een sarcina cet\u0103\u021benilor din Sectorul 4 - Buletin de Bucure\u0219ti","description":"Lucr\u0103rile ce sunt efectuate \u00een centrul Capitalei, la plan\u0219eul Unirii, e scumpesc, conform unui proiect de hot\u0103r\u00e2re.","robots":{"index":"index","follow":"follow","max-snippet":"max-snippet:-1","max-image-preview":"max-image-preview:large","max-video-preview":"max-video-preview:-1"},"canonical":"https:\/\/buletin.de\/bucuresti\/planseul-unirii-se-scumpeste-cu-aproape-40-de-milioane-de-euro-recent-20-din-cheltuieli-au-fost-trecute-in-sarcina-cetatenilor-din-sectorul-4\/","og_locale":"en_GB","og_type":"article","og_title":"Plan\u0219eul Unirii se scumpe\u0219te cu aproape 40 de milioane de euro. Recent, 20% din cheltuieli au fost trecute \u00een sarcina cet\u0103\u021benilor din Sectorul 4","og_description":"Lucr\u0103rile ce sunt efectuate \u00een centrul Capitalei, la plan\u0219eul Unirii, e scumpesc, conform unui proiect de hot\u0103r\u00e2re.","og_url":"https:\/\/buletin.de\/bucuresti\/planseul-unirii-se-scumpeste-cu-aproape-40-de-milioane-de-euro-recent-20-din-cheltuieli-au-fost-trecute-in-sarcina-cetatenilor-din-sectorul-4\/","og_site_name":"Buletin de Bucure\u0219ti","article_publisher":"https:\/\/www.facebook.com\/buletin.de.buc","article_published_time":"2026-04-06T15:36:11+00:00","article_modified_time":"2026-04-06T16:28:48+00:00","og_image":[{"width":1600,"height":900,"url":"https:\/\/buletin.de\/bucuresti\/wp-content\/uploads\/2026\/04\/Lucrari-planseul-Unirii.jpg","type":"image\/jpeg"}],"author":"Deniz Garguli","twitter_card":"summary_large_image","twitter_misc":{"Written by":"Deniz Garguli","Estimated reading time":"4 minutes"},"schema":{"@context":"https:\/\/schema.org","@graph":[{"@type":"Article","@id":"https:\/\/buletin.de\/bucuresti\/planseul-unirii-se-scumpeste-cu-aproape-40-de-milioane-de-euro-recent-20-din-cheltuieli-au-fost-trecute-in-sarcina-cetatenilor-din-sectorul-4\/#article","isPartOf":{"@id":"https:\/\/buletin.de\/bucuresti\/planseul-unirii-se-scumpeste-cu-aproape-40-de-milioane-de-euro-recent-20-din-cheltuieli-au-fost-trecute-in-sarcina-cetatenilor-din-sectorul-4\/"},"author":{"name":"Deniz Garguli","@id":"https:\/\/buletin.de\/bucuresti\/#\/schema\/person\/8badd0805392c02e16b744e0d5cd3625"},"headline":"Plan\u0219eul Unirii se scumpe\u0219te cu aproape 40 de milioane de euro. Recent, 20% din cheltuieli au fost trecute \u00een sarcina cet\u0103\u021benilor din Sectorul 4","datePublished":"2026-04-06T15:36:11+00:00","dateModified":"2026-04-06T16:28:48+00:00","mainEntityOfPage":{"@id":"https:\/\/buletin.de\/bucuresti\/planseul-unirii-se-scumpeste-cu-aproape-40-de-milioane-de-euro-recent-20-din-cheltuieli-au-fost-trecute-in-sarcina-cetatenilor-din-sectorul-4\/"},"wordCount":644,"publisher":{"@id":"https:\/\/buletin.de\/bucuresti\/#organization"},"image":{"@id":"https:\/\/buletin.de\/bucuresti\/planseul-unirii-se-scumpeste-cu-aproape-40-de-milioane-de-euro-recent-20-din-cheltuieli-au-fost-trecute-in-sarcina-cetatenilor-din-sectorul-4\/#primaryimage"},"thumbnailUrl":"https:\/\/buletin.de\/bucuresti\/wp-content\/uploads\/2026\/04\/Lucrari-planseul-Unirii.jpg","keywords":["consiliul local sector 4","plan\u0219eul unirii","proiect de hot\u0103r\u00e2re","scumpiri","Sector 4"],"articleSection":["Articole","Main","Prim\u0103rie"],"inLanguage":"en-GB","copyrightYear":"2026","copyrightHolder":{"@id":"https:\/\/buletin.de\/bucuresti\/#organization"}},{"@type":"WebPage","@id":"https:\/\/buletin.de\/bucuresti\/planseul-unirii-se-scumpeste-cu-aproape-40-de-milioane-de-euro-recent-20-din-cheltuieli-au-fost-trecute-in-sarcina-cetatenilor-din-sectorul-4\/","url":"https:\/\/buletin.de\/bucuresti\/planseul-unirii-se-scumpeste-cu-aproape-40-de-milioane-de-euro-recent-20-din-cheltuieli-au-fost-trecute-in-sarcina-cetatenilor-din-sectorul-4\/","name":"Plan\u0219eul Unirii se scumpe\u0219te cu aproape 40 de milioane de euro. Recent, 20% din cheltuieli au fost trecute \u00een sarcina cet\u0103\u021benilor din Sectorul 4 - Buletin de Bucure\u0219ti","isPartOf":{"@id":"https:\/\/buletin.de\/bucuresti\/#website"},"primaryImageOfPage":{"@id":"https:\/\/buletin.de\/bucuresti\/planseul-unirii-se-scumpeste-cu-aproape-40-de-milioane-de-euro-recent-20-din-cheltuieli-au-fost-trecute-in-sarcina-cetatenilor-din-sectorul-4\/#primaryimage"},"image":{"@id":"https:\/\/buletin.de\/bucuresti\/planseul-unirii-se-scumpeste-cu-aproape-40-de-milioane-de-euro-recent-20-din-cheltuieli-au-fost-trecute-in-sarcina-cetatenilor-din-sectorul-4\/#primaryimage"},"thumbnailUrl":"https:\/\/buletin.de\/bucuresti\/wp-content\/uploads\/2026\/04\/Lucrari-planseul-Unirii.jpg","datePublished":"2026-04-06T15:36:11+00:00","dateModified":"2026-04-06T16:28:48+00:00","description":"Lucr\u0103rile ce sunt efectuate \u00een centrul Capitalei, la plan\u0219eul Unirii, e scumpesc, conform unui proiect de hot\u0103r\u00e2re.","breadcrumb":{"@id":"https:\/\/buletin.de\/bucuresti\/planseul-unirii-se-scumpeste-cu-aproape-40-de-milioane-de-euro-recent-20-din-cheltuieli-au-fost-trecute-in-sarcina-cetatenilor-din-sectorul-4\/#breadcrumb"},"inLanguage":"en-GB","potentialAction":[{"@type":"ReadAction","target":["https:\/\/buletin.de\/bucuresti\/planseul-unirii-se-scumpeste-cu-aproape-40-de-milioane-de-euro-recent-20-din-cheltuieli-au-fost-trecute-in-sarcina-cetatenilor-din-sectorul-4\/"]}]},{"@type":"ImageObject","inLanguage":"en-GB","@id":"https:\/\/buletin.de\/bucuresti\/planseul-unirii-se-scumpeste-cu-aproape-40-de-milioane-de-euro-recent-20-din-cheltuieli-au-fost-trecute-in-sarcina-cetatenilor-din-sectorul-4\/#primaryimage","url":"https:\/\/buletin.de\/bucuresti\/wp-content\/uploads\/2026\/04\/Lucrari-planseul-Unirii.jpg","contentUrl":"https:\/\/buletin.de\/bucuresti\/wp-content\/uploads\/2026\/04\/Lucrari-planseul-Unirii.jpg","width":1600,"height":900,"caption":"Plan\u0219eul Unirii se scumpe\u0219te cu aproape 40 de milioane de euro. Recent, 20% din cheltuieli au fost trecute \u00een sarcina cet\u0103\u021benilor din Sectorul 4. FOTO: Daniel B\u0103lu\u021b\u0103\/FB"},{"@type":"BreadcrumbList","@id":"https:\/\/buletin.de\/bucuresti\/planseul-unirii-se-scumpeste-cu-aproape-40-de-milioane-de-euro-recent-20-din-cheltuieli-au-fost-trecute-in-sarcina-cetatenilor-din-sectorul-4\/#breadcrumb","itemListElement":[{"@type":"ListItem","position":1,"name":"Acas\u0103","item":"https:\/\/buletin.de\/bucuresti\/"},{"@type":"ListItem","position":2,"name":"Plan\u0219eul Unirii se scumpe\u0219te cu aproape 40 de milioane de euro. Recent, 20% din cheltuieli au fost trecute \u00een sarcina cet\u0103\u021benilor din Sectorul 4"}]},{"@type":"WebSite","@id":"https:\/\/buletin.de\/bucuresti\/#website","url":"https:\/\/buletin.de\/bucuresti\/","name":"Buletin de Bucure\u0219ti","description":"\u0218tiri \u0219i investiga\u021bii esen\u021biale din capital\u0103","publisher":{"@id":"https:\/\/buletin.de\/bucuresti\/#organization"},"potentialAction":[{"@type":"SearchAction","target":{"@type":"EntryPoint","urlTemplate":"https:\/\/buletin.de\/bucuresti\/?s={search_term_string}"},"query-input":{"@type":"PropertyValueSpecification","valueRequired":true,"valueName":"search_term_string"}}],"inLanguage":"en-GB"},{"@type":"Organization","@id":"https:\/\/buletin.de\/bucuresti\/#organization","name":"Buletin de Bucure\u0219ti","url":"https:\/\/buletin.de\/bucuresti\/","logo":{"@type":"ImageObject","inLanguage":"en-GB","@id":"https:\/\/buletin.de\/bucuresti\/#\/schema\/logo\/image\/","url":"https:\/\/buletin.de\/bucuresti\/wp-content\/uploads\/logo-bdb-full-wide-vernil-transparent.png","contentUrl":"https:\/\/buletin.de\/bucuresti\/wp-content\/uploads\/logo-bdb-full-wide-vernil-transparent.png","width":1782,"height":626,"caption":"Buletin de Bucure\u0219ti"},"image":{"@id":"https:\/\/buletin.de\/bucuresti\/#\/schema\/logo\/image\/"},"sameAs":["https:\/\/www.facebook.com\/buletin.de.buc","https:\/\/www.instagram.com\/buletinde.bucuresti\/"]},{"@type":"Person","@id":"https:\/\/buletin.de\/bucuresti\/#\/schema\/person\/8badd0805392c02e16b744e0d5cd3625","name":"Deniz Garguli","image":{"@type":"ImageObject","inLanguage":"en-GB","@id":"https:\/\/buletin.de\/bucuresti\/wp-content\/uploads\/2026\/01\/79b44b20-a270-4ee6-afb3-fdf3c7ef7782-96x96.jpege2491ce6d396dbf7c1362e9ef046c803","url":"https:\/\/buletin.de\/bucuresti\/wp-content\/uploads\/2026\/01\/79b44b20-a270-4ee6-afb3-fdf3c7ef7782-96x96.jpeg","contentUrl":"https:\/\/buletin.de\/bucuresti\/wp-content\/uploads\/2026\/01\/79b44b20-a270-4ee6-afb3-fdf3c7ef7782-96x96.jpeg","caption":"Deniz Garguli"},"description":"N\u0103scut\u0103 \u0219i crescut\u0103 \u00een Capital\u0103, dorin\u021ba de a fi la curent cu tot ce se \u00eent\u00e2mpl\u0103 \u00een Bucure\u0219ti a \u00eempins-o c\u0103tre pres\u0103, mai cu seam\u0103 c\u0103tre cea local\u0103. A lucrat vreme de patru ani la B365, unde s-a ocupat de \u0219tiri despre ora\u0219 \u0219i oamenii care locuiesc \u00een el. Din 2026 s-a al\u0103turat echipei Buletin de Bucure\u0219ti.","url":"https:\/\/buletin.de\/bucuresti\/author\/deniz-garguli\/"}]}},"authors":[{"term_id":26103,"user_id":66,"is_guest":0,"slug":"deniz-garguli","display_name":"Deniz Garguli","avatar_url":"https:\/\/buletin.de\/bucuresti\/wp-content\/uploads\/2026\/01\/79b44b20-a270-4ee6-afb3-fdf3c7ef7782-96x96.jpeg","0":null,"1":"","2":"","3":"","4":"","5":"","6":"","7":"","8":""}],"_links":{"self":[{"href":"https:\/\/buletin.de\/bucuresti\/wp-json\/wp\/v2\/posts\/185288","targetHints":{"allow":["GET"]}}],"collection":[{"href":"https:\/\/buletin.de\/bucuresti\/wp-json\/wp\/v2\/posts"}],"about":[{"href":"https:\/\/buletin.de\/bucuresti\/wp-json\/wp\/v2\/types\/post"}],"author":[{"embeddable":true,"href":"https:\/\/buletin.de\/bucuresti\/wp-json\/wp\/v2\/users\/66"}],"replies":[{"embeddable":true,"href":"https:\/\/buletin.de\/bucuresti\/wp-json\/wp\/v2\/comments?post=185288"}],"version-history":[{"count":9,"href":"https:\/\/buletin.de\/bucuresti\/wp-json\/wp\/v2\/posts\/185288\/revisions"}],"predecessor-version":[{"id":185465,"href":"https:\/\/buletin.de\/bucuresti\/wp-json\/wp\/v2\/posts\/185288\/revisions\/185465"}],"wp:featuredmedia":[{"embeddable":true,"href":"https:\/\/buletin.de\/bucuresti\/wp-json\/wp\/v2\/media\/185342"}],"wp:attachment":[{"href":"https:\/\/buletin.de\/bucuresti\/wp-json\/wp\/v2\/media?parent=185288"}],"wp:term":[{"taxonomy":"category","embeddable":true,"href":"https:\/\/buletin.de\/bucuresti\/wp-json\/wp\/v2\/categories?post=185288"},{"taxonomy":"post_tag","embeddable":true,"href":"https:\/\/buletin.de\/bucuresti\/wp-json\/wp\/v2\/tags?post=185288"},{"taxonomy":"author","embeddable":true,"href":"https:\/\/buletin.de\/bucuresti\/wp-json\/wp\/v2\/ppma_author?post=185288"}],"curies":[{"name":"wp","href":"https:\/\/api.w.org\/{rel}","templated":true}]}}