{"id":185212,"date":"2026-04-07T19:56:29","date_gmt":"2026-04-07T17:56:29","guid":{"rendered":"https:\/\/buletin.de\/bucuresti\/?p=185212"},"modified":"2026-04-08T05:21:23","modified_gmt":"2026-04-08T03:21:23","slug":"a-murit-marele-antrenor-si-jucator-de-fotbal-mircea-lucescu","status":"publish","type":"post","link":"https:\/\/buletin.de\/bucuresti\/a-murit-marele-antrenor-si-jucator-de-fotbal-mircea-lucescu\/","title":{"rendered":"A murit Mircea Lucescu. Marele antrenor \u0219i-a \u00eenceput cariera de juc\u0103tor de fotbal la Dinamo Bucure\u0219ti"},"content":{"rendered":"\n<p><strong>Lumea sportiv\u0103 este \u00een doliu. A murit Mircea Lucescu, cel mai mare antrenor rom\u00e2n al tuturor timpurilor. Avea 80 de ani.<\/strong><\/p>\n\n\n\n<p>MIrcea Lucescu era internat la Spitalul Universitar dup\u0103 ce starea s\u0103 de s\u0103n\u0103tate s-a \u00eenr\u0103ut\u0103\u021bit. Problemele de s\u0103n\u0103tate dateaz\u0103 de ceva timp.&nbsp;Pe 15 iulie 2009, Lucescu a suferit un pre-infarct, fiind operat de urgen\u021b\u0103 pe inim\u0103, la un spital din Done\u021bk.<\/p>\n\n\n\n<p>\u00cenaintea partidei dintre Rom\u00e2nia \u0219i Slovacia, Mircea Lucescu s-a sim\u021bit r\u0103u \u0219i a le\u0219inat \u00een timpul unei \u0219edinte cu na\u021bionala, \u00een cantonament.<\/p>\n\n\n\n<p><strong>CITE\u0218TE \u0218I:<\/strong> <a href=\"https:\/\/buletin.de\/bucuresti\/liniile-86-si-n117-vor-avea-trasee-modificate-incepand-de-luni\/\"><strong>Liniile 86 \u0219i N117 vor avea trasee modificate \u00eencep\u00e2nd de luni<\/strong><\/a><\/p>\n\n\n\n<h2 class=\"wp-block-heading\" id=\"h-cine-este-mircea-lucescu\">Cine este Mircea Lucescu<\/h2>\n\n\n\n<p>Este unul dintre cei mai titra\u021bi antrenori din istoria fotbalului.\u00a0Ca juc\u0103tor, a activat \u00een principal la Dinamo\u00a0\u00eentre 1964 \u0219i 1977, iar ca antrenor a condus printre altele echipa na\u021bional\u0103 a Rom\u00e2niei, precum \u0219i echipele Corvinul Hunedoara, Dinamo Bucure\u0219ti, Brescia, Reggiana, Rapid, Internazionale Milano, Galatasaray, Be\u0219ikta\u0219, \u0218ahtior, Zenit Sank Petersbur \u0219i Dinamo Kiev.<\/p>\n\n\n\n<p>\u00centre anii 2017 \u0219i 2019 a fost selec\u021bioner al reprezentativei Turciei.<\/p>\n\n\n\n<p>\u00cen anul 2015, Lucescu a devenit al cincilea om care a antrenat 100 de meciuri \u00een Liga Campionilor, dup\u0103 Alex Ferguson, Carlo Ancelotti, Arsene Wenger \u0219i Jose Murinho.<\/p>\n\n\n\n<p id=\"mwvw\">\u00cen august 2024, Mircea Lucescu a acceptat oferta de a reveni la conducerea primei reprezentative a Rom\u00e2niei, cu obiectivul de calificare la&nbsp; Campionatul Mondial.&nbsp;Pe 2 aprilie 2026 a fost anun\u021bat\u0103 plecarea acestuia de pe banca echipei na\u021bionale, dup\u0103 campania de calificare ratat\u0103.<\/p>\n\n\n\n<p>Pe plan interna\u021bional, are 65 de prezen\u021be la na\u021bional\u0103.<\/p>\n\n\n\n<p>Este unul dintre cei mai titra\u021bi antrenori din istoria fotbalului.<\/p>\n\n\n\n<p><strong>CITE\u0218TE \u0218I:<\/strong> <a href=\"https:\/\/buletin.de\/bucuresti\/calatoria-de-metrou-din-bucuresti-mai-scumpa-ca-in-sofia-budapesta-sau-praga-club-feroviar\/\"><strong>C\u0103l\u0103toria de metrou din Bucure\u0219ti, mai scump\u0103 ca \u00een Sofia, Budapesta sau Praga | Club Feroviar<\/strong><\/a><\/p>\n\n\n\n<p><\/p>\n","protected":false},"excerpt":{"rendered":"<p>Lumea sportiv\u0103 este \u00een doliu. A murit Mircea Lucescu, cel mai mare antrenor rom\u00e2n al tuturor timpurilor. Avea 80 de ani. MIrcea Lucescu era internat la Spitalul Universitar dup\u0103 ce starea s\u0103 de s\u0103n\u0103tate s-a \u00eenr\u0103ut\u0103\u021bit. Problemele de s\u0103n\u0103tate dateaz\u0103 de ceva timp.&nbsp;Pe 15 iulie 2009, Lucescu a suferit un pre-infarct, fiind operat de urgen\u021b\u0103 [&hellip;]<\/p>\n","protected":false},"author":49,"featured_media":185231,"comment_status":"closed","ping_status":"open","sticky":false,"template":"","format":"standard","meta":{"_acf_changed":false,"inline_featured_image":false,"ngg_post_thumbnail":0,"footnotes":""},"categories":[6994,5762],"tags":[27522,27524,27523,27521],"ppma_author":[22574],"class_list":["post-185212","post","type-post","status-publish","format-standard","has-post-thumbnail","hentry","category-stiri-2","category-main","tag-a-murit-mircea-lucescu","tag-besiktas","tag-galatasaray","tag-mircea-lucescu"],"acf":[],"yoast_head":"<!-- This site is optimized with the Yoast SEO Premium plugin v25.3 (Yoast SEO v27.5) - https:\/\/yoast.com\/product\/yoast-seo-premium-wordpress\/ -->\n<title>A murit Mircea Lucescu. Marele antrenor \u0219i-a \u00eenceput cariera de juc\u0103tor de fotbal la Dinamo Bucure\u0219ti - Buletin de Bucure\u0219ti<\/title>\n<meta name=\"description\" content=\"Lumea sportiv\u0103 este \u00een doliu. A murit Mircea Lucescu, cel mai mare antrenor rom\u00e2n al tuturor timpurilor. Avea 80 de ani.\" \/>\n<meta name=\"robots\" content=\"index, follow, max-snippet:-1, max-image-preview:large, max-video-preview:-1\" \/>\n<link rel=\"canonical\" href=\"https:\/\/buletin.de\/bucuresti\/a-murit-marele-antrenor-si-jucator-de-fotbal-mircea-lucescu\/\" \/>\n<meta property=\"og:locale\" content=\"en_GB\" \/>\n<meta property=\"og:type\" content=\"article\" \/>\n<meta property=\"og:title\" content=\"A murit Mircea Lucescu. Marele antrenor \u0219i-a \u00eenceput cariera de juc\u0103tor de fotbal la Dinamo Bucure\u0219ti\" \/>\n<meta property=\"og:description\" content=\"Lumea sportiv\u0103 este \u00een doliu. A murit Mircea Lucescu, cel mai mare antrenor rom\u00e2n al tuturor timpurilor. Avea 80 de ani.\" \/>\n<meta property=\"og:url\" content=\"https:\/\/buletin.de\/bucuresti\/a-murit-marele-antrenor-si-jucator-de-fotbal-mircea-lucescu\/\" \/>\n<meta property=\"og:site_name\" content=\"Buletin de Bucure\u0219ti\" \/>\n<meta property=\"article:publisher\" content=\"https:\/\/www.facebook.com\/buletin.de.buc\" \/>\n<meta property=\"article:published_time\" content=\"2026-04-07T17:56:29+00:00\" \/>\n<meta property=\"article:modified_time\" content=\"2026-04-08T03:21:23+00:00\" \/>\n<meta property=\"og:image\" content=\"https:\/\/buletin.de\/bucuresti\/wp-content\/uploads\/2026\/04\/Mircea-lucescu.jpg\" \/>\n\t<meta property=\"og:image:width\" content=\"1920\" \/>\n\t<meta property=\"og:image:height\" content=\"1080\" \/>\n\t<meta property=\"og:image:type\" content=\"image\/jpeg\" \/>\n<meta name=\"author\" content=\"Diana Matei\" \/>\n<meta name=\"twitter:card\" content=\"summary_large_image\" \/>\n<meta name=\"twitter:label1\" content=\"Written by\" \/>\n\t<meta name=\"twitter:data1\" content=\"Diana Matei\" \/>\n\t<meta name=\"twitter:label2\" content=\"Estimated reading time\" \/>\n\t<meta name=\"twitter:data2\" content=\"2 minutes\" \/>\n<script type=\"application\/ld+json\" class=\"yoast-schema-graph\">{\"@context\":\"https:\\\/\\\/schema.org\",\"@graph\":[{\"@type\":\"Article\",\"@id\":\"https:\\\/\\\/buletin.de\\\/bucuresti\\\/a-murit-marele-antrenor-si-jucator-de-fotbal-mircea-lucescu\\\/#article\",\"isPartOf\":{\"@id\":\"https:\\\/\\\/buletin.de\\\/bucuresti\\\/a-murit-marele-antrenor-si-jucator-de-fotbal-mircea-lucescu\\\/\"},\"author\":{\"name\":\"Diana Matei\",\"@id\":\"https:\\\/\\\/buletin.de\\\/bucuresti\\\/#\\\/schema\\\/person\\\/7e46040573290777280a0835d81ea4ea\"},\"headline\":\"A murit Mircea Lucescu. Marele antrenor \u0219i-a \u00eenceput cariera de juc\u0103tor de fotbal la Dinamo Bucure\u0219ti\",\"datePublished\":\"2026-04-07T17:56:29+00:00\",\"dateModified\":\"2026-04-08T03:21:23+00:00\",\"mainEntityOfPage\":{\"@id\":\"https:\\\/\\\/buletin.de\\\/bucuresti\\\/a-murit-marele-antrenor-si-jucator-de-fotbal-mircea-lucescu\\\/\"},\"wordCount\":314,\"publisher\":{\"@id\":\"https:\\\/\\\/buletin.de\\\/bucuresti\\\/#organization\"},\"image\":{\"@id\":\"https:\\\/\\\/buletin.de\\\/bucuresti\\\/a-murit-marele-antrenor-si-jucator-de-fotbal-mircea-lucescu\\\/#primaryimage\"},\"thumbnailUrl\":\"https:\\\/\\\/buletin.de\\\/bucuresti\\\/wp-content\\\/uploads\\\/2026\\\/04\\\/Mircea-lucescu.jpg\",\"keywords\":[\"a murit Mircea Lucescu\",\"Be\u0219ikta\u0219\",\"Galatasaray\",\"Mircea Lucescu\"],\"articleSection\":[\"Articole\",\"Main\"],\"inLanguage\":\"en-GB\",\"copyrightYear\":\"2026\",\"copyrightHolder\":{\"@id\":\"https:\\\/\\\/buletin.de\\\/bucuresti\\\/#organization\"}},{\"@type\":\"WebPage\",\"@id\":\"https:\\\/\\\/buletin.de\\\/bucuresti\\\/a-murit-marele-antrenor-si-jucator-de-fotbal-mircea-lucescu\\\/\",\"url\":\"https:\\\/\\\/buletin.de\\\/bucuresti\\\/a-murit-marele-antrenor-si-jucator-de-fotbal-mircea-lucescu\\\/\",\"name\":\"A murit Mircea Lucescu. Marele antrenor \u0219i-a \u00eenceput cariera de juc\u0103tor de fotbal la Dinamo Bucure\u0219ti - Buletin de Bucure\u0219ti\",\"isPartOf\":{\"@id\":\"https:\\\/\\\/buletin.de\\\/bucuresti\\\/#website\"},\"primaryImageOfPage\":{\"@id\":\"https:\\\/\\\/buletin.de\\\/bucuresti\\\/a-murit-marele-antrenor-si-jucator-de-fotbal-mircea-lucescu\\\/#primaryimage\"},\"image\":{\"@id\":\"https:\\\/\\\/buletin.de\\\/bucuresti\\\/a-murit-marele-antrenor-si-jucator-de-fotbal-mircea-lucescu\\\/#primaryimage\"},\"thumbnailUrl\":\"https:\\\/\\\/buletin.de\\\/bucuresti\\\/wp-content\\\/uploads\\\/2026\\\/04\\\/Mircea-lucescu.jpg\",\"datePublished\":\"2026-04-07T17:56:29+00:00\",\"dateModified\":\"2026-04-08T03:21:23+00:00\",\"description\":\"Lumea sportiv\u0103 este \u00een doliu. A murit Mircea Lucescu, cel mai mare antrenor rom\u00e2n al tuturor timpurilor. Avea 80 de ani.\",\"breadcrumb\":{\"@id\":\"https:\\\/\\\/buletin.de\\\/bucuresti\\\/a-murit-marele-antrenor-si-jucator-de-fotbal-mircea-lucescu\\\/#breadcrumb\"},\"inLanguage\":\"en-GB\",\"potentialAction\":[{\"@type\":\"ReadAction\",\"target\":[\"https:\\\/\\\/buletin.de\\\/bucuresti\\\/a-murit-marele-antrenor-si-jucator-de-fotbal-mircea-lucescu\\\/\"]}]},{\"@type\":\"ImageObject\",\"inLanguage\":\"en-GB\",\"@id\":\"https:\\\/\\\/buletin.de\\\/bucuresti\\\/a-murit-marele-antrenor-si-jucator-de-fotbal-mircea-lucescu\\\/#primaryimage\",\"url\":\"https:\\\/\\\/buletin.de\\\/bucuresti\\\/wp-content\\\/uploads\\\/2026\\\/04\\\/Mircea-lucescu.jpg\",\"contentUrl\":\"https:\\\/\\\/buletin.de\\\/bucuresti\\\/wp-content\\\/uploads\\\/2026\\\/04\\\/Mircea-lucescu.jpg\",\"width\":1920,\"height\":1080,\"caption\":\"A murit marele antrenor \u0219i juc\u0103tor de fotbal, Mircea Lucescu. FOTO: Inquam Photos \\\/ George C\u0103lin\"},{\"@type\":\"BreadcrumbList\",\"@id\":\"https:\\\/\\\/buletin.de\\\/bucuresti\\\/a-murit-marele-antrenor-si-jucator-de-fotbal-mircea-lucescu\\\/#breadcrumb\",\"itemListElement\":[{\"@type\":\"ListItem\",\"position\":1,\"name\":\"Acas\u0103\",\"item\":\"https:\\\/\\\/buletin.de\\\/bucuresti\\\/\"},{\"@type\":\"ListItem\",\"position\":2,\"name\":\"A murit Mircea Lucescu. Marele antrenor \u0219i-a \u00eenceput cariera de juc\u0103tor de fotbal la Dinamo Bucure\u0219ti\"}]},{\"@type\":\"WebSite\",\"@id\":\"https:\\\/\\\/buletin.de\\\/bucuresti\\\/#website\",\"url\":\"https:\\\/\\\/buletin.de\\\/bucuresti\\\/\",\"name\":\"Buletin de Bucure\u0219ti\",\"description\":\"\u0218tiri \u0219i investiga\u021bii esen\u021biale din capital\u0103\",\"publisher\":{\"@id\":\"https:\\\/\\\/buletin.de\\\/bucuresti\\\/#organization\"},\"potentialAction\":[{\"@type\":\"SearchAction\",\"target\":{\"@type\":\"EntryPoint\",\"urlTemplate\":\"https:\\\/\\\/buletin.de\\\/bucuresti\\\/?s={search_term_string}\"},\"query-input\":{\"@type\":\"PropertyValueSpecification\",\"valueRequired\":true,\"valueName\":\"search_term_string\"}}],\"inLanguage\":\"en-GB\"},{\"@type\":\"Organization\",\"@id\":\"https:\\\/\\\/buletin.de\\\/bucuresti\\\/#organization\",\"name\":\"Buletin de Bucure\u0219ti\",\"url\":\"https:\\\/\\\/buletin.de\\\/bucuresti\\\/\",\"logo\":{\"@type\":\"ImageObject\",\"inLanguage\":\"en-GB\",\"@id\":\"https:\\\/\\\/buletin.de\\\/bucuresti\\\/#\\\/schema\\\/logo\\\/image\\\/\",\"url\":\"https:\\\/\\\/buletin.de\\\/bucuresti\\\/wp-content\\\/uploads\\\/logo-bdb-full-wide-vernil-transparent.png\",\"contentUrl\":\"https:\\\/\\\/buletin.de\\\/bucuresti\\\/wp-content\\\/uploads\\\/logo-bdb-full-wide-vernil-transparent.png\",\"width\":1782,\"height\":626,\"caption\":\"Buletin de Bucure\u0219ti\"},\"image\":{\"@id\":\"https:\\\/\\\/buletin.de\\\/bucuresti\\\/#\\\/schema\\\/logo\\\/image\\\/\"},\"sameAs\":[\"https:\\\/\\\/www.facebook.com\\\/buletin.de.buc\",\"https:\\\/\\\/www.instagram.com\\\/buletinde.bucuresti\\\/\"]},{\"@type\":\"Person\",\"@id\":\"https:\\\/\\\/buletin.de\\\/bucuresti\\\/#\\\/schema\\\/person\\\/7e46040573290777280a0835d81ea4ea\",\"name\":\"Diana Matei\",\"image\":{\"@type\":\"ImageObject\",\"inLanguage\":\"en-GB\",\"@id\":\"https:\\\/\\\/buletin.de\\\/bucuresti\\\/wp-content\\\/uploads\\\/9-2-96x96.jpg1e8590b30871d70e62ebcdaf2eff570c\",\"url\":\"https:\\\/\\\/buletin.de\\\/bucuresti\\\/wp-content\\\/uploads\\\/9-2-96x96.jpg\",\"contentUrl\":\"https:\\\/\\\/buletin.de\\\/bucuresti\\\/wp-content\\\/uploads\\\/9-2-96x96.jpg\",\"caption\":\"Diana Matei\"},\"url\":\"https:\\\/\\\/buletin.de\\\/bucuresti\\\/author\\\/dianamatei\\\/\"}]}<\/script>\n<!-- \/ Yoast SEO Premium plugin. -->","yoast_head_json":{"title":"A murit Mircea Lucescu. Marele antrenor \u0219i-a \u00eenceput cariera de juc\u0103tor de fotbal la Dinamo Bucure\u0219ti - Buletin de Bucure\u0219ti","description":"Lumea sportiv\u0103 este \u00een doliu. A murit Mircea Lucescu, cel mai mare antrenor rom\u00e2n al tuturor timpurilor. Avea 80 de ani.","robots":{"index":"index","follow":"follow","max-snippet":"max-snippet:-1","max-image-preview":"max-image-preview:large","max-video-preview":"max-video-preview:-1"},"canonical":"https:\/\/buletin.de\/bucuresti\/a-murit-marele-antrenor-si-jucator-de-fotbal-mircea-lucescu\/","og_locale":"en_GB","og_type":"article","og_title":"A murit Mircea Lucescu. Marele antrenor \u0219i-a \u00eenceput cariera de juc\u0103tor de fotbal la Dinamo Bucure\u0219ti","og_description":"Lumea sportiv\u0103 este \u00een doliu. A murit Mircea Lucescu, cel mai mare antrenor rom\u00e2n al tuturor timpurilor. Avea 80 de ani.","og_url":"https:\/\/buletin.de\/bucuresti\/a-murit-marele-antrenor-si-jucator-de-fotbal-mircea-lucescu\/","og_site_name":"Buletin de Bucure\u0219ti","article_publisher":"https:\/\/www.facebook.com\/buletin.de.buc","article_published_time":"2026-04-07T17:56:29+00:00","article_modified_time":"2026-04-08T03:21:23+00:00","og_image":[{"width":1920,"height":1080,"url":"https:\/\/buletin.de\/bucuresti\/wp-content\/uploads\/2026\/04\/Mircea-lucescu.jpg","type":"image\/jpeg"}],"author":"Diana Matei","twitter_card":"summary_large_image","twitter_misc":{"Written by":"Diana Matei","Estimated reading time":"2 minutes"},"schema":{"@context":"https:\/\/schema.org","@graph":[{"@type":"Article","@id":"https:\/\/buletin.de\/bucuresti\/a-murit-marele-antrenor-si-jucator-de-fotbal-mircea-lucescu\/#article","isPartOf":{"@id":"https:\/\/buletin.de\/bucuresti\/a-murit-marele-antrenor-si-jucator-de-fotbal-mircea-lucescu\/"},"author":{"name":"Diana Matei","@id":"https:\/\/buletin.de\/bucuresti\/#\/schema\/person\/7e46040573290777280a0835d81ea4ea"},"headline":"A murit Mircea Lucescu. Marele antrenor \u0219i-a \u00eenceput cariera de juc\u0103tor de fotbal la Dinamo Bucure\u0219ti","datePublished":"2026-04-07T17:56:29+00:00","dateModified":"2026-04-08T03:21:23+00:00","mainEntityOfPage":{"@id":"https:\/\/buletin.de\/bucuresti\/a-murit-marele-antrenor-si-jucator-de-fotbal-mircea-lucescu\/"},"wordCount":314,"publisher":{"@id":"https:\/\/buletin.de\/bucuresti\/#organization"},"image":{"@id":"https:\/\/buletin.de\/bucuresti\/a-murit-marele-antrenor-si-jucator-de-fotbal-mircea-lucescu\/#primaryimage"},"thumbnailUrl":"https:\/\/buletin.de\/bucuresti\/wp-content\/uploads\/2026\/04\/Mircea-lucescu.jpg","keywords":["a murit Mircea Lucescu","Be\u0219ikta\u0219","Galatasaray","Mircea Lucescu"],"articleSection":["Articole","Main"],"inLanguage":"en-GB","copyrightYear":"2026","copyrightHolder":{"@id":"https:\/\/buletin.de\/bucuresti\/#organization"}},{"@type":"WebPage","@id":"https:\/\/buletin.de\/bucuresti\/a-murit-marele-antrenor-si-jucator-de-fotbal-mircea-lucescu\/","url":"https:\/\/buletin.de\/bucuresti\/a-murit-marele-antrenor-si-jucator-de-fotbal-mircea-lucescu\/","name":"A murit Mircea Lucescu. Marele antrenor \u0219i-a \u00eenceput cariera de juc\u0103tor de fotbal la Dinamo Bucure\u0219ti - Buletin de Bucure\u0219ti","isPartOf":{"@id":"https:\/\/buletin.de\/bucuresti\/#website"},"primaryImageOfPage":{"@id":"https:\/\/buletin.de\/bucuresti\/a-murit-marele-antrenor-si-jucator-de-fotbal-mircea-lucescu\/#primaryimage"},"image":{"@id":"https:\/\/buletin.de\/bucuresti\/a-murit-marele-antrenor-si-jucator-de-fotbal-mircea-lucescu\/#primaryimage"},"thumbnailUrl":"https:\/\/buletin.de\/bucuresti\/wp-content\/uploads\/2026\/04\/Mircea-lucescu.jpg","datePublished":"2026-04-07T17:56:29+00:00","dateModified":"2026-04-08T03:21:23+00:00","description":"Lumea sportiv\u0103 este \u00een doliu. A murit Mircea Lucescu, cel mai mare antrenor rom\u00e2n al tuturor timpurilor. Avea 80 de ani.","breadcrumb":{"@id":"https:\/\/buletin.de\/bucuresti\/a-murit-marele-antrenor-si-jucator-de-fotbal-mircea-lucescu\/#breadcrumb"},"inLanguage":"en-GB","potentialAction":[{"@type":"ReadAction","target":["https:\/\/buletin.de\/bucuresti\/a-murit-marele-antrenor-si-jucator-de-fotbal-mircea-lucescu\/"]}]},{"@type":"ImageObject","inLanguage":"en-GB","@id":"https:\/\/buletin.de\/bucuresti\/a-murit-marele-antrenor-si-jucator-de-fotbal-mircea-lucescu\/#primaryimage","url":"https:\/\/buletin.de\/bucuresti\/wp-content\/uploads\/2026\/04\/Mircea-lucescu.jpg","contentUrl":"https:\/\/buletin.de\/bucuresti\/wp-content\/uploads\/2026\/04\/Mircea-lucescu.jpg","width":1920,"height":1080,"caption":"A murit marele antrenor \u0219i juc\u0103tor de fotbal, Mircea Lucescu. FOTO: Inquam Photos \/ George C\u0103lin"},{"@type":"BreadcrumbList","@id":"https:\/\/buletin.de\/bucuresti\/a-murit-marele-antrenor-si-jucator-de-fotbal-mircea-lucescu\/#breadcrumb","itemListElement":[{"@type":"ListItem","position":1,"name":"Acas\u0103","item":"https:\/\/buletin.de\/bucuresti\/"},{"@type":"ListItem","position":2,"name":"A murit Mircea Lucescu. Marele antrenor \u0219i-a \u00eenceput cariera de juc\u0103tor de fotbal la Dinamo Bucure\u0219ti"}]},{"@type":"WebSite","@id":"https:\/\/buletin.de\/bucuresti\/#website","url":"https:\/\/buletin.de\/bucuresti\/","name":"Buletin de Bucure\u0219ti","description":"\u0218tiri \u0219i investiga\u021bii esen\u021biale din capital\u0103","publisher":{"@id":"https:\/\/buletin.de\/bucuresti\/#organization"},"potentialAction":[{"@type":"SearchAction","target":{"@type":"EntryPoint","urlTemplate":"https:\/\/buletin.de\/bucuresti\/?s={search_term_string}"},"query-input":{"@type":"PropertyValueSpecification","valueRequired":true,"valueName":"search_term_string"}}],"inLanguage":"en-GB"},{"@type":"Organization","@id":"https:\/\/buletin.de\/bucuresti\/#organization","name":"Buletin de Bucure\u0219ti","url":"https:\/\/buletin.de\/bucuresti\/","logo":{"@type":"ImageObject","inLanguage":"en-GB","@id":"https:\/\/buletin.de\/bucuresti\/#\/schema\/logo\/image\/","url":"https:\/\/buletin.de\/bucuresti\/wp-content\/uploads\/logo-bdb-full-wide-vernil-transparent.png","contentUrl":"https:\/\/buletin.de\/bucuresti\/wp-content\/uploads\/logo-bdb-full-wide-vernil-transparent.png","width":1782,"height":626,"caption":"Buletin de Bucure\u0219ti"},"image":{"@id":"https:\/\/buletin.de\/bucuresti\/#\/schema\/logo\/image\/"},"sameAs":["https:\/\/www.facebook.com\/buletin.de.buc","https:\/\/www.instagram.com\/buletinde.bucuresti\/"]},{"@type":"Person","@id":"https:\/\/buletin.de\/bucuresti\/#\/schema\/person\/7e46040573290777280a0835d81ea4ea","name":"Diana Matei","image":{"@type":"ImageObject","inLanguage":"en-GB","@id":"https:\/\/buletin.de\/bucuresti\/wp-content\/uploads\/9-2-96x96.jpg1e8590b30871d70e62ebcdaf2eff570c","url":"https:\/\/buletin.de\/bucuresti\/wp-content\/uploads\/9-2-96x96.jpg","contentUrl":"https:\/\/buletin.de\/bucuresti\/wp-content\/uploads\/9-2-96x96.jpg","caption":"Diana Matei"},"url":"https:\/\/buletin.de\/bucuresti\/author\/dianamatei\/"}]}},"authors":[{"term_id":22574,"user_id":49,"is_guest":0,"slug":"dianamatei","display_name":"Diana Matei","avatar_url":"https:\/\/buletin.de\/bucuresti\/wp-content\/uploads\/9-2-96x96.jpg","0":null,"1":"","2":"","3":"","4":"","5":"","6":"","7":"","8":""}],"_links":{"self":[{"href":"https:\/\/buletin.de\/bucuresti\/wp-json\/wp\/v2\/posts\/185212","targetHints":{"allow":["GET"]}}],"collection":[{"href":"https:\/\/buletin.de\/bucuresti\/wp-json\/wp\/v2\/posts"}],"about":[{"href":"https:\/\/buletin.de\/bucuresti\/wp-json\/wp\/v2\/types\/post"}],"author":[{"embeddable":true,"href":"https:\/\/buletin.de\/bucuresti\/wp-json\/wp\/v2\/users\/49"}],"replies":[{"embeddable":true,"href":"https:\/\/buletin.de\/bucuresti\/wp-json\/wp\/v2\/comments?post=185212"}],"version-history":[{"count":10,"href":"https:\/\/buletin.de\/bucuresti\/wp-json\/wp\/v2\/posts\/185212\/revisions"}],"predecessor-version":[{"id":185743,"href":"https:\/\/buletin.de\/bucuresti\/wp-json\/wp\/v2\/posts\/185212\/revisions\/185743"}],"wp:featuredmedia":[{"embeddable":true,"href":"https:\/\/buletin.de\/bucuresti\/wp-json\/wp\/v2\/media\/185231"}],"wp:attachment":[{"href":"https:\/\/buletin.de\/bucuresti\/wp-json\/wp\/v2\/media?parent=185212"}],"wp:term":[{"taxonomy":"category","embeddable":true,"href":"https:\/\/buletin.de\/bucuresti\/wp-json\/wp\/v2\/categories?post=185212"},{"taxonomy":"post_tag","embeddable":true,"href":"https:\/\/buletin.de\/bucuresti\/wp-json\/wp\/v2\/tags?post=185212"},{"taxonomy":"author","embeddable":true,"href":"https:\/\/buletin.de\/bucuresti\/wp-json\/wp\/v2\/ppma_author?post=185212"}],"curies":[{"name":"wp","href":"https:\/\/api.w.org\/{rel}","templated":true}]}}