{"id":184656,"date":"2026-04-02T14:32:43","date_gmt":"2026-04-02T12:32:43","guid":{"rendered":"https:\/\/buletin.de\/bucuresti\/?p=184656"},"modified":"2026-04-03T05:30:28","modified_gmt":"2026-04-03T03:30:28","slug":"se-mentine-parcarea-gratuita-pentru-masinile-electrice-din-bucuresti-jurnalistii-si-cei-cu-masini-hibride-vor-plati","status":"publish","type":"post","link":"https:\/\/buletin.de\/bucuresti\/se-mentine-parcarea-gratuita-pentru-masinile-electrice-din-bucuresti-jurnalistii-si-cei-cu-masini-hibride-vor-plati\/","title":{"rendered":"Se men\u021bine parcarea gratuit\u0103 pentru ma\u0219inile electrice din Bucure\u0219ti. Jurnali\u0219tii \u0219i cei cu ma\u0219ini hibride vor pl\u0103ti"},"content":{"rendered":"\n<p><strong>Posesorii de ma\u0219ini electrice vor beneficia \u00een continuare de parcarea gratuit\u0103 pe locurile administrate de Prim\u0103ria Capitalei, dup\u0103 ce amendamentul depus de USR \u0219i REPER a fost votat \u00een cadrul \u0219edin\u021bei <a href=\"https:\/\/www.facebook.com\/PMBucuresti\/videos\/938272145240721?locale=ro_RO\" type=\"link\" id=\"https:\/\/www.facebook.com\/PMBucuresti\/videos\/938272145240721?locale=ro_RO\" target=\"_blank\" rel=\"noreferrer noopener\">Consiliului General al Municipiului Bucure\u0219ti<\/a>. \u00cen urma discu\u021biilor din cadrul \u0219edin\u021bei s-a stabilit ca aceast\u0103 facilitate se se men\u021bin\u0103 p\u00e2n\u0103 la finalul anului 2027. <\/strong><\/p>\n\n\n\n<p>Amendamentul a fost adoptat, primind 38 de voturi pentru, 4 ab\u021bineri \u0219i 3 voturi \u00eempotriva. \u00cen ceea ce prive\u0219te proiectul \u00een integralitatea sa, acesta a fost aprobat cu <strong>42 de voturi pentru<\/strong>, o ab\u021binere \u0219i 0 voturi \u00eempotriv\u0103. Documentul nu prevede men\u021binerea gratuit\u0103\u021bii pentru ma\u0219inile hibride. <\/p>\n\n\n\n<p>De asemenea, \u00een ceea ce prive\u0219te proiectul prin care s-a propus eliminarea parc\u0103rilor gratuite pentru ma\u0219inile jurnali\u0219tilor a fost aprobat de CGMB. Acesta a primit <strong>46 de voturi favorabile<\/strong>.<\/p>\n\n\n\n<p>\u00cen prim\u0103 faz\u0103, proiectul de hot\u0103r\u00e2re ini\u021biat de Ciprian Ciucu prevedea eliminare complet\u0103 a gratuit\u0103\u021bii pentru cele doua tipuri de vehicule, pe motiv c\u0103 num\u0103rul acestora este prea mare \u0219i c\u0103 m\u0103sura, introdus\u0103 pentru a \u00eencuraja mobilitatea sustenabil\u0103 \u00een Capital\u0103, nu mai este necesar\u0103. <\/p>\n\n\n\n<p>\u00cen cadrul \u0219edin\u021bei de consiliu, PSD \u0219i PNL au ironizat reprezentan\u021bii USR f\u0103c\u00e2nd referire la posibilele prelungire ale amendamentului, din cauza unor considerente politice. \u00cen acest context, USR a declarat c\u0103 nu va mai vota o prelungire a acestui amendament dup\u0103 data expir\u0103rii <strong>31 decembrie 2027<\/strong>.<\/p>\n\n\n\n<p><strong>CITE\u0218TE \u0218I <a href=\"https:\/\/buletin.de\/bucuresti\/usr-bucuresti-solicita-mentinerea-parcarii-gratuite-pentru-masinile-electrice-pana-la-finalul-anului-2028\/\" type=\"post\" id=\"184487\">USR Bucure\u0219ti solicit\u0103 men\u021binerea parc\u0103rii gratuite pentru ma\u0219inile electrice p\u00e2n\u0103 la finalul anului 2028<\/a><\/strong><\/p>\n\n\n\n<h2 class=\"wp-block-heading\" id=\"h-de-ce-s-a-cerut-eliminarea-gratuita\u021bilor\">De ce s-a cerut eliminarea gratuit\u0103\u021bilor<\/h2>\n\n\n\n<p>Prin proiectul de hot\u0103r\u00e2re, administra\u021bia public\u0103 a informat c\u0103 reevaluarea gratui\u021bii pentru ma\u0219inile electrice\/hibride este necesar\u0103 din urm\u0103toarele motive:&nbsp;<\/p>\n\n\n\n<ul class=\"wp-block-list\">\n<li><strong>Saturarea capacit\u0103\u021bii fizice a serviciului public<\/strong>: Datele furnizate de Operatorul&nbsp;serviciului de parcare relev\u0103 faptul ca num\u0103rul autovehiculelor electrice \u0219i hibrid&nbsp;\u00eenregistrate \u00een sistemul informatic pentru a beneficia de gratuitate a dep\u0103\u0219it&nbsp;num\u0103rul total de locuri de parcare cu plat\u0103, apar\u021bin\u00e2nd domeniului public \u0219i privat al Municipiului Bucure\u0219ti, gestionate de Operatorul serviciului public. Aceasta situa\u021bie&nbsp;genereaz\u0103 un blocaj opera\u021bional critic, cererea sub regim de gratuitate anul\u00e2nd practic oferta de locuri pentru restul utilizatorilor pl\u0103titori \u0219i pentru riverani.<\/li>\n\n\n\n<li><strong>Afectarea principiului rota\u021biei vehiculelor<\/strong>: Gratuitatea nelimitat\u0103 a condus la utilizarea locurilor de parcare ca spa\u021bii de sta\u021bionare pe termen lung, sc\u0103z\u00e2nd drastic&nbsp;rata de rota\u021bie a vehiculelor. Introducerea unui regim de tarifare diferen\u021biat pe zone este singura metoda prin care se poate asigura accesul echitabil la domeniul public \u0219i eliberarea locurilor dupa finalizarea nevoii reale de deplasare.<\/li>\n\n\n\n<li><strong>Finalizarea etapei de stimulare<\/strong>: Obiectivul de \u00eencurajare a achizi\u021biei de vehicule&nbsp;nepoluante a fost atins prin cre\u0219terea exponen\u021bial\u0103 a parcului auto de acest tip. Astfel,&nbsp;facilitatea administrativ\u0103 const\u00e2nd \u00een acordarea parc\u0103rii gratuite nu mai este propor\u021bional\u0103 cu necesitatea gestionarii eficiente a traficului urban \u0219i cu nevoia de finan\u021bare&nbsp;a&nbsp;infrastructurii&nbsp;rutiere.<\/li>\n<\/ul>\n\n\n\n<p>C\u00e2t despre parc\u0103rile gratuite oferite jurnali\u0219tilor, proiectul de hot\u0103r\u00e2re prevede c\u0103 este necesar\u0103 eliminarea pentru urm\u0103toarele motive:<\/p>\n\n\n\n<ul class=\"wp-block-list\">\n<li><strong>Dep\u0103\u0219irea capacit\u0103\u021bii fizice a infrastructurii de parcare<\/strong>: Num\u0103rul vehiculelor&nbsp;\u00eenregistrate pentru a beneficia de gratuitate a crescut constant, pun\u00e2nd o presiune major\u0103 pe locurile de parcare apar\u021bin\u00e2nd domeniului public \u0219i privat al Municipiului Bucure\u0219ti. Nu mai poate fi justificata men\u021binerea gratuit\u0103\u021bii nelimitate f\u0103r\u0103 a afecta accesul publicului larg la infrastructura ora\u0219ului.<\/li>\n\n\n\n<li><strong>Asigurarea&nbsp;echit\u0103\u021bii&nbsp;\u0219i&nbsp;stimularea&nbsp;rota\u021biei:<\/strong>&nbsp;Men\u021binerea&nbsp;gratuit\u0103\u021bii&nbsp;descurajeaz\u0103&nbsp;eliberarea locurilor de parcare, sc\u0103z\u00e2nd rata de rota\u021bie a vehiculelor \u00een zonele aglomerate.&nbsp;Integrarea tuturor categoriilor de utilizatori \u00een regimul general de tarifare este singura metoda prin care se poate asigura un acces echitabil la locurile de parcare pentru toti bucure\u0219tenii.<\/li>\n\n\n\n<li><strong>Eficientizarea serviciului public de parcare<\/strong>: Datele de monitorizare a parcajelor confirma necesitatea unei gestionari unitare a acestora. Aplicarea regulilor generale de plat\u0103 c\u0103tre to\u021bi utilizatorii este esen\u021bial\u0103 pentru fluidizarea circula\u021biei \u0219i pentru corecta administrare a serviciului public de parcare.<\/li>\n\n\n\n<li><strong>\u00cencetarea beneficiilor \u0219i claritatea administrativi<\/strong>: Pentru a asigura o aplicare imediata a noilor reguli \u0219i pentru a r\u0103spunde corect provoc\u0103rilor de trafic, proiectul prevede \u00eencetarea de drept a tuturor beneficiilor acordate anterior. Aceasta m\u0103sura restabile\u0219te coeren\u021ba cadrului administrativ privind facilit\u0103\u021bile acordate din domeniul public.<\/li>\n<\/ul>\n\n\n\n<p><strong>CITE\u0218TE \u0218I <a href=\"https:\/\/buletin.de\/bucuresti\/topul-nevoilor-de-la-sectoare-negoita-si-inlocuitorul-lui-ciucu-solicita-cei-mai-multi-bani-de-la-pmb\/\" type=\"post\" id=\"184565\">Topul \u201enevoilor\u201d de la Sectoare. Negoi\u021b\u0103 \u0219i \u201e\u00eenlocuitorul lui Ciucu\u201d solicit\u0103 cei mai mul\u021bi bani de la PMB<\/a><\/strong><\/p>\n\n\n\n<h2 class=\"wp-block-heading\" id=\"h-cand-dispar-beneficiile-pentru-ma\u0219inile-hibride-\u0219i-pentru-jurnali\u0219ti\">C\u00e2nd dispar beneficiile pentru ma\u0219inile hibride \u0219i pentru jurnali\u0219ti<\/h2>\n\n\n\n<p id=\"h-atuitatea-pentru-ma\u0219inile-electrice-\u0219i-hibride-ar-urma-sa-fie-eliminata-incepand-cu-data-de-1-mai-2026\">De\u0219i gratuitatea pentru ma\u0219inile electrice se men\u021bine, cele pentru ma\u0219inile hibride din Capital\u0103 \u0219i pentru jurnali\u0219ti urmeaz\u0103 s\u0103 fie eliminate \u00eencep\u00e2nd cu data de&nbsp;<strong>1 mai 2026<\/strong>.<\/p>\n\n\n\n<p>\u201e<strong>Beneficiile vor fi anulate automat, indiferent de perioada de valabilitate ce le-a fost transmis\u0103 anterior \u0219oferilo<\/strong>r\u201d, anun\u021b\u0103 Prim\u0103ria Capitalei.<\/p>\n\n\n\n<p>Asta \u00eenseamn\u0103 c\u0103 cei care aveau deja ma\u0219inile \u00eenregistrate pentru parcarea gratuit\u0103 pe locurile albastre din Bucure\u0219ti nu vor beneficia de beneficii p\u00e2n\u0103 la finalul anului 2026, \u00eencep\u00e2nd s\u0103 pl\u0103teasc\u0103 tariful de 5 lei pe or\u0103 chiar de la \u00eenceput lunii mai.<\/p>\n\n\n\n<p><strong>CITE\u0218TE \u0218I <a href=\"https:\/\/buletin.de\/bucuresti\/scandal-pe-comasarea-institutiilor-de-cultura-din-bucuresti-ciucu-dispar-sinecurile-parteneriatele-cu-cei-care-vand-hambugheri-nu-proiectele\/\" type=\"post\" id=\"184614\">Scandal pe comasarea institu\u021biilor de cultur\u0103 din Bucure\u0219ti. Ciucu: Dispar sinecurile, \u201eparteneriatele cu cei care v\u00e2nd hambugheri\u201d, nu proiectele<\/a><\/strong><\/p>\n","protected":false},"excerpt":{"rendered":"<p>Posesorii de ma\u0219ini electrice vor beneficia \u00een continuare de parcarea gratuit\u0103 pe locurile administrate de Prim\u0103ria Capitalei, dup\u0103 ce amendamentul depus de USR \u0219i REPER a fost votat \u00een cadrul \u0219edin\u021bei Consiliului General al Municipiului Bucure\u0219ti. \u00cen urma discu\u021biilor din cadrul \u0219edin\u021bei s-a stabilit ca aceast\u0103 facilitate se se men\u021bin\u0103 p\u00e2n\u0103 la finalul anului 2027. [&hellip;]<\/p>\n","protected":false},"author":66,"featured_media":184679,"comment_status":"closed","ping_status":"open","sticky":false,"template":"","format":"standard","meta":{"_acf_changed":false,"inline_featured_image":false,"ngg_post_thumbnail":0,"footnotes":""},"categories":[6994,5762,24],"tags":[2063,14228,27462,27463,26769,27464,4381],"ppma_author":[26103],"class_list":["post-184656","post","type-post","status-publish","format-standard","has-post-thumbnail","hentry","category-stiri-2","category-main","category-primarie","tag-bucuresti-2","tag-masini-electrice-2","tag-masini-hibride-2","tag-masini-jurnalisti","tag-parcare-gratuita-2","tag-parcari-pmb","tag-proiect-de-hotarare"],"acf":[],"yoast_head":"<!-- This site is optimized with the Yoast SEO Premium plugin v25.3 (Yoast SEO v27.4) - https:\/\/yoast.com\/product\/yoast-seo-premium-wordpress\/ -->\n<title>Se men\u021bine parcarea gratuit\u0103 pentru ma\u0219inile electrice din Bucure\u0219ti. Jurnali\u0219tii \u0219i cei cu ma\u0219ini hibride vor pl\u0103ti - Buletin de Bucure\u0219ti<\/title>\n<meta name=\"description\" content=\"Posesorii de ma\u0219ini electrice vor beneficia \u00een continuare de parcarea gratuit\u0103 pentru locurile administrate de Prim\u0103ria Capitalei.\" \/>\n<meta name=\"robots\" content=\"index, follow, max-snippet:-1, max-image-preview:large, max-video-preview:-1\" \/>\n<link rel=\"canonical\" href=\"https:\/\/buletin.de\/bucuresti\/se-mentine-parcarea-gratuita-pentru-masinile-electrice-din-bucuresti-jurnalistii-si-cei-cu-masini-hibride-vor-plati\/\" \/>\n<meta property=\"og:locale\" content=\"en_GB\" \/>\n<meta property=\"og:type\" content=\"article\" \/>\n<meta property=\"og:title\" content=\"Se men\u021bine parcarea gratuit\u0103 pentru ma\u0219inile electrice din Bucure\u0219ti. Jurnali\u0219tii \u0219i cei cu ma\u0219ini hibride vor pl\u0103ti\" \/>\n<meta property=\"og:description\" content=\"Posesorii de ma\u0219ini electrice vor beneficia \u00een continuare de parcarea gratuit\u0103 pentru locurile administrate de Prim\u0103ria Capitalei.\" \/>\n<meta property=\"og:url\" content=\"https:\/\/buletin.de\/bucuresti\/se-mentine-parcarea-gratuita-pentru-masinile-electrice-din-bucuresti-jurnalistii-si-cei-cu-masini-hibride-vor-plati\/\" \/>\n<meta property=\"og:site_name\" content=\"Buletin de Bucure\u0219ti\" \/>\n<meta property=\"article:publisher\" content=\"https:\/\/www.facebook.com\/buletin.de.buc\" \/>\n<meta property=\"article:published_time\" content=\"2026-04-02T12:32:43+00:00\" \/>\n<meta property=\"article:modified_time\" content=\"2026-04-03T03:30:28+00:00\" \/>\n<meta property=\"og:image\" content=\"https:\/\/buletin.de\/bucuresti\/wp-content\/uploads\/2026\/04\/parcari-locuri-albastre-1600x1200-1-e1774533965520.jpg\" \/>\n\t<meta property=\"og:image:width\" content=\"1600\" \/>\n\t<meta property=\"og:image:height\" content=\"800\" \/>\n\t<meta property=\"og:image:type\" content=\"image\/jpeg\" \/>\n<meta name=\"author\" content=\"Deniz Garguli\" \/>\n<meta name=\"twitter:card\" content=\"summary_large_image\" \/>\n<meta name=\"twitter:label1\" content=\"Written by\" \/>\n\t<meta name=\"twitter:data1\" content=\"Deniz Garguli\" \/>\n\t<meta name=\"twitter:label2\" content=\"Estimated reading time\" \/>\n\t<meta name=\"twitter:data2\" content=\"4 minutes\" \/>\n<script type=\"application\/ld+json\" class=\"yoast-schema-graph\">{\"@context\":\"https:\\\/\\\/schema.org\",\"@graph\":[{\"@type\":\"Article\",\"@id\":\"https:\\\/\\\/buletin.de\\\/bucuresti\\\/se-mentine-parcarea-gratuita-pentru-masinile-electrice-din-bucuresti-jurnalistii-si-cei-cu-masini-hibride-vor-plati\\\/#article\",\"isPartOf\":{\"@id\":\"https:\\\/\\\/buletin.de\\\/bucuresti\\\/se-mentine-parcarea-gratuita-pentru-masinile-electrice-din-bucuresti-jurnalistii-si-cei-cu-masini-hibride-vor-plati\\\/\"},\"author\":{\"name\":\"Deniz Garguli\",\"@id\":\"https:\\\/\\\/buletin.de\\\/bucuresti\\\/#\\\/schema\\\/person\\\/8badd0805392c02e16b744e0d5cd3625\"},\"headline\":\"Se men\u021bine parcarea gratuit\u0103 pentru ma\u0219inile electrice din Bucure\u0219ti. Jurnali\u0219tii \u0219i cei cu ma\u0219ini hibride vor pl\u0103ti\",\"datePublished\":\"2026-04-02T12:32:43+00:00\",\"dateModified\":\"2026-04-03T03:30:28+00:00\",\"mainEntityOfPage\":{\"@id\":\"https:\\\/\\\/buletin.de\\\/bucuresti\\\/se-mentine-parcarea-gratuita-pentru-masinile-electrice-din-bucuresti-jurnalistii-si-cei-cu-masini-hibride-vor-plati\\\/\"},\"wordCount\":939,\"publisher\":{\"@id\":\"https:\\\/\\\/buletin.de\\\/bucuresti\\\/#organization\"},\"image\":{\"@id\":\"https:\\\/\\\/buletin.de\\\/bucuresti\\\/se-mentine-parcarea-gratuita-pentru-masinile-electrice-din-bucuresti-jurnalistii-si-cei-cu-masini-hibride-vor-plati\\\/#primaryimage\"},\"thumbnailUrl\":\"https:\\\/\\\/buletin.de\\\/bucuresti\\\/wp-content\\\/uploads\\\/2026\\\/04\\\/parcari-locuri-albastre-1600x1200-1-e1774533965520.jpg\",\"keywords\":[\"Bucure\u0219ti\",\"ma\u0219ini electrice\",\"ma\u0219ini hibride\",\"ma\u0219ini jurnali\u0219ti\",\"parcare gratuit\u0103\",\"Parc\u0103ri PMB\",\"proiect de hot\u0103r\u00e2re\"],\"articleSection\":[\"Articole\",\"Main\",\"Prim\u0103rie\"],\"inLanguage\":\"en-GB\",\"copyrightYear\":\"2026\",\"copyrightHolder\":{\"@id\":\"https:\\\/\\\/buletin.de\\\/bucuresti\\\/#organization\"}},{\"@type\":\"WebPage\",\"@id\":\"https:\\\/\\\/buletin.de\\\/bucuresti\\\/se-mentine-parcarea-gratuita-pentru-masinile-electrice-din-bucuresti-jurnalistii-si-cei-cu-masini-hibride-vor-plati\\\/\",\"url\":\"https:\\\/\\\/buletin.de\\\/bucuresti\\\/se-mentine-parcarea-gratuita-pentru-masinile-electrice-din-bucuresti-jurnalistii-si-cei-cu-masini-hibride-vor-plati\\\/\",\"name\":\"Se men\u021bine parcarea gratuit\u0103 pentru ma\u0219inile electrice din Bucure\u0219ti. Jurnali\u0219tii \u0219i cei cu ma\u0219ini hibride vor pl\u0103ti - Buletin de Bucure\u0219ti\",\"isPartOf\":{\"@id\":\"https:\\\/\\\/buletin.de\\\/bucuresti\\\/#website\"},\"primaryImageOfPage\":{\"@id\":\"https:\\\/\\\/buletin.de\\\/bucuresti\\\/se-mentine-parcarea-gratuita-pentru-masinile-electrice-din-bucuresti-jurnalistii-si-cei-cu-masini-hibride-vor-plati\\\/#primaryimage\"},\"image\":{\"@id\":\"https:\\\/\\\/buletin.de\\\/bucuresti\\\/se-mentine-parcarea-gratuita-pentru-masinile-electrice-din-bucuresti-jurnalistii-si-cei-cu-masini-hibride-vor-plati\\\/#primaryimage\"},\"thumbnailUrl\":\"https:\\\/\\\/buletin.de\\\/bucuresti\\\/wp-content\\\/uploads\\\/2026\\\/04\\\/parcari-locuri-albastre-1600x1200-1-e1774533965520.jpg\",\"datePublished\":\"2026-04-02T12:32:43+00:00\",\"dateModified\":\"2026-04-03T03:30:28+00:00\",\"description\":\"Posesorii de ma\u0219ini electrice vor beneficia \u00een continuare de parcarea gratuit\u0103 pentru locurile administrate de Prim\u0103ria Capitalei.\",\"breadcrumb\":{\"@id\":\"https:\\\/\\\/buletin.de\\\/bucuresti\\\/se-mentine-parcarea-gratuita-pentru-masinile-electrice-din-bucuresti-jurnalistii-si-cei-cu-masini-hibride-vor-plati\\\/#breadcrumb\"},\"inLanguage\":\"en-GB\",\"potentialAction\":[{\"@type\":\"ReadAction\",\"target\":[\"https:\\\/\\\/buletin.de\\\/bucuresti\\\/se-mentine-parcarea-gratuita-pentru-masinile-electrice-din-bucuresti-jurnalistii-si-cei-cu-masini-hibride-vor-plati\\\/\"]}]},{\"@type\":\"ImageObject\",\"inLanguage\":\"en-GB\",\"@id\":\"https:\\\/\\\/buletin.de\\\/bucuresti\\\/se-mentine-parcarea-gratuita-pentru-masinile-electrice-din-bucuresti-jurnalistii-si-cei-cu-masini-hibride-vor-plati\\\/#primaryimage\",\"url\":\"https:\\\/\\\/buletin.de\\\/bucuresti\\\/wp-content\\\/uploads\\\/2026\\\/04\\\/parcari-locuri-albastre-1600x1200-1-e1774533965520.jpg\",\"contentUrl\":\"https:\\\/\\\/buletin.de\\\/bucuresti\\\/wp-content\\\/uploads\\\/2026\\\/04\\\/parcari-locuri-albastre-1600x1200-1-e1774533965520.jpg\",\"width\":1600,\"height\":800,\"caption\":\"Se men\u021bine parcarea gratuit\u0103 pentru ma\u0219inile electrice din Bucure\u0219ti. Jurnali\u0219tii \u0219i cei cu ma\u0219ini hibride vor pl\u0103ti. FOTO: FB \\\/ Stelian Bujduveanu\"},{\"@type\":\"BreadcrumbList\",\"@id\":\"https:\\\/\\\/buletin.de\\\/bucuresti\\\/se-mentine-parcarea-gratuita-pentru-masinile-electrice-din-bucuresti-jurnalistii-si-cei-cu-masini-hibride-vor-plati\\\/#breadcrumb\",\"itemListElement\":[{\"@type\":\"ListItem\",\"position\":1,\"name\":\"Acas\u0103\",\"item\":\"https:\\\/\\\/buletin.de\\\/bucuresti\\\/\"},{\"@type\":\"ListItem\",\"position\":2,\"name\":\"Se men\u021bine parcarea gratuit\u0103 pentru ma\u0219inile electrice din Bucure\u0219ti. Jurnali\u0219tii \u0219i cei cu ma\u0219ini hibride vor pl\u0103ti\"}]},{\"@type\":\"WebSite\",\"@id\":\"https:\\\/\\\/buletin.de\\\/bucuresti\\\/#website\",\"url\":\"https:\\\/\\\/buletin.de\\\/bucuresti\\\/\",\"name\":\"Buletin de Bucure\u0219ti\",\"description\":\"\u0218tiri \u0219i investiga\u021bii esen\u021biale din capital\u0103\",\"publisher\":{\"@id\":\"https:\\\/\\\/buletin.de\\\/bucuresti\\\/#organization\"},\"potentialAction\":[{\"@type\":\"SearchAction\",\"target\":{\"@type\":\"EntryPoint\",\"urlTemplate\":\"https:\\\/\\\/buletin.de\\\/bucuresti\\\/?s={search_term_string}\"},\"query-input\":{\"@type\":\"PropertyValueSpecification\",\"valueRequired\":true,\"valueName\":\"search_term_string\"}}],\"inLanguage\":\"en-GB\"},{\"@type\":\"Organization\",\"@id\":\"https:\\\/\\\/buletin.de\\\/bucuresti\\\/#organization\",\"name\":\"Buletin de Bucure\u0219ti\",\"url\":\"https:\\\/\\\/buletin.de\\\/bucuresti\\\/\",\"logo\":{\"@type\":\"ImageObject\",\"inLanguage\":\"en-GB\",\"@id\":\"https:\\\/\\\/buletin.de\\\/bucuresti\\\/#\\\/schema\\\/logo\\\/image\\\/\",\"url\":\"https:\\\/\\\/buletin.de\\\/bucuresti\\\/wp-content\\\/uploads\\\/logo-bdb-full-wide-vernil-transparent.png\",\"contentUrl\":\"https:\\\/\\\/buletin.de\\\/bucuresti\\\/wp-content\\\/uploads\\\/logo-bdb-full-wide-vernil-transparent.png\",\"width\":1782,\"height\":626,\"caption\":\"Buletin de Bucure\u0219ti\"},\"image\":{\"@id\":\"https:\\\/\\\/buletin.de\\\/bucuresti\\\/#\\\/schema\\\/logo\\\/image\\\/\"},\"sameAs\":[\"https:\\\/\\\/www.facebook.com\\\/buletin.de.buc\",\"https:\\\/\\\/www.instagram.com\\\/buletinde.bucuresti\\\/\"]},{\"@type\":\"Person\",\"@id\":\"https:\\\/\\\/buletin.de\\\/bucuresti\\\/#\\\/schema\\\/person\\\/8badd0805392c02e16b744e0d5cd3625\",\"name\":\"Deniz Garguli\",\"image\":{\"@type\":\"ImageObject\",\"inLanguage\":\"en-GB\",\"@id\":\"https:\\\/\\\/buletin.de\\\/bucuresti\\\/wp-content\\\/uploads\\\/2026\\\/01\\\/79b44b20-a270-4ee6-afb3-fdf3c7ef7782-96x96.jpege2491ce6d396dbf7c1362e9ef046c803\",\"url\":\"https:\\\/\\\/buletin.de\\\/bucuresti\\\/wp-content\\\/uploads\\\/2026\\\/01\\\/79b44b20-a270-4ee6-afb3-fdf3c7ef7782-96x96.jpeg\",\"contentUrl\":\"https:\\\/\\\/buletin.de\\\/bucuresti\\\/wp-content\\\/uploads\\\/2026\\\/01\\\/79b44b20-a270-4ee6-afb3-fdf3c7ef7782-96x96.jpeg\",\"caption\":\"Deniz Garguli\"},\"description\":\"N\u0103scut\u0103 \u0219i crescut\u0103 \u00een Capital\u0103, dorin\u021ba de a fi la curent cu tot ce se \u00eent\u00e2mpl\u0103 \u00een Bucure\u0219ti a \u00eempins-o c\u0103tre pres\u0103, mai cu seam\u0103 c\u0103tre cea local\u0103. A lucrat vreme de patru ani la B365, unde s-a ocupat de \u0219tiri despre ora\u0219 \u0219i oamenii care locuiesc \u00een el. Din 2026 s-a al\u0103turat echipei Buletin de Bucure\u0219ti.\",\"url\":\"https:\\\/\\\/buletin.de\\\/bucuresti\\\/author\\\/deniz-garguli\\\/\"}]}<\/script>\n<!-- \/ Yoast SEO Premium plugin. -->","yoast_head_json":{"title":"Se men\u021bine parcarea gratuit\u0103 pentru ma\u0219inile electrice din Bucure\u0219ti. Jurnali\u0219tii \u0219i cei cu ma\u0219ini hibride vor pl\u0103ti - Buletin de Bucure\u0219ti","description":"Posesorii de ma\u0219ini electrice vor beneficia \u00een continuare de parcarea gratuit\u0103 pentru locurile administrate de Prim\u0103ria Capitalei.","robots":{"index":"index","follow":"follow","max-snippet":"max-snippet:-1","max-image-preview":"max-image-preview:large","max-video-preview":"max-video-preview:-1"},"canonical":"https:\/\/buletin.de\/bucuresti\/se-mentine-parcarea-gratuita-pentru-masinile-electrice-din-bucuresti-jurnalistii-si-cei-cu-masini-hibride-vor-plati\/","og_locale":"en_GB","og_type":"article","og_title":"Se men\u021bine parcarea gratuit\u0103 pentru ma\u0219inile electrice din Bucure\u0219ti. Jurnali\u0219tii \u0219i cei cu ma\u0219ini hibride vor pl\u0103ti","og_description":"Posesorii de ma\u0219ini electrice vor beneficia \u00een continuare de parcarea gratuit\u0103 pentru locurile administrate de Prim\u0103ria Capitalei.","og_url":"https:\/\/buletin.de\/bucuresti\/se-mentine-parcarea-gratuita-pentru-masinile-electrice-din-bucuresti-jurnalistii-si-cei-cu-masini-hibride-vor-plati\/","og_site_name":"Buletin de Bucure\u0219ti","article_publisher":"https:\/\/www.facebook.com\/buletin.de.buc","article_published_time":"2026-04-02T12:32:43+00:00","article_modified_time":"2026-04-03T03:30:28+00:00","og_image":[{"width":1600,"height":800,"url":"https:\/\/buletin.de\/bucuresti\/wp-content\/uploads\/2026\/04\/parcari-locuri-albastre-1600x1200-1-e1774533965520.jpg","type":"image\/jpeg"}],"author":"Deniz Garguli","twitter_card":"summary_large_image","twitter_misc":{"Written by":"Deniz Garguli","Estimated reading time":"4 minutes"},"schema":{"@context":"https:\/\/schema.org","@graph":[{"@type":"Article","@id":"https:\/\/buletin.de\/bucuresti\/se-mentine-parcarea-gratuita-pentru-masinile-electrice-din-bucuresti-jurnalistii-si-cei-cu-masini-hibride-vor-plati\/#article","isPartOf":{"@id":"https:\/\/buletin.de\/bucuresti\/se-mentine-parcarea-gratuita-pentru-masinile-electrice-din-bucuresti-jurnalistii-si-cei-cu-masini-hibride-vor-plati\/"},"author":{"name":"Deniz Garguli","@id":"https:\/\/buletin.de\/bucuresti\/#\/schema\/person\/8badd0805392c02e16b744e0d5cd3625"},"headline":"Se men\u021bine parcarea gratuit\u0103 pentru ma\u0219inile electrice din Bucure\u0219ti. Jurnali\u0219tii \u0219i cei cu ma\u0219ini hibride vor pl\u0103ti","datePublished":"2026-04-02T12:32:43+00:00","dateModified":"2026-04-03T03:30:28+00:00","mainEntityOfPage":{"@id":"https:\/\/buletin.de\/bucuresti\/se-mentine-parcarea-gratuita-pentru-masinile-electrice-din-bucuresti-jurnalistii-si-cei-cu-masini-hibride-vor-plati\/"},"wordCount":939,"publisher":{"@id":"https:\/\/buletin.de\/bucuresti\/#organization"},"image":{"@id":"https:\/\/buletin.de\/bucuresti\/se-mentine-parcarea-gratuita-pentru-masinile-electrice-din-bucuresti-jurnalistii-si-cei-cu-masini-hibride-vor-plati\/#primaryimage"},"thumbnailUrl":"https:\/\/buletin.de\/bucuresti\/wp-content\/uploads\/2026\/04\/parcari-locuri-albastre-1600x1200-1-e1774533965520.jpg","keywords":["Bucure\u0219ti","ma\u0219ini electrice","ma\u0219ini hibride","ma\u0219ini jurnali\u0219ti","parcare gratuit\u0103","Parc\u0103ri PMB","proiect de hot\u0103r\u00e2re"],"articleSection":["Articole","Main","Prim\u0103rie"],"inLanguage":"en-GB","copyrightYear":"2026","copyrightHolder":{"@id":"https:\/\/buletin.de\/bucuresti\/#organization"}},{"@type":"WebPage","@id":"https:\/\/buletin.de\/bucuresti\/se-mentine-parcarea-gratuita-pentru-masinile-electrice-din-bucuresti-jurnalistii-si-cei-cu-masini-hibride-vor-plati\/","url":"https:\/\/buletin.de\/bucuresti\/se-mentine-parcarea-gratuita-pentru-masinile-electrice-din-bucuresti-jurnalistii-si-cei-cu-masini-hibride-vor-plati\/","name":"Se men\u021bine parcarea gratuit\u0103 pentru ma\u0219inile electrice din Bucure\u0219ti. Jurnali\u0219tii \u0219i cei cu ma\u0219ini hibride vor pl\u0103ti - Buletin de Bucure\u0219ti","isPartOf":{"@id":"https:\/\/buletin.de\/bucuresti\/#website"},"primaryImageOfPage":{"@id":"https:\/\/buletin.de\/bucuresti\/se-mentine-parcarea-gratuita-pentru-masinile-electrice-din-bucuresti-jurnalistii-si-cei-cu-masini-hibride-vor-plati\/#primaryimage"},"image":{"@id":"https:\/\/buletin.de\/bucuresti\/se-mentine-parcarea-gratuita-pentru-masinile-electrice-din-bucuresti-jurnalistii-si-cei-cu-masini-hibride-vor-plati\/#primaryimage"},"thumbnailUrl":"https:\/\/buletin.de\/bucuresti\/wp-content\/uploads\/2026\/04\/parcari-locuri-albastre-1600x1200-1-e1774533965520.jpg","datePublished":"2026-04-02T12:32:43+00:00","dateModified":"2026-04-03T03:30:28+00:00","description":"Posesorii de ma\u0219ini electrice vor beneficia \u00een continuare de parcarea gratuit\u0103 pentru locurile administrate de Prim\u0103ria Capitalei.","breadcrumb":{"@id":"https:\/\/buletin.de\/bucuresti\/se-mentine-parcarea-gratuita-pentru-masinile-electrice-din-bucuresti-jurnalistii-si-cei-cu-masini-hibride-vor-plati\/#breadcrumb"},"inLanguage":"en-GB","potentialAction":[{"@type":"ReadAction","target":["https:\/\/buletin.de\/bucuresti\/se-mentine-parcarea-gratuita-pentru-masinile-electrice-din-bucuresti-jurnalistii-si-cei-cu-masini-hibride-vor-plati\/"]}]},{"@type":"ImageObject","inLanguage":"en-GB","@id":"https:\/\/buletin.de\/bucuresti\/se-mentine-parcarea-gratuita-pentru-masinile-electrice-din-bucuresti-jurnalistii-si-cei-cu-masini-hibride-vor-plati\/#primaryimage","url":"https:\/\/buletin.de\/bucuresti\/wp-content\/uploads\/2026\/04\/parcari-locuri-albastre-1600x1200-1-e1774533965520.jpg","contentUrl":"https:\/\/buletin.de\/bucuresti\/wp-content\/uploads\/2026\/04\/parcari-locuri-albastre-1600x1200-1-e1774533965520.jpg","width":1600,"height":800,"caption":"Se men\u021bine parcarea gratuit\u0103 pentru ma\u0219inile electrice din Bucure\u0219ti. Jurnali\u0219tii \u0219i cei cu ma\u0219ini hibride vor pl\u0103ti. FOTO: FB \/ Stelian Bujduveanu"},{"@type":"BreadcrumbList","@id":"https:\/\/buletin.de\/bucuresti\/se-mentine-parcarea-gratuita-pentru-masinile-electrice-din-bucuresti-jurnalistii-si-cei-cu-masini-hibride-vor-plati\/#breadcrumb","itemListElement":[{"@type":"ListItem","position":1,"name":"Acas\u0103","item":"https:\/\/buletin.de\/bucuresti\/"},{"@type":"ListItem","position":2,"name":"Se men\u021bine parcarea gratuit\u0103 pentru ma\u0219inile electrice din Bucure\u0219ti. Jurnali\u0219tii \u0219i cei cu ma\u0219ini hibride vor pl\u0103ti"}]},{"@type":"WebSite","@id":"https:\/\/buletin.de\/bucuresti\/#website","url":"https:\/\/buletin.de\/bucuresti\/","name":"Buletin de Bucure\u0219ti","description":"\u0218tiri \u0219i investiga\u021bii esen\u021biale din capital\u0103","publisher":{"@id":"https:\/\/buletin.de\/bucuresti\/#organization"},"potentialAction":[{"@type":"SearchAction","target":{"@type":"EntryPoint","urlTemplate":"https:\/\/buletin.de\/bucuresti\/?s={search_term_string}"},"query-input":{"@type":"PropertyValueSpecification","valueRequired":true,"valueName":"search_term_string"}}],"inLanguage":"en-GB"},{"@type":"Organization","@id":"https:\/\/buletin.de\/bucuresti\/#organization","name":"Buletin de Bucure\u0219ti","url":"https:\/\/buletin.de\/bucuresti\/","logo":{"@type":"ImageObject","inLanguage":"en-GB","@id":"https:\/\/buletin.de\/bucuresti\/#\/schema\/logo\/image\/","url":"https:\/\/buletin.de\/bucuresti\/wp-content\/uploads\/logo-bdb-full-wide-vernil-transparent.png","contentUrl":"https:\/\/buletin.de\/bucuresti\/wp-content\/uploads\/logo-bdb-full-wide-vernil-transparent.png","width":1782,"height":626,"caption":"Buletin de Bucure\u0219ti"},"image":{"@id":"https:\/\/buletin.de\/bucuresti\/#\/schema\/logo\/image\/"},"sameAs":["https:\/\/www.facebook.com\/buletin.de.buc","https:\/\/www.instagram.com\/buletinde.bucuresti\/"]},{"@type":"Person","@id":"https:\/\/buletin.de\/bucuresti\/#\/schema\/person\/8badd0805392c02e16b744e0d5cd3625","name":"Deniz Garguli","image":{"@type":"ImageObject","inLanguage":"en-GB","@id":"https:\/\/buletin.de\/bucuresti\/wp-content\/uploads\/2026\/01\/79b44b20-a270-4ee6-afb3-fdf3c7ef7782-96x96.jpege2491ce6d396dbf7c1362e9ef046c803","url":"https:\/\/buletin.de\/bucuresti\/wp-content\/uploads\/2026\/01\/79b44b20-a270-4ee6-afb3-fdf3c7ef7782-96x96.jpeg","contentUrl":"https:\/\/buletin.de\/bucuresti\/wp-content\/uploads\/2026\/01\/79b44b20-a270-4ee6-afb3-fdf3c7ef7782-96x96.jpeg","caption":"Deniz Garguli"},"description":"N\u0103scut\u0103 \u0219i crescut\u0103 \u00een Capital\u0103, dorin\u021ba de a fi la curent cu tot ce se \u00eent\u00e2mpl\u0103 \u00een Bucure\u0219ti a \u00eempins-o c\u0103tre pres\u0103, mai cu seam\u0103 c\u0103tre cea local\u0103. A lucrat vreme de patru ani la B365, unde s-a ocupat de \u0219tiri despre ora\u0219 \u0219i oamenii care locuiesc \u00een el. Din 2026 s-a al\u0103turat echipei Buletin de Bucure\u0219ti.","url":"https:\/\/buletin.de\/bucuresti\/author\/deniz-garguli\/"}]}},"authors":[{"term_id":26103,"user_id":66,"is_guest":0,"slug":"deniz-garguli","display_name":"Deniz Garguli","avatar_url":"https:\/\/buletin.de\/bucuresti\/wp-content\/uploads\/2026\/01\/79b44b20-a270-4ee6-afb3-fdf3c7ef7782-96x96.jpeg","0":null,"1":"","2":"","3":"","4":"","5":"","6":"","7":"","8":""}],"_links":{"self":[{"href":"https:\/\/buletin.de\/bucuresti\/wp-json\/wp\/v2\/posts\/184656","targetHints":{"allow":["GET"]}}],"collection":[{"href":"https:\/\/buletin.de\/bucuresti\/wp-json\/wp\/v2\/posts"}],"about":[{"href":"https:\/\/buletin.de\/bucuresti\/wp-json\/wp\/v2\/types\/post"}],"author":[{"embeddable":true,"href":"https:\/\/buletin.de\/bucuresti\/wp-json\/wp\/v2\/users\/66"}],"replies":[{"embeddable":true,"href":"https:\/\/buletin.de\/bucuresti\/wp-json\/wp\/v2\/comments?post=184656"}],"version-history":[{"count":3,"href":"https:\/\/buletin.de\/bucuresti\/wp-json\/wp\/v2\/posts\/184656\/revisions"}],"predecessor-version":[{"id":184695,"href":"https:\/\/buletin.de\/bucuresti\/wp-json\/wp\/v2\/posts\/184656\/revisions\/184695"}],"wp:featuredmedia":[{"embeddable":true,"href":"https:\/\/buletin.de\/bucuresti\/wp-json\/wp\/v2\/media\/184679"}],"wp:attachment":[{"href":"https:\/\/buletin.de\/bucuresti\/wp-json\/wp\/v2\/media?parent=184656"}],"wp:term":[{"taxonomy":"category","embeddable":true,"href":"https:\/\/buletin.de\/bucuresti\/wp-json\/wp\/v2\/categories?post=184656"},{"taxonomy":"post_tag","embeddable":true,"href":"https:\/\/buletin.de\/bucuresti\/wp-json\/wp\/v2\/tags?post=184656"},{"taxonomy":"author","embeddable":true,"href":"https:\/\/buletin.de\/bucuresti\/wp-json\/wp\/v2\/ppma_author?post=184656"}],"curies":[{"name":"wp","href":"https:\/\/api.w.org\/{rel}","templated":true}]}}