{"id":18456,"date":"2021-01-21T16:48:44","date_gmt":"2021-01-21T13:48:44","guid":{"rendered":"https:\/\/buletin.de\/bucuresti\/?p=18456"},"modified":"2021-01-21T16:49:32","modified_gmt":"2021-01-21T13:49:32","slug":"schimbari-de-functii-in-sectorul-1-politia-locala-are-un-nou-director-iar-arhitecta-sef-a-fost-demisa","status":"publish","type":"post","link":"https:\/\/buletin.de\/bucuresti\/schimbari-de-functii-in-sectorul-1-politia-locala-are-un-nou-director-iar-arhitecta-sef-a-fost-demisa\/","title":{"rendered":"Schimb\u0103ri de func\u021bii \u00een sectorul 1: Poli\u021bia Local\u0103 are un nou director, iar arhitecta \u0219ef a fost demis\u0103"},"content":{"rendered":"\n<p><\/p>\n\n\n\n<p><strong>Poli\u021bia Local\u0103 Sector 1 (PLS1) are o nou\u0103 conducere \u0219i urmeaz\u0103 s\u0103 fie reorganizat\u0103, a anun\u021bat primarul sectorului 1, Clotilde Armand. Tototdat\u0103, ea a declarat c\u0103 a eliberat-o din func\u021bie pe arhitecta \u0219ef a Prim\u0103riei \u0219i c\u0103 va fi lansat un concurs public pentru ocuparea acestei pozi\u021bii.<\/strong><\/p>\n\n\n\n<p><\/p>\n\n\n\n<div class=\"fb-post\" data-href=\"https:\/\/www.facebook.com\/clotildearmand.ro\/posts\/3641668249242537\" data-width=\"500\" data-show-text=\"true\"><blockquote cite=\"https:\/\/www.facebook.com\/clotildearmand.ro\/posts\/3641668249242537\" class=\"fb-xfbml-parse-ignore\"><p>Am eliberat-o din func\u0163ie pe arhitecta \u0219ef a Prim\u0103riei Sectorului 1. Vom lansa cur\u00e2nd un concurs public pentru ocuparea&#8230;<\/p>Publicat\u0103 de <a href=\"https:\/\/www.facebook.com\/clotildearmand.ro\/\">Clotilde Armand<\/a> pe&nbsp;<a href=\"https:\/\/www.facebook.com\/clotildearmand.ro\/posts\/3641668249242537\">Joi, 21 ianuarie 2021<\/a><\/blockquote><\/div>\n\n\n\n<p>Numele noului director al Poli\u021biei Locale este Gheorghe Marian. El a fost auditor \u00een cadrul PLS1. Conform celei mai recente declara\u021bii de avere, \u00een 2019 el a \u00eencasat, \u00een total, 73 mii de lei.<\/p>\n\n\n\n<p><\/p>\n\n\n\n<p>Fostul director al PLS1 a fost demis de Clotilde Armand \u00een urm\u0103 cu aproximativ dou\u0103 luni <a href=\"https:\/\/buletin.de\/bucuresti\/directorul-administratiei-domeniului-public-sector-1-directorul-politiei-locale-sector-1-si-directorul-directiei-de-investitii-demisi-de-clotilde-armand\/\">pe motiv c\u0103 nu \u0219i-a \u00eendeplinit atribu\u021biile<\/a> \u0219i a ales s\u0103 fenteze legea. Buletin de Bucure\u0219ti a f\u0103cut anul trecut mai multe investiga\u021bii despre <a href=\"https:\/\/buletin.de\/bucuresti\/cum-a-profitat-politia-sector-1-de-pandemie-si-a-atribuit-direct-contracte-de-12-milioane-de-euro-episodul-1-teapa-de-jumatate-de-milion-de-euro-din-spatele-livrarii-de-masti-gratuite\/\">cum a profitat Poli\u021bia Local\u0103 de pandemie<\/a> \u0219i a atribuit direct contracte de milioane de euro unor firme f\u0103r\u0103 experien\u021b\u0103 sau cu leg\u0103turi controversate. Am aflat <a href=\"https:\/\/buletin.de\/bucuresti\/fosta-firma-a-lui-vlad-moisescu-a-primit-milioane-de-lei-de-la-sectorul-1-pentru-dezinfectant-in-spate-e-un-paradis-fiscal\/\">c\u0103 a cump\u0103rat dezinfectant de la o firm\u0103 de\u021binut\u0103<\/a> \u00een anii 90 de fostul deputat Vlad Moisescu pe care procurorii DNA l-au acuzat c\u0103 ar fi constituit un grup infrac\u021bional organizat \u00eempreun\u0103 cu un fost primar al sectorului 1. \u00cen plus, m\u0103\u0219tile, combinezoanele \u0219i kiturile de testare COVID-19 de 1.3 milioane de lei au fost <a href=\"https:\/\/buletin.de\/bucuresti\/politia-sectorului-1-comanda-de-masti-de-protectie-de-la-un-xerox-din-voluntari\/\">cump\u0103rate de la un xerox din Voluntari.<\/a><\/p>\n\n\n\n<p><\/p>\n\n\n\n<p>Surs\u0103 cover: <a href=\"https:\/\/www.facebook.com\/clotildearmand.ro\/photos\/3257155384360494\">Facebook Clotilde Armand<\/a><\/p>\n","protected":false},"excerpt":{"rendered":"<p>Poli\u021bia Local\u0103 Sector 1 (PLS1) are o nou\u0103 conducere \u0219i urmeaz\u0103 s\u0103 fie reorganizat\u0103, a anun\u021bat primarul sectorului 1, Clotilde Armand. Tototdat\u0103, ea a declarat c\u0103 a eliberat-o din func\u021bie pe arhitecta \u0219ef a Prim\u0103riei \u0219i c\u0103 va fi lansat un concurs public pentru ocuparea acestei pozi\u021bii. Am eliberat-o din func\u0163ie pe arhitecta \u0219ef a [&hellip;]<\/p>\n","protected":false},"author":6,"featured_media":18459,"comment_status":"closed","ping_status":"open","sticky":false,"template":"","format":"standard","meta":{"_acf_changed":false,"inline_featured_image":false,"ngg_post_thumbnail":0,"footnotes":""},"categories":[24,62],"tags":[2151,1069,308],"ppma_author":[22588],"class_list":["post-18456","post","type-post","status-publish","format-standard","has-post-thumbnail","hentry","category-primarie","category-stiri","tag-demitere","tag-politia-locala-sector-1","tag-sector-1"],"acf":[],"yoast_head":"<!-- This site is optimized with the Yoast SEO Premium plugin v25.3 (Yoast SEO v27.4) - https:\/\/yoast.com\/product\/yoast-seo-premium-wordpress\/ -->\n<title>Schimb\u0103ri de func\u021bii \u00een sectorul 1: Poli\u021bia Local\u0103 are un nou director, iar arhitecta \u0219ef a fost demis\u0103 - Buletin de Bucure\u0219ti<\/title>\n<meta name=\"robots\" content=\"index, follow, max-snippet:-1, max-image-preview:large, max-video-preview:-1\" \/>\n<link rel=\"canonical\" href=\"https:\/\/buletin.de\/bucuresti\/schimbari-de-functii-in-sectorul-1-politia-locala-are-un-nou-director-iar-arhitecta-sef-a-fost-demisa\/\" \/>\n<meta property=\"og:locale\" content=\"en_GB\" \/>\n<meta property=\"og:type\" content=\"article\" \/>\n<meta property=\"og:title\" content=\"Schimb\u0103ri de func\u021bii \u00een sectorul 1: Poli\u021bia Local\u0103 are un nou director, iar arhitecta \u0219ef a fost demis\u0103\" \/>\n<meta property=\"og:description\" content=\"Poli\u021bia Local\u0103 Sector 1 (PLS1) are o nou\u0103 conducere \u0219i urmeaz\u0103 s\u0103 fie reorganizat\u0103, a anun\u021bat primarul sectorului 1, Clotilde Armand. Tototdat\u0103, ea a declarat c\u0103 a eliberat-o din func\u021bie pe arhitecta \u0219ef a Prim\u0103riei \u0219i c\u0103 va fi lansat un concurs public pentru ocuparea acestei pozi\u021bii. Am eliberat-o din func\u0163ie pe arhitecta \u0219ef a [&hellip;]\" \/>\n<meta property=\"og:url\" content=\"https:\/\/buletin.de\/bucuresti\/schimbari-de-functii-in-sectorul-1-politia-locala-are-un-nou-director-iar-arhitecta-sef-a-fost-demisa\/\" \/>\n<meta property=\"og:site_name\" content=\"Buletin de Bucure\u0219ti\" \/>\n<meta property=\"article:publisher\" content=\"https:\/\/www.facebook.com\/buletin.de.buc\" \/>\n<meta property=\"article:published_time\" content=\"2021-01-21T13:48:44+00:00\" \/>\n<meta property=\"article:modified_time\" content=\"2021-01-21T13:49:32+00:00\" \/>\n<meta property=\"og:image\" content=\"https:\/\/buletin.de\/bucuresti\/wp-content\/uploads\/118764501_3257155387693827_293707919414675861_o-1.jpg\" \/>\n\t<meta property=\"og:image:width\" content=\"2048\" \/>\n\t<meta property=\"og:image:height\" content=\"1347\" \/>\n\t<meta property=\"og:image:type\" content=\"image\/jpeg\" \/>\n<meta name=\"author\" content=\"Bianca Albu\" \/>\n<meta name=\"twitter:card\" content=\"summary_large_image\" \/>\n<meta name=\"twitter:label1\" content=\"Written by\" \/>\n\t<meta name=\"twitter:data1\" content=\"Bianca Albu\" \/>\n\t<meta name=\"twitter:label2\" content=\"Estimated reading time\" \/>\n\t<meta name=\"twitter:data2\" content=\"1 minute\" \/>\n<script type=\"application\/ld+json\" class=\"yoast-schema-graph\">{\"@context\":\"https:\\\/\\\/schema.org\",\"@graph\":[{\"@type\":\"Article\",\"@id\":\"https:\\\/\\\/buletin.de\\\/bucuresti\\\/schimbari-de-functii-in-sectorul-1-politia-locala-are-un-nou-director-iar-arhitecta-sef-a-fost-demisa\\\/#article\",\"isPartOf\":{\"@id\":\"https:\\\/\\\/buletin.de\\\/bucuresti\\\/schimbari-de-functii-in-sectorul-1-politia-locala-are-un-nou-director-iar-arhitecta-sef-a-fost-demisa\\\/\"},\"author\":{\"name\":\"Bianca Albu\",\"@id\":\"https:\\\/\\\/buletin.de\\\/bucuresti\\\/#\\\/schema\\\/person\\\/295dc2228d2dc79294d636619468dc7f\"},\"headline\":\"Schimb\u0103ri de func\u021bii \u00een sectorul 1: Poli\u021bia Local\u0103 are un nou director, iar arhitecta \u0219ef a fost demis\u0103\",\"datePublished\":\"2021-01-21T13:48:44+00:00\",\"dateModified\":\"2021-01-21T13:49:32+00:00\",\"mainEntityOfPage\":{\"@id\":\"https:\\\/\\\/buletin.de\\\/bucuresti\\\/schimbari-de-functii-in-sectorul-1-politia-locala-are-un-nou-director-iar-arhitecta-sef-a-fost-demisa\\\/\"},\"wordCount\":275,\"publisher\":{\"@id\":\"https:\\\/\\\/buletin.de\\\/bucuresti\\\/#organization\"},\"image\":{\"@id\":\"https:\\\/\\\/buletin.de\\\/bucuresti\\\/schimbari-de-functii-in-sectorul-1-politia-locala-are-un-nou-director-iar-arhitecta-sef-a-fost-demisa\\\/#primaryimage\"},\"thumbnailUrl\":\"https:\\\/\\\/buletin.de\\\/bucuresti\\\/wp-content\\\/uploads\\\/118764501_3257155387693827_293707919414675861_o-1.jpg\",\"keywords\":[\"demitere\",\"politia locala sector 1\",\"Sector 1\"],\"articleSection\":[\"Prim\u0103rie\",\"\u0218tiri\"],\"inLanguage\":\"en-GB\",\"copyrightYear\":\"2021\",\"copyrightHolder\":{\"@id\":\"https:\\\/\\\/buletin.de\\\/bucuresti\\\/#organization\"}},{\"@type\":\"WebPage\",\"@id\":\"https:\\\/\\\/buletin.de\\\/bucuresti\\\/schimbari-de-functii-in-sectorul-1-politia-locala-are-un-nou-director-iar-arhitecta-sef-a-fost-demisa\\\/\",\"url\":\"https:\\\/\\\/buletin.de\\\/bucuresti\\\/schimbari-de-functii-in-sectorul-1-politia-locala-are-un-nou-director-iar-arhitecta-sef-a-fost-demisa\\\/\",\"name\":\"Schimb\u0103ri de func\u021bii \u00een sectorul 1: Poli\u021bia Local\u0103 are un nou director, iar arhitecta \u0219ef a fost demis\u0103 - Buletin de Bucure\u0219ti\",\"isPartOf\":{\"@id\":\"https:\\\/\\\/buletin.de\\\/bucuresti\\\/#website\"},\"primaryImageOfPage\":{\"@id\":\"https:\\\/\\\/buletin.de\\\/bucuresti\\\/schimbari-de-functii-in-sectorul-1-politia-locala-are-un-nou-director-iar-arhitecta-sef-a-fost-demisa\\\/#primaryimage\"},\"image\":{\"@id\":\"https:\\\/\\\/buletin.de\\\/bucuresti\\\/schimbari-de-functii-in-sectorul-1-politia-locala-are-un-nou-director-iar-arhitecta-sef-a-fost-demisa\\\/#primaryimage\"},\"thumbnailUrl\":\"https:\\\/\\\/buletin.de\\\/bucuresti\\\/wp-content\\\/uploads\\\/118764501_3257155387693827_293707919414675861_o-1.jpg\",\"datePublished\":\"2021-01-21T13:48:44+00:00\",\"dateModified\":\"2021-01-21T13:49:32+00:00\",\"breadcrumb\":{\"@id\":\"https:\\\/\\\/buletin.de\\\/bucuresti\\\/schimbari-de-functii-in-sectorul-1-politia-locala-are-un-nou-director-iar-arhitecta-sef-a-fost-demisa\\\/#breadcrumb\"},\"inLanguage\":\"en-GB\",\"potentialAction\":[{\"@type\":\"ReadAction\",\"target\":[\"https:\\\/\\\/buletin.de\\\/bucuresti\\\/schimbari-de-functii-in-sectorul-1-politia-locala-are-un-nou-director-iar-arhitecta-sef-a-fost-demisa\\\/\"]}]},{\"@type\":\"ImageObject\",\"inLanguage\":\"en-GB\",\"@id\":\"https:\\\/\\\/buletin.de\\\/bucuresti\\\/schimbari-de-functii-in-sectorul-1-politia-locala-are-un-nou-director-iar-arhitecta-sef-a-fost-demisa\\\/#primaryimage\",\"url\":\"https:\\\/\\\/buletin.de\\\/bucuresti\\\/wp-content\\\/uploads\\\/118764501_3257155387693827_293707919414675861_o-1.jpg\",\"contentUrl\":\"https:\\\/\\\/buletin.de\\\/bucuresti\\\/wp-content\\\/uploads\\\/118764501_3257155387693827_293707919414675861_o-1.jpg\",\"width\":2048,\"height\":1347},{\"@type\":\"BreadcrumbList\",\"@id\":\"https:\\\/\\\/buletin.de\\\/bucuresti\\\/schimbari-de-functii-in-sectorul-1-politia-locala-are-un-nou-director-iar-arhitecta-sef-a-fost-demisa\\\/#breadcrumb\",\"itemListElement\":[{\"@type\":\"ListItem\",\"position\":1,\"name\":\"Acas\u0103\",\"item\":\"https:\\\/\\\/buletin.de\\\/bucuresti\\\/\"},{\"@type\":\"ListItem\",\"position\":2,\"name\":\"Schimb\u0103ri de func\u021bii \u00een sectorul 1: Poli\u021bia Local\u0103 are un nou director, iar arhitecta \u0219ef a fost demis\u0103\"}]},{\"@type\":\"WebSite\",\"@id\":\"https:\\\/\\\/buletin.de\\\/bucuresti\\\/#website\",\"url\":\"https:\\\/\\\/buletin.de\\\/bucuresti\\\/\",\"name\":\"Buletin de Bucure\u0219ti\",\"description\":\"\u0218tiri \u0219i investiga\u021bii esen\u021biale din capital\u0103\",\"publisher\":{\"@id\":\"https:\\\/\\\/buletin.de\\\/bucuresti\\\/#organization\"},\"potentialAction\":[{\"@type\":\"SearchAction\",\"target\":{\"@type\":\"EntryPoint\",\"urlTemplate\":\"https:\\\/\\\/buletin.de\\\/bucuresti\\\/?s={search_term_string}\"},\"query-input\":{\"@type\":\"PropertyValueSpecification\",\"valueRequired\":true,\"valueName\":\"search_term_string\"}}],\"inLanguage\":\"en-GB\"},{\"@type\":\"Organization\",\"@id\":\"https:\\\/\\\/buletin.de\\\/bucuresti\\\/#organization\",\"name\":\"Buletin de Bucure\u0219ti\",\"url\":\"https:\\\/\\\/buletin.de\\\/bucuresti\\\/\",\"logo\":{\"@type\":\"ImageObject\",\"inLanguage\":\"en-GB\",\"@id\":\"https:\\\/\\\/buletin.de\\\/bucuresti\\\/#\\\/schema\\\/logo\\\/image\\\/\",\"url\":\"https:\\\/\\\/buletin.de\\\/bucuresti\\\/wp-content\\\/uploads\\\/logo-bdb-full-wide-vernil-transparent.png\",\"contentUrl\":\"https:\\\/\\\/buletin.de\\\/bucuresti\\\/wp-content\\\/uploads\\\/logo-bdb-full-wide-vernil-transparent.png\",\"width\":1782,\"height\":626,\"caption\":\"Buletin de Bucure\u0219ti\"},\"image\":{\"@id\":\"https:\\\/\\\/buletin.de\\\/bucuresti\\\/#\\\/schema\\\/logo\\\/image\\\/\"},\"sameAs\":[\"https:\\\/\\\/www.facebook.com\\\/buletin.de.buc\",\"https:\\\/\\\/www.instagram.com\\\/buletinde.bucuresti\\\/\"]},{\"@type\":\"Person\",\"@id\":\"https:\\\/\\\/buletin.de\\\/bucuresti\\\/#\\\/schema\\\/person\\\/295dc2228d2dc79294d636619468dc7f\",\"name\":\"Bianca Albu\",\"image\":{\"@type\":\"ImageObject\",\"inLanguage\":\"en-GB\",\"@id\":\"https:\\\/\\\/secure.gravatar.com\\\/avatar\\\/3df2e34e20f529e6fd7be4311ee1f7c4ec4aa886971590baf6fa214b15743516?s=96&d=monsterid&r=gf541c715eeec409ce8101252a3c0d8a7\",\"url\":\"https:\\\/\\\/secure.gravatar.com\\\/avatar\\\/3df2e34e20f529e6fd7be4311ee1f7c4ec4aa886971590baf6fa214b15743516?s=96&d=monsterid&r=g\",\"contentUrl\":\"https:\\\/\\\/secure.gravatar.com\\\/avatar\\\/3df2e34e20f529e6fd7be4311ee1f7c4ec4aa886971590baf6fa214b15743516?s=96&d=monsterid&r=g\",\"caption\":\"Bianca Albu\"},\"description\":\"Reporter\",\"url\":\"https:\\\/\\\/buletin.de\\\/bucuresti\\\/author\\\/biancaalbu\\\/\"}]}<\/script>\n<!-- \/ Yoast SEO Premium plugin. -->","yoast_head_json":{"title":"Schimb\u0103ri de func\u021bii \u00een sectorul 1: Poli\u021bia Local\u0103 are un nou director, iar arhitecta \u0219ef a fost demis\u0103 - Buletin de Bucure\u0219ti","robots":{"index":"index","follow":"follow","max-snippet":"max-snippet:-1","max-image-preview":"max-image-preview:large","max-video-preview":"max-video-preview:-1"},"canonical":"https:\/\/buletin.de\/bucuresti\/schimbari-de-functii-in-sectorul-1-politia-locala-are-un-nou-director-iar-arhitecta-sef-a-fost-demisa\/","og_locale":"en_GB","og_type":"article","og_title":"Schimb\u0103ri de func\u021bii \u00een sectorul 1: Poli\u021bia Local\u0103 are un nou director, iar arhitecta \u0219ef a fost demis\u0103","og_description":"Poli\u021bia Local\u0103 Sector 1 (PLS1) are o nou\u0103 conducere \u0219i urmeaz\u0103 s\u0103 fie reorganizat\u0103, a anun\u021bat primarul sectorului 1, Clotilde Armand. Tototdat\u0103, ea a declarat c\u0103 a eliberat-o din func\u021bie pe arhitecta \u0219ef a Prim\u0103riei \u0219i c\u0103 va fi lansat un concurs public pentru ocuparea acestei pozi\u021bii. Am eliberat-o din func\u0163ie pe arhitecta \u0219ef a [&hellip;]","og_url":"https:\/\/buletin.de\/bucuresti\/schimbari-de-functii-in-sectorul-1-politia-locala-are-un-nou-director-iar-arhitecta-sef-a-fost-demisa\/","og_site_name":"Buletin de Bucure\u0219ti","article_publisher":"https:\/\/www.facebook.com\/buletin.de.buc","article_published_time":"2021-01-21T13:48:44+00:00","article_modified_time":"2021-01-21T13:49:32+00:00","og_image":[{"width":2048,"height":1347,"url":"https:\/\/buletin.de\/bucuresti\/wp-content\/uploads\/118764501_3257155387693827_293707919414675861_o-1.jpg","type":"image\/jpeg"}],"author":"Bianca Albu","twitter_card":"summary_large_image","twitter_misc":{"Written by":"Bianca Albu","Estimated reading time":"1 minute"},"schema":{"@context":"https:\/\/schema.org","@graph":[{"@type":"Article","@id":"https:\/\/buletin.de\/bucuresti\/schimbari-de-functii-in-sectorul-1-politia-locala-are-un-nou-director-iar-arhitecta-sef-a-fost-demisa\/#article","isPartOf":{"@id":"https:\/\/buletin.de\/bucuresti\/schimbari-de-functii-in-sectorul-1-politia-locala-are-un-nou-director-iar-arhitecta-sef-a-fost-demisa\/"},"author":{"name":"Bianca Albu","@id":"https:\/\/buletin.de\/bucuresti\/#\/schema\/person\/295dc2228d2dc79294d636619468dc7f"},"headline":"Schimb\u0103ri de func\u021bii \u00een sectorul 1: Poli\u021bia Local\u0103 are un nou director, iar arhitecta \u0219ef a fost demis\u0103","datePublished":"2021-01-21T13:48:44+00:00","dateModified":"2021-01-21T13:49:32+00:00","mainEntityOfPage":{"@id":"https:\/\/buletin.de\/bucuresti\/schimbari-de-functii-in-sectorul-1-politia-locala-are-un-nou-director-iar-arhitecta-sef-a-fost-demisa\/"},"wordCount":275,"publisher":{"@id":"https:\/\/buletin.de\/bucuresti\/#organization"},"image":{"@id":"https:\/\/buletin.de\/bucuresti\/schimbari-de-functii-in-sectorul-1-politia-locala-are-un-nou-director-iar-arhitecta-sef-a-fost-demisa\/#primaryimage"},"thumbnailUrl":"https:\/\/buletin.de\/bucuresti\/wp-content\/uploads\/118764501_3257155387693827_293707919414675861_o-1.jpg","keywords":["demitere","politia locala sector 1","Sector 1"],"articleSection":["Prim\u0103rie","\u0218tiri"],"inLanguage":"en-GB","copyrightYear":"2021","copyrightHolder":{"@id":"https:\/\/buletin.de\/bucuresti\/#organization"}},{"@type":"WebPage","@id":"https:\/\/buletin.de\/bucuresti\/schimbari-de-functii-in-sectorul-1-politia-locala-are-un-nou-director-iar-arhitecta-sef-a-fost-demisa\/","url":"https:\/\/buletin.de\/bucuresti\/schimbari-de-functii-in-sectorul-1-politia-locala-are-un-nou-director-iar-arhitecta-sef-a-fost-demisa\/","name":"Schimb\u0103ri de func\u021bii \u00een sectorul 1: Poli\u021bia Local\u0103 are un nou director, iar arhitecta \u0219ef a fost demis\u0103 - Buletin de Bucure\u0219ti","isPartOf":{"@id":"https:\/\/buletin.de\/bucuresti\/#website"},"primaryImageOfPage":{"@id":"https:\/\/buletin.de\/bucuresti\/schimbari-de-functii-in-sectorul-1-politia-locala-are-un-nou-director-iar-arhitecta-sef-a-fost-demisa\/#primaryimage"},"image":{"@id":"https:\/\/buletin.de\/bucuresti\/schimbari-de-functii-in-sectorul-1-politia-locala-are-un-nou-director-iar-arhitecta-sef-a-fost-demisa\/#primaryimage"},"thumbnailUrl":"https:\/\/buletin.de\/bucuresti\/wp-content\/uploads\/118764501_3257155387693827_293707919414675861_o-1.jpg","datePublished":"2021-01-21T13:48:44+00:00","dateModified":"2021-01-21T13:49:32+00:00","breadcrumb":{"@id":"https:\/\/buletin.de\/bucuresti\/schimbari-de-functii-in-sectorul-1-politia-locala-are-un-nou-director-iar-arhitecta-sef-a-fost-demisa\/#breadcrumb"},"inLanguage":"en-GB","potentialAction":[{"@type":"ReadAction","target":["https:\/\/buletin.de\/bucuresti\/schimbari-de-functii-in-sectorul-1-politia-locala-are-un-nou-director-iar-arhitecta-sef-a-fost-demisa\/"]}]},{"@type":"ImageObject","inLanguage":"en-GB","@id":"https:\/\/buletin.de\/bucuresti\/schimbari-de-functii-in-sectorul-1-politia-locala-are-un-nou-director-iar-arhitecta-sef-a-fost-demisa\/#primaryimage","url":"https:\/\/buletin.de\/bucuresti\/wp-content\/uploads\/118764501_3257155387693827_293707919414675861_o-1.jpg","contentUrl":"https:\/\/buletin.de\/bucuresti\/wp-content\/uploads\/118764501_3257155387693827_293707919414675861_o-1.jpg","width":2048,"height":1347},{"@type":"BreadcrumbList","@id":"https:\/\/buletin.de\/bucuresti\/schimbari-de-functii-in-sectorul-1-politia-locala-are-un-nou-director-iar-arhitecta-sef-a-fost-demisa\/#breadcrumb","itemListElement":[{"@type":"ListItem","position":1,"name":"Acas\u0103","item":"https:\/\/buletin.de\/bucuresti\/"},{"@type":"ListItem","position":2,"name":"Schimb\u0103ri de func\u021bii \u00een sectorul 1: Poli\u021bia Local\u0103 are un nou director, iar arhitecta \u0219ef a fost demis\u0103"}]},{"@type":"WebSite","@id":"https:\/\/buletin.de\/bucuresti\/#website","url":"https:\/\/buletin.de\/bucuresti\/","name":"Buletin de Bucure\u0219ti","description":"\u0218tiri \u0219i investiga\u021bii esen\u021biale din capital\u0103","publisher":{"@id":"https:\/\/buletin.de\/bucuresti\/#organization"},"potentialAction":[{"@type":"SearchAction","target":{"@type":"EntryPoint","urlTemplate":"https:\/\/buletin.de\/bucuresti\/?s={search_term_string}"},"query-input":{"@type":"PropertyValueSpecification","valueRequired":true,"valueName":"search_term_string"}}],"inLanguage":"en-GB"},{"@type":"Organization","@id":"https:\/\/buletin.de\/bucuresti\/#organization","name":"Buletin de Bucure\u0219ti","url":"https:\/\/buletin.de\/bucuresti\/","logo":{"@type":"ImageObject","inLanguage":"en-GB","@id":"https:\/\/buletin.de\/bucuresti\/#\/schema\/logo\/image\/","url":"https:\/\/buletin.de\/bucuresti\/wp-content\/uploads\/logo-bdb-full-wide-vernil-transparent.png","contentUrl":"https:\/\/buletin.de\/bucuresti\/wp-content\/uploads\/logo-bdb-full-wide-vernil-transparent.png","width":1782,"height":626,"caption":"Buletin de Bucure\u0219ti"},"image":{"@id":"https:\/\/buletin.de\/bucuresti\/#\/schema\/logo\/image\/"},"sameAs":["https:\/\/www.facebook.com\/buletin.de.buc","https:\/\/www.instagram.com\/buletinde.bucuresti\/"]},{"@type":"Person","@id":"https:\/\/buletin.de\/bucuresti\/#\/schema\/person\/295dc2228d2dc79294d636619468dc7f","name":"Bianca Albu","image":{"@type":"ImageObject","inLanguage":"en-GB","@id":"https:\/\/secure.gravatar.com\/avatar\/3df2e34e20f529e6fd7be4311ee1f7c4ec4aa886971590baf6fa214b15743516?s=96&d=monsterid&r=gf541c715eeec409ce8101252a3c0d8a7","url":"https:\/\/secure.gravatar.com\/avatar\/3df2e34e20f529e6fd7be4311ee1f7c4ec4aa886971590baf6fa214b15743516?s=96&d=monsterid&r=g","contentUrl":"https:\/\/secure.gravatar.com\/avatar\/3df2e34e20f529e6fd7be4311ee1f7c4ec4aa886971590baf6fa214b15743516?s=96&d=monsterid&r=g","caption":"Bianca Albu"},"description":"Reporter","url":"https:\/\/buletin.de\/bucuresti\/author\/biancaalbu\/"}]}},"authors":[{"term_id":22588,"user_id":6,"is_guest":0,"slug":"biancaalbu","display_name":"Bianca Albu","avatar_url":"https:\/\/secure.gravatar.com\/avatar\/3df2e34e20f529e6fd7be4311ee1f7c4ec4aa886971590baf6fa214b15743516?s=96&d=monsterid&r=g","0":null,"1":"","2":"","3":"","4":"","5":"","6":"","7":"","8":""}],"_links":{"self":[{"href":"https:\/\/buletin.de\/bucuresti\/wp-json\/wp\/v2\/posts\/18456","targetHints":{"allow":["GET"]}}],"collection":[{"href":"https:\/\/buletin.de\/bucuresti\/wp-json\/wp\/v2\/posts"}],"about":[{"href":"https:\/\/buletin.de\/bucuresti\/wp-json\/wp\/v2\/types\/post"}],"author":[{"embeddable":true,"href":"https:\/\/buletin.de\/bucuresti\/wp-json\/wp\/v2\/users\/6"}],"replies":[{"embeddable":true,"href":"https:\/\/buletin.de\/bucuresti\/wp-json\/wp\/v2\/comments?post=18456"}],"version-history":[{"count":5,"href":"https:\/\/buletin.de\/bucuresti\/wp-json\/wp\/v2\/posts\/18456\/revisions"}],"predecessor-version":[{"id":18467,"href":"https:\/\/buletin.de\/bucuresti\/wp-json\/wp\/v2\/posts\/18456\/revisions\/18467"}],"wp:featuredmedia":[{"embeddable":true,"href":"https:\/\/buletin.de\/bucuresti\/wp-json\/wp\/v2\/media\/18459"}],"wp:attachment":[{"href":"https:\/\/buletin.de\/bucuresti\/wp-json\/wp\/v2\/media?parent=18456"}],"wp:term":[{"taxonomy":"category","embeddable":true,"href":"https:\/\/buletin.de\/bucuresti\/wp-json\/wp\/v2\/categories?post=18456"},{"taxonomy":"post_tag","embeddable":true,"href":"https:\/\/buletin.de\/bucuresti\/wp-json\/wp\/v2\/tags?post=18456"},{"taxonomy":"author","embeddable":true,"href":"https:\/\/buletin.de\/bucuresti\/wp-json\/wp\/v2\/ppma_author?post=18456"}],"curies":[{"name":"wp","href":"https:\/\/api.w.org\/{rel}","templated":true}]}}