{"id":184513,"date":"2026-04-02T09:00:27","date_gmt":"2026-04-02T07:00:27","guid":{"rendered":"https:\/\/buletin.de\/bucuresti\/?p=184513"},"modified":"2026-04-02T15:14:43","modified_gmt":"2026-04-02T13:14:43","slug":"livetext-majoritatea-lui-ciucu-la-primul-test-real-in-cgmb-comasari-parcari-si-tensiuni-cu-sindicatele","status":"publish","type":"post","link":"https:\/\/buletin.de\/bucuresti\/livetext-majoritatea-lui-ciucu-la-primul-test-real-in-cgmb-comasari-parcari-si-tensiuni-cu-sindicatele\/","title":{"rendered":"LIVETEXT | Majoritatea lui Ciucu, la primul test real \u00een CGMB: comas\u0103ri, parc\u0103ri \u0219i tensiuni cu sindicatele"},"content":{"rendered":"\n<p><strong>Consilierii generali ai Capitalei vor dezbate \u0219i vor vota o agend\u0103 \u00eenc\u0103rcat\u0103 cu proiecte controversate, reforme administrative \u0219i m\u0103suri cu impact asupra traficului bucure\u0219tean.<\/strong><\/p>\n\n\n\n<p>\u0218edin\u021ba are loc \u00eentr-un context politic schimbat, dup\u0103 formarea unei noi majorit\u0103\u021bi \u00een CGMB, alc\u0103tuit\u0103 din PNL, USR, REPER, PMP \u0219i For\u021ba Dreptei, care controleaz\u0103 28 din cele 55 de voturi.<\/p>\n\n\n\n<p>Noua configura\u021bie i-ar putea permite primarului Ciucu adoptarea proiectelor f\u0103r\u0103 sprijinul PSD, PUSL \u0219i AUR, care au \u201eboicotat\u201d p\u00e2n\u0103 acum \u0219edin\u021bele \u0219i au cauzat mai multe blocaje din lipsa de cvorum.<\/p>\n\n\n\n<p><strong>CITE\u0218TE \u0218I:<\/strong> <strong><a href=\"https:\/\/buletin.de\/bucuresti\/teatrelii-protesteaza-fata-de-comasarea-propusa-de-ciucu-vor-vinde-bilete-pentru-spectacole-care-vor-fi-anulate\/\">Protest \u201ecultural\u201d \u00eempotriva lui Ciucu. Teatrelii va \u201evinde\u201d bilete pentru spectacole care vor fi anulate<\/a><\/strong><\/p>\n\n\n\n<hr class=\"wp-block-separator has-alpha-channel-opacity\"\/>\n\n\n\n<h2 class=\"wp-block-heading\" id=\"h-update-16-10-mai-multe-proiecte-au-fost-votate\">Update 16:10: Mai multe proiecte au fost votate <\/h2>\n\n\n\n<p>Dup\u0103 ce a fost votat\u0103 men\u021binerea gratuit\u0103\u021bii parc\u0103rii pentru ma\u0219inile electrice, p\u00e2n\u0103 la finalul anului viitor, \u0219edin\u021ba CGMB de ast\u0103zi s-a desf\u0103\u0219urat \u00eentr-un ritm mai rapid. <\/p>\n\n\n\n<p>Consilierii generali au votat mai multe proiecte, printre care \u0219i cel care vizeaz\u0103 modernizarea sistemului de termoficare, pentru urm\u0103tori doi ani, \u0219i reabilitarea Pasajului Victoriei, investi\u021bie de <a href=\"https:\/\/buletin.de\/bucuresti\/pasajul-victoriei-ar-putea-intra-in-reparatii-capitale-proiect-de-60-de-milioane-de-euro-pe-masa-consiliului-general\/\" type=\"link\" id=\"https:\/\/buletin.de\/bucuresti\/pasajul-victoriei-ar-putea-intra-in-reparatii-capitale-proiect-de-60-de-milioane-de-euro-pe-masa-consiliului-general\/\" target=\"_blank\" rel=\"noreferrer noopener\">60 de milioane de euro<\/a>. Se vor realiza \u0219i noi exproprieri pe Prelungirea Ghencea, \u00eentre strada Bra\u0219ov \u0219i terminalul tramvaiului 41. <\/p>\n\n\n\n<p>Colegiul \u201eSf\u00e2ntul Sava\u201d se va separa de \u0218coala \u201eVasile Alecsandri\u201d, iar un teren \u0219i o cl\u0103dire de pe Calea \u0218erban Vod\u0103, aflate acum la STB, ar putea trece\u00a0\u00een\u00a0administrarea Direc\u0163iei Generale de Asisten\u0163\u0103 Social\u0103 a Municipiului Bucure\u0219ti, dup\u0103 ce proiectele au fost votate. <\/p>\n\n\n\n<p>De asemenea, Pia\u021ba Unirii va fi transformat\u0103 \u00eentr-un mare nod de transport, dup\u0103 ce proiectul privind extinderea infrastructurii de tramvai \u00een zon\u0103 <a href=\"https:\/\/buletin.de\/bucuresti\/harta-piata-unirii-va-fi-transformata-in-nod-major-de-transport-lucrarile-au-fost-avizate-de-mapn-sri-si-sts\/\" type=\"link\" id=\"https:\/\/buletin.de\/bucuresti\/harta-piata-unirii-va-fi-transformata-in-nod-major-de-transport-lucrarile-au-fost-avizate-de-mapn-sri-si-sts\/\" target=\"_blank\" rel=\"noreferrer noopener\">a fost adoptat<\/a> cu 46 de voturi. Va fi realizat \u0219i drumul de 20 de milioane de euro pentru cartierul Henri Coand\u0103. <\/p>\n\n\n\n<p>\u00cen plus, a fost votat \u0219i proiectul \u201eNodul Avionului \u2013 \u00eenchidere inel median\u201d, prin care Prim\u0103ria propune un parteneriat cu CFR pentru relansarea investi\u021biei, care se ridic\u0103 la aproape 170 de milioane de euro. <\/p>\n\n\n\n<hr class=\"wp-block-separator has-alpha-channel-opacity\"\/>\n\n\n\n<h2 class=\"wp-block-heading\" id=\"h-update-15-20-ma\u0219inile-electrice-i\u0219i-pastreaza-gratuitatea-la-parcare-jurnali\u0219tii-\u0219i-cei-cu-ma\u0219ini-hibride-nu-mai-sunt-scuti\u021bi\">Update 15:20: Ma\u0219inile electrice \u00ee\u0219i p\u0103streaz\u0103 gratuitatea la parcare. Jurnali\u0219tii \u0219i cei cu ma\u0219ini hibride nu mai sunt scuti\u021bi<\/h2>\n\n\n\n<p>Posesorii de ma\u0219ini electrice sunt \u00een continuare scuti\u021bi de plata taxei parc\u0103rii, dup\u0103 ce USR \u0219i REPER au depus amendamente \u00een acest sens.<\/p>\n\n\n\n<p>Cele dou\u0103 partide au propus men\u021binerea acestei facilit\u0103\u021bi p\u00e2n\u0103 la finalul anului 2028, exclusiv pentru vehiculele electrice, \u00eens\u0103 dup\u0103 o or\u0103 de consult\u0103ri, consilierii generali au decis s\u0103 adopte un amendament comun care modific\u0103 termenul. Gratuitatea va mai fi valabil\u0103 p\u00e2n\u0103 la sf\u00e2r\u0219itul anului 2027.<\/p>\n\n\n\n<p>Cele hibrid nu vor mai fi scutite.<\/p>\n\n\n\n<p>Facilitatea a fost introdus\u0103, pentru prima dat\u0103, \u00een mai 2016, pentru a \u00eencuraja achizi\u021bia ma\u0219inilor mai pu\u021bin poluante.<\/p>\n\n\n\n<p><em>\u201e\u00cencuraj\u0103m mai degrab\u0103 un transport cu zero emisii\u201d<\/em>, a argumentat un consilier REPER.<\/p>\n\n\n\n<p>Primarul general nu a fost de acord cu acest amendament. Edilul a explicat c\u0103 impactul asupra politicilor de mediu este minim \u0219i c\u0103 o ma\u0219in\u0103 electric\u0103 ocup\u0103 la fel de mult loc ca orice ma\u0219in\u0103.<\/p>\n\n\n\n<p><em>\u201e\u00cen urma votului aloc\u0103rii banilor c\u0103tre sectoare, banii tot nu ne ajung. \u00cen ceea ce prive\u0219te tranzi\u021bia c\u0103tre transportul electrificat, ce sus\u021bin acum este tranzi\u021bia c\u0103tre transportul public&#8221;<\/em>, a spus Ciprian Ciucu.<\/p>\n\n\n\n<p>El a mai spus c\u0103 sistemul energetic public \u0219i privat din Capital\u0103 nu face posibil\u0103 o promovare a transportului electrificat.<\/p>\n\n\n\n<p>Nici ma\u0219inile presei nu mai sunt scutite de la plata parc\u0103rii.<\/p>\n\n\n\n<p>M\u0103sura aceasta a fost motivat\u0103 de faptul c\u0103 serviciul de parc\u0103ri a ajuns \u201eo glum\u0103\u201d, conform edilului, \u0219i c\u0103, de\u0219i \u00een Capital\u0103 exist\u0103 aproximativ 40.000 de locuri de parcare, num\u0103rul ma\u0219inilor care beneficiaz\u0103 de gratuitate se ridic\u0103 la 100.000.<\/p>\n\n\n\n<p>Peste 5.000 de ma\u0219ini ale presei au avut gratuitate, iar peste 1.400 erau doar pentru TVR.<\/p>\n\n\n\n<hr class=\"wp-block-separator has-alpha-channel-opacity\"\/>\n\n\n\n<h2 class=\"wp-block-heading\" id=\"h-update-13-15-cele-10-institu\u021bii-culturale-\u0219i-pentru-spa\u021bii-verzi-\u0219i-cimitire-au-fost-comasate\">Update 13:15: Cele 10 institu\u021bii culturale \u0219i pentru spa\u021bii verzi \u0219i cimitire au fost comasate<\/h2>\n\n\n\n<p>Cele \u0219apte institu\u021bii care se ocup\u0103 cu organizarea de evenimente din domeniul cultural au fost comasate \u00eentr-o singur\u0103 institu\u021bie numit\u0103 Direc\u021bia General\u0103 de Arte \u0219i Evenimente Urbane.<\/p>\n\n\n\n<p>112 posturi au fost desfiin\u021bate, iar 50 de angaja\u021bi \u00eenceteaz\u0103 raportul de munc\u0103, conform hot\u0103r\u00e2rii.<\/p>\n\n\n\n<p>De asemenea, Administra\u021bia Lacuri, Parcuri \u0219i Agrement Bucure\u0219ti (ALPAB), Centrul de Protec\u021bia Plantelor \u0219i Administra\u021bia Cimitirelor vor fi reunite \u00eentr-o singur\u0103 institu\u021bie care se va numi Administra\u021bia Domeniului Public a Municipiului Bucure\u0219ti (ADPMB).<\/p>\n\n\n\n<h2 class=\"wp-block-heading\" id=\"h-update-13-13-muzeul-copiilor-promovat-intens-de-gabriela-firea-scapa-de-taierile-de-posturi\">Update 13:13: Muzeul Copiilor promovat intens de Gabriela Firea scap\u0103 de t\u0103ierile de posturi<\/h2>\n\n\n\n<p>Muzeul Copiilor, proiectul PROEDUS pentru copii, despre care Buletin de Bucure\u0219ti a scris de-a lungul timpului c\u0103 e implicat \u00een \u201eachizi\u021bii cu dedica\u021bie\u201d, a sc\u0103pat de t\u0103ierile de posturi, printr-un amendament depus de consilierul USR Drago\u0219 Radu.<\/p>\n\n\n\n<p><em>\u201eAceast\u0103 modificare este justificat\u0103 de faptul c\u0103 proiectul Muzeul Copiilor se remarc\u0103 prin cre\u015fterea de la an la an a veniturilor proprii \u0219i a num\u0103rului de vizitatori, peste 80.000 \u00een anul 2025\u201d<\/em>, se arat\u0103 \u00een amendamentul lui Drago\u0219 Radu.<\/p>\n\n\n\n<p>Astfel, proiectul fanion al fostului primar Gabriela Firea, \u00ee\u0219i p\u0103streaz\u0103 num\u0103rul de posturi de conducere \u0219i de execu\u021bie.<\/p>\n\n\n\n<p><strong>CITE\u0218TE \u0218I: <a href=\"https:\/\/buletin.de\/bucuresti\/marea-familie-de-la-muzeul-copiilor-contracte-de-aproape-un-milion-de-lei-fara-licitatie-pentru-exponate-inchiriate-si-uzate\/\" type=\"link\" id=\"https:\/\/buletin.de\/bucuresti\/marea-familie-de-la-muzeul-copiilor-contracte-de-aproape-un-milion-de-lei-fara-licitatie-pentru-exponate-inchiriate-si-uzate\/\">\u201eMarea Familie\u201d de la Muzeul Copiilor: contracte de aproape un milion de lei, f\u0103r\u0103 licita\u021bie, pentru exponate second-hand \u00eenchiriate<\/a><\/strong>&nbsp;<\/p>\n\n\n\n<hr class=\"wp-block-separator has-alpha-channel-opacity\"\/>\n\n\n\n<h2 class=\"wp-block-heading\" id=\"h-update-13-10-domnule-primar-crede\u021bi-in-dumnezeu\">Update 13:10: \u201eDomnule primar, crede\u021bi \u00een Dumnezeu?\u201d<\/h2>\n\n\n\n<p><em>\u201eDomnule primar, crede\u021bi \u00een Dumnezeu?\u201d<\/em>, a \u021binut consilierul AUR Ovidiu Zar\u0103 s\u0103-l \u00eentrebe pe Ciprian Ciucu, \u00een discu\u021bia despre comasarea institu\u021biilor.<\/p>\n\n\n\n<p>\u00centrebarea lui a r\u0103mas f\u0103r\u0103 r\u0103spuns.<\/p>\n\n\n\n<hr class=\"wp-block-separator has-alpha-channel-opacity\"\/>\n\n\n\n<h2 class=\"wp-block-heading\" id=\"h-update-13-02-consilier-pusl-daca-renun\u021bam-la-tramvaiele-din-rusia-trebuie-sa-renun\u021bam-\u0219i-la-trotinetele-electrice-din-china\">Update 13:02: Consilier PUSL: \u201eDac\u0103 renun\u021b\u0103m la tramvaiele din Rusia, trebuie s\u0103 renun\u021b\u0103m \u0219i la trotinetele electrice din China\u201d<\/h2>\n\n\n\n<p>\u00cen timp ce se discuta despre comasarea institu\u021biilor, consilierul PUSL Bogdan Jelea a avut o interven\u021bie, \u00een care a afirmat c\u0103 el este de acord cu renun\u021barea la tramvaiele ruse\u0219ti care trebuie s\u0103 fie preluate de STB. Totu\u0219i, a men\u021bionat c\u0103 \u201edac\u0103 renun\u021b\u0103m la tramvaiele din Rusia, trebuie s\u0103 renun\u021b\u0103m \u0219i la trotinetele electrice din China\u201d.<\/p>\n\n\n\n<p>Consiliului Na\u021bional de Solu\u021bionare a Contesta\u021biilor (CNSC) a obligat STB, anul trecut, s\u0103 cumpere 40 de tramvaie de la Electroputere VFU Pa\u0219cani, firm\u0103 controlat\u0103 de c\u0103tre Gruia Stoica. <\/p>\n\n\n\n<p>Compania nu produce vehiculele \u00een Rom\u00e2nia, ci le aduce din Rusia.<\/p>\n\n\n\n<p>Electroputere a dat \u00een judecat\u0103 Societatea de Transport Bucure\u0219ti, dup\u0103 ce \u00een 2020 a c\u00e2\u0219tigat licita\u021bia organizat\u0103 de Prim\u0103ria Capitalei, condus\u0103 pe atunci de Gabriela Firea.<\/p>\n\n\n\n<p>Ulterior, c\u00e2nd func\u021bia de primar a fost preluat\u0103 de c\u0103tre Nicu\u0219or Dan, acesta a interzis conducerii STB s\u0103 semneze documentul, consider\u00e2nd c\u0103 este nesustenabil \u0219i riscant.<\/p>\n\n\n\n<p><strong>CITE\u0218TE \u0218I: <a href=\"https:\/\/buletin.de\/bucuresti\/razboiul-tramvaielor-rusesti-continua-stb-contesta-a-doua-decizie-prin-care-este-obligata-sa-le-cumpere-club-feroviar\/\" type=\"link\" id=\"https:\/\/buletin.de\/bucuresti\/razboiul-tramvaielor-rusesti-continua-stb-contesta-a-doua-decizie-prin-care-este-obligata-sa-le-cumpere-club-feroviar\/\">Saga tramvaielor ruse\u0219ti continu\u0103. STB contest\u0103 a doua decizie prin care este obligat\u0103 s\u0103 le cumpere | Club feroviar<\/a><\/strong><\/p>\n\n\n\n<hr class=\"wp-block-separator has-alpha-channel-opacity\"\/>\n\n\n\n<h2 class=\"wp-block-heading\" id=\"h-update-12-00-reorganizarea-aparatului-de-specialitate-a-trecut-de-votul-consilierilor\">Update 12:00: Reorganizarea aparatului de specialitate a trecut de votul consilierilor<\/h2>\n\n\n\n<p>Proiectul de hot\u0103r\u00e2re pentru reorganizarea aparatului de specialitate al primarului a fost adoptat, \u00een ciuda opozi\u021biei masive.<\/p>\n\n\n\n<p>\u201e<em>Felicit\u0103ri, a\u0219a se iau hot\u0103r\u00e2rile. S\u0103 v\u0103 fie ru\u0219ine<\/em>!\u201d, a spus unul dintre oamenii veni\u021bi pentru a-\u0219i exprima dezacordul cu m\u0103surirle propuse de Ciprian Ciucu.<\/p>\n\n\n\n<p>Ulterior, mai multe persoane au strigat &#8220;s\u0103 v\u0103 fie ru\u0219ine!&#8221;.<\/p>\n\n\n\n<hr class=\"wp-block-separator has-alpha-channel-opacity\"\/>\n\n\n\n<h2 class=\"wp-block-heading\" id=\"h-update-11-42-unui-angajat-i-s-a-facut-rau\">Update 11:42: Unui angajat i s-a f\u0103cut r\u0103u<\/h2>\n\n\n\n<p>\u0218edin\u021ba a fost perturbat\u0103 \u00een urm\u0103 cu pu\u021bin timp, din cauza unor zgomote puternice care veneau de pe hol.<\/p>\n\n\n\n<p>Unuia dintre pompierii institu\u021biei i s-ar fi f\u0103cut r\u0103u. Acesta era \u00eentins pe jos, \u00een holul din afara s\u0103lii de \u0219edin\u021b\u0103.<\/p>\n\n\n\n<p>Departamentul Pompieri al PMB este \u0219i el vizat de restructur\u0103ri, iar pompierul respectiv a mai vorbit cu presa \u00een trecut, \u00eempotriva acestor restructur\u0103ri.<\/p>\n\n\n\n<p>Responsabili din prim\u0103rie au sunat la serviciul de urgen\u021b\u0103 \u0219i au men\u021bionat c\u0103 o ambulan\u021b\u0103 va ajunge \u00een scurt timp.<\/p>\n\n\n\n<iframe width=\"560\" height=\"315\" src=\"https:\/\/www.youtube.com\/embed\/yYD-FbHvWsk?si=9nXjzWZPuzipieC9\" title=\"YouTube video player\" frameborder=\"0\" allow=\"accelerometer; autoplay; clipboard-write; encrypted-media; gyroscope; picture-in-picture; web-share\" referrerpolicy=\"strict-origin-when-cross-origin\" allowfullscreen><\/iframe>\n\n\n\n<hr class=\"wp-block-separator has-alpha-channel-opacity\"\/>\n\n\n\n<h2 class=\"wp-block-heading\" id=\"h-update-11-36-taieri-de-microfon-chiar-cand-se-vorbea-de-blaturi\">Update 11:36: T\u0103ieri de microfon, chiar c\u00e2nd se vorbea de \u201eblaturi\u201d<\/h2>\n\n\n\n<p>\u00cempotriva restructur\u0103rii a mai vorbit C\u0103t\u0103lina Lupu, de la Direc\u021bia de Investi\u021bii, a f\u0103cut valuri c\u00e2nd a \u00eenceput s\u0103 vorbeasc\u0103 despre \u201eblaturi\u201d f\u0103cute de PMB, \u00eens\u0103 i-a fost rapid t\u0103iat microfonul.<\/p>\n\n\n\n<p>Un consilier a spus c\u0103 nu este normal ca Ciprian Ciucu, care a p\u0103r\u0103sit recent sala, s\u0103 nu fie prezent c\u00e2nd oameni din subordinea lui vin s\u0103-\u0219i spun\u0103 punctul de vedere despre un proiect care \u00eei afecteaz\u0103 \u0219i care a fost ini\u021biat chiar de primarul general.<\/p>\n\n\n\n<hr class=\"wp-block-separator has-alpha-channel-opacity\"\/>\n\n\n\n<h2 class=\"wp-block-heading\" id=\"h-update-11-18-director-pmb-niciodata-nu-mi-am-batut-joc-de-banul-public\">Update 11:18: Director PMB: \u201eNiciodat\u0103 nu mi-am b\u0103tut joc de banul public\u201d<\/h2>\n\n\n\n<p>Liliana Minc\u0103, \u0219efa Direc\u021biei Monitorizare Recuperare Debite \/ Crean\u021be, a \u021binut un discurs aprins adresat primarului general, \u00een care a spus c\u0103 se opune restructur\u0103rii \u0219i c\u0103 direc\u021bia pe care o conduce este cea care aduce bani \u00een prim\u0103rie.<\/p>\n\n\n\n<p><em>\u201eNiciodat\u0103 nu mi-am b\u0103tut joc de banul public\u201d,<\/em> a spus ea. Angajata prim\u0103riei nu a reu\u0219it s\u0103-\u0219i termine discursul, pentru c\u0103 pre\u0219edintele de \u0219edin\u021b\u0103, Cosmin Smighelschi, i-a t\u0103iat microfonul din cauz\u0103 c\u0103 nu a reu\u0219it s\u0103 se \u00eencadreze \u00een timpul stabilit pentru fiecare luare de cuv\u00e2nt.<\/p>\n\n\n\n<p>Unul dintre consilieri i-a atras aten\u021bia pre\u0219edintelui c\u0103 oamenii afecta\u021bi de proiectele propuse trebuie l\u0103sa\u021bi s\u0103 termine de vorbit.<\/p>\n\n\n\n<hr class=\"wp-block-separator has-alpha-channel-opacity\"\/>\n\n\n\n<h2 class=\"wp-block-heading\" id=\"h-update-11-02-sindicali\u0219tii-se-opun-restructurarilor\">Update 11:02: Sindicali\u0219tii se opun restructur\u0103rilor<\/h2>\n\n\n\n<p>Vicepre\u0219edintele Federa\u021biei Na\u021bional\u0103 a Sindicatelor din Administra\u021bie, Pompiliu Buzduga, a luat cuv\u00e2ntul \u00een \u0219edin\u021b\u0103 \u0219i a cerut retragerea proiectelor de pe ordinea de zi care vizau reorganiz\u0103ri \u00een institu\u021bie.<\/p>\n\n\n\n<p>El a argumentat c\u0103 \u00een prim\u0103rie au fost adu\u0219i mul\u021bi angaja\u021bi din alte institu\u021bii, f\u0103c\u00e2nd referire la persoane de la Prim\u0103ria Sectorului 6 care l-au urmat pe Ciprian Ciucu la PMB, iar astfel, aceste restructur\u0103ri nu sunt justificate, a spus el.<\/p>\n\n\n\n<p>Dumitru Gherdan, membru \u00een Consiliul Director al Sindicatului Forum, a argumentat \u0219i el de la prezidiu c\u0103 <em>\u201ea face o restructurare \u00een condi\u021biile \u00een care zeci de alte persoane din alte institu\u021bii vin \u00een timp ce dai mul\u021bi al\u021bii afar\u0103 e de nepermis. (&#8230;) Noi ca sindicate nu avem nicio putere s\u0103 facem nimic \u00een Rom\u00e2nia, dac\u0103 opozi\u021bia este da fa\u021bad\u0103\u201d<\/em>.<\/p>\n\n\n\n<p>Pre\u0219edintele Federa\u021biei Sindicatelor din Administra\u021bie Bucure\u0219ti, Mircea Mure\u0219an, a spus c\u0103 adoptarea \u0219i promovarea accestor hot\u0103r\u00e2ri nu este legal\u0103.<\/p>\n\n\n\n<p>\u201eOameni competen\u021bi vor fi da\u021bi afar\u0103 \u0219i vor fi adu\u0219i al\u021bii care probabil nu \u0219tiu s\u0103-\u0219i fac\u0103 activitatea\u201d, a spus el.<\/p>\n\n\n\n<p>De asemenea, a mai ad\u0103ugat c\u0103 este absurd s\u0103 fie comasate ALPAB, care se ocup\u0103 de parcuri, cu institu\u021bia care se ocup\u0103 de cimitire. <\/p>\n\n\n\n<hr class=\"wp-block-separator has-alpha-channel-opacity\"\/>\n\n\n\n<h2 class=\"wp-block-heading\" id=\"h-update-10-30-repartizarea-banilor-catre-sectoare-introdusa-pe-ordinea-de-zi-suplimentara\">Update 10:30: Repartizarea banilor c\u0103tre sectoare, introdus\u0103 pe ordinea de zi suplimentar\u0103<\/h2>\n\n\n\n<p>\u0218edin\u021ba a \u00eenceput oficial, iar repartizarea banilor c\u0103tre sectoarele Capitalei a fost introdus\u0103 \u00een ultimul moment pe ordinea de zi suplimentar\u0103 \u0219i mutat\u0103 \u00een capul listei.<\/p>\n\n\n\n<p>Proiectul a fost adoptat cu 41 voturi pentru, 7 ab\u021bineri \u0219i niciun vot \u00eempotriv\u0103. Sumele vor fi repartizate astfel:<\/p>\n\n\n\n<figure class=\"wp-block-image size-full\"><img fetchpriority=\"high\" decoding=\"async\" width=\"643\" height=\"284\" src=\"data:image\/gif;base64,R0lGODlhAQABAAAAACH5BAEKAAEALAAAAAABAAEAAAICTAEAOw==\" data-src=\"https:\/\/buletin.de\/bucuresti\/wp-content\/uploads\/2026\/04\/image.png\" alt=\"\" class=\"wp-image-184538 lazyload\" data-sizes=\"auto\" data-srcset=\"https:\/\/buletin.de\/bucuresti\/wp-content\/uploads\/2026\/04\/image.png 643w, https:\/\/buletin.de\/bucuresti\/wp-content\/uploads\/2026\/04\/image-300x133.png 300w, https:\/\/buletin.de\/bucuresti\/wp-content\/uploads\/2026\/04\/image-600x265.png 600w, https:\/\/buletin.de\/bucuresti\/wp-content\/uploads\/2026\/04\/image-20x9.png 20w\" sizes=\"(max-width: 643px) 100vw, 643px\" \/><\/figure>\n\n\n\n<p>Suma este cea corespunz\u0103toare cotei de 85% din impozitul pe venit estimat a fi \u00eencasat \u00een perioada aprilie \u2013 decembrie 2026.<\/p>\n\n\n\n<hr class=\"wp-block-separator has-alpha-channel-opacity\"\/>\n\n\n\n<h2 class=\"wp-block-heading\" id=\"h-update-10-00-domnule-ciucu-ar-fi-bine-sa-va-aminti\u021bi-cine-v-a-adus-in-func\u021bie\">Update 10:00: \u201eDomnule Ciucu, ar fi bine s\u0103 v\u0103 aminti\u021bi cine v-a adus \u00een func\u021bie\u201d<\/h2>\n\n\n\n<p>\u0218edin\u021ba \u00eenc\u0103 nu a \u00eenceput, \u00eens\u0103 oameni care s-au prezentat drept arti\u0219ti au \u00eemp\u0103r\u021bit presei un memoriu de nelegalitate privind comasarea institu\u021biilor \u0219i o peti\u021bie cu zeci de pagini de semn\u0103turi.<\/p>\n\n\n\n<p>Memoriul de nelegalitate a fost \u00eentocmit de Manolescu Cosmin, artist independent, care colaboreaz\u0103 cu ARCUB, CREART \u0219i Centrul Cultural Expo Arte.<\/p>\n\n\n\n<p><em>\u201eMinisterul Culturii a comunicat public c\u0103 institu\u021biile publice de cultur\u0103 din subordinea unit\u0103\u021bilor administrativ-teritoriale nu intr\u0103 sub inciden\u021ba m\u0103surilor de reducere a personalului \u0219i c\u0103 excep\u021bia a fost inserat\u0103 la solicitarea sa expres\u0103\u201d<\/em>, se arat\u0103 \u00een document<\/p>\n\n\n\n<p>Artistul a mai argumentat c\u0103 procedura de concediere colectiv\u0103 nu poate fi parcurs\u0103 \u00een termenul de 60 de zile.<\/p>\n\n\n\n<p><em>\u201eTermenul global de 60 de zile prev\u0103zut \u00een proiect nu permite parcurgerea legal\u0103 a acestor etape \u00een succesiunea lor obligatorie, expun\u00e2nd toate deciziile de concediere riscului de anulare \u00een instan\u021b\u0103\u201d<\/em>, se mai arat\u0103 \u00een memoriu.<\/p>\n\n\n\n<p>\u00cen peti\u021bia semnat\u0103 de mai mul\u021bi arti\u0219ti, scriitori, exper\u021bi culturali, curatori de expozi\u021bii \u0219i al\u021bi oameni din domeniul cultural, adresat\u0103 primarului general, ei cer renun\u021barea la \u201ecomasarea for\u021bat\u0103 a institu\u021biilor cu misiuni distincte\u201d.<\/p>\n\n\n\n<p><em>\u201eDomnule primar Ciprian Ciucu, a\u021bi c\u00e2\u0219tigat alegerile cu voturile arti\u0219tilor, intelectualilor \u0219i lucr\u0103torilor din industriile creative. Ace\u0219tia v-au ales pentru c\u0103 au crezut c\u0103 ve\u021bi pune cultura \u0219i patrimoniul \u00een prim-planul comunit\u0103\u021bii \u0219i nu c\u0103 o ve\u021bi desfiin\u021ba sub pretextul eficien\u021bei.<\/em><\/p>\n\n\n\n<p><em>\u00cenainte de a t\u0103ia bugetele culturale \u0219i a desfiin\u021ba prin comasare, Domnule Primar Ciprian Ciucu, ar fi bine s\u0103 v\u0103 aminti\u021bi cine v-a adus \u00een func\u021bie\u201d<\/em>, au spus ei.<\/p>\n\n\n\n<p>Printre ini\u021biatorii peti\u021biei se afl\u0103 nume precum Dan Cipariu, scriitor \u0219i manager cultural, Florin Iaru, scriitor, Mihai Zgondoiu, artist vizual \u0219i Lauren\u021biu Constantin, director al Festivalului de Muzic\u0103 Veche Bucure\u0219ti.<\/p>\n\n\n\n<hr class=\"wp-block-separator has-alpha-channel-opacity\"\/>\n\n\n\n<h2 class=\"wp-block-heading\" id=\"h-tensiuni-cu-sindicatele\">Tensiuni cu sindicatele<\/h2>\n\n\n\n<p>Pe ordinea de zi se afl\u0103 unele dintre cele mai sensibile ini\u021biative ale administra\u021biei conduse de primarul general Ciprian Ciucu, care vizeaz\u0103 restructurarea unor institu\u021bii, dar \u0219i schimb\u0103ri care pot afecta \u0219oferii \u0219i traficul din Bucure\u0219ti.<\/p>\n\n\n\n<p>Una dintre cele mai tensionate teme este reorganizarea unor institu\u021bii din subordinea Prim\u0103riei Capitalei. <\/p>\n\n\n\n<p><strong>CITE\u0218TE \u0218I: <a href=\"https:\/\/buletin.de\/bucuresti\/desfiintarea-a-10-institutii-din-subordinea-primariei-capitalei-propusa-de-ciucu-a-starnit-furia-sindicatelor-se-anunta-o-sedinta-de-cgmb-cu-scantei\/\">Desfiin\u021barea a 10 institu\u021bii din subordinea Prim\u0103riei Capitalei, propus\u0103 de Ciucu, a st\u00e2rnit furia sindicatelor. Se anun\u021b\u0103 o \u0219edin\u021b\u0103 de CGMB cu sc\u00e2ntei<\/a><\/strong><\/p>\n\n\n\n<p>Proiectul prevede comasarea a zece institu\u021bii \u00een dou\u0103 structuri noi, cu reducerea semnificativ\u0103 a unui num\u0103r de posturi.<\/p>\n\n\n\n<p>M\u0103sura a generat reac\u021bii dure din partea sindicatelor, care acuz\u0103 lipsa consult\u0103rii \u0219i riscul unor concedieri colective mascate. Reprezentan\u021bii angaja\u021bilor au anun\u021bat c\u0103 vor fi prezen\u021bi la \u0219edin\u021b\u0103 \u0219i nu exclud declan\u0219area conflictului colectiv de munc\u0103.<\/p>\n\n\n\n<p>Prim\u0103ria nu a avut un punct de vedere pe acest subiect.<\/p>\n\n\n\n<p>\u00cen paralel, consilierii vor dezbate \u0219i proiecte legate de reorganizarea serviciilor publice \u0219i eficientizarea cheltuielilor, parte dintr-un pachet mai larg de reforme prin care Ciprian Ciucu \u00eencearc\u0103 s\u0103 reduc\u0103 costurile \u0219i s\u0103 restructureze institu\u021biile considerate inutile.<\/p>\n\n\n\n<h2 class=\"wp-block-heading\" id=\"h-ma\u0219inile-electrice-hibride-\u0219i-jurnali\u0219tii-ar-putea-pierde-gratuitatea-la-parcare\">Ma\u0219inile electrice, hibride \u0219i jurnali\u0219tii ar putea pierde gratuitatea la parcare<\/h2>\n\n\n\n<p>Un alt subiect important \u00eel reprezint\u0103 anularea anumitor gratuit\u0103\u021bi la parc\u0103rile administrate de <a href=\"http:\/\/pmb.ro\">PMB<\/a>.<\/p>\n\n\n\n<p>Dup\u0103 dezbaterile din ultimele s\u0103pt\u0103m\u00e2ni, \u00een care s-a propus eliminarea mai multor facilit\u0103\u021bi, inclusiv pentru ma\u0219inile electrice, hibride \u0219i pentru jurnali\u0219ti, tema e acum pe masa Consiliului General.<\/p>\n\n\n\n<p>M\u0103surile sunt justificate de administra\u021bia Ciucu prin supraaglomerarea locurilor de parcare \u0219i necesitatea unei utiliz\u0103ri echitabile a spa\u021biului public. Din cele 6.000 de permise pentru jurnali\u0219ti, peste 1.400 sunt doar pentru TVR.<\/p>\n\n\n\n<p><strong>CITE\u0218TE \u0218I: <a href=\"https:\/\/buletin.de\/bucuresti\/dispar-sau-nu-parcarile-gratuite-pentru-jurnalisti-proiectul-in-dezbatere-publica-din-cele-6-000-de-permise-pentru-jurnalisti-peste-1-400-suntdoar-pentru-tvr\/\">Dispar sau nu parc\u0103rile gratuite pentru jurnali\u0219ti? Proiectul, \u00een dezbatere public\u0103. Din cele 6.000 de permise pentru jurnali\u0219ti, peste 1.400 sunt doar pentru TVR<\/a><\/strong><\/p>\n\n\n\n<p>Consilierii USR, parte din \u201ecoali\u021bia\u201d din jurul lui Ciucu, au anun\u021bat deja c\u0103 vor solicita men\u021binerea parc\u0103rii gratuite exclusiv pentru ma\u0219inile electrice, prin depunerea unui amendament la proiectul de hot\u0103r\u00e2re pentru eliminarea facilit\u0103\u021bii.<\/p>\n\n\n\n<p><strong>CITE\u0218TE \u0218I: <a href=\"https:\/\/buletin.de\/bucuresti\/usr-bucuresti-solicita-mentinerea-parcarii-gratuite-pentru-masinile-electrice-pana-la-finalul-anului-2028\/\">USR Bucure\u0219ti solicit\u0103 men\u021binerea parc\u0103rii gratuite pentru ma\u0219inile electrice p\u00e2n\u0103 la finalul anului 2028<\/a><\/strong><\/p>\n\n\n\n<h2 class=\"wp-block-heading\" id=\"h-alte-proiecte-importante\">Alte proiecte importante<\/h2>\n\n\n\n<p>Pe agenda \u0219edin\u021bei se afl\u0103 \u0219i proiecte de infrastructur\u0103 de amploare, precum reabilitarea unor pasaje rutiere, investi\u021bii \u00een extinderea re\u021belei de transport \u0219i parteneriate pentru proiecte majore de mobilitate urban\u0103.<\/p>\n\n\n\n<p>Reabilitarea Pasajului Victoriei se num\u0103r\u0103 printre aceste obiective.<\/p>\n\n\n\n<p>Valoarea total\u0103 a investi\u021biei este de 247.101.429,30 lei, f\u0103r\u0103 TVA. 2.466.059,79 lei, adic\u0103 peste 400.000 de euro sunt prev\u0103zu\u021bi doar pentru asisten\u021ba tehnic\u0103, iar proiectarea cost\u0103 4.449.792,22 lei, adic\u0103 peste 800.000 de euro.<\/p>\n\n\n\n<p><strong>CITE\u0218TE \u0218I: <a href=\"https:\/\/buletin.de\/bucuresti\/cat-va-dura-reabilitarea-pasajului-victoriei-peste-400-000-de-euro-prevazuti-pentru-dirigentia-de-santier\/\">C\u00e2t va dura reabilitarea Pasajului Victoriei. Peste 400.000 de euro prev\u0103zu\u021bi pentru dirigen\u021bia de \u0219antier<\/a><\/strong><\/p>\n\n\n\n<p>De asemenea, consilierii vor discuta \u0219i ini\u021biative legate de adaptarea ora\u0219ului la schimb\u0103rile climatice, mai exact proiectul privind re\u021beaua de refugii anti-canicul\u0103, care presupune utilizarea unor spa\u021bii existente din ora\u0219 pentru protejarea popula\u021biei \u00een perioadele de temperaturi extreme.<\/p>\n\n\n\n<p><strong>CITE\u0218TE \u0218I: <a href=\"https:\/\/buletin.de\/bucuresti\/retea-de-refugii-anti-canicula-in-bucuresti-primaria-capitalei-impune-reguli-stricte-si-paseaza-costurile-catre-alte-institutii\/\">Re\u021bea de refugii anti-canicul\u0103 \u00een Bucure\u0219ti: Prim\u0103ria Capitalei impune reguli stricte \u0219i \u201epaseaz\u0103\u201d costurile c\u0103tre alte institu\u021bii<\/a><\/strong><\/p>\n\n\n\n<p>Proiectul a fost criticat pentru faptul c\u0103 transfer\u0103 o parte din costuri c\u0103tre alte institu\u021bii \u0219i operatori.<\/p>\n\n\n\n<p><strong>\u0218edin\u021ba de ast\u0103zi este a\u0219teptat\u0103 s\u0103 fie una tensionat\u0103, pe fondul conflictelor dintre administra\u021bie \u0219i sindicate. Buletin de Bucure\u0219ti va transmite \u00een regim livetext principalele decizii \u0219i momente relevante ale dezbaterilor.<\/strong><\/p>\n\n\n\n<p><strong>CITE\u0218TE \u0218I:<\/strong> <strong><a href=\"https:\/\/buletin.de\/bucuresti\/editorial-factura-pentru-mafiile-de-la-periferie-din-bugetul-pe-2026-cum-ajung-banii-bucurestenilor-in-feudele-imobiliare-din-ilfov\/\">EDITORIAL | Factura pentru mafiile de la periferie din bugetul pe 2026. Cum ajung banii bucure\u0219tenilor \u00een feudele imobiliare din Ilfov<\/a><\/strong><\/p>\n","protected":false},"excerpt":{"rendered":"<p>Consilierii generali ai Capitalei vor dezbate \u0219i vor vota o agend\u0103 \u00eenc\u0103rcat\u0103 cu proiecte controversate, reforme administrative \u0219i m\u0103suri cu impact asupra traficului bucure\u0219tean. \u0218edin\u021ba are loc \u00eentr-un context politic schimbat, dup\u0103 formarea unei noi majorit\u0103\u021bi \u00een CGMB, alc\u0103tuit\u0103 din PNL, USR, REPER, PMP \u0219i For\u021ba Dreptei, care controleaz\u0103 28 din cele 55 de voturi. [&hellip;]<\/p>\n","protected":false},"author":59,"featured_media":184514,"comment_status":"closed","ping_status":"open","sticky":false,"template":"","format":"standard","meta":{"_acf_changed":false,"inline_featured_image":false,"ngg_post_thumbnail":0,"footnotes":""},"categories":[6994,5762,9025,24],"tags":[9,2054,148,2089],"ppma_author":[22572],"class_list":["post-184513","post","type-post","status-publish","format-standard","has-post-thumbnail","hentry","category-stiri-2","category-main","category-politic","category-primarie","tag-bucuresti","tag-capitala","tag-cgmb","tag-ciprian-ciucu"],"acf":[],"yoast_head":"<!-- This site is optimized with the Yoast SEO Premium plugin v25.3 (Yoast SEO v27.5) - https:\/\/yoast.com\/product\/yoast-seo-premium-wordpress\/ -->\n<title>LIVETEXT | Majoritatea lui Ciucu, la primul test real \u00een CGMB: comas\u0103ri, parc\u0103ri \u0219i tensiuni cu sindicatele - Buletin de Bucure\u0219ti<\/title>\n<meta name=\"description\" content=\"LIVETEXT | Majoritatea lui Ciucu, la primul test real \u00een CGMB: comas\u0103ri, parc\u0103ri \u0219i tensiuni cu sindicatele\" \/>\n<meta name=\"robots\" content=\"index, follow, max-snippet:-1, max-image-preview:large, max-video-preview:-1\" \/>\n<link rel=\"canonical\" href=\"https:\/\/buletin.de\/bucuresti\/livetext-majoritatea-lui-ciucu-la-primul-test-real-in-cgmb-comasari-parcari-si-tensiuni-cu-sindicatele\/\" \/>\n<meta property=\"og:locale\" content=\"en_GB\" \/>\n<meta property=\"og:type\" content=\"article\" \/>\n<meta property=\"og:title\" content=\"LIVETEXT | Majoritatea lui Ciucu, la primul test real \u00een CGMB: comas\u0103ri, parc\u0103ri \u0219i tensiuni cu sindicatele\" \/>\n<meta property=\"og:description\" content=\"LIVETEXT | Majoritatea lui Ciucu, la primul test real \u00een CGMB: comas\u0103ri, parc\u0103ri \u0219i tensiuni cu sindicatele\" \/>\n<meta property=\"og:url\" content=\"https:\/\/buletin.de\/bucuresti\/livetext-majoritatea-lui-ciucu-la-primul-test-real-in-cgmb-comasari-parcari-si-tensiuni-cu-sindicatele\/\" \/>\n<meta property=\"og:site_name\" content=\"Buletin de Bucure\u0219ti\" \/>\n<meta property=\"article:publisher\" content=\"https:\/\/www.facebook.com\/buletin.de.buc\" \/>\n<meta property=\"article:published_time\" content=\"2026-04-02T07:00:27+00:00\" \/>\n<meta property=\"article:modified_time\" content=\"2026-04-02T13:14:43+00:00\" \/>\n<meta property=\"og:image\" content=\"https:\/\/buletin.de\/bucuresti\/wp-content\/uploads\/2026\/04\/649326063_10165100608874203_8122306666998680345_n-e1774937102660.jpg\" \/>\n\t<meta property=\"og:image:width\" content=\"1600\" \/>\n\t<meta property=\"og:image:height\" content=\"955\" \/>\n\t<meta property=\"og:image:type\" content=\"image\/jpeg\" \/>\n<meta name=\"author\" content=\"C\u0103t\u0103lin Anghel-Dimache\" \/>\n<meta name=\"twitter:card\" content=\"summary_large_image\" \/>\n<meta name=\"twitter:label1\" content=\"Written by\" \/>\n\t<meta name=\"twitter:data1\" content=\"C\u0103t\u0103lin Anghel-Dimache\" \/>\n\t<meta name=\"twitter:label2\" content=\"Estimated reading time\" \/>\n\t<meta name=\"twitter:data2\" content=\"12 minutes\" \/>\n<script type=\"application\/ld+json\" class=\"yoast-schema-graph\">{\"@context\":\"https:\\\/\\\/schema.org\",\"@graph\":[{\"@type\":\"Article\",\"@id\":\"https:\\\/\\\/buletin.de\\\/bucuresti\\\/livetext-majoritatea-lui-ciucu-la-primul-test-real-in-cgmb-comasari-parcari-si-tensiuni-cu-sindicatele\\\/#article\",\"isPartOf\":{\"@id\":\"https:\\\/\\\/buletin.de\\\/bucuresti\\\/livetext-majoritatea-lui-ciucu-la-primul-test-real-in-cgmb-comasari-parcari-si-tensiuni-cu-sindicatele\\\/\"},\"author\":{\"name\":\"C\u0103t\u0103lin Anghel-Dimache\",\"@id\":\"https:\\\/\\\/buletin.de\\\/bucuresti\\\/#\\\/schema\\\/person\\\/0ac9db30080482be87c7386a30f98796\"},\"headline\":\"LIVETEXT | Majoritatea lui Ciucu, la primul test real \u00een CGMB: comas\u0103ri, parc\u0103ri \u0219i tensiuni cu sindicatele\",\"datePublished\":\"2026-04-02T07:00:27+00:00\",\"dateModified\":\"2026-04-02T13:14:43+00:00\",\"mainEntityOfPage\":{\"@id\":\"https:\\\/\\\/buletin.de\\\/bucuresti\\\/livetext-majoritatea-lui-ciucu-la-primul-test-real-in-cgmb-comasari-parcari-si-tensiuni-cu-sindicatele\\\/\"},\"wordCount\":2844,\"publisher\":{\"@id\":\"https:\\\/\\\/buletin.de\\\/bucuresti\\\/#organization\"},\"image\":{\"@id\":\"https:\\\/\\\/buletin.de\\\/bucuresti\\\/livetext-majoritatea-lui-ciucu-la-primul-test-real-in-cgmb-comasari-parcari-si-tensiuni-cu-sindicatele\\\/#primaryimage\"},\"thumbnailUrl\":\"https:\\\/\\\/buletin.de\\\/bucuresti\\\/wp-content\\\/uploads\\\/2026\\\/04\\\/649326063_10165100608874203_8122306666998680345_n-e1774937102660.jpg\",\"keywords\":[\"bucuresti\",\"Capitala\",\"cgmb\",\"ciprian ciucu\"],\"articleSection\":[\"Articole\",\"Main\",\"Politic\",\"Prim\u0103rie\"],\"inLanguage\":\"en-GB\",\"copyrightYear\":\"2026\",\"copyrightHolder\":{\"@id\":\"https:\\\/\\\/buletin.de\\\/bucuresti\\\/#organization\"}},{\"@type\":\"WebPage\",\"@id\":\"https:\\\/\\\/buletin.de\\\/bucuresti\\\/livetext-majoritatea-lui-ciucu-la-primul-test-real-in-cgmb-comasari-parcari-si-tensiuni-cu-sindicatele\\\/\",\"url\":\"https:\\\/\\\/buletin.de\\\/bucuresti\\\/livetext-majoritatea-lui-ciucu-la-primul-test-real-in-cgmb-comasari-parcari-si-tensiuni-cu-sindicatele\\\/\",\"name\":\"LIVETEXT | Majoritatea lui Ciucu, la primul test real \u00een CGMB: comas\u0103ri, parc\u0103ri \u0219i tensiuni cu sindicatele - Buletin de Bucure\u0219ti\",\"isPartOf\":{\"@id\":\"https:\\\/\\\/buletin.de\\\/bucuresti\\\/#website\"},\"primaryImageOfPage\":{\"@id\":\"https:\\\/\\\/buletin.de\\\/bucuresti\\\/livetext-majoritatea-lui-ciucu-la-primul-test-real-in-cgmb-comasari-parcari-si-tensiuni-cu-sindicatele\\\/#primaryimage\"},\"image\":{\"@id\":\"https:\\\/\\\/buletin.de\\\/bucuresti\\\/livetext-majoritatea-lui-ciucu-la-primul-test-real-in-cgmb-comasari-parcari-si-tensiuni-cu-sindicatele\\\/#primaryimage\"},\"thumbnailUrl\":\"https:\\\/\\\/buletin.de\\\/bucuresti\\\/wp-content\\\/uploads\\\/2026\\\/04\\\/649326063_10165100608874203_8122306666998680345_n-e1774937102660.jpg\",\"datePublished\":\"2026-04-02T07:00:27+00:00\",\"dateModified\":\"2026-04-02T13:14:43+00:00\",\"description\":\"LIVETEXT | Majoritatea lui Ciucu, la primul test real \u00een CGMB: comas\u0103ri, parc\u0103ri \u0219i tensiuni cu sindicatele\",\"breadcrumb\":{\"@id\":\"https:\\\/\\\/buletin.de\\\/bucuresti\\\/livetext-majoritatea-lui-ciucu-la-primul-test-real-in-cgmb-comasari-parcari-si-tensiuni-cu-sindicatele\\\/#breadcrumb\"},\"inLanguage\":\"en-GB\",\"potentialAction\":[{\"@type\":\"ReadAction\",\"target\":[\"https:\\\/\\\/buletin.de\\\/bucuresti\\\/livetext-majoritatea-lui-ciucu-la-primul-test-real-in-cgmb-comasari-parcari-si-tensiuni-cu-sindicatele\\\/\"]}]},{\"@type\":\"ImageObject\",\"inLanguage\":\"en-GB\",\"@id\":\"https:\\\/\\\/buletin.de\\\/bucuresti\\\/livetext-majoritatea-lui-ciucu-la-primul-test-real-in-cgmb-comasari-parcari-si-tensiuni-cu-sindicatele\\\/#primaryimage\",\"url\":\"https:\\\/\\\/buletin.de\\\/bucuresti\\\/wp-content\\\/uploads\\\/2026\\\/04\\\/649326063_10165100608874203_8122306666998680345_n-e1774937102660.jpg\",\"contentUrl\":\"https:\\\/\\\/buletin.de\\\/bucuresti\\\/wp-content\\\/uploads\\\/2026\\\/04\\\/649326063_10165100608874203_8122306666998680345_n-e1774937102660.jpg\",\"width\":1600,\"height\":955,\"caption\":\"Majoritatea lui Ciucu, la primul test real \u00een CGMB. Foto: Facebook \\\/ Ciprian Ciucu\"},{\"@type\":\"BreadcrumbList\",\"@id\":\"https:\\\/\\\/buletin.de\\\/bucuresti\\\/livetext-majoritatea-lui-ciucu-la-primul-test-real-in-cgmb-comasari-parcari-si-tensiuni-cu-sindicatele\\\/#breadcrumb\",\"itemListElement\":[{\"@type\":\"ListItem\",\"position\":1,\"name\":\"Acas\u0103\",\"item\":\"https:\\\/\\\/buletin.de\\\/bucuresti\\\/\"},{\"@type\":\"ListItem\",\"position\":2,\"name\":\"LIVETEXT | Majoritatea lui Ciucu, la primul test real \u00een CGMB: comas\u0103ri, parc\u0103ri \u0219i tensiuni cu sindicatele\"}]},{\"@type\":\"WebSite\",\"@id\":\"https:\\\/\\\/buletin.de\\\/bucuresti\\\/#website\",\"url\":\"https:\\\/\\\/buletin.de\\\/bucuresti\\\/\",\"name\":\"Buletin de Bucure\u0219ti\",\"description\":\"\u0218tiri \u0219i investiga\u021bii esen\u021biale din capital\u0103\",\"publisher\":{\"@id\":\"https:\\\/\\\/buletin.de\\\/bucuresti\\\/#organization\"},\"potentialAction\":[{\"@type\":\"SearchAction\",\"target\":{\"@type\":\"EntryPoint\",\"urlTemplate\":\"https:\\\/\\\/buletin.de\\\/bucuresti\\\/?s={search_term_string}\"},\"query-input\":{\"@type\":\"PropertyValueSpecification\",\"valueRequired\":true,\"valueName\":\"search_term_string\"}}],\"inLanguage\":\"en-GB\"},{\"@type\":\"Organization\",\"@id\":\"https:\\\/\\\/buletin.de\\\/bucuresti\\\/#organization\",\"name\":\"Buletin de Bucure\u0219ti\",\"url\":\"https:\\\/\\\/buletin.de\\\/bucuresti\\\/\",\"logo\":{\"@type\":\"ImageObject\",\"inLanguage\":\"en-GB\",\"@id\":\"https:\\\/\\\/buletin.de\\\/bucuresti\\\/#\\\/schema\\\/logo\\\/image\\\/\",\"url\":\"https:\\\/\\\/buletin.de\\\/bucuresti\\\/wp-content\\\/uploads\\\/logo-bdb-full-wide-vernil-transparent.png\",\"contentUrl\":\"https:\\\/\\\/buletin.de\\\/bucuresti\\\/wp-content\\\/uploads\\\/logo-bdb-full-wide-vernil-transparent.png\",\"width\":1782,\"height\":626,\"caption\":\"Buletin de Bucure\u0219ti\"},\"image\":{\"@id\":\"https:\\\/\\\/buletin.de\\\/bucuresti\\\/#\\\/schema\\\/logo\\\/image\\\/\"},\"sameAs\":[\"https:\\\/\\\/www.facebook.com\\\/buletin.de.buc\",\"https:\\\/\\\/www.instagram.com\\\/buletinde.bucuresti\\\/\"]},{\"@type\":\"Person\",\"@id\":\"https:\\\/\\\/buletin.de\\\/bucuresti\\\/#\\\/schema\\\/person\\\/0ac9db30080482be87c7386a30f98796\",\"name\":\"C\u0103t\u0103lin Anghel-Dimache\",\"image\":{\"@type\":\"ImageObject\",\"inLanguage\":\"en-GB\",\"@id\":\"https:\\\/\\\/buletin.de\\\/bucuresti\\\/wp-content\\\/uploads\\\/Catalin-Anghel-Dimache-96x96.jpgbd9e43c5b25186d5b8e917ac61ad86c4\",\"url\":\"https:\\\/\\\/buletin.de\\\/bucuresti\\\/wp-content\\\/uploads\\\/Catalin-Anghel-Dimache-96x96.jpg\",\"contentUrl\":\"https:\\\/\\\/buletin.de\\\/bucuresti\\\/wp-content\\\/uploads\\\/Catalin-Anghel-Dimache-96x96.jpg\",\"caption\":\"C\u0103t\u0103lin Anghel-Dimache\"},\"description\":\"A absolvit Facultatea de Jurnalism \u0219i \u0218tiin\u021bele Comunic\u0103rii a Universit\u0103\u021bii din Bucure\u0219ti \u00een 2024. Scrie despre mediu \u0219i teme sociale, dar \u0219i despre cum se reflect\u0103 ele \u00een via\u021ba cotidian\u0103 a bucure\u0219tenilor, cu un ochi atent la pove\u0219tile personale din spatele titlurilor. N\u0103scut \u0219i crescut \u00een Bucure\u0219ti, a f\u0103cut un pas c\u0103tre presa local\u0103, din pasiune pentru ora\u0219ul s\u0103u \u0219i oamenii din el.\",\"url\":\"https:\\\/\\\/buletin.de\\\/bucuresti\\\/author\\\/catalin-anghel-dimache\\\/\"}]}<\/script>\n<!-- \/ Yoast SEO Premium plugin. -->","yoast_head_json":{"title":"LIVETEXT | Majoritatea lui Ciucu, la primul test real \u00een CGMB: comas\u0103ri, parc\u0103ri \u0219i tensiuni cu sindicatele - Buletin de Bucure\u0219ti","description":"LIVETEXT | Majoritatea lui Ciucu, la primul test real \u00een CGMB: comas\u0103ri, parc\u0103ri \u0219i tensiuni cu sindicatele","robots":{"index":"index","follow":"follow","max-snippet":"max-snippet:-1","max-image-preview":"max-image-preview:large","max-video-preview":"max-video-preview:-1"},"canonical":"https:\/\/buletin.de\/bucuresti\/livetext-majoritatea-lui-ciucu-la-primul-test-real-in-cgmb-comasari-parcari-si-tensiuni-cu-sindicatele\/","og_locale":"en_GB","og_type":"article","og_title":"LIVETEXT | Majoritatea lui Ciucu, la primul test real \u00een CGMB: comas\u0103ri, parc\u0103ri \u0219i tensiuni cu sindicatele","og_description":"LIVETEXT | Majoritatea lui Ciucu, la primul test real \u00een CGMB: comas\u0103ri, parc\u0103ri \u0219i tensiuni cu sindicatele","og_url":"https:\/\/buletin.de\/bucuresti\/livetext-majoritatea-lui-ciucu-la-primul-test-real-in-cgmb-comasari-parcari-si-tensiuni-cu-sindicatele\/","og_site_name":"Buletin de Bucure\u0219ti","article_publisher":"https:\/\/www.facebook.com\/buletin.de.buc","article_published_time":"2026-04-02T07:00:27+00:00","article_modified_time":"2026-04-02T13:14:43+00:00","og_image":[{"width":1600,"height":955,"url":"https:\/\/buletin.de\/bucuresti\/wp-content\/uploads\/2026\/04\/649326063_10165100608874203_8122306666998680345_n-e1774937102660.jpg","type":"image\/jpeg"}],"author":"C\u0103t\u0103lin Anghel-Dimache","twitter_card":"summary_large_image","twitter_misc":{"Written by":"C\u0103t\u0103lin Anghel-Dimache","Estimated reading time":"12 minutes"},"schema":{"@context":"https:\/\/schema.org","@graph":[{"@type":"Article","@id":"https:\/\/buletin.de\/bucuresti\/livetext-majoritatea-lui-ciucu-la-primul-test-real-in-cgmb-comasari-parcari-si-tensiuni-cu-sindicatele\/#article","isPartOf":{"@id":"https:\/\/buletin.de\/bucuresti\/livetext-majoritatea-lui-ciucu-la-primul-test-real-in-cgmb-comasari-parcari-si-tensiuni-cu-sindicatele\/"},"author":{"name":"C\u0103t\u0103lin Anghel-Dimache","@id":"https:\/\/buletin.de\/bucuresti\/#\/schema\/person\/0ac9db30080482be87c7386a30f98796"},"headline":"LIVETEXT | Majoritatea lui Ciucu, la primul test real \u00een CGMB: comas\u0103ri, parc\u0103ri \u0219i tensiuni cu sindicatele","datePublished":"2026-04-02T07:00:27+00:00","dateModified":"2026-04-02T13:14:43+00:00","mainEntityOfPage":{"@id":"https:\/\/buletin.de\/bucuresti\/livetext-majoritatea-lui-ciucu-la-primul-test-real-in-cgmb-comasari-parcari-si-tensiuni-cu-sindicatele\/"},"wordCount":2844,"publisher":{"@id":"https:\/\/buletin.de\/bucuresti\/#organization"},"image":{"@id":"https:\/\/buletin.de\/bucuresti\/livetext-majoritatea-lui-ciucu-la-primul-test-real-in-cgmb-comasari-parcari-si-tensiuni-cu-sindicatele\/#primaryimage"},"thumbnailUrl":"https:\/\/buletin.de\/bucuresti\/wp-content\/uploads\/2026\/04\/649326063_10165100608874203_8122306666998680345_n-e1774937102660.jpg","keywords":["bucuresti","Capitala","cgmb","ciprian ciucu"],"articleSection":["Articole","Main","Politic","Prim\u0103rie"],"inLanguage":"en-GB","copyrightYear":"2026","copyrightHolder":{"@id":"https:\/\/buletin.de\/bucuresti\/#organization"}},{"@type":"WebPage","@id":"https:\/\/buletin.de\/bucuresti\/livetext-majoritatea-lui-ciucu-la-primul-test-real-in-cgmb-comasari-parcari-si-tensiuni-cu-sindicatele\/","url":"https:\/\/buletin.de\/bucuresti\/livetext-majoritatea-lui-ciucu-la-primul-test-real-in-cgmb-comasari-parcari-si-tensiuni-cu-sindicatele\/","name":"LIVETEXT | Majoritatea lui Ciucu, la primul test real \u00een CGMB: comas\u0103ri, parc\u0103ri \u0219i tensiuni cu sindicatele - Buletin de Bucure\u0219ti","isPartOf":{"@id":"https:\/\/buletin.de\/bucuresti\/#website"},"primaryImageOfPage":{"@id":"https:\/\/buletin.de\/bucuresti\/livetext-majoritatea-lui-ciucu-la-primul-test-real-in-cgmb-comasari-parcari-si-tensiuni-cu-sindicatele\/#primaryimage"},"image":{"@id":"https:\/\/buletin.de\/bucuresti\/livetext-majoritatea-lui-ciucu-la-primul-test-real-in-cgmb-comasari-parcari-si-tensiuni-cu-sindicatele\/#primaryimage"},"thumbnailUrl":"https:\/\/buletin.de\/bucuresti\/wp-content\/uploads\/2026\/04\/649326063_10165100608874203_8122306666998680345_n-e1774937102660.jpg","datePublished":"2026-04-02T07:00:27+00:00","dateModified":"2026-04-02T13:14:43+00:00","description":"LIVETEXT | Majoritatea lui Ciucu, la primul test real \u00een CGMB: comas\u0103ri, parc\u0103ri \u0219i tensiuni cu sindicatele","breadcrumb":{"@id":"https:\/\/buletin.de\/bucuresti\/livetext-majoritatea-lui-ciucu-la-primul-test-real-in-cgmb-comasari-parcari-si-tensiuni-cu-sindicatele\/#breadcrumb"},"inLanguage":"en-GB","potentialAction":[{"@type":"ReadAction","target":["https:\/\/buletin.de\/bucuresti\/livetext-majoritatea-lui-ciucu-la-primul-test-real-in-cgmb-comasari-parcari-si-tensiuni-cu-sindicatele\/"]}]},{"@type":"ImageObject","inLanguage":"en-GB","@id":"https:\/\/buletin.de\/bucuresti\/livetext-majoritatea-lui-ciucu-la-primul-test-real-in-cgmb-comasari-parcari-si-tensiuni-cu-sindicatele\/#primaryimage","url":"https:\/\/buletin.de\/bucuresti\/wp-content\/uploads\/2026\/04\/649326063_10165100608874203_8122306666998680345_n-e1774937102660.jpg","contentUrl":"https:\/\/buletin.de\/bucuresti\/wp-content\/uploads\/2026\/04\/649326063_10165100608874203_8122306666998680345_n-e1774937102660.jpg","width":1600,"height":955,"caption":"Majoritatea lui Ciucu, la primul test real \u00een CGMB. Foto: Facebook \/ Ciprian Ciucu"},{"@type":"BreadcrumbList","@id":"https:\/\/buletin.de\/bucuresti\/livetext-majoritatea-lui-ciucu-la-primul-test-real-in-cgmb-comasari-parcari-si-tensiuni-cu-sindicatele\/#breadcrumb","itemListElement":[{"@type":"ListItem","position":1,"name":"Acas\u0103","item":"https:\/\/buletin.de\/bucuresti\/"},{"@type":"ListItem","position":2,"name":"LIVETEXT | Majoritatea lui Ciucu, la primul test real \u00een CGMB: comas\u0103ri, parc\u0103ri \u0219i tensiuni cu sindicatele"}]},{"@type":"WebSite","@id":"https:\/\/buletin.de\/bucuresti\/#website","url":"https:\/\/buletin.de\/bucuresti\/","name":"Buletin de Bucure\u0219ti","description":"\u0218tiri \u0219i investiga\u021bii esen\u021biale din capital\u0103","publisher":{"@id":"https:\/\/buletin.de\/bucuresti\/#organization"},"potentialAction":[{"@type":"SearchAction","target":{"@type":"EntryPoint","urlTemplate":"https:\/\/buletin.de\/bucuresti\/?s={search_term_string}"},"query-input":{"@type":"PropertyValueSpecification","valueRequired":true,"valueName":"search_term_string"}}],"inLanguage":"en-GB"},{"@type":"Organization","@id":"https:\/\/buletin.de\/bucuresti\/#organization","name":"Buletin de Bucure\u0219ti","url":"https:\/\/buletin.de\/bucuresti\/","logo":{"@type":"ImageObject","inLanguage":"en-GB","@id":"https:\/\/buletin.de\/bucuresti\/#\/schema\/logo\/image\/","url":"https:\/\/buletin.de\/bucuresti\/wp-content\/uploads\/logo-bdb-full-wide-vernil-transparent.png","contentUrl":"https:\/\/buletin.de\/bucuresti\/wp-content\/uploads\/logo-bdb-full-wide-vernil-transparent.png","width":1782,"height":626,"caption":"Buletin de Bucure\u0219ti"},"image":{"@id":"https:\/\/buletin.de\/bucuresti\/#\/schema\/logo\/image\/"},"sameAs":["https:\/\/www.facebook.com\/buletin.de.buc","https:\/\/www.instagram.com\/buletinde.bucuresti\/"]},{"@type":"Person","@id":"https:\/\/buletin.de\/bucuresti\/#\/schema\/person\/0ac9db30080482be87c7386a30f98796","name":"C\u0103t\u0103lin Anghel-Dimache","image":{"@type":"ImageObject","inLanguage":"en-GB","@id":"https:\/\/buletin.de\/bucuresti\/wp-content\/uploads\/Catalin-Anghel-Dimache-96x96.jpgbd9e43c5b25186d5b8e917ac61ad86c4","url":"https:\/\/buletin.de\/bucuresti\/wp-content\/uploads\/Catalin-Anghel-Dimache-96x96.jpg","contentUrl":"https:\/\/buletin.de\/bucuresti\/wp-content\/uploads\/Catalin-Anghel-Dimache-96x96.jpg","caption":"C\u0103t\u0103lin Anghel-Dimache"},"description":"A absolvit Facultatea de Jurnalism \u0219i \u0218tiin\u021bele Comunic\u0103rii a Universit\u0103\u021bii din Bucure\u0219ti \u00een 2024. Scrie despre mediu \u0219i teme sociale, dar \u0219i despre cum se reflect\u0103 ele \u00een via\u021ba cotidian\u0103 a bucure\u0219tenilor, cu un ochi atent la pove\u0219tile personale din spatele titlurilor. N\u0103scut \u0219i crescut \u00een Bucure\u0219ti, a f\u0103cut un pas c\u0103tre presa local\u0103, din pasiune pentru ora\u0219ul s\u0103u \u0219i oamenii din el.","url":"https:\/\/buletin.de\/bucuresti\/author\/catalin-anghel-dimache\/"}]}},"authors":[{"term_id":22572,"user_id":59,"is_guest":0,"slug":"catalin-anghel-dimache","display_name":"C\u0103t\u0103lin Anghel-Dimache","avatar_url":"https:\/\/buletin.de\/bucuresti\/wp-content\/uploads\/Catalin-Anghel-Dimache-96x96.jpg","0":null,"1":"","2":"","3":"","4":"","5":"","6":"","7":"","8":""}],"_links":{"self":[{"href":"https:\/\/buletin.de\/bucuresti\/wp-json\/wp\/v2\/posts\/184513","targetHints":{"allow":["GET"]}}],"collection":[{"href":"https:\/\/buletin.de\/bucuresti\/wp-json\/wp\/v2\/posts"}],"about":[{"href":"https:\/\/buletin.de\/bucuresti\/wp-json\/wp\/v2\/types\/post"}],"author":[{"embeddable":true,"href":"https:\/\/buletin.de\/bucuresti\/wp-json\/wp\/v2\/users\/59"}],"replies":[{"embeddable":true,"href":"https:\/\/buletin.de\/bucuresti\/wp-json\/wp\/v2\/comments?post=184513"}],"version-history":[{"count":19,"href":"https:\/\/buletin.de\/bucuresti\/wp-json\/wp\/v2\/posts\/184513\/revisions"}],"predecessor-version":[{"id":184718,"href":"https:\/\/buletin.de\/bucuresti\/wp-json\/wp\/v2\/posts\/184513\/revisions\/184718"}],"wp:featuredmedia":[{"embeddable":true,"href":"https:\/\/buletin.de\/bucuresti\/wp-json\/wp\/v2\/media\/184514"}],"wp:attachment":[{"href":"https:\/\/buletin.de\/bucuresti\/wp-json\/wp\/v2\/media?parent=184513"}],"wp:term":[{"taxonomy":"category","embeddable":true,"href":"https:\/\/buletin.de\/bucuresti\/wp-json\/wp\/v2\/categories?post=184513"},{"taxonomy":"post_tag","embeddable":true,"href":"https:\/\/buletin.de\/bucuresti\/wp-json\/wp\/v2\/tags?post=184513"},{"taxonomy":"author","embeddable":true,"href":"https:\/\/buletin.de\/bucuresti\/wp-json\/wp\/v2\/ppma_author?post=184513"}],"curies":[{"name":"wp","href":"https:\/\/api.w.org\/{rel}","templated":true}]}}