{"id":18437,"date":"2021-01-21T16:09:10","date_gmt":"2021-01-21T13:09:10","guid":{"rendered":"https:\/\/buletin.de\/bucuresti\/?p=18437"},"modified":"2021-01-21T16:09:11","modified_gmt":"2021-01-21T13:09:11","slug":"vlad-voiculescu-scolile-ar-trebui-redeschise-in-bucuresti","status":"publish","type":"post","link":"https:\/\/buletin.de\/bucuresti\/vlad-voiculescu-scolile-ar-trebui-redeschise-in-bucuresti\/","title":{"rendered":"Vlad Voiculescu: \u201e\u0218colile ar trebui redeschise \u00een Bucure\u0219ti\u201d"},"content":{"rendered":"\n<p><strong>Vlad Voiculescu, ministrul s\u0103n\u0103t\u0103\u021bii, a declarat, \u00een direct la <a href=\"https:\/\/www.europafm.ro\/vlad-voiculescu-despre-redeschiderea-scolilor-daca-un-elev-va-fi-confirmat-toata-clasa-va-fi-testata-video\/\">Europa FM <\/a> ,c\u0103 \u0219colile din Capital\u0103 ar trebui redeschise, \u00een ciuda faptului c\u0103 se fac pu\u021bine teste \u00een Bucure\u0219ti. Ministrul s\u0103n\u0103t\u0103\u021bii a declarat \u0219i c\u0103 dac\u0103 un elev va fi confirmat cu Covid-19, ar s\u0103 fac\u0103 teste toat\u0103 clasa. De aceste proceduri se va ocupa conducerea \u0219colii sau o institu\u021bie din subordinea Ministerului S\u0103n\u0103t\u0103\u021bii<\/strong>.<\/p>\n\n\n\n<blockquote class=\"wp-block-quote is-layout-flow wp-block-quote-is-layout-flow\"><p>\u201e\u00cen Capital\u0103, da, cred c\u0103 \u00een momentul acesta putem s\u0103 ne g\u00e2ndim la scenariul acesta. (\u2026) Ast\u0103zi, \u00een Bucure\u0219ti au fost f\u0103cute 1.366 de teste antigen, iar PCR nu le am aici. (\u2026) E ridicol de pu\u021bin, \u0219tim c\u0103 este r\u0103sp\u00e2ndit, nu cred c\u0103 este sub 3 la mie \u00een acest moment, \u00een realitate. Ce \u00eencerc\u0103m s\u0103 facem, vom avea protocoale de testare pentru elevi, odat\u0103 ce vom avea un motiv s\u0103 credem c\u0103 testarea este necesar\u0103 \u00eentr-o clas\u0103. Dac\u0103 un elev va fi confirmat, toat\u0103 clasa va fi testat\u0103.\u201d<\/p><cite>A declarat Vlad Voiculescu pentru <a href=\"https:\/\/www.europafm.ro\/vlad-voiculescu-despre-redeschiderea-scolilor-daca-un-elev-va-fi-confirmat-toata-clasa-va-fi-testata-video\/\">Europa FM<\/a> <\/cite><\/blockquote>\n\n\n\n<p>Vlad Voiculescu a comentat \u0219i statisticile care arat\u0103 c\u0103 doar 50% din personalul didactic dore\u0219te s\u0103 se vaccineze. <\/p>\n\n\n\n<blockquote class=\"wp-block-quote is-layout-flow wp-block-quote-is-layout-flow\"><p>Cred c\u0103 sunt foarte mul\u021bi care a\u0219teapt\u0103 s\u0103 vad\u0103 ce se \u00eent\u00e2mpl\u0103, cu siguran\u021b\u0103 o parte au \u00eentreb\u0103ri \u0219i caut\u0103 r\u0103spuns. (\u2026) \u00cen momentul acesta nu avem cifre care s\u0103 ne demonstreze c\u0103 redeschiderea \u0219colilor ar trebui am\u00e2nat\u0103<\/p><cite>A ad\u0103ugat Vlad Voiculescu<\/cite><\/blockquote>\n\n\n\n<p>Decizia privid redeschiderea \u0219colilor de pe 8 februarie urmeaz\u0103 s\u0103 fie luat\u0103 \u00een \u0219edin\u021ba de Guvern din 2 februarie. <\/p>\n\n\n\n<p>Sursa Foto: Vlad Voiculescu\/Facebook <\/p>\n","protected":false},"excerpt":{"rendered":"<p>Vlad Voiculescu, ministrul s\u0103n\u0103t\u0103\u021bii, a declarat, \u00een direct la Europa FM ,c\u0103 \u0219colile din Capital\u0103 ar trebui redeschise, \u00een ciuda faptului c\u0103 se fac pu\u021bine teste \u00een Bucure\u0219ti. Ministrul s\u0103n\u0103t\u0103\u021bii a declarat \u0219i c\u0103 dac\u0103 un elev va fi confirmat cu Covid-19, ar s\u0103 fac\u0103 teste toat\u0103 clasa. De aceste proceduri se va ocupa conducerea [&hellip;]<\/p>\n","protected":false},"author":17,"featured_media":18445,"comment_status":"closed","ping_status":"open","sticky":false,"template":"","format":"standard","meta":{"_acf_changed":false,"inline_featured_image":false,"ngg_post_thumbnail":0,"footnotes":""},"categories":[1],"tags":[],"ppma_author":[22576],"class_list":["post-18437","post","type-post","status-publish","format-standard","has-post-thumbnail","hentry","category-diverse"],"acf":[],"yoast_head":"<!-- This site is optimized with the Yoast SEO Premium plugin v25.3 (Yoast SEO v27.4) - https:\/\/yoast.com\/product\/yoast-seo-premium-wordpress\/ -->\n<title>Vlad Voiculescu: \u201e\u0218colile ar trebui redeschise \u00een Bucure\u0219ti\u201d - Buletin de Bucure\u0219ti<\/title>\n<meta name=\"robots\" content=\"index, follow, max-snippet:-1, max-image-preview:large, max-video-preview:-1\" \/>\n<link rel=\"canonical\" href=\"https:\/\/buletin.de\/bucuresti\/vlad-voiculescu-scolile-ar-trebui-redeschise-in-bucuresti\/\" \/>\n<meta property=\"og:locale\" content=\"en_GB\" \/>\n<meta property=\"og:type\" content=\"article\" \/>\n<meta property=\"og:title\" content=\"Vlad Voiculescu: \u201e\u0218colile ar trebui redeschise \u00een Bucure\u0219ti\u201d\" \/>\n<meta property=\"og:description\" content=\"Vlad Voiculescu, ministrul s\u0103n\u0103t\u0103\u021bii, a declarat, \u00een direct la Europa FM ,c\u0103 \u0219colile din Capital\u0103 ar trebui redeschise, \u00een ciuda faptului c\u0103 se fac pu\u021bine teste \u00een Bucure\u0219ti. Ministrul s\u0103n\u0103t\u0103\u021bii a declarat \u0219i c\u0103 dac\u0103 un elev va fi confirmat cu Covid-19, ar s\u0103 fac\u0103 teste toat\u0103 clasa. De aceste proceduri se va ocupa conducerea [&hellip;]\" \/>\n<meta property=\"og:url\" content=\"https:\/\/buletin.de\/bucuresti\/vlad-voiculescu-scolile-ar-trebui-redeschise-in-bucuresti\/\" \/>\n<meta property=\"og:site_name\" content=\"Buletin de Bucure\u0219ti\" \/>\n<meta property=\"article:publisher\" content=\"https:\/\/www.facebook.com\/buletin.de.buc\" \/>\n<meta property=\"article:published_time\" content=\"2021-01-21T13:09:10+00:00\" \/>\n<meta property=\"article:modified_time\" content=\"2021-01-21T13:09:11+00:00\" \/>\n<meta property=\"og:image\" content=\"https:\/\/buletin.de\/bucuresti\/wp-content\/uploads\/133937147_3874543095930806_6379429517067273631_n.jpg\" \/>\n\t<meta property=\"og:image:width\" content=\"960\" \/>\n\t<meta property=\"og:image:height\" content=\"442\" \/>\n\t<meta property=\"og:image:type\" content=\"image\/jpeg\" \/>\n<meta name=\"author\" content=\"Florin R\u00e2\u0219teiu\" \/>\n<meta name=\"twitter:card\" content=\"summary_large_image\" \/>\n<meta name=\"twitter:label1\" content=\"Written by\" \/>\n\t<meta name=\"twitter:data1\" content=\"Florin R\u00e2\u0219teiu\" \/>\n\t<meta name=\"twitter:label2\" content=\"Estimated reading time\" \/>\n\t<meta name=\"twitter:data2\" content=\"1 minute\" \/>\n<script type=\"application\/ld+json\" class=\"yoast-schema-graph\">{\"@context\":\"https:\\\/\\\/schema.org\",\"@graph\":[{\"@type\":\"Article\",\"@id\":\"https:\\\/\\\/buletin.de\\\/bucuresti\\\/vlad-voiculescu-scolile-ar-trebui-redeschise-in-bucuresti\\\/#article\",\"isPartOf\":{\"@id\":\"https:\\\/\\\/buletin.de\\\/bucuresti\\\/vlad-voiculescu-scolile-ar-trebui-redeschise-in-bucuresti\\\/\"},\"author\":{\"name\":\"Florin R\u00e2\u0219teiu\",\"@id\":\"https:\\\/\\\/buletin.de\\\/bucuresti\\\/#\\\/schema\\\/person\\\/b0686d7a8b666c6afc78239777fd8a89\"},\"headline\":\"Vlad Voiculescu: \u201e\u0218colile ar trebui redeschise \u00een Bucure\u0219ti\u201d\",\"datePublished\":\"2021-01-21T13:09:10+00:00\",\"dateModified\":\"2021-01-21T13:09:11+00:00\",\"mainEntityOfPage\":{\"@id\":\"https:\\\/\\\/buletin.de\\\/bucuresti\\\/vlad-voiculescu-scolile-ar-trebui-redeschise-in-bucuresti\\\/\"},\"wordCount\":274,\"publisher\":{\"@id\":\"https:\\\/\\\/buletin.de\\\/bucuresti\\\/#organization\"},\"image\":{\"@id\":\"https:\\\/\\\/buletin.de\\\/bucuresti\\\/vlad-voiculescu-scolile-ar-trebui-redeschise-in-bucuresti\\\/#primaryimage\"},\"thumbnailUrl\":\"https:\\\/\\\/buletin.de\\\/bucuresti\\\/wp-content\\\/uploads\\\/133937147_3874543095930806_6379429517067273631_n.jpg\",\"articleSection\":[\"Diverse\"],\"inLanguage\":\"en-GB\",\"copyrightYear\":\"2021\",\"copyrightHolder\":{\"@id\":\"https:\\\/\\\/buletin.de\\\/bucuresti\\\/#organization\"}},{\"@type\":\"WebPage\",\"@id\":\"https:\\\/\\\/buletin.de\\\/bucuresti\\\/vlad-voiculescu-scolile-ar-trebui-redeschise-in-bucuresti\\\/\",\"url\":\"https:\\\/\\\/buletin.de\\\/bucuresti\\\/vlad-voiculescu-scolile-ar-trebui-redeschise-in-bucuresti\\\/\",\"name\":\"Vlad Voiculescu: \u201e\u0218colile ar trebui redeschise \u00een Bucure\u0219ti\u201d - Buletin de Bucure\u0219ti\",\"isPartOf\":{\"@id\":\"https:\\\/\\\/buletin.de\\\/bucuresti\\\/#website\"},\"primaryImageOfPage\":{\"@id\":\"https:\\\/\\\/buletin.de\\\/bucuresti\\\/vlad-voiculescu-scolile-ar-trebui-redeschise-in-bucuresti\\\/#primaryimage\"},\"image\":{\"@id\":\"https:\\\/\\\/buletin.de\\\/bucuresti\\\/vlad-voiculescu-scolile-ar-trebui-redeschise-in-bucuresti\\\/#primaryimage\"},\"thumbnailUrl\":\"https:\\\/\\\/buletin.de\\\/bucuresti\\\/wp-content\\\/uploads\\\/133937147_3874543095930806_6379429517067273631_n.jpg\",\"datePublished\":\"2021-01-21T13:09:10+00:00\",\"dateModified\":\"2021-01-21T13:09:11+00:00\",\"breadcrumb\":{\"@id\":\"https:\\\/\\\/buletin.de\\\/bucuresti\\\/vlad-voiculescu-scolile-ar-trebui-redeschise-in-bucuresti\\\/#breadcrumb\"},\"inLanguage\":\"en-GB\",\"potentialAction\":[{\"@type\":\"ReadAction\",\"target\":[\"https:\\\/\\\/buletin.de\\\/bucuresti\\\/vlad-voiculescu-scolile-ar-trebui-redeschise-in-bucuresti\\\/\"]}]},{\"@type\":\"ImageObject\",\"inLanguage\":\"en-GB\",\"@id\":\"https:\\\/\\\/buletin.de\\\/bucuresti\\\/vlad-voiculescu-scolile-ar-trebui-redeschise-in-bucuresti\\\/#primaryimage\",\"url\":\"https:\\\/\\\/buletin.de\\\/bucuresti\\\/wp-content\\\/uploads\\\/133937147_3874543095930806_6379429517067273631_n.jpg\",\"contentUrl\":\"https:\\\/\\\/buletin.de\\\/bucuresti\\\/wp-content\\\/uploads\\\/133937147_3874543095930806_6379429517067273631_n.jpg\",\"width\":960,\"height\":442},{\"@type\":\"BreadcrumbList\",\"@id\":\"https:\\\/\\\/buletin.de\\\/bucuresti\\\/vlad-voiculescu-scolile-ar-trebui-redeschise-in-bucuresti\\\/#breadcrumb\",\"itemListElement\":[{\"@type\":\"ListItem\",\"position\":1,\"name\":\"Acas\u0103\",\"item\":\"https:\\\/\\\/buletin.de\\\/bucuresti\\\/\"},{\"@type\":\"ListItem\",\"position\":2,\"name\":\"Vlad Voiculescu: \u201e\u0218colile ar trebui redeschise \u00een Bucure\u0219ti\u201d\"}]},{\"@type\":\"WebSite\",\"@id\":\"https:\\\/\\\/buletin.de\\\/bucuresti\\\/#website\",\"url\":\"https:\\\/\\\/buletin.de\\\/bucuresti\\\/\",\"name\":\"Buletin de Bucure\u0219ti\",\"description\":\"\u0218tiri \u0219i investiga\u021bii esen\u021biale din capital\u0103\",\"publisher\":{\"@id\":\"https:\\\/\\\/buletin.de\\\/bucuresti\\\/#organization\"},\"potentialAction\":[{\"@type\":\"SearchAction\",\"target\":{\"@type\":\"EntryPoint\",\"urlTemplate\":\"https:\\\/\\\/buletin.de\\\/bucuresti\\\/?s={search_term_string}\"},\"query-input\":{\"@type\":\"PropertyValueSpecification\",\"valueRequired\":true,\"valueName\":\"search_term_string\"}}],\"inLanguage\":\"en-GB\"},{\"@type\":\"Organization\",\"@id\":\"https:\\\/\\\/buletin.de\\\/bucuresti\\\/#organization\",\"name\":\"Buletin de Bucure\u0219ti\",\"url\":\"https:\\\/\\\/buletin.de\\\/bucuresti\\\/\",\"logo\":{\"@type\":\"ImageObject\",\"inLanguage\":\"en-GB\",\"@id\":\"https:\\\/\\\/buletin.de\\\/bucuresti\\\/#\\\/schema\\\/logo\\\/image\\\/\",\"url\":\"https:\\\/\\\/buletin.de\\\/bucuresti\\\/wp-content\\\/uploads\\\/logo-bdb-full-wide-vernil-transparent.png\",\"contentUrl\":\"https:\\\/\\\/buletin.de\\\/bucuresti\\\/wp-content\\\/uploads\\\/logo-bdb-full-wide-vernil-transparent.png\",\"width\":1782,\"height\":626,\"caption\":\"Buletin de Bucure\u0219ti\"},\"image\":{\"@id\":\"https:\\\/\\\/buletin.de\\\/bucuresti\\\/#\\\/schema\\\/logo\\\/image\\\/\"},\"sameAs\":[\"https:\\\/\\\/www.facebook.com\\\/buletin.de.buc\",\"https:\\\/\\\/www.instagram.com\\\/buletinde.bucuresti\\\/\"]},{\"@type\":\"Person\",\"@id\":\"https:\\\/\\\/buletin.de\\\/bucuresti\\\/#\\\/schema\\\/person\\\/b0686d7a8b666c6afc78239777fd8a89\",\"name\":\"Florin R\u00e2\u0219teiu\",\"image\":{\"@type\":\"ImageObject\",\"inLanguage\":\"en-GB\",\"@id\":\"https:\\\/\\\/buletin.de\\\/bucuresti\\\/wp-content\\\/uploads\\\/Florin-Rasteiu-96x96.jpgf0a6fe28453aa12f0a60e4d0a2e3a78c\",\"url\":\"https:\\\/\\\/buletin.de\\\/bucuresti\\\/wp-content\\\/uploads\\\/Florin-Rasteiu-96x96.jpg\",\"contentUrl\":\"https:\\\/\\\/buletin.de\\\/bucuresti\\\/wp-content\\\/uploads\\\/Florin-Rasteiu-96x96.jpg\",\"caption\":\"Florin R\u00e2\u0219teiu\"},\"description\":\"Jurnalist de investiga\u021bie. Lucreaz\u0103 de aproape 6 ani la Buletin de Bucure\u0219ti, unde a publicat articole care scot la suprafa\u021b\u0103 corup\u021bia din Capital\u0103. Analizeaz\u0103 baze de date zilnic \u0219i scoate pove\u0219ti din exceluri pline de cifre. Pune reflectorul pe adev\u0103r cu fiecare ocazie. A c\u00e2\u0219tigat premiul I la categoria Pres\u0103 Local\u0103 \u00een 2025 \u0219i locul al II-lea la aceea\u0219i categorie \u00een 2024 \u00een cadrul Premiilor Superscrieri pentru jurnalism independent.\",\"url\":\"https:\\\/\\\/buletin.de\\\/bucuresti\\\/author\\\/florinrasteiu\\\/\"}]}<\/script>\n<!-- \/ Yoast SEO Premium plugin. -->","yoast_head_json":{"title":"Vlad Voiculescu: \u201e\u0218colile ar trebui redeschise \u00een Bucure\u0219ti\u201d - Buletin de Bucure\u0219ti","robots":{"index":"index","follow":"follow","max-snippet":"max-snippet:-1","max-image-preview":"max-image-preview:large","max-video-preview":"max-video-preview:-1"},"canonical":"https:\/\/buletin.de\/bucuresti\/vlad-voiculescu-scolile-ar-trebui-redeschise-in-bucuresti\/","og_locale":"en_GB","og_type":"article","og_title":"Vlad Voiculescu: \u201e\u0218colile ar trebui redeschise \u00een Bucure\u0219ti\u201d","og_description":"Vlad Voiculescu, ministrul s\u0103n\u0103t\u0103\u021bii, a declarat, \u00een direct la Europa FM ,c\u0103 \u0219colile din Capital\u0103 ar trebui redeschise, \u00een ciuda faptului c\u0103 se fac pu\u021bine teste \u00een Bucure\u0219ti. Ministrul s\u0103n\u0103t\u0103\u021bii a declarat \u0219i c\u0103 dac\u0103 un elev va fi confirmat cu Covid-19, ar s\u0103 fac\u0103 teste toat\u0103 clasa. De aceste proceduri se va ocupa conducerea [&hellip;]","og_url":"https:\/\/buletin.de\/bucuresti\/vlad-voiculescu-scolile-ar-trebui-redeschise-in-bucuresti\/","og_site_name":"Buletin de Bucure\u0219ti","article_publisher":"https:\/\/www.facebook.com\/buletin.de.buc","article_published_time":"2021-01-21T13:09:10+00:00","article_modified_time":"2021-01-21T13:09:11+00:00","og_image":[{"width":960,"height":442,"url":"https:\/\/buletin.de\/bucuresti\/wp-content\/uploads\/133937147_3874543095930806_6379429517067273631_n.jpg","type":"image\/jpeg"}],"author":"Florin R\u00e2\u0219teiu","twitter_card":"summary_large_image","twitter_misc":{"Written by":"Florin R\u00e2\u0219teiu","Estimated reading time":"1 minute"},"schema":{"@context":"https:\/\/schema.org","@graph":[{"@type":"Article","@id":"https:\/\/buletin.de\/bucuresti\/vlad-voiculescu-scolile-ar-trebui-redeschise-in-bucuresti\/#article","isPartOf":{"@id":"https:\/\/buletin.de\/bucuresti\/vlad-voiculescu-scolile-ar-trebui-redeschise-in-bucuresti\/"},"author":{"name":"Florin R\u00e2\u0219teiu","@id":"https:\/\/buletin.de\/bucuresti\/#\/schema\/person\/b0686d7a8b666c6afc78239777fd8a89"},"headline":"Vlad Voiculescu: \u201e\u0218colile ar trebui redeschise \u00een Bucure\u0219ti\u201d","datePublished":"2021-01-21T13:09:10+00:00","dateModified":"2021-01-21T13:09:11+00:00","mainEntityOfPage":{"@id":"https:\/\/buletin.de\/bucuresti\/vlad-voiculescu-scolile-ar-trebui-redeschise-in-bucuresti\/"},"wordCount":274,"publisher":{"@id":"https:\/\/buletin.de\/bucuresti\/#organization"},"image":{"@id":"https:\/\/buletin.de\/bucuresti\/vlad-voiculescu-scolile-ar-trebui-redeschise-in-bucuresti\/#primaryimage"},"thumbnailUrl":"https:\/\/buletin.de\/bucuresti\/wp-content\/uploads\/133937147_3874543095930806_6379429517067273631_n.jpg","articleSection":["Diverse"],"inLanguage":"en-GB","copyrightYear":"2021","copyrightHolder":{"@id":"https:\/\/buletin.de\/bucuresti\/#organization"}},{"@type":"WebPage","@id":"https:\/\/buletin.de\/bucuresti\/vlad-voiculescu-scolile-ar-trebui-redeschise-in-bucuresti\/","url":"https:\/\/buletin.de\/bucuresti\/vlad-voiculescu-scolile-ar-trebui-redeschise-in-bucuresti\/","name":"Vlad Voiculescu: \u201e\u0218colile ar trebui redeschise \u00een Bucure\u0219ti\u201d - Buletin de Bucure\u0219ti","isPartOf":{"@id":"https:\/\/buletin.de\/bucuresti\/#website"},"primaryImageOfPage":{"@id":"https:\/\/buletin.de\/bucuresti\/vlad-voiculescu-scolile-ar-trebui-redeschise-in-bucuresti\/#primaryimage"},"image":{"@id":"https:\/\/buletin.de\/bucuresti\/vlad-voiculescu-scolile-ar-trebui-redeschise-in-bucuresti\/#primaryimage"},"thumbnailUrl":"https:\/\/buletin.de\/bucuresti\/wp-content\/uploads\/133937147_3874543095930806_6379429517067273631_n.jpg","datePublished":"2021-01-21T13:09:10+00:00","dateModified":"2021-01-21T13:09:11+00:00","breadcrumb":{"@id":"https:\/\/buletin.de\/bucuresti\/vlad-voiculescu-scolile-ar-trebui-redeschise-in-bucuresti\/#breadcrumb"},"inLanguage":"en-GB","potentialAction":[{"@type":"ReadAction","target":["https:\/\/buletin.de\/bucuresti\/vlad-voiculescu-scolile-ar-trebui-redeschise-in-bucuresti\/"]}]},{"@type":"ImageObject","inLanguage":"en-GB","@id":"https:\/\/buletin.de\/bucuresti\/vlad-voiculescu-scolile-ar-trebui-redeschise-in-bucuresti\/#primaryimage","url":"https:\/\/buletin.de\/bucuresti\/wp-content\/uploads\/133937147_3874543095930806_6379429517067273631_n.jpg","contentUrl":"https:\/\/buletin.de\/bucuresti\/wp-content\/uploads\/133937147_3874543095930806_6379429517067273631_n.jpg","width":960,"height":442},{"@type":"BreadcrumbList","@id":"https:\/\/buletin.de\/bucuresti\/vlad-voiculescu-scolile-ar-trebui-redeschise-in-bucuresti\/#breadcrumb","itemListElement":[{"@type":"ListItem","position":1,"name":"Acas\u0103","item":"https:\/\/buletin.de\/bucuresti\/"},{"@type":"ListItem","position":2,"name":"Vlad Voiculescu: \u201e\u0218colile ar trebui redeschise \u00een Bucure\u0219ti\u201d"}]},{"@type":"WebSite","@id":"https:\/\/buletin.de\/bucuresti\/#website","url":"https:\/\/buletin.de\/bucuresti\/","name":"Buletin de Bucure\u0219ti","description":"\u0218tiri \u0219i investiga\u021bii esen\u021biale din capital\u0103","publisher":{"@id":"https:\/\/buletin.de\/bucuresti\/#organization"},"potentialAction":[{"@type":"SearchAction","target":{"@type":"EntryPoint","urlTemplate":"https:\/\/buletin.de\/bucuresti\/?s={search_term_string}"},"query-input":{"@type":"PropertyValueSpecification","valueRequired":true,"valueName":"search_term_string"}}],"inLanguage":"en-GB"},{"@type":"Organization","@id":"https:\/\/buletin.de\/bucuresti\/#organization","name":"Buletin de Bucure\u0219ti","url":"https:\/\/buletin.de\/bucuresti\/","logo":{"@type":"ImageObject","inLanguage":"en-GB","@id":"https:\/\/buletin.de\/bucuresti\/#\/schema\/logo\/image\/","url":"https:\/\/buletin.de\/bucuresti\/wp-content\/uploads\/logo-bdb-full-wide-vernil-transparent.png","contentUrl":"https:\/\/buletin.de\/bucuresti\/wp-content\/uploads\/logo-bdb-full-wide-vernil-transparent.png","width":1782,"height":626,"caption":"Buletin de Bucure\u0219ti"},"image":{"@id":"https:\/\/buletin.de\/bucuresti\/#\/schema\/logo\/image\/"},"sameAs":["https:\/\/www.facebook.com\/buletin.de.buc","https:\/\/www.instagram.com\/buletinde.bucuresti\/"]},{"@type":"Person","@id":"https:\/\/buletin.de\/bucuresti\/#\/schema\/person\/b0686d7a8b666c6afc78239777fd8a89","name":"Florin R\u00e2\u0219teiu","image":{"@type":"ImageObject","inLanguage":"en-GB","@id":"https:\/\/buletin.de\/bucuresti\/wp-content\/uploads\/Florin-Rasteiu-96x96.jpgf0a6fe28453aa12f0a60e4d0a2e3a78c","url":"https:\/\/buletin.de\/bucuresti\/wp-content\/uploads\/Florin-Rasteiu-96x96.jpg","contentUrl":"https:\/\/buletin.de\/bucuresti\/wp-content\/uploads\/Florin-Rasteiu-96x96.jpg","caption":"Florin R\u00e2\u0219teiu"},"description":"Jurnalist de investiga\u021bie. Lucreaz\u0103 de aproape 6 ani la Buletin de Bucure\u0219ti, unde a publicat articole care scot la suprafa\u021b\u0103 corup\u021bia din Capital\u0103. Analizeaz\u0103 baze de date zilnic \u0219i scoate pove\u0219ti din exceluri pline de cifre. Pune reflectorul pe adev\u0103r cu fiecare ocazie. A c\u00e2\u0219tigat premiul I la categoria Pres\u0103 Local\u0103 \u00een 2025 \u0219i locul al II-lea la aceea\u0219i categorie \u00een 2024 \u00een cadrul Premiilor Superscrieri pentru jurnalism independent.","url":"https:\/\/buletin.de\/bucuresti\/author\/florinrasteiu\/"}]}},"authors":[{"term_id":22576,"user_id":17,"is_guest":0,"slug":"florinrasteiu","display_name":"Florin R\u00e2\u0219teiu","avatar_url":"https:\/\/buletin.de\/bucuresti\/wp-content\/uploads\/Florin-Rasteiu-96x96.jpg","0":null,"1":"","2":"","3":"","4":"","5":"","6":"","7":"","8":""}],"_links":{"self":[{"href":"https:\/\/buletin.de\/bucuresti\/wp-json\/wp\/v2\/posts\/18437","targetHints":{"allow":["GET"]}}],"collection":[{"href":"https:\/\/buletin.de\/bucuresti\/wp-json\/wp\/v2\/posts"}],"about":[{"href":"https:\/\/buletin.de\/bucuresti\/wp-json\/wp\/v2\/types\/post"}],"author":[{"embeddable":true,"href":"https:\/\/buletin.de\/bucuresti\/wp-json\/wp\/v2\/users\/17"}],"replies":[{"embeddable":true,"href":"https:\/\/buletin.de\/bucuresti\/wp-json\/wp\/v2\/comments?post=18437"}],"version-history":[{"count":3,"href":"https:\/\/buletin.de\/bucuresti\/wp-json\/wp\/v2\/posts\/18437\/revisions"}],"predecessor-version":[{"id":18449,"href":"https:\/\/buletin.de\/bucuresti\/wp-json\/wp\/v2\/posts\/18437\/revisions\/18449"}],"wp:featuredmedia":[{"embeddable":true,"href":"https:\/\/buletin.de\/bucuresti\/wp-json\/wp\/v2\/media\/18445"}],"wp:attachment":[{"href":"https:\/\/buletin.de\/bucuresti\/wp-json\/wp\/v2\/media?parent=18437"}],"wp:term":[{"taxonomy":"category","embeddable":true,"href":"https:\/\/buletin.de\/bucuresti\/wp-json\/wp\/v2\/categories?post=18437"},{"taxonomy":"post_tag","embeddable":true,"href":"https:\/\/buletin.de\/bucuresti\/wp-json\/wp\/v2\/tags?post=18437"},{"taxonomy":"author","embeddable":true,"href":"https:\/\/buletin.de\/bucuresti\/wp-json\/wp\/v2\/ppma_author?post=18437"}],"curies":[{"name":"wp","href":"https:\/\/api.w.org\/{rel}","templated":true}]}}