{"id":184365,"date":"2026-04-07T08:51:23","date_gmt":"2026-04-07T06:51:23","guid":{"rendered":"https:\/\/buletin.de\/bucuresti\/?p=184365"},"modified":"2026-04-07T08:56:00","modified_gmt":"2026-04-07T06:56:00","slug":"video-compost-gratuit-cu-deseuri-distribuit-de-primaria-sectorului-3","status":"publish","type":"post","link":"https:\/\/buletin.de\/bucuresti\/video-compost-gratuit-cu-deseuri-distribuit-de-primaria-sectorului-3\/","title":{"rendered":"VIDEO |\u00a0Compost gratuit cu de\u0219euri, distribuit de Prim\u0103ria Sectorului 3"},"content":{"rendered":"\n<p><strong>Prim\u0103ria Sectorului 3 a anun\u021bat recent c\u0103 distribuie compost gratuit pentru gr\u0103dinile blocurilor, \u00eens\u0103 cet\u0103\u021benii reclam\u0103 prezen\u021ba de\u0219eurilor, cum ar fi cioburi de sticl\u0103, plastic m\u0103run\u021bit \u0219i cauciuc.<\/strong><\/p>\n\n\n\n<p>Compostul cu de\u0219euri a fost \u00eempr\u0103\u0219tiat prin mai multe zone verzi din Sectorul 3, precum parcuri, scuaruri, gr\u0103dini de bloc \u0219i alveolele arborilor, semnaleaz\u0103 locuitorii Sectorului 3.<\/p>\n\n\n\n<figure class=\"wp-block-gallery has-nested-images columns-default is-cropped wp-block-gallery-1 is-layout-flex wp-block-gallery-is-layout-flex\">\n<figure class=\"wp-block-image size-large\"><a href=\"https:\/\/buletin.de\/bucuresti\/wp-content\/uploads\/2026\/04\/658663089_10162746524442129_6155683752486307880_n.jpg\"><img fetchpriority=\"high\" decoding=\"async\" width=\"563\" height=\"1000\" data-id=\"185104\" src=\"data:image\/gif;base64,R0lGODlhAQABAAAAACH5BAEKAAEALAAAAAABAAEAAAICTAEAOw==\" data-src=\"https:\/\/buletin.de\/bucuresti\/wp-content\/uploads\/2026\/04\/658663089_10162746524442129_6155683752486307880_n-563x1000.jpg\" alt=\"\" class=\"wp-image-185104 lazyload\" data-sizes=\"auto\" data-srcset=\"https:\/\/buletin.de\/bucuresti\/wp-content\/uploads\/2026\/04\/658663089_10162746524442129_6155683752486307880_n-563x1000.jpg 563w, https:\/\/buletin.de\/bucuresti\/wp-content\/uploads\/2026\/04\/658663089_10162746524442129_6155683752486307880_n-169x300.jpg 169w, https:\/\/buletin.de\/bucuresti\/wp-content\/uploads\/2026\/04\/658663089_10162746524442129_6155683752486307880_n-768x1364.jpg 768w, https:\/\/buletin.de\/bucuresti\/wp-content\/uploads\/2026\/04\/658663089_10162746524442129_6155683752486307880_n-865x1536.jpg 865w, https:\/\/buletin.de\/bucuresti\/wp-content\/uploads\/2026\/04\/658663089_10162746524442129_6155683752486307880_n-1100x1954.jpg 1100w, https:\/\/buletin.de\/bucuresti\/wp-content\/uploads\/2026\/04\/658663089_10162746524442129_6155683752486307880_n-600x1066.jpg 600w, https:\/\/buletin.de\/bucuresti\/wp-content\/uploads\/2026\/04\/658663089_10162746524442129_6155683752486307880_n-20x36.jpg 20w, https:\/\/buletin.de\/bucuresti\/wp-content\/uploads\/2026\/04\/658663089_10162746524442129_6155683752486307880_n.jpg 1153w\" sizes=\"(max-width: 563px) 100vw, 563px\" \/><\/a><\/figure>\n\n\n\n<figure class=\"wp-block-image size-large\"><a href=\"https:\/\/buletin.de\/bucuresti\/wp-content\/uploads\/2026\/04\/WhatsApp-Image-2026-03-30-at-2.43.56-PM-1.jpeg\"><img decoding=\"async\" width=\"563\" height=\"1000\" data-id=\"185107\" src=\"data:image\/gif;base64,R0lGODlhAQABAAAAACH5BAEKAAEALAAAAAABAAEAAAICTAEAOw==\" data-src=\"https:\/\/buletin.de\/bucuresti\/wp-content\/uploads\/2026\/04\/WhatsApp-Image-2026-03-30-at-2.43.56-PM-1-563x1000.jpeg\" alt=\"\" class=\"wp-image-185107 lazyload\" data-sizes=\"auto\" data-srcset=\"https:\/\/buletin.de\/bucuresti\/wp-content\/uploads\/2026\/04\/WhatsApp-Image-2026-03-30-at-2.43.56-PM-1-563x1000.jpeg 563w, https:\/\/buletin.de\/bucuresti\/wp-content\/uploads\/2026\/04\/WhatsApp-Image-2026-03-30-at-2.43.56-PM-1-169x300.jpeg 169w, https:\/\/buletin.de\/bucuresti\/wp-content\/uploads\/2026\/04\/WhatsApp-Image-2026-03-30-at-2.43.56-PM-1-768x1364.jpeg 768w, https:\/\/buletin.de\/bucuresti\/wp-content\/uploads\/2026\/04\/WhatsApp-Image-2026-03-30-at-2.43.56-PM-1-865x1536.jpeg 865w, https:\/\/buletin.de\/bucuresti\/wp-content\/uploads\/2026\/04\/WhatsApp-Image-2026-03-30-at-2.43.56-PM-1-1100x1954.jpeg 1100w, https:\/\/buletin.de\/bucuresti\/wp-content\/uploads\/2026\/04\/WhatsApp-Image-2026-03-30-at-2.43.56-PM-1-600x1066.jpeg 600w, https:\/\/buletin.de\/bucuresti\/wp-content\/uploads\/2026\/04\/WhatsApp-Image-2026-03-30-at-2.43.56-PM-1-20x36.jpeg 20w, https:\/\/buletin.de\/bucuresti\/wp-content\/uploads\/2026\/04\/WhatsApp-Image-2026-03-30-at-2.43.56-PM-1.jpeg 1126w\" sizes=\"(max-width: 563px) 100vw, 563px\" \/><\/a><\/figure>\n\n\n\n<figure class=\"wp-block-image size-large\"><a href=\"https:\/\/buletin.de\/bucuresti\/wp-content\/uploads\/2026\/04\/659082651_10162746522047129_3581977371715000023_n.jpg\"><img decoding=\"async\" width=\"563\" height=\"1000\" data-id=\"185105\" src=\"data:image\/gif;base64,R0lGODlhAQABAAAAACH5BAEKAAEALAAAAAABAAEAAAICTAEAOw==\" data-src=\"https:\/\/buletin.de\/bucuresti\/wp-content\/uploads\/2026\/04\/659082651_10162746522047129_3581977371715000023_n-563x1000.jpg\" alt=\"\" class=\"wp-image-185105 lazyload\" data-sizes=\"auto\" data-srcset=\"https:\/\/buletin.de\/bucuresti\/wp-content\/uploads\/2026\/04\/659082651_10162746522047129_3581977371715000023_n-563x1000.jpg 563w, https:\/\/buletin.de\/bucuresti\/wp-content\/uploads\/2026\/04\/659082651_10162746522047129_3581977371715000023_n-169x300.jpg 169w, https:\/\/buletin.de\/bucuresti\/wp-content\/uploads\/2026\/04\/659082651_10162746522047129_3581977371715000023_n-768x1364.jpg 768w, https:\/\/buletin.de\/bucuresti\/wp-content\/uploads\/2026\/04\/659082651_10162746522047129_3581977371715000023_n-865x1536.jpg 865w, https:\/\/buletin.de\/bucuresti\/wp-content\/uploads\/2026\/04\/659082651_10162746522047129_3581977371715000023_n-1100x1954.jpg 1100w, https:\/\/buletin.de\/bucuresti\/wp-content\/uploads\/2026\/04\/659082651_10162746522047129_3581977371715000023_n-600x1066.jpg 600w, https:\/\/buletin.de\/bucuresti\/wp-content\/uploads\/2026\/04\/659082651_10162746522047129_3581977371715000023_n-20x36.jpg 20w, https:\/\/buletin.de\/bucuresti\/wp-content\/uploads\/2026\/04\/659082651_10162746522047129_3581977371715000023_n.jpg 1153w\" sizes=\"(max-width: 563px) 100vw, 563px\" \/><\/a><\/figure>\n\n\n\n<figure class=\"wp-block-image size-large\"><a href=\"https:\/\/buletin.de\/bucuresti\/wp-content\/uploads\/2026\/04\/WhatsApp-Image-2026-03-30-at-2.43.55-PM.jpeg\"><img loading=\"lazy\" decoding=\"async\" width=\"563\" height=\"1000\" data-id=\"185106\" src=\"data:image\/gif;base64,R0lGODlhAQABAAAAACH5BAEKAAEALAAAAAABAAEAAAICTAEAOw==\" data-src=\"https:\/\/buletin.de\/bucuresti\/wp-content\/uploads\/2026\/04\/WhatsApp-Image-2026-03-30-at-2.43.55-PM-563x1000.jpeg\" alt=\"\" class=\"wp-image-185106 lazyload\" data-sizes=\"auto\" data-srcset=\"https:\/\/buletin.de\/bucuresti\/wp-content\/uploads\/2026\/04\/WhatsApp-Image-2026-03-30-at-2.43.55-PM-563x1000.jpeg 563w, https:\/\/buletin.de\/bucuresti\/wp-content\/uploads\/2026\/04\/WhatsApp-Image-2026-03-30-at-2.43.55-PM-169x300.jpeg 169w, https:\/\/buletin.de\/bucuresti\/wp-content\/uploads\/2026\/04\/WhatsApp-Image-2026-03-30-at-2.43.55-PM-768x1364.jpeg 768w, https:\/\/buletin.de\/bucuresti\/wp-content\/uploads\/2026\/04\/WhatsApp-Image-2026-03-30-at-2.43.55-PM-865x1536.jpeg 865w, https:\/\/buletin.de\/bucuresti\/wp-content\/uploads\/2026\/04\/WhatsApp-Image-2026-03-30-at-2.43.55-PM-1100x1954.jpeg 1100w, https:\/\/buletin.de\/bucuresti\/wp-content\/uploads\/2026\/04\/WhatsApp-Image-2026-03-30-at-2.43.55-PM-600x1066.jpeg 600w, https:\/\/buletin.de\/bucuresti\/wp-content\/uploads\/2026\/04\/WhatsApp-Image-2026-03-30-at-2.43.55-PM-20x36.jpeg 20w, https:\/\/buletin.de\/bucuresti\/wp-content\/uploads\/2026\/04\/WhatsApp-Image-2026-03-30-at-2.43.55-PM.jpeg 1126w\" sizes=\"(max-width: 563px) 100vw, 563px\" \/><\/a><\/figure>\n\n\n\n<figure class=\"wp-block-image size-large\"><a href=\"https:\/\/buletin.de\/bucuresti\/wp-content\/uploads\/2026\/04\/662298411_26496421336675213_536950853660255209_n.jpg\"><img loading=\"lazy\" decoding=\"async\" width=\"462\" height=\"1000\" data-id=\"185338\" src=\"data:image\/gif;base64,R0lGODlhAQABAAAAACH5BAEKAAEALAAAAAABAAEAAAICTAEAOw==\" data-src=\"https:\/\/buletin.de\/bucuresti\/wp-content\/uploads\/2026\/04\/662298411_26496421336675213_536950853660255209_n-462x1000.jpg\" alt=\"\" class=\"wp-image-185338 lazyload\" data-sizes=\"auto\" data-srcset=\"https:\/\/buletin.de\/bucuresti\/wp-content\/uploads\/2026\/04\/662298411_26496421336675213_536950853660255209_n-462x1000.jpg 462w, https:\/\/buletin.de\/bucuresti\/wp-content\/uploads\/2026\/04\/662298411_26496421336675213_536950853660255209_n-139x300.jpg 139w, https:\/\/buletin.de\/bucuresti\/wp-content\/uploads\/2026\/04\/662298411_26496421336675213_536950853660255209_n-768x1662.jpg 768w, https:\/\/buletin.de\/bucuresti\/wp-content\/uploads\/2026\/04\/662298411_26496421336675213_536950853660255209_n-710x1536.jpg 710w, https:\/\/buletin.de\/bucuresti\/wp-content\/uploads\/2026\/04\/662298411_26496421336675213_536950853660255209_n-600x1299.jpg 600w, https:\/\/buletin.de\/bucuresti\/wp-content\/uploads\/2026\/04\/662298411_26496421336675213_536950853660255209_n-20x43.jpg 20w, https:\/\/buletin.de\/bucuresti\/wp-content\/uploads\/2026\/04\/662298411_26496421336675213_536950853660255209_n.jpg 924w\" sizes=\"(max-width: 462px) 100vw, 462px\" \/><\/a><\/figure>\n\n\n\n<figure class=\"wp-block-image size-large\"><a href=\"https:\/\/buletin.de\/bucuresti\/wp-content\/uploads\/2026\/04\/585341168_1413945777060515_3161363275403675613_n.jpeg\"><img loading=\"lazy\" decoding=\"async\" width=\"750\" height=\"1000\" data-id=\"185341\" src=\"data:image\/gif;base64,R0lGODlhAQABAAAAACH5BAEKAAEALAAAAAABAAEAAAICTAEAOw==\" data-src=\"https:\/\/buletin.de\/bucuresti\/wp-content\/uploads\/2026\/04\/585341168_1413945777060515_3161363275403675613_n-750x1000.jpeg\" alt=\"\" class=\"wp-image-185341 lazyload\" data-sizes=\"auto\" data-srcset=\"https:\/\/buletin.de\/bucuresti\/wp-content\/uploads\/2026\/04\/585341168_1413945777060515_3161363275403675613_n-750x1000.jpeg 750w, https:\/\/buletin.de\/bucuresti\/wp-content\/uploads\/2026\/04\/585341168_1413945777060515_3161363275403675613_n-225x300.jpeg 225w, https:\/\/buletin.de\/bucuresti\/wp-content\/uploads\/2026\/04\/585341168_1413945777060515_3161363275403675613_n-768x1024.jpeg 768w, https:\/\/buletin.de\/bucuresti\/wp-content\/uploads\/2026\/04\/585341168_1413945777060515_3161363275403675613_n-1152x1536.jpeg 1152w, https:\/\/buletin.de\/bucuresti\/wp-content\/uploads\/2026\/04\/585341168_1413945777060515_3161363275403675613_n-1100x1467.jpeg 1100w, https:\/\/buletin.de\/bucuresti\/wp-content\/uploads\/2026\/04\/585341168_1413945777060515_3161363275403675613_n-600x800.jpeg 600w, https:\/\/buletin.de\/bucuresti\/wp-content\/uploads\/2026\/04\/585341168_1413945777060515_3161363275403675613_n-20x27.jpeg 20w, https:\/\/buletin.de\/bucuresti\/wp-content\/uploads\/2026\/04\/585341168_1413945777060515_3161363275403675613_n.jpeg 1536w\" sizes=\"(max-width: 750px) 100vw, 750px\" \/><\/a><\/figure>\n<figcaption class=\"blocks-gallery-caption wp-element-caption\">Compost cu de\u0219euri, distribuit \u00een Sectorul 3. Foto: FB\/ Prietenii Parcului IOR\/ Sector 3 -Cet\u0103\u021beanul implicat<\/figcaption><\/figure>\n\n\n\n<p>De-a lungul anilor, institu\u0163ia condus\u0103 de Robert Negoi\u0163\u0103 a promovat constant principiul \u201eNimic nu se arunc\u0103, totul se transform\u0103\u201d, preciz\u00e2nd c\u0103 frunzele, crengile \u0219i brazii de Cr\u0103ciun sunt valorificate prin transformarea lor \u00een compost. Cel mai recent, autoritatea local\u0103 a anun\u021bat c\u0103 membrii asocia\u021biilor de proprietari pot solicita <a href=\"https:\/\/www.facebook.com\/Robert.Negoita\/posts\/pfbid02V3zYZgX1rpUkzRyJ1LKSR8JtPZhbkZY2kmfcAm1SgurHbaH1MmknhwbsgK6HbyHCl?__cft__[0]=AZZLJUzUDjEx2rRlZDYIxxmcs_aDzXlz5melFJHxZCSYRvWBXEz_wjUWADM-4ASjTSunfuu-DR5piEugaPHdP0cC5WfmeJk2HjIN_qUhD861z8WkDRCL5tiuUAmff3j4_1QjATGefom4PmPSweTNbP5BfBhxhcaGYBLXIZcx7tmnXg&amp;__tn__=%2CO%2CP-R\">compost gratuit pentru gr\u0103dinile blocurilor<\/a>.<\/p>\n\n\n\n<p>Totu\u0219i, mai mul\u021bi cet\u0103\u021beni din Sectorul 3 semnaleaz\u0103 c\u0103 amestecul nu con\u021bine doar de\u0219euri biodegradabile, motiv pentru care contamineaz\u0103 solul. <\/p>\n\n\n\n<p>Cel mai frecvent au fost reclamate buc\u0103\u021bile de plastic \u0219i cioburile de sticl\u0103, \u00eens\u0103 o filmare realizat\u0103 de un locuitor \u0219i trimis\u0103 redac\u021biei Buletin de Bucure\u0219ti surprinde inclusiv prezen\u021ba aluminiului \u0219i a pavelelor m\u0103run\u021bite.<\/p>\n\n\n\n<figure class=\"wp-block-embed is-type-video is-provider-youtube wp-block-embed-youtube wp-embed-aspect-9-16 wp-has-aspect-ratio\"><div class=\"wp-block-embed__wrapper\">\n<div class=\"jlvid_container\"><iframe title=\"Compost cu de\u0219euri, distribuit \u00een Sectorul 3\" width=\"563\" height=\"1000\" src=\"https:\/\/www.youtube.com\/embed\/r5Db35XcpZ4?feature=oembed\" frameborder=\"0\" allow=\"accelerometer; autoplay; clipboard-write; encrypted-media; gyroscope; picture-in-picture; web-share\" referrerpolicy=\"strict-origin-when-cross-origin\" allowfullscreen><\/iframe><\/div>\n<\/div><\/figure>\n\n\n\n<h2 class=\"wp-block-heading\" id=\"h-amenzi-de-un-milion-de-lei-pentru-sta\u021bia-de-sortare-a-lui-robert-negoi\u021ba\">Amenzi de un milion de lei pentru sta\u021bia de sortare a lui Robert Negoi\u021b\u0103<\/h2>\n\n\n\n<p>Prim\u0103ria Sectorului 3 a investit aproape 11 milioane de euro, din bugetul local, \u00eentr-o sta\u021bie de sortare a de\u0219eurilor, l\u00e2ng\u0103 satul ilfovean C\u0103\u021belu.&nbsp;<\/p>\n\n\n\n<p>Aceasta nu mai func\u021bioneaz\u0103 din 2022, dup\u0103 ce \u0219i-a pierdut autoriza\u021bia de mediu \u00een urma numeroaselor pl\u00e2ngeri din partea vecinilor, care au reclamat mirosurile grele emanate.<\/p>\n\n\n\n<p>De\u0219i sta\u021bia ar fi trebuit s\u0103 sorteze doar de\u0219eurile uscate, reciclabile, a fost folosit\u0103 \u0219i pentru gunoi menajer. \u00cen aceste condi\u021bii, prim\u0103ria a primit amenzi de aproape un milion de lei de la Garda de Mediu.<\/p>\n\n\n\n<p>\u201eActivitatea sta\u021biei de sortare din Sectorul 3 de\u021binut\u0103 de SD3 SALUBRITATE SI DESZAPEZIRE S3 S.R.L. a fost controlat\u0103 de 14 ori \u00een doi ani, \u00een perioada mai 2020-aprilie 2022, iar societatea a fost sanc\u021bionat\u0103 cu 17 amenzi contraven\u021bionale \u00een valoare total\u0103 de 945.000 de lei\u201d, men\u021biona Garda de Mediu, \u00een 2022.<\/p>\n\n\n\n<p>Recent, consilierii locali ai Sectorului 3 au alocat 3 milioane de euro pentru relocarea sta\u021biei de sortare. Noua amplasare ar urma s\u0103 fie \u00een comuna Cioc\u0103ne\u0219ti, \u00een jude\u021bul C\u0103l\u0103ra\u0219i.<\/p>\n\n\n\n<p><strong>CITE\u0218TE \u0218I: <a href=\"https:\/\/buletin.de\/bucuresti\/inca-6-milioane-de-euro-de-la-cetatenii-sectorului-3-pentru-societatea-de-salubritate-si-dezapezire-controlata-de-robert-negoita\/\">\u00cenc\u0103 6 milioane de euro de la cet\u0103\u021benii Sectorului 3 pentru societatea de salubritate \u0219i dez\u0103pezire controlat\u0103 de Robert Negoi\u021b\u0103<\/a><\/strong><\/p>\n\n\n\n<p><\/p>\n","protected":false},"excerpt":{"rendered":"<p>Prim\u0103ria Sectorului 3 a anun\u021bat recent c\u0103 distribuie compost gratuit pentru gr\u0103dinile blocurilor, \u00eens\u0103 cet\u0103\u021benii reclam\u0103 prezen\u021ba de\u0219eurilor, cum ar fi cioburi de sticl\u0103, plastic m\u0103run\u021bit \u0219i cauciuc. Compostul cu de\u0219euri a fost \u00eempr\u0103\u0219tiat prin mai multe zone verzi din Sectorul 3, precum parcuri, scuaruri, gr\u0103dini de bloc \u0219i alveolele arborilor, semnaleaz\u0103 locuitorii Sectorului 3. [&hellip;]<\/p>\n","protected":false},"author":55,"featured_media":185101,"comment_status":"closed","ping_status":"open","sticky":false,"template":"","format":"standard","meta":{"_acf_changed":false,"inline_featured_image":false,"ngg_post_thumbnail":0,"footnotes":""},"categories":[6994,109,24,62],"tags":[27550,179,181,440,76],"ppma_author":[22573],"class_list":["post-184365","post","type-post","status-publish","format-standard","has-post-thumbnail","hentry","category-stiri-2","category-mediu","category-primarie","category-stiri","tag-compost-gratuit","tag-deseuri","tag-reciclare","tag-sector-3","tag-spatii-verzi"],"acf":[],"yoast_head":"<!-- This site is optimized with the Yoast SEO Premium plugin v25.3 (Yoast SEO v27.4) - https:\/\/yoast.com\/product\/yoast-seo-premium-wordpress\/ -->\n<title>VIDEO |\u00a0Compost gratuit cu de\u0219euri, distribuit de Prim\u0103ria Sectorului 3 - Buletin de Bucure\u0219ti<\/title>\n<meta name=\"description\" content=\"Prim\u0103ria Sectorului 3 a anun\u021bat recent c\u0103 distribuie compost gratuit pentru gr\u0103dinile blocurilor, \u00eens\u0103 cet\u0103\u021benii reclam\u0103 prezen\u021ba de\u0219eurilor.\" \/>\n<meta name=\"robots\" content=\"index, follow, max-snippet:-1, max-image-preview:large, max-video-preview:-1\" \/>\n<link rel=\"canonical\" href=\"https:\/\/buletin.de\/bucuresti\/video-compost-gratuit-cu-deseuri-distribuit-de-primaria-sectorului-3\/\" \/>\n<meta property=\"og:locale\" content=\"en_GB\" \/>\n<meta property=\"og:type\" content=\"article\" \/>\n<meta property=\"og:title\" content=\"VIDEO |\u00a0Compost gratuit cu de\u0219euri, distribuit de Prim\u0103ria Sectorului 3\" \/>\n<meta property=\"og:description\" content=\"Prim\u0103ria Sectorului 3 a anun\u021bat recent c\u0103 distribuie compost gratuit pentru gr\u0103dinile blocurilor, \u00eens\u0103 cet\u0103\u021benii reclam\u0103 prezen\u021ba de\u0219eurilor.\" \/>\n<meta property=\"og:url\" content=\"https:\/\/buletin.de\/bucuresti\/video-compost-gratuit-cu-deseuri-distribuit-de-primaria-sectorului-3\/\" \/>\n<meta property=\"og:site_name\" content=\"Buletin de Bucure\u0219ti\" \/>\n<meta property=\"article:publisher\" content=\"https:\/\/www.facebook.com\/buletin.de.buc\" \/>\n<meta property=\"article:published_time\" content=\"2026-04-07T06:51:23+00:00\" \/>\n<meta property=\"article:modified_time\" content=\"2026-04-07T06:56:00+00:00\" \/>\n<meta property=\"og:image\" content=\"https:\/\/buletin.de\/bucuresti\/wp-content\/uploads\/2026\/04\/557609527_24860173716966658_928992920614037018_n.jpg\" \/>\n\t<meta property=\"og:image:width\" content=\"1600\" \/>\n\t<meta property=\"og:image:height\" content=\"747\" \/>\n\t<meta property=\"og:image:type\" content=\"image\/jpeg\" \/>\n<meta name=\"author\" content=\"Andreea Tudor\" \/>\n<meta name=\"twitter:card\" content=\"summary_large_image\" \/>\n<meta name=\"twitter:label1\" content=\"Written by\" \/>\n\t<meta name=\"twitter:data1\" content=\"Andreea Tudor\" \/>\n\t<meta name=\"twitter:label2\" content=\"Estimated reading time\" \/>\n\t<meta name=\"twitter:data2\" content=\"4 minutes\" \/>\n<script type=\"application\/ld+json\" class=\"yoast-schema-graph\">{\"@context\":\"https:\\\/\\\/schema.org\",\"@graph\":[{\"@type\":\"Article\",\"@id\":\"https:\\\/\\\/buletin.de\\\/bucuresti\\\/video-compost-gratuit-cu-deseuri-distribuit-de-primaria-sectorului-3\\\/#article\",\"isPartOf\":{\"@id\":\"https:\\\/\\\/buletin.de\\\/bucuresti\\\/video-compost-gratuit-cu-deseuri-distribuit-de-primaria-sectorului-3\\\/\"},\"author\":{\"name\":\"Andreea Tudor\",\"@id\":\"https:\\\/\\\/buletin.de\\\/bucuresti\\\/#\\\/schema\\\/person\\\/150590659efde715459d159da012f501\"},\"headline\":\"VIDEO |\u00a0Compost gratuit cu de\u0219euri, distribuit de Prim\u0103ria Sectorului 3\",\"datePublished\":\"2026-04-07T06:51:23+00:00\",\"dateModified\":\"2026-04-07T06:56:00+00:00\",\"mainEntityOfPage\":{\"@id\":\"https:\\\/\\\/buletin.de\\\/bucuresti\\\/video-compost-gratuit-cu-deseuri-distribuit-de-primaria-sectorului-3\\\/\"},\"wordCount\":442,\"publisher\":{\"@id\":\"https:\\\/\\\/buletin.de\\\/bucuresti\\\/#organization\"},\"image\":{\"@id\":\"https:\\\/\\\/buletin.de\\\/bucuresti\\\/video-compost-gratuit-cu-deseuri-distribuit-de-primaria-sectorului-3\\\/#primaryimage\"},\"thumbnailUrl\":\"https:\\\/\\\/buletin.de\\\/bucuresti\\\/wp-content\\\/uploads\\\/2026\\\/04\\\/557609527_24860173716966658_928992920614037018_n.jpg\",\"keywords\":[\"compost gratuit\",\"deseuri\",\"reciclare\",\"Sector 3\",\"spatii verzi\"],\"articleSection\":[\"Articole\",\"Mediu\",\"Prim\u0103rie\",\"\u0218tiri\"],\"inLanguage\":\"en-GB\",\"copyrightYear\":\"2026\",\"copyrightHolder\":{\"@id\":\"https:\\\/\\\/buletin.de\\\/bucuresti\\\/#organization\"}},{\"@type\":\"WebPage\",\"@id\":\"https:\\\/\\\/buletin.de\\\/bucuresti\\\/video-compost-gratuit-cu-deseuri-distribuit-de-primaria-sectorului-3\\\/\",\"url\":\"https:\\\/\\\/buletin.de\\\/bucuresti\\\/video-compost-gratuit-cu-deseuri-distribuit-de-primaria-sectorului-3\\\/\",\"name\":\"VIDEO |\u00a0Compost gratuit cu de\u0219euri, distribuit de Prim\u0103ria Sectorului 3 - Buletin de Bucure\u0219ti\",\"isPartOf\":{\"@id\":\"https:\\\/\\\/buletin.de\\\/bucuresti\\\/#website\"},\"primaryImageOfPage\":{\"@id\":\"https:\\\/\\\/buletin.de\\\/bucuresti\\\/video-compost-gratuit-cu-deseuri-distribuit-de-primaria-sectorului-3\\\/#primaryimage\"},\"image\":{\"@id\":\"https:\\\/\\\/buletin.de\\\/bucuresti\\\/video-compost-gratuit-cu-deseuri-distribuit-de-primaria-sectorului-3\\\/#primaryimage\"},\"thumbnailUrl\":\"https:\\\/\\\/buletin.de\\\/bucuresti\\\/wp-content\\\/uploads\\\/2026\\\/04\\\/557609527_24860173716966658_928992920614037018_n.jpg\",\"datePublished\":\"2026-04-07T06:51:23+00:00\",\"dateModified\":\"2026-04-07T06:56:00+00:00\",\"description\":\"Prim\u0103ria Sectorului 3 a anun\u021bat recent c\u0103 distribuie compost gratuit pentru gr\u0103dinile blocurilor, \u00eens\u0103 cet\u0103\u021benii reclam\u0103 prezen\u021ba de\u0219eurilor.\",\"breadcrumb\":{\"@id\":\"https:\\\/\\\/buletin.de\\\/bucuresti\\\/video-compost-gratuit-cu-deseuri-distribuit-de-primaria-sectorului-3\\\/#breadcrumb\"},\"inLanguage\":\"en-GB\",\"potentialAction\":[{\"@type\":\"ReadAction\",\"target\":[\"https:\\\/\\\/buletin.de\\\/bucuresti\\\/video-compost-gratuit-cu-deseuri-distribuit-de-primaria-sectorului-3\\\/\"]}]},{\"@type\":\"ImageObject\",\"inLanguage\":\"en-GB\",\"@id\":\"https:\\\/\\\/buletin.de\\\/bucuresti\\\/video-compost-gratuit-cu-deseuri-distribuit-de-primaria-sectorului-3\\\/#primaryimage\",\"url\":\"https:\\\/\\\/buletin.de\\\/bucuresti\\\/wp-content\\\/uploads\\\/2026\\\/04\\\/557609527_24860173716966658_928992920614037018_n.jpg\",\"contentUrl\":\"https:\\\/\\\/buletin.de\\\/bucuresti\\\/wp-content\\\/uploads\\\/2026\\\/04\\\/557609527_24860173716966658_928992920614037018_n.jpg\",\"width\":1600,\"height\":747,\"caption\":\"Compost gratuit cu de\u0219euri, distribuit de Prim\u0103ria Sectorului 3. Foto: FB\\\/ Bogdan Romanescu\"},{\"@type\":\"BreadcrumbList\",\"@id\":\"https:\\\/\\\/buletin.de\\\/bucuresti\\\/video-compost-gratuit-cu-deseuri-distribuit-de-primaria-sectorului-3\\\/#breadcrumb\",\"itemListElement\":[{\"@type\":\"ListItem\",\"position\":1,\"name\":\"Acas\u0103\",\"item\":\"https:\\\/\\\/buletin.de\\\/bucuresti\\\/\"},{\"@type\":\"ListItem\",\"position\":2,\"name\":\"VIDEO |\u00a0Compost gratuit cu de\u0219euri, distribuit de Prim\u0103ria Sectorului 3\"}]},{\"@type\":\"WebSite\",\"@id\":\"https:\\\/\\\/buletin.de\\\/bucuresti\\\/#website\",\"url\":\"https:\\\/\\\/buletin.de\\\/bucuresti\\\/\",\"name\":\"Buletin de Bucure\u0219ti\",\"description\":\"\u0218tiri \u0219i investiga\u021bii esen\u021biale din capital\u0103\",\"publisher\":{\"@id\":\"https:\\\/\\\/buletin.de\\\/bucuresti\\\/#organization\"},\"potentialAction\":[{\"@type\":\"SearchAction\",\"target\":{\"@type\":\"EntryPoint\",\"urlTemplate\":\"https:\\\/\\\/buletin.de\\\/bucuresti\\\/?s={search_term_string}\"},\"query-input\":{\"@type\":\"PropertyValueSpecification\",\"valueRequired\":true,\"valueName\":\"search_term_string\"}}],\"inLanguage\":\"en-GB\"},{\"@type\":\"Organization\",\"@id\":\"https:\\\/\\\/buletin.de\\\/bucuresti\\\/#organization\",\"name\":\"Buletin de Bucure\u0219ti\",\"url\":\"https:\\\/\\\/buletin.de\\\/bucuresti\\\/\",\"logo\":{\"@type\":\"ImageObject\",\"inLanguage\":\"en-GB\",\"@id\":\"https:\\\/\\\/buletin.de\\\/bucuresti\\\/#\\\/schema\\\/logo\\\/image\\\/\",\"url\":\"https:\\\/\\\/buletin.de\\\/bucuresti\\\/wp-content\\\/uploads\\\/logo-bdb-full-wide-vernil-transparent.png\",\"contentUrl\":\"https:\\\/\\\/buletin.de\\\/bucuresti\\\/wp-content\\\/uploads\\\/logo-bdb-full-wide-vernil-transparent.png\",\"width\":1782,\"height\":626,\"caption\":\"Buletin de Bucure\u0219ti\"},\"image\":{\"@id\":\"https:\\\/\\\/buletin.de\\\/bucuresti\\\/#\\\/schema\\\/logo\\\/image\\\/\"},\"sameAs\":[\"https:\\\/\\\/www.facebook.com\\\/buletin.de.buc\",\"https:\\\/\\\/www.instagram.com\\\/buletinde.bucuresti\\\/\"]},{\"@type\":\"Person\",\"@id\":\"https:\\\/\\\/buletin.de\\\/bucuresti\\\/#\\\/schema\\\/person\\\/150590659efde715459d159da012f501\",\"name\":\"Andreea Tudor\",\"image\":{\"@type\":\"ImageObject\",\"inLanguage\":\"en-GB\",\"@id\":\"https:\\\/\\\/secure.gravatar.com\\\/avatar\\\/a88705a186ab0b67f3349bcbced506c09e37256fbaad0e7f3bd1a79b4599f589?s=96&d=monsterid&r=g79290610aa1a65c2b86eebc2ca5aee8f\",\"url\":\"https:\\\/\\\/secure.gravatar.com\\\/avatar\\\/a88705a186ab0b67f3349bcbced506c09e37256fbaad0e7f3bd1a79b4599f589?s=96&d=monsterid&r=g\",\"contentUrl\":\"https:\\\/\\\/secure.gravatar.com\\\/avatar\\\/a88705a186ab0b67f3349bcbced506c09e37256fbaad0e7f3bd1a79b4599f589?s=96&d=monsterid&r=g\",\"caption\":\"Andreea Tudor\"},\"description\":\"N\u0103scut\u0103 \u0219i crescut\u0103 \u00een Bucure\u0219ti, sus\u021bin\u0103toare a presei independente. A\u0219a am ajuns redactor la Buletin de Bucure\u0219ti. Fiind eu, \u00eens\u0103mi, parte a sistemului de \u00eenv\u0103\u021b\u0103m\u00e2nt rom\u00e2nesc \u0219i pasionat\u0103 de domeniul social, pun sub lup\u0103 tot ceea ce se \u00eent\u00e2mpl\u0103 \u00een sfera educa\u021biei. Cred cu t\u0103rie c\u0103 presa \u201epentru cet\u0103\u021beni\u201d este presa independent\u0103. Oamenii au nevoie de o informare corect\u0103 pentru a \u00een\u021belege pe deplin ce se \u00eent\u00e2mpl\u0103 \u00een jurul lor \u0219i pentru a lua ac\u021biune \u00eempotriva nedrept\u0103\u021bilor.\",\"url\":\"https:\\\/\\\/buletin.de\\\/bucuresti\\\/author\\\/andreeatudor\\\/\"}]}<\/script>\n<!-- \/ Yoast SEO Premium plugin. -->","yoast_head_json":{"title":"VIDEO |\u00a0Compost gratuit cu de\u0219euri, distribuit de Prim\u0103ria Sectorului 3 - Buletin de Bucure\u0219ti","description":"Prim\u0103ria Sectorului 3 a anun\u021bat recent c\u0103 distribuie compost gratuit pentru gr\u0103dinile blocurilor, \u00eens\u0103 cet\u0103\u021benii reclam\u0103 prezen\u021ba de\u0219eurilor.","robots":{"index":"index","follow":"follow","max-snippet":"max-snippet:-1","max-image-preview":"max-image-preview:large","max-video-preview":"max-video-preview:-1"},"canonical":"https:\/\/buletin.de\/bucuresti\/video-compost-gratuit-cu-deseuri-distribuit-de-primaria-sectorului-3\/","og_locale":"en_GB","og_type":"article","og_title":"VIDEO |\u00a0Compost gratuit cu de\u0219euri, distribuit de Prim\u0103ria Sectorului 3","og_description":"Prim\u0103ria Sectorului 3 a anun\u021bat recent c\u0103 distribuie compost gratuit pentru gr\u0103dinile blocurilor, \u00eens\u0103 cet\u0103\u021benii reclam\u0103 prezen\u021ba de\u0219eurilor.","og_url":"https:\/\/buletin.de\/bucuresti\/video-compost-gratuit-cu-deseuri-distribuit-de-primaria-sectorului-3\/","og_site_name":"Buletin de Bucure\u0219ti","article_publisher":"https:\/\/www.facebook.com\/buletin.de.buc","article_published_time":"2026-04-07T06:51:23+00:00","article_modified_time":"2026-04-07T06:56:00+00:00","og_image":[{"width":1600,"height":747,"url":"https:\/\/buletin.de\/bucuresti\/wp-content\/uploads\/2026\/04\/557609527_24860173716966658_928992920614037018_n.jpg","type":"image\/jpeg"}],"author":"Andreea Tudor","twitter_card":"summary_large_image","twitter_misc":{"Written by":"Andreea Tudor","Estimated reading time":"4 minutes"},"schema":{"@context":"https:\/\/schema.org","@graph":[{"@type":"Article","@id":"https:\/\/buletin.de\/bucuresti\/video-compost-gratuit-cu-deseuri-distribuit-de-primaria-sectorului-3\/#article","isPartOf":{"@id":"https:\/\/buletin.de\/bucuresti\/video-compost-gratuit-cu-deseuri-distribuit-de-primaria-sectorului-3\/"},"author":{"name":"Andreea Tudor","@id":"https:\/\/buletin.de\/bucuresti\/#\/schema\/person\/150590659efde715459d159da012f501"},"headline":"VIDEO |\u00a0Compost gratuit cu de\u0219euri, distribuit de Prim\u0103ria Sectorului 3","datePublished":"2026-04-07T06:51:23+00:00","dateModified":"2026-04-07T06:56:00+00:00","mainEntityOfPage":{"@id":"https:\/\/buletin.de\/bucuresti\/video-compost-gratuit-cu-deseuri-distribuit-de-primaria-sectorului-3\/"},"wordCount":442,"publisher":{"@id":"https:\/\/buletin.de\/bucuresti\/#organization"},"image":{"@id":"https:\/\/buletin.de\/bucuresti\/video-compost-gratuit-cu-deseuri-distribuit-de-primaria-sectorului-3\/#primaryimage"},"thumbnailUrl":"https:\/\/buletin.de\/bucuresti\/wp-content\/uploads\/2026\/04\/557609527_24860173716966658_928992920614037018_n.jpg","keywords":["compost gratuit","deseuri","reciclare","Sector 3","spatii verzi"],"articleSection":["Articole","Mediu","Prim\u0103rie","\u0218tiri"],"inLanguage":"en-GB","copyrightYear":"2026","copyrightHolder":{"@id":"https:\/\/buletin.de\/bucuresti\/#organization"}},{"@type":"WebPage","@id":"https:\/\/buletin.de\/bucuresti\/video-compost-gratuit-cu-deseuri-distribuit-de-primaria-sectorului-3\/","url":"https:\/\/buletin.de\/bucuresti\/video-compost-gratuit-cu-deseuri-distribuit-de-primaria-sectorului-3\/","name":"VIDEO |\u00a0Compost gratuit cu de\u0219euri, distribuit de Prim\u0103ria Sectorului 3 - Buletin de Bucure\u0219ti","isPartOf":{"@id":"https:\/\/buletin.de\/bucuresti\/#website"},"primaryImageOfPage":{"@id":"https:\/\/buletin.de\/bucuresti\/video-compost-gratuit-cu-deseuri-distribuit-de-primaria-sectorului-3\/#primaryimage"},"image":{"@id":"https:\/\/buletin.de\/bucuresti\/video-compost-gratuit-cu-deseuri-distribuit-de-primaria-sectorului-3\/#primaryimage"},"thumbnailUrl":"https:\/\/buletin.de\/bucuresti\/wp-content\/uploads\/2026\/04\/557609527_24860173716966658_928992920614037018_n.jpg","datePublished":"2026-04-07T06:51:23+00:00","dateModified":"2026-04-07T06:56:00+00:00","description":"Prim\u0103ria Sectorului 3 a anun\u021bat recent c\u0103 distribuie compost gratuit pentru gr\u0103dinile blocurilor, \u00eens\u0103 cet\u0103\u021benii reclam\u0103 prezen\u021ba de\u0219eurilor.","breadcrumb":{"@id":"https:\/\/buletin.de\/bucuresti\/video-compost-gratuit-cu-deseuri-distribuit-de-primaria-sectorului-3\/#breadcrumb"},"inLanguage":"en-GB","potentialAction":[{"@type":"ReadAction","target":["https:\/\/buletin.de\/bucuresti\/video-compost-gratuit-cu-deseuri-distribuit-de-primaria-sectorului-3\/"]}]},{"@type":"ImageObject","inLanguage":"en-GB","@id":"https:\/\/buletin.de\/bucuresti\/video-compost-gratuit-cu-deseuri-distribuit-de-primaria-sectorului-3\/#primaryimage","url":"https:\/\/buletin.de\/bucuresti\/wp-content\/uploads\/2026\/04\/557609527_24860173716966658_928992920614037018_n.jpg","contentUrl":"https:\/\/buletin.de\/bucuresti\/wp-content\/uploads\/2026\/04\/557609527_24860173716966658_928992920614037018_n.jpg","width":1600,"height":747,"caption":"Compost gratuit cu de\u0219euri, distribuit de Prim\u0103ria Sectorului 3. Foto: FB\/ Bogdan Romanescu"},{"@type":"BreadcrumbList","@id":"https:\/\/buletin.de\/bucuresti\/video-compost-gratuit-cu-deseuri-distribuit-de-primaria-sectorului-3\/#breadcrumb","itemListElement":[{"@type":"ListItem","position":1,"name":"Acas\u0103","item":"https:\/\/buletin.de\/bucuresti\/"},{"@type":"ListItem","position":2,"name":"VIDEO |\u00a0Compost gratuit cu de\u0219euri, distribuit de Prim\u0103ria Sectorului 3"}]},{"@type":"WebSite","@id":"https:\/\/buletin.de\/bucuresti\/#website","url":"https:\/\/buletin.de\/bucuresti\/","name":"Buletin de Bucure\u0219ti","description":"\u0218tiri \u0219i investiga\u021bii esen\u021biale din capital\u0103","publisher":{"@id":"https:\/\/buletin.de\/bucuresti\/#organization"},"potentialAction":[{"@type":"SearchAction","target":{"@type":"EntryPoint","urlTemplate":"https:\/\/buletin.de\/bucuresti\/?s={search_term_string}"},"query-input":{"@type":"PropertyValueSpecification","valueRequired":true,"valueName":"search_term_string"}}],"inLanguage":"en-GB"},{"@type":"Organization","@id":"https:\/\/buletin.de\/bucuresti\/#organization","name":"Buletin de Bucure\u0219ti","url":"https:\/\/buletin.de\/bucuresti\/","logo":{"@type":"ImageObject","inLanguage":"en-GB","@id":"https:\/\/buletin.de\/bucuresti\/#\/schema\/logo\/image\/","url":"https:\/\/buletin.de\/bucuresti\/wp-content\/uploads\/logo-bdb-full-wide-vernil-transparent.png","contentUrl":"https:\/\/buletin.de\/bucuresti\/wp-content\/uploads\/logo-bdb-full-wide-vernil-transparent.png","width":1782,"height":626,"caption":"Buletin de Bucure\u0219ti"},"image":{"@id":"https:\/\/buletin.de\/bucuresti\/#\/schema\/logo\/image\/"},"sameAs":["https:\/\/www.facebook.com\/buletin.de.buc","https:\/\/www.instagram.com\/buletinde.bucuresti\/"]},{"@type":"Person","@id":"https:\/\/buletin.de\/bucuresti\/#\/schema\/person\/150590659efde715459d159da012f501","name":"Andreea Tudor","image":{"@type":"ImageObject","inLanguage":"en-GB","@id":"https:\/\/secure.gravatar.com\/avatar\/a88705a186ab0b67f3349bcbced506c09e37256fbaad0e7f3bd1a79b4599f589?s=96&d=monsterid&r=g79290610aa1a65c2b86eebc2ca5aee8f","url":"https:\/\/secure.gravatar.com\/avatar\/a88705a186ab0b67f3349bcbced506c09e37256fbaad0e7f3bd1a79b4599f589?s=96&d=monsterid&r=g","contentUrl":"https:\/\/secure.gravatar.com\/avatar\/a88705a186ab0b67f3349bcbced506c09e37256fbaad0e7f3bd1a79b4599f589?s=96&d=monsterid&r=g","caption":"Andreea Tudor"},"description":"N\u0103scut\u0103 \u0219i crescut\u0103 \u00een Bucure\u0219ti, sus\u021bin\u0103toare a presei independente. A\u0219a am ajuns redactor la Buletin de Bucure\u0219ti. Fiind eu, \u00eens\u0103mi, parte a sistemului de \u00eenv\u0103\u021b\u0103m\u00e2nt rom\u00e2nesc \u0219i pasionat\u0103 de domeniul social, pun sub lup\u0103 tot ceea ce se \u00eent\u00e2mpl\u0103 \u00een sfera educa\u021biei. Cred cu t\u0103rie c\u0103 presa \u201epentru cet\u0103\u021beni\u201d este presa independent\u0103. Oamenii au nevoie de o informare corect\u0103 pentru a \u00een\u021belege pe deplin ce se \u00eent\u00e2mpl\u0103 \u00een jurul lor \u0219i pentru a lua ac\u021biune \u00eempotriva nedrept\u0103\u021bilor.","url":"https:\/\/buletin.de\/bucuresti\/author\/andreeatudor\/"}]}},"authors":[{"term_id":22573,"user_id":55,"is_guest":0,"slug":"andreeatudor","display_name":"Andreea Tudor","avatar_url":"https:\/\/secure.gravatar.com\/avatar\/a88705a186ab0b67f3349bcbced506c09e37256fbaad0e7f3bd1a79b4599f589?s=96&d=monsterid&r=g","0":null,"1":"","2":"","3":"","4":"","5":"","6":"","7":"","8":""}],"_links":{"self":[{"href":"https:\/\/buletin.de\/bucuresti\/wp-json\/wp\/v2\/posts\/184365","targetHints":{"allow":["GET"]}}],"collection":[{"href":"https:\/\/buletin.de\/bucuresti\/wp-json\/wp\/v2\/posts"}],"about":[{"href":"https:\/\/buletin.de\/bucuresti\/wp-json\/wp\/v2\/types\/post"}],"author":[{"embeddable":true,"href":"https:\/\/buletin.de\/bucuresti\/wp-json\/wp\/v2\/users\/55"}],"replies":[{"embeddable":true,"href":"https:\/\/buletin.de\/bucuresti\/wp-json\/wp\/v2\/comments?post=184365"}],"version-history":[{"count":12,"href":"https:\/\/buletin.de\/bucuresti\/wp-json\/wp\/v2\/posts\/184365\/revisions"}],"predecessor-version":[{"id":185510,"href":"https:\/\/buletin.de\/bucuresti\/wp-json\/wp\/v2\/posts\/184365\/revisions\/185510"}],"wp:featuredmedia":[{"embeddable":true,"href":"https:\/\/buletin.de\/bucuresti\/wp-json\/wp\/v2\/media\/185101"}],"wp:attachment":[{"href":"https:\/\/buletin.de\/bucuresti\/wp-json\/wp\/v2\/media?parent=184365"}],"wp:term":[{"taxonomy":"category","embeddable":true,"href":"https:\/\/buletin.de\/bucuresti\/wp-json\/wp\/v2\/categories?post=184365"},{"taxonomy":"post_tag","embeddable":true,"href":"https:\/\/buletin.de\/bucuresti\/wp-json\/wp\/v2\/tags?post=184365"},{"taxonomy":"author","embeddable":true,"href":"https:\/\/buletin.de\/bucuresti\/wp-json\/wp\/v2\/ppma_author?post=184365"}],"curies":[{"name":"wp","href":"https:\/\/api.w.org\/{rel}","templated":true}]}}