{"id":18431,"date":"2021-01-21T15:46:15","date_gmt":"2021-01-21T12:46:15","guid":{"rendered":"https:\/\/buletin.de\/bucuresti\/?p=18431"},"modified":"2021-01-21T15:46:16","modified_gmt":"2021-01-21T12:46:16","slug":"directorul-directiei-de-mediu-demis-de-nicusor-dan-pentru-ca-a-avizat-defrisarea-arborilor-de-pe-soseaua-kiseleff","status":"publish","type":"post","link":"https:\/\/buletin.de\/bucuresti\/directorul-directiei-de-mediu-demis-de-nicusor-dan-pentru-ca-a-avizat-defrisarea-arborilor-de-pe-soseaua-kiseleff\/","title":{"rendered":"Directorul Direc\u021biei de Mediu, demis de Nicu\u0219or Dan pentru c\u0103 a avizat defri\u0219area arborilor de pe \u0218oseaua Kiseleff"},"content":{"rendered":"\n<p><\/p>\n\n\n\n<p><strong>Directorul interimar al Direc\u021biei de Mediu din Prim\u0103ria Capitalei a fost eliberat azi din func\u021bie de primarul Nicu\u0219or Dan pentru faptul c\u0103 a avizat defri\u0219area a 22 de arbori de pe \u0218oseaua Kiseleff 45.<\/strong><\/p>\n\n\n\n<blockquote class=\"wp-block-quote is-layout-flow wp-block-quote-is-layout-flow\"><p>\u201eAm reu\u0219it s\u0103 oprim aceast\u0103 defri\u0219are la timp. \u00cen acea zon\u0103 s-au f\u0103cut demersuri pentru demolarea unor case vechi \u00een vederea construirii de blocuri. Spa\u021biul verde al Capitalei nu trebuie distrus!\u201d<\/p><cite>primarul Capitalei, Nicu\u0219or Dan<\/cite><\/blockquote>\n\n\n\n<p><\/p>\n\n\n\n<p><\/p>\n\n\n\n<div class=\"fb-post\" data-href=\"https:\/\/www.facebook.com\/NicusorDan.ro\/posts\/3656166757794244\" data-width=\"500\" data-show-text=\"true\"><blockquote cite=\"https:\/\/www.facebook.com\/NicusorDan.ro\/posts\/3656166757794244\" class=\"fb-xfbml-parse-ignore\"><p>L-am eliberat azi din func\u021bie pe directorul interimar al Direc\u021biei de Mediu din Prim\u0103ria Capitalei, pentru modul \u00een care&#8230;<\/p>Publicat\u0103 de <a href=\"https:\/\/www.facebook.com\/NicusorDan.ro\/\">Nicu\u0219or Dan<\/a> pe&nbsp;<a href=\"https:\/\/www.facebook.com\/NicusorDan.ro\/posts\/3656166757794244\">Joi, 21 ianuarie 2021<\/a><\/blockquote><\/div>\n\n\n\n<p><\/p>\n\n\n\n<p>Surs\u0103 cover: <a href=\"https:\/\/www.facebook.com\/NicusorDan.ro\/photos\/3638252949585625\">Facebook Nicu\u0219or Dan<\/a><\/p>\n","protected":false},"excerpt":{"rendered":"<p>Directorul interimar al Direc\u021biei de Mediu din Prim\u0103ria Capitalei a fost eliberat azi din func\u021bie de primarul Nicu\u0219or Dan pentru faptul c\u0103 a avizat defri\u0219area a 22 de arbori de pe \u0218oseaua Kiseleff 45. \u201eAm reu\u0219it s\u0103 oprim aceast\u0103 defri\u0219are la timp. \u00cen acea zon\u0103 s-au f\u0103cut demersuri pentru demolarea unor case vechi \u00een vederea [&hellip;]<\/p>\n","protected":false},"author":6,"featured_media":18433,"comment_status":"closed","ping_status":"open","sticky":false,"template":"","format":"standard","meta":{"_acf_changed":false,"inline_featured_image":false,"ngg_post_thumbnail":0,"footnotes":""},"categories":[24,62],"tags":[2150,2151,223],"ppma_author":[22588],"class_list":["post-18431","post","type-post","status-publish","format-standard","has-post-thumbnail","hentry","category-primarie","category-stiri","tag-defrisare","tag-demitere","tag-nicusor-dan"],"acf":[],"yoast_head":"<!-- This site is optimized with the Yoast SEO Premium plugin v25.3 (Yoast SEO v27.4) - https:\/\/yoast.com\/product\/yoast-seo-premium-wordpress\/ -->\n<title>Directorul Direc\u021biei de Mediu, demis de Nicu\u0219or Dan pentru c\u0103 a avizat defri\u0219area arborilor de pe \u0218oseaua Kiseleff - Buletin de Bucure\u0219ti<\/title>\n<meta name=\"robots\" content=\"index, follow, max-snippet:-1, max-image-preview:large, max-video-preview:-1\" \/>\n<link rel=\"canonical\" href=\"https:\/\/buletin.de\/bucuresti\/directorul-directiei-de-mediu-demis-de-nicusor-dan-pentru-ca-a-avizat-defrisarea-arborilor-de-pe-soseaua-kiseleff\/\" \/>\n<meta property=\"og:locale\" content=\"en_GB\" \/>\n<meta property=\"og:type\" content=\"article\" \/>\n<meta property=\"og:title\" content=\"Directorul Direc\u021biei de Mediu, demis de Nicu\u0219or Dan pentru c\u0103 a avizat defri\u0219area arborilor de pe \u0218oseaua Kiseleff\" \/>\n<meta property=\"og:description\" content=\"Directorul interimar al Direc\u021biei de Mediu din Prim\u0103ria Capitalei a fost eliberat azi din func\u021bie de primarul Nicu\u0219or Dan pentru faptul c\u0103 a avizat defri\u0219area a 22 de arbori de pe \u0218oseaua Kiseleff 45. \u201eAm reu\u0219it s\u0103 oprim aceast\u0103 defri\u0219are la timp. \u00cen acea zon\u0103 s-au f\u0103cut demersuri pentru demolarea unor case vechi \u00een vederea [&hellip;]\" \/>\n<meta property=\"og:url\" content=\"https:\/\/buletin.de\/bucuresti\/directorul-directiei-de-mediu-demis-de-nicusor-dan-pentru-ca-a-avizat-defrisarea-arborilor-de-pe-soseaua-kiseleff\/\" \/>\n<meta property=\"og:site_name\" content=\"Buletin de Bucure\u0219ti\" \/>\n<meta property=\"article:publisher\" content=\"https:\/\/www.facebook.com\/buletin.de.buc\" \/>\n<meta property=\"article:published_time\" content=\"2021-01-21T12:46:15+00:00\" \/>\n<meta property=\"article:modified_time\" content=\"2021-01-21T12:46:16+00:00\" \/>\n<meta property=\"og:image\" content=\"https:\/\/buletin.de\/bucuresti\/wp-content\/uploads\/138690823_3638252952918958_3604528919099462534_o-1.jpg\" \/>\n\t<meta property=\"og:image:width\" content=\"2048\" \/>\n\t<meta property=\"og:image:height\" content=\"1364\" \/>\n\t<meta property=\"og:image:type\" content=\"image\/jpeg\" \/>\n<meta name=\"author\" content=\"Bianca Albu\" \/>\n<meta name=\"twitter:card\" content=\"summary_large_image\" \/>\n<meta name=\"twitter:label1\" content=\"Written by\" \/>\n\t<meta name=\"twitter:data1\" content=\"Bianca Albu\" \/>\n\t<meta name=\"twitter:label2\" content=\"Estimated reading time\" \/>\n\t<meta name=\"twitter:data2\" content=\"1 minute\" \/>\n<script type=\"application\/ld+json\" class=\"yoast-schema-graph\">{\"@context\":\"https:\\\/\\\/schema.org\",\"@graph\":[{\"@type\":\"Article\",\"@id\":\"https:\\\/\\\/buletin.de\\\/bucuresti\\\/directorul-directiei-de-mediu-demis-de-nicusor-dan-pentru-ca-a-avizat-defrisarea-arborilor-de-pe-soseaua-kiseleff\\\/#article\",\"isPartOf\":{\"@id\":\"https:\\\/\\\/buletin.de\\\/bucuresti\\\/directorul-directiei-de-mediu-demis-de-nicusor-dan-pentru-ca-a-avizat-defrisarea-arborilor-de-pe-soseaua-kiseleff\\\/\"},\"author\":{\"name\":\"Bianca Albu\",\"@id\":\"https:\\\/\\\/buletin.de\\\/bucuresti\\\/#\\\/schema\\\/person\\\/295dc2228d2dc79294d636619468dc7f\"},\"headline\":\"Directorul Direc\u021biei de Mediu, demis de Nicu\u0219or Dan pentru c\u0103 a avizat defri\u0219area arborilor de pe \u0218oseaua Kiseleff\",\"datePublished\":\"2021-01-21T12:46:15+00:00\",\"dateModified\":\"2021-01-21T12:46:16+00:00\",\"mainEntityOfPage\":{\"@id\":\"https:\\\/\\\/buletin.de\\\/bucuresti\\\/directorul-directiei-de-mediu-demis-de-nicusor-dan-pentru-ca-a-avizat-defrisarea-arborilor-de-pe-soseaua-kiseleff\\\/\"},\"wordCount\":135,\"publisher\":{\"@id\":\"https:\\\/\\\/buletin.de\\\/bucuresti\\\/#organization\"},\"image\":{\"@id\":\"https:\\\/\\\/buletin.de\\\/bucuresti\\\/directorul-directiei-de-mediu-demis-de-nicusor-dan-pentru-ca-a-avizat-defrisarea-arborilor-de-pe-soseaua-kiseleff\\\/#primaryimage\"},\"thumbnailUrl\":\"https:\\\/\\\/buletin.de\\\/bucuresti\\\/wp-content\\\/uploads\\\/138690823_3638252952918958_3604528919099462534_o-1.jpg\",\"keywords\":[\"defrisare\",\"demitere\",\"nicusor dan\"],\"articleSection\":[\"Prim\u0103rie\",\"\u0218tiri\"],\"inLanguage\":\"en-GB\",\"copyrightYear\":\"2021\",\"copyrightHolder\":{\"@id\":\"https:\\\/\\\/buletin.de\\\/bucuresti\\\/#organization\"}},{\"@type\":\"WebPage\",\"@id\":\"https:\\\/\\\/buletin.de\\\/bucuresti\\\/directorul-directiei-de-mediu-demis-de-nicusor-dan-pentru-ca-a-avizat-defrisarea-arborilor-de-pe-soseaua-kiseleff\\\/\",\"url\":\"https:\\\/\\\/buletin.de\\\/bucuresti\\\/directorul-directiei-de-mediu-demis-de-nicusor-dan-pentru-ca-a-avizat-defrisarea-arborilor-de-pe-soseaua-kiseleff\\\/\",\"name\":\"Directorul Direc\u021biei de Mediu, demis de Nicu\u0219or Dan pentru c\u0103 a avizat defri\u0219area arborilor de pe \u0218oseaua Kiseleff - Buletin de Bucure\u0219ti\",\"isPartOf\":{\"@id\":\"https:\\\/\\\/buletin.de\\\/bucuresti\\\/#website\"},\"primaryImageOfPage\":{\"@id\":\"https:\\\/\\\/buletin.de\\\/bucuresti\\\/directorul-directiei-de-mediu-demis-de-nicusor-dan-pentru-ca-a-avizat-defrisarea-arborilor-de-pe-soseaua-kiseleff\\\/#primaryimage\"},\"image\":{\"@id\":\"https:\\\/\\\/buletin.de\\\/bucuresti\\\/directorul-directiei-de-mediu-demis-de-nicusor-dan-pentru-ca-a-avizat-defrisarea-arborilor-de-pe-soseaua-kiseleff\\\/#primaryimage\"},\"thumbnailUrl\":\"https:\\\/\\\/buletin.de\\\/bucuresti\\\/wp-content\\\/uploads\\\/138690823_3638252952918958_3604528919099462534_o-1.jpg\",\"datePublished\":\"2021-01-21T12:46:15+00:00\",\"dateModified\":\"2021-01-21T12:46:16+00:00\",\"breadcrumb\":{\"@id\":\"https:\\\/\\\/buletin.de\\\/bucuresti\\\/directorul-directiei-de-mediu-demis-de-nicusor-dan-pentru-ca-a-avizat-defrisarea-arborilor-de-pe-soseaua-kiseleff\\\/#breadcrumb\"},\"inLanguage\":\"en-GB\",\"potentialAction\":[{\"@type\":\"ReadAction\",\"target\":[\"https:\\\/\\\/buletin.de\\\/bucuresti\\\/directorul-directiei-de-mediu-demis-de-nicusor-dan-pentru-ca-a-avizat-defrisarea-arborilor-de-pe-soseaua-kiseleff\\\/\"]}]},{\"@type\":\"ImageObject\",\"inLanguage\":\"en-GB\",\"@id\":\"https:\\\/\\\/buletin.de\\\/bucuresti\\\/directorul-directiei-de-mediu-demis-de-nicusor-dan-pentru-ca-a-avizat-defrisarea-arborilor-de-pe-soseaua-kiseleff\\\/#primaryimage\",\"url\":\"https:\\\/\\\/buletin.de\\\/bucuresti\\\/wp-content\\\/uploads\\\/138690823_3638252952918958_3604528919099462534_o-1.jpg\",\"contentUrl\":\"https:\\\/\\\/buletin.de\\\/bucuresti\\\/wp-content\\\/uploads\\\/138690823_3638252952918958_3604528919099462534_o-1.jpg\",\"width\":2048,\"height\":1364},{\"@type\":\"BreadcrumbList\",\"@id\":\"https:\\\/\\\/buletin.de\\\/bucuresti\\\/directorul-directiei-de-mediu-demis-de-nicusor-dan-pentru-ca-a-avizat-defrisarea-arborilor-de-pe-soseaua-kiseleff\\\/#breadcrumb\",\"itemListElement\":[{\"@type\":\"ListItem\",\"position\":1,\"name\":\"Acas\u0103\",\"item\":\"https:\\\/\\\/buletin.de\\\/bucuresti\\\/\"},{\"@type\":\"ListItem\",\"position\":2,\"name\":\"Directorul Direc\u021biei de Mediu, demis de Nicu\u0219or Dan pentru c\u0103 a avizat defri\u0219area arborilor de pe \u0218oseaua Kiseleff\"}]},{\"@type\":\"WebSite\",\"@id\":\"https:\\\/\\\/buletin.de\\\/bucuresti\\\/#website\",\"url\":\"https:\\\/\\\/buletin.de\\\/bucuresti\\\/\",\"name\":\"Buletin de Bucure\u0219ti\",\"description\":\"\u0218tiri \u0219i investiga\u021bii esen\u021biale din capital\u0103\",\"publisher\":{\"@id\":\"https:\\\/\\\/buletin.de\\\/bucuresti\\\/#organization\"},\"potentialAction\":[{\"@type\":\"SearchAction\",\"target\":{\"@type\":\"EntryPoint\",\"urlTemplate\":\"https:\\\/\\\/buletin.de\\\/bucuresti\\\/?s={search_term_string}\"},\"query-input\":{\"@type\":\"PropertyValueSpecification\",\"valueRequired\":true,\"valueName\":\"search_term_string\"}}],\"inLanguage\":\"en-GB\"},{\"@type\":\"Organization\",\"@id\":\"https:\\\/\\\/buletin.de\\\/bucuresti\\\/#organization\",\"name\":\"Buletin de Bucure\u0219ti\",\"url\":\"https:\\\/\\\/buletin.de\\\/bucuresti\\\/\",\"logo\":{\"@type\":\"ImageObject\",\"inLanguage\":\"en-GB\",\"@id\":\"https:\\\/\\\/buletin.de\\\/bucuresti\\\/#\\\/schema\\\/logo\\\/image\\\/\",\"url\":\"https:\\\/\\\/buletin.de\\\/bucuresti\\\/wp-content\\\/uploads\\\/logo-bdb-full-wide-vernil-transparent.png\",\"contentUrl\":\"https:\\\/\\\/buletin.de\\\/bucuresti\\\/wp-content\\\/uploads\\\/logo-bdb-full-wide-vernil-transparent.png\",\"width\":1782,\"height\":626,\"caption\":\"Buletin de Bucure\u0219ti\"},\"image\":{\"@id\":\"https:\\\/\\\/buletin.de\\\/bucuresti\\\/#\\\/schema\\\/logo\\\/image\\\/\"},\"sameAs\":[\"https:\\\/\\\/www.facebook.com\\\/buletin.de.buc\",\"https:\\\/\\\/www.instagram.com\\\/buletinde.bucuresti\\\/\"]},{\"@type\":\"Person\",\"@id\":\"https:\\\/\\\/buletin.de\\\/bucuresti\\\/#\\\/schema\\\/person\\\/295dc2228d2dc79294d636619468dc7f\",\"name\":\"Bianca Albu\",\"image\":{\"@type\":\"ImageObject\",\"inLanguage\":\"en-GB\",\"@id\":\"https:\\\/\\\/secure.gravatar.com\\\/avatar\\\/3df2e34e20f529e6fd7be4311ee1f7c4ec4aa886971590baf6fa214b15743516?s=96&d=monsterid&r=gf541c715eeec409ce8101252a3c0d8a7\",\"url\":\"https:\\\/\\\/secure.gravatar.com\\\/avatar\\\/3df2e34e20f529e6fd7be4311ee1f7c4ec4aa886971590baf6fa214b15743516?s=96&d=monsterid&r=g\",\"contentUrl\":\"https:\\\/\\\/secure.gravatar.com\\\/avatar\\\/3df2e34e20f529e6fd7be4311ee1f7c4ec4aa886971590baf6fa214b15743516?s=96&d=monsterid&r=g\",\"caption\":\"Bianca Albu\"},\"description\":\"Reporter\",\"url\":\"https:\\\/\\\/buletin.de\\\/bucuresti\\\/author\\\/biancaalbu\\\/\"}]}<\/script>\n<!-- \/ Yoast SEO Premium plugin. -->","yoast_head_json":{"title":"Directorul Direc\u021biei de Mediu, demis de Nicu\u0219or Dan pentru c\u0103 a avizat defri\u0219area arborilor de pe \u0218oseaua Kiseleff - Buletin de Bucure\u0219ti","robots":{"index":"index","follow":"follow","max-snippet":"max-snippet:-1","max-image-preview":"max-image-preview:large","max-video-preview":"max-video-preview:-1"},"canonical":"https:\/\/buletin.de\/bucuresti\/directorul-directiei-de-mediu-demis-de-nicusor-dan-pentru-ca-a-avizat-defrisarea-arborilor-de-pe-soseaua-kiseleff\/","og_locale":"en_GB","og_type":"article","og_title":"Directorul Direc\u021biei de Mediu, demis de Nicu\u0219or Dan pentru c\u0103 a avizat defri\u0219area arborilor de pe \u0218oseaua Kiseleff","og_description":"Directorul interimar al Direc\u021biei de Mediu din Prim\u0103ria Capitalei a fost eliberat azi din func\u021bie de primarul Nicu\u0219or Dan pentru faptul c\u0103 a avizat defri\u0219area a 22 de arbori de pe \u0218oseaua Kiseleff 45. \u201eAm reu\u0219it s\u0103 oprim aceast\u0103 defri\u0219are la timp. \u00cen acea zon\u0103 s-au f\u0103cut demersuri pentru demolarea unor case vechi \u00een vederea [&hellip;]","og_url":"https:\/\/buletin.de\/bucuresti\/directorul-directiei-de-mediu-demis-de-nicusor-dan-pentru-ca-a-avizat-defrisarea-arborilor-de-pe-soseaua-kiseleff\/","og_site_name":"Buletin de Bucure\u0219ti","article_publisher":"https:\/\/www.facebook.com\/buletin.de.buc","article_published_time":"2021-01-21T12:46:15+00:00","article_modified_time":"2021-01-21T12:46:16+00:00","og_image":[{"width":2048,"height":1364,"url":"https:\/\/buletin.de\/bucuresti\/wp-content\/uploads\/138690823_3638252952918958_3604528919099462534_o-1.jpg","type":"image\/jpeg"}],"author":"Bianca Albu","twitter_card":"summary_large_image","twitter_misc":{"Written by":"Bianca Albu","Estimated reading time":"1 minute"},"schema":{"@context":"https:\/\/schema.org","@graph":[{"@type":"Article","@id":"https:\/\/buletin.de\/bucuresti\/directorul-directiei-de-mediu-demis-de-nicusor-dan-pentru-ca-a-avizat-defrisarea-arborilor-de-pe-soseaua-kiseleff\/#article","isPartOf":{"@id":"https:\/\/buletin.de\/bucuresti\/directorul-directiei-de-mediu-demis-de-nicusor-dan-pentru-ca-a-avizat-defrisarea-arborilor-de-pe-soseaua-kiseleff\/"},"author":{"name":"Bianca Albu","@id":"https:\/\/buletin.de\/bucuresti\/#\/schema\/person\/295dc2228d2dc79294d636619468dc7f"},"headline":"Directorul Direc\u021biei de Mediu, demis de Nicu\u0219or Dan pentru c\u0103 a avizat defri\u0219area arborilor de pe \u0218oseaua Kiseleff","datePublished":"2021-01-21T12:46:15+00:00","dateModified":"2021-01-21T12:46:16+00:00","mainEntityOfPage":{"@id":"https:\/\/buletin.de\/bucuresti\/directorul-directiei-de-mediu-demis-de-nicusor-dan-pentru-ca-a-avizat-defrisarea-arborilor-de-pe-soseaua-kiseleff\/"},"wordCount":135,"publisher":{"@id":"https:\/\/buletin.de\/bucuresti\/#organization"},"image":{"@id":"https:\/\/buletin.de\/bucuresti\/directorul-directiei-de-mediu-demis-de-nicusor-dan-pentru-ca-a-avizat-defrisarea-arborilor-de-pe-soseaua-kiseleff\/#primaryimage"},"thumbnailUrl":"https:\/\/buletin.de\/bucuresti\/wp-content\/uploads\/138690823_3638252952918958_3604528919099462534_o-1.jpg","keywords":["defrisare","demitere","nicusor dan"],"articleSection":["Prim\u0103rie","\u0218tiri"],"inLanguage":"en-GB","copyrightYear":"2021","copyrightHolder":{"@id":"https:\/\/buletin.de\/bucuresti\/#organization"}},{"@type":"WebPage","@id":"https:\/\/buletin.de\/bucuresti\/directorul-directiei-de-mediu-demis-de-nicusor-dan-pentru-ca-a-avizat-defrisarea-arborilor-de-pe-soseaua-kiseleff\/","url":"https:\/\/buletin.de\/bucuresti\/directorul-directiei-de-mediu-demis-de-nicusor-dan-pentru-ca-a-avizat-defrisarea-arborilor-de-pe-soseaua-kiseleff\/","name":"Directorul Direc\u021biei de Mediu, demis de Nicu\u0219or Dan pentru c\u0103 a avizat defri\u0219area arborilor de pe \u0218oseaua Kiseleff - Buletin de Bucure\u0219ti","isPartOf":{"@id":"https:\/\/buletin.de\/bucuresti\/#website"},"primaryImageOfPage":{"@id":"https:\/\/buletin.de\/bucuresti\/directorul-directiei-de-mediu-demis-de-nicusor-dan-pentru-ca-a-avizat-defrisarea-arborilor-de-pe-soseaua-kiseleff\/#primaryimage"},"image":{"@id":"https:\/\/buletin.de\/bucuresti\/directorul-directiei-de-mediu-demis-de-nicusor-dan-pentru-ca-a-avizat-defrisarea-arborilor-de-pe-soseaua-kiseleff\/#primaryimage"},"thumbnailUrl":"https:\/\/buletin.de\/bucuresti\/wp-content\/uploads\/138690823_3638252952918958_3604528919099462534_o-1.jpg","datePublished":"2021-01-21T12:46:15+00:00","dateModified":"2021-01-21T12:46:16+00:00","breadcrumb":{"@id":"https:\/\/buletin.de\/bucuresti\/directorul-directiei-de-mediu-demis-de-nicusor-dan-pentru-ca-a-avizat-defrisarea-arborilor-de-pe-soseaua-kiseleff\/#breadcrumb"},"inLanguage":"en-GB","potentialAction":[{"@type":"ReadAction","target":["https:\/\/buletin.de\/bucuresti\/directorul-directiei-de-mediu-demis-de-nicusor-dan-pentru-ca-a-avizat-defrisarea-arborilor-de-pe-soseaua-kiseleff\/"]}]},{"@type":"ImageObject","inLanguage":"en-GB","@id":"https:\/\/buletin.de\/bucuresti\/directorul-directiei-de-mediu-demis-de-nicusor-dan-pentru-ca-a-avizat-defrisarea-arborilor-de-pe-soseaua-kiseleff\/#primaryimage","url":"https:\/\/buletin.de\/bucuresti\/wp-content\/uploads\/138690823_3638252952918958_3604528919099462534_o-1.jpg","contentUrl":"https:\/\/buletin.de\/bucuresti\/wp-content\/uploads\/138690823_3638252952918958_3604528919099462534_o-1.jpg","width":2048,"height":1364},{"@type":"BreadcrumbList","@id":"https:\/\/buletin.de\/bucuresti\/directorul-directiei-de-mediu-demis-de-nicusor-dan-pentru-ca-a-avizat-defrisarea-arborilor-de-pe-soseaua-kiseleff\/#breadcrumb","itemListElement":[{"@type":"ListItem","position":1,"name":"Acas\u0103","item":"https:\/\/buletin.de\/bucuresti\/"},{"@type":"ListItem","position":2,"name":"Directorul Direc\u021biei de Mediu, demis de Nicu\u0219or Dan pentru c\u0103 a avizat defri\u0219area arborilor de pe \u0218oseaua Kiseleff"}]},{"@type":"WebSite","@id":"https:\/\/buletin.de\/bucuresti\/#website","url":"https:\/\/buletin.de\/bucuresti\/","name":"Buletin de Bucure\u0219ti","description":"\u0218tiri \u0219i investiga\u021bii esen\u021biale din capital\u0103","publisher":{"@id":"https:\/\/buletin.de\/bucuresti\/#organization"},"potentialAction":[{"@type":"SearchAction","target":{"@type":"EntryPoint","urlTemplate":"https:\/\/buletin.de\/bucuresti\/?s={search_term_string}"},"query-input":{"@type":"PropertyValueSpecification","valueRequired":true,"valueName":"search_term_string"}}],"inLanguage":"en-GB"},{"@type":"Organization","@id":"https:\/\/buletin.de\/bucuresti\/#organization","name":"Buletin de Bucure\u0219ti","url":"https:\/\/buletin.de\/bucuresti\/","logo":{"@type":"ImageObject","inLanguage":"en-GB","@id":"https:\/\/buletin.de\/bucuresti\/#\/schema\/logo\/image\/","url":"https:\/\/buletin.de\/bucuresti\/wp-content\/uploads\/logo-bdb-full-wide-vernil-transparent.png","contentUrl":"https:\/\/buletin.de\/bucuresti\/wp-content\/uploads\/logo-bdb-full-wide-vernil-transparent.png","width":1782,"height":626,"caption":"Buletin de Bucure\u0219ti"},"image":{"@id":"https:\/\/buletin.de\/bucuresti\/#\/schema\/logo\/image\/"},"sameAs":["https:\/\/www.facebook.com\/buletin.de.buc","https:\/\/www.instagram.com\/buletinde.bucuresti\/"]},{"@type":"Person","@id":"https:\/\/buletin.de\/bucuresti\/#\/schema\/person\/295dc2228d2dc79294d636619468dc7f","name":"Bianca Albu","image":{"@type":"ImageObject","inLanguage":"en-GB","@id":"https:\/\/secure.gravatar.com\/avatar\/3df2e34e20f529e6fd7be4311ee1f7c4ec4aa886971590baf6fa214b15743516?s=96&d=monsterid&r=gf541c715eeec409ce8101252a3c0d8a7","url":"https:\/\/secure.gravatar.com\/avatar\/3df2e34e20f529e6fd7be4311ee1f7c4ec4aa886971590baf6fa214b15743516?s=96&d=monsterid&r=g","contentUrl":"https:\/\/secure.gravatar.com\/avatar\/3df2e34e20f529e6fd7be4311ee1f7c4ec4aa886971590baf6fa214b15743516?s=96&d=monsterid&r=g","caption":"Bianca Albu"},"description":"Reporter","url":"https:\/\/buletin.de\/bucuresti\/author\/biancaalbu\/"}]}},"authors":[{"term_id":22588,"user_id":6,"is_guest":0,"slug":"biancaalbu","display_name":"Bianca Albu","avatar_url":"https:\/\/secure.gravatar.com\/avatar\/3df2e34e20f529e6fd7be4311ee1f7c4ec4aa886971590baf6fa214b15743516?s=96&d=monsterid&r=g","0":null,"1":"","2":"","3":"","4":"","5":"","6":"","7":"","8":""}],"_links":{"self":[{"href":"https:\/\/buletin.de\/bucuresti\/wp-json\/wp\/v2\/posts\/18431","targetHints":{"allow":["GET"]}}],"collection":[{"href":"https:\/\/buletin.de\/bucuresti\/wp-json\/wp\/v2\/posts"}],"about":[{"href":"https:\/\/buletin.de\/bucuresti\/wp-json\/wp\/v2\/types\/post"}],"author":[{"embeddable":true,"href":"https:\/\/buletin.de\/bucuresti\/wp-json\/wp\/v2\/users\/6"}],"replies":[{"embeddable":true,"href":"https:\/\/buletin.de\/bucuresti\/wp-json\/wp\/v2\/comments?post=18431"}],"version-history":[{"count":2,"href":"https:\/\/buletin.de\/bucuresti\/wp-json\/wp\/v2\/posts\/18431\/revisions"}],"predecessor-version":[{"id":18434,"href":"https:\/\/buletin.de\/bucuresti\/wp-json\/wp\/v2\/posts\/18431\/revisions\/18434"}],"wp:featuredmedia":[{"embeddable":true,"href":"https:\/\/buletin.de\/bucuresti\/wp-json\/wp\/v2\/media\/18433"}],"wp:attachment":[{"href":"https:\/\/buletin.de\/bucuresti\/wp-json\/wp\/v2\/media?parent=18431"}],"wp:term":[{"taxonomy":"category","embeddable":true,"href":"https:\/\/buletin.de\/bucuresti\/wp-json\/wp\/v2\/categories?post=18431"},{"taxonomy":"post_tag","embeddable":true,"href":"https:\/\/buletin.de\/bucuresti\/wp-json\/wp\/v2\/tags?post=18431"},{"taxonomy":"author","embeddable":true,"href":"https:\/\/buletin.de\/bucuresti\/wp-json\/wp\/v2\/ppma_author?post=18431"}],"curies":[{"name":"wp","href":"https:\/\/api.w.org\/{rel}","templated":true}]}}