{"id":184201,"date":"2026-03-31T15:53:53","date_gmt":"2026-03-31T13:53:53","guid":{"rendered":"https:\/\/buletin.de\/bucuresti\/?p=184201"},"modified":"2026-03-31T19:37:17","modified_gmt":"2026-03-31T17:37:17","slug":"corul-madrigal-canta-pentru-sapte-spitale-bucurestene-in-cadrul-parteneriatului-madrigal-pentru-spitale","status":"publish","type":"post","link":"https:\/\/buletin.de\/bucuresti\/corul-madrigal-canta-pentru-sapte-spitale-bucurestene-in-cadrul-parteneriatului-madrigal-pentru-spitale\/","title":{"rendered":"Corul Madrigal c\u00e2nt\u0103 pentru \u0219apte spitale bucure\u0219tene, \u00een cadrul parteneriatului \u201eMadrigal pentru spitale\u201d"},"content":{"rendered":"\n<p><strong>\u0218apte spitale bucure\u0219tene vor beneficia de programe culturale \u0219i servicii, din partea Corului Madrigal. A fost semnat parteneriatul public \u201eMadrigal pentru spitale\u201d.<\/strong><\/p>\n\n\n\n<p>Corul Na\u021bional de Camer\u0103 \u201eMadrigal \u2013 Marin Constantin\u201d \u0219i Administra\u021bia Spitalelor \u0219i Serviciilor Medicale Bucure\u0219ti (ASSMB) au semnat mar\u021bi , 31 martie, acordul de parteneriat \u201eMadrigal pentru spitale\u201d.<\/p>\n\n\n\n<p><strong><em>\u201eIni\u021biativa aduce muzica de cor \u00een mediul medical, ca form\u0103 de sprijin emo\u021bional \u0219i psihologic pentru pacien\u021bi, apar\u021bin\u0103tori \u0219i personalul sanitar.\u201d<\/em><\/strong><\/p>\n\n\n\n<p>Potrivit parteneriatului, \u00een prima faza, spitalele administrate de Prim\u0103ria Municipiului Bucure\u0219ti prin ASSMB care vor beneficia de programe culturale \u0219i servicii educa\u021bionale oferite de Corul Madrigal \u0219i corurile de copii Cantus Mundi sunt:<\/p>\n\n\n\n<ul class=\"wp-block-list\">\n<li>Spitalul Clinic de Psihiatrie \u201eProf. Dr. Alexandru Obregia\u201d;<\/li>\n\n\n\n<li>Spitalul de Boli Cronice \u201eSf. Luca\u201d;<\/li>\n\n\n\n<li>Spitalul Clinic de Copii \u201eDr. Victor Gomoiu\u201d;<\/li>\n\n\n\n<li>Spitalul Clinic de Obstetric\u0103 \u0219i Ginecologie \u201eProf. Dr. Panait S\u00eerbu\u201d;<\/li>\n\n\n\n<li>Spitalul de Psihiatrie Titan \u201eDr. Constantin Gorgos\u201d;<\/li>\n\n\n\n<li>Centrul de Evaluare \u0219i Tratament a Toxicodependen\u021belor pentru Tineri \u201eSf. Stelian\u201d;<\/li>\n\n\n\n<li>Spitalul Clinic de Obstetric\u0103 \u0219i Ginecologie \u201eFilantropia\u201d.<\/li>\n<\/ul>\n\n\n\n<p><strong>CITE\u0218TE \u0218I:<\/strong> <a href=\"https:\/\/buletin.de\/bucuresti\/pelerinaj-de-florii-in-weekend-procesiunea-incepe-la-catedrala-nationala\/\"><strong>Pelerinaj de Florii, \u00een weekend. Procesiunea \u00eencepe la Catedrala Na\u021bional\u0103&nbsp;<\/strong><\/a><\/p>\n\n\n\n<h2 class=\"wp-block-heading\" id=\"h-madrigal-pentru-spitale-un-pas-spre-vindecarea-pacien\u021bilor\">\u201eMadrigal pentru spitale\u201d, un pas spre vindecarea pacien\u021bilor<\/h2>\n\n\n\n<p>\u201eMadrigal pentru spitale\u201d propune un pas inedit \u00een \u00eengrijirea \u0219i&nbsp;vindecarea pacientilor internati \u00een cele \u0219apte spitale. Prin acest parteneriat, Corul Madrigal ofer\u0103 acces personalului medical \u0219i pacien\u021bilor la evenimentele sale, contribuie la valorizarea persoanelor v\u00e2rstnice \u0219i dezvolt\u0103 programul \u201eMadrigal for Babies\u201d, dedicat dezvolt\u0103rii armonioase a bebelu\u0219ilor, prin muzicoterapie.<\/p>\n\n\n\n<p>ASSMB deruleaz\u0103 o serie de campanii de informare \u0219i preven\u021bie \u00een domeniul s\u0103n\u0103t\u0103\u021bii publice, adresate at\u00e2t elevilor, c\u00e2t \u0219i popula\u021biei generale.<\/p>\n\n\n\n<p><strong><em>Corul Na\u021bional de Camer\u0103 \u201eMadrigal \u2013 Marin Constantin\u201d este o institu\u0163ie public\u0103 de concerte de<br>importan\u021b\u0103 na\u021bional\u0103, aflat\u0103 \u00een subordinea Ministerului Culturii din Rom\u00e2nia. Directorul de onoare al<br>ansamblului este dirijorul Ion Marin, iar dirijorul ansamblului este Anna Ungureanu. Din anul 2014,<br>managementul institu\u021biei este coordonat de Emil Pantelimon.<\/em><\/strong><\/p>\n\n\n\n<p><strong>CITE\u0218TE \u0218I:<\/strong> <a href=\"https:\/\/buletin.de\/bucuresti\/ilfov-urmarire-ca-n-filme-in-buftea-focuri-de-arma-in-plina-strada\/\"><strong>ILFOV | Urm\u0103rire ca-n filme \u00een Buftea. Focuri de arm\u0103, \u00een plin\u0103 strad\u0103<\/strong><\/a><\/p>\n\n\n\n<p><br><\/p>\n\n\n\n<p><\/p>\n","protected":false},"excerpt":{"rendered":"<p>\u0218apte spitale bucure\u0219tene vor beneficia de programe culturale \u0219i servicii, din partea Corului Madrigal. A fost semnat parteneriatul public \u201eMadrigal pentru spitale\u201d. Corul Na\u021bional de Camer\u0103 \u201eMadrigal \u2013 Marin Constantin\u201d \u0219i Administra\u021bia Spitalelor \u0219i Serviciilor Medicale Bucure\u0219ti (ASSMB) au semnat mar\u021bi , 31 martie, acordul de parteneriat \u201eMadrigal pentru spitale\u201d. \u201eIni\u021biativa aduce muzica de cor [&hellip;]<\/p>\n","protected":false},"author":49,"featured_media":184213,"comment_status":"closed","ping_status":"open","sticky":false,"template":"","format":"standard","meta":{"_acf_changed":false,"inline_featured_image":false,"ngg_post_thumbnail":0,"footnotes":""},"categories":[6994,81,4,62],"tags":[474,18285,27422],"ppma_author":[22574],"class_list":["post-184201","post","type-post","status-publish","format-standard","has-post-thumbnail","hentry","category-stiri-2","category-cultura","category-sanatate","category-stiri","tag-assmb","tag-corul-madrigal","tag-madrigal-pentru-spitale"],"acf":[],"yoast_head":"<!-- This site is optimized with the Yoast SEO Premium plugin v25.3 (Yoast SEO v27.4) - https:\/\/yoast.com\/product\/yoast-seo-premium-wordpress\/ -->\n<title>Corul Madrigal c\u00e2nt\u0103 pentru \u0219apte spitale bucure\u0219tene, \u00een cadrul parteneriatului \u201eMadrigal pentru spitale\u201d - Buletin de Bucure\u0219ti<\/title>\n<meta name=\"description\" content=\"\u0218apte spitale bucure\u0219tene vor beneficia de programe culturale \u0219i servicii, prin parteneriatul public \u201eMadrigal pentru spitale\u201d.\" \/>\n<meta name=\"robots\" content=\"index, follow, max-snippet:-1, max-image-preview:large, max-video-preview:-1\" \/>\n<link rel=\"canonical\" href=\"https:\/\/buletin.de\/bucuresti\/corul-madrigal-canta-pentru-sapte-spitale-bucurestene-in-cadrul-parteneriatului-madrigal-pentru-spitale\/\" \/>\n<meta property=\"og:locale\" content=\"en_GB\" \/>\n<meta property=\"og:type\" content=\"article\" \/>\n<meta property=\"og:title\" content=\"Corul Madrigal c\u00e2nt\u0103 pentru \u0219apte spitale bucure\u0219tene, \u00een cadrul parteneriatului \u201eMadrigal pentru spitale\u201d\" \/>\n<meta property=\"og:description\" content=\"\u0218apte spitale bucure\u0219tene vor beneficia de programe culturale \u0219i servicii, prin parteneriatul public \u201eMadrigal pentru spitale\u201d.\" \/>\n<meta property=\"og:url\" content=\"https:\/\/buletin.de\/bucuresti\/corul-madrigal-canta-pentru-sapte-spitale-bucurestene-in-cadrul-parteneriatului-madrigal-pentru-spitale\/\" \/>\n<meta property=\"og:site_name\" content=\"Buletin de Bucure\u0219ti\" \/>\n<meta property=\"article:publisher\" content=\"https:\/\/www.facebook.com\/buletin.de.buc\" \/>\n<meta property=\"article:published_time\" content=\"2026-03-31T13:53:53+00:00\" \/>\n<meta property=\"article:modified_time\" content=\"2026-03-31T17:37:17+00:00\" \/>\n<meta property=\"og:image\" content=\"https:\/\/buletin.de\/bucuresti\/wp-content\/uploads\/2026\/03\/657938033_1531994188284325_3647749551987437346_n.jpg\" \/>\n\t<meta property=\"og:image:width\" content=\"1000\" \/>\n\t<meta property=\"og:image:height\" content=\"1000\" \/>\n\t<meta property=\"og:image:type\" content=\"image\/jpeg\" \/>\n<meta name=\"author\" content=\"Diana Matei\" \/>\n<meta name=\"twitter:card\" content=\"summary_large_image\" \/>\n<meta name=\"twitter:label1\" content=\"Written by\" \/>\n\t<meta name=\"twitter:data1\" content=\"Diana Matei\" \/>\n\t<meta name=\"twitter:label2\" content=\"Estimated reading time\" \/>\n\t<meta name=\"twitter:data2\" content=\"2 minutes\" \/>\n<script type=\"application\/ld+json\" class=\"yoast-schema-graph\">{\"@context\":\"https:\\\/\\\/schema.org\",\"@graph\":[{\"@type\":\"Article\",\"@id\":\"https:\\\/\\\/buletin.de\\\/bucuresti\\\/corul-madrigal-canta-pentru-sapte-spitale-bucurestene-in-cadrul-parteneriatului-madrigal-pentru-spitale\\\/#article\",\"isPartOf\":{\"@id\":\"https:\\\/\\\/buletin.de\\\/bucuresti\\\/corul-madrigal-canta-pentru-sapte-spitale-bucurestene-in-cadrul-parteneriatului-madrigal-pentru-spitale\\\/\"},\"author\":{\"name\":\"Diana Matei\",\"@id\":\"https:\\\/\\\/buletin.de\\\/bucuresti\\\/#\\\/schema\\\/person\\\/7e46040573290777280a0835d81ea4ea\"},\"headline\":\"Corul Madrigal c\u00e2nt\u0103 pentru \u0219apte spitale bucure\u0219tene, \u00een cadrul parteneriatului \u201eMadrigal pentru spitale\u201d\",\"datePublished\":\"2026-03-31T13:53:53+00:00\",\"dateModified\":\"2026-03-31T17:37:17+00:00\",\"mainEntityOfPage\":{\"@id\":\"https:\\\/\\\/buletin.de\\\/bucuresti\\\/corul-madrigal-canta-pentru-sapte-spitale-bucurestene-in-cadrul-parteneriatului-madrigal-pentru-spitale\\\/\"},\"wordCount\":359,\"publisher\":{\"@id\":\"https:\\\/\\\/buletin.de\\\/bucuresti\\\/#organization\"},\"image\":{\"@id\":\"https:\\\/\\\/buletin.de\\\/bucuresti\\\/corul-madrigal-canta-pentru-sapte-spitale-bucurestene-in-cadrul-parteneriatului-madrigal-pentru-spitale\\\/#primaryimage\"},\"thumbnailUrl\":\"https:\\\/\\\/buletin.de\\\/bucuresti\\\/wp-content\\\/uploads\\\/2026\\\/03\\\/657938033_1531994188284325_3647749551987437346_n.jpg\",\"keywords\":[\"assmb\",\"Corul Madrigal\",\"Madrigal pentru spitale\"],\"articleSection\":[\"Articole\",\"Cultur\u0103\",\"S\u0103n\u0103tate\",\"\u0218tiri\"],\"inLanguage\":\"en-GB\",\"copyrightYear\":\"2026\",\"copyrightHolder\":{\"@id\":\"https:\\\/\\\/buletin.de\\\/bucuresti\\\/#organization\"}},{\"@type\":\"WebPage\",\"@id\":\"https:\\\/\\\/buletin.de\\\/bucuresti\\\/corul-madrigal-canta-pentru-sapte-spitale-bucurestene-in-cadrul-parteneriatului-madrigal-pentru-spitale\\\/\",\"url\":\"https:\\\/\\\/buletin.de\\\/bucuresti\\\/corul-madrigal-canta-pentru-sapte-spitale-bucurestene-in-cadrul-parteneriatului-madrigal-pentru-spitale\\\/\",\"name\":\"Corul Madrigal c\u00e2nt\u0103 pentru \u0219apte spitale bucure\u0219tene, \u00een cadrul parteneriatului \u201eMadrigal pentru spitale\u201d - Buletin de Bucure\u0219ti\",\"isPartOf\":{\"@id\":\"https:\\\/\\\/buletin.de\\\/bucuresti\\\/#website\"},\"primaryImageOfPage\":{\"@id\":\"https:\\\/\\\/buletin.de\\\/bucuresti\\\/corul-madrigal-canta-pentru-sapte-spitale-bucurestene-in-cadrul-parteneriatului-madrigal-pentru-spitale\\\/#primaryimage\"},\"image\":{\"@id\":\"https:\\\/\\\/buletin.de\\\/bucuresti\\\/corul-madrigal-canta-pentru-sapte-spitale-bucurestene-in-cadrul-parteneriatului-madrigal-pentru-spitale\\\/#primaryimage\"},\"thumbnailUrl\":\"https:\\\/\\\/buletin.de\\\/bucuresti\\\/wp-content\\\/uploads\\\/2026\\\/03\\\/657938033_1531994188284325_3647749551987437346_n.jpg\",\"datePublished\":\"2026-03-31T13:53:53+00:00\",\"dateModified\":\"2026-03-31T17:37:17+00:00\",\"description\":\"\u0218apte spitale bucure\u0219tene vor beneficia de programe culturale \u0219i servicii, prin parteneriatul public \u201eMadrigal pentru spitale\u201d.\",\"breadcrumb\":{\"@id\":\"https:\\\/\\\/buletin.de\\\/bucuresti\\\/corul-madrigal-canta-pentru-sapte-spitale-bucurestene-in-cadrul-parteneriatului-madrigal-pentru-spitale\\\/#breadcrumb\"},\"inLanguage\":\"en-GB\",\"potentialAction\":[{\"@type\":\"ReadAction\",\"target\":[\"https:\\\/\\\/buletin.de\\\/bucuresti\\\/corul-madrigal-canta-pentru-sapte-spitale-bucurestene-in-cadrul-parteneriatului-madrigal-pentru-spitale\\\/\"]}]},{\"@type\":\"ImageObject\",\"inLanguage\":\"en-GB\",\"@id\":\"https:\\\/\\\/buletin.de\\\/bucuresti\\\/corul-madrigal-canta-pentru-sapte-spitale-bucurestene-in-cadrul-parteneriatului-madrigal-pentru-spitale\\\/#primaryimage\",\"url\":\"https:\\\/\\\/buletin.de\\\/bucuresti\\\/wp-content\\\/uploads\\\/2026\\\/03\\\/657938033_1531994188284325_3647749551987437346_n.jpg\",\"contentUrl\":\"https:\\\/\\\/buletin.de\\\/bucuresti\\\/wp-content\\\/uploads\\\/2026\\\/03\\\/657938033_1531994188284325_3647749551987437346_n.jpg\",\"width\":1000,\"height\":1000,\"caption\":\"Corul Madrigal c\u00e2nt\u0103 pentru \u0219apte spitale bucure\u0219tene, \u00een cadrul parteneriatului \u201eMadrigal pentru spitale\u201d. FOTO: Corul Madrigal\\\/ Facebook\"},{\"@type\":\"BreadcrumbList\",\"@id\":\"https:\\\/\\\/buletin.de\\\/bucuresti\\\/corul-madrigal-canta-pentru-sapte-spitale-bucurestene-in-cadrul-parteneriatului-madrigal-pentru-spitale\\\/#breadcrumb\",\"itemListElement\":[{\"@type\":\"ListItem\",\"position\":1,\"name\":\"Acas\u0103\",\"item\":\"https:\\\/\\\/buletin.de\\\/bucuresti\\\/\"},{\"@type\":\"ListItem\",\"position\":2,\"name\":\"Corul Madrigal c\u00e2nt\u0103 pentru \u0219apte spitale bucure\u0219tene, \u00een cadrul parteneriatului \u201eMadrigal pentru spitale\u201d\"}]},{\"@type\":\"WebSite\",\"@id\":\"https:\\\/\\\/buletin.de\\\/bucuresti\\\/#website\",\"url\":\"https:\\\/\\\/buletin.de\\\/bucuresti\\\/\",\"name\":\"Buletin de Bucure\u0219ti\",\"description\":\"\u0218tiri \u0219i investiga\u021bii esen\u021biale din capital\u0103\",\"publisher\":{\"@id\":\"https:\\\/\\\/buletin.de\\\/bucuresti\\\/#organization\"},\"potentialAction\":[{\"@type\":\"SearchAction\",\"target\":{\"@type\":\"EntryPoint\",\"urlTemplate\":\"https:\\\/\\\/buletin.de\\\/bucuresti\\\/?s={search_term_string}\"},\"query-input\":{\"@type\":\"PropertyValueSpecification\",\"valueRequired\":true,\"valueName\":\"search_term_string\"}}],\"inLanguage\":\"en-GB\"},{\"@type\":\"Organization\",\"@id\":\"https:\\\/\\\/buletin.de\\\/bucuresti\\\/#organization\",\"name\":\"Buletin de Bucure\u0219ti\",\"url\":\"https:\\\/\\\/buletin.de\\\/bucuresti\\\/\",\"logo\":{\"@type\":\"ImageObject\",\"inLanguage\":\"en-GB\",\"@id\":\"https:\\\/\\\/buletin.de\\\/bucuresti\\\/#\\\/schema\\\/logo\\\/image\\\/\",\"url\":\"https:\\\/\\\/buletin.de\\\/bucuresti\\\/wp-content\\\/uploads\\\/logo-bdb-full-wide-vernil-transparent.png\",\"contentUrl\":\"https:\\\/\\\/buletin.de\\\/bucuresti\\\/wp-content\\\/uploads\\\/logo-bdb-full-wide-vernil-transparent.png\",\"width\":1782,\"height\":626,\"caption\":\"Buletin de Bucure\u0219ti\"},\"image\":{\"@id\":\"https:\\\/\\\/buletin.de\\\/bucuresti\\\/#\\\/schema\\\/logo\\\/image\\\/\"},\"sameAs\":[\"https:\\\/\\\/www.facebook.com\\\/buletin.de.buc\",\"https:\\\/\\\/www.instagram.com\\\/buletinde.bucuresti\\\/\"]},{\"@type\":\"Person\",\"@id\":\"https:\\\/\\\/buletin.de\\\/bucuresti\\\/#\\\/schema\\\/person\\\/7e46040573290777280a0835d81ea4ea\",\"name\":\"Diana Matei\",\"image\":{\"@type\":\"ImageObject\",\"inLanguage\":\"en-GB\",\"@id\":\"https:\\\/\\\/buletin.de\\\/bucuresti\\\/wp-content\\\/uploads\\\/9-2-96x96.jpg1e8590b30871d70e62ebcdaf2eff570c\",\"url\":\"https:\\\/\\\/buletin.de\\\/bucuresti\\\/wp-content\\\/uploads\\\/9-2-96x96.jpg\",\"contentUrl\":\"https:\\\/\\\/buletin.de\\\/bucuresti\\\/wp-content\\\/uploads\\\/9-2-96x96.jpg\",\"caption\":\"Diana Matei\"},\"url\":\"https:\\\/\\\/buletin.de\\\/bucuresti\\\/author\\\/dianamatei\\\/\"}]}<\/script>\n<!-- \/ Yoast SEO Premium plugin. -->","yoast_head_json":{"title":"Corul Madrigal c\u00e2nt\u0103 pentru \u0219apte spitale bucure\u0219tene, \u00een cadrul parteneriatului \u201eMadrigal pentru spitale\u201d - Buletin de Bucure\u0219ti","description":"\u0218apte spitale bucure\u0219tene vor beneficia de programe culturale \u0219i servicii, prin parteneriatul public \u201eMadrigal pentru spitale\u201d.","robots":{"index":"index","follow":"follow","max-snippet":"max-snippet:-1","max-image-preview":"max-image-preview:large","max-video-preview":"max-video-preview:-1"},"canonical":"https:\/\/buletin.de\/bucuresti\/corul-madrigal-canta-pentru-sapte-spitale-bucurestene-in-cadrul-parteneriatului-madrigal-pentru-spitale\/","og_locale":"en_GB","og_type":"article","og_title":"Corul Madrigal c\u00e2nt\u0103 pentru \u0219apte spitale bucure\u0219tene, \u00een cadrul parteneriatului \u201eMadrigal pentru spitale\u201d","og_description":"\u0218apte spitale bucure\u0219tene vor beneficia de programe culturale \u0219i servicii, prin parteneriatul public \u201eMadrigal pentru spitale\u201d.","og_url":"https:\/\/buletin.de\/bucuresti\/corul-madrigal-canta-pentru-sapte-spitale-bucurestene-in-cadrul-parteneriatului-madrigal-pentru-spitale\/","og_site_name":"Buletin de Bucure\u0219ti","article_publisher":"https:\/\/www.facebook.com\/buletin.de.buc","article_published_time":"2026-03-31T13:53:53+00:00","article_modified_time":"2026-03-31T17:37:17+00:00","og_image":[{"width":1000,"height":1000,"url":"https:\/\/buletin.de\/bucuresti\/wp-content\/uploads\/2026\/03\/657938033_1531994188284325_3647749551987437346_n.jpg","type":"image\/jpeg"}],"author":"Diana Matei","twitter_card":"summary_large_image","twitter_misc":{"Written by":"Diana Matei","Estimated reading time":"2 minutes"},"schema":{"@context":"https:\/\/schema.org","@graph":[{"@type":"Article","@id":"https:\/\/buletin.de\/bucuresti\/corul-madrigal-canta-pentru-sapte-spitale-bucurestene-in-cadrul-parteneriatului-madrigal-pentru-spitale\/#article","isPartOf":{"@id":"https:\/\/buletin.de\/bucuresti\/corul-madrigal-canta-pentru-sapte-spitale-bucurestene-in-cadrul-parteneriatului-madrigal-pentru-spitale\/"},"author":{"name":"Diana Matei","@id":"https:\/\/buletin.de\/bucuresti\/#\/schema\/person\/7e46040573290777280a0835d81ea4ea"},"headline":"Corul Madrigal c\u00e2nt\u0103 pentru \u0219apte spitale bucure\u0219tene, \u00een cadrul parteneriatului \u201eMadrigal pentru spitale\u201d","datePublished":"2026-03-31T13:53:53+00:00","dateModified":"2026-03-31T17:37:17+00:00","mainEntityOfPage":{"@id":"https:\/\/buletin.de\/bucuresti\/corul-madrigal-canta-pentru-sapte-spitale-bucurestene-in-cadrul-parteneriatului-madrigal-pentru-spitale\/"},"wordCount":359,"publisher":{"@id":"https:\/\/buletin.de\/bucuresti\/#organization"},"image":{"@id":"https:\/\/buletin.de\/bucuresti\/corul-madrigal-canta-pentru-sapte-spitale-bucurestene-in-cadrul-parteneriatului-madrigal-pentru-spitale\/#primaryimage"},"thumbnailUrl":"https:\/\/buletin.de\/bucuresti\/wp-content\/uploads\/2026\/03\/657938033_1531994188284325_3647749551987437346_n.jpg","keywords":["assmb","Corul Madrigal","Madrigal pentru spitale"],"articleSection":["Articole","Cultur\u0103","S\u0103n\u0103tate","\u0218tiri"],"inLanguage":"en-GB","copyrightYear":"2026","copyrightHolder":{"@id":"https:\/\/buletin.de\/bucuresti\/#organization"}},{"@type":"WebPage","@id":"https:\/\/buletin.de\/bucuresti\/corul-madrigal-canta-pentru-sapte-spitale-bucurestene-in-cadrul-parteneriatului-madrigal-pentru-spitale\/","url":"https:\/\/buletin.de\/bucuresti\/corul-madrigal-canta-pentru-sapte-spitale-bucurestene-in-cadrul-parteneriatului-madrigal-pentru-spitale\/","name":"Corul Madrigal c\u00e2nt\u0103 pentru \u0219apte spitale bucure\u0219tene, \u00een cadrul parteneriatului \u201eMadrigal pentru spitale\u201d - Buletin de Bucure\u0219ti","isPartOf":{"@id":"https:\/\/buletin.de\/bucuresti\/#website"},"primaryImageOfPage":{"@id":"https:\/\/buletin.de\/bucuresti\/corul-madrigal-canta-pentru-sapte-spitale-bucurestene-in-cadrul-parteneriatului-madrigal-pentru-spitale\/#primaryimage"},"image":{"@id":"https:\/\/buletin.de\/bucuresti\/corul-madrigal-canta-pentru-sapte-spitale-bucurestene-in-cadrul-parteneriatului-madrigal-pentru-spitale\/#primaryimage"},"thumbnailUrl":"https:\/\/buletin.de\/bucuresti\/wp-content\/uploads\/2026\/03\/657938033_1531994188284325_3647749551987437346_n.jpg","datePublished":"2026-03-31T13:53:53+00:00","dateModified":"2026-03-31T17:37:17+00:00","description":"\u0218apte spitale bucure\u0219tene vor beneficia de programe culturale \u0219i servicii, prin parteneriatul public \u201eMadrigal pentru spitale\u201d.","breadcrumb":{"@id":"https:\/\/buletin.de\/bucuresti\/corul-madrigal-canta-pentru-sapte-spitale-bucurestene-in-cadrul-parteneriatului-madrigal-pentru-spitale\/#breadcrumb"},"inLanguage":"en-GB","potentialAction":[{"@type":"ReadAction","target":["https:\/\/buletin.de\/bucuresti\/corul-madrigal-canta-pentru-sapte-spitale-bucurestene-in-cadrul-parteneriatului-madrigal-pentru-spitale\/"]}]},{"@type":"ImageObject","inLanguage":"en-GB","@id":"https:\/\/buletin.de\/bucuresti\/corul-madrigal-canta-pentru-sapte-spitale-bucurestene-in-cadrul-parteneriatului-madrigal-pentru-spitale\/#primaryimage","url":"https:\/\/buletin.de\/bucuresti\/wp-content\/uploads\/2026\/03\/657938033_1531994188284325_3647749551987437346_n.jpg","contentUrl":"https:\/\/buletin.de\/bucuresti\/wp-content\/uploads\/2026\/03\/657938033_1531994188284325_3647749551987437346_n.jpg","width":1000,"height":1000,"caption":"Corul Madrigal c\u00e2nt\u0103 pentru \u0219apte spitale bucure\u0219tene, \u00een cadrul parteneriatului \u201eMadrigal pentru spitale\u201d. FOTO: Corul Madrigal\/ Facebook"},{"@type":"BreadcrumbList","@id":"https:\/\/buletin.de\/bucuresti\/corul-madrigal-canta-pentru-sapte-spitale-bucurestene-in-cadrul-parteneriatului-madrigal-pentru-spitale\/#breadcrumb","itemListElement":[{"@type":"ListItem","position":1,"name":"Acas\u0103","item":"https:\/\/buletin.de\/bucuresti\/"},{"@type":"ListItem","position":2,"name":"Corul Madrigal c\u00e2nt\u0103 pentru \u0219apte spitale bucure\u0219tene, \u00een cadrul parteneriatului \u201eMadrigal pentru spitale\u201d"}]},{"@type":"WebSite","@id":"https:\/\/buletin.de\/bucuresti\/#website","url":"https:\/\/buletin.de\/bucuresti\/","name":"Buletin de Bucure\u0219ti","description":"\u0218tiri \u0219i investiga\u021bii esen\u021biale din capital\u0103","publisher":{"@id":"https:\/\/buletin.de\/bucuresti\/#organization"},"potentialAction":[{"@type":"SearchAction","target":{"@type":"EntryPoint","urlTemplate":"https:\/\/buletin.de\/bucuresti\/?s={search_term_string}"},"query-input":{"@type":"PropertyValueSpecification","valueRequired":true,"valueName":"search_term_string"}}],"inLanguage":"en-GB"},{"@type":"Organization","@id":"https:\/\/buletin.de\/bucuresti\/#organization","name":"Buletin de Bucure\u0219ti","url":"https:\/\/buletin.de\/bucuresti\/","logo":{"@type":"ImageObject","inLanguage":"en-GB","@id":"https:\/\/buletin.de\/bucuresti\/#\/schema\/logo\/image\/","url":"https:\/\/buletin.de\/bucuresti\/wp-content\/uploads\/logo-bdb-full-wide-vernil-transparent.png","contentUrl":"https:\/\/buletin.de\/bucuresti\/wp-content\/uploads\/logo-bdb-full-wide-vernil-transparent.png","width":1782,"height":626,"caption":"Buletin de Bucure\u0219ti"},"image":{"@id":"https:\/\/buletin.de\/bucuresti\/#\/schema\/logo\/image\/"},"sameAs":["https:\/\/www.facebook.com\/buletin.de.buc","https:\/\/www.instagram.com\/buletinde.bucuresti\/"]},{"@type":"Person","@id":"https:\/\/buletin.de\/bucuresti\/#\/schema\/person\/7e46040573290777280a0835d81ea4ea","name":"Diana Matei","image":{"@type":"ImageObject","inLanguage":"en-GB","@id":"https:\/\/buletin.de\/bucuresti\/wp-content\/uploads\/9-2-96x96.jpg1e8590b30871d70e62ebcdaf2eff570c","url":"https:\/\/buletin.de\/bucuresti\/wp-content\/uploads\/9-2-96x96.jpg","contentUrl":"https:\/\/buletin.de\/bucuresti\/wp-content\/uploads\/9-2-96x96.jpg","caption":"Diana Matei"},"url":"https:\/\/buletin.de\/bucuresti\/author\/dianamatei\/"}]}},"authors":[{"term_id":22574,"user_id":49,"is_guest":0,"slug":"dianamatei","display_name":"Diana Matei","avatar_url":"https:\/\/buletin.de\/bucuresti\/wp-content\/uploads\/9-2-96x96.jpg","0":null,"1":"","2":"","3":"","4":"","5":"","6":"","7":"","8":""}],"_links":{"self":[{"href":"https:\/\/buletin.de\/bucuresti\/wp-json\/wp\/v2\/posts\/184201","targetHints":{"allow":["GET"]}}],"collection":[{"href":"https:\/\/buletin.de\/bucuresti\/wp-json\/wp\/v2\/posts"}],"about":[{"href":"https:\/\/buletin.de\/bucuresti\/wp-json\/wp\/v2\/types\/post"}],"author":[{"embeddable":true,"href":"https:\/\/buletin.de\/bucuresti\/wp-json\/wp\/v2\/users\/49"}],"replies":[{"embeddable":true,"href":"https:\/\/buletin.de\/bucuresti\/wp-json\/wp\/v2\/comments?post=184201"}],"version-history":[{"count":3,"href":"https:\/\/buletin.de\/bucuresti\/wp-json\/wp\/v2\/posts\/184201\/revisions"}],"predecessor-version":[{"id":184250,"href":"https:\/\/buletin.de\/bucuresti\/wp-json\/wp\/v2\/posts\/184201\/revisions\/184250"}],"wp:featuredmedia":[{"embeddable":true,"href":"https:\/\/buletin.de\/bucuresti\/wp-json\/wp\/v2\/media\/184213"}],"wp:attachment":[{"href":"https:\/\/buletin.de\/bucuresti\/wp-json\/wp\/v2\/media?parent=184201"}],"wp:term":[{"taxonomy":"category","embeddable":true,"href":"https:\/\/buletin.de\/bucuresti\/wp-json\/wp\/v2\/categories?post=184201"},{"taxonomy":"post_tag","embeddable":true,"href":"https:\/\/buletin.de\/bucuresti\/wp-json\/wp\/v2\/tags?post=184201"},{"taxonomy":"author","embeddable":true,"href":"https:\/\/buletin.de\/bucuresti\/wp-json\/wp\/v2\/ppma_author?post=184201"}],"curies":[{"name":"wp","href":"https:\/\/api.w.org\/{rel}","templated":true}]}}