{"id":184107,"date":"2026-03-31T13:06:45","date_gmt":"2026-03-31T11:06:45","guid":{"rendered":"https:\/\/buletin.de\/bucuresti\/?p=184107"},"modified":"2026-03-31T13:06:46","modified_gmt":"2026-03-31T11:06:46","slug":"idei-de-activitati-pentru-saptamana-verde-pajiste-in-curtea-scolii-adapost-pentru-insecte-si-hranitoare-pentru-pasari","status":"publish","type":"post","link":"https:\/\/buletin.de\/bucuresti\/idei-de-activitati-pentru-saptamana-verde-pajiste-in-curtea-scolii-adapost-pentru-insecte-si-hranitoare-pentru-pasari\/","title":{"rendered":"Idei de activit\u0103\u021bi pentru S\u0103pt\u0103m\u00e2na Verde: paji\u0219te \u00een curtea \u0219colii, ad\u0103post pentru insecte \u0219i hr\u0103nitoare pentru p\u0103s\u0103ri"},"content":{"rendered":"\n<p><strong>Asocia\u021bia Parcul Natural Bucure\u0219ti (<a href=\"https:\/\/parculnaturalbucuresti.ro\/apnb-lanseaza-un-ghid-de-activitati-pentru-saptamana-verde\/?utm_source=ig&amp;utm_medium=social&amp;utm_content=link_in_bio&amp;fbclid=PAZXh0bgNhZW0CMTEAc3J0YwZhcHBfaWQMMjU2MjgxMDQwNTU4AAGnSn8o4rYXxiZGM3Eq215dnJRmNXZuJkN6yNffQ6mA5Qtflbrglm3beRGCE4s_aem_XAwUpNqzk48EEsH5ngUUXg\">APNB<\/a>) a lansat un ghid de activit\u0103\u021bi destinat profesorilor \u0219i elevilor, cu propuneri concrete pentru organizarea S\u0103pt\u0103m\u00e2nii Verzi \u00een \u0219coli. Documentul ofer\u0103 exemple de activit\u0103\u021bi practice, u\u0219or de pus \u00een aplicare, care \u00eencurajeaz\u0103 contactul direct cu natura \u0219i \u00een\u021belegerea rolului acesteia \u00een via\u021ba de zi cu zi.<\/strong><\/p>\n\n\n\n<p>S\u0103pt\u0103m\u00e2na Verde este parte din calendarul \u0219colar \u0219i presupune o serie de activit\u0103\u021bi dedicate mediului. S\u0103pt\u0103m\u00e2na presupune ateliere \u00een curtea \u0219colii, ie\u0219iri \u00een parcuri sau excursii.<\/p>\n\n\n\n<p>Elevii sunt \u00eencuraja\u021bi s\u0103 observe, s\u0103 experimenteze \u0219i s\u0103 \u00eenve\u021be prin contact direct cu natura. Potrivit APNB, miza este ca aceste experien\u021be s\u0103 nu r\u0103m\u00e2n\u0103 izolate, ci s\u0103 contribuie la formarea unor obiceiuri pe termen lung.<\/p>\n\n\n\n<p><strong>CITE\u0218TE \u0218I:<\/strong> <strong><a href=\"https:\/\/buletin.de\/bucuresti\/aria-naturala-protejata-padurea-baneasa-cat-mai-aproape-de-realitate\/\">\u201eAria Natural\u0103 Protejat\u0103 P\u0103durea B\u0103neasa\u201d, mai aproape de realitate. Parcele din Bucure\u0219ti, Voluntari \u0219i Tunari, incluse \u00een studiul de fundamentare<\/a><\/strong><\/p>\n\n\n\n<h2 class=\"wp-block-heading\" id=\"h-idei-de-activita\u021bi-pentru-saptamana-verde\">Idei de activit\u0103\u021bi pentru S\u0103pt\u0103m\u00e2na Verde<\/h2>\n\n\n\n<p>Printre ideile propuse se num\u0103r\u0103 amenajarea unei paji\u0219ti cu flori \u00een curtea \u0219colii. Astfel de spa\u021bii, realizate dintr-un amestec de plante anuale \u0219i perene, pot deveni surse de hran\u0103 pentru insecte polenizatoare \u0219i mici refugii pentru alte vie\u021buitoare.<\/p>\n\n\n\n<p>\u00cen lipsa unui spa\u021biu mai mare, alternativa este o jardinier\u0103 cu plante prietenoase cu polenizatorii.<\/p>\n\n\n\n<p><em>\u201ePaji\u0219tile cu flori sunt importante prin diversitatea de plante pe care o \u00eensumeaz\u0103, oferind hran\u0103 \u0219i ad\u0103post pentru nevertebrate, mamifere mici \u0219i p\u0103s\u0103ri; un habitat \u00eembietor pentru albine, fluturi \u0219i alte insecte polenizatoare\u201d<\/em>, se arat\u0103 \u00een <a href=\"https:\/\/parculnaturalbucuresti.ro\/apnb-lanseaza-un-ghid-de-activitati-pentru-saptamana-verde\/?utm_source=ig&amp;utm_medium=social&amp;utm_content=link_in_bio&amp;fbclid=PAZXh0bgNhZW0CMTEAc3J0YwZhcHBfaWQMMjU2MjgxMDQwNTU4AAGnSn8o4rYXxiZGM3Eq215dnJRmNXZuJkN6yNffQ6mA5Qtflbrglm3beRGCE4s_aem_XAwUpNqzk48EEsH5ngUUXg\">ghid<\/a>.<\/p>\n\n\n\n<p>O alt\u0103 activitate recomandat\u0103 este explorarea naturii din apropierea \u0219colii, sub forma unui \u201eBioBlitz\u201d, adic\u0103 o observa\u021bie concentrat\u0103 a speciilor de plante \u0219i animale dintr-o anumit\u0103 zon\u0103.<\/p>\n\n\n\n<p>Elevii pot \u00eencepe cu plantele din clas\u0103 \u0219i pot continua \u00een curtea \u0219colii sau \u00een parcuri, observ\u00e2nd copaci, insecte sau p\u0103s\u0103ri \u0219i \u00eenv\u0103\u021b\u00e2nd despre rolul lor \u00een ecosistem.<\/p>\n\n\n\n<p><em>\u201ePentru o experien\u021b\u0103 aprofundat\u0103, pute\u021bi organiza o vizit\u0103 \u00een cadrul unui spa\u021biu natural sau seminatural, cum ar fi Parcul Natural V\u0103c\u0103re\u0219ti, Paji\u0219tea Petricani, P\u0103durea B\u0103neasa sau Lacul Morii\u201d<\/em>, recomand\u0103 cei de la APNB.<\/p>\n\n\n\n<p>\u00cen aceea\u0219i logic\u0103 a sprijinului pentru biodiversitate, elevii pot construi \u201ehoteluri\u201d pentru insecte, folosind be\u021be de bambus sau tulpini uscate, introduse \u00een recipiente din lemn sau ceramic\u0103.<\/p>\n\n\n\n<p>Aceste ad\u0103posturi ofer\u0103 un loc sigur pentru hibernare \u0219i reproducere.<\/p>\n\n\n\n<p>Ghidul include \u0219i idei mai complexe, precum amenajarea unei gr\u0103dini de ploaie, un spa\u021biu care colecteaz\u0103 \u0219i folose\u0219te apa de precipita\u021bii \u0219i care contribuie la men\u021binerea umidit\u0103\u021bii solului \u0219i la crearea unui microhabitat pentru plante \u0219i animale.<\/p>\n\n\n\n<p>De asemenea, sunt propuse activit\u0103\u021bi de observare a moliilor, dar \u0219i plantarea de arbori adapta\u021bi mediului urban.<\/p>\n\n\n\n<p>Scopul acestui ghid este de a propune activit\u0103\u021bi care s\u0103 ajute la dezvoltarea unei rela\u021bii mai apropiate ale elevilor cu natura \u0219i \u00een\u021belegerea importan\u021bei protej\u0103rii ei.<\/p>\n\n\n\n<p><em>\u201ePentru c\u0103 S\u0103pt\u0103m\u00e2na Verde nu trebuie s\u0103 fie doar o s\u0103pt\u0103m\u00e2n\u0103 obi\u0219nuit\u0103 din calendarul \u0219colar, ci un prilej de a forma obiceiuri care s\u0103-i apropie pe cei mici de lumea vie din jurul lor\u201d<\/em>, a mai transmis asocia\u021bia.<\/p>\n\n\n\n<p>Ghidul lor poate fi desc\u0103rcat de <strong><a href=\"https:\/\/parculnaturalbucuresti.ro\/apnb-lanseaza-un-ghid-de-activitati-pentru-saptamana-verde\/?utm_source=ig&amp;utm_medium=social&amp;utm_content=link_in_bio&amp;fbclid=PAZXh0bgNhZW0CMTEAc3J0YwZhcHBfaWQMMjU2MjgxMDQwNTU4AAGnSn8o4rYXxiZGM3Eq215dnJRmNXZuJkN6yNffQ6mA5Qtflbrglm3beRGCE4s_aem_XAwUpNqzk48EEsH5ngUUXg\">AICI<\/a>.<\/strong><\/p>\n\n\n\n<p><strong>CITE\u0218TE \u0218I: <a href=\"https:\/\/buletin.de\/bucuresti\/zeci-de-amenzi-pentru-poluarea-din-bucuresti-acordate-de-garda-de-mediu-pmb-obligata-sa-ia-masuri\/\">Zeci de amenzi pentru poluarea din Bucure\u0219ti, acordate de Garda de Mediu. Prim\u0103ria Capitalei, obligat\u0103 s\u0103 ia m\u0103suri<\/a><\/strong><\/p>\n","protected":false},"excerpt":{"rendered":"<p>Asocia\u021bia Parcul Natural Bucure\u0219ti (APNB) a lansat un ghid de activit\u0103\u021bi destinat profesorilor \u0219i elevilor, cu propuneri concrete pentru organizarea S\u0103pt\u0103m\u00e2nii Verzi \u00een \u0219coli. Documentul ofer\u0103 exemple de activit\u0103\u021bi practice, u\u0219or de pus \u00een aplicare, care \u00eencurajeaz\u0103 contactul direct cu natura \u0219i \u00een\u021belegerea rolului acesteia \u00een via\u021ba de zi cu zi. S\u0103pt\u0103m\u00e2na Verde este parte [&hellip;]<\/p>\n","protected":false},"author":59,"featured_media":184120,"comment_status":"closed","ping_status":"open","sticky":false,"template":"","format":"standard","meta":{"_acf_changed":false,"inline_featured_image":false,"ngg_post_thumbnail":0,"footnotes":""},"categories":[6994,3421,109,62],"tags":[27213,9,2054,27414],"ppma_author":[22572],"class_list":["post-184107","post","type-post","status-publish","format-standard","has-post-thumbnail","hentry","category-stiri-2","category-educatie","category-mediu","category-stiri","tag-apnb","tag-bucuresti","tag-capitala","tag-saptamana-verde-2"],"acf":[],"yoast_head":"<!-- This site is optimized with the Yoast SEO Premium plugin v25.3 (Yoast SEO v27.5) - https:\/\/yoast.com\/product\/yoast-seo-premium-wordpress\/ -->\n<title>Idei de activit\u0103\u021bi pentru S\u0103pt\u0103m\u00e2na Verde: paji\u0219te \u00een curtea \u0219colii, ad\u0103post pentru insecte \u0219i hr\u0103nitoare pentru p\u0103s\u0103ri - Buletin de Bucure\u0219ti<\/title>\n<meta name=\"description\" content=\"Idei de activit\u0103\u021bi pentru S\u0103pt\u0103m\u00e2na Verde: paji\u0219te \u00een curtea \u0219colii, ad\u0103post pentru insecte \u0219i hr\u0103nitoare pentru p\u0103s\u0103ri\" \/>\n<meta name=\"robots\" content=\"index, follow, max-snippet:-1, max-image-preview:large, max-video-preview:-1\" \/>\n<link rel=\"canonical\" href=\"https:\/\/buletin.de\/bucuresti\/idei-de-activitati-pentru-saptamana-verde-pajiste-in-curtea-scolii-adapost-pentru-insecte-si-hranitoare-pentru-pasari\/\" \/>\n<meta property=\"og:locale\" content=\"en_GB\" \/>\n<meta property=\"og:type\" content=\"article\" \/>\n<meta property=\"og:title\" content=\"Idei de activit\u0103\u021bi pentru S\u0103pt\u0103m\u00e2na Verde: paji\u0219te \u00een curtea \u0219colii, ad\u0103post pentru insecte \u0219i hr\u0103nitoare pentru p\u0103s\u0103ri\" \/>\n<meta property=\"og:description\" content=\"Idei de activit\u0103\u021bi pentru S\u0103pt\u0103m\u00e2na Verde: paji\u0219te \u00een curtea \u0219colii, ad\u0103post pentru insecte \u0219i hr\u0103nitoare pentru p\u0103s\u0103ri\" \/>\n<meta property=\"og:url\" content=\"https:\/\/buletin.de\/bucuresti\/idei-de-activitati-pentru-saptamana-verde-pajiste-in-curtea-scolii-adapost-pentru-insecte-si-hranitoare-pentru-pasari\/\" \/>\n<meta property=\"og:site_name\" content=\"Buletin de Bucure\u0219ti\" \/>\n<meta property=\"article:publisher\" content=\"https:\/\/www.facebook.com\/buletin.de.buc\" \/>\n<meta property=\"article:published_time\" content=\"2026-03-31T11:06:45+00:00\" \/>\n<meta property=\"article:modified_time\" content=\"2026-03-31T11:06:46+00:00\" \/>\n<meta property=\"og:image\" content=\"https:\/\/buletin.de\/bucuresti\/wp-content\/uploads\/2026\/03\/parcul-vacaresti.jpeg\" \/>\n\t<meta property=\"og:image:width\" content=\"1599\" \/>\n\t<meta property=\"og:image:height\" content=\"1066\" \/>\n\t<meta property=\"og:image:type\" content=\"image\/jpeg\" \/>\n<meta name=\"author\" content=\"C\u0103t\u0103lin Anghel-Dimache\" \/>\n<meta name=\"twitter:card\" content=\"summary_large_image\" \/>\n<meta name=\"twitter:label1\" content=\"Written by\" \/>\n\t<meta name=\"twitter:data1\" content=\"C\u0103t\u0103lin Anghel-Dimache\" \/>\n\t<meta name=\"twitter:label2\" content=\"Estimated reading time\" \/>\n\t<meta name=\"twitter:data2\" content=\"3 minutes\" \/>\n<script type=\"application\/ld+json\" class=\"yoast-schema-graph\">{\"@context\":\"https:\\\/\\\/schema.org\",\"@graph\":[{\"@type\":\"Article\",\"@id\":\"https:\\\/\\\/buletin.de\\\/bucuresti\\\/idei-de-activitati-pentru-saptamana-verde-pajiste-in-curtea-scolii-adapost-pentru-insecte-si-hranitoare-pentru-pasari\\\/#article\",\"isPartOf\":{\"@id\":\"https:\\\/\\\/buletin.de\\\/bucuresti\\\/idei-de-activitati-pentru-saptamana-verde-pajiste-in-curtea-scolii-adapost-pentru-insecte-si-hranitoare-pentru-pasari\\\/\"},\"author\":{\"name\":\"C\u0103t\u0103lin Anghel-Dimache\",\"@id\":\"https:\\\/\\\/buletin.de\\\/bucuresti\\\/#\\\/schema\\\/person\\\/0ac9db30080482be87c7386a30f98796\"},\"headline\":\"Idei de activit\u0103\u021bi pentru S\u0103pt\u0103m\u00e2na Verde: paji\u0219te \u00een curtea \u0219colii, ad\u0103post pentru insecte \u0219i hr\u0103nitoare pentru p\u0103s\u0103ri\",\"datePublished\":\"2026-03-31T11:06:45+00:00\",\"dateModified\":\"2026-03-31T11:06:46+00:00\",\"mainEntityOfPage\":{\"@id\":\"https:\\\/\\\/buletin.de\\\/bucuresti\\\/idei-de-activitati-pentru-saptamana-verde-pajiste-in-curtea-scolii-adapost-pentru-insecte-si-hranitoare-pentru-pasari\\\/\"},\"wordCount\":610,\"publisher\":{\"@id\":\"https:\\\/\\\/buletin.de\\\/bucuresti\\\/#organization\"},\"image\":{\"@id\":\"https:\\\/\\\/buletin.de\\\/bucuresti\\\/idei-de-activitati-pentru-saptamana-verde-pajiste-in-curtea-scolii-adapost-pentru-insecte-si-hranitoare-pentru-pasari\\\/#primaryimage\"},\"thumbnailUrl\":\"https:\\\/\\\/buletin.de\\\/bucuresti\\\/wp-content\\\/uploads\\\/2026\\\/03\\\/parcul-vacaresti.jpeg\",\"keywords\":[\"apnb\",\"bucuresti\",\"Capitala\",\"saptamana verde\"],\"articleSection\":[\"Articole\",\"Educa\u021bie\",\"Mediu\",\"\u0218tiri\"],\"inLanguage\":\"en-GB\",\"copyrightYear\":\"2026\",\"copyrightHolder\":{\"@id\":\"https:\\\/\\\/buletin.de\\\/bucuresti\\\/#organization\"}},{\"@type\":\"WebPage\",\"@id\":\"https:\\\/\\\/buletin.de\\\/bucuresti\\\/idei-de-activitati-pentru-saptamana-verde-pajiste-in-curtea-scolii-adapost-pentru-insecte-si-hranitoare-pentru-pasari\\\/\",\"url\":\"https:\\\/\\\/buletin.de\\\/bucuresti\\\/idei-de-activitati-pentru-saptamana-verde-pajiste-in-curtea-scolii-adapost-pentru-insecte-si-hranitoare-pentru-pasari\\\/\",\"name\":\"Idei de activit\u0103\u021bi pentru S\u0103pt\u0103m\u00e2na Verde: paji\u0219te \u00een curtea \u0219colii, ad\u0103post pentru insecte \u0219i hr\u0103nitoare pentru p\u0103s\u0103ri - Buletin de Bucure\u0219ti\",\"isPartOf\":{\"@id\":\"https:\\\/\\\/buletin.de\\\/bucuresti\\\/#website\"},\"primaryImageOfPage\":{\"@id\":\"https:\\\/\\\/buletin.de\\\/bucuresti\\\/idei-de-activitati-pentru-saptamana-verde-pajiste-in-curtea-scolii-adapost-pentru-insecte-si-hranitoare-pentru-pasari\\\/#primaryimage\"},\"image\":{\"@id\":\"https:\\\/\\\/buletin.de\\\/bucuresti\\\/idei-de-activitati-pentru-saptamana-verde-pajiste-in-curtea-scolii-adapost-pentru-insecte-si-hranitoare-pentru-pasari\\\/#primaryimage\"},\"thumbnailUrl\":\"https:\\\/\\\/buletin.de\\\/bucuresti\\\/wp-content\\\/uploads\\\/2026\\\/03\\\/parcul-vacaresti.jpeg\",\"datePublished\":\"2026-03-31T11:06:45+00:00\",\"dateModified\":\"2026-03-31T11:06:46+00:00\",\"description\":\"Idei de activit\u0103\u021bi pentru S\u0103pt\u0103m\u00e2na Verde: paji\u0219te \u00een curtea \u0219colii, ad\u0103post pentru insecte \u0219i hr\u0103nitoare pentru p\u0103s\u0103ri\",\"breadcrumb\":{\"@id\":\"https:\\\/\\\/buletin.de\\\/bucuresti\\\/idei-de-activitati-pentru-saptamana-verde-pajiste-in-curtea-scolii-adapost-pentru-insecte-si-hranitoare-pentru-pasari\\\/#breadcrumb\"},\"inLanguage\":\"en-GB\",\"potentialAction\":[{\"@type\":\"ReadAction\",\"target\":[\"https:\\\/\\\/buletin.de\\\/bucuresti\\\/idei-de-activitati-pentru-saptamana-verde-pajiste-in-curtea-scolii-adapost-pentru-insecte-si-hranitoare-pentru-pasari\\\/\"]}]},{\"@type\":\"ImageObject\",\"inLanguage\":\"en-GB\",\"@id\":\"https:\\\/\\\/buletin.de\\\/bucuresti\\\/idei-de-activitati-pentru-saptamana-verde-pajiste-in-curtea-scolii-adapost-pentru-insecte-si-hranitoare-pentru-pasari\\\/#primaryimage\",\"url\":\"https:\\\/\\\/buletin.de\\\/bucuresti\\\/wp-content\\\/uploads\\\/2026\\\/03\\\/parcul-vacaresti.jpeg\",\"contentUrl\":\"https:\\\/\\\/buletin.de\\\/bucuresti\\\/wp-content\\\/uploads\\\/2026\\\/03\\\/parcul-vacaresti.jpeg\",\"width\":1599,\"height\":1066,\"caption\":\"Idei de activit\u0103\u021bi pentru S\u0103pt\u0103m\u00e2na Verde. Foto: arhiv\u0103\"},{\"@type\":\"BreadcrumbList\",\"@id\":\"https:\\\/\\\/buletin.de\\\/bucuresti\\\/idei-de-activitati-pentru-saptamana-verde-pajiste-in-curtea-scolii-adapost-pentru-insecte-si-hranitoare-pentru-pasari\\\/#breadcrumb\",\"itemListElement\":[{\"@type\":\"ListItem\",\"position\":1,\"name\":\"Acas\u0103\",\"item\":\"https:\\\/\\\/buletin.de\\\/bucuresti\\\/\"},{\"@type\":\"ListItem\",\"position\":2,\"name\":\"Idei de activit\u0103\u021bi pentru S\u0103pt\u0103m\u00e2na Verde: paji\u0219te \u00een curtea \u0219colii, ad\u0103post pentru insecte \u0219i hr\u0103nitoare pentru p\u0103s\u0103ri\"}]},{\"@type\":\"WebSite\",\"@id\":\"https:\\\/\\\/buletin.de\\\/bucuresti\\\/#website\",\"url\":\"https:\\\/\\\/buletin.de\\\/bucuresti\\\/\",\"name\":\"Buletin de Bucure\u0219ti\",\"description\":\"\u0218tiri \u0219i investiga\u021bii esen\u021biale din capital\u0103\",\"publisher\":{\"@id\":\"https:\\\/\\\/buletin.de\\\/bucuresti\\\/#organization\"},\"potentialAction\":[{\"@type\":\"SearchAction\",\"target\":{\"@type\":\"EntryPoint\",\"urlTemplate\":\"https:\\\/\\\/buletin.de\\\/bucuresti\\\/?s={search_term_string}\"},\"query-input\":{\"@type\":\"PropertyValueSpecification\",\"valueRequired\":true,\"valueName\":\"search_term_string\"}}],\"inLanguage\":\"en-GB\"},{\"@type\":\"Organization\",\"@id\":\"https:\\\/\\\/buletin.de\\\/bucuresti\\\/#organization\",\"name\":\"Buletin de Bucure\u0219ti\",\"url\":\"https:\\\/\\\/buletin.de\\\/bucuresti\\\/\",\"logo\":{\"@type\":\"ImageObject\",\"inLanguage\":\"en-GB\",\"@id\":\"https:\\\/\\\/buletin.de\\\/bucuresti\\\/#\\\/schema\\\/logo\\\/image\\\/\",\"url\":\"https:\\\/\\\/buletin.de\\\/bucuresti\\\/wp-content\\\/uploads\\\/logo-bdb-full-wide-vernil-transparent.png\",\"contentUrl\":\"https:\\\/\\\/buletin.de\\\/bucuresti\\\/wp-content\\\/uploads\\\/logo-bdb-full-wide-vernil-transparent.png\",\"width\":1782,\"height\":626,\"caption\":\"Buletin de Bucure\u0219ti\"},\"image\":{\"@id\":\"https:\\\/\\\/buletin.de\\\/bucuresti\\\/#\\\/schema\\\/logo\\\/image\\\/\"},\"sameAs\":[\"https:\\\/\\\/www.facebook.com\\\/buletin.de.buc\",\"https:\\\/\\\/www.instagram.com\\\/buletinde.bucuresti\\\/\"]},{\"@type\":\"Person\",\"@id\":\"https:\\\/\\\/buletin.de\\\/bucuresti\\\/#\\\/schema\\\/person\\\/0ac9db30080482be87c7386a30f98796\",\"name\":\"C\u0103t\u0103lin Anghel-Dimache\",\"image\":{\"@type\":\"ImageObject\",\"inLanguage\":\"en-GB\",\"@id\":\"https:\\\/\\\/buletin.de\\\/bucuresti\\\/wp-content\\\/uploads\\\/Catalin-Anghel-Dimache-96x96.jpgbd9e43c5b25186d5b8e917ac61ad86c4\",\"url\":\"https:\\\/\\\/buletin.de\\\/bucuresti\\\/wp-content\\\/uploads\\\/Catalin-Anghel-Dimache-96x96.jpg\",\"contentUrl\":\"https:\\\/\\\/buletin.de\\\/bucuresti\\\/wp-content\\\/uploads\\\/Catalin-Anghel-Dimache-96x96.jpg\",\"caption\":\"C\u0103t\u0103lin Anghel-Dimache\"},\"description\":\"A absolvit Facultatea de Jurnalism \u0219i \u0218tiin\u021bele Comunic\u0103rii a Universit\u0103\u021bii din Bucure\u0219ti \u00een 2024. Scrie despre mediu \u0219i teme sociale, dar \u0219i despre cum se reflect\u0103 ele \u00een via\u021ba cotidian\u0103 a bucure\u0219tenilor, cu un ochi atent la pove\u0219tile personale din spatele titlurilor. N\u0103scut \u0219i crescut \u00een Bucure\u0219ti, a f\u0103cut un pas c\u0103tre presa local\u0103, din pasiune pentru ora\u0219ul s\u0103u \u0219i oamenii din el.\",\"url\":\"https:\\\/\\\/buletin.de\\\/bucuresti\\\/author\\\/catalin-anghel-dimache\\\/\"}]}<\/script>\n<!-- \/ Yoast SEO Premium plugin. -->","yoast_head_json":{"title":"Idei de activit\u0103\u021bi pentru S\u0103pt\u0103m\u00e2na Verde: paji\u0219te \u00een curtea \u0219colii, ad\u0103post pentru insecte \u0219i hr\u0103nitoare pentru p\u0103s\u0103ri - Buletin de Bucure\u0219ti","description":"Idei de activit\u0103\u021bi pentru S\u0103pt\u0103m\u00e2na Verde: paji\u0219te \u00een curtea \u0219colii, ad\u0103post pentru insecte \u0219i hr\u0103nitoare pentru p\u0103s\u0103ri","robots":{"index":"index","follow":"follow","max-snippet":"max-snippet:-1","max-image-preview":"max-image-preview:large","max-video-preview":"max-video-preview:-1"},"canonical":"https:\/\/buletin.de\/bucuresti\/idei-de-activitati-pentru-saptamana-verde-pajiste-in-curtea-scolii-adapost-pentru-insecte-si-hranitoare-pentru-pasari\/","og_locale":"en_GB","og_type":"article","og_title":"Idei de activit\u0103\u021bi pentru S\u0103pt\u0103m\u00e2na Verde: paji\u0219te \u00een curtea \u0219colii, ad\u0103post pentru insecte \u0219i hr\u0103nitoare pentru p\u0103s\u0103ri","og_description":"Idei de activit\u0103\u021bi pentru S\u0103pt\u0103m\u00e2na Verde: paji\u0219te \u00een curtea \u0219colii, ad\u0103post pentru insecte \u0219i hr\u0103nitoare pentru p\u0103s\u0103ri","og_url":"https:\/\/buletin.de\/bucuresti\/idei-de-activitati-pentru-saptamana-verde-pajiste-in-curtea-scolii-adapost-pentru-insecte-si-hranitoare-pentru-pasari\/","og_site_name":"Buletin de Bucure\u0219ti","article_publisher":"https:\/\/www.facebook.com\/buletin.de.buc","article_published_time":"2026-03-31T11:06:45+00:00","article_modified_time":"2026-03-31T11:06:46+00:00","og_image":[{"width":1599,"height":1066,"url":"https:\/\/buletin.de\/bucuresti\/wp-content\/uploads\/2026\/03\/parcul-vacaresti.jpeg","type":"image\/jpeg"}],"author":"C\u0103t\u0103lin Anghel-Dimache","twitter_card":"summary_large_image","twitter_misc":{"Written by":"C\u0103t\u0103lin Anghel-Dimache","Estimated reading time":"3 minutes"},"schema":{"@context":"https:\/\/schema.org","@graph":[{"@type":"Article","@id":"https:\/\/buletin.de\/bucuresti\/idei-de-activitati-pentru-saptamana-verde-pajiste-in-curtea-scolii-adapost-pentru-insecte-si-hranitoare-pentru-pasari\/#article","isPartOf":{"@id":"https:\/\/buletin.de\/bucuresti\/idei-de-activitati-pentru-saptamana-verde-pajiste-in-curtea-scolii-adapost-pentru-insecte-si-hranitoare-pentru-pasari\/"},"author":{"name":"C\u0103t\u0103lin Anghel-Dimache","@id":"https:\/\/buletin.de\/bucuresti\/#\/schema\/person\/0ac9db30080482be87c7386a30f98796"},"headline":"Idei de activit\u0103\u021bi pentru S\u0103pt\u0103m\u00e2na Verde: paji\u0219te \u00een curtea \u0219colii, ad\u0103post pentru insecte \u0219i hr\u0103nitoare pentru p\u0103s\u0103ri","datePublished":"2026-03-31T11:06:45+00:00","dateModified":"2026-03-31T11:06:46+00:00","mainEntityOfPage":{"@id":"https:\/\/buletin.de\/bucuresti\/idei-de-activitati-pentru-saptamana-verde-pajiste-in-curtea-scolii-adapost-pentru-insecte-si-hranitoare-pentru-pasari\/"},"wordCount":610,"publisher":{"@id":"https:\/\/buletin.de\/bucuresti\/#organization"},"image":{"@id":"https:\/\/buletin.de\/bucuresti\/idei-de-activitati-pentru-saptamana-verde-pajiste-in-curtea-scolii-adapost-pentru-insecte-si-hranitoare-pentru-pasari\/#primaryimage"},"thumbnailUrl":"https:\/\/buletin.de\/bucuresti\/wp-content\/uploads\/2026\/03\/parcul-vacaresti.jpeg","keywords":["apnb","bucuresti","Capitala","saptamana verde"],"articleSection":["Articole","Educa\u021bie","Mediu","\u0218tiri"],"inLanguage":"en-GB","copyrightYear":"2026","copyrightHolder":{"@id":"https:\/\/buletin.de\/bucuresti\/#organization"}},{"@type":"WebPage","@id":"https:\/\/buletin.de\/bucuresti\/idei-de-activitati-pentru-saptamana-verde-pajiste-in-curtea-scolii-adapost-pentru-insecte-si-hranitoare-pentru-pasari\/","url":"https:\/\/buletin.de\/bucuresti\/idei-de-activitati-pentru-saptamana-verde-pajiste-in-curtea-scolii-adapost-pentru-insecte-si-hranitoare-pentru-pasari\/","name":"Idei de activit\u0103\u021bi pentru S\u0103pt\u0103m\u00e2na Verde: paji\u0219te \u00een curtea \u0219colii, ad\u0103post pentru insecte \u0219i hr\u0103nitoare pentru p\u0103s\u0103ri - Buletin de Bucure\u0219ti","isPartOf":{"@id":"https:\/\/buletin.de\/bucuresti\/#website"},"primaryImageOfPage":{"@id":"https:\/\/buletin.de\/bucuresti\/idei-de-activitati-pentru-saptamana-verde-pajiste-in-curtea-scolii-adapost-pentru-insecte-si-hranitoare-pentru-pasari\/#primaryimage"},"image":{"@id":"https:\/\/buletin.de\/bucuresti\/idei-de-activitati-pentru-saptamana-verde-pajiste-in-curtea-scolii-adapost-pentru-insecte-si-hranitoare-pentru-pasari\/#primaryimage"},"thumbnailUrl":"https:\/\/buletin.de\/bucuresti\/wp-content\/uploads\/2026\/03\/parcul-vacaresti.jpeg","datePublished":"2026-03-31T11:06:45+00:00","dateModified":"2026-03-31T11:06:46+00:00","description":"Idei de activit\u0103\u021bi pentru S\u0103pt\u0103m\u00e2na Verde: paji\u0219te \u00een curtea \u0219colii, ad\u0103post pentru insecte \u0219i hr\u0103nitoare pentru p\u0103s\u0103ri","breadcrumb":{"@id":"https:\/\/buletin.de\/bucuresti\/idei-de-activitati-pentru-saptamana-verde-pajiste-in-curtea-scolii-adapost-pentru-insecte-si-hranitoare-pentru-pasari\/#breadcrumb"},"inLanguage":"en-GB","potentialAction":[{"@type":"ReadAction","target":["https:\/\/buletin.de\/bucuresti\/idei-de-activitati-pentru-saptamana-verde-pajiste-in-curtea-scolii-adapost-pentru-insecte-si-hranitoare-pentru-pasari\/"]}]},{"@type":"ImageObject","inLanguage":"en-GB","@id":"https:\/\/buletin.de\/bucuresti\/idei-de-activitati-pentru-saptamana-verde-pajiste-in-curtea-scolii-adapost-pentru-insecte-si-hranitoare-pentru-pasari\/#primaryimage","url":"https:\/\/buletin.de\/bucuresti\/wp-content\/uploads\/2026\/03\/parcul-vacaresti.jpeg","contentUrl":"https:\/\/buletin.de\/bucuresti\/wp-content\/uploads\/2026\/03\/parcul-vacaresti.jpeg","width":1599,"height":1066,"caption":"Idei de activit\u0103\u021bi pentru S\u0103pt\u0103m\u00e2na Verde. Foto: arhiv\u0103"},{"@type":"BreadcrumbList","@id":"https:\/\/buletin.de\/bucuresti\/idei-de-activitati-pentru-saptamana-verde-pajiste-in-curtea-scolii-adapost-pentru-insecte-si-hranitoare-pentru-pasari\/#breadcrumb","itemListElement":[{"@type":"ListItem","position":1,"name":"Acas\u0103","item":"https:\/\/buletin.de\/bucuresti\/"},{"@type":"ListItem","position":2,"name":"Idei de activit\u0103\u021bi pentru S\u0103pt\u0103m\u00e2na Verde: paji\u0219te \u00een curtea \u0219colii, ad\u0103post pentru insecte \u0219i hr\u0103nitoare pentru p\u0103s\u0103ri"}]},{"@type":"WebSite","@id":"https:\/\/buletin.de\/bucuresti\/#website","url":"https:\/\/buletin.de\/bucuresti\/","name":"Buletin de Bucure\u0219ti","description":"\u0218tiri \u0219i investiga\u021bii esen\u021biale din capital\u0103","publisher":{"@id":"https:\/\/buletin.de\/bucuresti\/#organization"},"potentialAction":[{"@type":"SearchAction","target":{"@type":"EntryPoint","urlTemplate":"https:\/\/buletin.de\/bucuresti\/?s={search_term_string}"},"query-input":{"@type":"PropertyValueSpecification","valueRequired":true,"valueName":"search_term_string"}}],"inLanguage":"en-GB"},{"@type":"Organization","@id":"https:\/\/buletin.de\/bucuresti\/#organization","name":"Buletin de Bucure\u0219ti","url":"https:\/\/buletin.de\/bucuresti\/","logo":{"@type":"ImageObject","inLanguage":"en-GB","@id":"https:\/\/buletin.de\/bucuresti\/#\/schema\/logo\/image\/","url":"https:\/\/buletin.de\/bucuresti\/wp-content\/uploads\/logo-bdb-full-wide-vernil-transparent.png","contentUrl":"https:\/\/buletin.de\/bucuresti\/wp-content\/uploads\/logo-bdb-full-wide-vernil-transparent.png","width":1782,"height":626,"caption":"Buletin de Bucure\u0219ti"},"image":{"@id":"https:\/\/buletin.de\/bucuresti\/#\/schema\/logo\/image\/"},"sameAs":["https:\/\/www.facebook.com\/buletin.de.buc","https:\/\/www.instagram.com\/buletinde.bucuresti\/"]},{"@type":"Person","@id":"https:\/\/buletin.de\/bucuresti\/#\/schema\/person\/0ac9db30080482be87c7386a30f98796","name":"C\u0103t\u0103lin Anghel-Dimache","image":{"@type":"ImageObject","inLanguage":"en-GB","@id":"https:\/\/buletin.de\/bucuresti\/wp-content\/uploads\/Catalin-Anghel-Dimache-96x96.jpgbd9e43c5b25186d5b8e917ac61ad86c4","url":"https:\/\/buletin.de\/bucuresti\/wp-content\/uploads\/Catalin-Anghel-Dimache-96x96.jpg","contentUrl":"https:\/\/buletin.de\/bucuresti\/wp-content\/uploads\/Catalin-Anghel-Dimache-96x96.jpg","caption":"C\u0103t\u0103lin Anghel-Dimache"},"description":"A absolvit Facultatea de Jurnalism \u0219i \u0218tiin\u021bele Comunic\u0103rii a Universit\u0103\u021bii din Bucure\u0219ti \u00een 2024. Scrie despre mediu \u0219i teme sociale, dar \u0219i despre cum se reflect\u0103 ele \u00een via\u021ba cotidian\u0103 a bucure\u0219tenilor, cu un ochi atent la pove\u0219tile personale din spatele titlurilor. N\u0103scut \u0219i crescut \u00een Bucure\u0219ti, a f\u0103cut un pas c\u0103tre presa local\u0103, din pasiune pentru ora\u0219ul s\u0103u \u0219i oamenii din el.","url":"https:\/\/buletin.de\/bucuresti\/author\/catalin-anghel-dimache\/"}]}},"authors":[{"term_id":22572,"user_id":59,"is_guest":0,"slug":"catalin-anghel-dimache","display_name":"C\u0103t\u0103lin Anghel-Dimache","avatar_url":"https:\/\/buletin.de\/bucuresti\/wp-content\/uploads\/Catalin-Anghel-Dimache-96x96.jpg","0":null,"1":"","2":"","3":"","4":"","5":"","6":"","7":"","8":""}],"_links":{"self":[{"href":"https:\/\/buletin.de\/bucuresti\/wp-json\/wp\/v2\/posts\/184107","targetHints":{"allow":["GET"]}}],"collection":[{"href":"https:\/\/buletin.de\/bucuresti\/wp-json\/wp\/v2\/posts"}],"about":[{"href":"https:\/\/buletin.de\/bucuresti\/wp-json\/wp\/v2\/types\/post"}],"author":[{"embeddable":true,"href":"https:\/\/buletin.de\/bucuresti\/wp-json\/wp\/v2\/users\/59"}],"replies":[{"embeddable":true,"href":"https:\/\/buletin.de\/bucuresti\/wp-json\/wp\/v2\/comments?post=184107"}],"version-history":[{"count":1,"href":"https:\/\/buletin.de\/bucuresti\/wp-json\/wp\/v2\/posts\/184107\/revisions"}],"predecessor-version":[{"id":184123,"href":"https:\/\/buletin.de\/bucuresti\/wp-json\/wp\/v2\/posts\/184107\/revisions\/184123"}],"wp:featuredmedia":[{"embeddable":true,"href":"https:\/\/buletin.de\/bucuresti\/wp-json\/wp\/v2\/media\/184120"}],"wp:attachment":[{"href":"https:\/\/buletin.de\/bucuresti\/wp-json\/wp\/v2\/media?parent=184107"}],"wp:term":[{"taxonomy":"category","embeddable":true,"href":"https:\/\/buletin.de\/bucuresti\/wp-json\/wp\/v2\/categories?post=184107"},{"taxonomy":"post_tag","embeddable":true,"href":"https:\/\/buletin.de\/bucuresti\/wp-json\/wp\/v2\/tags?post=184107"},{"taxonomy":"author","embeddable":true,"href":"https:\/\/buletin.de\/bucuresti\/wp-json\/wp\/v2\/ppma_author?post=184107"}],"curies":[{"name":"wp","href":"https:\/\/api.w.org\/{rel}","templated":true}]}}