{"id":18404,"date":"2021-01-21T16:49:22","date_gmt":"2021-01-21T13:49:22","guid":{"rendered":"https:\/\/buletin.de\/bucuresti\/?p=18404"},"modified":"2021-01-21T17:32:08","modified_gmt":"2021-01-21T14:32:08","slug":"modificari-in-etapa-a-doua-de-vaccinare-batranii-si-persoanele-vulnerabile-prioritate-pe-platforma-de-programare-mai-multe-categorii-de-angajati-intra-in-categoriile-esentiale","status":"publish","type":"post","link":"https:\/\/buletin.de\/bucuresti\/modificari-in-etapa-a-doua-de-vaccinare-batranii-si-persoanele-vulnerabile-prioritate-pe-platforma-de-programare-mai-multe-categorii-de-angajati-intra-in-categoriile-esentiale\/","title":{"rendered":"Modific\u0103ri \u00een etapa a doua de vaccinare | B\u0103tr\u00e2nii \u0219i persoanele vulnerabile, prioritate pe platforma de programare, mai multe categorii de angaja\u021bi intr\u0103 \u00een categoriile esen\u021biale"},"content":{"rendered":"\n<p><strong>Guvernul a modificat printr-o <a href=\"https:\/\/i0.1616.ro\/media\/2\/2701\/33586\/19919232\/3\/hg-vaccinare-1.pdf\">Hot\u0103r\u00e2re<\/a> strategia de vaccinare, stabilit\u0103 prin HG1031\/2020. Noul act normativ adaug\u0103 categorii de persoane ce primesc dreptul la vaccinare, stabile\u0219te reguli de prioritizare \u0219i primele reguli pentru etapa a 3-a.<\/strong><\/p>\n\n\n\n<p>Pe platforma online vor avea prioritate persoanele \u00een v\u0103rst\u0103 \u0219i cele vulnerabile \u0219i se vor putea programa \u0219i cet\u0103\u021benii str\u0103ini, care locuiesc \u00een Rom\u00e2nia cu forme legale. <\/p>\n\n\n\n<p>De asemenea, au primit acces \u00een aceast\u0103 etap\u0103 de vaccinare \u0219i familiile angaja\u021bilor din ap\u0103rare, invalizii sau veteranii de r\u0103zboi \u0219i familiile acestora.<\/p>\n\n\n\n<blockquote class=\"wp-block-quote is-layout-flow wp-block-quote-is-layout-flow\"><p>a) cadrele militare \u00een rezerv\u0103 \u015fi \u00een retragere din cadrul institu\u0163iilor din sistemul na\u0163ional de ap\u0103rare na\u0163ional\u0103, ordine public\u0103 \u015fi securitate na\u0163ional\u0103, precum \u015fi familiile acestora<\/p><p>b) persoanele care beneficiaz\u0103 de prevederile Legii nr. 44\/1994 privind veteranii de r\u0103zboi, precum \u015fi unele drepturi ale invalizilor \u015fi v\u0103duvelor de r\u0103zboi, cu modific\u0103rile \u015fi complet\u0103rile ulterioare<\/p><p>c) personal \u00een activitate din cadrul celorlalte institu\u0163ii din sistemul na\u0163ional de ap\u0103rare na\u0163ional\u0103, ordine public\u0103 \u015fi securitate na\u0163ional\u0103, precum \u015fi familiile acestora<\/p><\/blockquote>\n\n\n\n<p>\u00cen lista de persoane vulnerabile au fost ad\u0103ugate \u0219i:<\/p>\n\n\n\n<ul class=\"wp-block-list\"><li>persoanele \u00eencadrate \u00eentr-un grad de handicap, persoane imobilizate, persoane imunodeprimate, \u00eenso\u021bitorii acestora \u0219i persoanele care locuiesc la acela\u0219i domiciliu cu acestea<\/li><li>persoanele f\u0103r\u0103 ad\u0103post<\/li><\/ul>\n\n\n\n<p>Acela\u0219i act normativ a adus modific\u0103ri esen\u021biale \u0219i listei de personal considerat esen\u021bial. <\/p>\n\n\n\n<ul class=\"wp-block-list\"><li>Personal-cheie pentru func\u0163ionarea institu\u0163iilor statului, respectiv Parlament, Curtea Constitu\u021b\u00edonal\u0103, Pre\u015fedin\u0163ie, Guvern, Consiliul Economic \u0219i Social, Avocatul Poporului, Consiliul Legislativ, Banca Na\u021bional\u0103 a Rom\u00e2niei, ministere \u015fi institu\u0163ii subordonate acestora. Acum, prevederea viz\u00e2nd aceast\u0103 categorie face referire la &#8220;personal cheie pentru func\u021bionarea institu\u021biilor statului (parlament, pre\u0219edin\u021bie, guvern, ministere \u0219i institu\u021bii subordonate acestora)&#8221;.<\/li><li>Personalul \u00een activitate din cadrul celorlalte institu\u021bii din sistemul na\u021bional de ap\u0103rare na\u021bional\u0103, ordine public\u0103 \u0219i securitate na\u021bional\u0103, precum \u0219i executorii judec\u0103tore\u0219ti, interpre\u021bii \u0219i traduc\u0103torii autoriza\u021bi de Ministerul Justi\u021biei \u0219i avoca\u021bii \u00eenscri\u0219i \u00een tabloul avoca\u021bilor&nbsp;<\/li><li>personalul navigant rom\u00e2n maritim \u0219i fluvial;<\/li><li>personalul rom\u00e2n care \u00ee\u0219i desf\u0103\u0219oar\u0103 activitatea pe platforme marine (eoliene, gaz, petrol);<\/li><li>personalul rom\u00e2n care \u00ee\u0219i desf\u0103\u0219oar\u0103 activitatea pe unit\u0103\u021bi mobile de foraj marin (nave tip FPSO \u0219i nave tip FSU);<\/li><li>personalul care lucreaz\u0103 \u00een domeniul pompelor funebre, direct implicat \u00een manipularea cadavrelor umane;<\/li><li>personalul din cadrul direc\u021biilor generale de asisten\u021b\u0103 social\u0103 \u0219i protec\u021bia copilului\/serviciul public de asisten\u021b\u0103 social\u0103 care \u00ee\u0219i desf\u0103\u0219oar\u0103 activitatea \u00een rela\u021bie direct\u0103 cu beneficiarii;<\/li><li>persoanele care asigur\u0103 asisten\u021b\u0103 medical\u0103 \u0219i social\u0103 persoanelor prev\u0103zute la pct.(iii) al lit.a) (n.r. &#8211; persoane \u00eencadrate \u00eentr-un grad de handicap, persoane imobilizate, persoane imunodeprimate)<\/li><li>personalul din administra\u021bia public\u0103 local\u0103;<\/li><li>lucr\u0103torii din agricultur\u0103 \u0219i din industria alimentar\u0103 de alimente esen\u021biale;<\/li><li>personalul din Administra\u021bia Na\u021bional\u0103 de Meteorologie;<\/li><li>membrii misiunilor diplomatice, oficiilor consulare de carier\u0103 \u0219i reprezentan\u021belor organiza\u021biilor interna\u021bionale din Rom\u00e2nia, inclusiv membrii de familie care \u00eei \u00eenso\u021besc, de\u021bin\u0103tori de c\u0103r\u021bi de identitate special emise de Ministerul Afacerilor Externe;<\/li><li>personalul civil \u0219i militar care urmeaz\u0103 s\u0103 execute misiuni \u00een afara teritoriului na\u021bional, inclusiv membrii de familie care \u00eei \u00eenso\u021besc la post, anterior plec\u0103rii \u00een misiune;<\/li><li>inspectorii sociali din cadrul Agen\u021biei Na\u021bionale pentru Pl\u0103\u021bi \u0219i Inspec\u021bie Social\u0103 \u0219i a structurilor subordonate acestora;<\/li><li>personalul Cur\u021bii de conturi a Rom\u00e2niei \u0219i ai camerelor de conturi jude\u0163ene \u015fi a municipiului Bucure\u015fti;<\/li><li>personalul din cadrul aparatului central \u0219i local al Consiliului Concuren\u021bei;<\/li><li>sportivii componen\u021bi ai loturilor na\u021bionale sau ai loturilor olimpice, sportivii califica\u021bi individual la jocurile olimpice precum \u0219i staful tehnic care particip\u0103 la preg\u0103tirea acestor sportivi.<\/li><\/ul>\n\n\n\n<p>Guvernul a mai decis ca, \u00een cazul angajatorilor care fac \u00eenscrieri pe plarforma de vaccinare, s\u0103 poat\u0103 ocupa doar 25% din locurile libere \u00eentr-o zi. Celelalte locuri vor putea fi ocupate de c\u0103tre persoanele de peste 65 de ani, persoanele cu afec\u021biuni cronice \u0219i cele cu dizabilit\u0103\u021bi.<\/p>\n\n\n\n<p>\u00cen acela\u0219i act normativ aduce l\u0103muriri \u0219i pentru etapa a treia de vaccinare, \u00een sensul defini\u021biei popula\u021biei generale.<\/p>\n\n\n\n<p class=\"has-background\" style=\"background-color:#f8f8f8\"><em>\u00cen anex\u0103, la capitolul XI, litera A din subcapitolul 3, litera c) se modific\u0103 \u0219i<br>va avea urm\u0103torul cuprins :<br>\u201c3) Etapa a III-a &#8211; Popula\u0163ia general\u0103 :<br>\u201ca) Persoane care \u00ee\u0219i desf\u0103\u0219oar\u0103 activitatea \u00een cadrul unor unit\u0103\u021bi, operatori economici<br>cu risc ridicat de infectare al personalului propriu \u0219i al persoanelor deservite, din<br>urm\u0103toarele domenii de activitate :<br>i) lucr\u0103torii din Industria extractiv\u0103,<br>ii) lucr\u0103torii din Industria prelucr\u0103toare<br>iii) lucr\u0103torii din Hoteluri \u0219i restaurante<br>iv) lucr\u0103torii din domeniul de \u00eentre\u021binere corporal\u0103, coafur\u0103 \u0219i alte<br>activit\u0103\u021bi de \u00eenfrumuse\u021bare<br>v) lucr\u0103torii din domeniul spectacole, activitati culturale \u0219i recreative.<br>vi) lucr\u0103torii din sistemul financiar, bancar \u0219i din domeniul asigur\u0103rilor,<br>cu prec\u0103dere a celor care au contacte directe cu publicul \u0219i a celor<br>care presteaz\u0103 servicii esen\u021biale de pl\u0103\u021bi, administrare cont \u0219i investi\u021bii<br>\u0219i opereaz\u0103 infrastructuri critice na\u021bionale, precum \u0219i personalul critic<br>de suport al acestora;<br>vii) persoanele cazate \u00een centrele regionale de proceduri \u0219i cazare ale<br>solicitan\u021bilor de azil aflate \u00een subordinea Inspectoratului General<br>pentru Imigr\u0103ri\u201d.<br>viii) persoanele cazate \u00een centrele pentru cazarea str\u0103inilor lua\u021bi \u00een<br>custodie pubIic\u0103 aflate \u00een subordinea Inspectoratului General pentru<br>Imigr\u0103ri\u201d;<br>ix) persoane private de libertate;<br>x) persoane care asigur\u0103 infrastructura de comunica\u021bii;<br>xi) lucr\u0103torii din domeniul muzeal \u0219i al colec\u021biilor publice;<br>xii) lucr\u0103torii din biblioteci.<br>b) popula\u0163ia adult\u0103, alte categorii dec\u00e2t cele prev\u0103zute la punctele 1 \u0219i 2 de la litera<br>C;<br>c) popula\u0163ia pediatric\u0103, \u00een func\u0163ie de evolu\u0163ia epidemiologic\u0103 \u015fi de caracteristicile<br>vaccinurilor aprobate pentru utilizarea la persoanele cu v\u00e2rsta sub 18 ani. \u201d<\/em><\/p>\n","protected":false},"excerpt":{"rendered":"<p>Guvernul a modificat printr-o Hot\u0103r\u00e2re strategia de vaccinare, stabilit\u0103 prin HG1031\/2020. Noul act normativ adaug\u0103 categorii de persoane ce primesc dreptul la vaccinare, stabile\u0219te reguli de prioritizare \u0219i primele reguli pentru etapa a 3-a. Pe platforma online vor avea prioritate persoanele \u00een v\u0103rst\u0103 \u0219i cele vulnerabile \u0219i se vor putea programa \u0219i cet\u0103\u021benii str\u0103ini, care [&hellip;]<\/p>\n","protected":false},"author":18,"featured_media":18405,"comment_status":"closed","ping_status":"open","sticky":false,"template":"","format":"standard","meta":{"_acf_changed":false,"inline_featured_image":false,"ngg_post_thumbnail":0,"footnotes":""},"categories":[1],"tags":[2146,2145,2147],"ppma_author":[22579],"class_list":["post-18404","post","type-post","status-publish","format-standard","has-post-thumbnail","hentry","category-diverse","tag-cncav","tag-programare-vaccin","tag-sts"],"acf":[],"yoast_head":"<!-- This site is optimized with the Yoast SEO Premium plugin v25.3 (Yoast SEO v27.4) - https:\/\/yoast.com\/product\/yoast-seo-premium-wordpress\/ -->\n<title>Modific\u0103ri \u00een etapa a doua de vaccinare | B\u0103tr\u00e2nii \u0219i persoanele vulnerabile, prioritate pe platforma de programare, mai multe categorii de angaja\u021bi intr\u0103 \u00een categoriile esen\u021biale - Buletin de Bucure\u0219ti<\/title>\n<meta name=\"robots\" content=\"index, follow, max-snippet:-1, max-image-preview:large, max-video-preview:-1\" \/>\n<link rel=\"canonical\" href=\"https:\/\/buletin.de\/bucuresti\/modificari-in-etapa-a-doua-de-vaccinare-batranii-si-persoanele-vulnerabile-prioritate-pe-platforma-de-programare-mai-multe-categorii-de-angajati-intra-in-categoriile-esentiale\/\" \/>\n<meta property=\"og:locale\" content=\"en_GB\" \/>\n<meta property=\"og:type\" content=\"article\" \/>\n<meta property=\"og:title\" content=\"Modific\u0103ri \u00een etapa a doua de vaccinare | B\u0103tr\u00e2nii \u0219i persoanele vulnerabile, prioritate pe platforma de programare, mai multe categorii de angaja\u021bi intr\u0103 \u00een categoriile esen\u021biale\" \/>\n<meta property=\"og:description\" content=\"Guvernul a modificat printr-o Hot\u0103r\u00e2re strategia de vaccinare, stabilit\u0103 prin HG1031\/2020. Noul act normativ adaug\u0103 categorii de persoane ce primesc dreptul la vaccinare, stabile\u0219te reguli de prioritizare \u0219i primele reguli pentru etapa a 3-a. Pe platforma online vor avea prioritate persoanele \u00een v\u0103rst\u0103 \u0219i cele vulnerabile \u0219i se vor putea programa \u0219i cet\u0103\u021benii str\u0103ini, care [&hellip;]\" \/>\n<meta property=\"og:url\" content=\"https:\/\/buletin.de\/bucuresti\/modificari-in-etapa-a-doua-de-vaccinare-batranii-si-persoanele-vulnerabile-prioritate-pe-platforma-de-programare-mai-multe-categorii-de-angajati-intra-in-categoriile-esentiale\/\" \/>\n<meta property=\"og:site_name\" content=\"Buletin de Bucure\u0219ti\" \/>\n<meta property=\"article:publisher\" content=\"https:\/\/www.facebook.com\/buletin.de.buc\" \/>\n<meta property=\"article:published_time\" content=\"2021-01-21T13:49:22+00:00\" \/>\n<meta property=\"article:modified_time\" content=\"2021-01-21T14:32:08+00:00\" \/>\n<meta property=\"og:image\" content=\"https:\/\/buletin.de\/bucuresti\/wp-content\/uploads\/141039939_1356905534664208_6694088801174453045_o-900x900.jpg\" \/>\n\t<meta property=\"og:image:width\" content=\"900\" \/>\n\t<meta property=\"og:image:height\" content=\"900\" \/>\n\t<meta property=\"og:image:type\" content=\"image\/jpeg\" \/>\n<meta name=\"author\" content=\"Teodora Stroe\" \/>\n<meta name=\"twitter:card\" content=\"summary_large_image\" \/>\n<meta name=\"twitter:label1\" content=\"Written by\" \/>\n\t<meta name=\"twitter:data1\" content=\"Teodora Stroe\" \/>\n\t<meta name=\"twitter:label2\" content=\"Estimated reading time\" \/>\n\t<meta name=\"twitter:data2\" content=\"5 minutes\" \/>\n<script type=\"application\/ld+json\" class=\"yoast-schema-graph\">{\"@context\":\"https:\\\/\\\/schema.org\",\"@graph\":[{\"@type\":\"Article\",\"@id\":\"https:\\\/\\\/buletin.de\\\/bucuresti\\\/modificari-in-etapa-a-doua-de-vaccinare-batranii-si-persoanele-vulnerabile-prioritate-pe-platforma-de-programare-mai-multe-categorii-de-angajati-intra-in-categoriile-esentiale\\\/#article\",\"isPartOf\":{\"@id\":\"https:\\\/\\\/buletin.de\\\/bucuresti\\\/modificari-in-etapa-a-doua-de-vaccinare-batranii-si-persoanele-vulnerabile-prioritate-pe-platforma-de-programare-mai-multe-categorii-de-angajati-intra-in-categoriile-esentiale\\\/\"},\"author\":{\"name\":\"Teodora Stroe\",\"@id\":\"https:\\\/\\\/buletin.de\\\/bucuresti\\\/#\\\/schema\\\/person\\\/d369d7ddc775abece205795e0b804614\"},\"headline\":\"Modific\u0103ri \u00een etapa a doua de vaccinare | B\u0103tr\u00e2nii \u0219i persoanele vulnerabile, prioritate pe platforma de programare, mai multe categorii de angaja\u021bi intr\u0103 \u00een categoriile esen\u021biale\",\"datePublished\":\"2021-01-21T13:49:22+00:00\",\"dateModified\":\"2021-01-21T14:32:08+00:00\",\"mainEntityOfPage\":{\"@id\":\"https:\\\/\\\/buletin.de\\\/bucuresti\\\/modificari-in-etapa-a-doua-de-vaccinare-batranii-si-persoanele-vulnerabile-prioritate-pe-platforma-de-programare-mai-multe-categorii-de-angajati-intra-in-categoriile-esentiale\\\/\"},\"wordCount\":1003,\"publisher\":{\"@id\":\"https:\\\/\\\/buletin.de\\\/bucuresti\\\/#organization\"},\"image\":{\"@id\":\"https:\\\/\\\/buletin.de\\\/bucuresti\\\/modificari-in-etapa-a-doua-de-vaccinare-batranii-si-persoanele-vulnerabile-prioritate-pe-platforma-de-programare-mai-multe-categorii-de-angajati-intra-in-categoriile-esentiale\\\/#primaryimage\"},\"thumbnailUrl\":\"https:\\\/\\\/buletin.de\\\/bucuresti\\\/wp-content\\\/uploads\\\/141039939_1356905534664208_6694088801174453045_o.jpg\",\"keywords\":[\"CNCAV\",\"programare vaccin\",\"STS\"],\"articleSection\":[\"Diverse\"],\"inLanguage\":\"en-GB\",\"copyrightYear\":\"2021\",\"copyrightHolder\":{\"@id\":\"https:\\\/\\\/buletin.de\\\/bucuresti\\\/#organization\"}},{\"@type\":\"WebPage\",\"@id\":\"https:\\\/\\\/buletin.de\\\/bucuresti\\\/modificari-in-etapa-a-doua-de-vaccinare-batranii-si-persoanele-vulnerabile-prioritate-pe-platforma-de-programare-mai-multe-categorii-de-angajati-intra-in-categoriile-esentiale\\\/\",\"url\":\"https:\\\/\\\/buletin.de\\\/bucuresti\\\/modificari-in-etapa-a-doua-de-vaccinare-batranii-si-persoanele-vulnerabile-prioritate-pe-platforma-de-programare-mai-multe-categorii-de-angajati-intra-in-categoriile-esentiale\\\/\",\"name\":\"Modific\u0103ri \u00een etapa a doua de vaccinare | B\u0103tr\u00e2nii \u0219i persoanele vulnerabile, prioritate pe platforma de programare, mai multe categorii de angaja\u021bi intr\u0103 \u00een categoriile esen\u021biale - Buletin de Bucure\u0219ti\",\"isPartOf\":{\"@id\":\"https:\\\/\\\/buletin.de\\\/bucuresti\\\/#website\"},\"primaryImageOfPage\":{\"@id\":\"https:\\\/\\\/buletin.de\\\/bucuresti\\\/modificari-in-etapa-a-doua-de-vaccinare-batranii-si-persoanele-vulnerabile-prioritate-pe-platforma-de-programare-mai-multe-categorii-de-angajati-intra-in-categoriile-esentiale\\\/#primaryimage\"},\"image\":{\"@id\":\"https:\\\/\\\/buletin.de\\\/bucuresti\\\/modificari-in-etapa-a-doua-de-vaccinare-batranii-si-persoanele-vulnerabile-prioritate-pe-platforma-de-programare-mai-multe-categorii-de-angajati-intra-in-categoriile-esentiale\\\/#primaryimage\"},\"thumbnailUrl\":\"https:\\\/\\\/buletin.de\\\/bucuresti\\\/wp-content\\\/uploads\\\/141039939_1356905534664208_6694088801174453045_o.jpg\",\"datePublished\":\"2021-01-21T13:49:22+00:00\",\"dateModified\":\"2021-01-21T14:32:08+00:00\",\"breadcrumb\":{\"@id\":\"https:\\\/\\\/buletin.de\\\/bucuresti\\\/modificari-in-etapa-a-doua-de-vaccinare-batranii-si-persoanele-vulnerabile-prioritate-pe-platforma-de-programare-mai-multe-categorii-de-angajati-intra-in-categoriile-esentiale\\\/#breadcrumb\"},\"inLanguage\":\"en-GB\",\"potentialAction\":[{\"@type\":\"ReadAction\",\"target\":[\"https:\\\/\\\/buletin.de\\\/bucuresti\\\/modificari-in-etapa-a-doua-de-vaccinare-batranii-si-persoanele-vulnerabile-prioritate-pe-platforma-de-programare-mai-multe-categorii-de-angajati-intra-in-categoriile-esentiale\\\/\"]}]},{\"@type\":\"ImageObject\",\"inLanguage\":\"en-GB\",\"@id\":\"https:\\\/\\\/buletin.de\\\/bucuresti\\\/modificari-in-etapa-a-doua-de-vaccinare-batranii-si-persoanele-vulnerabile-prioritate-pe-platforma-de-programare-mai-multe-categorii-de-angajati-intra-in-categoriile-esentiale\\\/#primaryimage\",\"url\":\"https:\\\/\\\/buletin.de\\\/bucuresti\\\/wp-content\\\/uploads\\\/141039939_1356905534664208_6694088801174453045_o.jpg\",\"contentUrl\":\"https:\\\/\\\/buletin.de\\\/bucuresti\\\/wp-content\\\/uploads\\\/141039939_1356905534664208_6694088801174453045_o.jpg\",\"width\":1920,\"height\":1920},{\"@type\":\"BreadcrumbList\",\"@id\":\"https:\\\/\\\/buletin.de\\\/bucuresti\\\/modificari-in-etapa-a-doua-de-vaccinare-batranii-si-persoanele-vulnerabile-prioritate-pe-platforma-de-programare-mai-multe-categorii-de-angajati-intra-in-categoriile-esentiale\\\/#breadcrumb\",\"itemListElement\":[{\"@type\":\"ListItem\",\"position\":1,\"name\":\"Acas\u0103\",\"item\":\"https:\\\/\\\/buletin.de\\\/bucuresti\\\/\"},{\"@type\":\"ListItem\",\"position\":2,\"name\":\"Modific\u0103ri \u00een etapa a doua de vaccinare | B\u0103tr\u00e2nii \u0219i persoanele vulnerabile, prioritate pe platforma de programare, mai multe categorii de angaja\u021bi intr\u0103 \u00een categoriile esen\u021biale\"}]},{\"@type\":\"WebSite\",\"@id\":\"https:\\\/\\\/buletin.de\\\/bucuresti\\\/#website\",\"url\":\"https:\\\/\\\/buletin.de\\\/bucuresti\\\/\",\"name\":\"Buletin de Bucure\u0219ti\",\"description\":\"\u0218tiri \u0219i investiga\u021bii esen\u021biale din capital\u0103\",\"publisher\":{\"@id\":\"https:\\\/\\\/buletin.de\\\/bucuresti\\\/#organization\"},\"potentialAction\":[{\"@type\":\"SearchAction\",\"target\":{\"@type\":\"EntryPoint\",\"urlTemplate\":\"https:\\\/\\\/buletin.de\\\/bucuresti\\\/?s={search_term_string}\"},\"query-input\":{\"@type\":\"PropertyValueSpecification\",\"valueRequired\":true,\"valueName\":\"search_term_string\"}}],\"inLanguage\":\"en-GB\"},{\"@type\":\"Organization\",\"@id\":\"https:\\\/\\\/buletin.de\\\/bucuresti\\\/#organization\",\"name\":\"Buletin de Bucure\u0219ti\",\"url\":\"https:\\\/\\\/buletin.de\\\/bucuresti\\\/\",\"logo\":{\"@type\":\"ImageObject\",\"inLanguage\":\"en-GB\",\"@id\":\"https:\\\/\\\/buletin.de\\\/bucuresti\\\/#\\\/schema\\\/logo\\\/image\\\/\",\"url\":\"https:\\\/\\\/buletin.de\\\/bucuresti\\\/wp-content\\\/uploads\\\/logo-bdb-full-wide-vernil-transparent.png\",\"contentUrl\":\"https:\\\/\\\/buletin.de\\\/bucuresti\\\/wp-content\\\/uploads\\\/logo-bdb-full-wide-vernil-transparent.png\",\"width\":1782,\"height\":626,\"caption\":\"Buletin de Bucure\u0219ti\"},\"image\":{\"@id\":\"https:\\\/\\\/buletin.de\\\/bucuresti\\\/#\\\/schema\\\/logo\\\/image\\\/\"},\"sameAs\":[\"https:\\\/\\\/www.facebook.com\\\/buletin.de.buc\",\"https:\\\/\\\/www.instagram.com\\\/buletinde.bucuresti\\\/\"]},{\"@type\":\"Person\",\"@id\":\"https:\\\/\\\/buletin.de\\\/bucuresti\\\/#\\\/schema\\\/person\\\/d369d7ddc775abece205795e0b804614\",\"name\":\"Teodora Stroe\",\"image\":{\"@type\":\"ImageObject\",\"inLanguage\":\"en-GB\",\"@id\":\"https:\\\/\\\/secure.gravatar.com\\\/avatar\\\/2560b4cd9f5f1bc100b123158e657d75584bd1c3e1d9c69285720b9457c1b78d?s=96&d=monsterid&r=gc104800242ba5f2d78dd5d7dc4df08b6\",\"url\":\"https:\\\/\\\/secure.gravatar.com\\\/avatar\\\/2560b4cd9f5f1bc100b123158e657d75584bd1c3e1d9c69285720b9457c1b78d?s=96&d=monsterid&r=g\",\"contentUrl\":\"https:\\\/\\\/secure.gravatar.com\\\/avatar\\\/2560b4cd9f5f1bc100b123158e657d75584bd1c3e1d9c69285720b9457c1b78d?s=96&d=monsterid&r=g\",\"caption\":\"Teodora Stroe\"},\"url\":\"https:\\\/\\\/buletin.de\\\/bucuresti\\\/author\\\/simonacarlugea\\\/\"}]}<\/script>\n<!-- \/ Yoast SEO Premium plugin. -->","yoast_head_json":{"title":"Modific\u0103ri \u00een etapa a doua de vaccinare | B\u0103tr\u00e2nii \u0219i persoanele vulnerabile, prioritate pe platforma de programare, mai multe categorii de angaja\u021bi intr\u0103 \u00een categoriile esen\u021biale - Buletin de Bucure\u0219ti","robots":{"index":"index","follow":"follow","max-snippet":"max-snippet:-1","max-image-preview":"max-image-preview:large","max-video-preview":"max-video-preview:-1"},"canonical":"https:\/\/buletin.de\/bucuresti\/modificari-in-etapa-a-doua-de-vaccinare-batranii-si-persoanele-vulnerabile-prioritate-pe-platforma-de-programare-mai-multe-categorii-de-angajati-intra-in-categoriile-esentiale\/","og_locale":"en_GB","og_type":"article","og_title":"Modific\u0103ri \u00een etapa a doua de vaccinare | B\u0103tr\u00e2nii \u0219i persoanele vulnerabile, prioritate pe platforma de programare, mai multe categorii de angaja\u021bi intr\u0103 \u00een categoriile esen\u021biale","og_description":"Guvernul a modificat printr-o Hot\u0103r\u00e2re strategia de vaccinare, stabilit\u0103 prin HG1031\/2020. Noul act normativ adaug\u0103 categorii de persoane ce primesc dreptul la vaccinare, stabile\u0219te reguli de prioritizare \u0219i primele reguli pentru etapa a 3-a. Pe platforma online vor avea prioritate persoanele \u00een v\u0103rst\u0103 \u0219i cele vulnerabile \u0219i se vor putea programa \u0219i cet\u0103\u021benii str\u0103ini, care [&hellip;]","og_url":"https:\/\/buletin.de\/bucuresti\/modificari-in-etapa-a-doua-de-vaccinare-batranii-si-persoanele-vulnerabile-prioritate-pe-platforma-de-programare-mai-multe-categorii-de-angajati-intra-in-categoriile-esentiale\/","og_site_name":"Buletin de Bucure\u0219ti","article_publisher":"https:\/\/www.facebook.com\/buletin.de.buc","article_published_time":"2021-01-21T13:49:22+00:00","article_modified_time":"2021-01-21T14:32:08+00:00","og_image":[{"width":900,"height":900,"url":"https:\/\/buletin.de\/bucuresti\/wp-content\/uploads\/141039939_1356905534664208_6694088801174453045_o-900x900.jpg","type":"image\/jpeg"}],"author":"Teodora Stroe","twitter_card":"summary_large_image","twitter_misc":{"Written by":"Teodora Stroe","Estimated reading time":"5 minutes"},"schema":{"@context":"https:\/\/schema.org","@graph":[{"@type":"Article","@id":"https:\/\/buletin.de\/bucuresti\/modificari-in-etapa-a-doua-de-vaccinare-batranii-si-persoanele-vulnerabile-prioritate-pe-platforma-de-programare-mai-multe-categorii-de-angajati-intra-in-categoriile-esentiale\/#article","isPartOf":{"@id":"https:\/\/buletin.de\/bucuresti\/modificari-in-etapa-a-doua-de-vaccinare-batranii-si-persoanele-vulnerabile-prioritate-pe-platforma-de-programare-mai-multe-categorii-de-angajati-intra-in-categoriile-esentiale\/"},"author":{"name":"Teodora Stroe","@id":"https:\/\/buletin.de\/bucuresti\/#\/schema\/person\/d369d7ddc775abece205795e0b804614"},"headline":"Modific\u0103ri \u00een etapa a doua de vaccinare | B\u0103tr\u00e2nii \u0219i persoanele vulnerabile, prioritate pe platforma de programare, mai multe categorii de angaja\u021bi intr\u0103 \u00een categoriile esen\u021biale","datePublished":"2021-01-21T13:49:22+00:00","dateModified":"2021-01-21T14:32:08+00:00","mainEntityOfPage":{"@id":"https:\/\/buletin.de\/bucuresti\/modificari-in-etapa-a-doua-de-vaccinare-batranii-si-persoanele-vulnerabile-prioritate-pe-platforma-de-programare-mai-multe-categorii-de-angajati-intra-in-categoriile-esentiale\/"},"wordCount":1003,"publisher":{"@id":"https:\/\/buletin.de\/bucuresti\/#organization"},"image":{"@id":"https:\/\/buletin.de\/bucuresti\/modificari-in-etapa-a-doua-de-vaccinare-batranii-si-persoanele-vulnerabile-prioritate-pe-platforma-de-programare-mai-multe-categorii-de-angajati-intra-in-categoriile-esentiale\/#primaryimage"},"thumbnailUrl":"https:\/\/buletin.de\/bucuresti\/wp-content\/uploads\/141039939_1356905534664208_6694088801174453045_o.jpg","keywords":["CNCAV","programare vaccin","STS"],"articleSection":["Diverse"],"inLanguage":"en-GB","copyrightYear":"2021","copyrightHolder":{"@id":"https:\/\/buletin.de\/bucuresti\/#organization"}},{"@type":"WebPage","@id":"https:\/\/buletin.de\/bucuresti\/modificari-in-etapa-a-doua-de-vaccinare-batranii-si-persoanele-vulnerabile-prioritate-pe-platforma-de-programare-mai-multe-categorii-de-angajati-intra-in-categoriile-esentiale\/","url":"https:\/\/buletin.de\/bucuresti\/modificari-in-etapa-a-doua-de-vaccinare-batranii-si-persoanele-vulnerabile-prioritate-pe-platforma-de-programare-mai-multe-categorii-de-angajati-intra-in-categoriile-esentiale\/","name":"Modific\u0103ri \u00een etapa a doua de vaccinare | B\u0103tr\u00e2nii \u0219i persoanele vulnerabile, prioritate pe platforma de programare, mai multe categorii de angaja\u021bi intr\u0103 \u00een categoriile esen\u021biale - Buletin de Bucure\u0219ti","isPartOf":{"@id":"https:\/\/buletin.de\/bucuresti\/#website"},"primaryImageOfPage":{"@id":"https:\/\/buletin.de\/bucuresti\/modificari-in-etapa-a-doua-de-vaccinare-batranii-si-persoanele-vulnerabile-prioritate-pe-platforma-de-programare-mai-multe-categorii-de-angajati-intra-in-categoriile-esentiale\/#primaryimage"},"image":{"@id":"https:\/\/buletin.de\/bucuresti\/modificari-in-etapa-a-doua-de-vaccinare-batranii-si-persoanele-vulnerabile-prioritate-pe-platforma-de-programare-mai-multe-categorii-de-angajati-intra-in-categoriile-esentiale\/#primaryimage"},"thumbnailUrl":"https:\/\/buletin.de\/bucuresti\/wp-content\/uploads\/141039939_1356905534664208_6694088801174453045_o.jpg","datePublished":"2021-01-21T13:49:22+00:00","dateModified":"2021-01-21T14:32:08+00:00","breadcrumb":{"@id":"https:\/\/buletin.de\/bucuresti\/modificari-in-etapa-a-doua-de-vaccinare-batranii-si-persoanele-vulnerabile-prioritate-pe-platforma-de-programare-mai-multe-categorii-de-angajati-intra-in-categoriile-esentiale\/#breadcrumb"},"inLanguage":"en-GB","potentialAction":[{"@type":"ReadAction","target":["https:\/\/buletin.de\/bucuresti\/modificari-in-etapa-a-doua-de-vaccinare-batranii-si-persoanele-vulnerabile-prioritate-pe-platforma-de-programare-mai-multe-categorii-de-angajati-intra-in-categoriile-esentiale\/"]}]},{"@type":"ImageObject","inLanguage":"en-GB","@id":"https:\/\/buletin.de\/bucuresti\/modificari-in-etapa-a-doua-de-vaccinare-batranii-si-persoanele-vulnerabile-prioritate-pe-platforma-de-programare-mai-multe-categorii-de-angajati-intra-in-categoriile-esentiale\/#primaryimage","url":"https:\/\/buletin.de\/bucuresti\/wp-content\/uploads\/141039939_1356905534664208_6694088801174453045_o.jpg","contentUrl":"https:\/\/buletin.de\/bucuresti\/wp-content\/uploads\/141039939_1356905534664208_6694088801174453045_o.jpg","width":1920,"height":1920},{"@type":"BreadcrumbList","@id":"https:\/\/buletin.de\/bucuresti\/modificari-in-etapa-a-doua-de-vaccinare-batranii-si-persoanele-vulnerabile-prioritate-pe-platforma-de-programare-mai-multe-categorii-de-angajati-intra-in-categoriile-esentiale\/#breadcrumb","itemListElement":[{"@type":"ListItem","position":1,"name":"Acas\u0103","item":"https:\/\/buletin.de\/bucuresti\/"},{"@type":"ListItem","position":2,"name":"Modific\u0103ri \u00een etapa a doua de vaccinare | B\u0103tr\u00e2nii \u0219i persoanele vulnerabile, prioritate pe platforma de programare, mai multe categorii de angaja\u021bi intr\u0103 \u00een categoriile esen\u021biale"}]},{"@type":"WebSite","@id":"https:\/\/buletin.de\/bucuresti\/#website","url":"https:\/\/buletin.de\/bucuresti\/","name":"Buletin de Bucure\u0219ti","description":"\u0218tiri \u0219i investiga\u021bii esen\u021biale din capital\u0103","publisher":{"@id":"https:\/\/buletin.de\/bucuresti\/#organization"},"potentialAction":[{"@type":"SearchAction","target":{"@type":"EntryPoint","urlTemplate":"https:\/\/buletin.de\/bucuresti\/?s={search_term_string}"},"query-input":{"@type":"PropertyValueSpecification","valueRequired":true,"valueName":"search_term_string"}}],"inLanguage":"en-GB"},{"@type":"Organization","@id":"https:\/\/buletin.de\/bucuresti\/#organization","name":"Buletin de Bucure\u0219ti","url":"https:\/\/buletin.de\/bucuresti\/","logo":{"@type":"ImageObject","inLanguage":"en-GB","@id":"https:\/\/buletin.de\/bucuresti\/#\/schema\/logo\/image\/","url":"https:\/\/buletin.de\/bucuresti\/wp-content\/uploads\/logo-bdb-full-wide-vernil-transparent.png","contentUrl":"https:\/\/buletin.de\/bucuresti\/wp-content\/uploads\/logo-bdb-full-wide-vernil-transparent.png","width":1782,"height":626,"caption":"Buletin de Bucure\u0219ti"},"image":{"@id":"https:\/\/buletin.de\/bucuresti\/#\/schema\/logo\/image\/"},"sameAs":["https:\/\/www.facebook.com\/buletin.de.buc","https:\/\/www.instagram.com\/buletinde.bucuresti\/"]},{"@type":"Person","@id":"https:\/\/buletin.de\/bucuresti\/#\/schema\/person\/d369d7ddc775abece205795e0b804614","name":"Teodora Stroe","image":{"@type":"ImageObject","inLanguage":"en-GB","@id":"https:\/\/secure.gravatar.com\/avatar\/2560b4cd9f5f1bc100b123158e657d75584bd1c3e1d9c69285720b9457c1b78d?s=96&d=monsterid&r=gc104800242ba5f2d78dd5d7dc4df08b6","url":"https:\/\/secure.gravatar.com\/avatar\/2560b4cd9f5f1bc100b123158e657d75584bd1c3e1d9c69285720b9457c1b78d?s=96&d=monsterid&r=g","contentUrl":"https:\/\/secure.gravatar.com\/avatar\/2560b4cd9f5f1bc100b123158e657d75584bd1c3e1d9c69285720b9457c1b78d?s=96&d=monsterid&r=g","caption":"Teodora Stroe"},"url":"https:\/\/buletin.de\/bucuresti\/author\/simonacarlugea\/"}]}},"authors":[{"term_id":22579,"user_id":18,"is_guest":0,"slug":"simonacarlugea","display_name":"Teodora Stroe","avatar_url":"https:\/\/secure.gravatar.com\/avatar\/2560b4cd9f5f1bc100b123158e657d75584bd1c3e1d9c69285720b9457c1b78d?s=96&d=monsterid&r=g","0":null,"1":"","2":"","3":"","4":"","5":"","6":"","7":"","8":""}],"_links":{"self":[{"href":"https:\/\/buletin.de\/bucuresti\/wp-json\/wp\/v2\/posts\/18404","targetHints":{"allow":["GET"]}}],"collection":[{"href":"https:\/\/buletin.de\/bucuresti\/wp-json\/wp\/v2\/posts"}],"about":[{"href":"https:\/\/buletin.de\/bucuresti\/wp-json\/wp\/v2\/types\/post"}],"author":[{"embeddable":true,"href":"https:\/\/buletin.de\/bucuresti\/wp-json\/wp\/v2\/users\/18"}],"replies":[{"embeddable":true,"href":"https:\/\/buletin.de\/bucuresti\/wp-json\/wp\/v2\/comments?post=18404"}],"version-history":[{"count":9,"href":"https:\/\/buletin.de\/bucuresti\/wp-json\/wp\/v2\/posts\/18404\/revisions"}],"predecessor-version":[{"id":18475,"href":"https:\/\/buletin.de\/bucuresti\/wp-json\/wp\/v2\/posts\/18404\/revisions\/18475"}],"wp:featuredmedia":[{"embeddable":true,"href":"https:\/\/buletin.de\/bucuresti\/wp-json\/wp\/v2\/media\/18405"}],"wp:attachment":[{"href":"https:\/\/buletin.de\/bucuresti\/wp-json\/wp\/v2\/media?parent=18404"}],"wp:term":[{"taxonomy":"category","embeddable":true,"href":"https:\/\/buletin.de\/bucuresti\/wp-json\/wp\/v2\/categories?post=18404"},{"taxonomy":"post_tag","embeddable":true,"href":"https:\/\/buletin.de\/bucuresti\/wp-json\/wp\/v2\/tags?post=18404"},{"taxonomy":"author","embeddable":true,"href":"https:\/\/buletin.de\/bucuresti\/wp-json\/wp\/v2\/ppma_author?post=18404"}],"curies":[{"name":"wp","href":"https:\/\/api.w.org\/{rel}","templated":true}]}}