{"id":183911,"date":"2026-03-31T17:53:53","date_gmt":"2026-03-31T15:53:53","guid":{"rendered":"https:\/\/buletin.de\/bucuresti\/?p=183911"},"modified":"2026-04-01T06:35:08","modified_gmt":"2026-04-01T04:35:08","slug":"__trashed-13","status":"publish","type":"post","link":"https:\/\/buletin.de\/bucuresti\/__trashed-13\/","title":{"rendered":"\u201eB\u0103rbierul din Sevilla\u201d \u0219i \u201eLacul Lebedelor\u201d vor fi jucate \u00een luna aprilie pe scena Operei Na\u021bionale"},"content":{"rendered":"\n<p><strong>\u201eB\u0103rbierul din Sevilla\u201d \u0219i \u201eLacul Lebedelor\u201d vor fi interpretate \u00een luna aprilie la Opera Na\u021bional\u0103, potrivit unui comunicat de pres\u0103 emis de institu\u021bia de cultur\u0103. Spectacolele sunt programate zilnic \u0219i fac parte dintr-o stagiune mai complex\u0103, stabilit\u0103 deja pentru \u00eentreaga lun\u0103.<\/strong><\/p>\n\n\n\n<p><span style=\"box-sizing: border-box; margin: 0px; padding: 0px;\"><em>\u201eOpera Na\u021bional\u0103 Bucure\u0219ti prezint\u0103 \u00een prima s\u0103pt\u0103m\u00e2n\u0103 a lunii aprilie spectacolele \u201eB\u0103rbierul din Sevilla\u201d de Gioachino Rossini, \u201eCallas &#8211; Oana Pellea\u201d de Terrence McNally, \u201eLacul lebedelor\u201d de Piotr Ilici Ceaikovski, \u201eLohengrin\u201dde Richard Wagner \u0219i \u201eNunta lui Figaro\u201d de W.A. Mozart\u201d<\/em>, au transmis reprezentan\u021bii Operei Bucure\u0219ti.<\/span><\/p>\n\n\n\n<p>Miercuri, 1 aprilie, va debuta cea de-a treia reprezenta\u021bie cu titlu de premier\u0103 a spectacolului \u201eB\u0103rbierul din Sevilla\u201d de Gioachino Rossini, \u00een regia lui Igor Bergler. Spectacolul de oper\u0103 \u00ee\u0219i propune s\u0103 readuc\u0103 \u00een aten\u021bia publicului spiritul originar al capodoperei rossiniene, efervescent, comic, viu \u0219i provocator, fidel inten\u021biilor ini\u021biale ale compozitorului \u0219i inspira\u021biei din commedia dell&#8217;arte.<\/p>\n\n\n\n<p>Joi, 2 aprilie, \u00eencep\u00e2nd cu 19:30, are loc spectacolul \u201eCallas &#8211; Oana Pellea\u201d de Terrence McNally, o produc\u021bie original\u0103, la intersec\u021bia dintre teatru \u0219i oper\u0103, ce exploreaz\u0103 multiplele fa\u021bete ale personalit\u0103\u021bii sopranei Maria Callas, iar vineri, 3 aprilie, de la ora 18:30, spectatorii sunt a\u0219tepta\u021bi la spectacolul de balet \u201eLacul Lebedelor\u201d.<\/p>\n\n\n\n<p>S\u00e2mb\u0103t\u0103, 4 aprilie, de la ora 18:00, va avea loc spectacolul \u201eLohengrin\u201d, \u00een regia lui Silviu Purc\u0103rete. Acesta este unul dintre spectacolele cu care Opera Rom\u00e2n\u0103 a debutat \u00een 1921, c\u00e2nd la pupitrul dirijorului se afla chiar George Enescu.<\/p>\n\n\n\n<p>Mai mult, duminic\u0103, 5 aprilie, se va interpreta \u0219i spectacolul \u201eNunta lui Figaro\u201d, de W. A. Mozart.<\/p>\n\n\n\n<p>Biletele au fost deja puse \u00een v\u00e2nzare, iar pre\u021bul acestora porne\u0219te, \u00een func\u021bie de categorie, de la 90 de lei per persoan\u0103. Acestea pot fi achizi\u021bionate pe <a href=\"http:\/\/tickets.operanb.ro\/\">site<\/a>-ul dedicat, dar \u0219i de la casa de bilete a Operei Na\u021bionale Bucure\u0219ti.<\/p>\n\n\n\n<p><strong>CITE\u0218TE \u0218I: <a href=\"https:\/\/buletin.de\/bucuresti\/palatul-parlamentului-va-fi-iluminat-in-galben-se-incheie-luna-de-constientizare-a-endometriozei\/\">Palatul Parlamentului va fi iluminat \u00een galben. Se \u00eencheie Luna de con\u0219tientizare a endometriozei<\/a><\/strong><\/p>\n\n\n\n<h2 class=\"wp-block-heading\" id=\"h-vivaldi-rocks-la-sala-palatului\">Vivaldi Rocks, la Sala Palatului<\/h2>\n\n\n\n<p><strong>Pe 2 aprilie 2026, de la ora 19:30, Sala Palatului devine scena unde Orchestra Simfonic\u0103 Bucure\u0219ti readuce evenimentul Vivaldi Rocks. Este o edi\u021bie special\u0103 care porne\u0219te turneul european limitat la doar cinci ora\u0219e: Bucure\u0219ti, Cluj, Chi\u0219in\u0103u, Sofia \u0219i Belgrad.<\/strong><\/p>\n\n\n\n<p><strong>Orchestra Simfonic\u0103 Bucure\u0219ti<\/strong>&nbsp;revine la Bucure\u0219ti, cu varianta extins\u0103, a spectacolului Vivaldi Rocks: clasicul lui Vivaldi se armonizeaz\u0103 cu rock-ul pur.<\/p>\n\n\n\n<p>Vor fi orchestra\u021bii \u0219i aranjamente originale \u0219i explozive ale hiturilor Metallica, Queen, Deep Purple, Led Zeppelin, Bon Jovi, al\u0103turi de momente muzicale inedite, prezentate \u00een premier\u0103. Punctul culminant al serii \u00eel reprezint\u0103 prezen\u021ba invitatului special,\u00a0<strong>Joe Lynn Turner<\/strong>\u00a0\u2013 vocea emblematic\u0103 a trupelor Rainbow \u0219i Deep Purple.<\/p>\n\n\n\n<p><strong>\u201e<em>Energia sa inconfundabil\u0103, carisma scenic\u0103 \u0219i experien\u021ba acumulat\u0103 de-a lungul deceniilor \u00een rock-ul clasic amplific\u0103 \u00eent\u00e2lnirea dintre elegan\u021ba baroc\u0103 \u0219i for\u021ba rock-ului pur \u0219i ofer\u0103 publicului o experien\u021b\u0103 sonor\u0103 care transcende genuri \u0219i genera\u021bii.&nbsp;Vei tr\u0103i muzica la un nivel pe care l-ai sim\u021bit doar \u00een concertele care intr\u0103 \u00een istorie.\u201d<\/em><\/strong><\/p>\n\n\n\n<p><strong>CITE\u0218TE \u0218I: <a href=\"https:\/\/buletin.de\/bucuresti\/interviu-de-ce-a-fost-nevoie-de-o-lege-separata-pentru-uciderea-femeilor-victoria-stoiciu-tot-ce-tine-de-drepturile-femeilor-nu-reprezinta-o-prioritate-in-romania\/\">INTERVIU |&nbsp;De ce a fost nevoie de o lege separat\u0103 pentru uciderea femeilor. Victoria Stoiciu: Tot ce \u021bine de drepturile femeilor nu reprezint\u0103 o prioritate \u00een Rom\u00e2nia<\/a><\/strong><\/p>\n\n\n\n<p><\/p>\n","protected":false},"excerpt":{"rendered":"<p>\u201eB\u0103rbierul din Sevilla\u201d \u0219i \u201eLacul Lebedelor\u201d vor fi interpretate \u00een luna aprilie la Opera Na\u021bional\u0103, potrivit unui comunicat de pres\u0103 emis de institu\u021bia de cultur\u0103. Spectacolele sunt programate zilnic \u0219i fac parte dintr-o stagiune mai complex\u0103, stabilit\u0103 deja pentru \u00eentreaga lun\u0103. \u201eOpera Na\u021bional\u0103 Bucure\u0219ti prezint\u0103 \u00een prima s\u0103pt\u0103m\u00e2n\u0103 a lunii aprilie spectacolele \u201eB\u0103rbierul din Sevilla\u201d [&hellip;]<\/p>\n","protected":false},"author":61,"featured_media":183912,"comment_status":"closed","ping_status":"open","sticky":false,"template":"","format":"standard","meta":{"_acf_changed":false,"inline_featured_image":false,"ngg_post_thumbnail":0,"footnotes":""},"categories":[6994,81,62],"tags":[19076,4626,8763,27400,27399],"ppma_author":[22577],"class_list":["post-183911","post","type-post","status-publish","format-standard","has-post-thumbnail","hentry","category-stiri-2","category-cultura","category-stiri","tag-barbierul-din-sevilla","tag-cultura-2","tag-lacul-lebedelor","tag-opera-2","tag-opera-bucuresti"],"acf":[],"yoast_head":"<!-- This site is optimized with the Yoast SEO Premium plugin v25.3 (Yoast SEO v27.4) - https:\/\/yoast.com\/product\/yoast-seo-premium-wordpress\/ -->\n<title>\u201eB\u0103rbierul din Sevilla\u201d \u0219i \u201eLacul Lebedelor\u201d vor fi jucate \u00een luna aprilie pe scena Operei Na\u021bionale - Buletin de Bucure\u0219ti<\/title>\n<meta name=\"description\" content=\"\u201eB\u0103rbierul din Sevilla\u201d \u0219i \u201eLacul Lebedelor\u201d, vor fi interpretate \u00een luna aprilie la Opera Na\u021bional\u0103 din Bucure\u0219ti.\" \/>\n<meta name=\"robots\" content=\"index, follow, max-snippet:-1, max-image-preview:large, max-video-preview:-1\" \/>\n<link rel=\"canonical\" href=\"https:\/\/buletin.de\/bucuresti\/__trashed-13\/\" \/>\n<meta property=\"og:locale\" content=\"en_GB\" \/>\n<meta property=\"og:type\" content=\"article\" \/>\n<meta property=\"og:title\" content=\"\u201eB\u0103rbierul din Sevilla\u201d \u0219i \u201eLacul Lebedelor\u201d vor fi jucate \u00een luna aprilie pe scena Operei Na\u021bionale\" \/>\n<meta property=\"og:description\" content=\"\u201eB\u0103rbierul din Sevilla\u201d \u0219i \u201eLacul Lebedelor\u201d, vor fi interpretate \u00een luna aprilie la Opera Na\u021bional\u0103 din Bucure\u0219ti.\" \/>\n<meta property=\"og:url\" content=\"https:\/\/buletin.de\/bucuresti\/__trashed-13\/\" \/>\n<meta property=\"og:site_name\" content=\"Buletin de Bucure\u0219ti\" \/>\n<meta property=\"article:publisher\" content=\"https:\/\/www.facebook.com\/buletin.de.buc\" \/>\n<meta property=\"article:published_time\" content=\"2026-03-31T15:53:53+00:00\" \/>\n<meta property=\"article:modified_time\" content=\"2026-04-01T04:35:08+00:00\" \/>\n<meta property=\"og:image\" content=\"https:\/\/buletin.de\/bucuresti\/wp-content\/uploads\/2026\/03\/Artemie-Ixari-21.jpg\" \/>\n\t<meta property=\"og:image:width\" content=\"900\" \/>\n\t<meta property=\"og:image:height\" content=\"600\" \/>\n\t<meta property=\"og:image:type\" content=\"image\/jpeg\" \/>\n<meta name=\"author\" content=\"Alexandru Stan\" \/>\n<meta name=\"twitter:card\" content=\"summary_large_image\" \/>\n<meta name=\"twitter:label1\" content=\"Written by\" \/>\n\t<meta name=\"twitter:data1\" content=\"Alexandru Stan\" \/>\n\t<meta name=\"twitter:label2\" content=\"Estimated reading time\" \/>\n\t<meta name=\"twitter:data2\" content=\"3 minutes\" \/>\n<script type=\"application\/ld+json\" class=\"yoast-schema-graph\">{\"@context\":\"https:\\\/\\\/schema.org\",\"@graph\":[{\"@type\":\"Article\",\"@id\":\"https:\\\/\\\/buletin.de\\\/bucuresti\\\/__trashed-13\\\/#article\",\"isPartOf\":{\"@id\":\"https:\\\/\\\/buletin.de\\\/bucuresti\\\/__trashed-13\\\/\"},\"author\":{\"name\":\"Alexandru Stan\",\"@id\":\"https:\\\/\\\/buletin.de\\\/bucuresti\\\/#\\\/schema\\\/person\\\/104a46bbe8be6e336fecf63974383951\"},\"headline\":\"\u201eB\u0103rbierul din Sevilla\u201d \u0219i \u201eLacul Lebedelor\u201d vor fi jucate \u00een luna aprilie pe scena Operei Na\u021bionale\",\"datePublished\":\"2026-03-31T15:53:53+00:00\",\"dateModified\":\"2026-04-01T04:35:08+00:00\",\"mainEntityOfPage\":{\"@id\":\"https:\\\/\\\/buletin.de\\\/bucuresti\\\/__trashed-13\\\/\"},\"wordCount\":566,\"publisher\":{\"@id\":\"https:\\\/\\\/buletin.de\\\/bucuresti\\\/#organization\"},\"image\":{\"@id\":\"https:\\\/\\\/buletin.de\\\/bucuresti\\\/__trashed-13\\\/#primaryimage\"},\"thumbnailUrl\":\"https:\\\/\\\/buletin.de\\\/bucuresti\\\/wp-content\\\/uploads\\\/2026\\\/03\\\/Artemie-Ixari-21.jpg\",\"keywords\":[\"B\u0103rbierul din Sevilla\",\"Cultur\u0103\",\"Lacul Lebedelor\",\"oper\u0103\",\"opera bucure\u0219ti\"],\"articleSection\":[\"Articole\",\"Cultur\u0103\",\"\u0218tiri\"],\"inLanguage\":\"en-GB\",\"copyrightYear\":\"2026\",\"copyrightHolder\":{\"@id\":\"https:\\\/\\\/buletin.de\\\/bucuresti\\\/#organization\"}},{\"@type\":\"WebPage\",\"@id\":\"https:\\\/\\\/buletin.de\\\/bucuresti\\\/__trashed-13\\\/\",\"url\":\"https:\\\/\\\/buletin.de\\\/bucuresti\\\/__trashed-13\\\/\",\"name\":\"\u201eB\u0103rbierul din Sevilla\u201d \u0219i \u201eLacul Lebedelor\u201d vor fi jucate \u00een luna aprilie pe scena Operei Na\u021bionale - Buletin de Bucure\u0219ti\",\"isPartOf\":{\"@id\":\"https:\\\/\\\/buletin.de\\\/bucuresti\\\/#website\"},\"primaryImageOfPage\":{\"@id\":\"https:\\\/\\\/buletin.de\\\/bucuresti\\\/__trashed-13\\\/#primaryimage\"},\"image\":{\"@id\":\"https:\\\/\\\/buletin.de\\\/bucuresti\\\/__trashed-13\\\/#primaryimage\"},\"thumbnailUrl\":\"https:\\\/\\\/buletin.de\\\/bucuresti\\\/wp-content\\\/uploads\\\/2026\\\/03\\\/Artemie-Ixari-21.jpg\",\"datePublished\":\"2026-03-31T15:53:53+00:00\",\"dateModified\":\"2026-04-01T04:35:08+00:00\",\"description\":\"\u201eB\u0103rbierul din Sevilla\u201d \u0219i \u201eLacul Lebedelor\u201d, vor fi interpretate \u00een luna aprilie la Opera Na\u021bional\u0103 din Bucure\u0219ti.\",\"breadcrumb\":{\"@id\":\"https:\\\/\\\/buletin.de\\\/bucuresti\\\/__trashed-13\\\/#breadcrumb\"},\"inLanguage\":\"en-GB\",\"potentialAction\":[{\"@type\":\"ReadAction\",\"target\":[\"https:\\\/\\\/buletin.de\\\/bucuresti\\\/__trashed-13\\\/\"]}]},{\"@type\":\"ImageObject\",\"inLanguage\":\"en-GB\",\"@id\":\"https:\\\/\\\/buletin.de\\\/bucuresti\\\/__trashed-13\\\/#primaryimage\",\"url\":\"https:\\\/\\\/buletin.de\\\/bucuresti\\\/wp-content\\\/uploads\\\/2026\\\/03\\\/Artemie-Ixari-21.jpg\",\"contentUrl\":\"https:\\\/\\\/buletin.de\\\/bucuresti\\\/wp-content\\\/uploads\\\/2026\\\/03\\\/Artemie-Ixari-21.jpg\",\"width\":900,\"height\":600,\"caption\":\"\u201eB\u0103rbierul din Sevilla\u201d \u0219i \u201eLacul Lebedelor\u201d, \u00een luna aprilie la Opera Na\u021bional\u0103 | FOTO: Opera Na\u021bional\u0103\"},{\"@type\":\"BreadcrumbList\",\"@id\":\"https:\\\/\\\/buletin.de\\\/bucuresti\\\/__trashed-13\\\/#breadcrumb\",\"itemListElement\":[{\"@type\":\"ListItem\",\"position\":1,\"name\":\"Acas\u0103\",\"item\":\"https:\\\/\\\/buletin.de\\\/bucuresti\\\/\"},{\"@type\":\"ListItem\",\"position\":2,\"name\":\"\u201eB\u0103rbierul din Sevilla\u201d \u0219i \u201eLacul Lebedelor\u201d vor fi jucate \u00een luna aprilie pe scena Operei Na\u021bionale\"}]},{\"@type\":\"WebSite\",\"@id\":\"https:\\\/\\\/buletin.de\\\/bucuresti\\\/#website\",\"url\":\"https:\\\/\\\/buletin.de\\\/bucuresti\\\/\",\"name\":\"Buletin de Bucure\u0219ti\",\"description\":\"\u0218tiri \u0219i investiga\u021bii esen\u021biale din capital\u0103\",\"publisher\":{\"@id\":\"https:\\\/\\\/buletin.de\\\/bucuresti\\\/#organization\"},\"potentialAction\":[{\"@type\":\"SearchAction\",\"target\":{\"@type\":\"EntryPoint\",\"urlTemplate\":\"https:\\\/\\\/buletin.de\\\/bucuresti\\\/?s={search_term_string}\"},\"query-input\":{\"@type\":\"PropertyValueSpecification\",\"valueRequired\":true,\"valueName\":\"search_term_string\"}}],\"inLanguage\":\"en-GB\"},{\"@type\":\"Organization\",\"@id\":\"https:\\\/\\\/buletin.de\\\/bucuresti\\\/#organization\",\"name\":\"Buletin de Bucure\u0219ti\",\"url\":\"https:\\\/\\\/buletin.de\\\/bucuresti\\\/\",\"logo\":{\"@type\":\"ImageObject\",\"inLanguage\":\"en-GB\",\"@id\":\"https:\\\/\\\/buletin.de\\\/bucuresti\\\/#\\\/schema\\\/logo\\\/image\\\/\",\"url\":\"https:\\\/\\\/buletin.de\\\/bucuresti\\\/wp-content\\\/uploads\\\/logo-bdb-full-wide-vernil-transparent.png\",\"contentUrl\":\"https:\\\/\\\/buletin.de\\\/bucuresti\\\/wp-content\\\/uploads\\\/logo-bdb-full-wide-vernil-transparent.png\",\"width\":1782,\"height\":626,\"caption\":\"Buletin de Bucure\u0219ti\"},\"image\":{\"@id\":\"https:\\\/\\\/buletin.de\\\/bucuresti\\\/#\\\/schema\\\/logo\\\/image\\\/\"},\"sameAs\":[\"https:\\\/\\\/www.facebook.com\\\/buletin.de.buc\",\"https:\\\/\\\/www.instagram.com\\\/buletinde.bucuresti\\\/\"]},{\"@type\":\"Person\",\"@id\":\"https:\\\/\\\/buletin.de\\\/bucuresti\\\/#\\\/schema\\\/person\\\/104a46bbe8be6e336fecf63974383951\",\"name\":\"Alexandru Stan\",\"image\":{\"@type\":\"ImageObject\",\"inLanguage\":\"en-GB\",\"@id\":\"https:\\\/\\\/buletin.de\\\/bucuresti\\\/wp-content\\\/uploads\\\/2025\\\/12\\\/IMG-20251216-WA0045-e1766134343668-96x96.jpgd0ca12809ae3e1d27116a2afe8926544\",\"url\":\"https:\\\/\\\/buletin.de\\\/bucuresti\\\/wp-content\\\/uploads\\\/2025\\\/12\\\/IMG-20251216-WA0045-e1766134343668-96x96.jpg\",\"contentUrl\":\"https:\\\/\\\/buletin.de\\\/bucuresti\\\/wp-content\\\/uploads\\\/2025\\\/12\\\/IMG-20251216-WA0045-e1766134343668-96x96.jpg\",\"caption\":\"Alexandru Stan\"},\"description\":\"Sunt elev la un colegiu de prestigiu din Capital\u0103 \u0219i reporter la Buletin de Bucure\u0219ti. M-am n\u0103scut \u0219i am crescut cu m\u00e2ndrie \u00een Capital\u0103, ora\u0219 al pove\u0219tilor, al tramvaiului tras de cai \u0219i al c\u0103su\u021belor cu porti\u021b\u0103 \u0219i ci\u0219mea. Prin articolele mele, m\u0103 str\u0103duiesc s\u0103 descriu cu acurate\u021be via\u021ba din Bucure\u0219ti pe ecranele cititorilor no\u0219tri \u0219i \u00eencerc totodat\u0103 s\u0103 fac accesibile subiecte de interes general tuturor, de la mic la mare.\",\"url\":\"https:\\\/\\\/buletin.de\\\/bucuresti\\\/author\\\/alexandru-stan\\\/\"}]}<\/script>\n<!-- \/ Yoast SEO Premium plugin. -->","yoast_head_json":{"title":"\u201eB\u0103rbierul din Sevilla\u201d \u0219i \u201eLacul Lebedelor\u201d vor fi jucate \u00een luna aprilie pe scena Operei Na\u021bionale - Buletin de Bucure\u0219ti","description":"\u201eB\u0103rbierul din Sevilla\u201d \u0219i \u201eLacul Lebedelor\u201d, vor fi interpretate \u00een luna aprilie la Opera Na\u021bional\u0103 din Bucure\u0219ti.","robots":{"index":"index","follow":"follow","max-snippet":"max-snippet:-1","max-image-preview":"max-image-preview:large","max-video-preview":"max-video-preview:-1"},"canonical":"https:\/\/buletin.de\/bucuresti\/__trashed-13\/","og_locale":"en_GB","og_type":"article","og_title":"\u201eB\u0103rbierul din Sevilla\u201d \u0219i \u201eLacul Lebedelor\u201d vor fi jucate \u00een luna aprilie pe scena Operei Na\u021bionale","og_description":"\u201eB\u0103rbierul din Sevilla\u201d \u0219i \u201eLacul Lebedelor\u201d, vor fi interpretate \u00een luna aprilie la Opera Na\u021bional\u0103 din Bucure\u0219ti.","og_url":"https:\/\/buletin.de\/bucuresti\/__trashed-13\/","og_site_name":"Buletin de Bucure\u0219ti","article_publisher":"https:\/\/www.facebook.com\/buletin.de.buc","article_published_time":"2026-03-31T15:53:53+00:00","article_modified_time":"2026-04-01T04:35:08+00:00","og_image":[{"width":900,"height":600,"url":"https:\/\/buletin.de\/bucuresti\/wp-content\/uploads\/2026\/03\/Artemie-Ixari-21.jpg","type":"image\/jpeg"}],"author":"Alexandru Stan","twitter_card":"summary_large_image","twitter_misc":{"Written by":"Alexandru Stan","Estimated reading time":"3 minutes"},"schema":{"@context":"https:\/\/schema.org","@graph":[{"@type":"Article","@id":"https:\/\/buletin.de\/bucuresti\/__trashed-13\/#article","isPartOf":{"@id":"https:\/\/buletin.de\/bucuresti\/__trashed-13\/"},"author":{"name":"Alexandru Stan","@id":"https:\/\/buletin.de\/bucuresti\/#\/schema\/person\/104a46bbe8be6e336fecf63974383951"},"headline":"\u201eB\u0103rbierul din Sevilla\u201d \u0219i \u201eLacul Lebedelor\u201d vor fi jucate \u00een luna aprilie pe scena Operei Na\u021bionale","datePublished":"2026-03-31T15:53:53+00:00","dateModified":"2026-04-01T04:35:08+00:00","mainEntityOfPage":{"@id":"https:\/\/buletin.de\/bucuresti\/__trashed-13\/"},"wordCount":566,"publisher":{"@id":"https:\/\/buletin.de\/bucuresti\/#organization"},"image":{"@id":"https:\/\/buletin.de\/bucuresti\/__trashed-13\/#primaryimage"},"thumbnailUrl":"https:\/\/buletin.de\/bucuresti\/wp-content\/uploads\/2026\/03\/Artemie-Ixari-21.jpg","keywords":["B\u0103rbierul din Sevilla","Cultur\u0103","Lacul Lebedelor","oper\u0103","opera bucure\u0219ti"],"articleSection":["Articole","Cultur\u0103","\u0218tiri"],"inLanguage":"en-GB","copyrightYear":"2026","copyrightHolder":{"@id":"https:\/\/buletin.de\/bucuresti\/#organization"}},{"@type":"WebPage","@id":"https:\/\/buletin.de\/bucuresti\/__trashed-13\/","url":"https:\/\/buletin.de\/bucuresti\/__trashed-13\/","name":"\u201eB\u0103rbierul din Sevilla\u201d \u0219i \u201eLacul Lebedelor\u201d vor fi jucate \u00een luna aprilie pe scena Operei Na\u021bionale - Buletin de Bucure\u0219ti","isPartOf":{"@id":"https:\/\/buletin.de\/bucuresti\/#website"},"primaryImageOfPage":{"@id":"https:\/\/buletin.de\/bucuresti\/__trashed-13\/#primaryimage"},"image":{"@id":"https:\/\/buletin.de\/bucuresti\/__trashed-13\/#primaryimage"},"thumbnailUrl":"https:\/\/buletin.de\/bucuresti\/wp-content\/uploads\/2026\/03\/Artemie-Ixari-21.jpg","datePublished":"2026-03-31T15:53:53+00:00","dateModified":"2026-04-01T04:35:08+00:00","description":"\u201eB\u0103rbierul din Sevilla\u201d \u0219i \u201eLacul Lebedelor\u201d, vor fi interpretate \u00een luna aprilie la Opera Na\u021bional\u0103 din Bucure\u0219ti.","breadcrumb":{"@id":"https:\/\/buletin.de\/bucuresti\/__trashed-13\/#breadcrumb"},"inLanguage":"en-GB","potentialAction":[{"@type":"ReadAction","target":["https:\/\/buletin.de\/bucuresti\/__trashed-13\/"]}]},{"@type":"ImageObject","inLanguage":"en-GB","@id":"https:\/\/buletin.de\/bucuresti\/__trashed-13\/#primaryimage","url":"https:\/\/buletin.de\/bucuresti\/wp-content\/uploads\/2026\/03\/Artemie-Ixari-21.jpg","contentUrl":"https:\/\/buletin.de\/bucuresti\/wp-content\/uploads\/2026\/03\/Artemie-Ixari-21.jpg","width":900,"height":600,"caption":"\u201eB\u0103rbierul din Sevilla\u201d \u0219i \u201eLacul Lebedelor\u201d, \u00een luna aprilie la Opera Na\u021bional\u0103 | FOTO: Opera Na\u021bional\u0103"},{"@type":"BreadcrumbList","@id":"https:\/\/buletin.de\/bucuresti\/__trashed-13\/#breadcrumb","itemListElement":[{"@type":"ListItem","position":1,"name":"Acas\u0103","item":"https:\/\/buletin.de\/bucuresti\/"},{"@type":"ListItem","position":2,"name":"\u201eB\u0103rbierul din Sevilla\u201d \u0219i \u201eLacul Lebedelor\u201d vor fi jucate \u00een luna aprilie pe scena Operei Na\u021bionale"}]},{"@type":"WebSite","@id":"https:\/\/buletin.de\/bucuresti\/#website","url":"https:\/\/buletin.de\/bucuresti\/","name":"Buletin de Bucure\u0219ti","description":"\u0218tiri \u0219i investiga\u021bii esen\u021biale din capital\u0103","publisher":{"@id":"https:\/\/buletin.de\/bucuresti\/#organization"},"potentialAction":[{"@type":"SearchAction","target":{"@type":"EntryPoint","urlTemplate":"https:\/\/buletin.de\/bucuresti\/?s={search_term_string}"},"query-input":{"@type":"PropertyValueSpecification","valueRequired":true,"valueName":"search_term_string"}}],"inLanguage":"en-GB"},{"@type":"Organization","@id":"https:\/\/buletin.de\/bucuresti\/#organization","name":"Buletin de Bucure\u0219ti","url":"https:\/\/buletin.de\/bucuresti\/","logo":{"@type":"ImageObject","inLanguage":"en-GB","@id":"https:\/\/buletin.de\/bucuresti\/#\/schema\/logo\/image\/","url":"https:\/\/buletin.de\/bucuresti\/wp-content\/uploads\/logo-bdb-full-wide-vernil-transparent.png","contentUrl":"https:\/\/buletin.de\/bucuresti\/wp-content\/uploads\/logo-bdb-full-wide-vernil-transparent.png","width":1782,"height":626,"caption":"Buletin de Bucure\u0219ti"},"image":{"@id":"https:\/\/buletin.de\/bucuresti\/#\/schema\/logo\/image\/"},"sameAs":["https:\/\/www.facebook.com\/buletin.de.buc","https:\/\/www.instagram.com\/buletinde.bucuresti\/"]},{"@type":"Person","@id":"https:\/\/buletin.de\/bucuresti\/#\/schema\/person\/104a46bbe8be6e336fecf63974383951","name":"Alexandru Stan","image":{"@type":"ImageObject","inLanguage":"en-GB","@id":"https:\/\/buletin.de\/bucuresti\/wp-content\/uploads\/2025\/12\/IMG-20251216-WA0045-e1766134343668-96x96.jpgd0ca12809ae3e1d27116a2afe8926544","url":"https:\/\/buletin.de\/bucuresti\/wp-content\/uploads\/2025\/12\/IMG-20251216-WA0045-e1766134343668-96x96.jpg","contentUrl":"https:\/\/buletin.de\/bucuresti\/wp-content\/uploads\/2025\/12\/IMG-20251216-WA0045-e1766134343668-96x96.jpg","caption":"Alexandru Stan"},"description":"Sunt elev la un colegiu de prestigiu din Capital\u0103 \u0219i reporter la Buletin de Bucure\u0219ti. M-am n\u0103scut \u0219i am crescut cu m\u00e2ndrie \u00een Capital\u0103, ora\u0219 al pove\u0219tilor, al tramvaiului tras de cai \u0219i al c\u0103su\u021belor cu porti\u021b\u0103 \u0219i ci\u0219mea. Prin articolele mele, m\u0103 str\u0103duiesc s\u0103 descriu cu acurate\u021be via\u021ba din Bucure\u0219ti pe ecranele cititorilor no\u0219tri \u0219i \u00eencerc totodat\u0103 s\u0103 fac accesibile subiecte de interes general tuturor, de la mic la mare.","url":"https:\/\/buletin.de\/bucuresti\/author\/alexandru-stan\/"}]}},"authors":[{"term_id":22577,"user_id":61,"is_guest":0,"slug":"alexandru-stan","display_name":"Alexandru Stan","avatar_url":"https:\/\/buletin.de\/bucuresti\/wp-content\/uploads\/2025\/12\/IMG-20251216-WA0045-e1766134343668-96x96.jpg","0":null,"1":"","2":"","3":"","4":"","5":"","6":"","7":"","8":""}],"_links":{"self":[{"href":"https:\/\/buletin.de\/bucuresti\/wp-json\/wp\/v2\/posts\/183911","targetHints":{"allow":["GET"]}}],"collection":[{"href":"https:\/\/buletin.de\/bucuresti\/wp-json\/wp\/v2\/posts"}],"about":[{"href":"https:\/\/buletin.de\/bucuresti\/wp-json\/wp\/v2\/types\/post"}],"author":[{"embeddable":true,"href":"https:\/\/buletin.de\/bucuresti\/wp-json\/wp\/v2\/users\/61"}],"replies":[{"embeddable":true,"href":"https:\/\/buletin.de\/bucuresti\/wp-json\/wp\/v2\/comments?post=183911"}],"version-history":[{"count":8,"href":"https:\/\/buletin.de\/bucuresti\/wp-json\/wp\/v2\/posts\/183911\/revisions"}],"predecessor-version":[{"id":184266,"href":"https:\/\/buletin.de\/bucuresti\/wp-json\/wp\/v2\/posts\/183911\/revisions\/184266"}],"wp:featuredmedia":[{"embeddable":true,"href":"https:\/\/buletin.de\/bucuresti\/wp-json\/wp\/v2\/media\/183912"}],"wp:attachment":[{"href":"https:\/\/buletin.de\/bucuresti\/wp-json\/wp\/v2\/media?parent=183911"}],"wp:term":[{"taxonomy":"category","embeddable":true,"href":"https:\/\/buletin.de\/bucuresti\/wp-json\/wp\/v2\/categories?post=183911"},{"taxonomy":"post_tag","embeddable":true,"href":"https:\/\/buletin.de\/bucuresti\/wp-json\/wp\/v2\/tags?post=183911"},{"taxonomy":"author","embeddable":true,"href":"https:\/\/buletin.de\/bucuresti\/wp-json\/wp\/v2\/ppma_author?post=183911"}],"curies":[{"name":"wp","href":"https:\/\/api.w.org\/{rel}","templated":true}]}}