{"id":183889,"date":"2026-04-04T04:00:00","date_gmt":"2026-04-04T02:00:00","guid":{"rendered":"https:\/\/buletin.de\/bucuresti\/?p=183889"},"modified":"2026-04-04T14:29:57","modified_gmt":"2026-04-04T12:29:57","slug":"expozitia-atelier-de-incondeiat-oua-geometria-lumii-nevazute-la-muzeul-national-al-taranului-roman","status":"publish","type":"post","link":"https:\/\/buletin.de\/bucuresti\/expozitia-atelier-de-incondeiat-oua-geometria-lumii-nevazute-la-muzeul-national-al-taranului-roman\/","title":{"rendered":"Expozi\u021bia-atelier de \u00eencondeiat ou\u0103 \u201eGeometria lumii nev\u0103zute\u201d la Muzeul Na\u021bional al \u021a\u0103ranului Rom\u00e2n"},"content":{"rendered":"\n<p><strong>\u201eGeometria lumii nev\u0103zute\u201d este expozi\u021bia-atelier de \u00eencondeiat ou\u0103, care va avea loc la Muzeul Na\u021bional al \u021a\u0103ranului Rom\u00e2n, pe 5 aprilie 2026,  \u00eentre orele 9:00\u201318:00.<\/strong><\/p>\n\n\n\n<p>Evenimentul se desf\u0103\u0219oar\u0103 la Sala Acvariu \u0219i este realizat de Centrul Cultural Expo Arte, \u00een parteneriat cu Muzeul Na\u021bional al \u021a\u0103ranului Rom\u00e2n \u0219i Asocia\u021bia Studen\u021bilor de la Universitatea de Arhitectur\u0103 \u0219i Urbanism \u201eIon Mincu\u201d,<\/p>\n\n\n\n<p>Expozi\u021bia-atelier de \u00eencondeiat ou\u0103, intitulat\u0103 <strong>\u201eGeometria lumii nev\u0103zute\u201d,<\/strong> este sus\u021binut\u0103 de me\u0219terul popular Liliana Olteanu-Bursuc. <\/p>\n\n\n\n<p><strong>CITE\u0218TE \u0218I:<\/strong> <a href=\"https:\/\/buletin.de\/bucuresti\/interviu-de-ce-a-fost-nevoie-de-o-lege-separata-pentru-uciderea-femeilor-victoria-stoiciu-tot-ce-tine-de-drepturile-femeilor-nu-reprezinta-o-prioritate-in-romania\/\"><strong>INTERVIU |&nbsp;De ce a fost nevoie de o lege separat\u0103 pentru uciderea femeilor. Victoria Stoiciu: Tot ce \u021bine de drepturile femeilor nu reprezint\u0103 o prioritate \u00een Rom\u00e2nia<\/strong><\/a><\/p>\n\n\n\n<h2 class=\"wp-block-heading\" id=\"h-expozi\u021bia-atelier-geometria-lumii-nevazute-la-targul-de-florii\">Expozi\u021bia-atelier Geometria lumii nev\u0103zute, la T\u00e2rgul de Florii<\/h2>\n\n\n\n<p>Evenimentul, organizat de Muzeul Na\u021bional al \u021a\u0103ranului Rom\u00e2n are loc \u00een cadrul T\u00e2rgului de Florii \u0219i propune un dialog \u00eentre tradi\u021bie \u0219i modernitate. Participan\u021bi vor putea intr\u0103 \u00een contact cu geometria sacr\u0103 \u0219i a elementelor invizibile care dau form\u0103 \u0219i sens spiritualit\u0103\u021bii poporului rom\u00e2n.<\/p>\n\n\n\n<p>Pe parcursul \u00eentregii zile, cei care vor trece pragul expozitiei vor putea invata tehnica \u00eencondeierii cu cear\u0103 \u00een cadrul atelierelor demonstrative sus\u021binute de Liliana Olteanu Bursuc, me\u0219ter popular din satul Gale\u0219, jude\u021bul Arge\u0219.<\/p>\n\n\n\n<p>La ateliere vor participa studen\u021bi de la Universitatea de Arhitectur\u0103 \u0219i Urbanism \u201eIon Mincu\u201d.<\/p>\n\n\n\n<h2 class=\"wp-block-heading\" id=\"h-tehnica-incondeierii-oualor\">Tehnica incondeierii ou\u0103lor<\/h2>\n\n\n\n<p><br>Motivele reg\u0103site pe ou\u0103le \u201emuncite\u201d sunt construite pe baza unor re\u021bele matematice, adaptate formei ovoidale, fiecare linie \u0219i punct reprezent\u00e2nd un cod.<\/p>\n\n\n\n<p>Participan\u021bii nu vor picta, \u00een cadrul atelierului, ci vor \u00eenv\u0103\u021ba tehnica tradi\u021bional\u0103 cu cear\u0103 pierdut\u0103, care func\u021bioneaz\u0103 similar unui proces de stratificare \u00een design. Participan\u021bii vor putea astfel s\u0103 transforme o simpl\u0103 coaj\u0103 de ou, \u00eentr-un obiect de microarhitectur\u0103 plin de semnifica\u021bii \u0219i s\u0103 g\u0103seasc\u0103 inspira\u021bie pentru concepte grafice noi.<\/p>\n\n\n\n<p><em><strong>\u201e<\/strong><\/em><strong><em>Atelierele sus\u021binute de me\u0219terul popular Liliana Olteanu-Bursuc reprezint\u0103 un prilej excelent de a \u00eenv\u0103\u021ba arta veche a \u00eencondeierii ou\u0103lor de Pa\u0219ti \u0219i de a descoperi c\u0103 fiecare ou \u00eencondeiat este un cod simbolic, o structur\u0103 spa\u021bial\u0103 de o complexitate remarcabil\u0103<\/em>.\u201d<\/strong><\/p>\n\n\n\n<p>Expozi\u021bia este curatoriat\u0103 de Dr. Ion Ti\u021ba-Nicolescu, cercet\u0103tor \u0219tiin\u021bific, la Muzeul Gole\u0219ti, Arge\u0219.<\/p>\n\n\n\n<p><strong>CITE\u0218TE \u0218I:<\/strong> <a href=\"https:\/\/buletin.de\/bucuresti\/vivaldi-rocks-editie-speciala-cu-orchestra-simfonica-bucuresti-la-sala-palatului\/\"><strong>Vivaldi Rocks, edi\u021bie special\u0103 cu Orchestra Simfonic\u0103 Bucure\u0219ti, la Sala Palatului<\/strong><\/a><\/p>\n","protected":false},"excerpt":{"rendered":"<p>\u201eGeometria lumii nev\u0103zute\u201d este expozi\u021bia-atelier de \u00eencondeiat ou\u0103, care va avea loc la Muzeul Na\u021bional al \u021a\u0103ranului Rom\u00e2n, pe 5 aprilie 2026, \u00eentre orele 9:00\u201318:00. Evenimentul se desf\u0103\u0219oar\u0103 la Sala Acvariu \u0219i este realizat de Centrul Cultural Expo Arte, \u00een parteneriat cu Muzeul Na\u021bional al \u021a\u0103ranului Rom\u00e2n \u0219i Asocia\u021bia Studen\u021bilor de la Universitatea de Arhitectur\u0103 [&hellip;]<\/p>\n","protected":false},"author":49,"featured_media":183901,"comment_status":"closed","ping_status":"open","sticky":false,"template":"","format":"standard","meta":{"_acf_changed":false,"inline_featured_image":false,"ngg_post_thumbnail":0,"footnotes":""},"categories":[6994,81,62],"tags":[27394,27395,27393,24681],"ppma_author":[22574],"class_list":["post-183889","post","type-post","status-publish","format-standard","has-post-thumbnail","hentry","category-stiri-2","category-cultura","category-stiri","tag-expo-arte","tag-geometria-lumii-nevazute","tag-incondeiat-oua","tag-muzeul-taranului"],"acf":[],"yoast_head":"<!-- This site is optimized with the Yoast SEO Premium plugin v25.3 (Yoast SEO v27.4) - https:\/\/yoast.com\/product\/yoast-seo-premium-wordpress\/ -->\n<title>Expozi\u021bia-atelier de \u00eencondeiat ou\u0103 \u201eGeometria lumii nev\u0103zute\u201d la Muzeul Na\u021bional al \u021a\u0103ranului Rom\u00e2n - Buletin de Bucure\u0219ti<\/title>\n<meta name=\"description\" content=\"\u201eGeometria lumii nev\u0103zute\u201d este expozi\u021bia-atelier de \u00eencondeiat ou\u0103, care va avea loc la Muzeul Na\u021bional al \u021a\u0103ranului Rom\u00e2n, pe aprilie 2026.\" \/>\n<meta name=\"robots\" content=\"index, follow, max-snippet:-1, max-image-preview:large, max-video-preview:-1\" \/>\n<link rel=\"canonical\" href=\"https:\/\/buletin.de\/bucuresti\/expozitia-atelier-de-incondeiat-oua-geometria-lumii-nevazute-la-muzeul-national-al-taranului-roman\/\" \/>\n<meta property=\"og:locale\" content=\"en_GB\" \/>\n<meta property=\"og:type\" content=\"article\" \/>\n<meta property=\"og:title\" content=\"Expozi\u021bia-atelier de \u00eencondeiat ou\u0103 \u201eGeometria lumii nev\u0103zute\u201d la Muzeul Na\u021bional al \u021a\u0103ranului Rom\u00e2n\" \/>\n<meta property=\"og:description\" content=\"\u201eGeometria lumii nev\u0103zute\u201d este expozi\u021bia-atelier de \u00eencondeiat ou\u0103, care va avea loc la Muzeul Na\u021bional al \u021a\u0103ranului Rom\u00e2n, pe aprilie 2026.\" \/>\n<meta property=\"og:url\" content=\"https:\/\/buletin.de\/bucuresti\/expozitia-atelier-de-incondeiat-oua-geometria-lumii-nevazute-la-muzeul-national-al-taranului-roman\/\" \/>\n<meta property=\"og:site_name\" content=\"Buletin de Bucure\u0219ti\" \/>\n<meta property=\"article:publisher\" content=\"https:\/\/www.facebook.com\/buletin.de.buc\" \/>\n<meta property=\"article:published_time\" content=\"2026-04-04T02:00:00+00:00\" \/>\n<meta property=\"article:modified_time\" content=\"2026-04-04T12:29:57+00:00\" \/>\n<meta property=\"og:image\" content=\"https:\/\/buletin.de\/bucuresti\/wp-content\/uploads\/2026\/03\/658402567_122255073728275104_3686327607873273142_n.jpg\" \/>\n\t<meta property=\"og:image:width\" content=\"2048\" \/>\n\t<meta property=\"og:image:height\" content=\"1536\" \/>\n\t<meta property=\"og:image:type\" content=\"image\/jpeg\" \/>\n<meta name=\"author\" content=\"Diana Matei\" \/>\n<meta name=\"twitter:card\" content=\"summary_large_image\" \/>\n<meta name=\"twitter:label1\" content=\"Written by\" \/>\n\t<meta name=\"twitter:data1\" content=\"Diana Matei\" \/>\n\t<meta name=\"twitter:label2\" content=\"Estimated reading time\" \/>\n\t<meta name=\"twitter:data2\" content=\"2 minutes\" \/>\n<script type=\"application\/ld+json\" class=\"yoast-schema-graph\">{\"@context\":\"https:\\\/\\\/schema.org\",\"@graph\":[{\"@type\":\"Article\",\"@id\":\"https:\\\/\\\/buletin.de\\\/bucuresti\\\/expozitia-atelier-de-incondeiat-oua-geometria-lumii-nevazute-la-muzeul-national-al-taranului-roman\\\/#article\",\"isPartOf\":{\"@id\":\"https:\\\/\\\/buletin.de\\\/bucuresti\\\/expozitia-atelier-de-incondeiat-oua-geometria-lumii-nevazute-la-muzeul-national-al-taranului-roman\\\/\"},\"author\":{\"name\":\"Diana Matei\",\"@id\":\"https:\\\/\\\/buletin.de\\\/bucuresti\\\/#\\\/schema\\\/person\\\/7e46040573290777280a0835d81ea4ea\"},\"headline\":\"Expozi\u021bia-atelier de \u00eencondeiat ou\u0103 \u201eGeometria lumii nev\u0103zute\u201d la Muzeul Na\u021bional al \u021a\u0103ranului Rom\u00e2n\",\"datePublished\":\"2026-04-04T02:00:00+00:00\",\"dateModified\":\"2026-04-04T12:29:57+00:00\",\"mainEntityOfPage\":{\"@id\":\"https:\\\/\\\/buletin.de\\\/bucuresti\\\/expozitia-atelier-de-incondeiat-oua-geometria-lumii-nevazute-la-muzeul-national-al-taranului-roman\\\/\"},\"wordCount\":414,\"publisher\":{\"@id\":\"https:\\\/\\\/buletin.de\\\/bucuresti\\\/#organization\"},\"image\":{\"@id\":\"https:\\\/\\\/buletin.de\\\/bucuresti\\\/expozitia-atelier-de-incondeiat-oua-geometria-lumii-nevazute-la-muzeul-national-al-taranului-roman\\\/#primaryimage\"},\"thumbnailUrl\":\"https:\\\/\\\/buletin.de\\\/bucuresti\\\/wp-content\\\/uploads\\\/2026\\\/03\\\/658402567_122255073728275104_3686327607873273142_n.jpg\",\"keywords\":[\"Expo Arte\",\"Geometria lumii nev\u0103zute\",\"incondeiat oua\",\"Muzeul Taranului\"],\"articleSection\":[\"Articole\",\"Cultur\u0103\",\"\u0218tiri\"],\"inLanguage\":\"en-GB\",\"copyrightYear\":\"2026\",\"copyrightHolder\":{\"@id\":\"https:\\\/\\\/buletin.de\\\/bucuresti\\\/#organization\"}},{\"@type\":\"WebPage\",\"@id\":\"https:\\\/\\\/buletin.de\\\/bucuresti\\\/expozitia-atelier-de-incondeiat-oua-geometria-lumii-nevazute-la-muzeul-national-al-taranului-roman\\\/\",\"url\":\"https:\\\/\\\/buletin.de\\\/bucuresti\\\/expozitia-atelier-de-incondeiat-oua-geometria-lumii-nevazute-la-muzeul-national-al-taranului-roman\\\/\",\"name\":\"Expozi\u021bia-atelier de \u00eencondeiat ou\u0103 \u201eGeometria lumii nev\u0103zute\u201d la Muzeul Na\u021bional al \u021a\u0103ranului Rom\u00e2n - Buletin de Bucure\u0219ti\",\"isPartOf\":{\"@id\":\"https:\\\/\\\/buletin.de\\\/bucuresti\\\/#website\"},\"primaryImageOfPage\":{\"@id\":\"https:\\\/\\\/buletin.de\\\/bucuresti\\\/expozitia-atelier-de-incondeiat-oua-geometria-lumii-nevazute-la-muzeul-national-al-taranului-roman\\\/#primaryimage\"},\"image\":{\"@id\":\"https:\\\/\\\/buletin.de\\\/bucuresti\\\/expozitia-atelier-de-incondeiat-oua-geometria-lumii-nevazute-la-muzeul-national-al-taranului-roman\\\/#primaryimage\"},\"thumbnailUrl\":\"https:\\\/\\\/buletin.de\\\/bucuresti\\\/wp-content\\\/uploads\\\/2026\\\/03\\\/658402567_122255073728275104_3686327607873273142_n.jpg\",\"datePublished\":\"2026-04-04T02:00:00+00:00\",\"dateModified\":\"2026-04-04T12:29:57+00:00\",\"description\":\"\u201eGeometria lumii nev\u0103zute\u201d este expozi\u021bia-atelier de \u00eencondeiat ou\u0103, care va avea loc la Muzeul Na\u021bional al \u021a\u0103ranului Rom\u00e2n, pe aprilie 2026.\",\"breadcrumb\":{\"@id\":\"https:\\\/\\\/buletin.de\\\/bucuresti\\\/expozitia-atelier-de-incondeiat-oua-geometria-lumii-nevazute-la-muzeul-national-al-taranului-roman\\\/#breadcrumb\"},\"inLanguage\":\"en-GB\",\"potentialAction\":[{\"@type\":\"ReadAction\",\"target\":[\"https:\\\/\\\/buletin.de\\\/bucuresti\\\/expozitia-atelier-de-incondeiat-oua-geometria-lumii-nevazute-la-muzeul-national-al-taranului-roman\\\/\"]}]},{\"@type\":\"ImageObject\",\"inLanguage\":\"en-GB\",\"@id\":\"https:\\\/\\\/buletin.de\\\/bucuresti\\\/expozitia-atelier-de-incondeiat-oua-geometria-lumii-nevazute-la-muzeul-national-al-taranului-roman\\\/#primaryimage\",\"url\":\"https:\\\/\\\/buletin.de\\\/bucuresti\\\/wp-content\\\/uploads\\\/2026\\\/03\\\/658402567_122255073728275104_3686327607873273142_n.jpg\",\"contentUrl\":\"https:\\\/\\\/buletin.de\\\/bucuresti\\\/wp-content\\\/uploads\\\/2026\\\/03\\\/658402567_122255073728275104_3686327607873273142_n.jpg\",\"width\":2048,\"height\":1536,\"caption\":\"Expozi\u021bia-atelier de \u00eencondeiat ou\u0103, la Muzeul Na\u021bional al \u021a\u0103ranului Rom\u00e2n. FOTO: Elena Iag\u0103r\\\/ Expo Arte\"},{\"@type\":\"BreadcrumbList\",\"@id\":\"https:\\\/\\\/buletin.de\\\/bucuresti\\\/expozitia-atelier-de-incondeiat-oua-geometria-lumii-nevazute-la-muzeul-national-al-taranului-roman\\\/#breadcrumb\",\"itemListElement\":[{\"@type\":\"ListItem\",\"position\":1,\"name\":\"Acas\u0103\",\"item\":\"https:\\\/\\\/buletin.de\\\/bucuresti\\\/\"},{\"@type\":\"ListItem\",\"position\":2,\"name\":\"Expozi\u021bia-atelier de \u00eencondeiat ou\u0103 \u201eGeometria lumii nev\u0103zute\u201d la Muzeul Na\u021bional al \u021a\u0103ranului Rom\u00e2n\"}]},{\"@type\":\"WebSite\",\"@id\":\"https:\\\/\\\/buletin.de\\\/bucuresti\\\/#website\",\"url\":\"https:\\\/\\\/buletin.de\\\/bucuresti\\\/\",\"name\":\"Buletin de Bucure\u0219ti\",\"description\":\"\u0218tiri \u0219i investiga\u021bii esen\u021biale din capital\u0103\",\"publisher\":{\"@id\":\"https:\\\/\\\/buletin.de\\\/bucuresti\\\/#organization\"},\"potentialAction\":[{\"@type\":\"SearchAction\",\"target\":{\"@type\":\"EntryPoint\",\"urlTemplate\":\"https:\\\/\\\/buletin.de\\\/bucuresti\\\/?s={search_term_string}\"},\"query-input\":{\"@type\":\"PropertyValueSpecification\",\"valueRequired\":true,\"valueName\":\"search_term_string\"}}],\"inLanguage\":\"en-GB\"},{\"@type\":\"Organization\",\"@id\":\"https:\\\/\\\/buletin.de\\\/bucuresti\\\/#organization\",\"name\":\"Buletin de Bucure\u0219ti\",\"url\":\"https:\\\/\\\/buletin.de\\\/bucuresti\\\/\",\"logo\":{\"@type\":\"ImageObject\",\"inLanguage\":\"en-GB\",\"@id\":\"https:\\\/\\\/buletin.de\\\/bucuresti\\\/#\\\/schema\\\/logo\\\/image\\\/\",\"url\":\"https:\\\/\\\/buletin.de\\\/bucuresti\\\/wp-content\\\/uploads\\\/logo-bdb-full-wide-vernil-transparent.png\",\"contentUrl\":\"https:\\\/\\\/buletin.de\\\/bucuresti\\\/wp-content\\\/uploads\\\/logo-bdb-full-wide-vernil-transparent.png\",\"width\":1782,\"height\":626,\"caption\":\"Buletin de Bucure\u0219ti\"},\"image\":{\"@id\":\"https:\\\/\\\/buletin.de\\\/bucuresti\\\/#\\\/schema\\\/logo\\\/image\\\/\"},\"sameAs\":[\"https:\\\/\\\/www.facebook.com\\\/buletin.de.buc\",\"https:\\\/\\\/www.instagram.com\\\/buletinde.bucuresti\\\/\"]},{\"@type\":\"Person\",\"@id\":\"https:\\\/\\\/buletin.de\\\/bucuresti\\\/#\\\/schema\\\/person\\\/7e46040573290777280a0835d81ea4ea\",\"name\":\"Diana Matei\",\"image\":{\"@type\":\"ImageObject\",\"inLanguage\":\"en-GB\",\"@id\":\"https:\\\/\\\/buletin.de\\\/bucuresti\\\/wp-content\\\/uploads\\\/9-2-96x96.jpg1e8590b30871d70e62ebcdaf2eff570c\",\"url\":\"https:\\\/\\\/buletin.de\\\/bucuresti\\\/wp-content\\\/uploads\\\/9-2-96x96.jpg\",\"contentUrl\":\"https:\\\/\\\/buletin.de\\\/bucuresti\\\/wp-content\\\/uploads\\\/9-2-96x96.jpg\",\"caption\":\"Diana Matei\"},\"url\":\"https:\\\/\\\/buletin.de\\\/bucuresti\\\/author\\\/dianamatei\\\/\"}]}<\/script>\n<!-- \/ Yoast SEO Premium plugin. -->","yoast_head_json":{"title":"Expozi\u021bia-atelier de \u00eencondeiat ou\u0103 \u201eGeometria lumii nev\u0103zute\u201d la Muzeul Na\u021bional al \u021a\u0103ranului Rom\u00e2n - Buletin de Bucure\u0219ti","description":"\u201eGeometria lumii nev\u0103zute\u201d este expozi\u021bia-atelier de \u00eencondeiat ou\u0103, care va avea loc la Muzeul Na\u021bional al \u021a\u0103ranului Rom\u00e2n, pe aprilie 2026.","robots":{"index":"index","follow":"follow","max-snippet":"max-snippet:-1","max-image-preview":"max-image-preview:large","max-video-preview":"max-video-preview:-1"},"canonical":"https:\/\/buletin.de\/bucuresti\/expozitia-atelier-de-incondeiat-oua-geometria-lumii-nevazute-la-muzeul-national-al-taranului-roman\/","og_locale":"en_GB","og_type":"article","og_title":"Expozi\u021bia-atelier de \u00eencondeiat ou\u0103 \u201eGeometria lumii nev\u0103zute\u201d la Muzeul Na\u021bional al \u021a\u0103ranului Rom\u00e2n","og_description":"\u201eGeometria lumii nev\u0103zute\u201d este expozi\u021bia-atelier de \u00eencondeiat ou\u0103, care va avea loc la Muzeul Na\u021bional al \u021a\u0103ranului Rom\u00e2n, pe aprilie 2026.","og_url":"https:\/\/buletin.de\/bucuresti\/expozitia-atelier-de-incondeiat-oua-geometria-lumii-nevazute-la-muzeul-national-al-taranului-roman\/","og_site_name":"Buletin de Bucure\u0219ti","article_publisher":"https:\/\/www.facebook.com\/buletin.de.buc","article_published_time":"2026-04-04T02:00:00+00:00","article_modified_time":"2026-04-04T12:29:57+00:00","og_image":[{"width":2048,"height":1536,"url":"https:\/\/buletin.de\/bucuresti\/wp-content\/uploads\/2026\/03\/658402567_122255073728275104_3686327607873273142_n.jpg","type":"image\/jpeg"}],"author":"Diana Matei","twitter_card":"summary_large_image","twitter_misc":{"Written by":"Diana Matei","Estimated reading time":"2 minutes"},"schema":{"@context":"https:\/\/schema.org","@graph":[{"@type":"Article","@id":"https:\/\/buletin.de\/bucuresti\/expozitia-atelier-de-incondeiat-oua-geometria-lumii-nevazute-la-muzeul-national-al-taranului-roman\/#article","isPartOf":{"@id":"https:\/\/buletin.de\/bucuresti\/expozitia-atelier-de-incondeiat-oua-geometria-lumii-nevazute-la-muzeul-national-al-taranului-roman\/"},"author":{"name":"Diana Matei","@id":"https:\/\/buletin.de\/bucuresti\/#\/schema\/person\/7e46040573290777280a0835d81ea4ea"},"headline":"Expozi\u021bia-atelier de \u00eencondeiat ou\u0103 \u201eGeometria lumii nev\u0103zute\u201d la Muzeul Na\u021bional al \u021a\u0103ranului Rom\u00e2n","datePublished":"2026-04-04T02:00:00+00:00","dateModified":"2026-04-04T12:29:57+00:00","mainEntityOfPage":{"@id":"https:\/\/buletin.de\/bucuresti\/expozitia-atelier-de-incondeiat-oua-geometria-lumii-nevazute-la-muzeul-national-al-taranului-roman\/"},"wordCount":414,"publisher":{"@id":"https:\/\/buletin.de\/bucuresti\/#organization"},"image":{"@id":"https:\/\/buletin.de\/bucuresti\/expozitia-atelier-de-incondeiat-oua-geometria-lumii-nevazute-la-muzeul-national-al-taranului-roman\/#primaryimage"},"thumbnailUrl":"https:\/\/buletin.de\/bucuresti\/wp-content\/uploads\/2026\/03\/658402567_122255073728275104_3686327607873273142_n.jpg","keywords":["Expo Arte","Geometria lumii nev\u0103zute","incondeiat oua","Muzeul Taranului"],"articleSection":["Articole","Cultur\u0103","\u0218tiri"],"inLanguage":"en-GB","copyrightYear":"2026","copyrightHolder":{"@id":"https:\/\/buletin.de\/bucuresti\/#organization"}},{"@type":"WebPage","@id":"https:\/\/buletin.de\/bucuresti\/expozitia-atelier-de-incondeiat-oua-geometria-lumii-nevazute-la-muzeul-national-al-taranului-roman\/","url":"https:\/\/buletin.de\/bucuresti\/expozitia-atelier-de-incondeiat-oua-geometria-lumii-nevazute-la-muzeul-national-al-taranului-roman\/","name":"Expozi\u021bia-atelier de \u00eencondeiat ou\u0103 \u201eGeometria lumii nev\u0103zute\u201d la Muzeul Na\u021bional al \u021a\u0103ranului Rom\u00e2n - Buletin de Bucure\u0219ti","isPartOf":{"@id":"https:\/\/buletin.de\/bucuresti\/#website"},"primaryImageOfPage":{"@id":"https:\/\/buletin.de\/bucuresti\/expozitia-atelier-de-incondeiat-oua-geometria-lumii-nevazute-la-muzeul-national-al-taranului-roman\/#primaryimage"},"image":{"@id":"https:\/\/buletin.de\/bucuresti\/expozitia-atelier-de-incondeiat-oua-geometria-lumii-nevazute-la-muzeul-national-al-taranului-roman\/#primaryimage"},"thumbnailUrl":"https:\/\/buletin.de\/bucuresti\/wp-content\/uploads\/2026\/03\/658402567_122255073728275104_3686327607873273142_n.jpg","datePublished":"2026-04-04T02:00:00+00:00","dateModified":"2026-04-04T12:29:57+00:00","description":"\u201eGeometria lumii nev\u0103zute\u201d este expozi\u021bia-atelier de \u00eencondeiat ou\u0103, care va avea loc la Muzeul Na\u021bional al \u021a\u0103ranului Rom\u00e2n, pe aprilie 2026.","breadcrumb":{"@id":"https:\/\/buletin.de\/bucuresti\/expozitia-atelier-de-incondeiat-oua-geometria-lumii-nevazute-la-muzeul-national-al-taranului-roman\/#breadcrumb"},"inLanguage":"en-GB","potentialAction":[{"@type":"ReadAction","target":["https:\/\/buletin.de\/bucuresti\/expozitia-atelier-de-incondeiat-oua-geometria-lumii-nevazute-la-muzeul-national-al-taranului-roman\/"]}]},{"@type":"ImageObject","inLanguage":"en-GB","@id":"https:\/\/buletin.de\/bucuresti\/expozitia-atelier-de-incondeiat-oua-geometria-lumii-nevazute-la-muzeul-national-al-taranului-roman\/#primaryimage","url":"https:\/\/buletin.de\/bucuresti\/wp-content\/uploads\/2026\/03\/658402567_122255073728275104_3686327607873273142_n.jpg","contentUrl":"https:\/\/buletin.de\/bucuresti\/wp-content\/uploads\/2026\/03\/658402567_122255073728275104_3686327607873273142_n.jpg","width":2048,"height":1536,"caption":"Expozi\u021bia-atelier de \u00eencondeiat ou\u0103, la Muzeul Na\u021bional al \u021a\u0103ranului Rom\u00e2n. FOTO: Elena Iag\u0103r\/ Expo Arte"},{"@type":"BreadcrumbList","@id":"https:\/\/buletin.de\/bucuresti\/expozitia-atelier-de-incondeiat-oua-geometria-lumii-nevazute-la-muzeul-national-al-taranului-roman\/#breadcrumb","itemListElement":[{"@type":"ListItem","position":1,"name":"Acas\u0103","item":"https:\/\/buletin.de\/bucuresti\/"},{"@type":"ListItem","position":2,"name":"Expozi\u021bia-atelier de \u00eencondeiat ou\u0103 \u201eGeometria lumii nev\u0103zute\u201d la Muzeul Na\u021bional al \u021a\u0103ranului Rom\u00e2n"}]},{"@type":"WebSite","@id":"https:\/\/buletin.de\/bucuresti\/#website","url":"https:\/\/buletin.de\/bucuresti\/","name":"Buletin de Bucure\u0219ti","description":"\u0218tiri \u0219i investiga\u021bii esen\u021biale din capital\u0103","publisher":{"@id":"https:\/\/buletin.de\/bucuresti\/#organization"},"potentialAction":[{"@type":"SearchAction","target":{"@type":"EntryPoint","urlTemplate":"https:\/\/buletin.de\/bucuresti\/?s={search_term_string}"},"query-input":{"@type":"PropertyValueSpecification","valueRequired":true,"valueName":"search_term_string"}}],"inLanguage":"en-GB"},{"@type":"Organization","@id":"https:\/\/buletin.de\/bucuresti\/#organization","name":"Buletin de Bucure\u0219ti","url":"https:\/\/buletin.de\/bucuresti\/","logo":{"@type":"ImageObject","inLanguage":"en-GB","@id":"https:\/\/buletin.de\/bucuresti\/#\/schema\/logo\/image\/","url":"https:\/\/buletin.de\/bucuresti\/wp-content\/uploads\/logo-bdb-full-wide-vernil-transparent.png","contentUrl":"https:\/\/buletin.de\/bucuresti\/wp-content\/uploads\/logo-bdb-full-wide-vernil-transparent.png","width":1782,"height":626,"caption":"Buletin de Bucure\u0219ti"},"image":{"@id":"https:\/\/buletin.de\/bucuresti\/#\/schema\/logo\/image\/"},"sameAs":["https:\/\/www.facebook.com\/buletin.de.buc","https:\/\/www.instagram.com\/buletinde.bucuresti\/"]},{"@type":"Person","@id":"https:\/\/buletin.de\/bucuresti\/#\/schema\/person\/7e46040573290777280a0835d81ea4ea","name":"Diana Matei","image":{"@type":"ImageObject","inLanguage":"en-GB","@id":"https:\/\/buletin.de\/bucuresti\/wp-content\/uploads\/9-2-96x96.jpg1e8590b30871d70e62ebcdaf2eff570c","url":"https:\/\/buletin.de\/bucuresti\/wp-content\/uploads\/9-2-96x96.jpg","contentUrl":"https:\/\/buletin.de\/bucuresti\/wp-content\/uploads\/9-2-96x96.jpg","caption":"Diana Matei"},"url":"https:\/\/buletin.de\/bucuresti\/author\/dianamatei\/"}]}},"authors":[{"term_id":22574,"user_id":49,"is_guest":0,"slug":"dianamatei","display_name":"Diana Matei","avatar_url":"https:\/\/buletin.de\/bucuresti\/wp-content\/uploads\/9-2-96x96.jpg","0":null,"1":"","2":"","3":"","4":"","5":"","6":"","7":"","8":""}],"_links":{"self":[{"href":"https:\/\/buletin.de\/bucuresti\/wp-json\/wp\/v2\/posts\/183889","targetHints":{"allow":["GET"]}}],"collection":[{"href":"https:\/\/buletin.de\/bucuresti\/wp-json\/wp\/v2\/posts"}],"about":[{"href":"https:\/\/buletin.de\/bucuresti\/wp-json\/wp\/v2\/types\/post"}],"author":[{"embeddable":true,"href":"https:\/\/buletin.de\/bucuresti\/wp-json\/wp\/v2\/users\/49"}],"replies":[{"embeddable":true,"href":"https:\/\/buletin.de\/bucuresti\/wp-json\/wp\/v2\/comments?post=183889"}],"version-history":[{"count":7,"href":"https:\/\/buletin.de\/bucuresti\/wp-json\/wp\/v2\/posts\/183889\/revisions"}],"predecessor-version":[{"id":185092,"href":"https:\/\/buletin.de\/bucuresti\/wp-json\/wp\/v2\/posts\/183889\/revisions\/185092"}],"wp:featuredmedia":[{"embeddable":true,"href":"https:\/\/buletin.de\/bucuresti\/wp-json\/wp\/v2\/media\/183901"}],"wp:attachment":[{"href":"https:\/\/buletin.de\/bucuresti\/wp-json\/wp\/v2\/media?parent=183889"}],"wp:term":[{"taxonomy":"category","embeddable":true,"href":"https:\/\/buletin.de\/bucuresti\/wp-json\/wp\/v2\/categories?post=183889"},{"taxonomy":"post_tag","embeddable":true,"href":"https:\/\/buletin.de\/bucuresti\/wp-json\/wp\/v2\/tags?post=183889"},{"taxonomy":"author","embeddable":true,"href":"https:\/\/buletin.de\/bucuresti\/wp-json\/wp\/v2\/ppma_author?post=183889"}],"curies":[{"name":"wp","href":"https:\/\/api.w.org\/{rel}","templated":true}]}}