{"id":183705,"date":"2026-04-04T04:12:00","date_gmt":"2026-04-04T02:12:00","guid":{"rendered":"https:\/\/buletin.de\/bucuresti\/?p=183705"},"modified":"2026-04-04T06:30:28","modified_gmt":"2026-04-04T04:30:28","slug":"reportaj-traieste-viitorul-astazi-cum-arata-cea-mai-noua-zona-naturala-protejata-gunoaie-defrisari-si-rechini-imobiliari","status":"publish","type":"post","link":"https:\/\/buletin.de\/bucuresti\/reportaj-traieste-viitorul-astazi-cum-arata-cea-mai-noua-zona-naturala-protejata-gunoaie-defrisari-si-rechini-imobiliari\/","title":{"rendered":"REPORTAJ | \u201eTr\u0103ie\u0219te viitorul, ast\u0103zi\u201d \u00een Paji\u0219tea \u201eRumegu\u0219\u201d. Cum arat\u0103 cea mai nou\u0103 zon\u0103 natural\u0103 protejat\u0103 a Capitalei"},"content":{"rendered":"\n<p><strong>Am ajuns din nou \u00een Paji\u0219tea Petricani \u00eentr-o dup\u0103-amiaz\u0103 care, \u00een mod normal, ar fi trebuit s\u0103 anun\u021be prim\u0103vara prin mirosul ei umed \u0219i vegetal \u0219i care trebuia s\u0103-mi aminteasc\u0103 de copil\u0103rie. \u00cen schimb, aerul era t\u0103iat de un miros de gunoi \u0219i rumegu\u0219, ca \u00eentr-un \u0219antier care se fere\u0219te s\u0103 spun\u0103 c\u0103 e \u0219antier.<\/strong><\/p>\n\n\n\n<p>Paji\u0219tea Petricani a devenit arie natural\u0103 protejat\u0103 \u00een iulie anul trecut \u0219i se afl\u0103 la un sfert de or\u0103 de mers pe jos de casa p\u0103rin\u021bilor mei. O distan\u021b\u0103 suficient de mic\u0103 \u00eenc\u00e2t s\u0103 nu par\u0103 niciodat\u0103 o excursie, \u00eens\u0103 locul era suficient de \u201enatural\u201d \u00eenc\u00e2t s\u0103-\u021bi dea impresia c\u0103 ai ajuns altundeva.<\/p>\n\n\n\n<p>La 13 ani \u201ecoboram\u201d aici f\u0103r\u0103 s\u0103 m\u0103 g\u00e2ndesc la defri\u0219\u0103ri, arii naturale protejate, proiecte imobiliare \u0219i autoriza\u021bii. Tot atunci intram \u00een lac f\u0103r\u0103 s\u0103 m\u0103 g\u00e2ndesc prea mult dac\u0103 aveam sau nu voie \u0219i tot atunci am dob\u00e2ndit o cicatrice pe piciorul drept pe care \u00eenc\u0103 o am \u0219i ast\u0103zi, dintr-o joac\u0103 mai intens\u0103 \u0219i o \u00eent\u00e2lnire prost calculat\u0103 cu o bucat\u0103 de tabl\u0103. Adic\u0103 am fost o victim\u0103 a gunoiului.<\/p>\n\n\n\n<p><strong><mark style=\"background-color:rgba(0, 0, 0, 0)\" class=\"has-inline-color has-vivid-red-color\">Pot s\u0103 spun, deci, c\u0103 Paji\u0219tea Petricani este parte din mine. Iar acum parc\u0103 m\u0103 doare ceva, din nou.<\/mark><\/strong><\/p>\n\n\n\n<figure class=\"wp-block-image size-full\"><a href=\"https:\/\/buletin.de\/bucuresti\/wp-content\/uploads\/2026\/03\/image00008-scaled.jpeg\"><img fetchpriority=\"high\" decoding=\"async\" width=\"2560\" height=\"1920\" src=\"data:image\/gif;base64,R0lGODlhAQABAAAAACH5BAEKAAEALAAAAAABAAEAAAICTAEAOw==\" data-src=\"https:\/\/buletin.de\/bucuresti\/wp-content\/uploads\/2026\/03\/image00008-scaled.jpeg\" alt=\"\" class=\"wp-image-183717 lazyload\" data-sizes=\"auto\" data-srcset=\"https:\/\/buletin.de\/bucuresti\/wp-content\/uploads\/2026\/03\/image00008-scaled.jpeg 2560w, https:\/\/buletin.de\/bucuresti\/wp-content\/uploads\/2026\/03\/image00008-300x225.jpeg 300w, https:\/\/buletin.de\/bucuresti\/wp-content\/uploads\/2026\/03\/image00008-1000x750.jpeg 1000w, https:\/\/buletin.de\/bucuresti\/wp-content\/uploads\/2026\/03\/image00008-768x576.jpeg 768w, https:\/\/buletin.de\/bucuresti\/wp-content\/uploads\/2026\/03\/image00008-1536x1152.jpeg 1536w, https:\/\/buletin.de\/bucuresti\/wp-content\/uploads\/2026\/03\/image00008-2048x1536.jpeg 2048w, https:\/\/buletin.de\/bucuresti\/wp-content\/uploads\/2026\/03\/image00008-1600x1200.jpeg 1600w, https:\/\/buletin.de\/bucuresti\/wp-content\/uploads\/2026\/03\/image00008-1100x825.jpeg 1100w, https:\/\/buletin.de\/bucuresti\/wp-content\/uploads\/2026\/03\/image00008-600x450.jpeg 600w, https:\/\/buletin.de\/bucuresti\/wp-content\/uploads\/2026\/03\/image00008-20x15.jpeg 20w\" sizes=\"(max-width: 2560px) 100vw, 2560px\" \/><\/a><\/figure>\n\n\n\n<p><strong>CITE\u0218TE \u0218I:<\/strong> <strong><a href=\"https:\/\/buletin.de\/bucuresti\/pajistea-petricani-arie-naturala\/\">Paji\u015ftea Petricani a devenit arie natural\u0103 protejat\u0103. Proiectul a fost aprobat de consilierii generali ai Capitalei<\/a><\/strong><\/p>\n\n\n\n<h2 class=\"wp-block-heading\" id=\"h-traie\u0219te-viitorul-astazi\"><strong>\u201eTr\u0103ie\u0219te viitorul, ast\u0103zi\u201d<\/strong><\/h2>\n\n\n\n<p>Ce e ciudat la locul \u0103sta e c\u0103 nu trebuie s\u0103 te mi\u0219ti prea mult ca s\u0103 vezi dou\u0103 lumi complet diferite. Din punctul de belvedere, dac\u0103 te ui\u021bi \u00een fa\u021b\u0103, ai lacul, roata din Parcul Tei, verdea\u021b\u0103, oameni care stau pe iarb\u0103 \u0219i c\u00e2ini care alearg\u0103 f\u0103r\u0103 s\u0103 \u0219tie c\u0103 sunt, tehnic, \u00eentr-o arie natural\u0103 protejat\u0103. E lini\u0219te, e un aer pl\u0103cut de balt\u0103, e ceva foarte atipic pentru ora\u0219ul nostru.<\/p>\n\n\n\n<p>Dac\u0103 te \u00eentorci cu 180 de grade, \u00eens\u0103, nu mai e nimic atipic, dai direct \u00een \u201eviitor\u201d. Blocuri mari, compacte, ridicate ca un zid.<\/p>\n\n\n\n<p>Pe unul dintre ele, un banner uria\u0219 spune, cu ironie involuntar\u0103: <em>\u201eTr\u0103ie\u0219te viitorul, ast\u0103zi\u201d<\/em>.<\/p>\n\n\n\n<figure class=\"wp-block-gallery has-nested-images columns-default is-cropped wp-block-gallery-1 is-layout-flex wp-block-gallery-is-layout-flex\">\n<figure class=\"wp-block-image size-full\"><a href=\"https:\/\/buletin.de\/bucuresti\/wp-content\/uploads\/2026\/03\/image00020-scaled.jpeg\"><img decoding=\"async\" width=\"2560\" height=\"1920\" data-id=\"183708\" src=\"data:image\/gif;base64,R0lGODlhAQABAAAAACH5BAEKAAEALAAAAAABAAEAAAICTAEAOw==\" data-src=\"https:\/\/buletin.de\/bucuresti\/wp-content\/uploads\/2026\/03\/image00020-scaled.jpeg\" alt=\"paji\u0219tea\" class=\"wp-image-183708 lazyload\" data-sizes=\"auto\" data-srcset=\"https:\/\/buletin.de\/bucuresti\/wp-content\/uploads\/2026\/03\/image00020-scaled.jpeg 2560w, https:\/\/buletin.de\/bucuresti\/wp-content\/uploads\/2026\/03\/image00020-300x225.jpeg 300w, https:\/\/buletin.de\/bucuresti\/wp-content\/uploads\/2026\/03\/image00020-1000x750.jpeg 1000w, https:\/\/buletin.de\/bucuresti\/wp-content\/uploads\/2026\/03\/image00020-768x576.jpeg 768w, https:\/\/buletin.de\/bucuresti\/wp-content\/uploads\/2026\/03\/image00020-1536x1152.jpeg 1536w, https:\/\/buletin.de\/bucuresti\/wp-content\/uploads\/2026\/03\/image00020-2048x1536.jpeg 2048w, https:\/\/buletin.de\/bucuresti\/wp-content\/uploads\/2026\/03\/image00020-1600x1200.jpeg 1600w, https:\/\/buletin.de\/bucuresti\/wp-content\/uploads\/2026\/03\/image00020-1100x825.jpeg 1100w, https:\/\/buletin.de\/bucuresti\/wp-content\/uploads\/2026\/03\/image00020-600x450.jpeg 600w, https:\/\/buletin.de\/bucuresti\/wp-content\/uploads\/2026\/03\/image00020-20x15.jpeg 20w\" sizes=\"(max-width: 2560px) 100vw, 2560px\" \/><\/a><\/figure>\n\n\n\n<figure class=\"wp-block-image size-full\"><a href=\"https:\/\/buletin.de\/bucuresti\/wp-content\/uploads\/2026\/03\/image00025-scaled.jpeg\"><img decoding=\"async\" width=\"2560\" height=\"1920\" data-id=\"183707\" src=\"data:image\/gif;base64,R0lGODlhAQABAAAAACH5BAEKAAEALAAAAAABAAEAAAICTAEAOw==\" data-src=\"https:\/\/buletin.de\/bucuresti\/wp-content\/uploads\/2026\/03\/image00025-scaled.jpeg\" alt=\"\" class=\"wp-image-183707 lazyload\" data-sizes=\"auto\" data-srcset=\"https:\/\/buletin.de\/bucuresti\/wp-content\/uploads\/2026\/03\/image00025-scaled.jpeg 2560w, https:\/\/buletin.de\/bucuresti\/wp-content\/uploads\/2026\/03\/image00025-300x225.jpeg 300w, https:\/\/buletin.de\/bucuresti\/wp-content\/uploads\/2026\/03\/image00025-1000x750.jpeg 1000w, https:\/\/buletin.de\/bucuresti\/wp-content\/uploads\/2026\/03\/image00025-768x576.jpeg 768w, https:\/\/buletin.de\/bucuresti\/wp-content\/uploads\/2026\/03\/image00025-1536x1152.jpeg 1536w, https:\/\/buletin.de\/bucuresti\/wp-content\/uploads\/2026\/03\/image00025-2048x1536.jpeg 2048w, https:\/\/buletin.de\/bucuresti\/wp-content\/uploads\/2026\/03\/image00025-1600x1200.jpeg 1600w, https:\/\/buletin.de\/bucuresti\/wp-content\/uploads\/2026\/03\/image00025-1100x825.jpeg 1100w, https:\/\/buletin.de\/bucuresti\/wp-content\/uploads\/2026\/03\/image00025-600x450.jpeg 600w, https:\/\/buletin.de\/bucuresti\/wp-content\/uploads\/2026\/03\/image00025-20x15.jpeg 20w\" sizes=\"(max-width: 2560px) 100vw, 2560px\" \/><\/a><\/figure>\n<figcaption class=\"blocks-gallery-caption wp-element-caption\">Punctul de belvedere, din fa\u021b\u0103 \u0219i din spate.<\/figcaption><\/figure>\n\n\n\n<p>Pe c\u00e2t pare de amuzant pe at\u00e2t e de sincer. Viitorul \u00een care e mai verde culoarea din bro\u0219ura de v\u00e2nzare \u0219i lacul e un pretext pentru apartamente mai scumpe.<\/p>\n\n\n\n<p>\u201eViitorul\u201d, \u00een Paji\u0219tea Petricani, arat\u0103 acum mai pu\u021bin a copil\u0103rie \u0219i mai mult a \u0219antier.<\/p>\n\n\n\n<p>Chiar l\u00e2ng\u0103 punctul de belvedere, acolo unde pensionarii vin s\u0103 bea un PET de bere \u0219i adolescen\u021bii vin s\u0103 chiuleasc\u0103 de la \u0219coal\u0103 (eu nu f\u0103ceam asta. C\u00e2nd chiuleam, preferam p\u0103durea din Voluntari), au ap\u0103rut acum urme de \u201edezvoltare\u201d. Copaci t\u0103ia\u021bi, p\u0103m\u00e2nt r\u0103scolit \u0219i g\u0103uri mai mari dec\u00e2t alea date de primari prin bugetele locale.<\/p>\n\n\n\n<p>Inclusiv foraje, semn c\u0103 urmeaz\u0103 ceva greu, \u0219i la propriu \u0219i la figurat.<\/p>\n\n\n\n<p>Toate astea au loc la limita ariei naturale protejate, pe un teren privat care a fost \u00een trecut pepinier\u0103 Romsilva.<\/p>\n\n\n\n<p>O parte din mizeria rezultat\u0103, adic\u0103 noroi, resturi, buc\u0103\u021bi de lemn aruncate peste tot, a trecut f\u0103r\u0103 discre\u021bie grani\u021ba invizibil\u0103 a ariei protejate \u0219i a ajuns direct \u00een Paji\u0219tea Petricani, printre b\u0103nci \u0219i oameni.&nbsp;<\/p>\n\n\n\n<figure class=\"wp-block-image size-full\"><a href=\"https:\/\/buletin.de\/bucuresti\/wp-content\/uploads\/2026\/03\/image00036-1-scaled.jpeg\"><img loading=\"lazy\" decoding=\"async\" width=\"2560\" height=\"1920\" src=\"data:image\/gif;base64,R0lGODlhAQABAAAAACH5BAEKAAEALAAAAAABAAEAAAICTAEAOw==\" data-src=\"https:\/\/buletin.de\/bucuresti\/wp-content\/uploads\/2026\/03\/image00036-1-scaled.jpeg\" alt=\"paji\u0219tea\" class=\"wp-image-183710 lazyload\" data-sizes=\"auto\" data-srcset=\"https:\/\/buletin.de\/bucuresti\/wp-content\/uploads\/2026\/03\/image00036-1-scaled.jpeg 2560w, https:\/\/buletin.de\/bucuresti\/wp-content\/uploads\/2026\/03\/image00036-1-300x225.jpeg 300w, https:\/\/buletin.de\/bucuresti\/wp-content\/uploads\/2026\/03\/image00036-1-1000x750.jpeg 1000w, https:\/\/buletin.de\/bucuresti\/wp-content\/uploads\/2026\/03\/image00036-1-768x576.jpeg 768w, https:\/\/buletin.de\/bucuresti\/wp-content\/uploads\/2026\/03\/image00036-1-1536x1152.jpeg 1536w, https:\/\/buletin.de\/bucuresti\/wp-content\/uploads\/2026\/03\/image00036-1-2048x1536.jpeg 2048w, https:\/\/buletin.de\/bucuresti\/wp-content\/uploads\/2026\/03\/image00036-1-1600x1200.jpeg 1600w, https:\/\/buletin.de\/bucuresti\/wp-content\/uploads\/2026\/03\/image00036-1-1100x825.jpeg 1100w, https:\/\/buletin.de\/bucuresti\/wp-content\/uploads\/2026\/03\/image00036-1-600x450.jpeg 600w, https:\/\/buletin.de\/bucuresti\/wp-content\/uploads\/2026\/03\/image00036-1-20x15.jpeg 20w\" sizes=\"(max-width: 2560px) 100vw, 2560px\" \/><\/a><figcaption class=\"wp-element-caption\">Cum arat\u0103 Paji\u0219tea Petricani<\/figcaption><\/figure>\n\n\n\n<p>La aproape un an de c\u00e2nd Paji\u0219tea Petricani e arie natural\u0103 protejat\u0103 de interes local, zona pare c\u0103 e \u201eprotejat\u0103\u201d doar de bunul-sim\u021b, \u00een sensul c\u0103 e complet ferit\u0103 de el.<\/p>\n\n\n\n<p>Oamenii stau pe b\u0103nci sub care se adun\u0103, la vedere, gr\u0103mezi de chi\u0219toace, pachete de \u021big\u0103ri aruncate, pahare de cafea, buc\u0103\u021bi de plastic \u0219i, la c\u00e2\u021biva pa\u0219i, vetre improvizate l\u0103sate \u00een urm\u0103.<\/p>\n\n\n\n<h2 class=\"wp-block-heading\" id=\"h-blocuri-de-25-de-etaje-care-privesc-peste-copacii-din-paji\u0219tea-petricani\"><strong>Blocuri de 25 de etaje care \u201eprivesc\u201d peste copacii din Paji\u0219tea Petricani<\/strong><\/h2>\n\n\n\n<figure class=\"wp-block-image size-full\"><a href=\"https:\/\/buletin.de\/bucuresti\/wp-content\/uploads\/2026\/03\/image00003-scaled.jpeg\"><img loading=\"lazy\" decoding=\"async\" width=\"2560\" height=\"1920\" src=\"data:image\/gif;base64,R0lGODlhAQABAAAAACH5BAEKAAEALAAAAAABAAEAAAICTAEAOw==\" data-src=\"https:\/\/buletin.de\/bucuresti\/wp-content\/uploads\/2026\/03\/image00003-scaled.jpeg\" alt=\"\u201eTr\u0103ie\u0219te viitorul, ast\u0103zi\u201d\" class=\"wp-image-183709 lazyload\" data-sizes=\"auto\" data-srcset=\"https:\/\/buletin.de\/bucuresti\/wp-content\/uploads\/2026\/03\/image00003-scaled.jpeg 2560w, https:\/\/buletin.de\/bucuresti\/wp-content\/uploads\/2026\/03\/image00003-300x225.jpeg 300w, https:\/\/buletin.de\/bucuresti\/wp-content\/uploads\/2026\/03\/image00003-1000x750.jpeg 1000w, https:\/\/buletin.de\/bucuresti\/wp-content\/uploads\/2026\/03\/image00003-768x576.jpeg 768w, https:\/\/buletin.de\/bucuresti\/wp-content\/uploads\/2026\/03\/image00003-1536x1152.jpeg 1536w, https:\/\/buletin.de\/bucuresti\/wp-content\/uploads\/2026\/03\/image00003-2048x1536.jpeg 2048w, https:\/\/buletin.de\/bucuresti\/wp-content\/uploads\/2026\/03\/image00003-1600x1200.jpeg 1600w, https:\/\/buletin.de\/bucuresti\/wp-content\/uploads\/2026\/03\/image00003-1100x825.jpeg 1100w, https:\/\/buletin.de\/bucuresti\/wp-content\/uploads\/2026\/03\/image00003-600x450.jpeg 600w, https:\/\/buletin.de\/bucuresti\/wp-content\/uploads\/2026\/03\/image00003-20x15.jpeg 20w\" sizes=\"(max-width: 2560px) 100vw, 2560px\" \/><\/a><figcaption class=\"wp-element-caption\">One High District<\/figcaption><\/figure>\n\n\n\n<p>Situa\u021bia a fost semnalat\u0103 ini\u021bial de Asocia\u021bia Parcul Natural Bucure\u0219ti (<a href=\"https:\/\/parculnaturalbucuresti.ro\/\">APNB<\/a>), ONG-ul care a militat pentru protejarea zonei. Reprezentan\u021bii au mers la fa\u021ba locului \u00eempreun\u0103 cu Poli\u021bia Local\u0103 \u0219i au constatat defri\u0219\u0103ri \u0219i foraje f\u0103cute chiar la limita ariei, cu de\u0219euri abandonate par\u021bial \u00een interiorul acesteia.<\/p>\n\n\n\n<p>Au cerut verificarea avizelor \u0219i a legalit\u0103\u021bii lucr\u0103rilor, amintind c\u0103 legea pentru protejarea spa\u021biilor verzi se aplic\u0103 indiferent de regimul de proprietate.<\/p>\n\n\n\n<p>Primarul Sectorului 2, Rare\u0219 Hopinc\u0103, a declarat pentru <a href=\"https:\/\/hotnews.ro\/un-dezvoltator-imobiliar-vrea-sa-construiasca-blocuri-de-pana-la-25-de-etaje-in-buza-pajistei-petricani-arie-protejata-copaci-taiati-si-foraje-facute-in-zona-2203806\">HotNews <\/a>c\u0103 terenul este proprietate privat\u0103 \u0219i c\u0103 nu exist\u0103 autoriza\u021bie pentru lucr\u0103rile respective. Poli\u021bia Local\u0103 a dat amenzi de 210.000 de lei pentru \u00eenc\u0103lcarea normelor de mediu.<\/p>\n\n\n\n<figure class=\"wp-block-image size-full\"><a href=\"https:\/\/buletin.de\/bucuresti\/wp-content\/uploads\/2026\/03\/image00012-scaled.jpeg\"><img loading=\"lazy\" decoding=\"async\" width=\"2560\" height=\"1920\" src=\"data:image\/gif;base64,R0lGODlhAQABAAAAACH5BAEKAAEALAAAAAABAAEAAAICTAEAOw==\" data-src=\"https:\/\/buletin.de\/bucuresti\/wp-content\/uploads\/2026\/03\/image00012-scaled.jpeg\" alt=\"paji\u0219tea\" class=\"wp-image-183712 lazyload\" data-sizes=\"auto\" data-srcset=\"https:\/\/buletin.de\/bucuresti\/wp-content\/uploads\/2026\/03\/image00012-scaled.jpeg 2560w, https:\/\/buletin.de\/bucuresti\/wp-content\/uploads\/2026\/03\/image00012-300x225.jpeg 300w, https:\/\/buletin.de\/bucuresti\/wp-content\/uploads\/2026\/03\/image00012-1000x750.jpeg 1000w, https:\/\/buletin.de\/bucuresti\/wp-content\/uploads\/2026\/03\/image00012-768x576.jpeg 768w, https:\/\/buletin.de\/bucuresti\/wp-content\/uploads\/2026\/03\/image00012-1536x1152.jpeg 1536w, https:\/\/buletin.de\/bucuresti\/wp-content\/uploads\/2026\/03\/image00012-2048x1536.jpeg 2048w, https:\/\/buletin.de\/bucuresti\/wp-content\/uploads\/2026\/03\/image00012-1600x1200.jpeg 1600w, https:\/\/buletin.de\/bucuresti\/wp-content\/uploads\/2026\/03\/image00012-1100x825.jpeg 1100w, https:\/\/buletin.de\/bucuresti\/wp-content\/uploads\/2026\/03\/image00012-600x450.jpeg 600w, https:\/\/buletin.de\/bucuresti\/wp-content\/uploads\/2026\/03\/image00012-20x15.jpeg 20w\" sizes=\"(max-width: 2560px) 100vw, 2560px\" \/><\/a><\/figure>\n\n\n\n<p><strong>\u00cen acela\u0219i timp, \u00eens\u0103, pentru acela\u0219i teren au fost eliberate certificate de urbanism care prev\u0103d construirea unui ansamblu de blocuri de p\u00e2n\u0103 la 25 de etaje.<\/strong><\/p>\n\n\n\n<p>Terenul este de\u021binut de Manochehr Saadati Sohi, Drago\u0219 Mihail Astratinei \u0219i Expo Frig SRL.<\/p>\n\n\n\n<h2 class=\"wp-block-heading\" id=\"h-a\u0219a-e-la-noi\"><strong>\u201eA\u0219a e la noi\u201d<\/strong><\/h2>\n\n\n\n<p>Pe l\u00e2ng\u0103 defri\u0219\u0103ri \u0219i gunoaie, Paji\u0219tea Petricani e frecventat\u0103 zilnic de zeci de oameni. Nu e de mirare, av\u00e2nd \u00een vedere c\u0103, odat\u0103 ajuns aici, dac\u0103 te concentrezi puternic doar pe ce e frumos, pare c\u0103 ai p\u0103\u0219it \u00eentr-o alt\u0103 lume. Iarb\u0103 verde, lacul oglindind cerul, copaci care rezist\u0103 triumf\u0103tori \u0219i c\u00e2ini care alearg\u0103 liberi de parc\u0103 ar avea \u0219i covrigi \u00een coad\u0103.<\/p>\n\n\n\n<figure class=\"wp-block-gallery has-nested-images columns-default is-cropped wp-block-gallery-2 is-layout-flex wp-block-gallery-is-layout-flex\">\n<figure class=\"wp-block-image size-full\"><a href=\"https:\/\/buletin.de\/bucuresti\/wp-content\/uploads\/2026\/03\/image00044-scaled.jpeg\"><img loading=\"lazy\" decoding=\"async\" width=\"2560\" height=\"1920\" data-id=\"183718\" src=\"data:image\/gif;base64,R0lGODlhAQABAAAAACH5BAEKAAEALAAAAAABAAEAAAICTAEAOw==\" data-src=\"https:\/\/buletin.de\/bucuresti\/wp-content\/uploads\/2026\/03\/image00044-scaled.jpeg\" alt=\"\" class=\"wp-image-183718 lazyload\" data-sizes=\"auto\" data-srcset=\"https:\/\/buletin.de\/bucuresti\/wp-content\/uploads\/2026\/03\/image00044-scaled.jpeg 2560w, https:\/\/buletin.de\/bucuresti\/wp-content\/uploads\/2026\/03\/image00044-300x225.jpeg 300w, https:\/\/buletin.de\/bucuresti\/wp-content\/uploads\/2026\/03\/image00044-1000x750.jpeg 1000w, https:\/\/buletin.de\/bucuresti\/wp-content\/uploads\/2026\/03\/image00044-768x576.jpeg 768w, https:\/\/buletin.de\/bucuresti\/wp-content\/uploads\/2026\/03\/image00044-1536x1152.jpeg 1536w, https:\/\/buletin.de\/bucuresti\/wp-content\/uploads\/2026\/03\/image00044-2048x1536.jpeg 2048w, https:\/\/buletin.de\/bucuresti\/wp-content\/uploads\/2026\/03\/image00044-1600x1200.jpeg 1600w, https:\/\/buletin.de\/bucuresti\/wp-content\/uploads\/2026\/03\/image00044-1100x825.jpeg 1100w, https:\/\/buletin.de\/bucuresti\/wp-content\/uploads\/2026\/03\/image00044-600x450.jpeg 600w, https:\/\/buletin.de\/bucuresti\/wp-content\/uploads\/2026\/03\/image00044-20x15.jpeg 20w\" sizes=\"(max-width: 2560px) 100vw, 2560px\" \/><\/a><\/figure>\n\n\n\n<figure class=\"wp-block-image size-full\"><a href=\"https:\/\/buletin.de\/bucuresti\/wp-content\/uploads\/2026\/03\/image00046-scaled.jpeg\"><img loading=\"lazy\" decoding=\"async\" width=\"2560\" height=\"1920\" data-id=\"183719\" src=\"data:image\/gif;base64,R0lGODlhAQABAAAAACH5BAEKAAEALAAAAAABAAEAAAICTAEAOw==\" data-src=\"https:\/\/buletin.de\/bucuresti\/wp-content\/uploads\/2026\/03\/image00046-scaled.jpeg\" alt=\"paji\u0219tea\" class=\"wp-image-183719 lazyload\" data-sizes=\"auto\" data-srcset=\"https:\/\/buletin.de\/bucuresti\/wp-content\/uploads\/2026\/03\/image00046-scaled.jpeg 2560w, https:\/\/buletin.de\/bucuresti\/wp-content\/uploads\/2026\/03\/image00046-300x225.jpeg 300w, https:\/\/buletin.de\/bucuresti\/wp-content\/uploads\/2026\/03\/image00046-1000x750.jpeg 1000w, https:\/\/buletin.de\/bucuresti\/wp-content\/uploads\/2026\/03\/image00046-768x576.jpeg 768w, https:\/\/buletin.de\/bucuresti\/wp-content\/uploads\/2026\/03\/image00046-1536x1152.jpeg 1536w, https:\/\/buletin.de\/bucuresti\/wp-content\/uploads\/2026\/03\/image00046-2048x1536.jpeg 2048w, https:\/\/buletin.de\/bucuresti\/wp-content\/uploads\/2026\/03\/image00046-1600x1200.jpeg 1600w, https:\/\/buletin.de\/bucuresti\/wp-content\/uploads\/2026\/03\/image00046-1100x825.jpeg 1100w, https:\/\/buletin.de\/bucuresti\/wp-content\/uploads\/2026\/03\/image00046-600x450.jpeg 600w, https:\/\/buletin.de\/bucuresti\/wp-content\/uploads\/2026\/03\/image00046-20x15.jpeg 20w\" sizes=\"(max-width: 2560px) 100vw, 2560px\" \/><\/a><\/figure>\n<\/figure>\n\n\n\n<p>Un pensionar care se odihnea pe banca din punctul de belvedere al\u0103turi de o sticl\u0103 de plastic ascuns\u0103 \u00eentr-o pung\u0103 s-a schimbat la fa\u021b\u0103 c\u00e2nd l-am \u00eentrebat de gunoaiele care au r\u0103s\u0103rit din loc \u00een loc \u00een paji\u0219te.<\/p>\n\n\n\n<p><em>\u201eDe copaci nu \u0219tiu, dar e incredibil c\u00e2t de nesim\u021bi\u021bi pot fi unii\u2026 vin aici copii, tineri, las\u0103 totul pe jos, pungi, arunc\u0103 chi\u0219toace pe jos. Uite ce e acolo\u201d<\/em>, a spus el indignat, \u00een timp ce ar\u0103ta cu degetul spre gunoiul de sub banca de al\u0103turi.<\/p>\n\n\n\n<p>A spus c\u0103 s-a resemnat deja cu situa\u021bia, c\u0103 nu se mai a\u0219teapt\u0103 ca oamenii s\u0103 aib\u0103 \u201ecei \u0219apte ani de acas\u0103\u201d.<\/p>\n\n\n\n<p><em>\u201eA\u0219a e la noi, totul se las\u0103 a\u0219a, \u0219i gata, mergem mai departe\u201d<\/em>.<\/p>\n\n\n\n<figure class=\"wp-block-gallery has-nested-images columns-default is-cropped wp-block-gallery-3 is-layout-flex wp-block-gallery-is-layout-flex\">\n<figure class=\"wp-block-image size-full\"><a href=\"https:\/\/buletin.de\/bucuresti\/wp-content\/uploads\/2026\/03\/image00040-scaled.jpeg\"><img loading=\"lazy\" decoding=\"async\" width=\"2560\" height=\"1920\" data-id=\"183715\" src=\"data:image\/gif;base64,R0lGODlhAQABAAAAACH5BAEKAAEALAAAAAABAAEAAAICTAEAOw==\" data-src=\"https:\/\/buletin.de\/bucuresti\/wp-content\/uploads\/2026\/03\/image00040-scaled.jpeg\" alt=\"\" class=\"wp-image-183715 lazyload\" data-sizes=\"auto\" data-srcset=\"https:\/\/buletin.de\/bucuresti\/wp-content\/uploads\/2026\/03\/image00040-scaled.jpeg 2560w, https:\/\/buletin.de\/bucuresti\/wp-content\/uploads\/2026\/03\/image00040-300x225.jpeg 300w, https:\/\/buletin.de\/bucuresti\/wp-content\/uploads\/2026\/03\/image00040-1000x750.jpeg 1000w, https:\/\/buletin.de\/bucuresti\/wp-content\/uploads\/2026\/03\/image00040-768x576.jpeg 768w, https:\/\/buletin.de\/bucuresti\/wp-content\/uploads\/2026\/03\/image00040-1536x1152.jpeg 1536w, https:\/\/buletin.de\/bucuresti\/wp-content\/uploads\/2026\/03\/image00040-2048x1536.jpeg 2048w, https:\/\/buletin.de\/bucuresti\/wp-content\/uploads\/2026\/03\/image00040-1600x1200.jpeg 1600w, https:\/\/buletin.de\/bucuresti\/wp-content\/uploads\/2026\/03\/image00040-1100x825.jpeg 1100w, https:\/\/buletin.de\/bucuresti\/wp-content\/uploads\/2026\/03\/image00040-600x450.jpeg 600w, https:\/\/buletin.de\/bucuresti\/wp-content\/uploads\/2026\/03\/image00040-20x15.jpeg 20w\" sizes=\"(max-width: 2560px) 100vw, 2560px\" \/><\/a><\/figure>\n\n\n\n<figure class=\"wp-block-image size-full\"><a href=\"https:\/\/buletin.de\/bucuresti\/wp-content\/uploads\/2026\/03\/image00043-scaled.jpeg\"><img loading=\"lazy\" decoding=\"async\" width=\"2560\" height=\"1920\" data-id=\"183713\" src=\"data:image\/gif;base64,R0lGODlhAQABAAAAACH5BAEKAAEALAAAAAABAAEAAAICTAEAOw==\" data-src=\"https:\/\/buletin.de\/bucuresti\/wp-content\/uploads\/2026\/03\/image00043-scaled.jpeg\" alt=\"\" class=\"wp-image-183713 lazyload\" data-sizes=\"auto\" data-srcset=\"https:\/\/buletin.de\/bucuresti\/wp-content\/uploads\/2026\/03\/image00043-scaled.jpeg 2560w, https:\/\/buletin.de\/bucuresti\/wp-content\/uploads\/2026\/03\/image00043-300x225.jpeg 300w, https:\/\/buletin.de\/bucuresti\/wp-content\/uploads\/2026\/03\/image00043-1000x750.jpeg 1000w, https:\/\/buletin.de\/bucuresti\/wp-content\/uploads\/2026\/03\/image00043-768x576.jpeg 768w, https:\/\/buletin.de\/bucuresti\/wp-content\/uploads\/2026\/03\/image00043-1536x1152.jpeg 1536w, https:\/\/buletin.de\/bucuresti\/wp-content\/uploads\/2026\/03\/image00043-2048x1536.jpeg 2048w, https:\/\/buletin.de\/bucuresti\/wp-content\/uploads\/2026\/03\/image00043-1600x1200.jpeg 1600w, https:\/\/buletin.de\/bucuresti\/wp-content\/uploads\/2026\/03\/image00043-1100x825.jpeg 1100w, https:\/\/buletin.de\/bucuresti\/wp-content\/uploads\/2026\/03\/image00043-600x450.jpeg 600w, https:\/\/buletin.de\/bucuresti\/wp-content\/uploads\/2026\/03\/image00043-20x15.jpeg 20w\" sizes=\"(max-width: 2560px) 100vw, 2560px\" \/><\/a><\/figure>\n\n\n\n<figure class=\"wp-block-image size-full\"><a href=\"https:\/\/buletin.de\/bucuresti\/wp-content\/uploads\/2026\/03\/image00014-scaled.jpeg\"><img loading=\"lazy\" decoding=\"async\" width=\"2560\" height=\"1920\" data-id=\"183716\" src=\"data:image\/gif;base64,R0lGODlhAQABAAAAACH5BAEKAAEALAAAAAABAAEAAAICTAEAOw==\" data-src=\"https:\/\/buletin.de\/bucuresti\/wp-content\/uploads\/2026\/03\/image00014-scaled.jpeg\" alt=\"\" class=\"wp-image-183716 lazyload\" data-sizes=\"auto\" data-srcset=\"https:\/\/buletin.de\/bucuresti\/wp-content\/uploads\/2026\/03\/image00014-scaled.jpeg 2560w, https:\/\/buletin.de\/bucuresti\/wp-content\/uploads\/2026\/03\/image00014-300x225.jpeg 300w, https:\/\/buletin.de\/bucuresti\/wp-content\/uploads\/2026\/03\/image00014-1000x750.jpeg 1000w, https:\/\/buletin.de\/bucuresti\/wp-content\/uploads\/2026\/03\/image00014-768x576.jpeg 768w, https:\/\/buletin.de\/bucuresti\/wp-content\/uploads\/2026\/03\/image00014-1536x1152.jpeg 1536w, https:\/\/buletin.de\/bucuresti\/wp-content\/uploads\/2026\/03\/image00014-2048x1536.jpeg 2048w, https:\/\/buletin.de\/bucuresti\/wp-content\/uploads\/2026\/03\/image00014-1600x1200.jpeg 1600w, https:\/\/buletin.de\/bucuresti\/wp-content\/uploads\/2026\/03\/image00014-1100x825.jpeg 1100w, https:\/\/buletin.de\/bucuresti\/wp-content\/uploads\/2026\/03\/image00014-600x450.jpeg 600w, https:\/\/buletin.de\/bucuresti\/wp-content\/uploads\/2026\/03\/image00014-20x15.jpeg 20w\" sizes=\"(max-width: 2560px) 100vw, 2560px\" \/><\/a><\/figure>\n\n\n\n<figure class=\"wp-block-image size-full\"><a href=\"https:\/\/buletin.de\/bucuresti\/wp-content\/uploads\/2026\/03\/image00007-scaled.jpeg\"><img loading=\"lazy\" decoding=\"async\" width=\"2560\" height=\"1920\" data-id=\"183714\" src=\"data:image\/gif;base64,R0lGODlhAQABAAAAACH5BAEKAAEALAAAAAABAAEAAAICTAEAOw==\" data-src=\"https:\/\/buletin.de\/bucuresti\/wp-content\/uploads\/2026\/03\/image00007-scaled.jpeg\" alt=\"paji\u0219tea\" class=\"wp-image-183714 lazyload\" data-sizes=\"auto\" data-srcset=\"https:\/\/buletin.de\/bucuresti\/wp-content\/uploads\/2026\/03\/image00007-scaled.jpeg 2560w, https:\/\/buletin.de\/bucuresti\/wp-content\/uploads\/2026\/03\/image00007-300x225.jpeg 300w, https:\/\/buletin.de\/bucuresti\/wp-content\/uploads\/2026\/03\/image00007-1000x750.jpeg 1000w, https:\/\/buletin.de\/bucuresti\/wp-content\/uploads\/2026\/03\/image00007-768x576.jpeg 768w, https:\/\/buletin.de\/bucuresti\/wp-content\/uploads\/2026\/03\/image00007-1536x1152.jpeg 1536w, https:\/\/buletin.de\/bucuresti\/wp-content\/uploads\/2026\/03\/image00007-2048x1536.jpeg 2048w, https:\/\/buletin.de\/bucuresti\/wp-content\/uploads\/2026\/03\/image00007-1600x1200.jpeg 1600w, https:\/\/buletin.de\/bucuresti\/wp-content\/uploads\/2026\/03\/image00007-1100x825.jpeg 1100w, https:\/\/buletin.de\/bucuresti\/wp-content\/uploads\/2026\/03\/image00007-600x450.jpeg 600w, https:\/\/buletin.de\/bucuresti\/wp-content\/uploads\/2026\/03\/image00007-20x15.jpeg 20w\" sizes=\"(max-width: 2560px) 100vw, 2560px\" \/><\/a><\/figure>\n<\/figure>\n\n\n\n<p>La c\u00e2\u021biva metri, un biciclist care s-a oprit pentru un scurt moment de respira\u021bie dup\u0103 ce a urcat p\u00e2n\u0103 la punctul de belvedere, a comentat la r\u00e2ndul s\u0103u \u201edispari\u021bia\u201d copacilor. A spus c\u0103 spa\u021biile verzi dispar sub ochii no\u0219tri \u0219i ai celor care ar trebui s\u0103 le protejeze.<\/p>\n\n\n\n<p><em>\u201eSunt at\u00e2tea locuri \u00een ora\u0219 \u00een care s-ar putea construi\u2026 \u0219i totu\u0219i se alege s\u0103 se distrug\u0103 un spa\u021biu verde. \u0218i chiar de l\u00e2ng\u0103 o zon\u0103 protejat\u0103. Nu vreau s\u0103-mi imaginez ce va fi dac\u0103 se va deschide vreun \u0219antier pentru blocuri. Parc\u0103 o fac a\u0219a, u\u0219or-u\u0219or, p\u00e2n\u0103 dispar to\u021bi copacii, cum au f\u0103cut cu IOR-ul\u201d<\/em>, a spus el.<\/p>\n\n\n\n<p>Am cobor\u00e2t apoi din punctul de belvedere pe aceea\u0219i potec\u0103 pe care o \u0219tiu de ani de zile, doar c\u0103 pare pu\u021bin mai aranjat\u0103 acum. Locul \u00eenc\u0103 arat\u0103 de parc\u0103 ora\u0219ul ar fi foarte departe. Doar c\u0103 nu e deloc departe, e chiar peste drum \u0219i chiar merit\u0103 o plimbare prin el. Poate cu bicicleta, cu c\u00e2inele, sau poate la str\u00e2ns gunoaie cu prietenii sau la urm\u0103rit drujbari, a\u0219a cum f\u0103ceau grupurile civice din IOR atunci c\u00e2nd \u00eenc\u0103 mai existau copaci acolo.<\/p>\n\n\n\n<p>A\u0219a arat\u0103 \u201eviitorul, ast\u0103zi\u201d \u00een Paji\u0219tea Petricani. \u00cen cur\u00e2nd poate vom avea rand\u0103rile noului \u201eOne Paji\u0219te District\u201d sau Paji\u0219tea \u201eRumegu\u0219\u201d.<\/p>\n\n\n\n<p><strong>CITE\u0218TE \u0218I:<\/strong> <strong><a href=\"https:\/\/buletin.de\/bucuresti\/specii-rare-si-o-noua-arie-protejata-ce-a-adus-2025-pentru-fauna-bucurestiului\/\">Specii rare \u0219i o nou\u0103 arie protejat\u0103: ce a adus 2025 pentru fauna Bucure\u0219tiului<\/a><\/strong><\/p>\n","protected":false},"excerpt":{"rendered":"<p>Am ajuns din nou \u00een Paji\u0219tea Petricani \u00eentr-o dup\u0103-amiaz\u0103 care, \u00een mod normal, ar fi trebuit s\u0103 anun\u021be prim\u0103vara prin mirosul ei umed \u0219i vegetal \u0219i care trebuia s\u0103-mi aminteasc\u0103 de copil\u0103rie. \u00cen schimb, aerul era t\u0103iat de un miros de gunoi \u0219i rumegu\u0219, ca \u00eentr-un \u0219antier care se fere\u0219te s\u0103 spun\u0103 c\u0103 e \u0219antier. [&hellip;]<\/p>\n","protected":false},"author":59,"featured_media":183721,"comment_status":"closed","ping_status":"open","sticky":false,"template":"","format":"standard","meta":{"_acf_changed":false,"inline_featured_image":false,"ngg_post_thumbnail":0,"footnotes":""},"categories":[6994,5762,109,169],"tags":[9,2054,9536],"ppma_author":[22572],"class_list":["post-183705","post","type-post","status-publish","format-standard","has-post-thumbnail","hentry","category-stiri-2","category-main","category-mediu","category-reportaj","tag-bucuresti","tag-capitala","tag-pajistea-petricani"],"acf":[],"yoast_head":"<!-- This site is optimized with the Yoast SEO Premium plugin v25.3 (Yoast SEO v27.5) - https:\/\/yoast.com\/product\/yoast-seo-premium-wordpress\/ -->\n<title>REPORTAJ | \u201eTr\u0103ie\u0219te viitorul, ast\u0103zi\u201d \u00een Paji\u0219tea \u201eRumegu\u0219\u201d. Cum arat\u0103 cea mai nou\u0103 zon\u0103 natural\u0103 protejat\u0103 a Capitalei - Buletin de Bucure\u0219ti<\/title>\n<meta name=\"description\" content=\"REPORTAJ | \u201eTr\u0103ie\u0219te viitorul, ast\u0103zi\u201d. Cum arat\u0103 cea mai nou\u0103 zon\u0103 natural\u0103 protejat\u0103: gunoaie, defri\u0219\u0103ri \u0219i rechini imobiliari\" \/>\n<meta name=\"robots\" content=\"index, follow, max-snippet:-1, max-image-preview:large, max-video-preview:-1\" \/>\n<link rel=\"canonical\" href=\"https:\/\/buletin.de\/bucuresti\/reportaj-traieste-viitorul-astazi-cum-arata-cea-mai-noua-zona-naturala-protejata-gunoaie-defrisari-si-rechini-imobiliari\/\" \/>\n<meta property=\"og:locale\" content=\"en_GB\" \/>\n<meta property=\"og:type\" content=\"article\" \/>\n<meta property=\"og:title\" content=\"REPORTAJ | \u201eTr\u0103ie\u0219te viitorul, ast\u0103zi\u201d \u00een Paji\u0219tea \u201eRumegu\u0219\u201d. Cum arat\u0103 cea mai nou\u0103 zon\u0103 natural\u0103 protejat\u0103 a Capitalei\" \/>\n<meta property=\"og:description\" content=\"REPORTAJ | \u201eTr\u0103ie\u0219te viitorul, ast\u0103zi\u201d. Cum arat\u0103 cea mai nou\u0103 zon\u0103 natural\u0103 protejat\u0103: gunoaie, defri\u0219\u0103ri \u0219i rechini imobiliari\" \/>\n<meta property=\"og:url\" content=\"https:\/\/buletin.de\/bucuresti\/reportaj-traieste-viitorul-astazi-cum-arata-cea-mai-noua-zona-naturala-protejata-gunoaie-defrisari-si-rechini-imobiliari\/\" \/>\n<meta property=\"og:site_name\" content=\"Buletin de Bucure\u0219ti\" \/>\n<meta property=\"article:publisher\" content=\"https:\/\/www.facebook.com\/buletin.de.buc\" \/>\n<meta property=\"article:published_time\" content=\"2026-04-04T02:12:00+00:00\" \/>\n<meta property=\"article:modified_time\" content=\"2026-04-04T04:30:28+00:00\" \/>\n<meta property=\"og:image\" content=\"https:\/\/buletin.de\/bucuresti\/wp-content\/uploads\/2026\/03\/image00021-scaled.jpeg\" \/>\n\t<meta property=\"og:image:width\" content=\"2560\" \/>\n\t<meta property=\"og:image:height\" content=\"1920\" \/>\n\t<meta property=\"og:image:type\" content=\"image\/jpeg\" \/>\n<meta name=\"author\" content=\"C\u0103t\u0103lin Anghel-Dimache\" \/>\n<meta name=\"twitter:card\" content=\"summary_large_image\" \/>\n<meta name=\"twitter:label1\" content=\"Written by\" \/>\n\t<meta name=\"twitter:data1\" content=\"C\u0103t\u0103lin Anghel-Dimache\" \/>\n\t<meta name=\"twitter:label2\" content=\"Estimated reading time\" \/>\n\t<meta name=\"twitter:data2\" content=\"8 minutes\" \/>\n<script type=\"application\/ld+json\" class=\"yoast-schema-graph\">{\"@context\":\"https:\\\/\\\/schema.org\",\"@graph\":[{\"@type\":\"Article\",\"@id\":\"https:\\\/\\\/buletin.de\\\/bucuresti\\\/reportaj-traieste-viitorul-astazi-cum-arata-cea-mai-noua-zona-naturala-protejata-gunoaie-defrisari-si-rechini-imobiliari\\\/#article\",\"isPartOf\":{\"@id\":\"https:\\\/\\\/buletin.de\\\/bucuresti\\\/reportaj-traieste-viitorul-astazi-cum-arata-cea-mai-noua-zona-naturala-protejata-gunoaie-defrisari-si-rechini-imobiliari\\\/\"},\"author\":{\"name\":\"C\u0103t\u0103lin Anghel-Dimache\",\"@id\":\"https:\\\/\\\/buletin.de\\\/bucuresti\\\/#\\\/schema\\\/person\\\/0ac9db30080482be87c7386a30f98796\"},\"headline\":\"REPORTAJ | \u201eTr\u0103ie\u0219te viitorul, ast\u0103zi\u201d \u00een Paji\u0219tea \u201eRumegu\u0219\u201d. Cum arat\u0103 cea mai nou\u0103 zon\u0103 natural\u0103 protejat\u0103 a Capitalei\",\"datePublished\":\"2026-04-04T02:12:00+00:00\",\"dateModified\":\"2026-04-04T04:30:28+00:00\",\"mainEntityOfPage\":{\"@id\":\"https:\\\/\\\/buletin.de\\\/bucuresti\\\/reportaj-traieste-viitorul-astazi-cum-arata-cea-mai-noua-zona-naturala-protejata-gunoaie-defrisari-si-rechini-imobiliari\\\/\"},\"wordCount\":1320,\"publisher\":{\"@id\":\"https:\\\/\\\/buletin.de\\\/bucuresti\\\/#organization\"},\"image\":{\"@id\":\"https:\\\/\\\/buletin.de\\\/bucuresti\\\/reportaj-traieste-viitorul-astazi-cum-arata-cea-mai-noua-zona-naturala-protejata-gunoaie-defrisari-si-rechini-imobiliari\\\/#primaryimage\"},\"thumbnailUrl\":\"https:\\\/\\\/buletin.de\\\/bucuresti\\\/wp-content\\\/uploads\\\/2026\\\/03\\\/image00021-scaled.jpeg\",\"keywords\":[\"bucuresti\",\"Capitala\",\"pajistea petricani\"],\"articleSection\":[\"Articole\",\"Main\",\"Mediu\",\"Reportaj\"],\"inLanguage\":\"en-GB\",\"copyrightYear\":\"2026\",\"copyrightHolder\":{\"@id\":\"https:\\\/\\\/buletin.de\\\/bucuresti\\\/#organization\"}},{\"@type\":\"WebPage\",\"@id\":\"https:\\\/\\\/buletin.de\\\/bucuresti\\\/reportaj-traieste-viitorul-astazi-cum-arata-cea-mai-noua-zona-naturala-protejata-gunoaie-defrisari-si-rechini-imobiliari\\\/\",\"url\":\"https:\\\/\\\/buletin.de\\\/bucuresti\\\/reportaj-traieste-viitorul-astazi-cum-arata-cea-mai-noua-zona-naturala-protejata-gunoaie-defrisari-si-rechini-imobiliari\\\/\",\"name\":\"REPORTAJ | \u201eTr\u0103ie\u0219te viitorul, ast\u0103zi\u201d \u00een Paji\u0219tea \u201eRumegu\u0219\u201d. Cum arat\u0103 cea mai nou\u0103 zon\u0103 natural\u0103 protejat\u0103 a Capitalei - Buletin de Bucure\u0219ti\",\"isPartOf\":{\"@id\":\"https:\\\/\\\/buletin.de\\\/bucuresti\\\/#website\"},\"primaryImageOfPage\":{\"@id\":\"https:\\\/\\\/buletin.de\\\/bucuresti\\\/reportaj-traieste-viitorul-astazi-cum-arata-cea-mai-noua-zona-naturala-protejata-gunoaie-defrisari-si-rechini-imobiliari\\\/#primaryimage\"},\"image\":{\"@id\":\"https:\\\/\\\/buletin.de\\\/bucuresti\\\/reportaj-traieste-viitorul-astazi-cum-arata-cea-mai-noua-zona-naturala-protejata-gunoaie-defrisari-si-rechini-imobiliari\\\/#primaryimage\"},\"thumbnailUrl\":\"https:\\\/\\\/buletin.de\\\/bucuresti\\\/wp-content\\\/uploads\\\/2026\\\/03\\\/image00021-scaled.jpeg\",\"datePublished\":\"2026-04-04T02:12:00+00:00\",\"dateModified\":\"2026-04-04T04:30:28+00:00\",\"description\":\"REPORTAJ | \u201eTr\u0103ie\u0219te viitorul, ast\u0103zi\u201d. Cum arat\u0103 cea mai nou\u0103 zon\u0103 natural\u0103 protejat\u0103: gunoaie, defri\u0219\u0103ri \u0219i rechini imobiliari\",\"breadcrumb\":{\"@id\":\"https:\\\/\\\/buletin.de\\\/bucuresti\\\/reportaj-traieste-viitorul-astazi-cum-arata-cea-mai-noua-zona-naturala-protejata-gunoaie-defrisari-si-rechini-imobiliari\\\/#breadcrumb\"},\"inLanguage\":\"en-GB\",\"potentialAction\":[{\"@type\":\"ReadAction\",\"target\":[\"https:\\\/\\\/buletin.de\\\/bucuresti\\\/reportaj-traieste-viitorul-astazi-cum-arata-cea-mai-noua-zona-naturala-protejata-gunoaie-defrisari-si-rechini-imobiliari\\\/\"]}]},{\"@type\":\"ImageObject\",\"inLanguage\":\"en-GB\",\"@id\":\"https:\\\/\\\/buletin.de\\\/bucuresti\\\/reportaj-traieste-viitorul-astazi-cum-arata-cea-mai-noua-zona-naturala-protejata-gunoaie-defrisari-si-rechini-imobiliari\\\/#primaryimage\",\"url\":\"https:\\\/\\\/buletin.de\\\/bucuresti\\\/wp-content\\\/uploads\\\/2026\\\/03\\\/image00021-scaled.jpeg\",\"contentUrl\":\"https:\\\/\\\/buletin.de\\\/bucuresti\\\/wp-content\\\/uploads\\\/2026\\\/03\\\/image00021-scaled.jpeg\",\"width\":2560,\"height\":1920,\"caption\":\"\u201eTr\u0103ie\u0219te viitorul, ast\u0103zi\u201d. Cum arat\u0103 cea mai nou\u0103 zon\u0103 natural\u0103 protejat\u0103. Foto: C\u0103t\u0103lin Anghel-Dimache \\\/ BdB\"},{\"@type\":\"BreadcrumbList\",\"@id\":\"https:\\\/\\\/buletin.de\\\/bucuresti\\\/reportaj-traieste-viitorul-astazi-cum-arata-cea-mai-noua-zona-naturala-protejata-gunoaie-defrisari-si-rechini-imobiliari\\\/#breadcrumb\",\"itemListElement\":[{\"@type\":\"ListItem\",\"position\":1,\"name\":\"Acas\u0103\",\"item\":\"https:\\\/\\\/buletin.de\\\/bucuresti\\\/\"},{\"@type\":\"ListItem\",\"position\":2,\"name\":\"REPORTAJ | \u201eTr\u0103ie\u0219te viitorul, ast\u0103zi\u201d \u00een Paji\u0219tea \u201eRumegu\u0219\u201d. Cum arat\u0103 cea mai nou\u0103 zon\u0103 natural\u0103 protejat\u0103 a Capitalei\"}]},{\"@type\":\"WebSite\",\"@id\":\"https:\\\/\\\/buletin.de\\\/bucuresti\\\/#website\",\"url\":\"https:\\\/\\\/buletin.de\\\/bucuresti\\\/\",\"name\":\"Buletin de Bucure\u0219ti\",\"description\":\"\u0218tiri \u0219i investiga\u021bii esen\u021biale din capital\u0103\",\"publisher\":{\"@id\":\"https:\\\/\\\/buletin.de\\\/bucuresti\\\/#organization\"},\"potentialAction\":[{\"@type\":\"SearchAction\",\"target\":{\"@type\":\"EntryPoint\",\"urlTemplate\":\"https:\\\/\\\/buletin.de\\\/bucuresti\\\/?s={search_term_string}\"},\"query-input\":{\"@type\":\"PropertyValueSpecification\",\"valueRequired\":true,\"valueName\":\"search_term_string\"}}],\"inLanguage\":\"en-GB\"},{\"@type\":\"Organization\",\"@id\":\"https:\\\/\\\/buletin.de\\\/bucuresti\\\/#organization\",\"name\":\"Buletin de Bucure\u0219ti\",\"url\":\"https:\\\/\\\/buletin.de\\\/bucuresti\\\/\",\"logo\":{\"@type\":\"ImageObject\",\"inLanguage\":\"en-GB\",\"@id\":\"https:\\\/\\\/buletin.de\\\/bucuresti\\\/#\\\/schema\\\/logo\\\/image\\\/\",\"url\":\"https:\\\/\\\/buletin.de\\\/bucuresti\\\/wp-content\\\/uploads\\\/logo-bdb-full-wide-vernil-transparent.png\",\"contentUrl\":\"https:\\\/\\\/buletin.de\\\/bucuresti\\\/wp-content\\\/uploads\\\/logo-bdb-full-wide-vernil-transparent.png\",\"width\":1782,\"height\":626,\"caption\":\"Buletin de Bucure\u0219ti\"},\"image\":{\"@id\":\"https:\\\/\\\/buletin.de\\\/bucuresti\\\/#\\\/schema\\\/logo\\\/image\\\/\"},\"sameAs\":[\"https:\\\/\\\/www.facebook.com\\\/buletin.de.buc\",\"https:\\\/\\\/www.instagram.com\\\/buletinde.bucuresti\\\/\"]},{\"@type\":\"Person\",\"@id\":\"https:\\\/\\\/buletin.de\\\/bucuresti\\\/#\\\/schema\\\/person\\\/0ac9db30080482be87c7386a30f98796\",\"name\":\"C\u0103t\u0103lin Anghel-Dimache\",\"image\":{\"@type\":\"ImageObject\",\"inLanguage\":\"en-GB\",\"@id\":\"https:\\\/\\\/buletin.de\\\/bucuresti\\\/wp-content\\\/uploads\\\/Catalin-Anghel-Dimache-96x96.jpgbd9e43c5b25186d5b8e917ac61ad86c4\",\"url\":\"https:\\\/\\\/buletin.de\\\/bucuresti\\\/wp-content\\\/uploads\\\/Catalin-Anghel-Dimache-96x96.jpg\",\"contentUrl\":\"https:\\\/\\\/buletin.de\\\/bucuresti\\\/wp-content\\\/uploads\\\/Catalin-Anghel-Dimache-96x96.jpg\",\"caption\":\"C\u0103t\u0103lin Anghel-Dimache\"},\"description\":\"A absolvit Facultatea de Jurnalism \u0219i \u0218tiin\u021bele Comunic\u0103rii a Universit\u0103\u021bii din Bucure\u0219ti \u00een 2024. Scrie despre mediu \u0219i teme sociale, dar \u0219i despre cum se reflect\u0103 ele \u00een via\u021ba cotidian\u0103 a bucure\u0219tenilor, cu un ochi atent la pove\u0219tile personale din spatele titlurilor. N\u0103scut \u0219i crescut \u00een Bucure\u0219ti, a f\u0103cut un pas c\u0103tre presa local\u0103, din pasiune pentru ora\u0219ul s\u0103u \u0219i oamenii din el.\",\"url\":\"https:\\\/\\\/buletin.de\\\/bucuresti\\\/author\\\/catalin-anghel-dimache\\\/\"}]}<\/script>\n<!-- \/ Yoast SEO Premium plugin. -->","yoast_head_json":{"title":"REPORTAJ | \u201eTr\u0103ie\u0219te viitorul, ast\u0103zi\u201d \u00een Paji\u0219tea \u201eRumegu\u0219\u201d. Cum arat\u0103 cea mai nou\u0103 zon\u0103 natural\u0103 protejat\u0103 a Capitalei - Buletin de Bucure\u0219ti","description":"REPORTAJ | \u201eTr\u0103ie\u0219te viitorul, ast\u0103zi\u201d. Cum arat\u0103 cea mai nou\u0103 zon\u0103 natural\u0103 protejat\u0103: gunoaie, defri\u0219\u0103ri \u0219i rechini imobiliari","robots":{"index":"index","follow":"follow","max-snippet":"max-snippet:-1","max-image-preview":"max-image-preview:large","max-video-preview":"max-video-preview:-1"},"canonical":"https:\/\/buletin.de\/bucuresti\/reportaj-traieste-viitorul-astazi-cum-arata-cea-mai-noua-zona-naturala-protejata-gunoaie-defrisari-si-rechini-imobiliari\/","og_locale":"en_GB","og_type":"article","og_title":"REPORTAJ | \u201eTr\u0103ie\u0219te viitorul, ast\u0103zi\u201d \u00een Paji\u0219tea \u201eRumegu\u0219\u201d. Cum arat\u0103 cea mai nou\u0103 zon\u0103 natural\u0103 protejat\u0103 a Capitalei","og_description":"REPORTAJ | \u201eTr\u0103ie\u0219te viitorul, ast\u0103zi\u201d. Cum arat\u0103 cea mai nou\u0103 zon\u0103 natural\u0103 protejat\u0103: gunoaie, defri\u0219\u0103ri \u0219i rechini imobiliari","og_url":"https:\/\/buletin.de\/bucuresti\/reportaj-traieste-viitorul-astazi-cum-arata-cea-mai-noua-zona-naturala-protejata-gunoaie-defrisari-si-rechini-imobiliari\/","og_site_name":"Buletin de Bucure\u0219ti","article_publisher":"https:\/\/www.facebook.com\/buletin.de.buc","article_published_time":"2026-04-04T02:12:00+00:00","article_modified_time":"2026-04-04T04:30:28+00:00","og_image":[{"width":2560,"height":1920,"url":"https:\/\/buletin.de\/bucuresti\/wp-content\/uploads\/2026\/03\/image00021-scaled.jpeg","type":"image\/jpeg"}],"author":"C\u0103t\u0103lin Anghel-Dimache","twitter_card":"summary_large_image","twitter_misc":{"Written by":"C\u0103t\u0103lin Anghel-Dimache","Estimated reading time":"8 minutes"},"schema":{"@context":"https:\/\/schema.org","@graph":[{"@type":"Article","@id":"https:\/\/buletin.de\/bucuresti\/reportaj-traieste-viitorul-astazi-cum-arata-cea-mai-noua-zona-naturala-protejata-gunoaie-defrisari-si-rechini-imobiliari\/#article","isPartOf":{"@id":"https:\/\/buletin.de\/bucuresti\/reportaj-traieste-viitorul-astazi-cum-arata-cea-mai-noua-zona-naturala-protejata-gunoaie-defrisari-si-rechini-imobiliari\/"},"author":{"name":"C\u0103t\u0103lin Anghel-Dimache","@id":"https:\/\/buletin.de\/bucuresti\/#\/schema\/person\/0ac9db30080482be87c7386a30f98796"},"headline":"REPORTAJ | \u201eTr\u0103ie\u0219te viitorul, ast\u0103zi\u201d \u00een Paji\u0219tea \u201eRumegu\u0219\u201d. Cum arat\u0103 cea mai nou\u0103 zon\u0103 natural\u0103 protejat\u0103 a Capitalei","datePublished":"2026-04-04T02:12:00+00:00","dateModified":"2026-04-04T04:30:28+00:00","mainEntityOfPage":{"@id":"https:\/\/buletin.de\/bucuresti\/reportaj-traieste-viitorul-astazi-cum-arata-cea-mai-noua-zona-naturala-protejata-gunoaie-defrisari-si-rechini-imobiliari\/"},"wordCount":1320,"publisher":{"@id":"https:\/\/buletin.de\/bucuresti\/#organization"},"image":{"@id":"https:\/\/buletin.de\/bucuresti\/reportaj-traieste-viitorul-astazi-cum-arata-cea-mai-noua-zona-naturala-protejata-gunoaie-defrisari-si-rechini-imobiliari\/#primaryimage"},"thumbnailUrl":"https:\/\/buletin.de\/bucuresti\/wp-content\/uploads\/2026\/03\/image00021-scaled.jpeg","keywords":["bucuresti","Capitala","pajistea petricani"],"articleSection":["Articole","Main","Mediu","Reportaj"],"inLanguage":"en-GB","copyrightYear":"2026","copyrightHolder":{"@id":"https:\/\/buletin.de\/bucuresti\/#organization"}},{"@type":"WebPage","@id":"https:\/\/buletin.de\/bucuresti\/reportaj-traieste-viitorul-astazi-cum-arata-cea-mai-noua-zona-naturala-protejata-gunoaie-defrisari-si-rechini-imobiliari\/","url":"https:\/\/buletin.de\/bucuresti\/reportaj-traieste-viitorul-astazi-cum-arata-cea-mai-noua-zona-naturala-protejata-gunoaie-defrisari-si-rechini-imobiliari\/","name":"REPORTAJ | \u201eTr\u0103ie\u0219te viitorul, ast\u0103zi\u201d \u00een Paji\u0219tea \u201eRumegu\u0219\u201d. Cum arat\u0103 cea mai nou\u0103 zon\u0103 natural\u0103 protejat\u0103 a Capitalei - Buletin de Bucure\u0219ti","isPartOf":{"@id":"https:\/\/buletin.de\/bucuresti\/#website"},"primaryImageOfPage":{"@id":"https:\/\/buletin.de\/bucuresti\/reportaj-traieste-viitorul-astazi-cum-arata-cea-mai-noua-zona-naturala-protejata-gunoaie-defrisari-si-rechini-imobiliari\/#primaryimage"},"image":{"@id":"https:\/\/buletin.de\/bucuresti\/reportaj-traieste-viitorul-astazi-cum-arata-cea-mai-noua-zona-naturala-protejata-gunoaie-defrisari-si-rechini-imobiliari\/#primaryimage"},"thumbnailUrl":"https:\/\/buletin.de\/bucuresti\/wp-content\/uploads\/2026\/03\/image00021-scaled.jpeg","datePublished":"2026-04-04T02:12:00+00:00","dateModified":"2026-04-04T04:30:28+00:00","description":"REPORTAJ | \u201eTr\u0103ie\u0219te viitorul, ast\u0103zi\u201d. Cum arat\u0103 cea mai nou\u0103 zon\u0103 natural\u0103 protejat\u0103: gunoaie, defri\u0219\u0103ri \u0219i rechini imobiliari","breadcrumb":{"@id":"https:\/\/buletin.de\/bucuresti\/reportaj-traieste-viitorul-astazi-cum-arata-cea-mai-noua-zona-naturala-protejata-gunoaie-defrisari-si-rechini-imobiliari\/#breadcrumb"},"inLanguage":"en-GB","potentialAction":[{"@type":"ReadAction","target":["https:\/\/buletin.de\/bucuresti\/reportaj-traieste-viitorul-astazi-cum-arata-cea-mai-noua-zona-naturala-protejata-gunoaie-defrisari-si-rechini-imobiliari\/"]}]},{"@type":"ImageObject","inLanguage":"en-GB","@id":"https:\/\/buletin.de\/bucuresti\/reportaj-traieste-viitorul-astazi-cum-arata-cea-mai-noua-zona-naturala-protejata-gunoaie-defrisari-si-rechini-imobiliari\/#primaryimage","url":"https:\/\/buletin.de\/bucuresti\/wp-content\/uploads\/2026\/03\/image00021-scaled.jpeg","contentUrl":"https:\/\/buletin.de\/bucuresti\/wp-content\/uploads\/2026\/03\/image00021-scaled.jpeg","width":2560,"height":1920,"caption":"\u201eTr\u0103ie\u0219te viitorul, ast\u0103zi\u201d. Cum arat\u0103 cea mai nou\u0103 zon\u0103 natural\u0103 protejat\u0103. Foto: C\u0103t\u0103lin Anghel-Dimache \/ BdB"},{"@type":"BreadcrumbList","@id":"https:\/\/buletin.de\/bucuresti\/reportaj-traieste-viitorul-astazi-cum-arata-cea-mai-noua-zona-naturala-protejata-gunoaie-defrisari-si-rechini-imobiliari\/#breadcrumb","itemListElement":[{"@type":"ListItem","position":1,"name":"Acas\u0103","item":"https:\/\/buletin.de\/bucuresti\/"},{"@type":"ListItem","position":2,"name":"REPORTAJ | \u201eTr\u0103ie\u0219te viitorul, ast\u0103zi\u201d \u00een Paji\u0219tea \u201eRumegu\u0219\u201d. Cum arat\u0103 cea mai nou\u0103 zon\u0103 natural\u0103 protejat\u0103 a Capitalei"}]},{"@type":"WebSite","@id":"https:\/\/buletin.de\/bucuresti\/#website","url":"https:\/\/buletin.de\/bucuresti\/","name":"Buletin de Bucure\u0219ti","description":"\u0218tiri \u0219i investiga\u021bii esen\u021biale din capital\u0103","publisher":{"@id":"https:\/\/buletin.de\/bucuresti\/#organization"},"potentialAction":[{"@type":"SearchAction","target":{"@type":"EntryPoint","urlTemplate":"https:\/\/buletin.de\/bucuresti\/?s={search_term_string}"},"query-input":{"@type":"PropertyValueSpecification","valueRequired":true,"valueName":"search_term_string"}}],"inLanguage":"en-GB"},{"@type":"Organization","@id":"https:\/\/buletin.de\/bucuresti\/#organization","name":"Buletin de Bucure\u0219ti","url":"https:\/\/buletin.de\/bucuresti\/","logo":{"@type":"ImageObject","inLanguage":"en-GB","@id":"https:\/\/buletin.de\/bucuresti\/#\/schema\/logo\/image\/","url":"https:\/\/buletin.de\/bucuresti\/wp-content\/uploads\/logo-bdb-full-wide-vernil-transparent.png","contentUrl":"https:\/\/buletin.de\/bucuresti\/wp-content\/uploads\/logo-bdb-full-wide-vernil-transparent.png","width":1782,"height":626,"caption":"Buletin de Bucure\u0219ti"},"image":{"@id":"https:\/\/buletin.de\/bucuresti\/#\/schema\/logo\/image\/"},"sameAs":["https:\/\/www.facebook.com\/buletin.de.buc","https:\/\/www.instagram.com\/buletinde.bucuresti\/"]},{"@type":"Person","@id":"https:\/\/buletin.de\/bucuresti\/#\/schema\/person\/0ac9db30080482be87c7386a30f98796","name":"C\u0103t\u0103lin Anghel-Dimache","image":{"@type":"ImageObject","inLanguage":"en-GB","@id":"https:\/\/buletin.de\/bucuresti\/wp-content\/uploads\/Catalin-Anghel-Dimache-96x96.jpgbd9e43c5b25186d5b8e917ac61ad86c4","url":"https:\/\/buletin.de\/bucuresti\/wp-content\/uploads\/Catalin-Anghel-Dimache-96x96.jpg","contentUrl":"https:\/\/buletin.de\/bucuresti\/wp-content\/uploads\/Catalin-Anghel-Dimache-96x96.jpg","caption":"C\u0103t\u0103lin Anghel-Dimache"},"description":"A absolvit Facultatea de Jurnalism \u0219i \u0218tiin\u021bele Comunic\u0103rii a Universit\u0103\u021bii din Bucure\u0219ti \u00een 2024. Scrie despre mediu \u0219i teme sociale, dar \u0219i despre cum se reflect\u0103 ele \u00een via\u021ba cotidian\u0103 a bucure\u0219tenilor, cu un ochi atent la pove\u0219tile personale din spatele titlurilor. N\u0103scut \u0219i crescut \u00een Bucure\u0219ti, a f\u0103cut un pas c\u0103tre presa local\u0103, din pasiune pentru ora\u0219ul s\u0103u \u0219i oamenii din el.","url":"https:\/\/buletin.de\/bucuresti\/author\/catalin-anghel-dimache\/"}]}},"authors":[{"term_id":22572,"user_id":59,"is_guest":0,"slug":"catalin-anghel-dimache","display_name":"C\u0103t\u0103lin Anghel-Dimache","avatar_url":"https:\/\/buletin.de\/bucuresti\/wp-content\/uploads\/Catalin-Anghel-Dimache-96x96.jpg","0":null,"1":"","2":"","3":"","4":"","5":"","6":"","7":"","8":""}],"_links":{"self":[{"href":"https:\/\/buletin.de\/bucuresti\/wp-json\/wp\/v2\/posts\/183705","targetHints":{"allow":["GET"]}}],"collection":[{"href":"https:\/\/buletin.de\/bucuresti\/wp-json\/wp\/v2\/posts"}],"about":[{"href":"https:\/\/buletin.de\/bucuresti\/wp-json\/wp\/v2\/types\/post"}],"author":[{"embeddable":true,"href":"https:\/\/buletin.de\/bucuresti\/wp-json\/wp\/v2\/users\/59"}],"replies":[{"embeddable":true,"href":"https:\/\/buletin.de\/bucuresti\/wp-json\/wp\/v2\/comments?post=183705"}],"version-history":[{"count":4,"href":"https:\/\/buletin.de\/bucuresti\/wp-json\/wp\/v2\/posts\/183705\/revisions"}],"predecessor-version":[{"id":183986,"href":"https:\/\/buletin.de\/bucuresti\/wp-json\/wp\/v2\/posts\/183705\/revisions\/183986"}],"wp:featuredmedia":[{"embeddable":true,"href":"https:\/\/buletin.de\/bucuresti\/wp-json\/wp\/v2\/media\/183721"}],"wp:attachment":[{"href":"https:\/\/buletin.de\/bucuresti\/wp-json\/wp\/v2\/media?parent=183705"}],"wp:term":[{"taxonomy":"category","embeddable":true,"href":"https:\/\/buletin.de\/bucuresti\/wp-json\/wp\/v2\/categories?post=183705"},{"taxonomy":"post_tag","embeddable":true,"href":"https:\/\/buletin.de\/bucuresti\/wp-json\/wp\/v2\/tags?post=183705"},{"taxonomy":"author","embeddable":true,"href":"https:\/\/buletin.de\/bucuresti\/wp-json\/wp\/v2\/ppma_author?post=183705"}],"curies":[{"name":"wp","href":"https:\/\/api.w.org\/{rel}","templated":true}]}}