{"id":183574,"date":"2026-03-30T16:21:00","date_gmt":"2026-03-30T14:21:00","guid":{"rendered":"https:\/\/buletin.de\/bucuresti\/?p=183574"},"modified":"2026-03-31T06:42:29","modified_gmt":"2026-03-31T04:42:29","slug":"interviu-de-ce-a-fost-nevoie-de-o-lege-separata-pentru-uciderea-femeilor-victoria-stoiciu-tot-ce-tine-de-drepturile-femeilor-nu-reprezinta-o-prioritate-in-romania","status":"publish","type":"post","link":"https:\/\/buletin.de\/bucuresti\/interviu-de-ce-a-fost-nevoie-de-o-lege-separata-pentru-uciderea-femeilor-victoria-stoiciu-tot-ce-tine-de-drepturile-femeilor-nu-reprezinta-o-prioritate-in-romania\/","title":{"rendered":"De ce a fost nevoie de o lege separat\u0103 pentru uciderea femeilor. Victoria Stoiciu: Tot ce \u021bine de drepturile femeilor nu reprezint\u0103 o prioritate \u00een Rom\u00e2nia"},"content":{"rendered":"\n<p><strong>Femicidul, adic\u0103 crim\u0103 bazat\u0103 pe ur\u0103 \u00eempotriva femeilor, va fi recunoscut, \u00een premier\u0103, \u00een legisla\u021bia rom\u00e2neasc\u0103.<\/strong> <strong>Adoptarea care condamn\u0103 \u00een mod explicit uciderea femilor reprezint\u0103 un pas major pentru protejarea acestora \u00een Rom\u00e2nia \u0219i pentru combaterea violen\u021bei de gen. <\/strong><\/p>\n\n\n\n<p>Proiectul a fost adoptat miercuri, 25 martie, de Camera Deputa\u021bilor, \u00een calitate de for decizional \u0219i urmeaz\u0103 s\u0103 mearg\u0103 la promulgare la pre\u0219edintele Rom\u00e2niei.<\/p>\n\n\n\n<p><strong>Rom\u00e2nia va avea astfel, pentru prima dat\u0103, o transpunere juridic\u0103 a femicidului \u0219i a realit\u0103\u021bii crunte cu care se confrunt\u0103 societatea. \u201eFemei ucise doar pentru c\u0103 sunt femei\u201d, explic\u0103 senatoarea \u0219i vicepre\u0219edinta PSD Victoria Stoiciu, una dintre ini\u021biatoarele propunerii legislative, pentru Buletin de Bucure\u0219ti.<\/strong><\/p>\n\n\n\n<h2 class=\"wp-block-heading\" id=\"h-un-bilan\u021b-crunt-o-femeie-ucisa-la-fiecare-5-zile\">Un bilan\u021b crunt: o femeie ucis\u0103 la fiecare 5 zile<\/h2>\n\n\n\n<p><strong>Femicidul reprezint\u0103 uciderea inten\u021bionat\u0103 a femeilor sau fetelor pe motiv de gen, fiind cea mai grav\u0103 form\u0103 de violen\u021b\u0103 \u00eempotriva acestora, adesea comis\u0103 de parteneri intimi sau \u00een familie.<\/strong><\/p>\n\n\n\n<p>Anul trecut, au fost ucise 66 de femei. <strong>\u015ease femicide au avut loc \u00een Bucure\u015fti \u015fi Ilfov<\/strong>, potrivit paginii de instagram\u00a0<a href=\"https:\/\/www.instagram.com\/stop.femicidelor\/?hl=en\">stop.femicidelor<\/a>, care monitorizeaz\u0103 cazurile de femei ucise de parteneri \u00een Rom\u00e2nia \u015fi diaspora, precum \u015fi tentativele mediatizate.<\/p>\n\n\n\n<p>Noua lege aduce schimb\u0103ri semnificative \u00een domeniul violen\u021bei de gen \u0219i introduce noi obliga\u021bii pentru autorit\u0103\u021bi, precum punerea \u00een mi\u0219care a ac\u021biunii penale din oficiu \u0219i efectuarea unei analize de risc \u00een toate cazurile de violen\u021b\u0103 domestic\u0103, precum \u0219i colectarea \u0219i raportarea datelor privind violen\u021ba \u00eempotriva femeilor.<\/p>\n\n\n\n<p>De\u0219i femicidul nu este incriminat ca infrac\u021biune distinct\u0103 \u00een Codul Penal, sunt prev\u0103zute pedepse mai aspre pentru autori prin introducerea unor circumstan\u021be agravante la infrac\u021biunea de omor calificat.<\/p>\n\n\n\n<p><strong>Buletin de Bucure\u0219ti a discutat cu Victoria Stoiciu despre schimb\u0103rile aduse de noua lege, modul \u00een care aceasta ar trebui implementat\u0103, violen\u021ba sistemic\u0103 \u00eempotriva femeilor, precum \u0219i despre m\u0103surile necesare pentru a \u00eent\u0103ri protec\u021bia victimelor \u00eentr-un stat care, adesea, e\u0219ueaz\u0103 \u00een a le ap\u0103ra.<\/strong><\/p>\n\n\n\n<figure class=\"wp-block-image size-large\"><img fetchpriority=\"high\" decoding=\"async\" width=\"1000\" height=\"667\" src=\"data:image\/gif;base64,R0lGODlhAQABAAAAACH5BAEKAAEALAAAAAABAAEAAAICTAEAOw==\" data-src=\"https:\/\/buletin.de\/bucuresti\/wp-content\/uploads\/2026\/03\/659113870_10230815495960800_6796244441831840746_n-1000x667.jpg\" alt=\"\" class=\"wp-image-183641 lazyload\" data-sizes=\"auto\" data-srcset=\"https:\/\/buletin.de\/bucuresti\/wp-content\/uploads\/2026\/03\/659113870_10230815495960800_6796244441831840746_n-1000x667.jpg 1000w, https:\/\/buletin.de\/bucuresti\/wp-content\/uploads\/2026\/03\/659113870_10230815495960800_6796244441831840746_n-300x200.jpg 300w, https:\/\/buletin.de\/bucuresti\/wp-content\/uploads\/2026\/03\/659113870_10230815495960800_6796244441831840746_n-768x512.jpg 768w, https:\/\/buletin.de\/bucuresti\/wp-content\/uploads\/2026\/03\/659113870_10230815495960800_6796244441831840746_n-1536x1024.jpg 1536w, https:\/\/buletin.de\/bucuresti\/wp-content\/uploads\/2026\/03\/659113870_10230815495960800_6796244441831840746_n-1600x1066.jpg 1600w, https:\/\/buletin.de\/bucuresti\/wp-content\/uploads\/2026\/03\/659113870_10230815495960800_6796244441831840746_n-1100x733.jpg 1100w, https:\/\/buletin.de\/bucuresti\/wp-content\/uploads\/2026\/03\/659113870_10230815495960800_6796244441831840746_n-600x400.jpg 600w, https:\/\/buletin.de\/bucuresti\/wp-content\/uploads\/2026\/03\/659113870_10230815495960800_6796244441831840746_n-20x13.jpg 20w, https:\/\/buletin.de\/bucuresti\/wp-content\/uploads\/2026\/03\/659113870_10230815495960800_6796244441831840746_n.jpg 2048w\" sizes=\"(max-width: 1000px) 100vw, 1000px\" \/><figcaption class=\"wp-element-caption\">Victoria Stoiciu, una dintre ini\u0163iatoarele legii pentru prevenirea \u015fi combaterea femicidului. Foto: Facebook<\/figcaption><\/figure>\n\n\n\n<p><a href=\"https:\/\/anes.gov.ro\/call-center\/\" target=\"_blank\" rel=\"noreferrer noopener\"><strong>Linie telefonic\u0103 gratuit\u0103 pentru victimele violen\u021bei domestice: 0800.500.333<\/strong><\/a><\/p>\n\n\n\n<p><strong>Buletin de Bucure\u0219ti: Care a fost momentul \u00een care a\u021bi realizat c\u0103 Rom\u00e2nia are neap\u0103rat\u0103 nevoie de o lege care s\u0103 sanc\u021bioneze \u00een plus fa\u021b\u0103 de Codul Penal uciderea femeilor?<\/strong><\/p>\n\n\n\n<p><strong>Victoria Stoiciu:<\/strong> Foarte clar am realizat acest lucru dup\u0103 acea <a href=\"https:\/\/buletin.de\/bucuresti\/reportaj-cate-mai-trebuie-sa-murim-mii-de-femei-au-strigat-in-cor-in-piata-victoriei-pentru-femeile-care-nu-mai-au-voce\/\" target=\"_blank\" rel=\"noreferrer noopener\">crim\u0103 oribil\u0103 de la Cosmopolis, c\u00e2nd a fost ucis\u0103 Teodora<\/a>. \u00cen acel moment, am f\u0103cut o declara\u021bie \u00een Senatul Rom\u00e2niei, \u00een care am spus c\u0103 Rom\u00e2nia are nevoie de o modificare a legisla\u021biei \u0219i de <strong><mark style=\"background-color:rgba(0, 0, 0, 0)\" class=\"has-inline-color has-vivid-red-color\">recunoa\u0219terea femicidului ca o crim\u0103 comis\u0103 din motive de ur\u0103 de gen, c\u00e2nd o femeie este ucis\u0103 pentru c\u0103 este femeie<\/mark><\/strong>.<\/p>\n\n\n\n<p>Acela a fost momentul declan\u0219ator, \u00een care am afirmat public acest lucru, dup\u0103 care, la pu\u021bin timp, pentru c\u0103 chiar a fost un moment de con\u0219tientizare, \u0219i din partea societ\u0103\u021bii, c\u0103 aceast\u0103 problem\u0103 exist\u0103 \u0219i trebuie abordat\u0103, ne-am adunat mai multe colege. <\/p>\n\n\n\n<p>Am fost pu\u0163ine, de la toate partidele din arcul guvernamental, \u0219i am format un mic grup de lucru \u00eempreun\u0103 cu organiza\u021bii neguvernamentale \u0219i exper\u0163i \u00een drept.<\/p>\n\n\n\n<p>Am lucrat toat\u0103 vara cu acest grup de lucru, care nu era foarte mare, maxim 12-15 persoane, astfel \u00eenc\u00e2t \u00een septembrie deja aveam semifinalizat draftul proiectului de lege. A mai durat pu\u021bin p\u00e2n\u0103 l-am depus, \u00een octombrie, pentru c\u0103 ne-am consultat informal cu diver\u0219i actori, am mai organizat o consultare public\u0103.<\/p>\n\n\n\n<p><a href=\"https:\/\/anes.gov.ro\/call-center\/\" target=\"_blank\" rel=\"noreferrer noopener\"><strong>Linie telefonic\u0103 gratuit\u0103 pentru victimele violen\u021bei domestice: 0800.500.333<\/strong><\/a><\/p>\n\n\n\n<p><strong>Buletin de Bucure\u0219ti: Care au fost principalele provoc\u0103ri \u00een elaborarea proiectului de lege?<\/strong><\/p>\n\n\n\n<blockquote class=\"wp-block-quote is-layout-flow wp-block-quote-is-layout-flow\">\n<p>Una dintre principalele dileme pe care le-am avut a fost dac\u0103 s\u0103 introducem femicidul distinct ca infrac\u021biune \u00een Codul Penal sau nu.<\/p>\n<\/blockquote>\n\n\n\n<p>Pentru c\u0103 exist\u0103 aceste dou\u0103 modele \u00een Uniunea European\u0103 \u0219i \u00een lume. Unele state, cum este Italia, au introdus explicit \u00een Codul Penal infrac\u021biunea numit\u0103 femicid, care se pedepse\u0219te pe via\u021b\u0103. Am avut o dezbatere aici p\u00e2n\u0103 ne-am edificat, ne-am uitat \u0219i la cum stau lucrurile \u0219i care e forma optim\u0103.<\/p>\n\n\n\n<p>Op\u021biunea noastr\u0103 a fost <strong><mark style=\"background-color:rgba(0, 0, 0, 0)\" class=\"has-inline-color has-vivid-red-color\"><\/mark><\/strong><mark style=\"background-color:rgba(0, 0, 0, 0)\" class=\"has-inline-color has-vivid-red-color\"><strong>s\u0103 nu introducem direct \u00een Codul Penal aceast\u0103 infrac\u021biune, ci s\u0103 o definim \u00een partea civil\u0103 a legii<\/strong><\/mark>, pentru c\u0103 este important s\u0103 avem o recunoa\u0219tere \u00een corpul legii, din partea legiuitorului, c\u0103 exist\u0103 aceast\u0103 crim\u0103 \u0219i c\u0103 este <strong><mark style=\"background-color:rgba(0, 0, 0, 0)\" class=\"has-inline-color has-vivid-red-color\">v\u00e2rful de iceberg al unei violen\u021be structurale la adresa femeilor<\/mark><\/strong>.<\/p>\n\n\n\n<p>Dar \u00een partea de Cod Penal, din discu\u021biile pe care le-am avut cu penali\u0219tii, nu am introdus dec\u00e2t ni\u0219te <strong><mark style=\"background-color:rgba(0, 0, 0, 0)\" class=\"has-inline-color has-vivid-red-color\">circumstan\u021be agravante la infrac\u021biunea de omor calificat<\/mark><\/strong>, circumstan\u021be care acoper\u0103 acele situa\u021bii \u00een care e comis\u0103 crima de femicid, dar care nu discrimineaz\u0103 \u00een func\u021bie de sexul victimei, de genul victimei.<\/p>\n\n\n\n<blockquote class=\"wp-block-quote is-layout-flow wp-block-quote-is-layout-flow\">\n<p>S\u0103 vii cu o infrac\u021biune distinct\u0103 care pedepse\u0219te mai aspru curmarea vie\u021bii unei femei dec\u00e2t a unui b\u0103rbat comport\u0103 ni\u0219te riscuri, o vulnerabiliza \u00een fa\u021ba unui eventual atac la CCR, pentru c\u0103 este foarte greu s\u0103 justifici c\u0103 via\u021ba unei femei este mai presus \u0219i se pedepse\u0219te mai aspru dec\u00e2t luarea vie\u021bii unui b\u0103rbat. Via\u021ba are valoare egal\u0103 \u00een ochii legiuitorului \u0219i, conform Constitu\u021biei, \u0219i ar fi fost foarte greu de sus\u021binut, ar fi fost o vulnerabilizare a acestei legi.<\/p>\n<\/blockquote>\n\n\n\n<p>Acesta a fost un motiv. Al doilea \u021bine \u0219i de o chestie principial\u0103 \u00een care eu \u0219i colegele mele credem. Noi am introdus acele circumstan\u021be agravante la omorul calificat, \u0219i anume: <strong>o crim\u0103 care este comis\u0103 din motive de ur\u0103 de gen, o crim\u0103 comis\u0103 din dorin\u021ba de control sau dominare a victimei, o crim\u0103 comis\u0103 atunci c\u00e2nd victima refuz\u0103 o rela\u021bie, o c\u0103s\u0103torie sau refuz\u0103 o separare sau un divor\u021b. <\/strong><\/p>\n\n\n\n<p>Dac\u0103 v\u0103 uita\u021bi la crimele de femicid de anul trecut \u0219i anul acesta, vede\u021bi c\u0103 sunt acoperitoare pentru ce s-a \u00eent\u00e2mplat. De cele mai multe ori, acestea au fost principalele motiva\u021bii pentru care femeile au fost ucise.<\/p>\n\n\n\n<p>Eu personal consider c\u0103 este la fel de grav \u0219i \u00een situa\u021bia \u00een care o femeie ur\u0103\u0219te at\u00e2t de mult un b\u0103rbat sau&#8230; nu \u0219tiu, ucide dintr-un impuls de gelozie. <strong><mark style=\"background-color:rgba(0, 0, 0, 0)\" class=\"has-inline-color has-vivid-red-color\">Ceea ce \u0219tim c\u0103 nu prea se \u00eent\u00e2mpl\u0103.<\/mark> <\/strong>Dar nu v\u0103d de ce am discrimina din motive de gen \u0219i am trata diferit acela\u0219i tip de comportament.<\/p>\n\n\n\n<p><a href=\"https:\/\/anes.gov.ro\/call-center\/\" target=\"_blank\" rel=\"noreferrer noopener\"><strong>Linie telefonic\u0103 gratuit\u0103 pentru victimele violen\u021bei domestice: 0800.500.333<\/strong><\/a><\/p>\n\n\n\n<p><strong>Referitor la introducerea femicidului ca infrac\u021biune distinct\u0103 \u00een Codul Penal, au fost \u015fi exper\u021bi din societatea civil\u0103 care au argumentat c\u0103 Rom\u00e2nia are nevoie inclusiv de o lege penal\u0103 special\u0103 pentru femicid. Considera\u0163i c\u0103 ar fi util\u0103 \u015fi c\u0103 am putea avea \u015fi o astfel de schimbare legislativ\u0103, \u00een viitor?<\/strong><\/p>\n\n\n\n<p>Nu v\u0103d care ar fi avantajul, pentru c\u0103, tocmai v-am spus, din punctul meu de vedere \u0219i al celor cu care ne-am consultat, ar crea o vulnerabilitate proiectului. <\/p>\n\n\n\n<p>Ca efect juridic, singura diferen\u021b\u0103 este c\u0103, \u00een momentul de fa\u021b\u0103, pe acele circumstan\u021be agravante, <strong><mark style=\"background-color:rgba(0, 0, 0, 0)\" class=\"has-inline-color has-vivid-red-color\">po\u021bi s\u0103 pedepse\u0219ti \u0219i o femeie, dac\u0103 comite o crim\u0103 din motive de ur\u0103 de gen<\/mark><\/strong>. Asta ar fi singura diferen\u021b\u0103 din punct de vedere al consecin\u021belor, al greut\u0103\u021bii sanc\u021biunilor.<\/p>\n\n\n\n<p>Deci nu v\u0103d de ce am vulnerabiliza un proiect de lege, cu riscul de a fi atacat la CCR, pentru c\u0103 nu consider\u0103 via\u021ba uman\u0103 egal\u0103 a femeilor \u0219i a b\u0103rba\u021bilor, ca s\u0103 ob\u021binem exact acela\u0219i impact juridic.<\/p>\n\n\n\n<p><a href=\"https:\/\/anes.gov.ro\/call-center\/\" target=\"_blank\" rel=\"noreferrer noopener\"><strong>Linie telefonic\u0103 gratuit\u0103 pentru victimele violen\u021bei domestice: 0800.500.333<\/strong><\/a><\/p>\n\n\n\n<p><strong>Exper\u021bii au adus \u00een discu\u021bie necesitatea instituirii unor proceduri speciale de judecat\u0103 \u00een astfel de cazuri, cu magistra\u021bi cu expertiz\u0103 \u00een domeniul violen\u021bei \u00eempotriva femeilor \u0219i unit\u0103\u021bi de poli\u021bie instruite special \u00een acest sens, tocmai pentru a asigura aplicarea legii.<\/strong><\/p>\n\n\n\n<p>Nimic nu ne \u00eempiedic\u0103 s\u0103 se \u00eent\u00e2mple acest lucru \u0219i acum. Noi am definit femicidul \u00een lege, deci exist\u0103 o parte civil\u0103 a legii, \u00een care definim \u0219i care sunt tipurile de femicid, ceea ce <strong><mark style=\"background-color:rgba(0, 0, 0, 0)\" class=\"has-inline-color has-vivid-red-color\">nu ne-ar fi permis Codul Penal<\/mark><\/strong>. Interven\u021bia trebuie s\u0103 fie minim\u0103 \u0219i s\u0103 respecte o anumit\u0103 structur\u0103 logic\u0103 a actului normativ.<\/p>\n\n\n\n<p>A\u0219a c\u0103 noi, \u00een aceea\u0219i lege, am venit cu o parte civil\u0103, non-penal\u0103, \u00een care definim ce este femicidul, care sunt tipurile, care sunt obliga\u021biile statului \u00een raport cu aceast\u0103 crim\u0103, de la colectare de date, la educa\u021bie, la analiz\u0103 de risc, la publicare de rapoarte \u0219i a\u0219a mai departe, toate sunt prev\u0103zute \u00een partea civil\u0103.<\/p>\n\n\n\n<blockquote class=\"wp-block-quote is-layout-flow wp-block-quote-is-layout-flow\">\n<p>\u0218i nu v\u0103d niciun obstacol dac\u0103 se dore\u0219te s\u0103 fie forma\u021bi poli\u021bi\u0219ti \u00een violen\u021b\u0103 domestic\u0103, a\u0219a ceva, sub rezerva c\u0103 \u00een\u021beleg corect afirma\u021bia, nu \u00ee\u0219i are locul \u00een Codul Penal.<\/p>\n<\/blockquote>\n\n\n\n<p>S\u0103 nu m\u0103 \u00een\u021belege\u021bi gre\u0219it, sunt total de acord cu ideea. \u0218i noi spunem c\u0103, \u00eentr-adev\u0103r, este necesar\u0103 formarea poli\u021bi\u0219tilor, a procurorilor \u00een egalitate de gen \u0219i \u00een domeniul acesta al violen\u021bei domestice, pentru c\u0103, \u00een mod evident, <strong>sufer\u0103 &#8211; ca toat\u0103 societatea, de altfel, dar ei au o datorie \u0219i o responsabilitate &#8211; sunt prizonieri, captivi ai unor norme sociale<\/strong> care \u00eei fac s\u0103 trateze violen\u021ba a\u0219a cum vedem: <strong><mark style=\"background-color:rgba(0, 0, 0, 0)\" class=\"has-inline-color has-vivid-red-color\">\u201eHai c\u0103 nu-i grav\u201d, \u201eHai c\u0103 v\u0103 \u00eemp\u0103ca\u021bi\u201d, \u201eIa mai vorbi\u021bi voi \u0219i poate \u00ee\u021bi trece\u201d.<\/mark><\/strong> <\/p>\n\n\n\n<p>\u0218i este nevoie ca aceast\u0103 mentalitate s\u0103 fie modificat\u0103 prin cursuri, dar nu po\u021bi s\u0103 pui o astfel de prevedere \u00een Codul Penal.<\/p>\n\n\n\n<p><a href=\"https:\/\/anes.gov.ro\/call-center\/\" target=\"_blank\" rel=\"noreferrer noopener\"><strong>Linie telefonic\u0103 gratuit\u0103 pentru victimele violen\u021bei domestice: 0800.500.333<\/strong><\/a><\/p>\n\n\n\n<p><strong>Exist\u0103 deja ghiduri de interven\u021bie \u0219i cursuri de formare, \u00eens\u0103 putem observa, din cazurile ap\u0103rute \u00een spa\u021biul public, c\u0103 impactul lor r\u0103m\u00e2ne redus la nivel societal. <\/strong><\/p>\n\n\n\n<p>Existen\u021ba unui ghid este o chestie minimal\u0103, este necesar s\u0103 existe, dar nu suficient. Cred c\u0103 este nevoie efectiv de participare la cursuri de formare. Iar un curs de formare nu \u00eenseamn\u0103 dou\u0103 ore pe Zoom. Este vorba despre calitatea cursurilor, \u00een primul r\u00e2nd.<\/p>\n\n\n\n<p>\u00cen al doilea r\u00e2nd, chiar sunt curioas\u0103 \u015fi voi solicita aceste date, dar m\u0103 \u00eendoiesc c\u0103 au ajuns to\u021bi poli\u021bi\u0219tii, to\u021bi procurorii, s\u0103 treac\u0103 prin astfel de cursuri de formare, pe problematica de gen.<\/p>\n\n\n\n<p>M\u0103 \u00eendoiesc c\u0103 vorbim de o cifr\u0103 semnificativ\u0103, pentru c\u0103, din p\u0103cate, tot ce vedem, \u0219i nu doar \u00een Rom\u00e2nia, \u0219i nu doar \u00een materie de violen\u021b\u0103 domestic\u0103, dar <strong><mark style=\"background-color:rgba(0, 0, 0, 0)\" class=\"has-inline-color has-vivid-red-color\">tot ce \u021bine de femei, de drepturile femeilor, nu este tratat ca pe o prioritate, ci mai degrab\u0103 ca o problem\u0103 de pe la coada clasamentului, c\u00e2nd vine vorba de stat \u0219i de structurile de putere<\/mark><\/strong> p\u00e2n\u0103 la urm\u0103, nu doar de stat.<\/p>\n\n\n\n<p>V\u0103 dau doar un exemplu din medicin\u0103, unde tot ce se face pe zona medical\u0103, toate bolile sunt pe calapodul corpului b\u0103rb\u0103tesc. Biologia feminin\u0103 este foarte pu\u021bin studiat\u0103 \u00een sine, de\u0219i exist\u0103 diferen\u021be \u00eentre femei \u0219i b\u0103rba\u0163i. \u0218i din aceast\u0103 cauz\u0103, <strong>foarte multe probleme de s\u0103n\u0103tate ale femeii sunt semi-ignorate<\/strong>, nu exist\u0103 cercetare suficient\u0103, nu exist\u0103 aten\u021bie suficient\u0103, nu exist\u0103 conferin\u021be prea multe pe subiectul respectiv.<\/p>\n\n\n\n<p>Dac\u0103 mergem pe legea de func\u021bionare a Poli\u021biei Rom\u00e2ne sau a magistra\u021bilor, exist\u0103 deja prevederi legate de formare, de posibilitatea \u0219i obligativitatea de a organiza cursuri de formare, nu anume specific pe acest subiect, dar tot ce \u021bine de activitatea profesional\u0103.<\/p>\n\n\n\n<blockquote class=\"wp-block-quote is-layout-flow wp-block-quote-is-layout-flow\">\n<p>Lucrurile acestea pot \u0219i trebuie s\u0103 se \u00eent\u00e2mple ast\u0103zi, nu exist\u0103 nicio barier\u0103 legislativ\u0103. Este efectiv o chestiune de voin\u021b\u0103 politic\u0103, de voin\u021b\u0103 la nivelul MAI, a Poli\u021biei Rom\u00e2ne, a Parchetului \u0219i a\u0219a mai departe.<\/p>\n<\/blockquote>\n\n\n\n<p><a href=\"https:\/\/anes.gov.ro\/call-center\/\" target=\"_blank\" rel=\"noreferrer noopener\"><strong>Linie telefonic\u0103 gratuit\u0103 pentru victimele violen\u021bei domestice: 0800.500.333<\/strong><\/a><\/p>\n\n\n\n<p><strong>Cum crede\u021bi c\u0103 s-ar putea \u00eembun\u0103t\u0103\u021bi situa\u021bia \u00een mod organic, mai ales \u00een contextul \u00een care femeile sunt subreprezentate la nivel politic?<\/strong><\/p>\n\n\n\n<p>Cred c\u0103 este nevoie, efectiv, de <strong><mark style=\"background-color:rgba(0, 0, 0, 0)\" class=\"has-inline-color has-vivid-red-color\">presiune public\u0103<\/mark><\/strong>. Este singura solu\u021bie pe care o v\u0103d. Presiune public\u0103, din partea noastr\u0103, a parlamentarilor, a \u00eentregii clase politice, a societ\u0103\u021bii civile. Eu cred c\u0103 presiunea for\u021beaz\u0103 schimb\u0103ri de comportament \u00een societate.<\/p>\n\n\n\n<p>De multe ori, poate s\u0103 fie \u0219i o chestie de nu o resim\u021bi ca pe o prioritate. \u0218tii c\u0103 trebuie f\u0103cut\u0103, este pe acolo, dar nu o resim\u021bi ca pe o prioritate. \u00cen momentul \u00een care exist\u0103 o cerere pentru a\u0219a ceva, cre\u0219te posibilitatea ca acest lucru s\u0103 creasc\u0103 \u00een ierarhie, pentru c\u0103, iat\u0103, lumea ne \u00eentreab\u0103, ne trage la r\u0103spundere.<\/p>\n\n\n\n<p>Pur \u0219i simplu, de multe ori, lucrurile nu se \u00eent\u00e2mpl\u0103 pentru c\u0103 nu e con\u0219tientizat\u0103 suficient importan\u021ba lor. Pentru c\u0103 to\u021bi suntem captivi ai unui mod de a g\u00e2ndi \u0219i de a ac\u021biona care este, cum spuneam, tributar unor norme sociale. <\/p>\n\n\n\n<p>\u0218i aici, f\u0103r\u0103 discriminare, femei \u0219i b\u0103rba\u021bi, to\u021bi internaliz\u0103m normele dominante \u00een societate, care <strong><mark style=\"background-color:rgba(0, 0, 0, 0)\" class=\"has-inline-color has-vivid-red-color\">nu sunt \u00een interesul femeii<\/mark><\/strong>.<\/p>\n\n\n\n<blockquote class=\"wp-block-quote is-layout-flow wp-block-quote-is-layout-flow\">\n<p>Faptul c\u0103 se vorbe\u0219te, c\u0103 se creeaz\u0103 acest val \u0219i aceast\u0103 presiune pe deciden\u021bi, este ceva care cre\u0219te gradul de con\u0219tientizare \u0219i \u00een r\u00e2ndul deciden\u021bilor, \u0219i \u00een societate, \u0219i este posibil s\u0103 for\u021bezi o schimbare.<\/p>\n<\/blockquote>\n\n\n\n<p>Eu personal m\u0103 \u00eendoiesc, nu pot s\u0103 spun sigur c\u0103 este istorie contrafactual\u0103, dar eu m\u0103 \u00eendoiesc c\u0103 o astfel de lege ar fi fost posibil\u0103 acum trei ani. De\u0219i cifrele erau acelea\u0219i pe uciderea femeilor. <\/p>\n\n\n\n<p>S\u0103 ne l\u0103murim, <strong>noi nu am avut o explozie a crimelor de femicid anul trecut<\/strong>, am fost mai mult sau mai pu\u021bin \u00een aceia\u0219i parametri ca \u0219i \u00een anii anteriori. Dar faptul c\u0103 a existat aceast\u0103 con\u0219tientizare \u00een discursul public a fost de foarte, foarte mare ajutor.<\/p>\n\n\n\n<p><a href=\"https:\/\/anes.gov.ro\/call-center\/\" target=\"_blank\" rel=\"noreferrer noopener\"><strong>Linie telefonic\u0103 gratuit\u0103 pentru victimele violen\u021bei domestice: 0800.500.333<\/strong><\/a><\/p>\n\n\n\n<p><strong>Exist\u0103 cazuri \u00een care victimele sunt descurajate chiar de autorit\u0103\u021bi s\u0103 depun\u0103 pl\u00e2ngere. Cum crede\u021bi c\u0103 ne putem asigura, \u00een acest moment, de faptul c\u0103 agen\u021bii, asisten\u021bii sociali \u0219i magistra\u021bi pot lucra f\u0103r\u0103 prejudec\u0103\u021bi?<\/strong><\/p>\n\n\n\n<p>Cred c\u0103 \u0219i presiunea public\u0103 \u0219i exemplele ajut\u0103. O s\u0103 v\u0103 dau un exemplu, de anul trecut, din Teleorman, c\u00e2nd a fost ceva absolut strig\u0103tor la cer, pentru c\u0103 Mihaela avea ordin de protec\u021bie. Ordinul de protec\u021bie a fost \u00eenc\u0103lcat \u00een mod repetat, tat\u0103l victimei a sunat la 112.<\/p>\n\n\n\n<p>Victima, Mihaela, s-a dus la poli\u021bie \u0219i a spus c\u0103 a fost r\u0103pit\u0103 \u0219i violat\u0103 de c\u0103tre agresor. \u0218i cu toate astea, poli\u021bia a stat cu m\u00e2inile \u00een buzunar \u0219i a asistat pasiv\u0103 la ce se \u00eent\u00e2mpl\u0103. Iar ce s-a \u00eent\u00e2mplat? \u00centr-un final, am v\u0103zut. <strong><mark style=\"background-color:rgba(0, 0, 0, 0)\" class=\"has-inline-color has-vivid-red-color\">A fost ucis\u0103 \u00een plin\u0103 zi, pe strad\u0103, cu copilul \u00een bra\u021be.<\/mark><\/strong><\/p>\n\n\n\n<p>A\u0219a ceva este pur \u0219i simplu inacceptabil, o spun ori de c\u00e2te ori pot, <strong>pur \u0219i simplu este nevoie s\u0103 d\u0103m un exemplu<\/strong>.<\/p>\n\n\n\n<blockquote class=\"wp-block-quote is-layout-flow wp-block-quote-is-layout-flow\">\n<p>Pentru c\u0103 dac\u0103 acei poli\u021bi\u0219ti nu p\u0103\u021besc nimic, acei procurori nu p\u0103\u021besc nimic, nici m\u0103car o sanc\u021biune, \u0219i nu una simbolic\u0103, o mustrare. Dac\u0103 lor nu li se \u00eent\u00e2mpl\u0103 nimic, to\u021bi ceilal\u021bi din \u021bar\u0103 vor ajunge s\u0103 trateze cu indiferen\u021b\u0103 \u0219i cu neglijen\u021b\u0103 astfel de situa\u021bii. Chiar dac\u0103 se ajunge la moartea victimei, nu se \u00eent\u00e2mpl\u0103 nimic.<\/p>\n<\/blockquote>\n\n\n\n<p>Tocmai ca s\u0103 contracar\u0103m, pe c\u00e2t posibil, acest element de subiectivitate care este influen\u021bat de mentalitatea celui care aplic\u0103 legea a fost nevoie de acest act normartiv. Noi avem o prevedere \u00een partea civil\u0103 a legii  care creeaz\u0103 obligativitatea pentru organele judiciare de a face <strong><mark style=\"background-color:rgba(0, 0, 0, 0)\" class=\"has-inline-color has-vivid-red-color\">o analiz\u0103 de risc \u00een toate cazurile de violen\u021b\u0103 domestic\u0103<\/mark><\/strong>.<\/p>\n\n\n\n<p>O analiz\u0103 de risc, care nu este f\u0103cut\u0103 \u00eens\u0103 dup\u0103 cum \u00eel taie capul pe fiecare poli\u021bist sau procuror, este f\u0103cut\u0103 dup\u0103 o metodologie stabilit\u0103 printr-un ordin comun al Ministerului Muncii \u0219i al Ministerului de Interne, ne-am inspirat din legisla\u0163ia spaniol\u0103.<\/p>\n\n\n\n<blockquote class=\"wp-block-quote is-layout-flow wp-block-quote-is-layout-flow\">\n<p>Practic, \u00een momentul \u00een care o femeie spune c\u0103 a fost b\u0103tut\u0103 de b\u0103rbat, se face o evaluare de risc complex\u0103. Nu doar pe partea de agresiune, ci \u0219i pe tot contextul social al acestei femei, dac\u0103 are loc de munc\u0103, dac\u0103 are locuin\u021b\u0103, dac\u0103 are copii, \u0219tiu eu, dac\u0103 e \u00eentr-o rela\u021bie de dependen\u021b\u0103 fa\u021b\u0103 de agresor \u015fi a\u015fa mai departe.<\/p>\n<\/blockquote>\n\n\n\n<p><a href=\"https:\/\/anes.gov.ro\/call-center\/\" target=\"_blank\" rel=\"noreferrer noopener\"><strong>Linie telefonic\u0103 gratuit\u0103 pentru victimele violen\u021bei domestice: 0800.500.333<\/strong><\/a><\/p>\n\n\n\n<p><strong>A existat o controvers\u0103 public\u0103 privindu-l pe ministrul Justi\u021biei, Radu Marinescu. \u00centre 2021 \u0219i 2023, a ap\u0103rat \u00een instan\u021b\u0103 un b\u0103rbat trimis \u00een judecat\u0103 pentru tentativ\u0103 de omor, pentru c\u0103 \u00eencercase s\u0103-\u0219i \u00eenece partenera \u00eentr-un jacuzzi.<\/strong><\/p>\n\n\n\n<p><strong><a href=\"https:\/\/beta.dela0.ro\/ministrul-justitiei-radu-marinescu-a-pledat-insistent-pentru-dreptul-unui-barbat-de-a-si-asfixia-putin-sotia-fara-a-fi-acuzat-de-tentativa-de-omor\/\" target=\"_blank\" rel=\"noreferrer noopener\">Radu Marinescu a convins judec\u0103torii c\u0103 scufundarea repetat\u0103 a partenerei \u0219i lovirea ei nu reprezint\u0103 o tentativ\u0103 de omor<\/a>, ci un episod mai violent de ceart\u0103 conjugal\u0103, folosindu-se inclusiv de decredibilizarea victimei. Poate Legea femicidului s\u0103 protejeze femeile de astfel de situa\u021bii?<\/strong><\/p>\n\n\n\n<p><strong>Victoria Stoiciu:<\/strong> Cunosc cazul din pres\u0103, \u00eens\u0103 nu cunosc detaliile, nu pot s\u0103 m\u0103 pronun\u021b, s\u0103 emit o p\u0103rere pe un dosar care con\u021bine zeci de afirma\u021bii. Pot s\u0103 v\u0103 spun c\u0103, de foarte multe ori \u00een astfel de cazuri, c\u00e2nd se ajunge la o form\u0103 de violen\u021b\u0103 extrem\u0103, care se las\u0103 cu o tentativ\u0103 de omor sau de multe ori chiar cu omorul victimei, acest lucru nu se \u00eent\u00e2mpl\u0103 din senin. <\/p>\n\n\n\n<p><strong><mark style=\"background-color:rgba(0, 0, 0, 0)\" class=\"has-inline-color has-vivid-red-color\">\u0218ti\u021bi cum este, \u00eencepe cu o palm\u0103, m\u00e2ine dou\u0103 palme, dup\u0103 un pumn \u0219i tot a\u0219a. Este o escaladare gradual\u0103 a violen\u021bei. <\/mark><\/strong><\/p>\n\n\n\n<p>\u0218i eu cred c\u0103 dac\u0103 ajungem ca stat s\u0103 intervenim la timp, \u00eenainte ca lucrurile s\u0103 degenereze prea tare \u0219i s\u0103 se ajung\u0103 fie la tentativ\u0103, fie chiar la omor, doamne fere\u0219te, cred c\u0103 \u00een felul \u0103sta putem s\u0103 protej\u0103m femeile \u0219i s\u0103 curm\u0103m acest lan\u021b al violen\u021bei.<\/p>\n\n\n\n<p>Tocmai de aceea, am eliminat <strong><mark style=\"background-color:rgba(0, 0, 0, 0)\" class=\"has-inline-color has-vivid-red-color\">punerea ac\u021biunii penale \u00een mi\u0219care la pl\u00e2ngerea victimei<\/mark><\/strong>. \u00cen momentul de fa\u021b\u0103, pentru c\u0103 legea nu a intrat \u00eenc\u0103 \u00een vigoare, Codul Penal spune c\u0103 \u00een cazurile de violen\u021b\u0103 domestic\u0103, ac\u021biunea penal\u0103 se pune \u00een mi\u0219care fie la pl\u00e2ngerea victimei, fie din oficiu. <\/p>\n\n\n\n<p>\u0218i sun\u0103 foarte bine. <strong>Problema este c\u0103, \u00een practic\u0103, multe victime refuz\u0103 s\u0103 depun\u0103 pl\u00e2ngere, pentru c\u0103 le este team\u0103 sau le este ru\u0219ine<\/strong>. Sau pentru c\u0103 exist\u0103 o presiune din partea familiei, nu mai zic de agresor, a comunit\u0103\u021bii, s\u0103 nu o fac\u0103. <\/p>\n\n\n\n<p>Iar poli\u021bia, de\u0219i are informa\u021bii \u0219i ia act despre actele de violen\u021b\u0103, nu pune \u00een mi\u0219care ac\u021biunea penal\u0103, spun\u00e2nd c\u0103 victima nu a vrut s\u0103 depun\u0103 pl\u00e2ngere.<\/p>\n\n\n\n<blockquote class=\"wp-block-quote is-layout-flow wp-block-quote-is-layout-flow\">\n<p>Iar faptul c\u0103 nu vrut s\u0103 depun\u0103 pl\u00e2ngere, nu ar trebui s\u0103 ofere o porti\u021b\u0103 de sc\u0103pare agresorului, iar noi, ca stat, trebuie s\u0103 protej\u0103m victima, chiar dac\u0103 ea nu are, \u00een primul r\u00e2nd, resursele emo\u021bionale, s\u0103 o fac\u0103.<\/p>\n<\/blockquote>\n\n\n\n<p><a href=\"https:\/\/anes.gov.ro\/call-center\/\" target=\"_blank\" rel=\"noreferrer noopener\"><strong>Linie telefonic\u0103 gratuit\u0103 pentru victimele violen\u021bei domestice: 0800.500.333<\/strong><\/a><\/p>\n\n\n\n<p><strong>Odat\u0103 cu aceast\u0103 con\u0219tientizare a gravit\u0103\u021bii violen\u021bei \u00eempotriva femeilor \u0219i a presiunii sociale, despre care vorbea\u021bi mai devreme, observ\u0103m \u0219i o campanie de dezinformare, \u00een contrapartid\u0103. Cum crede\u021bi c\u0103 poate interveni statul pentru a combate astfel de dezinform\u0103ri?<\/strong><\/p>\n\n\n\n<p>\u00cen primul r\u00e2nd, cred c\u0103 trebuie <strong><mark style=\"background-color:rgba(0, 0, 0, 0)\" class=\"has-inline-color has-vivid-red-color\">s\u0103 contracar\u0103m aceste fake news-uri<\/mark><\/strong> care circul\u0103. Pentru c\u0103 de multe ori avem tendin\u021ba s\u0103 spunem \u201elas\u0103-i c\u0103 sunt bula lor, nu-\u021bi pui mintea cu ei\u201d, dar nu-i a\u0219a. \u00cen orice situa\u021bie de acest gen, exist\u0103 un public care e \u201epierdut\u201d, fiind foarte radicalizat, dar exist\u0103 \u0219i un segment de nehot\u0103r\u00e2\u021bi.<\/p>\n\n\n\n<p>\u0218i noi ne-am confruntat cu tot felul de campanii negative pe social media, pe televiziuni care joac\u0103 \u00een tab\u0103ra lui C\u0103lin Georgescu \u0219i a\u0219a mai departe, care ne-au acuzat de vrute \u0219i nevrute. A existat o campanie de dezinformare, care sigur c\u0103 a ridicat tot felul de semne de \u00eentrebare, inclusiv \u00een r\u00e2ndul anumitor colegi, \u00eens\u0103 noi am explicat tuturor, legea era acolo, puteau s\u0103 o citeasc\u0103 cu to\u021bii.<\/p>\n\n\n\n<p>\u00cen al doilea r\u00e2nd, cred c\u0103 dincolo de a contracara, pentru c\u0103 asta doar ne pune \u00een defensiv\u0103, e o banalitate ce spun, dar cred c\u0103 cea mai bun\u0103 ap\u0103rare este atacul.<\/p>\n\n\n\n<blockquote class=\"wp-block-quote is-layout-flow wp-block-quote-is-layout-flow\">\n<p>Cred c\u0103 trebuie s\u0103 avem curajul s\u0103 \u00eei punem noi pe ei \u00een defensiv\u0103 \u0219i s\u0103 venim cu teme care sunt noi, care sunt relevante pentru femei \u0219i care \u00eemping frontierele drepturilor femeilor \u00een societate. <\/p>\n\n\n\n<p><\/p>\n\n\n\n<p>Altminteri, ap\u0103r\u0103m ceea ce am cucerit de-a lungul deceniilor sau chiar secolelor anterioare \u0219i at\u00e2t. Dar nu-i a\u0219a. Exist\u0103 drepturi ale femeilor care trebuie \u00eenc\u0103 cucerite.<\/p>\n<\/blockquote>\n\n\n\n<p>Eu, de exemplu, explorez care ar fi posibilitatea s\u0103 introducem prin lege <strong>obligativitatea gratuit\u0103\u021bii produselor menstruale<\/strong>. \u00cenc\u0103 n-am s\u0103pat foarte ad\u00e2nc \u00een acest subiect, dar mi se pare c\u0103 este un drept al femeii, care trebuie instituit, \u0219i caut o solu\u021bie legislativ\u0103 pentru asta. Este doar un exemplu, sunt multe alte chestiuni, de la egalitate salarial\u0103 p\u00e2n\u0103 la concediu menstrual.<\/p>\n\n\n\n<p>\u0218i acum, strict pe partea care nu mai \u021bine de Parlament, cred c\u0103 trebuie s\u0103 fim mult mai fermi ca stat. Avem o legisla\u021bie fascist\u0103, extremist\u0103 \u0219i a\u0219a mai departe, \u015fi \u015fti\u0163i foarte bine c\u0103 am avut <strong>zero dosare ajunse \u00een instan\u021b\u0103 pentru acest lucru.<\/strong><\/p>\n\n\n\n<p><a href=\"https:\/\/anes.gov.ro\/call-center\/\" target=\"_blank\" rel=\"noreferrer noopener\"><strong>Linie telefonic\u0103 gratuit\u0103 pentru victimele violen\u021bei domestice: 0800.500.333<\/strong><\/a><\/p>\n\n\n\n<p><strong>A\u021bi dat voce uneia dintre protagonistele filmului \u201e\u00centre Revolu\u021bii\u201d. Ce considera\u021bi c\u0103 ar putea \u00eenv\u0103\u021ba publicul din acest film despre drepturile femeilor?<\/strong><\/p>\n\n\n\n<p>Cred c\u0103 este un film care, sigur, are \u0219i aceast\u0103 dimensiune politic\u0103, pentru c\u0103 este un film despre speran\u021b\u0103, despre speran\u021be de mai bine, speran\u021ba pentru o lume mai bun\u0103 \u0219i dezam\u0103girea care urmeaz\u0103.<\/p>\n\n\n\n<p>Avem, pe deoparte, Revolu\u021bia din \u201979 din Iran, care, din p\u0103cate, de\u0219i s-a plecat cu speran\u021be foarte mari, s-a ajuns la o dictatur\u0103. Pe de alt\u0103 parte, Revolu\u021bia din \u201989 din Rom\u00e2nia, unde iar\u0103\u0219i s-a plecat cu speran\u021be foarte mari. Din fericire, nu s-a ajuns la o dictatur\u0103 ca \u00een Iran, dar totu\u0219i ceea ce a urmat nu a fost la \u00een\u0103l\u021bimea a\u0219tept\u0103rilor \u0219i a speran\u021belor celor care au ie\u0219it \u00een strad\u0103, celor care au luptat pentru o via\u021b\u0103 mai bun\u0103.<\/p>\n\n\n\n<p>Deci este un film despre speran\u021b\u0103 \u0219i deziluzie, este un film despre <strong><mark style=\"background-color:rgba(0, 0, 0, 0)\" class=\"has-inline-color has-vivid-red-color\">prietenia dintre dou\u0103 femei<\/mark><\/strong>. De\u0219i cele dou\u0103 protagoniste nu se mai v\u0103d, \u00eentre ele r\u0103m\u00e2ne o rela\u021bie de prietenie \u0219i solidaritate pentru mai bine de zece ani, p\u00e2n\u0103 c\u00e2nd una din ele nu mai r\u0103spunde la scrisori.<\/p>\n\n\n\n<blockquote class=\"wp-block-quote is-layout-flow wp-block-quote-is-layout-flow\">\n<p>Portretizeaz\u0103 femeia \u00een fa\u021ba marilor evenimente, \u00een fa\u021ba marii istorii, care vine ca un t\u0103v\u0103lug. \u0218i totu\u0219i aceste femei, \u00een fragilitatea lor, r\u0103m\u00e2n demne, r\u0103m\u00e2n solidare \u0219i r\u0103m\u00e2n una aproape de cealalt\u0103.<\/p>\n<\/blockquote>\n\n\n\n<p><strong>CITE\u0218TE \u0218I:<\/strong> <a href=\"https:\/\/buletin.de\/bucuresti\/reportaj-cate-mai-trebuie-sa-murim-mii-de-femei-au-strigat-in-cor-in-piata-victoriei-pentru-femeile-care-nu-mai-au-voce\/\"><strong>REPORTAJ | \u201eSunt vie azi, dar poate m\u00e2ine ajung la \u0219tiri!\u201d. Mii de femei au strigat \u00een cor, \u00een Pia\u021ba Victoriei, pentru femeile care nu mai au voce<\/strong><\/a><\/p>\n","protected":false},"excerpt":{"rendered":"<p>Femicidul, adic\u0103 crim\u0103 bazat\u0103 pe ur\u0103 \u00eempotriva femeilor, va fi recunoscut, \u00een premier\u0103, \u00een legisla\u021bia rom\u00e2neasc\u0103. Adoptarea care condamn\u0103 \u00een mod explicit uciderea femilor reprezint\u0103 un pas major pentru protejarea acestora \u00een Rom\u00e2nia \u0219i pentru combaterea violen\u021bei de gen. Proiectul a fost adoptat miercuri, 25 martie, de Camera Deputa\u021bilor, \u00een calitate de for decizional \u0219i [&hellip;]<\/p>\n","protected":false},"author":55,"featured_media":183642,"comment_status":"closed","ping_status":"open","sticky":false,"template":"","format":"standard","meta":{"_acf_changed":false,"inline_featured_image":false,"ngg_post_thumbnail":0,"footnotes":""},"categories":[6994,3419,3238],"tags":[27382,24324,21794,27381,2454,24330,1302,24648],"ppma_author":[22573],"class_list":["post-183574","post","type-post","status-publish","format-standard","has-post-thumbnail","hentry","category-stiri-2","category-featured","category-interviu","tag-evaluarea-riscului","tag-femei-ucise","tag-femicid","tag-legea-pentru-prevenirea-femicidului","tag-plangere-penala","tag-victoria-stoiciu","tag-violenta-domestica","tag-violenta-impotriva-femeilor"],"acf":[],"yoast_head":"<!-- This site is optimized with the Yoast SEO Premium plugin v25.3 (Yoast SEO v27.5) - https:\/\/yoast.com\/product\/yoast-seo-premium-wordpress\/ -->\n<title>De ce a fost nevoie de o lege separat\u0103 pentru uciderea femeilor. Victoria Stoiciu: Tot ce \u021bine de drepturile femeilor nu reprezint\u0103 o prioritate \u00een Rom\u00e2nia - Buletin de Bucure\u0219ti<\/title>\n<meta name=\"description\" content=\"Femicidul, adic\u0103 crim\u0103 bazat\u0103 pe ur\u0103 \u00eempotriva femeilor, va fi recunoscut, \u00een premier\u0103, \u00een legisla\u021bia rom\u00e2neasc\u0103.\" \/>\n<meta name=\"robots\" content=\"index, follow, max-snippet:-1, max-image-preview:large, max-video-preview:-1\" \/>\n<link rel=\"canonical\" href=\"https:\/\/buletin.de\/bucuresti\/interviu-de-ce-a-fost-nevoie-de-o-lege-separata-pentru-uciderea-femeilor-victoria-stoiciu-tot-ce-tine-de-drepturile-femeilor-nu-reprezinta-o-prioritate-in-romania\/\" \/>\n<meta property=\"og:locale\" content=\"en_GB\" \/>\n<meta property=\"og:type\" content=\"article\" \/>\n<meta property=\"og:title\" content=\"De ce a fost nevoie de o lege separat\u0103 pentru uciderea femeilor. Victoria Stoiciu: Tot ce \u021bine de drepturile femeilor nu reprezint\u0103 o prioritate \u00een Rom\u00e2nia\" \/>\n<meta property=\"og:description\" content=\"Femicidul, adic\u0103 crim\u0103 bazat\u0103 pe ur\u0103 \u00eempotriva femeilor, va fi recunoscut, \u00een premier\u0103, \u00een legisla\u021bia rom\u00e2neasc\u0103.\" \/>\n<meta property=\"og:url\" content=\"https:\/\/buletin.de\/bucuresti\/interviu-de-ce-a-fost-nevoie-de-o-lege-separata-pentru-uciderea-femeilor-victoria-stoiciu-tot-ce-tine-de-drepturile-femeilor-nu-reprezinta-o-prioritate-in-romania\/\" \/>\n<meta property=\"og:site_name\" content=\"Buletin de Bucure\u0219ti\" \/>\n<meta property=\"article:publisher\" content=\"https:\/\/www.facebook.com\/buletin.de.buc\" \/>\n<meta property=\"article:published_time\" content=\"2026-03-30T14:21:00+00:00\" \/>\n<meta property=\"article:modified_time\" content=\"2026-03-31T04:42:29+00:00\" \/>\n<meta property=\"og:image\" content=\"https:\/\/buletin.de\/bucuresti\/wp-content\/uploads\/2026\/03\/ID322409_INQUAM_Photos_Pana_Tudor-1600x1067-1.jpg\" \/>\n\t<meta property=\"og:image:width\" content=\"1600\" \/>\n\t<meta property=\"og:image:height\" content=\"1067\" \/>\n\t<meta property=\"og:image:type\" content=\"image\/jpeg\" \/>\n<meta name=\"author\" content=\"Andreea Tudor\" \/>\n<meta name=\"twitter:card\" content=\"summary_large_image\" \/>\n<meta name=\"twitter:label1\" content=\"Written by\" \/>\n\t<meta name=\"twitter:data1\" content=\"Andreea Tudor\" \/>\n\t<meta name=\"twitter:label2\" content=\"Estimated reading time\" \/>\n\t<meta name=\"twitter:data2\" content=\"1 minute\" \/>\n<script type=\"application\/ld+json\" class=\"yoast-schema-graph\">{\"@context\":\"https:\\\/\\\/schema.org\",\"@graph\":[{\"@type\":\"Article\",\"@id\":\"https:\\\/\\\/buletin.de\\\/bucuresti\\\/interviu-de-ce-a-fost-nevoie-de-o-lege-separata-pentru-uciderea-femeilor-victoria-stoiciu-tot-ce-tine-de-drepturile-femeilor-nu-reprezinta-o-prioritate-in-romania\\\/#article\",\"isPartOf\":{\"@id\":\"https:\\\/\\\/buletin.de\\\/bucuresti\\\/interviu-de-ce-a-fost-nevoie-de-o-lege-separata-pentru-uciderea-femeilor-victoria-stoiciu-tot-ce-tine-de-drepturile-femeilor-nu-reprezinta-o-prioritate-in-romania\\\/\"},\"author\":{\"name\":\"Andreea Tudor\",\"@id\":\"https:\\\/\\\/buletin.de\\\/bucuresti\\\/#\\\/schema\\\/person\\\/150590659efde715459d159da012f501\"},\"headline\":\"De ce a fost nevoie de o lege separat\u0103 pentru uciderea femeilor. Victoria Stoiciu: Tot ce \u021bine de drepturile femeilor nu reprezint\u0103 o prioritate \u00een Rom\u00e2nia\",\"datePublished\":\"2026-03-30T14:21:00+00:00\",\"dateModified\":\"2026-03-31T04:42:29+00:00\",\"mainEntityOfPage\":{\"@id\":\"https:\\\/\\\/buletin.de\\\/bucuresti\\\/interviu-de-ce-a-fost-nevoie-de-o-lege-separata-pentru-uciderea-femeilor-victoria-stoiciu-tot-ce-tine-de-drepturile-femeilor-nu-reprezinta-o-prioritate-in-romania\\\/\"},\"wordCount\":3907,\"publisher\":{\"@id\":\"https:\\\/\\\/buletin.de\\\/bucuresti\\\/#organization\"},\"image\":{\"@id\":\"https:\\\/\\\/buletin.de\\\/bucuresti\\\/interviu-de-ce-a-fost-nevoie-de-o-lege-separata-pentru-uciderea-femeilor-victoria-stoiciu-tot-ce-tine-de-drepturile-femeilor-nu-reprezinta-o-prioritate-in-romania\\\/#primaryimage\"},\"thumbnailUrl\":\"https:\\\/\\\/buletin.de\\\/bucuresti\\\/wp-content\\\/uploads\\\/2026\\\/03\\\/ID322409_INQUAM_Photos_Pana_Tudor-1600x1067-1.jpg\",\"keywords\":[\"evaluarea riscului\",\"femei ucise\",\"femicid\",\"legea pentru prevenirea femicidului\",\"plangere penala\",\"victoria stoiciu\",\"violenta domestica\",\"violenta impotriva femeilor\"],\"articleSection\":[\"Articole\",\"Featured\",\"Interviu\"],\"inLanguage\":\"en-GB\",\"copyrightYear\":\"2026\",\"copyrightHolder\":{\"@id\":\"https:\\\/\\\/buletin.de\\\/bucuresti\\\/#organization\"}},{\"@type\":\"WebPage\",\"@id\":\"https:\\\/\\\/buletin.de\\\/bucuresti\\\/interviu-de-ce-a-fost-nevoie-de-o-lege-separata-pentru-uciderea-femeilor-victoria-stoiciu-tot-ce-tine-de-drepturile-femeilor-nu-reprezinta-o-prioritate-in-romania\\\/\",\"url\":\"https:\\\/\\\/buletin.de\\\/bucuresti\\\/interviu-de-ce-a-fost-nevoie-de-o-lege-separata-pentru-uciderea-femeilor-victoria-stoiciu-tot-ce-tine-de-drepturile-femeilor-nu-reprezinta-o-prioritate-in-romania\\\/\",\"name\":\"De ce a fost nevoie de o lege separat\u0103 pentru uciderea femeilor. Victoria Stoiciu: Tot ce \u021bine de drepturile femeilor nu reprezint\u0103 o prioritate \u00een Rom\u00e2nia - Buletin de Bucure\u0219ti\",\"isPartOf\":{\"@id\":\"https:\\\/\\\/buletin.de\\\/bucuresti\\\/#website\"},\"primaryImageOfPage\":{\"@id\":\"https:\\\/\\\/buletin.de\\\/bucuresti\\\/interviu-de-ce-a-fost-nevoie-de-o-lege-separata-pentru-uciderea-femeilor-victoria-stoiciu-tot-ce-tine-de-drepturile-femeilor-nu-reprezinta-o-prioritate-in-romania\\\/#primaryimage\"},\"image\":{\"@id\":\"https:\\\/\\\/buletin.de\\\/bucuresti\\\/interviu-de-ce-a-fost-nevoie-de-o-lege-separata-pentru-uciderea-femeilor-victoria-stoiciu-tot-ce-tine-de-drepturile-femeilor-nu-reprezinta-o-prioritate-in-romania\\\/#primaryimage\"},\"thumbnailUrl\":\"https:\\\/\\\/buletin.de\\\/bucuresti\\\/wp-content\\\/uploads\\\/2026\\\/03\\\/ID322409_INQUAM_Photos_Pana_Tudor-1600x1067-1.jpg\",\"datePublished\":\"2026-03-30T14:21:00+00:00\",\"dateModified\":\"2026-03-31T04:42:29+00:00\",\"description\":\"Femicidul, adic\u0103 crim\u0103 bazat\u0103 pe ur\u0103 \u00eempotriva femeilor, va fi recunoscut, \u00een premier\u0103, \u00een legisla\u021bia rom\u00e2neasc\u0103.\",\"breadcrumb\":{\"@id\":\"https:\\\/\\\/buletin.de\\\/bucuresti\\\/interviu-de-ce-a-fost-nevoie-de-o-lege-separata-pentru-uciderea-femeilor-victoria-stoiciu-tot-ce-tine-de-drepturile-femeilor-nu-reprezinta-o-prioritate-in-romania\\\/#breadcrumb\"},\"inLanguage\":\"en-GB\",\"potentialAction\":[{\"@type\":\"ReadAction\",\"target\":[\"https:\\\/\\\/buletin.de\\\/bucuresti\\\/interviu-de-ce-a-fost-nevoie-de-o-lege-separata-pentru-uciderea-femeilor-victoria-stoiciu-tot-ce-tine-de-drepturile-femeilor-nu-reprezinta-o-prioritate-in-romania\\\/\"]}]},{\"@type\":\"ImageObject\",\"inLanguage\":\"en-GB\",\"@id\":\"https:\\\/\\\/buletin.de\\\/bucuresti\\\/interviu-de-ce-a-fost-nevoie-de-o-lege-separata-pentru-uciderea-femeilor-victoria-stoiciu-tot-ce-tine-de-drepturile-femeilor-nu-reprezinta-o-prioritate-in-romania\\\/#primaryimage\",\"url\":\"https:\\\/\\\/buletin.de\\\/bucuresti\\\/wp-content\\\/uploads\\\/2026\\\/03\\\/ID322409_INQUAM_Photos_Pana_Tudor-1600x1067-1.jpg\",\"contentUrl\":\"https:\\\/\\\/buletin.de\\\/bucuresti\\\/wp-content\\\/uploads\\\/2026\\\/03\\\/ID322409_INQUAM_Photos_Pana_Tudor-1600x1067-1.jpg\",\"width\":1600,\"height\":1067,\"caption\":\"Femicidul, recunoscut oficial. Ce urmeaz\u0103 dup\u0103 promulgarea legii. Victoria Stoiciu, ini\u021biatoare: \u201eNoi, ca stat, trebuie s\u0103 protej\u0103m victima, chiar dac\u0103 ea nu are resursele emo\u021bionale s\u0103 o fac\u0103\u201d. Foto: Andreea Tudor\"},{\"@type\":\"BreadcrumbList\",\"@id\":\"https:\\\/\\\/buletin.de\\\/bucuresti\\\/interviu-de-ce-a-fost-nevoie-de-o-lege-separata-pentru-uciderea-femeilor-victoria-stoiciu-tot-ce-tine-de-drepturile-femeilor-nu-reprezinta-o-prioritate-in-romania\\\/#breadcrumb\",\"itemListElement\":[{\"@type\":\"ListItem\",\"position\":1,\"name\":\"Acas\u0103\",\"item\":\"https:\\\/\\\/buletin.de\\\/bucuresti\\\/\"},{\"@type\":\"ListItem\",\"position\":2,\"name\":\"De ce a fost nevoie de o lege separat\u0103 pentru uciderea femeilor. Victoria Stoiciu: Tot ce \u021bine de drepturile femeilor nu reprezint\u0103 o prioritate \u00een Rom\u00e2nia\"}]},{\"@type\":\"WebSite\",\"@id\":\"https:\\\/\\\/buletin.de\\\/bucuresti\\\/#website\",\"url\":\"https:\\\/\\\/buletin.de\\\/bucuresti\\\/\",\"name\":\"Buletin de Bucure\u0219ti\",\"description\":\"\u0218tiri \u0219i investiga\u021bii esen\u021biale din capital\u0103\",\"publisher\":{\"@id\":\"https:\\\/\\\/buletin.de\\\/bucuresti\\\/#organization\"},\"potentialAction\":[{\"@type\":\"SearchAction\",\"target\":{\"@type\":\"EntryPoint\",\"urlTemplate\":\"https:\\\/\\\/buletin.de\\\/bucuresti\\\/?s={search_term_string}\"},\"query-input\":{\"@type\":\"PropertyValueSpecification\",\"valueRequired\":true,\"valueName\":\"search_term_string\"}}],\"inLanguage\":\"en-GB\"},{\"@type\":\"Organization\",\"@id\":\"https:\\\/\\\/buletin.de\\\/bucuresti\\\/#organization\",\"name\":\"Buletin de Bucure\u0219ti\",\"url\":\"https:\\\/\\\/buletin.de\\\/bucuresti\\\/\",\"logo\":{\"@type\":\"ImageObject\",\"inLanguage\":\"en-GB\",\"@id\":\"https:\\\/\\\/buletin.de\\\/bucuresti\\\/#\\\/schema\\\/logo\\\/image\\\/\",\"url\":\"https:\\\/\\\/buletin.de\\\/bucuresti\\\/wp-content\\\/uploads\\\/logo-bdb-full-wide-vernil-transparent.png\",\"contentUrl\":\"https:\\\/\\\/buletin.de\\\/bucuresti\\\/wp-content\\\/uploads\\\/logo-bdb-full-wide-vernil-transparent.png\",\"width\":1782,\"height\":626,\"caption\":\"Buletin de Bucure\u0219ti\"},\"image\":{\"@id\":\"https:\\\/\\\/buletin.de\\\/bucuresti\\\/#\\\/schema\\\/logo\\\/image\\\/\"},\"sameAs\":[\"https:\\\/\\\/www.facebook.com\\\/buletin.de.buc\",\"https:\\\/\\\/www.instagram.com\\\/buletinde.bucuresti\\\/\"]},{\"@type\":\"Person\",\"@id\":\"https:\\\/\\\/buletin.de\\\/bucuresti\\\/#\\\/schema\\\/person\\\/150590659efde715459d159da012f501\",\"name\":\"Andreea Tudor\",\"image\":{\"@type\":\"ImageObject\",\"inLanguage\":\"en-GB\",\"@id\":\"https:\\\/\\\/secure.gravatar.com\\\/avatar\\\/a88705a186ab0b67f3349bcbced506c09e37256fbaad0e7f3bd1a79b4599f589?s=96&d=monsterid&r=g79290610aa1a65c2b86eebc2ca5aee8f\",\"url\":\"https:\\\/\\\/secure.gravatar.com\\\/avatar\\\/a88705a186ab0b67f3349bcbced506c09e37256fbaad0e7f3bd1a79b4599f589?s=96&d=monsterid&r=g\",\"contentUrl\":\"https:\\\/\\\/secure.gravatar.com\\\/avatar\\\/a88705a186ab0b67f3349bcbced506c09e37256fbaad0e7f3bd1a79b4599f589?s=96&d=monsterid&r=g\",\"caption\":\"Andreea Tudor\"},\"description\":\"N\u0103scut\u0103 \u0219i crescut\u0103 \u00een Bucure\u0219ti, sus\u021bin\u0103toare a presei independente. A\u0219a am ajuns redactor la Buletin de Bucure\u0219ti. Fiind eu, \u00eens\u0103mi, parte a sistemului de \u00eenv\u0103\u021b\u0103m\u00e2nt rom\u00e2nesc \u0219i pasionat\u0103 de domeniul social, pun sub lup\u0103 tot ceea ce se \u00eent\u00e2mpl\u0103 \u00een sfera educa\u021biei. Cred cu t\u0103rie c\u0103 presa \u201epentru cet\u0103\u021beni\u201d este presa independent\u0103. Oamenii au nevoie de o informare corect\u0103 pentru a \u00een\u021belege pe deplin ce se \u00eent\u00e2mpl\u0103 \u00een jurul lor \u0219i pentru a lua ac\u021biune \u00eempotriva nedrept\u0103\u021bilor.\",\"url\":\"https:\\\/\\\/buletin.de\\\/bucuresti\\\/author\\\/andreeatudor\\\/\"}]}<\/script>\n<!-- \/ Yoast SEO Premium plugin. -->","yoast_head_json":{"title":"De ce a fost nevoie de o lege separat\u0103 pentru uciderea femeilor. Victoria Stoiciu: Tot ce \u021bine de drepturile femeilor nu reprezint\u0103 o prioritate \u00een Rom\u00e2nia - Buletin de Bucure\u0219ti","description":"Femicidul, adic\u0103 crim\u0103 bazat\u0103 pe ur\u0103 \u00eempotriva femeilor, va fi recunoscut, \u00een premier\u0103, \u00een legisla\u021bia rom\u00e2neasc\u0103.","robots":{"index":"index","follow":"follow","max-snippet":"max-snippet:-1","max-image-preview":"max-image-preview:large","max-video-preview":"max-video-preview:-1"},"canonical":"https:\/\/buletin.de\/bucuresti\/interviu-de-ce-a-fost-nevoie-de-o-lege-separata-pentru-uciderea-femeilor-victoria-stoiciu-tot-ce-tine-de-drepturile-femeilor-nu-reprezinta-o-prioritate-in-romania\/","og_locale":"en_GB","og_type":"article","og_title":"De ce a fost nevoie de o lege separat\u0103 pentru uciderea femeilor. Victoria Stoiciu: Tot ce \u021bine de drepturile femeilor nu reprezint\u0103 o prioritate \u00een Rom\u00e2nia","og_description":"Femicidul, adic\u0103 crim\u0103 bazat\u0103 pe ur\u0103 \u00eempotriva femeilor, va fi recunoscut, \u00een premier\u0103, \u00een legisla\u021bia rom\u00e2neasc\u0103.","og_url":"https:\/\/buletin.de\/bucuresti\/interviu-de-ce-a-fost-nevoie-de-o-lege-separata-pentru-uciderea-femeilor-victoria-stoiciu-tot-ce-tine-de-drepturile-femeilor-nu-reprezinta-o-prioritate-in-romania\/","og_site_name":"Buletin de Bucure\u0219ti","article_publisher":"https:\/\/www.facebook.com\/buletin.de.buc","article_published_time":"2026-03-30T14:21:00+00:00","article_modified_time":"2026-03-31T04:42:29+00:00","og_image":[{"width":1600,"height":1067,"url":"https:\/\/buletin.de\/bucuresti\/wp-content\/uploads\/2026\/03\/ID322409_INQUAM_Photos_Pana_Tudor-1600x1067-1.jpg","type":"image\/jpeg"}],"author":"Andreea Tudor","twitter_card":"summary_large_image","twitter_misc":{"Written by":"Andreea Tudor","Estimated reading time":"1 minute"},"schema":{"@context":"https:\/\/schema.org","@graph":[{"@type":"Article","@id":"https:\/\/buletin.de\/bucuresti\/interviu-de-ce-a-fost-nevoie-de-o-lege-separata-pentru-uciderea-femeilor-victoria-stoiciu-tot-ce-tine-de-drepturile-femeilor-nu-reprezinta-o-prioritate-in-romania\/#article","isPartOf":{"@id":"https:\/\/buletin.de\/bucuresti\/interviu-de-ce-a-fost-nevoie-de-o-lege-separata-pentru-uciderea-femeilor-victoria-stoiciu-tot-ce-tine-de-drepturile-femeilor-nu-reprezinta-o-prioritate-in-romania\/"},"author":{"name":"Andreea Tudor","@id":"https:\/\/buletin.de\/bucuresti\/#\/schema\/person\/150590659efde715459d159da012f501"},"headline":"De ce a fost nevoie de o lege separat\u0103 pentru uciderea femeilor. Victoria Stoiciu: Tot ce \u021bine de drepturile femeilor nu reprezint\u0103 o prioritate \u00een Rom\u00e2nia","datePublished":"2026-03-30T14:21:00+00:00","dateModified":"2026-03-31T04:42:29+00:00","mainEntityOfPage":{"@id":"https:\/\/buletin.de\/bucuresti\/interviu-de-ce-a-fost-nevoie-de-o-lege-separata-pentru-uciderea-femeilor-victoria-stoiciu-tot-ce-tine-de-drepturile-femeilor-nu-reprezinta-o-prioritate-in-romania\/"},"wordCount":3907,"publisher":{"@id":"https:\/\/buletin.de\/bucuresti\/#organization"},"image":{"@id":"https:\/\/buletin.de\/bucuresti\/interviu-de-ce-a-fost-nevoie-de-o-lege-separata-pentru-uciderea-femeilor-victoria-stoiciu-tot-ce-tine-de-drepturile-femeilor-nu-reprezinta-o-prioritate-in-romania\/#primaryimage"},"thumbnailUrl":"https:\/\/buletin.de\/bucuresti\/wp-content\/uploads\/2026\/03\/ID322409_INQUAM_Photos_Pana_Tudor-1600x1067-1.jpg","keywords":["evaluarea riscului","femei ucise","femicid","legea pentru prevenirea femicidului","plangere penala","victoria stoiciu","violenta domestica","violenta impotriva femeilor"],"articleSection":["Articole","Featured","Interviu"],"inLanguage":"en-GB","copyrightYear":"2026","copyrightHolder":{"@id":"https:\/\/buletin.de\/bucuresti\/#organization"}},{"@type":"WebPage","@id":"https:\/\/buletin.de\/bucuresti\/interviu-de-ce-a-fost-nevoie-de-o-lege-separata-pentru-uciderea-femeilor-victoria-stoiciu-tot-ce-tine-de-drepturile-femeilor-nu-reprezinta-o-prioritate-in-romania\/","url":"https:\/\/buletin.de\/bucuresti\/interviu-de-ce-a-fost-nevoie-de-o-lege-separata-pentru-uciderea-femeilor-victoria-stoiciu-tot-ce-tine-de-drepturile-femeilor-nu-reprezinta-o-prioritate-in-romania\/","name":"De ce a fost nevoie de o lege separat\u0103 pentru uciderea femeilor. Victoria Stoiciu: Tot ce \u021bine de drepturile femeilor nu reprezint\u0103 o prioritate \u00een Rom\u00e2nia - Buletin de Bucure\u0219ti","isPartOf":{"@id":"https:\/\/buletin.de\/bucuresti\/#website"},"primaryImageOfPage":{"@id":"https:\/\/buletin.de\/bucuresti\/interviu-de-ce-a-fost-nevoie-de-o-lege-separata-pentru-uciderea-femeilor-victoria-stoiciu-tot-ce-tine-de-drepturile-femeilor-nu-reprezinta-o-prioritate-in-romania\/#primaryimage"},"image":{"@id":"https:\/\/buletin.de\/bucuresti\/interviu-de-ce-a-fost-nevoie-de-o-lege-separata-pentru-uciderea-femeilor-victoria-stoiciu-tot-ce-tine-de-drepturile-femeilor-nu-reprezinta-o-prioritate-in-romania\/#primaryimage"},"thumbnailUrl":"https:\/\/buletin.de\/bucuresti\/wp-content\/uploads\/2026\/03\/ID322409_INQUAM_Photos_Pana_Tudor-1600x1067-1.jpg","datePublished":"2026-03-30T14:21:00+00:00","dateModified":"2026-03-31T04:42:29+00:00","description":"Femicidul, adic\u0103 crim\u0103 bazat\u0103 pe ur\u0103 \u00eempotriva femeilor, va fi recunoscut, \u00een premier\u0103, \u00een legisla\u021bia rom\u00e2neasc\u0103.","breadcrumb":{"@id":"https:\/\/buletin.de\/bucuresti\/interviu-de-ce-a-fost-nevoie-de-o-lege-separata-pentru-uciderea-femeilor-victoria-stoiciu-tot-ce-tine-de-drepturile-femeilor-nu-reprezinta-o-prioritate-in-romania\/#breadcrumb"},"inLanguage":"en-GB","potentialAction":[{"@type":"ReadAction","target":["https:\/\/buletin.de\/bucuresti\/interviu-de-ce-a-fost-nevoie-de-o-lege-separata-pentru-uciderea-femeilor-victoria-stoiciu-tot-ce-tine-de-drepturile-femeilor-nu-reprezinta-o-prioritate-in-romania\/"]}]},{"@type":"ImageObject","inLanguage":"en-GB","@id":"https:\/\/buletin.de\/bucuresti\/interviu-de-ce-a-fost-nevoie-de-o-lege-separata-pentru-uciderea-femeilor-victoria-stoiciu-tot-ce-tine-de-drepturile-femeilor-nu-reprezinta-o-prioritate-in-romania\/#primaryimage","url":"https:\/\/buletin.de\/bucuresti\/wp-content\/uploads\/2026\/03\/ID322409_INQUAM_Photos_Pana_Tudor-1600x1067-1.jpg","contentUrl":"https:\/\/buletin.de\/bucuresti\/wp-content\/uploads\/2026\/03\/ID322409_INQUAM_Photos_Pana_Tudor-1600x1067-1.jpg","width":1600,"height":1067,"caption":"Femicidul, recunoscut oficial. Ce urmeaz\u0103 dup\u0103 promulgarea legii. Victoria Stoiciu, ini\u021biatoare: \u201eNoi, ca stat, trebuie s\u0103 protej\u0103m victima, chiar dac\u0103 ea nu are resursele emo\u021bionale s\u0103 o fac\u0103\u201d. Foto: Andreea Tudor"},{"@type":"BreadcrumbList","@id":"https:\/\/buletin.de\/bucuresti\/interviu-de-ce-a-fost-nevoie-de-o-lege-separata-pentru-uciderea-femeilor-victoria-stoiciu-tot-ce-tine-de-drepturile-femeilor-nu-reprezinta-o-prioritate-in-romania\/#breadcrumb","itemListElement":[{"@type":"ListItem","position":1,"name":"Acas\u0103","item":"https:\/\/buletin.de\/bucuresti\/"},{"@type":"ListItem","position":2,"name":"De ce a fost nevoie de o lege separat\u0103 pentru uciderea femeilor. Victoria Stoiciu: Tot ce \u021bine de drepturile femeilor nu reprezint\u0103 o prioritate \u00een Rom\u00e2nia"}]},{"@type":"WebSite","@id":"https:\/\/buletin.de\/bucuresti\/#website","url":"https:\/\/buletin.de\/bucuresti\/","name":"Buletin de Bucure\u0219ti","description":"\u0218tiri \u0219i investiga\u021bii esen\u021biale din capital\u0103","publisher":{"@id":"https:\/\/buletin.de\/bucuresti\/#organization"},"potentialAction":[{"@type":"SearchAction","target":{"@type":"EntryPoint","urlTemplate":"https:\/\/buletin.de\/bucuresti\/?s={search_term_string}"},"query-input":{"@type":"PropertyValueSpecification","valueRequired":true,"valueName":"search_term_string"}}],"inLanguage":"en-GB"},{"@type":"Organization","@id":"https:\/\/buletin.de\/bucuresti\/#organization","name":"Buletin de Bucure\u0219ti","url":"https:\/\/buletin.de\/bucuresti\/","logo":{"@type":"ImageObject","inLanguage":"en-GB","@id":"https:\/\/buletin.de\/bucuresti\/#\/schema\/logo\/image\/","url":"https:\/\/buletin.de\/bucuresti\/wp-content\/uploads\/logo-bdb-full-wide-vernil-transparent.png","contentUrl":"https:\/\/buletin.de\/bucuresti\/wp-content\/uploads\/logo-bdb-full-wide-vernil-transparent.png","width":1782,"height":626,"caption":"Buletin de Bucure\u0219ti"},"image":{"@id":"https:\/\/buletin.de\/bucuresti\/#\/schema\/logo\/image\/"},"sameAs":["https:\/\/www.facebook.com\/buletin.de.buc","https:\/\/www.instagram.com\/buletinde.bucuresti\/"]},{"@type":"Person","@id":"https:\/\/buletin.de\/bucuresti\/#\/schema\/person\/150590659efde715459d159da012f501","name":"Andreea Tudor","image":{"@type":"ImageObject","inLanguage":"en-GB","@id":"https:\/\/secure.gravatar.com\/avatar\/a88705a186ab0b67f3349bcbced506c09e37256fbaad0e7f3bd1a79b4599f589?s=96&d=monsterid&r=g79290610aa1a65c2b86eebc2ca5aee8f","url":"https:\/\/secure.gravatar.com\/avatar\/a88705a186ab0b67f3349bcbced506c09e37256fbaad0e7f3bd1a79b4599f589?s=96&d=monsterid&r=g","contentUrl":"https:\/\/secure.gravatar.com\/avatar\/a88705a186ab0b67f3349bcbced506c09e37256fbaad0e7f3bd1a79b4599f589?s=96&d=monsterid&r=g","caption":"Andreea Tudor"},"description":"N\u0103scut\u0103 \u0219i crescut\u0103 \u00een Bucure\u0219ti, sus\u021bin\u0103toare a presei independente. A\u0219a am ajuns redactor la Buletin de Bucure\u0219ti. Fiind eu, \u00eens\u0103mi, parte a sistemului de \u00eenv\u0103\u021b\u0103m\u00e2nt rom\u00e2nesc \u0219i pasionat\u0103 de domeniul social, pun sub lup\u0103 tot ceea ce se \u00eent\u00e2mpl\u0103 \u00een sfera educa\u021biei. Cred cu t\u0103rie c\u0103 presa \u201epentru cet\u0103\u021beni\u201d este presa independent\u0103. Oamenii au nevoie de o informare corect\u0103 pentru a \u00een\u021belege pe deplin ce se \u00eent\u00e2mpl\u0103 \u00een jurul lor \u0219i pentru a lua ac\u021biune \u00eempotriva nedrept\u0103\u021bilor.","url":"https:\/\/buletin.de\/bucuresti\/author\/andreeatudor\/"}]}},"authors":[{"term_id":22573,"user_id":55,"is_guest":0,"slug":"andreeatudor","display_name":"Andreea Tudor","avatar_url":"https:\/\/secure.gravatar.com\/avatar\/a88705a186ab0b67f3349bcbced506c09e37256fbaad0e7f3bd1a79b4599f589?s=96&d=monsterid&r=g","0":null,"1":"","2":"","3":"","4":"","5":"","6":"","7":"","8":""}],"_links":{"self":[{"href":"https:\/\/buletin.de\/bucuresti\/wp-json\/wp\/v2\/posts\/183574","targetHints":{"allow":["GET"]}}],"collection":[{"href":"https:\/\/buletin.de\/bucuresti\/wp-json\/wp\/v2\/posts"}],"about":[{"href":"https:\/\/buletin.de\/bucuresti\/wp-json\/wp\/v2\/types\/post"}],"author":[{"embeddable":true,"href":"https:\/\/buletin.de\/bucuresti\/wp-json\/wp\/v2\/users\/55"}],"replies":[{"embeddable":true,"href":"https:\/\/buletin.de\/bucuresti\/wp-json\/wp\/v2\/comments?post=183574"}],"version-history":[{"count":23,"href":"https:\/\/buletin.de\/bucuresti\/wp-json\/wp\/v2\/posts\/183574\/revisions"}],"predecessor-version":[{"id":183980,"href":"https:\/\/buletin.de\/bucuresti\/wp-json\/wp\/v2\/posts\/183574\/revisions\/183980"}],"wp:featuredmedia":[{"embeddable":true,"href":"https:\/\/buletin.de\/bucuresti\/wp-json\/wp\/v2\/media\/183642"}],"wp:attachment":[{"href":"https:\/\/buletin.de\/bucuresti\/wp-json\/wp\/v2\/media?parent=183574"}],"wp:term":[{"taxonomy":"category","embeddable":true,"href":"https:\/\/buletin.de\/bucuresti\/wp-json\/wp\/v2\/categories?post=183574"},{"taxonomy":"post_tag","embeddable":true,"href":"https:\/\/buletin.de\/bucuresti\/wp-json\/wp\/v2\/tags?post=183574"},{"taxonomy":"author","embeddable":true,"href":"https:\/\/buletin.de\/bucuresti\/wp-json\/wp\/v2\/ppma_author?post=183574"}],"curies":[{"name":"wp","href":"https:\/\/api.w.org\/{rel}","templated":true}]}}