{"id":183417,"date":"2026-03-29T04:00:00","date_gmt":"2026-03-29T02:00:00","guid":{"rendered":"https:\/\/buletin.de\/bucuresti\/?p=183417"},"modified":"2026-03-28T09:05:08","modified_gmt":"2026-03-28T07:05:08","slug":"fotoreportaj-marocnroll-pentru-cei-caliti-in-traficul-de-la-obor","status":"publish","type":"post","link":"https:\/\/buletin.de\/bucuresti\/fotoreportaj-marocnroll-pentru-cei-caliti-in-traficul-de-la-obor\/","title":{"rendered":"FOTOREPORTAJ | Maroc\u2019n\u2019roll pentru cei \u201ec\u0103li\u021bi\u201d \u00een traficul de la Obor"},"content":{"rendered":"\n<p><strong>Dac\u0103 \u021bi-a c\u0103\u0219unat pe haosul din Bucure\u0219ti, ie\u0219i un pic din zona de confort \u0219i zboar\u0103, pre\u021b de 4 ore \u0219i ceva, p\u00e2n\u0103-n Maroc. Biletul nu e foarte costisitor, mai ales dac\u0103-l cumperi din timp (pare a fi 1200 lei dus-\u00eentors, acum, pentru perioada 1-7 mai).&nbsp;<\/strong><\/p>\n\n\n\n<p>Am aterizat \u00een Marrakech, am luat un taxi marca Dacia Logan, civilizat, comandat de la un chio\u0219c, cu pre\u021b fix. \u00cen\u021beleg c-aveau \u0219i ei \u0219menari ca cei de odinioar\u0103 de pe Otopeni, de s-au enervat autorit\u0103\u021bile \u0219i s-au organizat, acum ai pre\u021b fix de la aeroport p\u00e2n\u0103 \u00een ora\u0219.&nbsp;<\/p>\n\n\n\n<p>Nefiind \u00een UE, e cam musai s\u0103 ai un SIM local, ca s\u0103 ai internet s\u0103 te descurci pe-acolo. Po\u021bi cump\u0103ra un sim local chiar din aeroport, sau po\u021bi s\u0103-\u021bi iei un eSIM, dac\u0103 telefonul t\u0103u are aceast\u0103 func\u021bionalitate, chiar de-acas\u0103.&nbsp;<\/p>\n\n\n\n<figure class=\"wp-block-image size-large\"><img fetchpriority=\"high\" decoding=\"async\" width=\"1000\" height=\"563\" src=\"data:image\/gif;base64,R0lGODlhAQABAAAAACH5BAEKAAEALAAAAAABAAEAAAICTAEAOw==\" data-src=\"https:\/\/buletin.de\/bucuresti\/wp-content\/uploads\/2026\/03\/image-84-1000x563.png\" alt=\"\" class=\"wp-image-183423 lazyload\" data-sizes=\"auto\" data-srcset=\"https:\/\/buletin.de\/bucuresti\/wp-content\/uploads\/2026\/03\/image-84-1000x563.png 1000w, https:\/\/buletin.de\/bucuresti\/wp-content\/uploads\/2026\/03\/image-84-300x169.png 300w, https:\/\/buletin.de\/bucuresti\/wp-content\/uploads\/2026\/03\/image-84-768x432.png 768w, https:\/\/buletin.de\/bucuresti\/wp-content\/uploads\/2026\/03\/image-84-1536x864.png 1536w, https:\/\/buletin.de\/bucuresti\/wp-content\/uploads\/2026\/03\/image-84-1100x619.png 1100w, https:\/\/buletin.de\/bucuresti\/wp-content\/uploads\/2026\/03\/image-84-600x338.png 600w, https:\/\/buletin.de\/bucuresti\/wp-content\/uploads\/2026\/03\/image-84-20x11.png 20w, https:\/\/buletin.de\/bucuresti\/wp-content\/uploads\/2026\/03\/image-84.png 1600w\" sizes=\"(max-width: 1000px) 100vw, 1000px\" \/><\/figure>\n\n\n\n<p>Crezi c\u0103 traficul de pe Magheru \u0219i aglomera\u021bia din Obor te-au c\u0103lit? A\u0219a credeam \u0219i eu, dar Marocul m-a cam dovedit. E un amestec de senzorial pur, haos organizat \u0219i momente \u00een care te \u00eentrebi dac\u0103 e\u0219ti \u00eentr-un film sau la o nunt\u0103 \u00een Pipera, dar cu mai mult nisip.<\/p>\n\n\n\n<h2 class=\"wp-block-heading\" id=\"h-medina-inima-haosului\"><strong>Medina, inima haosului<\/strong><\/h2>\n\n\n\n<p>Taxiul ne-a l\u0103sat c\u00e2t de aproape a putut de <em>riadul <\/em>nostru, adic\u0103 o cas\u0103 tradi\u021bional\u0103 marocan\u0103, cu design-ul orientat spre interior, interior care beneficiaz\u0103 de o curte generoas\u0103 \u00een mijlocul c\u0103rei vei g\u0103si, de regul\u0103, un palmier sau o f\u00e2nt\u00e2n\u0103.\u00a0<\/p>\n\n\n\n<figure class=\"wp-block-image size-large\"><img decoding=\"async\" width=\"1000\" height=\"563\" src=\"data:image\/gif;base64,R0lGODlhAQABAAAAACH5BAEKAAEALAAAAAABAAEAAAICTAEAOw==\" data-src=\"https:\/\/buletin.de\/bucuresti\/wp-content\/uploads\/2026\/03\/image-1-1000x563.jpeg\" alt=\"\" class=\"wp-image-183460 lazyload\" data-sizes=\"auto\" data-srcset=\"https:\/\/buletin.de\/bucuresti\/wp-content\/uploads\/2026\/03\/image-1-1000x563.jpeg 1000w, https:\/\/buletin.de\/bucuresti\/wp-content\/uploads\/2026\/03\/image-1-300x169.jpeg 300w, https:\/\/buletin.de\/bucuresti\/wp-content\/uploads\/2026\/03\/image-1-768x432.jpeg 768w, https:\/\/buletin.de\/bucuresti\/wp-content\/uploads\/2026\/03\/image-1-1536x864.jpeg 1536w, https:\/\/buletin.de\/bucuresti\/wp-content\/uploads\/2026\/03\/image-1-1100x619.jpeg 1100w, https:\/\/buletin.de\/bucuresti\/wp-content\/uploads\/2026\/03\/image-1-600x338.jpeg 600w, https:\/\/buletin.de\/bucuresti\/wp-content\/uploads\/2026\/03\/image-1-20x11.jpeg 20w, https:\/\/buletin.de\/bucuresti\/wp-content\/uploads\/2026\/03\/image-1.jpeg 1600w\" sizes=\"(max-width: 1000px) 100vw, 1000px\" \/><\/figure>\n\n\n\n<p>Un simpatic Abdul, gazda noastr\u0103, ne-a cazat rapid \u0219i ne-am v\u00e2r\u00e2t direct \u00een miezul <em>medinei <\/em>(centrul istoric, de dup\u0103 ziduri, al ora\u0219elor nord-africane), s\u0103 m\u00e2nc\u0103m ceva. Oamenii, foarte amabili, dar \u0219i c\u0103sca\u021bi (mi-au uitat o bucat\u0103 esen\u021bial\u0103 din comand\u0103, carnea) &#8211; poate era din cauza Ramadanului, care era pe final.<\/p>\n\n\n\n<p>Riadul a fost singura noastr\u0103 oaz\u0103 de lini\u0219te. Cum ie\u0219eai din el, intrai direct \u00een \u201ema\u0219ina de tocat&#8221; a souk-urilor, adic\u0103 bazarul local. \u0218i erau multe souk-uri &#8211; practic, mai toat\u0103 Medina era un fel de Aleea Castanilor, referin\u021b\u0103 pentru cei ce-au crescut l\u00e2ng\u0103 Big Berceni \u00een anii 90-2000.<\/p>\n\n\n\n<figure class=\"wp-block-image size-large\"><img decoding=\"async\" width=\"1000\" height=\"563\" src=\"data:image\/gif;base64,R0lGODlhAQABAAAAACH5BAEKAAEALAAAAAABAAEAAAICTAEAOw==\" data-src=\"https:\/\/buletin.de\/bucuresti\/wp-content\/uploads\/2026\/03\/image-84-1000x563.png\" alt=\"\" class=\"wp-image-183422 lazyload\" data-sizes=\"auto\" data-srcset=\"https:\/\/buletin.de\/bucuresti\/wp-content\/uploads\/2026\/03\/image-84-1000x563.png 1000w, https:\/\/buletin.de\/bucuresti\/wp-content\/uploads\/2026\/03\/image-84-300x169.png 300w, https:\/\/buletin.de\/bucuresti\/wp-content\/uploads\/2026\/03\/image-84-768x432.png 768w, https:\/\/buletin.de\/bucuresti\/wp-content\/uploads\/2026\/03\/image-84-1536x864.png 1536w, https:\/\/buletin.de\/bucuresti\/wp-content\/uploads\/2026\/03\/image-84-1100x619.png 1100w, https:\/\/buletin.de\/bucuresti\/wp-content\/uploads\/2026\/03\/image-84-600x338.png 600w, https:\/\/buletin.de\/bucuresti\/wp-content\/uploads\/2026\/03\/image-84-20x11.png 20w, https:\/\/buletin.de\/bucuresti\/wp-content\/uploads\/2026\/03\/image-84.png 1600w\" sizes=\"(max-width: 1000px) 100vw, 1000px\" \/><\/figure>\n\n\n\n<p>Am fost cople\u0219it instant de intensitatea Medinei. \u0218i cople\u0219it am r\u0103mas p\u00e2n\u0103 \u00een ultima din cele 9 zile pe care le-am petrecut \u00een Maroc, majoritatea \u00een Marrakech, plus c\u00e2teva excursii de o zi p\u00e2n\u0103-n de\u0219ertul Agafay sau pe Valea Ourik\u0103i. Am luat \u0219i o pauz\u0103 de la haosul din centrul Marrakech-ului \u0219i am dat o fug\u0103, pre\u021b de 2 nop\u021bi, p\u00e2n\u0103 \u00een or\u0103\u0219elul de la mare Essaouira, unde treaba era mult mai relaxat\u0103. Medina de-acolo nu era spamat\u0103 de motop\u00e2r\u021be \u0219i tot felul de vehicule, fiind patrimoniu UNESCO. \u0218i, fiind la malul oceanului Atlantic, oamenii erau un pic mai relaxa\u021bi, mai pu\u021bin agita\u021bi.<\/p>\n\n\n\n<figure class=\"wp-block-image size-large\"><img loading=\"lazy\" decoding=\"async\" width=\"1000\" height=\"563\" src=\"data:image\/gif;base64,R0lGODlhAQABAAAAACH5BAEKAAEALAAAAAABAAEAAAICTAEAOw==\" data-src=\"https:\/\/buletin.de\/bucuresti\/wp-content\/uploads\/2026\/03\/image-85-1000x563.png\" alt=\"\" class=\"wp-image-183424 lazyload\" data-sizes=\"auto\" data-srcset=\"https:\/\/buletin.de\/bucuresti\/wp-content\/uploads\/2026\/03\/image-85-1000x563.png 1000w, https:\/\/buletin.de\/bucuresti\/wp-content\/uploads\/2026\/03\/image-85-300x169.png 300w, https:\/\/buletin.de\/bucuresti\/wp-content\/uploads\/2026\/03\/image-85-768x432.png 768w, https:\/\/buletin.de\/bucuresti\/wp-content\/uploads\/2026\/03\/image-85-1536x864.png 1536w, https:\/\/buletin.de\/bucuresti\/wp-content\/uploads\/2026\/03\/image-85-1100x619.png 1100w, https:\/\/buletin.de\/bucuresti\/wp-content\/uploads\/2026\/03\/image-85-600x338.png 600w, https:\/\/buletin.de\/bucuresti\/wp-content\/uploads\/2026\/03\/image-85-20x11.png 20w, https:\/\/buletin.de\/bucuresti\/wp-content\/uploads\/2026\/03\/image-85.png 1600w\" sizes=\"(max-width: 1000px) 100vw, 1000px\" \/><\/figure>\n\n\n\n<p>Independent de-abia din 1956 de sub protectoratul francez \u0219i spaniol, Marocul este un amestec de identit\u0103\u021bi \u0219i influen\u021be: are r\u0103d\u0103cini amazighe (indigene), un strat arab-islamic \u0219i, desigur, o mo\u0219tenire colonial\u0103 francez\u0103. Limba de zi cu zi, Darija, reflect\u0103 acest mix \u0219i difer\u0103 mult de araba standard. Societatea func\u021bioneaz\u0103 pe rela\u021bii \u0219i flexibilitate, nu pe reguli rigide de tip occidental: timpul e mai elastic, interac\u021biunile sunt indirecte, iar spa\u021biul public (str\u0103zi, cafenele) joac\u0103 rol de \u201eliving colectiv\u201d. Ce pare haos sau stagnare (adesea vedeam oameni st\u00e2nd, pur \u0219i simplu st\u00e2nd) este adesea o combina\u021bie de via\u021b\u0103 social\u0103 activ\u0103 \u0219i economie informal\u0103.<\/p>\n\n\n\n<figure class=\"wp-block-image size-large\"><img loading=\"lazy\" decoding=\"async\" width=\"1000\" height=\"563\" src=\"data:image\/gif;base64,R0lGODlhAQABAAAAACH5BAEKAAEALAAAAAABAAEAAAICTAEAOw==\" data-src=\"https:\/\/buletin.de\/bucuresti\/wp-content\/uploads\/2026\/03\/image-86-1000x563.png\" alt=\"\" class=\"wp-image-183425 lazyload\" data-sizes=\"auto\" data-srcset=\"https:\/\/buletin.de\/bucuresti\/wp-content\/uploads\/2026\/03\/image-86-1000x563.png 1000w, https:\/\/buletin.de\/bucuresti\/wp-content\/uploads\/2026\/03\/image-86-300x169.png 300w, https:\/\/buletin.de\/bucuresti\/wp-content\/uploads\/2026\/03\/image-86-768x432.png 768w, https:\/\/buletin.de\/bucuresti\/wp-content\/uploads\/2026\/03\/image-86-1536x864.png 1536w, https:\/\/buletin.de\/bucuresti\/wp-content\/uploads\/2026\/03\/image-86-1100x619.png 1100w, https:\/\/buletin.de\/bucuresti\/wp-content\/uploads\/2026\/03\/image-86-600x338.png 600w, https:\/\/buletin.de\/bucuresti\/wp-content\/uploads\/2026\/03\/image-86-20x11.png 20w, https:\/\/buletin.de\/bucuresti\/wp-content\/uploads\/2026\/03\/image-86.png 1600w\" sizes=\"(max-width: 1000px) 100vw, 1000px\" \/><\/figure>\n\n\n\n<p>Ah, am prins \u0219i momentul \u00een care s-a anun\u021bat c\u0103 Marocul a c\u00e2\u0219tigat, la masa verde, Cupa Africii, dup\u0103 meciul cu c\u00e2ntec \u00eempotriva Senegalului. Nu s-a bucurat nimeni, am v\u0103zut doar o reclam\u0103 rul\u00e2nd pe un panou \u00een afara Medinei. \u0218i da, una din benzin\u0103riile lor (combustibilul era cam 6 lei) se numea Petrom.<\/p>\n\n\n\n<figure class=\"wp-block-image size-large\"><img loading=\"lazy\" decoding=\"async\" width=\"1000\" height=\"557\" src=\"data:image\/gif;base64,R0lGODlhAQABAAAAACH5BAEKAAEALAAAAAABAAEAAAICTAEAOw==\" data-src=\"https:\/\/buletin.de\/bucuresti\/wp-content\/uploads\/2026\/03\/Captura-de-ecran-2026-03-28-083159-1000x557.png\" alt=\"\" class=\"wp-image-183455 lazyload\" data-sizes=\"auto\" data-srcset=\"https:\/\/buletin.de\/bucuresti\/wp-content\/uploads\/2026\/03\/Captura-de-ecran-2026-03-28-083159-1000x557.png 1000w, https:\/\/buletin.de\/bucuresti\/wp-content\/uploads\/2026\/03\/Captura-de-ecran-2026-03-28-083159-300x167.png 300w, https:\/\/buletin.de\/bucuresti\/wp-content\/uploads\/2026\/03\/Captura-de-ecran-2026-03-28-083159-768x428.png 768w, https:\/\/buletin.de\/bucuresti\/wp-content\/uploads\/2026\/03\/Captura-de-ecran-2026-03-28-083159-1536x856.png 1536w, https:\/\/buletin.de\/bucuresti\/wp-content\/uploads\/2026\/03\/Captura-de-ecran-2026-03-28-083159-1600x891.png 1600w, https:\/\/buletin.de\/bucuresti\/wp-content\/uploads\/2026\/03\/Captura-de-ecran-2026-03-28-083159-1100x613.png 1100w, https:\/\/buletin.de\/bucuresti\/wp-content\/uploads\/2026\/03\/Captura-de-ecran-2026-03-28-083159-600x334.png 600w, https:\/\/buletin.de\/bucuresti\/wp-content\/uploads\/2026\/03\/Captura-de-ecran-2026-03-28-083159-20x11.png 20w, https:\/\/buletin.de\/bucuresti\/wp-content\/uploads\/2026\/03\/Captura-de-ecran-2026-03-28-083159.png 1741w\" sizes=\"(max-width: 1000px) 100vw, 1000px\" \/><\/figure>\n\n\n\n<h2 class=\"wp-block-heading\" id=\"h-road-trip-de-la-argan-la-argan-pana-la-ocean\"><strong>Road trip: de la argan la argan, p\u00e2n\u0103 la ocean<\/strong><\/h2>\n\n\n\n<p>Ca experien\u021ba haosului ca obiectiv turistic s\u0103 fie complet\u0103, am \u00eenchiriat o ma\u0219in\u0103 \u0219i am \u00eentins-o spre Essaouira, \u00een weekend. E ora\u0219ul \u0103la alb-albastru la malul oceanului unde briza \u00ee\u021bi mai cur\u0103\u021b\u0103 pl\u0103m\u00e2nii de praful din Marrakech. Ca \u0219i-n Marrakech, contrastul e foarte mare \u00eentre zona medinei \u0219i cea de dinafar\u0103. De asemenea, la fel ca-n cartierele de case din Bucure\u0219ti, \u0219i Essaouira e de\u021binut\u0103, probabil, de pisici, care-s peste tot, am v\u0103zut, f\u0103r\u0103 s\u0103 exagerez, sute.&nbsp;<\/p>\n\n\n\n<figure class=\"wp-block-image size-large\"><img loading=\"lazy\" decoding=\"async\" width=\"1000\" height=\"563\" src=\"data:image\/gif;base64,R0lGODlhAQABAAAAACH5BAEKAAEALAAAAAABAAEAAAICTAEAOw==\" data-src=\"https:\/\/buletin.de\/bucuresti\/wp-content\/uploads\/2026\/03\/image-88-1000x563.png\" alt=\"\" class=\"wp-image-183427 lazyload\" data-sizes=\"auto\" data-srcset=\"https:\/\/buletin.de\/bucuresti\/wp-content\/uploads\/2026\/03\/image-88-1000x563.png 1000w, https:\/\/buletin.de\/bucuresti\/wp-content\/uploads\/2026\/03\/image-88-300x169.png 300w, https:\/\/buletin.de\/bucuresti\/wp-content\/uploads\/2026\/03\/image-88-768x432.png 768w, https:\/\/buletin.de\/bucuresti\/wp-content\/uploads\/2026\/03\/image-88-1536x864.png 1536w, https:\/\/buletin.de\/bucuresti\/wp-content\/uploads\/2026\/03\/image-88-1100x619.png 1100w, https:\/\/buletin.de\/bucuresti\/wp-content\/uploads\/2026\/03\/image-88-600x338.png 600w, https:\/\/buletin.de\/bucuresti\/wp-content\/uploads\/2026\/03\/image-88-20x11.png 20w, https:\/\/buletin.de\/bucuresti\/wp-content\/uploads\/2026\/03\/image-88.png 1600w\" sizes=\"(max-width: 1000px) 100vw, 1000px\" \/><\/figure>\n\n\n\n<figure class=\"wp-block-image size-large\"><img loading=\"lazy\" decoding=\"async\" width=\"1000\" height=\"563\" src=\"data:image\/gif;base64,R0lGODlhAQABAAAAACH5BAEKAAEALAAAAAABAAEAAAICTAEAOw==\" data-src=\"https:\/\/buletin.de\/bucuresti\/wp-content\/uploads\/2026\/03\/image-89-1000x563.png\" alt=\"\" class=\"wp-image-183428 lazyload\" data-sizes=\"auto\" data-srcset=\"https:\/\/buletin.de\/bucuresti\/wp-content\/uploads\/2026\/03\/image-89-1000x563.png 1000w, https:\/\/buletin.de\/bucuresti\/wp-content\/uploads\/2026\/03\/image-89-300x169.png 300w, https:\/\/buletin.de\/bucuresti\/wp-content\/uploads\/2026\/03\/image-89-768x432.png 768w, https:\/\/buletin.de\/bucuresti\/wp-content\/uploads\/2026\/03\/image-89-1536x864.png 1536w, https:\/\/buletin.de\/bucuresti\/wp-content\/uploads\/2026\/03\/image-89-1100x619.png 1100w, https:\/\/buletin.de\/bucuresti\/wp-content\/uploads\/2026\/03\/image-89-600x338.png 600w, https:\/\/buletin.de\/bucuresti\/wp-content\/uploads\/2026\/03\/image-89-20x11.png 20w, https:\/\/buletin.de\/bucuresti\/wp-content\/uploads\/2026\/03\/image-89.png 1600w\" sizes=\"(max-width: 1000px) 100vw, 1000px\" \/><\/figure>\n\n\n\n<p>Drumul spre ocean a fost surprinz\u0103tor de bun, mai pu\u021bin c\u00e2nd intram \u00een sate, unde mereu ne \u00eent\u00e2mpina Poli\u021bia (rutier\u0103, cred). \u0218oferii \u00eencetineau, c\u0103ci urma s\u0103 tranzit\u0103m un veritabil b\u00e2lci, cu oameni travers\u00e2nd din toate p\u0103r\u021bile \u00een toate p\u0103r\u021bile. Plin de Dacii de colec\u021bie, 1300, 1310 \u0219i chiar \u0219i Dacii Break, doar c\u0103 aveau toate sigle de Renault \u0219i c\u00e2te un cauciuc de rezerv\u0103 pe acoperi\u0219ul ma\u0219inii.&nbsp;<\/p>\n\n\n\n<figure class=\"wp-block-image size-large\"><img loading=\"lazy\" decoding=\"async\" width=\"800\" height=\"1000\" src=\"data:image\/gif;base64,R0lGODlhAQABAAAAACH5BAEKAAEALAAAAAABAAEAAAICTAEAOw==\" data-src=\"https:\/\/buletin.de\/bucuresti\/wp-content\/uploads\/2026\/03\/image-90-800x1000.png\" alt=\"\" class=\"wp-image-183430 lazyload\" data-sizes=\"auto\" data-srcset=\"https:\/\/buletin.de\/bucuresti\/wp-content\/uploads\/2026\/03\/image-90-800x1000.png 800w, https:\/\/buletin.de\/bucuresti\/wp-content\/uploads\/2026\/03\/image-90-240x300.png 240w, https:\/\/buletin.de\/bucuresti\/wp-content\/uploads\/2026\/03\/image-90-768x960.png 768w, https:\/\/buletin.de\/bucuresti\/wp-content\/uploads\/2026\/03\/image-90-600x750.png 600w, https:\/\/buletin.de\/bucuresti\/wp-content\/uploads\/2026\/03\/image-90-20x25.png 20w, https:\/\/buletin.de\/bucuresti\/wp-content\/uploads\/2026\/03\/image-90.png 1080w\" sizes=\"(max-width: 800px) 100vw, 800px\" \/><\/figure>\n\n\n\n<figure class=\"wp-block-image size-large\"><img loading=\"lazy\" decoding=\"async\" width=\"800\" height=\"1000\" src=\"data:image\/gif;base64,R0lGODlhAQABAAAAACH5BAEKAAEALAAAAAABAAEAAAICTAEAOw==\" data-src=\"https:\/\/buletin.de\/bucuresti\/wp-content\/uploads\/2026\/03\/image-91-800x1000.png\" alt=\"\" class=\"wp-image-183429 lazyload\" data-sizes=\"auto\" data-srcset=\"https:\/\/buletin.de\/bucuresti\/wp-content\/uploads\/2026\/03\/image-91-800x1000.png 800w, https:\/\/buletin.de\/bucuresti\/wp-content\/uploads\/2026\/03\/image-91-240x300.png 240w, https:\/\/buletin.de\/bucuresti\/wp-content\/uploads\/2026\/03\/image-91-768x960.png 768w, https:\/\/buletin.de\/bucuresti\/wp-content\/uploads\/2026\/03\/image-91-600x750.png 600w, https:\/\/buletin.de\/bucuresti\/wp-content\/uploads\/2026\/03\/image-91-20x25.png 20w, https:\/\/buletin.de\/bucuresti\/wp-content\/uploads\/2026\/03\/image-91.png 1080w\" sizes=\"(max-width: 800px) 100vw, 800px\" \/><\/figure>\n\n\n\n<figure class=\"wp-block-image size-large\"><img loading=\"lazy\" decoding=\"async\" width=\"800\" height=\"1000\" src=\"data:image\/gif;base64,R0lGODlhAQABAAAAACH5BAEKAAEALAAAAAABAAEAAAICTAEAOw==\" data-src=\"https:\/\/buletin.de\/bucuresti\/wp-content\/uploads\/2026\/03\/image-92-800x1000.png\" alt=\"\" class=\"wp-image-183431 lazyload\" data-sizes=\"auto\" data-srcset=\"https:\/\/buletin.de\/bucuresti\/wp-content\/uploads\/2026\/03\/image-92-800x1000.png 800w, https:\/\/buletin.de\/bucuresti\/wp-content\/uploads\/2026\/03\/image-92-240x300.png 240w, https:\/\/buletin.de\/bucuresti\/wp-content\/uploads\/2026\/03\/image-92-768x960.png 768w, https:\/\/buletin.de\/bucuresti\/wp-content\/uploads\/2026\/03\/image-92-600x750.png 600w, https:\/\/buletin.de\/bucuresti\/wp-content\/uploads\/2026\/03\/image-92-20x25.png 20w, https:\/\/buletin.de\/bucuresti\/wp-content\/uploads\/2026\/03\/image-92.png 1080w\" sizes=\"(max-width: 800px) 100vw, 800px\" \/><\/figure>\n\n\n\n<figure class=\"wp-block-image size-large\"><img loading=\"lazy\" decoding=\"async\" width=\"800\" height=\"1000\" src=\"data:image\/gif;base64,R0lGODlhAQABAAAAACH5BAEKAAEALAAAAAABAAEAAAICTAEAOw==\" data-src=\"https:\/\/buletin.de\/bucuresti\/wp-content\/uploads\/2026\/03\/image-93-800x1000.png\" alt=\"\" class=\"wp-image-183433 lazyload\" data-sizes=\"auto\" data-srcset=\"https:\/\/buletin.de\/bucuresti\/wp-content\/uploads\/2026\/03\/image-93-800x1000.png 800w, https:\/\/buletin.de\/bucuresti\/wp-content\/uploads\/2026\/03\/image-93-240x300.png 240w, https:\/\/buletin.de\/bucuresti\/wp-content\/uploads\/2026\/03\/image-93-768x960.png 768w, https:\/\/buletin.de\/bucuresti\/wp-content\/uploads\/2026\/03\/image-93-600x750.png 600w, https:\/\/buletin.de\/bucuresti\/wp-content\/uploads\/2026\/03\/image-93-20x25.png 20w, https:\/\/buletin.de\/bucuresti\/wp-content\/uploads\/2026\/03\/image-93.png 1080w\" sizes=\"(max-width: 800px) 100vw, 800px\" \/><\/figure>\n\n\n\n<p>Am dat o fug\u0103 \u0219i p\u00e2n\u0103-n Diabat, unde e un mic \u0219i modest local pe-unde a trecut \u0219i Jimmy Hendrix, iar desigur c\u0103 localnicii au monetizat momentul.&nbsp;<\/p>\n\n\n\n<figure class=\"wp-block-image size-large\"><img loading=\"lazy\" decoding=\"async\" width=\"800\" height=\"1000\" src=\"data:image\/gif;base64,R0lGODlhAQABAAAAACH5BAEKAAEALAAAAAABAAEAAAICTAEAOw==\" data-src=\"https:\/\/buletin.de\/bucuresti\/wp-content\/uploads\/2026\/03\/image-94-800x1000.png\" alt=\"\" class=\"wp-image-183434 lazyload\" data-sizes=\"auto\" data-srcset=\"https:\/\/buletin.de\/bucuresti\/wp-content\/uploads\/2026\/03\/image-94-800x1000.png 800w, https:\/\/buletin.de\/bucuresti\/wp-content\/uploads\/2026\/03\/image-94-240x300.png 240w, https:\/\/buletin.de\/bucuresti\/wp-content\/uploads\/2026\/03\/image-94-768x960.png 768w, https:\/\/buletin.de\/bucuresti\/wp-content\/uploads\/2026\/03\/image-94-600x750.png 600w, https:\/\/buletin.de\/bucuresti\/wp-content\/uploads\/2026\/03\/image-94-20x25.png 20w, https:\/\/buletin.de\/bucuresti\/wp-content\/uploads\/2026\/03\/image-94.png 1080w\" sizes=\"(max-width: 800px) 100vw, 800px\" \/><\/figure>\n\n\n\n<figure class=\"wp-block-image size-large\"><img loading=\"lazy\" decoding=\"async\" width=\"800\" height=\"1000\" src=\"data:image\/gif;base64,R0lGODlhAQABAAAAACH5BAEKAAEALAAAAAABAAEAAAICTAEAOw==\" data-src=\"https:\/\/buletin.de\/bucuresti\/wp-content\/uploads\/2026\/03\/image-96-800x1000.png\" alt=\"\" class=\"wp-image-183437 lazyload\" data-sizes=\"auto\" data-srcset=\"https:\/\/buletin.de\/bucuresti\/wp-content\/uploads\/2026\/03\/image-96-800x1000.png 800w, https:\/\/buletin.de\/bucuresti\/wp-content\/uploads\/2026\/03\/image-96-240x300.png 240w, https:\/\/buletin.de\/bucuresti\/wp-content\/uploads\/2026\/03\/image-96-768x960.png 768w, https:\/\/buletin.de\/bucuresti\/wp-content\/uploads\/2026\/03\/image-96-600x750.png 600w, https:\/\/buletin.de\/bucuresti\/wp-content\/uploads\/2026\/03\/image-96-20x25.png 20w, https:\/\/buletin.de\/bucuresti\/wp-content\/uploads\/2026\/03\/image-96.png 1080w\" sizes=\"(max-width: 800px) 100vw, 800px\" \/><\/figure>\n\n\n\n<h2 class=\"wp-block-heading\" id=\"h-valea-prahovei-din-maroc\"><strong>Valea Prahovei din Maroc<\/strong><\/h2>\n\n\n\n<p>Ne-am amuzat la cafenelele care ap\u0103reau pe Google Maps, ca s\u0103 constat\u0103m, privind pe geam, c\u0103 erau de fapt un portbagaj rabatat din care se f\u0103ceau cafele \u0219i sucuri. Un food-truck, cum s-ar zice pompos \u00een vest.<\/p>\n\n\n\n<figure class=\"wp-block-image size-large\"><img loading=\"lazy\" decoding=\"async\" width=\"800\" height=\"1000\" src=\"data:image\/gif;base64,R0lGODlhAQABAAAAACH5BAEKAAEALAAAAAABAAEAAAICTAEAOw==\" data-src=\"https:\/\/buletin.de\/bucuresti\/wp-content\/uploads\/2026\/03\/image-97-800x1000.png\" alt=\"\" class=\"wp-image-183438 lazyload\" data-sizes=\"auto\" data-srcset=\"https:\/\/buletin.de\/bucuresti\/wp-content\/uploads\/2026\/03\/image-97-800x1000.png 800w, https:\/\/buletin.de\/bucuresti\/wp-content\/uploads\/2026\/03\/image-97-240x300.png 240w, https:\/\/buletin.de\/bucuresti\/wp-content\/uploads\/2026\/03\/image-97-768x960.png 768w, https:\/\/buletin.de\/bucuresti\/wp-content\/uploads\/2026\/03\/image-97-600x750.png 600w, https:\/\/buletin.de\/bucuresti\/wp-content\/uploads\/2026\/03\/image-97-20x25.png 20w, https:\/\/buletin.de\/bucuresti\/wp-content\/uploads\/2026\/03\/image-97.png 1080w\" sizes=\"(max-width: 800px) 100vw, 800px\" \/><\/figure>\n\n\n\n<p>Reveni\u021bi \u00een Marrakech dup\u0103 dou\u0103 zile de Netflix (\u00een arab\u0103) &amp; chill, am dat o fug\u0103 \u0219i pe Valea Ourika, un fel de Valea Prahovei a lor, cu mun\u021bi \u00een care maimu\u021bele coexist\u0103 cu ur\u0219ii, care ur\u0219i sunt civiliza\u021bi \u0219i nu coboar\u0103 la \u0219osea, c\u0103 au ce m\u00e2nca acolo sus. Bine, nici n-ar avea pe unde s\u0103 at\u00e2rne la \u0219osea. Mult\u0103 lume (\u0219i muuulte ma\u0219ini parcate la limit\u0103), gr\u0103tare (tajine, \u00een cazul lor) pe malul apei, aglomera\u021bie \u0219i o atmosfer\u0103 de weekend \u00een familie unde toat\u0103 lumea \u00eencearc\u0103 s\u0103 scape de canicul\u0103.<\/p>\n\n\n\n<figure class=\"wp-block-image size-large\"><img loading=\"lazy\" decoding=\"async\" width=\"800\" height=\"1000\" src=\"data:image\/gif;base64,R0lGODlhAQABAAAAACH5BAEKAAEALAAAAAABAAEAAAICTAEAOw==\" data-src=\"https:\/\/buletin.de\/bucuresti\/wp-content\/uploads\/2026\/03\/image-98-800x1000.png\" alt=\"\" class=\"wp-image-183439 lazyload\" data-sizes=\"auto\" data-srcset=\"https:\/\/buletin.de\/bucuresti\/wp-content\/uploads\/2026\/03\/image-98-800x1000.png 800w, https:\/\/buletin.de\/bucuresti\/wp-content\/uploads\/2026\/03\/image-98-240x300.png 240w, https:\/\/buletin.de\/bucuresti\/wp-content\/uploads\/2026\/03\/image-98-768x960.png 768w, https:\/\/buletin.de\/bucuresti\/wp-content\/uploads\/2026\/03\/image-98-600x750.png 600w, https:\/\/buletin.de\/bucuresti\/wp-content\/uploads\/2026\/03\/image-98-20x25.png 20w, https:\/\/buletin.de\/bucuresti\/wp-content\/uploads\/2026\/03\/image-98.png 1080w\" sizes=\"(max-width: 800px) 100vw, 800px\" \/><\/figure>\n\n\n\n<figure class=\"wp-block-image size-large\"><img loading=\"lazy\" decoding=\"async\" width=\"800\" height=\"1000\" src=\"data:image\/gif;base64,R0lGODlhAQABAAAAACH5BAEKAAEALAAAAAABAAEAAAICTAEAOw==\" data-src=\"https:\/\/buletin.de\/bucuresti\/wp-content\/uploads\/2026\/03\/image-99-800x1000.png\" alt=\"\" class=\"wp-image-183442 lazyload\" data-sizes=\"auto\" data-srcset=\"https:\/\/buletin.de\/bucuresti\/wp-content\/uploads\/2026\/03\/image-99-800x1000.png 800w, https:\/\/buletin.de\/bucuresti\/wp-content\/uploads\/2026\/03\/image-99-240x300.png 240w, https:\/\/buletin.de\/bucuresti\/wp-content\/uploads\/2026\/03\/image-99-768x960.png 768w, https:\/\/buletin.de\/bucuresti\/wp-content\/uploads\/2026\/03\/image-99-600x750.png 600w, https:\/\/buletin.de\/bucuresti\/wp-content\/uploads\/2026\/03\/image-99-20x25.png 20w, https:\/\/buletin.de\/bucuresti\/wp-content\/uploads\/2026\/03\/image-99.png 1080w\" sizes=\"(max-width: 800px) 100vw, 800px\" \/><\/figure>\n\n\n\n<h2 class=\"wp-block-heading\"><strong>De\u0219ertul e desertul<\/strong><\/h2>\n\n\n\n<p>N-am mers p\u00e2n\u0103-n Sahara, dar ne-am antamat o excursie \u00een de\u0219ertul mai apropiat de Marrakech &#8211; Agafay. N-ar\u0103ta ca un de\u0219ert, era verde, c\u0103ci venise prim\u0103vara, dar tot ar\u0103ta bine de tot, un soi de piesaj ca pe Lun\u0103.<\/p>\n\n\n\n<figure class=\"wp-block-image size-large\"><img loading=\"lazy\" decoding=\"async\" width=\"1000\" height=\"563\" src=\"data:image\/gif;base64,R0lGODlhAQABAAAAACH5BAEKAAEALAAAAAABAAEAAAICTAEAOw==\" data-src=\"https:\/\/buletin.de\/bucuresti\/wp-content\/uploads\/2026\/03\/image-100-1000x563.png\" alt=\"\" class=\"wp-image-183462 lazyload\" data-sizes=\"auto\" data-srcset=\"https:\/\/buletin.de\/bucuresti\/wp-content\/uploads\/2026\/03\/image-100-1000x563.png 1000w, https:\/\/buletin.de\/bucuresti\/wp-content\/uploads\/2026\/03\/image-100-300x169.png 300w, https:\/\/buletin.de\/bucuresti\/wp-content\/uploads\/2026\/03\/image-100-768x432.png 768w, https:\/\/buletin.de\/bucuresti\/wp-content\/uploads\/2026\/03\/image-100-1536x864.png 1536w, https:\/\/buletin.de\/bucuresti\/wp-content\/uploads\/2026\/03\/image-100-1100x619.png 1100w, https:\/\/buletin.de\/bucuresti\/wp-content\/uploads\/2026\/03\/image-100-600x338.png 600w, https:\/\/buletin.de\/bucuresti\/wp-content\/uploads\/2026\/03\/image-100-20x11.png 20w, https:\/\/buletin.de\/bucuresti\/wp-content\/uploads\/2026\/03\/image-100.png 1600w\" sizes=\"(max-width: 1000px) 100vw, 1000px\" \/><\/figure>\n\n\n\n<p>Experien\u021ba a fost o regie de \u201eall-inclusive\u201d cultural care ne-a amintit de petrecerile de la noi. \u00cen timp ce osp\u0103tarii ne serveau cu m\u00e2ncare, organizatorii ne-au adus:<\/p>\n\n\n\n<ul class=\"wp-block-list\">\n<li>Un tip care \u00eenghi\u021bea fl\u0103c\u0103ri de parc\u0103 erau dropsuri.<\/li>\n\n\n\n<li>O tip\u0103 care f\u0103cea belly dancing printre mese.<\/li>\n\n\n\n<li>Un prezentator plin de energie care ne-a scos pe to\u021bi la un fel de \u201edansul pinguinului\u201d, varianta maghrebian\u0103.<\/li>\n\n\n\n<li>L\u0103utari locali la cin\u0103 (un pic mai mistici, totu\u0219i), urma\u021bi de un moment mult mai autentic \u0219i lini\u0219tit cu folk c\u00e2ntat la chitar\u0103 l\u00e2ng\u0103 focul de tab\u0103r\u0103.<\/li>\n<\/ul>\n\n\n\n<p class=\"has-text-align-left\">Bonus &#8211; pentru c\u0103 \u00ee\u0219i cuno\u0219teau audien\u021ba de europeni \u0219i vestici, oamenii de\u0219ertului aveau \u0219i bere (Casablanca), ceea ce nu e a\u0219a u\u0219or de g\u0103sit pe toate drumurile.<\/p>\n\n\n\n<figure class=\"wp-block-image size-large\"><img loading=\"lazy\" decoding=\"async\" width=\"800\" height=\"1000\" src=\"data:image\/gif;base64,R0lGODlhAQABAAAAACH5BAEKAAEALAAAAAABAAEAAAICTAEAOw==\" data-src=\"https:\/\/buletin.de\/bucuresti\/wp-content\/uploads\/2026\/03\/image-101-800x1000.png\" alt=\"\" class=\"wp-image-183464 lazyload\" data-sizes=\"auto\" data-srcset=\"https:\/\/buletin.de\/bucuresti\/wp-content\/uploads\/2026\/03\/image-101-800x1000.png 800w, https:\/\/buletin.de\/bucuresti\/wp-content\/uploads\/2026\/03\/image-101-240x300.png 240w, https:\/\/buletin.de\/bucuresti\/wp-content\/uploads\/2026\/03\/image-101-768x960.png 768w, https:\/\/buletin.de\/bucuresti\/wp-content\/uploads\/2026\/03\/image-101-600x750.png 600w, https:\/\/buletin.de\/bucuresti\/wp-content\/uploads\/2026\/03\/image-101-20x25.png 20w, https:\/\/buletin.de\/bucuresti\/wp-content\/uploads\/2026\/03\/image-101.png 1080w\" sizes=\"(max-width: 800px) 100vw, 800px\" \/><\/figure>\n\n\n\n<p class=\"has-text-align-left\">\u00a0Am prins perioada de Ramadan, inclusiv finalul acestuia (Eid al-Fitr). Religia (Islam sunnit, \u0219coala malikit\u0103, influen\u021be sufi) ofer\u0103 ritmul zilnic \u0219i anual: rug\u0103ciunea de 5 ori pe zi, Ramadanul (post ziua, mese noaptea), Eid-urile. <\/p>\n\n\n\n<p>Calendarul islamic este lunar, de aceea data exact\u0103 a s\u0103rb\u0103torilor se mut\u0103 \u00een fiecare an. Multe reguli (precum interdic\u021bia c\u0103rnii de porc sau purtarea hijabului) \u021bin de identitate, tradi\u021bie \u0219i credin\u021b\u0103, nu doar de logic\u0103 practic\u0103. Marocul este relativ moderat: vei vedea at\u00e2t modernitate, c\u00e2t \u0219i conservatorism coexist\u00e2nd.<\/p>\n\n\n<div class=\"wp-block-image\">\n<figure class=\"aligncenter size-large\"><img loading=\"lazy\" decoding=\"async\" width=\"800\" height=\"1000\" src=\"data:image\/gif;base64,R0lGODlhAQABAAAAACH5BAEKAAEALAAAAAABAAEAAAICTAEAOw==\" data-src=\"https:\/\/buletin.de\/bucuresti\/wp-content\/uploads\/2026\/03\/image-95-800x1000.png\" alt=\"\" class=\"wp-image-183436 lazyload\" data-sizes=\"auto\" data-srcset=\"https:\/\/buletin.de\/bucuresti\/wp-content\/uploads\/2026\/03\/image-95-800x1000.png 800w, https:\/\/buletin.de\/bucuresti\/wp-content\/uploads\/2026\/03\/image-95-240x300.png 240w, https:\/\/buletin.de\/bucuresti\/wp-content\/uploads\/2026\/03\/image-95-768x960.png 768w, https:\/\/buletin.de\/bucuresti\/wp-content\/uploads\/2026\/03\/image-95-600x750.png 600w, https:\/\/buletin.de\/bucuresti\/wp-content\/uploads\/2026\/03\/image-95-20x25.png 20w, https:\/\/buletin.de\/bucuresti\/wp-content\/uploads\/2026\/03\/image-95.png 1080w\" sizes=\"(max-width: 800px) 100vw, 800px\" \/><\/figure>\n<\/div>\n\n\n<p><\/p>\n\n\n\n<p>S\u0103 vezi finalul Ramadanului \u00een Marrakech e ca \u0219i cum ai prinde centrul Bucure\u0219tiului \u00een noaptea de \u00cenviere, dar multiplicat cu zece ca nivel de energie \u0219i agita\u021bie.<\/p>\n\n\n\n<p>Marocul nu e o vacan\u021b\u0103 de relaxare, e o aventur\u0103. E intens, e murdar pe alocuri(OK, prin multe locuri), e zgomotos, dar e incredibil de viu \u0219i fotogenic, mai ales ai s\u0103i oameni. Dac\u0103 supravie\u021buie\u0219ti unei zile de luni \u00een traficul din Bucure\u0219ti, vei adora Marrakech-ul.<\/p>\n\n\n\n<p><em>Editor: C\u0103t\u0103lin Dosca\u0219<\/em><\/p>\n\n\n\n<p><strong>CITE\u0218TE \u0218I <a href=\"https:\/\/buletin.de\/bucuresti\/experimente-tesla-printre-exponate-salvate-din-depozit-muzeul-dimitrie-leonida-isi-redeschide-aripa-istorica\/\">\u201eExperimente Tesla\u201d printre exponate salvate din depozit: Muzeul \u201eDimitrie Leonida\u201d \u00ee\u0219i redeschide aripa istoric\u0103<\/a><\/strong><\/p>\n\n\n\n<p><\/p>\n","protected":false},"excerpt":{"rendered":"<p>Dac\u0103 \u021bi-a c\u0103\u0219unat pe haosul din Bucure\u0219ti, ie\u0219i un pic din zona de confort \u0219i zboar\u0103, pre\u021b de 4 ore \u0219i ceva, p\u00e2n\u0103-n Maroc. Biletul nu e foarte costisitor, mai ales dac\u0103-l cumperi din timp (pare a fi 1200 lei dus-\u00eentors, acum, pentru perioada 1-7 mai).&nbsp; Am aterizat \u00een Marrakech, am luat un taxi marca [&hellip;]<\/p>\n","protected":false},"author":20,"featured_media":183426,"comment_status":"closed","ping_status":"open","sticky":false,"template":"","format":"standard","meta":{"_acf_changed":false,"inline_featured_image":false,"ngg_post_thumbnail":0,"footnotes":""},"categories":[6994,81,3419,169],"tags":[4871,27349,27350,670,7264,27348,27347,1639,26250,27346,27353,27351],"ppma_author":[22608],"class_list":["post-183417","post","type-post","status-publish","format-standard","has-post-thumbnail","hentry","category-stiri-2","category-cultura","category-featured","category-reportaj","tag-cazare","tag-cultura-maghrebiana","tag-essaouira","tag-foto","tag-imagini","tag-maroc","tag-marrakech","tag-preturi","tag-ramadan","tag-trafic-bucuresti-vs-maroc","tag-transport-aeroport","tag-valea-ourika"],"acf":[],"yoast_head":"<!-- This site is optimized with the Yoast SEO Premium plugin v25.3 (Yoast SEO v27.5) - https:\/\/yoast.com\/product\/yoast-seo-premium-wordpress\/ -->\n<title>FOTOREPORTAJ | Maroc\u2019n\u2019roll pentru cei \u201ec\u0103li\u021bi\u201d \u00een traficul de la Obor - Buletin de Bucure\u0219ti<\/title>\n<meta name=\"robots\" content=\"index, follow, max-snippet:-1, max-image-preview:large, max-video-preview:-1\" \/>\n<link rel=\"canonical\" href=\"https:\/\/buletin.de\/bucuresti\/fotoreportaj-marocnroll-pentru-cei-caliti-in-traficul-de-la-obor\/\" \/>\n<meta property=\"og:locale\" content=\"en_GB\" \/>\n<meta property=\"og:type\" content=\"article\" \/>\n<meta property=\"og:title\" content=\"FOTOREPORTAJ | Maroc\u2019n\u2019roll pentru cei \u201ec\u0103li\u021bi\u201d \u00een traficul de la Obor\" \/>\n<meta property=\"og:description\" content=\"Dac\u0103 \u021bi-a c\u0103\u0219unat pe haosul din Bucure\u0219ti, ie\u0219i un pic din zona de confort \u0219i zboar\u0103, pre\u021b de 4 ore \u0219i ceva, p\u00e2n\u0103-n Maroc. Biletul nu e foarte costisitor, mai ales dac\u0103-l cumperi din timp (pare a fi 1200 lei dus-\u00eentors, acum, pentru perioada 1-7 mai).&nbsp; Am aterizat \u00een Marrakech, am luat un taxi marca [&hellip;]\" \/>\n<meta property=\"og:url\" content=\"https:\/\/buletin.de\/bucuresti\/fotoreportaj-marocnroll-pentru-cei-caliti-in-traficul-de-la-obor\/\" \/>\n<meta property=\"og:site_name\" content=\"Buletin de Bucure\u0219ti\" \/>\n<meta property=\"article:publisher\" content=\"https:\/\/www.facebook.com\/buletin.de.buc\" \/>\n<meta property=\"article:published_time\" content=\"2026-03-29T02:00:00+00:00\" \/>\n<meta property=\"og:image\" content=\"https:\/\/buletin.de\/bucuresti\/wp-content\/uploads\/2026\/03\/image-87-1000x563.png\" \/>\n\t<meta property=\"og:image:width\" content=\"1000\" \/>\n\t<meta property=\"og:image:height\" content=\"563\" \/>\n\t<meta property=\"og:image:type\" content=\"image\/png\" \/>\n<meta name=\"author\" content=\"Cosmin Pojoranu\" \/>\n<meta name=\"twitter:card\" content=\"summary_large_image\" \/>\n<meta name=\"twitter:label1\" content=\"Written by\" \/>\n\t<meta name=\"twitter:data1\" content=\"Cosmin Pojoranu\" \/>\n\t<meta name=\"twitter:label2\" content=\"Estimated reading time\" \/>\n\t<meta name=\"twitter:data2\" content=\"10 minutes\" \/>\n<script type=\"application\/ld+json\" class=\"yoast-schema-graph\">{\"@context\":\"https:\\\/\\\/schema.org\",\"@graph\":[{\"@type\":\"Article\",\"@id\":\"https:\\\/\\\/buletin.de\\\/bucuresti\\\/fotoreportaj-marocnroll-pentru-cei-caliti-in-traficul-de-la-obor\\\/#article\",\"isPartOf\":{\"@id\":\"https:\\\/\\\/buletin.de\\\/bucuresti\\\/fotoreportaj-marocnroll-pentru-cei-caliti-in-traficul-de-la-obor\\\/\"},\"author\":{\"name\":\"Cosmin Pojoranu\",\"@id\":\"https:\\\/\\\/buletin.de\\\/bucuresti\\\/#\\\/schema\\\/person\\\/c3764529f4c88241f87b488f20cccc13\"},\"headline\":\"FOTOREPORTAJ | Maroc\u2019n\u2019roll pentru cei \u201ec\u0103li\u021bi\u201d \u00een traficul de la Obor\",\"datePublished\":\"2026-03-29T02:00:00+00:00\",\"mainEntityOfPage\":{\"@id\":\"https:\\\/\\\/buletin.de\\\/bucuresti\\\/fotoreportaj-marocnroll-pentru-cei-caliti-in-traficul-de-la-obor\\\/\"},\"wordCount\":1414,\"publisher\":{\"@id\":\"https:\\\/\\\/buletin.de\\\/bucuresti\\\/#organization\"},\"image\":{\"@id\":\"https:\\\/\\\/buletin.de\\\/bucuresti\\\/fotoreportaj-marocnroll-pentru-cei-caliti-in-traficul-de-la-obor\\\/#primaryimage\"},\"thumbnailUrl\":\"https:\\\/\\\/buletin.de\\\/bucuresti\\\/wp-content\\\/uploads\\\/2026\\\/03\\\/image-87.png\",\"keywords\":[\"Cazare\",\"cultura maghrebian\u0103\",\"Essaouira\",\"foto\",\"imagini\",\"Maroc\",\"Marrakech\",\"preturi\",\"ramadan\",\"trafic Bucure\u0219ti vs Maroc\",\"transport aeroport\",\"Valea Ourika\"],\"articleSection\":[\"Articole\",\"Cultur\u0103\",\"Featured\",\"Reportaj\"],\"inLanguage\":\"en-GB\",\"copyrightYear\":\"2026\",\"copyrightHolder\":{\"@id\":\"https:\\\/\\\/buletin.de\\\/bucuresti\\\/#organization\"}},{\"@type\":\"WebPage\",\"@id\":\"https:\\\/\\\/buletin.de\\\/bucuresti\\\/fotoreportaj-marocnroll-pentru-cei-caliti-in-traficul-de-la-obor\\\/\",\"url\":\"https:\\\/\\\/buletin.de\\\/bucuresti\\\/fotoreportaj-marocnroll-pentru-cei-caliti-in-traficul-de-la-obor\\\/\",\"name\":\"FOTOREPORTAJ | Maroc\u2019n\u2019roll pentru cei \u201ec\u0103li\u021bi\u201d \u00een traficul de la Obor - Buletin de Bucure\u0219ti\",\"isPartOf\":{\"@id\":\"https:\\\/\\\/buletin.de\\\/bucuresti\\\/#website\"},\"primaryImageOfPage\":{\"@id\":\"https:\\\/\\\/buletin.de\\\/bucuresti\\\/fotoreportaj-marocnroll-pentru-cei-caliti-in-traficul-de-la-obor\\\/#primaryimage\"},\"image\":{\"@id\":\"https:\\\/\\\/buletin.de\\\/bucuresti\\\/fotoreportaj-marocnroll-pentru-cei-caliti-in-traficul-de-la-obor\\\/#primaryimage\"},\"thumbnailUrl\":\"https:\\\/\\\/buletin.de\\\/bucuresti\\\/wp-content\\\/uploads\\\/2026\\\/03\\\/image-87.png\",\"datePublished\":\"2026-03-29T02:00:00+00:00\",\"breadcrumb\":{\"@id\":\"https:\\\/\\\/buletin.de\\\/bucuresti\\\/fotoreportaj-marocnroll-pentru-cei-caliti-in-traficul-de-la-obor\\\/#breadcrumb\"},\"inLanguage\":\"en-GB\",\"potentialAction\":[{\"@type\":\"ReadAction\",\"target\":[\"https:\\\/\\\/buletin.de\\\/bucuresti\\\/fotoreportaj-marocnroll-pentru-cei-caliti-in-traficul-de-la-obor\\\/\"]}]},{\"@type\":\"ImageObject\",\"inLanguage\":\"en-GB\",\"@id\":\"https:\\\/\\\/buletin.de\\\/bucuresti\\\/fotoreportaj-marocnroll-pentru-cei-caliti-in-traficul-de-la-obor\\\/#primaryimage\",\"url\":\"https:\\\/\\\/buletin.de\\\/bucuresti\\\/wp-content\\\/uploads\\\/2026\\\/03\\\/image-87.png\",\"contentUrl\":\"https:\\\/\\\/buletin.de\\\/bucuresti\\\/wp-content\\\/uploads\\\/2026\\\/03\\\/image-87.png\",\"width\":1600,\"height\":900,\"caption\":\"Maroc\u2019n\u2019roll pentru cei \u201ec\u0103li\u021bi\u201d \u00een traficul de la Obor. FOTO: Cosmin Pojoranu\"},{\"@type\":\"BreadcrumbList\",\"@id\":\"https:\\\/\\\/buletin.de\\\/bucuresti\\\/fotoreportaj-marocnroll-pentru-cei-caliti-in-traficul-de-la-obor\\\/#breadcrumb\",\"itemListElement\":[{\"@type\":\"ListItem\",\"position\":1,\"name\":\"Acas\u0103\",\"item\":\"https:\\\/\\\/buletin.de\\\/bucuresti\\\/\"},{\"@type\":\"ListItem\",\"position\":2,\"name\":\"FOTOREPORTAJ | Maroc\u2019n\u2019roll pentru cei \u201ec\u0103li\u021bi\u201d \u00een traficul de la Obor\"}]},{\"@type\":\"WebSite\",\"@id\":\"https:\\\/\\\/buletin.de\\\/bucuresti\\\/#website\",\"url\":\"https:\\\/\\\/buletin.de\\\/bucuresti\\\/\",\"name\":\"Buletin de Bucure\u0219ti\",\"description\":\"\u0218tiri \u0219i investiga\u021bii esen\u021biale din capital\u0103\",\"publisher\":{\"@id\":\"https:\\\/\\\/buletin.de\\\/bucuresti\\\/#organization\"},\"potentialAction\":[{\"@type\":\"SearchAction\",\"target\":{\"@type\":\"EntryPoint\",\"urlTemplate\":\"https:\\\/\\\/buletin.de\\\/bucuresti\\\/?s={search_term_string}\"},\"query-input\":{\"@type\":\"PropertyValueSpecification\",\"valueRequired\":true,\"valueName\":\"search_term_string\"}}],\"inLanguage\":\"en-GB\"},{\"@type\":\"Organization\",\"@id\":\"https:\\\/\\\/buletin.de\\\/bucuresti\\\/#organization\",\"name\":\"Buletin de Bucure\u0219ti\",\"url\":\"https:\\\/\\\/buletin.de\\\/bucuresti\\\/\",\"logo\":{\"@type\":\"ImageObject\",\"inLanguage\":\"en-GB\",\"@id\":\"https:\\\/\\\/buletin.de\\\/bucuresti\\\/#\\\/schema\\\/logo\\\/image\\\/\",\"url\":\"https:\\\/\\\/buletin.de\\\/bucuresti\\\/wp-content\\\/uploads\\\/logo-bdb-full-wide-vernil-transparent.png\",\"contentUrl\":\"https:\\\/\\\/buletin.de\\\/bucuresti\\\/wp-content\\\/uploads\\\/logo-bdb-full-wide-vernil-transparent.png\",\"width\":1782,\"height\":626,\"caption\":\"Buletin de Bucure\u0219ti\"},\"image\":{\"@id\":\"https:\\\/\\\/buletin.de\\\/bucuresti\\\/#\\\/schema\\\/logo\\\/image\\\/\"},\"sameAs\":[\"https:\\\/\\\/www.facebook.com\\\/buletin.de.buc\",\"https:\\\/\\\/www.instagram.com\\\/buletinde.bucuresti\\\/\"]},{\"@type\":\"Person\",\"@id\":\"https:\\\/\\\/buletin.de\\\/bucuresti\\\/#\\\/schema\\\/person\\\/c3764529f4c88241f87b488f20cccc13\",\"name\":\"Cosmin Pojoranu\",\"image\":{\"@type\":\"ImageObject\",\"inLanguage\":\"en-GB\",\"@id\":\"https:\\\/\\\/buletin.de\\\/bucuresti\\\/wp-content\\\/uploads\\\/Cosmin-Pojoranu-1-96x96.jpg9d268accb1c5032c83ab190d62c8c050\",\"url\":\"https:\\\/\\\/buletin.de\\\/bucuresti\\\/wp-content\\\/uploads\\\/Cosmin-Pojoranu-1-96x96.jpg\",\"contentUrl\":\"https:\\\/\\\/buletin.de\\\/bucuresti\\\/wp-content\\\/uploads\\\/Cosmin-Pojoranu-1-96x96.jpg\",\"caption\":\"Cosmin Pojoranu\"},\"description\":\"N\u0103scut \u0219i crescut \u00een Bucure\u0219ti - sud Berceni.\",\"sameAs\":[\"https:\\\/\\\/www.instagram.com\\\/yozness\\\/?hl=en\"],\"url\":\"https:\\\/\\\/buletin.de\\\/bucuresti\\\/author\\\/cosmin-pojoranu\\\/\"}]}<\/script>\n<!-- \/ Yoast SEO Premium plugin. -->","yoast_head_json":{"title":"FOTOREPORTAJ | Maroc\u2019n\u2019roll pentru cei \u201ec\u0103li\u021bi\u201d \u00een traficul de la Obor - Buletin de Bucure\u0219ti","robots":{"index":"index","follow":"follow","max-snippet":"max-snippet:-1","max-image-preview":"max-image-preview:large","max-video-preview":"max-video-preview:-1"},"canonical":"https:\/\/buletin.de\/bucuresti\/fotoreportaj-marocnroll-pentru-cei-caliti-in-traficul-de-la-obor\/","og_locale":"en_GB","og_type":"article","og_title":"FOTOREPORTAJ | Maroc\u2019n\u2019roll pentru cei \u201ec\u0103li\u021bi\u201d \u00een traficul de la Obor","og_description":"Dac\u0103 \u021bi-a c\u0103\u0219unat pe haosul din Bucure\u0219ti, ie\u0219i un pic din zona de confort \u0219i zboar\u0103, pre\u021b de 4 ore \u0219i ceva, p\u00e2n\u0103-n Maroc. Biletul nu e foarte costisitor, mai ales dac\u0103-l cumperi din timp (pare a fi 1200 lei dus-\u00eentors, acum, pentru perioada 1-7 mai).&nbsp; Am aterizat \u00een Marrakech, am luat un taxi marca [&hellip;]","og_url":"https:\/\/buletin.de\/bucuresti\/fotoreportaj-marocnroll-pentru-cei-caliti-in-traficul-de-la-obor\/","og_site_name":"Buletin de Bucure\u0219ti","article_publisher":"https:\/\/www.facebook.com\/buletin.de.buc","article_published_time":"2026-03-29T02:00:00+00:00","og_image":[{"width":1000,"height":563,"url":"https:\/\/buletin.de\/bucuresti\/wp-content\/uploads\/2026\/03\/image-87-1000x563.png","type":"image\/png"}],"author":"Cosmin Pojoranu","twitter_card":"summary_large_image","twitter_misc":{"Written by":"Cosmin Pojoranu","Estimated reading time":"10 minutes"},"schema":{"@context":"https:\/\/schema.org","@graph":[{"@type":"Article","@id":"https:\/\/buletin.de\/bucuresti\/fotoreportaj-marocnroll-pentru-cei-caliti-in-traficul-de-la-obor\/#article","isPartOf":{"@id":"https:\/\/buletin.de\/bucuresti\/fotoreportaj-marocnroll-pentru-cei-caliti-in-traficul-de-la-obor\/"},"author":{"name":"Cosmin Pojoranu","@id":"https:\/\/buletin.de\/bucuresti\/#\/schema\/person\/c3764529f4c88241f87b488f20cccc13"},"headline":"FOTOREPORTAJ | Maroc\u2019n\u2019roll pentru cei \u201ec\u0103li\u021bi\u201d \u00een traficul de la Obor","datePublished":"2026-03-29T02:00:00+00:00","mainEntityOfPage":{"@id":"https:\/\/buletin.de\/bucuresti\/fotoreportaj-marocnroll-pentru-cei-caliti-in-traficul-de-la-obor\/"},"wordCount":1414,"publisher":{"@id":"https:\/\/buletin.de\/bucuresti\/#organization"},"image":{"@id":"https:\/\/buletin.de\/bucuresti\/fotoreportaj-marocnroll-pentru-cei-caliti-in-traficul-de-la-obor\/#primaryimage"},"thumbnailUrl":"https:\/\/buletin.de\/bucuresti\/wp-content\/uploads\/2026\/03\/image-87.png","keywords":["Cazare","cultura maghrebian\u0103","Essaouira","foto","imagini","Maroc","Marrakech","preturi","ramadan","trafic Bucure\u0219ti vs Maroc","transport aeroport","Valea Ourika"],"articleSection":["Articole","Cultur\u0103","Featured","Reportaj"],"inLanguage":"en-GB","copyrightYear":"2026","copyrightHolder":{"@id":"https:\/\/buletin.de\/bucuresti\/#organization"}},{"@type":"WebPage","@id":"https:\/\/buletin.de\/bucuresti\/fotoreportaj-marocnroll-pentru-cei-caliti-in-traficul-de-la-obor\/","url":"https:\/\/buletin.de\/bucuresti\/fotoreportaj-marocnroll-pentru-cei-caliti-in-traficul-de-la-obor\/","name":"FOTOREPORTAJ | Maroc\u2019n\u2019roll pentru cei \u201ec\u0103li\u021bi\u201d \u00een traficul de la Obor - Buletin de Bucure\u0219ti","isPartOf":{"@id":"https:\/\/buletin.de\/bucuresti\/#website"},"primaryImageOfPage":{"@id":"https:\/\/buletin.de\/bucuresti\/fotoreportaj-marocnroll-pentru-cei-caliti-in-traficul-de-la-obor\/#primaryimage"},"image":{"@id":"https:\/\/buletin.de\/bucuresti\/fotoreportaj-marocnroll-pentru-cei-caliti-in-traficul-de-la-obor\/#primaryimage"},"thumbnailUrl":"https:\/\/buletin.de\/bucuresti\/wp-content\/uploads\/2026\/03\/image-87.png","datePublished":"2026-03-29T02:00:00+00:00","breadcrumb":{"@id":"https:\/\/buletin.de\/bucuresti\/fotoreportaj-marocnroll-pentru-cei-caliti-in-traficul-de-la-obor\/#breadcrumb"},"inLanguage":"en-GB","potentialAction":[{"@type":"ReadAction","target":["https:\/\/buletin.de\/bucuresti\/fotoreportaj-marocnroll-pentru-cei-caliti-in-traficul-de-la-obor\/"]}]},{"@type":"ImageObject","inLanguage":"en-GB","@id":"https:\/\/buletin.de\/bucuresti\/fotoreportaj-marocnroll-pentru-cei-caliti-in-traficul-de-la-obor\/#primaryimage","url":"https:\/\/buletin.de\/bucuresti\/wp-content\/uploads\/2026\/03\/image-87.png","contentUrl":"https:\/\/buletin.de\/bucuresti\/wp-content\/uploads\/2026\/03\/image-87.png","width":1600,"height":900,"caption":"Maroc\u2019n\u2019roll pentru cei \u201ec\u0103li\u021bi\u201d \u00een traficul de la Obor. FOTO: Cosmin Pojoranu"},{"@type":"BreadcrumbList","@id":"https:\/\/buletin.de\/bucuresti\/fotoreportaj-marocnroll-pentru-cei-caliti-in-traficul-de-la-obor\/#breadcrumb","itemListElement":[{"@type":"ListItem","position":1,"name":"Acas\u0103","item":"https:\/\/buletin.de\/bucuresti\/"},{"@type":"ListItem","position":2,"name":"FOTOREPORTAJ | Maroc\u2019n\u2019roll pentru cei \u201ec\u0103li\u021bi\u201d \u00een traficul de la Obor"}]},{"@type":"WebSite","@id":"https:\/\/buletin.de\/bucuresti\/#website","url":"https:\/\/buletin.de\/bucuresti\/","name":"Buletin de Bucure\u0219ti","description":"\u0218tiri \u0219i investiga\u021bii esen\u021biale din capital\u0103","publisher":{"@id":"https:\/\/buletin.de\/bucuresti\/#organization"},"potentialAction":[{"@type":"SearchAction","target":{"@type":"EntryPoint","urlTemplate":"https:\/\/buletin.de\/bucuresti\/?s={search_term_string}"},"query-input":{"@type":"PropertyValueSpecification","valueRequired":true,"valueName":"search_term_string"}}],"inLanguage":"en-GB"},{"@type":"Organization","@id":"https:\/\/buletin.de\/bucuresti\/#organization","name":"Buletin de Bucure\u0219ti","url":"https:\/\/buletin.de\/bucuresti\/","logo":{"@type":"ImageObject","inLanguage":"en-GB","@id":"https:\/\/buletin.de\/bucuresti\/#\/schema\/logo\/image\/","url":"https:\/\/buletin.de\/bucuresti\/wp-content\/uploads\/logo-bdb-full-wide-vernil-transparent.png","contentUrl":"https:\/\/buletin.de\/bucuresti\/wp-content\/uploads\/logo-bdb-full-wide-vernil-transparent.png","width":1782,"height":626,"caption":"Buletin de Bucure\u0219ti"},"image":{"@id":"https:\/\/buletin.de\/bucuresti\/#\/schema\/logo\/image\/"},"sameAs":["https:\/\/www.facebook.com\/buletin.de.buc","https:\/\/www.instagram.com\/buletinde.bucuresti\/"]},{"@type":"Person","@id":"https:\/\/buletin.de\/bucuresti\/#\/schema\/person\/c3764529f4c88241f87b488f20cccc13","name":"Cosmin Pojoranu","image":{"@type":"ImageObject","inLanguage":"en-GB","@id":"https:\/\/buletin.de\/bucuresti\/wp-content\/uploads\/Cosmin-Pojoranu-1-96x96.jpg9d268accb1c5032c83ab190d62c8c050","url":"https:\/\/buletin.de\/bucuresti\/wp-content\/uploads\/Cosmin-Pojoranu-1-96x96.jpg","contentUrl":"https:\/\/buletin.de\/bucuresti\/wp-content\/uploads\/Cosmin-Pojoranu-1-96x96.jpg","caption":"Cosmin Pojoranu"},"description":"N\u0103scut \u0219i crescut \u00een Bucure\u0219ti - sud Berceni.","sameAs":["https:\/\/www.instagram.com\/yozness\/?hl=en"],"url":"https:\/\/buletin.de\/bucuresti\/author\/cosmin-pojoranu\/"}]}},"authors":[{"term_id":22608,"user_id":20,"is_guest":0,"slug":"cosmin-pojoranu","display_name":"Cosmin Pojoranu","avatar_url":"https:\/\/buletin.de\/bucuresti\/wp-content\/uploads\/Cosmin-Pojoranu-1-96x96.jpg","0":null,"1":"","2":"","3":"","4":"","5":"","6":"","7":"","8":""}],"_links":{"self":[{"href":"https:\/\/buletin.de\/bucuresti\/wp-json\/wp\/v2\/posts\/183417","targetHints":{"allow":["GET"]}}],"collection":[{"href":"https:\/\/buletin.de\/bucuresti\/wp-json\/wp\/v2\/posts"}],"about":[{"href":"https:\/\/buletin.de\/bucuresti\/wp-json\/wp\/v2\/types\/post"}],"author":[{"embeddable":true,"href":"https:\/\/buletin.de\/bucuresti\/wp-json\/wp\/v2\/users\/20"}],"replies":[{"embeddable":true,"href":"https:\/\/buletin.de\/bucuresti\/wp-json\/wp\/v2\/comments?post=183417"}],"version-history":[{"count":11,"href":"https:\/\/buletin.de\/bucuresti\/wp-json\/wp\/v2\/posts\/183417\/revisions"}],"predecessor-version":[{"id":183466,"href":"https:\/\/buletin.de\/bucuresti\/wp-json\/wp\/v2\/posts\/183417\/revisions\/183466"}],"wp:featuredmedia":[{"embeddable":true,"href":"https:\/\/buletin.de\/bucuresti\/wp-json\/wp\/v2\/media\/183426"}],"wp:attachment":[{"href":"https:\/\/buletin.de\/bucuresti\/wp-json\/wp\/v2\/media?parent=183417"}],"wp:term":[{"taxonomy":"category","embeddable":true,"href":"https:\/\/buletin.de\/bucuresti\/wp-json\/wp\/v2\/categories?post=183417"},{"taxonomy":"post_tag","embeddable":true,"href":"https:\/\/buletin.de\/bucuresti\/wp-json\/wp\/v2\/tags?post=183417"},{"taxonomy":"author","embeddable":true,"href":"https:\/\/buletin.de\/bucuresti\/wp-json\/wp\/v2\/ppma_author?post=183417"}],"curies":[{"name":"wp","href":"https:\/\/api.w.org\/{rel}","templated":true}]}}