{"id":183346,"date":"2026-03-30T04:26:32","date_gmt":"2026-03-30T02:26:32","guid":{"rendered":"https:\/\/buletin.de\/bucuresti\/?p=183346"},"modified":"2026-03-30T05:43:42","modified_gmt":"2026-03-30T03:43:42","slug":"patru-artisti-contesta-razboiul-graffiti-al-lui-ciucu-nu-poti-eradica-prin-forta-cel-mai-mare-fenomen-artistic-al-ultimilor-60-de-ani","status":"publish","type":"post","link":"https:\/\/buletin.de\/bucuresti\/patru-artisti-contesta-razboiul-graffiti-al-lui-ciucu-nu-poti-eradica-prin-forta-cel-mai-mare-fenomen-artistic-al-ultimilor-60-de-ani\/","title":{"rendered":"Patru arti\u0219ti contest\u0103 \u201er\u0103zboiul graffiti\u201d al lui Ciucu: \u201eNu po\u021bi eradica prin for\u021b\u0103 cel mai mare fenomen artistic al ultimilor 60 de ani\u201d"},"content":{"rendered":"\n<p><strong>Dup\u0103 ce primarul general Ciprian Ciucu a catalogat desenele pe pere\u021bi drept o \u201eboal\u0103\u201d general\u0103 a ora\u0219ului \u0219i a declarat \u201er\u0103zboiul graffiti\u201d, cer\u00e2nd interven\u021bii rapide pentru cur\u0103\u021barea cl\u0103dirilor din Capital\u0103, arti\u0219tii din comunitatea local\u0103 au explicat, pentru Buletin de Bucure\u0219ti, c\u0103 problema este mai complex\u0103 \u0219i \u021bine de lipsa de \u00een\u021belegere a fenomenului.<\/strong><\/p>\n\n\n\n<p>Patru voci din zona artei urbane, <a href=\"https:\/\/robertobert.com\/\" target=\"_blank\" rel=\"noreferrer noopener\">Robert Obert<\/a>, care este \u0219i produc\u0103torul executiv al filmului documentar \u201eDe ce scriu \u0103\u0219tia pe pere\u021bi?\u201d, Cage, coordonatorul <a href=\"https:\/\/www.facebook.com\/SweetDamageCrew\/\" target=\"_blank\" rel=\"noreferrer noopener\">Sweet Damage Crew<\/a>, <a href=\"https:\/\/el-khao.com\/\" target=\"_blank\" rel=\"noreferrer noopener\">El Khao<\/a>, cunoscut pentru lucr\u0103rile sale de mozaic, \u0219i <a href=\"https:\/\/www.instagram.com\/wanda.direct\/\" target=\"_blank\" rel=\"noreferrer noopener\">Wanda Hutira<\/a>, specializat\u0103 \u00een lucr\u0103ri murale de mari dimensiuni, au atras aten\u021bia c\u0103 abordarea propus\u0103 de Ciprian Ciucu risc\u0103 s\u0103 pun\u0103 \u00een aceea\u0219i categorie vandalismul, propaganda \u0219i arta stradal\u0103.<\/p>\n\n\n\n<p><strong>CITE\u0218TE \u0218I: <a href=\"https:\/\/buletin.de\/bucuresti\/razboiul-graffiti-ciucu-vrea-sa-interzica-boala-graffitiurilor-imi-crapa-capul-de-rusine\/\">\u201eR\u0103zboiul Graffiti\u201d | Capitala, \u00eentre pictura \u201eBanksy\u201d \u0219i \u201einvazia\u201d de Tag-uri. Ciucu vrea s\u0103 interzic\u0103 o \u201eboal\u0103\u201d: \u201e\u00cemi crap\u0103 capul de ru\u0219ine\u201d<\/a><\/strong><\/p>\n\n\n\n<h2 class=\"wp-block-heading\" id=\"h-graffiti-ul-nu-e-o-boala-e-un-simptom\"><strong>\u201eGraffiti-ul nu e o boal\u0103, e un simptom\u201d<\/strong><\/h2>\n\n\n\n<p><strong>Primul care contest\u0103 direct eticheta pus\u0103 de primar este Robert Obert, care spune c\u0103 problema este, de fapt, alta.<\/strong><\/p>\n\n\n\n<p><em>\u201eFormularea nu este cea mai fericit\u0103, intuiesc c\u0103 vrea s\u0103 ne transmit\u0103 c\u0103 este o urgen\u021b\u0103 subiectul. Graffiti-ul, \u00eens\u0103, nu este o boal\u0103, este un simptom al unui sistem disfunc\u021bional \u0219i dezorganizat, \u0219i cred c\u0103 bolile reale ale Bucure\u0219tiului fac muta\u021bii \u00een continuare, pentru c\u0103 nu sunt adresate corespunz\u0103tor\u201d<\/em>, a explicat artistul.<\/p>\n\n\n\n<p><strong>Robert Obert consider\u0103 c\u0103 ora\u0219ul are probleme mai profunde, care nu sunt adresate, iar interven\u021biile vizibile pe pere\u021bi sunt doar o reac\u021bie la acestea.<\/strong><\/p>\n\n\n\n<p>\u00cen acela\u0219i timp, Obert atrage aten\u021bia c\u0103 fenomenul este mult mai complex dec\u00e2t pare la prima vedere \u0219i include forme diferite de expresie, de la graffiti-ul clasic, ap\u0103rut \u00een anii \u201970, p\u00e2n\u0103 la lucr\u0103ri de art\u0103 stradal\u0103 integrate \u00een spa\u021biul urban.<\/p>\n\n\n\n<p><strong>El Khao, cunoscut pentru lucr\u0103rile sale de mozaic, completeaz\u0103 aceast\u0103 idee \u0219i spune c\u0103 diferen\u021ba dintre graffiti \u0219i art\u0103 stradal\u0103 \u021bine, \u00een esen\u021b\u0103, de inten\u021bie.<\/strong><\/p>\n\n\n\n<p>\u00cen timp ce graffiti-ul este adesea un gest rapid, spontan, f\u0103r\u0103 o preocupare pentru context, arta stradal\u0103 presupune lucr\u0103ri g\u00e2ndite, \u00een dialog cu arhitectura \u0219i cu oamenii care folosesc spa\u021biul.<\/p>\n\n\n\n<p><em>\u201eEste o nedreptate, dar una care vine, \u00een mare parte, dintr-o lips\u0103 de cultur\u0103 vizual\u0103 \u0219i de nuan\u021bare. C\u00e2nd nu exist\u0103 repere clare, totul ajunge s\u0103 fie pus \u00een aceea\u0219i categorie, indiferent dac\u0103 vorbim despre o simpl\u0103 m\u00e2zg\u0103litur\u0103 sau despre o interven\u021bie artistic\u0103 bine g\u00e2ndit\u0103\u201d<\/em>, a declarat artistul despre modul \u00een care toate interven\u021biile ajung s\u0103 fie puse \u00een aceea\u0219i categorie.<\/p>\n\n\n\n<p><em>Generalizarea asta vine din lipsa de informare, dar \u0219i din absen\u021ba dorin\u021bei de a \u00een\u021belege. Autorit\u0103\u021bile func\u021bioneaz\u0103 destul de mecanic de multe ori, f\u0103r\u0103 profunzime\u201d<\/em>, a completat Robert Obert.<\/p>\n\n\n\n<p><strong>Artistul este de p\u0103rere c\u0103 <em>\u201enu toate desenele \u0219i mesajele de pe pere\u021bii ora\u0219ului sunt graffiti\u201d<\/em> \u0219i a explicat c\u0103 e nevoie de discu\u021bii publice \u0219i modele de bune practici inspirate din ora\u0219e precum Berlin sau Barcelona.<\/strong><\/p>\n\n\n\n<p><strong>CITE\u0218TE \u0218I: <a href=\"https:\/\/buletin.de\/bucuresti\/opinie-graffiti-necesarum-est-o-confesiune-si-ceva-notiuni-necesare\/\">OPINIE | Graffiti necesarum est? O confesiune \u0219i ceva no\u021biuni necesare<\/a><\/strong><\/p>\n\n\n\n<h2 class=\"wp-block-heading\" id=\"h-razboiul-graffiti-nu-po\u021bi-eradica-prin-for\u021ba-cel-mai-mare-fenomen-artistic-al-ultimilor-60-de-ani\">R\u0103zboiul graffiti: <strong>\u201eNu po\u021bi eradica prin for\u021b\u0103 cel mai mare fenomen artistic al ultimilor 60 de ani\u201d<\/strong><\/h2>\n\n\n\n<p>O pozi\u021bie similar\u0103 vine \u0219i din partea lui Cage, coordonatorul Sweet Damage Crew, care consider\u0103 c\u0103 inten\u021bia administra\u021biei de a cur\u0103\u021ba ora\u0219ul este justificat\u0103, dar metodele propuse sunt gre\u0219ite.<\/p>\n\n\n\n<p><em>\u201e<strong>Cur\u0103\u021barea este binevenit\u0103, mai ales \u00een zona central\u0103. Pe cl\u0103dirile de patrimoniu. Pe monumente. Chiar trebuie s\u0103 se \u00eent\u00e2mple asta. \u00cens\u0103 termenul folosit nu este cel mai potrivit. Da, estetic graffitiul este deranjant pentru unii, dar \u00een acela\u0219i timp al\u021bii \u00eel apreciaz\u0103\u201d<\/strong><\/em>, a spus Cage.<\/p>\n\n\n\n<p>Potrivit lui, solu\u021biile nu \u021bin de sanc\u021biuni mai dure sau de restric\u021bii.<\/p>\n\n\n\n<blockquote class=\"wp-block-quote is-layout-flow wp-block-quote-is-layout-flow\">\n<p><em>Tratamentul pentru \u00abboala\u00bb asta nu st\u0103 \u00een amenzi mai mari. Nu st\u0103 \u00een ostracizarea arti\u0219tilor. \u0218i sigur nu st\u0103 \u00een legi care bag\u0103 la pu\u0219c\u0103rie copii care deseneaz\u0103.&nbsp;Solu\u021bia st\u0103 \u00een alt\u0103 parte. \u00cen cunoa\u0219terea culturii graffiti \u0219i \u00een \u00een\u021belegerea fenomenului, \u00een dialog.<\/em><\/p>\n<\/blockquote>\n\n\n\n<p>Artistul a subliniat c\u0103 graffiti-ul nu poate fi eliminat complet, tocmai pentru c\u0103 natura lui este una de opozi\u021bie.<\/p>\n\n\n\n<p>\u201e<em>Nu po\u021bi eradica prin for\u021ba cel mai mare fenomen artistic al ultimilor 60 de ani. Graffiti este prin defini\u021bie un act de rebeliune, este un gest de r\u0103zvr\u0103tire. Nu \u00eel po\u021bi \u00eengr\u0103di, nu-l po\u021bi controla. \u00cel po\u021bi ignora sau \u00eel po\u021bi \u00een\u021belege \u0219i integra\u201d,<\/em> a men\u021bionat Cage.<\/p>\n\n\n\n<p>To\u021bi cei patru arti\u0219ti atrag aten\u021bia c\u0103 una dintre cele mai mari probleme este tendin\u021ba autorit\u0103\u021bilor de a trata toate interven\u021biile vizuale din spa\u021biul public la fel.<\/p>\n\n\n\n<p><strong>Discu\u021bia despre necesitatea autoriza\u021biilor pentru lucr\u0103rile din spa\u021biul public r\u0103m\u00e2ne, de asemenea, una nuan\u021bat\u0103.<\/strong><\/p>\n\n\n\n<p>Robert Obert spune c\u0103 existen\u021ba unui cadru legal este necesar\u0103, dar atrage aten\u021bia asupra problemelor birocratice.<\/p>\n\n\n\n<p><em>\u201eSpa\u021biul public ne apar\u021bine tuturor \u0219i exist\u0103 o negociere constan\u021ba legat de lucrul \u0103sta, \u0219i cred c\u0103 un cadru care s\u0103 func\u021bioneze ca reper este important. Nuan\u021bele sistemului birocratic \u0219i lipsa unor persoane cu preg\u0103tire special\u0103 din procesul decizional institu\u021bional ne pot priva de implementarea unor lucr\u0103ri \u00een spa\u021biul public, care ar aduce beneficii pe mai multe planuri\u201d<\/em>, a explicat artistul.<\/p>\n\n\n\n<p>\u0218i El Khao este de aceea\u0219i p\u0103rere. Consider\u0103 c\u0103 nivelul deja ridicat de birocra\u021bie \u00eencetine\u0219te ini\u021biativele, iar introducerea unor proceduri suplimentare risc\u0103 s\u0103 blocheze tocmai interven\u021biile care ar putea aduce valoare spa\u021biului urban \u0219i s\u0103 aib\u0103 astfel efectul invers. De\u0219i, teoretic, autoriza\u021biile pot crea ordine, \u00een practic\u0103 pot descuraja proiectele relevante.<\/p>\n\n\n\n<p>De asemenea, resursele ar putea fi direc\u021bionate mai eficient c\u0103tre educa\u021bie, consider\u00e2nd c\u0103 efortul \u0219i costurile administrative ale unui astfel de sistem dep\u0103\u0219esc, cel mai probabil, investi\u021biile necesare pentru formarea unui public mai informat.<\/p>\n\n\n\n<p>Cage este de p\u0103rere c\u0103 multe proiecte sunt realizate deja legal, \u00een colaborare cu autorit\u0103\u021bile sau organiza\u021biile, \u00eens\u0103 acest tip de art\u0103 are \u0219i o latur\u0103 ilegal\u0103.<\/p>\n\n\n\n<blockquote class=\"wp-block-quote is-layout-flow wp-block-quote-is-layout-flow\">\n<p><em>Este normal s\u0103 existe autoriza\u021bii pentru lucr\u0103ri comisionate. Dar asta nu \u00eenseamn\u0103 c\u0103 graffiti-ul poate fi controlat complet. Tocmai componenta lui ilegal\u0103 \u00eel define\u0219te\u201d.<\/em><\/p>\n<\/blockquote>\n\n\n\n<p><strong>CITE\u0218TE \u0218I: <a href=\"https:\/\/buletin.de\/bucuresti\/primaria-otopeni-plateste-peste-50-000-de-euro-pentru-indepartarea-graffiti-ului-locatiile-vizate-nu-sunt-publice\/\">Prim\u0103ria Otopeni pl\u0103te\u0219te peste 50.000 de euro pentru \u00eendep\u0103rtarea graffiti-ului. Loca\u021biile vizate nu sunt publice<\/a><\/strong><\/p>\n\n\n\n<h2 class=\"wp-block-heading\" id=\"h-nu-toate-reac\u021biile-se-trateaza-cu-control\"><strong>\u201eNu toate reac\u021biile se trateaz\u0103 cu control\u201d<\/strong><\/h2>\n\n\n\n<p>Revenind la Obert, acesta consider\u0103 c\u0103 generalizarea fenomenului vine nu doar din lipsa de informare, ci \u0219i din lipsa dorin\u021bei de a \u00een\u021belege.<\/p>\n\n\n\n<p>\u00cen opinia lui, \u201er\u0103zboiul graffiti\u201d ar trebui limitat clar la vandalism, mesajele de ur\u0103 sau propaganda \u0219i s\u0103 fac\u0103 o diferen\u021b\u0103 fa\u021b\u0103 de formele de expresie artistic\u0103, chiar dac\u0103 unele dintre ele sunt ilegale.<\/p>\n\n\n\n<iframe width=\"560\" height=\"315\" src=\"https:\/\/www.youtube.com\/embed\/WkOp-5rowZg?si=2sj_oWXpC0ZofPfZ&amp;start=503\" title=\"YouTube video player\" frameborder=\"0\" allow=\"accelerometer; autoplay; clipboard-write; encrypted-media; gyroscope; picture-in-picture; web-share\" referrerpolicy=\"strict-origin-when-cross-origin\" allowfullscreen><\/iframe>\n\n\n\n<h2 class=\"wp-block-heading\" id=\"h-o-a\u0219teptare-mai-mare-de-la-autorita\u021bi\">O a\u0219teptare mai mare de la autorit\u0103\u021bi<\/h2>\n\n\n\n<p><strong>La r\u00e2ndul s\u0103u, Wanda Hutira, artist\u0103 specializat\u0103 \u00een picturi murale de mari dimensiuni, a transmis c\u0103 este vorba despre o a\u0219teptare mai mare de la autorit\u0103\u021bi.<\/strong><\/p>\n\n\n\n<p><em>\u201eNu toat\u0103 lumea e obligat\u0103 s\u0103 \u00een\u021beleag\u0103 nuan\u021bele. E firesc ca pentru mul\u021bi tot ce apare pe un perete s\u0103 par\u0103 acela\u0219i lucru.<\/em><\/p>\n\n\n\n<p><em>Dar, \u00een acela\u0219i timp, da, <strong>este o problem\u0103 c\u00e2nd autorit\u0103\u021bile nu fac aceast\u0103 diferen\u021b\u0103. Pentru c\u0103 rolul lor este tocmai s\u0103 \u00een\u021beleag\u0103 mai bine, s\u0103 lucreze cu complexitatea, nu s\u0103 o simplifice excesiv<\/strong>\u201d<\/em>, a explicat artista.<\/p>\n\n\n\n<p><strong>Wanda Hutira<\/strong> a atras aten\u021bia c\u0103, \u00een lipsa acestei nuan\u021b\u0103ri, ora\u0219ul risc\u0103 s\u0103 fie tratat doar ca un spa\u021biu care trebuie controlat, nu \u0219i \u00een\u021beles.<\/p>\n\n\n\n<p>Artista revine \u0219i asupra metaforei folosite de primar \u0219i spune c\u0103 aceasta poate fi interpretat\u0103 \u0219i altfel.<\/p>\n\n\n\n<p><em>\u201eUneori, ce vedem \u00een ora\u0219 seam\u0103n\u0103 mai degrab\u0103 cu o reac\u021bie autoimun\u0103, un sistem care r\u0103spunde la propriile tensiuni, la lipsa de spa\u021bii de exprimare, la presiune, la control.<\/em><\/p>\n\n\n\n<p><em>Iar genul \u0103sta de reac\u021bie nu se trateaz\u0103 cu \u0219i mai mult control, stres sau restric\u021bie. Din contr\u0103, astea de obicei le amplific\u0103. Poate ar fi mai util s\u0103 ne uit\u0103m la cauze, nu doar la simptome. Pentru c\u0103 altfel risc\u0103m s\u0103 tot \u00abtrat\u0103m\u00bb ceva care continu\u0103 s\u0103 reapar\u0103, tocmai pentru c\u0103 nu e \u00een\u021beles\u201d<\/em>, a explicat ea.<\/p>\n\n\n\n<p>El Khao a explicat, la r\u00e2ndul lui, c\u0103 problema este una de educa\u021bie \u0219i de lips\u0103 de context. Artistul propune inclusiv crearea unor formate media dedicate artei urbane, care s\u0103 ajute publicul s\u0103 \u00een\u021beleag\u0103 diferen\u021bele dintre interven\u021bii.<\/p>\n\n\n\n<p>\u201e<em>Nu este neap\u0103rat o problem\u0103 de rea-voin\u021b\u0103, c\u00e2t una de lips\u0103 de familiaritate. Iar asta se poate corecta \u00een timp dac\u0103 exist\u0103 deschidere<\/em>\u201d, a spus artistul.<\/p>\n\n\n\n<p><strong>CITE\u0218TE \u0218I:&nbsp;<a href=\"https:\/\/buletin.de\/bucuresti\/cafeneaua-bdb-comunism-si-street-art-povestea-cartierului-23-august-alexandru-binescu-ranile-capitalei-au-devenit-si-ale-mele\/\">Cafeneaua BdB | Comunism \u0219i street art: povestea cartierului 23 August. Alexandru Binescu: \u201eR\u0103nile Capitalei au devenit \u0219i ale mele\u201d<\/a><\/strong><\/p>\n\n\n\n<h2 class=\"wp-block-heading\" id=\"h-razboiul-graffiti-declan\u0219at-de-ciprian-ciucu-vrea-sa-cure\u021be-ora\u0219ul\">\u201eR\u0103zboiul graffiti\u201d declan\u0219at de <strong>Ciprian Ciucu: vrea s\u0103 \u201ecure\u021be\u201d ora\u0219ul<\/strong><\/h2>\n\n\n\n<p><strong>\u00cen final, arti\u0219tii afirm\u0103 c\u0103 \u201er\u0103zboiul graffiti\u201d declarat de administra\u021bia Ciucu are toate \u0219ansele s\u0103 r\u0103m\u00e2n\u0103 unul superficial dac\u0103 nu abordeaz\u0103 cauzele fenomenului.<\/strong><\/p>\n\n\n\n<p>\u00cen acest moment, primarul general vrea s\u0103 intervin\u0103 rapid, prin \u201ecur\u0103\u021bare\u201d \u0219i sanc\u021biuni, de\u0219i nu exist\u0103 o delimitare clar\u0103 \u00eentre vandalism, interven\u021bii spontane \u0219i art\u0103 stradal\u0103.<\/p>\n\n\n\n<p>\u00cen paralel, cadrul legal este greoi, mai ales \u00een zonele protejate sau pe propriet\u0103\u021bi private, iar procedurile birocratice \u00eencetinesc inclusiv interven\u021biile autorizate. Recent a avut loc o dezbatere public\u0103, unde au fost discutate intens problemele tehnice, iar discu\u021biile despre \u201eart\u0103 stradal\u0103\u201d au fost aproape complet ignorate.<\/p>\n\n\n\n<p>Pe de alt\u0103 parte, arti\u0219tii cu care am discutat men\u021bioneaz\u0103 c\u0103 fenomenul nu poate fi eliminat complet, fiind prezent la nivel global \u0219i av\u00e2nd o component\u0103 care \u201escap\u0103\u201d, prin defini\u021bie, controlului institu\u021bional.<\/p>\n\n\n\n<p><em>\u201eGraffiti este o form\u0103 de expresie autentic\u0103, cu limbaj propriu, n\u0103scut\u0103 \u00een afara sistemului artistic academic \u0219i r\u0103sp\u00e2ndit\u0103 organic la nivel global. Graffiti e libertate. Graffiti e stil de via\u021b\u0103, nu e boal\u0103\u201d<\/em>, a concluzionat Cage.<\/p>\n\n\n\n<p><strong>CITE\u0218TE \u0218I:&nbsp;<a href=\"https:\/\/buletin.de\/bucuresti\/ar-trebui-sa-ne-doara-faptul-ca-ne-am-obisnuit-cu-tot-ce-nu-e-normal-arta-stradala-mai-altfel-din-capitala\/\">Cafeneaua BdB | \u201eAr trebui s\u0103 ne doar\u0103 faptul c\u0103 ne-am obi\u0219nuit cu tot ce nu e normal\u201d. Arta stradal\u0103 mai \u201ealtfel\u201d din Capital\u0103<\/a><\/strong><\/p>\n\n\n\n<h2 class=\"wp-block-heading\" id=\"h-consilier-general-usr-nume\u0219te-arta-stradala-o-mizerie\">Consilier general USR nume\u0219te arta stradal\u0103 o \u201emizerie\u201d<\/h2>\n\n\n\n<p><strong>S\u0103pt\u0103m\u00e2na trecut\u0103, consilierul general USR Drago\u0219 Radu a anun\u021bat c\u0103 programul prin care se va interveni asupra graffitiului \u0219i afi\u0219ajului neautorizat intr\u0103 \u00een dezbatere public\u0103.<\/strong><\/p>\n\n\n\n<p>\u00cen anun\u021bul s\u0103u, Radu a postat pe Facebook dou\u0103 imagini drept exemplu, pe care le-a numit \u201emizerii\u201d. \u00centr-una din acestea era stencil tip propagand\u0103 electoral\u0103 pentru Marcel Ciolacu, cu textul \u201eCiolacu salveaz\u0103 economia\u201d.<\/p>\n\n\n\n<p>Totu\u0219i, imaginea a fost pus\u0103 l\u00e2ng\u0103 o lucrare a artistului stradal Orhan, \u00een care era portretizat\u0103 Anca Alexandrescu, \u00eentr-un stil satiric.<\/p>\n\n\n\n<iframe src=\"https:\/\/www.facebook.com\/plugins\/post.php?href=https%3A%2F%2Fwww.facebook.com%2FDragosGeorgianRadu%2Fposts%2Fpfbid0RdfQCoW9TdnnhiaTsZyRvckAntyZdt849d4m9YHbJX1BzXxo7eNDjYrQCN6v35fil&#038;show_text=true&#038;width=500\" width=\"500\" height=\"792\" style=\"border:none;overflow:hidden\" scrolling=\"no\" frameborder=\"0\" allowfullscreen=\"true\" allow=\"autoplay; clipboard-write; encrypted-media; picture-in-picture; web-share\"><\/iframe>\n\n\n\n<p>Consilierul a pus cele dou\u0103 imagini \u00een acela\u0219i plan, de\u0219i a men\u021bionat \u00een descrierea post\u0103rii c\u0103 \u201ee important de spus c\u0103 nu vorbim despre arta stradal\u0103 autorizat\u0103 sau despre reclame legale. Acestea r\u0103m\u00e2n \u00een continuare permise. \u021ainta sunt, \u00een mod clar, m\u00e2zg\u0103lelile ap\u0103rute peste noapte, care nu au nicio leg\u0103tur\u0103 cu arta \u0219i care degradeaz\u0103 imaginea ora\u0219ului\u201d.<\/p>\n\n\n\n<p><strong>CITE\u0218TE \u0218I:<\/strong>&nbsp;<strong><a href=\"https:\/\/buletin.de\/bucuresti\/modelul-ungaria-primarul-ciucu-trimite-politia-locala-sa-i-invete-pe-bucuresteni-sa-dea-cu-matura\/\">\u201eModelul Ungaria\u201d: Primarul Ciucu trimite Poli\u021bia Local\u0103 s\u0103-i \u00eenve\u021be pe bucure\u0219teni s\u0103 dea cu m\u0103tura<\/a><\/strong><\/p>\n\n\n\n<h2 class=\"wp-block-heading\" id=\"h-ciucu-discu\u021bia-nu-e-despre-libertate\">Ciucu: \u201eDiscu\u021bia nu e despre libertate\u201d<\/h2>\n\n\n\n<p>O imagine cu zidul Berlinului postat\u0103 de activistul Cristian Neagoe a atras o reac\u021bie aprins\u0103 de la Ciprian Ciucu.<\/p>\n\n\n\n<p>Pe partea vizibil\u0103 din imagine, zidul este acoperit cu picturi colorate, graffiti \u0219i mesaje, \u00een timp ce cealalt\u0103 parte r\u0103m\u00e2ne goal\u0103 \u0219i gri. Una dintre fe\u021bele zidului apar\u021binea fostului sector vestic, unde libertatea de exprimare era mai permisiv\u0103, iar cealalt\u0103 sectorului estic, dominat de control \u0219i restric\u021bii stricte.<\/p>\n\n\n\n<p><em>\u201eDomnule Ciprian Ciucu, de care parte a zidului a\u021bi fi preferat s\u0103 v\u0103 afla\u021bi?\u201d<\/em>, a fost \u00eentrebat primarul.<\/p>\n\n\n\n<figure class=\"wp-block-image size-large\"><img fetchpriority=\"high\" decoding=\"async\" width=\"1000\" height=\"828\" src=\"data:image\/gif;base64,R0lGODlhAQABAAAAACH5BAEKAAEALAAAAAABAAEAAAICTAEAOw==\" data-src=\"https:\/\/buletin.de\/bucuresti\/wp-content\/uploads\/2026\/03\/neagoegraffiti-1000x828.png\" alt=\"r\u0103zboiul graffiti\" class=\"wp-image-183654 lazyload\" data-sizes=\"auto\" data-srcset=\"https:\/\/buletin.de\/bucuresti\/wp-content\/uploads\/2026\/03\/neagoegraffiti-1000x828.png 1000w, https:\/\/buletin.de\/bucuresti\/wp-content\/uploads\/2026\/03\/neagoegraffiti-300x249.png 300w, https:\/\/buletin.de\/bucuresti\/wp-content\/uploads\/2026\/03\/neagoegraffiti-768x636.png 768w, https:\/\/buletin.de\/bucuresti\/wp-content\/uploads\/2026\/03\/neagoegraffiti-1100x911.png 1100w, https:\/\/buletin.de\/bucuresti\/wp-content\/uploads\/2026\/03\/neagoegraffiti-600x497.png 600w, https:\/\/buletin.de\/bucuresti\/wp-content\/uploads\/2026\/03\/neagoegraffiti-20x17.png 20w, https:\/\/buletin.de\/bucuresti\/wp-content\/uploads\/2026\/03\/neagoegraffiti.png 1200w\" sizes=\"(max-width: 1000px) 100vw, 1000px\" \/><figcaption class=\"wp-element-caption\">Despre \u201er\u0103zboiul graffiti\u201d. Sursa captur\u0103: Cristian Neagoe \/ FB<\/figcaption><\/figure>\n\n\n\n<p>Ciprian Ciucu a r\u0103spuns c\u0103 modul de argumentare este \u201einfantil\u201d \u0219i c\u0103 discu\u021bia \u201enu este despre libertate\u201d.<\/p>\n\n\n\n<p><strong>CITE\u0218TE \u0218I:&nbsp;<a href=\"https:\/\/buletin.de\/bucuresti\/reportaj-zidurile-din-cartierul-23-august-spun-povesti-noi-satul-de-la-marginea-capitalei-colorat-la-bucharest-street-art-festival\/\">REPORTAJ | Zidurile din cartierul 23 August spun pove\u0219ti noi. \u201eSatul de la marginea Capitalei\u201d, colorat la Bucharest Street Art Festival<\/a><\/strong><\/p>\n","protected":false},"excerpt":{"rendered":"<p>Dup\u0103 ce primarul general Ciprian Ciucu a catalogat desenele pe pere\u021bi drept o \u201eboal\u0103\u201d general\u0103 a ora\u0219ului \u0219i a declarat \u201er\u0103zboiul graffiti\u201d, cer\u00e2nd interven\u021bii rapide pentru cur\u0103\u021barea cl\u0103dirilor din Capital\u0103, arti\u0219tii din comunitatea local\u0103 au explicat, pentru Buletin de Bucure\u0219ti, c\u0103 problema este mai complex\u0103 \u0219i \u021bine de lipsa de \u00een\u021belegere a fenomenului. Patru voci [&hellip;]<\/p>\n","protected":false},"author":59,"featured_media":183357,"comment_status":"closed","ping_status":"open","sticky":false,"template":"","format":"standard","meta":{"_acf_changed":false,"inline_featured_image":false,"ngg_post_thumbnail":0,"footnotes":""},"categories":[6994,81,3419,3238,24],"tags":[9,2054,2089,1502,104,13514],"ppma_author":[22572],"class_list":["post-183346","post","type-post","status-publish","format-standard","has-post-thumbnail","hentry","category-stiri-2","category-cultura","category-featured","category-interviu","category-primarie","tag-bucuresti","tag-capitala","tag-ciprian-ciucu","tag-graffiti","tag-pmb","tag-street-art"],"acf":[],"yoast_head":"<!-- This site is optimized with the Yoast SEO Premium plugin v25.3 (Yoast SEO v27.4) - https:\/\/yoast.com\/product\/yoast-seo-premium-wordpress\/ -->\n<title>Patru arti\u0219ti contest\u0103 \u201er\u0103zboiul graffiti\u201d al lui Ciucu: \u201eNu po\u021bi eradica prin for\u021b\u0103 cel mai mare fenomen artistic al ultimilor 60 de ani\u201d - Buletin de Bucure\u0219ti<\/title>\n<meta name=\"description\" content=\"Primarul general a catalogat desenele pe pere\u021bi drept o \u201eboal\u0103\u201d general\u0103 a ora\u0219ului \u0219i a declarat \u201er\u0103zboiul graffiti\u201d.\" \/>\n<meta name=\"robots\" content=\"index, follow, max-snippet:-1, max-image-preview:large, max-video-preview:-1\" \/>\n<link rel=\"canonical\" href=\"https:\/\/buletin.de\/bucuresti\/patru-artisti-contesta-razboiul-graffiti-al-lui-ciucu-nu-poti-eradica-prin-forta-cel-mai-mare-fenomen-artistic-al-ultimilor-60-de-ani\/\" \/>\n<meta property=\"og:locale\" content=\"en_GB\" \/>\n<meta property=\"og:type\" content=\"article\" \/>\n<meta property=\"og:title\" content=\"Patru arti\u0219ti contest\u0103 \u201er\u0103zboiul graffiti\u201d al lui Ciucu: \u201eNu po\u021bi eradica prin for\u021b\u0103 cel mai mare fenomen artistic al ultimilor 60 de ani\u201d\" \/>\n<meta property=\"og:description\" content=\"Primarul general a catalogat desenele pe pere\u021bi drept o \u201eboal\u0103\u201d general\u0103 a ora\u0219ului \u0219i a declarat \u201er\u0103zboiul graffiti\u201d.\" \/>\n<meta property=\"og:url\" content=\"https:\/\/buletin.de\/bucuresti\/patru-artisti-contesta-razboiul-graffiti-al-lui-ciucu-nu-poti-eradica-prin-forta-cel-mai-mare-fenomen-artistic-al-ultimilor-60-de-ani\/\" \/>\n<meta property=\"og:site_name\" content=\"Buletin de Bucure\u0219ti\" \/>\n<meta property=\"article:publisher\" content=\"https:\/\/www.facebook.com\/buletin.de.buc\" \/>\n<meta property=\"article:published_time\" content=\"2026-03-30T02:26:32+00:00\" \/>\n<meta property=\"article:modified_time\" content=\"2026-03-30T03:43:42+00:00\" \/>\n<meta property=\"og:image\" content=\"https:\/\/buletin.de\/bucuresti\/wp-content\/uploads\/2026\/03\/IMG_26781-1-1100x733-1.jpg\" \/>\n\t<meta property=\"og:image:width\" content=\"1100\" \/>\n\t<meta property=\"og:image:height\" content=\"733\" \/>\n\t<meta property=\"og:image:type\" content=\"image\/jpeg\" \/>\n<meta name=\"author\" content=\"C\u0103t\u0103lin Anghel-Dimache\" \/>\n<meta name=\"twitter:card\" content=\"summary_large_image\" \/>\n<meta name=\"twitter:label1\" content=\"Written by\" \/>\n\t<meta name=\"twitter:data1\" content=\"C\u0103t\u0103lin Anghel-Dimache\" \/>\n\t<meta name=\"twitter:label2\" content=\"Estimated reading time\" \/>\n\t<meta name=\"twitter:data2\" content=\"9 minutes\" \/>\n<script type=\"application\/ld+json\" class=\"yoast-schema-graph\">{\"@context\":\"https:\\\/\\\/schema.org\",\"@graph\":[{\"@type\":\"Article\",\"@id\":\"https:\\\/\\\/buletin.de\\\/bucuresti\\\/patru-artisti-contesta-razboiul-graffiti-al-lui-ciucu-nu-poti-eradica-prin-forta-cel-mai-mare-fenomen-artistic-al-ultimilor-60-de-ani\\\/#article\",\"isPartOf\":{\"@id\":\"https:\\\/\\\/buletin.de\\\/bucuresti\\\/patru-artisti-contesta-razboiul-graffiti-al-lui-ciucu-nu-poti-eradica-prin-forta-cel-mai-mare-fenomen-artistic-al-ultimilor-60-de-ani\\\/\"},\"author\":{\"name\":\"C\u0103t\u0103lin Anghel-Dimache\",\"@id\":\"https:\\\/\\\/buletin.de\\\/bucuresti\\\/#\\\/schema\\\/person\\\/0ac9db30080482be87c7386a30f98796\"},\"headline\":\"Patru arti\u0219ti contest\u0103 \u201er\u0103zboiul graffiti\u201d al lui Ciucu: \u201eNu po\u021bi eradica prin for\u021b\u0103 cel mai mare fenomen artistic al ultimilor 60 de ani\u201d\",\"datePublished\":\"2026-03-30T02:26:32+00:00\",\"dateModified\":\"2026-03-30T03:43:42+00:00\",\"mainEntityOfPage\":{\"@id\":\"https:\\\/\\\/buletin.de\\\/bucuresti\\\/patru-artisti-contesta-razboiul-graffiti-al-lui-ciucu-nu-poti-eradica-prin-forta-cel-mai-mare-fenomen-artistic-al-ultimilor-60-de-ani\\\/\"},\"wordCount\":2111,\"publisher\":{\"@id\":\"https:\\\/\\\/buletin.de\\\/bucuresti\\\/#organization\"},\"image\":{\"@id\":\"https:\\\/\\\/buletin.de\\\/bucuresti\\\/patru-artisti-contesta-razboiul-graffiti-al-lui-ciucu-nu-poti-eradica-prin-forta-cel-mai-mare-fenomen-artistic-al-ultimilor-60-de-ani\\\/#primaryimage\"},\"thumbnailUrl\":\"https:\\\/\\\/buletin.de\\\/bucuresti\\\/wp-content\\\/uploads\\\/2026\\\/03\\\/IMG_26781-1-1100x733-1.jpg\",\"keywords\":[\"bucuresti\",\"Capitala\",\"ciprian ciucu\",\"graffiti\",\"pmb\",\"street art\"],\"articleSection\":[\"Articole\",\"Cultur\u0103\",\"Featured\",\"Interviu\",\"Prim\u0103rie\"],\"inLanguage\":\"en-GB\",\"copyrightYear\":\"2026\",\"copyrightHolder\":{\"@id\":\"https:\\\/\\\/buletin.de\\\/bucuresti\\\/#organization\"}},{\"@type\":\"WebPage\",\"@id\":\"https:\\\/\\\/buletin.de\\\/bucuresti\\\/patru-artisti-contesta-razboiul-graffiti-al-lui-ciucu-nu-poti-eradica-prin-forta-cel-mai-mare-fenomen-artistic-al-ultimilor-60-de-ani\\\/\",\"url\":\"https:\\\/\\\/buletin.de\\\/bucuresti\\\/patru-artisti-contesta-razboiul-graffiti-al-lui-ciucu-nu-poti-eradica-prin-forta-cel-mai-mare-fenomen-artistic-al-ultimilor-60-de-ani\\\/\",\"name\":\"Patru arti\u0219ti contest\u0103 \u201er\u0103zboiul graffiti\u201d al lui Ciucu: \u201eNu po\u021bi eradica prin for\u021b\u0103 cel mai mare fenomen artistic al ultimilor 60 de ani\u201d - Buletin de Bucure\u0219ti\",\"isPartOf\":{\"@id\":\"https:\\\/\\\/buletin.de\\\/bucuresti\\\/#website\"},\"primaryImageOfPage\":{\"@id\":\"https:\\\/\\\/buletin.de\\\/bucuresti\\\/patru-artisti-contesta-razboiul-graffiti-al-lui-ciucu-nu-poti-eradica-prin-forta-cel-mai-mare-fenomen-artistic-al-ultimilor-60-de-ani\\\/#primaryimage\"},\"image\":{\"@id\":\"https:\\\/\\\/buletin.de\\\/bucuresti\\\/patru-artisti-contesta-razboiul-graffiti-al-lui-ciucu-nu-poti-eradica-prin-forta-cel-mai-mare-fenomen-artistic-al-ultimilor-60-de-ani\\\/#primaryimage\"},\"thumbnailUrl\":\"https:\\\/\\\/buletin.de\\\/bucuresti\\\/wp-content\\\/uploads\\\/2026\\\/03\\\/IMG_26781-1-1100x733-1.jpg\",\"datePublished\":\"2026-03-30T02:26:32+00:00\",\"dateModified\":\"2026-03-30T03:43:42+00:00\",\"description\":\"Primarul general a catalogat desenele pe pere\u021bi drept o \u201eboal\u0103\u201d general\u0103 a ora\u0219ului \u0219i a declarat \u201er\u0103zboiul graffiti\u201d.\",\"breadcrumb\":{\"@id\":\"https:\\\/\\\/buletin.de\\\/bucuresti\\\/patru-artisti-contesta-razboiul-graffiti-al-lui-ciucu-nu-poti-eradica-prin-forta-cel-mai-mare-fenomen-artistic-al-ultimilor-60-de-ani\\\/#breadcrumb\"},\"inLanguage\":\"en-GB\",\"potentialAction\":[{\"@type\":\"ReadAction\",\"target\":[\"https:\\\/\\\/buletin.de\\\/bucuresti\\\/patru-artisti-contesta-razboiul-graffiti-al-lui-ciucu-nu-poti-eradica-prin-forta-cel-mai-mare-fenomen-artistic-al-ultimilor-60-de-ani\\\/\"]}]},{\"@type\":\"ImageObject\",\"inLanguage\":\"en-GB\",\"@id\":\"https:\\\/\\\/buletin.de\\\/bucuresti\\\/patru-artisti-contesta-razboiul-graffiti-al-lui-ciucu-nu-poti-eradica-prin-forta-cel-mai-mare-fenomen-artistic-al-ultimilor-60-de-ani\\\/#primaryimage\",\"url\":\"https:\\\/\\\/buletin.de\\\/bucuresti\\\/wp-content\\\/uploads\\\/2026\\\/03\\\/IMG_26781-1-1100x733-1.jpg\",\"contentUrl\":\"https:\\\/\\\/buletin.de\\\/bucuresti\\\/wp-content\\\/uploads\\\/2026\\\/03\\\/IMG_26781-1-1100x733-1.jpg\",\"width\":1100,\"height\":733,\"caption\":\"Patru arti\u0219ti contest\u0103 \u201er\u0103zboiul graffiti\u201d al lui Ciucu. Foto: Andreea Tudor\"},{\"@type\":\"BreadcrumbList\",\"@id\":\"https:\\\/\\\/buletin.de\\\/bucuresti\\\/patru-artisti-contesta-razboiul-graffiti-al-lui-ciucu-nu-poti-eradica-prin-forta-cel-mai-mare-fenomen-artistic-al-ultimilor-60-de-ani\\\/#breadcrumb\",\"itemListElement\":[{\"@type\":\"ListItem\",\"position\":1,\"name\":\"Acas\u0103\",\"item\":\"https:\\\/\\\/buletin.de\\\/bucuresti\\\/\"},{\"@type\":\"ListItem\",\"position\":2,\"name\":\"Patru arti\u0219ti contest\u0103 \u201er\u0103zboiul graffiti\u201d al lui Ciucu: \u201eNu po\u021bi eradica prin for\u021b\u0103 cel mai mare fenomen artistic al ultimilor 60 de ani\u201d\"}]},{\"@type\":\"WebSite\",\"@id\":\"https:\\\/\\\/buletin.de\\\/bucuresti\\\/#website\",\"url\":\"https:\\\/\\\/buletin.de\\\/bucuresti\\\/\",\"name\":\"Buletin de Bucure\u0219ti\",\"description\":\"\u0218tiri \u0219i investiga\u021bii esen\u021biale din capital\u0103\",\"publisher\":{\"@id\":\"https:\\\/\\\/buletin.de\\\/bucuresti\\\/#organization\"},\"potentialAction\":[{\"@type\":\"SearchAction\",\"target\":{\"@type\":\"EntryPoint\",\"urlTemplate\":\"https:\\\/\\\/buletin.de\\\/bucuresti\\\/?s={search_term_string}\"},\"query-input\":{\"@type\":\"PropertyValueSpecification\",\"valueRequired\":true,\"valueName\":\"search_term_string\"}}],\"inLanguage\":\"en-GB\"},{\"@type\":\"Organization\",\"@id\":\"https:\\\/\\\/buletin.de\\\/bucuresti\\\/#organization\",\"name\":\"Buletin de Bucure\u0219ti\",\"url\":\"https:\\\/\\\/buletin.de\\\/bucuresti\\\/\",\"logo\":{\"@type\":\"ImageObject\",\"inLanguage\":\"en-GB\",\"@id\":\"https:\\\/\\\/buletin.de\\\/bucuresti\\\/#\\\/schema\\\/logo\\\/image\\\/\",\"url\":\"https:\\\/\\\/buletin.de\\\/bucuresti\\\/wp-content\\\/uploads\\\/logo-bdb-full-wide-vernil-transparent.png\",\"contentUrl\":\"https:\\\/\\\/buletin.de\\\/bucuresti\\\/wp-content\\\/uploads\\\/logo-bdb-full-wide-vernil-transparent.png\",\"width\":1782,\"height\":626,\"caption\":\"Buletin de Bucure\u0219ti\"},\"image\":{\"@id\":\"https:\\\/\\\/buletin.de\\\/bucuresti\\\/#\\\/schema\\\/logo\\\/image\\\/\"},\"sameAs\":[\"https:\\\/\\\/www.facebook.com\\\/buletin.de.buc\",\"https:\\\/\\\/www.instagram.com\\\/buletinde.bucuresti\\\/\"]},{\"@type\":\"Person\",\"@id\":\"https:\\\/\\\/buletin.de\\\/bucuresti\\\/#\\\/schema\\\/person\\\/0ac9db30080482be87c7386a30f98796\",\"name\":\"C\u0103t\u0103lin Anghel-Dimache\",\"image\":{\"@type\":\"ImageObject\",\"inLanguage\":\"en-GB\",\"@id\":\"https:\\\/\\\/buletin.de\\\/bucuresti\\\/wp-content\\\/uploads\\\/Catalin-Anghel-Dimache-96x96.jpgbd9e43c5b25186d5b8e917ac61ad86c4\",\"url\":\"https:\\\/\\\/buletin.de\\\/bucuresti\\\/wp-content\\\/uploads\\\/Catalin-Anghel-Dimache-96x96.jpg\",\"contentUrl\":\"https:\\\/\\\/buletin.de\\\/bucuresti\\\/wp-content\\\/uploads\\\/Catalin-Anghel-Dimache-96x96.jpg\",\"caption\":\"C\u0103t\u0103lin Anghel-Dimache\"},\"description\":\"A absolvit Facultatea de Jurnalism \u0219i \u0218tiin\u021bele Comunic\u0103rii a Universit\u0103\u021bii din Bucure\u0219ti \u00een 2024. Scrie despre mediu \u0219i teme sociale, dar \u0219i despre cum se reflect\u0103 ele \u00een via\u021ba cotidian\u0103 a bucure\u0219tenilor, cu un ochi atent la pove\u0219tile personale din spatele titlurilor. N\u0103scut \u0219i crescut \u00een Bucure\u0219ti, a f\u0103cut un pas c\u0103tre presa local\u0103, din pasiune pentru ora\u0219ul s\u0103u \u0219i oamenii din el.\",\"url\":\"https:\\\/\\\/buletin.de\\\/bucuresti\\\/author\\\/catalin-anghel-dimache\\\/\"}]}<\/script>\n<!-- \/ Yoast SEO Premium plugin. -->","yoast_head_json":{"title":"Patru arti\u0219ti contest\u0103 \u201er\u0103zboiul graffiti\u201d al lui Ciucu: \u201eNu po\u021bi eradica prin for\u021b\u0103 cel mai mare fenomen artistic al ultimilor 60 de ani\u201d - Buletin de Bucure\u0219ti","description":"Primarul general a catalogat desenele pe pere\u021bi drept o \u201eboal\u0103\u201d general\u0103 a ora\u0219ului \u0219i a declarat \u201er\u0103zboiul graffiti\u201d.","robots":{"index":"index","follow":"follow","max-snippet":"max-snippet:-1","max-image-preview":"max-image-preview:large","max-video-preview":"max-video-preview:-1"},"canonical":"https:\/\/buletin.de\/bucuresti\/patru-artisti-contesta-razboiul-graffiti-al-lui-ciucu-nu-poti-eradica-prin-forta-cel-mai-mare-fenomen-artistic-al-ultimilor-60-de-ani\/","og_locale":"en_GB","og_type":"article","og_title":"Patru arti\u0219ti contest\u0103 \u201er\u0103zboiul graffiti\u201d al lui Ciucu: \u201eNu po\u021bi eradica prin for\u021b\u0103 cel mai mare fenomen artistic al ultimilor 60 de ani\u201d","og_description":"Primarul general a catalogat desenele pe pere\u021bi drept o \u201eboal\u0103\u201d general\u0103 a ora\u0219ului \u0219i a declarat \u201er\u0103zboiul graffiti\u201d.","og_url":"https:\/\/buletin.de\/bucuresti\/patru-artisti-contesta-razboiul-graffiti-al-lui-ciucu-nu-poti-eradica-prin-forta-cel-mai-mare-fenomen-artistic-al-ultimilor-60-de-ani\/","og_site_name":"Buletin de Bucure\u0219ti","article_publisher":"https:\/\/www.facebook.com\/buletin.de.buc","article_published_time":"2026-03-30T02:26:32+00:00","article_modified_time":"2026-03-30T03:43:42+00:00","og_image":[{"width":1100,"height":733,"url":"https:\/\/buletin.de\/bucuresti\/wp-content\/uploads\/2026\/03\/IMG_26781-1-1100x733-1.jpg","type":"image\/jpeg"}],"author":"C\u0103t\u0103lin Anghel-Dimache","twitter_card":"summary_large_image","twitter_misc":{"Written by":"C\u0103t\u0103lin Anghel-Dimache","Estimated reading time":"9 minutes"},"schema":{"@context":"https:\/\/schema.org","@graph":[{"@type":"Article","@id":"https:\/\/buletin.de\/bucuresti\/patru-artisti-contesta-razboiul-graffiti-al-lui-ciucu-nu-poti-eradica-prin-forta-cel-mai-mare-fenomen-artistic-al-ultimilor-60-de-ani\/#article","isPartOf":{"@id":"https:\/\/buletin.de\/bucuresti\/patru-artisti-contesta-razboiul-graffiti-al-lui-ciucu-nu-poti-eradica-prin-forta-cel-mai-mare-fenomen-artistic-al-ultimilor-60-de-ani\/"},"author":{"name":"C\u0103t\u0103lin Anghel-Dimache","@id":"https:\/\/buletin.de\/bucuresti\/#\/schema\/person\/0ac9db30080482be87c7386a30f98796"},"headline":"Patru arti\u0219ti contest\u0103 \u201er\u0103zboiul graffiti\u201d al lui Ciucu: \u201eNu po\u021bi eradica prin for\u021b\u0103 cel mai mare fenomen artistic al ultimilor 60 de ani\u201d","datePublished":"2026-03-30T02:26:32+00:00","dateModified":"2026-03-30T03:43:42+00:00","mainEntityOfPage":{"@id":"https:\/\/buletin.de\/bucuresti\/patru-artisti-contesta-razboiul-graffiti-al-lui-ciucu-nu-poti-eradica-prin-forta-cel-mai-mare-fenomen-artistic-al-ultimilor-60-de-ani\/"},"wordCount":2111,"publisher":{"@id":"https:\/\/buletin.de\/bucuresti\/#organization"},"image":{"@id":"https:\/\/buletin.de\/bucuresti\/patru-artisti-contesta-razboiul-graffiti-al-lui-ciucu-nu-poti-eradica-prin-forta-cel-mai-mare-fenomen-artistic-al-ultimilor-60-de-ani\/#primaryimage"},"thumbnailUrl":"https:\/\/buletin.de\/bucuresti\/wp-content\/uploads\/2026\/03\/IMG_26781-1-1100x733-1.jpg","keywords":["bucuresti","Capitala","ciprian ciucu","graffiti","pmb","street art"],"articleSection":["Articole","Cultur\u0103","Featured","Interviu","Prim\u0103rie"],"inLanguage":"en-GB","copyrightYear":"2026","copyrightHolder":{"@id":"https:\/\/buletin.de\/bucuresti\/#organization"}},{"@type":"WebPage","@id":"https:\/\/buletin.de\/bucuresti\/patru-artisti-contesta-razboiul-graffiti-al-lui-ciucu-nu-poti-eradica-prin-forta-cel-mai-mare-fenomen-artistic-al-ultimilor-60-de-ani\/","url":"https:\/\/buletin.de\/bucuresti\/patru-artisti-contesta-razboiul-graffiti-al-lui-ciucu-nu-poti-eradica-prin-forta-cel-mai-mare-fenomen-artistic-al-ultimilor-60-de-ani\/","name":"Patru arti\u0219ti contest\u0103 \u201er\u0103zboiul graffiti\u201d al lui Ciucu: \u201eNu po\u021bi eradica prin for\u021b\u0103 cel mai mare fenomen artistic al ultimilor 60 de ani\u201d - Buletin de Bucure\u0219ti","isPartOf":{"@id":"https:\/\/buletin.de\/bucuresti\/#website"},"primaryImageOfPage":{"@id":"https:\/\/buletin.de\/bucuresti\/patru-artisti-contesta-razboiul-graffiti-al-lui-ciucu-nu-poti-eradica-prin-forta-cel-mai-mare-fenomen-artistic-al-ultimilor-60-de-ani\/#primaryimage"},"image":{"@id":"https:\/\/buletin.de\/bucuresti\/patru-artisti-contesta-razboiul-graffiti-al-lui-ciucu-nu-poti-eradica-prin-forta-cel-mai-mare-fenomen-artistic-al-ultimilor-60-de-ani\/#primaryimage"},"thumbnailUrl":"https:\/\/buletin.de\/bucuresti\/wp-content\/uploads\/2026\/03\/IMG_26781-1-1100x733-1.jpg","datePublished":"2026-03-30T02:26:32+00:00","dateModified":"2026-03-30T03:43:42+00:00","description":"Primarul general a catalogat desenele pe pere\u021bi drept o \u201eboal\u0103\u201d general\u0103 a ora\u0219ului \u0219i a declarat \u201er\u0103zboiul graffiti\u201d.","breadcrumb":{"@id":"https:\/\/buletin.de\/bucuresti\/patru-artisti-contesta-razboiul-graffiti-al-lui-ciucu-nu-poti-eradica-prin-forta-cel-mai-mare-fenomen-artistic-al-ultimilor-60-de-ani\/#breadcrumb"},"inLanguage":"en-GB","potentialAction":[{"@type":"ReadAction","target":["https:\/\/buletin.de\/bucuresti\/patru-artisti-contesta-razboiul-graffiti-al-lui-ciucu-nu-poti-eradica-prin-forta-cel-mai-mare-fenomen-artistic-al-ultimilor-60-de-ani\/"]}]},{"@type":"ImageObject","inLanguage":"en-GB","@id":"https:\/\/buletin.de\/bucuresti\/patru-artisti-contesta-razboiul-graffiti-al-lui-ciucu-nu-poti-eradica-prin-forta-cel-mai-mare-fenomen-artistic-al-ultimilor-60-de-ani\/#primaryimage","url":"https:\/\/buletin.de\/bucuresti\/wp-content\/uploads\/2026\/03\/IMG_26781-1-1100x733-1.jpg","contentUrl":"https:\/\/buletin.de\/bucuresti\/wp-content\/uploads\/2026\/03\/IMG_26781-1-1100x733-1.jpg","width":1100,"height":733,"caption":"Patru arti\u0219ti contest\u0103 \u201er\u0103zboiul graffiti\u201d al lui Ciucu. Foto: Andreea Tudor"},{"@type":"BreadcrumbList","@id":"https:\/\/buletin.de\/bucuresti\/patru-artisti-contesta-razboiul-graffiti-al-lui-ciucu-nu-poti-eradica-prin-forta-cel-mai-mare-fenomen-artistic-al-ultimilor-60-de-ani\/#breadcrumb","itemListElement":[{"@type":"ListItem","position":1,"name":"Acas\u0103","item":"https:\/\/buletin.de\/bucuresti\/"},{"@type":"ListItem","position":2,"name":"Patru arti\u0219ti contest\u0103 \u201er\u0103zboiul graffiti\u201d al lui Ciucu: \u201eNu po\u021bi eradica prin for\u021b\u0103 cel mai mare fenomen artistic al ultimilor 60 de ani\u201d"}]},{"@type":"WebSite","@id":"https:\/\/buletin.de\/bucuresti\/#website","url":"https:\/\/buletin.de\/bucuresti\/","name":"Buletin de Bucure\u0219ti","description":"\u0218tiri \u0219i investiga\u021bii esen\u021biale din capital\u0103","publisher":{"@id":"https:\/\/buletin.de\/bucuresti\/#organization"},"potentialAction":[{"@type":"SearchAction","target":{"@type":"EntryPoint","urlTemplate":"https:\/\/buletin.de\/bucuresti\/?s={search_term_string}"},"query-input":{"@type":"PropertyValueSpecification","valueRequired":true,"valueName":"search_term_string"}}],"inLanguage":"en-GB"},{"@type":"Organization","@id":"https:\/\/buletin.de\/bucuresti\/#organization","name":"Buletin de Bucure\u0219ti","url":"https:\/\/buletin.de\/bucuresti\/","logo":{"@type":"ImageObject","inLanguage":"en-GB","@id":"https:\/\/buletin.de\/bucuresti\/#\/schema\/logo\/image\/","url":"https:\/\/buletin.de\/bucuresti\/wp-content\/uploads\/logo-bdb-full-wide-vernil-transparent.png","contentUrl":"https:\/\/buletin.de\/bucuresti\/wp-content\/uploads\/logo-bdb-full-wide-vernil-transparent.png","width":1782,"height":626,"caption":"Buletin de Bucure\u0219ti"},"image":{"@id":"https:\/\/buletin.de\/bucuresti\/#\/schema\/logo\/image\/"},"sameAs":["https:\/\/www.facebook.com\/buletin.de.buc","https:\/\/www.instagram.com\/buletinde.bucuresti\/"]},{"@type":"Person","@id":"https:\/\/buletin.de\/bucuresti\/#\/schema\/person\/0ac9db30080482be87c7386a30f98796","name":"C\u0103t\u0103lin Anghel-Dimache","image":{"@type":"ImageObject","inLanguage":"en-GB","@id":"https:\/\/buletin.de\/bucuresti\/wp-content\/uploads\/Catalin-Anghel-Dimache-96x96.jpgbd9e43c5b25186d5b8e917ac61ad86c4","url":"https:\/\/buletin.de\/bucuresti\/wp-content\/uploads\/Catalin-Anghel-Dimache-96x96.jpg","contentUrl":"https:\/\/buletin.de\/bucuresti\/wp-content\/uploads\/Catalin-Anghel-Dimache-96x96.jpg","caption":"C\u0103t\u0103lin Anghel-Dimache"},"description":"A absolvit Facultatea de Jurnalism \u0219i \u0218tiin\u021bele Comunic\u0103rii a Universit\u0103\u021bii din Bucure\u0219ti \u00een 2024. Scrie despre mediu \u0219i teme sociale, dar \u0219i despre cum se reflect\u0103 ele \u00een via\u021ba cotidian\u0103 a bucure\u0219tenilor, cu un ochi atent la pove\u0219tile personale din spatele titlurilor. N\u0103scut \u0219i crescut \u00een Bucure\u0219ti, a f\u0103cut un pas c\u0103tre presa local\u0103, din pasiune pentru ora\u0219ul s\u0103u \u0219i oamenii din el.","url":"https:\/\/buletin.de\/bucuresti\/author\/catalin-anghel-dimache\/"}]}},"authors":[{"term_id":22572,"user_id":59,"is_guest":0,"slug":"catalin-anghel-dimache","display_name":"C\u0103t\u0103lin Anghel-Dimache","avatar_url":"https:\/\/buletin.de\/bucuresti\/wp-content\/uploads\/Catalin-Anghel-Dimache-96x96.jpg","0":null,"1":"","2":"","3":"","4":"","5":"","6":"","7":"","8":""}],"_links":{"self":[{"href":"https:\/\/buletin.de\/bucuresti\/wp-json\/wp\/v2\/posts\/183346","targetHints":{"allow":["GET"]}}],"collection":[{"href":"https:\/\/buletin.de\/bucuresti\/wp-json\/wp\/v2\/posts"}],"about":[{"href":"https:\/\/buletin.de\/bucuresti\/wp-json\/wp\/v2\/types\/post"}],"author":[{"embeddable":true,"href":"https:\/\/buletin.de\/bucuresti\/wp-json\/wp\/v2\/users\/59"}],"replies":[{"embeddable":true,"href":"https:\/\/buletin.de\/bucuresti\/wp-json\/wp\/v2\/comments?post=183346"}],"version-history":[{"count":12,"href":"https:\/\/buletin.de\/bucuresti\/wp-json\/wp\/v2\/posts\/183346\/revisions"}],"predecessor-version":[{"id":183671,"href":"https:\/\/buletin.de\/bucuresti\/wp-json\/wp\/v2\/posts\/183346\/revisions\/183671"}],"wp:featuredmedia":[{"embeddable":true,"href":"https:\/\/buletin.de\/bucuresti\/wp-json\/wp\/v2\/media\/183357"}],"wp:attachment":[{"href":"https:\/\/buletin.de\/bucuresti\/wp-json\/wp\/v2\/media?parent=183346"}],"wp:term":[{"taxonomy":"category","embeddable":true,"href":"https:\/\/buletin.de\/bucuresti\/wp-json\/wp\/v2\/categories?post=183346"},{"taxonomy":"post_tag","embeddable":true,"href":"https:\/\/buletin.de\/bucuresti\/wp-json\/wp\/v2\/tags?post=183346"},{"taxonomy":"author","embeddable":true,"href":"https:\/\/buletin.de\/bucuresti\/wp-json\/wp\/v2\/ppma_author?post=183346"}],"curies":[{"name":"wp","href":"https:\/\/api.w.org\/{rel}","templated":true}]}}