{"id":18263,"date":"2021-01-19T16:19:46","date_gmt":"2021-01-19T13:19:46","guid":{"rendered":"https:\/\/buletin.de\/bucuresti\/?p=18263"},"modified":"2021-01-19T16:20:13","modified_gmt":"2021-01-19T13:20:13","slug":"carantina-se-prelungeste-pentru-comuna-ciorogarla-pentru-inca-14-zile","status":"publish","type":"post","link":"https:\/\/buletin.de\/bucuresti\/carantina-se-prelungeste-pentru-comuna-ciorogarla-pentru-inca-14-zile\/","title":{"rendered":"Carantina se prelunge\u0219te pentru comuna Ciorog\u00e2rla pentru \u00eenc\u0103 14 zile"},"content":{"rendered":"\n<p><strong>Consiliul Jude\u021bean pentru Situa\u021bii de Urgen\u021b\u0103 Ilfov a <a href=\"https:\/\/if.prefectura.mai.gov.ro\/masura-de-carantinare-zonala-se-prelungeste-cu-14-zile-pentru-comuna-ciorogarla-incepand-cu-data-de-19-01-2021-ora-0530\/\">decis <\/a>prelungirea carantinei pentru comuna Ciorig\u00e2rla cu \u00eenc\u0103 14 zile, \u00eencep\u00e2nd de ast\u0103zi, 19 ianuarie, ora 05:30. Decizia a venit ca urmare a analizei de risc efectuat\u0103 de c\u0103tre Direc\u021bia de S\u0103n\u0103tate Public\u0103 a jude\u021bului Ilfov \u0219i a avizului Institutului Na\u021bional de S\u0103n\u0103tate Public\u0103. <\/strong><\/p>\n\n\n\n<p>Ciorog\u00e2rla se afl\u0103 \u00een carantin\u0103 zonal\u0103 din cauza cre\u0219terii accentuate a ratei de inciden\u021ba cumulat\u0103 pentru ultimele 14 zile, care a atins valoarea de 7,99\/1000 locuitori.<\/p>\n\n\n\n<p>\u00cen acest moment, al\u0103turi de Comuna Ciorog\u00e2rla se afl\u0103 \u00een carantin\u0103 zonal\u0103 doar comuna <a href=\"https:\/\/if.prefectura.mai.gov.ro\/comuna-dascalu-intra-in-carantina-pentru-o-perioada-de-14-zile-incepand-cu-data-de-16-01-2021-ora-0530\/\">Dasc\u0103lu<\/a>. <\/p>\n\n\n\n<p>Surs\u0103 Foto: Prim\u0103ria Ciorog\u00e2rla <\/p>\n","protected":false},"excerpt":{"rendered":"<p>Consiliul Jude\u021bean pentru Situa\u021bii de Urgen\u021b\u0103 Ilfov a decis prelungirea carantinei pentru comuna Ciorig\u00e2rla cu \u00eenc\u0103 14 zile, \u00eencep\u00e2nd de ast\u0103zi, 19 ianuarie, ora 05:30. Decizia a venit ca urmare a analizei de risc efectuat\u0103 de c\u0103tre Direc\u021bia de S\u0103n\u0103tate Public\u0103 a jude\u021bului Ilfov \u0219i a avizului Institutului Na\u021bional de S\u0103n\u0103tate Public\u0103. Ciorog\u00e2rla se afl\u0103 [&hellip;]<\/p>\n","protected":false},"author":17,"featured_media":17920,"comment_status":"closed","ping_status":"open","sticky":false,"template":"","format":"standard","meta":{"_acf_changed":false,"inline_featured_image":false,"ngg_post_thumbnail":0,"footnotes":""},"categories":[62],"tags":[1885,2126,643],"ppma_author":[22576],"class_list":["post-18263","post","type-post","status-publish","format-standard","has-post-thumbnail","hentry","category-stiri","tag-carantina-2","tag-ciorogarla-2","tag-covid19"],"acf":[],"yoast_head":"<!-- This site is optimized with the Yoast SEO Premium plugin v25.3 (Yoast SEO v27.5) - https:\/\/yoast.com\/product\/yoast-seo-premium-wordpress\/ -->\n<title>Carantina se prelunge\u0219te pentru comuna Ciorog\u00e2rla pentru \u00eenc\u0103 14 zile - Buletin de Bucure\u0219ti<\/title>\n<meta name=\"robots\" content=\"index, follow, max-snippet:-1, max-image-preview:large, max-video-preview:-1\" \/>\n<link rel=\"canonical\" href=\"https:\/\/buletin.de\/bucuresti\/carantina-se-prelungeste-pentru-comuna-ciorogarla-pentru-inca-14-zile\/\" \/>\n<meta property=\"og:locale\" content=\"en_GB\" \/>\n<meta property=\"og:type\" content=\"article\" \/>\n<meta property=\"og:title\" content=\"Carantina se prelunge\u0219te pentru comuna Ciorog\u00e2rla pentru \u00eenc\u0103 14 zile\" \/>\n<meta property=\"og:description\" content=\"Consiliul Jude\u021bean pentru Situa\u021bii de Urgen\u021b\u0103 Ilfov a decis prelungirea carantinei pentru comuna Ciorig\u00e2rla cu \u00eenc\u0103 14 zile, \u00eencep\u00e2nd de ast\u0103zi, 19 ianuarie, ora 05:30. Decizia a venit ca urmare a analizei de risc efectuat\u0103 de c\u0103tre Direc\u021bia de S\u0103n\u0103tate Public\u0103 a jude\u021bului Ilfov \u0219i a avizului Institutului Na\u021bional de S\u0103n\u0103tate Public\u0103. Ciorog\u00e2rla se afl\u0103 [&hellip;]\" \/>\n<meta property=\"og:url\" content=\"https:\/\/buletin.de\/bucuresti\/carantina-se-prelungeste-pentru-comuna-ciorogarla-pentru-inca-14-zile\/\" \/>\n<meta property=\"og:site_name\" content=\"Buletin de Bucure\u0219ti\" \/>\n<meta property=\"article:publisher\" content=\"https:\/\/www.facebook.com\/buletin.de.buc\" \/>\n<meta property=\"article:published_time\" content=\"2021-01-19T13:19:46+00:00\" \/>\n<meta property=\"article:modified_time\" content=\"2021-01-19T13:20:13+00:00\" \/>\n<meta property=\"og:image\" content=\"https:\/\/buletin.de\/bucuresti\/wp-content\/uploads\/primaria1.jpg\" \/>\n\t<meta property=\"og:image:width\" content=\"900\" \/>\n\t<meta property=\"og:image:height\" content=\"532\" \/>\n\t<meta property=\"og:image:type\" content=\"image\/jpeg\" \/>\n<meta name=\"author\" content=\"Florin R\u00e2\u0219teiu\" \/>\n<meta name=\"twitter:card\" content=\"summary_large_image\" \/>\n<meta name=\"twitter:label1\" content=\"Written by\" \/>\n\t<meta name=\"twitter:data1\" content=\"Florin R\u00e2\u0219teiu\" \/>\n\t<meta name=\"twitter:label2\" content=\"Estimated reading time\" \/>\n\t<meta name=\"twitter:data2\" content=\"1 minute\" \/>\n<script type=\"application\/ld+json\" class=\"yoast-schema-graph\">{\"@context\":\"https:\\\/\\\/schema.org\",\"@graph\":[{\"@type\":\"Article\",\"@id\":\"https:\\\/\\\/buletin.de\\\/bucuresti\\\/carantina-se-prelungeste-pentru-comuna-ciorogarla-pentru-inca-14-zile\\\/#article\",\"isPartOf\":{\"@id\":\"https:\\\/\\\/buletin.de\\\/bucuresti\\\/carantina-se-prelungeste-pentru-comuna-ciorogarla-pentru-inca-14-zile\\\/\"},\"author\":{\"name\":\"Florin R\u00e2\u0219teiu\",\"@id\":\"https:\\\/\\\/buletin.de\\\/bucuresti\\\/#\\\/schema\\\/person\\\/b0686d7a8b666c6afc78239777fd8a89\"},\"headline\":\"Carantina se prelunge\u0219te pentru comuna Ciorog\u00e2rla pentru \u00eenc\u0103 14 zile\",\"datePublished\":\"2021-01-19T13:19:46+00:00\",\"dateModified\":\"2021-01-19T13:20:13+00:00\",\"mainEntityOfPage\":{\"@id\":\"https:\\\/\\\/buletin.de\\\/bucuresti\\\/carantina-se-prelungeste-pentru-comuna-ciorogarla-pentru-inca-14-zile\\\/\"},\"wordCount\":124,\"publisher\":{\"@id\":\"https:\\\/\\\/buletin.de\\\/bucuresti\\\/#organization\"},\"image\":{\"@id\":\"https:\\\/\\\/buletin.de\\\/bucuresti\\\/carantina-se-prelungeste-pentru-comuna-ciorogarla-pentru-inca-14-zile\\\/#primaryimage\"},\"thumbnailUrl\":\"https:\\\/\\\/buletin.de\\\/bucuresti\\\/wp-content\\\/uploads\\\/primaria1.jpg\",\"keywords\":[\"carantin\u0103\",\"Ciorog\u00e2rla\",\"covid19\"],\"articleSection\":[\"\u0218tiri\"],\"inLanguage\":\"en-GB\",\"copyrightYear\":\"2021\",\"copyrightHolder\":{\"@id\":\"https:\\\/\\\/buletin.de\\\/bucuresti\\\/#organization\"}},{\"@type\":\"WebPage\",\"@id\":\"https:\\\/\\\/buletin.de\\\/bucuresti\\\/carantina-se-prelungeste-pentru-comuna-ciorogarla-pentru-inca-14-zile\\\/\",\"url\":\"https:\\\/\\\/buletin.de\\\/bucuresti\\\/carantina-se-prelungeste-pentru-comuna-ciorogarla-pentru-inca-14-zile\\\/\",\"name\":\"Carantina se prelunge\u0219te pentru comuna Ciorog\u00e2rla pentru \u00eenc\u0103 14 zile - Buletin de Bucure\u0219ti\",\"isPartOf\":{\"@id\":\"https:\\\/\\\/buletin.de\\\/bucuresti\\\/#website\"},\"primaryImageOfPage\":{\"@id\":\"https:\\\/\\\/buletin.de\\\/bucuresti\\\/carantina-se-prelungeste-pentru-comuna-ciorogarla-pentru-inca-14-zile\\\/#primaryimage\"},\"image\":{\"@id\":\"https:\\\/\\\/buletin.de\\\/bucuresti\\\/carantina-se-prelungeste-pentru-comuna-ciorogarla-pentru-inca-14-zile\\\/#primaryimage\"},\"thumbnailUrl\":\"https:\\\/\\\/buletin.de\\\/bucuresti\\\/wp-content\\\/uploads\\\/primaria1.jpg\",\"datePublished\":\"2021-01-19T13:19:46+00:00\",\"dateModified\":\"2021-01-19T13:20:13+00:00\",\"breadcrumb\":{\"@id\":\"https:\\\/\\\/buletin.de\\\/bucuresti\\\/carantina-se-prelungeste-pentru-comuna-ciorogarla-pentru-inca-14-zile\\\/#breadcrumb\"},\"inLanguage\":\"en-GB\",\"potentialAction\":[{\"@type\":\"ReadAction\",\"target\":[\"https:\\\/\\\/buletin.de\\\/bucuresti\\\/carantina-se-prelungeste-pentru-comuna-ciorogarla-pentru-inca-14-zile\\\/\"]}]},{\"@type\":\"ImageObject\",\"inLanguage\":\"en-GB\",\"@id\":\"https:\\\/\\\/buletin.de\\\/bucuresti\\\/carantina-se-prelungeste-pentru-comuna-ciorogarla-pentru-inca-14-zile\\\/#primaryimage\",\"url\":\"https:\\\/\\\/buletin.de\\\/bucuresti\\\/wp-content\\\/uploads\\\/primaria1.jpg\",\"contentUrl\":\"https:\\\/\\\/buletin.de\\\/bucuresti\\\/wp-content\\\/uploads\\\/primaria1.jpg\",\"width\":900,\"height\":532},{\"@type\":\"BreadcrumbList\",\"@id\":\"https:\\\/\\\/buletin.de\\\/bucuresti\\\/carantina-se-prelungeste-pentru-comuna-ciorogarla-pentru-inca-14-zile\\\/#breadcrumb\",\"itemListElement\":[{\"@type\":\"ListItem\",\"position\":1,\"name\":\"Acas\u0103\",\"item\":\"https:\\\/\\\/buletin.de\\\/bucuresti\\\/\"},{\"@type\":\"ListItem\",\"position\":2,\"name\":\"Carantina se prelunge\u0219te pentru comuna Ciorog\u00e2rla pentru \u00eenc\u0103 14 zile\"}]},{\"@type\":\"WebSite\",\"@id\":\"https:\\\/\\\/buletin.de\\\/bucuresti\\\/#website\",\"url\":\"https:\\\/\\\/buletin.de\\\/bucuresti\\\/\",\"name\":\"Buletin de Bucure\u0219ti\",\"description\":\"\u0218tiri \u0219i investiga\u021bii esen\u021biale din capital\u0103\",\"publisher\":{\"@id\":\"https:\\\/\\\/buletin.de\\\/bucuresti\\\/#organization\"},\"potentialAction\":[{\"@type\":\"SearchAction\",\"target\":{\"@type\":\"EntryPoint\",\"urlTemplate\":\"https:\\\/\\\/buletin.de\\\/bucuresti\\\/?s={search_term_string}\"},\"query-input\":{\"@type\":\"PropertyValueSpecification\",\"valueRequired\":true,\"valueName\":\"search_term_string\"}}],\"inLanguage\":\"en-GB\"},{\"@type\":\"Organization\",\"@id\":\"https:\\\/\\\/buletin.de\\\/bucuresti\\\/#organization\",\"name\":\"Buletin de Bucure\u0219ti\",\"url\":\"https:\\\/\\\/buletin.de\\\/bucuresti\\\/\",\"logo\":{\"@type\":\"ImageObject\",\"inLanguage\":\"en-GB\",\"@id\":\"https:\\\/\\\/buletin.de\\\/bucuresti\\\/#\\\/schema\\\/logo\\\/image\\\/\",\"url\":\"https:\\\/\\\/buletin.de\\\/bucuresti\\\/wp-content\\\/uploads\\\/logo-bdb-full-wide-vernil-transparent.png\",\"contentUrl\":\"https:\\\/\\\/buletin.de\\\/bucuresti\\\/wp-content\\\/uploads\\\/logo-bdb-full-wide-vernil-transparent.png\",\"width\":1782,\"height\":626,\"caption\":\"Buletin de Bucure\u0219ti\"},\"image\":{\"@id\":\"https:\\\/\\\/buletin.de\\\/bucuresti\\\/#\\\/schema\\\/logo\\\/image\\\/\"},\"sameAs\":[\"https:\\\/\\\/www.facebook.com\\\/buletin.de.buc\",\"https:\\\/\\\/www.instagram.com\\\/buletinde.bucuresti\\\/\"]},{\"@type\":\"Person\",\"@id\":\"https:\\\/\\\/buletin.de\\\/bucuresti\\\/#\\\/schema\\\/person\\\/b0686d7a8b666c6afc78239777fd8a89\",\"name\":\"Florin R\u00e2\u0219teiu\",\"image\":{\"@type\":\"ImageObject\",\"inLanguage\":\"en-GB\",\"@id\":\"https:\\\/\\\/buletin.de\\\/bucuresti\\\/wp-content\\\/uploads\\\/Florin-Rasteiu-96x96.jpgf0a6fe28453aa12f0a60e4d0a2e3a78c\",\"url\":\"https:\\\/\\\/buletin.de\\\/bucuresti\\\/wp-content\\\/uploads\\\/Florin-Rasteiu-96x96.jpg\",\"contentUrl\":\"https:\\\/\\\/buletin.de\\\/bucuresti\\\/wp-content\\\/uploads\\\/Florin-Rasteiu-96x96.jpg\",\"caption\":\"Florin R\u00e2\u0219teiu\"},\"description\":\"Jurnalist de investiga\u021bie. Lucreaz\u0103 de aproape 6 ani la Buletin de Bucure\u0219ti, unde a publicat articole care scot la suprafa\u021b\u0103 corup\u021bia din Capital\u0103. Analizeaz\u0103 baze de date zilnic \u0219i scoate pove\u0219ti din exceluri pline de cifre. Pune reflectorul pe adev\u0103r cu fiecare ocazie. A c\u00e2\u0219tigat premiul I la categoria Pres\u0103 Local\u0103 \u00een 2025 \u0219i locul al II-lea la aceea\u0219i categorie \u00een 2024 \u00een cadrul Premiilor Superscrieri pentru jurnalism independent.\",\"url\":\"https:\\\/\\\/buletin.de\\\/bucuresti\\\/author\\\/florinrasteiu\\\/\"}]}<\/script>\n<!-- \/ Yoast SEO Premium plugin. -->","yoast_head_json":{"title":"Carantina se prelunge\u0219te pentru comuna Ciorog\u00e2rla pentru \u00eenc\u0103 14 zile - Buletin de Bucure\u0219ti","robots":{"index":"index","follow":"follow","max-snippet":"max-snippet:-1","max-image-preview":"max-image-preview:large","max-video-preview":"max-video-preview:-1"},"canonical":"https:\/\/buletin.de\/bucuresti\/carantina-se-prelungeste-pentru-comuna-ciorogarla-pentru-inca-14-zile\/","og_locale":"en_GB","og_type":"article","og_title":"Carantina se prelunge\u0219te pentru comuna Ciorog\u00e2rla pentru \u00eenc\u0103 14 zile","og_description":"Consiliul Jude\u021bean pentru Situa\u021bii de Urgen\u021b\u0103 Ilfov a decis prelungirea carantinei pentru comuna Ciorig\u00e2rla cu \u00eenc\u0103 14 zile, \u00eencep\u00e2nd de ast\u0103zi, 19 ianuarie, ora 05:30. Decizia a venit ca urmare a analizei de risc efectuat\u0103 de c\u0103tre Direc\u021bia de S\u0103n\u0103tate Public\u0103 a jude\u021bului Ilfov \u0219i a avizului Institutului Na\u021bional de S\u0103n\u0103tate Public\u0103. Ciorog\u00e2rla se afl\u0103 [&hellip;]","og_url":"https:\/\/buletin.de\/bucuresti\/carantina-se-prelungeste-pentru-comuna-ciorogarla-pentru-inca-14-zile\/","og_site_name":"Buletin de Bucure\u0219ti","article_publisher":"https:\/\/www.facebook.com\/buletin.de.buc","article_published_time":"2021-01-19T13:19:46+00:00","article_modified_time":"2021-01-19T13:20:13+00:00","og_image":[{"width":900,"height":532,"url":"https:\/\/buletin.de\/bucuresti\/wp-content\/uploads\/primaria1.jpg","type":"image\/jpeg"}],"author":"Florin R\u00e2\u0219teiu","twitter_card":"summary_large_image","twitter_misc":{"Written by":"Florin R\u00e2\u0219teiu","Estimated reading time":"1 minute"},"schema":{"@context":"https:\/\/schema.org","@graph":[{"@type":"Article","@id":"https:\/\/buletin.de\/bucuresti\/carantina-se-prelungeste-pentru-comuna-ciorogarla-pentru-inca-14-zile\/#article","isPartOf":{"@id":"https:\/\/buletin.de\/bucuresti\/carantina-se-prelungeste-pentru-comuna-ciorogarla-pentru-inca-14-zile\/"},"author":{"name":"Florin R\u00e2\u0219teiu","@id":"https:\/\/buletin.de\/bucuresti\/#\/schema\/person\/b0686d7a8b666c6afc78239777fd8a89"},"headline":"Carantina se prelunge\u0219te pentru comuna Ciorog\u00e2rla pentru \u00eenc\u0103 14 zile","datePublished":"2021-01-19T13:19:46+00:00","dateModified":"2021-01-19T13:20:13+00:00","mainEntityOfPage":{"@id":"https:\/\/buletin.de\/bucuresti\/carantina-se-prelungeste-pentru-comuna-ciorogarla-pentru-inca-14-zile\/"},"wordCount":124,"publisher":{"@id":"https:\/\/buletin.de\/bucuresti\/#organization"},"image":{"@id":"https:\/\/buletin.de\/bucuresti\/carantina-se-prelungeste-pentru-comuna-ciorogarla-pentru-inca-14-zile\/#primaryimage"},"thumbnailUrl":"https:\/\/buletin.de\/bucuresti\/wp-content\/uploads\/primaria1.jpg","keywords":["carantin\u0103","Ciorog\u00e2rla","covid19"],"articleSection":["\u0218tiri"],"inLanguage":"en-GB","copyrightYear":"2021","copyrightHolder":{"@id":"https:\/\/buletin.de\/bucuresti\/#organization"}},{"@type":"WebPage","@id":"https:\/\/buletin.de\/bucuresti\/carantina-se-prelungeste-pentru-comuna-ciorogarla-pentru-inca-14-zile\/","url":"https:\/\/buletin.de\/bucuresti\/carantina-se-prelungeste-pentru-comuna-ciorogarla-pentru-inca-14-zile\/","name":"Carantina se prelunge\u0219te pentru comuna Ciorog\u00e2rla pentru \u00eenc\u0103 14 zile - Buletin de Bucure\u0219ti","isPartOf":{"@id":"https:\/\/buletin.de\/bucuresti\/#website"},"primaryImageOfPage":{"@id":"https:\/\/buletin.de\/bucuresti\/carantina-se-prelungeste-pentru-comuna-ciorogarla-pentru-inca-14-zile\/#primaryimage"},"image":{"@id":"https:\/\/buletin.de\/bucuresti\/carantina-se-prelungeste-pentru-comuna-ciorogarla-pentru-inca-14-zile\/#primaryimage"},"thumbnailUrl":"https:\/\/buletin.de\/bucuresti\/wp-content\/uploads\/primaria1.jpg","datePublished":"2021-01-19T13:19:46+00:00","dateModified":"2021-01-19T13:20:13+00:00","breadcrumb":{"@id":"https:\/\/buletin.de\/bucuresti\/carantina-se-prelungeste-pentru-comuna-ciorogarla-pentru-inca-14-zile\/#breadcrumb"},"inLanguage":"en-GB","potentialAction":[{"@type":"ReadAction","target":["https:\/\/buletin.de\/bucuresti\/carantina-se-prelungeste-pentru-comuna-ciorogarla-pentru-inca-14-zile\/"]}]},{"@type":"ImageObject","inLanguage":"en-GB","@id":"https:\/\/buletin.de\/bucuresti\/carantina-se-prelungeste-pentru-comuna-ciorogarla-pentru-inca-14-zile\/#primaryimage","url":"https:\/\/buletin.de\/bucuresti\/wp-content\/uploads\/primaria1.jpg","contentUrl":"https:\/\/buletin.de\/bucuresti\/wp-content\/uploads\/primaria1.jpg","width":900,"height":532},{"@type":"BreadcrumbList","@id":"https:\/\/buletin.de\/bucuresti\/carantina-se-prelungeste-pentru-comuna-ciorogarla-pentru-inca-14-zile\/#breadcrumb","itemListElement":[{"@type":"ListItem","position":1,"name":"Acas\u0103","item":"https:\/\/buletin.de\/bucuresti\/"},{"@type":"ListItem","position":2,"name":"Carantina se prelunge\u0219te pentru comuna Ciorog\u00e2rla pentru \u00eenc\u0103 14 zile"}]},{"@type":"WebSite","@id":"https:\/\/buletin.de\/bucuresti\/#website","url":"https:\/\/buletin.de\/bucuresti\/","name":"Buletin de Bucure\u0219ti","description":"\u0218tiri \u0219i investiga\u021bii esen\u021biale din capital\u0103","publisher":{"@id":"https:\/\/buletin.de\/bucuresti\/#organization"},"potentialAction":[{"@type":"SearchAction","target":{"@type":"EntryPoint","urlTemplate":"https:\/\/buletin.de\/bucuresti\/?s={search_term_string}"},"query-input":{"@type":"PropertyValueSpecification","valueRequired":true,"valueName":"search_term_string"}}],"inLanguage":"en-GB"},{"@type":"Organization","@id":"https:\/\/buletin.de\/bucuresti\/#organization","name":"Buletin de Bucure\u0219ti","url":"https:\/\/buletin.de\/bucuresti\/","logo":{"@type":"ImageObject","inLanguage":"en-GB","@id":"https:\/\/buletin.de\/bucuresti\/#\/schema\/logo\/image\/","url":"https:\/\/buletin.de\/bucuresti\/wp-content\/uploads\/logo-bdb-full-wide-vernil-transparent.png","contentUrl":"https:\/\/buletin.de\/bucuresti\/wp-content\/uploads\/logo-bdb-full-wide-vernil-transparent.png","width":1782,"height":626,"caption":"Buletin de Bucure\u0219ti"},"image":{"@id":"https:\/\/buletin.de\/bucuresti\/#\/schema\/logo\/image\/"},"sameAs":["https:\/\/www.facebook.com\/buletin.de.buc","https:\/\/www.instagram.com\/buletinde.bucuresti\/"]},{"@type":"Person","@id":"https:\/\/buletin.de\/bucuresti\/#\/schema\/person\/b0686d7a8b666c6afc78239777fd8a89","name":"Florin R\u00e2\u0219teiu","image":{"@type":"ImageObject","inLanguage":"en-GB","@id":"https:\/\/buletin.de\/bucuresti\/wp-content\/uploads\/Florin-Rasteiu-96x96.jpgf0a6fe28453aa12f0a60e4d0a2e3a78c","url":"https:\/\/buletin.de\/bucuresti\/wp-content\/uploads\/Florin-Rasteiu-96x96.jpg","contentUrl":"https:\/\/buletin.de\/bucuresti\/wp-content\/uploads\/Florin-Rasteiu-96x96.jpg","caption":"Florin R\u00e2\u0219teiu"},"description":"Jurnalist de investiga\u021bie. Lucreaz\u0103 de aproape 6 ani la Buletin de Bucure\u0219ti, unde a publicat articole care scot la suprafa\u021b\u0103 corup\u021bia din Capital\u0103. Analizeaz\u0103 baze de date zilnic \u0219i scoate pove\u0219ti din exceluri pline de cifre. Pune reflectorul pe adev\u0103r cu fiecare ocazie. A c\u00e2\u0219tigat premiul I la categoria Pres\u0103 Local\u0103 \u00een 2025 \u0219i locul al II-lea la aceea\u0219i categorie \u00een 2024 \u00een cadrul Premiilor Superscrieri pentru jurnalism independent.","url":"https:\/\/buletin.de\/bucuresti\/author\/florinrasteiu\/"}]}},"authors":[{"term_id":22576,"user_id":17,"is_guest":0,"slug":"florinrasteiu","display_name":"Florin R\u00e2\u0219teiu","avatar_url":"https:\/\/buletin.de\/bucuresti\/wp-content\/uploads\/Florin-Rasteiu-96x96.jpg","0":null,"1":"","2":"","3":"","4":"","5":"","6":"","7":"","8":""}],"_links":{"self":[{"href":"https:\/\/buletin.de\/bucuresti\/wp-json\/wp\/v2\/posts\/18263","targetHints":{"allow":["GET"]}}],"collection":[{"href":"https:\/\/buletin.de\/bucuresti\/wp-json\/wp\/v2\/posts"}],"about":[{"href":"https:\/\/buletin.de\/bucuresti\/wp-json\/wp\/v2\/types\/post"}],"author":[{"embeddable":true,"href":"https:\/\/buletin.de\/bucuresti\/wp-json\/wp\/v2\/users\/17"}],"replies":[{"embeddable":true,"href":"https:\/\/buletin.de\/bucuresti\/wp-json\/wp\/v2\/comments?post=18263"}],"version-history":[{"count":2,"href":"https:\/\/buletin.de\/bucuresti\/wp-json\/wp\/v2\/posts\/18263\/revisions"}],"predecessor-version":[{"id":18268,"href":"https:\/\/buletin.de\/bucuresti\/wp-json\/wp\/v2\/posts\/18263\/revisions\/18268"}],"wp:featuredmedia":[{"embeddable":true,"href":"https:\/\/buletin.de\/bucuresti\/wp-json\/wp\/v2\/media\/17920"}],"wp:attachment":[{"href":"https:\/\/buletin.de\/bucuresti\/wp-json\/wp\/v2\/media?parent=18263"}],"wp:term":[{"taxonomy":"category","embeddable":true,"href":"https:\/\/buletin.de\/bucuresti\/wp-json\/wp\/v2\/categories?post=18263"},{"taxonomy":"post_tag","embeddable":true,"href":"https:\/\/buletin.de\/bucuresti\/wp-json\/wp\/v2\/tags?post=18263"},{"taxonomy":"author","embeddable":true,"href":"https:\/\/buletin.de\/bucuresti\/wp-json\/wp\/v2\/ppma_author?post=18263"}],"curies":[{"name":"wp","href":"https:\/\/api.w.org\/{rel}","templated":true}]}}