{"id":18234,"date":"2021-01-18T23:28:30","date_gmt":"2021-01-18T20:28:30","guid":{"rendered":"https:\/\/buletin.de\/bucuresti\/?p=18234"},"modified":"2021-01-18T23:29:30","modified_gmt":"2021-01-18T20:29:30","slug":"noua-lista-a-arilor-cu-risc-epidemiologic-carantina-ridicata-pentru-persoanele-vaccinate-cu-ambele-doze","status":"publish","type":"post","link":"https:\/\/buletin.de\/bucuresti\/noua-lista-a-arilor-cu-risc-epidemiologic-carantina-ridicata-pentru-persoanele-vaccinate-cu-ambele-doze\/","title":{"rendered":"Noua list\u0103 a \u021b\u0103rilor cu risc epidemiologic &#8211; carantina ridicat\u0103 pentru persoanele vaccinate cu ambele doze"},"content":{"rendered":"\n<p>Comitetul Na\u021bional pentru Situa\u021bii de Urgen\u021b\u0103 a actualizat lista \u021b\u0103rilor\/zonelor de risc epidemiologic pentru care se instituie m\u0103sura carantinei asupra persoanelor care sosesc \u00een Rom\u00e2nia din acestea. Conform documentului, \u021b\u0103rile ce prezint\u0103 un risc ridicat sunt urm\u0103toarele:<\/p>\n\n\n\n<iframe src=\"https:\/\/buletin.de\/bucuresti\/wp-content\/uploads\/Anexa-Lista-State-cu-risc-epidemiologic-ridicat-18.01.2021.pdf\" style=\"width:100%; height: 50vh;\"><\/iframe>\n\n\n\n<p><em>*(date publicate de ECDC joi 14 ianuarie 2021 pentru perioada 28 decembrie 2020 \u2013 10 ianuarie 2021)<\/em><\/p>\n\n\n\n<p><strong>Excep\u021bie fac \u00eens\u0103 persoanele care au efectuat vaccinul \u00eempotriva Coronavirusului, inclusiv a doua doz\u0103 (cu minimum 10 zile \u00eentre administrarea acesteia \u0219i data intr\u0103rii \u00een Rom\u00e2nia). Aceea\u0219i m\u0103sur\u0103 este valabil\u0103 \u0219i \u00een cazul \u00een care s-a luat contact cu o persoan\u0103 confirmat\u0103 cu virusul.<\/strong><\/p>\n\n\n\n<p><em>Dovada efectu\u0103rii vaccinului, inclusiv data administr\u0103rii celei de-a doua doz\u0103 se va realiza prin intermediul documentului emis de unitatea sanitar\u0103 care l-a administrat, din Rom\u00e2nia sau din afara \u021b\u0103rii.<\/em><\/p>\n\n\n\n<p>M\u0103surile de carantin\u0103 sunt diferite \u0219i pentru cei care vin \u00een \u021bar\u0103 din Regatul Unit al Marii Britanii \u0219i Irlandei de Nord. Conform noii hot\u0103r\u00e2ri, sunt exceptate de la carantin\u0103 doar urm\u0103toarele categorii de persoane:<\/p>\n\n\n\n<p><br>a) conduc\u0103torii autovehiculelor de transport marf\u0103 cu capacitatea maxim\u0103<br>autorizat\u0103 mai mare de 2,4 tone;<\/p>\n\n\n\n<p><br>b) conduc\u0103torii autovehiculelor pentru transport persoane care au mai mult de 9 locuri pe scaune, inclusiv locul conduc\u0103torului; <\/p>\n\n\n\n<p><br>c) conduc\u0103torii auto prev\u0103zu\u021bi la lit. a) \u015fi lit. b) care se deplaseaz\u0103 \u00een interesul desf\u0103\u0219ur\u0103rii profesiei din statul de reziden\u021b\u0103 al acestora \u00eentr-un alt stat membru al Uniunii Europene sau dintr-un alt stat al Uniunii Europene \u00een statul de reziden\u021b\u0103, indiferent dac\u0103 deplasarea se face prin mijloace individuale sau \u00een cont propriu;<\/p>\n\n\n\n<p><br>d) pilo\u021bii de aeronave \u015fi personalul navigant;<\/p>\n\n\n\n<p><br>e) persoanele aflate \u00een tranzit, dac\u0103 p\u0103r\u0103sesc Rom\u00e2nia \u00een cel mult 24 de ore de la intrarea pe teritoriul \u021b\u0103rii;<\/p>\n\n\n\n<p><br>f) membrii misiunilor diplomatice, oficiilor consulare \u015fi ai altor reprezentan\u0163e diplomatice acreditate la Bucure\u015fti, posesori de pa\u015fapoarte diplomatice, personalul asimilat personalului diplomatic, precum \u015fi membrii Corpului Diplomatic \u015fi Consular al Rom\u00e2niei \u015fi posesorii de pa\u015fapoarte diplomatice \u015fi de serviciu, precum \u015fi membrii familiilor acestora;<\/p>\n\n\n\n<p>Mai mult, pentru situa\u021bii deosebite care vizeaz\u0103 participarea la evenimente familiale legate de na\u0219tere, c\u0103s\u0103torie sau deces, deplas\u0103ri pentru interven\u021bii\/tratamente medicale \u00een cazuri care nu suport\u0103 am\u00e2nare (afec\u021biuni oncologice, insuficien\u021b\u0103 renal\u0103 cronic\u0103 &#8211; \u00een program de hemodializ\u0103),preschimbare documente de identitate, p\u0103r\u0103sirea \u021b\u0103rii, poate<br>fi analizat\u0103 suspendarea temporara a m\u0103surii de carantin\u0103, f\u0103r\u0103 prezentarea unui test negativ la intrarea \u00een \u021bar\u0103.<\/p>\n\n\n\n<p>\u00centregul document poate fi consultat mai jos:<\/p>\n\n\n\n<iframe src=\"https:\/\/buletin.de\/bucuresti\/wp-content\/uploads\/Hotarare-CNSU-nr.-4-din-18.01.2021-1.pdf\" style=\"width:100%; height: 50vh;\"><\/iframe>\n","protected":false},"excerpt":{"rendered":"<p>Comitetul Na\u021bional pentru Situa\u021bii de Urgen\u021b\u0103 a actualizat lista \u021b\u0103rilor\/zonelor de risc epidemiologic pentru care se instituie m\u0103sura carantinei asupra persoanelor care sosesc \u00een Rom\u00e2nia din acestea. Conform documentului, \u021b\u0103rile ce prezint\u0103 un risc ridicat sunt urm\u0103toarele: *(date publicate de ECDC joi 14 ianuarie 2021 pentru perioada 28 decembrie 2020 \u2013 10 ianuarie 2021) Excep\u021bie [&hellip;]<\/p>\n","protected":false},"author":19,"featured_media":17857,"comment_status":"closed","ping_status":"open","sticky":false,"template":"","format":"standard","meta":{"_acf_changed":false,"inline_featured_image":false,"ngg_post_thumbnail":0,"footnotes":""},"categories":[1],"tags":[2086,641,2005],"ppma_author":[22594],"class_list":["post-18234","post","type-post","status-publish","format-standard","has-post-thumbnail","hentry","category-diverse","tag-14-zile","tag-carantina","tag-tari"],"acf":[],"yoast_head":"<!-- This site is optimized with the Yoast SEO Premium plugin v25.3 (Yoast SEO v27.4) - https:\/\/yoast.com\/product\/yoast-seo-premium-wordpress\/ -->\n<title>Noua list\u0103 a \u021b\u0103rilor cu risc epidemiologic - carantina ridicat\u0103 pentru persoanele vaccinate cu ambele doze - Buletin de Bucure\u0219ti<\/title>\n<meta name=\"robots\" content=\"index, follow, max-snippet:-1, max-image-preview:large, max-video-preview:-1\" \/>\n<link rel=\"canonical\" href=\"https:\/\/buletin.de\/bucuresti\/noua-lista-a-arilor-cu-risc-epidemiologic-carantina-ridicata-pentru-persoanele-vaccinate-cu-ambele-doze\/\" \/>\n<meta property=\"og:locale\" content=\"en_GB\" \/>\n<meta property=\"og:type\" content=\"article\" \/>\n<meta property=\"og:title\" content=\"Noua list\u0103 a \u021b\u0103rilor cu risc epidemiologic - carantina ridicat\u0103 pentru persoanele vaccinate cu ambele doze\" \/>\n<meta property=\"og:description\" content=\"Comitetul Na\u021bional pentru Situa\u021bii de Urgen\u021b\u0103 a actualizat lista \u021b\u0103rilor\/zonelor de risc epidemiologic pentru care se instituie m\u0103sura carantinei asupra persoanelor care sosesc \u00een Rom\u00e2nia din acestea. Conform documentului, \u021b\u0103rile ce prezint\u0103 un risc ridicat sunt urm\u0103toarele: *(date publicate de ECDC joi 14 ianuarie 2021 pentru perioada 28 decembrie 2020 \u2013 10 ianuarie 2021) Excep\u021bie [&hellip;]\" \/>\n<meta property=\"og:url\" content=\"https:\/\/buletin.de\/bucuresti\/noua-lista-a-arilor-cu-risc-epidemiologic-carantina-ridicata-pentru-persoanele-vaccinate-cu-ambele-doze\/\" \/>\n<meta property=\"og:site_name\" content=\"Buletin de Bucure\u0219ti\" \/>\n<meta property=\"article:publisher\" content=\"https:\/\/www.facebook.com\/buletin.de.buc\" \/>\n<meta property=\"article:published_time\" content=\"2021-01-18T20:28:30+00:00\" \/>\n<meta property=\"article:modified_time\" content=\"2021-01-18T20:29:30+00:00\" \/>\n<meta property=\"og:image\" content=\"https:\/\/buletin.de\/bucuresti\/wp-content\/uploads\/hot.png\" \/>\n\t<meta property=\"og:image:width\" content=\"1102\" \/>\n\t<meta property=\"og:image:height\" content=\"373\" \/>\n\t<meta property=\"og:image:type\" content=\"image\/png\" \/>\n<meta name=\"author\" content=\"\u0218tefan G\u00e2lm\u0103\" \/>\n<meta name=\"twitter:card\" content=\"summary_large_image\" \/>\n<meta name=\"twitter:label1\" content=\"Written by\" \/>\n\t<meta name=\"twitter:data1\" content=\"\u0218tefan G\u00e2lm\u0103\" \/>\n\t<meta name=\"twitter:label2\" content=\"Estimated reading time\" \/>\n\t<meta name=\"twitter:data2\" content=\"2 minutes\" \/>\n<script type=\"application\/ld+json\" class=\"yoast-schema-graph\">{\"@context\":\"https:\\\/\\\/schema.org\",\"@graph\":[{\"@type\":\"Article\",\"@id\":\"https:\\\/\\\/buletin.de\\\/bucuresti\\\/noua-lista-a-arilor-cu-risc-epidemiologic-carantina-ridicata-pentru-persoanele-vaccinate-cu-ambele-doze\\\/#article\",\"isPartOf\":{\"@id\":\"https:\\\/\\\/buletin.de\\\/bucuresti\\\/noua-lista-a-arilor-cu-risc-epidemiologic-carantina-ridicata-pentru-persoanele-vaccinate-cu-ambele-doze\\\/\"},\"author\":{\"name\":\"\u0218tefan G\u00e2lm\u0103\",\"@id\":\"https:\\\/\\\/buletin.de\\\/bucuresti\\\/#\\\/schema\\\/person\\\/71c51bf4ee1ece1fa65269bae3f4f8f4\"},\"headline\":\"Noua list\u0103 a \u021b\u0103rilor cu risc epidemiologic &#8211; carantina ridicat\u0103 pentru persoanele vaccinate cu ambele doze\",\"datePublished\":\"2021-01-18T20:28:30+00:00\",\"dateModified\":\"2021-01-18T20:29:30+00:00\",\"mainEntityOfPage\":{\"@id\":\"https:\\\/\\\/buletin.de\\\/bucuresti\\\/noua-lista-a-arilor-cu-risc-epidemiologic-carantina-ridicata-pentru-persoanele-vaccinate-cu-ambele-doze\\\/\"},\"wordCount\":439,\"publisher\":{\"@id\":\"https:\\\/\\\/buletin.de\\\/bucuresti\\\/#organization\"},\"image\":{\"@id\":\"https:\\\/\\\/buletin.de\\\/bucuresti\\\/noua-lista-a-arilor-cu-risc-epidemiologic-carantina-ridicata-pentru-persoanele-vaccinate-cu-ambele-doze\\\/#primaryimage\"},\"thumbnailUrl\":\"https:\\\/\\\/buletin.de\\\/bucuresti\\\/wp-content\\\/uploads\\\/hot.png\",\"keywords\":[\"14 zile\",\"carantina\",\"tari\"],\"articleSection\":[\"Diverse\"],\"inLanguage\":\"en-GB\",\"copyrightYear\":\"2021\",\"copyrightHolder\":{\"@id\":\"https:\\\/\\\/buletin.de\\\/bucuresti\\\/#organization\"}},{\"@type\":\"WebPage\",\"@id\":\"https:\\\/\\\/buletin.de\\\/bucuresti\\\/noua-lista-a-arilor-cu-risc-epidemiologic-carantina-ridicata-pentru-persoanele-vaccinate-cu-ambele-doze\\\/\",\"url\":\"https:\\\/\\\/buletin.de\\\/bucuresti\\\/noua-lista-a-arilor-cu-risc-epidemiologic-carantina-ridicata-pentru-persoanele-vaccinate-cu-ambele-doze\\\/\",\"name\":\"Noua list\u0103 a \u021b\u0103rilor cu risc epidemiologic - carantina ridicat\u0103 pentru persoanele vaccinate cu ambele doze - Buletin de Bucure\u0219ti\",\"isPartOf\":{\"@id\":\"https:\\\/\\\/buletin.de\\\/bucuresti\\\/#website\"},\"primaryImageOfPage\":{\"@id\":\"https:\\\/\\\/buletin.de\\\/bucuresti\\\/noua-lista-a-arilor-cu-risc-epidemiologic-carantina-ridicata-pentru-persoanele-vaccinate-cu-ambele-doze\\\/#primaryimage\"},\"image\":{\"@id\":\"https:\\\/\\\/buletin.de\\\/bucuresti\\\/noua-lista-a-arilor-cu-risc-epidemiologic-carantina-ridicata-pentru-persoanele-vaccinate-cu-ambele-doze\\\/#primaryimage\"},\"thumbnailUrl\":\"https:\\\/\\\/buletin.de\\\/bucuresti\\\/wp-content\\\/uploads\\\/hot.png\",\"datePublished\":\"2021-01-18T20:28:30+00:00\",\"dateModified\":\"2021-01-18T20:29:30+00:00\",\"breadcrumb\":{\"@id\":\"https:\\\/\\\/buletin.de\\\/bucuresti\\\/noua-lista-a-arilor-cu-risc-epidemiologic-carantina-ridicata-pentru-persoanele-vaccinate-cu-ambele-doze\\\/#breadcrumb\"},\"inLanguage\":\"en-GB\",\"potentialAction\":[{\"@type\":\"ReadAction\",\"target\":[\"https:\\\/\\\/buletin.de\\\/bucuresti\\\/noua-lista-a-arilor-cu-risc-epidemiologic-carantina-ridicata-pentru-persoanele-vaccinate-cu-ambele-doze\\\/\"]}]},{\"@type\":\"ImageObject\",\"inLanguage\":\"en-GB\",\"@id\":\"https:\\\/\\\/buletin.de\\\/bucuresti\\\/noua-lista-a-arilor-cu-risc-epidemiologic-carantina-ridicata-pentru-persoanele-vaccinate-cu-ambele-doze\\\/#primaryimage\",\"url\":\"https:\\\/\\\/buletin.de\\\/bucuresti\\\/wp-content\\\/uploads\\\/hot.png\",\"contentUrl\":\"https:\\\/\\\/buletin.de\\\/bucuresti\\\/wp-content\\\/uploads\\\/hot.png\",\"width\":1102,\"height\":373},{\"@type\":\"BreadcrumbList\",\"@id\":\"https:\\\/\\\/buletin.de\\\/bucuresti\\\/noua-lista-a-arilor-cu-risc-epidemiologic-carantina-ridicata-pentru-persoanele-vaccinate-cu-ambele-doze\\\/#breadcrumb\",\"itemListElement\":[{\"@type\":\"ListItem\",\"position\":1,\"name\":\"Acas\u0103\",\"item\":\"https:\\\/\\\/buletin.de\\\/bucuresti\\\/\"},{\"@type\":\"ListItem\",\"position\":2,\"name\":\"Noua list\u0103 a \u021b\u0103rilor cu risc epidemiologic &#8211; carantina ridicat\u0103 pentru persoanele vaccinate cu ambele doze\"}]},{\"@type\":\"WebSite\",\"@id\":\"https:\\\/\\\/buletin.de\\\/bucuresti\\\/#website\",\"url\":\"https:\\\/\\\/buletin.de\\\/bucuresti\\\/\",\"name\":\"Buletin de Bucure\u0219ti\",\"description\":\"\u0218tiri \u0219i investiga\u021bii esen\u021biale din capital\u0103\",\"publisher\":{\"@id\":\"https:\\\/\\\/buletin.de\\\/bucuresti\\\/#organization\"},\"potentialAction\":[{\"@type\":\"SearchAction\",\"target\":{\"@type\":\"EntryPoint\",\"urlTemplate\":\"https:\\\/\\\/buletin.de\\\/bucuresti\\\/?s={search_term_string}\"},\"query-input\":{\"@type\":\"PropertyValueSpecification\",\"valueRequired\":true,\"valueName\":\"search_term_string\"}}],\"inLanguage\":\"en-GB\"},{\"@type\":\"Organization\",\"@id\":\"https:\\\/\\\/buletin.de\\\/bucuresti\\\/#organization\",\"name\":\"Buletin de Bucure\u0219ti\",\"url\":\"https:\\\/\\\/buletin.de\\\/bucuresti\\\/\",\"logo\":{\"@type\":\"ImageObject\",\"inLanguage\":\"en-GB\",\"@id\":\"https:\\\/\\\/buletin.de\\\/bucuresti\\\/#\\\/schema\\\/logo\\\/image\\\/\",\"url\":\"https:\\\/\\\/buletin.de\\\/bucuresti\\\/wp-content\\\/uploads\\\/logo-bdb-full-wide-vernil-transparent.png\",\"contentUrl\":\"https:\\\/\\\/buletin.de\\\/bucuresti\\\/wp-content\\\/uploads\\\/logo-bdb-full-wide-vernil-transparent.png\",\"width\":1782,\"height\":626,\"caption\":\"Buletin de Bucure\u0219ti\"},\"image\":{\"@id\":\"https:\\\/\\\/buletin.de\\\/bucuresti\\\/#\\\/schema\\\/logo\\\/image\\\/\"},\"sameAs\":[\"https:\\\/\\\/www.facebook.com\\\/buletin.de.buc\",\"https:\\\/\\\/www.instagram.com\\\/buletinde.bucuresti\\\/\"]},{\"@type\":\"Person\",\"@id\":\"https:\\\/\\\/buletin.de\\\/bucuresti\\\/#\\\/schema\\\/person\\\/71c51bf4ee1ece1fa65269bae3f4f8f4\",\"name\":\"\u0218tefan G\u00e2lm\u0103\",\"image\":{\"@type\":\"ImageObject\",\"inLanguage\":\"en-GB\",\"@id\":\"https:\\\/\\\/secure.gravatar.com\\\/avatar\\\/11f1bdea02a87156d29bb53783b2d53d69f420dd8ca49066372461207e4346c0?s=96&d=monsterid&r=g90ad9f49605f2e593aa4953efc791f4c\",\"url\":\"https:\\\/\\\/secure.gravatar.com\\\/avatar\\\/11f1bdea02a87156d29bb53783b2d53d69f420dd8ca49066372461207e4346c0?s=96&d=monsterid&r=g\",\"contentUrl\":\"https:\\\/\\\/secure.gravatar.com\\\/avatar\\\/11f1bdea02a87156d29bb53783b2d53d69f420dd8ca49066372461207e4346c0?s=96&d=monsterid&r=g\",\"caption\":\"\u0218tefan G\u00e2lm\u0103\"},\"url\":\"https:\\\/\\\/buletin.de\\\/bucuresti\\\/author\\\/stefangalma\\\/\"}]}<\/script>\n<!-- \/ Yoast SEO Premium plugin. -->","yoast_head_json":{"title":"Noua list\u0103 a \u021b\u0103rilor cu risc epidemiologic - carantina ridicat\u0103 pentru persoanele vaccinate cu ambele doze - Buletin de Bucure\u0219ti","robots":{"index":"index","follow":"follow","max-snippet":"max-snippet:-1","max-image-preview":"max-image-preview:large","max-video-preview":"max-video-preview:-1"},"canonical":"https:\/\/buletin.de\/bucuresti\/noua-lista-a-arilor-cu-risc-epidemiologic-carantina-ridicata-pentru-persoanele-vaccinate-cu-ambele-doze\/","og_locale":"en_GB","og_type":"article","og_title":"Noua list\u0103 a \u021b\u0103rilor cu risc epidemiologic - carantina ridicat\u0103 pentru persoanele vaccinate cu ambele doze","og_description":"Comitetul Na\u021bional pentru Situa\u021bii de Urgen\u021b\u0103 a actualizat lista \u021b\u0103rilor\/zonelor de risc epidemiologic pentru care se instituie m\u0103sura carantinei asupra persoanelor care sosesc \u00een Rom\u00e2nia din acestea. Conform documentului, \u021b\u0103rile ce prezint\u0103 un risc ridicat sunt urm\u0103toarele: *(date publicate de ECDC joi 14 ianuarie 2021 pentru perioada 28 decembrie 2020 \u2013 10 ianuarie 2021) Excep\u021bie [&hellip;]","og_url":"https:\/\/buletin.de\/bucuresti\/noua-lista-a-arilor-cu-risc-epidemiologic-carantina-ridicata-pentru-persoanele-vaccinate-cu-ambele-doze\/","og_site_name":"Buletin de Bucure\u0219ti","article_publisher":"https:\/\/www.facebook.com\/buletin.de.buc","article_published_time":"2021-01-18T20:28:30+00:00","article_modified_time":"2021-01-18T20:29:30+00:00","og_image":[{"width":1102,"height":373,"url":"https:\/\/buletin.de\/bucuresti\/wp-content\/uploads\/hot.png","type":"image\/png"}],"author":"\u0218tefan G\u00e2lm\u0103","twitter_card":"summary_large_image","twitter_misc":{"Written by":"\u0218tefan G\u00e2lm\u0103","Estimated reading time":"2 minutes"},"schema":{"@context":"https:\/\/schema.org","@graph":[{"@type":"Article","@id":"https:\/\/buletin.de\/bucuresti\/noua-lista-a-arilor-cu-risc-epidemiologic-carantina-ridicata-pentru-persoanele-vaccinate-cu-ambele-doze\/#article","isPartOf":{"@id":"https:\/\/buletin.de\/bucuresti\/noua-lista-a-arilor-cu-risc-epidemiologic-carantina-ridicata-pentru-persoanele-vaccinate-cu-ambele-doze\/"},"author":{"name":"\u0218tefan G\u00e2lm\u0103","@id":"https:\/\/buletin.de\/bucuresti\/#\/schema\/person\/71c51bf4ee1ece1fa65269bae3f4f8f4"},"headline":"Noua list\u0103 a \u021b\u0103rilor cu risc epidemiologic &#8211; carantina ridicat\u0103 pentru persoanele vaccinate cu ambele doze","datePublished":"2021-01-18T20:28:30+00:00","dateModified":"2021-01-18T20:29:30+00:00","mainEntityOfPage":{"@id":"https:\/\/buletin.de\/bucuresti\/noua-lista-a-arilor-cu-risc-epidemiologic-carantina-ridicata-pentru-persoanele-vaccinate-cu-ambele-doze\/"},"wordCount":439,"publisher":{"@id":"https:\/\/buletin.de\/bucuresti\/#organization"},"image":{"@id":"https:\/\/buletin.de\/bucuresti\/noua-lista-a-arilor-cu-risc-epidemiologic-carantina-ridicata-pentru-persoanele-vaccinate-cu-ambele-doze\/#primaryimage"},"thumbnailUrl":"https:\/\/buletin.de\/bucuresti\/wp-content\/uploads\/hot.png","keywords":["14 zile","carantina","tari"],"articleSection":["Diverse"],"inLanguage":"en-GB","copyrightYear":"2021","copyrightHolder":{"@id":"https:\/\/buletin.de\/bucuresti\/#organization"}},{"@type":"WebPage","@id":"https:\/\/buletin.de\/bucuresti\/noua-lista-a-arilor-cu-risc-epidemiologic-carantina-ridicata-pentru-persoanele-vaccinate-cu-ambele-doze\/","url":"https:\/\/buletin.de\/bucuresti\/noua-lista-a-arilor-cu-risc-epidemiologic-carantina-ridicata-pentru-persoanele-vaccinate-cu-ambele-doze\/","name":"Noua list\u0103 a \u021b\u0103rilor cu risc epidemiologic - carantina ridicat\u0103 pentru persoanele vaccinate cu ambele doze - Buletin de Bucure\u0219ti","isPartOf":{"@id":"https:\/\/buletin.de\/bucuresti\/#website"},"primaryImageOfPage":{"@id":"https:\/\/buletin.de\/bucuresti\/noua-lista-a-arilor-cu-risc-epidemiologic-carantina-ridicata-pentru-persoanele-vaccinate-cu-ambele-doze\/#primaryimage"},"image":{"@id":"https:\/\/buletin.de\/bucuresti\/noua-lista-a-arilor-cu-risc-epidemiologic-carantina-ridicata-pentru-persoanele-vaccinate-cu-ambele-doze\/#primaryimage"},"thumbnailUrl":"https:\/\/buletin.de\/bucuresti\/wp-content\/uploads\/hot.png","datePublished":"2021-01-18T20:28:30+00:00","dateModified":"2021-01-18T20:29:30+00:00","breadcrumb":{"@id":"https:\/\/buletin.de\/bucuresti\/noua-lista-a-arilor-cu-risc-epidemiologic-carantina-ridicata-pentru-persoanele-vaccinate-cu-ambele-doze\/#breadcrumb"},"inLanguage":"en-GB","potentialAction":[{"@type":"ReadAction","target":["https:\/\/buletin.de\/bucuresti\/noua-lista-a-arilor-cu-risc-epidemiologic-carantina-ridicata-pentru-persoanele-vaccinate-cu-ambele-doze\/"]}]},{"@type":"ImageObject","inLanguage":"en-GB","@id":"https:\/\/buletin.de\/bucuresti\/noua-lista-a-arilor-cu-risc-epidemiologic-carantina-ridicata-pentru-persoanele-vaccinate-cu-ambele-doze\/#primaryimage","url":"https:\/\/buletin.de\/bucuresti\/wp-content\/uploads\/hot.png","contentUrl":"https:\/\/buletin.de\/bucuresti\/wp-content\/uploads\/hot.png","width":1102,"height":373},{"@type":"BreadcrumbList","@id":"https:\/\/buletin.de\/bucuresti\/noua-lista-a-arilor-cu-risc-epidemiologic-carantina-ridicata-pentru-persoanele-vaccinate-cu-ambele-doze\/#breadcrumb","itemListElement":[{"@type":"ListItem","position":1,"name":"Acas\u0103","item":"https:\/\/buletin.de\/bucuresti\/"},{"@type":"ListItem","position":2,"name":"Noua list\u0103 a \u021b\u0103rilor cu risc epidemiologic &#8211; carantina ridicat\u0103 pentru persoanele vaccinate cu ambele doze"}]},{"@type":"WebSite","@id":"https:\/\/buletin.de\/bucuresti\/#website","url":"https:\/\/buletin.de\/bucuresti\/","name":"Buletin de Bucure\u0219ti","description":"\u0218tiri \u0219i investiga\u021bii esen\u021biale din capital\u0103","publisher":{"@id":"https:\/\/buletin.de\/bucuresti\/#organization"},"potentialAction":[{"@type":"SearchAction","target":{"@type":"EntryPoint","urlTemplate":"https:\/\/buletin.de\/bucuresti\/?s={search_term_string}"},"query-input":{"@type":"PropertyValueSpecification","valueRequired":true,"valueName":"search_term_string"}}],"inLanguage":"en-GB"},{"@type":"Organization","@id":"https:\/\/buletin.de\/bucuresti\/#organization","name":"Buletin de Bucure\u0219ti","url":"https:\/\/buletin.de\/bucuresti\/","logo":{"@type":"ImageObject","inLanguage":"en-GB","@id":"https:\/\/buletin.de\/bucuresti\/#\/schema\/logo\/image\/","url":"https:\/\/buletin.de\/bucuresti\/wp-content\/uploads\/logo-bdb-full-wide-vernil-transparent.png","contentUrl":"https:\/\/buletin.de\/bucuresti\/wp-content\/uploads\/logo-bdb-full-wide-vernil-transparent.png","width":1782,"height":626,"caption":"Buletin de Bucure\u0219ti"},"image":{"@id":"https:\/\/buletin.de\/bucuresti\/#\/schema\/logo\/image\/"},"sameAs":["https:\/\/www.facebook.com\/buletin.de.buc","https:\/\/www.instagram.com\/buletinde.bucuresti\/"]},{"@type":"Person","@id":"https:\/\/buletin.de\/bucuresti\/#\/schema\/person\/71c51bf4ee1ece1fa65269bae3f4f8f4","name":"\u0218tefan G\u00e2lm\u0103","image":{"@type":"ImageObject","inLanguage":"en-GB","@id":"https:\/\/secure.gravatar.com\/avatar\/11f1bdea02a87156d29bb53783b2d53d69f420dd8ca49066372461207e4346c0?s=96&d=monsterid&r=g90ad9f49605f2e593aa4953efc791f4c","url":"https:\/\/secure.gravatar.com\/avatar\/11f1bdea02a87156d29bb53783b2d53d69f420dd8ca49066372461207e4346c0?s=96&d=monsterid&r=g","contentUrl":"https:\/\/secure.gravatar.com\/avatar\/11f1bdea02a87156d29bb53783b2d53d69f420dd8ca49066372461207e4346c0?s=96&d=monsterid&r=g","caption":"\u0218tefan G\u00e2lm\u0103"},"url":"https:\/\/buletin.de\/bucuresti\/author\/stefangalma\/"}]}},"authors":[{"term_id":22594,"user_id":19,"is_guest":0,"slug":"stefangalma","display_name":"\u0218tefan G\u00e2lm\u0103","avatar_url":"https:\/\/secure.gravatar.com\/avatar\/11f1bdea02a87156d29bb53783b2d53d69f420dd8ca49066372461207e4346c0?s=96&d=monsterid&r=g","0":null,"1":"","2":"","3":"","4":"","5":"","6":"","7":"","8":""}],"_links":{"self":[{"href":"https:\/\/buletin.de\/bucuresti\/wp-json\/wp\/v2\/posts\/18234","targetHints":{"allow":["GET"]}}],"collection":[{"href":"https:\/\/buletin.de\/bucuresti\/wp-json\/wp\/v2\/posts"}],"about":[{"href":"https:\/\/buletin.de\/bucuresti\/wp-json\/wp\/v2\/types\/post"}],"author":[{"embeddable":true,"href":"https:\/\/buletin.de\/bucuresti\/wp-json\/wp\/v2\/users\/19"}],"replies":[{"embeddable":true,"href":"https:\/\/buletin.de\/bucuresti\/wp-json\/wp\/v2\/comments?post=18234"}],"version-history":[{"count":2,"href":"https:\/\/buletin.de\/bucuresti\/wp-json\/wp\/v2\/posts\/18234\/revisions"}],"predecessor-version":[{"id":18239,"href":"https:\/\/buletin.de\/bucuresti\/wp-json\/wp\/v2\/posts\/18234\/revisions\/18239"}],"wp:featuredmedia":[{"embeddable":true,"href":"https:\/\/buletin.de\/bucuresti\/wp-json\/wp\/v2\/media\/17857"}],"wp:attachment":[{"href":"https:\/\/buletin.de\/bucuresti\/wp-json\/wp\/v2\/media?parent=18234"}],"wp:term":[{"taxonomy":"category","embeddable":true,"href":"https:\/\/buletin.de\/bucuresti\/wp-json\/wp\/v2\/categories?post=18234"},{"taxonomy":"post_tag","embeddable":true,"href":"https:\/\/buletin.de\/bucuresti\/wp-json\/wp\/v2\/tags?post=18234"},{"taxonomy":"author","embeddable":true,"href":"https:\/\/buletin.de\/bucuresti\/wp-json\/wp\/v2\/ppma_author?post=18234"}],"curies":[{"name":"wp","href":"https:\/\/api.w.org\/{rel}","templated":true}]}}