{"id":18173,"date":"2021-01-18T17:50:07","date_gmt":"2021-01-18T14:50:07","guid":{"rendered":"https:\/\/buletin.de\/bucuresti\/?p=18173"},"modified":"2021-01-18T17:50:08","modified_gmt":"2021-01-18T14:50:08","slug":"autoritatea-electorala-permanenta-nicusor-dan-a-cheltuit-aproape-450-mii-de-lei-in-campania-electorala","status":"publish","type":"post","link":"https:\/\/buletin.de\/bucuresti\/autoritatea-electorala-permanenta-nicusor-dan-a-cheltuit-aproape-450-mii-de-lei-in-campania-electorala\/","title":{"rendered":"Autoritatea Electoral\u0103 Permanent\u0103. Nicu\u0219or Dan a cheltuit aproape 450 mii de lei \u00een campania electoral\u0103"},"content":{"rendered":"\n<p><\/p>\n\n\n\n<p><strong>Campania electoral\u0103 \u00een urma c\u0103reia Nicu\u0219or Dan a c\u00e2\u0219tigat func\u021bia de primar al Capitalei are \u00een spate aproape jum\u0103tate de milion de lei \u2013 445.251 lei. <\/strong><\/p>\n\n\n\n<p>Dintre ace\u0219tia, cea mai mare parte au fost ob\u021binu\u021bi prin dona\u021bii, aproape 327 mii de lei. Conform <a href=\"https:\/\/finantarepartide.ro\/sinteze-rapoarte-privind-verificarea-legalitatii-veniturilor-si-cheltuielilor-electorale-cu-ocazia-alegerii-autoritatilor-administratiei-publice-locale-din-anul-2020-conform-art-44-alin-6-din-le\/\">Autorit\u0103\u021bii Electorale Permanente<\/a>, contribu\u021biile electorale au provenit din:<\/p>\n\n\n\n<ul class=\"wp-block-list\"><li>contribu\u021bii din venituri proprii ale candidatului: 24.500 RON;<\/li><li>dona\u021bii: 326.800 RON;<\/li><li>\u00eemprumuturi: 94.700 RON.<\/li><\/ul>\n\n\n\n<p>Raportul privind verificarea legalit\u0103\u021bii veniturilor \u0219i cheltuielilor electorale publicat de Autoritatea Electoral\u0103 Permanent\u0103 sus\u021bine c\u0103 nu au fost constatate abateri contraven\u021bionale.<\/p>\n\n\n\n<p><\/p>\n\n\n\n<p>Surs\u0103 cover: <a href=\"https:\/\/www.facebook.com\/NicusorDan.ro\/photos\/3322920421118881\">Facebook Nicu\u0219or Dan<\/a><\/p>\n","protected":false},"excerpt":{"rendered":"<p>Campania electoral\u0103 \u00een urma c\u0103reia Nicu\u0219or Dan a c\u00e2\u0219tigat func\u021bia de primar al Capitalei are \u00een spate aproape jum\u0103tate de milion de lei \u2013 445.251 lei. Dintre ace\u0219tia, cea mai mare parte au fost ob\u021binu\u021bi prin dona\u021bii, aproape 327 mii de lei. Conform Autorit\u0103\u021bii Electorale Permanente, contribu\u021biile electorale au provenit din: contribu\u021bii din venituri proprii [&hellip;]<\/p>\n","protected":false},"author":6,"featured_media":18174,"comment_status":"closed","ping_status":"open","sticky":false,"template":"","format":"standard","meta":{"_acf_changed":false,"inline_featured_image":false,"ngg_post_thumbnail":0,"footnotes":""},"categories":[24,62],"tags":[2117,2118,223],"ppma_author":[22588],"class_list":["post-18173","post","type-post","status-publish","format-standard","has-post-thumbnail","hentry","category-primarie","category-stiri","tag-cheltuieli-electorale","tag-contributii-electorale","tag-nicusor-dan"],"acf":[],"yoast_head":"<!-- This site is optimized with the Yoast SEO Premium plugin v25.3 (Yoast SEO v27.4) - https:\/\/yoast.com\/product\/yoast-seo-premium-wordpress\/ -->\n<title>Autoritatea Electoral\u0103 Permanent\u0103. Nicu\u0219or Dan a cheltuit aproape 450 mii de lei \u00een campania electoral\u0103 - Buletin de Bucure\u0219ti<\/title>\n<meta name=\"robots\" content=\"index, follow, max-snippet:-1, max-image-preview:large, max-video-preview:-1\" \/>\n<link rel=\"canonical\" href=\"https:\/\/buletin.de\/bucuresti\/autoritatea-electorala-permanenta-nicusor-dan-a-cheltuit-aproape-450-mii-de-lei-in-campania-electorala\/\" \/>\n<meta property=\"og:locale\" content=\"en_GB\" \/>\n<meta property=\"og:type\" content=\"article\" \/>\n<meta property=\"og:title\" content=\"Autoritatea Electoral\u0103 Permanent\u0103. Nicu\u0219or Dan a cheltuit aproape 450 mii de lei \u00een campania electoral\u0103\" \/>\n<meta property=\"og:description\" content=\"Campania electoral\u0103 \u00een urma c\u0103reia Nicu\u0219or Dan a c\u00e2\u0219tigat func\u021bia de primar al Capitalei are \u00een spate aproape jum\u0103tate de milion de lei \u2013 445.251 lei. Dintre ace\u0219tia, cea mai mare parte au fost ob\u021binu\u021bi prin dona\u021bii, aproape 327 mii de lei. Conform Autorit\u0103\u021bii Electorale Permanente, contribu\u021biile electorale au provenit din: contribu\u021bii din venituri proprii [&hellip;]\" \/>\n<meta property=\"og:url\" content=\"https:\/\/buletin.de\/bucuresti\/autoritatea-electorala-permanenta-nicusor-dan-a-cheltuit-aproape-450-mii-de-lei-in-campania-electorala\/\" \/>\n<meta property=\"og:site_name\" content=\"Buletin de Bucure\u0219ti\" \/>\n<meta property=\"article:publisher\" content=\"https:\/\/www.facebook.com\/buletin.de.buc\" \/>\n<meta property=\"article:published_time\" content=\"2021-01-18T14:50:07+00:00\" \/>\n<meta property=\"article:modified_time\" content=\"2021-01-18T14:50:08+00:00\" \/>\n<meta property=\"og:image\" content=\"https:\/\/buletin.de\/bucuresti\/wp-content\/uploads\/119906698_3322920431118880_7718937323253270530_n.jpg\" \/>\n\t<meta property=\"og:image:width\" content=\"960\" \/>\n\t<meta property=\"og:image:height\" content=\"640\" \/>\n\t<meta property=\"og:image:type\" content=\"image\/jpeg\" \/>\n<meta name=\"author\" content=\"Bianca Albu\" \/>\n<meta name=\"twitter:card\" content=\"summary_large_image\" \/>\n<meta name=\"twitter:label1\" content=\"Written by\" \/>\n\t<meta name=\"twitter:data1\" content=\"Bianca Albu\" \/>\n\t<meta name=\"twitter:label2\" content=\"Estimated reading time\" \/>\n\t<meta name=\"twitter:data2\" content=\"1 minute\" \/>\n<script type=\"application\/ld+json\" class=\"yoast-schema-graph\">{\"@context\":\"https:\\\/\\\/schema.org\",\"@graph\":[{\"@type\":\"Article\",\"@id\":\"https:\\\/\\\/buletin.de\\\/bucuresti\\\/autoritatea-electorala-permanenta-nicusor-dan-a-cheltuit-aproape-450-mii-de-lei-in-campania-electorala\\\/#article\",\"isPartOf\":{\"@id\":\"https:\\\/\\\/buletin.de\\\/bucuresti\\\/autoritatea-electorala-permanenta-nicusor-dan-a-cheltuit-aproape-450-mii-de-lei-in-campania-electorala\\\/\"},\"author\":{\"name\":\"Bianca Albu\",\"@id\":\"https:\\\/\\\/buletin.de\\\/bucuresti\\\/#\\\/schema\\\/person\\\/295dc2228d2dc79294d636619468dc7f\"},\"headline\":\"Autoritatea Electoral\u0103 Permanent\u0103. Nicu\u0219or Dan a cheltuit aproape 450 mii de lei \u00een campania electoral\u0103\",\"datePublished\":\"2021-01-18T14:50:07+00:00\",\"dateModified\":\"2021-01-18T14:50:08+00:00\",\"mainEntityOfPage\":{\"@id\":\"https:\\\/\\\/buletin.de\\\/bucuresti\\\/autoritatea-electorala-permanenta-nicusor-dan-a-cheltuit-aproape-450-mii-de-lei-in-campania-electorala\\\/\"},\"wordCount\":117,\"publisher\":{\"@id\":\"https:\\\/\\\/buletin.de\\\/bucuresti\\\/#organization\"},\"image\":{\"@id\":\"https:\\\/\\\/buletin.de\\\/bucuresti\\\/autoritatea-electorala-permanenta-nicusor-dan-a-cheltuit-aproape-450-mii-de-lei-in-campania-electorala\\\/#primaryimage\"},\"thumbnailUrl\":\"https:\\\/\\\/buletin.de\\\/bucuresti\\\/wp-content\\\/uploads\\\/119906698_3322920431118880_7718937323253270530_n.jpg\",\"keywords\":[\"cheltuieli electorale\",\"contributii electorale\",\"nicusor dan\"],\"articleSection\":[\"Prim\u0103rie\",\"\u0218tiri\"],\"inLanguage\":\"en-GB\",\"copyrightYear\":\"2021\",\"copyrightHolder\":{\"@id\":\"https:\\\/\\\/buletin.de\\\/bucuresti\\\/#organization\"}},{\"@type\":\"WebPage\",\"@id\":\"https:\\\/\\\/buletin.de\\\/bucuresti\\\/autoritatea-electorala-permanenta-nicusor-dan-a-cheltuit-aproape-450-mii-de-lei-in-campania-electorala\\\/\",\"url\":\"https:\\\/\\\/buletin.de\\\/bucuresti\\\/autoritatea-electorala-permanenta-nicusor-dan-a-cheltuit-aproape-450-mii-de-lei-in-campania-electorala\\\/\",\"name\":\"Autoritatea Electoral\u0103 Permanent\u0103. Nicu\u0219or Dan a cheltuit aproape 450 mii de lei \u00een campania electoral\u0103 - Buletin de Bucure\u0219ti\",\"isPartOf\":{\"@id\":\"https:\\\/\\\/buletin.de\\\/bucuresti\\\/#website\"},\"primaryImageOfPage\":{\"@id\":\"https:\\\/\\\/buletin.de\\\/bucuresti\\\/autoritatea-electorala-permanenta-nicusor-dan-a-cheltuit-aproape-450-mii-de-lei-in-campania-electorala\\\/#primaryimage\"},\"image\":{\"@id\":\"https:\\\/\\\/buletin.de\\\/bucuresti\\\/autoritatea-electorala-permanenta-nicusor-dan-a-cheltuit-aproape-450-mii-de-lei-in-campania-electorala\\\/#primaryimage\"},\"thumbnailUrl\":\"https:\\\/\\\/buletin.de\\\/bucuresti\\\/wp-content\\\/uploads\\\/119906698_3322920431118880_7718937323253270530_n.jpg\",\"datePublished\":\"2021-01-18T14:50:07+00:00\",\"dateModified\":\"2021-01-18T14:50:08+00:00\",\"breadcrumb\":{\"@id\":\"https:\\\/\\\/buletin.de\\\/bucuresti\\\/autoritatea-electorala-permanenta-nicusor-dan-a-cheltuit-aproape-450-mii-de-lei-in-campania-electorala\\\/#breadcrumb\"},\"inLanguage\":\"en-GB\",\"potentialAction\":[{\"@type\":\"ReadAction\",\"target\":[\"https:\\\/\\\/buletin.de\\\/bucuresti\\\/autoritatea-electorala-permanenta-nicusor-dan-a-cheltuit-aproape-450-mii-de-lei-in-campania-electorala\\\/\"]}]},{\"@type\":\"ImageObject\",\"inLanguage\":\"en-GB\",\"@id\":\"https:\\\/\\\/buletin.de\\\/bucuresti\\\/autoritatea-electorala-permanenta-nicusor-dan-a-cheltuit-aproape-450-mii-de-lei-in-campania-electorala\\\/#primaryimage\",\"url\":\"https:\\\/\\\/buletin.de\\\/bucuresti\\\/wp-content\\\/uploads\\\/119906698_3322920431118880_7718937323253270530_n.jpg\",\"contentUrl\":\"https:\\\/\\\/buletin.de\\\/bucuresti\\\/wp-content\\\/uploads\\\/119906698_3322920431118880_7718937323253270530_n.jpg\",\"width\":960,\"height\":640},{\"@type\":\"BreadcrumbList\",\"@id\":\"https:\\\/\\\/buletin.de\\\/bucuresti\\\/autoritatea-electorala-permanenta-nicusor-dan-a-cheltuit-aproape-450-mii-de-lei-in-campania-electorala\\\/#breadcrumb\",\"itemListElement\":[{\"@type\":\"ListItem\",\"position\":1,\"name\":\"Acas\u0103\",\"item\":\"https:\\\/\\\/buletin.de\\\/bucuresti\\\/\"},{\"@type\":\"ListItem\",\"position\":2,\"name\":\"Autoritatea Electoral\u0103 Permanent\u0103. Nicu\u0219or Dan a cheltuit aproape 450 mii de lei \u00een campania electoral\u0103\"}]},{\"@type\":\"WebSite\",\"@id\":\"https:\\\/\\\/buletin.de\\\/bucuresti\\\/#website\",\"url\":\"https:\\\/\\\/buletin.de\\\/bucuresti\\\/\",\"name\":\"Buletin de Bucure\u0219ti\",\"description\":\"\u0218tiri \u0219i investiga\u021bii esen\u021biale din capital\u0103\",\"publisher\":{\"@id\":\"https:\\\/\\\/buletin.de\\\/bucuresti\\\/#organization\"},\"potentialAction\":[{\"@type\":\"SearchAction\",\"target\":{\"@type\":\"EntryPoint\",\"urlTemplate\":\"https:\\\/\\\/buletin.de\\\/bucuresti\\\/?s={search_term_string}\"},\"query-input\":{\"@type\":\"PropertyValueSpecification\",\"valueRequired\":true,\"valueName\":\"search_term_string\"}}],\"inLanguage\":\"en-GB\"},{\"@type\":\"Organization\",\"@id\":\"https:\\\/\\\/buletin.de\\\/bucuresti\\\/#organization\",\"name\":\"Buletin de Bucure\u0219ti\",\"url\":\"https:\\\/\\\/buletin.de\\\/bucuresti\\\/\",\"logo\":{\"@type\":\"ImageObject\",\"inLanguage\":\"en-GB\",\"@id\":\"https:\\\/\\\/buletin.de\\\/bucuresti\\\/#\\\/schema\\\/logo\\\/image\\\/\",\"url\":\"https:\\\/\\\/buletin.de\\\/bucuresti\\\/wp-content\\\/uploads\\\/logo-bdb-full-wide-vernil-transparent.png\",\"contentUrl\":\"https:\\\/\\\/buletin.de\\\/bucuresti\\\/wp-content\\\/uploads\\\/logo-bdb-full-wide-vernil-transparent.png\",\"width\":1782,\"height\":626,\"caption\":\"Buletin de Bucure\u0219ti\"},\"image\":{\"@id\":\"https:\\\/\\\/buletin.de\\\/bucuresti\\\/#\\\/schema\\\/logo\\\/image\\\/\"},\"sameAs\":[\"https:\\\/\\\/www.facebook.com\\\/buletin.de.buc\",\"https:\\\/\\\/www.instagram.com\\\/buletinde.bucuresti\\\/\"]},{\"@type\":\"Person\",\"@id\":\"https:\\\/\\\/buletin.de\\\/bucuresti\\\/#\\\/schema\\\/person\\\/295dc2228d2dc79294d636619468dc7f\",\"name\":\"Bianca Albu\",\"image\":{\"@type\":\"ImageObject\",\"inLanguage\":\"en-GB\",\"@id\":\"https:\\\/\\\/secure.gravatar.com\\\/avatar\\\/3df2e34e20f529e6fd7be4311ee1f7c4ec4aa886971590baf6fa214b15743516?s=96&d=monsterid&r=gf541c715eeec409ce8101252a3c0d8a7\",\"url\":\"https:\\\/\\\/secure.gravatar.com\\\/avatar\\\/3df2e34e20f529e6fd7be4311ee1f7c4ec4aa886971590baf6fa214b15743516?s=96&d=monsterid&r=g\",\"contentUrl\":\"https:\\\/\\\/secure.gravatar.com\\\/avatar\\\/3df2e34e20f529e6fd7be4311ee1f7c4ec4aa886971590baf6fa214b15743516?s=96&d=monsterid&r=g\",\"caption\":\"Bianca Albu\"},\"description\":\"Reporter\",\"url\":\"https:\\\/\\\/buletin.de\\\/bucuresti\\\/author\\\/biancaalbu\\\/\"}]}<\/script>\n<!-- \/ Yoast SEO Premium plugin. -->","yoast_head_json":{"title":"Autoritatea Electoral\u0103 Permanent\u0103. Nicu\u0219or Dan a cheltuit aproape 450 mii de lei \u00een campania electoral\u0103 - Buletin de Bucure\u0219ti","robots":{"index":"index","follow":"follow","max-snippet":"max-snippet:-1","max-image-preview":"max-image-preview:large","max-video-preview":"max-video-preview:-1"},"canonical":"https:\/\/buletin.de\/bucuresti\/autoritatea-electorala-permanenta-nicusor-dan-a-cheltuit-aproape-450-mii-de-lei-in-campania-electorala\/","og_locale":"en_GB","og_type":"article","og_title":"Autoritatea Electoral\u0103 Permanent\u0103. Nicu\u0219or Dan a cheltuit aproape 450 mii de lei \u00een campania electoral\u0103","og_description":"Campania electoral\u0103 \u00een urma c\u0103reia Nicu\u0219or Dan a c\u00e2\u0219tigat func\u021bia de primar al Capitalei are \u00een spate aproape jum\u0103tate de milion de lei \u2013 445.251 lei. Dintre ace\u0219tia, cea mai mare parte au fost ob\u021binu\u021bi prin dona\u021bii, aproape 327 mii de lei. Conform Autorit\u0103\u021bii Electorale Permanente, contribu\u021biile electorale au provenit din: contribu\u021bii din venituri proprii [&hellip;]","og_url":"https:\/\/buletin.de\/bucuresti\/autoritatea-electorala-permanenta-nicusor-dan-a-cheltuit-aproape-450-mii-de-lei-in-campania-electorala\/","og_site_name":"Buletin de Bucure\u0219ti","article_publisher":"https:\/\/www.facebook.com\/buletin.de.buc","article_published_time":"2021-01-18T14:50:07+00:00","article_modified_time":"2021-01-18T14:50:08+00:00","og_image":[{"width":960,"height":640,"url":"https:\/\/buletin.de\/bucuresti\/wp-content\/uploads\/119906698_3322920431118880_7718937323253270530_n.jpg","type":"image\/jpeg"}],"author":"Bianca Albu","twitter_card":"summary_large_image","twitter_misc":{"Written by":"Bianca Albu","Estimated reading time":"1 minute"},"schema":{"@context":"https:\/\/schema.org","@graph":[{"@type":"Article","@id":"https:\/\/buletin.de\/bucuresti\/autoritatea-electorala-permanenta-nicusor-dan-a-cheltuit-aproape-450-mii-de-lei-in-campania-electorala\/#article","isPartOf":{"@id":"https:\/\/buletin.de\/bucuresti\/autoritatea-electorala-permanenta-nicusor-dan-a-cheltuit-aproape-450-mii-de-lei-in-campania-electorala\/"},"author":{"name":"Bianca Albu","@id":"https:\/\/buletin.de\/bucuresti\/#\/schema\/person\/295dc2228d2dc79294d636619468dc7f"},"headline":"Autoritatea Electoral\u0103 Permanent\u0103. Nicu\u0219or Dan a cheltuit aproape 450 mii de lei \u00een campania electoral\u0103","datePublished":"2021-01-18T14:50:07+00:00","dateModified":"2021-01-18T14:50:08+00:00","mainEntityOfPage":{"@id":"https:\/\/buletin.de\/bucuresti\/autoritatea-electorala-permanenta-nicusor-dan-a-cheltuit-aproape-450-mii-de-lei-in-campania-electorala\/"},"wordCount":117,"publisher":{"@id":"https:\/\/buletin.de\/bucuresti\/#organization"},"image":{"@id":"https:\/\/buletin.de\/bucuresti\/autoritatea-electorala-permanenta-nicusor-dan-a-cheltuit-aproape-450-mii-de-lei-in-campania-electorala\/#primaryimage"},"thumbnailUrl":"https:\/\/buletin.de\/bucuresti\/wp-content\/uploads\/119906698_3322920431118880_7718937323253270530_n.jpg","keywords":["cheltuieli electorale","contributii electorale","nicusor dan"],"articleSection":["Prim\u0103rie","\u0218tiri"],"inLanguage":"en-GB","copyrightYear":"2021","copyrightHolder":{"@id":"https:\/\/buletin.de\/bucuresti\/#organization"}},{"@type":"WebPage","@id":"https:\/\/buletin.de\/bucuresti\/autoritatea-electorala-permanenta-nicusor-dan-a-cheltuit-aproape-450-mii-de-lei-in-campania-electorala\/","url":"https:\/\/buletin.de\/bucuresti\/autoritatea-electorala-permanenta-nicusor-dan-a-cheltuit-aproape-450-mii-de-lei-in-campania-electorala\/","name":"Autoritatea Electoral\u0103 Permanent\u0103. Nicu\u0219or Dan a cheltuit aproape 450 mii de lei \u00een campania electoral\u0103 - Buletin de Bucure\u0219ti","isPartOf":{"@id":"https:\/\/buletin.de\/bucuresti\/#website"},"primaryImageOfPage":{"@id":"https:\/\/buletin.de\/bucuresti\/autoritatea-electorala-permanenta-nicusor-dan-a-cheltuit-aproape-450-mii-de-lei-in-campania-electorala\/#primaryimage"},"image":{"@id":"https:\/\/buletin.de\/bucuresti\/autoritatea-electorala-permanenta-nicusor-dan-a-cheltuit-aproape-450-mii-de-lei-in-campania-electorala\/#primaryimage"},"thumbnailUrl":"https:\/\/buletin.de\/bucuresti\/wp-content\/uploads\/119906698_3322920431118880_7718937323253270530_n.jpg","datePublished":"2021-01-18T14:50:07+00:00","dateModified":"2021-01-18T14:50:08+00:00","breadcrumb":{"@id":"https:\/\/buletin.de\/bucuresti\/autoritatea-electorala-permanenta-nicusor-dan-a-cheltuit-aproape-450-mii-de-lei-in-campania-electorala\/#breadcrumb"},"inLanguage":"en-GB","potentialAction":[{"@type":"ReadAction","target":["https:\/\/buletin.de\/bucuresti\/autoritatea-electorala-permanenta-nicusor-dan-a-cheltuit-aproape-450-mii-de-lei-in-campania-electorala\/"]}]},{"@type":"ImageObject","inLanguage":"en-GB","@id":"https:\/\/buletin.de\/bucuresti\/autoritatea-electorala-permanenta-nicusor-dan-a-cheltuit-aproape-450-mii-de-lei-in-campania-electorala\/#primaryimage","url":"https:\/\/buletin.de\/bucuresti\/wp-content\/uploads\/119906698_3322920431118880_7718937323253270530_n.jpg","contentUrl":"https:\/\/buletin.de\/bucuresti\/wp-content\/uploads\/119906698_3322920431118880_7718937323253270530_n.jpg","width":960,"height":640},{"@type":"BreadcrumbList","@id":"https:\/\/buletin.de\/bucuresti\/autoritatea-electorala-permanenta-nicusor-dan-a-cheltuit-aproape-450-mii-de-lei-in-campania-electorala\/#breadcrumb","itemListElement":[{"@type":"ListItem","position":1,"name":"Acas\u0103","item":"https:\/\/buletin.de\/bucuresti\/"},{"@type":"ListItem","position":2,"name":"Autoritatea Electoral\u0103 Permanent\u0103. Nicu\u0219or Dan a cheltuit aproape 450 mii de lei \u00een campania electoral\u0103"}]},{"@type":"WebSite","@id":"https:\/\/buletin.de\/bucuresti\/#website","url":"https:\/\/buletin.de\/bucuresti\/","name":"Buletin de Bucure\u0219ti","description":"\u0218tiri \u0219i investiga\u021bii esen\u021biale din capital\u0103","publisher":{"@id":"https:\/\/buletin.de\/bucuresti\/#organization"},"potentialAction":[{"@type":"SearchAction","target":{"@type":"EntryPoint","urlTemplate":"https:\/\/buletin.de\/bucuresti\/?s={search_term_string}"},"query-input":{"@type":"PropertyValueSpecification","valueRequired":true,"valueName":"search_term_string"}}],"inLanguage":"en-GB"},{"@type":"Organization","@id":"https:\/\/buletin.de\/bucuresti\/#organization","name":"Buletin de Bucure\u0219ti","url":"https:\/\/buletin.de\/bucuresti\/","logo":{"@type":"ImageObject","inLanguage":"en-GB","@id":"https:\/\/buletin.de\/bucuresti\/#\/schema\/logo\/image\/","url":"https:\/\/buletin.de\/bucuresti\/wp-content\/uploads\/logo-bdb-full-wide-vernil-transparent.png","contentUrl":"https:\/\/buletin.de\/bucuresti\/wp-content\/uploads\/logo-bdb-full-wide-vernil-transparent.png","width":1782,"height":626,"caption":"Buletin de Bucure\u0219ti"},"image":{"@id":"https:\/\/buletin.de\/bucuresti\/#\/schema\/logo\/image\/"},"sameAs":["https:\/\/www.facebook.com\/buletin.de.buc","https:\/\/www.instagram.com\/buletinde.bucuresti\/"]},{"@type":"Person","@id":"https:\/\/buletin.de\/bucuresti\/#\/schema\/person\/295dc2228d2dc79294d636619468dc7f","name":"Bianca Albu","image":{"@type":"ImageObject","inLanguage":"en-GB","@id":"https:\/\/secure.gravatar.com\/avatar\/3df2e34e20f529e6fd7be4311ee1f7c4ec4aa886971590baf6fa214b15743516?s=96&d=monsterid&r=gf541c715eeec409ce8101252a3c0d8a7","url":"https:\/\/secure.gravatar.com\/avatar\/3df2e34e20f529e6fd7be4311ee1f7c4ec4aa886971590baf6fa214b15743516?s=96&d=monsterid&r=g","contentUrl":"https:\/\/secure.gravatar.com\/avatar\/3df2e34e20f529e6fd7be4311ee1f7c4ec4aa886971590baf6fa214b15743516?s=96&d=monsterid&r=g","caption":"Bianca Albu"},"description":"Reporter","url":"https:\/\/buletin.de\/bucuresti\/author\/biancaalbu\/"}]}},"authors":[{"term_id":22588,"user_id":6,"is_guest":0,"slug":"biancaalbu","display_name":"Bianca Albu","avatar_url":"https:\/\/secure.gravatar.com\/avatar\/3df2e34e20f529e6fd7be4311ee1f7c4ec4aa886971590baf6fa214b15743516?s=96&d=monsterid&r=g","0":null,"1":"","2":"","3":"","4":"","5":"","6":"","7":"","8":""}],"_links":{"self":[{"href":"https:\/\/buletin.de\/bucuresti\/wp-json\/wp\/v2\/posts\/18173","targetHints":{"allow":["GET"]}}],"collection":[{"href":"https:\/\/buletin.de\/bucuresti\/wp-json\/wp\/v2\/posts"}],"about":[{"href":"https:\/\/buletin.de\/bucuresti\/wp-json\/wp\/v2\/types\/post"}],"author":[{"embeddable":true,"href":"https:\/\/buletin.de\/bucuresti\/wp-json\/wp\/v2\/users\/6"}],"replies":[{"embeddable":true,"href":"https:\/\/buletin.de\/bucuresti\/wp-json\/wp\/v2\/comments?post=18173"}],"version-history":[{"count":4,"href":"https:\/\/buletin.de\/bucuresti\/wp-json\/wp\/v2\/posts\/18173\/revisions"}],"predecessor-version":[{"id":18211,"href":"https:\/\/buletin.de\/bucuresti\/wp-json\/wp\/v2\/posts\/18173\/revisions\/18211"}],"wp:featuredmedia":[{"embeddable":true,"href":"https:\/\/buletin.de\/bucuresti\/wp-json\/wp\/v2\/media\/18174"}],"wp:attachment":[{"href":"https:\/\/buletin.de\/bucuresti\/wp-json\/wp\/v2\/media?parent=18173"}],"wp:term":[{"taxonomy":"category","embeddable":true,"href":"https:\/\/buletin.de\/bucuresti\/wp-json\/wp\/v2\/categories?post=18173"},{"taxonomy":"post_tag","embeddable":true,"href":"https:\/\/buletin.de\/bucuresti\/wp-json\/wp\/v2\/tags?post=18173"},{"taxonomy":"author","embeddable":true,"href":"https:\/\/buletin.de\/bucuresti\/wp-json\/wp\/v2\/ppma_author?post=18173"}],"curies":[{"name":"wp","href":"https:\/\/api.w.org\/{rel}","templated":true}]}}