{"id":181357,"date":"2026-03-18T16:15:27","date_gmt":"2026-03-18T13:15:27","guid":{"rendered":"https:\/\/buletin.de\/bucuresti\/?p=181357"},"modified":"2026-03-18T16:15:28","modified_gmt":"2026-03-18T13:15:28","slug":"sector-6-un-nou-loc-de-joaca-in-cartierul-brancusi-va-avea-si-spatii-pentru-animalele-de-companie","status":"publish","type":"post","link":"https:\/\/buletin.de\/bucuresti\/sector-6-un-nou-loc-de-joaca-in-cartierul-brancusi-va-avea-si-spatii-pentru-animalele-de-companie\/","title":{"rendered":"Sector 6 | Un nou loc de joac\u0103 \u00een cartierul Br\u00e2ncu\u0219i. Va avea \u0219i spa\u021bii pentru animalele de companie"},"content":{"rendered":"\n<p><strong>Un loc de joac\u0103 se va construi \u00een cartierul Br\u00e2ncu\u0219i, din Sectorul 6, destinat at\u00e2t copiilor, c\u00e2t \u0219i animalelor de companie. Acesta va fi amplasat pe Valea Doftanei, iar lucr\u0103rile au \u00eenceput deja, a anun\u021bat <a href=\"https:\/\/www.facebook.com\/ADPDUSector6\/posts\/1596163535848066?ref=embed_post\" type=\"link\" id=\"https:\/\/www.facebook.com\/ADPDUSector6\/posts\/1596163535848066?ref=embed_post\" target=\"_blank\" rel=\"noreferrer noopener\">Administra\u0163ia Domeniului Public \u015fi Dezvoltare Urban\u0103 (ADPDU) Sector 6<\/a>. <\/strong><\/p>\n\n\n\n<p>Proiectul are \u00een vedere amenajarea unei zone de 2.304 metri p\u0103tra\u021bi. Spa\u021biul destinat locului de joac\u0103 va avea 649,5 metri p\u0103tra\u021bi \u0219i va fi dotat, printre altele, cu iluminat public \u0219i echipamente moderne.<\/p>\n\n\n\n<h2 class=\"wp-block-heading\" id=\"h-ce-dotari-va-mai-avea-noul-loc-de-joaca-din-brancu\u0219i\">Ce dot\u0103ri va mai avea noul loc de joac\u0103 din Br\u00e2ncu\u0219i <\/h2>\n\n\n\n<p>Pe l\u00e2ng\u0103 iluminatul public, locul de joac\u0103 va fi dotat instala\u021bii de joac\u0103 \u0219i suprafa\u021b\u0103 de tartan pentru reducerea riscului de accidentare. \u00cen zon\u0103 vor fi amplasate co\u0219uri de gunoi \u0219i ci\u0219mele, precum \u0219i 26 de b\u0103nci din lemn \u0219i metal. <\/p>\n\n\n\n<p>Proiectul vizeaz\u0103 \u0219i realizarea de alei pietonale, montarea de suporturi pentru biciclete \u0219i amenajarea unor spa\u021bii verzi. <\/p>\n\n\n\n<p>De asemenea, \u00een zon\u0103 va fi amenajat \u0219i un spa\u021biu separat pentru c\u00e2ini, cu o suprafa\u021b\u0103 de aproximativ 340 de metri p\u0103tra\u021bi, \u00eemprejmuit \u0219i dotat cu echipamente de joac\u0103 \u0219i cu puncte pentru igien\u0103. <\/p>\n\n\n\n<p><strong>Administra\u021bia local\u0103 a precizat c\u0103 lucr\u0103rile pentru noul loc de joac\u0103 vor fi gata \u00een cur\u00e2nd, f\u0103r\u0103 a indica un termen exact. <\/strong><\/p>\n\n\n\n<figure class=\"wp-block-gallery has-nested-images columns-default is-cropped wp-block-gallery-1 is-layout-flex wp-block-gallery-is-layout-flex\">\n<figure class=\"wp-block-image size-large\"><img fetchpriority=\"high\" decoding=\"async\" width=\"1000\" height=\"563\" data-id=\"181371\" src=\"data:image\/gif;base64,R0lGODlhAQABAAAAACH5BAEKAAEALAAAAAABAAEAAAICTAEAOw==\" data-src=\"https:\/\/buletin.de\/bucuresti\/wp-content\/uploads\/2026\/03\/654770838_1596162215848198_3370241290889170458_n-1000x563.jpg\" alt=\"\" class=\"wp-image-181371 lazyload\" data-sizes=\"auto\" data-srcset=\"https:\/\/buletin.de\/bucuresti\/wp-content\/uploads\/2026\/03\/654770838_1596162215848198_3370241290889170458_n-1000x563.jpg 1000w, https:\/\/buletin.de\/bucuresti\/wp-content\/uploads\/2026\/03\/654770838_1596162215848198_3370241290889170458_n-300x169.jpg 300w, https:\/\/buletin.de\/bucuresti\/wp-content\/uploads\/2026\/03\/654770838_1596162215848198_3370241290889170458_n-768x432.jpg 768w, https:\/\/buletin.de\/bucuresti\/wp-content\/uploads\/2026\/03\/654770838_1596162215848198_3370241290889170458_n-1536x864.jpg 1536w, https:\/\/buletin.de\/bucuresti\/wp-content\/uploads\/2026\/03\/654770838_1596162215848198_3370241290889170458_n-1600x900.jpg 1600w, https:\/\/buletin.de\/bucuresti\/wp-content\/uploads\/2026\/03\/654770838_1596162215848198_3370241290889170458_n-1100x619.jpg 1100w, https:\/\/buletin.de\/bucuresti\/wp-content\/uploads\/2026\/03\/654770838_1596162215848198_3370241290889170458_n-600x338.jpg 600w, https:\/\/buletin.de\/bucuresti\/wp-content\/uploads\/2026\/03\/654770838_1596162215848198_3370241290889170458_n-20x11.jpg 20w, https:\/\/buletin.de\/bucuresti\/wp-content\/uploads\/2026\/03\/654770838_1596162215848198_3370241290889170458_n.jpg 2048w\" sizes=\"(max-width: 1000px) 100vw, 1000px\" \/><\/figure>\n\n\n\n<figure class=\"wp-block-image size-large\"><img decoding=\"async\" width=\"1000\" height=\"563\" data-id=\"181367\" src=\"data:image\/gif;base64,R0lGODlhAQABAAAAACH5BAEKAAEALAAAAAABAAEAAAICTAEAOw==\" data-src=\"https:\/\/buletin.de\/bucuresti\/wp-content\/uploads\/2026\/03\/654235425_1596162155848204_6678968123641960961_n-1000x563.jpg\" alt=\"\" class=\"wp-image-181367 lazyload\" data-sizes=\"auto\" data-srcset=\"https:\/\/buletin.de\/bucuresti\/wp-content\/uploads\/2026\/03\/654235425_1596162155848204_6678968123641960961_n-1000x563.jpg 1000w, https:\/\/buletin.de\/bucuresti\/wp-content\/uploads\/2026\/03\/654235425_1596162155848204_6678968123641960961_n-300x169.jpg 300w, https:\/\/buletin.de\/bucuresti\/wp-content\/uploads\/2026\/03\/654235425_1596162155848204_6678968123641960961_n-768x432.jpg 768w, https:\/\/buletin.de\/bucuresti\/wp-content\/uploads\/2026\/03\/654235425_1596162155848204_6678968123641960961_n-1536x864.jpg 1536w, https:\/\/buletin.de\/bucuresti\/wp-content\/uploads\/2026\/03\/654235425_1596162155848204_6678968123641960961_n-1600x900.jpg 1600w, https:\/\/buletin.de\/bucuresti\/wp-content\/uploads\/2026\/03\/654235425_1596162155848204_6678968123641960961_n-1100x619.jpg 1100w, https:\/\/buletin.de\/bucuresti\/wp-content\/uploads\/2026\/03\/654235425_1596162155848204_6678968123641960961_n-600x338.jpg 600w, https:\/\/buletin.de\/bucuresti\/wp-content\/uploads\/2026\/03\/654235425_1596162155848204_6678968123641960961_n-20x11.jpg 20w, https:\/\/buletin.de\/bucuresti\/wp-content\/uploads\/2026\/03\/654235425_1596162155848204_6678968123641960961_n.jpg 2048w\" sizes=\"(max-width: 1000px) 100vw, 1000px\" \/><\/figure>\n\n\n\n<figure class=\"wp-block-image size-large\"><img decoding=\"async\" width=\"1000\" height=\"563\" data-id=\"181369\" src=\"data:image\/gif;base64,R0lGODlhAQABAAAAACH5BAEKAAEALAAAAAABAAEAAAICTAEAOw==\" data-src=\"https:\/\/buletin.de\/bucuresti\/wp-content\/uploads\/2026\/03\/653705011_1596162182514868_1775261718574735742_n-1000x563.jpg\" alt=\"\" class=\"wp-image-181369 lazyload\" data-sizes=\"auto\" data-srcset=\"https:\/\/buletin.de\/bucuresti\/wp-content\/uploads\/2026\/03\/653705011_1596162182514868_1775261718574735742_n-1000x563.jpg 1000w, https:\/\/buletin.de\/bucuresti\/wp-content\/uploads\/2026\/03\/653705011_1596162182514868_1775261718574735742_n-300x169.jpg 300w, https:\/\/buletin.de\/bucuresti\/wp-content\/uploads\/2026\/03\/653705011_1596162182514868_1775261718574735742_n-768x432.jpg 768w, https:\/\/buletin.de\/bucuresti\/wp-content\/uploads\/2026\/03\/653705011_1596162182514868_1775261718574735742_n-1536x864.jpg 1536w, https:\/\/buletin.de\/bucuresti\/wp-content\/uploads\/2026\/03\/653705011_1596162182514868_1775261718574735742_n-1600x900.jpg 1600w, https:\/\/buletin.de\/bucuresti\/wp-content\/uploads\/2026\/03\/653705011_1596162182514868_1775261718574735742_n-1100x619.jpg 1100w, https:\/\/buletin.de\/bucuresti\/wp-content\/uploads\/2026\/03\/653705011_1596162182514868_1775261718574735742_n-600x338.jpg 600w, https:\/\/buletin.de\/bucuresti\/wp-content\/uploads\/2026\/03\/653705011_1596162182514868_1775261718574735742_n-20x11.jpg 20w, https:\/\/buletin.de\/bucuresti\/wp-content\/uploads\/2026\/03\/653705011_1596162182514868_1775261718574735742_n.jpg 2048w\" sizes=\"(max-width: 1000px) 100vw, 1000px\" \/><\/figure>\n<figcaption class=\"blocks-gallery-caption wp-element-caption\">Foto: ADPDU Sector 6<\/figcaption><\/figure>\n\n\n\n<figure class=\"wp-block-image size-large\"><img loading=\"lazy\" decoding=\"async\" width=\"1000\" height=\"217\" src=\"data:image\/gif;base64,R0lGODlhAQABAAAAACH5BAEKAAEALAAAAAABAAEAAAICTAEAOw==\" data-src=\"https:\/\/buletin.de\/bucuresti\/wp-content\/uploads\/2026\/03\/653700544_1596162115848208_8043994807574710412_n-1000x217.jpg\" alt=\"\" class=\"wp-image-181372 lazyload\" data-sizes=\"auto\" data-srcset=\"https:\/\/buletin.de\/bucuresti\/wp-content\/uploads\/2026\/03\/653700544_1596162115848208_8043994807574710412_n-1000x217.jpg 1000w, https:\/\/buletin.de\/bucuresti\/wp-content\/uploads\/2026\/03\/653700544_1596162115848208_8043994807574710412_n-300x65.jpg 300w, https:\/\/buletin.de\/bucuresti\/wp-content\/uploads\/2026\/03\/653700544_1596162115848208_8043994807574710412_n-768x167.jpg 768w, https:\/\/buletin.de\/bucuresti\/wp-content\/uploads\/2026\/03\/653700544_1596162115848208_8043994807574710412_n-1536x333.jpg 1536w, https:\/\/buletin.de\/bucuresti\/wp-content\/uploads\/2026\/03\/653700544_1596162115848208_8043994807574710412_n-1600x347.jpg 1600w, https:\/\/buletin.de\/bucuresti\/wp-content\/uploads\/2026\/03\/653700544_1596162115848208_8043994807574710412_n-1100x238.jpg 1100w, https:\/\/buletin.de\/bucuresti\/wp-content\/uploads\/2026\/03\/653700544_1596162115848208_8043994807574710412_n-600x130.jpg 600w, https:\/\/buletin.de\/bucuresti\/wp-content\/uploads\/2026\/03\/653700544_1596162115848208_8043994807574710412_n-20x4.jpg 20w, https:\/\/buletin.de\/bucuresti\/wp-content\/uploads\/2026\/03\/653700544_1596162115848208_8043994807574710412_n.jpg 2048w\" sizes=\"(max-width: 1000px) 100vw, 1000px\" \/><figcaption class=\"wp-element-caption\">Foto: ADPDU Sector 6<\/figcaption><\/figure>\n\n\n\n<h2 class=\"wp-block-heading\" id=\"h-locul-de-joaca-din-grozave\u0219ti-aproape-finalizat\">Locul de joac\u0103 din Groz\u0103ve\u0219ti, aproape finalizat <\/h2>\n\n\n\n<p><strong>ADPDU Sector 6 a anun\u021bat c\u0103 <a href=\"https:\/\/buletin.de\/bucuresti\/noul-loc-de-joaca-din-grozavesti-este-aproape-gata-lucrarile-ar-putea-fi-terminate-la-final-de-martie\/\" type=\"link\" id=\"https:\/\/buletin.de\/bucuresti\/noul-loc-de-joaca-din-grozavesti-este-aproape-gata-lucrarile-ar-putea-fi-terminate-la-final-de-martie\/\" target=\"_blank\" rel=\"noreferrer noopener\">lucr\u0103rile pentru locul de joac\u0103 aflat pe Splaiul Independen\u021bei nr. 202 <\/a>sunt aproape finalizate. Acesta ar urma s\u0103 fie dat \u00een folosin\u021b\u0103 la finalul lunii martie.<\/strong><\/p>\n\n\n\n<p>Spa\u021biul are o suprafa\u021b\u0103 de 3.082 metri p\u0103tra\u021bi \u0219i a fost g\u00e2ndit ca o zon\u0103 de recreere \u00een natur\u0103, dar \u0219i un loc cu activit\u0103\u021bi pentru cei mici. \u00cen noul loc de vor planta arbori, arbu\u0219ti \u0219i plante decorative, specii adaptate mediului urban. <\/p>\n\n\n\n<p>Vor fi dou\u0103 locuri de joac\u0103 distincte, pentru diferite v\u00e2rste, \u0219i anume o zon\u0103 pentru copii cu v\u00e2rste \u00eentre 2 \u0219i 6 ani \u0219i alta destinat\u0103 copiilor care au \u00eentre 6 \u0219i 12 ani. <\/p>\n\n\n\n<p>CITE\u0218TE \u0218I <a href=\"https:\/\/buletin.de\/bucuresti\/atelier-pentru-tinerii-cu-cerinte-educationale-speciale-la-muzeul-national-grigore-antipa\/\" target=\"_blank\" rel=\"noreferrer noopener\">Atelier pentru tinerii cu cerin\u021be educa\u021bionale speciale, la Muzeul Na\u021bional \u201eGrigore Antipa\u201d<\/a><\/p>\n","protected":false},"excerpt":{"rendered":"<p>Un loc de joac\u0103 se va construi \u00een cartierul Br\u00e2ncu\u0219i, din Sectorul 6, destinat at\u00e2t copiilor, c\u00e2t \u0219i animalelor de companie. Acesta va fi amplasat pe Valea Doftanei, iar lucr\u0103rile au \u00eenceput deja, a anun\u021bat Administra\u0163ia Domeniului Public \u015fi Dezvoltare Urban\u0103 (ADPDU) Sector 6. Proiectul are \u00een vedere amenajarea unei zone de 2.304 metri p\u0103tra\u021bi. [&hellip;]<\/p>\n","protected":false},"author":65,"featured_media":181375,"comment_status":"closed","ping_status":"open","sticky":false,"template":"","format":"standard","meta":{"_acf_changed":false,"inline_featured_image":false,"ngg_post_thumbnail":0,"footnotes":""},"categories":[6994,24,62],"tags":[13388,8966,4987,523],"ppma_author":[23912],"class_list":["post-181357","post","type-post","status-publish","format-standard","has-post-thumbnail","hentry","category-stiri-2","category-primarie","category-stiri","tag-adpdu-sector-6","tag-cartier-brancusi","tag-loc-de-joaca","tag-sector-6"],"acf":[],"yoast_head":"<!-- This site is optimized with the Yoast SEO Premium plugin v25.3 (Yoast SEO v27.5) - https:\/\/yoast.com\/product\/yoast-seo-premium-wordpress\/ -->\n<title>Sector 6 | Un nou loc de joac\u0103 \u00een cartierul Br\u00e2ncu\u0219i. Va avea \u0219i spa\u021bii pentru animalele de companie - Buletin de Bucure\u0219ti<\/title>\n<meta name=\"robots\" content=\"index, follow, max-snippet:-1, max-image-preview:large, max-video-preview:-1\" \/>\n<link rel=\"canonical\" href=\"https:\/\/buletin.de\/bucuresti\/sector-6-un-nou-loc-de-joaca-in-cartierul-brancusi-va-avea-si-spatii-pentru-animalele-de-companie\/\" \/>\n<meta property=\"og:locale\" content=\"en_GB\" \/>\n<meta property=\"og:type\" content=\"article\" \/>\n<meta property=\"og:title\" content=\"Sector 6 | Un nou loc de joac\u0103 \u00een cartierul Br\u00e2ncu\u0219i. Va avea \u0219i spa\u021bii pentru animalele de companie\" \/>\n<meta property=\"og:description\" content=\"Un loc de joac\u0103 se va construi \u00een cartierul Br\u00e2ncu\u0219i, din Sectorul 6, destinat at\u00e2t copiilor, c\u00e2t \u0219i animalelor de companie. Acesta va fi amplasat pe Valea Doftanei, iar lucr\u0103rile au \u00eenceput deja, a anun\u021bat Administra\u0163ia Domeniului Public \u015fi Dezvoltare Urban\u0103 (ADPDU) Sector 6. Proiectul are \u00een vedere amenajarea unei zone de 2.304 metri p\u0103tra\u021bi. [&hellip;]\" \/>\n<meta property=\"og:url\" content=\"https:\/\/buletin.de\/bucuresti\/sector-6-un-nou-loc-de-joaca-in-cartierul-brancusi-va-avea-si-spatii-pentru-animalele-de-companie\/\" \/>\n<meta property=\"og:site_name\" content=\"Buletin de Bucure\u0219ti\" \/>\n<meta property=\"article:publisher\" content=\"https:\/\/www.facebook.com\/buletin.de.buc\" \/>\n<meta property=\"article:published_time\" content=\"2026-03-18T13:15:27+00:00\" \/>\n<meta property=\"article:modified_time\" content=\"2026-03-18T13:15:28+00:00\" \/>\n<meta property=\"og:image\" content=\"https:\/\/buletin.de\/bucuresti\/wp-content\/uploads\/2026\/03\/Nou-loc-de-joaca-cartierul-Brancusi.jpg\" \/>\n\t<meta property=\"og:image:width\" content=\"1200\" \/>\n\t<meta property=\"og:image:height\" content=\"661\" \/>\n\t<meta property=\"og:image:type\" content=\"image\/jpeg\" \/>\n<meta name=\"author\" content=\"Andreea St\u0103n\u0103r\u00eeng\u0103\" \/>\n<meta name=\"twitter:card\" content=\"summary_large_image\" \/>\n<meta name=\"twitter:label1\" content=\"Written by\" \/>\n\t<meta name=\"twitter:data1\" content=\"Andreea St\u0103n\u0103r\u00eeng\u0103\" \/>\n\t<meta name=\"twitter:label2\" content=\"Estimated reading time\" \/>\n\t<meta name=\"twitter:data2\" content=\"3 minutes\" \/>\n<script type=\"application\/ld+json\" class=\"yoast-schema-graph\">{\"@context\":\"https:\\\/\\\/schema.org\",\"@graph\":[{\"@type\":\"Article\",\"@id\":\"https:\\\/\\\/buletin.de\\\/bucuresti\\\/sector-6-un-nou-loc-de-joaca-in-cartierul-brancusi-va-avea-si-spatii-pentru-animalele-de-companie\\\/#article\",\"isPartOf\":{\"@id\":\"https:\\\/\\\/buletin.de\\\/bucuresti\\\/sector-6-un-nou-loc-de-joaca-in-cartierul-brancusi-va-avea-si-spatii-pentru-animalele-de-companie\\\/\"},\"author\":{\"name\":\"Andreea St\u0103n\u0103r\u00eeng\u0103\",\"@id\":\"https:\\\/\\\/buletin.de\\\/bucuresti\\\/#\\\/schema\\\/person\\\/81421a46fb84a0887cfd2238f5202586\"},\"headline\":\"Sector 6 | Un nou loc de joac\u0103 \u00een cartierul Br\u00e2ncu\u0219i. Va avea \u0219i spa\u021bii pentru animalele de companie\",\"datePublished\":\"2026-03-18T13:15:27+00:00\",\"dateModified\":\"2026-03-18T13:15:28+00:00\",\"mainEntityOfPage\":{\"@id\":\"https:\\\/\\\/buletin.de\\\/bucuresti\\\/sector-6-un-nou-loc-de-joaca-in-cartierul-brancusi-va-avea-si-spatii-pentru-animalele-de-companie\\\/\"},\"wordCount\":391,\"publisher\":{\"@id\":\"https:\\\/\\\/buletin.de\\\/bucuresti\\\/#organization\"},\"image\":{\"@id\":\"https:\\\/\\\/buletin.de\\\/bucuresti\\\/sector-6-un-nou-loc-de-joaca-in-cartierul-brancusi-va-avea-si-spatii-pentru-animalele-de-companie\\\/#primaryimage\"},\"thumbnailUrl\":\"https:\\\/\\\/buletin.de\\\/bucuresti\\\/wp-content\\\/uploads\\\/2026\\\/03\\\/Nou-loc-de-joaca-cartierul-Brancusi.jpg\",\"keywords\":[\"adpdu sector 6\",\"Cartier Brancusi\",\"loc de joaca\",\"Sector 6\"],\"articleSection\":[\"Articole\",\"Prim\u0103rie\",\"\u0218tiri\"],\"inLanguage\":\"en-GB\",\"copyrightYear\":\"2026\",\"copyrightHolder\":{\"@id\":\"https:\\\/\\\/buletin.de\\\/bucuresti\\\/#organization\"}},{\"@type\":\"WebPage\",\"@id\":\"https:\\\/\\\/buletin.de\\\/bucuresti\\\/sector-6-un-nou-loc-de-joaca-in-cartierul-brancusi-va-avea-si-spatii-pentru-animalele-de-companie\\\/\",\"url\":\"https:\\\/\\\/buletin.de\\\/bucuresti\\\/sector-6-un-nou-loc-de-joaca-in-cartierul-brancusi-va-avea-si-spatii-pentru-animalele-de-companie\\\/\",\"name\":\"Sector 6 | Un nou loc de joac\u0103 \u00een cartierul Br\u00e2ncu\u0219i. Va avea \u0219i spa\u021bii pentru animalele de companie - Buletin de Bucure\u0219ti\",\"isPartOf\":{\"@id\":\"https:\\\/\\\/buletin.de\\\/bucuresti\\\/#website\"},\"primaryImageOfPage\":{\"@id\":\"https:\\\/\\\/buletin.de\\\/bucuresti\\\/sector-6-un-nou-loc-de-joaca-in-cartierul-brancusi-va-avea-si-spatii-pentru-animalele-de-companie\\\/#primaryimage\"},\"image\":{\"@id\":\"https:\\\/\\\/buletin.de\\\/bucuresti\\\/sector-6-un-nou-loc-de-joaca-in-cartierul-brancusi-va-avea-si-spatii-pentru-animalele-de-companie\\\/#primaryimage\"},\"thumbnailUrl\":\"https:\\\/\\\/buletin.de\\\/bucuresti\\\/wp-content\\\/uploads\\\/2026\\\/03\\\/Nou-loc-de-joaca-cartierul-Brancusi.jpg\",\"datePublished\":\"2026-03-18T13:15:27+00:00\",\"dateModified\":\"2026-03-18T13:15:28+00:00\",\"breadcrumb\":{\"@id\":\"https:\\\/\\\/buletin.de\\\/bucuresti\\\/sector-6-un-nou-loc-de-joaca-in-cartierul-brancusi-va-avea-si-spatii-pentru-animalele-de-companie\\\/#breadcrumb\"},\"inLanguage\":\"en-GB\",\"potentialAction\":[{\"@type\":\"ReadAction\",\"target\":[\"https:\\\/\\\/buletin.de\\\/bucuresti\\\/sector-6-un-nou-loc-de-joaca-in-cartierul-brancusi-va-avea-si-spatii-pentru-animalele-de-companie\\\/\"]}]},{\"@type\":\"ImageObject\",\"inLanguage\":\"en-GB\",\"@id\":\"https:\\\/\\\/buletin.de\\\/bucuresti\\\/sector-6-un-nou-loc-de-joaca-in-cartierul-brancusi-va-avea-si-spatii-pentru-animalele-de-companie\\\/#primaryimage\",\"url\":\"https:\\\/\\\/buletin.de\\\/bucuresti\\\/wp-content\\\/uploads\\\/2026\\\/03\\\/Nou-loc-de-joaca-cartierul-Brancusi.jpg\",\"contentUrl\":\"https:\\\/\\\/buletin.de\\\/bucuresti\\\/wp-content\\\/uploads\\\/2026\\\/03\\\/Nou-loc-de-joaca-cartierul-Brancusi.jpg\",\"width\":1200,\"height\":661,\"caption\":\"Un nou loc de joac\u0103 \u00een cartierul Br\u00e2ncu\u0219i. Foto: ADPDU Sector 6\"},{\"@type\":\"BreadcrumbList\",\"@id\":\"https:\\\/\\\/buletin.de\\\/bucuresti\\\/sector-6-un-nou-loc-de-joaca-in-cartierul-brancusi-va-avea-si-spatii-pentru-animalele-de-companie\\\/#breadcrumb\",\"itemListElement\":[{\"@type\":\"ListItem\",\"position\":1,\"name\":\"Acas\u0103\",\"item\":\"https:\\\/\\\/buletin.de\\\/bucuresti\\\/\"},{\"@type\":\"ListItem\",\"position\":2,\"name\":\"Sector 6 | Un nou loc de joac\u0103 \u00een cartierul Br\u00e2ncu\u0219i. Va avea \u0219i spa\u021bii pentru animalele de companie\"}]},{\"@type\":\"WebSite\",\"@id\":\"https:\\\/\\\/buletin.de\\\/bucuresti\\\/#website\",\"url\":\"https:\\\/\\\/buletin.de\\\/bucuresti\\\/\",\"name\":\"Buletin de Bucure\u0219ti\",\"description\":\"\u0218tiri \u0219i investiga\u021bii esen\u021biale din capital\u0103\",\"publisher\":{\"@id\":\"https:\\\/\\\/buletin.de\\\/bucuresti\\\/#organization\"},\"potentialAction\":[{\"@type\":\"SearchAction\",\"target\":{\"@type\":\"EntryPoint\",\"urlTemplate\":\"https:\\\/\\\/buletin.de\\\/bucuresti\\\/?s={search_term_string}\"},\"query-input\":{\"@type\":\"PropertyValueSpecification\",\"valueRequired\":true,\"valueName\":\"search_term_string\"}}],\"inLanguage\":\"en-GB\"},{\"@type\":\"Organization\",\"@id\":\"https:\\\/\\\/buletin.de\\\/bucuresti\\\/#organization\",\"name\":\"Buletin de Bucure\u0219ti\",\"url\":\"https:\\\/\\\/buletin.de\\\/bucuresti\\\/\",\"logo\":{\"@type\":\"ImageObject\",\"inLanguage\":\"en-GB\",\"@id\":\"https:\\\/\\\/buletin.de\\\/bucuresti\\\/#\\\/schema\\\/logo\\\/image\\\/\",\"url\":\"https:\\\/\\\/buletin.de\\\/bucuresti\\\/wp-content\\\/uploads\\\/logo-bdb-full-wide-vernil-transparent.png\",\"contentUrl\":\"https:\\\/\\\/buletin.de\\\/bucuresti\\\/wp-content\\\/uploads\\\/logo-bdb-full-wide-vernil-transparent.png\",\"width\":1782,\"height\":626,\"caption\":\"Buletin de Bucure\u0219ti\"},\"image\":{\"@id\":\"https:\\\/\\\/buletin.de\\\/bucuresti\\\/#\\\/schema\\\/logo\\\/image\\\/\"},\"sameAs\":[\"https:\\\/\\\/www.facebook.com\\\/buletin.de.buc\",\"https:\\\/\\\/www.instagram.com\\\/buletinde.bucuresti\\\/\"]},{\"@type\":\"Person\",\"@id\":\"https:\\\/\\\/buletin.de\\\/bucuresti\\\/#\\\/schema\\\/person\\\/81421a46fb84a0887cfd2238f5202586\",\"name\":\"Andreea St\u0103n\u0103r\u00eeng\u0103\",\"image\":{\"@type\":\"ImageObject\",\"inLanguage\":\"en-GB\",\"@id\":\"https:\\\/\\\/secure.gravatar.com\\\/avatar\\\/dfa8d227a4388fad0f0bb03add04b5b176f4da34397dbb2eadc563b3d7162ce0?s=96&d=monsterid&r=g72784372b39ffe5a98a45288fe0d0e8a\",\"url\":\"https:\\\/\\\/secure.gravatar.com\\\/avatar\\\/dfa8d227a4388fad0f0bb03add04b5b176f4da34397dbb2eadc563b3d7162ce0?s=96&d=monsterid&r=g\",\"contentUrl\":\"https:\\\/\\\/secure.gravatar.com\\\/avatar\\\/dfa8d227a4388fad0f0bb03add04b5b176f4da34397dbb2eadc563b3d7162ce0?s=96&d=monsterid&r=g\",\"caption\":\"Andreea St\u0103n\u0103r\u00eeng\u0103\"},\"description\":\"Cu o experien\u021b\u0103 de peste 5 ani \u00een pres\u0103, face parte din echipa Buletin de Bucure\u0219ti din septembrie 2025. A colaborat cu c\u00e2teva publica\u021bii, printre care \u0219i Fanatik.ro, unde s-a ocupat de \u0219tiri de lifestyle \u0219i de actualitate. A f\u0103cut un pas c\u0103tre presa local\u0103 pentru a explora Bucure\u0219tiul \u0219i pove\u0219tile care merit\u0103 spuse.\",\"url\":\"https:\\\/\\\/buletin.de\\\/bucuresti\\\/author\\\/andreea-stanaranga\\\/\"}]}<\/script>\n<!-- \/ Yoast SEO Premium plugin. -->","yoast_head_json":{"title":"Sector 6 | Un nou loc de joac\u0103 \u00een cartierul Br\u00e2ncu\u0219i. Va avea \u0219i spa\u021bii pentru animalele de companie - Buletin de Bucure\u0219ti","robots":{"index":"index","follow":"follow","max-snippet":"max-snippet:-1","max-image-preview":"max-image-preview:large","max-video-preview":"max-video-preview:-1"},"canonical":"https:\/\/buletin.de\/bucuresti\/sector-6-un-nou-loc-de-joaca-in-cartierul-brancusi-va-avea-si-spatii-pentru-animalele-de-companie\/","og_locale":"en_GB","og_type":"article","og_title":"Sector 6 | Un nou loc de joac\u0103 \u00een cartierul Br\u00e2ncu\u0219i. Va avea \u0219i spa\u021bii pentru animalele de companie","og_description":"Un loc de joac\u0103 se va construi \u00een cartierul Br\u00e2ncu\u0219i, din Sectorul 6, destinat at\u00e2t copiilor, c\u00e2t \u0219i animalelor de companie. Acesta va fi amplasat pe Valea Doftanei, iar lucr\u0103rile au \u00eenceput deja, a anun\u021bat Administra\u0163ia Domeniului Public \u015fi Dezvoltare Urban\u0103 (ADPDU) Sector 6. Proiectul are \u00een vedere amenajarea unei zone de 2.304 metri p\u0103tra\u021bi. [&hellip;]","og_url":"https:\/\/buletin.de\/bucuresti\/sector-6-un-nou-loc-de-joaca-in-cartierul-brancusi-va-avea-si-spatii-pentru-animalele-de-companie\/","og_site_name":"Buletin de Bucure\u0219ti","article_publisher":"https:\/\/www.facebook.com\/buletin.de.buc","article_published_time":"2026-03-18T13:15:27+00:00","article_modified_time":"2026-03-18T13:15:28+00:00","og_image":[{"width":1200,"height":661,"url":"https:\/\/buletin.de\/bucuresti\/wp-content\/uploads\/2026\/03\/Nou-loc-de-joaca-cartierul-Brancusi.jpg","type":"image\/jpeg"}],"author":"Andreea St\u0103n\u0103r\u00eeng\u0103","twitter_card":"summary_large_image","twitter_misc":{"Written by":"Andreea St\u0103n\u0103r\u00eeng\u0103","Estimated reading time":"3 minutes"},"schema":{"@context":"https:\/\/schema.org","@graph":[{"@type":"Article","@id":"https:\/\/buletin.de\/bucuresti\/sector-6-un-nou-loc-de-joaca-in-cartierul-brancusi-va-avea-si-spatii-pentru-animalele-de-companie\/#article","isPartOf":{"@id":"https:\/\/buletin.de\/bucuresti\/sector-6-un-nou-loc-de-joaca-in-cartierul-brancusi-va-avea-si-spatii-pentru-animalele-de-companie\/"},"author":{"name":"Andreea St\u0103n\u0103r\u00eeng\u0103","@id":"https:\/\/buletin.de\/bucuresti\/#\/schema\/person\/81421a46fb84a0887cfd2238f5202586"},"headline":"Sector 6 | Un nou loc de joac\u0103 \u00een cartierul Br\u00e2ncu\u0219i. Va avea \u0219i spa\u021bii pentru animalele de companie","datePublished":"2026-03-18T13:15:27+00:00","dateModified":"2026-03-18T13:15:28+00:00","mainEntityOfPage":{"@id":"https:\/\/buletin.de\/bucuresti\/sector-6-un-nou-loc-de-joaca-in-cartierul-brancusi-va-avea-si-spatii-pentru-animalele-de-companie\/"},"wordCount":391,"publisher":{"@id":"https:\/\/buletin.de\/bucuresti\/#organization"},"image":{"@id":"https:\/\/buletin.de\/bucuresti\/sector-6-un-nou-loc-de-joaca-in-cartierul-brancusi-va-avea-si-spatii-pentru-animalele-de-companie\/#primaryimage"},"thumbnailUrl":"https:\/\/buletin.de\/bucuresti\/wp-content\/uploads\/2026\/03\/Nou-loc-de-joaca-cartierul-Brancusi.jpg","keywords":["adpdu sector 6","Cartier Brancusi","loc de joaca","Sector 6"],"articleSection":["Articole","Prim\u0103rie","\u0218tiri"],"inLanguage":"en-GB","copyrightYear":"2026","copyrightHolder":{"@id":"https:\/\/buletin.de\/bucuresti\/#organization"}},{"@type":"WebPage","@id":"https:\/\/buletin.de\/bucuresti\/sector-6-un-nou-loc-de-joaca-in-cartierul-brancusi-va-avea-si-spatii-pentru-animalele-de-companie\/","url":"https:\/\/buletin.de\/bucuresti\/sector-6-un-nou-loc-de-joaca-in-cartierul-brancusi-va-avea-si-spatii-pentru-animalele-de-companie\/","name":"Sector 6 | Un nou loc de joac\u0103 \u00een cartierul Br\u00e2ncu\u0219i. Va avea \u0219i spa\u021bii pentru animalele de companie - Buletin de Bucure\u0219ti","isPartOf":{"@id":"https:\/\/buletin.de\/bucuresti\/#website"},"primaryImageOfPage":{"@id":"https:\/\/buletin.de\/bucuresti\/sector-6-un-nou-loc-de-joaca-in-cartierul-brancusi-va-avea-si-spatii-pentru-animalele-de-companie\/#primaryimage"},"image":{"@id":"https:\/\/buletin.de\/bucuresti\/sector-6-un-nou-loc-de-joaca-in-cartierul-brancusi-va-avea-si-spatii-pentru-animalele-de-companie\/#primaryimage"},"thumbnailUrl":"https:\/\/buletin.de\/bucuresti\/wp-content\/uploads\/2026\/03\/Nou-loc-de-joaca-cartierul-Brancusi.jpg","datePublished":"2026-03-18T13:15:27+00:00","dateModified":"2026-03-18T13:15:28+00:00","breadcrumb":{"@id":"https:\/\/buletin.de\/bucuresti\/sector-6-un-nou-loc-de-joaca-in-cartierul-brancusi-va-avea-si-spatii-pentru-animalele-de-companie\/#breadcrumb"},"inLanguage":"en-GB","potentialAction":[{"@type":"ReadAction","target":["https:\/\/buletin.de\/bucuresti\/sector-6-un-nou-loc-de-joaca-in-cartierul-brancusi-va-avea-si-spatii-pentru-animalele-de-companie\/"]}]},{"@type":"ImageObject","inLanguage":"en-GB","@id":"https:\/\/buletin.de\/bucuresti\/sector-6-un-nou-loc-de-joaca-in-cartierul-brancusi-va-avea-si-spatii-pentru-animalele-de-companie\/#primaryimage","url":"https:\/\/buletin.de\/bucuresti\/wp-content\/uploads\/2026\/03\/Nou-loc-de-joaca-cartierul-Brancusi.jpg","contentUrl":"https:\/\/buletin.de\/bucuresti\/wp-content\/uploads\/2026\/03\/Nou-loc-de-joaca-cartierul-Brancusi.jpg","width":1200,"height":661,"caption":"Un nou loc de joac\u0103 \u00een cartierul Br\u00e2ncu\u0219i. Foto: ADPDU Sector 6"},{"@type":"BreadcrumbList","@id":"https:\/\/buletin.de\/bucuresti\/sector-6-un-nou-loc-de-joaca-in-cartierul-brancusi-va-avea-si-spatii-pentru-animalele-de-companie\/#breadcrumb","itemListElement":[{"@type":"ListItem","position":1,"name":"Acas\u0103","item":"https:\/\/buletin.de\/bucuresti\/"},{"@type":"ListItem","position":2,"name":"Sector 6 | Un nou loc de joac\u0103 \u00een cartierul Br\u00e2ncu\u0219i. Va avea \u0219i spa\u021bii pentru animalele de companie"}]},{"@type":"WebSite","@id":"https:\/\/buletin.de\/bucuresti\/#website","url":"https:\/\/buletin.de\/bucuresti\/","name":"Buletin de Bucure\u0219ti","description":"\u0218tiri \u0219i investiga\u021bii esen\u021biale din capital\u0103","publisher":{"@id":"https:\/\/buletin.de\/bucuresti\/#organization"},"potentialAction":[{"@type":"SearchAction","target":{"@type":"EntryPoint","urlTemplate":"https:\/\/buletin.de\/bucuresti\/?s={search_term_string}"},"query-input":{"@type":"PropertyValueSpecification","valueRequired":true,"valueName":"search_term_string"}}],"inLanguage":"en-GB"},{"@type":"Organization","@id":"https:\/\/buletin.de\/bucuresti\/#organization","name":"Buletin de Bucure\u0219ti","url":"https:\/\/buletin.de\/bucuresti\/","logo":{"@type":"ImageObject","inLanguage":"en-GB","@id":"https:\/\/buletin.de\/bucuresti\/#\/schema\/logo\/image\/","url":"https:\/\/buletin.de\/bucuresti\/wp-content\/uploads\/logo-bdb-full-wide-vernil-transparent.png","contentUrl":"https:\/\/buletin.de\/bucuresti\/wp-content\/uploads\/logo-bdb-full-wide-vernil-transparent.png","width":1782,"height":626,"caption":"Buletin de Bucure\u0219ti"},"image":{"@id":"https:\/\/buletin.de\/bucuresti\/#\/schema\/logo\/image\/"},"sameAs":["https:\/\/www.facebook.com\/buletin.de.buc","https:\/\/www.instagram.com\/buletinde.bucuresti\/"]},{"@type":"Person","@id":"https:\/\/buletin.de\/bucuresti\/#\/schema\/person\/81421a46fb84a0887cfd2238f5202586","name":"Andreea St\u0103n\u0103r\u00eeng\u0103","image":{"@type":"ImageObject","inLanguage":"en-GB","@id":"https:\/\/secure.gravatar.com\/avatar\/dfa8d227a4388fad0f0bb03add04b5b176f4da34397dbb2eadc563b3d7162ce0?s=96&d=monsterid&r=g72784372b39ffe5a98a45288fe0d0e8a","url":"https:\/\/secure.gravatar.com\/avatar\/dfa8d227a4388fad0f0bb03add04b5b176f4da34397dbb2eadc563b3d7162ce0?s=96&d=monsterid&r=g","contentUrl":"https:\/\/secure.gravatar.com\/avatar\/dfa8d227a4388fad0f0bb03add04b5b176f4da34397dbb2eadc563b3d7162ce0?s=96&d=monsterid&r=g","caption":"Andreea St\u0103n\u0103r\u00eeng\u0103"},"description":"Cu o experien\u021b\u0103 de peste 5 ani \u00een pres\u0103, face parte din echipa Buletin de Bucure\u0219ti din septembrie 2025. A colaborat cu c\u00e2teva publica\u021bii, printre care \u0219i Fanatik.ro, unde s-a ocupat de \u0219tiri de lifestyle \u0219i de actualitate. A f\u0103cut un pas c\u0103tre presa local\u0103 pentru a explora Bucure\u0219tiul \u0219i pove\u0219tile care merit\u0103 spuse.","url":"https:\/\/buletin.de\/bucuresti\/author\/andreea-stanaranga\/"}]}},"authors":[{"term_id":23912,"user_id":65,"is_guest":0,"slug":"andreea-stanaranga","display_name":"Andreea St\u0103n\u0103r\u00eeng\u0103","avatar_url":"https:\/\/secure.gravatar.com\/avatar\/dfa8d227a4388fad0f0bb03add04b5b176f4da34397dbb2eadc563b3d7162ce0?s=96&d=monsterid&r=g","0":null,"1":"","2":"","3":"","4":"","5":"","6":"","7":"","8":""}],"_links":{"self":[{"href":"https:\/\/buletin.de\/bucuresti\/wp-json\/wp\/v2\/posts\/181357","targetHints":{"allow":["GET"]}}],"collection":[{"href":"https:\/\/buletin.de\/bucuresti\/wp-json\/wp\/v2\/posts"}],"about":[{"href":"https:\/\/buletin.de\/bucuresti\/wp-json\/wp\/v2\/types\/post"}],"author":[{"embeddable":true,"href":"https:\/\/buletin.de\/bucuresti\/wp-json\/wp\/v2\/users\/65"}],"replies":[{"embeddable":true,"href":"https:\/\/buletin.de\/bucuresti\/wp-json\/wp\/v2\/comments?post=181357"}],"version-history":[{"count":4,"href":"https:\/\/buletin.de\/bucuresti\/wp-json\/wp\/v2\/posts\/181357\/revisions"}],"predecessor-version":[{"id":181376,"href":"https:\/\/buletin.de\/bucuresti\/wp-json\/wp\/v2\/posts\/181357\/revisions\/181376"}],"wp:featuredmedia":[{"embeddable":true,"href":"https:\/\/buletin.de\/bucuresti\/wp-json\/wp\/v2\/media\/181375"}],"wp:attachment":[{"href":"https:\/\/buletin.de\/bucuresti\/wp-json\/wp\/v2\/media?parent=181357"}],"wp:term":[{"taxonomy":"category","embeddable":true,"href":"https:\/\/buletin.de\/bucuresti\/wp-json\/wp\/v2\/categories?post=181357"},{"taxonomy":"post_tag","embeddable":true,"href":"https:\/\/buletin.de\/bucuresti\/wp-json\/wp\/v2\/tags?post=181357"},{"taxonomy":"author","embeddable":true,"href":"https:\/\/buletin.de\/bucuresti\/wp-json\/wp\/v2\/ppma_author?post=181357"}],"curies":[{"name":"wp","href":"https:\/\/api.w.org\/{rel}","templated":true}]}}