{"id":181339,"date":"2026-03-18T13:58:37","date_gmt":"2026-03-18T10:58:37","guid":{"rendered":"https:\/\/buletin.de\/bucuresti\/?p=181339"},"modified":"2026-03-19T00:27:05","modified_gmt":"2026-03-18T21:27:05","slug":"un-tir-s-a-rasturnat-pe-autostrada-a3-traficul-este-restrictionat-pe-ambele-sensuri-de-mers","status":"publish","type":"post","link":"https:\/\/buletin.de\/bucuresti\/un-tir-s-a-rasturnat-pe-autostrada-a3-traficul-este-restrictionat-pe-ambele-sensuri-de-mers\/","title":{"rendered":"Un TIR s-a r\u0103sturnat pe autostrada A3. Traficul a fost blocat pe ambele sensuri"},"content":{"rendered":"\n<p><strong>Traficul este restric\u021bionat la acest moment pe Autostrada A3, at\u00e2t pe sensul de mers c\u0103tre Ploie\u0219ti, c\u00e2t \u0219i sensul c\u0103tre Bucure\u0219ti, dup\u0103 ce un TIR s-a r\u0103sturnat pe partea carosabil\u0103. <a href=\"https:\/\/politiaromana.ro\/ro\/info-trafic\/trafic-restrictionat-pe-a-3-bucuresti-ploiesti1773830003\" target=\"_blank\" rel=\"noreferrer noopener\">Centrul Infotrafic<\/a> informeaz\u0103 c\u0103 aglomera\u021bia est \u00een cre\u0219tere. <\/strong><\/p>\n\n\n\n<p><strong>UPDATE 16.00: <\/strong>Centrul INFOTRAFIC \u00a0informeaz\u0103 c\u0103 circula\u021bia rutier\u0103 a fost reluat\u0103 pe autostrada A 3 Bucure\u0219ti \u2013 Ploie\u0219ti, la kilometrul 35, \u00een zona localit\u0103\u021bii Gruiu, jude\u021bul Ilfov, unde un autocamion care circula spre Ploie\u0219ti s-a r\u0103sturnat pe carosabil, afect\u00e2nd ambele sensuri de mers. \u00cen urma evenimentului nu au rezultat victime. \u00cen zon\u0103 se circul\u0103 \u00een condi\u021bii de aglomera\u021bie.<\/p>\n\n\n\n<hr class=\"wp-block-separator has-alpha-channel-opacity\"\/>\n\n\n\n<p>\u0218oferii sunt sf\u0103tui\u021bi s\u0103 ocoleasc\u0103 zona pentru a evita ambuteiajele ce au \u00eenceput deja s\u0103 se formeze. <\/p>\n\n\n\n<p>Conform informa\u021biilor oferite de autorit\u0103\u021bi, tirul s-a r\u0103sturnat pe autostrada A3 Bucure\u0219ti \u2013 Ploie\u0219ti, la kilometrul 35, \u00een zona localit\u0103\u021bii Gruiu, jude\u021bul Ilfov. Mai precis, autocamionul s-a r\u0103sturnat \u00een urma unei explozii a unei anvelope.<\/p>\n\n\n\n<p>Din fericire, nu au fost \u00eenregistrate victime \u00een urma accidentului.<\/p>\n\n\n\n<p><strong><em>\u201ePe autostrada A3 Bucure\u0219ti \u2013 Ploie\u0219ti, la kilometrul 35, \u00een zona localit\u0103\u021bii Gruiu, jude\u021bul Ilfov, s-a produs o explozie asupra unei anvelope a unui autocamion (f\u0103r\u0103 \u00eenc\u0103rc\u0103tur\u0103), care se deplasa \u00een direc\u021bia c\u0103tre Ploie\u0219ti. Nu au rezultat victime. \u00cen urma evenimentului camionul s-a r\u0103sturnat pe carosabil\u201d, a transmis Centrul Infotrafic din Inspectoratul General al Poli\u021biei Rom\u00e2ne<\/em><\/strong>.<\/p>\n\n\n\n<p><strong>CITE\u0218TE \u0218I <a href=\"https:\/\/buletin.de\/bucuresti\/elcen-construieste-o-centrala-noua-la-cet-sud-cu-randament-de-peste-85-dupa-avariile-din-ultimele-luni\/\" type=\"post\" id=\"181276\">ELCEN anun\u021b\u0103 o central\u0103 nou\u0103 la CET Sud, \u201ecu randament de peste 85%\u201d, dup\u0103 avariile din ultimele luni<\/a><\/strong><\/p>\n\n\n\n<h2 class=\"wp-block-heading\" id=\"h-tirul-rasturnat-pe-autostrada-a3-a-blocat-ambele-sensuri\">Tirul r\u0103sturnat pe autostrada A3 a blocat ambele sensuri<\/h2>\n\n\n\n<p><strong>Incidentul a dus la blocaje at\u00e2t pe sensul de mers c\u0103tre Ploie\u0219ti, c\u00e2t \u0219i pe cel c\u0103tre Capital\u0103. Mai precis, agen\u021bii de poli\u021bie au informat c\u0103 circula\u021bia este restric\u021bionat\u0103 dup\u0103 cum urmeaz\u0103:<\/strong><\/p>\n\n\n\n<ul class=\"wp-block-list\">\n<li>Pe benzile 1 \u0219i 2 ale direc\u021biei c\u0103tre Ploie\u0219ti,<\/li>\n\n\n\n<li>Pe banda 2 a sensului c\u0103tre Bucure\u0219ti. <\/li>\n<\/ul>\n\n\n\n<p>Valorile de trafic sunt \u00een cre\u0219tere la acest moment. Centrul Infotrafic nu a transmis o estimare \u00een ceea ce prive\u0219te reluarea circula\u021biei \u00een condi\u021bii normale \u00een zona unde s-a produs incidentul. <\/p>\n\n\n\n<p><strong>CITE\u0218TE \u0218I <a href=\"https:\/\/buletin.de\/bucuresti\/un-nou-drum-de-doua-minute-uitat-la-proiectarea-autostrazii-bucuresti-apare-langa-otopeni-infrastructura-din-nordul-capitalei-inca-asteapta-finantari-externe\/\" type=\"post\" id=\"181297\">Un nou drum de \u201edou\u0103 minute\u201d, uitat la proiectarea Autostr\u0103zii Bucure\u0219ti, apare l\u00e2ng\u0103 Otopeni. Infrastructura din Nordul Capitalei \u00eenc\u0103 a\u0219teapt\u0103 finan\u021b\u0103ri externe<\/a><\/strong><\/p>\n\n\n\n<p><\/p>\n","protected":false},"excerpt":{"rendered":"<p>Traficul este restric\u021bionat la acest moment pe Autostrada A3, at\u00e2t pe sensul de mers c\u0103tre Ploie\u0219ti, c\u00e2t \u0219i sensul c\u0103tre Bucure\u0219ti, dup\u0103 ce un TIR s-a r\u0103sturnat pe partea carosabil\u0103. Centrul Infotrafic informeaz\u0103 c\u0103 aglomera\u021bia est \u00een cre\u0219tere. UPDATE 16.00: Centrul INFOTRAFIC \u00a0informeaz\u0103 c\u0103 circula\u021bia rutier\u0103 a fost reluat\u0103 pe autostrada A 3 Bucure\u0219ti \u2013 [&hellip;]<\/p>\n","protected":false},"author":66,"featured_media":181341,"comment_status":"closed","ping_status":"open","sticky":false,"template":"","format":"standard","meta":{"_acf_changed":false,"inline_featured_image":false,"ngg_post_thumbnail":0,"footnotes":""},"categories":[6994,9026,5762],"tags":[14070,27157,27156,9175],"ppma_author":[26103],"class_list":["post-181339","post","type-post","status-publish","format-standard","has-post-thumbnail","hentry","category-stiri-2","category-eveniment","category-main","tag-autostrada-a3-bucuresti-ploiesti","tag-rasturnat","tag-tir","tag-trafic-restrictionat"],"acf":[],"yoast_head":"<!-- This site is optimized with the Yoast SEO Premium plugin v25.3 (Yoast SEO v27.5) - https:\/\/yoast.com\/product\/yoast-seo-premium-wordpress\/ -->\n<title>Un TIR s-a r\u0103sturnat pe autostrada A3. Traficul a fost blocat pe ambele sensuri - Buletin de Bucure\u0219ti<\/title>\n<meta name=\"description\" content=\"Traficul este restric\u021bionat la acest moment pe Autostrada A3 dup\u0103 ce un TIR s-a r\u0103sturnat pe carosabil, bloc\u00e2nd ambele sensuri de mers.\" \/>\n<meta name=\"robots\" content=\"index, follow, max-snippet:-1, max-image-preview:large, max-video-preview:-1\" \/>\n<link rel=\"canonical\" href=\"https:\/\/buletin.de\/bucuresti\/un-tir-s-a-rasturnat-pe-autostrada-a3-traficul-este-restrictionat-pe-ambele-sensuri-de-mers\/\" \/>\n<meta property=\"og:locale\" content=\"en_GB\" \/>\n<meta property=\"og:type\" content=\"article\" \/>\n<meta property=\"og:title\" content=\"Un TIR s-a r\u0103sturnat pe autostrada A3. Traficul a fost blocat pe ambele sensuri\" \/>\n<meta property=\"og:description\" content=\"Traficul este restric\u021bionat la acest moment pe Autostrada A3 dup\u0103 ce un TIR s-a r\u0103sturnat pe carosabil, bloc\u00e2nd ambele sensuri de mers.\" \/>\n<meta property=\"og:url\" content=\"https:\/\/buletin.de\/bucuresti\/un-tir-s-a-rasturnat-pe-autostrada-a3-traficul-este-restrictionat-pe-ambele-sensuri-de-mers\/\" \/>\n<meta property=\"og:site_name\" content=\"Buletin de Bucure\u0219ti\" \/>\n<meta property=\"article:publisher\" content=\"https:\/\/www.facebook.com\/buletin.de.buc\" \/>\n<meta property=\"article:published_time\" content=\"2026-03-18T10:58:37+00:00\" \/>\n<meta property=\"article:modified_time\" content=\"2026-03-18T21:27:05+00:00\" \/>\n<meta property=\"og:image\" content=\"https:\/\/buletin.de\/bucuresti\/wp-content\/uploads\/2026\/03\/WhatsApp-Image-2026-03-18-at-12.54.35.jpeg\" \/>\n\t<meta property=\"og:image:width\" content=\"2040\" \/>\n\t<meta property=\"og:image:height\" content=\"942\" \/>\n\t<meta property=\"og:image:type\" content=\"image\/jpeg\" \/>\n<meta name=\"author\" content=\"Deniz Garguli\" \/>\n<meta name=\"twitter:card\" content=\"summary_large_image\" \/>\n<meta name=\"twitter:label1\" content=\"Written by\" \/>\n\t<meta name=\"twitter:data1\" content=\"Deniz Garguli\" \/>\n\t<meta name=\"twitter:label2\" content=\"Estimated reading time\" \/>\n\t<meta name=\"twitter:data2\" content=\"2 minutes\" \/>\n<script type=\"application\/ld+json\" class=\"yoast-schema-graph\">{\"@context\":\"https:\\\/\\\/schema.org\",\"@graph\":[{\"@type\":\"Article\",\"@id\":\"https:\\\/\\\/buletin.de\\\/bucuresti\\\/un-tir-s-a-rasturnat-pe-autostrada-a3-traficul-este-restrictionat-pe-ambele-sensuri-de-mers\\\/#article\",\"isPartOf\":{\"@id\":\"https:\\\/\\\/buletin.de\\\/bucuresti\\\/un-tir-s-a-rasturnat-pe-autostrada-a3-traficul-este-restrictionat-pe-ambele-sensuri-de-mers\\\/\"},\"author\":{\"name\":\"Deniz Garguli\",\"@id\":\"https:\\\/\\\/buletin.de\\\/bucuresti\\\/#\\\/schema\\\/person\\\/8badd0805392c02e16b744e0d5cd3625\"},\"headline\":\"Un TIR s-a r\u0103sturnat pe autostrada A3. Traficul a fost blocat pe ambele sensuri\",\"datePublished\":\"2026-03-18T10:58:37+00:00\",\"dateModified\":\"2026-03-18T21:27:05+00:00\",\"mainEntityOfPage\":{\"@id\":\"https:\\\/\\\/buletin.de\\\/bucuresti\\\/un-tir-s-a-rasturnat-pe-autostrada-a3-traficul-este-restrictionat-pe-ambele-sensuri-de-mers\\\/\"},\"wordCount\":418,\"publisher\":{\"@id\":\"https:\\\/\\\/buletin.de\\\/bucuresti\\\/#organization\"},\"image\":{\"@id\":\"https:\\\/\\\/buletin.de\\\/bucuresti\\\/un-tir-s-a-rasturnat-pe-autostrada-a3-traficul-este-restrictionat-pe-ambele-sensuri-de-mers\\\/#primaryimage\"},\"thumbnailUrl\":\"https:\\\/\\\/buletin.de\\\/bucuresti\\\/wp-content\\\/uploads\\\/2026\\\/03\\\/WhatsApp-Image-2026-03-18-at-12.54.35.jpeg\",\"keywords\":[\"Autostrada A3 Bucure\u0219ti-Ploie\u0219ti\",\"R\u0103sturnat\",\"TIR\",\"Trafic restric\u021bionat\"],\"articleSection\":[\"Articole\",\"Eveniment\",\"Main\"],\"inLanguage\":\"en-GB\",\"copyrightYear\":\"2026\",\"copyrightHolder\":{\"@id\":\"https:\\\/\\\/buletin.de\\\/bucuresti\\\/#organization\"}},{\"@type\":\"WebPage\",\"@id\":\"https:\\\/\\\/buletin.de\\\/bucuresti\\\/un-tir-s-a-rasturnat-pe-autostrada-a3-traficul-este-restrictionat-pe-ambele-sensuri-de-mers\\\/\",\"url\":\"https:\\\/\\\/buletin.de\\\/bucuresti\\\/un-tir-s-a-rasturnat-pe-autostrada-a3-traficul-este-restrictionat-pe-ambele-sensuri-de-mers\\\/\",\"name\":\"Un TIR s-a r\u0103sturnat pe autostrada A3. Traficul a fost blocat pe ambele sensuri - Buletin de Bucure\u0219ti\",\"isPartOf\":{\"@id\":\"https:\\\/\\\/buletin.de\\\/bucuresti\\\/#website\"},\"primaryImageOfPage\":{\"@id\":\"https:\\\/\\\/buletin.de\\\/bucuresti\\\/un-tir-s-a-rasturnat-pe-autostrada-a3-traficul-este-restrictionat-pe-ambele-sensuri-de-mers\\\/#primaryimage\"},\"image\":{\"@id\":\"https:\\\/\\\/buletin.de\\\/bucuresti\\\/un-tir-s-a-rasturnat-pe-autostrada-a3-traficul-este-restrictionat-pe-ambele-sensuri-de-mers\\\/#primaryimage\"},\"thumbnailUrl\":\"https:\\\/\\\/buletin.de\\\/bucuresti\\\/wp-content\\\/uploads\\\/2026\\\/03\\\/WhatsApp-Image-2026-03-18-at-12.54.35.jpeg\",\"datePublished\":\"2026-03-18T10:58:37+00:00\",\"dateModified\":\"2026-03-18T21:27:05+00:00\",\"description\":\"Traficul este restric\u021bionat la acest moment pe Autostrada A3 dup\u0103 ce un TIR s-a r\u0103sturnat pe carosabil, bloc\u00e2nd ambele sensuri de mers.\",\"breadcrumb\":{\"@id\":\"https:\\\/\\\/buletin.de\\\/bucuresti\\\/un-tir-s-a-rasturnat-pe-autostrada-a3-traficul-este-restrictionat-pe-ambele-sensuri-de-mers\\\/#breadcrumb\"},\"inLanguage\":\"en-GB\",\"potentialAction\":[{\"@type\":\"ReadAction\",\"target\":[\"https:\\\/\\\/buletin.de\\\/bucuresti\\\/un-tir-s-a-rasturnat-pe-autostrada-a3-traficul-este-restrictionat-pe-ambele-sensuri-de-mers\\\/\"]}]},{\"@type\":\"ImageObject\",\"inLanguage\":\"en-GB\",\"@id\":\"https:\\\/\\\/buletin.de\\\/bucuresti\\\/un-tir-s-a-rasturnat-pe-autostrada-a3-traficul-este-restrictionat-pe-ambele-sensuri-de-mers\\\/#primaryimage\",\"url\":\"https:\\\/\\\/buletin.de\\\/bucuresti\\\/wp-content\\\/uploads\\\/2026\\\/03\\\/WhatsApp-Image-2026-03-18-at-12.54.35.jpeg\",\"contentUrl\":\"https:\\\/\\\/buletin.de\\\/bucuresti\\\/wp-content\\\/uploads\\\/2026\\\/03\\\/WhatsApp-Image-2026-03-18-at-12.54.35.jpeg\",\"width\":2040,\"height\":942,\"caption\":\"Un TIR s-a r\u0103sturnat pe Autostrada A3. Traficul este restric\u021bionat pe ambele sensuri de mers. FOTO: Info Trafic Bucure\u0219ti \u0219i Ilfov\\\/FB\"},{\"@type\":\"BreadcrumbList\",\"@id\":\"https:\\\/\\\/buletin.de\\\/bucuresti\\\/un-tir-s-a-rasturnat-pe-autostrada-a3-traficul-este-restrictionat-pe-ambele-sensuri-de-mers\\\/#breadcrumb\",\"itemListElement\":[{\"@type\":\"ListItem\",\"position\":1,\"name\":\"Acas\u0103\",\"item\":\"https:\\\/\\\/buletin.de\\\/bucuresti\\\/\"},{\"@type\":\"ListItem\",\"position\":2,\"name\":\"Un TIR s-a r\u0103sturnat pe autostrada A3. Traficul a fost blocat pe ambele sensuri\"}]},{\"@type\":\"WebSite\",\"@id\":\"https:\\\/\\\/buletin.de\\\/bucuresti\\\/#website\",\"url\":\"https:\\\/\\\/buletin.de\\\/bucuresti\\\/\",\"name\":\"Buletin de Bucure\u0219ti\",\"description\":\"\u0218tiri \u0219i investiga\u021bii esen\u021biale din capital\u0103\",\"publisher\":{\"@id\":\"https:\\\/\\\/buletin.de\\\/bucuresti\\\/#organization\"},\"potentialAction\":[{\"@type\":\"SearchAction\",\"target\":{\"@type\":\"EntryPoint\",\"urlTemplate\":\"https:\\\/\\\/buletin.de\\\/bucuresti\\\/?s={search_term_string}\"},\"query-input\":{\"@type\":\"PropertyValueSpecification\",\"valueRequired\":true,\"valueName\":\"search_term_string\"}}],\"inLanguage\":\"en-GB\"},{\"@type\":\"Organization\",\"@id\":\"https:\\\/\\\/buletin.de\\\/bucuresti\\\/#organization\",\"name\":\"Buletin de Bucure\u0219ti\",\"url\":\"https:\\\/\\\/buletin.de\\\/bucuresti\\\/\",\"logo\":{\"@type\":\"ImageObject\",\"inLanguage\":\"en-GB\",\"@id\":\"https:\\\/\\\/buletin.de\\\/bucuresti\\\/#\\\/schema\\\/logo\\\/image\\\/\",\"url\":\"https:\\\/\\\/buletin.de\\\/bucuresti\\\/wp-content\\\/uploads\\\/logo-bdb-full-wide-vernil-transparent.png\",\"contentUrl\":\"https:\\\/\\\/buletin.de\\\/bucuresti\\\/wp-content\\\/uploads\\\/logo-bdb-full-wide-vernil-transparent.png\",\"width\":1782,\"height\":626,\"caption\":\"Buletin de Bucure\u0219ti\"},\"image\":{\"@id\":\"https:\\\/\\\/buletin.de\\\/bucuresti\\\/#\\\/schema\\\/logo\\\/image\\\/\"},\"sameAs\":[\"https:\\\/\\\/www.facebook.com\\\/buletin.de.buc\",\"https:\\\/\\\/www.instagram.com\\\/buletinde.bucuresti\\\/\"]},{\"@type\":\"Person\",\"@id\":\"https:\\\/\\\/buletin.de\\\/bucuresti\\\/#\\\/schema\\\/person\\\/8badd0805392c02e16b744e0d5cd3625\",\"name\":\"Deniz Garguli\",\"image\":{\"@type\":\"ImageObject\",\"inLanguage\":\"en-GB\",\"@id\":\"https:\\\/\\\/buletin.de\\\/bucuresti\\\/wp-content\\\/uploads\\\/2026\\\/01\\\/79b44b20-a270-4ee6-afb3-fdf3c7ef7782-96x96.jpege2491ce6d396dbf7c1362e9ef046c803\",\"url\":\"https:\\\/\\\/buletin.de\\\/bucuresti\\\/wp-content\\\/uploads\\\/2026\\\/01\\\/79b44b20-a270-4ee6-afb3-fdf3c7ef7782-96x96.jpeg\",\"contentUrl\":\"https:\\\/\\\/buletin.de\\\/bucuresti\\\/wp-content\\\/uploads\\\/2026\\\/01\\\/79b44b20-a270-4ee6-afb3-fdf3c7ef7782-96x96.jpeg\",\"caption\":\"Deniz Garguli\"},\"description\":\"N\u0103scut\u0103 \u0219i crescut\u0103 \u00een Capital\u0103, dorin\u021ba de a fi la curent cu tot ce se \u00eent\u00e2mpl\u0103 \u00een Bucure\u0219ti a \u00eempins-o c\u0103tre pres\u0103, mai cu seam\u0103 c\u0103tre cea local\u0103. A lucrat vreme de patru ani la B365, unde s-a ocupat de \u0219tiri despre ora\u0219 \u0219i oamenii care locuiesc \u00een el. Din 2026 s-a al\u0103turat echipei Buletin de Bucure\u0219ti.\",\"url\":\"https:\\\/\\\/buletin.de\\\/bucuresti\\\/author\\\/deniz-garguli\\\/\"}]}<\/script>\n<!-- \/ Yoast SEO Premium plugin. -->","yoast_head_json":{"title":"Un TIR s-a r\u0103sturnat pe autostrada A3. Traficul a fost blocat pe ambele sensuri - Buletin de Bucure\u0219ti","description":"Traficul este restric\u021bionat la acest moment pe Autostrada A3 dup\u0103 ce un TIR s-a r\u0103sturnat pe carosabil, bloc\u00e2nd ambele sensuri de mers.","robots":{"index":"index","follow":"follow","max-snippet":"max-snippet:-1","max-image-preview":"max-image-preview:large","max-video-preview":"max-video-preview:-1"},"canonical":"https:\/\/buletin.de\/bucuresti\/un-tir-s-a-rasturnat-pe-autostrada-a3-traficul-este-restrictionat-pe-ambele-sensuri-de-mers\/","og_locale":"en_GB","og_type":"article","og_title":"Un TIR s-a r\u0103sturnat pe autostrada A3. Traficul a fost blocat pe ambele sensuri","og_description":"Traficul este restric\u021bionat la acest moment pe Autostrada A3 dup\u0103 ce un TIR s-a r\u0103sturnat pe carosabil, bloc\u00e2nd ambele sensuri de mers.","og_url":"https:\/\/buletin.de\/bucuresti\/un-tir-s-a-rasturnat-pe-autostrada-a3-traficul-este-restrictionat-pe-ambele-sensuri-de-mers\/","og_site_name":"Buletin de Bucure\u0219ti","article_publisher":"https:\/\/www.facebook.com\/buletin.de.buc","article_published_time":"2026-03-18T10:58:37+00:00","article_modified_time":"2026-03-18T21:27:05+00:00","og_image":[{"width":2040,"height":942,"url":"https:\/\/buletin.de\/bucuresti\/wp-content\/uploads\/2026\/03\/WhatsApp-Image-2026-03-18-at-12.54.35.jpeg","type":"image\/jpeg"}],"author":"Deniz Garguli","twitter_card":"summary_large_image","twitter_misc":{"Written by":"Deniz Garguli","Estimated reading time":"2 minutes"},"schema":{"@context":"https:\/\/schema.org","@graph":[{"@type":"Article","@id":"https:\/\/buletin.de\/bucuresti\/un-tir-s-a-rasturnat-pe-autostrada-a3-traficul-este-restrictionat-pe-ambele-sensuri-de-mers\/#article","isPartOf":{"@id":"https:\/\/buletin.de\/bucuresti\/un-tir-s-a-rasturnat-pe-autostrada-a3-traficul-este-restrictionat-pe-ambele-sensuri-de-mers\/"},"author":{"name":"Deniz Garguli","@id":"https:\/\/buletin.de\/bucuresti\/#\/schema\/person\/8badd0805392c02e16b744e0d5cd3625"},"headline":"Un TIR s-a r\u0103sturnat pe autostrada A3. Traficul a fost blocat pe ambele sensuri","datePublished":"2026-03-18T10:58:37+00:00","dateModified":"2026-03-18T21:27:05+00:00","mainEntityOfPage":{"@id":"https:\/\/buletin.de\/bucuresti\/un-tir-s-a-rasturnat-pe-autostrada-a3-traficul-este-restrictionat-pe-ambele-sensuri-de-mers\/"},"wordCount":418,"publisher":{"@id":"https:\/\/buletin.de\/bucuresti\/#organization"},"image":{"@id":"https:\/\/buletin.de\/bucuresti\/un-tir-s-a-rasturnat-pe-autostrada-a3-traficul-este-restrictionat-pe-ambele-sensuri-de-mers\/#primaryimage"},"thumbnailUrl":"https:\/\/buletin.de\/bucuresti\/wp-content\/uploads\/2026\/03\/WhatsApp-Image-2026-03-18-at-12.54.35.jpeg","keywords":["Autostrada A3 Bucure\u0219ti-Ploie\u0219ti","R\u0103sturnat","TIR","Trafic restric\u021bionat"],"articleSection":["Articole","Eveniment","Main"],"inLanguage":"en-GB","copyrightYear":"2026","copyrightHolder":{"@id":"https:\/\/buletin.de\/bucuresti\/#organization"}},{"@type":"WebPage","@id":"https:\/\/buletin.de\/bucuresti\/un-tir-s-a-rasturnat-pe-autostrada-a3-traficul-este-restrictionat-pe-ambele-sensuri-de-mers\/","url":"https:\/\/buletin.de\/bucuresti\/un-tir-s-a-rasturnat-pe-autostrada-a3-traficul-este-restrictionat-pe-ambele-sensuri-de-mers\/","name":"Un TIR s-a r\u0103sturnat pe autostrada A3. Traficul a fost blocat pe ambele sensuri - Buletin de Bucure\u0219ti","isPartOf":{"@id":"https:\/\/buletin.de\/bucuresti\/#website"},"primaryImageOfPage":{"@id":"https:\/\/buletin.de\/bucuresti\/un-tir-s-a-rasturnat-pe-autostrada-a3-traficul-este-restrictionat-pe-ambele-sensuri-de-mers\/#primaryimage"},"image":{"@id":"https:\/\/buletin.de\/bucuresti\/un-tir-s-a-rasturnat-pe-autostrada-a3-traficul-este-restrictionat-pe-ambele-sensuri-de-mers\/#primaryimage"},"thumbnailUrl":"https:\/\/buletin.de\/bucuresti\/wp-content\/uploads\/2026\/03\/WhatsApp-Image-2026-03-18-at-12.54.35.jpeg","datePublished":"2026-03-18T10:58:37+00:00","dateModified":"2026-03-18T21:27:05+00:00","description":"Traficul este restric\u021bionat la acest moment pe Autostrada A3 dup\u0103 ce un TIR s-a r\u0103sturnat pe carosabil, bloc\u00e2nd ambele sensuri de mers.","breadcrumb":{"@id":"https:\/\/buletin.de\/bucuresti\/un-tir-s-a-rasturnat-pe-autostrada-a3-traficul-este-restrictionat-pe-ambele-sensuri-de-mers\/#breadcrumb"},"inLanguage":"en-GB","potentialAction":[{"@type":"ReadAction","target":["https:\/\/buletin.de\/bucuresti\/un-tir-s-a-rasturnat-pe-autostrada-a3-traficul-este-restrictionat-pe-ambele-sensuri-de-mers\/"]}]},{"@type":"ImageObject","inLanguage":"en-GB","@id":"https:\/\/buletin.de\/bucuresti\/un-tir-s-a-rasturnat-pe-autostrada-a3-traficul-este-restrictionat-pe-ambele-sensuri-de-mers\/#primaryimage","url":"https:\/\/buletin.de\/bucuresti\/wp-content\/uploads\/2026\/03\/WhatsApp-Image-2026-03-18-at-12.54.35.jpeg","contentUrl":"https:\/\/buletin.de\/bucuresti\/wp-content\/uploads\/2026\/03\/WhatsApp-Image-2026-03-18-at-12.54.35.jpeg","width":2040,"height":942,"caption":"Un TIR s-a r\u0103sturnat pe Autostrada A3. Traficul este restric\u021bionat pe ambele sensuri de mers. FOTO: Info Trafic Bucure\u0219ti \u0219i Ilfov\/FB"},{"@type":"BreadcrumbList","@id":"https:\/\/buletin.de\/bucuresti\/un-tir-s-a-rasturnat-pe-autostrada-a3-traficul-este-restrictionat-pe-ambele-sensuri-de-mers\/#breadcrumb","itemListElement":[{"@type":"ListItem","position":1,"name":"Acas\u0103","item":"https:\/\/buletin.de\/bucuresti\/"},{"@type":"ListItem","position":2,"name":"Un TIR s-a r\u0103sturnat pe autostrada A3. Traficul a fost blocat pe ambele sensuri"}]},{"@type":"WebSite","@id":"https:\/\/buletin.de\/bucuresti\/#website","url":"https:\/\/buletin.de\/bucuresti\/","name":"Buletin de Bucure\u0219ti","description":"\u0218tiri \u0219i investiga\u021bii esen\u021biale din capital\u0103","publisher":{"@id":"https:\/\/buletin.de\/bucuresti\/#organization"},"potentialAction":[{"@type":"SearchAction","target":{"@type":"EntryPoint","urlTemplate":"https:\/\/buletin.de\/bucuresti\/?s={search_term_string}"},"query-input":{"@type":"PropertyValueSpecification","valueRequired":true,"valueName":"search_term_string"}}],"inLanguage":"en-GB"},{"@type":"Organization","@id":"https:\/\/buletin.de\/bucuresti\/#organization","name":"Buletin de Bucure\u0219ti","url":"https:\/\/buletin.de\/bucuresti\/","logo":{"@type":"ImageObject","inLanguage":"en-GB","@id":"https:\/\/buletin.de\/bucuresti\/#\/schema\/logo\/image\/","url":"https:\/\/buletin.de\/bucuresti\/wp-content\/uploads\/logo-bdb-full-wide-vernil-transparent.png","contentUrl":"https:\/\/buletin.de\/bucuresti\/wp-content\/uploads\/logo-bdb-full-wide-vernil-transparent.png","width":1782,"height":626,"caption":"Buletin de Bucure\u0219ti"},"image":{"@id":"https:\/\/buletin.de\/bucuresti\/#\/schema\/logo\/image\/"},"sameAs":["https:\/\/www.facebook.com\/buletin.de.buc","https:\/\/www.instagram.com\/buletinde.bucuresti\/"]},{"@type":"Person","@id":"https:\/\/buletin.de\/bucuresti\/#\/schema\/person\/8badd0805392c02e16b744e0d5cd3625","name":"Deniz Garguli","image":{"@type":"ImageObject","inLanguage":"en-GB","@id":"https:\/\/buletin.de\/bucuresti\/wp-content\/uploads\/2026\/01\/79b44b20-a270-4ee6-afb3-fdf3c7ef7782-96x96.jpege2491ce6d396dbf7c1362e9ef046c803","url":"https:\/\/buletin.de\/bucuresti\/wp-content\/uploads\/2026\/01\/79b44b20-a270-4ee6-afb3-fdf3c7ef7782-96x96.jpeg","contentUrl":"https:\/\/buletin.de\/bucuresti\/wp-content\/uploads\/2026\/01\/79b44b20-a270-4ee6-afb3-fdf3c7ef7782-96x96.jpeg","caption":"Deniz Garguli"},"description":"N\u0103scut\u0103 \u0219i crescut\u0103 \u00een Capital\u0103, dorin\u021ba de a fi la curent cu tot ce se \u00eent\u00e2mpl\u0103 \u00een Bucure\u0219ti a \u00eempins-o c\u0103tre pres\u0103, mai cu seam\u0103 c\u0103tre cea local\u0103. A lucrat vreme de patru ani la B365, unde s-a ocupat de \u0219tiri despre ora\u0219 \u0219i oamenii care locuiesc \u00een el. Din 2026 s-a al\u0103turat echipei Buletin de Bucure\u0219ti.","url":"https:\/\/buletin.de\/bucuresti\/author\/deniz-garguli\/"}]}},"authors":[{"term_id":26103,"user_id":66,"is_guest":0,"slug":"deniz-garguli","display_name":"Deniz Garguli","avatar_url":"https:\/\/buletin.de\/bucuresti\/wp-content\/uploads\/2026\/01\/79b44b20-a270-4ee6-afb3-fdf3c7ef7782-96x96.jpeg","0":null,"1":"","2":"","3":"","4":"","5":"","6":"","7":"","8":""}],"_links":{"self":[{"href":"https:\/\/buletin.de\/bucuresti\/wp-json\/wp\/v2\/posts\/181339","targetHints":{"allow":["GET"]}}],"collection":[{"href":"https:\/\/buletin.de\/bucuresti\/wp-json\/wp\/v2\/posts"}],"about":[{"href":"https:\/\/buletin.de\/bucuresti\/wp-json\/wp\/v2\/types\/post"}],"author":[{"embeddable":true,"href":"https:\/\/buletin.de\/bucuresti\/wp-json\/wp\/v2\/users\/66"}],"replies":[{"embeddable":true,"href":"https:\/\/buletin.de\/bucuresti\/wp-json\/wp\/v2\/comments?post=181339"}],"version-history":[{"count":4,"href":"https:\/\/buletin.de\/bucuresti\/wp-json\/wp\/v2\/posts\/181339\/revisions"}],"predecessor-version":[{"id":181508,"href":"https:\/\/buletin.de\/bucuresti\/wp-json\/wp\/v2\/posts\/181339\/revisions\/181508"}],"wp:featuredmedia":[{"embeddable":true,"href":"https:\/\/buletin.de\/bucuresti\/wp-json\/wp\/v2\/media\/181341"}],"wp:attachment":[{"href":"https:\/\/buletin.de\/bucuresti\/wp-json\/wp\/v2\/media?parent=181339"}],"wp:term":[{"taxonomy":"category","embeddable":true,"href":"https:\/\/buletin.de\/bucuresti\/wp-json\/wp\/v2\/categories?post=181339"},{"taxonomy":"post_tag","embeddable":true,"href":"https:\/\/buletin.de\/bucuresti\/wp-json\/wp\/v2\/tags?post=181339"},{"taxonomy":"author","embeddable":true,"href":"https:\/\/buletin.de\/bucuresti\/wp-json\/wp\/v2\/ppma_author?post=181339"}],"curies":[{"name":"wp","href":"https:\/\/api.w.org\/{rel}","templated":true}]}}