{"id":181337,"date":"2026-03-18T15:42:56","date_gmt":"2026-03-18T12:42:56","guid":{"rendered":"https:\/\/buletin.de\/bucuresti\/?p=181337"},"modified":"2026-03-18T16:26:46","modified_gmt":"2026-03-18T13:26:46","slug":"garda-de-mediu-da-vina-pe-sarea-si-nisipul-folosite-acum-o-luna-pentru-poluarea-din-capitala","status":"publish","type":"post","link":"https:\/\/buletin.de\/bucuresti\/garda-de-mediu-da-vina-pe-sarea-si-nisipul-folosite-acum-o-luna-pentru-poluarea-din-capitala\/","title":{"rendered":"Garda de Mediu d\u0103 vina pe sarea \u0219i nisipul folosite acum o lun\u0103 pentru poluarea din Capital\u0103"},"content":{"rendered":"\n<p><strong>\u00cen urma unor verific\u0103ri ce au fost efectuate de Garda de Mediu, comisarii au anun\u021bat c\u0103 poluarea din Capital\u0103 este datorat\u0103 materialului antiderapant (sarea \u0219i nisipul) ce a fost folosit \u00een acest sezon rece. Controalele pe teren au fost realizate deoarece \u00een Bucure\u0219ti au fost \u00eenregistrate concentra\u021bii mari de particule \u00een suspensie (PM10 \u0219i PM2,5), conform <a href=\"https:\/\/www.facebook.com\/GardaNationaladeMediu\/posts\/pfbid025gMfw6142BHxxJK9a4mgbRw9zzzV6CXe1Tc8J5ahJ7NzWruNai1dkcbmh6gSfLzel\" target=\"_blank\" rel=\"noreferrer noopener\">anun\u021bului <\/a>transmis.<\/strong><\/p>\n\n\n\n<p>Garda de Mediu a mai transmis \u0219i c\u0103, din cauza traficului \u0219i \u00een lipsa precipita\u021biilor, sarea \u0219i nisipul sunt antrenate \u00een aer sub form\u0103 de pulberi. <\/p>\n\n\n\n<p>Cantit\u0103\u021bi mare de depuneri au fost g\u0103site: <\/p>\n\n\n\n<ul class=\"wp-block-list\">\n<li>La borduri \u0219i sub autovehiculele sta\u021bionate pe marile bulevarde, <\/li>\n\n\n\n<li>Pe carosabil, \u00een mod special pe arterele intens circulate, <\/li>\n\n\n\n<li>Pe liniile de tramvai utilizate \u0219i de alte vehicule.<\/li>\n<\/ul>\n\n\n\n<p><strong>CITE\u0218TE \u0218I <a href=\"https:\/\/buletin.de\/bucuresti\/studiu-86-dintre-romani-tin-la-sertar-telefoanele-mobile-vechi-unde-poti-sa-le-reciclezi-in-bucuresti\/\" type=\"post\" id=\"181315\">STUDIU. 86% dintre rom\u00e2ni \u021bin la sertar telefoanele mobile vechi. Unde po\u021bi s\u0103 le reciclezi \u00een Bucure\u0219ti<\/a><\/strong><\/p>\n\n\n\n<h2 class=\"wp-block-heading\" id=\"h-s-au-facut-controale-\u0219i-in-primariile-capitalei\">S-au f\u0103cut controale \u0219i \u00een prim\u0103riile Capitalei<\/h2>\n\n\n\n<p>Garda de Mediu a f\u0103cut controale \u0219i la prim\u0103riile de sector din Bucure\u0219ti, dar \u0219i la Prim\u0103ria General\u0103 pentru a verifica ce m\u0103suri au fost adoptate pentru \u00eembun\u0103t\u0103\u021birea calit\u0103\u021bii aerului. Pe l\u00e2ng\u0103 asta, o adres\u0103 a fost transmis\u0103 administra\u021biilor locale. Prin aceasta le-a fost solicitat s\u0103 ia m\u0103suri privind reducerea emisiilor de pulberi \u00een resuspensie, prin \u00eendep\u0103rtarea materialului antiderapant de pe carosabil (aspirarea mecanizat\u0103 \u0219i sp\u0103larea carosabilului).<\/p>\n\n\n\n<p><strong><em>\u201eCre\u0219terea nivelului de pulberi \u00een Bucure\u0219ti este rezultatul unui cumul de factori, \u00eens\u0103 gestionarea necorespunz\u0103toare a materialului antiderapant \u0219i activit\u0103\u021bile de \u0219antier au un rol important \u00een amplificarea fenomenului\u201d, a mai tranmis Garda de Mediu.<\/em><\/strong><\/p>\n\n\n\n<p><strong>CITE\u0218TE \u0218I <a href=\"https:\/\/buletin.de\/bucuresti\/romania-a-pierdut-fonduri-europene-pentru-impadurirea-a-zeci-de-mii-de-hectare-in-ilfov-nu-s-a-plantat-niciun-copac-digi24\/\" type=\"post\" id=\"180001\">\u00cen Ilfov nu s-a plantat niciun copac. Rom\u00e2nia a pierdut deja fonduri europene pentru \u00eemp\u0103durirea a zeci de mii de hectare | Digi24<\/a><\/strong><\/p>\n\n\n\n<p>\u00cen cadrul controalelor efectuate luni, 16 martie, comisarii din cadrul Comisariatului Municipiului Bucure\u0219ti au verificat urm\u0103toarele obiective:<\/p>\n\n\n\n<ul class=\"wp-block-list\">\n<li>sta\u021biile liniei de metrou M6 &#8211; B-dul Expozi\u021biei, Montr\u00e9al, Gara B\u0103neasa \u0219i Aeroport B\u0103neasa,<\/li>\n\n\n\n<li>\u00eentre sta\u021bia Montr\u00e9al \u0219i Gara B\u0103neasa a fost verificat\u0103 \u0219i interstatia (obiectivul \ud83d\ude0e iar \u00eentre Gara B\u0103neasa \u0219i aeroport B\u0103neasa a fost verificat\u0103 \u0219i interstatia (obiectivul 10). <\/li>\n<\/ul>\n\n\n\n<p>\u00cen zona de nord a Capitalei, Garda de Mediu a verificat dac\u0103 este respectat programul de umectare, dac\u0103 exist\u0103 rampe pentru sp\u0103larea ro\u021bilor \u0219i dac\u0103 sunt luate m\u0103suri pentru prevenirea degaj\u0103rii de praf. <\/p>\n\n\n\n<p>Cu toate c\u0103 la toate sta\u021biile principale (Expozi\u021biei, Montr\u00e9al, Gara B\u0103neasa \u0219i Aeroport B\u0103neasa) exist\u0103 rampe pentru sp\u0103larea utilajelor, at\u00e2t \u00een organiz\u0103rile de \u0219antier, c\u00e2t \u0219i \u00een perimetrul exterior al acestora, au fost g\u0103site  urme\/depuneri de praf \u0219i nisip.<\/p>\n\n\n\n<p><strong><em>\u201eAc\u021biunile actuale se \u00eenscriu \u00eentr-un efort mai amplu al G\u0103rzii Na\u021bionale de Mediu de control al activit\u0103\u021bilor cu impact asupra calit\u0103\u021bii aerului, care s-a intensificat \u00een ultimii ani\u201d, a ad\u0103ugat instituia. <\/em><\/strong><\/p>\n\n\n\n<h2 class=\"wp-block-heading\" id=\"h-ce-nereguli-au-fost-constatate-care-au-amplificat-poluarea-din-capitala\">Ce nereguli au fost constatate care au amplificat poluarea din Capital\u0103<\/h2>\n\n\n\n<p><strong>\u00cen urma acestor verific\u0103ri, comisarii au g\u0103sit urm\u0103toarele probleme: lipsa umect\u0103rii materialelor pulverulente, absen\u021ba sistemelor de sp\u0103lare a ro\u021bilor, m\u0103suri insuficiente de limitare a prafului, depozit\u0103ri necontrolate.<\/strong><\/p>\n\n\n\n<p>Pentru aceste nereguli, Garda de Mediu a dispus m\u0103suri corective imediate \u0219i a aplicat sanc\u021biuni acolo unde situa\u021bia a impus-o. <\/p>\n\n\n\n<p>Acest tip de verific\u0103ri vor continua \u0219i \u00een perioada urm\u0103toare: <\/p>\n\n\n\n<p><strong><em>\u201eGarda Na\u021bional\u0103 de Mediu va continua aceste verific\u0103ri \u0219i, totodat\u0103, \u00ee\u0219i va coordona controalele \u00eempreun\u0103 cu Agen\u021bia Na\u021bional\u0103 pentru Mediu \u0219i Arii Protejate, pentru depistarea \u0219i a altor eventuale surse de poluare atmosferic\u0103, prin intermediul Re\u021belei Na\u021bionale de Monitorizare a Calit\u0103\u021bii Aerului\u201d.<\/em><\/strong><\/p>\n\n\n\n<p><strong>CITE\u0218TE \u0218I <a href=\"https:\/\/buletin.de\/bucuresti\/doua-blocuri-de-14-etaje-cu-peste-200-de-apartamente-se-vor-construi-pe-barbu-vacarescu\/\" type=\"post\" id=\"181325\">Dou\u0103 blocuri de 14 etaje, cu peste 200 de apartamente, se vor construi pe Barbu V\u0103c\u0103rescu<\/a><\/strong><\/p>\n\n\n\n<h2 class=\"wp-block-heading\" id=\"h-harta-poluarii-din-bucure\u0219ti-mar\u021bi-17-martie\">Harta polu\u0103rii din Bucure\u0219ti, mar\u021bi, 17 martie<\/h2>\n\n\n\n<p>Organiza\u021bia non-guvernamental\u0103 <a href=\"https:\/\/www.facebook.com\/politicidurabile\/posts\/pfbid0sZvAJHuYuc7hRXbX2dug6yhbyvpLjjdNFV4zrXLeoZrT3jLySHMEztgv7pomPFVEl\" target=\"_blank\" rel=\"noreferrer noopener\">Ecopolis <\/a>a publicat mar\u021bi diminea\u021b\u0103, 17 martie, harta polu\u0103rii din Capital\u0103. \u00cen primele ore are zilei, calitatea aerului din ora\u0219 era \u201erea\u201d. De\u0219i Garda de Mediu pune poluarea excesiv\u0103 pe seama materialului antiderapant ce a fost folosit \u00een luna februarie, Ecopolis transmite c\u0103 principalele cauze ar fi altele. <\/p>\n\n\n\n<p>Mai precis, calitatea aerului din Bucure\u0219ti este afectat\u0103, \u00een mod principal, de transport \u0219i de \u00eenc\u0103lzirea reziden\u021bial\u0103. <\/p>\n\n\n\n<p><strong><em>\u201eA\u0219a arat\u0103 Bucure\u0219tiul \u00een aceasta diminea\u021b\u0103. Transportul \u0219i \u00eenc\u0103lzirea reziden\u021bial\u0103 sunt principalele surse de poluare. Nu ajuta amplasarea ora\u0219ului, nu ajuta condi\u021biile meteo, nu ajuta inac\u021biunea autorit\u0103\u021bilor\u201d, a declarat organiza\u021bia. <\/em><\/strong><\/p>\n\n\n\n<p>Iat\u0103 cum ar\u0103ta harta polu\u0103rii din Bucure\u0219ti \u00een diminea\u021ba zilei de 17 martie: <\/p>\n\n\n<div class=\"wp-block-image\">\n<figure class=\"aligncenter size-large\"><img fetchpriority=\"high\" decoding=\"async\" width=\"1000\" height=\"889\" src=\"data:image\/gif;base64,R0lGODlhAQABAAAAACH5BAEKAAEALAAAAAABAAEAAAICTAEAOw==\" data-src=\"https:\/\/buletin.de\/bucuresti\/wp-content\/uploads\/2026\/03\/poluare-Bucuresti-17-martie-1000x889.jpg\" alt=\"\" class=\"wp-image-181363 lazyload\" data-sizes=\"auto\" data-srcset=\"https:\/\/buletin.de\/bucuresti\/wp-content\/uploads\/2026\/03\/poluare-Bucuresti-17-martie-1000x889.jpg 1000w, https:\/\/buletin.de\/bucuresti\/wp-content\/uploads\/2026\/03\/poluare-Bucuresti-17-martie-300x267.jpg 300w, https:\/\/buletin.de\/bucuresti\/wp-content\/uploads\/2026\/03\/poluare-Bucuresti-17-martie-768x683.jpg 768w, https:\/\/buletin.de\/bucuresti\/wp-content\/uploads\/2026\/03\/poluare-Bucuresti-17-martie-1536x1366.jpg 1536w, https:\/\/buletin.de\/bucuresti\/wp-content\/uploads\/2026\/03\/poluare-Bucuresti-17-martie-1600x1423.jpg 1600w, https:\/\/buletin.de\/bucuresti\/wp-content\/uploads\/2026\/03\/poluare-Bucuresti-17-martie-1100x978.jpg 1100w, https:\/\/buletin.de\/bucuresti\/wp-content\/uploads\/2026\/03\/poluare-Bucuresti-17-martie-600x533.jpg 600w, https:\/\/buletin.de\/bucuresti\/wp-content\/uploads\/2026\/03\/poluare-Bucuresti-17-martie-20x18.jpg 20w, https:\/\/buletin.de\/bucuresti\/wp-content\/uploads\/2026\/03\/poluare-Bucuresti-17-martie.jpg 1920w\" sizes=\"(max-width: 1000px) 100vw, 1000px\" \/><figcaption class=\"wp-element-caption\">Poluarea din Capital\u0103, \u00een 17 martie. FOTO: Ecopolis\/FB<\/figcaption><\/figure>\n<\/div>\n\n\n<p><strong>CITE\u0218TE \u0218I <a href=\"https:\/\/buletin.de\/bucuresti\/un-nou-drum-de-doua-minute-uitat-la-proiectarea-autostrazii-bucuresti-apare-langa-otopeni-infrastructura-din-nordul-capitalei-inca-asteapta-finantari-externe\/\" type=\"post\" id=\"181297\">Un nou drum de \u201edou\u0103 minute\u201d, uitat la proiectarea Autostr\u0103zii Bucure\u0219ti, apare l\u00e2ng\u0103 Otopeni. Infrastructura din Nordul Capitalei \u00eenc\u0103 a\u0219teapt\u0103 finan\u021b\u0103ri externe<\/a><em><br><\/em><\/strong><br><br><br><br><\/p>\n","protected":false},"excerpt":{"rendered":"<p>\u00cen urma unor verific\u0103ri ce au fost efectuate de Garda de Mediu, comisarii au anun\u021bat c\u0103 poluarea din Capital\u0103 este datorat\u0103 materialului antiderapant (sarea \u0219i nisipul) ce a fost folosit \u00een acest sezon rece. Controalele pe teren au fost realizate deoarece \u00een Bucure\u0219ti au fost \u00eenregistrate concentra\u021bii mari de particule \u00een suspensie (PM10 \u0219i PM2,5), [&hellip;]<\/p>\n","protected":false},"author":66,"featured_media":181364,"comment_status":"closed","ping_status":"open","sticky":false,"template":"","format":"standard","meta":{"_acf_changed":false,"inline_featured_image":false,"ngg_post_thumbnail":0,"footnotes":""},"categories":[6994,5762,109],"tags":[466,2188,1859,25721,25238],"ppma_author":[26103],"class_list":["post-181337","post","type-post","status-publish","format-standard","has-post-thumbnail","hentry","category-stiri-2","category-main","category-mediu","tag-aerlive","tag-controale","tag-garda-de-mediu","tag-material-antiderapant","tag-poluare-bucuresti-2"],"acf":[],"yoast_head":"<!-- This site is optimized with the Yoast SEO Premium plugin v25.3 (Yoast SEO v27.5) - https:\/\/yoast.com\/product\/yoast-seo-premium-wordpress\/ -->\n<title>Garda de Mediu d\u0103 vina pe sarea \u0219i nisipul folosite acum o lun\u0103 pentru poluarea din Capital\u0103 - Buletin de Bucure\u0219ti<\/title>\n<meta name=\"description\" content=\"Garda de Mediu a anun\u021bat c\u0103 poluarea din Capital\u0103 este datorat\u0103 materialului antiderapant (sarea \u0219i nisipul) folosit \u00een acest sezon rece.\" \/>\n<meta name=\"robots\" content=\"index, follow, max-snippet:-1, max-image-preview:large, max-video-preview:-1\" \/>\n<link rel=\"canonical\" href=\"https:\/\/buletin.de\/bucuresti\/garda-de-mediu-da-vina-pe-sarea-si-nisipul-folosite-acum-o-luna-pentru-poluarea-din-capitala\/\" \/>\n<meta property=\"og:locale\" content=\"en_GB\" \/>\n<meta property=\"og:type\" content=\"article\" \/>\n<meta property=\"og:title\" content=\"Garda de Mediu d\u0103 vina pe sarea \u0219i nisipul folosite acum o lun\u0103 pentru poluarea din Capital\u0103\" \/>\n<meta property=\"og:description\" content=\"Garda de Mediu a anun\u021bat c\u0103 poluarea din Capital\u0103 este datorat\u0103 materialului antiderapant (sarea \u0219i nisipul) folosit \u00een acest sezon rece.\" \/>\n<meta property=\"og:url\" content=\"https:\/\/buletin.de\/bucuresti\/garda-de-mediu-da-vina-pe-sarea-si-nisipul-folosite-acum-o-luna-pentru-poluarea-din-capitala\/\" \/>\n<meta property=\"og:site_name\" content=\"Buletin de Bucure\u0219ti\" \/>\n<meta property=\"article:publisher\" content=\"https:\/\/www.facebook.com\/buletin.de.buc\" \/>\n<meta property=\"article:published_time\" content=\"2026-03-18T12:42:56+00:00\" \/>\n<meta property=\"article:modified_time\" content=\"2026-03-18T13:26:46+00:00\" \/>\n<meta property=\"og:image\" content=\"https:\/\/buletin.de\/bucuresti\/wp-content\/uploads\/2026\/03\/654441099_1398406765650635_2397128777997425063_n.jpg\" \/>\n\t<meta property=\"og:image:width\" content=\"1920\" \/>\n\t<meta property=\"og:image:height\" content=\"1080\" \/>\n\t<meta property=\"og:image:type\" content=\"image\/jpeg\" \/>\n<meta name=\"author\" content=\"Deniz Garguli\" \/>\n<meta name=\"twitter:card\" content=\"summary_large_image\" \/>\n<meta name=\"twitter:label1\" content=\"Written by\" \/>\n\t<meta name=\"twitter:data1\" content=\"Deniz Garguli\" \/>\n\t<meta name=\"twitter:label2\" content=\"Estimated reading time\" \/>\n\t<meta name=\"twitter:data2\" content=\"4 minutes\" \/>\n<script type=\"application\/ld+json\" class=\"yoast-schema-graph\">{\"@context\":\"https:\\\/\\\/schema.org\",\"@graph\":[{\"@type\":\"Article\",\"@id\":\"https:\\\/\\\/buletin.de\\\/bucuresti\\\/garda-de-mediu-da-vina-pe-sarea-si-nisipul-folosite-acum-o-luna-pentru-poluarea-din-capitala\\\/#article\",\"isPartOf\":{\"@id\":\"https:\\\/\\\/buletin.de\\\/bucuresti\\\/garda-de-mediu-da-vina-pe-sarea-si-nisipul-folosite-acum-o-luna-pentru-poluarea-din-capitala\\\/\"},\"author\":{\"name\":\"Deniz Garguli\",\"@id\":\"https:\\\/\\\/buletin.de\\\/bucuresti\\\/#\\\/schema\\\/person\\\/8badd0805392c02e16b744e0d5cd3625\"},\"headline\":\"Garda de Mediu d\u0103 vina pe sarea \u0219i nisipul folosite acum o lun\u0103 pentru poluarea din Capital\u0103\",\"datePublished\":\"2026-03-18T12:42:56+00:00\",\"dateModified\":\"2026-03-18T13:26:46+00:00\",\"mainEntityOfPage\":{\"@id\":\"https:\\\/\\\/buletin.de\\\/bucuresti\\\/garda-de-mediu-da-vina-pe-sarea-si-nisipul-folosite-acum-o-luna-pentru-poluarea-din-capitala\\\/\"},\"wordCount\":837,\"publisher\":{\"@id\":\"https:\\\/\\\/buletin.de\\\/bucuresti\\\/#organization\"},\"image\":{\"@id\":\"https:\\\/\\\/buletin.de\\\/bucuresti\\\/garda-de-mediu-da-vina-pe-sarea-si-nisipul-folosite-acum-o-luna-pentru-poluarea-din-capitala\\\/#primaryimage\"},\"thumbnailUrl\":\"https:\\\/\\\/buletin.de\\\/bucuresti\\\/wp-content\\\/uploads\\\/2026\\\/03\\\/654441099_1398406765650635_2397128777997425063_n.jpg\",\"keywords\":[\"aerlive\",\"controale\",\"garda de mediu\",\"material antiderapant\",\"poluare Bucure\u0219ti\"],\"articleSection\":[\"Articole\",\"Main\",\"Mediu\"],\"inLanguage\":\"en-GB\",\"copyrightYear\":\"2026\",\"copyrightHolder\":{\"@id\":\"https:\\\/\\\/buletin.de\\\/bucuresti\\\/#organization\"}},{\"@type\":\"WebPage\",\"@id\":\"https:\\\/\\\/buletin.de\\\/bucuresti\\\/garda-de-mediu-da-vina-pe-sarea-si-nisipul-folosite-acum-o-luna-pentru-poluarea-din-capitala\\\/\",\"url\":\"https:\\\/\\\/buletin.de\\\/bucuresti\\\/garda-de-mediu-da-vina-pe-sarea-si-nisipul-folosite-acum-o-luna-pentru-poluarea-din-capitala\\\/\",\"name\":\"Garda de Mediu d\u0103 vina pe sarea \u0219i nisipul folosite acum o lun\u0103 pentru poluarea din Capital\u0103 - Buletin de Bucure\u0219ti\",\"isPartOf\":{\"@id\":\"https:\\\/\\\/buletin.de\\\/bucuresti\\\/#website\"},\"primaryImageOfPage\":{\"@id\":\"https:\\\/\\\/buletin.de\\\/bucuresti\\\/garda-de-mediu-da-vina-pe-sarea-si-nisipul-folosite-acum-o-luna-pentru-poluarea-din-capitala\\\/#primaryimage\"},\"image\":{\"@id\":\"https:\\\/\\\/buletin.de\\\/bucuresti\\\/garda-de-mediu-da-vina-pe-sarea-si-nisipul-folosite-acum-o-luna-pentru-poluarea-din-capitala\\\/#primaryimage\"},\"thumbnailUrl\":\"https:\\\/\\\/buletin.de\\\/bucuresti\\\/wp-content\\\/uploads\\\/2026\\\/03\\\/654441099_1398406765650635_2397128777997425063_n.jpg\",\"datePublished\":\"2026-03-18T12:42:56+00:00\",\"dateModified\":\"2026-03-18T13:26:46+00:00\",\"description\":\"Garda de Mediu a anun\u021bat c\u0103 poluarea din Capital\u0103 este datorat\u0103 materialului antiderapant (sarea \u0219i nisipul) folosit \u00een acest sezon rece.\",\"breadcrumb\":{\"@id\":\"https:\\\/\\\/buletin.de\\\/bucuresti\\\/garda-de-mediu-da-vina-pe-sarea-si-nisipul-folosite-acum-o-luna-pentru-poluarea-din-capitala\\\/#breadcrumb\"},\"inLanguage\":\"en-GB\",\"potentialAction\":[{\"@type\":\"ReadAction\",\"target\":[\"https:\\\/\\\/buletin.de\\\/bucuresti\\\/garda-de-mediu-da-vina-pe-sarea-si-nisipul-folosite-acum-o-luna-pentru-poluarea-din-capitala\\\/\"]}]},{\"@type\":\"ImageObject\",\"inLanguage\":\"en-GB\",\"@id\":\"https:\\\/\\\/buletin.de\\\/bucuresti\\\/garda-de-mediu-da-vina-pe-sarea-si-nisipul-folosite-acum-o-luna-pentru-poluarea-din-capitala\\\/#primaryimage\",\"url\":\"https:\\\/\\\/buletin.de\\\/bucuresti\\\/wp-content\\\/uploads\\\/2026\\\/03\\\/654441099_1398406765650635_2397128777997425063_n.jpg\",\"contentUrl\":\"https:\\\/\\\/buletin.de\\\/bucuresti\\\/wp-content\\\/uploads\\\/2026\\\/03\\\/654441099_1398406765650635_2397128777997425063_n.jpg\",\"width\":1920,\"height\":1080,\"caption\":\"Garda de Mediu d\u0103 vina pe sarea \u0219i nisipul folosite acum o lun\u0103 pentru poluarea din Capital\u0103 . FOTO: Garda de Mediu\\\/FB\"},{\"@type\":\"BreadcrumbList\",\"@id\":\"https:\\\/\\\/buletin.de\\\/bucuresti\\\/garda-de-mediu-da-vina-pe-sarea-si-nisipul-folosite-acum-o-luna-pentru-poluarea-din-capitala\\\/#breadcrumb\",\"itemListElement\":[{\"@type\":\"ListItem\",\"position\":1,\"name\":\"Acas\u0103\",\"item\":\"https:\\\/\\\/buletin.de\\\/bucuresti\\\/\"},{\"@type\":\"ListItem\",\"position\":2,\"name\":\"Garda de Mediu d\u0103 vina pe sarea \u0219i nisipul folosite acum o lun\u0103 pentru poluarea din Capital\u0103\"}]},{\"@type\":\"WebSite\",\"@id\":\"https:\\\/\\\/buletin.de\\\/bucuresti\\\/#website\",\"url\":\"https:\\\/\\\/buletin.de\\\/bucuresti\\\/\",\"name\":\"Buletin de Bucure\u0219ti\",\"description\":\"\u0218tiri \u0219i investiga\u021bii esen\u021biale din capital\u0103\",\"publisher\":{\"@id\":\"https:\\\/\\\/buletin.de\\\/bucuresti\\\/#organization\"},\"potentialAction\":[{\"@type\":\"SearchAction\",\"target\":{\"@type\":\"EntryPoint\",\"urlTemplate\":\"https:\\\/\\\/buletin.de\\\/bucuresti\\\/?s={search_term_string}\"},\"query-input\":{\"@type\":\"PropertyValueSpecification\",\"valueRequired\":true,\"valueName\":\"search_term_string\"}}],\"inLanguage\":\"en-GB\"},{\"@type\":\"Organization\",\"@id\":\"https:\\\/\\\/buletin.de\\\/bucuresti\\\/#organization\",\"name\":\"Buletin de Bucure\u0219ti\",\"url\":\"https:\\\/\\\/buletin.de\\\/bucuresti\\\/\",\"logo\":{\"@type\":\"ImageObject\",\"inLanguage\":\"en-GB\",\"@id\":\"https:\\\/\\\/buletin.de\\\/bucuresti\\\/#\\\/schema\\\/logo\\\/image\\\/\",\"url\":\"https:\\\/\\\/buletin.de\\\/bucuresti\\\/wp-content\\\/uploads\\\/logo-bdb-full-wide-vernil-transparent.png\",\"contentUrl\":\"https:\\\/\\\/buletin.de\\\/bucuresti\\\/wp-content\\\/uploads\\\/logo-bdb-full-wide-vernil-transparent.png\",\"width\":1782,\"height\":626,\"caption\":\"Buletin de Bucure\u0219ti\"},\"image\":{\"@id\":\"https:\\\/\\\/buletin.de\\\/bucuresti\\\/#\\\/schema\\\/logo\\\/image\\\/\"},\"sameAs\":[\"https:\\\/\\\/www.facebook.com\\\/buletin.de.buc\",\"https:\\\/\\\/www.instagram.com\\\/buletinde.bucuresti\\\/\"]},{\"@type\":\"Person\",\"@id\":\"https:\\\/\\\/buletin.de\\\/bucuresti\\\/#\\\/schema\\\/person\\\/8badd0805392c02e16b744e0d5cd3625\",\"name\":\"Deniz Garguli\",\"image\":{\"@type\":\"ImageObject\",\"inLanguage\":\"en-GB\",\"@id\":\"https:\\\/\\\/buletin.de\\\/bucuresti\\\/wp-content\\\/uploads\\\/2026\\\/01\\\/79b44b20-a270-4ee6-afb3-fdf3c7ef7782-96x96.jpege2491ce6d396dbf7c1362e9ef046c803\",\"url\":\"https:\\\/\\\/buletin.de\\\/bucuresti\\\/wp-content\\\/uploads\\\/2026\\\/01\\\/79b44b20-a270-4ee6-afb3-fdf3c7ef7782-96x96.jpeg\",\"contentUrl\":\"https:\\\/\\\/buletin.de\\\/bucuresti\\\/wp-content\\\/uploads\\\/2026\\\/01\\\/79b44b20-a270-4ee6-afb3-fdf3c7ef7782-96x96.jpeg\",\"caption\":\"Deniz Garguli\"},\"description\":\"N\u0103scut\u0103 \u0219i crescut\u0103 \u00een Capital\u0103, dorin\u021ba de a fi la curent cu tot ce se \u00eent\u00e2mpl\u0103 \u00een Bucure\u0219ti a \u00eempins-o c\u0103tre pres\u0103, mai cu seam\u0103 c\u0103tre cea local\u0103. A lucrat vreme de patru ani la B365, unde s-a ocupat de \u0219tiri despre ora\u0219 \u0219i oamenii care locuiesc \u00een el. Din 2026 s-a al\u0103turat echipei Buletin de Bucure\u0219ti.\",\"url\":\"https:\\\/\\\/buletin.de\\\/bucuresti\\\/author\\\/deniz-garguli\\\/\"}]}<\/script>\n<!-- \/ Yoast SEO Premium plugin. -->","yoast_head_json":{"title":"Garda de Mediu d\u0103 vina pe sarea \u0219i nisipul folosite acum o lun\u0103 pentru poluarea din Capital\u0103 - Buletin de Bucure\u0219ti","description":"Garda de Mediu a anun\u021bat c\u0103 poluarea din Capital\u0103 este datorat\u0103 materialului antiderapant (sarea \u0219i nisipul) folosit \u00een acest sezon rece.","robots":{"index":"index","follow":"follow","max-snippet":"max-snippet:-1","max-image-preview":"max-image-preview:large","max-video-preview":"max-video-preview:-1"},"canonical":"https:\/\/buletin.de\/bucuresti\/garda-de-mediu-da-vina-pe-sarea-si-nisipul-folosite-acum-o-luna-pentru-poluarea-din-capitala\/","og_locale":"en_GB","og_type":"article","og_title":"Garda de Mediu d\u0103 vina pe sarea \u0219i nisipul folosite acum o lun\u0103 pentru poluarea din Capital\u0103","og_description":"Garda de Mediu a anun\u021bat c\u0103 poluarea din Capital\u0103 este datorat\u0103 materialului antiderapant (sarea \u0219i nisipul) folosit \u00een acest sezon rece.","og_url":"https:\/\/buletin.de\/bucuresti\/garda-de-mediu-da-vina-pe-sarea-si-nisipul-folosite-acum-o-luna-pentru-poluarea-din-capitala\/","og_site_name":"Buletin de Bucure\u0219ti","article_publisher":"https:\/\/www.facebook.com\/buletin.de.buc","article_published_time":"2026-03-18T12:42:56+00:00","article_modified_time":"2026-03-18T13:26:46+00:00","og_image":[{"width":1920,"height":1080,"url":"https:\/\/buletin.de\/bucuresti\/wp-content\/uploads\/2026\/03\/654441099_1398406765650635_2397128777997425063_n.jpg","type":"image\/jpeg"}],"author":"Deniz Garguli","twitter_card":"summary_large_image","twitter_misc":{"Written by":"Deniz Garguli","Estimated reading time":"4 minutes"},"schema":{"@context":"https:\/\/schema.org","@graph":[{"@type":"Article","@id":"https:\/\/buletin.de\/bucuresti\/garda-de-mediu-da-vina-pe-sarea-si-nisipul-folosite-acum-o-luna-pentru-poluarea-din-capitala\/#article","isPartOf":{"@id":"https:\/\/buletin.de\/bucuresti\/garda-de-mediu-da-vina-pe-sarea-si-nisipul-folosite-acum-o-luna-pentru-poluarea-din-capitala\/"},"author":{"name":"Deniz Garguli","@id":"https:\/\/buletin.de\/bucuresti\/#\/schema\/person\/8badd0805392c02e16b744e0d5cd3625"},"headline":"Garda de Mediu d\u0103 vina pe sarea \u0219i nisipul folosite acum o lun\u0103 pentru poluarea din Capital\u0103","datePublished":"2026-03-18T12:42:56+00:00","dateModified":"2026-03-18T13:26:46+00:00","mainEntityOfPage":{"@id":"https:\/\/buletin.de\/bucuresti\/garda-de-mediu-da-vina-pe-sarea-si-nisipul-folosite-acum-o-luna-pentru-poluarea-din-capitala\/"},"wordCount":837,"publisher":{"@id":"https:\/\/buletin.de\/bucuresti\/#organization"},"image":{"@id":"https:\/\/buletin.de\/bucuresti\/garda-de-mediu-da-vina-pe-sarea-si-nisipul-folosite-acum-o-luna-pentru-poluarea-din-capitala\/#primaryimage"},"thumbnailUrl":"https:\/\/buletin.de\/bucuresti\/wp-content\/uploads\/2026\/03\/654441099_1398406765650635_2397128777997425063_n.jpg","keywords":["aerlive","controale","garda de mediu","material antiderapant","poluare Bucure\u0219ti"],"articleSection":["Articole","Main","Mediu"],"inLanguage":"en-GB","copyrightYear":"2026","copyrightHolder":{"@id":"https:\/\/buletin.de\/bucuresti\/#organization"}},{"@type":"WebPage","@id":"https:\/\/buletin.de\/bucuresti\/garda-de-mediu-da-vina-pe-sarea-si-nisipul-folosite-acum-o-luna-pentru-poluarea-din-capitala\/","url":"https:\/\/buletin.de\/bucuresti\/garda-de-mediu-da-vina-pe-sarea-si-nisipul-folosite-acum-o-luna-pentru-poluarea-din-capitala\/","name":"Garda de Mediu d\u0103 vina pe sarea \u0219i nisipul folosite acum o lun\u0103 pentru poluarea din Capital\u0103 - Buletin de Bucure\u0219ti","isPartOf":{"@id":"https:\/\/buletin.de\/bucuresti\/#website"},"primaryImageOfPage":{"@id":"https:\/\/buletin.de\/bucuresti\/garda-de-mediu-da-vina-pe-sarea-si-nisipul-folosite-acum-o-luna-pentru-poluarea-din-capitala\/#primaryimage"},"image":{"@id":"https:\/\/buletin.de\/bucuresti\/garda-de-mediu-da-vina-pe-sarea-si-nisipul-folosite-acum-o-luna-pentru-poluarea-din-capitala\/#primaryimage"},"thumbnailUrl":"https:\/\/buletin.de\/bucuresti\/wp-content\/uploads\/2026\/03\/654441099_1398406765650635_2397128777997425063_n.jpg","datePublished":"2026-03-18T12:42:56+00:00","dateModified":"2026-03-18T13:26:46+00:00","description":"Garda de Mediu a anun\u021bat c\u0103 poluarea din Capital\u0103 este datorat\u0103 materialului antiderapant (sarea \u0219i nisipul) folosit \u00een acest sezon rece.","breadcrumb":{"@id":"https:\/\/buletin.de\/bucuresti\/garda-de-mediu-da-vina-pe-sarea-si-nisipul-folosite-acum-o-luna-pentru-poluarea-din-capitala\/#breadcrumb"},"inLanguage":"en-GB","potentialAction":[{"@type":"ReadAction","target":["https:\/\/buletin.de\/bucuresti\/garda-de-mediu-da-vina-pe-sarea-si-nisipul-folosite-acum-o-luna-pentru-poluarea-din-capitala\/"]}]},{"@type":"ImageObject","inLanguage":"en-GB","@id":"https:\/\/buletin.de\/bucuresti\/garda-de-mediu-da-vina-pe-sarea-si-nisipul-folosite-acum-o-luna-pentru-poluarea-din-capitala\/#primaryimage","url":"https:\/\/buletin.de\/bucuresti\/wp-content\/uploads\/2026\/03\/654441099_1398406765650635_2397128777997425063_n.jpg","contentUrl":"https:\/\/buletin.de\/bucuresti\/wp-content\/uploads\/2026\/03\/654441099_1398406765650635_2397128777997425063_n.jpg","width":1920,"height":1080,"caption":"Garda de Mediu d\u0103 vina pe sarea \u0219i nisipul folosite acum o lun\u0103 pentru poluarea din Capital\u0103 . FOTO: Garda de Mediu\/FB"},{"@type":"BreadcrumbList","@id":"https:\/\/buletin.de\/bucuresti\/garda-de-mediu-da-vina-pe-sarea-si-nisipul-folosite-acum-o-luna-pentru-poluarea-din-capitala\/#breadcrumb","itemListElement":[{"@type":"ListItem","position":1,"name":"Acas\u0103","item":"https:\/\/buletin.de\/bucuresti\/"},{"@type":"ListItem","position":2,"name":"Garda de Mediu d\u0103 vina pe sarea \u0219i nisipul folosite acum o lun\u0103 pentru poluarea din Capital\u0103"}]},{"@type":"WebSite","@id":"https:\/\/buletin.de\/bucuresti\/#website","url":"https:\/\/buletin.de\/bucuresti\/","name":"Buletin de Bucure\u0219ti","description":"\u0218tiri \u0219i investiga\u021bii esen\u021biale din capital\u0103","publisher":{"@id":"https:\/\/buletin.de\/bucuresti\/#organization"},"potentialAction":[{"@type":"SearchAction","target":{"@type":"EntryPoint","urlTemplate":"https:\/\/buletin.de\/bucuresti\/?s={search_term_string}"},"query-input":{"@type":"PropertyValueSpecification","valueRequired":true,"valueName":"search_term_string"}}],"inLanguage":"en-GB"},{"@type":"Organization","@id":"https:\/\/buletin.de\/bucuresti\/#organization","name":"Buletin de Bucure\u0219ti","url":"https:\/\/buletin.de\/bucuresti\/","logo":{"@type":"ImageObject","inLanguage":"en-GB","@id":"https:\/\/buletin.de\/bucuresti\/#\/schema\/logo\/image\/","url":"https:\/\/buletin.de\/bucuresti\/wp-content\/uploads\/logo-bdb-full-wide-vernil-transparent.png","contentUrl":"https:\/\/buletin.de\/bucuresti\/wp-content\/uploads\/logo-bdb-full-wide-vernil-transparent.png","width":1782,"height":626,"caption":"Buletin de Bucure\u0219ti"},"image":{"@id":"https:\/\/buletin.de\/bucuresti\/#\/schema\/logo\/image\/"},"sameAs":["https:\/\/www.facebook.com\/buletin.de.buc","https:\/\/www.instagram.com\/buletinde.bucuresti\/"]},{"@type":"Person","@id":"https:\/\/buletin.de\/bucuresti\/#\/schema\/person\/8badd0805392c02e16b744e0d5cd3625","name":"Deniz Garguli","image":{"@type":"ImageObject","inLanguage":"en-GB","@id":"https:\/\/buletin.de\/bucuresti\/wp-content\/uploads\/2026\/01\/79b44b20-a270-4ee6-afb3-fdf3c7ef7782-96x96.jpege2491ce6d396dbf7c1362e9ef046c803","url":"https:\/\/buletin.de\/bucuresti\/wp-content\/uploads\/2026\/01\/79b44b20-a270-4ee6-afb3-fdf3c7ef7782-96x96.jpeg","contentUrl":"https:\/\/buletin.de\/bucuresti\/wp-content\/uploads\/2026\/01\/79b44b20-a270-4ee6-afb3-fdf3c7ef7782-96x96.jpeg","caption":"Deniz Garguli"},"description":"N\u0103scut\u0103 \u0219i crescut\u0103 \u00een Capital\u0103, dorin\u021ba de a fi la curent cu tot ce se \u00eent\u00e2mpl\u0103 \u00een Bucure\u0219ti a \u00eempins-o c\u0103tre pres\u0103, mai cu seam\u0103 c\u0103tre cea local\u0103. A lucrat vreme de patru ani la B365, unde s-a ocupat de \u0219tiri despre ora\u0219 \u0219i oamenii care locuiesc \u00een el. Din 2026 s-a al\u0103turat echipei Buletin de Bucure\u0219ti.","url":"https:\/\/buletin.de\/bucuresti\/author\/deniz-garguli\/"}]}},"authors":[{"term_id":26103,"user_id":66,"is_guest":0,"slug":"deniz-garguli","display_name":"Deniz Garguli","avatar_url":"https:\/\/buletin.de\/bucuresti\/wp-content\/uploads\/2026\/01\/79b44b20-a270-4ee6-afb3-fdf3c7ef7782-96x96.jpeg","0":null,"1":"","2":"","3":"","4":"","5":"","6":"","7":"","8":""}],"_links":{"self":[{"href":"https:\/\/buletin.de\/bucuresti\/wp-json\/wp\/v2\/posts\/181337","targetHints":{"allow":["GET"]}}],"collection":[{"href":"https:\/\/buletin.de\/bucuresti\/wp-json\/wp\/v2\/posts"}],"about":[{"href":"https:\/\/buletin.de\/bucuresti\/wp-json\/wp\/v2\/types\/post"}],"author":[{"embeddable":true,"href":"https:\/\/buletin.de\/bucuresti\/wp-json\/wp\/v2\/users\/66"}],"replies":[{"embeddable":true,"href":"https:\/\/buletin.de\/bucuresti\/wp-json\/wp\/v2\/comments?post=181337"}],"version-history":[{"count":6,"href":"https:\/\/buletin.de\/bucuresti\/wp-json\/wp\/v2\/posts\/181337\/revisions"}],"predecessor-version":[{"id":181381,"href":"https:\/\/buletin.de\/bucuresti\/wp-json\/wp\/v2\/posts\/181337\/revisions\/181381"}],"wp:featuredmedia":[{"embeddable":true,"href":"https:\/\/buletin.de\/bucuresti\/wp-json\/wp\/v2\/media\/181364"}],"wp:attachment":[{"href":"https:\/\/buletin.de\/bucuresti\/wp-json\/wp\/v2\/media?parent=181337"}],"wp:term":[{"taxonomy":"category","embeddable":true,"href":"https:\/\/buletin.de\/bucuresti\/wp-json\/wp\/v2\/categories?post=181337"},{"taxonomy":"post_tag","embeddable":true,"href":"https:\/\/buletin.de\/bucuresti\/wp-json\/wp\/v2\/tags?post=181337"},{"taxonomy":"author","embeddable":true,"href":"https:\/\/buletin.de\/bucuresti\/wp-json\/wp\/v2\/ppma_author?post=181337"}],"curies":[{"name":"wp","href":"https:\/\/api.w.org\/{rel}","templated":true}]}}