{"id":181325,"date":"2026-03-18T14:31:19","date_gmt":"2026-03-18T11:31:19","guid":{"rendered":"https:\/\/buletin.de\/bucuresti\/?p=181325"},"modified":"2026-03-18T18:06:30","modified_gmt":"2026-03-18T15:06:30","slug":"doua-blocuri-de-14-etaje-cu-peste-200-de-apartamente-se-vor-construi-pe-barbu-vacarescu","status":"publish","type":"post","link":"https:\/\/buletin.de\/bucuresti\/doua-blocuri-de-14-etaje-cu-peste-200-de-apartamente-se-vor-construi-pe-barbu-vacarescu\/","title":{"rendered":"Dou\u0103 blocuri de 14 etaje, cu peste 200 de apartamente, se vor construi pe Barbu V\u0103c\u0103rescu"},"content":{"rendered":"\n<p><strong>Compania One United Properties<\/strong> <strong>are \u00een plan construirea unui proiect reziden\u021bial cu 221 de apartamente \u00een dou\u0103 blocuri de 14 etaje, scrie <a href=\"https:\/\/www.economica.net\/one-united-properties-a-cumparat-un-teren-in-floreasca-pentru-apartamente-de-135-de-milioane-de-euro_923682.html\" type=\"link\" id=\"https:\/\/www.economica.net\/one-united-properties-a-cumparat-un-teren-in-floreasca-pentru-apartamente-de-135-de-milioane-de-euro_923682.html\" target=\"_blank\" rel=\"noreferrer noopener\">Economica.net<\/a>. Compania a anun\u021bat achizi\u021bia unui teren de 9.000 de metri p\u0103tra\u021bi pe strada Barbu V\u0103c\u0103rescu nr. 241\u2013273, peste drum de Pescariu Sports &amp; Spa.<\/strong><\/p>\n\n\n\n<p>Valoarea brut\u0103 de dezvoltare (GDV) a One Floreasca Sunset este de <strong>135 de milioane de euro. <\/strong>Finalizarea proiectului este estimat\u0103 pentru anul<strong> 2028. <\/strong><\/p>\n\n\n\n<p>Compania a anun\u021bat c\u0103 lucr\u0103rile de construc\u021bie \u0219i procesul de v\u00e2nzare vor \u00eencepe \u00een cursul acestui an.<\/p>\n\n\n\n<h2 class=\"wp-block-heading\" id=\"h-doua-blocuri-de-14-etaje-\u0219i-peste-200-de-apartamente-planificate-pe-barbu-vacarescu\">Dou\u0103 blocuri de 14 etaje \u0219i peste 200 de apartamente, planificate pe Barbu V\u0103c\u0103rescu <\/h2>\n\n\n\n<p>Terenul are autoriza\u021bie de construire, fiind autorizat prin firma Sunset Lake Investi\u021bi, ai c\u0103rei ac\u021bionari sunt dou\u0103 off-shore-uri \u0219i Lucian Tutunic\u0103, potrivit datelor consultate de Economica.net.<\/p>\n\n\n\n<p>Anul trecut, One United Properties a \u00eenregistrat afaceri consolidate de 1,4 miliarde de lei. \u00cen 2025, compania s-a concentrat pe v\u00e2nzarea locuin\u021belor din proiectele aflate \u00een dezvoltare. Potrivit reprezentan\u021bilor companiei, anul acesta se mizeaz\u0103 pe noile lans\u0103ri. <\/p>\n\n\n\n<p>Dezvoltatorul avea \u00een construc\u021bie 3.655 de apartamente la sf\u00e2r\u0219itul anului trecut, precum \u0219i 45.500 de metri p\u0103tra\u021bi de birouri \u0219i comerciale. Valoarea total\u0103 brut\u0103 de dezvoltare (GDV) pentru aceste dezvolt\u0103ri este de peste <strong>1,4 miliarde de euro. <\/strong><\/p>\n\n\n\n<p><strong>Cite\u0219te mai multe detalii pe <a href=\"https:\/\/www.economica.net\/one-united-properties-a-cumparat-un-teren-in-floreasca-pentru-apartamente-de-135-de-milioane-de-euro_923682.html\" type=\"link\" id=\"https:\/\/www.economica.net\/one-united-properties-a-cumparat-un-teren-in-floreasca-pentru-apartamente-de-135-de-milioane-de-euro_923682.html\" target=\"_blank\" rel=\"noreferrer noopener\">Economica.net. <\/a><\/strong><\/p>\n\n\n\n<h2 class=\"wp-block-heading\" id=\"h-complex-de-blocuri-cu-sute-de-apartamente-in-centrul-bucure\u0219tiului\">Complex de blocuri cu sute de apartamente, \u00een centrul Bucure\u0219tiului <\/h2>\n\n\n\n<p>\u00cen centrul Capitalei, \u00een zona Pie\u021bei Alba Iulia, \u00een imediata apropiere a Bucure\u0219ti Mall, se construie\u0219te un complex de blocuri. Compania Cordia Rom\u00e2nia, membr\u0103 a grupului Futureal, <a href=\"https:\/\/buletin.de\/bucuresti\/un-nou-complex-de-blocuri-cu-sute-de-apartamente-se-construieste-in-centrul-capitalei\/\" type=\"link\" id=\"https:\/\/buletin.de\/bucuresti\/un-nou-complex-de-blocuri-cu-sute-de-apartamente-se-construieste-in-centrul-capitalei\/\" target=\"_blank\" rel=\"noreferrer noopener\">a demarat lucr\u0103rile pentru Centropolitan<\/a>, pentru care a fost emis\u0103 autoriza\u021bia de construire.<\/p>\n\n\n\n<p>Terenul are o suprafa\u021b\u0103 de <strong>8.179 de metri p\u0103tra\u021bi<\/strong> \u0219i a fost achizi\u021bionat de Bog\u2019Art Place. Proiectul reziden\u021bial construit \u00een zon\u0103 va include <strong>274 de apartamente<\/strong> cu una p\u00e2n\u0103 la cinci camere, dar \u0219i 3.345 mp de spa\u021bii comerciale integrate.<\/p>\n\n\n\n<p>\u00cen acela\u0219i timp, va dispune \u0219i de facilit\u0103\u021bi pentru reziden\u021bi, cu aproximativ 350 de metri p\u0103tra\u021bi de spa\u021bii dedicate, precum spa\u021bii pentru copii \u0219i adolescen\u021bi, zone de lucru \u0219i facilit\u0103\u021bi pentru activit\u0103\u021bi sportive. <\/p>\n\n\n\n<p>CITE\u0218TE \u0218I <a href=\"https:\/\/buletin.de\/bucuresti\/un-nou-drum-de-doua-minute-uitat-la-proiectarea-autostrazii-bucuresti-apare-langa-otopeni-infrastructura-din-nordul-capitalei-inca-asteapta-finantari-externe\/\">Un nou drum de \u201edou\u0103 minute\u201d, uitat la proiectarea Autostr\u0103zii Bucure\u0219ti, apare l\u00e2ng\u0103 Otopeni. Infrastructura din Nordu<\/a><a href=\"https:\/\/buletin.de\/bucuresti\/un-nou-drum-de-doua-minute-uitat-la-proiectarea-autostrazii-bucuresti-apare-langa-otopeni-infrastructura-din-nordul-capitalei-inca-asteapta-finantari-externe\/\" target=\"_blank\" rel=\"noreferrer noopener\">l<\/a><a href=\"https:\/\/buletin.de\/bucuresti\/un-nou-drum-de-doua-minute-uitat-la-proiectarea-autostrazii-bucuresti-apare-langa-otopeni-infrastructura-din-nordul-capitalei-inca-asteapta-finantari-externe\/\"> Capitalei \u00eenc\u0103 a\u0219teapt\u0103 finan\u021b\u0103ri externe<\/a><\/p>\n","protected":false},"excerpt":{"rendered":"<p>Compania One United Properties are \u00een plan construirea unui proiect reziden\u021bial cu 221 de apartamente \u00een dou\u0103 blocuri de 14 etaje, scrie Economica.net. Compania a anun\u021bat achizi\u021bia unui teren de 9.000 de metri p\u0103tra\u021bi pe strada Barbu V\u0103c\u0103rescu nr. 241\u2013273, peste drum de Pescariu Sports &amp; Spa. Valoarea brut\u0103 de dezvoltare (GDV) a One Floreasca [&hellip;]<\/p>\n","protected":false},"author":65,"featured_media":181353,"comment_status":"closed","ping_status":"open","sticky":false,"template":"","format":"standard","meta":{"_acf_changed":false,"inline_featured_image":false,"ngg_post_thumbnail":0,"footnotes":""},"categories":[6994,1,5762],"tags":[11851,27155,246,18618],"ppma_author":[23912],"class_list":["post-181325","post","type-post","status-publish","format-standard","has-post-thumbnail","hentry","category-stiri-2","category-diverse","category-main","tag-apartamente","tag-barbu-vacarescu","tag-blocuri","tag-rezidential"],"acf":[],"yoast_head":"<!-- This site is optimized with the Yoast SEO Premium plugin v25.3 (Yoast SEO v27.5) - https:\/\/yoast.com\/product\/yoast-seo-premium-wordpress\/ -->\n<title>Dou\u0103 blocuri de 14 etaje, cu peste 200 de apartamente, se vor construi pe Barbu V\u0103c\u0103rescu - Buletin de Bucure\u0219ti<\/title>\n<meta name=\"description\" content=\"Compania One United Proprietes are \u00een plan construirea unui proiect reziden\u021bial cu 221 de apartamente \u00een dou\u0103 blocuri de 14 etaje\" \/>\n<meta name=\"robots\" content=\"index, follow, max-snippet:-1, max-image-preview:large, max-video-preview:-1\" \/>\n<link rel=\"canonical\" href=\"https:\/\/buletin.de\/bucuresti\/doua-blocuri-de-14-etaje-cu-peste-200-de-apartamente-se-vor-construi-pe-barbu-vacarescu\/\" \/>\n<meta property=\"og:locale\" content=\"en_GB\" \/>\n<meta property=\"og:type\" content=\"article\" \/>\n<meta property=\"og:title\" content=\"Dou\u0103 blocuri de 14 etaje, cu peste 200 de apartamente, se vor construi pe Barbu V\u0103c\u0103rescu\" \/>\n<meta property=\"og:description\" content=\"Compania One United Proprietes are \u00een plan construirea unui proiect reziden\u021bial cu 221 de apartamente \u00een dou\u0103 blocuri de 14 etaje\" \/>\n<meta property=\"og:url\" content=\"https:\/\/buletin.de\/bucuresti\/doua-blocuri-de-14-etaje-cu-peste-200-de-apartamente-se-vor-construi-pe-barbu-vacarescu\/\" \/>\n<meta property=\"og:site_name\" content=\"Buletin de Bucure\u0219ti\" \/>\n<meta property=\"article:publisher\" content=\"https:\/\/www.facebook.com\/buletin.de.buc\" \/>\n<meta property=\"article:published_time\" content=\"2026-03-18T11:31:19+00:00\" \/>\n<meta property=\"article:modified_time\" content=\"2026-03-18T15:06:30+00:00\" \/>\n<meta property=\"og:image\" content=\"https:\/\/buletin.de\/bucuresti\/wp-content\/uploads\/2026\/03\/Doua-blocuri-de-14-etaje-Barbu-Vacarescu.jpg\" \/>\n\t<meta property=\"og:image:width\" content=\"1200\" \/>\n\t<meta property=\"og:image:height\" content=\"661\" \/>\n\t<meta property=\"og:image:type\" content=\"image\/jpeg\" \/>\n<meta name=\"author\" content=\"Andreea St\u0103n\u0103r\u00eeng\u0103\" \/>\n<meta name=\"twitter:card\" content=\"summary_large_image\" \/>\n<meta name=\"twitter:label1\" content=\"Written by\" \/>\n\t<meta name=\"twitter:data1\" content=\"Andreea St\u0103n\u0103r\u00eeng\u0103\" \/>\n\t<meta name=\"twitter:label2\" content=\"Estimated reading time\" \/>\n\t<meta name=\"twitter:data2\" content=\"2 minutes\" \/>\n<script type=\"application\/ld+json\" class=\"yoast-schema-graph\">{\"@context\":\"https:\\\/\\\/schema.org\",\"@graph\":[{\"@type\":\"Article\",\"@id\":\"https:\\\/\\\/buletin.de\\\/bucuresti\\\/doua-blocuri-de-14-etaje-cu-peste-200-de-apartamente-se-vor-construi-pe-barbu-vacarescu\\\/#article\",\"isPartOf\":{\"@id\":\"https:\\\/\\\/buletin.de\\\/bucuresti\\\/doua-blocuri-de-14-etaje-cu-peste-200-de-apartamente-se-vor-construi-pe-barbu-vacarescu\\\/\"},\"author\":{\"name\":\"Andreea St\u0103n\u0103r\u00eeng\u0103\",\"@id\":\"https:\\\/\\\/buletin.de\\\/bucuresti\\\/#\\\/schema\\\/person\\\/81421a46fb84a0887cfd2238f5202586\"},\"headline\":\"Dou\u0103 blocuri de 14 etaje, cu peste 200 de apartamente, se vor construi pe Barbu V\u0103c\u0103rescu\",\"datePublished\":\"2026-03-18T11:31:19+00:00\",\"dateModified\":\"2026-03-18T15:06:30+00:00\",\"mainEntityOfPage\":{\"@id\":\"https:\\\/\\\/buletin.de\\\/bucuresti\\\/doua-blocuri-de-14-etaje-cu-peste-200-de-apartamente-se-vor-construi-pe-barbu-vacarescu\\\/\"},\"wordCount\":415,\"publisher\":{\"@id\":\"https:\\\/\\\/buletin.de\\\/bucuresti\\\/#organization\"},\"image\":{\"@id\":\"https:\\\/\\\/buletin.de\\\/bucuresti\\\/doua-blocuri-de-14-etaje-cu-peste-200-de-apartamente-se-vor-construi-pe-barbu-vacarescu\\\/#primaryimage\"},\"thumbnailUrl\":\"https:\\\/\\\/buletin.de\\\/bucuresti\\\/wp-content\\\/uploads\\\/2026\\\/03\\\/Doua-blocuri-de-14-etaje-Barbu-Vacarescu.jpg\",\"keywords\":[\"apartamente\",\"Barbu V\u0103c\u0103rescu\",\"blocuri\",\"rezidential\"],\"articleSection\":[\"Articole\",\"Diverse\",\"Main\"],\"inLanguage\":\"en-GB\",\"copyrightYear\":\"2026\",\"copyrightHolder\":{\"@id\":\"https:\\\/\\\/buletin.de\\\/bucuresti\\\/#organization\"}},{\"@type\":\"WebPage\",\"@id\":\"https:\\\/\\\/buletin.de\\\/bucuresti\\\/doua-blocuri-de-14-etaje-cu-peste-200-de-apartamente-se-vor-construi-pe-barbu-vacarescu\\\/\",\"url\":\"https:\\\/\\\/buletin.de\\\/bucuresti\\\/doua-blocuri-de-14-etaje-cu-peste-200-de-apartamente-se-vor-construi-pe-barbu-vacarescu\\\/\",\"name\":\"Dou\u0103 blocuri de 14 etaje, cu peste 200 de apartamente, se vor construi pe Barbu V\u0103c\u0103rescu - Buletin de Bucure\u0219ti\",\"isPartOf\":{\"@id\":\"https:\\\/\\\/buletin.de\\\/bucuresti\\\/#website\"},\"primaryImageOfPage\":{\"@id\":\"https:\\\/\\\/buletin.de\\\/bucuresti\\\/doua-blocuri-de-14-etaje-cu-peste-200-de-apartamente-se-vor-construi-pe-barbu-vacarescu\\\/#primaryimage\"},\"image\":{\"@id\":\"https:\\\/\\\/buletin.de\\\/bucuresti\\\/doua-blocuri-de-14-etaje-cu-peste-200-de-apartamente-se-vor-construi-pe-barbu-vacarescu\\\/#primaryimage\"},\"thumbnailUrl\":\"https:\\\/\\\/buletin.de\\\/bucuresti\\\/wp-content\\\/uploads\\\/2026\\\/03\\\/Doua-blocuri-de-14-etaje-Barbu-Vacarescu.jpg\",\"datePublished\":\"2026-03-18T11:31:19+00:00\",\"dateModified\":\"2026-03-18T15:06:30+00:00\",\"description\":\"Compania One United Proprietes are \u00een plan construirea unui proiect reziden\u021bial cu 221 de apartamente \u00een dou\u0103 blocuri de 14 etaje\",\"breadcrumb\":{\"@id\":\"https:\\\/\\\/buletin.de\\\/bucuresti\\\/doua-blocuri-de-14-etaje-cu-peste-200-de-apartamente-se-vor-construi-pe-barbu-vacarescu\\\/#breadcrumb\"},\"inLanguage\":\"en-GB\",\"potentialAction\":[{\"@type\":\"ReadAction\",\"target\":[\"https:\\\/\\\/buletin.de\\\/bucuresti\\\/doua-blocuri-de-14-etaje-cu-peste-200-de-apartamente-se-vor-construi-pe-barbu-vacarescu\\\/\"]}]},{\"@type\":\"ImageObject\",\"inLanguage\":\"en-GB\",\"@id\":\"https:\\\/\\\/buletin.de\\\/bucuresti\\\/doua-blocuri-de-14-etaje-cu-peste-200-de-apartamente-se-vor-construi-pe-barbu-vacarescu\\\/#primaryimage\",\"url\":\"https:\\\/\\\/buletin.de\\\/bucuresti\\\/wp-content\\\/uploads\\\/2026\\\/03\\\/Doua-blocuri-de-14-etaje-Barbu-Vacarescu.jpg\",\"contentUrl\":\"https:\\\/\\\/buletin.de\\\/bucuresti\\\/wp-content\\\/uploads\\\/2026\\\/03\\\/Doua-blocuri-de-14-etaje-Barbu-Vacarescu.jpg\",\"width\":1200,\"height\":661,\"caption\":\"Dou\u0103 blocuri de 14 etaje, planificate pe Barbu V\u0103c\u0103rescu. Foto: One United Properties\"},{\"@type\":\"BreadcrumbList\",\"@id\":\"https:\\\/\\\/buletin.de\\\/bucuresti\\\/doua-blocuri-de-14-etaje-cu-peste-200-de-apartamente-se-vor-construi-pe-barbu-vacarescu\\\/#breadcrumb\",\"itemListElement\":[{\"@type\":\"ListItem\",\"position\":1,\"name\":\"Acas\u0103\",\"item\":\"https:\\\/\\\/buletin.de\\\/bucuresti\\\/\"},{\"@type\":\"ListItem\",\"position\":2,\"name\":\"Dou\u0103 blocuri de 14 etaje, cu peste 200 de apartamente, se vor construi pe Barbu V\u0103c\u0103rescu\"}]},{\"@type\":\"WebSite\",\"@id\":\"https:\\\/\\\/buletin.de\\\/bucuresti\\\/#website\",\"url\":\"https:\\\/\\\/buletin.de\\\/bucuresti\\\/\",\"name\":\"Buletin de Bucure\u0219ti\",\"description\":\"\u0218tiri \u0219i investiga\u021bii esen\u021biale din capital\u0103\",\"publisher\":{\"@id\":\"https:\\\/\\\/buletin.de\\\/bucuresti\\\/#organization\"},\"potentialAction\":[{\"@type\":\"SearchAction\",\"target\":{\"@type\":\"EntryPoint\",\"urlTemplate\":\"https:\\\/\\\/buletin.de\\\/bucuresti\\\/?s={search_term_string}\"},\"query-input\":{\"@type\":\"PropertyValueSpecification\",\"valueRequired\":true,\"valueName\":\"search_term_string\"}}],\"inLanguage\":\"en-GB\"},{\"@type\":\"Organization\",\"@id\":\"https:\\\/\\\/buletin.de\\\/bucuresti\\\/#organization\",\"name\":\"Buletin de Bucure\u0219ti\",\"url\":\"https:\\\/\\\/buletin.de\\\/bucuresti\\\/\",\"logo\":{\"@type\":\"ImageObject\",\"inLanguage\":\"en-GB\",\"@id\":\"https:\\\/\\\/buletin.de\\\/bucuresti\\\/#\\\/schema\\\/logo\\\/image\\\/\",\"url\":\"https:\\\/\\\/buletin.de\\\/bucuresti\\\/wp-content\\\/uploads\\\/logo-bdb-full-wide-vernil-transparent.png\",\"contentUrl\":\"https:\\\/\\\/buletin.de\\\/bucuresti\\\/wp-content\\\/uploads\\\/logo-bdb-full-wide-vernil-transparent.png\",\"width\":1782,\"height\":626,\"caption\":\"Buletin de Bucure\u0219ti\"},\"image\":{\"@id\":\"https:\\\/\\\/buletin.de\\\/bucuresti\\\/#\\\/schema\\\/logo\\\/image\\\/\"},\"sameAs\":[\"https:\\\/\\\/www.facebook.com\\\/buletin.de.buc\",\"https:\\\/\\\/www.instagram.com\\\/buletinde.bucuresti\\\/\"]},{\"@type\":\"Person\",\"@id\":\"https:\\\/\\\/buletin.de\\\/bucuresti\\\/#\\\/schema\\\/person\\\/81421a46fb84a0887cfd2238f5202586\",\"name\":\"Andreea St\u0103n\u0103r\u00eeng\u0103\",\"image\":{\"@type\":\"ImageObject\",\"inLanguage\":\"en-GB\",\"@id\":\"https:\\\/\\\/secure.gravatar.com\\\/avatar\\\/dfa8d227a4388fad0f0bb03add04b5b176f4da34397dbb2eadc563b3d7162ce0?s=96&d=monsterid&r=g72784372b39ffe5a98a45288fe0d0e8a\",\"url\":\"https:\\\/\\\/secure.gravatar.com\\\/avatar\\\/dfa8d227a4388fad0f0bb03add04b5b176f4da34397dbb2eadc563b3d7162ce0?s=96&d=monsterid&r=g\",\"contentUrl\":\"https:\\\/\\\/secure.gravatar.com\\\/avatar\\\/dfa8d227a4388fad0f0bb03add04b5b176f4da34397dbb2eadc563b3d7162ce0?s=96&d=monsterid&r=g\",\"caption\":\"Andreea St\u0103n\u0103r\u00eeng\u0103\"},\"description\":\"Cu o experien\u021b\u0103 de peste 5 ani \u00een pres\u0103, face parte din echipa Buletin de Bucure\u0219ti din septembrie 2025. A colaborat cu c\u00e2teva publica\u021bii, printre care \u0219i Fanatik.ro, unde s-a ocupat de \u0219tiri de lifestyle \u0219i de actualitate. A f\u0103cut un pas c\u0103tre presa local\u0103 pentru a explora Bucure\u0219tiul \u0219i pove\u0219tile care merit\u0103 spuse.\",\"url\":\"https:\\\/\\\/buletin.de\\\/bucuresti\\\/author\\\/andreea-stanaranga\\\/\"}]}<\/script>\n<!-- \/ Yoast SEO Premium plugin. -->","yoast_head_json":{"title":"Dou\u0103 blocuri de 14 etaje, cu peste 200 de apartamente, se vor construi pe Barbu V\u0103c\u0103rescu - Buletin de Bucure\u0219ti","description":"Compania One United Proprietes are \u00een plan construirea unui proiect reziden\u021bial cu 221 de apartamente \u00een dou\u0103 blocuri de 14 etaje","robots":{"index":"index","follow":"follow","max-snippet":"max-snippet:-1","max-image-preview":"max-image-preview:large","max-video-preview":"max-video-preview:-1"},"canonical":"https:\/\/buletin.de\/bucuresti\/doua-blocuri-de-14-etaje-cu-peste-200-de-apartamente-se-vor-construi-pe-barbu-vacarescu\/","og_locale":"en_GB","og_type":"article","og_title":"Dou\u0103 blocuri de 14 etaje, cu peste 200 de apartamente, se vor construi pe Barbu V\u0103c\u0103rescu","og_description":"Compania One United Proprietes are \u00een plan construirea unui proiect reziden\u021bial cu 221 de apartamente \u00een dou\u0103 blocuri de 14 etaje","og_url":"https:\/\/buletin.de\/bucuresti\/doua-blocuri-de-14-etaje-cu-peste-200-de-apartamente-se-vor-construi-pe-barbu-vacarescu\/","og_site_name":"Buletin de Bucure\u0219ti","article_publisher":"https:\/\/www.facebook.com\/buletin.de.buc","article_published_time":"2026-03-18T11:31:19+00:00","article_modified_time":"2026-03-18T15:06:30+00:00","og_image":[{"width":1200,"height":661,"url":"https:\/\/buletin.de\/bucuresti\/wp-content\/uploads\/2026\/03\/Doua-blocuri-de-14-etaje-Barbu-Vacarescu.jpg","type":"image\/jpeg"}],"author":"Andreea St\u0103n\u0103r\u00eeng\u0103","twitter_card":"summary_large_image","twitter_misc":{"Written by":"Andreea St\u0103n\u0103r\u00eeng\u0103","Estimated reading time":"2 minutes"},"schema":{"@context":"https:\/\/schema.org","@graph":[{"@type":"Article","@id":"https:\/\/buletin.de\/bucuresti\/doua-blocuri-de-14-etaje-cu-peste-200-de-apartamente-se-vor-construi-pe-barbu-vacarescu\/#article","isPartOf":{"@id":"https:\/\/buletin.de\/bucuresti\/doua-blocuri-de-14-etaje-cu-peste-200-de-apartamente-se-vor-construi-pe-barbu-vacarescu\/"},"author":{"name":"Andreea St\u0103n\u0103r\u00eeng\u0103","@id":"https:\/\/buletin.de\/bucuresti\/#\/schema\/person\/81421a46fb84a0887cfd2238f5202586"},"headline":"Dou\u0103 blocuri de 14 etaje, cu peste 200 de apartamente, se vor construi pe Barbu V\u0103c\u0103rescu","datePublished":"2026-03-18T11:31:19+00:00","dateModified":"2026-03-18T15:06:30+00:00","mainEntityOfPage":{"@id":"https:\/\/buletin.de\/bucuresti\/doua-blocuri-de-14-etaje-cu-peste-200-de-apartamente-se-vor-construi-pe-barbu-vacarescu\/"},"wordCount":415,"publisher":{"@id":"https:\/\/buletin.de\/bucuresti\/#organization"},"image":{"@id":"https:\/\/buletin.de\/bucuresti\/doua-blocuri-de-14-etaje-cu-peste-200-de-apartamente-se-vor-construi-pe-barbu-vacarescu\/#primaryimage"},"thumbnailUrl":"https:\/\/buletin.de\/bucuresti\/wp-content\/uploads\/2026\/03\/Doua-blocuri-de-14-etaje-Barbu-Vacarescu.jpg","keywords":["apartamente","Barbu V\u0103c\u0103rescu","blocuri","rezidential"],"articleSection":["Articole","Diverse","Main"],"inLanguage":"en-GB","copyrightYear":"2026","copyrightHolder":{"@id":"https:\/\/buletin.de\/bucuresti\/#organization"}},{"@type":"WebPage","@id":"https:\/\/buletin.de\/bucuresti\/doua-blocuri-de-14-etaje-cu-peste-200-de-apartamente-se-vor-construi-pe-barbu-vacarescu\/","url":"https:\/\/buletin.de\/bucuresti\/doua-blocuri-de-14-etaje-cu-peste-200-de-apartamente-se-vor-construi-pe-barbu-vacarescu\/","name":"Dou\u0103 blocuri de 14 etaje, cu peste 200 de apartamente, se vor construi pe Barbu V\u0103c\u0103rescu - Buletin de Bucure\u0219ti","isPartOf":{"@id":"https:\/\/buletin.de\/bucuresti\/#website"},"primaryImageOfPage":{"@id":"https:\/\/buletin.de\/bucuresti\/doua-blocuri-de-14-etaje-cu-peste-200-de-apartamente-se-vor-construi-pe-barbu-vacarescu\/#primaryimage"},"image":{"@id":"https:\/\/buletin.de\/bucuresti\/doua-blocuri-de-14-etaje-cu-peste-200-de-apartamente-se-vor-construi-pe-barbu-vacarescu\/#primaryimage"},"thumbnailUrl":"https:\/\/buletin.de\/bucuresti\/wp-content\/uploads\/2026\/03\/Doua-blocuri-de-14-etaje-Barbu-Vacarescu.jpg","datePublished":"2026-03-18T11:31:19+00:00","dateModified":"2026-03-18T15:06:30+00:00","description":"Compania One United Proprietes are \u00een plan construirea unui proiect reziden\u021bial cu 221 de apartamente \u00een dou\u0103 blocuri de 14 etaje","breadcrumb":{"@id":"https:\/\/buletin.de\/bucuresti\/doua-blocuri-de-14-etaje-cu-peste-200-de-apartamente-se-vor-construi-pe-barbu-vacarescu\/#breadcrumb"},"inLanguage":"en-GB","potentialAction":[{"@type":"ReadAction","target":["https:\/\/buletin.de\/bucuresti\/doua-blocuri-de-14-etaje-cu-peste-200-de-apartamente-se-vor-construi-pe-barbu-vacarescu\/"]}]},{"@type":"ImageObject","inLanguage":"en-GB","@id":"https:\/\/buletin.de\/bucuresti\/doua-blocuri-de-14-etaje-cu-peste-200-de-apartamente-se-vor-construi-pe-barbu-vacarescu\/#primaryimage","url":"https:\/\/buletin.de\/bucuresti\/wp-content\/uploads\/2026\/03\/Doua-blocuri-de-14-etaje-Barbu-Vacarescu.jpg","contentUrl":"https:\/\/buletin.de\/bucuresti\/wp-content\/uploads\/2026\/03\/Doua-blocuri-de-14-etaje-Barbu-Vacarescu.jpg","width":1200,"height":661,"caption":"Dou\u0103 blocuri de 14 etaje, planificate pe Barbu V\u0103c\u0103rescu. Foto: One United Properties"},{"@type":"BreadcrumbList","@id":"https:\/\/buletin.de\/bucuresti\/doua-blocuri-de-14-etaje-cu-peste-200-de-apartamente-se-vor-construi-pe-barbu-vacarescu\/#breadcrumb","itemListElement":[{"@type":"ListItem","position":1,"name":"Acas\u0103","item":"https:\/\/buletin.de\/bucuresti\/"},{"@type":"ListItem","position":2,"name":"Dou\u0103 blocuri de 14 etaje, cu peste 200 de apartamente, se vor construi pe Barbu V\u0103c\u0103rescu"}]},{"@type":"WebSite","@id":"https:\/\/buletin.de\/bucuresti\/#website","url":"https:\/\/buletin.de\/bucuresti\/","name":"Buletin de Bucure\u0219ti","description":"\u0218tiri \u0219i investiga\u021bii esen\u021biale din capital\u0103","publisher":{"@id":"https:\/\/buletin.de\/bucuresti\/#organization"},"potentialAction":[{"@type":"SearchAction","target":{"@type":"EntryPoint","urlTemplate":"https:\/\/buletin.de\/bucuresti\/?s={search_term_string}"},"query-input":{"@type":"PropertyValueSpecification","valueRequired":true,"valueName":"search_term_string"}}],"inLanguage":"en-GB"},{"@type":"Organization","@id":"https:\/\/buletin.de\/bucuresti\/#organization","name":"Buletin de Bucure\u0219ti","url":"https:\/\/buletin.de\/bucuresti\/","logo":{"@type":"ImageObject","inLanguage":"en-GB","@id":"https:\/\/buletin.de\/bucuresti\/#\/schema\/logo\/image\/","url":"https:\/\/buletin.de\/bucuresti\/wp-content\/uploads\/logo-bdb-full-wide-vernil-transparent.png","contentUrl":"https:\/\/buletin.de\/bucuresti\/wp-content\/uploads\/logo-bdb-full-wide-vernil-transparent.png","width":1782,"height":626,"caption":"Buletin de Bucure\u0219ti"},"image":{"@id":"https:\/\/buletin.de\/bucuresti\/#\/schema\/logo\/image\/"},"sameAs":["https:\/\/www.facebook.com\/buletin.de.buc","https:\/\/www.instagram.com\/buletinde.bucuresti\/"]},{"@type":"Person","@id":"https:\/\/buletin.de\/bucuresti\/#\/schema\/person\/81421a46fb84a0887cfd2238f5202586","name":"Andreea St\u0103n\u0103r\u00eeng\u0103","image":{"@type":"ImageObject","inLanguage":"en-GB","@id":"https:\/\/secure.gravatar.com\/avatar\/dfa8d227a4388fad0f0bb03add04b5b176f4da34397dbb2eadc563b3d7162ce0?s=96&d=monsterid&r=g72784372b39ffe5a98a45288fe0d0e8a","url":"https:\/\/secure.gravatar.com\/avatar\/dfa8d227a4388fad0f0bb03add04b5b176f4da34397dbb2eadc563b3d7162ce0?s=96&d=monsterid&r=g","contentUrl":"https:\/\/secure.gravatar.com\/avatar\/dfa8d227a4388fad0f0bb03add04b5b176f4da34397dbb2eadc563b3d7162ce0?s=96&d=monsterid&r=g","caption":"Andreea St\u0103n\u0103r\u00eeng\u0103"},"description":"Cu o experien\u021b\u0103 de peste 5 ani \u00een pres\u0103, face parte din echipa Buletin de Bucure\u0219ti din septembrie 2025. A colaborat cu c\u00e2teva publica\u021bii, printre care \u0219i Fanatik.ro, unde s-a ocupat de \u0219tiri de lifestyle \u0219i de actualitate. A f\u0103cut un pas c\u0103tre presa local\u0103 pentru a explora Bucure\u0219tiul \u0219i pove\u0219tile care merit\u0103 spuse.","url":"https:\/\/buletin.de\/bucuresti\/author\/andreea-stanaranga\/"}]}},"authors":[{"term_id":23912,"user_id":65,"is_guest":0,"slug":"andreea-stanaranga","display_name":"Andreea St\u0103n\u0103r\u00eeng\u0103","avatar_url":"https:\/\/secure.gravatar.com\/avatar\/dfa8d227a4388fad0f0bb03add04b5b176f4da34397dbb2eadc563b3d7162ce0?s=96&d=monsterid&r=g","0":null,"1":"","2":"","3":"","4":"","5":"","6":"","7":"","8":""}],"_links":{"self":[{"href":"https:\/\/buletin.de\/bucuresti\/wp-json\/wp\/v2\/posts\/181325","targetHints":{"allow":["GET"]}}],"collection":[{"href":"https:\/\/buletin.de\/bucuresti\/wp-json\/wp\/v2\/posts"}],"about":[{"href":"https:\/\/buletin.de\/bucuresti\/wp-json\/wp\/v2\/types\/post"}],"author":[{"embeddable":true,"href":"https:\/\/buletin.de\/bucuresti\/wp-json\/wp\/v2\/users\/65"}],"replies":[{"embeddable":true,"href":"https:\/\/buletin.de\/bucuresti\/wp-json\/wp\/v2\/comments?post=181325"}],"version-history":[{"count":9,"href":"https:\/\/buletin.de\/bucuresti\/wp-json\/wp\/v2\/posts\/181325\/revisions"}],"predecessor-version":[{"id":181422,"href":"https:\/\/buletin.de\/bucuresti\/wp-json\/wp\/v2\/posts\/181325\/revisions\/181422"}],"wp:featuredmedia":[{"embeddable":true,"href":"https:\/\/buletin.de\/bucuresti\/wp-json\/wp\/v2\/media\/181353"}],"wp:attachment":[{"href":"https:\/\/buletin.de\/bucuresti\/wp-json\/wp\/v2\/media?parent=181325"}],"wp:term":[{"taxonomy":"category","embeddable":true,"href":"https:\/\/buletin.de\/bucuresti\/wp-json\/wp\/v2\/categories?post=181325"},{"taxonomy":"post_tag","embeddable":true,"href":"https:\/\/buletin.de\/bucuresti\/wp-json\/wp\/v2\/tags?post=181325"},{"taxonomy":"author","embeddable":true,"href":"https:\/\/buletin.de\/bucuresti\/wp-json\/wp\/v2\/ppma_author?post=181325"}],"curies":[{"name":"wp","href":"https:\/\/api.w.org\/{rel}","templated":true}]}}