{"id":181315,"date":"2026-03-18T12:15:01","date_gmt":"2026-03-18T09:15:01","guid":{"rendered":"https:\/\/buletin.de\/bucuresti\/?p=181315"},"modified":"2026-03-18T12:21:33","modified_gmt":"2026-03-18T09:21:33","slug":"studiu-86-dintre-romani-tin-la-sertar-telefoanele-mobile-vechi-unde-poti-sa-le-reciclezi-in-bucuresti","status":"publish","type":"post","link":"https:\/\/buletin.de\/bucuresti\/studiu-86-dintre-romani-tin-la-sertar-telefoanele-mobile-vechi-unde-poti-sa-le-reciclezi-in-bucuresti\/","title":{"rendered":"STUDIU. 86% dintre rom\u00e2ni \u021bin la sertar telefoanele mobile vechi. Unde po\u021bi s\u0103 le reciclezi \u00een Bucure\u0219ti"},"content":{"rendered":"\n<p><strong>Rom\u00e2nii p\u0103streaz\u0103 \u00een sertare milioane de telefoanele mobile vechi sau le arunc\u0103 la gunoi, arat\u0103 un nou studiu realizat de Ipsos pentru <a href=\"https:\/\/environ.ro\/\" type=\"link\" id=\"https:\/\/environ.ro\/\" target=\"_blank\" rel=\"noreferrer noopener\">Asocia\u021bia Environ<\/a>. Potrivit datelor, 86% dintre rom\u00e2ni au \u00een cas\u0103 telefoane mobile vechi, depozitate prin sertare. <\/strong><\/p>\n\n\n\n<p><strong>56%<\/strong> dintre ei p\u0103streaz\u0103 dou\u0103 sau trei telefoane vechi, iar <strong>31%<\/strong> patru sau mai multe. Fenomenul este partea a ceea ce speciali\u0219tii numesc \u201esertarul invizibil\u201d, adic\u0103 acumularea \u00een gospod\u0103rii a echipamentelor electrice \u0219i electronice scoase din uz, care nu mai sunt folosite, dar nici reciclate.<\/p>\n\n\n\n<h2 class=\"wp-block-heading\" id=\"h-de-ce-pastreaza-romanii-telefoanele-mobile-vechi\">De ce p\u0103streaz\u0103 rom\u00e2nii telefoanele mobile vechi<\/h2>\n\n\n\n<p>De\u0219i la nivel declarativ rom\u00e2nii consider\u0103 reciclarea important\u0103, comportamentele reale arat\u0103 o discrepan\u021b\u0103 major\u0103 \u00eentre inten\u021bie \u0219i ac\u021biune. \u00cen multe cazuri, aceste echipamente sunt pur \u0219i simplu depozitate ani de zile \u00een sertare sau debarale. <\/p>\n\n\n\n<p>Dintre obiectele electronice pe care rom\u00e2nii le p\u0103streaz\u0103 \u00een gospod\u0103rii, de\u0219i nu le mai folosesc, telefoanele mobile sunt cele pentru care au cel mai mare ata\u0219ament. Pe l\u00e2ng\u0103\u00a0telefoane,\u00a0\u00een \u201esertarul invizibil\u201d se mai afl\u0103 \u00eenc\u0103rc\u0103toare\u00a0\u0219i cabluri (<strong>74%)<\/strong>, electrocasnice mici (<strong>44%<\/strong>), laptopuri\u00a0\u0219i tablete (<strong>35%<\/strong>), respectiv baterii\u00a0\u0219i juc\u0103rii cu baterii (<strong>32%<\/strong>). <\/p>\n\n\n\n<p><strong>Valoarea total\u0103 estimat\u0103 a echipamentelor electronice neutilizate\u00a0 dintr-o gospod\u0103rie poate ajunge p\u00e2n\u0103 la 1.500 de lei, \u00een 3 din 5 cazuri.<\/strong><\/p>\n\n\n\n<p>Motivele pentru care rom\u00e2nii nu renun\u021b\u0103 la electronicele vechi sunt convingerea c\u0103 le-ar putea folosi \u00een viitor (<strong>37%<\/strong>), faptul c\u0103 nu \u0219tiu unde s\u0103 le duc\u0103 pentru reciclare (<strong>35%<\/strong>) sau a\u0219teptarea unor campanii cu beneficii materiale sau vouchere (<strong>34%<\/strong>).<\/p>\n\n\n\n<p>Pe l\u00e2ng\u0103 acumularea \u00een locuin\u021be, unele electronice uzat ajung direct \u00een fluxul de de\u0219euri menajere. Acest comportament apare mai frecvent \u00een r\u00e2ndul persoanelor tinere, cu v\u00e2rste \u00eentre 18 \u0219i 39 de ani, cu venituri peste medie. <\/p>\n\n\n\n<p>C\u00e2nd un aparat iese din func\u021biune, 36% dintre responden\u021bi au spus c\u0103 \u00eel depoziteaz\u0103, \u00een vreme ce <strong>21%<\/strong> au recunoscut c\u0103 l-au aruncat la gunoiul menajer \u00een ultimele 12 luni.<\/p>\n\n\n\n<p>\u201eElectronicele au devenit parte din via\u021ba noastr\u0103 de zi cu zi, dar responsabilitatea fa\u021b\u0103 de ce se \u00eent\u00e2mpl\u0103 cu ele dup\u0103 ce nu le mai folosim este \u00eenc\u0103 insuficient \u00een\u021beleas\u0103. Studiul arat\u0103 c\u0103 mul\u021bi rom\u00e2ni p\u0103streaz\u0103 dispozitivele vechi \u00een cas\u0103 pentru c\u0103 sper\u0103 s\u0103 le mai poat\u0103 folosi c\u00e2ndva sau pentru c\u0103 nu \u0219tiu exact unde le pot preda pentru reciclare. <\/p>\n\n\n\n<p>Tocmai de aceea este important at\u00e2t s\u0103 intensific\u0103m eforturile \u00een zona de informare, c\u00e2t \u0219i s\u0103 facem procesul de colectare c\u00e2t mai simplu, accesibil \u0219i convenabil pentru consumatori\u201d, a declarat Roxana Puia, director de Comunicare al Asocia\u021biei Environ.<\/p>\n\n\n\n<p><strong>CITE\u0218TE \u0218I: <a href=\"https:\/\/buletin.de\/bucuresti\/un-nou-drum-de-doua-minute-uitat-la-proiectarea-autostrazii-bucuresti-apare-langa-otopeni-infrastructura-din-nordul-capitalei-inca-asteapta-finantari-externe\/\" target=\"_blank\" rel=\"noreferrer noopener\">Un nou drum de \u201edou\u0103 minute\u201d, uitat la proiectarea Autostr\u0103zii Bucure\u0219ti, apare l\u00e2ng\u0103 Otopeni. Infrastructura din Nordul Capitalei \u00eenc\u0103 a\u0219teapt\u0103 finan\u021b\u0103ri externe<\/a><\/strong><\/p>\n\n\n\n<h2 class=\"wp-block-heading\" id=\"h-ce-solu\u021bii-sunt-pentru-reducerea-de\u0219eurilor-unde-pot-fi-reciclate-in-bucure\u0219ti\">Ce solu\u021bii sunt pentru reducerea de\u0219eurilor. Unde pot fi reciclate \u00een Bucure\u0219ti<\/h2>\n\n\n\n<p><strong>Cercetarea mai arat\u0103 c\u0103 obiceiurile de consum sunt influen\u021bate puternic de marketing \u0219i social media. 4 din 10 rom\u00e2ni spun c\u0103 au cump\u0103rat cel pu\u021bin un dispozitiv electronic sub influen\u021ba reclamelor sau recomand\u0103rilor din social media, iar 6 din 10 regret\u0103 ulterior achizi\u021bia unui echipament pe care ajung s\u0103 \u00eel foloseasc\u0103 foarte rar.\u00a0<\/strong><\/p>\n\n\n\n<p>Telefoanele mobile sunt \u00eenlocuite, \u00een medie, o dat\u0103 la 4 ani, \u00een timp ce electrocasnicele mari sunt schimbate mult mai rar, aproximativ o dat\u0103 la 8 ani.\u00a0Potrivit studiului, femeile \u00eenlocuiesc dispozitivele atunci c\u00e2nd se defecteaz\u0103, iar b\u0103rba\u021bii atunci c\u00e2nd apar\u00a0 modele cu func\u021bii noi. \u00cen acela\u0219i timp, 83% dintre responden\u021bi cred c\u0103 electronicele moderne sunt mai pu\u021bin rezistente dec\u00e2t cele fabricate \u00een trecut, ceea ce contribuie la un ciclu de \u00eenlocuire tot mai rapid.\u00a0<\/p>\n\n\n\n<p><strong>Repararea este solu\u021bia ignorat\u0103 din cauza costurilor. <\/strong>De\u0219i majoritatea consumatorilor declar\u0103 c\u0103 este important ca produsele s\u0103 fie u\u0219or de reparat, \u00een realitate sunt pu\u021bini cei care aleg aceast\u0103 op\u021biune. Doar 1 rom\u00e2n din 5 a reparat ultimul echipament defect, iar principalul motiv pentru care nu a f\u0103cut-o a fost costul ridicat al repara\u021biei, men\u021bionat de 46% dintre responden\u021bi.\u00a0Totu\u0219i, poten\u021bialul pentru economia circular\u0103 este semnificativ: 7 din 10 rom\u00e2ni spun c\u0103 ar repara dispozitivul dac\u0103 repara\u021bia ar costa aproximativ 20% din pre\u021bul unui produs nou.\u00a0\u00cen schimb, doar jum\u0103tate dintre responden\u021bi ar fi dispu\u0219i s\u0103 cumpere un produs recondi\u021bionat, re\u021binerile fiind\u00a0 legate de teama c\u0103 se vor strica repede (46%) sau diferen\u021ba de pre\u021b \u00eentre un produs nou \u0219i unul recondi\u021bionat care nu este suficient de mare (20%).<\/p>\n\n\n\n<p><strong>Lipsa de \u00eencredere \u00een reciclare r\u0103m\u00e2ne o barier\u0103 major\u0103. <\/strong>\u00cen ciuda cre\u0219terii vizibilit\u0103\u021bii temelor de mediu \u00een spa\u021biul public, nivelul de \u00eencredere \u00een sistemul de reciclare a de\u0219eurilor electrice \u0219i electronice r\u0103m\u00e2ne sc\u0103zut. Doar 30% dintre rom\u00e2ni au \u00eencredere c\u0103 echipamentele colectate sunt reciclate corect. 46% spun c\u0103 se g\u00e2ndesc frecvent c\u0103 ajung la groapa de gunoi. 48% nu pot numi nicio organiza\u021bie sau institu\u021bie implicat\u0103 \u00een reciclarea DEEE, iar o treime dintre responden\u021bi declar\u0103 c\u0103 nu \u0219tiu unde s\u0103 duc\u0103 echipamentele electrice vechi.&nbsp;<\/p>\n\n\n\n<p>Datele studiului indic\u0103 dou\u0103 elemente esen\u021biale care ar putea debloca reciclarea electronicelor \u00een Rom\u00e2nia: simplitatea procesului \u0219i stimulentele financiare. <\/p>\n\n\n\n<p>63% dintre responden\u021bi ar fi motiva\u021bi s\u0103 recicleze dac\u0103 ar primi un voucher sau o reducere, la achizi\u021bionarea unui produs nou 57% ar prefera un serviciu de ridicare gratuit\u0103 de acas\u0103, iar 92% spun c\u0103 ar preda toate echipamentele din cas\u0103 \u00een urm\u0103toarele 30 de zile dac\u0103 reciclarea ar fi la fel de simpl\u0103 ca returnarea unui colet. \u00a0<\/p>\n\n\n\n<p>Roxana Puia a explicat, pentru B<strong>uletin de Bucure\u0219ti<\/strong>, care sunt solu\u021biile existente pentru ca un bucure\u0219tean sau ilfovean s\u0103 recicleze telefoanele mobile vechi sau alte produse electrice \u0219i electronice \u00eentr-un mod care s\u0103 fie prietenos cu natura \u0219i eficient economic.<\/p>\n\n\n\n<p><strong>CITE\u0218TE \u0218I: <a href=\"https:\/\/buletin.de\/bucuresti\/unde-poti-recicla-in-bucuresti-si-ilfov-telefoanele-vechi-si-alte-electronice\/\" type=\"link\" id=\"https:\/\/buletin.de\/bucuresti\/unde-poti-recicla-in-bucuresti-si-ilfov-telefoanele-vechi-si-alte-electronice\/\" target=\"_blank\" rel=\"noreferrer noopener\">Unde po\u021bi recicla \u00een Bucure\u0219ti \u0219i Ilfov telefoanele vechi \u0219i alte electronice mari \u0219i mici<\/a><\/strong><\/p>\n","protected":false},"excerpt":{"rendered":"<p>Rom\u00e2nii p\u0103streaz\u0103 \u00een sertare milioane de telefoanele mobile vechi sau le arunc\u0103 la gunoi, arat\u0103 un nou studiu realizat de Ipsos pentru Asocia\u021bia Environ. Potrivit datelor, 86% dintre rom\u00e2ni au \u00een cas\u0103 telefoane mobile vechi, depozitate prin sertare. 56% dintre ei p\u0103streaz\u0103 dou\u0103 sau trei telefoane vechi, iar 31% patru sau mai multe. Fenomenul este [&hellip;]<\/p>\n","protected":false},"author":1,"featured_media":181317,"comment_status":"closed","ping_status":"open","sticky":false,"template":"","format":"standard","meta":{"_acf_changed":false,"inline_featured_image":false,"ngg_post_thumbnail":0,"footnotes":""},"categories":[6994,109,62],"tags":[23865,21862,27152,27151],"ppma_author":[22583],"class_list":["post-181315","post","type-post","status-publish","format-standard","has-post-thumbnail","hentry","category-stiri-2","category-mediu","category-stiri","tag-reciclare-laptop","tag-reciclare-telefoane","tag-telefoane-mobile","tag-telefoanele-vechi"],"acf":[],"yoast_head":"<!-- This site is optimized with the Yoast SEO Premium plugin v25.3 (Yoast SEO v27.5) - https:\/\/yoast.com\/product\/yoast-seo-premium-wordpress\/ -->\n<title>STUDIU. 86% dintre rom\u00e2ni \u021bin la sertar telefoanele mobile vechi. Unde po\u021bi s\u0103 le reciclezi \u00een Bucure\u0219ti - Buletin de Bucure\u0219ti<\/title>\n<meta name=\"description\" content=\"Rom\u00e2nii p\u0103streaz\u0103 \u00een sertare milioane de telefoanele mobile vechi sau le arunc\u0103 la gunoi, arat\u0103 un nou studiu realizat de Ipsos.\" \/>\n<meta name=\"robots\" content=\"index, follow, max-snippet:-1, max-image-preview:large, max-video-preview:-1\" \/>\n<link rel=\"canonical\" href=\"https:\/\/buletin.de\/bucuresti\/studiu-86-dintre-romani-tin-la-sertar-telefoanele-mobile-vechi-unde-poti-sa-le-reciclezi-in-bucuresti\/\" \/>\n<meta property=\"og:locale\" content=\"en_GB\" \/>\n<meta property=\"og:type\" content=\"article\" \/>\n<meta property=\"og:title\" content=\"STUDIU. 86% dintre rom\u00e2ni \u021bin la sertar telefoanele mobile vechi. Unde po\u021bi s\u0103 le reciclezi \u00een Bucure\u0219ti\" \/>\n<meta property=\"og:description\" content=\"Rom\u00e2nii p\u0103streaz\u0103 \u00een sertare milioane de telefoanele mobile vechi sau le arunc\u0103 la gunoi, arat\u0103 un nou studiu realizat de Ipsos.\" \/>\n<meta property=\"og:url\" content=\"https:\/\/buletin.de\/bucuresti\/studiu-86-dintre-romani-tin-la-sertar-telefoanele-mobile-vechi-unde-poti-sa-le-reciclezi-in-bucuresti\/\" \/>\n<meta property=\"og:site_name\" content=\"Buletin de Bucure\u0219ti\" \/>\n<meta property=\"article:publisher\" content=\"https:\/\/www.facebook.com\/buletin.de.buc\" \/>\n<meta property=\"article:published_time\" content=\"2026-03-18T09:15:01+00:00\" \/>\n<meta property=\"article:modified_time\" content=\"2026-03-18T09:21:33+00:00\" \/>\n<meta property=\"og:image\" content=\"https:\/\/buletin.de\/bucuresti\/wp-content\/uploads\/2026\/03\/Foto-Environ.jpeg\" \/>\n\t<meta property=\"og:image:width\" content=\"1200\" \/>\n\t<meta property=\"og:image:height\" content=\"900\" \/>\n\t<meta property=\"og:image:type\" content=\"image\/jpeg\" \/>\n<meta name=\"author\" content=\"Redac\u021bia Buletin de Bucure\u0219ti\" \/>\n<meta name=\"twitter:card\" content=\"summary_large_image\" \/>\n<meta name=\"twitter:label1\" content=\"Written by\" \/>\n\t<meta name=\"twitter:data1\" content=\"Redac\u021bia Buletin de Bucure\u0219ti\" \/>\n\t<meta name=\"twitter:label2\" content=\"Estimated reading time\" \/>\n\t<meta name=\"twitter:data2\" content=\"5 minutes\" \/>\n<script type=\"application\/ld+json\" class=\"yoast-schema-graph\">{\"@context\":\"https:\\\/\\\/schema.org\",\"@graph\":[{\"@type\":\"Article\",\"@id\":\"https:\\\/\\\/buletin.de\\\/bucuresti\\\/studiu-86-dintre-romani-tin-la-sertar-telefoanele-mobile-vechi-unde-poti-sa-le-reciclezi-in-bucuresti\\\/#article\",\"isPartOf\":{\"@id\":\"https:\\\/\\\/buletin.de\\\/bucuresti\\\/studiu-86-dintre-romani-tin-la-sertar-telefoanele-mobile-vechi-unde-poti-sa-le-reciclezi-in-bucuresti\\\/\"},\"author\":{\"name\":\"Redac\u021bia Buletin de Bucure\u0219ti\",\"@id\":\"https:\\\/\\\/buletin.de\\\/bucuresti\\\/#\\\/schema\\\/person\\\/2bbcf854e5f2419a13804af574d06ab1\"},\"headline\":\"STUDIU. 86% dintre rom\u00e2ni \u021bin la sertar telefoanele mobile vechi. Unde po\u021bi s\u0103 le reciclezi \u00een Bucure\u0219ti\",\"datePublished\":\"2026-03-18T09:15:01+00:00\",\"dateModified\":\"2026-03-18T09:21:33+00:00\",\"mainEntityOfPage\":{\"@id\":\"https:\\\/\\\/buletin.de\\\/bucuresti\\\/studiu-86-dintre-romani-tin-la-sertar-telefoanele-mobile-vechi-unde-poti-sa-le-reciclezi-in-bucuresti\\\/\"},\"wordCount\":1013,\"publisher\":{\"@id\":\"https:\\\/\\\/buletin.de\\\/bucuresti\\\/#organization\"},\"image\":{\"@id\":\"https:\\\/\\\/buletin.de\\\/bucuresti\\\/studiu-86-dintre-romani-tin-la-sertar-telefoanele-mobile-vechi-unde-poti-sa-le-reciclezi-in-bucuresti\\\/#primaryimage\"},\"thumbnailUrl\":\"https:\\\/\\\/buletin.de\\\/bucuresti\\\/wp-content\\\/uploads\\\/2026\\\/03\\\/Foto-Environ.jpeg\",\"keywords\":[\"reciclare laptop\",\"reciclare telefoane\",\"telefoane mobile\",\"telefoanele vechi\"],\"articleSection\":[\"Articole\",\"Mediu\",\"\u0218tiri\"],\"inLanguage\":\"en-GB\",\"copyrightYear\":\"2026\",\"copyrightHolder\":{\"@id\":\"https:\\\/\\\/buletin.de\\\/bucuresti\\\/#organization\"}},{\"@type\":\"WebPage\",\"@id\":\"https:\\\/\\\/buletin.de\\\/bucuresti\\\/studiu-86-dintre-romani-tin-la-sertar-telefoanele-mobile-vechi-unde-poti-sa-le-reciclezi-in-bucuresti\\\/\",\"url\":\"https:\\\/\\\/buletin.de\\\/bucuresti\\\/studiu-86-dintre-romani-tin-la-sertar-telefoanele-mobile-vechi-unde-poti-sa-le-reciclezi-in-bucuresti\\\/\",\"name\":\"STUDIU. 86% dintre rom\u00e2ni \u021bin la sertar telefoanele mobile vechi. Unde po\u021bi s\u0103 le reciclezi \u00een Bucure\u0219ti - Buletin de Bucure\u0219ti\",\"isPartOf\":{\"@id\":\"https:\\\/\\\/buletin.de\\\/bucuresti\\\/#website\"},\"primaryImageOfPage\":{\"@id\":\"https:\\\/\\\/buletin.de\\\/bucuresti\\\/studiu-86-dintre-romani-tin-la-sertar-telefoanele-mobile-vechi-unde-poti-sa-le-reciclezi-in-bucuresti\\\/#primaryimage\"},\"image\":{\"@id\":\"https:\\\/\\\/buletin.de\\\/bucuresti\\\/studiu-86-dintre-romani-tin-la-sertar-telefoanele-mobile-vechi-unde-poti-sa-le-reciclezi-in-bucuresti\\\/#primaryimage\"},\"thumbnailUrl\":\"https:\\\/\\\/buletin.de\\\/bucuresti\\\/wp-content\\\/uploads\\\/2026\\\/03\\\/Foto-Environ.jpeg\",\"datePublished\":\"2026-03-18T09:15:01+00:00\",\"dateModified\":\"2026-03-18T09:21:33+00:00\",\"description\":\"Rom\u00e2nii p\u0103streaz\u0103 \u00een sertare milioane de telefoanele mobile vechi sau le arunc\u0103 la gunoi, arat\u0103 un nou studiu realizat de Ipsos.\",\"breadcrumb\":{\"@id\":\"https:\\\/\\\/buletin.de\\\/bucuresti\\\/studiu-86-dintre-romani-tin-la-sertar-telefoanele-mobile-vechi-unde-poti-sa-le-reciclezi-in-bucuresti\\\/#breadcrumb\"},\"inLanguage\":\"en-GB\",\"potentialAction\":[{\"@type\":\"ReadAction\",\"target\":[\"https:\\\/\\\/buletin.de\\\/bucuresti\\\/studiu-86-dintre-romani-tin-la-sertar-telefoanele-mobile-vechi-unde-poti-sa-le-reciclezi-in-bucuresti\\\/\"]}]},{\"@type\":\"ImageObject\",\"inLanguage\":\"en-GB\",\"@id\":\"https:\\\/\\\/buletin.de\\\/bucuresti\\\/studiu-86-dintre-romani-tin-la-sertar-telefoanele-mobile-vechi-unde-poti-sa-le-reciclezi-in-bucuresti\\\/#primaryimage\",\"url\":\"https:\\\/\\\/buletin.de\\\/bucuresti\\\/wp-content\\\/uploads\\\/2026\\\/03\\\/Foto-Environ.jpeg\",\"contentUrl\":\"https:\\\/\\\/buletin.de\\\/bucuresti\\\/wp-content\\\/uploads\\\/2026\\\/03\\\/Foto-Environ.jpeg\",\"width\":1200,\"height\":900,\"caption\":\"Foto Environ\"},{\"@type\":\"BreadcrumbList\",\"@id\":\"https:\\\/\\\/buletin.de\\\/bucuresti\\\/studiu-86-dintre-romani-tin-la-sertar-telefoanele-mobile-vechi-unde-poti-sa-le-reciclezi-in-bucuresti\\\/#breadcrumb\",\"itemListElement\":[{\"@type\":\"ListItem\",\"position\":1,\"name\":\"Acas\u0103\",\"item\":\"https:\\\/\\\/buletin.de\\\/bucuresti\\\/\"},{\"@type\":\"ListItem\",\"position\":2,\"name\":\"STUDIU. 86% dintre rom\u00e2ni \u021bin la sertar telefoanele mobile vechi. Unde po\u021bi s\u0103 le reciclezi \u00een Bucure\u0219ti\"}]},{\"@type\":\"WebSite\",\"@id\":\"https:\\\/\\\/buletin.de\\\/bucuresti\\\/#website\",\"url\":\"https:\\\/\\\/buletin.de\\\/bucuresti\\\/\",\"name\":\"Buletin de Bucure\u0219ti\",\"description\":\"\u0218tiri \u0219i investiga\u021bii esen\u021biale din capital\u0103\",\"publisher\":{\"@id\":\"https:\\\/\\\/buletin.de\\\/bucuresti\\\/#organization\"},\"potentialAction\":[{\"@type\":\"SearchAction\",\"target\":{\"@type\":\"EntryPoint\",\"urlTemplate\":\"https:\\\/\\\/buletin.de\\\/bucuresti\\\/?s={search_term_string}\"},\"query-input\":{\"@type\":\"PropertyValueSpecification\",\"valueRequired\":true,\"valueName\":\"search_term_string\"}}],\"inLanguage\":\"en-GB\"},{\"@type\":\"Organization\",\"@id\":\"https:\\\/\\\/buletin.de\\\/bucuresti\\\/#organization\",\"name\":\"Buletin de Bucure\u0219ti\",\"url\":\"https:\\\/\\\/buletin.de\\\/bucuresti\\\/\",\"logo\":{\"@type\":\"ImageObject\",\"inLanguage\":\"en-GB\",\"@id\":\"https:\\\/\\\/buletin.de\\\/bucuresti\\\/#\\\/schema\\\/logo\\\/image\\\/\",\"url\":\"https:\\\/\\\/buletin.de\\\/bucuresti\\\/wp-content\\\/uploads\\\/logo-bdb-full-wide-vernil-transparent.png\",\"contentUrl\":\"https:\\\/\\\/buletin.de\\\/bucuresti\\\/wp-content\\\/uploads\\\/logo-bdb-full-wide-vernil-transparent.png\",\"width\":1782,\"height\":626,\"caption\":\"Buletin de Bucure\u0219ti\"},\"image\":{\"@id\":\"https:\\\/\\\/buletin.de\\\/bucuresti\\\/#\\\/schema\\\/logo\\\/image\\\/\"},\"sameAs\":[\"https:\\\/\\\/www.facebook.com\\\/buletin.de.buc\",\"https:\\\/\\\/www.instagram.com\\\/buletinde.bucuresti\\\/\"]},{\"@type\":\"Person\",\"@id\":\"https:\\\/\\\/buletin.de\\\/bucuresti\\\/#\\\/schema\\\/person\\\/2bbcf854e5f2419a13804af574d06ab1\",\"name\":\"Redac\u021bia Buletin de Bucure\u0219ti\",\"image\":{\"@type\":\"ImageObject\",\"inLanguage\":\"en-GB\",\"@id\":\"https:\\\/\\\/secure.gravatar.com\\\/avatar\\\/18c5342381ed1a08620e6280424e3e5efc958618f5d67c522c9e44c1bc6f9226?s=96&d=monsterid&r=g60c7cd0ad92c68c049fcd4bb3504d609\",\"url\":\"https:\\\/\\\/secure.gravatar.com\\\/avatar\\\/18c5342381ed1a08620e6280424e3e5efc958618f5d67c522c9e44c1bc6f9226?s=96&d=monsterid&r=g\",\"contentUrl\":\"https:\\\/\\\/secure.gravatar.com\\\/avatar\\\/18c5342381ed1a08620e6280424e3e5efc958618f5d67c522c9e44c1bc6f9226?s=96&d=monsterid&r=g\",\"caption\":\"Redac\u021bia Buletin de Bucure\u0219ti\"},\"description\":\"Buletin de Bucure\u0219ti exist\u0103 din vara anului 2019.\",\"url\":\"https:\\\/\\\/buletin.de\\\/bucuresti\\\/author\\\/adminbuletin\\\/\"}]}<\/script>\n<!-- \/ Yoast SEO Premium plugin. -->","yoast_head_json":{"title":"STUDIU. 86% dintre rom\u00e2ni \u021bin la sertar telefoanele mobile vechi. Unde po\u021bi s\u0103 le reciclezi \u00een Bucure\u0219ti - Buletin de Bucure\u0219ti","description":"Rom\u00e2nii p\u0103streaz\u0103 \u00een sertare milioane de telefoanele mobile vechi sau le arunc\u0103 la gunoi, arat\u0103 un nou studiu realizat de Ipsos.","robots":{"index":"index","follow":"follow","max-snippet":"max-snippet:-1","max-image-preview":"max-image-preview:large","max-video-preview":"max-video-preview:-1"},"canonical":"https:\/\/buletin.de\/bucuresti\/studiu-86-dintre-romani-tin-la-sertar-telefoanele-mobile-vechi-unde-poti-sa-le-reciclezi-in-bucuresti\/","og_locale":"en_GB","og_type":"article","og_title":"STUDIU. 86% dintre rom\u00e2ni \u021bin la sertar telefoanele mobile vechi. Unde po\u021bi s\u0103 le reciclezi \u00een Bucure\u0219ti","og_description":"Rom\u00e2nii p\u0103streaz\u0103 \u00een sertare milioane de telefoanele mobile vechi sau le arunc\u0103 la gunoi, arat\u0103 un nou studiu realizat de Ipsos.","og_url":"https:\/\/buletin.de\/bucuresti\/studiu-86-dintre-romani-tin-la-sertar-telefoanele-mobile-vechi-unde-poti-sa-le-reciclezi-in-bucuresti\/","og_site_name":"Buletin de Bucure\u0219ti","article_publisher":"https:\/\/www.facebook.com\/buletin.de.buc","article_published_time":"2026-03-18T09:15:01+00:00","article_modified_time":"2026-03-18T09:21:33+00:00","og_image":[{"width":1200,"height":900,"url":"https:\/\/buletin.de\/bucuresti\/wp-content\/uploads\/2026\/03\/Foto-Environ.jpeg","type":"image\/jpeg"}],"author":"Redac\u021bia Buletin de Bucure\u0219ti","twitter_card":"summary_large_image","twitter_misc":{"Written by":"Redac\u021bia Buletin de Bucure\u0219ti","Estimated reading time":"5 minutes"},"schema":{"@context":"https:\/\/schema.org","@graph":[{"@type":"Article","@id":"https:\/\/buletin.de\/bucuresti\/studiu-86-dintre-romani-tin-la-sertar-telefoanele-mobile-vechi-unde-poti-sa-le-reciclezi-in-bucuresti\/#article","isPartOf":{"@id":"https:\/\/buletin.de\/bucuresti\/studiu-86-dintre-romani-tin-la-sertar-telefoanele-mobile-vechi-unde-poti-sa-le-reciclezi-in-bucuresti\/"},"author":{"name":"Redac\u021bia Buletin de Bucure\u0219ti","@id":"https:\/\/buletin.de\/bucuresti\/#\/schema\/person\/2bbcf854e5f2419a13804af574d06ab1"},"headline":"STUDIU. 86% dintre rom\u00e2ni \u021bin la sertar telefoanele mobile vechi. Unde po\u021bi s\u0103 le reciclezi \u00een Bucure\u0219ti","datePublished":"2026-03-18T09:15:01+00:00","dateModified":"2026-03-18T09:21:33+00:00","mainEntityOfPage":{"@id":"https:\/\/buletin.de\/bucuresti\/studiu-86-dintre-romani-tin-la-sertar-telefoanele-mobile-vechi-unde-poti-sa-le-reciclezi-in-bucuresti\/"},"wordCount":1013,"publisher":{"@id":"https:\/\/buletin.de\/bucuresti\/#organization"},"image":{"@id":"https:\/\/buletin.de\/bucuresti\/studiu-86-dintre-romani-tin-la-sertar-telefoanele-mobile-vechi-unde-poti-sa-le-reciclezi-in-bucuresti\/#primaryimage"},"thumbnailUrl":"https:\/\/buletin.de\/bucuresti\/wp-content\/uploads\/2026\/03\/Foto-Environ.jpeg","keywords":["reciclare laptop","reciclare telefoane","telefoane mobile","telefoanele vechi"],"articleSection":["Articole","Mediu","\u0218tiri"],"inLanguage":"en-GB","copyrightYear":"2026","copyrightHolder":{"@id":"https:\/\/buletin.de\/bucuresti\/#organization"}},{"@type":"WebPage","@id":"https:\/\/buletin.de\/bucuresti\/studiu-86-dintre-romani-tin-la-sertar-telefoanele-mobile-vechi-unde-poti-sa-le-reciclezi-in-bucuresti\/","url":"https:\/\/buletin.de\/bucuresti\/studiu-86-dintre-romani-tin-la-sertar-telefoanele-mobile-vechi-unde-poti-sa-le-reciclezi-in-bucuresti\/","name":"STUDIU. 86% dintre rom\u00e2ni \u021bin la sertar telefoanele mobile vechi. Unde po\u021bi s\u0103 le reciclezi \u00een Bucure\u0219ti - Buletin de Bucure\u0219ti","isPartOf":{"@id":"https:\/\/buletin.de\/bucuresti\/#website"},"primaryImageOfPage":{"@id":"https:\/\/buletin.de\/bucuresti\/studiu-86-dintre-romani-tin-la-sertar-telefoanele-mobile-vechi-unde-poti-sa-le-reciclezi-in-bucuresti\/#primaryimage"},"image":{"@id":"https:\/\/buletin.de\/bucuresti\/studiu-86-dintre-romani-tin-la-sertar-telefoanele-mobile-vechi-unde-poti-sa-le-reciclezi-in-bucuresti\/#primaryimage"},"thumbnailUrl":"https:\/\/buletin.de\/bucuresti\/wp-content\/uploads\/2026\/03\/Foto-Environ.jpeg","datePublished":"2026-03-18T09:15:01+00:00","dateModified":"2026-03-18T09:21:33+00:00","description":"Rom\u00e2nii p\u0103streaz\u0103 \u00een sertare milioane de telefoanele mobile vechi sau le arunc\u0103 la gunoi, arat\u0103 un nou studiu realizat de Ipsos.","breadcrumb":{"@id":"https:\/\/buletin.de\/bucuresti\/studiu-86-dintre-romani-tin-la-sertar-telefoanele-mobile-vechi-unde-poti-sa-le-reciclezi-in-bucuresti\/#breadcrumb"},"inLanguage":"en-GB","potentialAction":[{"@type":"ReadAction","target":["https:\/\/buletin.de\/bucuresti\/studiu-86-dintre-romani-tin-la-sertar-telefoanele-mobile-vechi-unde-poti-sa-le-reciclezi-in-bucuresti\/"]}]},{"@type":"ImageObject","inLanguage":"en-GB","@id":"https:\/\/buletin.de\/bucuresti\/studiu-86-dintre-romani-tin-la-sertar-telefoanele-mobile-vechi-unde-poti-sa-le-reciclezi-in-bucuresti\/#primaryimage","url":"https:\/\/buletin.de\/bucuresti\/wp-content\/uploads\/2026\/03\/Foto-Environ.jpeg","contentUrl":"https:\/\/buletin.de\/bucuresti\/wp-content\/uploads\/2026\/03\/Foto-Environ.jpeg","width":1200,"height":900,"caption":"Foto Environ"},{"@type":"BreadcrumbList","@id":"https:\/\/buletin.de\/bucuresti\/studiu-86-dintre-romani-tin-la-sertar-telefoanele-mobile-vechi-unde-poti-sa-le-reciclezi-in-bucuresti\/#breadcrumb","itemListElement":[{"@type":"ListItem","position":1,"name":"Acas\u0103","item":"https:\/\/buletin.de\/bucuresti\/"},{"@type":"ListItem","position":2,"name":"STUDIU. 86% dintre rom\u00e2ni \u021bin la sertar telefoanele mobile vechi. Unde po\u021bi s\u0103 le reciclezi \u00een Bucure\u0219ti"}]},{"@type":"WebSite","@id":"https:\/\/buletin.de\/bucuresti\/#website","url":"https:\/\/buletin.de\/bucuresti\/","name":"Buletin de Bucure\u0219ti","description":"\u0218tiri \u0219i investiga\u021bii esen\u021biale din capital\u0103","publisher":{"@id":"https:\/\/buletin.de\/bucuresti\/#organization"},"potentialAction":[{"@type":"SearchAction","target":{"@type":"EntryPoint","urlTemplate":"https:\/\/buletin.de\/bucuresti\/?s={search_term_string}"},"query-input":{"@type":"PropertyValueSpecification","valueRequired":true,"valueName":"search_term_string"}}],"inLanguage":"en-GB"},{"@type":"Organization","@id":"https:\/\/buletin.de\/bucuresti\/#organization","name":"Buletin de Bucure\u0219ti","url":"https:\/\/buletin.de\/bucuresti\/","logo":{"@type":"ImageObject","inLanguage":"en-GB","@id":"https:\/\/buletin.de\/bucuresti\/#\/schema\/logo\/image\/","url":"https:\/\/buletin.de\/bucuresti\/wp-content\/uploads\/logo-bdb-full-wide-vernil-transparent.png","contentUrl":"https:\/\/buletin.de\/bucuresti\/wp-content\/uploads\/logo-bdb-full-wide-vernil-transparent.png","width":1782,"height":626,"caption":"Buletin de Bucure\u0219ti"},"image":{"@id":"https:\/\/buletin.de\/bucuresti\/#\/schema\/logo\/image\/"},"sameAs":["https:\/\/www.facebook.com\/buletin.de.buc","https:\/\/www.instagram.com\/buletinde.bucuresti\/"]},{"@type":"Person","@id":"https:\/\/buletin.de\/bucuresti\/#\/schema\/person\/2bbcf854e5f2419a13804af574d06ab1","name":"Redac\u021bia Buletin de Bucure\u0219ti","image":{"@type":"ImageObject","inLanguage":"en-GB","@id":"https:\/\/secure.gravatar.com\/avatar\/18c5342381ed1a08620e6280424e3e5efc958618f5d67c522c9e44c1bc6f9226?s=96&d=monsterid&r=g60c7cd0ad92c68c049fcd4bb3504d609","url":"https:\/\/secure.gravatar.com\/avatar\/18c5342381ed1a08620e6280424e3e5efc958618f5d67c522c9e44c1bc6f9226?s=96&d=monsterid&r=g","contentUrl":"https:\/\/secure.gravatar.com\/avatar\/18c5342381ed1a08620e6280424e3e5efc958618f5d67c522c9e44c1bc6f9226?s=96&d=monsterid&r=g","caption":"Redac\u021bia Buletin de Bucure\u0219ti"},"description":"Buletin de Bucure\u0219ti exist\u0103 din vara anului 2019.","url":"https:\/\/buletin.de\/bucuresti\/author\/adminbuletin\/"}]}},"authors":[{"term_id":22583,"user_id":1,"is_guest":0,"slug":"adminbuletin","display_name":"Redac\u021bia Buletin de Bucure\u0219ti","avatar_url":"https:\/\/secure.gravatar.com\/avatar\/18c5342381ed1a08620e6280424e3e5efc958618f5d67c522c9e44c1bc6f9226?s=96&d=monsterid&r=g","0":null,"1":"","2":"","3":"","4":"","5":"","6":"","7":"","8":""}],"_links":{"self":[{"href":"https:\/\/buletin.de\/bucuresti\/wp-json\/wp\/v2\/posts\/181315","targetHints":{"allow":["GET"]}}],"collection":[{"href":"https:\/\/buletin.de\/bucuresti\/wp-json\/wp\/v2\/posts"}],"about":[{"href":"https:\/\/buletin.de\/bucuresti\/wp-json\/wp\/v2\/types\/post"}],"author":[{"embeddable":true,"href":"https:\/\/buletin.de\/bucuresti\/wp-json\/wp\/v2\/users\/1"}],"replies":[{"embeddable":true,"href":"https:\/\/buletin.de\/bucuresti\/wp-json\/wp\/v2\/comments?post=181315"}],"version-history":[{"count":2,"href":"https:\/\/buletin.de\/bucuresti\/wp-json\/wp\/v2\/posts\/181315\/revisions"}],"predecessor-version":[{"id":181320,"href":"https:\/\/buletin.de\/bucuresti\/wp-json\/wp\/v2\/posts\/181315\/revisions\/181320"}],"wp:featuredmedia":[{"embeddable":true,"href":"https:\/\/buletin.de\/bucuresti\/wp-json\/wp\/v2\/media\/181317"}],"wp:attachment":[{"href":"https:\/\/buletin.de\/bucuresti\/wp-json\/wp\/v2\/media?parent=181315"}],"wp:term":[{"taxonomy":"category","embeddable":true,"href":"https:\/\/buletin.de\/bucuresti\/wp-json\/wp\/v2\/categories?post=181315"},{"taxonomy":"post_tag","embeddable":true,"href":"https:\/\/buletin.de\/bucuresti\/wp-json\/wp\/v2\/tags?post=181315"},{"taxonomy":"author","embeddable":true,"href":"https:\/\/buletin.de\/bucuresti\/wp-json\/wp\/v2\/ppma_author?post=181315"}],"curies":[{"name":"wp","href":"https:\/\/api.w.org\/{rel}","templated":true}]}}