{"id":181297,"date":"2026-03-18T11:08:15","date_gmt":"2026-03-18T08:08:15","guid":{"rendered":"https:\/\/buletin.de\/bucuresti\/?p=181297"},"modified":"2026-03-18T11:37:09","modified_gmt":"2026-03-18T08:37:09","slug":"un-nou-drum-de-doua-minute-uitat-la-proiectarea-autostrazii-bucuresti-apare-langa-otopeni-infrastructura-din-nordul-capitalei-inca-asteapta-finantari-externe","status":"publish","type":"post","link":"https:\/\/buletin.de\/bucuresti\/un-nou-drum-de-doua-minute-uitat-la-proiectarea-autostrazii-bucuresti-apare-langa-otopeni-infrastructura-din-nordul-capitalei-inca-asteapta-finantari-externe\/","title":{"rendered":"Un nou drum de \u201edou\u0103 minute\u201d, uitat la proiectarea Autostr\u0103zii Bucure\u0219ti, apare l\u00e2ng\u0103 Otopeni. Infrastructura din Nordul Capitalei \u00eenc\u0103 a\u0219teapt\u0103 finan\u021b\u0103ri externe"},"content":{"rendered":"\n<p><strong><a href=\"http:\/\/cnir.ro\">Compania Na\u021bional\u0103 de Investi\u021bii Rutiere<\/a> a transmis c\u0103tre Agen\u021bia Na\u021bional\u0103 pentru Achizi\u021bii Publice documenta\u021bia unui nou proiect de infrastructur\u0103 cu impact direct asupra zonei de Nord a Capitalei. <\/strong><\/p>\n\n\n\n<p><strong>Institu\u021bia ini\u021biaz\u0103 procedura de licita\u021bie pentru un drum expres conceput strict pentru a asigura conexiunea \u00eentre Autostrada A0 Bucure\u0219ti Nord \u0219i viitorul Terminal 2 al Aeroportului Interna\u021bional Henri Coand\u0103. <\/strong><\/p>\n\n\n\n<p><strong>Noua leg\u0103tura ar trebui s\u0103 asigure \u0219i desc\u0103rcarea de pe A3 Bucure\u0219ti-Ploie\u0219ti \u00eentr-o zon\u0103 care ar fi trebuit s\u0103 beneficieze de acest\u0103 facilitate \u00eenc\u0103 de la proiectarea A0.<\/strong><\/p>\n\n\n\n<p>Valoarea calculat\u0103 a investi\u021biei anun\u021bat\u0103 de Compania Na\u021bional\u0103 de Investi\u021bii Rutiere dep\u0103\u0219e\u0219te pragul de 400 de milioane de lei, adic\u0103 aproximativ 79 de milioane de euro. Documenta\u021bia a\u0219teapt\u0103 \u00een prezent validarea oficial\u0103, pas obligatoriu pentru publicarea ulterioar\u0103 \u00een Sistemul Electronic de Achizi\u021bii Publice.<\/p>\n\n\n\n<p>Procedura de validare la nivelul Agen\u021biei Na\u021bionale pentru Achizi\u021bii Publice reprezint\u0103 un prim filtru birocratic care ar putea \u00eens\u0103 genera \u00eent\u00e2rzieri imediate. <\/p>\n\n\n\n<p>Aceast\u0103 etap\u0103 presupune verificarea clauzelor contractuale \u0219i a documenta\u021biei tehnice iar exper\u021bii agen\u021biei au posibilitatea s\u0103 \u201e\u00eentoarc\u0103\u201d documentele la autoritatea contractant\u0103 pentru clarific\u0103ri, lucru ce ar putea decala momentul \u00een care companiile de construc\u021bii pot depune oferte financiare.<\/p>\n\n\n\n<h2 class=\"wp-block-heading\" id=\"h-un-drum-necesar-uitat-la-proiectarea-a0\"><strong>Un drum necesar, \u201euitat\u201d la proiectarea A0<\/strong><\/h2>\n\n\n\n<p>Noua conexiune rutier\u0103 ar reduce timpul de deplasare la doar dou\u0103 minute \u00eentre zona de Est a Aeroportului Otopeni \u0219i Autostrada Bucure\u0219ti.<\/p>\n\n\n\n<p>\u00cen peisajul actual, \u0219oferii pierd aproape 20 de minute pentru a parcurge un traseu ocolitor de 16 p\u00e2n\u0103 la 20 de kilometri, pe drumurile jude\u021bene adiacente.<\/p>\n\n\n\n<p>In plus, proiectul rutier ar deservi comunit\u0103\u021bile din localit\u0103\u021bile Otopeni, Tunari \u0219i Balote\u0219ti \u0219i va fluidiza a transport de m\u0103rfuri pentru zona cargo.<\/p>\n\n\n\n<p>Aceste proiec\u021bii de trafic depind exclusiv de concretizarea planurilor de extindere a aeroportului din Otopeni, proiecte aflate momentan departe de execu\u021bia pe teren, dup\u0103 cum <a href=\"https:\/\/buletin.de\/bucuresti\/aeroportul-sufocat-al-capitalei-noul-terminal-de-la-otopeni-gata-in-2031-cel-mai-devreme-capacitatea-proiectata-a-fost-depasita-cu-32-in-2024\/\">Buletin de Bucure\u0219ti a ar\u0103tat aici.<\/a><\/p>\n\n\n\n<h2 class=\"wp-block-heading\" id=\"h-detalii-tehnice-pentru-o-\u0219osea-de-perspectiva\">Detalii tehnice pentru o \u0219osea \u201ede perspectiv\u0103\u201d<\/h2>\n\n\n\n<p>Drumul are o lungime de 2,55 kilometri. Caietul de sarcini impune constructorului proiectarea \u0219i execu\u021bia unui nod rutier de tip \u201etrefl\u0103\u201d iar intersec\u021bia asigur\u0103 desc\u0103rcarea traficului din autostrada A0. Bretelele \u00eensumeaz\u0103 un total de 7,5 kilometri, o distan\u021b\u0103 de trei ori mai mare dec\u00e2t lungimea efectiv\u0103 a drumului expres principal.<\/p>\n\n\n\n<p>\u00cen plus, proiectul tehnic solicit\u0103 ridicarea unor pasaje supraterane. \u0218oseaua va supratraversa drumul jude\u021bean 200B, paralel cu DN1 \u0219i autostrada A0 Nord.<\/p>\n\n\n\n<figure class=\"wp-block-image size-large\"><img fetchpriority=\"high\" decoding=\"async\" width=\"1000\" height=\"471\" src=\"data:image\/gif;base64,R0lGODlhAQABAAAAACH5BAEKAAEALAAAAAABAAEAAAICTAEAOw==\" data-src=\"https:\/\/buletin.de\/bucuresti\/wp-content\/uploads\/2026\/03\/Captura-de-ecran-2026-03-18-093624-1-1000x471.png\" alt=\"\" class=\"wp-image-181305 lazyload\" data-sizes=\"auto\" data-srcset=\"https:\/\/buletin.de\/bucuresti\/wp-content\/uploads\/2026\/03\/Captura-de-ecran-2026-03-18-093624-1-1000x471.png 1000w, https:\/\/buletin.de\/bucuresti\/wp-content\/uploads\/2026\/03\/Captura-de-ecran-2026-03-18-093624-1-300x141.png 300w, https:\/\/buletin.de\/bucuresti\/wp-content\/uploads\/2026\/03\/Captura-de-ecran-2026-03-18-093624-1-768x362.png 768w, https:\/\/buletin.de\/bucuresti\/wp-content\/uploads\/2026\/03\/Captura-de-ecran-2026-03-18-093624-1-1536x724.png 1536w, https:\/\/buletin.de\/bucuresti\/wp-content\/uploads\/2026\/03\/Captura-de-ecran-2026-03-18-093624-1-2048x965.png 2048w, https:\/\/buletin.de\/bucuresti\/wp-content\/uploads\/2026\/03\/Captura-de-ecran-2026-03-18-093624-1-1600x754.png 1600w, https:\/\/buletin.de\/bucuresti\/wp-content\/uploads\/2026\/03\/Captura-de-ecran-2026-03-18-093624-1-1100x518.png 1100w, https:\/\/buletin.de\/bucuresti\/wp-content\/uploads\/2026\/03\/Captura-de-ecran-2026-03-18-093624-1-600x283.png 600w, https:\/\/buletin.de\/bucuresti\/wp-content\/uploads\/2026\/03\/Captura-de-ecran-2026-03-18-093624-1-20x9.png 20w\" sizes=\"(max-width: 1000px) 100vw, 1000px\" \/><\/figure>\n\n\n\n<p>De asemenea, constructorul va amenaja un sens giratoriu necesar pentru integrarea traficului cu drumul jude\u021bean 200 B, pe rela\u021bia Tunari, Autostrada A0, Balote\u0219ti. <\/p>\n\n\n\n<p>Contractul stipuleaz\u0103 un termen fix de 30 de luni, interval alocat at\u00e2t etapei de proiectare c\u00e2t \u0219i execu\u021biei propriu-zise a lucr\u0103rilor.<\/p>\n\n\n\n<h2 class=\"wp-block-heading\" id=\"h-planuri-logistice-pe-hartie-\u0219i-bugete-insuficiente\"><strong>Planuri logistice pe h\u00e2rtie \u0219i bugete insuficiente<\/strong><\/h2>\n\n\n\n<p>Acest drum expres reprezint\u0103 doar o frac\u021biune dintr-un ecosistem de infrastructur\u0103 desenat de autorit\u0103\u021bi pentru nordul jude\u021bului Ilfov. Intersec\u021bia cu Autostrada Bucure\u0219ti se leag\u0103 direct de un proiect mai vechi, despre care <a href=\"https:\/\/buletin.de\/bucuresti\/o-noua-camara-a-bucurestiului-in-nordul-judetului-ilfov-terminale-cargo-cale-ferata-si-acces-la-a3\/\">Buletin de Bucure\u0219ti a scris aici.<\/a><\/p>\n\n\n\n<p><strong>CITE\u0218TE \u0218I <a href=\"https:\/\/buletin.de\/bucuresti\/o-noua-camara-a-bucurestiului-in-nordul-judetului-ilfov-terminale-cargo-cale-ferata-si-acces-la-a3\/\">O nou\u0103 \u201cc\u0103mar\u0103\u201d a Bucure\u0219tiului, \u00een Nordul jude\u021bului Ilfov: terminale cargo, cale ferat\u0103 \u0219i acces la A3<\/a><\/strong><\/p>\n\n\n\n<p>Consiliul Jude\u021bean are aprobat un studiu de fezabilitate \u0219i indicatorii tehnico-economici pentru nodul intermodal Bucure\u0219ti-Ilfov. Acest hub logistic viza o suprafa\u021b\u0103 planificat\u0103 de 110 hectare \u00een zona Moara Vl\u0103siei, la nord de Aeroportul Otopeni<\/p>\n\n\n\n<p>Planurile jude\u021bene prev\u0103d construc\u021bia a dou\u0103 terminale cargo \u0219i a unui parc logistic de mari dimensiuni. Autorit\u0103\u021bile locale vizeaz\u0103 de ani buni o concuren\u021b\u0103 direct\u0103 cu polul logistic consacrat \u00een Vestul Capitalei, dezvoltat natural de-a lungul autostr\u0103zii A1.<\/p>\n\n\n\n<p>Noul terminal de m\u0103rfuri ar urma s\u0103 func\u021bioneze \u00een sudul comunei Moara Vl\u0103siei. Loca\u021bia specific\u0103 se afl\u0103 l\u00e2ng\u0103 calea ferat\u0103 Bucure\u0219ti-Urziceni \u0219i sec\u021bioneaz\u0103 autostrada A3 Bucure\u0219ti-Ploie\u0219ti.<\/p>\n\n\n\n<p>Investi\u021bia necesar\u0103 pentru nodul intermodal atinge valoarea de un miliard de lei. La momentul aprob\u0103rii documenta\u021biei, administra\u021bia jude\u021bean\u0103 recuno\u0219tea un deficit masiv de capital, cu venituri proprii de maximum 250 de milioane de lei. <\/p>\n\n\n\n<p>Consilierul jude\u021bean Gabriel C\u0103rbunaru explica atunci pentru Buletin de Bucure\u0219ti c\u0103 proiectul nu dispune de nicio surs\u0103 concret\u0103 de finan\u021bare. Institu\u021bia miza exclusiv pe atragerea unor fonduri europene sau a banilor din Planul Na\u021bional de Redresare \u0219i Rezilien\u021b\u0103.<\/p>\n\n\n\n<p><strong>CITE\u0218TE \u0218I <a href=\"https:\/\/buletin.de\/bucuresti\/elcen-construieste-o-centrala-noua-la-cet-sud-cu-randament-de-peste-85-dupa-avariile-din-ultimele-luni\/\">ELCEN anun\u021b\u0103 o central\u0103 nou\u0103 la CET Sud, \u201ecu randament de peste 85%\u201d, dup\u0103 avariile din ultimele luni<\/a><\/strong><\/p>\n\n\n\n<p><\/p>\n","protected":false},"excerpt":{"rendered":"<p>Compania Na\u021bional\u0103 de Investi\u021bii Rutiere a transmis c\u0103tre Agen\u021bia Na\u021bional\u0103 pentru Achizi\u021bii Publice documenta\u021bia unui nou proiect de infrastructur\u0103 cu impact direct asupra zonei de Nord a Capitalei. Institu\u021bia ini\u021biaz\u0103 procedura de licita\u021bie pentru un drum expres conceput strict pentru a asigura conexiunea \u00eentre Autostrada A0 Bucure\u0219ti Nord \u0219i viitorul Terminal 2 al Aeroportului Interna\u021bional [&hellip;]<\/p>\n","protected":false},"author":10,"featured_media":181299,"comment_status":"closed","ping_status":"open","sticky":false,"template":"","format":"standard","meta":{"_acf_changed":false,"inline_featured_image":false,"ngg_post_thumbnail":0,"footnotes":""},"categories":[6994,5762,650],"tags":[2620,12571,12734,809,26442,4360,2160,14838,27150,1653],"ppma_author":[22575],"class_list":["post-181297","post","type-post","status-publish","format-standard","has-post-thumbnail","hentry","category-stiri-2","category-main","category-transport","tag-autostrada-a0","tag-cnir","tag-drum-expres","tag-fonduri-europene","tag-infrastructura-ilfov-2","tag-moara-vlasiei-2","tag-nod-intermodal","tag-terminal-2-otopeni","tag-transport-cargo-2","tag-tunari"],"acf":[],"yoast_head":"<!-- This site is optimized with the Yoast SEO Premium plugin v25.3 (Yoast SEO v27.5) - https:\/\/yoast.com\/product\/yoast-seo-premium-wordpress\/ -->\n<title>Un nou drum de \u201edou\u0103 minute\u201d, uitat la proiectarea Autostr\u0103zii Bucure\u0219ti, apare l\u00e2ng\u0103 Otopeni. Infrastructura din Nordul Capitalei \u00eenc\u0103 a\u0219teapt\u0103 finan\u021b\u0103ri externe - Buletin de Bucure\u0219ti<\/title>\n<meta name=\"description\" content=\"Noua leg\u0103tura ar trebui s\u0103 asigure \u0219i desc\u0103rcarea de pe A3 Bucure\u0219ti-Ploie\u0219ti \u00eentr-o zon\u0103 care ar fi trebuit s\u0103 beneficieze de acest\u0103 facilitate \u00eenc\u0103 de la proiectarea A0.\" \/>\n<meta name=\"robots\" content=\"index, follow, max-snippet:-1, max-image-preview:large, max-video-preview:-1\" \/>\n<link rel=\"canonical\" href=\"https:\/\/buletin.de\/bucuresti\/un-nou-drum-de-doua-minute-uitat-la-proiectarea-autostrazii-bucuresti-apare-langa-otopeni-infrastructura-din-nordul-capitalei-inca-asteapta-finantari-externe\/\" \/>\n<meta property=\"og:locale\" content=\"en_GB\" \/>\n<meta property=\"og:type\" content=\"article\" \/>\n<meta property=\"og:title\" content=\"Un nou drum de \u201edou\u0103 minute\u201d, uitat la proiectarea Autostr\u0103zii Bucure\u0219ti, apare l\u00e2ng\u0103 Otopeni. Infrastructura din Nordul Capitalei \u00eenc\u0103 a\u0219teapt\u0103 finan\u021b\u0103ri externe\" \/>\n<meta property=\"og:description\" content=\"Noua leg\u0103tura ar trebui s\u0103 asigure \u0219i desc\u0103rcarea de pe A3 Bucure\u0219ti-Ploie\u0219ti \u00eentr-o zon\u0103 care ar fi trebuit s\u0103 beneficieze de acest\u0103 facilitate \u00eenc\u0103 de la proiectarea A0.\" \/>\n<meta property=\"og:url\" content=\"https:\/\/buletin.de\/bucuresti\/un-nou-drum-de-doua-minute-uitat-la-proiectarea-autostrazii-bucuresti-apare-langa-otopeni-infrastructura-din-nordul-capitalei-inca-asteapta-finantari-externe\/\" \/>\n<meta property=\"og:site_name\" content=\"Buletin de Bucure\u0219ti\" \/>\n<meta property=\"article:publisher\" content=\"https:\/\/www.facebook.com\/buletin.de.buc\" \/>\n<meta property=\"article:published_time\" content=\"2026-03-18T08:08:15+00:00\" \/>\n<meta property=\"article:modified_time\" content=\"2026-03-18T08:37:09+00:00\" \/>\n<meta property=\"og:image\" content=\"https:\/\/buletin.de\/bucuresti\/wp-content\/uploads\/2026\/03\/Captura-de-ecran-2026-03-18-093624-1000x471.png\" \/>\n\t<meta property=\"og:image:width\" content=\"1000\" \/>\n\t<meta property=\"og:image:height\" content=\"471\" \/>\n\t<meta property=\"og:image:type\" content=\"image\/png\" \/>\n<meta name=\"author\" content=\"C\u0103t\u0103lin Dosca\u0219\" \/>\n<meta name=\"twitter:card\" content=\"summary_large_image\" \/>\n<meta name=\"twitter:label1\" content=\"Written by\" \/>\n\t<meta name=\"twitter:data1\" content=\"C\u0103t\u0103lin Dosca\u0219\" \/>\n\t<meta name=\"twitter:label2\" content=\"Estimated reading time\" \/>\n\t<meta name=\"twitter:data2\" content=\"4 minutes\" \/>\n<script type=\"application\/ld+json\" class=\"yoast-schema-graph\">{\"@context\":\"https:\\\/\\\/schema.org\",\"@graph\":[{\"@type\":\"Article\",\"@id\":\"https:\\\/\\\/buletin.de\\\/bucuresti\\\/un-nou-drum-de-doua-minute-uitat-la-proiectarea-autostrazii-bucuresti-apare-langa-otopeni-infrastructura-din-nordul-capitalei-inca-asteapta-finantari-externe\\\/#article\",\"isPartOf\":{\"@id\":\"https:\\\/\\\/buletin.de\\\/bucuresti\\\/un-nou-drum-de-doua-minute-uitat-la-proiectarea-autostrazii-bucuresti-apare-langa-otopeni-infrastructura-din-nordul-capitalei-inca-asteapta-finantari-externe\\\/\"},\"author\":{\"name\":\"C\u0103t\u0103lin Dosca\u0219\",\"@id\":\"https:\\\/\\\/buletin.de\\\/bucuresti\\\/#\\\/schema\\\/person\\\/31117187ed4d0bdb0a4c7d6acc79d0f8\"},\"headline\":\"Un nou drum de \u201edou\u0103 minute\u201d, uitat la proiectarea Autostr\u0103zii Bucure\u0219ti, apare l\u00e2ng\u0103 Otopeni. Infrastructura din Nordul Capitalei \u00eenc\u0103 a\u0219teapt\u0103 finan\u021b\u0103ri externe\",\"datePublished\":\"2026-03-18T08:08:15+00:00\",\"dateModified\":\"2026-03-18T08:37:09+00:00\",\"mainEntityOfPage\":{\"@id\":\"https:\\\/\\\/buletin.de\\\/bucuresti\\\/un-nou-drum-de-doua-minute-uitat-la-proiectarea-autostrazii-bucuresti-apare-langa-otopeni-infrastructura-din-nordul-capitalei-inca-asteapta-finantari-externe\\\/\"},\"wordCount\":786,\"publisher\":{\"@id\":\"https:\\\/\\\/buletin.de\\\/bucuresti\\\/#organization\"},\"image\":{\"@id\":\"https:\\\/\\\/buletin.de\\\/bucuresti\\\/un-nou-drum-de-doua-minute-uitat-la-proiectarea-autostrazii-bucuresti-apare-langa-otopeni-infrastructura-din-nordul-capitalei-inca-asteapta-finantari-externe\\\/#primaryimage\"},\"thumbnailUrl\":\"https:\\\/\\\/buletin.de\\\/bucuresti\\\/wp-content\\\/uploads\\\/2026\\\/03\\\/Captura-de-ecran-2026-03-18-093624.png\",\"keywords\":[\"autostrada a0\",\"CNIR\",\"drum expres\",\"fonduri europene\",\"infrastructur\u0103 Ilfov\",\"Moara Vl\u0103siei\",\"nod intermodal\",\"terminal 2 otopeni\",\"transport cargo.\",\"tunari\"],\"articleSection\":[\"Articole\",\"Main\",\"Transport\"],\"inLanguage\":\"en-GB\",\"copyrightYear\":\"2026\",\"copyrightHolder\":{\"@id\":\"https:\\\/\\\/buletin.de\\\/bucuresti\\\/#organization\"}},{\"@type\":\"WebPage\",\"@id\":\"https:\\\/\\\/buletin.de\\\/bucuresti\\\/un-nou-drum-de-doua-minute-uitat-la-proiectarea-autostrazii-bucuresti-apare-langa-otopeni-infrastructura-din-nordul-capitalei-inca-asteapta-finantari-externe\\\/\",\"url\":\"https:\\\/\\\/buletin.de\\\/bucuresti\\\/un-nou-drum-de-doua-minute-uitat-la-proiectarea-autostrazii-bucuresti-apare-langa-otopeni-infrastructura-din-nordul-capitalei-inca-asteapta-finantari-externe\\\/\",\"name\":\"Un nou drum de \u201edou\u0103 minute\u201d, uitat la proiectarea Autostr\u0103zii Bucure\u0219ti, apare l\u00e2ng\u0103 Otopeni. Infrastructura din Nordul Capitalei \u00eenc\u0103 a\u0219teapt\u0103 finan\u021b\u0103ri externe - Buletin de Bucure\u0219ti\",\"isPartOf\":{\"@id\":\"https:\\\/\\\/buletin.de\\\/bucuresti\\\/#website\"},\"primaryImageOfPage\":{\"@id\":\"https:\\\/\\\/buletin.de\\\/bucuresti\\\/un-nou-drum-de-doua-minute-uitat-la-proiectarea-autostrazii-bucuresti-apare-langa-otopeni-infrastructura-din-nordul-capitalei-inca-asteapta-finantari-externe\\\/#primaryimage\"},\"image\":{\"@id\":\"https:\\\/\\\/buletin.de\\\/bucuresti\\\/un-nou-drum-de-doua-minute-uitat-la-proiectarea-autostrazii-bucuresti-apare-langa-otopeni-infrastructura-din-nordul-capitalei-inca-asteapta-finantari-externe\\\/#primaryimage\"},\"thumbnailUrl\":\"https:\\\/\\\/buletin.de\\\/bucuresti\\\/wp-content\\\/uploads\\\/2026\\\/03\\\/Captura-de-ecran-2026-03-18-093624.png\",\"datePublished\":\"2026-03-18T08:08:15+00:00\",\"dateModified\":\"2026-03-18T08:37:09+00:00\",\"description\":\"Noua leg\u0103tura ar trebui s\u0103 asigure \u0219i desc\u0103rcarea de pe A3 Bucure\u0219ti-Ploie\u0219ti \u00eentr-o zon\u0103 care ar fi trebuit s\u0103 beneficieze de acest\u0103 facilitate \u00eenc\u0103 de la proiectarea A0.\",\"breadcrumb\":{\"@id\":\"https:\\\/\\\/buletin.de\\\/bucuresti\\\/un-nou-drum-de-doua-minute-uitat-la-proiectarea-autostrazii-bucuresti-apare-langa-otopeni-infrastructura-din-nordul-capitalei-inca-asteapta-finantari-externe\\\/#breadcrumb\"},\"inLanguage\":\"en-GB\",\"potentialAction\":[{\"@type\":\"ReadAction\",\"target\":[\"https:\\\/\\\/buletin.de\\\/bucuresti\\\/un-nou-drum-de-doua-minute-uitat-la-proiectarea-autostrazii-bucuresti-apare-langa-otopeni-infrastructura-din-nordul-capitalei-inca-asteapta-finantari-externe\\\/\"]}]},{\"@type\":\"ImageObject\",\"inLanguage\":\"en-GB\",\"@id\":\"https:\\\/\\\/buletin.de\\\/bucuresti\\\/un-nou-drum-de-doua-minute-uitat-la-proiectarea-autostrazii-bucuresti-apare-langa-otopeni-infrastructura-din-nordul-capitalei-inca-asteapta-finantari-externe\\\/#primaryimage\",\"url\":\"https:\\\/\\\/buletin.de\\\/bucuresti\\\/wp-content\\\/uploads\\\/2026\\\/03\\\/Captura-de-ecran-2026-03-18-093624.png\",\"contentUrl\":\"https:\\\/\\\/buletin.de\\\/bucuresti\\\/wp-content\\\/uploads\\\/2026\\\/03\\\/Captura-de-ecran-2026-03-18-093624.png\",\"width\":2405,\"height\":1133},{\"@type\":\"BreadcrumbList\",\"@id\":\"https:\\\/\\\/buletin.de\\\/bucuresti\\\/un-nou-drum-de-doua-minute-uitat-la-proiectarea-autostrazii-bucuresti-apare-langa-otopeni-infrastructura-din-nordul-capitalei-inca-asteapta-finantari-externe\\\/#breadcrumb\",\"itemListElement\":[{\"@type\":\"ListItem\",\"position\":1,\"name\":\"Acas\u0103\",\"item\":\"https:\\\/\\\/buletin.de\\\/bucuresti\\\/\"},{\"@type\":\"ListItem\",\"position\":2,\"name\":\"Un nou drum de \u201edou\u0103 minute\u201d, uitat la proiectarea Autostr\u0103zii Bucure\u0219ti, apare l\u00e2ng\u0103 Otopeni. Infrastructura din Nordul Capitalei \u00eenc\u0103 a\u0219teapt\u0103 finan\u021b\u0103ri externe\"}]},{\"@type\":\"WebSite\",\"@id\":\"https:\\\/\\\/buletin.de\\\/bucuresti\\\/#website\",\"url\":\"https:\\\/\\\/buletin.de\\\/bucuresti\\\/\",\"name\":\"Buletin de Bucure\u0219ti\",\"description\":\"\u0218tiri \u0219i investiga\u021bii esen\u021biale din capital\u0103\",\"publisher\":{\"@id\":\"https:\\\/\\\/buletin.de\\\/bucuresti\\\/#organization\"},\"potentialAction\":[{\"@type\":\"SearchAction\",\"target\":{\"@type\":\"EntryPoint\",\"urlTemplate\":\"https:\\\/\\\/buletin.de\\\/bucuresti\\\/?s={search_term_string}\"},\"query-input\":{\"@type\":\"PropertyValueSpecification\",\"valueRequired\":true,\"valueName\":\"search_term_string\"}}],\"inLanguage\":\"en-GB\"},{\"@type\":\"Organization\",\"@id\":\"https:\\\/\\\/buletin.de\\\/bucuresti\\\/#organization\",\"name\":\"Buletin de Bucure\u0219ti\",\"url\":\"https:\\\/\\\/buletin.de\\\/bucuresti\\\/\",\"logo\":{\"@type\":\"ImageObject\",\"inLanguage\":\"en-GB\",\"@id\":\"https:\\\/\\\/buletin.de\\\/bucuresti\\\/#\\\/schema\\\/logo\\\/image\\\/\",\"url\":\"https:\\\/\\\/buletin.de\\\/bucuresti\\\/wp-content\\\/uploads\\\/logo-bdb-full-wide-vernil-transparent.png\",\"contentUrl\":\"https:\\\/\\\/buletin.de\\\/bucuresti\\\/wp-content\\\/uploads\\\/logo-bdb-full-wide-vernil-transparent.png\",\"width\":1782,\"height\":626,\"caption\":\"Buletin de Bucure\u0219ti\"},\"image\":{\"@id\":\"https:\\\/\\\/buletin.de\\\/bucuresti\\\/#\\\/schema\\\/logo\\\/image\\\/\"},\"sameAs\":[\"https:\\\/\\\/www.facebook.com\\\/buletin.de.buc\",\"https:\\\/\\\/www.instagram.com\\\/buletinde.bucuresti\\\/\"]},{\"@type\":\"Person\",\"@id\":\"https:\\\/\\\/buletin.de\\\/bucuresti\\\/#\\\/schema\\\/person\\\/31117187ed4d0bdb0a4c7d6acc79d0f8\",\"name\":\"C\u0103t\u0103lin Dosca\u0219\",\"image\":{\"@type\":\"ImageObject\",\"inLanguage\":\"en-GB\",\"@id\":\"https:\\\/\\\/buletin.de\\\/bucuresti\\\/wp-content\\\/uploads\\\/Catalin-Doscas-e1732731064764-96x96.jpga93e2943bb3b1c1f9ead823df6e6317a\",\"url\":\"https:\\\/\\\/buletin.de\\\/bucuresti\\\/wp-content\\\/uploads\\\/Catalin-Doscas-e1732731064764-96x96.jpg\",\"contentUrl\":\"https:\\\/\\\/buletin.de\\\/bucuresti\\\/wp-content\\\/uploads\\\/Catalin-Doscas-e1732731064764-96x96.jpg\",\"caption\":\"C\u0103t\u0103lin Dosca\u0219\"},\"description\":\"Reporter \u0219i redactor-\u0219ef Buletin de Bucure\u0219ti. Lucreaz\u0103 \u00een mass-media de la v\u00e2rsta de 15 ani, c\u00e2nd a publicat primele articole \u00een presa local\u0103 din Tecuci. \u00cen Bucure\u0219ti a lucrat \u00een redac\u021bii radio ca reporter, redactor \u0219i prezentator (StudentFM, Na\u021bionalFM, Radio Total, Smart FM), unde a acoperit domeniile politic, economic, social \u0219i externe. Ulterior, a fost editor-coordonator al postului Realitatea FM. Experien\u021ba \u00een jurnalismul online a dob\u00e2ndit-o la portalul B365.ro, unde a fost editor. \u00cen 2012 s-a angajat \u00een televiziune. La Realitatea TV a fost, pe r\u00e2nd, reporter la sec\u021bia Social, reporter special la emisiunea de reportaje \u0219i anchete \u201eReporterii Realit\u0103\u021bii\u201d, dar \u0219i editor al jurnalelor de \u0219tiri. Ulterior, a f\u0103cut parte din sec\u021bia de Investiga\u021bii de la Digi24 \u0219i a lucrat la campania \u201eRom\u00e2nia furat\u0103\u201d. A revenit \u00een presa scris\u0103 \u00een 2017, ca reporter special, \u00een cadrul unui proiect de repozi\u021bionare a tabloidului Libertatea \u00een cotidian generalist. Este jurnalist Buletin de Bucure\u0219ti din 2019.\",\"url\":\"https:\\\/\\\/buletin.de\\\/bucuresti\\\/author\\\/catalin\\\/\"}]}<\/script>\n<!-- \/ Yoast SEO Premium plugin. -->","yoast_head_json":{"title":"Un nou drum de \u201edou\u0103 minute\u201d, uitat la proiectarea Autostr\u0103zii Bucure\u0219ti, apare l\u00e2ng\u0103 Otopeni. Infrastructura din Nordul Capitalei \u00eenc\u0103 a\u0219teapt\u0103 finan\u021b\u0103ri externe - Buletin de Bucure\u0219ti","description":"Noua leg\u0103tura ar trebui s\u0103 asigure \u0219i desc\u0103rcarea de pe A3 Bucure\u0219ti-Ploie\u0219ti \u00eentr-o zon\u0103 care ar fi trebuit s\u0103 beneficieze de acest\u0103 facilitate \u00eenc\u0103 de la proiectarea A0.","robots":{"index":"index","follow":"follow","max-snippet":"max-snippet:-1","max-image-preview":"max-image-preview:large","max-video-preview":"max-video-preview:-1"},"canonical":"https:\/\/buletin.de\/bucuresti\/un-nou-drum-de-doua-minute-uitat-la-proiectarea-autostrazii-bucuresti-apare-langa-otopeni-infrastructura-din-nordul-capitalei-inca-asteapta-finantari-externe\/","og_locale":"en_GB","og_type":"article","og_title":"Un nou drum de \u201edou\u0103 minute\u201d, uitat la proiectarea Autostr\u0103zii Bucure\u0219ti, apare l\u00e2ng\u0103 Otopeni. Infrastructura din Nordul Capitalei \u00eenc\u0103 a\u0219teapt\u0103 finan\u021b\u0103ri externe","og_description":"Noua leg\u0103tura ar trebui s\u0103 asigure \u0219i desc\u0103rcarea de pe A3 Bucure\u0219ti-Ploie\u0219ti \u00eentr-o zon\u0103 care ar fi trebuit s\u0103 beneficieze de acest\u0103 facilitate \u00eenc\u0103 de la proiectarea A0.","og_url":"https:\/\/buletin.de\/bucuresti\/un-nou-drum-de-doua-minute-uitat-la-proiectarea-autostrazii-bucuresti-apare-langa-otopeni-infrastructura-din-nordul-capitalei-inca-asteapta-finantari-externe\/","og_site_name":"Buletin de Bucure\u0219ti","article_publisher":"https:\/\/www.facebook.com\/buletin.de.buc","article_published_time":"2026-03-18T08:08:15+00:00","article_modified_time":"2026-03-18T08:37:09+00:00","og_image":[{"width":1000,"height":471,"url":"https:\/\/buletin.de\/bucuresti\/wp-content\/uploads\/2026\/03\/Captura-de-ecran-2026-03-18-093624-1000x471.png","type":"image\/png"}],"author":"C\u0103t\u0103lin Dosca\u0219","twitter_card":"summary_large_image","twitter_misc":{"Written by":"C\u0103t\u0103lin Dosca\u0219","Estimated reading time":"4 minutes"},"schema":{"@context":"https:\/\/schema.org","@graph":[{"@type":"Article","@id":"https:\/\/buletin.de\/bucuresti\/un-nou-drum-de-doua-minute-uitat-la-proiectarea-autostrazii-bucuresti-apare-langa-otopeni-infrastructura-din-nordul-capitalei-inca-asteapta-finantari-externe\/#article","isPartOf":{"@id":"https:\/\/buletin.de\/bucuresti\/un-nou-drum-de-doua-minute-uitat-la-proiectarea-autostrazii-bucuresti-apare-langa-otopeni-infrastructura-din-nordul-capitalei-inca-asteapta-finantari-externe\/"},"author":{"name":"C\u0103t\u0103lin Dosca\u0219","@id":"https:\/\/buletin.de\/bucuresti\/#\/schema\/person\/31117187ed4d0bdb0a4c7d6acc79d0f8"},"headline":"Un nou drum de \u201edou\u0103 minute\u201d, uitat la proiectarea Autostr\u0103zii Bucure\u0219ti, apare l\u00e2ng\u0103 Otopeni. Infrastructura din Nordul Capitalei \u00eenc\u0103 a\u0219teapt\u0103 finan\u021b\u0103ri externe","datePublished":"2026-03-18T08:08:15+00:00","dateModified":"2026-03-18T08:37:09+00:00","mainEntityOfPage":{"@id":"https:\/\/buletin.de\/bucuresti\/un-nou-drum-de-doua-minute-uitat-la-proiectarea-autostrazii-bucuresti-apare-langa-otopeni-infrastructura-din-nordul-capitalei-inca-asteapta-finantari-externe\/"},"wordCount":786,"publisher":{"@id":"https:\/\/buletin.de\/bucuresti\/#organization"},"image":{"@id":"https:\/\/buletin.de\/bucuresti\/un-nou-drum-de-doua-minute-uitat-la-proiectarea-autostrazii-bucuresti-apare-langa-otopeni-infrastructura-din-nordul-capitalei-inca-asteapta-finantari-externe\/#primaryimage"},"thumbnailUrl":"https:\/\/buletin.de\/bucuresti\/wp-content\/uploads\/2026\/03\/Captura-de-ecran-2026-03-18-093624.png","keywords":["autostrada a0","CNIR","drum expres","fonduri europene","infrastructur\u0103 Ilfov","Moara Vl\u0103siei","nod intermodal","terminal 2 otopeni","transport cargo.","tunari"],"articleSection":["Articole","Main","Transport"],"inLanguage":"en-GB","copyrightYear":"2026","copyrightHolder":{"@id":"https:\/\/buletin.de\/bucuresti\/#organization"}},{"@type":"WebPage","@id":"https:\/\/buletin.de\/bucuresti\/un-nou-drum-de-doua-minute-uitat-la-proiectarea-autostrazii-bucuresti-apare-langa-otopeni-infrastructura-din-nordul-capitalei-inca-asteapta-finantari-externe\/","url":"https:\/\/buletin.de\/bucuresti\/un-nou-drum-de-doua-minute-uitat-la-proiectarea-autostrazii-bucuresti-apare-langa-otopeni-infrastructura-din-nordul-capitalei-inca-asteapta-finantari-externe\/","name":"Un nou drum de \u201edou\u0103 minute\u201d, uitat la proiectarea Autostr\u0103zii Bucure\u0219ti, apare l\u00e2ng\u0103 Otopeni. Infrastructura din Nordul Capitalei \u00eenc\u0103 a\u0219teapt\u0103 finan\u021b\u0103ri externe - Buletin de Bucure\u0219ti","isPartOf":{"@id":"https:\/\/buletin.de\/bucuresti\/#website"},"primaryImageOfPage":{"@id":"https:\/\/buletin.de\/bucuresti\/un-nou-drum-de-doua-minute-uitat-la-proiectarea-autostrazii-bucuresti-apare-langa-otopeni-infrastructura-din-nordul-capitalei-inca-asteapta-finantari-externe\/#primaryimage"},"image":{"@id":"https:\/\/buletin.de\/bucuresti\/un-nou-drum-de-doua-minute-uitat-la-proiectarea-autostrazii-bucuresti-apare-langa-otopeni-infrastructura-din-nordul-capitalei-inca-asteapta-finantari-externe\/#primaryimage"},"thumbnailUrl":"https:\/\/buletin.de\/bucuresti\/wp-content\/uploads\/2026\/03\/Captura-de-ecran-2026-03-18-093624.png","datePublished":"2026-03-18T08:08:15+00:00","dateModified":"2026-03-18T08:37:09+00:00","description":"Noua leg\u0103tura ar trebui s\u0103 asigure \u0219i desc\u0103rcarea de pe A3 Bucure\u0219ti-Ploie\u0219ti \u00eentr-o zon\u0103 care ar fi trebuit s\u0103 beneficieze de acest\u0103 facilitate \u00eenc\u0103 de la proiectarea A0.","breadcrumb":{"@id":"https:\/\/buletin.de\/bucuresti\/un-nou-drum-de-doua-minute-uitat-la-proiectarea-autostrazii-bucuresti-apare-langa-otopeni-infrastructura-din-nordul-capitalei-inca-asteapta-finantari-externe\/#breadcrumb"},"inLanguage":"en-GB","potentialAction":[{"@type":"ReadAction","target":["https:\/\/buletin.de\/bucuresti\/un-nou-drum-de-doua-minute-uitat-la-proiectarea-autostrazii-bucuresti-apare-langa-otopeni-infrastructura-din-nordul-capitalei-inca-asteapta-finantari-externe\/"]}]},{"@type":"ImageObject","inLanguage":"en-GB","@id":"https:\/\/buletin.de\/bucuresti\/un-nou-drum-de-doua-minute-uitat-la-proiectarea-autostrazii-bucuresti-apare-langa-otopeni-infrastructura-din-nordul-capitalei-inca-asteapta-finantari-externe\/#primaryimage","url":"https:\/\/buletin.de\/bucuresti\/wp-content\/uploads\/2026\/03\/Captura-de-ecran-2026-03-18-093624.png","contentUrl":"https:\/\/buletin.de\/bucuresti\/wp-content\/uploads\/2026\/03\/Captura-de-ecran-2026-03-18-093624.png","width":2405,"height":1133},{"@type":"BreadcrumbList","@id":"https:\/\/buletin.de\/bucuresti\/un-nou-drum-de-doua-minute-uitat-la-proiectarea-autostrazii-bucuresti-apare-langa-otopeni-infrastructura-din-nordul-capitalei-inca-asteapta-finantari-externe\/#breadcrumb","itemListElement":[{"@type":"ListItem","position":1,"name":"Acas\u0103","item":"https:\/\/buletin.de\/bucuresti\/"},{"@type":"ListItem","position":2,"name":"Un nou drum de \u201edou\u0103 minute\u201d, uitat la proiectarea Autostr\u0103zii Bucure\u0219ti, apare l\u00e2ng\u0103 Otopeni. Infrastructura din Nordul Capitalei \u00eenc\u0103 a\u0219teapt\u0103 finan\u021b\u0103ri externe"}]},{"@type":"WebSite","@id":"https:\/\/buletin.de\/bucuresti\/#website","url":"https:\/\/buletin.de\/bucuresti\/","name":"Buletin de Bucure\u0219ti","description":"\u0218tiri \u0219i investiga\u021bii esen\u021biale din capital\u0103","publisher":{"@id":"https:\/\/buletin.de\/bucuresti\/#organization"},"potentialAction":[{"@type":"SearchAction","target":{"@type":"EntryPoint","urlTemplate":"https:\/\/buletin.de\/bucuresti\/?s={search_term_string}"},"query-input":{"@type":"PropertyValueSpecification","valueRequired":true,"valueName":"search_term_string"}}],"inLanguage":"en-GB"},{"@type":"Organization","@id":"https:\/\/buletin.de\/bucuresti\/#organization","name":"Buletin de Bucure\u0219ti","url":"https:\/\/buletin.de\/bucuresti\/","logo":{"@type":"ImageObject","inLanguage":"en-GB","@id":"https:\/\/buletin.de\/bucuresti\/#\/schema\/logo\/image\/","url":"https:\/\/buletin.de\/bucuresti\/wp-content\/uploads\/logo-bdb-full-wide-vernil-transparent.png","contentUrl":"https:\/\/buletin.de\/bucuresti\/wp-content\/uploads\/logo-bdb-full-wide-vernil-transparent.png","width":1782,"height":626,"caption":"Buletin de Bucure\u0219ti"},"image":{"@id":"https:\/\/buletin.de\/bucuresti\/#\/schema\/logo\/image\/"},"sameAs":["https:\/\/www.facebook.com\/buletin.de.buc","https:\/\/www.instagram.com\/buletinde.bucuresti\/"]},{"@type":"Person","@id":"https:\/\/buletin.de\/bucuresti\/#\/schema\/person\/31117187ed4d0bdb0a4c7d6acc79d0f8","name":"C\u0103t\u0103lin Dosca\u0219","image":{"@type":"ImageObject","inLanguage":"en-GB","@id":"https:\/\/buletin.de\/bucuresti\/wp-content\/uploads\/Catalin-Doscas-e1732731064764-96x96.jpga93e2943bb3b1c1f9ead823df6e6317a","url":"https:\/\/buletin.de\/bucuresti\/wp-content\/uploads\/Catalin-Doscas-e1732731064764-96x96.jpg","contentUrl":"https:\/\/buletin.de\/bucuresti\/wp-content\/uploads\/Catalin-Doscas-e1732731064764-96x96.jpg","caption":"C\u0103t\u0103lin Dosca\u0219"},"description":"Reporter \u0219i redactor-\u0219ef Buletin de Bucure\u0219ti. Lucreaz\u0103 \u00een mass-media de la v\u00e2rsta de 15 ani, c\u00e2nd a publicat primele articole \u00een presa local\u0103 din Tecuci. \u00cen Bucure\u0219ti a lucrat \u00een redac\u021bii radio ca reporter, redactor \u0219i prezentator (StudentFM, Na\u021bionalFM, Radio Total, Smart FM), unde a acoperit domeniile politic, economic, social \u0219i externe. Ulterior, a fost editor-coordonator al postului Realitatea FM. Experien\u021ba \u00een jurnalismul online a dob\u00e2ndit-o la portalul B365.ro, unde a fost editor. \u00cen 2012 s-a angajat \u00een televiziune. La Realitatea TV a fost, pe r\u00e2nd, reporter la sec\u021bia Social, reporter special la emisiunea de reportaje \u0219i anchete \u201eReporterii Realit\u0103\u021bii\u201d, dar \u0219i editor al jurnalelor de \u0219tiri. Ulterior, a f\u0103cut parte din sec\u021bia de Investiga\u021bii de la Digi24 \u0219i a lucrat la campania \u201eRom\u00e2nia furat\u0103\u201d. A revenit \u00een presa scris\u0103 \u00een 2017, ca reporter special, \u00een cadrul unui proiect de repozi\u021bionare a tabloidului Libertatea \u00een cotidian generalist. Este jurnalist Buletin de Bucure\u0219ti din 2019.","url":"https:\/\/buletin.de\/bucuresti\/author\/catalin\/"}]}},"authors":[{"term_id":22575,"user_id":10,"is_guest":0,"slug":"catalin","display_name":"C\u0103t\u0103lin Dosca\u0219","avatar_url":"https:\/\/buletin.de\/bucuresti\/wp-content\/uploads\/Catalin-Doscas-e1732731064764-96x96.jpg","0":null,"1":"","2":"","3":"","4":"","5":"","6":"","7":"","8":""}],"_links":{"self":[{"href":"https:\/\/buletin.de\/bucuresti\/wp-json\/wp\/v2\/posts\/181297","targetHints":{"allow":["GET"]}}],"collection":[{"href":"https:\/\/buletin.de\/bucuresti\/wp-json\/wp\/v2\/posts"}],"about":[{"href":"https:\/\/buletin.de\/bucuresti\/wp-json\/wp\/v2\/types\/post"}],"author":[{"embeddable":true,"href":"https:\/\/buletin.de\/bucuresti\/wp-json\/wp\/v2\/users\/10"}],"replies":[{"embeddable":true,"href":"https:\/\/buletin.de\/bucuresti\/wp-json\/wp\/v2\/comments?post=181297"}],"version-history":[{"count":4,"href":"https:\/\/buletin.de\/bucuresti\/wp-json\/wp\/v2\/posts\/181297\/revisions"}],"predecessor-version":[{"id":181308,"href":"https:\/\/buletin.de\/bucuresti\/wp-json\/wp\/v2\/posts\/181297\/revisions\/181308"}],"wp:featuredmedia":[{"embeddable":true,"href":"https:\/\/buletin.de\/bucuresti\/wp-json\/wp\/v2\/media\/181299"}],"wp:attachment":[{"href":"https:\/\/buletin.de\/bucuresti\/wp-json\/wp\/v2\/media?parent=181297"}],"wp:term":[{"taxonomy":"category","embeddable":true,"href":"https:\/\/buletin.de\/bucuresti\/wp-json\/wp\/v2\/categories?post=181297"},{"taxonomy":"post_tag","embeddable":true,"href":"https:\/\/buletin.de\/bucuresti\/wp-json\/wp\/v2\/tags?post=181297"},{"taxonomy":"author","embeddable":true,"href":"https:\/\/buletin.de\/bucuresti\/wp-json\/wp\/v2\/ppma_author?post=181297"}],"curies":[{"name":"wp","href":"https:\/\/api.w.org\/{rel}","templated":true}]}}