{"id":181276,"date":"2026-03-18T10:31:06","date_gmt":"2026-03-18T07:31:06","guid":{"rendered":"https:\/\/buletin.de\/bucuresti\/?p=181276"},"modified":"2026-03-18T11:10:34","modified_gmt":"2026-03-18T08:10:34","slug":"elcen-construieste-o-centrala-noua-la-cet-sud-cu-randament-de-peste-85-dupa-avariile-din-ultimele-luni","status":"publish","type":"post","link":"https:\/\/buletin.de\/bucuresti\/elcen-construieste-o-centrala-noua-la-cet-sud-cu-randament-de-peste-85-dupa-avariile-din-ultimele-luni\/","title":{"rendered":"ELCEN anun\u021b\u0103 o central\u0103 nou\u0103 la CET Sud, \u201ecu randament de peste 85%\u201d, dup\u0103 avariile din ultimele luni"},"content":{"rendered":"\n<p><strong>Electrocentrale Bucure\u0219ti (ELCEN) <a href=\"https:\/\/www.facebook.com\/story.php?story_fbid=1443992560850620&amp;id=100057196700786&amp;rdid=GPzMrUBOhFZMFxgC#\" type=\"link\" id=\"https:\/\/www.facebook.com\/story.php?story_fbid=1443992560850620&amp;id=100057196700786&amp;rdid=GPzMrUBOhFZMFxgC#\" target=\"_blank\" rel=\"noreferrer noopener\">a anun\u021bat<\/a> deschiderea ofertelor pentru a construi o central\u0103 nou\u0103 de cogenerare de la CET Bucure\u0219ti SUD, un proiect considerat necesar cre\u0219terea eficien\u021bei energetice \u00een Capital\u0103. <\/strong><\/p>\n\n\n\n<p>Pentru implementarea proiectului, au fost depuse \u0219ase oferte din partea unor operatori economici de anvergur\u0103 interna\u021bional\u0103, ceea ce confirm\u0103 un interes crescut din partea pie\u021bei, dup\u0103 cum a anun\u021bat compania pe 17 martie. <\/p>\n\n\n\n<p>Anun\u021bul vine \u00een contextul \u00een care sistemul de termoficare s-a confruntat cu mai multe probleme \u00een ultimele luni. \u00cenc\u0103 din primele zile ale anului 2026, numeroase blocuri din Bucure\u0219ti au r\u0103mas f\u0103r\u0103 ap\u0103 cald\u0103 \u0219i c\u0103ldur\u0103 din cauza avariilor la CET Sud. <\/p>\n\n\n\n<p>Agentul termic nu a fost livrat \u00een locuin\u021bele multor bucure\u0219teni nici dup\u0103 ce avaria a fost remediat\u0103. \u00cen ianuarie, ELCEN anun\u021ba c\u0103<a href=\"https:\/\/buletin.de\/bucuresti\/elcen-adaos-de-apa-de-300-t-h-peste-limita-de-avarie-debitul-nu-poate-fi-crescut-din-cauza-instalatiilor-de-tratare-chimica-care-nu-mai-fac-fata-pierderilor-din-retea\/\" type=\"link\" id=\"https:\/\/buletin.de\/bucuresti\/elcen-adaos-de-apa-de-300-t-h-peste-limita-de-avarie-debitul-nu-poate-fi-crescut-din-cauza-instalatiilor-de-tratare-chimica-care-nu-mai-fac-fata-pierderilor-din-retea\/\" target=\"_blank\" rel=\"noreferrer noopener\"> centralele sale func\u021bionau peste limitele normale<\/a>, \u00eentruc\u00e2t este nevoie de o presiune mai mare pentru a men\u021bine temperatura livrat\u0103 \u00een condi\u021bii de ger.<\/p>\n\n\n\n<p>Problemele au continuat \u0219i \u00een luna februarie, dup\u0103 ce o nou\u0103 avarie la CET Sud a l\u0103sat aproape 4.000 de blocuri f\u0103r\u0103 agent termic.<\/p>\n\n\n\n<p>CITE\u0218TE \u0218I <a href=\"https:\/\/buletin.de\/bucuresti\/avarie-la-cet-sud-sistemul-de-termoficare-atinge-un-prag-psihologic-critic-cu-aproape-4-000-de-blocuri-afectate-elcen-livreaza-apa-calaie\/\" type=\"link\" id=\"https:\/\/buletin.de\/bucuresti\/avarie-la-cet-sud-sistemul-de-termoficare-atinge-un-prag-psihologic-critic-cu-aproape-4-000-de-blocuri-afectate-elcen-livreaza-apa-calaie\/\" target=\"_blank\" rel=\"noreferrer noopener\">Avarie la CET Sud. Sistemul de termoficare atinge un prag psihologic critic, cu aproape 4.000 de blocuri afectate. ELCEN livreaz\u0103 ap\u0103 c\u0103l\u00e2ie<\/a><\/p>\n\n\n\n<h2 class=\"wp-block-heading\" id=\"h-elcen-construie\u0219te-o-centrala-noua-la-cet-sud\">ELCEN construie\u0219te o central\u0103 nou\u0103 la CET Sud<\/h2>\n\n\n\n<p><strong>Noua central\u0103 de la Bucure\u0219ti Sud va asigura producerea mai eficient\u0103 a energiei electrice \u0219i termice, cu un randament de peste 85%, \u0219i va contribui la reducerea semnificativ\u0103 a emisiilor, dup\u0103 cum a anun\u021bat ELCEN.<\/strong><\/p>\n\n\n\n<p>Totodat\u0103, compania anun\u021b\u0103 c\u0103 noua central\u0103 va cre\u0219te siguran\u021ba aliment\u0103rii cu c\u0103ldur\u0103 \u0219i ap\u0103 cald\u0103 pentru sistemul de termoficare din Capital\u0103 \u0219i \u201eva consolida stabilitatea \u0219i echilibrul Sistemului Energetic Na\u021bional, prin capacit\u0103\u021bi moderne \u0219i flexibile\u201d. <\/p>\n\n\n\n<p><strong>\u00cen plus, centrala va utiliza o tehnologie numit\u0103 \u201ehydrogen ready\u201d, care va permite, \u00een viitor, integrarea hidrogenului \u00een mixul energetic, \u201e\u00een linie cu obiectivele de decarbonare\u201d.<\/strong> Mai exact, noua tehnologie permite func\u021bionarea instala\u021biilor cu un amestec de gaze naturale \u0219i hidrogen.<\/p>\n\n\n\n<p>Aceasta reprezint\u0103 prima etap\u0103 concret\u0103 dintr-un program amplu de investi\u021bii, care include \u0219i dezvoltarea noilor capacit\u0103\u021bi de la Groz\u0103ve\u0219ti \u0219i Progresu, toate fiind sus\u021binute prin Fondul pentru Modernizare. <\/p>\n\n\n\n<h3 class=\"wp-block-heading\" id=\"h-licita\u021bia-lansata-la-finalul-anului-trecut\">Licita\u021bia, lansat\u0103 la finalul anului trecut <\/h3>\n\n\n\n<p>ELCEN a anun\u021bat \u00eenc\u0103 din decembrie acest proiect. La momentul respectiv, compania a lansat \u00een Sistemul Electronic de Achizi\u021bii Publice <a href=\"https:\/\/buletin.de\/bucuresti\/elcen-vrea-o-noua-centrala-la-cet-sud-mai-puternica-decat-hidrocentrala-vidraru\/\" type=\"link\" id=\"https:\/\/buletin.de\/bucuresti\/elcen-vrea-o-noua-centrala-la-cet-sud-mai-puternica-decat-hidrocentrala-vidraru\/\" target=\"_blank\" rel=\"noreferrer noopener\">procedura pentru construc\u021bia unei noi centrale de cogenerare pe actualul amplasament al CET Bucure\u0219ti Sud<\/a>.<strong> Investi\u021bia este estimat\u0103 la peste 2,1 miliarde de lei, adic\u0103 peste 418 milioane de euro, \u0219i vizeaz\u0103 o capacitate de produc\u021bie de 275 MW.<\/strong><\/p>\n\n\n\n<p>Noua investi\u021bie\u00a0ar dep\u0103\u0219i chiar \u0219i capacitatea actual\u0103 de func\u021bionare a centralei CET Bucure\u0219ti Sud. Mai mult, puterea propus\u0103 pentru noua central\u0103 dep\u0103\u0219e\u0219te capacitatea Hidrocentralei Vidraru, care livreaz\u0103 \u00een sistemul na\u021bional 220 MW, \u00een v\u00e2rf de sarcin\u0103.<\/p>\n\n\n\n<p>CITE\u0218TE \u0218I <a href=\"https:\/\/buletin.de\/bucuresti\/prognoza-speciala-pentru-bucuresti-anm-anunta-ca-urmeaza-zile-cu-vant-puternic\/\" target=\"_blank\" rel=\"noreferrer noopener\">Prognoz\u0103 special\u0103 pentru Bucure\u0219ti. ANM anun\u021b\u0103 c\u0103 urmeaz\u0103 zile cu v\u00e2nt puternic<\/a><\/p>\n","protected":false},"excerpt":{"rendered":"<p>Electrocentrale Bucure\u0219ti (ELCEN) a anun\u021bat deschiderea ofertelor pentru a construi o central\u0103 nou\u0103 de cogenerare de la CET Bucure\u0219ti SUD, un proiect considerat necesar cre\u0219terea eficien\u021bei energetice \u00een Capital\u0103. Pentru implementarea proiectului, au fost depuse \u0219ase oferte din partea unor operatori economici de anvergur\u0103 interna\u021bional\u0103, ceea ce confirm\u0103 un interes crescut din partea pie\u021bei, dup\u0103 [&hellip;]<\/p>\n","protected":false},"author":65,"featured_media":181282,"comment_status":"closed","ping_status":"open","sticky":false,"template":"","format":"standard","meta":{"_acf_changed":false,"inline_featured_image":false,"ngg_post_thumbnail":0,"footnotes":""},"categories":[6994,5762,6214],"tags":[252,1961,237,6060],"ppma_author":[23912],"class_list":["post-181276","post","type-post","status-publish","format-standard","has-post-thumbnail","hentry","category-stiri-2","category-main","category-termo","tag-centrala","tag-cet-sud","tag-elcen","tag-electrocentrale-bucuresti"],"acf":[],"yoast_head":"<!-- This site is optimized with the Yoast SEO Premium plugin v25.3 (Yoast SEO v27.5) - https:\/\/yoast.com\/product\/yoast-seo-premium-wordpress\/ -->\n<title>ELCEN anun\u021b\u0103 o central\u0103 nou\u0103 la CET Sud, \u201ecu randament de peste 85%\u201d, dup\u0103 avariile din ultimele luni - Buletin de Bucure\u0219ti<\/title>\n<meta name=\"robots\" content=\"index, follow, max-snippet:-1, max-image-preview:large, max-video-preview:-1\" \/>\n<link rel=\"canonical\" href=\"https:\/\/buletin.de\/bucuresti\/elcen-construieste-o-centrala-noua-la-cet-sud-cu-randament-de-peste-85-dupa-avariile-din-ultimele-luni\/\" \/>\n<meta property=\"og:locale\" content=\"en_GB\" \/>\n<meta property=\"og:type\" content=\"article\" \/>\n<meta property=\"og:title\" content=\"ELCEN anun\u021b\u0103 o central\u0103 nou\u0103 la CET Sud, \u201ecu randament de peste 85%\u201d, dup\u0103 avariile din ultimele luni\" \/>\n<meta property=\"og:description\" content=\"Electrocentrale Bucure\u0219ti (ELCEN) a anun\u021bat deschiderea ofertelor pentru a construi o central\u0103 nou\u0103 de cogenerare de la CET Bucure\u0219ti SUD, un proiect considerat necesar cre\u0219terea eficien\u021bei energetice \u00een Capital\u0103. Pentru implementarea proiectului, au fost depuse \u0219ase oferte din partea unor operatori economici de anvergur\u0103 interna\u021bional\u0103, ceea ce confirm\u0103 un interes crescut din partea pie\u021bei, dup\u0103 [&hellip;]\" \/>\n<meta property=\"og:url\" content=\"https:\/\/buletin.de\/bucuresti\/elcen-construieste-o-centrala-noua-la-cet-sud-cu-randament-de-peste-85-dupa-avariile-din-ultimele-luni\/\" \/>\n<meta property=\"og:site_name\" content=\"Buletin de Bucure\u0219ti\" \/>\n<meta property=\"article:publisher\" content=\"https:\/\/www.facebook.com\/buletin.de.buc\" \/>\n<meta property=\"article:published_time\" content=\"2026-03-18T07:31:06+00:00\" \/>\n<meta property=\"article:modified_time\" content=\"2026-03-18T08:10:34+00:00\" \/>\n<meta property=\"og:image\" content=\"https:\/\/buletin.de\/bucuresti\/wp-content\/uploads\/2026\/03\/ID131844_INQUAM_Photos_Octav_Ganea-scaled-1.jpg\" \/>\n\t<meta property=\"og:image:width\" content=\"2560\" \/>\n\t<meta property=\"og:image:height\" content=\"1707\" \/>\n\t<meta property=\"og:image:type\" content=\"image\/jpeg\" \/>\n<meta name=\"author\" content=\"Andreea St\u0103n\u0103r\u00eeng\u0103\" \/>\n<meta name=\"twitter:card\" content=\"summary_large_image\" \/>\n<meta name=\"twitter:label1\" content=\"Written by\" \/>\n\t<meta name=\"twitter:data1\" content=\"Andreea St\u0103n\u0103r\u00eeng\u0103\" \/>\n\t<meta name=\"twitter:label2\" content=\"Estimated reading time\" \/>\n\t<meta name=\"twitter:data2\" content=\"3 minutes\" \/>\n<script type=\"application\/ld+json\" class=\"yoast-schema-graph\">{\"@context\":\"https:\\\/\\\/schema.org\",\"@graph\":[{\"@type\":\"Article\",\"@id\":\"https:\\\/\\\/buletin.de\\\/bucuresti\\\/elcen-construieste-o-centrala-noua-la-cet-sud-cu-randament-de-peste-85-dupa-avariile-din-ultimele-luni\\\/#article\",\"isPartOf\":{\"@id\":\"https:\\\/\\\/buletin.de\\\/bucuresti\\\/elcen-construieste-o-centrala-noua-la-cet-sud-cu-randament-de-peste-85-dupa-avariile-din-ultimele-luni\\\/\"},\"author\":{\"name\":\"Andreea St\u0103n\u0103r\u00eeng\u0103\",\"@id\":\"https:\\\/\\\/buletin.de\\\/bucuresti\\\/#\\\/schema\\\/person\\\/81421a46fb84a0887cfd2238f5202586\"},\"headline\":\"ELCEN anun\u021b\u0103 o central\u0103 nou\u0103 la CET Sud, \u201ecu randament de peste 85%\u201d, dup\u0103 avariile din ultimele luni\",\"datePublished\":\"2026-03-18T07:31:06+00:00\",\"dateModified\":\"2026-03-18T08:10:34+00:00\",\"mainEntityOfPage\":{\"@id\":\"https:\\\/\\\/buletin.de\\\/bucuresti\\\/elcen-construieste-o-centrala-noua-la-cet-sud-cu-randament-de-peste-85-dupa-avariile-din-ultimele-luni\\\/\"},\"wordCount\":527,\"publisher\":{\"@id\":\"https:\\\/\\\/buletin.de\\\/bucuresti\\\/#organization\"},\"image\":{\"@id\":\"https:\\\/\\\/buletin.de\\\/bucuresti\\\/elcen-construieste-o-centrala-noua-la-cet-sud-cu-randament-de-peste-85-dupa-avariile-din-ultimele-luni\\\/#primaryimage\"},\"thumbnailUrl\":\"https:\\\/\\\/buletin.de\\\/bucuresti\\\/wp-content\\\/uploads\\\/2026\\\/03\\\/ID131844_INQUAM_Photos_Octav_Ganea-scaled-1.jpg\",\"keywords\":[\"centrala\",\"cet sud\",\"elcen\",\"Electrocentrale Bucuresti\"],\"articleSection\":[\"Articole\",\"Main\",\"Termoficare\"],\"inLanguage\":\"en-GB\",\"copyrightYear\":\"2026\",\"copyrightHolder\":{\"@id\":\"https:\\\/\\\/buletin.de\\\/bucuresti\\\/#organization\"}},{\"@type\":\"WebPage\",\"@id\":\"https:\\\/\\\/buletin.de\\\/bucuresti\\\/elcen-construieste-o-centrala-noua-la-cet-sud-cu-randament-de-peste-85-dupa-avariile-din-ultimele-luni\\\/\",\"url\":\"https:\\\/\\\/buletin.de\\\/bucuresti\\\/elcen-construieste-o-centrala-noua-la-cet-sud-cu-randament-de-peste-85-dupa-avariile-din-ultimele-luni\\\/\",\"name\":\"ELCEN anun\u021b\u0103 o central\u0103 nou\u0103 la CET Sud, \u201ecu randament de peste 85%\u201d, dup\u0103 avariile din ultimele luni - Buletin de Bucure\u0219ti\",\"isPartOf\":{\"@id\":\"https:\\\/\\\/buletin.de\\\/bucuresti\\\/#website\"},\"primaryImageOfPage\":{\"@id\":\"https:\\\/\\\/buletin.de\\\/bucuresti\\\/elcen-construieste-o-centrala-noua-la-cet-sud-cu-randament-de-peste-85-dupa-avariile-din-ultimele-luni\\\/#primaryimage\"},\"image\":{\"@id\":\"https:\\\/\\\/buletin.de\\\/bucuresti\\\/elcen-construieste-o-centrala-noua-la-cet-sud-cu-randament-de-peste-85-dupa-avariile-din-ultimele-luni\\\/#primaryimage\"},\"thumbnailUrl\":\"https:\\\/\\\/buletin.de\\\/bucuresti\\\/wp-content\\\/uploads\\\/2026\\\/03\\\/ID131844_INQUAM_Photos_Octav_Ganea-scaled-1.jpg\",\"datePublished\":\"2026-03-18T07:31:06+00:00\",\"dateModified\":\"2026-03-18T08:10:34+00:00\",\"breadcrumb\":{\"@id\":\"https:\\\/\\\/buletin.de\\\/bucuresti\\\/elcen-construieste-o-centrala-noua-la-cet-sud-cu-randament-de-peste-85-dupa-avariile-din-ultimele-luni\\\/#breadcrumb\"},\"inLanguage\":\"en-GB\",\"potentialAction\":[{\"@type\":\"ReadAction\",\"target\":[\"https:\\\/\\\/buletin.de\\\/bucuresti\\\/elcen-construieste-o-centrala-noua-la-cet-sud-cu-randament-de-peste-85-dupa-avariile-din-ultimele-luni\\\/\"]}]},{\"@type\":\"ImageObject\",\"inLanguage\":\"en-GB\",\"@id\":\"https:\\\/\\\/buletin.de\\\/bucuresti\\\/elcen-construieste-o-centrala-noua-la-cet-sud-cu-randament-de-peste-85-dupa-avariile-din-ultimele-luni\\\/#primaryimage\",\"url\":\"https:\\\/\\\/buletin.de\\\/bucuresti\\\/wp-content\\\/uploads\\\/2026\\\/03\\\/ID131844_INQUAM_Photos_Octav_Ganea-scaled-1.jpg\",\"contentUrl\":\"https:\\\/\\\/buletin.de\\\/bucuresti\\\/wp-content\\\/uploads\\\/2026\\\/03\\\/ID131844_INQUAM_Photos_Octav_Ganea-scaled-1.jpg\",\"width\":2560,\"height\":1707,\"caption\":\"ELCEN anun\u021b\u0103 deschiderea ofertelor pentru noua central\u0103 ce la CET Sud. Foto: Inquam Photos \\\/ Octav Ganea\"},{\"@type\":\"BreadcrumbList\",\"@id\":\"https:\\\/\\\/buletin.de\\\/bucuresti\\\/elcen-construieste-o-centrala-noua-la-cet-sud-cu-randament-de-peste-85-dupa-avariile-din-ultimele-luni\\\/#breadcrumb\",\"itemListElement\":[{\"@type\":\"ListItem\",\"position\":1,\"name\":\"Acas\u0103\",\"item\":\"https:\\\/\\\/buletin.de\\\/bucuresti\\\/\"},{\"@type\":\"ListItem\",\"position\":2,\"name\":\"ELCEN anun\u021b\u0103 o central\u0103 nou\u0103 la CET Sud, \u201ecu randament de peste 85%\u201d, dup\u0103 avariile din ultimele luni\"}]},{\"@type\":\"WebSite\",\"@id\":\"https:\\\/\\\/buletin.de\\\/bucuresti\\\/#website\",\"url\":\"https:\\\/\\\/buletin.de\\\/bucuresti\\\/\",\"name\":\"Buletin de Bucure\u0219ti\",\"description\":\"\u0218tiri \u0219i investiga\u021bii esen\u021biale din capital\u0103\",\"publisher\":{\"@id\":\"https:\\\/\\\/buletin.de\\\/bucuresti\\\/#organization\"},\"potentialAction\":[{\"@type\":\"SearchAction\",\"target\":{\"@type\":\"EntryPoint\",\"urlTemplate\":\"https:\\\/\\\/buletin.de\\\/bucuresti\\\/?s={search_term_string}\"},\"query-input\":{\"@type\":\"PropertyValueSpecification\",\"valueRequired\":true,\"valueName\":\"search_term_string\"}}],\"inLanguage\":\"en-GB\"},{\"@type\":\"Organization\",\"@id\":\"https:\\\/\\\/buletin.de\\\/bucuresti\\\/#organization\",\"name\":\"Buletin de Bucure\u0219ti\",\"url\":\"https:\\\/\\\/buletin.de\\\/bucuresti\\\/\",\"logo\":{\"@type\":\"ImageObject\",\"inLanguage\":\"en-GB\",\"@id\":\"https:\\\/\\\/buletin.de\\\/bucuresti\\\/#\\\/schema\\\/logo\\\/image\\\/\",\"url\":\"https:\\\/\\\/buletin.de\\\/bucuresti\\\/wp-content\\\/uploads\\\/logo-bdb-full-wide-vernil-transparent.png\",\"contentUrl\":\"https:\\\/\\\/buletin.de\\\/bucuresti\\\/wp-content\\\/uploads\\\/logo-bdb-full-wide-vernil-transparent.png\",\"width\":1782,\"height\":626,\"caption\":\"Buletin de Bucure\u0219ti\"},\"image\":{\"@id\":\"https:\\\/\\\/buletin.de\\\/bucuresti\\\/#\\\/schema\\\/logo\\\/image\\\/\"},\"sameAs\":[\"https:\\\/\\\/www.facebook.com\\\/buletin.de.buc\",\"https:\\\/\\\/www.instagram.com\\\/buletinde.bucuresti\\\/\"]},{\"@type\":\"Person\",\"@id\":\"https:\\\/\\\/buletin.de\\\/bucuresti\\\/#\\\/schema\\\/person\\\/81421a46fb84a0887cfd2238f5202586\",\"name\":\"Andreea St\u0103n\u0103r\u00eeng\u0103\",\"image\":{\"@type\":\"ImageObject\",\"inLanguage\":\"en-GB\",\"@id\":\"https:\\\/\\\/secure.gravatar.com\\\/avatar\\\/dfa8d227a4388fad0f0bb03add04b5b176f4da34397dbb2eadc563b3d7162ce0?s=96&d=monsterid&r=g72784372b39ffe5a98a45288fe0d0e8a\",\"url\":\"https:\\\/\\\/secure.gravatar.com\\\/avatar\\\/dfa8d227a4388fad0f0bb03add04b5b176f4da34397dbb2eadc563b3d7162ce0?s=96&d=monsterid&r=g\",\"contentUrl\":\"https:\\\/\\\/secure.gravatar.com\\\/avatar\\\/dfa8d227a4388fad0f0bb03add04b5b176f4da34397dbb2eadc563b3d7162ce0?s=96&d=monsterid&r=g\",\"caption\":\"Andreea St\u0103n\u0103r\u00eeng\u0103\"},\"description\":\"Cu o experien\u021b\u0103 de peste 5 ani \u00een pres\u0103, face parte din echipa Buletin de Bucure\u0219ti din septembrie 2025. A colaborat cu c\u00e2teva publica\u021bii, printre care \u0219i Fanatik.ro, unde s-a ocupat de \u0219tiri de lifestyle \u0219i de actualitate. A f\u0103cut un pas c\u0103tre presa local\u0103 pentru a explora Bucure\u0219tiul \u0219i pove\u0219tile care merit\u0103 spuse.\",\"url\":\"https:\\\/\\\/buletin.de\\\/bucuresti\\\/author\\\/andreea-stanaranga\\\/\"}]}<\/script>\n<!-- \/ Yoast SEO Premium plugin. -->","yoast_head_json":{"title":"ELCEN anun\u021b\u0103 o central\u0103 nou\u0103 la CET Sud, \u201ecu randament de peste 85%\u201d, dup\u0103 avariile din ultimele luni - Buletin de Bucure\u0219ti","robots":{"index":"index","follow":"follow","max-snippet":"max-snippet:-1","max-image-preview":"max-image-preview:large","max-video-preview":"max-video-preview:-1"},"canonical":"https:\/\/buletin.de\/bucuresti\/elcen-construieste-o-centrala-noua-la-cet-sud-cu-randament-de-peste-85-dupa-avariile-din-ultimele-luni\/","og_locale":"en_GB","og_type":"article","og_title":"ELCEN anun\u021b\u0103 o central\u0103 nou\u0103 la CET Sud, \u201ecu randament de peste 85%\u201d, dup\u0103 avariile din ultimele luni","og_description":"Electrocentrale Bucure\u0219ti (ELCEN) a anun\u021bat deschiderea ofertelor pentru a construi o central\u0103 nou\u0103 de cogenerare de la CET Bucure\u0219ti SUD, un proiect considerat necesar cre\u0219terea eficien\u021bei energetice \u00een Capital\u0103. Pentru implementarea proiectului, au fost depuse \u0219ase oferte din partea unor operatori economici de anvergur\u0103 interna\u021bional\u0103, ceea ce confirm\u0103 un interes crescut din partea pie\u021bei, dup\u0103 [&hellip;]","og_url":"https:\/\/buletin.de\/bucuresti\/elcen-construieste-o-centrala-noua-la-cet-sud-cu-randament-de-peste-85-dupa-avariile-din-ultimele-luni\/","og_site_name":"Buletin de Bucure\u0219ti","article_publisher":"https:\/\/www.facebook.com\/buletin.de.buc","article_published_time":"2026-03-18T07:31:06+00:00","article_modified_time":"2026-03-18T08:10:34+00:00","og_image":[{"width":2560,"height":1707,"url":"https:\/\/buletin.de\/bucuresti\/wp-content\/uploads\/2026\/03\/ID131844_INQUAM_Photos_Octav_Ganea-scaled-1.jpg","type":"image\/jpeg"}],"author":"Andreea St\u0103n\u0103r\u00eeng\u0103","twitter_card":"summary_large_image","twitter_misc":{"Written by":"Andreea St\u0103n\u0103r\u00eeng\u0103","Estimated reading time":"3 minutes"},"schema":{"@context":"https:\/\/schema.org","@graph":[{"@type":"Article","@id":"https:\/\/buletin.de\/bucuresti\/elcen-construieste-o-centrala-noua-la-cet-sud-cu-randament-de-peste-85-dupa-avariile-din-ultimele-luni\/#article","isPartOf":{"@id":"https:\/\/buletin.de\/bucuresti\/elcen-construieste-o-centrala-noua-la-cet-sud-cu-randament-de-peste-85-dupa-avariile-din-ultimele-luni\/"},"author":{"name":"Andreea St\u0103n\u0103r\u00eeng\u0103","@id":"https:\/\/buletin.de\/bucuresti\/#\/schema\/person\/81421a46fb84a0887cfd2238f5202586"},"headline":"ELCEN anun\u021b\u0103 o central\u0103 nou\u0103 la CET Sud, \u201ecu randament de peste 85%\u201d, dup\u0103 avariile din ultimele luni","datePublished":"2026-03-18T07:31:06+00:00","dateModified":"2026-03-18T08:10:34+00:00","mainEntityOfPage":{"@id":"https:\/\/buletin.de\/bucuresti\/elcen-construieste-o-centrala-noua-la-cet-sud-cu-randament-de-peste-85-dupa-avariile-din-ultimele-luni\/"},"wordCount":527,"publisher":{"@id":"https:\/\/buletin.de\/bucuresti\/#organization"},"image":{"@id":"https:\/\/buletin.de\/bucuresti\/elcen-construieste-o-centrala-noua-la-cet-sud-cu-randament-de-peste-85-dupa-avariile-din-ultimele-luni\/#primaryimage"},"thumbnailUrl":"https:\/\/buletin.de\/bucuresti\/wp-content\/uploads\/2026\/03\/ID131844_INQUAM_Photos_Octav_Ganea-scaled-1.jpg","keywords":["centrala","cet sud","elcen","Electrocentrale Bucuresti"],"articleSection":["Articole","Main","Termoficare"],"inLanguage":"en-GB","copyrightYear":"2026","copyrightHolder":{"@id":"https:\/\/buletin.de\/bucuresti\/#organization"}},{"@type":"WebPage","@id":"https:\/\/buletin.de\/bucuresti\/elcen-construieste-o-centrala-noua-la-cet-sud-cu-randament-de-peste-85-dupa-avariile-din-ultimele-luni\/","url":"https:\/\/buletin.de\/bucuresti\/elcen-construieste-o-centrala-noua-la-cet-sud-cu-randament-de-peste-85-dupa-avariile-din-ultimele-luni\/","name":"ELCEN anun\u021b\u0103 o central\u0103 nou\u0103 la CET Sud, \u201ecu randament de peste 85%\u201d, dup\u0103 avariile din ultimele luni - Buletin de Bucure\u0219ti","isPartOf":{"@id":"https:\/\/buletin.de\/bucuresti\/#website"},"primaryImageOfPage":{"@id":"https:\/\/buletin.de\/bucuresti\/elcen-construieste-o-centrala-noua-la-cet-sud-cu-randament-de-peste-85-dupa-avariile-din-ultimele-luni\/#primaryimage"},"image":{"@id":"https:\/\/buletin.de\/bucuresti\/elcen-construieste-o-centrala-noua-la-cet-sud-cu-randament-de-peste-85-dupa-avariile-din-ultimele-luni\/#primaryimage"},"thumbnailUrl":"https:\/\/buletin.de\/bucuresti\/wp-content\/uploads\/2026\/03\/ID131844_INQUAM_Photos_Octav_Ganea-scaled-1.jpg","datePublished":"2026-03-18T07:31:06+00:00","dateModified":"2026-03-18T08:10:34+00:00","breadcrumb":{"@id":"https:\/\/buletin.de\/bucuresti\/elcen-construieste-o-centrala-noua-la-cet-sud-cu-randament-de-peste-85-dupa-avariile-din-ultimele-luni\/#breadcrumb"},"inLanguage":"en-GB","potentialAction":[{"@type":"ReadAction","target":["https:\/\/buletin.de\/bucuresti\/elcen-construieste-o-centrala-noua-la-cet-sud-cu-randament-de-peste-85-dupa-avariile-din-ultimele-luni\/"]}]},{"@type":"ImageObject","inLanguage":"en-GB","@id":"https:\/\/buletin.de\/bucuresti\/elcen-construieste-o-centrala-noua-la-cet-sud-cu-randament-de-peste-85-dupa-avariile-din-ultimele-luni\/#primaryimage","url":"https:\/\/buletin.de\/bucuresti\/wp-content\/uploads\/2026\/03\/ID131844_INQUAM_Photos_Octav_Ganea-scaled-1.jpg","contentUrl":"https:\/\/buletin.de\/bucuresti\/wp-content\/uploads\/2026\/03\/ID131844_INQUAM_Photos_Octav_Ganea-scaled-1.jpg","width":2560,"height":1707,"caption":"ELCEN anun\u021b\u0103 deschiderea ofertelor pentru noua central\u0103 ce la CET Sud. Foto: Inquam Photos \/ Octav Ganea"},{"@type":"BreadcrumbList","@id":"https:\/\/buletin.de\/bucuresti\/elcen-construieste-o-centrala-noua-la-cet-sud-cu-randament-de-peste-85-dupa-avariile-din-ultimele-luni\/#breadcrumb","itemListElement":[{"@type":"ListItem","position":1,"name":"Acas\u0103","item":"https:\/\/buletin.de\/bucuresti\/"},{"@type":"ListItem","position":2,"name":"ELCEN anun\u021b\u0103 o central\u0103 nou\u0103 la CET Sud, \u201ecu randament de peste 85%\u201d, dup\u0103 avariile din ultimele luni"}]},{"@type":"WebSite","@id":"https:\/\/buletin.de\/bucuresti\/#website","url":"https:\/\/buletin.de\/bucuresti\/","name":"Buletin de Bucure\u0219ti","description":"\u0218tiri \u0219i investiga\u021bii esen\u021biale din capital\u0103","publisher":{"@id":"https:\/\/buletin.de\/bucuresti\/#organization"},"potentialAction":[{"@type":"SearchAction","target":{"@type":"EntryPoint","urlTemplate":"https:\/\/buletin.de\/bucuresti\/?s={search_term_string}"},"query-input":{"@type":"PropertyValueSpecification","valueRequired":true,"valueName":"search_term_string"}}],"inLanguage":"en-GB"},{"@type":"Organization","@id":"https:\/\/buletin.de\/bucuresti\/#organization","name":"Buletin de Bucure\u0219ti","url":"https:\/\/buletin.de\/bucuresti\/","logo":{"@type":"ImageObject","inLanguage":"en-GB","@id":"https:\/\/buletin.de\/bucuresti\/#\/schema\/logo\/image\/","url":"https:\/\/buletin.de\/bucuresti\/wp-content\/uploads\/logo-bdb-full-wide-vernil-transparent.png","contentUrl":"https:\/\/buletin.de\/bucuresti\/wp-content\/uploads\/logo-bdb-full-wide-vernil-transparent.png","width":1782,"height":626,"caption":"Buletin de Bucure\u0219ti"},"image":{"@id":"https:\/\/buletin.de\/bucuresti\/#\/schema\/logo\/image\/"},"sameAs":["https:\/\/www.facebook.com\/buletin.de.buc","https:\/\/www.instagram.com\/buletinde.bucuresti\/"]},{"@type":"Person","@id":"https:\/\/buletin.de\/bucuresti\/#\/schema\/person\/81421a46fb84a0887cfd2238f5202586","name":"Andreea St\u0103n\u0103r\u00eeng\u0103","image":{"@type":"ImageObject","inLanguage":"en-GB","@id":"https:\/\/secure.gravatar.com\/avatar\/dfa8d227a4388fad0f0bb03add04b5b176f4da34397dbb2eadc563b3d7162ce0?s=96&d=monsterid&r=g72784372b39ffe5a98a45288fe0d0e8a","url":"https:\/\/secure.gravatar.com\/avatar\/dfa8d227a4388fad0f0bb03add04b5b176f4da34397dbb2eadc563b3d7162ce0?s=96&d=monsterid&r=g","contentUrl":"https:\/\/secure.gravatar.com\/avatar\/dfa8d227a4388fad0f0bb03add04b5b176f4da34397dbb2eadc563b3d7162ce0?s=96&d=monsterid&r=g","caption":"Andreea St\u0103n\u0103r\u00eeng\u0103"},"description":"Cu o experien\u021b\u0103 de peste 5 ani \u00een pres\u0103, face parte din echipa Buletin de Bucure\u0219ti din septembrie 2025. A colaborat cu c\u00e2teva publica\u021bii, printre care \u0219i Fanatik.ro, unde s-a ocupat de \u0219tiri de lifestyle \u0219i de actualitate. A f\u0103cut un pas c\u0103tre presa local\u0103 pentru a explora Bucure\u0219tiul \u0219i pove\u0219tile care merit\u0103 spuse.","url":"https:\/\/buletin.de\/bucuresti\/author\/andreea-stanaranga\/"}]}},"authors":[{"term_id":23912,"user_id":65,"is_guest":0,"slug":"andreea-stanaranga","display_name":"Andreea St\u0103n\u0103r\u00eeng\u0103","avatar_url":"https:\/\/secure.gravatar.com\/avatar\/dfa8d227a4388fad0f0bb03add04b5b176f4da34397dbb2eadc563b3d7162ce0?s=96&d=monsterid&r=g","0":null,"1":"","2":"","3":"","4":"","5":"","6":"","7":"","8":""}],"_links":{"self":[{"href":"https:\/\/buletin.de\/bucuresti\/wp-json\/wp\/v2\/posts\/181276","targetHints":{"allow":["GET"]}}],"collection":[{"href":"https:\/\/buletin.de\/bucuresti\/wp-json\/wp\/v2\/posts"}],"about":[{"href":"https:\/\/buletin.de\/bucuresti\/wp-json\/wp\/v2\/types\/post"}],"author":[{"embeddable":true,"href":"https:\/\/buletin.de\/bucuresti\/wp-json\/wp\/v2\/users\/65"}],"replies":[{"embeddable":true,"href":"https:\/\/buletin.de\/bucuresti\/wp-json\/wp\/v2\/comments?post=181276"}],"version-history":[{"count":15,"href":"https:\/\/buletin.de\/bucuresti\/wp-json\/wp\/v2\/posts\/181276\/revisions"}],"predecessor-version":[{"id":181302,"href":"https:\/\/buletin.de\/bucuresti\/wp-json\/wp\/v2\/posts\/181276\/revisions\/181302"}],"wp:featuredmedia":[{"embeddable":true,"href":"https:\/\/buletin.de\/bucuresti\/wp-json\/wp\/v2\/media\/181282"}],"wp:attachment":[{"href":"https:\/\/buletin.de\/bucuresti\/wp-json\/wp\/v2\/media?parent=181276"}],"wp:term":[{"taxonomy":"category","embeddable":true,"href":"https:\/\/buletin.de\/bucuresti\/wp-json\/wp\/v2\/categories?post=181276"},{"taxonomy":"post_tag","embeddable":true,"href":"https:\/\/buletin.de\/bucuresti\/wp-json\/wp\/v2\/tags?post=181276"},{"taxonomy":"author","embeddable":true,"href":"https:\/\/buletin.de\/bucuresti\/wp-json\/wp\/v2\/ppma_author?post=181276"}],"curies":[{"name":"wp","href":"https:\/\/api.w.org\/{rel}","templated":true}]}}