{"id":181212,"date":"2026-03-17T20:15:08","date_gmt":"2026-03-17T17:15:08","guid":{"rendered":"https:\/\/buletin.de\/bucuresti\/?p=181212"},"modified":"2026-03-19T15:12:27","modified_gmt":"2026-03-19T12:12:27","slug":"reabilitarea-garii-de-nord-anchetata-de-parchetul-european-lucrarile-ar-fi-trebuit-sa-inceapa-deja-euronews","status":"publish","type":"post","link":"https:\/\/buletin.de\/bucuresti\/reabilitarea-garii-de-nord-anchetata-de-parchetul-european-lucrarile-ar-fi-trebuit-sa-inceapa-deja-euronews\/","title":{"rendered":"Reabilitarea G\u0103rii de Nord, anchetat\u0103 de Parchetul European. Lucr\u0103rile ar fi trebuit s\u0103 \u00eenceap\u0103 deja | Euronews"},"content":{"rendered":"\n<p><strong>Reabilitarea G\u0103rii de Nord, care a demarat\u0103 doar \u00een acte, a fost luate \u00een vizor de Parchetul European, care face o anchet\u0103, conform informa\u021biilor oferite de <a href=\"https:\/\/www.euronews.ro\/articole\/parchetul-european-face-ancheta-pentru-lucrarile-de-la-gara-de-nord\" target=\"_blank\" rel=\"noreferrer noopener\">Euronews<\/a>. Ministrul Transporturilor, Ciprian \u0218erban, a transmis c\u0103, dac\u0103 va fi necesar va trimite \u0219i corpul de control pentru a analiza situa\u021bia. <\/strong><\/p>\n\n\n\n<p>Licita\u021bia pentru realizarea studiului de fezabilitate necesar reabilit\u0103rii a fost lansat\u0103 de CFR \u00een anul 2019 \u0219i a fost finalizat\u0103 6 ani mai t\u00e2rziu, \u00een 2025. \u00cen 2023 a demarat o licita\u021bie pentru proiectare \u0219i execu\u021bie, care a fost contestat\u0103 \u0219i finalizat\u0103 \u00eentr-un an.<\/p>\n\n\n\n<p>Contractul pentru proiectare \u0219i execu\u021bie a fost atribuit c\u0103tre dou\u0103 firme, una din Bucure\u0219ti, cu 3 angaja\u021bi, \u0219i una din Maramure\u0219, cu 48 de angaja\u021bi.<\/p>\n\n\n\n<p>Chiar dac\u0103 lucr\u0103rile ar fi trebuit s\u0103 \u00eenceap\u0103 \u00een 2024, \u00eent\u00e2rzierile s-au \u021binut lan\u021b, iar p\u00e2n\u0103 \u00een prezent \u0219antierul nu a fost demarat. <\/p>\n\n\n\n<h2 class=\"wp-block-heading\" id=\"h-de-ce-stagneaza-reabilitarea-garii-de-nord\">De ce stagneaz\u0103 reabilitarea G\u0103rii de Nord<\/h2>\n\n\n\n<p>\u00cen contextul \u00een care lucr\u0103rile pe bani primi\u021bi din fonduri europene stagneaz\u0103, Parchetul European face o anchet\u0103 pentru a stabili care este situa\u021bia de fapt \u0219i de ce nu \u00eencepe reabilitarea. <\/p>\n\n\n\n<p><strong>\u201eLa Gara de Nord, s\u0103pt\u0103m\u00e2na trecut\u0103 sau acum dou\u0103 s\u0103pt\u0103m\u00e2ni. \u0218tiu c\u0103 avem \u0219i un control de la EPPO acolo, nu a\u0219 vrea s\u0103 m\u0103 pronun\u021b. L\u0103s\u0103m organele abilitate s\u0103-\u0219i fac\u0103 treaba, dup\u0103 care vedem ce se \u00eent\u00e2mpl\u0103. <\/strong><\/p>\n\n\n\n<p><strong>Avem mai multe discu\u021bii acolo pe o reactualizare a pre\u021burilor, n-a\u0219 putea s\u0103 v\u0103 spun \u00een mod clar ce au hot\u0103r\u00e2t cei din companie\u201d, a declarat Ciprian \u0218erban, ministrul Transporturilor, pentru <a href=\"https:\/\/www.euronews.ro\/articole\/parchetul-european-face-ancheta-pentru-lucrarile-de-la-gara-de-nord\" target=\"_blank\" rel=\"noreferrer noopener\">Euronews<\/a>. <\/strong><\/p>\n\n\n\n<p>De asemenea, Ciprian \u0218erban a declarat \u0219i c\u0103, dup\u0103 finalizarea anchetei EPPO, va trimite \u0219i corpul de control la Gara de Nord, dac\u0103 va fi nevoie. \u00centrebat dac\u0103 ministerul \u00ee\u0219i asum\u0103 r\u0103spunderea pentru situa\u021bia actual\u0103, acesta a transmis c\u0103 r\u0103spunderea este a celor care s-au ocupat de licita\u021bie: <strong><em>\u201e\u00ce\u0219i asum\u0103 r\u0103spundere cei care au \u021binut aceast\u0103 licita\u021bie, dac\u0103 a fost \u00een mod inten\u021bionat \u021binut\u0103, s\u0103 zicem a\u0219a, pe l\u00e2ng\u0103 lege.\u201d<\/em><\/strong><\/p>\n\n\n\n<p><strong>\u00centregul material poate fi citit pe <a href=\"https:\/\/www.euronews.ro\/articole\/parchetul-european-face-ancheta-pentru-lucrarile-de-la-gara-de-nord\" target=\"_blank\" rel=\"noreferrer noopener\">Euronews.ro<\/a>.<\/strong><\/p>\n\n\n\n<p><strong>CITE\u0218TE \u0218I <a href=\"https:\/\/buletin.de\/bucuresti\/incep-lucrarile-la-sina-de-tramvai-de-pe-bulevardul-pompeiu-sase-kilometri-de-linie-vor-fi-reabilitati\/\" type=\"post\" id=\"180758\">\u00cencep lucr\u0103rile la \u0219ina de tramvai de pe Bulevardul Pompeiu. \u0218ase kilometri de linie vor fi reabilita\u021bi<\/a><\/strong><\/p>\n\n\n\n<h2 class=\"wp-block-heading\" id=\"h-cfr-despre-lucrarile-din-gara-de-nord\">CFR, despre lucr\u0103rile din Gara de Nord<\/h2>\n\n\n\n<p>La \u00eenceputul anului 2026, CFR oferea detalii referitoare la lucr\u0103rile din gar\u0103. Printre altele, compania a transmis ce presupune Faza I a proiectului \u0219i c\u00e2nd va fi gata aceasta. Astfel c\u0103, prima etap\u0103 a proiectului ar fi trebuit s\u0103 fie demarat\u0103 \u00een 28 februarie 2024 \u0219i finalizat\u0103 \u00een 13 iunie 2029, av\u00e2nd o durat\u0103 de 63 de luni. <\/p>\n\n\n\n<p>Etapa include at\u00e2t proiectarea, c\u00e2t \u0219i execu\u021bia lucr\u0103rilor de consolidare structural\u0103 \u0219i modernizare func\u021bional\u0103 a Corpului B al G\u0103rii de Nord.<\/p>\n\n\n\n<p>\u00cen ceea ce prive\u0219te Faza II, aceasta se afl\u0103 \u00een etapa final\u0103 de elaborare a Studiului de Fezabilitate. <\/p>\n\n\n\n<p>CFR Infrastructur\u0103 a transmitea c\u0103 obiectivul proiectului este de a transforma spa\u021biul \u00eentr-o \u201e<strong>gar\u0103 modern\u0103, sigur\u0103 \u0219i prietenoas\u0103 cu c\u0103l\u0103torii<\/strong>\u201d, p\u0103str\u00e2nd \u201e<strong>elegan\u021ba arhitectural\u0103 de alt\u0103dat\u0103<\/strong>\u201d, dup\u0103 cum scria Buletin de Bucure\u0219ti <a href=\"https:\/\/buletin.de\/bucuresti\/cat-dureaza-lucrarile-de-reabilitare-de-la-gara-de-nord-si-de-ce-nu-pot-fi-gata-mai-devreme-explicatiile-cfr-sa\/\" type=\"link\" id=\"https:\/\/buletin.de\/bucuresti\/cat-dureaza-lucrarile-de-reabilitare-de-la-gara-de-nord-si-de-ce-nu-pot-fi-gata-mai-devreme-explicatiile-cfr-sa\/\">aici<\/a>. <\/p>\n\n\n\n<p>Valoarea total\u0103 a proiectului este de <strong>499.626.513,85 lei, cu TVA<\/strong>, echivalentul a aproape<strong> 100 de milioane de euro<\/strong>. <\/p>\n\n\n\n<p>Proiectul privind reabilitarea G\u0103rii de Nord este finan\u021bat din fonduri externe nerambursabile prin Programul de Transport 2021\u20132027 \u0219i Bugetul de Stat.<\/p>\n\n\n\n<p><strong>CITE\u0218TE \u0218I <a href=\"https:\/\/buletin.de\/bucuresti\/romania-ar-putea-pierde-ultimii-bani-din-pnrr-pentru-autostrada-care-leaga-bucurestiul-de-moldova-asociatia-pro-infrastructura\/\" type=\"post\" id=\"181072\">Rom\u00e2nia ar putea pierde ultimii bani din PNRR pentru autostrada care leag\u0103 Bucure\u0219tiul de Moldova | Asocia\u021bia Pro Infrastructur\u0103<\/a><\/strong><\/p>\n","protected":false},"excerpt":{"rendered":"<p>Reabilitarea G\u0103rii de Nord, care a demarat\u0103 doar \u00een acte, a fost luate \u00een vizor de Parchetul European, care face o anchet\u0103, conform informa\u021biilor oferite de Euronews. Ministrul Transporturilor, Ciprian \u0218erban, a transmis c\u0103, dac\u0103 va fi necesar va trimite \u0219i corpul de control pentru a analiza situa\u021bia. Licita\u021bia pentru realizarea studiului de fezabilitate necesar [&hellip;]<\/p>\n","protected":false},"author":1,"featured_media":181218,"comment_status":"closed","ping_status":"open","sticky":false,"template":"","format":"standard","meta":{"_acf_changed":false,"inline_featured_image":false,"ngg_post_thumbnail":0,"footnotes":""},"categories":[6994,62,650],"tags":[27146,1941,1481,6916,1402],"ppma_author":[22583],"class_list":["post-181212","post","type-post","status-publish","format-standard","has-post-thumbnail","hentry","category-stiri-2","category-stiri","category-transport","tag-ancheta-2","tag-gara-de-nord","tag-ministerul-transporturilor","tag-parchetul-european","tag-reabilitare"],"acf":[],"yoast_head":"<!-- This site is optimized with the Yoast SEO Premium plugin v25.3 (Yoast SEO v27.5) - https:\/\/yoast.com\/product\/yoast-seo-premium-wordpress\/ -->\n<title>Reabilitarea G\u0103rii de Nord, anchetat\u0103 de Parchetul European. Lucr\u0103rile ar fi trebuit s\u0103 \u00eenceap\u0103 deja | Euronews - Buletin de Bucure\u0219ti<\/title>\n<meta name=\"description\" content=\"Reabilitarea G\u0103rii de Nord, care a demarat doar \u00een acgte, a fost luate \u00een vizor de Parchetul European, care face o anchet\u0103.\" \/>\n<meta name=\"robots\" content=\"index, follow, max-snippet:-1, max-image-preview:large, max-video-preview:-1\" \/>\n<link rel=\"canonical\" href=\"https:\/\/buletin.de\/bucuresti\/reabilitarea-garii-de-nord-anchetata-de-parchetul-european-lucrarile-ar-fi-trebuit-sa-inceapa-deja-euronews\/\" \/>\n<meta property=\"og:locale\" content=\"en_GB\" \/>\n<meta property=\"og:type\" content=\"article\" \/>\n<meta property=\"og:title\" content=\"Reabilitarea G\u0103rii de Nord, anchetat\u0103 de Parchetul European. Lucr\u0103rile ar fi trebuit s\u0103 \u00eenceap\u0103 deja | Euronews\" \/>\n<meta property=\"og:description\" content=\"Reabilitarea G\u0103rii de Nord, care a demarat doar \u00een acgte, a fost luate \u00een vizor de Parchetul European, care face o anchet\u0103.\" \/>\n<meta property=\"og:url\" content=\"https:\/\/buletin.de\/bucuresti\/reabilitarea-garii-de-nord-anchetata-de-parchetul-european-lucrarile-ar-fi-trebuit-sa-inceapa-deja-euronews\/\" \/>\n<meta property=\"og:site_name\" content=\"Buletin de Bucure\u0219ti\" \/>\n<meta property=\"article:publisher\" content=\"https:\/\/www.facebook.com\/buletin.de.buc\" \/>\n<meta property=\"article:published_time\" content=\"2026-03-17T17:15:08+00:00\" \/>\n<meta property=\"article:modified_time\" content=\"2026-03-19T12:12:27+00:00\" \/>\n<meta property=\"og:image\" content=\"https:\/\/buletin.de\/bucuresti\/wp-content\/uploads\/2026\/03\/ID186368_INQUAM_Photos_George_Calin-scaled.jpg\" \/>\n\t<meta property=\"og:image:width\" content=\"2560\" \/>\n\t<meta property=\"og:image:height\" content=\"1707\" \/>\n\t<meta property=\"og:image:type\" content=\"image\/jpeg\" \/>\n<meta name=\"author\" content=\"Redac\u021bia Buletin de Bucure\u0219ti\" \/>\n<meta name=\"twitter:card\" content=\"summary_large_image\" \/>\n<meta name=\"twitter:label1\" content=\"Written by\" \/>\n\t<meta name=\"twitter:data1\" content=\"Redac\u021bia Buletin de Bucure\u0219ti\" \/>\n\t<meta name=\"twitter:label2\" content=\"Estimated reading time\" \/>\n\t<meta name=\"twitter:data2\" content=\"1 minute\" \/>\n<script type=\"application\/ld+json\" class=\"yoast-schema-graph\">{\"@context\":\"https:\\\/\\\/schema.org\",\"@graph\":[{\"@type\":\"Article\",\"@id\":\"https:\\\/\\\/buletin.de\\\/bucuresti\\\/reabilitarea-garii-de-nord-anchetata-de-parchetul-european-lucrarile-ar-fi-trebuit-sa-inceapa-deja-euronews\\\/#article\",\"isPartOf\":{\"@id\":\"https:\\\/\\\/buletin.de\\\/bucuresti\\\/reabilitarea-garii-de-nord-anchetata-de-parchetul-european-lucrarile-ar-fi-trebuit-sa-inceapa-deja-euronews\\\/\"},\"author\":{\"name\":\"Redac\u021bia Buletin de Bucure\u0219ti\",\"@id\":\"https:\\\/\\\/buletin.de\\\/bucuresti\\\/#\\\/schema\\\/person\\\/2bbcf854e5f2419a13804af574d06ab1\"},\"headline\":\"Reabilitarea G\u0103rii de Nord, anchetat\u0103 de Parchetul European. Lucr\u0103rile ar fi trebuit s\u0103 \u00eenceap\u0103 deja | Euronews\",\"datePublished\":\"2026-03-17T17:15:08+00:00\",\"dateModified\":\"2026-03-19T12:12:27+00:00\",\"mainEntityOfPage\":{\"@id\":\"https:\\\/\\\/buletin.de\\\/bucuresti\\\/reabilitarea-garii-de-nord-anchetata-de-parchetul-european-lucrarile-ar-fi-trebuit-sa-inceapa-deja-euronews\\\/\"},\"wordCount\":614,\"publisher\":{\"@id\":\"https:\\\/\\\/buletin.de\\\/bucuresti\\\/#organization\"},\"image\":{\"@id\":\"https:\\\/\\\/buletin.de\\\/bucuresti\\\/reabilitarea-garii-de-nord-anchetata-de-parchetul-european-lucrarile-ar-fi-trebuit-sa-inceapa-deja-euronews\\\/#primaryimage\"},\"thumbnailUrl\":\"https:\\\/\\\/buletin.de\\\/bucuresti\\\/wp-content\\\/uploads\\\/2026\\\/03\\\/ID186368_INQUAM_Photos_George_Calin-scaled.jpg\",\"keywords\":[\"Anchet\u0103\",\"gara de nord\",\"ministerul transporturilor\",\"parchetul european\",\"reabilitare\"],\"articleSection\":[\"Articole\",\"\u0218tiri\",\"Transport\"],\"inLanguage\":\"en-GB\",\"copyrightYear\":\"2026\",\"copyrightHolder\":{\"@id\":\"https:\\\/\\\/buletin.de\\\/bucuresti\\\/#organization\"}},{\"@type\":\"WebPage\",\"@id\":\"https:\\\/\\\/buletin.de\\\/bucuresti\\\/reabilitarea-garii-de-nord-anchetata-de-parchetul-european-lucrarile-ar-fi-trebuit-sa-inceapa-deja-euronews\\\/\",\"url\":\"https:\\\/\\\/buletin.de\\\/bucuresti\\\/reabilitarea-garii-de-nord-anchetata-de-parchetul-european-lucrarile-ar-fi-trebuit-sa-inceapa-deja-euronews\\\/\",\"name\":\"Reabilitarea G\u0103rii de Nord, anchetat\u0103 de Parchetul European. Lucr\u0103rile ar fi trebuit s\u0103 \u00eenceap\u0103 deja | Euronews - Buletin de Bucure\u0219ti\",\"isPartOf\":{\"@id\":\"https:\\\/\\\/buletin.de\\\/bucuresti\\\/#website\"},\"primaryImageOfPage\":{\"@id\":\"https:\\\/\\\/buletin.de\\\/bucuresti\\\/reabilitarea-garii-de-nord-anchetata-de-parchetul-european-lucrarile-ar-fi-trebuit-sa-inceapa-deja-euronews\\\/#primaryimage\"},\"image\":{\"@id\":\"https:\\\/\\\/buletin.de\\\/bucuresti\\\/reabilitarea-garii-de-nord-anchetata-de-parchetul-european-lucrarile-ar-fi-trebuit-sa-inceapa-deja-euronews\\\/#primaryimage\"},\"thumbnailUrl\":\"https:\\\/\\\/buletin.de\\\/bucuresti\\\/wp-content\\\/uploads\\\/2026\\\/03\\\/ID186368_INQUAM_Photos_George_Calin-scaled.jpg\",\"datePublished\":\"2026-03-17T17:15:08+00:00\",\"dateModified\":\"2026-03-19T12:12:27+00:00\",\"description\":\"Reabilitarea G\u0103rii de Nord, care a demarat doar \u00een acgte, a fost luate \u00een vizor de Parchetul European, care face o anchet\u0103.\",\"breadcrumb\":{\"@id\":\"https:\\\/\\\/buletin.de\\\/bucuresti\\\/reabilitarea-garii-de-nord-anchetata-de-parchetul-european-lucrarile-ar-fi-trebuit-sa-inceapa-deja-euronews\\\/#breadcrumb\"},\"inLanguage\":\"en-GB\",\"potentialAction\":[{\"@type\":\"ReadAction\",\"target\":[\"https:\\\/\\\/buletin.de\\\/bucuresti\\\/reabilitarea-garii-de-nord-anchetata-de-parchetul-european-lucrarile-ar-fi-trebuit-sa-inceapa-deja-euronews\\\/\"]}]},{\"@type\":\"ImageObject\",\"inLanguage\":\"en-GB\",\"@id\":\"https:\\\/\\\/buletin.de\\\/bucuresti\\\/reabilitarea-garii-de-nord-anchetata-de-parchetul-european-lucrarile-ar-fi-trebuit-sa-inceapa-deja-euronews\\\/#primaryimage\",\"url\":\"https:\\\/\\\/buletin.de\\\/bucuresti\\\/wp-content\\\/uploads\\\/2026\\\/03\\\/ID186368_INQUAM_Photos_George_Calin-scaled.jpg\",\"contentUrl\":\"https:\\\/\\\/buletin.de\\\/bucuresti\\\/wp-content\\\/uploads\\\/2026\\\/03\\\/ID186368_INQUAM_Photos_George_Calin-scaled.jpg\",\"width\":2560,\"height\":1707,\"caption\":\"Reabilitarea G\u0103rii de Nord, anchetat\u0103 de Parchetul European. Lucr\u0103rile ar fi trebuit s\u0103 \u00eenceap\u0103 deja | Euronews. FOTO: Inquam Photos \\\/ George C\u0103lin\"},{\"@type\":\"BreadcrumbList\",\"@id\":\"https:\\\/\\\/buletin.de\\\/bucuresti\\\/reabilitarea-garii-de-nord-anchetata-de-parchetul-european-lucrarile-ar-fi-trebuit-sa-inceapa-deja-euronews\\\/#breadcrumb\",\"itemListElement\":[{\"@type\":\"ListItem\",\"position\":1,\"name\":\"Acas\u0103\",\"item\":\"https:\\\/\\\/buletin.de\\\/bucuresti\\\/\"},{\"@type\":\"ListItem\",\"position\":2,\"name\":\"Reabilitarea G\u0103rii de Nord, anchetat\u0103 de Parchetul European. Lucr\u0103rile ar fi trebuit s\u0103 \u00eenceap\u0103 deja | Euronews\"}]},{\"@type\":\"WebSite\",\"@id\":\"https:\\\/\\\/buletin.de\\\/bucuresti\\\/#website\",\"url\":\"https:\\\/\\\/buletin.de\\\/bucuresti\\\/\",\"name\":\"Buletin de Bucure\u0219ti\",\"description\":\"\u0218tiri \u0219i investiga\u021bii esen\u021biale din capital\u0103\",\"publisher\":{\"@id\":\"https:\\\/\\\/buletin.de\\\/bucuresti\\\/#organization\"},\"potentialAction\":[{\"@type\":\"SearchAction\",\"target\":{\"@type\":\"EntryPoint\",\"urlTemplate\":\"https:\\\/\\\/buletin.de\\\/bucuresti\\\/?s={search_term_string}\"},\"query-input\":{\"@type\":\"PropertyValueSpecification\",\"valueRequired\":true,\"valueName\":\"search_term_string\"}}],\"inLanguage\":\"en-GB\"},{\"@type\":\"Organization\",\"@id\":\"https:\\\/\\\/buletin.de\\\/bucuresti\\\/#organization\",\"name\":\"Buletin de Bucure\u0219ti\",\"url\":\"https:\\\/\\\/buletin.de\\\/bucuresti\\\/\",\"logo\":{\"@type\":\"ImageObject\",\"inLanguage\":\"en-GB\",\"@id\":\"https:\\\/\\\/buletin.de\\\/bucuresti\\\/#\\\/schema\\\/logo\\\/image\\\/\",\"url\":\"https:\\\/\\\/buletin.de\\\/bucuresti\\\/wp-content\\\/uploads\\\/logo-bdb-full-wide-vernil-transparent.png\",\"contentUrl\":\"https:\\\/\\\/buletin.de\\\/bucuresti\\\/wp-content\\\/uploads\\\/logo-bdb-full-wide-vernil-transparent.png\",\"width\":1782,\"height\":626,\"caption\":\"Buletin de Bucure\u0219ti\"},\"image\":{\"@id\":\"https:\\\/\\\/buletin.de\\\/bucuresti\\\/#\\\/schema\\\/logo\\\/image\\\/\"},\"sameAs\":[\"https:\\\/\\\/www.facebook.com\\\/buletin.de.buc\",\"https:\\\/\\\/www.instagram.com\\\/buletinde.bucuresti\\\/\"]},{\"@type\":\"Person\",\"@id\":\"https:\\\/\\\/buletin.de\\\/bucuresti\\\/#\\\/schema\\\/person\\\/2bbcf854e5f2419a13804af574d06ab1\",\"name\":\"Redac\u021bia Buletin de Bucure\u0219ti\",\"image\":{\"@type\":\"ImageObject\",\"inLanguage\":\"en-GB\",\"@id\":\"https:\\\/\\\/secure.gravatar.com\\\/avatar\\\/18c5342381ed1a08620e6280424e3e5efc958618f5d67c522c9e44c1bc6f9226?s=96&d=monsterid&r=g60c7cd0ad92c68c049fcd4bb3504d609\",\"url\":\"https:\\\/\\\/secure.gravatar.com\\\/avatar\\\/18c5342381ed1a08620e6280424e3e5efc958618f5d67c522c9e44c1bc6f9226?s=96&d=monsterid&r=g\",\"contentUrl\":\"https:\\\/\\\/secure.gravatar.com\\\/avatar\\\/18c5342381ed1a08620e6280424e3e5efc958618f5d67c522c9e44c1bc6f9226?s=96&d=monsterid&r=g\",\"caption\":\"Redac\u021bia Buletin de Bucure\u0219ti\"},\"description\":\"Buletin de Bucure\u0219ti exist\u0103 din vara anului 2019.\",\"url\":\"https:\\\/\\\/buletin.de\\\/bucuresti\\\/author\\\/adminbuletin\\\/\"}]}<\/script>\n<!-- \/ Yoast SEO Premium plugin. -->","yoast_head_json":{"title":"Reabilitarea G\u0103rii de Nord, anchetat\u0103 de Parchetul European. Lucr\u0103rile ar fi trebuit s\u0103 \u00eenceap\u0103 deja | Euronews - Buletin de Bucure\u0219ti","description":"Reabilitarea G\u0103rii de Nord, care a demarat doar \u00een acgte, a fost luate \u00een vizor de Parchetul European, care face o anchet\u0103.","robots":{"index":"index","follow":"follow","max-snippet":"max-snippet:-1","max-image-preview":"max-image-preview:large","max-video-preview":"max-video-preview:-1"},"canonical":"https:\/\/buletin.de\/bucuresti\/reabilitarea-garii-de-nord-anchetata-de-parchetul-european-lucrarile-ar-fi-trebuit-sa-inceapa-deja-euronews\/","og_locale":"en_GB","og_type":"article","og_title":"Reabilitarea G\u0103rii de Nord, anchetat\u0103 de Parchetul European. Lucr\u0103rile ar fi trebuit s\u0103 \u00eenceap\u0103 deja | Euronews","og_description":"Reabilitarea G\u0103rii de Nord, care a demarat doar \u00een acgte, a fost luate \u00een vizor de Parchetul European, care face o anchet\u0103.","og_url":"https:\/\/buletin.de\/bucuresti\/reabilitarea-garii-de-nord-anchetata-de-parchetul-european-lucrarile-ar-fi-trebuit-sa-inceapa-deja-euronews\/","og_site_name":"Buletin de Bucure\u0219ti","article_publisher":"https:\/\/www.facebook.com\/buletin.de.buc","article_published_time":"2026-03-17T17:15:08+00:00","article_modified_time":"2026-03-19T12:12:27+00:00","og_image":[{"width":2560,"height":1707,"url":"https:\/\/buletin.de\/bucuresti\/wp-content\/uploads\/2026\/03\/ID186368_INQUAM_Photos_George_Calin-scaled.jpg","type":"image\/jpeg"}],"author":"Redac\u021bia Buletin de Bucure\u0219ti","twitter_card":"summary_large_image","twitter_misc":{"Written by":"Redac\u021bia Buletin de Bucure\u0219ti","Estimated reading time":"1 minute"},"schema":{"@context":"https:\/\/schema.org","@graph":[{"@type":"Article","@id":"https:\/\/buletin.de\/bucuresti\/reabilitarea-garii-de-nord-anchetata-de-parchetul-european-lucrarile-ar-fi-trebuit-sa-inceapa-deja-euronews\/#article","isPartOf":{"@id":"https:\/\/buletin.de\/bucuresti\/reabilitarea-garii-de-nord-anchetata-de-parchetul-european-lucrarile-ar-fi-trebuit-sa-inceapa-deja-euronews\/"},"author":{"name":"Redac\u021bia Buletin de Bucure\u0219ti","@id":"https:\/\/buletin.de\/bucuresti\/#\/schema\/person\/2bbcf854e5f2419a13804af574d06ab1"},"headline":"Reabilitarea G\u0103rii de Nord, anchetat\u0103 de Parchetul European. Lucr\u0103rile ar fi trebuit s\u0103 \u00eenceap\u0103 deja | Euronews","datePublished":"2026-03-17T17:15:08+00:00","dateModified":"2026-03-19T12:12:27+00:00","mainEntityOfPage":{"@id":"https:\/\/buletin.de\/bucuresti\/reabilitarea-garii-de-nord-anchetata-de-parchetul-european-lucrarile-ar-fi-trebuit-sa-inceapa-deja-euronews\/"},"wordCount":614,"publisher":{"@id":"https:\/\/buletin.de\/bucuresti\/#organization"},"image":{"@id":"https:\/\/buletin.de\/bucuresti\/reabilitarea-garii-de-nord-anchetata-de-parchetul-european-lucrarile-ar-fi-trebuit-sa-inceapa-deja-euronews\/#primaryimage"},"thumbnailUrl":"https:\/\/buletin.de\/bucuresti\/wp-content\/uploads\/2026\/03\/ID186368_INQUAM_Photos_George_Calin-scaled.jpg","keywords":["Anchet\u0103","gara de nord","ministerul transporturilor","parchetul european","reabilitare"],"articleSection":["Articole","\u0218tiri","Transport"],"inLanguage":"en-GB","copyrightYear":"2026","copyrightHolder":{"@id":"https:\/\/buletin.de\/bucuresti\/#organization"}},{"@type":"WebPage","@id":"https:\/\/buletin.de\/bucuresti\/reabilitarea-garii-de-nord-anchetata-de-parchetul-european-lucrarile-ar-fi-trebuit-sa-inceapa-deja-euronews\/","url":"https:\/\/buletin.de\/bucuresti\/reabilitarea-garii-de-nord-anchetata-de-parchetul-european-lucrarile-ar-fi-trebuit-sa-inceapa-deja-euronews\/","name":"Reabilitarea G\u0103rii de Nord, anchetat\u0103 de Parchetul European. Lucr\u0103rile ar fi trebuit s\u0103 \u00eenceap\u0103 deja | Euronews - Buletin de Bucure\u0219ti","isPartOf":{"@id":"https:\/\/buletin.de\/bucuresti\/#website"},"primaryImageOfPage":{"@id":"https:\/\/buletin.de\/bucuresti\/reabilitarea-garii-de-nord-anchetata-de-parchetul-european-lucrarile-ar-fi-trebuit-sa-inceapa-deja-euronews\/#primaryimage"},"image":{"@id":"https:\/\/buletin.de\/bucuresti\/reabilitarea-garii-de-nord-anchetata-de-parchetul-european-lucrarile-ar-fi-trebuit-sa-inceapa-deja-euronews\/#primaryimage"},"thumbnailUrl":"https:\/\/buletin.de\/bucuresti\/wp-content\/uploads\/2026\/03\/ID186368_INQUAM_Photos_George_Calin-scaled.jpg","datePublished":"2026-03-17T17:15:08+00:00","dateModified":"2026-03-19T12:12:27+00:00","description":"Reabilitarea G\u0103rii de Nord, care a demarat doar \u00een acgte, a fost luate \u00een vizor de Parchetul European, care face o anchet\u0103.","breadcrumb":{"@id":"https:\/\/buletin.de\/bucuresti\/reabilitarea-garii-de-nord-anchetata-de-parchetul-european-lucrarile-ar-fi-trebuit-sa-inceapa-deja-euronews\/#breadcrumb"},"inLanguage":"en-GB","potentialAction":[{"@type":"ReadAction","target":["https:\/\/buletin.de\/bucuresti\/reabilitarea-garii-de-nord-anchetata-de-parchetul-european-lucrarile-ar-fi-trebuit-sa-inceapa-deja-euronews\/"]}]},{"@type":"ImageObject","inLanguage":"en-GB","@id":"https:\/\/buletin.de\/bucuresti\/reabilitarea-garii-de-nord-anchetata-de-parchetul-european-lucrarile-ar-fi-trebuit-sa-inceapa-deja-euronews\/#primaryimage","url":"https:\/\/buletin.de\/bucuresti\/wp-content\/uploads\/2026\/03\/ID186368_INQUAM_Photos_George_Calin-scaled.jpg","contentUrl":"https:\/\/buletin.de\/bucuresti\/wp-content\/uploads\/2026\/03\/ID186368_INQUAM_Photos_George_Calin-scaled.jpg","width":2560,"height":1707,"caption":"Reabilitarea G\u0103rii de Nord, anchetat\u0103 de Parchetul European. Lucr\u0103rile ar fi trebuit s\u0103 \u00eenceap\u0103 deja | Euronews. FOTO: Inquam Photos \/ George C\u0103lin"},{"@type":"BreadcrumbList","@id":"https:\/\/buletin.de\/bucuresti\/reabilitarea-garii-de-nord-anchetata-de-parchetul-european-lucrarile-ar-fi-trebuit-sa-inceapa-deja-euronews\/#breadcrumb","itemListElement":[{"@type":"ListItem","position":1,"name":"Acas\u0103","item":"https:\/\/buletin.de\/bucuresti\/"},{"@type":"ListItem","position":2,"name":"Reabilitarea G\u0103rii de Nord, anchetat\u0103 de Parchetul European. Lucr\u0103rile ar fi trebuit s\u0103 \u00eenceap\u0103 deja | Euronews"}]},{"@type":"WebSite","@id":"https:\/\/buletin.de\/bucuresti\/#website","url":"https:\/\/buletin.de\/bucuresti\/","name":"Buletin de Bucure\u0219ti","description":"\u0218tiri \u0219i investiga\u021bii esen\u021biale din capital\u0103","publisher":{"@id":"https:\/\/buletin.de\/bucuresti\/#organization"},"potentialAction":[{"@type":"SearchAction","target":{"@type":"EntryPoint","urlTemplate":"https:\/\/buletin.de\/bucuresti\/?s={search_term_string}"},"query-input":{"@type":"PropertyValueSpecification","valueRequired":true,"valueName":"search_term_string"}}],"inLanguage":"en-GB"},{"@type":"Organization","@id":"https:\/\/buletin.de\/bucuresti\/#organization","name":"Buletin de Bucure\u0219ti","url":"https:\/\/buletin.de\/bucuresti\/","logo":{"@type":"ImageObject","inLanguage":"en-GB","@id":"https:\/\/buletin.de\/bucuresti\/#\/schema\/logo\/image\/","url":"https:\/\/buletin.de\/bucuresti\/wp-content\/uploads\/logo-bdb-full-wide-vernil-transparent.png","contentUrl":"https:\/\/buletin.de\/bucuresti\/wp-content\/uploads\/logo-bdb-full-wide-vernil-transparent.png","width":1782,"height":626,"caption":"Buletin de Bucure\u0219ti"},"image":{"@id":"https:\/\/buletin.de\/bucuresti\/#\/schema\/logo\/image\/"},"sameAs":["https:\/\/www.facebook.com\/buletin.de.buc","https:\/\/www.instagram.com\/buletinde.bucuresti\/"]},{"@type":"Person","@id":"https:\/\/buletin.de\/bucuresti\/#\/schema\/person\/2bbcf854e5f2419a13804af574d06ab1","name":"Redac\u021bia Buletin de Bucure\u0219ti","image":{"@type":"ImageObject","inLanguage":"en-GB","@id":"https:\/\/secure.gravatar.com\/avatar\/18c5342381ed1a08620e6280424e3e5efc958618f5d67c522c9e44c1bc6f9226?s=96&d=monsterid&r=g60c7cd0ad92c68c049fcd4bb3504d609","url":"https:\/\/secure.gravatar.com\/avatar\/18c5342381ed1a08620e6280424e3e5efc958618f5d67c522c9e44c1bc6f9226?s=96&d=monsterid&r=g","contentUrl":"https:\/\/secure.gravatar.com\/avatar\/18c5342381ed1a08620e6280424e3e5efc958618f5d67c522c9e44c1bc6f9226?s=96&d=monsterid&r=g","caption":"Redac\u021bia Buletin de Bucure\u0219ti"},"description":"Buletin de Bucure\u0219ti exist\u0103 din vara anului 2019.","url":"https:\/\/buletin.de\/bucuresti\/author\/adminbuletin\/"}]}},"authors":[{"term_id":22583,"user_id":1,"is_guest":0,"slug":"adminbuletin","display_name":"Redac\u021bia Buletin de Bucure\u0219ti","avatar_url":"https:\/\/secure.gravatar.com\/avatar\/18c5342381ed1a08620e6280424e3e5efc958618f5d67c522c9e44c1bc6f9226?s=96&d=monsterid&r=g","0":null,"1":"","2":"","3":"","4":"","5":"","6":"","7":"","8":""}],"_links":{"self":[{"href":"https:\/\/buletin.de\/bucuresti\/wp-json\/wp\/v2\/posts\/181212","targetHints":{"allow":["GET"]}}],"collection":[{"href":"https:\/\/buletin.de\/bucuresti\/wp-json\/wp\/v2\/posts"}],"about":[{"href":"https:\/\/buletin.de\/bucuresti\/wp-json\/wp\/v2\/types\/post"}],"author":[{"embeddable":true,"href":"https:\/\/buletin.de\/bucuresti\/wp-json\/wp\/v2\/users\/1"}],"replies":[{"embeddable":true,"href":"https:\/\/buletin.de\/bucuresti\/wp-json\/wp\/v2\/comments?post=181212"}],"version-history":[{"count":6,"href":"https:\/\/buletin.de\/bucuresti\/wp-json\/wp\/v2\/posts\/181212\/revisions"}],"predecessor-version":[{"id":181241,"href":"https:\/\/buletin.de\/bucuresti\/wp-json\/wp\/v2\/posts\/181212\/revisions\/181241"}],"wp:featuredmedia":[{"embeddable":true,"href":"https:\/\/buletin.de\/bucuresti\/wp-json\/wp\/v2\/media\/181218"}],"wp:attachment":[{"href":"https:\/\/buletin.de\/bucuresti\/wp-json\/wp\/v2\/media?parent=181212"}],"wp:term":[{"taxonomy":"category","embeddable":true,"href":"https:\/\/buletin.de\/bucuresti\/wp-json\/wp\/v2\/categories?post=181212"},{"taxonomy":"post_tag","embeddable":true,"href":"https:\/\/buletin.de\/bucuresti\/wp-json\/wp\/v2\/tags?post=181212"},{"taxonomy":"author","embeddable":true,"href":"https:\/\/buletin.de\/bucuresti\/wp-json\/wp\/v2\/ppma_author?post=181212"}],"curies":[{"name":"wp","href":"https:\/\/api.w.org\/{rel}","templated":true}]}}