{"id":181184,"date":"2026-03-17T13:50:00","date_gmt":"2026-03-17T10:50:00","guid":{"rendered":"https:\/\/buletin.de\/bucuresti\/?p=181184"},"modified":"2026-03-17T17:58:45","modified_gmt":"2026-03-17T14:58:45","slug":"aspa-urmatorul-targ-de-adoptii-are-loc-pe-28-martie-intr-un-petshop-din-sectorul-3","status":"publish","type":"post","link":"https:\/\/buletin.de\/bucuresti\/aspa-urmatorul-targ-de-adoptii-are-loc-pe-28-martie-intr-un-petshop-din-sectorul-3\/","title":{"rendered":"ASPA | Urm\u0103torul t\u00e2rg de adop\u021bii are loc pe 28 martie, \u00eentr-un petshop din Sectorul 3"},"content":{"rendered":"\n<p><strong>Bucure\u0219tenii care vor s\u0103 adopte un c\u00e2ine sunt invita\u021bi s\u00e2mb\u0103t\u0103, 28 martie 2026, \u00eentre orele 10:00 \u0219i 16:00, la un nou t\u00e2rg organizat de <strong>Autoritatea pentru Supravegherea \u0219i Protec\u021bia Animalelor (<a href=\"https:\/\/www.facebook.com\/ASPABuc\" target=\"_blank\" rel=\"noreferrer noopener\">ASPA<\/a>)<\/strong>, \u00een incinta magazinului MaxiPet Mihai Bravu.<\/strong><\/p>\n\n\n\n<p>La eveniment vor fi adu\u0219i mai mul\u021bi c\u00e2ini afla\u021bi \u00een grija ASPA, to\u021bi av\u00e2nd procedurile legale \u00eendeplinite: sunt vaccina\u021bi, deparazita\u021bi, microcipa\u021bi \u0219i, acolo unde v\u00e2rsta permite, steriliza\u021bi. Adop\u021biile sunt gratuite.<\/p>\n\n\n\n<p>Organizatorii spun c\u0103 voluntarii PROEDUS \u0219i ai ASPA vor fi prezen\u021bi pentru a facilita procesul de adop\u021bie \u0219i pentru a ajuta vizitatorii s\u0103 g\u0103seasc\u0103 animalul potrivit.<\/p>\n\n\n\n<p>Participan\u021bii la t\u00e2rg vor primi \u0219i diverse beneficii din partea partenerilor. Printre acestea se num\u0103r\u0103 pachete cu hran\u0103 \u0219i juc\u0103rii oferite de MAXI PET Rom\u00e2nia, recompense pentru c\u00e2ini de la Pedigree, medalioane inteligente cu cod QR de la Petradar, dar \u0219i pachete surpriz\u0103 din partea Starbucks Romania.<\/p>\n\n\n\n<p>De asemenea, noii adoptatori vor putea beneficia de reduceri la \u0219edin\u021be de dresaj oferite de \u0218coala de dresaj Cristian Giu \u0219i la tabere organizate de Dog Scouts Romania.<\/p>\n\n\n\n<p>Evenimentul are loc pe \u0219oseaua Mihai Bravu, \u00een magazinul MAXI PET, iar organizatorii \u00eei \u00eencurajeaz\u0103 pe bucure\u0219teni s\u0103 vin\u0103 s\u0103 cunoasc\u0103 animalele \u0219i s\u0103 le ofere o \u0219ans\u0103 la o via\u021b\u0103 \u00eentr-o familie.<\/p>\n\n\n\n<p><strong>CITE\u0218TE \u0218I: <a href=\"https:\/\/buletin.de\/bucuresti\/protectia-animalelor-sector-1-prezenta-la-petexpo-patru-caini-de-la-adapostul-odai-vor-fi-propusi-spre-adoptie\/\">Protec\u021bia Animalelor Sector 1, prezent\u0103 la PetExpo. Patru c\u00e2ini de la Ad\u0103postul Od\u0103i vor fi propu\u0219i spre adop\u021bie<\/a><\/strong><\/p>\n\n\n\n<h2 class=\"wp-block-heading\" id=\"h-61-de-caini-abandona\u021bi-au-fost-prelua\u021bi-din-toate-sectoarele-in-zece-zile\">61 de c\u00e2ini abandona\u021bi au fost prelua\u021bi din toate sectoarele, \u00een zece zile<\/h2>\n\n\n\n<p><strong>ASPA a anun\u021bat s\u0103pt\u0103m\u00e2na trecut\u0103 c\u0103 61 de c\u00e2ini au fost prelua\u021bi din mai multe sectoare, de la \u00eenceputul lunii martie \u0219i p\u00e2n\u0103 acum. Dintre to\u021bi c\u00e2inii captura\u021bi, 31 sunt pui.<\/strong><\/p>\n\n\n\n<p>Echipajele de interven\u021bie ASPA desf\u0103\u0219oar\u0103 constant ac\u021biuni de ridicare a c\u00e2inilor pe raza Municipiului Bucure\u0219ti, cu scopul de a asigura siguran\u021ba cet\u0103\u021benilor \u0219i protec\u021bia animalelor, utiliz\u00e2nd metode non-traumatice pentru capturare.<\/p>\n\n\n\n<p>\u00cen&nbsp;<strong>Sectorul 1<\/strong>, de la \u00eenceputul lunii \u0219i p\u00e2n\u0103 acum, au fost prelua\u021bi&nbsp;<strong>10 c\u00e2ini<\/strong>&nbsp;din zonele Drumul Regimentului, Str. Viorel Ciurea, Bd. Ion Mihalache \u0219i Gheorghe Ionescu Sise\u0219ti.<\/p>\n\n\n\n<p>Tot&nbsp;<strong>10 c\u00e2ini<\/strong>&nbsp;au fost prelua\u021bi \u0219i \u00een&nbsp;<strong>Sectorul 2<\/strong>, din zonele \u0218os. Colentina, \u0218os. Petricani \u0219i Str. Armeneasc\u0103.<\/p>\n\n\n\n<p>De asemenea, echipajele ASPA au capturat&nbsp;<strong>16 c\u00e2ini&nbsp;<\/strong>\u00een&nbsp;<strong>Sectorul 3<\/strong>, \u00een zonele Str. Foi\u0219orului, Bd. 1 Decembrie 1918, Str. M\u0103lureni \u0219i Bd. Nicolae Grigorescu. \u00cen&nbsp;<strong>Sectorul 4<\/strong>, din zonele Bd. Tineretului \u0219i Delta V\u0103c\u0103re\u0219ti, au fost prelua\u021bi&nbsp;<strong>2 c\u00e2ini.<\/strong><\/p>\n\n\n\n<p>\u00cen urma ac\u021biunilor de capturare desf\u0103\u0219urate,&nbsp;<strong>14 c\u00e2ini<\/strong>&nbsp;au fost ridica\u021bi din&nbsp;<strong>Sectorul 5<\/strong>, de la adresele Drumul Cooperativei, Str. Mun\u021bii Carpa\u021bi, Str. \u0218inei, Intr. B\u0103t\u0103\u0219ani, Tunsu Petre, M\u0103rgeanului.<\/p>\n\n\n\n<p>Din&nbsp;<strong>Sectorul 6<\/strong>, au fost captura\u021bi&nbsp;<strong>9 c\u00e2ini<\/strong>, din zonele Podul D\u00e2mbovi\u021bei \u0219i zona Lacul Morii.<\/p>\n\n\n\n<p>\u201eActivitatea \u00een teren a echipelor de interven\u021bie include \u0219i ac\u021biuni \u00een colaborare cu Poli\u021bia Rom\u00e2n\u0103, Jandarmeria, Poli\u021bia Local\u0103 a Municipiului Bucure\u0219ti \u0219i poli\u021biile locale de sector, at\u00e2t pentru preluarea animalelor abandonate, c\u00e2t \u0219i pentru informarea cet\u0103\u021benilor cu privire la obliga\u021biile legale ce le revin ca de\u021bin\u0103tori de animale.\u201d, au mai precizat&nbsp;<a href=\"https:\/\/www.facebook.com\/ASPABuc\/posts\/1268781905406944?ref=embed_post\" target=\"_blank\" rel=\"noreferrer noopener\">reprezentan\u021bii ASPA<\/a>.<\/p>\n\n\n\n<p><strong>CITE\u0218TE \u0218I: <a href=\"https:\/\/buletin.de\/bucuresti\/aspa-61-de-caini-abandonati-au-fost-preluati-din-toate-sectoarele-in-doar-zece-zile\/\">ASPA | 61 de c\u00e2ini abandona\u021bi au fost prelua\u021bi din toate sectoarele, \u00een zece zile<\/a><\/strong><\/p>\n","protected":false},"excerpt":{"rendered":"<p>Bucure\u0219tenii care vor s\u0103 adopte un c\u00e2ine sunt invita\u021bi s\u00e2mb\u0103t\u0103, 28 martie 2026, \u00eentre orele 10:00 \u0219i 16:00, la un nou t\u00e2rg organizat de Autoritatea pentru Supravegherea \u0219i Protec\u021bia Animalelor (ASPA), \u00een incinta magazinului MaxiPet Mihai Bravu. La eveniment vor fi adu\u0219i mai mul\u021bi c\u00e2ini afla\u021bi \u00een grija ASPA, to\u021bi av\u00e2nd procedurile legale \u00eendeplinite: sunt [&hellip;]<\/p>\n","protected":false},"author":59,"featured_media":181186,"comment_status":"closed","ping_status":"open","sticky":false,"template":"","format":"standard","meta":{"_acf_changed":false,"inline_featured_image":false,"ngg_post_thumbnail":0,"footnotes":""},"categories":[6994,62],"tags":[3229,9,307,2054,9612],"ppma_author":[22572],"class_list":["post-181184","post","type-post","status-publish","format-standard","has-post-thumbnail","hentry","category-stiri-2","category-stiri","tag-aspa","tag-bucuresti","tag-caini","tag-capitala","tag-targ-de-adoptii"],"acf":[],"yoast_head":"<!-- This site is optimized with the Yoast SEO Premium plugin v25.3 (Yoast SEO v27.5) - https:\/\/yoast.com\/product\/yoast-seo-premium-wordpress\/ -->\n<title>ASPA | Urm\u0103torul t\u00e2rg de adop\u021bii are loc pe 28 martie, \u00eentr-un petshop din Sectorul 3 - Buletin de Bucure\u0219ti<\/title>\n<meta name=\"description\" content=\"ASPA | Urm\u0103torul t\u00e2rg de adop\u021bii are loc pe 28 martie, \u00eentr-un petshop din Sectorul 3\" \/>\n<meta name=\"robots\" content=\"index, follow, max-snippet:-1, max-image-preview:large, max-video-preview:-1\" \/>\n<link rel=\"canonical\" href=\"https:\/\/buletin.de\/bucuresti\/aspa-urmatorul-targ-de-adoptii-are-loc-pe-28-martie-intr-un-petshop-din-sectorul-3\/\" \/>\n<meta property=\"og:locale\" content=\"en_GB\" \/>\n<meta property=\"og:type\" content=\"article\" \/>\n<meta property=\"og:title\" content=\"ASPA | Urm\u0103torul t\u00e2rg de adop\u021bii are loc pe 28 martie, \u00eentr-un petshop din Sectorul 3\" \/>\n<meta property=\"og:description\" content=\"ASPA | Urm\u0103torul t\u00e2rg de adop\u021bii are loc pe 28 martie, \u00eentr-un petshop din Sectorul 3\" \/>\n<meta property=\"og:url\" content=\"https:\/\/buletin.de\/bucuresti\/aspa-urmatorul-targ-de-adoptii-are-loc-pe-28-martie-intr-un-petshop-din-sectorul-3\/\" \/>\n<meta property=\"og:site_name\" content=\"Buletin de Bucure\u0219ti\" \/>\n<meta property=\"article:publisher\" content=\"https:\/\/www.facebook.com\/buletin.de.buc\" \/>\n<meta property=\"article:published_time\" content=\"2026-03-17T10:50:00+00:00\" \/>\n<meta property=\"article:modified_time\" content=\"2026-03-17T14:58:45+00:00\" \/>\n<meta property=\"og:image\" content=\"https:\/\/buletin.de\/bucuresti\/wp-content\/uploads\/2026\/03\/catei.jpg\" \/>\n\t<meta property=\"og:image:width\" content=\"1440\" \/>\n\t<meta property=\"og:image:height\" content=\"1370\" \/>\n\t<meta property=\"og:image:type\" content=\"image\/jpeg\" \/>\n<meta name=\"author\" content=\"C\u0103t\u0103lin Anghel-Dimache\" \/>\n<meta name=\"twitter:card\" content=\"summary_large_image\" \/>\n<meta name=\"twitter:label1\" content=\"Written by\" \/>\n\t<meta name=\"twitter:data1\" content=\"C\u0103t\u0103lin Anghel-Dimache\" \/>\n\t<meta name=\"twitter:label2\" content=\"Estimated reading time\" \/>\n\t<meta name=\"twitter:data2\" content=\"3 minutes\" \/>\n<script type=\"application\/ld+json\" class=\"yoast-schema-graph\">{\"@context\":\"https:\\\/\\\/schema.org\",\"@graph\":[{\"@type\":\"Article\",\"@id\":\"https:\\\/\\\/buletin.de\\\/bucuresti\\\/aspa-urmatorul-targ-de-adoptii-are-loc-pe-28-martie-intr-un-petshop-din-sectorul-3\\\/#article\",\"isPartOf\":{\"@id\":\"https:\\\/\\\/buletin.de\\\/bucuresti\\\/aspa-urmatorul-targ-de-adoptii-are-loc-pe-28-martie-intr-un-petshop-din-sectorul-3\\\/\"},\"author\":{\"name\":\"C\u0103t\u0103lin Anghel-Dimache\",\"@id\":\"https:\\\/\\\/buletin.de\\\/bucuresti\\\/#\\\/schema\\\/person\\\/0ac9db30080482be87c7386a30f98796\"},\"headline\":\"ASPA | Urm\u0103torul t\u00e2rg de adop\u021bii are loc pe 28 martie, \u00eentr-un petshop din Sectorul 3\",\"datePublished\":\"2026-03-17T10:50:00+00:00\",\"dateModified\":\"2026-03-17T14:58:45+00:00\",\"mainEntityOfPage\":{\"@id\":\"https:\\\/\\\/buletin.de\\\/bucuresti\\\/aspa-urmatorul-targ-de-adoptii-are-loc-pe-28-martie-intr-un-petshop-din-sectorul-3\\\/\"},\"wordCount\":611,\"publisher\":{\"@id\":\"https:\\\/\\\/buletin.de\\\/bucuresti\\\/#organization\"},\"image\":{\"@id\":\"https:\\\/\\\/buletin.de\\\/bucuresti\\\/aspa-urmatorul-targ-de-adoptii-are-loc-pe-28-martie-intr-un-petshop-din-sectorul-3\\\/#primaryimage\"},\"thumbnailUrl\":\"https:\\\/\\\/buletin.de\\\/bucuresti\\\/wp-content\\\/uploads\\\/2026\\\/03\\\/catei.jpg\",\"keywords\":[\"aspa\",\"bucuresti\",\"caini\",\"Capitala\",\"Targ de adoptii\"],\"articleSection\":[\"Articole\",\"\u0218tiri\"],\"inLanguage\":\"en-GB\",\"copyrightYear\":\"2026\",\"copyrightHolder\":{\"@id\":\"https:\\\/\\\/buletin.de\\\/bucuresti\\\/#organization\"}},{\"@type\":\"WebPage\",\"@id\":\"https:\\\/\\\/buletin.de\\\/bucuresti\\\/aspa-urmatorul-targ-de-adoptii-are-loc-pe-28-martie-intr-un-petshop-din-sectorul-3\\\/\",\"url\":\"https:\\\/\\\/buletin.de\\\/bucuresti\\\/aspa-urmatorul-targ-de-adoptii-are-loc-pe-28-martie-intr-un-petshop-din-sectorul-3\\\/\",\"name\":\"ASPA | Urm\u0103torul t\u00e2rg de adop\u021bii are loc pe 28 martie, \u00eentr-un petshop din Sectorul 3 - Buletin de Bucure\u0219ti\",\"isPartOf\":{\"@id\":\"https:\\\/\\\/buletin.de\\\/bucuresti\\\/#website\"},\"primaryImageOfPage\":{\"@id\":\"https:\\\/\\\/buletin.de\\\/bucuresti\\\/aspa-urmatorul-targ-de-adoptii-are-loc-pe-28-martie-intr-un-petshop-din-sectorul-3\\\/#primaryimage\"},\"image\":{\"@id\":\"https:\\\/\\\/buletin.de\\\/bucuresti\\\/aspa-urmatorul-targ-de-adoptii-are-loc-pe-28-martie-intr-un-petshop-din-sectorul-3\\\/#primaryimage\"},\"thumbnailUrl\":\"https:\\\/\\\/buletin.de\\\/bucuresti\\\/wp-content\\\/uploads\\\/2026\\\/03\\\/catei.jpg\",\"datePublished\":\"2026-03-17T10:50:00+00:00\",\"dateModified\":\"2026-03-17T14:58:45+00:00\",\"description\":\"ASPA | Urm\u0103torul t\u00e2rg de adop\u021bii are loc pe 28 martie, \u00eentr-un petshop din Sectorul 3\",\"breadcrumb\":{\"@id\":\"https:\\\/\\\/buletin.de\\\/bucuresti\\\/aspa-urmatorul-targ-de-adoptii-are-loc-pe-28-martie-intr-un-petshop-din-sectorul-3\\\/#breadcrumb\"},\"inLanguage\":\"en-GB\",\"potentialAction\":[{\"@type\":\"ReadAction\",\"target\":[\"https:\\\/\\\/buletin.de\\\/bucuresti\\\/aspa-urmatorul-targ-de-adoptii-are-loc-pe-28-martie-intr-un-petshop-din-sectorul-3\\\/\"]}]},{\"@type\":\"ImageObject\",\"inLanguage\":\"en-GB\",\"@id\":\"https:\\\/\\\/buletin.de\\\/bucuresti\\\/aspa-urmatorul-targ-de-adoptii-are-loc-pe-28-martie-intr-un-petshop-din-sectorul-3\\\/#primaryimage\",\"url\":\"https:\\\/\\\/buletin.de\\\/bucuresti\\\/wp-content\\\/uploads\\\/2026\\\/03\\\/catei.jpg\",\"contentUrl\":\"https:\\\/\\\/buletin.de\\\/bucuresti\\\/wp-content\\\/uploads\\\/2026\\\/03\\\/catei.jpg\",\"width\":1440,\"height\":1370,\"caption\":\"ASPA | Urm\u0103torul t\u00e2rg de adop\u021bii are loc pe 28 martie, \u00eentr-un petshop din Sectorul 3. Foto: ASPA\"},{\"@type\":\"BreadcrumbList\",\"@id\":\"https:\\\/\\\/buletin.de\\\/bucuresti\\\/aspa-urmatorul-targ-de-adoptii-are-loc-pe-28-martie-intr-un-petshop-din-sectorul-3\\\/#breadcrumb\",\"itemListElement\":[{\"@type\":\"ListItem\",\"position\":1,\"name\":\"Acas\u0103\",\"item\":\"https:\\\/\\\/buletin.de\\\/bucuresti\\\/\"},{\"@type\":\"ListItem\",\"position\":2,\"name\":\"ASPA | Urm\u0103torul t\u00e2rg de adop\u021bii are loc pe 28 martie, \u00eentr-un petshop din Sectorul 3\"}]},{\"@type\":\"WebSite\",\"@id\":\"https:\\\/\\\/buletin.de\\\/bucuresti\\\/#website\",\"url\":\"https:\\\/\\\/buletin.de\\\/bucuresti\\\/\",\"name\":\"Buletin de Bucure\u0219ti\",\"description\":\"\u0218tiri \u0219i investiga\u021bii esen\u021biale din capital\u0103\",\"publisher\":{\"@id\":\"https:\\\/\\\/buletin.de\\\/bucuresti\\\/#organization\"},\"potentialAction\":[{\"@type\":\"SearchAction\",\"target\":{\"@type\":\"EntryPoint\",\"urlTemplate\":\"https:\\\/\\\/buletin.de\\\/bucuresti\\\/?s={search_term_string}\"},\"query-input\":{\"@type\":\"PropertyValueSpecification\",\"valueRequired\":true,\"valueName\":\"search_term_string\"}}],\"inLanguage\":\"en-GB\"},{\"@type\":\"Organization\",\"@id\":\"https:\\\/\\\/buletin.de\\\/bucuresti\\\/#organization\",\"name\":\"Buletin de Bucure\u0219ti\",\"url\":\"https:\\\/\\\/buletin.de\\\/bucuresti\\\/\",\"logo\":{\"@type\":\"ImageObject\",\"inLanguage\":\"en-GB\",\"@id\":\"https:\\\/\\\/buletin.de\\\/bucuresti\\\/#\\\/schema\\\/logo\\\/image\\\/\",\"url\":\"https:\\\/\\\/buletin.de\\\/bucuresti\\\/wp-content\\\/uploads\\\/logo-bdb-full-wide-vernil-transparent.png\",\"contentUrl\":\"https:\\\/\\\/buletin.de\\\/bucuresti\\\/wp-content\\\/uploads\\\/logo-bdb-full-wide-vernil-transparent.png\",\"width\":1782,\"height\":626,\"caption\":\"Buletin de Bucure\u0219ti\"},\"image\":{\"@id\":\"https:\\\/\\\/buletin.de\\\/bucuresti\\\/#\\\/schema\\\/logo\\\/image\\\/\"},\"sameAs\":[\"https:\\\/\\\/www.facebook.com\\\/buletin.de.buc\",\"https:\\\/\\\/www.instagram.com\\\/buletinde.bucuresti\\\/\"]},{\"@type\":\"Person\",\"@id\":\"https:\\\/\\\/buletin.de\\\/bucuresti\\\/#\\\/schema\\\/person\\\/0ac9db30080482be87c7386a30f98796\",\"name\":\"C\u0103t\u0103lin Anghel-Dimache\",\"image\":{\"@type\":\"ImageObject\",\"inLanguage\":\"en-GB\",\"@id\":\"https:\\\/\\\/buletin.de\\\/bucuresti\\\/wp-content\\\/uploads\\\/Catalin-Anghel-Dimache-96x96.jpgbd9e43c5b25186d5b8e917ac61ad86c4\",\"url\":\"https:\\\/\\\/buletin.de\\\/bucuresti\\\/wp-content\\\/uploads\\\/Catalin-Anghel-Dimache-96x96.jpg\",\"contentUrl\":\"https:\\\/\\\/buletin.de\\\/bucuresti\\\/wp-content\\\/uploads\\\/Catalin-Anghel-Dimache-96x96.jpg\",\"caption\":\"C\u0103t\u0103lin Anghel-Dimache\"},\"description\":\"A absolvit Facultatea de Jurnalism \u0219i \u0218tiin\u021bele Comunic\u0103rii a Universit\u0103\u021bii din Bucure\u0219ti \u00een 2024. Scrie despre mediu \u0219i teme sociale, dar \u0219i despre cum se reflect\u0103 ele \u00een via\u021ba cotidian\u0103 a bucure\u0219tenilor, cu un ochi atent la pove\u0219tile personale din spatele titlurilor. N\u0103scut \u0219i crescut \u00een Bucure\u0219ti, a f\u0103cut un pas c\u0103tre presa local\u0103, din pasiune pentru ora\u0219ul s\u0103u \u0219i oamenii din el.\",\"url\":\"https:\\\/\\\/buletin.de\\\/bucuresti\\\/author\\\/catalin-anghel-dimache\\\/\"}]}<\/script>\n<!-- \/ Yoast SEO Premium plugin. -->","yoast_head_json":{"title":"ASPA | Urm\u0103torul t\u00e2rg de adop\u021bii are loc pe 28 martie, \u00eentr-un petshop din Sectorul 3 - Buletin de Bucure\u0219ti","description":"ASPA | Urm\u0103torul t\u00e2rg de adop\u021bii are loc pe 28 martie, \u00eentr-un petshop din Sectorul 3","robots":{"index":"index","follow":"follow","max-snippet":"max-snippet:-1","max-image-preview":"max-image-preview:large","max-video-preview":"max-video-preview:-1"},"canonical":"https:\/\/buletin.de\/bucuresti\/aspa-urmatorul-targ-de-adoptii-are-loc-pe-28-martie-intr-un-petshop-din-sectorul-3\/","og_locale":"en_GB","og_type":"article","og_title":"ASPA | Urm\u0103torul t\u00e2rg de adop\u021bii are loc pe 28 martie, \u00eentr-un petshop din Sectorul 3","og_description":"ASPA | Urm\u0103torul t\u00e2rg de adop\u021bii are loc pe 28 martie, \u00eentr-un petshop din Sectorul 3","og_url":"https:\/\/buletin.de\/bucuresti\/aspa-urmatorul-targ-de-adoptii-are-loc-pe-28-martie-intr-un-petshop-din-sectorul-3\/","og_site_name":"Buletin de Bucure\u0219ti","article_publisher":"https:\/\/www.facebook.com\/buletin.de.buc","article_published_time":"2026-03-17T10:50:00+00:00","article_modified_time":"2026-03-17T14:58:45+00:00","og_image":[{"width":1440,"height":1370,"url":"https:\/\/buletin.de\/bucuresti\/wp-content\/uploads\/2026\/03\/catei.jpg","type":"image\/jpeg"}],"author":"C\u0103t\u0103lin Anghel-Dimache","twitter_card":"summary_large_image","twitter_misc":{"Written by":"C\u0103t\u0103lin Anghel-Dimache","Estimated reading time":"3 minutes"},"schema":{"@context":"https:\/\/schema.org","@graph":[{"@type":"Article","@id":"https:\/\/buletin.de\/bucuresti\/aspa-urmatorul-targ-de-adoptii-are-loc-pe-28-martie-intr-un-petshop-din-sectorul-3\/#article","isPartOf":{"@id":"https:\/\/buletin.de\/bucuresti\/aspa-urmatorul-targ-de-adoptii-are-loc-pe-28-martie-intr-un-petshop-din-sectorul-3\/"},"author":{"name":"C\u0103t\u0103lin Anghel-Dimache","@id":"https:\/\/buletin.de\/bucuresti\/#\/schema\/person\/0ac9db30080482be87c7386a30f98796"},"headline":"ASPA | Urm\u0103torul t\u00e2rg de adop\u021bii are loc pe 28 martie, \u00eentr-un petshop din Sectorul 3","datePublished":"2026-03-17T10:50:00+00:00","dateModified":"2026-03-17T14:58:45+00:00","mainEntityOfPage":{"@id":"https:\/\/buletin.de\/bucuresti\/aspa-urmatorul-targ-de-adoptii-are-loc-pe-28-martie-intr-un-petshop-din-sectorul-3\/"},"wordCount":611,"publisher":{"@id":"https:\/\/buletin.de\/bucuresti\/#organization"},"image":{"@id":"https:\/\/buletin.de\/bucuresti\/aspa-urmatorul-targ-de-adoptii-are-loc-pe-28-martie-intr-un-petshop-din-sectorul-3\/#primaryimage"},"thumbnailUrl":"https:\/\/buletin.de\/bucuresti\/wp-content\/uploads\/2026\/03\/catei.jpg","keywords":["aspa","bucuresti","caini","Capitala","Targ de adoptii"],"articleSection":["Articole","\u0218tiri"],"inLanguage":"en-GB","copyrightYear":"2026","copyrightHolder":{"@id":"https:\/\/buletin.de\/bucuresti\/#organization"}},{"@type":"WebPage","@id":"https:\/\/buletin.de\/bucuresti\/aspa-urmatorul-targ-de-adoptii-are-loc-pe-28-martie-intr-un-petshop-din-sectorul-3\/","url":"https:\/\/buletin.de\/bucuresti\/aspa-urmatorul-targ-de-adoptii-are-loc-pe-28-martie-intr-un-petshop-din-sectorul-3\/","name":"ASPA | Urm\u0103torul t\u00e2rg de adop\u021bii are loc pe 28 martie, \u00eentr-un petshop din Sectorul 3 - Buletin de Bucure\u0219ti","isPartOf":{"@id":"https:\/\/buletin.de\/bucuresti\/#website"},"primaryImageOfPage":{"@id":"https:\/\/buletin.de\/bucuresti\/aspa-urmatorul-targ-de-adoptii-are-loc-pe-28-martie-intr-un-petshop-din-sectorul-3\/#primaryimage"},"image":{"@id":"https:\/\/buletin.de\/bucuresti\/aspa-urmatorul-targ-de-adoptii-are-loc-pe-28-martie-intr-un-petshop-din-sectorul-3\/#primaryimage"},"thumbnailUrl":"https:\/\/buletin.de\/bucuresti\/wp-content\/uploads\/2026\/03\/catei.jpg","datePublished":"2026-03-17T10:50:00+00:00","dateModified":"2026-03-17T14:58:45+00:00","description":"ASPA | Urm\u0103torul t\u00e2rg de adop\u021bii are loc pe 28 martie, \u00eentr-un petshop din Sectorul 3","breadcrumb":{"@id":"https:\/\/buletin.de\/bucuresti\/aspa-urmatorul-targ-de-adoptii-are-loc-pe-28-martie-intr-un-petshop-din-sectorul-3\/#breadcrumb"},"inLanguage":"en-GB","potentialAction":[{"@type":"ReadAction","target":["https:\/\/buletin.de\/bucuresti\/aspa-urmatorul-targ-de-adoptii-are-loc-pe-28-martie-intr-un-petshop-din-sectorul-3\/"]}]},{"@type":"ImageObject","inLanguage":"en-GB","@id":"https:\/\/buletin.de\/bucuresti\/aspa-urmatorul-targ-de-adoptii-are-loc-pe-28-martie-intr-un-petshop-din-sectorul-3\/#primaryimage","url":"https:\/\/buletin.de\/bucuresti\/wp-content\/uploads\/2026\/03\/catei.jpg","contentUrl":"https:\/\/buletin.de\/bucuresti\/wp-content\/uploads\/2026\/03\/catei.jpg","width":1440,"height":1370,"caption":"ASPA | Urm\u0103torul t\u00e2rg de adop\u021bii are loc pe 28 martie, \u00eentr-un petshop din Sectorul 3. Foto: ASPA"},{"@type":"BreadcrumbList","@id":"https:\/\/buletin.de\/bucuresti\/aspa-urmatorul-targ-de-adoptii-are-loc-pe-28-martie-intr-un-petshop-din-sectorul-3\/#breadcrumb","itemListElement":[{"@type":"ListItem","position":1,"name":"Acas\u0103","item":"https:\/\/buletin.de\/bucuresti\/"},{"@type":"ListItem","position":2,"name":"ASPA | Urm\u0103torul t\u00e2rg de adop\u021bii are loc pe 28 martie, \u00eentr-un petshop din Sectorul 3"}]},{"@type":"WebSite","@id":"https:\/\/buletin.de\/bucuresti\/#website","url":"https:\/\/buletin.de\/bucuresti\/","name":"Buletin de Bucure\u0219ti","description":"\u0218tiri \u0219i investiga\u021bii esen\u021biale din capital\u0103","publisher":{"@id":"https:\/\/buletin.de\/bucuresti\/#organization"},"potentialAction":[{"@type":"SearchAction","target":{"@type":"EntryPoint","urlTemplate":"https:\/\/buletin.de\/bucuresti\/?s={search_term_string}"},"query-input":{"@type":"PropertyValueSpecification","valueRequired":true,"valueName":"search_term_string"}}],"inLanguage":"en-GB"},{"@type":"Organization","@id":"https:\/\/buletin.de\/bucuresti\/#organization","name":"Buletin de Bucure\u0219ti","url":"https:\/\/buletin.de\/bucuresti\/","logo":{"@type":"ImageObject","inLanguage":"en-GB","@id":"https:\/\/buletin.de\/bucuresti\/#\/schema\/logo\/image\/","url":"https:\/\/buletin.de\/bucuresti\/wp-content\/uploads\/logo-bdb-full-wide-vernil-transparent.png","contentUrl":"https:\/\/buletin.de\/bucuresti\/wp-content\/uploads\/logo-bdb-full-wide-vernil-transparent.png","width":1782,"height":626,"caption":"Buletin de Bucure\u0219ti"},"image":{"@id":"https:\/\/buletin.de\/bucuresti\/#\/schema\/logo\/image\/"},"sameAs":["https:\/\/www.facebook.com\/buletin.de.buc","https:\/\/www.instagram.com\/buletinde.bucuresti\/"]},{"@type":"Person","@id":"https:\/\/buletin.de\/bucuresti\/#\/schema\/person\/0ac9db30080482be87c7386a30f98796","name":"C\u0103t\u0103lin Anghel-Dimache","image":{"@type":"ImageObject","inLanguage":"en-GB","@id":"https:\/\/buletin.de\/bucuresti\/wp-content\/uploads\/Catalin-Anghel-Dimache-96x96.jpgbd9e43c5b25186d5b8e917ac61ad86c4","url":"https:\/\/buletin.de\/bucuresti\/wp-content\/uploads\/Catalin-Anghel-Dimache-96x96.jpg","contentUrl":"https:\/\/buletin.de\/bucuresti\/wp-content\/uploads\/Catalin-Anghel-Dimache-96x96.jpg","caption":"C\u0103t\u0103lin Anghel-Dimache"},"description":"A absolvit Facultatea de Jurnalism \u0219i \u0218tiin\u021bele Comunic\u0103rii a Universit\u0103\u021bii din Bucure\u0219ti \u00een 2024. Scrie despre mediu \u0219i teme sociale, dar \u0219i despre cum se reflect\u0103 ele \u00een via\u021ba cotidian\u0103 a bucure\u0219tenilor, cu un ochi atent la pove\u0219tile personale din spatele titlurilor. N\u0103scut \u0219i crescut \u00een Bucure\u0219ti, a f\u0103cut un pas c\u0103tre presa local\u0103, din pasiune pentru ora\u0219ul s\u0103u \u0219i oamenii din el.","url":"https:\/\/buletin.de\/bucuresti\/author\/catalin-anghel-dimache\/"}]}},"authors":[{"term_id":22572,"user_id":59,"is_guest":0,"slug":"catalin-anghel-dimache","display_name":"C\u0103t\u0103lin Anghel-Dimache","avatar_url":"https:\/\/buletin.de\/bucuresti\/wp-content\/uploads\/Catalin-Anghel-Dimache-96x96.jpg","0":null,"1":"","2":"","3":"","4":"","5":"","6":"","7":"","8":""}],"_links":{"self":[{"href":"https:\/\/buletin.de\/bucuresti\/wp-json\/wp\/v2\/posts\/181184","targetHints":{"allow":["GET"]}}],"collection":[{"href":"https:\/\/buletin.de\/bucuresti\/wp-json\/wp\/v2\/posts"}],"about":[{"href":"https:\/\/buletin.de\/bucuresti\/wp-json\/wp\/v2\/types\/post"}],"author":[{"embeddable":true,"href":"https:\/\/buletin.de\/bucuresti\/wp-json\/wp\/v2\/users\/59"}],"replies":[{"embeddable":true,"href":"https:\/\/buletin.de\/bucuresti\/wp-json\/wp\/v2\/comments?post=181184"}],"version-history":[{"count":1,"href":"https:\/\/buletin.de\/bucuresti\/wp-json\/wp\/v2\/posts\/181184\/revisions"}],"predecessor-version":[{"id":181187,"href":"https:\/\/buletin.de\/bucuresti\/wp-json\/wp\/v2\/posts\/181184\/revisions\/181187"}],"wp:featuredmedia":[{"embeddable":true,"href":"https:\/\/buletin.de\/bucuresti\/wp-json\/wp\/v2\/media\/181186"}],"wp:attachment":[{"href":"https:\/\/buletin.de\/bucuresti\/wp-json\/wp\/v2\/media?parent=181184"}],"wp:term":[{"taxonomy":"category","embeddable":true,"href":"https:\/\/buletin.de\/bucuresti\/wp-json\/wp\/v2\/categories?post=181184"},{"taxonomy":"post_tag","embeddable":true,"href":"https:\/\/buletin.de\/bucuresti\/wp-json\/wp\/v2\/tags?post=181184"},{"taxonomy":"author","embeddable":true,"href":"https:\/\/buletin.de\/bucuresti\/wp-json\/wp\/v2\/ppma_author?post=181184"}],"curies":[{"name":"wp","href":"https:\/\/api.w.org\/{rel}","templated":true}]}}