{"id":18118,"date":"2021-01-15T15:52:06","date_gmt":"2021-01-15T12:52:06","guid":{"rendered":"https:\/\/buletin.de\/bucuresti\/?p=18118"},"modified":"2021-01-15T15:52:07","modified_gmt":"2021-01-15T12:52:07","slug":"iscir-a-respins-de-doua-ori-in-2019-cererile-de-derogare-ale-elcen-pentru-pornirea-instalatiilor-vechi-de-la-cet-sud-a-autorizat-in-schimb-un-echipament-din-1969-retras-din-exploatare-din-cauza-probl","status":"publish","type":"post","link":"https:\/\/buletin.de\/bucuresti\/iscir-a-respins-de-doua-ori-in-2019-cererile-de-derogare-ale-elcen-pentru-pornirea-instalatiilor-vechi-de-la-cet-sud-a-autorizat-in-schimb-un-echipament-din-1969-retras-din-exploatare-din-cauza-probl\/","title":{"rendered":"ISCIR a respins de dou\u0103 ori \u00een 2019 cererile de derogare ale ELCEN pentru pornirea instala\u021biilor vechi de la CET Sud. A autorizat \u00een schimb un echipament din 1969 retras din exploatare din cauza problemelor de mediu"},"content":{"rendered":"\n<p><strong>Inspec\u021bia de Stat pentru Controlul Cazanelor, Recipientelor sub Presiune \u0219i Instala\u021biilor de Ridicat(ISCIR), institu\u021bie aflat\u0103 \u00een subordinea Ministerului Economiei, a refuzat \u00een ianuarie 2019 acordarea unei derog\u0103ri pentru punerea \u00een func\u021biune a unei instala\u021bii vechi produs\u0103 \u00een 1974.  F\u0103r\u0103 verificare tehnic\u0103 \u0219i autoriza\u021bie, ELCEN a pornit \u00eens\u0103 echipamentele \u0219i a mutat aici, la sf\u00e2r\u0219itul lunii decembrie, toat\u0103 produc\u021bia celei mai mari termocentrale din Bucure\u0219ti.<\/strong> <\/p>\n\n\n\n<p>Recent, pe fondul unor lucr\u0103ri de modernizare \u00eent\u00e2rziate \u0219i problematice, <a href=\"https:\/\/buletin.de\/bucuresti\/exclusiv-elcen-a-repornit-instalatii-vechi-inchise-acum-patru-ani-din-cauza-investitiilor-intarziate-acestea-nu-au-fost-verificate-nu-au-autorizatie-iar-aparatura-de-monitorizare-a-noxelor-la-c\/\">ELCEN a repornit Grupul Energetic nr. 5 cu toate c\u0103 nu a fost expertizat tehnic \u0219i nu are autoriza\u021bie de func\u021bionare.<\/a><\/p>\n\n\n\n<p>Potrivit unui r\u0103spuns transmis de inspec\u021bia de stat la solicitarea Buletin de Bucure\u0219ti, la \u00eenceputul lui 2019, ELCEN a \u00eencercat de dou\u0103 ori s\u0103 ob\u021bin\u0103 o derogare pentru punerea \u00een func\u021biune a Blocului Energetic 5 a c\u0103rei instala\u021bie principal\u0103 a fost produs\u0103 1974, \u00een Cehoslovacia.<\/p>\n\n\n\n<h2 class=\"wp-block-heading\"><strong>O alt\u0103 investi\u021bie \u00eent\u00e2rziat\u0103<\/strong><\/h2>\n\n\n\n<p>ELCEN a primit \u00een schimb, \u00een 2020, o derogare pentru un Cazan de Ap\u0103 Fierbinte(CAF), instala\u021bie care prin defini\u021bie este folosit\u0103 doar pentru producerea de agent termic \u00een v\u00e2rfuri de sarcin\u0103 care au loc iarna, pus \u00een func\u021biune \u00een 1969.<\/p>\n\n\n\n<p>Potrivit Planul de Reorganizare al ELCEN \u00eentocmit de actuala conducere \u0219i \u00eenregistrat la Tribunalul Bucure\u0219ti pe 28 februarie 2020, CAF nr. 5 este singura instala\u021bie produs\u0103 \u00een 1969 \u0219i figureaz\u0103 ca fiind retras\u0103 din exploatare pentru c\u0103 nu se mai conformeaz\u0103 la cerin\u021bele de mediu \u00eencep\u00e2nd cu 2016.<\/p>\n\n\n\n<figure class=\"wp-block-image size-large\"><img fetchpriority=\"high\" decoding=\"async\" width=\"900\" height=\"495\" src=\"data:image\/gif;base64,R0lGODlhAQABAAAAACH5BAEKAAEALAAAAAABAAEAAAICTAEAOw==\" data-src=\"https:\/\/buletin.de\/bucuresti\/wp-content\/uploads\/derogare-caf-5-900x495.jpg\" alt=\"\" class=\"wp-image-18120 lazyload\" data-sizes=\"auto\" data-srcset=\"https:\/\/buletin.de\/bucuresti\/wp-content\/uploads\/derogare-caf-5-900x495.jpg 900w, https:\/\/buletin.de\/bucuresti\/wp-content\/uploads\/derogare-caf-5-300x165.jpg 300w, https:\/\/buletin.de\/bucuresti\/wp-content\/uploads\/derogare-caf-5-768x423.jpg 768w, https:\/\/buletin.de\/bucuresti\/wp-content\/uploads\/derogare-caf-5-1536x845.jpg 1536w, https:\/\/buletin.de\/bucuresti\/wp-content\/uploads\/derogare-caf-5-1060x583.jpg 1060w, https:\/\/buletin.de\/bucuresti\/wp-content\/uploads\/derogare-caf-5-550x303.jpg 550w, https:\/\/buletin.de\/bucuresti\/wp-content\/uploads\/derogare-caf-5-908x500.jpg 908w, https:\/\/buletin.de\/bucuresti\/wp-content\/uploads\/derogare-caf-5-1920x1057.jpg 1920w, https:\/\/buletin.de\/bucuresti\/wp-content\/uploads\/derogare-caf-5-1962x1080.jpg 1962w, https:\/\/buletin.de\/bucuresti\/wp-content\/uploads\/derogare-caf-5-600x330.jpg 600w, https:\/\/buletin.de\/bucuresti\/wp-content\/uploads\/derogare-caf-5.jpg 1975w\" sizes=\"(max-width: 900px) 100vw, 900px\" \/><figcaption>Cazanul de ap\u0103 fierbinte nr. 5 a fost repornit cu toate c\u0103 nu a fost modernizat. (Sursa: Plan de Reorganizare al ELCEN S.A. )<\/figcaption><\/figure>\n\n\n\n<p>Mai mult, instala\u021bia pentru producerea apei calde figureaz\u0103 ca av\u00e2nd nevoie de &#8220;<strong>investi\u021bii pentru modernizare sau \u00eenlocuire cu instala\u021bii noi \u0219i redare \u00een exploatare pentru acoperirea necesarului de energie termic\u0103 dup\u0103 anul 2020<\/strong>&#8220;.<\/p>\n\n\n\n<p>ELCEN a solicitat derogarea \u00een iulie 2020 iar ISCIR a prelungit autoriza\u021bia de func\u021bionare pentru cazanul de ap\u0103 fierbinte p\u00e2n\u0103 \u00een august 2021.<\/p>\n\n\n\n<figure class=\"wp-block-image size-large\"><img decoding=\"async\" width=\"652\" height=\"900\" src=\"data:image\/gif;base64,R0lGODlhAQABAAAAACH5BAEKAAEALAAAAAABAAEAAAICTAEAOw==\" data-src=\"https:\/\/buletin.de\/bucuresti\/wp-content\/uploads\/raspuns-iscir-2-652x900.jpg\" alt=\"\" class=\"wp-image-18126 lazyload\" data-sizes=\"auto\" data-srcset=\"https:\/\/buletin.de\/bucuresti\/wp-content\/uploads\/raspuns-iscir-2-652x900.jpg 652w, https:\/\/buletin.de\/bucuresti\/wp-content\/uploads\/raspuns-iscir-2-217x300.jpg 217w, https:\/\/buletin.de\/bucuresti\/wp-content\/uploads\/raspuns-iscir-2-768x1060.jpg 768w, https:\/\/buletin.de\/bucuresti\/wp-content\/uploads\/raspuns-iscir-2-1113x1536.jpg 1113w, https:\/\/buletin.de\/bucuresti\/wp-content\/uploads\/raspuns-iscir-2-1060x1463.jpg 1060w, https:\/\/buletin.de\/bucuresti\/wp-content\/uploads\/raspuns-iscir-2-550x759.jpg 550w, https:\/\/buletin.de\/bucuresti\/wp-content\/uploads\/raspuns-iscir-2-362x500.jpg 362w, https:\/\/buletin.de\/bucuresti\/wp-content\/uploads\/raspuns-iscir-2-782x1080.jpg 782w, https:\/\/buletin.de\/bucuresti\/wp-content\/uploads\/raspuns-iscir-2-600x828.jpg 600w, https:\/\/buletin.de\/bucuresti\/wp-content\/uploads\/raspuns-iscir-2.jpg 1394w\" sizes=\"(max-width: 652px) 100vw, 652px\" \/><\/figure>\n\n\n\n<p>Potrivit legii, inspec\u021bia de stat poate acorda prelungirea autoriza\u021biei de func\u021bionare \u0219i modificare a termenelor scadente pentru realizarea verific\u0103rilor tehnice periodice cu cel mult 12 luni.&nbsp;<\/p>\n\n\n\n<p>CITE\u0218TE \u0218I<\/p>\n\n\n\n<p><a href=\"https:\/\/buletin.de\/bucuresti\/otrava-de-la-elcen-i-termocentralele-bucurestiului-functioneaza-cu-derogari-de-la-legile-de-mediu\/\">Otrava de la ELCEN (I): Termocentralele Bucure\u0219tiului func\u021bioneaz\u0103 cu derog\u0103ri de la legile de mediu<\/a><\/p>\n\n\n\n<p><a href=\"https:\/\/buletin.de\/bucuresti\/elcen-se-disculpa-in-privinta-poluarii-din-capitala-limitele-sunt-depasite-din-cauza-pulberilor-de-la-pneurile-masinilor-sau-de-arderea-incompleta-a-carburantilor\/\">ELCEN se disculp\u0103 \u00een privin\u021ba polu\u0103rii din Capital\u0103: \u201cLimitele sunt dep\u0103\u0219ite din cauza pulberilor de la pneurile ma\u0219inilor sau de arderea incomplet\u0103 a carburan\u021bilor\u201d<\/a><\/p>\n\n\n\n<p>FOTO: Inquam Photos\/Octav Ganea<\/p>\n","protected":false},"excerpt":{"rendered":"<p>Inspec\u021bia de Stat pentru Controlul Cazanelor, Recipientelor sub Presiune \u0219i Instala\u021biilor de Ridicat(ISCIR), institu\u021bie aflat\u0103 \u00een subordinea Ministerului Economiei, a refuzat \u00een ianuarie 2019 acordarea unei derog\u0103ri pentru punerea \u00een func\u021biune a unei instala\u021bii vechi produs\u0103 \u00een 1974. F\u0103r\u0103 verificare tehnic\u0103 \u0219i autoriza\u021bie, ELCEN a pornit \u00eens\u0103 echipamentele \u0219i a mutat aici, la sf\u00e2r\u0219itul lunii [&hellip;]<\/p>\n","protected":false},"author":10,"featured_media":18121,"comment_status":"closed","ping_status":"open","sticky":false,"template":"","format":"standard","meta":{"_acf_changed":false,"inline_featured_image":false,"ngg_post_thumbnail":0,"footnotes":""},"categories":[1,109],"tags":[1961,237,2107,498,132],"ppma_author":[22575],"class_list":["post-18118","post","type-post","status-publish","format-standard","has-post-thumbnail","hentry","category-diverse","category-mediu","tag-cet-sud","tag-elcen","tag-iscir","tag-noxe","tag-poluare"],"acf":[],"yoast_head":"<!-- This site is optimized with the Yoast SEO Premium plugin v25.3 (Yoast SEO v27.4) - https:\/\/yoast.com\/product\/yoast-seo-premium-wordpress\/ -->\n<title>ISCIR a respins de dou\u0103 ori \u00een 2019 cererile de derogare ale ELCEN pentru pornirea instala\u021biilor vechi de la CET Sud. A autorizat \u00een schimb un echipament din 1969 retras din exploatare din cauza problemelor de mediu - Buletin de Bucure\u0219ti<\/title>\n<meta name=\"robots\" content=\"index, follow, max-snippet:-1, max-image-preview:large, max-video-preview:-1\" \/>\n<link rel=\"canonical\" href=\"https:\/\/buletin.de\/bucuresti\/iscir-a-respins-de-doua-ori-in-2019-cererile-de-derogare-ale-elcen-pentru-pornirea-instalatiilor-vechi-de-la-cet-sud-a-autorizat-in-schimb-un-echipament-din-1969-retras-din-exploatare-din-cauza-probl\/\" \/>\n<meta property=\"og:locale\" content=\"en_GB\" \/>\n<meta property=\"og:type\" content=\"article\" \/>\n<meta property=\"og:title\" content=\"ISCIR a respins de dou\u0103 ori \u00een 2019 cererile de derogare ale ELCEN pentru pornirea instala\u021biilor vechi de la CET Sud. A autorizat \u00een schimb un echipament din 1969 retras din exploatare din cauza problemelor de mediu\" \/>\n<meta property=\"og:description\" content=\"Inspec\u021bia de Stat pentru Controlul Cazanelor, Recipientelor sub Presiune \u0219i Instala\u021biilor de Ridicat(ISCIR), institu\u021bie aflat\u0103 \u00een subordinea Ministerului Economiei, a refuzat \u00een ianuarie 2019 acordarea unei derog\u0103ri pentru punerea \u00een func\u021biune a unei instala\u021bii vechi produs\u0103 \u00een 1974. F\u0103r\u0103 verificare tehnic\u0103 \u0219i autoriza\u021bie, ELCEN a pornit \u00eens\u0103 echipamentele \u0219i a mutat aici, la sf\u00e2r\u0219itul lunii [&hellip;]\" \/>\n<meta property=\"og:url\" content=\"https:\/\/buletin.de\/bucuresti\/iscir-a-respins-de-doua-ori-in-2019-cererile-de-derogare-ale-elcen-pentru-pornirea-instalatiilor-vechi-de-la-cet-sud-a-autorizat-in-schimb-un-echipament-din-1969-retras-din-exploatare-din-cauza-probl\/\" \/>\n<meta property=\"og:site_name\" content=\"Buletin de Bucure\u0219ti\" \/>\n<meta property=\"article:publisher\" content=\"https:\/\/www.facebook.com\/buletin.de.buc\" \/>\n<meta property=\"article:published_time\" content=\"2021-01-15T12:52:06+00:00\" \/>\n<meta property=\"article:modified_time\" content=\"2021-01-15T12:52:07+00:00\" \/>\n<meta property=\"og:image\" content=\"https:\/\/buletin.de\/bucuresti\/wp-content\/uploads\/ID102631_INQUAM_Photos_Octav_Ganea.jpg\" \/>\n\t<meta property=\"og:image:width\" content=\"2000\" \/>\n\t<meta property=\"og:image:height\" content=\"1333\" \/>\n\t<meta property=\"og:image:type\" content=\"image\/jpeg\" \/>\n<meta name=\"author\" content=\"C\u0103t\u0103lin Dosca\u0219\" \/>\n<meta name=\"twitter:card\" content=\"summary_large_image\" \/>\n<meta name=\"twitter:label1\" content=\"Written by\" \/>\n\t<meta name=\"twitter:data1\" content=\"C\u0103t\u0103lin Dosca\u0219\" \/>\n\t<meta name=\"twitter:label2\" content=\"Estimated reading time\" \/>\n\t<meta name=\"twitter:data2\" content=\"2 minutes\" \/>\n<script type=\"application\/ld+json\" class=\"yoast-schema-graph\">{\"@context\":\"https:\\\/\\\/schema.org\",\"@graph\":[{\"@type\":\"Article\",\"@id\":\"https:\\\/\\\/buletin.de\\\/bucuresti\\\/iscir-a-respins-de-doua-ori-in-2019-cererile-de-derogare-ale-elcen-pentru-pornirea-instalatiilor-vechi-de-la-cet-sud-a-autorizat-in-schimb-un-echipament-din-1969-retras-din-exploatare-din-cauza-probl\\\/#article\",\"isPartOf\":{\"@id\":\"https:\\\/\\\/buletin.de\\\/bucuresti\\\/iscir-a-respins-de-doua-ori-in-2019-cererile-de-derogare-ale-elcen-pentru-pornirea-instalatiilor-vechi-de-la-cet-sud-a-autorizat-in-schimb-un-echipament-din-1969-retras-din-exploatare-din-cauza-probl\\\/\"},\"author\":{\"name\":\"C\u0103t\u0103lin Dosca\u0219\",\"@id\":\"https:\\\/\\\/buletin.de\\\/bucuresti\\\/#\\\/schema\\\/person\\\/31117187ed4d0bdb0a4c7d6acc79d0f8\"},\"headline\":\"ISCIR a respins de dou\u0103 ori \u00een 2019 cererile de derogare ale ELCEN pentru pornirea instala\u021biilor vechi de la CET Sud. A autorizat \u00een schimb un echipament din 1969 retras din exploatare din cauza problemelor de mediu\",\"datePublished\":\"2021-01-15T12:52:06+00:00\",\"dateModified\":\"2021-01-15T12:52:07+00:00\",\"mainEntityOfPage\":{\"@id\":\"https:\\\/\\\/buletin.de\\\/bucuresti\\\/iscir-a-respins-de-doua-ori-in-2019-cererile-de-derogare-ale-elcen-pentru-pornirea-instalatiilor-vechi-de-la-cet-sud-a-autorizat-in-schimb-un-echipament-din-1969-retras-din-exploatare-din-cauza-probl\\\/\"},\"wordCount\":458,\"publisher\":{\"@id\":\"https:\\\/\\\/buletin.de\\\/bucuresti\\\/#organization\"},\"image\":{\"@id\":\"https:\\\/\\\/buletin.de\\\/bucuresti\\\/iscir-a-respins-de-doua-ori-in-2019-cererile-de-derogare-ale-elcen-pentru-pornirea-instalatiilor-vechi-de-la-cet-sud-a-autorizat-in-schimb-un-echipament-din-1969-retras-din-exploatare-din-cauza-probl\\\/#primaryimage\"},\"thumbnailUrl\":\"https:\\\/\\\/buletin.de\\\/bucuresti\\\/wp-content\\\/uploads\\\/ID102631_INQUAM_Photos_Octav_Ganea.jpg\",\"keywords\":[\"cet sud\",\"elcen\",\"iscir\",\"noxe\",\"poluare\"],\"articleSection\":[\"Diverse\",\"Mediu\"],\"inLanguage\":\"en-GB\",\"copyrightYear\":\"2021\",\"copyrightHolder\":{\"@id\":\"https:\\\/\\\/buletin.de\\\/bucuresti\\\/#organization\"}},{\"@type\":\"WebPage\",\"@id\":\"https:\\\/\\\/buletin.de\\\/bucuresti\\\/iscir-a-respins-de-doua-ori-in-2019-cererile-de-derogare-ale-elcen-pentru-pornirea-instalatiilor-vechi-de-la-cet-sud-a-autorizat-in-schimb-un-echipament-din-1969-retras-din-exploatare-din-cauza-probl\\\/\",\"url\":\"https:\\\/\\\/buletin.de\\\/bucuresti\\\/iscir-a-respins-de-doua-ori-in-2019-cererile-de-derogare-ale-elcen-pentru-pornirea-instalatiilor-vechi-de-la-cet-sud-a-autorizat-in-schimb-un-echipament-din-1969-retras-din-exploatare-din-cauza-probl\\\/\",\"name\":\"ISCIR a respins de dou\u0103 ori \u00een 2019 cererile de derogare ale ELCEN pentru pornirea instala\u021biilor vechi de la CET Sud. A autorizat \u00een schimb un echipament din 1969 retras din exploatare din cauza problemelor de mediu - Buletin de Bucure\u0219ti\",\"isPartOf\":{\"@id\":\"https:\\\/\\\/buletin.de\\\/bucuresti\\\/#website\"},\"primaryImageOfPage\":{\"@id\":\"https:\\\/\\\/buletin.de\\\/bucuresti\\\/iscir-a-respins-de-doua-ori-in-2019-cererile-de-derogare-ale-elcen-pentru-pornirea-instalatiilor-vechi-de-la-cet-sud-a-autorizat-in-schimb-un-echipament-din-1969-retras-din-exploatare-din-cauza-probl\\\/#primaryimage\"},\"image\":{\"@id\":\"https:\\\/\\\/buletin.de\\\/bucuresti\\\/iscir-a-respins-de-doua-ori-in-2019-cererile-de-derogare-ale-elcen-pentru-pornirea-instalatiilor-vechi-de-la-cet-sud-a-autorizat-in-schimb-un-echipament-din-1969-retras-din-exploatare-din-cauza-probl\\\/#primaryimage\"},\"thumbnailUrl\":\"https:\\\/\\\/buletin.de\\\/bucuresti\\\/wp-content\\\/uploads\\\/ID102631_INQUAM_Photos_Octav_Ganea.jpg\",\"datePublished\":\"2021-01-15T12:52:06+00:00\",\"dateModified\":\"2021-01-15T12:52:07+00:00\",\"breadcrumb\":{\"@id\":\"https:\\\/\\\/buletin.de\\\/bucuresti\\\/iscir-a-respins-de-doua-ori-in-2019-cererile-de-derogare-ale-elcen-pentru-pornirea-instalatiilor-vechi-de-la-cet-sud-a-autorizat-in-schimb-un-echipament-din-1969-retras-din-exploatare-din-cauza-probl\\\/#breadcrumb\"},\"inLanguage\":\"en-GB\",\"potentialAction\":[{\"@type\":\"ReadAction\",\"target\":[\"https:\\\/\\\/buletin.de\\\/bucuresti\\\/iscir-a-respins-de-doua-ori-in-2019-cererile-de-derogare-ale-elcen-pentru-pornirea-instalatiilor-vechi-de-la-cet-sud-a-autorizat-in-schimb-un-echipament-din-1969-retras-din-exploatare-din-cauza-probl\\\/\"]}]},{\"@type\":\"ImageObject\",\"inLanguage\":\"en-GB\",\"@id\":\"https:\\\/\\\/buletin.de\\\/bucuresti\\\/iscir-a-respins-de-doua-ori-in-2019-cererile-de-derogare-ale-elcen-pentru-pornirea-instalatiilor-vechi-de-la-cet-sud-a-autorizat-in-schimb-un-echipament-din-1969-retras-din-exploatare-din-cauza-probl\\\/#primaryimage\",\"url\":\"https:\\\/\\\/buletin.de\\\/bucuresti\\\/wp-content\\\/uploads\\\/ID102631_INQUAM_Photos_Octav_Ganea.jpg\",\"contentUrl\":\"https:\\\/\\\/buletin.de\\\/bucuresti\\\/wp-content\\\/uploads\\\/ID102631_INQUAM_Photos_Octav_Ganea.jpg\",\"width\":2000,\"height\":1333},{\"@type\":\"BreadcrumbList\",\"@id\":\"https:\\\/\\\/buletin.de\\\/bucuresti\\\/iscir-a-respins-de-doua-ori-in-2019-cererile-de-derogare-ale-elcen-pentru-pornirea-instalatiilor-vechi-de-la-cet-sud-a-autorizat-in-schimb-un-echipament-din-1969-retras-din-exploatare-din-cauza-probl\\\/#breadcrumb\",\"itemListElement\":[{\"@type\":\"ListItem\",\"position\":1,\"name\":\"Acas\u0103\",\"item\":\"https:\\\/\\\/buletin.de\\\/bucuresti\\\/\"},{\"@type\":\"ListItem\",\"position\":2,\"name\":\"ISCIR a respins de dou\u0103 ori \u00een 2019 cererile de derogare ale ELCEN pentru pornirea instala\u021biilor vechi de la CET Sud. A autorizat \u00een schimb un echipament din 1969 retras din exploatare din cauza problemelor de mediu\"}]},{\"@type\":\"WebSite\",\"@id\":\"https:\\\/\\\/buletin.de\\\/bucuresti\\\/#website\",\"url\":\"https:\\\/\\\/buletin.de\\\/bucuresti\\\/\",\"name\":\"Buletin de Bucure\u0219ti\",\"description\":\"\u0218tiri \u0219i investiga\u021bii esen\u021biale din capital\u0103\",\"publisher\":{\"@id\":\"https:\\\/\\\/buletin.de\\\/bucuresti\\\/#organization\"},\"potentialAction\":[{\"@type\":\"SearchAction\",\"target\":{\"@type\":\"EntryPoint\",\"urlTemplate\":\"https:\\\/\\\/buletin.de\\\/bucuresti\\\/?s={search_term_string}\"},\"query-input\":{\"@type\":\"PropertyValueSpecification\",\"valueRequired\":true,\"valueName\":\"search_term_string\"}}],\"inLanguage\":\"en-GB\"},{\"@type\":\"Organization\",\"@id\":\"https:\\\/\\\/buletin.de\\\/bucuresti\\\/#organization\",\"name\":\"Buletin de Bucure\u0219ti\",\"url\":\"https:\\\/\\\/buletin.de\\\/bucuresti\\\/\",\"logo\":{\"@type\":\"ImageObject\",\"inLanguage\":\"en-GB\",\"@id\":\"https:\\\/\\\/buletin.de\\\/bucuresti\\\/#\\\/schema\\\/logo\\\/image\\\/\",\"url\":\"https:\\\/\\\/buletin.de\\\/bucuresti\\\/wp-content\\\/uploads\\\/logo-bdb-full-wide-vernil-transparent.png\",\"contentUrl\":\"https:\\\/\\\/buletin.de\\\/bucuresti\\\/wp-content\\\/uploads\\\/logo-bdb-full-wide-vernil-transparent.png\",\"width\":1782,\"height\":626,\"caption\":\"Buletin de Bucure\u0219ti\"},\"image\":{\"@id\":\"https:\\\/\\\/buletin.de\\\/bucuresti\\\/#\\\/schema\\\/logo\\\/image\\\/\"},\"sameAs\":[\"https:\\\/\\\/www.facebook.com\\\/buletin.de.buc\",\"https:\\\/\\\/www.instagram.com\\\/buletinde.bucuresti\\\/\"]},{\"@type\":\"Person\",\"@id\":\"https:\\\/\\\/buletin.de\\\/bucuresti\\\/#\\\/schema\\\/person\\\/31117187ed4d0bdb0a4c7d6acc79d0f8\",\"name\":\"C\u0103t\u0103lin Dosca\u0219\",\"image\":{\"@type\":\"ImageObject\",\"inLanguage\":\"en-GB\",\"@id\":\"https:\\\/\\\/buletin.de\\\/bucuresti\\\/wp-content\\\/uploads\\\/Catalin-Doscas-e1732731064764-96x96.jpga93e2943bb3b1c1f9ead823df6e6317a\",\"url\":\"https:\\\/\\\/buletin.de\\\/bucuresti\\\/wp-content\\\/uploads\\\/Catalin-Doscas-e1732731064764-96x96.jpg\",\"contentUrl\":\"https:\\\/\\\/buletin.de\\\/bucuresti\\\/wp-content\\\/uploads\\\/Catalin-Doscas-e1732731064764-96x96.jpg\",\"caption\":\"C\u0103t\u0103lin Dosca\u0219\"},\"description\":\"Reporter \u0219i redactor-\u0219ef Buletin de Bucure\u0219ti. Lucreaz\u0103 \u00een mass-media de la v\u00e2rsta de 15 ani, c\u00e2nd a publicat primele articole \u00een presa local\u0103 din Tecuci. \u00cen Bucure\u0219ti a lucrat \u00een redac\u021bii radio ca reporter, redactor \u0219i prezentator (StudentFM, Na\u021bionalFM, Radio Total, Smart FM), unde a acoperit domeniile politic, economic, social \u0219i externe. Ulterior, a fost editor-coordonator al postului Realitatea FM. Experien\u021ba \u00een jurnalismul online a dob\u00e2ndit-o la portalul B365.ro, unde a fost editor. \u00cen 2012 s-a angajat \u00een televiziune. La Realitatea TV a fost, pe r\u00e2nd, reporter la sec\u021bia Social, reporter special la emisiunea de reportaje \u0219i anchete \u201eReporterii Realit\u0103\u021bii\u201d, dar \u0219i editor al jurnalelor de \u0219tiri. Ulterior, a f\u0103cut parte din sec\u021bia de Investiga\u021bii de la Digi24 \u0219i a lucrat la campania \u201eRom\u00e2nia furat\u0103\u201d. A revenit \u00een presa scris\u0103 \u00een 2017, ca reporter special, \u00een cadrul unui proiect de repozi\u021bionare a tabloidului Libertatea \u00een cotidian generalist. Este jurnalist Buletin de Bucure\u0219ti din 2019.\",\"url\":\"https:\\\/\\\/buletin.de\\\/bucuresti\\\/author\\\/catalin\\\/\"}]}<\/script>\n<!-- \/ Yoast SEO Premium plugin. -->","yoast_head_json":{"title":"ISCIR a respins de dou\u0103 ori \u00een 2019 cererile de derogare ale ELCEN pentru pornirea instala\u021biilor vechi de la CET Sud. A autorizat \u00een schimb un echipament din 1969 retras din exploatare din cauza problemelor de mediu - Buletin de Bucure\u0219ti","robots":{"index":"index","follow":"follow","max-snippet":"max-snippet:-1","max-image-preview":"max-image-preview:large","max-video-preview":"max-video-preview:-1"},"canonical":"https:\/\/buletin.de\/bucuresti\/iscir-a-respins-de-doua-ori-in-2019-cererile-de-derogare-ale-elcen-pentru-pornirea-instalatiilor-vechi-de-la-cet-sud-a-autorizat-in-schimb-un-echipament-din-1969-retras-din-exploatare-din-cauza-probl\/","og_locale":"en_GB","og_type":"article","og_title":"ISCIR a respins de dou\u0103 ori \u00een 2019 cererile de derogare ale ELCEN pentru pornirea instala\u021biilor vechi de la CET Sud. A autorizat \u00een schimb un echipament din 1969 retras din exploatare din cauza problemelor de mediu","og_description":"Inspec\u021bia de Stat pentru Controlul Cazanelor, Recipientelor sub Presiune \u0219i Instala\u021biilor de Ridicat(ISCIR), institu\u021bie aflat\u0103 \u00een subordinea Ministerului Economiei, a refuzat \u00een ianuarie 2019 acordarea unei derog\u0103ri pentru punerea \u00een func\u021biune a unei instala\u021bii vechi produs\u0103 \u00een 1974. F\u0103r\u0103 verificare tehnic\u0103 \u0219i autoriza\u021bie, ELCEN a pornit \u00eens\u0103 echipamentele \u0219i a mutat aici, la sf\u00e2r\u0219itul lunii [&hellip;]","og_url":"https:\/\/buletin.de\/bucuresti\/iscir-a-respins-de-doua-ori-in-2019-cererile-de-derogare-ale-elcen-pentru-pornirea-instalatiilor-vechi-de-la-cet-sud-a-autorizat-in-schimb-un-echipament-din-1969-retras-din-exploatare-din-cauza-probl\/","og_site_name":"Buletin de Bucure\u0219ti","article_publisher":"https:\/\/www.facebook.com\/buletin.de.buc","article_published_time":"2021-01-15T12:52:06+00:00","article_modified_time":"2021-01-15T12:52:07+00:00","og_image":[{"width":2000,"height":1333,"url":"https:\/\/buletin.de\/bucuresti\/wp-content\/uploads\/ID102631_INQUAM_Photos_Octav_Ganea.jpg","type":"image\/jpeg"}],"author":"C\u0103t\u0103lin Dosca\u0219","twitter_card":"summary_large_image","twitter_misc":{"Written by":"C\u0103t\u0103lin Dosca\u0219","Estimated reading time":"2 minutes"},"schema":{"@context":"https:\/\/schema.org","@graph":[{"@type":"Article","@id":"https:\/\/buletin.de\/bucuresti\/iscir-a-respins-de-doua-ori-in-2019-cererile-de-derogare-ale-elcen-pentru-pornirea-instalatiilor-vechi-de-la-cet-sud-a-autorizat-in-schimb-un-echipament-din-1969-retras-din-exploatare-din-cauza-probl\/#article","isPartOf":{"@id":"https:\/\/buletin.de\/bucuresti\/iscir-a-respins-de-doua-ori-in-2019-cererile-de-derogare-ale-elcen-pentru-pornirea-instalatiilor-vechi-de-la-cet-sud-a-autorizat-in-schimb-un-echipament-din-1969-retras-din-exploatare-din-cauza-probl\/"},"author":{"name":"C\u0103t\u0103lin Dosca\u0219","@id":"https:\/\/buletin.de\/bucuresti\/#\/schema\/person\/31117187ed4d0bdb0a4c7d6acc79d0f8"},"headline":"ISCIR a respins de dou\u0103 ori \u00een 2019 cererile de derogare ale ELCEN pentru pornirea instala\u021biilor vechi de la CET Sud. A autorizat \u00een schimb un echipament din 1969 retras din exploatare din cauza problemelor de mediu","datePublished":"2021-01-15T12:52:06+00:00","dateModified":"2021-01-15T12:52:07+00:00","mainEntityOfPage":{"@id":"https:\/\/buletin.de\/bucuresti\/iscir-a-respins-de-doua-ori-in-2019-cererile-de-derogare-ale-elcen-pentru-pornirea-instalatiilor-vechi-de-la-cet-sud-a-autorizat-in-schimb-un-echipament-din-1969-retras-din-exploatare-din-cauza-probl\/"},"wordCount":458,"publisher":{"@id":"https:\/\/buletin.de\/bucuresti\/#organization"},"image":{"@id":"https:\/\/buletin.de\/bucuresti\/iscir-a-respins-de-doua-ori-in-2019-cererile-de-derogare-ale-elcen-pentru-pornirea-instalatiilor-vechi-de-la-cet-sud-a-autorizat-in-schimb-un-echipament-din-1969-retras-din-exploatare-din-cauza-probl\/#primaryimage"},"thumbnailUrl":"https:\/\/buletin.de\/bucuresti\/wp-content\/uploads\/ID102631_INQUAM_Photos_Octav_Ganea.jpg","keywords":["cet sud","elcen","iscir","noxe","poluare"],"articleSection":["Diverse","Mediu"],"inLanguage":"en-GB","copyrightYear":"2021","copyrightHolder":{"@id":"https:\/\/buletin.de\/bucuresti\/#organization"}},{"@type":"WebPage","@id":"https:\/\/buletin.de\/bucuresti\/iscir-a-respins-de-doua-ori-in-2019-cererile-de-derogare-ale-elcen-pentru-pornirea-instalatiilor-vechi-de-la-cet-sud-a-autorizat-in-schimb-un-echipament-din-1969-retras-din-exploatare-din-cauza-probl\/","url":"https:\/\/buletin.de\/bucuresti\/iscir-a-respins-de-doua-ori-in-2019-cererile-de-derogare-ale-elcen-pentru-pornirea-instalatiilor-vechi-de-la-cet-sud-a-autorizat-in-schimb-un-echipament-din-1969-retras-din-exploatare-din-cauza-probl\/","name":"ISCIR a respins de dou\u0103 ori \u00een 2019 cererile de derogare ale ELCEN pentru pornirea instala\u021biilor vechi de la CET Sud. A autorizat \u00een schimb un echipament din 1969 retras din exploatare din cauza problemelor de mediu - Buletin de Bucure\u0219ti","isPartOf":{"@id":"https:\/\/buletin.de\/bucuresti\/#website"},"primaryImageOfPage":{"@id":"https:\/\/buletin.de\/bucuresti\/iscir-a-respins-de-doua-ori-in-2019-cererile-de-derogare-ale-elcen-pentru-pornirea-instalatiilor-vechi-de-la-cet-sud-a-autorizat-in-schimb-un-echipament-din-1969-retras-din-exploatare-din-cauza-probl\/#primaryimage"},"image":{"@id":"https:\/\/buletin.de\/bucuresti\/iscir-a-respins-de-doua-ori-in-2019-cererile-de-derogare-ale-elcen-pentru-pornirea-instalatiilor-vechi-de-la-cet-sud-a-autorizat-in-schimb-un-echipament-din-1969-retras-din-exploatare-din-cauza-probl\/#primaryimage"},"thumbnailUrl":"https:\/\/buletin.de\/bucuresti\/wp-content\/uploads\/ID102631_INQUAM_Photos_Octav_Ganea.jpg","datePublished":"2021-01-15T12:52:06+00:00","dateModified":"2021-01-15T12:52:07+00:00","breadcrumb":{"@id":"https:\/\/buletin.de\/bucuresti\/iscir-a-respins-de-doua-ori-in-2019-cererile-de-derogare-ale-elcen-pentru-pornirea-instalatiilor-vechi-de-la-cet-sud-a-autorizat-in-schimb-un-echipament-din-1969-retras-din-exploatare-din-cauza-probl\/#breadcrumb"},"inLanguage":"en-GB","potentialAction":[{"@type":"ReadAction","target":["https:\/\/buletin.de\/bucuresti\/iscir-a-respins-de-doua-ori-in-2019-cererile-de-derogare-ale-elcen-pentru-pornirea-instalatiilor-vechi-de-la-cet-sud-a-autorizat-in-schimb-un-echipament-din-1969-retras-din-exploatare-din-cauza-probl\/"]}]},{"@type":"ImageObject","inLanguage":"en-GB","@id":"https:\/\/buletin.de\/bucuresti\/iscir-a-respins-de-doua-ori-in-2019-cererile-de-derogare-ale-elcen-pentru-pornirea-instalatiilor-vechi-de-la-cet-sud-a-autorizat-in-schimb-un-echipament-din-1969-retras-din-exploatare-din-cauza-probl\/#primaryimage","url":"https:\/\/buletin.de\/bucuresti\/wp-content\/uploads\/ID102631_INQUAM_Photos_Octav_Ganea.jpg","contentUrl":"https:\/\/buletin.de\/bucuresti\/wp-content\/uploads\/ID102631_INQUAM_Photos_Octav_Ganea.jpg","width":2000,"height":1333},{"@type":"BreadcrumbList","@id":"https:\/\/buletin.de\/bucuresti\/iscir-a-respins-de-doua-ori-in-2019-cererile-de-derogare-ale-elcen-pentru-pornirea-instalatiilor-vechi-de-la-cet-sud-a-autorizat-in-schimb-un-echipament-din-1969-retras-din-exploatare-din-cauza-probl\/#breadcrumb","itemListElement":[{"@type":"ListItem","position":1,"name":"Acas\u0103","item":"https:\/\/buletin.de\/bucuresti\/"},{"@type":"ListItem","position":2,"name":"ISCIR a respins de dou\u0103 ori \u00een 2019 cererile de derogare ale ELCEN pentru pornirea instala\u021biilor vechi de la CET Sud. A autorizat \u00een schimb un echipament din 1969 retras din exploatare din cauza problemelor de mediu"}]},{"@type":"WebSite","@id":"https:\/\/buletin.de\/bucuresti\/#website","url":"https:\/\/buletin.de\/bucuresti\/","name":"Buletin de Bucure\u0219ti","description":"\u0218tiri \u0219i investiga\u021bii esen\u021biale din capital\u0103","publisher":{"@id":"https:\/\/buletin.de\/bucuresti\/#organization"},"potentialAction":[{"@type":"SearchAction","target":{"@type":"EntryPoint","urlTemplate":"https:\/\/buletin.de\/bucuresti\/?s={search_term_string}"},"query-input":{"@type":"PropertyValueSpecification","valueRequired":true,"valueName":"search_term_string"}}],"inLanguage":"en-GB"},{"@type":"Organization","@id":"https:\/\/buletin.de\/bucuresti\/#organization","name":"Buletin de Bucure\u0219ti","url":"https:\/\/buletin.de\/bucuresti\/","logo":{"@type":"ImageObject","inLanguage":"en-GB","@id":"https:\/\/buletin.de\/bucuresti\/#\/schema\/logo\/image\/","url":"https:\/\/buletin.de\/bucuresti\/wp-content\/uploads\/logo-bdb-full-wide-vernil-transparent.png","contentUrl":"https:\/\/buletin.de\/bucuresti\/wp-content\/uploads\/logo-bdb-full-wide-vernil-transparent.png","width":1782,"height":626,"caption":"Buletin de Bucure\u0219ti"},"image":{"@id":"https:\/\/buletin.de\/bucuresti\/#\/schema\/logo\/image\/"},"sameAs":["https:\/\/www.facebook.com\/buletin.de.buc","https:\/\/www.instagram.com\/buletinde.bucuresti\/"]},{"@type":"Person","@id":"https:\/\/buletin.de\/bucuresti\/#\/schema\/person\/31117187ed4d0bdb0a4c7d6acc79d0f8","name":"C\u0103t\u0103lin Dosca\u0219","image":{"@type":"ImageObject","inLanguage":"en-GB","@id":"https:\/\/buletin.de\/bucuresti\/wp-content\/uploads\/Catalin-Doscas-e1732731064764-96x96.jpga93e2943bb3b1c1f9ead823df6e6317a","url":"https:\/\/buletin.de\/bucuresti\/wp-content\/uploads\/Catalin-Doscas-e1732731064764-96x96.jpg","contentUrl":"https:\/\/buletin.de\/bucuresti\/wp-content\/uploads\/Catalin-Doscas-e1732731064764-96x96.jpg","caption":"C\u0103t\u0103lin Dosca\u0219"},"description":"Reporter \u0219i redactor-\u0219ef Buletin de Bucure\u0219ti. Lucreaz\u0103 \u00een mass-media de la v\u00e2rsta de 15 ani, c\u00e2nd a publicat primele articole \u00een presa local\u0103 din Tecuci. \u00cen Bucure\u0219ti a lucrat \u00een redac\u021bii radio ca reporter, redactor \u0219i prezentator (StudentFM, Na\u021bionalFM, Radio Total, Smart FM), unde a acoperit domeniile politic, economic, social \u0219i externe. Ulterior, a fost editor-coordonator al postului Realitatea FM. Experien\u021ba \u00een jurnalismul online a dob\u00e2ndit-o la portalul B365.ro, unde a fost editor. \u00cen 2012 s-a angajat \u00een televiziune. La Realitatea TV a fost, pe r\u00e2nd, reporter la sec\u021bia Social, reporter special la emisiunea de reportaje \u0219i anchete \u201eReporterii Realit\u0103\u021bii\u201d, dar \u0219i editor al jurnalelor de \u0219tiri. Ulterior, a f\u0103cut parte din sec\u021bia de Investiga\u021bii de la Digi24 \u0219i a lucrat la campania \u201eRom\u00e2nia furat\u0103\u201d. A revenit \u00een presa scris\u0103 \u00een 2017, ca reporter special, \u00een cadrul unui proiect de repozi\u021bionare a tabloidului Libertatea \u00een cotidian generalist. Este jurnalist Buletin de Bucure\u0219ti din 2019.","url":"https:\/\/buletin.de\/bucuresti\/author\/catalin\/"}]}},"authors":[{"term_id":22575,"user_id":10,"is_guest":0,"slug":"catalin","display_name":"C\u0103t\u0103lin Dosca\u0219","avatar_url":"https:\/\/buletin.de\/bucuresti\/wp-content\/uploads\/Catalin-Doscas-e1732731064764-96x96.jpg","0":null,"1":"","2":"","3":"","4":"","5":"","6":"","7":"","8":""}],"_links":{"self":[{"href":"https:\/\/buletin.de\/bucuresti\/wp-json\/wp\/v2\/posts\/18118","targetHints":{"allow":["GET"]}}],"collection":[{"href":"https:\/\/buletin.de\/bucuresti\/wp-json\/wp\/v2\/posts"}],"about":[{"href":"https:\/\/buletin.de\/bucuresti\/wp-json\/wp\/v2\/types\/post"}],"author":[{"embeddable":true,"href":"https:\/\/buletin.de\/bucuresti\/wp-json\/wp\/v2\/users\/10"}],"replies":[{"embeddable":true,"href":"https:\/\/buletin.de\/bucuresti\/wp-json\/wp\/v2\/comments?post=18118"}],"version-history":[{"count":4,"href":"https:\/\/buletin.de\/bucuresti\/wp-json\/wp\/v2\/posts\/18118\/revisions"}],"predecessor-version":[{"id":18127,"href":"https:\/\/buletin.de\/bucuresti\/wp-json\/wp\/v2\/posts\/18118\/revisions\/18127"}],"wp:featuredmedia":[{"embeddable":true,"href":"https:\/\/buletin.de\/bucuresti\/wp-json\/wp\/v2\/media\/18121"}],"wp:attachment":[{"href":"https:\/\/buletin.de\/bucuresti\/wp-json\/wp\/v2\/media?parent=18118"}],"wp:term":[{"taxonomy":"category","embeddable":true,"href":"https:\/\/buletin.de\/bucuresti\/wp-json\/wp\/v2\/categories?post=18118"},{"taxonomy":"post_tag","embeddable":true,"href":"https:\/\/buletin.de\/bucuresti\/wp-json\/wp\/v2\/tags?post=18118"},{"taxonomy":"author","embeddable":true,"href":"https:\/\/buletin.de\/bucuresti\/wp-json\/wp\/v2\/ppma_author?post=18118"}],"curies":[{"name":"wp","href":"https:\/\/api.w.org\/{rel}","templated":true}]}}