{"id":181178,"date":"2026-03-18T04:05:00","date_gmt":"2026-03-18T01:05:00","guid":{"rendered":"https:\/\/buletin.de\/bucuresti\/?p=181178"},"modified":"2026-03-18T01:02:30","modified_gmt":"2026-03-17T22:02:30","slug":"ce-proiecte-a-prezentat-daniel-baluta-la-primaria-capitalei","status":"publish","type":"post","link":"https:\/\/buletin.de\/bucuresti\/ce-proiecte-a-prezentat-daniel-baluta-la-primaria-capitalei\/","title":{"rendered":"Ce proiecte a prezentat Daniel B\u0103lu\u021b\u0103 la Prim\u0103ria Capitalei: piste de biciclete, investi\u021biile din zona Unirii \u0219i pasajele din Sectorul 4"},"content":{"rendered":"\n<p><strong>Mai multe proiecte din Sectorul 4 au fost prezentate mar\u021bi de primarul Daniel B\u0103lu\u021b\u0103 la Prim\u0103ria Capitalei, unde a participat la o \u00eent\u00e2lnire cu Ciprian Ciucu. Discu\u021bia a avut loc \u00een cadrul seriei organizate de primarul general cu primarii de sector \u0219i vine dup\u0103 dou\u0103 luni de atacuri directe \u0219i dure dintre cei doi politicieni.<\/strong><\/p>\n\n\n\n<p>\u201eEste de datoria mea s\u0103 stau de vorb\u0103 \u0219i s\u0103-i ajut pe to\u021bi primarii de sector, indiferent de simpatii \u0219i antipatii personale sau de partidul politic din care provin. \u00cencerc s\u0103 aduc ni\u021bic\u0103 normalitate \u00een guvernarea Bucure\u0219tiului\u201d, <a href=\"https:\/\/www.facebook.com\/ciprian.ciucu\/posts\/pfbid0bhvx7nNzUyCjC59vqmwxdLgVjEZRXigyXpB5ww7d7hGrKXw7GcXxHkASpDzw1hYhl?locale=ro_RO\" type=\"link\" id=\"https:\/\/www.facebook.com\/ciprian.ciucu\/posts\/pfbid0bhvx7nNzUyCjC59vqmwxdLgVjEZRXigyXpB5ww7d7hGrKXw7GcXxHkASpDzw1hYhl?locale=ro_RO\" target=\"_blank\" rel=\"noreferrer noopener\">a declarat Ciprian Ciucu<\/a>. <\/p>\n\n\n\n<p>Printre proiectele discutate se num\u0103r\u0103 realizare de piste de biciclete, investi\u021biile din zona Pia\u021ba Unirii dar \u0219i posibilitatea realiz\u0103rii unor linii de tramvai care s\u0103 treac\u0103 pe pasajele Ap\u0103r\u0103torii Patriei \u0219i Europa Unit\u0103.<\/p>\n\n\n\n<p>Conform informa\u021biilor transmise de primarul Ciprian Ciucu, \u00een cadrul \u00eent\u00e2lnirii ce a avut loc mar\u021bi, a fost semnat Certificatul de Urbanism pentru realizarea unui total de 20 de kilometri de piste de biciclete. Acestea ar urma s\u0103 treac\u0103 prin sectoarele 2, 3 \u0219i 4 ale Capitalei. <\/p>\n\n\n\n<p><strong>P\u00e2n\u0103 \u00een prezent, Ciprian Ciucu a avut discu\u021bii \u0219i cu primarii din <a href=\"https:\/\/buletin.de\/bucuresti\/primarii-de-sector-convocati-la-primaria-capitalei-pentru-proiecte-comune-prioritatile-din-sectorul-1-de-la-zone-pietonale-la-amenajarea-locurilor-de-parcare\/\">Sectorul 1<\/a>, <a href=\"https:\/\/buletin.de\/bucuresti\/proiectele-prioritare-din-sectorul-2-discutate-cu-primaria-capitalei-bulevarde-reconfigurate-parcuri-modernizate-si-noi-spatii-pietonale\/\" type=\"post\" id=\"179781\">Sectorul 2<\/a> \u0219i <a href=\"https:\/\/buletin.de\/bucuresti\/robert-negoita-vrea-sa-umple-sectorul-3-de-pasaje-ciprian-ciucu-este-incantat-fac-parte-si-din-viziunea-pmb\/\">Sectorul 3<\/a>. <\/strong><\/p>\n\n\n\n<h2 class=\"wp-block-heading\" id=\"h-cu-ce-a-venit-daniel-balu\u021ba-la-primaria-capitalei\">Cu ce a venit Daniel B\u0103lu\u021b\u0103 la Prim\u0103ria Capitalei<\/h2>\n\n\n\n<p>Poate cea mai important\u0103 tem\u0103 dezb\u0103tut\u0103 de cei doi primari a fost cea a investi\u021biilor ce sunt realizate \u00een centrul Capitalei, la Pia\u021ba Unirii. Prim\u0103ria Capitalei \u0219i-a asumat responsabilitatea realiz\u0103rii unui PUZ prin care liniile de tramvai din centrul ora\u0219ului, s\u0103 fie unite.<\/p>\n\n\n\n<p>Este vorba despre linia 32 (cea care are capt la dealul Mitropoliei) \u0219i linia 5 (cea care are cap\u0103tul la pia\u021ba Sf\u00e2ntul Gheorghe). Ini\u021bial, proiectul de hot\u0103r\u00e2re prin care s-a decis c\u0103 PS4 se va ocupa de realizarea liniei de tramvai din Pia\u021ba Unirii, prevedea unirea liniei 32 de linia 21, adic\u0103 de la dealul Mitropoliei p\u00e2n\u0103 la Pia\u021ba Sf\u00e2nta Vineri. <\/p>\n\n\n\n<p>Consiliul General al Municipiului Bucure\u0219ti a fost de acord s\u0103 transfere proiectul de conexiune a celor dou\u0103 linii de tramvai \u00een luna noiembrie a anului 2025, dup\u0103 cum a scris Buletin de Bucure\u0219ti <a href=\"https:\/\/buletin.de\/bucuresti\/linia-de-tramvai-din-piata-unirii-va-fi-construita-de-primaria-sectorului-4-consiliul-general-a-fost-de-acord-cu-transferul-proiectului\/\">aici<\/a>. <\/p>\n\n\n\n<p>Pe l\u00e2ng\u0103 proiectul ce prive\u0219te extinderea infrastructurii de transport public de suprafa\u021b\u0103, s-a discutat \u0219i despre realizarea unor pasaje pietonale care s\u0103 lege sta\u021biile de metrou Pia\u021ba Unirii 1 \u0219i Pia\u021ba Unirii 2, cu sta\u021bia de tramvai ce va fi realizat\u0103 \u00een urma PUZ-ului<\/p>\n\n\n\n<p><strong><em>\u201eSe pare c\u0103 ne-am compatibilizat. Arhitec\u021bii verific\u0103 dac\u0103 pasajul pietonal care face leg\u0103tura cu lina de tramvai \u0219i metrou se poate face din punct de vedere tehnic \u00een subteran (pozi\u021bia PMB) sau dac\u0103 e nevoie s\u0103 fie f\u0103cut par\u021bial suprateran (pozi\u021bia PS4). Toat\u0103 lumea dore\u0219te s\u0103 fie subteran, de aceea exper\u021bii evalueaz\u0103 situa\u021bia\u201d, a transmis Ciprian Ciucu.<\/em><\/strong><\/p>\n\n\n\n<p><strong>CITE\u0218TEI \u0218I <a href=\"https:\/\/buletin.de\/bucuresti\/compromisul-pe-care-l-a-facut-ciucu-ca-sa-i-fie-votat-auditul-la-stb-consiliul-general-a-aprobat-un-proiect-ilegal-in-folosul-lui-baluta\/\" type=\"post\" id=\"180496\">ANALIZ\u0102 | Compromisul pe care l-a f\u0103cut Ciucu ca s\u0103-i fie votat auditul la STB: Consiliul General a aprobat un proiect ilegal, \u00een folosul lui Daniel B\u0103lu\u021b\u0103<\/a><\/strong><\/p>\n\n\n\n<h2 class=\"wp-block-heading\" id=\"h-avize-\u0219i-acorduri-intre-pmb-\u0219i-ps4\">Avize \u0219i acorduri \u00eentre PMB \u0219i PS4<\/h2>\n\n\n\n<p>Tot \u00een cadrul acestei discu\u021bii dintre Ciprian Ciucu \u0219i Daniel B\u0103lu\u021b\u0103 s-au stabilit urm\u0103toarele: <\/p>\n\n\n\n<ul class=\"wp-block-list\">\n<li>Sectorul 4 desemneaz\u0103 un reprezentant pentru predarea mobilierului stradal de pe str\u0103zile afectate de lucr\u0103rile PMB de \u00eenlocuirea a liniilor de tramvai (Bulevardul Gheorghe \u0218incai \u0219i Calea \u0218erban Vod\u0103);<\/li>\n\n\n\n<li>Sectorul 4 are \u00een preg\u0103tire documenta\u021biile pentru autorizarea interven\u021biilor asupra a 9 unit\u0103\u021bi de \u00eenv\u0103\u021b\u0103m\u00e2nt cu finan\u021bare din PNRR; PMB va emite AC dup\u0103 verificarea documenta\u021biilor;<\/li>\n\n\n\n<li>PMB elibereaz\u0103 avizele ALPAB \u0219i ASB pentru forajele necesare studiilor geotehnice din preg\u0103tirea documenta\u021biei pentru magistrala de metrou asumat\u0103 de Sectorul 4,<\/li>\n\n\n\n<li>Direc\u021bia Investi\u021bii depune documenta\u021bia pentru un nou CU pentru consolidarea \u0219i modernizarea maternit\u0103\u021bii Bucur.<\/li>\n<\/ul>\n\n\n\n<p><strong>CITE\u0218TE \u0218I <a href=\"https:\/\/buletin.de\/bucuresti\/sector-4-indicatorii-tehnico-economici-pentru-zeci-de-proiecte-de-reconfigurare-a-spatiului-public-recalculati-dupa-o-greseala-de-calcul\/\" type=\"post\" id=\"180832\">Bugetele a zeci de \u0219antiere din Sectorul 4, modificate masiv dup\u0103 \u201ecalcule gre\u0219ite\u201d ale companiei Totul Verde<\/a><\/strong><\/p>\n\n\n\n<h2 class=\"wp-block-heading\" id=\"h-linii-de-tramvai-pe-doua-pasaje-din-sectorul-4\">Linii de tramvai pe dou\u0103 pasaje din Sectorul 4<\/h2>\n\n\n\n<p>Av\u00e2nd in vedere proiectul PMB pentru extinderea inelului meridian \u0219i pentru a prioritiza transportul public, \u00een cadrul discu\u021biei s-a decis ca pasajele Ap\u0103r\u0103torii Patriei \u0219i Europa Unit\u0103 s\u0103 includ\u0103 \u0219i linii de tramvai. <\/p>\n\n\n\n<p><strong><em>\u201eNe-am compatibilizat viziunea astfel \u00eenc\u00e2t s\u0103 prioritiz\u0103m \u0219i transportul \u00een comun iar pasajele de la Ap\u0103r\u0103torii Patriei \u0219i Europa Unit\u0103 vor include \u0219i liniei de tramvai conform proiectului nostru (al PMB) de extindere a inelului median\u201d, a transmis primarul general al Capitalei. <\/em><\/strong><\/p>\n\n\n\n<p><strong>CITE\u0218TE \u0218I <a href=\"https:\/\/buletin.de\/bucuresti\/primaria-capitalei-despre-pasajele-cu-care-se-lauda-daniel-baluta-nu-au-avizul-comisiei-de-circulatie-si-blocheaza-definitiv-crearea-unei-linii-de-tramvai\/\" type=\"post\" id=\"180754\">Prim\u0103ria Capitalei despre pasajele cu care se laud\u0103 Daniel B\u0103lu\u021b\u0103: nu au avizul Comisiei de Circula\u021bie \u0219i blocheaz\u0103 amenajarea unei linii de tramvai<\/a><\/strong><\/p>\n\n\n\n<p><\/p>\n","protected":false},"excerpt":{"rendered":"<p>Mai multe proiecte din Sectorul 4 au fost prezentate mar\u021bi de primarul Daniel B\u0103lu\u021b\u0103 la Prim\u0103ria Capitalei, unde a participat la o \u00eent\u00e2lnire cu Ciprian Ciucu. Discu\u021bia a avut loc \u00een cadrul seriei organizate de primarul general cu primarii de sector \u0219i vine dup\u0103 dou\u0103 luni de atacuri directe \u0219i dure dintre cei doi politicieni. [&hellip;]<\/p>\n","protected":false},"author":66,"featured_media":181208,"comment_status":"closed","ping_status":"open","sticky":false,"template":"","format":"standard","meta":{"_acf_changed":false,"inline_featured_image":false,"ngg_post_thumbnail":0,"footnotes":""},"categories":[6994,24,62],"tags":[2089,1204,27145,4741,2328,2942,3979,765],"ppma_author":[26103],"class_list":["post-181178","post","type-post","status-publish","format-standard","has-post-thumbnail","hentry","category-stiri-2","category-primarie","category-stiri","tag-ciprian-ciucu","tag-daniel-baluta","tag-discutie","tag-piata-unirii-2","tag-primaria-capitalei-2","tag-primaria-sector-4-2","tag-proiecte","tag-sector-4"],"acf":[],"yoast_head":"<!-- This site is optimized with the Yoast SEO Premium plugin v25.3 (Yoast SEO v27.5) - https:\/\/yoast.com\/product\/yoast-seo-premium-wordpress\/ -->\n<title>Ce proiecte a prezentat Daniel B\u0103lu\u021b\u0103 la Prim\u0103ria Capitalei: piste de biciclete, investi\u021biile din zona Unirii \u0219i pasajele din Sectorul 4 - Buletin de Bucure\u0219ti<\/title>\n<meta name=\"description\" content=\"Mai multe proiecte din Sectorul 4 au fost prezentate de primarul Daniel B\u0103lu\u021b\u0103 la Prim\u0103ria Capitalei, la o \u00eent\u00e2lnire cu Ciprian Ciucu.\" \/>\n<meta name=\"robots\" content=\"index, follow, max-snippet:-1, max-image-preview:large, max-video-preview:-1\" \/>\n<link rel=\"canonical\" href=\"https:\/\/buletin.de\/bucuresti\/ce-proiecte-a-prezentat-daniel-baluta-la-primaria-capitalei\/\" \/>\n<meta property=\"og:locale\" content=\"en_GB\" \/>\n<meta property=\"og:type\" content=\"article\" \/>\n<meta property=\"og:title\" content=\"Ce proiecte a prezentat Daniel B\u0103lu\u021b\u0103 la Prim\u0103ria Capitalei: piste de biciclete, investi\u021biile din zona Unirii \u0219i pasajele din Sectorul 4\" \/>\n<meta property=\"og:description\" content=\"Mai multe proiecte din Sectorul 4 au fost prezentate de primarul Daniel B\u0103lu\u021b\u0103 la Prim\u0103ria Capitalei, la o \u00eent\u00e2lnire cu Ciprian Ciucu.\" \/>\n<meta property=\"og:url\" content=\"https:\/\/buletin.de\/bucuresti\/ce-proiecte-a-prezentat-daniel-baluta-la-primaria-capitalei\/\" \/>\n<meta property=\"og:site_name\" content=\"Buletin de Bucure\u0219ti\" \/>\n<meta property=\"article:publisher\" content=\"https:\/\/www.facebook.com\/buletin.de.buc\" \/>\n<meta property=\"article:published_time\" content=\"2026-03-18T01:05:00+00:00\" \/>\n<meta property=\"og:image\" content=\"https:\/\/buletin.de\/bucuresti\/wp-content\/uploads\/2026\/03\/Discutie-Ciucu-Baluta.jpg\" \/>\n\t<meta property=\"og:image:width\" content=\"1600\" \/>\n\t<meta property=\"og:image:height\" content=\"1066\" \/>\n\t<meta property=\"og:image:type\" content=\"image\/jpeg\" \/>\n<meta name=\"author\" content=\"Deniz Garguli\" \/>\n<meta name=\"twitter:card\" content=\"summary_large_image\" \/>\n<meta name=\"twitter:label1\" content=\"Written by\" \/>\n\t<meta name=\"twitter:data1\" content=\"Deniz Garguli\" \/>\n\t<meta name=\"twitter:label2\" content=\"Estimated reading time\" \/>\n\t<meta name=\"twitter:data2\" content=\"4 minutes\" \/>\n<script type=\"application\/ld+json\" class=\"yoast-schema-graph\">{\"@context\":\"https:\\\/\\\/schema.org\",\"@graph\":[{\"@type\":\"Article\",\"@id\":\"https:\\\/\\\/buletin.de\\\/bucuresti\\\/ce-proiecte-a-prezentat-daniel-baluta-la-primaria-capitalei\\\/#article\",\"isPartOf\":{\"@id\":\"https:\\\/\\\/buletin.de\\\/bucuresti\\\/ce-proiecte-a-prezentat-daniel-baluta-la-primaria-capitalei\\\/\"},\"author\":{\"name\":\"Deniz Garguli\",\"@id\":\"https:\\\/\\\/buletin.de\\\/bucuresti\\\/#\\\/schema\\\/person\\\/8badd0805392c02e16b744e0d5cd3625\"},\"headline\":\"Ce proiecte a prezentat Daniel B\u0103lu\u021b\u0103 la Prim\u0103ria Capitalei: piste de biciclete, investi\u021biile din zona Unirii \u0219i pasajele din Sectorul 4\",\"datePublished\":\"2026-03-18T01:05:00+00:00\",\"mainEntityOfPage\":{\"@id\":\"https:\\\/\\\/buletin.de\\\/bucuresti\\\/ce-proiecte-a-prezentat-daniel-baluta-la-primaria-capitalei\\\/\"},\"wordCount\":804,\"publisher\":{\"@id\":\"https:\\\/\\\/buletin.de\\\/bucuresti\\\/#organization\"},\"image\":{\"@id\":\"https:\\\/\\\/buletin.de\\\/bucuresti\\\/ce-proiecte-a-prezentat-daniel-baluta-la-primaria-capitalei\\\/#primaryimage\"},\"thumbnailUrl\":\"https:\\\/\\\/buletin.de\\\/bucuresti\\\/wp-content\\\/uploads\\\/2026\\\/03\\\/Discutie-Ciucu-Baluta.jpg\",\"keywords\":[\"ciprian ciucu\",\"daniel baluta\",\"discu\u021bie\",\"Pia\u021ba Unirii\",\"Prim\u0103ria Capitalei\",\"Prim\u0103ria Sector 4\",\"proiecte\",\"Sector 4\"],\"articleSection\":[\"Articole\",\"Prim\u0103rie\",\"\u0218tiri\"],\"inLanguage\":\"en-GB\",\"copyrightYear\":\"2026\",\"copyrightHolder\":{\"@id\":\"https:\\\/\\\/buletin.de\\\/bucuresti\\\/#organization\"}},{\"@type\":\"WebPage\",\"@id\":\"https:\\\/\\\/buletin.de\\\/bucuresti\\\/ce-proiecte-a-prezentat-daniel-baluta-la-primaria-capitalei\\\/\",\"url\":\"https:\\\/\\\/buletin.de\\\/bucuresti\\\/ce-proiecte-a-prezentat-daniel-baluta-la-primaria-capitalei\\\/\",\"name\":\"Ce proiecte a prezentat Daniel B\u0103lu\u021b\u0103 la Prim\u0103ria Capitalei: piste de biciclete, investi\u021biile din zona Unirii \u0219i pasajele din Sectorul 4 - Buletin de Bucure\u0219ti\",\"isPartOf\":{\"@id\":\"https:\\\/\\\/buletin.de\\\/bucuresti\\\/#website\"},\"primaryImageOfPage\":{\"@id\":\"https:\\\/\\\/buletin.de\\\/bucuresti\\\/ce-proiecte-a-prezentat-daniel-baluta-la-primaria-capitalei\\\/#primaryimage\"},\"image\":{\"@id\":\"https:\\\/\\\/buletin.de\\\/bucuresti\\\/ce-proiecte-a-prezentat-daniel-baluta-la-primaria-capitalei\\\/#primaryimage\"},\"thumbnailUrl\":\"https:\\\/\\\/buletin.de\\\/bucuresti\\\/wp-content\\\/uploads\\\/2026\\\/03\\\/Discutie-Ciucu-Baluta.jpg\",\"datePublished\":\"2026-03-18T01:05:00+00:00\",\"description\":\"Mai multe proiecte din Sectorul 4 au fost prezentate de primarul Daniel B\u0103lu\u021b\u0103 la Prim\u0103ria Capitalei, la o \u00eent\u00e2lnire cu Ciprian Ciucu.\",\"breadcrumb\":{\"@id\":\"https:\\\/\\\/buletin.de\\\/bucuresti\\\/ce-proiecte-a-prezentat-daniel-baluta-la-primaria-capitalei\\\/#breadcrumb\"},\"inLanguage\":\"en-GB\",\"potentialAction\":[{\"@type\":\"ReadAction\",\"target\":[\"https:\\\/\\\/buletin.de\\\/bucuresti\\\/ce-proiecte-a-prezentat-daniel-baluta-la-primaria-capitalei\\\/\"]}]},{\"@type\":\"ImageObject\",\"inLanguage\":\"en-GB\",\"@id\":\"https:\\\/\\\/buletin.de\\\/bucuresti\\\/ce-proiecte-a-prezentat-daniel-baluta-la-primaria-capitalei\\\/#primaryimage\",\"url\":\"https:\\\/\\\/buletin.de\\\/bucuresti\\\/wp-content\\\/uploads\\\/2026\\\/03\\\/Discutie-Ciucu-Baluta.jpg\",\"contentUrl\":\"https:\\\/\\\/buletin.de\\\/bucuresti\\\/wp-content\\\/uploads\\\/2026\\\/03\\\/Discutie-Ciucu-Baluta.jpg\",\"width\":1600,\"height\":1066,\"caption\":\"Prim\u0103ria Capitalei despre pasajele cu care se laud\u0103 Daniel B\u0103lu\u021b\u0103: nu au avizul Comisiei de Circula\u021bie \u0219i blocheaz\u0103 amenajarea unei linii de tramvai . FOTO: Ciprian Ciucu\\\/ FB\"},{\"@type\":\"BreadcrumbList\",\"@id\":\"https:\\\/\\\/buletin.de\\\/bucuresti\\\/ce-proiecte-a-prezentat-daniel-baluta-la-primaria-capitalei\\\/#breadcrumb\",\"itemListElement\":[{\"@type\":\"ListItem\",\"position\":1,\"name\":\"Acas\u0103\",\"item\":\"https:\\\/\\\/buletin.de\\\/bucuresti\\\/\"},{\"@type\":\"ListItem\",\"position\":2,\"name\":\"Ce proiecte a prezentat Daniel B\u0103lu\u021b\u0103 la Prim\u0103ria Capitalei: piste de biciclete, investi\u021biile din zona Unirii \u0219i pasajele din Sectorul 4\"}]},{\"@type\":\"WebSite\",\"@id\":\"https:\\\/\\\/buletin.de\\\/bucuresti\\\/#website\",\"url\":\"https:\\\/\\\/buletin.de\\\/bucuresti\\\/\",\"name\":\"Buletin de Bucure\u0219ti\",\"description\":\"\u0218tiri \u0219i investiga\u021bii esen\u021biale din capital\u0103\",\"publisher\":{\"@id\":\"https:\\\/\\\/buletin.de\\\/bucuresti\\\/#organization\"},\"potentialAction\":[{\"@type\":\"SearchAction\",\"target\":{\"@type\":\"EntryPoint\",\"urlTemplate\":\"https:\\\/\\\/buletin.de\\\/bucuresti\\\/?s={search_term_string}\"},\"query-input\":{\"@type\":\"PropertyValueSpecification\",\"valueRequired\":true,\"valueName\":\"search_term_string\"}}],\"inLanguage\":\"en-GB\"},{\"@type\":\"Organization\",\"@id\":\"https:\\\/\\\/buletin.de\\\/bucuresti\\\/#organization\",\"name\":\"Buletin de Bucure\u0219ti\",\"url\":\"https:\\\/\\\/buletin.de\\\/bucuresti\\\/\",\"logo\":{\"@type\":\"ImageObject\",\"inLanguage\":\"en-GB\",\"@id\":\"https:\\\/\\\/buletin.de\\\/bucuresti\\\/#\\\/schema\\\/logo\\\/image\\\/\",\"url\":\"https:\\\/\\\/buletin.de\\\/bucuresti\\\/wp-content\\\/uploads\\\/logo-bdb-full-wide-vernil-transparent.png\",\"contentUrl\":\"https:\\\/\\\/buletin.de\\\/bucuresti\\\/wp-content\\\/uploads\\\/logo-bdb-full-wide-vernil-transparent.png\",\"width\":1782,\"height\":626,\"caption\":\"Buletin de Bucure\u0219ti\"},\"image\":{\"@id\":\"https:\\\/\\\/buletin.de\\\/bucuresti\\\/#\\\/schema\\\/logo\\\/image\\\/\"},\"sameAs\":[\"https:\\\/\\\/www.facebook.com\\\/buletin.de.buc\",\"https:\\\/\\\/www.instagram.com\\\/buletinde.bucuresti\\\/\"]},{\"@type\":\"Person\",\"@id\":\"https:\\\/\\\/buletin.de\\\/bucuresti\\\/#\\\/schema\\\/person\\\/8badd0805392c02e16b744e0d5cd3625\",\"name\":\"Deniz Garguli\",\"image\":{\"@type\":\"ImageObject\",\"inLanguage\":\"en-GB\",\"@id\":\"https:\\\/\\\/buletin.de\\\/bucuresti\\\/wp-content\\\/uploads\\\/2026\\\/01\\\/79b44b20-a270-4ee6-afb3-fdf3c7ef7782-96x96.jpege2491ce6d396dbf7c1362e9ef046c803\",\"url\":\"https:\\\/\\\/buletin.de\\\/bucuresti\\\/wp-content\\\/uploads\\\/2026\\\/01\\\/79b44b20-a270-4ee6-afb3-fdf3c7ef7782-96x96.jpeg\",\"contentUrl\":\"https:\\\/\\\/buletin.de\\\/bucuresti\\\/wp-content\\\/uploads\\\/2026\\\/01\\\/79b44b20-a270-4ee6-afb3-fdf3c7ef7782-96x96.jpeg\",\"caption\":\"Deniz Garguli\"},\"description\":\"N\u0103scut\u0103 \u0219i crescut\u0103 \u00een Capital\u0103, dorin\u021ba de a fi la curent cu tot ce se \u00eent\u00e2mpl\u0103 \u00een Bucure\u0219ti a \u00eempins-o c\u0103tre pres\u0103, mai cu seam\u0103 c\u0103tre cea local\u0103. A lucrat vreme de patru ani la B365, unde s-a ocupat de \u0219tiri despre ora\u0219 \u0219i oamenii care locuiesc \u00een el. Din 2026 s-a al\u0103turat echipei Buletin de Bucure\u0219ti.\",\"url\":\"https:\\\/\\\/buletin.de\\\/bucuresti\\\/author\\\/deniz-garguli\\\/\"}]}<\/script>\n<!-- \/ Yoast SEO Premium plugin. -->","yoast_head_json":{"title":"Ce proiecte a prezentat Daniel B\u0103lu\u021b\u0103 la Prim\u0103ria Capitalei: piste de biciclete, investi\u021biile din zona Unirii \u0219i pasajele din Sectorul 4 - Buletin de Bucure\u0219ti","description":"Mai multe proiecte din Sectorul 4 au fost prezentate de primarul Daniel B\u0103lu\u021b\u0103 la Prim\u0103ria Capitalei, la o \u00eent\u00e2lnire cu Ciprian Ciucu.","robots":{"index":"index","follow":"follow","max-snippet":"max-snippet:-1","max-image-preview":"max-image-preview:large","max-video-preview":"max-video-preview:-1"},"canonical":"https:\/\/buletin.de\/bucuresti\/ce-proiecte-a-prezentat-daniel-baluta-la-primaria-capitalei\/","og_locale":"en_GB","og_type":"article","og_title":"Ce proiecte a prezentat Daniel B\u0103lu\u021b\u0103 la Prim\u0103ria Capitalei: piste de biciclete, investi\u021biile din zona Unirii \u0219i pasajele din Sectorul 4","og_description":"Mai multe proiecte din Sectorul 4 au fost prezentate de primarul Daniel B\u0103lu\u021b\u0103 la Prim\u0103ria Capitalei, la o \u00eent\u00e2lnire cu Ciprian Ciucu.","og_url":"https:\/\/buletin.de\/bucuresti\/ce-proiecte-a-prezentat-daniel-baluta-la-primaria-capitalei\/","og_site_name":"Buletin de Bucure\u0219ti","article_publisher":"https:\/\/www.facebook.com\/buletin.de.buc","article_published_time":"2026-03-18T01:05:00+00:00","og_image":[{"width":1600,"height":1066,"url":"https:\/\/buletin.de\/bucuresti\/wp-content\/uploads\/2026\/03\/Discutie-Ciucu-Baluta.jpg","type":"image\/jpeg"}],"author":"Deniz Garguli","twitter_card":"summary_large_image","twitter_misc":{"Written by":"Deniz Garguli","Estimated reading time":"4 minutes"},"schema":{"@context":"https:\/\/schema.org","@graph":[{"@type":"Article","@id":"https:\/\/buletin.de\/bucuresti\/ce-proiecte-a-prezentat-daniel-baluta-la-primaria-capitalei\/#article","isPartOf":{"@id":"https:\/\/buletin.de\/bucuresti\/ce-proiecte-a-prezentat-daniel-baluta-la-primaria-capitalei\/"},"author":{"name":"Deniz Garguli","@id":"https:\/\/buletin.de\/bucuresti\/#\/schema\/person\/8badd0805392c02e16b744e0d5cd3625"},"headline":"Ce proiecte a prezentat Daniel B\u0103lu\u021b\u0103 la Prim\u0103ria Capitalei: piste de biciclete, investi\u021biile din zona Unirii \u0219i pasajele din Sectorul 4","datePublished":"2026-03-18T01:05:00+00:00","mainEntityOfPage":{"@id":"https:\/\/buletin.de\/bucuresti\/ce-proiecte-a-prezentat-daniel-baluta-la-primaria-capitalei\/"},"wordCount":804,"publisher":{"@id":"https:\/\/buletin.de\/bucuresti\/#organization"},"image":{"@id":"https:\/\/buletin.de\/bucuresti\/ce-proiecte-a-prezentat-daniel-baluta-la-primaria-capitalei\/#primaryimage"},"thumbnailUrl":"https:\/\/buletin.de\/bucuresti\/wp-content\/uploads\/2026\/03\/Discutie-Ciucu-Baluta.jpg","keywords":["ciprian ciucu","daniel baluta","discu\u021bie","Pia\u021ba Unirii","Prim\u0103ria Capitalei","Prim\u0103ria Sector 4","proiecte","Sector 4"],"articleSection":["Articole","Prim\u0103rie","\u0218tiri"],"inLanguage":"en-GB","copyrightYear":"2026","copyrightHolder":{"@id":"https:\/\/buletin.de\/bucuresti\/#organization"}},{"@type":"WebPage","@id":"https:\/\/buletin.de\/bucuresti\/ce-proiecte-a-prezentat-daniel-baluta-la-primaria-capitalei\/","url":"https:\/\/buletin.de\/bucuresti\/ce-proiecte-a-prezentat-daniel-baluta-la-primaria-capitalei\/","name":"Ce proiecte a prezentat Daniel B\u0103lu\u021b\u0103 la Prim\u0103ria Capitalei: piste de biciclete, investi\u021biile din zona Unirii \u0219i pasajele din Sectorul 4 - Buletin de Bucure\u0219ti","isPartOf":{"@id":"https:\/\/buletin.de\/bucuresti\/#website"},"primaryImageOfPage":{"@id":"https:\/\/buletin.de\/bucuresti\/ce-proiecte-a-prezentat-daniel-baluta-la-primaria-capitalei\/#primaryimage"},"image":{"@id":"https:\/\/buletin.de\/bucuresti\/ce-proiecte-a-prezentat-daniel-baluta-la-primaria-capitalei\/#primaryimage"},"thumbnailUrl":"https:\/\/buletin.de\/bucuresti\/wp-content\/uploads\/2026\/03\/Discutie-Ciucu-Baluta.jpg","datePublished":"2026-03-18T01:05:00+00:00","description":"Mai multe proiecte din Sectorul 4 au fost prezentate de primarul Daniel B\u0103lu\u021b\u0103 la Prim\u0103ria Capitalei, la o \u00eent\u00e2lnire cu Ciprian Ciucu.","breadcrumb":{"@id":"https:\/\/buletin.de\/bucuresti\/ce-proiecte-a-prezentat-daniel-baluta-la-primaria-capitalei\/#breadcrumb"},"inLanguage":"en-GB","potentialAction":[{"@type":"ReadAction","target":["https:\/\/buletin.de\/bucuresti\/ce-proiecte-a-prezentat-daniel-baluta-la-primaria-capitalei\/"]}]},{"@type":"ImageObject","inLanguage":"en-GB","@id":"https:\/\/buletin.de\/bucuresti\/ce-proiecte-a-prezentat-daniel-baluta-la-primaria-capitalei\/#primaryimage","url":"https:\/\/buletin.de\/bucuresti\/wp-content\/uploads\/2026\/03\/Discutie-Ciucu-Baluta.jpg","contentUrl":"https:\/\/buletin.de\/bucuresti\/wp-content\/uploads\/2026\/03\/Discutie-Ciucu-Baluta.jpg","width":1600,"height":1066,"caption":"Prim\u0103ria Capitalei despre pasajele cu care se laud\u0103 Daniel B\u0103lu\u021b\u0103: nu au avizul Comisiei de Circula\u021bie \u0219i blocheaz\u0103 amenajarea unei linii de tramvai . FOTO: Ciprian Ciucu\/ FB"},{"@type":"BreadcrumbList","@id":"https:\/\/buletin.de\/bucuresti\/ce-proiecte-a-prezentat-daniel-baluta-la-primaria-capitalei\/#breadcrumb","itemListElement":[{"@type":"ListItem","position":1,"name":"Acas\u0103","item":"https:\/\/buletin.de\/bucuresti\/"},{"@type":"ListItem","position":2,"name":"Ce proiecte a prezentat Daniel B\u0103lu\u021b\u0103 la Prim\u0103ria Capitalei: piste de biciclete, investi\u021biile din zona Unirii \u0219i pasajele din Sectorul 4"}]},{"@type":"WebSite","@id":"https:\/\/buletin.de\/bucuresti\/#website","url":"https:\/\/buletin.de\/bucuresti\/","name":"Buletin de Bucure\u0219ti","description":"\u0218tiri \u0219i investiga\u021bii esen\u021biale din capital\u0103","publisher":{"@id":"https:\/\/buletin.de\/bucuresti\/#organization"},"potentialAction":[{"@type":"SearchAction","target":{"@type":"EntryPoint","urlTemplate":"https:\/\/buletin.de\/bucuresti\/?s={search_term_string}"},"query-input":{"@type":"PropertyValueSpecification","valueRequired":true,"valueName":"search_term_string"}}],"inLanguage":"en-GB"},{"@type":"Organization","@id":"https:\/\/buletin.de\/bucuresti\/#organization","name":"Buletin de Bucure\u0219ti","url":"https:\/\/buletin.de\/bucuresti\/","logo":{"@type":"ImageObject","inLanguage":"en-GB","@id":"https:\/\/buletin.de\/bucuresti\/#\/schema\/logo\/image\/","url":"https:\/\/buletin.de\/bucuresti\/wp-content\/uploads\/logo-bdb-full-wide-vernil-transparent.png","contentUrl":"https:\/\/buletin.de\/bucuresti\/wp-content\/uploads\/logo-bdb-full-wide-vernil-transparent.png","width":1782,"height":626,"caption":"Buletin de Bucure\u0219ti"},"image":{"@id":"https:\/\/buletin.de\/bucuresti\/#\/schema\/logo\/image\/"},"sameAs":["https:\/\/www.facebook.com\/buletin.de.buc","https:\/\/www.instagram.com\/buletinde.bucuresti\/"]},{"@type":"Person","@id":"https:\/\/buletin.de\/bucuresti\/#\/schema\/person\/8badd0805392c02e16b744e0d5cd3625","name":"Deniz Garguli","image":{"@type":"ImageObject","inLanguage":"en-GB","@id":"https:\/\/buletin.de\/bucuresti\/wp-content\/uploads\/2026\/01\/79b44b20-a270-4ee6-afb3-fdf3c7ef7782-96x96.jpege2491ce6d396dbf7c1362e9ef046c803","url":"https:\/\/buletin.de\/bucuresti\/wp-content\/uploads\/2026\/01\/79b44b20-a270-4ee6-afb3-fdf3c7ef7782-96x96.jpeg","contentUrl":"https:\/\/buletin.de\/bucuresti\/wp-content\/uploads\/2026\/01\/79b44b20-a270-4ee6-afb3-fdf3c7ef7782-96x96.jpeg","caption":"Deniz Garguli"},"description":"N\u0103scut\u0103 \u0219i crescut\u0103 \u00een Capital\u0103, dorin\u021ba de a fi la curent cu tot ce se \u00eent\u00e2mpl\u0103 \u00een Bucure\u0219ti a \u00eempins-o c\u0103tre pres\u0103, mai cu seam\u0103 c\u0103tre cea local\u0103. A lucrat vreme de patru ani la B365, unde s-a ocupat de \u0219tiri despre ora\u0219 \u0219i oamenii care locuiesc \u00een el. Din 2026 s-a al\u0103turat echipei Buletin de Bucure\u0219ti.","url":"https:\/\/buletin.de\/bucuresti\/author\/deniz-garguli\/"}]}},"authors":[{"term_id":26103,"user_id":66,"is_guest":0,"slug":"deniz-garguli","display_name":"Deniz Garguli","avatar_url":"https:\/\/buletin.de\/bucuresti\/wp-content\/uploads\/2026\/01\/79b44b20-a270-4ee6-afb3-fdf3c7ef7782-96x96.jpeg","0":null,"1":"","2":"","3":"","4":"","5":"","6":"","7":"","8":""}],"_links":{"self":[{"href":"https:\/\/buletin.de\/bucuresti\/wp-json\/wp\/v2\/posts\/181178","targetHints":{"allow":["GET"]}}],"collection":[{"href":"https:\/\/buletin.de\/bucuresti\/wp-json\/wp\/v2\/posts"}],"about":[{"href":"https:\/\/buletin.de\/bucuresti\/wp-json\/wp\/v2\/types\/post"}],"author":[{"embeddable":true,"href":"https:\/\/buletin.de\/bucuresti\/wp-json\/wp\/v2\/users\/66"}],"replies":[{"embeddable":true,"href":"https:\/\/buletin.de\/bucuresti\/wp-json\/wp\/v2\/comments?post=181178"}],"version-history":[{"count":4,"href":"https:\/\/buletin.de\/bucuresti\/wp-json\/wp\/v2\/posts\/181178\/revisions"}],"predecessor-version":[{"id":181273,"href":"https:\/\/buletin.de\/bucuresti\/wp-json\/wp\/v2\/posts\/181178\/revisions\/181273"}],"wp:featuredmedia":[{"embeddable":true,"href":"https:\/\/buletin.de\/bucuresti\/wp-json\/wp\/v2\/media\/181208"}],"wp:attachment":[{"href":"https:\/\/buletin.de\/bucuresti\/wp-json\/wp\/v2\/media?parent=181178"}],"wp:term":[{"taxonomy":"category","embeddable":true,"href":"https:\/\/buletin.de\/bucuresti\/wp-json\/wp\/v2\/categories?post=181178"},{"taxonomy":"post_tag","embeddable":true,"href":"https:\/\/buletin.de\/bucuresti\/wp-json\/wp\/v2\/tags?post=181178"},{"taxonomy":"author","embeddable":true,"href":"https:\/\/buletin.de\/bucuresti\/wp-json\/wp\/v2\/ppma_author?post=181178"}],"curies":[{"name":"wp","href":"https:\/\/api.w.org\/{rel}","templated":true}]}}