{"id":181169,"date":"2026-03-17T19:56:24","date_gmt":"2026-03-17T16:56:24","guid":{"rendered":"https:\/\/buletin.de\/bucuresti\/?p=181169"},"modified":"2026-03-18T11:04:41","modified_gmt":"2026-03-18T08:04:41","slug":"prima-reactie-a-primarului-ciprian-ciucu-dupa-investigatia-buletin-de-bucuresti-vom-schimba-regulamentele-de-acordare-a-locuintelor-si-terenurilor-publice","status":"publish","type":"post","link":"https:\/\/buletin.de\/bucuresti\/prima-reactie-a-primarului-ciprian-ciucu-dupa-investigatia-buletin-de-bucuresti-vom-schimba-regulamentele-de-acordare-a-locuintelor-si-terenurilor-publice\/","title":{"rendered":"Prima reac\u021bie a primarului Ciprian Ciucu dup\u0103 investiga\u021bia Buletin de Bucure\u0219ti: Vom schimba regulamentele de acordare a locuin\u021belor \u0219i terenurilor publice\u00a0"},"content":{"rendered":"\n<p><strong>Buletin de Bucure\u0219ti (BdB) a dezv\u0103luit luni, 16 martie, c\u0103 <a href=\"https:\/\/afi.pmb.ro\/\" target=\"_blank\" rel=\"noreferrer noopener\">Administra\u021bia Fondului Imobiliar&nbsp;<\/a>(AFI), aflat\u0103 \u00een subordinea Prim\u0103riei Capitalei \u0219i care ar trebui s\u0103 asigure persoanelor vulnerabile o locuire decent\u0103, nu a respectat regulamentele de acordare a locuin\u021belor \u0219i terenurilor publice&nbsp;\u0219i le-a \u00eemp\u0103r\u021bit c\u0103tre o clientel\u0103 format\u0103 din oameni cu influen\u021b\u0103 sau boga\u021bi.<\/strong><\/p>\n\n\n\n<p>Lista beneficiarilor de terenuri sau apartamente sociale \u0219i convenabile de la Prim\u0103rie a fost p\u00e2n\u0103 de cur\u00e2nd unul dintre cele mai bine p\u0103zite secrete din administra\u021bia Capitalei.<\/p>\n\n\n\n<p><strong>Buletin de Bucure\u0219ti <\/strong>a aflat c\u0103 printre ace\u0219tia se num\u0103r\u0103 politicieni controversa\u021bi, precum Viorel Hrebenciuc, c\u00e2nt\u0103re\u021bi precum Tavi Colen, oameni de afaceri cu conturi pline care apar \u00een dosare penale al\u0103turi de baroni PNL judeca\u021bi pentru corup\u021bie \u0219i chiar prim-directoarea adjunct\u0103 a AFI, Oana Soare.<\/p>\n\n\n\n<p>\u00cen tot acest timp, dosarele bucure\u0219tenilor f\u0103r\u0103 posibilit\u0103\u021bi zac, \u201e\u00een a\u0219teptare\u201d sau \u201e\u00een analiz\u0103\u201d, \u00een sertarele birocra\u021biei locale.<\/p>\n\n\n\n<figure class=\"wp-block-embed is-type-video is-provider-youtube wp-block-embed-youtube wp-embed-aspect-16-9 wp-has-aspect-ratio\"><div class=\"wp-block-embed__wrapper\">\n<div class=\"jlvid_container\"><iframe title=\"INVESTIGA\u021aIE | Locuin\u021bele Puterii. Re\u021beaua VIP-urilor cu locuin\u021be \u0219i terenuri publice din Capital\u0103\" width=\"1200\" height=\"675\" src=\"https:\/\/www.youtube.com\/embed\/YKyTl8X_b88?feature=oembed\" frameborder=\"0\" allow=\"accelerometer; autoplay; clipboard-write; encrypted-media; gyroscope; picture-in-picture; web-share\" referrerpolicy=\"strict-origin-when-cross-origin\" allowfullscreen><\/iframe><\/div>\n<\/div><\/figure>\n\n\n\n<h2 class=\"wp-block-heading\" id=\"h-s-au-marit-chiriile-dar-au-fost-prelungite-\u0219i-contractele-vip-urilor\">S-au m\u0103rit chiriile, dar au fost prelungite \u0219i contractele VIP-urilor<\/h2>\n\n\n\n<p><strong>Dup\u0103 publicarea investiga\u021biei \u201eLocuin\u021bele puterii\u201d, Buletin de Bucure\u0219ti l-a contactat pe primarul general Ciprian Ciucu, care are puterea, prin prisma func\u021biei pe care o de\u021bine, s\u0103 schimbe lucrurile \u00een ceea ce prive\u0219te modul cum sunt distribuite locuin\u021bele sociale \u0219i convenabile. <\/strong><\/p>\n\n\n\n<p>De altfel, <a href=\"https:\/\/www.digi24.ro\/digieconomic\/amphtml\/consumer\/primaria-capitalei-scumpeste-locuintele-convenabile-chiriile-care-sunt-acum-intre-115-lei-si-171-lei-pe-luna-vor-creste-de-10-ori-91747\" target=\"_blank\" rel=\"noreferrer noopener\">Consiliul General al Municipiului Bucure\u0219ti a decis<\/a> vineri, 13 martie, s\u0103 m\u0103reasc\u0103 chiriile pentru cele peste 4.000 de locuin\u021be administrate de Administra\u021bia Fondului Imobiliar (AFI), la solicitarea primarului Capitalei. Pre\u021bul de baz\u0103 cre\u0219te de la o medie de 0,85 lei\/mp la 8 lei\/mp, dup\u0103 ce chiriile au r\u0103mas \u00eenghe\u021bate timp de aproape 20 de ani.<\/p>\n\n\n\n<p><strong>Dac\u0103 p\u00e2n\u0103 acum, pentru un apartament de 120 de metri p\u0103tra\u021bi se pl\u0103tea doar 102 lei pe lun\u0103, prin noua majorare, un chiria\u0219 va achita 960 de lei.<\/strong><\/p>\n\n\n\n<p>Proiectul de hot\u0103r\u00e2re prin care s-a decis m\u0103rirea tarifelor a con\u021binut \u0219i prevederea conform c\u0103reia contractele celor afla\u021bi deja \u00een locuin\u021be<strong> se prelunge\u0219te cu 5 ani.<\/strong> Propunerea ar fi apar\u021binut viceprimarului PNL Stelian Bujduveanu. \u00cen cele din urm\u0103, dup\u0103 discu\u021bii \u00een cadrul Consiliului General, <strong>perioada a fost limitat\u0103 la doi ani.<\/strong> <\/p>\n\n\n\n<h2 class=\"wp-block-heading\" id=\"h-ciucu-regulamentele-de-acordare-a-locuin\u021belor-\u0219i-terenurilor-publice-nbsp-din-bucure\u0219ti-vor-fi-schimbate\">Ciucu: Regulamentele de acordare a locuin\u021belor \u0219i terenurilor publice&nbsp;din Bucure\u0219ti vor fi schimbate<\/h2>\n\n\n\n<p><strong>\u00cen discu\u021bia cu Buletin de Bucure\u0219ti, primarul general a declarat c\u0103 urmeaz\u0103 s\u0103 schimbe regulamentele de acordare a locuin\u021belor sociale, convenabile \u0219i de necesitate din Capital\u0103. <\/strong><\/p>\n\n\n\n<p>De asemenea, a anun\u021bat c\u0103 va schimba \u0219i regulamentul din 1997 \u00een baza c\u0103ruia sunt concesionate, la pre\u021buri modice, terenurile din patrimoniul ora\u0219ului. <\/p>\n\n\n\n<p>Deocamdat\u0103, locuin\u021bele publice din Capital\u0103 sunt acordate \u00een baza unui regulament votat de Consiliul General \u00eenc\u0103 din 2003, pe c\u00e2nd Traian B\u0103sescu ocupa fotoliul de primar general. De atunci a fost modificat de alte dou\u0103 ori \u00een mandatul de edil al Gabrielei Firea, \u00eens\u0103 schimb\u0103rile au fost de form\u0103.<\/p>\n\n\n\n<p>Conform acestui regulament, locuin\u021bele convenabile din Bucure\u0219ti, \u00een num\u0103r de peste 4.000, erau acordate din pixul primarilor de sector, care printr-o dispozi\u021bie pot s\u0103 numeasc\u0103 comisia care se ocup\u0103 de evaluarea dosarelor pentru aceste locuin\u021be. <\/p>\n\n\n\n<details class=\"wp-block-details is-layout-flow wp-block-details-is-layout-flow\"><summary><strong>Ce este o locuin\u021b\u0103 convenabil\u0103?<\/strong><\/summary>\n<p class=\"has-white-background-color has-background\"><em>O locuin\u021b\u0103 convenabil\u0103 este sunt un apartament din fondul locativ de stat eliberat atunci c\u00e2nd fostul chiria\u0219 decedeaz\u0103, se mut\u0103 \u00een locuin\u021be proprii, prime\u0219te alte spa\u021bii sau \u00ee\u0219i \u00eenceteaz\u0103 contractul de \u00eenchiriere. Odat\u0103 eliberate, aceste locuin\u021be reintr\u0103 \u00een circuitul de repartizare sub acest nume \u0219i pot fi atribuite altor solicitan\u021bi prin pixul primarilor de sector.<\/em><\/p>\n<\/details>\n\n\n\n<p>Nici \u00een cazul locuin\u021belor sociale decizia de repartizare nu se afl\u0103 la Prim\u0103ria Municipiului Bucure\u0219ti, ci tot la nivelul sectoarelor. <\/p>\n\n\n\n<p>Ciprian Ciucu a declarat pentru <strong>Buletin de Bucure\u0219ti<\/strong>, la o zi de la dezv\u0103luirile cu privire la e\u021beaua VIP-urilor cu locuin\u021be \u0219i terenuri publice, c\u0103 prin schimbarea regulamentului de repartizare decizia ar urma s\u0103 fie luat\u0103 la nivelul Prim\u0103riei Capitalei \u0219i a Consiliului General al Municipiului Bucure\u0219ti.<\/p>\n\n\n\n<p>\u201eVom lucra la un regulament \u015fi s\u0103 avem o comisie care s\u0103 \u00ee\u015fi asume ca, \u00een baza unui regulament clar, s\u0103 fac\u0103 astfel de repartiz\u0103ri \u00een func\u0163ie de nevoile oamenilor. <\/p>\n\n\n\n<p><strong>Situa\u0163ia se va putea rezolva dup\u0103 ce vom avea acest regulament \u015fi aceast\u0103 comisie care s\u0103 fac\u0103 repartiz\u0103rile, din punctul meu de vedere, trebuie s\u0103 se fac\u0103 exclusiv la nivel de Prim\u0103rie a Municipiului Bucure\u015fti, \u015fi nu la nivel de sectoare, pentru c\u0103 sunt ale Municipiului Bucure\u015fti\u201d<\/strong>, a spus Ciprian Ciucu pentru Buletin de Bucure\u0219ti.<\/p>\n\n\n\n<p>Primarul general Ciprian Ciucu a declarat c\u0103 a aflat din investiga\u021bia Buletin de Bucure\u0219ti despre situa\u021bia concesion\u0103rii terenurilor, care func\u021biona \u00een baza unei <a href=\"http:\/\/acteinterne.pmb.ro\/legis\/acteinterne\/acte_int\/afisint.php?f=1065\" target=\"_blank\" rel=\"noreferrer noopener\">Hot\u0103r\u00e2ri de Consiliu General din 1997<\/a>, care a permis concesionarea terenurilor aflate \u00een proprietatea municipalit\u0103\u021bii, \u00een chimbul unor sume modice, pentru extinderea unor locuin\u021be.<\/p>\n\n\n\n<blockquote class=\"wp-block-quote is-layout-flow wp-block-quote-is-layout-flow\">\n<p><em>Este foarte bine c\u0103 mi-a\u021bi atras aten\u021bia, pentru c\u0103 o s\u0103 iau acel regulament din 1997 acea Hot\u0103r\u00e2re de Consiliu General \u015fi o vom modifica. Nu mi se pare normal ca un teren at\u00e2t de valoroase s\u0103 fie date din pix arbitrar cuiva care s-a nimerit s\u0103 aib\u0103 proprietatea.&nbsp;Da, mi se pare absurd. <strong>Tocmai de aceea chiar e bine c\u0103 o s\u0103 m\u0103 uit \u015fi la terenuri, \u015fi vom face ni\u015fte regulamente pe care le vom pune \u00een transparen\u0163\u0103.<\/strong><\/em><\/p>\n<cite>A mai spus Ciprian Ciucu pentru Buletin de Bucure\u0219ti.<\/cite><\/blockquote>\n\n\n\n<details class=\"wp-block-details is-layout-flow wp-block-details-is-layout-flow\"><summary><em><strong>Cum func\u021bioneaz\u0103 concesionarea terenurilor din Capital\u0103?<\/strong><\/em><\/summary>\n<p>\u00cen Bucure\u0219ti, concesionarea terenurilor din cur\u021bile imobilelor a fost reglementat\u0103 prin hot\u0103r\u00e2ri ale Consiliului General \u00eenc\u0103 din anii \u201990. De exemplu, o hot\u0103r\u00e2re adoptat\u0103 \u00een 1997 a permis concesionarea terenurilor aflate \u00een proprietatea municipalit\u0103\u021bii pentru extinderea locuin\u021belor existente. Practic, proprietarii sau chiria\u0219ii puteau primi dreptul de a folosi o bucat\u0103 de teren din jurul imobilului pentru a construi anexe sau pentru a extinde cl\u0103direa, f\u0103r\u0103 ca terenul s\u0103 fie v\u00e2ndut propriu-zis.&nbsp;<br><br>\u00cen schimb, beneficiarii trebuiau s\u0103 pl\u0103teasc\u0103 o redeven\u021b\u0103 anual\u0103 stabilit\u0103 de administra\u021bia local\u0103, iar dreptul de concesiune era acordat pe termen lung, \u00een general 49 de ani. \u00cen teorie, acest mecanism trebuia s\u0103 reglementeze folosirea terenurilor publice dup\u0103 c\u0103derea fostului regim. \u00cen practic\u0103 \u00eens\u0103, el a deschis \u0219i u\u0219a unor situa\u021bii \u00een care suprafe\u021be valoroase de teren, din zone intens c\u0103utate, au ajuns s\u0103 fie folosite aproape exclusiv de cei deja privilegia\u021bi<\/p>\n<\/details>\n\n\n\n<h2 class=\"wp-block-heading\" id=\"h-corpul-de-control-al-primarului-general-ar-urma-sa-fie-retrimis-la-afi\">Corpul de control al primarului general ar urma s\u0103 fie retrimis la AFI<\/h2>\n\n\n\n<p><strong>Buletin de Bucure\u0219ti a dezv\u0103luit \u00een investiga\u021bia \u201eLocuin\u021bele Puterii\u201d,c\u0103 a doua cea mai influent\u0103 \u0219i important\u0103 persoan\u0103 din Administra\u021bia Fondului Imobiliar, directoarea adjunct\u0103 Oana Soare (Vianu), a primit de la institu\u021bia pentru care lucreaz\u0103 de dou\u0103 decenii o locuin\u021b\u0103 convenabil\u0103 pe Strada Academiei, una dintre cele mai scumpe zone din Bucure\u0219ti.<\/strong><\/p>\n\n\n\n<p>\u00centrebat despre situa\u021bia directoarei Oana Soare, primarul Ciprian Ciucu a spus c\u0103: <strong>\u201e<em>Pare destul de convenabil, ca s\u0103 zic a\u015fa\u201d<\/em><\/strong><em>. <\/em><\/p>\n\n\n\n<p>Primarul a afirmat \u0219i c\u0103, \u00een toamna anului trecut, Corpul de Control al primarului general a fost trimis la Administra\u021bia Fundului Imobiliar pentru verific\u0103ri. Totu\u0219i, edilul general sus\u021bine c\u0103 institu\u021bia nu a fost cooperant\u0103 \u0219i ia in considerare s\u0103-\u0219i retrimit\u0103 subalternii pentru verific\u0103ri.<\/p>\n\n\n\n<p><strong><em>\u201eCorpul de Control a fost anul trecut acolo, nu am apucat s\u0103 citesc raportul, o s\u0103-l citesc \u015fi dup\u0103 ce voi citi raportul, voi vedea dac\u0103 mai trimit \u00eenc\u0103 o dat\u0103. <\/em><\/strong>Deci trebuie s\u0103 v\u0103d ce el. Eu cred c\u0103 au fost undeva prin luna octombrie sau noiembrie a anului trecut. <\/p>\n\n\n\n<p><strong><em>Mi-a spus Corpul de Control c\u0103 deja a efectuat un control, dar iar\u0103\u015fi, din c\u00e2te am aflat, nu au fost foarte deschi\u015fi c\u0103tre colaborare cei de la AFI, dar <span style=\"text-decoration: underline;\">de data aceasta m\u0103 voi ocupa persoana, acest lucru s\u0103 nu se mai \u00eent\u00e2mple.<\/span><\/em><\/strong>\u201d, a declarat Ciprian Ciucu pentru Buletin de Bucure\u0219ti.<\/p>\n\n\n\n<p>De asemenea, primarul general a declarat c\u0103 a dispus Poli\u021biei Locale \u0219i corpului de control s\u0103 verifice, din u\u0219\u0103 \u00een u\u0219\u0103, locuin\u021bele convenabile din Bucure\u0219ti \u0219i dac\u0103 acestea sunt locuite sau sub\u00eenchiriate. Promite 700-800 de cazuri verificate de echipele din subordine p\u00e2n\u0103 la finalul anului.<\/p>\n\n\n\n<p><em>\u201eAm dispus poli\u0163iei locale, \u00eempreun\u0103 cu corpul de control al primarului, s\u0103 fac\u0103 verific\u0103ri din u\u015f\u0103 \u00een u\u015f\u0103, s\u0103 vedem cine st\u0103 acolo, dac\u0103 s-au respectat condi\u0163iile, s\u0103 nu sub\u00eenchirieze \u015fi s\u0103 ne facem \u015fi noi o idee, dac\u0103 sunt ocupate legal, aceste locuin\u0163e a\u015fa numite convenabile. <\/em><\/p>\n\n\n\n<p><em>Asta \u00eenseamn\u0103 undeva la 4.000 de locuin\u0163e. Nu le po\u0163i verifica pe toate. Deci ne propunem ca acest an m\u0103car s\u0103 ajungem undeva spre 700-800. Evident, o s\u0103 lu\u0103m \u00een func\u0163ie de valoarea lor care este dat\u0103 de zona \u00een care se afl\u0103, \u015fi de calitatea respectivului spa\u0163iu\u201d<\/em>, a mai spus edilul Capitalei pentru <strong>Buletin de Bucure\u0219ti.<\/strong><\/p>\n\n\n\n<p><strong>CITE\u0218TE \u0218I: <a href=\"https:\/\/buletin.de\/bucuresti\/investigatie-video-reteaua-vip-urilor-cu-locuinte-si-terenuri-de-la-primarie-fondul-public-al-capitalei-este-sfidat-cu-chirii-simbolice-de-politicieni-functionari-vedete-magist\/\" type=\"link\" id=\"https:\/\/buletin.de\/bucuresti\/investigatie-video-reteaua-vip-urilor-cu-locuinte-si-terenuri-de-la-primarie-fondul-public-al-capitalei-este-sfidat-cu-chirii-simbolice-de-politicieni-functionari-vedete-magist\/\" target=\"_blank\" rel=\"noreferrer noopener\">INVESTIGA\u021aIE VIDEO | Re\u021beaua VIP-urilor cu locuin\u021be \u0219i terenuri de la Prim\u0103rie. Fondul public al Capitalei este sfidat cu chirii \u201esimbolice\u201d de politicieni, func\u021bionari, vedete, magistra\u021bi \u0219i oameni de afaceri controversa\u021bi<\/a><\/strong><\/p>\n\n\n\n<p><strong><em>Editor: R\u0103zvan Chiru\u021b\u0103<\/em><\/strong><\/p>\n","protected":false},"excerpt":{"rendered":"<p>Buletin de Bucure\u0219ti (BdB) a dezv\u0103luit luni, 16 martie, c\u0103 Administra\u021bia Fondului Imobiliar&nbsp;(AFI), aflat\u0103 \u00een subordinea Prim\u0103riei Capitalei \u0219i care ar trebui s\u0103 asigure persoanelor vulnerabile o locuire decent\u0103, nu a respectat regulamentele de acordare a locuin\u021belor \u0219i terenurilor publice&nbsp;\u0219i le-a \u00eemp\u0103r\u021bit c\u0103tre o clientel\u0103 format\u0103 din oameni cu influen\u021b\u0103 sau boga\u021bi. Lista beneficiarilor de [&hellip;]<\/p>\n","protected":false},"author":17,"featured_media":181192,"comment_status":"closed","ping_status":"open","sticky":false,"template":"","format":"standard","meta":{"_acf_changed":false,"inline_featured_image":false,"ngg_post_thumbnail":0,"footnotes":""},"categories":[6994,3419,9025],"tags":[2089,27147,410,27148,104],"ppma_author":[22576],"class_list":["post-181169","post","type-post","status-publish","format-standard","has-post-thumbnail","hentry","category-stiri-2","category-featured","category-politic","tag-ciprian-ciucu","tag-locuinte-convenabile","tag-locuinte-sociale","tag-locuintele-puterii","tag-pmb"],"acf":[],"yoast_head":"<!-- This site is optimized with the Yoast SEO Premium plugin v25.3 (Yoast SEO v27.5) - https:\/\/yoast.com\/product\/yoast-seo-premium-wordpress\/ -->\n<title>Prima reac\u021bie a primarului Ciprian Ciucu dup\u0103 investiga\u021bia Buletin de Bucure\u0219ti: Vom schimba regulamentele de acordare a locuin\u021belor \u0219i terenurilor publice\u00a0 - Buletin de Bucure\u0219ti<\/title>\n<meta name=\"description\" content=\"Administra\u021bia Fondului Imobiliar nu a respectat regulamentele de acordare a locuin\u021belor \u0219i terenurilor publice.\" \/>\n<meta name=\"robots\" content=\"index, follow, max-snippet:-1, max-image-preview:large, max-video-preview:-1\" \/>\n<link rel=\"canonical\" href=\"https:\/\/buletin.de\/bucuresti\/prima-reactie-a-primarului-ciprian-ciucu-dupa-investigatia-buletin-de-bucuresti-vom-schimba-regulamentele-de-acordare-a-locuintelor-si-terenurilor-publice\/\" \/>\n<meta property=\"og:locale\" content=\"en_GB\" \/>\n<meta property=\"og:type\" content=\"article\" \/>\n<meta property=\"og:title\" content=\"Prima reac\u021bie a primarului Ciprian Ciucu dup\u0103 investiga\u021bia Buletin de Bucure\u0219ti: Vom schimba regulamentele de acordare a locuin\u021belor \u0219i terenurilor publice\u00a0\" \/>\n<meta property=\"og:description\" content=\"Administra\u021bia Fondului Imobiliar nu a respectat regulamentele de acordare a locuin\u021belor \u0219i terenurilor publice.\" \/>\n<meta property=\"og:url\" content=\"https:\/\/buletin.de\/bucuresti\/prima-reactie-a-primarului-ciprian-ciucu-dupa-investigatia-buletin-de-bucuresti-vom-schimba-regulamentele-de-acordare-a-locuintelor-si-terenurilor-publice\/\" \/>\n<meta property=\"og:site_name\" content=\"Buletin de Bucure\u0219ti\" \/>\n<meta property=\"article:publisher\" content=\"https:\/\/www.facebook.com\/buletin.de.buc\" \/>\n<meta property=\"article:published_time\" content=\"2026-03-17T16:56:24+00:00\" \/>\n<meta property=\"article:modified_time\" content=\"2026-03-18T08:04:41+00:00\" \/>\n<meta property=\"og:image\" content=\"https:\/\/buletin.de\/bucuresti\/wp-content\/uploads\/2026\/03\/ID336573_INQUAM_Photos_Malina_Norocea-scaled.jpg\" \/>\n\t<meta property=\"og:image:width\" content=\"2560\" \/>\n\t<meta property=\"og:image:height\" content=\"1707\" \/>\n\t<meta property=\"og:image:type\" content=\"image\/jpeg\" \/>\n<meta name=\"author\" content=\"Florin R\u00e2\u0219teiu\" \/>\n<meta name=\"twitter:card\" content=\"summary_large_image\" \/>\n<meta name=\"twitter:label1\" content=\"Written by\" \/>\n\t<meta name=\"twitter:data1\" content=\"Florin R\u00e2\u0219teiu\" \/>\n\t<meta name=\"twitter:label2\" content=\"Estimated reading time\" \/>\n\t<meta name=\"twitter:data2\" content=\"6 minutes\" \/>\n<script type=\"application\/ld+json\" class=\"yoast-schema-graph\">{\"@context\":\"https:\\\/\\\/schema.org\",\"@graph\":[{\"@type\":\"Article\",\"@id\":\"https:\\\/\\\/buletin.de\\\/bucuresti\\\/prima-reactie-a-primarului-ciprian-ciucu-dupa-investigatia-buletin-de-bucuresti-vom-schimba-regulamentele-de-acordare-a-locuintelor-si-terenurilor-publice\\\/#article\",\"isPartOf\":{\"@id\":\"https:\\\/\\\/buletin.de\\\/bucuresti\\\/prima-reactie-a-primarului-ciprian-ciucu-dupa-investigatia-buletin-de-bucuresti-vom-schimba-regulamentele-de-acordare-a-locuintelor-si-terenurilor-publice\\\/\"},\"author\":{\"name\":\"Florin R\u00e2\u0219teiu\",\"@id\":\"https:\\\/\\\/buletin.de\\\/bucuresti\\\/#\\\/schema\\\/person\\\/b0686d7a8b666c6afc78239777fd8a89\"},\"headline\":\"Prima reac\u021bie a primarului Ciprian Ciucu dup\u0103 investiga\u021bia Buletin de Bucure\u0219ti: Vom schimba regulamentele de acordare a locuin\u021belor \u0219i terenurilor publice\u00a0\",\"datePublished\":\"2026-03-17T16:56:24+00:00\",\"dateModified\":\"2026-03-18T08:04:41+00:00\",\"mainEntityOfPage\":{\"@id\":\"https:\\\/\\\/buletin.de\\\/bucuresti\\\/prima-reactie-a-primarului-ciprian-ciucu-dupa-investigatia-buletin-de-bucuresti-vom-schimba-regulamentele-de-acordare-a-locuintelor-si-terenurilor-publice\\\/\"},\"wordCount\":1599,\"publisher\":{\"@id\":\"https:\\\/\\\/buletin.de\\\/bucuresti\\\/#organization\"},\"image\":{\"@id\":\"https:\\\/\\\/buletin.de\\\/bucuresti\\\/prima-reactie-a-primarului-ciprian-ciucu-dupa-investigatia-buletin-de-bucuresti-vom-schimba-regulamentele-de-acordare-a-locuintelor-si-terenurilor-publice\\\/#primaryimage\"},\"thumbnailUrl\":\"https:\\\/\\\/buletin.de\\\/bucuresti\\\/wp-content\\\/uploads\\\/2026\\\/03\\\/ID336573_INQUAM_Photos_Malina_Norocea-scaled.jpg\",\"keywords\":[\"ciprian ciucu\",\"locuinte convenabile\",\"locuinte sociale\",\"locuintele puterii\",\"pmb\"],\"articleSection\":[\"Articole\",\"Featured\",\"Politic\"],\"inLanguage\":\"en-GB\",\"copyrightYear\":\"2026\",\"copyrightHolder\":{\"@id\":\"https:\\\/\\\/buletin.de\\\/bucuresti\\\/#organization\"}},{\"@type\":\"WebPage\",\"@id\":\"https:\\\/\\\/buletin.de\\\/bucuresti\\\/prima-reactie-a-primarului-ciprian-ciucu-dupa-investigatia-buletin-de-bucuresti-vom-schimba-regulamentele-de-acordare-a-locuintelor-si-terenurilor-publice\\\/\",\"url\":\"https:\\\/\\\/buletin.de\\\/bucuresti\\\/prima-reactie-a-primarului-ciprian-ciucu-dupa-investigatia-buletin-de-bucuresti-vom-schimba-regulamentele-de-acordare-a-locuintelor-si-terenurilor-publice\\\/\",\"name\":\"Prima reac\u021bie a primarului Ciprian Ciucu dup\u0103 investiga\u021bia Buletin de Bucure\u0219ti: Vom schimba regulamentele de acordare a locuin\u021belor \u0219i terenurilor publice\u00a0 - Buletin de Bucure\u0219ti\",\"isPartOf\":{\"@id\":\"https:\\\/\\\/buletin.de\\\/bucuresti\\\/#website\"},\"primaryImageOfPage\":{\"@id\":\"https:\\\/\\\/buletin.de\\\/bucuresti\\\/prima-reactie-a-primarului-ciprian-ciucu-dupa-investigatia-buletin-de-bucuresti-vom-schimba-regulamentele-de-acordare-a-locuintelor-si-terenurilor-publice\\\/#primaryimage\"},\"image\":{\"@id\":\"https:\\\/\\\/buletin.de\\\/bucuresti\\\/prima-reactie-a-primarului-ciprian-ciucu-dupa-investigatia-buletin-de-bucuresti-vom-schimba-regulamentele-de-acordare-a-locuintelor-si-terenurilor-publice\\\/#primaryimage\"},\"thumbnailUrl\":\"https:\\\/\\\/buletin.de\\\/bucuresti\\\/wp-content\\\/uploads\\\/2026\\\/03\\\/ID336573_INQUAM_Photos_Malina_Norocea-scaled.jpg\",\"datePublished\":\"2026-03-17T16:56:24+00:00\",\"dateModified\":\"2026-03-18T08:04:41+00:00\",\"description\":\"Administra\u021bia Fondului Imobiliar nu a respectat regulamentele de acordare a locuin\u021belor \u0219i terenurilor publice.\",\"breadcrumb\":{\"@id\":\"https:\\\/\\\/buletin.de\\\/bucuresti\\\/prima-reactie-a-primarului-ciprian-ciucu-dupa-investigatia-buletin-de-bucuresti-vom-schimba-regulamentele-de-acordare-a-locuintelor-si-terenurilor-publice\\\/#breadcrumb\"},\"inLanguage\":\"en-GB\",\"potentialAction\":[{\"@type\":\"ReadAction\",\"target\":[\"https:\\\/\\\/buletin.de\\\/bucuresti\\\/prima-reactie-a-primarului-ciprian-ciucu-dupa-investigatia-buletin-de-bucuresti-vom-schimba-regulamentele-de-acordare-a-locuintelor-si-terenurilor-publice\\\/\"]}]},{\"@type\":\"ImageObject\",\"inLanguage\":\"en-GB\",\"@id\":\"https:\\\/\\\/buletin.de\\\/bucuresti\\\/prima-reactie-a-primarului-ciprian-ciucu-dupa-investigatia-buletin-de-bucuresti-vom-schimba-regulamentele-de-acordare-a-locuintelor-si-terenurilor-publice\\\/#primaryimage\",\"url\":\"https:\\\/\\\/buletin.de\\\/bucuresti\\\/wp-content\\\/uploads\\\/2026\\\/03\\\/ID336573_INQUAM_Photos_Malina_Norocea-scaled.jpg\",\"contentUrl\":\"https:\\\/\\\/buletin.de\\\/bucuresti\\\/wp-content\\\/uploads\\\/2026\\\/03\\\/ID336573_INQUAM_Photos_Malina_Norocea-scaled.jpg\",\"width\":2560,\"height\":1707,\"caption\":\"Prima reac\u021bie a primarului Ciprian Ciucu dup\u0103 investiga\u021bia Buletin de Bucure\u0219ti: Vom schimba regulamentele de acordare a locuin\u021belor \u0219i terenurilor publice\u00a0. Inquam Photos \\\/ M\u0103lina Norocea\"},{\"@type\":\"BreadcrumbList\",\"@id\":\"https:\\\/\\\/buletin.de\\\/bucuresti\\\/prima-reactie-a-primarului-ciprian-ciucu-dupa-investigatia-buletin-de-bucuresti-vom-schimba-regulamentele-de-acordare-a-locuintelor-si-terenurilor-publice\\\/#breadcrumb\",\"itemListElement\":[{\"@type\":\"ListItem\",\"position\":1,\"name\":\"Acas\u0103\",\"item\":\"https:\\\/\\\/buletin.de\\\/bucuresti\\\/\"},{\"@type\":\"ListItem\",\"position\":2,\"name\":\"Prima reac\u021bie a primarului Ciprian Ciucu dup\u0103 investiga\u021bia Buletin de Bucure\u0219ti: Vom schimba regulamentele de acordare a locuin\u021belor \u0219i terenurilor publice\u00a0\"}]},{\"@type\":\"WebSite\",\"@id\":\"https:\\\/\\\/buletin.de\\\/bucuresti\\\/#website\",\"url\":\"https:\\\/\\\/buletin.de\\\/bucuresti\\\/\",\"name\":\"Buletin de Bucure\u0219ti\",\"description\":\"\u0218tiri \u0219i investiga\u021bii esen\u021biale din capital\u0103\",\"publisher\":{\"@id\":\"https:\\\/\\\/buletin.de\\\/bucuresti\\\/#organization\"},\"potentialAction\":[{\"@type\":\"SearchAction\",\"target\":{\"@type\":\"EntryPoint\",\"urlTemplate\":\"https:\\\/\\\/buletin.de\\\/bucuresti\\\/?s={search_term_string}\"},\"query-input\":{\"@type\":\"PropertyValueSpecification\",\"valueRequired\":true,\"valueName\":\"search_term_string\"}}],\"inLanguage\":\"en-GB\"},{\"@type\":\"Organization\",\"@id\":\"https:\\\/\\\/buletin.de\\\/bucuresti\\\/#organization\",\"name\":\"Buletin de Bucure\u0219ti\",\"url\":\"https:\\\/\\\/buletin.de\\\/bucuresti\\\/\",\"logo\":{\"@type\":\"ImageObject\",\"inLanguage\":\"en-GB\",\"@id\":\"https:\\\/\\\/buletin.de\\\/bucuresti\\\/#\\\/schema\\\/logo\\\/image\\\/\",\"url\":\"https:\\\/\\\/buletin.de\\\/bucuresti\\\/wp-content\\\/uploads\\\/logo-bdb-full-wide-vernil-transparent.png\",\"contentUrl\":\"https:\\\/\\\/buletin.de\\\/bucuresti\\\/wp-content\\\/uploads\\\/logo-bdb-full-wide-vernil-transparent.png\",\"width\":1782,\"height\":626,\"caption\":\"Buletin de Bucure\u0219ti\"},\"image\":{\"@id\":\"https:\\\/\\\/buletin.de\\\/bucuresti\\\/#\\\/schema\\\/logo\\\/image\\\/\"},\"sameAs\":[\"https:\\\/\\\/www.facebook.com\\\/buletin.de.buc\",\"https:\\\/\\\/www.instagram.com\\\/buletinde.bucuresti\\\/\"]},{\"@type\":\"Person\",\"@id\":\"https:\\\/\\\/buletin.de\\\/bucuresti\\\/#\\\/schema\\\/person\\\/b0686d7a8b666c6afc78239777fd8a89\",\"name\":\"Florin R\u00e2\u0219teiu\",\"image\":{\"@type\":\"ImageObject\",\"inLanguage\":\"en-GB\",\"@id\":\"https:\\\/\\\/buletin.de\\\/bucuresti\\\/wp-content\\\/uploads\\\/Florin-Rasteiu-96x96.jpgf0a6fe28453aa12f0a60e4d0a2e3a78c\",\"url\":\"https:\\\/\\\/buletin.de\\\/bucuresti\\\/wp-content\\\/uploads\\\/Florin-Rasteiu-96x96.jpg\",\"contentUrl\":\"https:\\\/\\\/buletin.de\\\/bucuresti\\\/wp-content\\\/uploads\\\/Florin-Rasteiu-96x96.jpg\",\"caption\":\"Florin R\u00e2\u0219teiu\"},\"description\":\"Jurnalist de investiga\u021bie. Lucreaz\u0103 de aproape 6 ani la Buletin de Bucure\u0219ti, unde a publicat articole care scot la suprafa\u021b\u0103 corup\u021bia din Capital\u0103. Analizeaz\u0103 baze de date zilnic \u0219i scoate pove\u0219ti din exceluri pline de cifre. Pune reflectorul pe adev\u0103r cu fiecare ocazie. A c\u00e2\u0219tigat premiul I la categoria Pres\u0103 Local\u0103 \u00een 2025 \u0219i locul al II-lea la aceea\u0219i categorie \u00een 2024 \u00een cadrul Premiilor Superscrieri pentru jurnalism independent.\",\"url\":\"https:\\\/\\\/buletin.de\\\/bucuresti\\\/author\\\/florinrasteiu\\\/\"}]}<\/script>\n<!-- \/ Yoast SEO Premium plugin. -->","yoast_head_json":{"title":"Prima reac\u021bie a primarului Ciprian Ciucu dup\u0103 investiga\u021bia Buletin de Bucure\u0219ti: Vom schimba regulamentele de acordare a locuin\u021belor \u0219i terenurilor publice\u00a0 - Buletin de Bucure\u0219ti","description":"Administra\u021bia Fondului Imobiliar nu a respectat regulamentele de acordare a locuin\u021belor \u0219i terenurilor publice.","robots":{"index":"index","follow":"follow","max-snippet":"max-snippet:-1","max-image-preview":"max-image-preview:large","max-video-preview":"max-video-preview:-1"},"canonical":"https:\/\/buletin.de\/bucuresti\/prima-reactie-a-primarului-ciprian-ciucu-dupa-investigatia-buletin-de-bucuresti-vom-schimba-regulamentele-de-acordare-a-locuintelor-si-terenurilor-publice\/","og_locale":"en_GB","og_type":"article","og_title":"Prima reac\u021bie a primarului Ciprian Ciucu dup\u0103 investiga\u021bia Buletin de Bucure\u0219ti: Vom schimba regulamentele de acordare a locuin\u021belor \u0219i terenurilor publice\u00a0","og_description":"Administra\u021bia Fondului Imobiliar nu a respectat regulamentele de acordare a locuin\u021belor \u0219i terenurilor publice.","og_url":"https:\/\/buletin.de\/bucuresti\/prima-reactie-a-primarului-ciprian-ciucu-dupa-investigatia-buletin-de-bucuresti-vom-schimba-regulamentele-de-acordare-a-locuintelor-si-terenurilor-publice\/","og_site_name":"Buletin de Bucure\u0219ti","article_publisher":"https:\/\/www.facebook.com\/buletin.de.buc","article_published_time":"2026-03-17T16:56:24+00:00","article_modified_time":"2026-03-18T08:04:41+00:00","og_image":[{"width":2560,"height":1707,"url":"https:\/\/buletin.de\/bucuresti\/wp-content\/uploads\/2026\/03\/ID336573_INQUAM_Photos_Malina_Norocea-scaled.jpg","type":"image\/jpeg"}],"author":"Florin R\u00e2\u0219teiu","twitter_card":"summary_large_image","twitter_misc":{"Written by":"Florin R\u00e2\u0219teiu","Estimated reading time":"6 minutes"},"schema":{"@context":"https:\/\/schema.org","@graph":[{"@type":"Article","@id":"https:\/\/buletin.de\/bucuresti\/prima-reactie-a-primarului-ciprian-ciucu-dupa-investigatia-buletin-de-bucuresti-vom-schimba-regulamentele-de-acordare-a-locuintelor-si-terenurilor-publice\/#article","isPartOf":{"@id":"https:\/\/buletin.de\/bucuresti\/prima-reactie-a-primarului-ciprian-ciucu-dupa-investigatia-buletin-de-bucuresti-vom-schimba-regulamentele-de-acordare-a-locuintelor-si-terenurilor-publice\/"},"author":{"name":"Florin R\u00e2\u0219teiu","@id":"https:\/\/buletin.de\/bucuresti\/#\/schema\/person\/b0686d7a8b666c6afc78239777fd8a89"},"headline":"Prima reac\u021bie a primarului Ciprian Ciucu dup\u0103 investiga\u021bia Buletin de Bucure\u0219ti: Vom schimba regulamentele de acordare a locuin\u021belor \u0219i terenurilor publice\u00a0","datePublished":"2026-03-17T16:56:24+00:00","dateModified":"2026-03-18T08:04:41+00:00","mainEntityOfPage":{"@id":"https:\/\/buletin.de\/bucuresti\/prima-reactie-a-primarului-ciprian-ciucu-dupa-investigatia-buletin-de-bucuresti-vom-schimba-regulamentele-de-acordare-a-locuintelor-si-terenurilor-publice\/"},"wordCount":1599,"publisher":{"@id":"https:\/\/buletin.de\/bucuresti\/#organization"},"image":{"@id":"https:\/\/buletin.de\/bucuresti\/prima-reactie-a-primarului-ciprian-ciucu-dupa-investigatia-buletin-de-bucuresti-vom-schimba-regulamentele-de-acordare-a-locuintelor-si-terenurilor-publice\/#primaryimage"},"thumbnailUrl":"https:\/\/buletin.de\/bucuresti\/wp-content\/uploads\/2026\/03\/ID336573_INQUAM_Photos_Malina_Norocea-scaled.jpg","keywords":["ciprian ciucu","locuinte convenabile","locuinte sociale","locuintele puterii","pmb"],"articleSection":["Articole","Featured","Politic"],"inLanguage":"en-GB","copyrightYear":"2026","copyrightHolder":{"@id":"https:\/\/buletin.de\/bucuresti\/#organization"}},{"@type":"WebPage","@id":"https:\/\/buletin.de\/bucuresti\/prima-reactie-a-primarului-ciprian-ciucu-dupa-investigatia-buletin-de-bucuresti-vom-schimba-regulamentele-de-acordare-a-locuintelor-si-terenurilor-publice\/","url":"https:\/\/buletin.de\/bucuresti\/prima-reactie-a-primarului-ciprian-ciucu-dupa-investigatia-buletin-de-bucuresti-vom-schimba-regulamentele-de-acordare-a-locuintelor-si-terenurilor-publice\/","name":"Prima reac\u021bie a primarului Ciprian Ciucu dup\u0103 investiga\u021bia Buletin de Bucure\u0219ti: Vom schimba regulamentele de acordare a locuin\u021belor \u0219i terenurilor publice\u00a0 - Buletin de Bucure\u0219ti","isPartOf":{"@id":"https:\/\/buletin.de\/bucuresti\/#website"},"primaryImageOfPage":{"@id":"https:\/\/buletin.de\/bucuresti\/prima-reactie-a-primarului-ciprian-ciucu-dupa-investigatia-buletin-de-bucuresti-vom-schimba-regulamentele-de-acordare-a-locuintelor-si-terenurilor-publice\/#primaryimage"},"image":{"@id":"https:\/\/buletin.de\/bucuresti\/prima-reactie-a-primarului-ciprian-ciucu-dupa-investigatia-buletin-de-bucuresti-vom-schimba-regulamentele-de-acordare-a-locuintelor-si-terenurilor-publice\/#primaryimage"},"thumbnailUrl":"https:\/\/buletin.de\/bucuresti\/wp-content\/uploads\/2026\/03\/ID336573_INQUAM_Photos_Malina_Norocea-scaled.jpg","datePublished":"2026-03-17T16:56:24+00:00","dateModified":"2026-03-18T08:04:41+00:00","description":"Administra\u021bia Fondului Imobiliar nu a respectat regulamentele de acordare a locuin\u021belor \u0219i terenurilor publice.","breadcrumb":{"@id":"https:\/\/buletin.de\/bucuresti\/prima-reactie-a-primarului-ciprian-ciucu-dupa-investigatia-buletin-de-bucuresti-vom-schimba-regulamentele-de-acordare-a-locuintelor-si-terenurilor-publice\/#breadcrumb"},"inLanguage":"en-GB","potentialAction":[{"@type":"ReadAction","target":["https:\/\/buletin.de\/bucuresti\/prima-reactie-a-primarului-ciprian-ciucu-dupa-investigatia-buletin-de-bucuresti-vom-schimba-regulamentele-de-acordare-a-locuintelor-si-terenurilor-publice\/"]}]},{"@type":"ImageObject","inLanguage":"en-GB","@id":"https:\/\/buletin.de\/bucuresti\/prima-reactie-a-primarului-ciprian-ciucu-dupa-investigatia-buletin-de-bucuresti-vom-schimba-regulamentele-de-acordare-a-locuintelor-si-terenurilor-publice\/#primaryimage","url":"https:\/\/buletin.de\/bucuresti\/wp-content\/uploads\/2026\/03\/ID336573_INQUAM_Photos_Malina_Norocea-scaled.jpg","contentUrl":"https:\/\/buletin.de\/bucuresti\/wp-content\/uploads\/2026\/03\/ID336573_INQUAM_Photos_Malina_Norocea-scaled.jpg","width":2560,"height":1707,"caption":"Prima reac\u021bie a primarului Ciprian Ciucu dup\u0103 investiga\u021bia Buletin de Bucure\u0219ti: Vom schimba regulamentele de acordare a locuin\u021belor \u0219i terenurilor publice\u00a0. Inquam Photos \/ M\u0103lina Norocea"},{"@type":"BreadcrumbList","@id":"https:\/\/buletin.de\/bucuresti\/prima-reactie-a-primarului-ciprian-ciucu-dupa-investigatia-buletin-de-bucuresti-vom-schimba-regulamentele-de-acordare-a-locuintelor-si-terenurilor-publice\/#breadcrumb","itemListElement":[{"@type":"ListItem","position":1,"name":"Acas\u0103","item":"https:\/\/buletin.de\/bucuresti\/"},{"@type":"ListItem","position":2,"name":"Prima reac\u021bie a primarului Ciprian Ciucu dup\u0103 investiga\u021bia Buletin de Bucure\u0219ti: Vom schimba regulamentele de acordare a locuin\u021belor \u0219i terenurilor publice\u00a0"}]},{"@type":"WebSite","@id":"https:\/\/buletin.de\/bucuresti\/#website","url":"https:\/\/buletin.de\/bucuresti\/","name":"Buletin de Bucure\u0219ti","description":"\u0218tiri \u0219i investiga\u021bii esen\u021biale din capital\u0103","publisher":{"@id":"https:\/\/buletin.de\/bucuresti\/#organization"},"potentialAction":[{"@type":"SearchAction","target":{"@type":"EntryPoint","urlTemplate":"https:\/\/buletin.de\/bucuresti\/?s={search_term_string}"},"query-input":{"@type":"PropertyValueSpecification","valueRequired":true,"valueName":"search_term_string"}}],"inLanguage":"en-GB"},{"@type":"Organization","@id":"https:\/\/buletin.de\/bucuresti\/#organization","name":"Buletin de Bucure\u0219ti","url":"https:\/\/buletin.de\/bucuresti\/","logo":{"@type":"ImageObject","inLanguage":"en-GB","@id":"https:\/\/buletin.de\/bucuresti\/#\/schema\/logo\/image\/","url":"https:\/\/buletin.de\/bucuresti\/wp-content\/uploads\/logo-bdb-full-wide-vernil-transparent.png","contentUrl":"https:\/\/buletin.de\/bucuresti\/wp-content\/uploads\/logo-bdb-full-wide-vernil-transparent.png","width":1782,"height":626,"caption":"Buletin de Bucure\u0219ti"},"image":{"@id":"https:\/\/buletin.de\/bucuresti\/#\/schema\/logo\/image\/"},"sameAs":["https:\/\/www.facebook.com\/buletin.de.buc","https:\/\/www.instagram.com\/buletinde.bucuresti\/"]},{"@type":"Person","@id":"https:\/\/buletin.de\/bucuresti\/#\/schema\/person\/b0686d7a8b666c6afc78239777fd8a89","name":"Florin R\u00e2\u0219teiu","image":{"@type":"ImageObject","inLanguage":"en-GB","@id":"https:\/\/buletin.de\/bucuresti\/wp-content\/uploads\/Florin-Rasteiu-96x96.jpgf0a6fe28453aa12f0a60e4d0a2e3a78c","url":"https:\/\/buletin.de\/bucuresti\/wp-content\/uploads\/Florin-Rasteiu-96x96.jpg","contentUrl":"https:\/\/buletin.de\/bucuresti\/wp-content\/uploads\/Florin-Rasteiu-96x96.jpg","caption":"Florin R\u00e2\u0219teiu"},"description":"Jurnalist de investiga\u021bie. Lucreaz\u0103 de aproape 6 ani la Buletin de Bucure\u0219ti, unde a publicat articole care scot la suprafa\u021b\u0103 corup\u021bia din Capital\u0103. Analizeaz\u0103 baze de date zilnic \u0219i scoate pove\u0219ti din exceluri pline de cifre. Pune reflectorul pe adev\u0103r cu fiecare ocazie. A c\u00e2\u0219tigat premiul I la categoria Pres\u0103 Local\u0103 \u00een 2025 \u0219i locul al II-lea la aceea\u0219i categorie \u00een 2024 \u00een cadrul Premiilor Superscrieri pentru jurnalism independent.","url":"https:\/\/buletin.de\/bucuresti\/author\/florinrasteiu\/"}]}},"authors":[{"term_id":22576,"user_id":17,"is_guest":0,"slug":"florinrasteiu","display_name":"Florin R\u00e2\u0219teiu","avatar_url":"https:\/\/buletin.de\/bucuresti\/wp-content\/uploads\/Florin-Rasteiu-96x96.jpg","0":null,"1":"","2":"","3":"","4":"","5":"","6":"","7":"","8":""}],"_links":{"self":[{"href":"https:\/\/buletin.de\/bucuresti\/wp-json\/wp\/v2\/posts\/181169","targetHints":{"allow":["GET"]}}],"collection":[{"href":"https:\/\/buletin.de\/bucuresti\/wp-json\/wp\/v2\/posts"}],"about":[{"href":"https:\/\/buletin.de\/bucuresti\/wp-json\/wp\/v2\/types\/post"}],"author":[{"embeddable":true,"href":"https:\/\/buletin.de\/bucuresti\/wp-json\/wp\/v2\/users\/17"}],"replies":[{"embeddable":true,"href":"https:\/\/buletin.de\/bucuresti\/wp-json\/wp\/v2\/comments?post=181169"}],"version-history":[{"count":11,"href":"https:\/\/buletin.de\/bucuresti\/wp-json\/wp\/v2\/posts\/181169\/revisions"}],"predecessor-version":[{"id":181224,"href":"https:\/\/buletin.de\/bucuresti\/wp-json\/wp\/v2\/posts\/181169\/revisions\/181224"}],"wp:featuredmedia":[{"embeddable":true,"href":"https:\/\/buletin.de\/bucuresti\/wp-json\/wp\/v2\/media\/181192"}],"wp:attachment":[{"href":"https:\/\/buletin.de\/bucuresti\/wp-json\/wp\/v2\/media?parent=181169"}],"wp:term":[{"taxonomy":"category","embeddable":true,"href":"https:\/\/buletin.de\/bucuresti\/wp-json\/wp\/v2\/categories?post=181169"},{"taxonomy":"post_tag","embeddable":true,"href":"https:\/\/buletin.de\/bucuresti\/wp-json\/wp\/v2\/tags?post=181169"},{"taxonomy":"author","embeddable":true,"href":"https:\/\/buletin.de\/bucuresti\/wp-json\/wp\/v2\/ppma_author?post=181169"}],"curies":[{"name":"wp","href":"https:\/\/api.w.org\/{rel}","templated":true}]}}