{"id":181141,"date":"2026-03-17T16:27:53","date_gmt":"2026-03-17T13:27:53","guid":{"rendered":"https:\/\/buletin.de\/bucuresti\/?p=181141"},"modified":"2026-03-17T16:27:54","modified_gmt":"2026-03-17T13:27:54","slug":"amenzi-de-185-mii-lei-pentru-transportatorii-care-au-trecut-prin-sectorul-1-fara-autorizatii-de-circulatie","status":"publish","type":"post","link":"https:\/\/buletin.de\/bucuresti\/amenzi-de-185-mii-lei-pentru-transportatorii-care-au-trecut-prin-sectorul-1-fara-autorizatii-de-circulatie\/","title":{"rendered":"Amenzi de 18,5 mii lei pentru transportatorii care au trecut prin Sectorul 1 f\u0103r\u0103 autoriza\u021bii de circula\u021bie"},"content":{"rendered":"\n<p><strong>Mar\u021bi, 17 martie, Poli\u021bia Local\u0103 din Sectorul 1 \u0219i Direc\u021bia General\u0103 de Poli\u021bie Local\u0103 \u0219i Control a Municipiului Bucure\u0219ti au verificat transportatorii afla\u021bi \u00een tranzit \u00een Sectorul 1, pentru a se stabili dac\u0103 ace\u0219tia avea autoriza\u021biile necesare vehiculelor de mare tonaj. \u00cen urma controalelor au fost date 8 amenzi, dup\u0103 cum <a href=\"https:\/\/primariasector1.ro\/amenzi-de-185-mii-lei-pentru-transportatorii-fara-autorizatii\/?fbclid=IwY2xjawQmJvtleHRuA2FlbQIxMABicmlkETF4enBrS3NEUVQ1ZWRpemNzc3J0YwZhcHBfaWQQMjIyMDM5MTc4ODIwMDg5MgABHoMH4Xs3ZDe-0WftKIQFBsTNkMPqBTOAtnpTr0xah0O0tSBRqdb5D78pft3G_aem_ca_gogdZyboYoufikWRySQ\" target=\"_blank\" rel=\"noreferrer noopener\">anun\u021b\u0103 <\/a>administra\u021bia public\u0103. <\/strong><\/p>\n\n\n\n<p>Verific\u0103rile au fost efectuate pe urm\u0103toarele artere din Sectorul 1 al Capitalei: <\/p>\n\n\n\n<ul class=\"wp-block-list\">\n<li>Bulevardul Poligrafiei, <\/li>\n\n\n\n<li>Strada Nicolae Caramfil, <\/li>\n\n\n\n<li>Pia\u021ba Victoriei, <\/li>\n\n\n\n<li>Bulevardul Ion Mihalache, <\/li>\n\n\n\n<li>Strada Buze\u0219ti,<\/li>\n\n\n\n<li>Strada Berzei. <\/li>\n<\/ul>\n\n\n\n<p>S-a intervenit pe aceste artere deoarece aceste se afl\u0103 \u00een zonale A \u0219i B ale Bucure\u0219tiului, zone unde circula\u021bia autovehiculelor de mare tonaj este permis\u0103 doar \u00een baza unor autoriza\u021bii speciale.  \u00cen total, au fost oprite 25 de vehicule de transport marf\u0103 (camioane, basculante, betoniere, cisterne, platforme de aprovizionare, autoutilitare). <\/p>\n\n\n\n<p>\u00cen urma controalelor s-au aplicat sanc\u021biuni contraven\u021bionale \u00een valoare de 18.422 lei. Opt conduc\u0103tori auto au fost amenda\u021bi pentru urm\u0103toarele contraven\u021bii:<\/p>\n\n\n\n<ul class=\"wp-block-list\">\n<li>4 sanc\u021biuni pentru lipsa autoriza\u021biei de acces \u00een zonele restric\u021bionate, \u00een valoare de 4.000 lei fiecare,<\/li>\n\n\n\n<li>3 sanc\u021biuni pentru lipsa acordului de transport de\u0219euri, \u00een valoare de 200 lei fiecare,<\/li>\n\n\n\n<li>O sanc\u021biune pentru nerespectarea indicatorului de restric\u021bie 3,5 tone, de 1.822,5 lei.<\/li>\n<\/ul>\n\n\n\n<p><strong><em>\u201eNerespectarea restric\u021biilor de tonaj afecteaz\u0103 \u00een mod direct siguran\u021ba rutier\u0103, \u00eengreuneaz\u0103 desf\u0103\u0219urarea fluent\u0103 a traficului \u0219i contribuie la degradarea carosabilului, supus unei presiuni crescute din cauza vehiculelor de mare tonaj\u201d, a mai spus Prim\u0103ria Capitalei. <\/em><\/strong><\/p>\n\n\n\n<p><strong>CITE\u0218TE \u0218I <a href=\"https:\/\/buletin.de\/bucuresti\/sector-1-200-de-noi-locuri-de-parcare-de-resedinta-in-curs-de-amenajare\/\" type=\"post\" id=\"181103\">Sector 1 | 200 de noi locuri de parcare de re\u0219edin\u021b\u0103, \u00een curs de amenajare<\/a><\/strong><\/p>\n\n\n\n<h2 class=\"wp-block-heading\" id=\"h-cum-pot-fi-ob\u021binute-autoriza\u021biile\">Cum pot fi ob\u021binute autoriza\u021biile <\/h2>\n\n\n\n<p>Autoriza\u021biile de care vehiculele grele au nevoie pentru a putea treze prin zonele A \u0219i B din Capital\u0103 sunt emise de c\u0103tre Prim\u0103ria Municipiului Bucure\u0219ti, prin Direc\u021bia Transporturi. \u00cencep\u00e2nd din data de 1 ianuarie 2026, aceste autoriza\u021bii pot fi achizi\u021bionate exclusiv online, acces\u00e2nd <strong><a href=\"https:\/\/www3.pmb.ro\/transport\/autorizatie\" target=\"_blank\" rel=\"noreferrer noopener\">ACEST <\/a><\/strong>link. <\/p>\n\n\n\n<p>\u00cen cazul \u00een care transporturile sunt efectuate f\u0103r\u0103 aceast\u0103 autoriza\u021bie, se aplic\u0103 amenzi contraven\u021bionale \u00een valoare de 4.000 &#8211; 5.000 de lei. <\/p>\n\n\n\n<h5 class=\"wp-block-heading\" id=\"h-cat-costa-ob\u021binerea-acestei-autoriza\u021bii\">C\u00e2t cost\u0103 ob\u021binerea acestei autoriza\u021bii<\/h5>\n\n\n\n<p>Conform informa\u021biilor oferite pe site-ul Prim\u0103riei Capitalei, tarifele sunt urm\u0103toarele: <\/p>\n\n\n\n<p><strong>Zona A<\/strong><\/p>\n\n\n\n<ul class=\"wp-block-list\">\n<li>Pentru vehiculele \u00eentre 5 &#8211; 7,5 tone, inclusiv: <strong>363 lei pe zi <\/strong>sau <strong>3.147 lei pe lun\u0103<\/strong>,<\/li>\n\n\n\n<li>Pentru vehiculele \u00eentre 7,5 &#8211; 12,5 tone, inclusiv: <strong>711 lei pe zi<\/strong> sau <strong>6.294 lei pe lun\u0103<\/strong>,<\/li>\n\n\n\n<li>Pentru vehiculele \u00eentre 12,5 &#8211; 16 tone, inclusiv: <strong>1.421 lei pe zi <\/strong>sau <strong>12.589 lei pe lun\u0103<\/strong>,<\/li>\n\n\n\n<li>Pentru vehiculele \u00eentre 16 &#8211; 22 tone, inclusiv: <strong>2.133 lei pe zi <\/strong>sau <strong>18.884 lei pe lun\u0103<\/strong>,<\/li>\n\n\n\n<li>Pentru vehiculele \u00eentre 22 &#8211; 40 tone, inclusiv: <strong>2.843 lei pe zi<\/strong> sau <strong>25.179 lei pe lun\u0103<\/strong>,<\/li>\n\n\n\n<li>Pentru vehiculele mai mari de 40 tone: <strong>3.534 lei pe zi <\/strong>sau <strong>31.474 lei pe lun\u0103<\/strong>.<\/li>\n<\/ul>\n\n\n\n<p><strong>Zona B<\/strong><\/p>\n\n\n\n<ul class=\"wp-block-list\">\n<li>Pentru vehiculele \u00eentre 5 &#8211; 7,5 tone, inclusiv: <strong>100 lei pe zi<\/strong> sau <strong>787 lei pe lun\u0103<\/strong>,<\/li>\n\n\n\n<li>Pentru vehiculele \u00eentre 7,5 &#8211; 12,5 tone, inclusiv: <strong>183 lei pe zi<\/strong> sau <strong>1.576 lei pe lun\u0103<\/strong>,<\/li>\n\n\n\n<li>Pentru vehiculele \u00eentre 12,5 &#8211; 16 tone, inclusiv: <strong>280 lei pe zi<\/strong> sau <strong>2.361 lei pe lun\u0103<\/strong>,<\/li>\n\n\n\n<li>Pentru vehiculele \u00eentre 16 &#8211; 22 tone, inclusiv: <strong>363 lei pe zi <\/strong>sau<strong> 3.147 lei pe lun\u0103<\/strong>,<\/li>\n\n\n\n<li>Pentru vehiculele \u00eentre 22 &#8211; 40 tone, inclusiv: <strong>446 lei pe zi <\/strong>sau<strong> 3.942 lei pe lun\u0103<\/strong>,<\/li>\n\n\n\n<li>Pentru vehiculele mai mari de 40 tone: <strong>547 lei pe zi<\/strong> sau <strong>4.721 lei pe lun\u0103<\/strong>.<\/li>\n<\/ul>\n\n\n\n<p>Poli\u021bia Local\u0103 a verificat \u0219i a amendat transportatorii care au tranzitat Sectorul 1 f\u0103r\u0103 autoriza\u021bie de circula\u021bie pentru vehiculele grele. <\/p>\n\n\n\n<p><strong>CITE\u0218TE \u0218I <a href=\"https:\/\/buletin.de\/bucuresti\/romania-ar-putea-pierde-ultimii-bani-din-pnrr-pentru-autostrada-care-leaga-bucurestiul-de-moldova-asociatia-pro-infrastructura\/\" type=\"post\" id=\"181072\">Rom\u00e2nia ar putea pierde ultimii bani din PNRR pentru autostrada care leag\u0103 Bucure\u0219tiul de Moldova | Asocia\u021bia Pro Infrastructur\u0103<\/a><\/strong><\/p>\n\n\n\n<p><\/p>\n","protected":false},"excerpt":{"rendered":"<p>Mar\u021bi, 17 martie, Poli\u021bia Local\u0103 din Sectorul 1 \u0219i Direc\u021bia General\u0103 de Poli\u021bie Local\u0103 \u0219i Control a Municipiului Bucure\u0219ti au verificat transportatorii afla\u021bi \u00een tranzit \u00een Sectorul 1, pentru a se stabili dac\u0103 ace\u0219tia avea autoriza\u021biile necesare vehiculelor de mare tonaj. \u00cen urma controalelor au fost date 8 amenzi, dup\u0103 cum anun\u021b\u0103 administra\u021bia public\u0103. Verific\u0103rile [&hellip;]<\/p>\n","protected":false},"author":66,"featured_media":181155,"comment_status":"closed","ping_status":"open","sticky":false,"template":"","format":"standard","meta":{"_acf_changed":false,"inline_featured_image":false,"ngg_post_thumbnail":0,"footnotes":""},"categories":[6994,24,62],"tags":[154,27144,2188,25545,308,27143],"ppma_author":[26103],"class_list":["post-181141","post","type-post","status-publish","format-standard","has-post-thumbnail","hentry","category-stiri-2","category-primarie","category-stiri","tag-amenzi","tag-autorizatii-de-circulatie","tag-controale","tag-politia-locala-sector-1-2","tag-sector-1","tag-vehiculele-de-mare-tonaj"],"acf":[],"yoast_head":"<!-- This site is optimized with the Yoast SEO Premium plugin v25.3 (Yoast SEO v27.5) - https:\/\/yoast.com\/product\/yoast-seo-premium-wordpress\/ -->\n<title>Amenzi de 18,5 mii lei pentru transportatorii care au trecut prin Sectorul 1 f\u0103r\u0103 autoriza\u021bii de circula\u021bie - Buletin de Bucure\u0219ti<\/title>\n<meta name=\"description\" content=\"Poli\u021bia Local\u0103 a verificat \u0219i amendat transportatorii care au tranzitat Sectorul 1 f\u0103r\u0103 autoriza\u021bie de circula\u021bie pentru vehiculele grele.\" \/>\n<meta name=\"robots\" content=\"index, follow, max-snippet:-1, max-image-preview:large, max-video-preview:-1\" \/>\n<link rel=\"canonical\" href=\"https:\/\/buletin.de\/bucuresti\/amenzi-de-185-mii-lei-pentru-transportatorii-care-au-trecut-prin-sectorul-1-fara-autorizatii-de-circulatie\/\" \/>\n<meta property=\"og:locale\" content=\"en_GB\" \/>\n<meta property=\"og:type\" content=\"article\" \/>\n<meta property=\"og:title\" content=\"Amenzi de 18,5 mii lei pentru transportatorii care au trecut prin Sectorul 1 f\u0103r\u0103 autoriza\u021bii de circula\u021bie\" \/>\n<meta property=\"og:description\" content=\"Poli\u021bia Local\u0103 a verificat \u0219i amendat transportatorii care au tranzitat Sectorul 1 f\u0103r\u0103 autoriza\u021bie de circula\u021bie pentru vehiculele grele.\" \/>\n<meta property=\"og:url\" content=\"https:\/\/buletin.de\/bucuresti\/amenzi-de-185-mii-lei-pentru-transportatorii-care-au-trecut-prin-sectorul-1-fara-autorizatii-de-circulatie\/\" \/>\n<meta property=\"og:site_name\" content=\"Buletin de Bucure\u0219ti\" \/>\n<meta property=\"article:publisher\" content=\"https:\/\/www.facebook.com\/buletin.de.buc\" \/>\n<meta property=\"article:published_time\" content=\"2026-03-17T13:27:53+00:00\" \/>\n<meta property=\"article:modified_time\" content=\"2026-03-17T13:27:54+00:00\" \/>\n<meta property=\"og:image\" content=\"https:\/\/buletin.de\/bucuresti\/wp-content\/uploads\/2026\/03\/amenzi-transportatori-Sectorul-1.jpg\" \/>\n\t<meta property=\"og:image:width\" content=\"1400\" \/>\n\t<meta property=\"og:image:height\" content=\"875\" \/>\n\t<meta property=\"og:image:type\" content=\"image\/jpeg\" \/>\n<meta name=\"author\" content=\"Deniz Garguli\" \/>\n<meta name=\"twitter:card\" content=\"summary_large_image\" \/>\n<meta name=\"twitter:label1\" content=\"Written by\" \/>\n\t<meta name=\"twitter:data1\" content=\"Deniz Garguli\" \/>\n\t<meta name=\"twitter:label2\" content=\"Estimated reading time\" \/>\n\t<meta name=\"twitter:data2\" content=\"3 minutes\" \/>\n<script type=\"application\/ld+json\" class=\"yoast-schema-graph\">{\"@context\":\"https:\\\/\\\/schema.org\",\"@graph\":[{\"@type\":\"Article\",\"@id\":\"https:\\\/\\\/buletin.de\\\/bucuresti\\\/amenzi-de-185-mii-lei-pentru-transportatorii-care-au-trecut-prin-sectorul-1-fara-autorizatii-de-circulatie\\\/#article\",\"isPartOf\":{\"@id\":\"https:\\\/\\\/buletin.de\\\/bucuresti\\\/amenzi-de-185-mii-lei-pentru-transportatorii-care-au-trecut-prin-sectorul-1-fara-autorizatii-de-circulatie\\\/\"},\"author\":{\"name\":\"Deniz Garguli\",\"@id\":\"https:\\\/\\\/buletin.de\\\/bucuresti\\\/#\\\/schema\\\/person\\\/8badd0805392c02e16b744e0d5cd3625\"},\"headline\":\"Amenzi de 18,5 mii lei pentru transportatorii care au trecut prin Sectorul 1 f\u0103r\u0103 autoriza\u021bii de circula\u021bie\",\"datePublished\":\"2026-03-17T13:27:53+00:00\",\"dateModified\":\"2026-03-17T13:27:54+00:00\",\"mainEntityOfPage\":{\"@id\":\"https:\\\/\\\/buletin.de\\\/bucuresti\\\/amenzi-de-185-mii-lei-pentru-transportatorii-care-au-trecut-prin-sectorul-1-fara-autorizatii-de-circulatie\\\/\"},\"wordCount\":592,\"publisher\":{\"@id\":\"https:\\\/\\\/buletin.de\\\/bucuresti\\\/#organization\"},\"image\":{\"@id\":\"https:\\\/\\\/buletin.de\\\/bucuresti\\\/amenzi-de-185-mii-lei-pentru-transportatorii-care-au-trecut-prin-sectorul-1-fara-autorizatii-de-circulatie\\\/#primaryimage\"},\"thumbnailUrl\":\"https:\\\/\\\/buletin.de\\\/bucuresti\\\/wp-content\\\/uploads\\\/2026\\\/03\\\/amenzi-transportatori-Sectorul-1.jpg\",\"keywords\":[\"amenzi\",\"autoriza\u021bii de circula\u021bie\",\"controale\",\"Poli\u021bia Local\u0103 Sector 1\",\"Sector 1\",\"Vehiculele de mare tonaj\"],\"articleSection\":[\"Articole\",\"Prim\u0103rie\",\"\u0218tiri\"],\"inLanguage\":\"en-GB\",\"copyrightYear\":\"2026\",\"copyrightHolder\":{\"@id\":\"https:\\\/\\\/buletin.de\\\/bucuresti\\\/#organization\"}},{\"@type\":\"WebPage\",\"@id\":\"https:\\\/\\\/buletin.de\\\/bucuresti\\\/amenzi-de-185-mii-lei-pentru-transportatorii-care-au-trecut-prin-sectorul-1-fara-autorizatii-de-circulatie\\\/\",\"url\":\"https:\\\/\\\/buletin.de\\\/bucuresti\\\/amenzi-de-185-mii-lei-pentru-transportatorii-care-au-trecut-prin-sectorul-1-fara-autorizatii-de-circulatie\\\/\",\"name\":\"Amenzi de 18,5 mii lei pentru transportatorii care au trecut prin Sectorul 1 f\u0103r\u0103 autoriza\u021bii de circula\u021bie - Buletin de Bucure\u0219ti\",\"isPartOf\":{\"@id\":\"https:\\\/\\\/buletin.de\\\/bucuresti\\\/#website\"},\"primaryImageOfPage\":{\"@id\":\"https:\\\/\\\/buletin.de\\\/bucuresti\\\/amenzi-de-185-mii-lei-pentru-transportatorii-care-au-trecut-prin-sectorul-1-fara-autorizatii-de-circulatie\\\/#primaryimage\"},\"image\":{\"@id\":\"https:\\\/\\\/buletin.de\\\/bucuresti\\\/amenzi-de-185-mii-lei-pentru-transportatorii-care-au-trecut-prin-sectorul-1-fara-autorizatii-de-circulatie\\\/#primaryimage\"},\"thumbnailUrl\":\"https:\\\/\\\/buletin.de\\\/bucuresti\\\/wp-content\\\/uploads\\\/2026\\\/03\\\/amenzi-transportatori-Sectorul-1.jpg\",\"datePublished\":\"2026-03-17T13:27:53+00:00\",\"dateModified\":\"2026-03-17T13:27:54+00:00\",\"description\":\"Poli\u021bia Local\u0103 a verificat \u0219i amendat transportatorii care au tranzitat Sectorul 1 f\u0103r\u0103 autoriza\u021bie de circula\u021bie pentru vehiculele grele.\",\"breadcrumb\":{\"@id\":\"https:\\\/\\\/buletin.de\\\/bucuresti\\\/amenzi-de-185-mii-lei-pentru-transportatorii-care-au-trecut-prin-sectorul-1-fara-autorizatii-de-circulatie\\\/#breadcrumb\"},\"inLanguage\":\"en-GB\",\"potentialAction\":[{\"@type\":\"ReadAction\",\"target\":[\"https:\\\/\\\/buletin.de\\\/bucuresti\\\/amenzi-de-185-mii-lei-pentru-transportatorii-care-au-trecut-prin-sectorul-1-fara-autorizatii-de-circulatie\\\/\"]}]},{\"@type\":\"ImageObject\",\"inLanguage\":\"en-GB\",\"@id\":\"https:\\\/\\\/buletin.de\\\/bucuresti\\\/amenzi-de-185-mii-lei-pentru-transportatorii-care-au-trecut-prin-sectorul-1-fara-autorizatii-de-circulatie\\\/#primaryimage\",\"url\":\"https:\\\/\\\/buletin.de\\\/bucuresti\\\/wp-content\\\/uploads\\\/2026\\\/03\\\/amenzi-transportatori-Sectorul-1.jpg\",\"contentUrl\":\"https:\\\/\\\/buletin.de\\\/bucuresti\\\/wp-content\\\/uploads\\\/2026\\\/03\\\/amenzi-transportatori-Sectorul-1.jpg\",\"width\":1400,\"height\":875,\"caption\":\"Amenzi de 18,5 mii lei pentru transportatorii care au trecut prin Sectorul 1 f\u0103r\u0103 autoriza\u021bii de circula\u021bie. FOTO: Prim\u0103ria Sectorului 1\"},{\"@type\":\"BreadcrumbList\",\"@id\":\"https:\\\/\\\/buletin.de\\\/bucuresti\\\/amenzi-de-185-mii-lei-pentru-transportatorii-care-au-trecut-prin-sectorul-1-fara-autorizatii-de-circulatie\\\/#breadcrumb\",\"itemListElement\":[{\"@type\":\"ListItem\",\"position\":1,\"name\":\"Acas\u0103\",\"item\":\"https:\\\/\\\/buletin.de\\\/bucuresti\\\/\"},{\"@type\":\"ListItem\",\"position\":2,\"name\":\"Amenzi de 18,5 mii lei pentru transportatorii care au trecut prin Sectorul 1 f\u0103r\u0103 autoriza\u021bii de circula\u021bie\"}]},{\"@type\":\"WebSite\",\"@id\":\"https:\\\/\\\/buletin.de\\\/bucuresti\\\/#website\",\"url\":\"https:\\\/\\\/buletin.de\\\/bucuresti\\\/\",\"name\":\"Buletin de Bucure\u0219ti\",\"description\":\"\u0218tiri \u0219i investiga\u021bii esen\u021biale din capital\u0103\",\"publisher\":{\"@id\":\"https:\\\/\\\/buletin.de\\\/bucuresti\\\/#organization\"},\"potentialAction\":[{\"@type\":\"SearchAction\",\"target\":{\"@type\":\"EntryPoint\",\"urlTemplate\":\"https:\\\/\\\/buletin.de\\\/bucuresti\\\/?s={search_term_string}\"},\"query-input\":{\"@type\":\"PropertyValueSpecification\",\"valueRequired\":true,\"valueName\":\"search_term_string\"}}],\"inLanguage\":\"en-GB\"},{\"@type\":\"Organization\",\"@id\":\"https:\\\/\\\/buletin.de\\\/bucuresti\\\/#organization\",\"name\":\"Buletin de Bucure\u0219ti\",\"url\":\"https:\\\/\\\/buletin.de\\\/bucuresti\\\/\",\"logo\":{\"@type\":\"ImageObject\",\"inLanguage\":\"en-GB\",\"@id\":\"https:\\\/\\\/buletin.de\\\/bucuresti\\\/#\\\/schema\\\/logo\\\/image\\\/\",\"url\":\"https:\\\/\\\/buletin.de\\\/bucuresti\\\/wp-content\\\/uploads\\\/logo-bdb-full-wide-vernil-transparent.png\",\"contentUrl\":\"https:\\\/\\\/buletin.de\\\/bucuresti\\\/wp-content\\\/uploads\\\/logo-bdb-full-wide-vernil-transparent.png\",\"width\":1782,\"height\":626,\"caption\":\"Buletin de Bucure\u0219ti\"},\"image\":{\"@id\":\"https:\\\/\\\/buletin.de\\\/bucuresti\\\/#\\\/schema\\\/logo\\\/image\\\/\"},\"sameAs\":[\"https:\\\/\\\/www.facebook.com\\\/buletin.de.buc\",\"https:\\\/\\\/www.instagram.com\\\/buletinde.bucuresti\\\/\"]},{\"@type\":\"Person\",\"@id\":\"https:\\\/\\\/buletin.de\\\/bucuresti\\\/#\\\/schema\\\/person\\\/8badd0805392c02e16b744e0d5cd3625\",\"name\":\"Deniz Garguli\",\"image\":{\"@type\":\"ImageObject\",\"inLanguage\":\"en-GB\",\"@id\":\"https:\\\/\\\/buletin.de\\\/bucuresti\\\/wp-content\\\/uploads\\\/2026\\\/01\\\/79b44b20-a270-4ee6-afb3-fdf3c7ef7782-96x96.jpege2491ce6d396dbf7c1362e9ef046c803\",\"url\":\"https:\\\/\\\/buletin.de\\\/bucuresti\\\/wp-content\\\/uploads\\\/2026\\\/01\\\/79b44b20-a270-4ee6-afb3-fdf3c7ef7782-96x96.jpeg\",\"contentUrl\":\"https:\\\/\\\/buletin.de\\\/bucuresti\\\/wp-content\\\/uploads\\\/2026\\\/01\\\/79b44b20-a270-4ee6-afb3-fdf3c7ef7782-96x96.jpeg\",\"caption\":\"Deniz Garguli\"},\"description\":\"N\u0103scut\u0103 \u0219i crescut\u0103 \u00een Capital\u0103, dorin\u021ba de a fi la curent cu tot ce se \u00eent\u00e2mpl\u0103 \u00een Bucure\u0219ti a \u00eempins-o c\u0103tre pres\u0103, mai cu seam\u0103 c\u0103tre cea local\u0103. A lucrat vreme de patru ani la B365, unde s-a ocupat de \u0219tiri despre ora\u0219 \u0219i oamenii care locuiesc \u00een el. Din 2026 s-a al\u0103turat echipei Buletin de Bucure\u0219ti.\",\"url\":\"https:\\\/\\\/buletin.de\\\/bucuresti\\\/author\\\/deniz-garguli\\\/\"}]}<\/script>\n<!-- \/ Yoast SEO Premium plugin. -->","yoast_head_json":{"title":"Amenzi de 18,5 mii lei pentru transportatorii care au trecut prin Sectorul 1 f\u0103r\u0103 autoriza\u021bii de circula\u021bie - Buletin de Bucure\u0219ti","description":"Poli\u021bia Local\u0103 a verificat \u0219i amendat transportatorii care au tranzitat Sectorul 1 f\u0103r\u0103 autoriza\u021bie de circula\u021bie pentru vehiculele grele.","robots":{"index":"index","follow":"follow","max-snippet":"max-snippet:-1","max-image-preview":"max-image-preview:large","max-video-preview":"max-video-preview:-1"},"canonical":"https:\/\/buletin.de\/bucuresti\/amenzi-de-185-mii-lei-pentru-transportatorii-care-au-trecut-prin-sectorul-1-fara-autorizatii-de-circulatie\/","og_locale":"en_GB","og_type":"article","og_title":"Amenzi de 18,5 mii lei pentru transportatorii care au trecut prin Sectorul 1 f\u0103r\u0103 autoriza\u021bii de circula\u021bie","og_description":"Poli\u021bia Local\u0103 a verificat \u0219i amendat transportatorii care au tranzitat Sectorul 1 f\u0103r\u0103 autoriza\u021bie de circula\u021bie pentru vehiculele grele.","og_url":"https:\/\/buletin.de\/bucuresti\/amenzi-de-185-mii-lei-pentru-transportatorii-care-au-trecut-prin-sectorul-1-fara-autorizatii-de-circulatie\/","og_site_name":"Buletin de Bucure\u0219ti","article_publisher":"https:\/\/www.facebook.com\/buletin.de.buc","article_published_time":"2026-03-17T13:27:53+00:00","article_modified_time":"2026-03-17T13:27:54+00:00","og_image":[{"width":1400,"height":875,"url":"https:\/\/buletin.de\/bucuresti\/wp-content\/uploads\/2026\/03\/amenzi-transportatori-Sectorul-1.jpg","type":"image\/jpeg"}],"author":"Deniz Garguli","twitter_card":"summary_large_image","twitter_misc":{"Written by":"Deniz Garguli","Estimated reading time":"3 minutes"},"schema":{"@context":"https:\/\/schema.org","@graph":[{"@type":"Article","@id":"https:\/\/buletin.de\/bucuresti\/amenzi-de-185-mii-lei-pentru-transportatorii-care-au-trecut-prin-sectorul-1-fara-autorizatii-de-circulatie\/#article","isPartOf":{"@id":"https:\/\/buletin.de\/bucuresti\/amenzi-de-185-mii-lei-pentru-transportatorii-care-au-trecut-prin-sectorul-1-fara-autorizatii-de-circulatie\/"},"author":{"name":"Deniz Garguli","@id":"https:\/\/buletin.de\/bucuresti\/#\/schema\/person\/8badd0805392c02e16b744e0d5cd3625"},"headline":"Amenzi de 18,5 mii lei pentru transportatorii care au trecut prin Sectorul 1 f\u0103r\u0103 autoriza\u021bii de circula\u021bie","datePublished":"2026-03-17T13:27:53+00:00","dateModified":"2026-03-17T13:27:54+00:00","mainEntityOfPage":{"@id":"https:\/\/buletin.de\/bucuresti\/amenzi-de-185-mii-lei-pentru-transportatorii-care-au-trecut-prin-sectorul-1-fara-autorizatii-de-circulatie\/"},"wordCount":592,"publisher":{"@id":"https:\/\/buletin.de\/bucuresti\/#organization"},"image":{"@id":"https:\/\/buletin.de\/bucuresti\/amenzi-de-185-mii-lei-pentru-transportatorii-care-au-trecut-prin-sectorul-1-fara-autorizatii-de-circulatie\/#primaryimage"},"thumbnailUrl":"https:\/\/buletin.de\/bucuresti\/wp-content\/uploads\/2026\/03\/amenzi-transportatori-Sectorul-1.jpg","keywords":["amenzi","autoriza\u021bii de circula\u021bie","controale","Poli\u021bia Local\u0103 Sector 1","Sector 1","Vehiculele de mare tonaj"],"articleSection":["Articole","Prim\u0103rie","\u0218tiri"],"inLanguage":"en-GB","copyrightYear":"2026","copyrightHolder":{"@id":"https:\/\/buletin.de\/bucuresti\/#organization"}},{"@type":"WebPage","@id":"https:\/\/buletin.de\/bucuresti\/amenzi-de-185-mii-lei-pentru-transportatorii-care-au-trecut-prin-sectorul-1-fara-autorizatii-de-circulatie\/","url":"https:\/\/buletin.de\/bucuresti\/amenzi-de-185-mii-lei-pentru-transportatorii-care-au-trecut-prin-sectorul-1-fara-autorizatii-de-circulatie\/","name":"Amenzi de 18,5 mii lei pentru transportatorii care au trecut prin Sectorul 1 f\u0103r\u0103 autoriza\u021bii de circula\u021bie - Buletin de Bucure\u0219ti","isPartOf":{"@id":"https:\/\/buletin.de\/bucuresti\/#website"},"primaryImageOfPage":{"@id":"https:\/\/buletin.de\/bucuresti\/amenzi-de-185-mii-lei-pentru-transportatorii-care-au-trecut-prin-sectorul-1-fara-autorizatii-de-circulatie\/#primaryimage"},"image":{"@id":"https:\/\/buletin.de\/bucuresti\/amenzi-de-185-mii-lei-pentru-transportatorii-care-au-trecut-prin-sectorul-1-fara-autorizatii-de-circulatie\/#primaryimage"},"thumbnailUrl":"https:\/\/buletin.de\/bucuresti\/wp-content\/uploads\/2026\/03\/amenzi-transportatori-Sectorul-1.jpg","datePublished":"2026-03-17T13:27:53+00:00","dateModified":"2026-03-17T13:27:54+00:00","description":"Poli\u021bia Local\u0103 a verificat \u0219i amendat transportatorii care au tranzitat Sectorul 1 f\u0103r\u0103 autoriza\u021bie de circula\u021bie pentru vehiculele grele.","breadcrumb":{"@id":"https:\/\/buletin.de\/bucuresti\/amenzi-de-185-mii-lei-pentru-transportatorii-care-au-trecut-prin-sectorul-1-fara-autorizatii-de-circulatie\/#breadcrumb"},"inLanguage":"en-GB","potentialAction":[{"@type":"ReadAction","target":["https:\/\/buletin.de\/bucuresti\/amenzi-de-185-mii-lei-pentru-transportatorii-care-au-trecut-prin-sectorul-1-fara-autorizatii-de-circulatie\/"]}]},{"@type":"ImageObject","inLanguage":"en-GB","@id":"https:\/\/buletin.de\/bucuresti\/amenzi-de-185-mii-lei-pentru-transportatorii-care-au-trecut-prin-sectorul-1-fara-autorizatii-de-circulatie\/#primaryimage","url":"https:\/\/buletin.de\/bucuresti\/wp-content\/uploads\/2026\/03\/amenzi-transportatori-Sectorul-1.jpg","contentUrl":"https:\/\/buletin.de\/bucuresti\/wp-content\/uploads\/2026\/03\/amenzi-transportatori-Sectorul-1.jpg","width":1400,"height":875,"caption":"Amenzi de 18,5 mii lei pentru transportatorii care au trecut prin Sectorul 1 f\u0103r\u0103 autoriza\u021bii de circula\u021bie. FOTO: Prim\u0103ria Sectorului 1"},{"@type":"BreadcrumbList","@id":"https:\/\/buletin.de\/bucuresti\/amenzi-de-185-mii-lei-pentru-transportatorii-care-au-trecut-prin-sectorul-1-fara-autorizatii-de-circulatie\/#breadcrumb","itemListElement":[{"@type":"ListItem","position":1,"name":"Acas\u0103","item":"https:\/\/buletin.de\/bucuresti\/"},{"@type":"ListItem","position":2,"name":"Amenzi de 18,5 mii lei pentru transportatorii care au trecut prin Sectorul 1 f\u0103r\u0103 autoriza\u021bii de circula\u021bie"}]},{"@type":"WebSite","@id":"https:\/\/buletin.de\/bucuresti\/#website","url":"https:\/\/buletin.de\/bucuresti\/","name":"Buletin de Bucure\u0219ti","description":"\u0218tiri \u0219i investiga\u021bii esen\u021biale din capital\u0103","publisher":{"@id":"https:\/\/buletin.de\/bucuresti\/#organization"},"potentialAction":[{"@type":"SearchAction","target":{"@type":"EntryPoint","urlTemplate":"https:\/\/buletin.de\/bucuresti\/?s={search_term_string}"},"query-input":{"@type":"PropertyValueSpecification","valueRequired":true,"valueName":"search_term_string"}}],"inLanguage":"en-GB"},{"@type":"Organization","@id":"https:\/\/buletin.de\/bucuresti\/#organization","name":"Buletin de Bucure\u0219ti","url":"https:\/\/buletin.de\/bucuresti\/","logo":{"@type":"ImageObject","inLanguage":"en-GB","@id":"https:\/\/buletin.de\/bucuresti\/#\/schema\/logo\/image\/","url":"https:\/\/buletin.de\/bucuresti\/wp-content\/uploads\/logo-bdb-full-wide-vernil-transparent.png","contentUrl":"https:\/\/buletin.de\/bucuresti\/wp-content\/uploads\/logo-bdb-full-wide-vernil-transparent.png","width":1782,"height":626,"caption":"Buletin de Bucure\u0219ti"},"image":{"@id":"https:\/\/buletin.de\/bucuresti\/#\/schema\/logo\/image\/"},"sameAs":["https:\/\/www.facebook.com\/buletin.de.buc","https:\/\/www.instagram.com\/buletinde.bucuresti\/"]},{"@type":"Person","@id":"https:\/\/buletin.de\/bucuresti\/#\/schema\/person\/8badd0805392c02e16b744e0d5cd3625","name":"Deniz Garguli","image":{"@type":"ImageObject","inLanguage":"en-GB","@id":"https:\/\/buletin.de\/bucuresti\/wp-content\/uploads\/2026\/01\/79b44b20-a270-4ee6-afb3-fdf3c7ef7782-96x96.jpege2491ce6d396dbf7c1362e9ef046c803","url":"https:\/\/buletin.de\/bucuresti\/wp-content\/uploads\/2026\/01\/79b44b20-a270-4ee6-afb3-fdf3c7ef7782-96x96.jpeg","contentUrl":"https:\/\/buletin.de\/bucuresti\/wp-content\/uploads\/2026\/01\/79b44b20-a270-4ee6-afb3-fdf3c7ef7782-96x96.jpeg","caption":"Deniz Garguli"},"description":"N\u0103scut\u0103 \u0219i crescut\u0103 \u00een Capital\u0103, dorin\u021ba de a fi la curent cu tot ce se \u00eent\u00e2mpl\u0103 \u00een Bucure\u0219ti a \u00eempins-o c\u0103tre pres\u0103, mai cu seam\u0103 c\u0103tre cea local\u0103. A lucrat vreme de patru ani la B365, unde s-a ocupat de \u0219tiri despre ora\u0219 \u0219i oamenii care locuiesc \u00een el. Din 2026 s-a al\u0103turat echipei Buletin de Bucure\u0219ti.","url":"https:\/\/buletin.de\/bucuresti\/author\/deniz-garguli\/"}]}},"authors":[{"term_id":26103,"user_id":66,"is_guest":0,"slug":"deniz-garguli","display_name":"Deniz Garguli","avatar_url":"https:\/\/buletin.de\/bucuresti\/wp-content\/uploads\/2026\/01\/79b44b20-a270-4ee6-afb3-fdf3c7ef7782-96x96.jpeg","0":null,"1":"","2":"","3":"","4":"","5":"","6":"","7":"","8":""}],"_links":{"self":[{"href":"https:\/\/buletin.de\/bucuresti\/wp-json\/wp\/v2\/posts\/181141","targetHints":{"allow":["GET"]}}],"collection":[{"href":"https:\/\/buletin.de\/bucuresti\/wp-json\/wp\/v2\/posts"}],"about":[{"href":"https:\/\/buletin.de\/bucuresti\/wp-json\/wp\/v2\/types\/post"}],"author":[{"embeddable":true,"href":"https:\/\/buletin.de\/bucuresti\/wp-json\/wp\/v2\/users\/66"}],"replies":[{"embeddable":true,"href":"https:\/\/buletin.de\/bucuresti\/wp-json\/wp\/v2\/comments?post=181141"}],"version-history":[{"count":1,"href":"https:\/\/buletin.de\/bucuresti\/wp-json\/wp\/v2\/posts\/181141\/revisions"}],"predecessor-version":[{"id":181158,"href":"https:\/\/buletin.de\/bucuresti\/wp-json\/wp\/v2\/posts\/181141\/revisions\/181158"}],"wp:featuredmedia":[{"embeddable":true,"href":"https:\/\/buletin.de\/bucuresti\/wp-json\/wp\/v2\/media\/181155"}],"wp:attachment":[{"href":"https:\/\/buletin.de\/bucuresti\/wp-json\/wp\/v2\/media?parent=181141"}],"wp:term":[{"taxonomy":"category","embeddable":true,"href":"https:\/\/buletin.de\/bucuresti\/wp-json\/wp\/v2\/categories?post=181141"},{"taxonomy":"post_tag","embeddable":true,"href":"https:\/\/buletin.de\/bucuresti\/wp-json\/wp\/v2\/tags?post=181141"},{"taxonomy":"author","embeddable":true,"href":"https:\/\/buletin.de\/bucuresti\/wp-json\/wp\/v2\/ppma_author?post=181141"}],"curies":[{"name":"wp","href":"https:\/\/api.w.org\/{rel}","templated":true}]}}