{"id":181124,"date":"2026-03-17T14:26:11","date_gmt":"2026-03-17T11:26:11","guid":{"rendered":"https:\/\/buletin.de\/bucuresti\/?p=181124"},"modified":"2026-03-17T19:01:46","modified_gmt":"2026-03-17T16:01:46","slug":"prognoza-speciala-pentru-bucuresti-anm-anunta-ca-urmeaza-zile-cu-vant-puternic","status":"publish","type":"post","link":"https:\/\/buletin.de\/bucuresti\/prognoza-speciala-pentru-bucuresti-anm-anunta-ca-urmeaza-zile-cu-vant-puternic\/","title":{"rendered":"Prognoz\u0103 special\u0103 pentru Bucure\u0219ti. ANM anun\u021b\u0103 c\u0103 urmeaz\u0103 zile cu v\u00e2nt puternic"},"content":{"rendered":"\n<p><strong>Administra\u021bia Na\u021bional\u0103 de Meteorologie (ANM) a emis prognoza special\u0103 pentru Bucure\u0219ti, valabil\u0103 \u00een urm\u0103toarele zile. Conform informa\u021biilor oferite de meteorologi vom avea parte de cer \u00eennorat \u0219i de v\u00e2nt ceva mai puternic \u00een Capital\u0103. <\/strong><\/p>\n\n\n\n<p>Prognoza special\u0103 emis\u0103 este valabil\u0103 \u00een intervalul 17 martie, ora 10:00 &#8211; 19 martie, ora 20:00. <\/p>\n\n\n\n<p><strong>Mar\u021bi &#8211; 17 martie<\/strong><\/p>\n\n\n\n<p>Maxima termic\u0103 \u00eenregistrat\u0103 va fi \u00een continuare pu\u021bin peste media pentru aceast\u0103 perioad\u0103 din an. Cerul va fi variabil, iar v\u00e2ntul va sufla slab \u0219i moderat. Se vor \u00eenregistra \u00een jur de 14-15 grade Celsius, iar pe timp de noapte minima termic\u0103 va cobor\u00e2 p\u00e2n\u0103 la 0-2 grade Celsius. <\/p>\n\n\n\n<p>Temperaturile \u00eenregistrate \u00een zona preor\u0103\u0219eneasc\u0103 vor fi mai sc\u0103zute. <\/p>\n\n\n\n<p><strong>Miercuri &#8211; 18 martie<\/strong><\/p>\n\n\n\n<p>Cerul va fi noros, iar v\u00e2ntul va fi ceva mai intens, viteza media a rafalelor fiind de 40-50 de km\/h. Maxima termic\u0103 va fi de 12-14 grade Celsius. iar pe timp de noapte temperatura minim\u0103 \u00eenregistrata va fi de 2-4 grade Celsius. <\/p>\n\n\n\n<p><strong>Joi &#8211; 19 martie <\/strong><\/p>\n\n\n\n<p>Conform ANM, valorile termice se vor afla \u00een sc\u0103dere. Cerul va fi \u00eennorat, iar v\u00e2ntul sufla, \u00een general, moderat. Maxima zilei va fi de 9-10 grade Celsius. <\/p>\n\n\n\n<p><strong>CITE\u0218TE \u0218I <a href=\"https:\/\/buletin.de\/bucuresti\/greva-pe-aeroportul-din-berlin-miercuri-vor-fi-afectate-inclusiv-zborurile-din-si-spre-otopeni\/\" type=\"post\" id=\"181096\">Grev\u0103 pe aeroportul din Berlin, miercuri. Vor fi afectate zboruri din \u0219i spre Otopeni<\/a><\/strong><\/p>\n\n\n\n<h2 class=\"wp-block-heading\" id=\"h-cod-galben-de-vant-puternic\">Cod galben de v\u00e2nt puternic<\/h2>\n\n\n\n<p>Administra\u021bia Na\u021bional\u0103 de Meteorologie (ANM) a anun\u021bat \u0219i c\u0103 \u00een intervalul 17 martie, ora 10:00 &#8211; 19 martie, ora 20:00, Bucure\u0219tiul se va afla sub inciden\u021ba unei inform\u0103ri metrologice privind intensific\u0103ri ale v\u00e2ntului. <\/p>\n\n\n\n<p><strong><em>\u201eTemporar, v\u00e2ntul va avea intensific\u0103ri, \u00een noaptea de mar\u021bi spre miercuri (17\/18 martie) \u00een sudul Banatului, miercuri (18 martie) \u00een majoritatea regiunilor, iar joi (19 martie) \u00een Muntenia, Dobrogea \u0219i sudul Moldovei, cu viteze \u00een general de 40\u202645 km\/h. \u00cen zona montan\u0103 \u00eenalt\u0103 rafalele vor fi de 60\u202680 km\/h\u201d, a transmis Administra\u021bia. <\/em><\/strong><\/p>\n\n\n\n<p><strong>CITE\u0218TE \u0218I <a href=\"https:\/\/buletin.de\/bucuresti\/sector-1-200-de-noi-locuri-de-parcare-de-resedinta-in-curs-de-amenajare\/\" type=\"post\" id=\"181103\">Sector 1 | 200 de noi locuri de parcare de re\u0219edin\u021b\u0103, \u00een curs de amenajare<\/a><\/strong><\/p>\n","protected":false},"excerpt":{"rendered":"<p>Administra\u021bia Na\u021bional\u0103 de Meteorologie (ANM) a emis prognoza special\u0103 pentru Bucure\u0219ti, valabil\u0103 \u00een urm\u0103toarele zile. Conform informa\u021biilor oferite de meteorologi vom avea parte de cer \u00eennorat \u0219i de v\u00e2nt ceva mai puternic \u00een Capital\u0103. Prognoza special\u0103 emis\u0103 este valabil\u0103 \u00een intervalul 17 martie, ora 10:00 &#8211; 19 martie, ora 20:00. Mar\u021bi &#8211; 17 martie Maxima [&hellip;]<\/p>\n","protected":false},"author":66,"featured_media":181130,"comment_status":"closed","ping_status":"open","sticky":false,"template":"","format":"standard","meta":{"_acf_changed":false,"inline_featured_image":false,"ngg_post_thumbnail":0,"footnotes":""},"categories":[6994,1,5762],"tags":[4314,9,5228,6799,4571],"ppma_author":[26103],"class_list":["post-181124","post","type-post","status-publish","format-standard","has-post-thumbnail","hentry","category-stiri-2","category-diverse","category-main","tag-anm","tag-bucuresti","tag-meteo","tag-prognoza-speciala","tag-vant-puternic"],"acf":[],"yoast_head":"<!-- This site is optimized with the Yoast SEO Premium plugin v25.3 (Yoast SEO v27.5) - https:\/\/yoast.com\/product\/yoast-seo-premium-wordpress\/ -->\n<title>Prognoz\u0103 special\u0103 pentru Bucure\u0219ti. ANM anun\u021b\u0103 c\u0103 urmeaz\u0103 zile cu v\u00e2nt puternic - Buletin de Bucure\u0219ti<\/title>\n<meta name=\"description\" content=\"Administra\u021bia Na\u021bional\u0103 de Meteorologie (ANM) a emis prognoza special\u0103 pentru Bucure\u0219ti pentru urm\u0103toarele zile.\" \/>\n<meta name=\"robots\" content=\"index, follow, max-snippet:-1, max-image-preview:large, max-video-preview:-1\" \/>\n<link rel=\"canonical\" href=\"https:\/\/buletin.de\/bucuresti\/prognoza-speciala-pentru-bucuresti-anm-anunta-ca-urmeaza-zile-cu-vant-puternic\/\" \/>\n<meta property=\"og:locale\" content=\"en_GB\" \/>\n<meta property=\"og:type\" content=\"article\" \/>\n<meta property=\"og:title\" content=\"Prognoz\u0103 special\u0103 pentru Bucure\u0219ti. ANM anun\u021b\u0103 c\u0103 urmeaz\u0103 zile cu v\u00e2nt puternic\" \/>\n<meta property=\"og:description\" content=\"Administra\u021bia Na\u021bional\u0103 de Meteorologie (ANM) a emis prognoza special\u0103 pentru Bucure\u0219ti pentru urm\u0103toarele zile.\" \/>\n<meta property=\"og:url\" content=\"https:\/\/buletin.de\/bucuresti\/prognoza-speciala-pentru-bucuresti-anm-anunta-ca-urmeaza-zile-cu-vant-puternic\/\" \/>\n<meta property=\"og:site_name\" content=\"Buletin de Bucure\u0219ti\" \/>\n<meta property=\"article:publisher\" content=\"https:\/\/www.facebook.com\/buletin.de.buc\" \/>\n<meta property=\"article:published_time\" content=\"2026-03-17T11:26:11+00:00\" \/>\n<meta property=\"article:modified_time\" content=\"2026-03-17T16:01:46+00:00\" \/>\n<meta property=\"og:image\" content=\"https:\/\/buletin.de\/bucuresti\/wp-content\/uploads\/2026\/03\/ID33984_INQUAM_Photos_Octav_Ganea-scaled.jpg\" \/>\n\t<meta property=\"og:image:width\" content=\"2560\" \/>\n\t<meta property=\"og:image:height\" content=\"1707\" \/>\n\t<meta property=\"og:image:type\" content=\"image\/jpeg\" \/>\n<meta name=\"author\" content=\"Deniz Garguli\" \/>\n<meta name=\"twitter:card\" content=\"summary_large_image\" \/>\n<meta name=\"twitter:label1\" content=\"Written by\" \/>\n\t<meta name=\"twitter:data1\" content=\"Deniz Garguli\" \/>\n\t<meta name=\"twitter:label2\" content=\"Estimated reading time\" \/>\n\t<meta name=\"twitter:data2\" content=\"2 minutes\" \/>\n<script type=\"application\/ld+json\" class=\"yoast-schema-graph\">{\"@context\":\"https:\\\/\\\/schema.org\",\"@graph\":[{\"@type\":\"Article\",\"@id\":\"https:\\\/\\\/buletin.de\\\/bucuresti\\\/prognoza-speciala-pentru-bucuresti-anm-anunta-ca-urmeaza-zile-cu-vant-puternic\\\/#article\",\"isPartOf\":{\"@id\":\"https:\\\/\\\/buletin.de\\\/bucuresti\\\/prognoza-speciala-pentru-bucuresti-anm-anunta-ca-urmeaza-zile-cu-vant-puternic\\\/\"},\"author\":{\"name\":\"Deniz Garguli\",\"@id\":\"https:\\\/\\\/buletin.de\\\/bucuresti\\\/#\\\/schema\\\/person\\\/8badd0805392c02e16b744e0d5cd3625\"},\"headline\":\"Prognoz\u0103 special\u0103 pentru Bucure\u0219ti. ANM anun\u021b\u0103 c\u0103 urmeaz\u0103 zile cu v\u00e2nt puternic\",\"datePublished\":\"2026-03-17T11:26:11+00:00\",\"dateModified\":\"2026-03-17T16:01:46+00:00\",\"mainEntityOfPage\":{\"@id\":\"https:\\\/\\\/buletin.de\\\/bucuresti\\\/prognoza-speciala-pentru-bucuresti-anm-anunta-ca-urmeaza-zile-cu-vant-puternic\\\/\"},\"wordCount\":341,\"publisher\":{\"@id\":\"https:\\\/\\\/buletin.de\\\/bucuresti\\\/#organization\"},\"image\":{\"@id\":\"https:\\\/\\\/buletin.de\\\/bucuresti\\\/prognoza-speciala-pentru-bucuresti-anm-anunta-ca-urmeaza-zile-cu-vant-puternic\\\/#primaryimage\"},\"thumbnailUrl\":\"https:\\\/\\\/buletin.de\\\/bucuresti\\\/wp-content\\\/uploads\\\/2026\\\/03\\\/ID33984_INQUAM_Photos_Octav_Ganea-scaled.jpg\",\"keywords\":[\"anm\",\"bucuresti\",\"Meteo\",\"prognoza speciala\",\"vant puternic\"],\"articleSection\":[\"Articole\",\"Diverse\",\"Main\"],\"inLanguage\":\"en-GB\",\"copyrightYear\":\"2026\",\"copyrightHolder\":{\"@id\":\"https:\\\/\\\/buletin.de\\\/bucuresti\\\/#organization\"}},{\"@type\":\"WebPage\",\"@id\":\"https:\\\/\\\/buletin.de\\\/bucuresti\\\/prognoza-speciala-pentru-bucuresti-anm-anunta-ca-urmeaza-zile-cu-vant-puternic\\\/\",\"url\":\"https:\\\/\\\/buletin.de\\\/bucuresti\\\/prognoza-speciala-pentru-bucuresti-anm-anunta-ca-urmeaza-zile-cu-vant-puternic\\\/\",\"name\":\"Prognoz\u0103 special\u0103 pentru Bucure\u0219ti. ANM anun\u021b\u0103 c\u0103 urmeaz\u0103 zile cu v\u00e2nt puternic - Buletin de Bucure\u0219ti\",\"isPartOf\":{\"@id\":\"https:\\\/\\\/buletin.de\\\/bucuresti\\\/#website\"},\"primaryImageOfPage\":{\"@id\":\"https:\\\/\\\/buletin.de\\\/bucuresti\\\/prognoza-speciala-pentru-bucuresti-anm-anunta-ca-urmeaza-zile-cu-vant-puternic\\\/#primaryimage\"},\"image\":{\"@id\":\"https:\\\/\\\/buletin.de\\\/bucuresti\\\/prognoza-speciala-pentru-bucuresti-anm-anunta-ca-urmeaza-zile-cu-vant-puternic\\\/#primaryimage\"},\"thumbnailUrl\":\"https:\\\/\\\/buletin.de\\\/bucuresti\\\/wp-content\\\/uploads\\\/2026\\\/03\\\/ID33984_INQUAM_Photos_Octav_Ganea-scaled.jpg\",\"datePublished\":\"2026-03-17T11:26:11+00:00\",\"dateModified\":\"2026-03-17T16:01:46+00:00\",\"description\":\"Administra\u021bia Na\u021bional\u0103 de Meteorologie (ANM) a emis prognoza special\u0103 pentru Bucure\u0219ti pentru urm\u0103toarele zile.\",\"breadcrumb\":{\"@id\":\"https:\\\/\\\/buletin.de\\\/bucuresti\\\/prognoza-speciala-pentru-bucuresti-anm-anunta-ca-urmeaza-zile-cu-vant-puternic\\\/#breadcrumb\"},\"inLanguage\":\"en-GB\",\"potentialAction\":[{\"@type\":\"ReadAction\",\"target\":[\"https:\\\/\\\/buletin.de\\\/bucuresti\\\/prognoza-speciala-pentru-bucuresti-anm-anunta-ca-urmeaza-zile-cu-vant-puternic\\\/\"]}]},{\"@type\":\"ImageObject\",\"inLanguage\":\"en-GB\",\"@id\":\"https:\\\/\\\/buletin.de\\\/bucuresti\\\/prognoza-speciala-pentru-bucuresti-anm-anunta-ca-urmeaza-zile-cu-vant-puternic\\\/#primaryimage\",\"url\":\"https:\\\/\\\/buletin.de\\\/bucuresti\\\/wp-content\\\/uploads\\\/2026\\\/03\\\/ID33984_INQUAM_Photos_Octav_Ganea-scaled.jpg\",\"contentUrl\":\"https:\\\/\\\/buletin.de\\\/bucuresti\\\/wp-content\\\/uploads\\\/2026\\\/03\\\/ID33984_INQUAM_Photos_Octav_Ganea-scaled.jpg\",\"width\":2560,\"height\":1707,\"caption\":\"Prognoz\u0103 special\u0103 pentru Bucure\u0219ti. ANM anun\u021b\u0103 c\u0103 urmeaz\u0103 zile cu v\u00e2nt puternic. FOTO: Inquam Photos \\\/ Octav Ganea\"},{\"@type\":\"BreadcrumbList\",\"@id\":\"https:\\\/\\\/buletin.de\\\/bucuresti\\\/prognoza-speciala-pentru-bucuresti-anm-anunta-ca-urmeaza-zile-cu-vant-puternic\\\/#breadcrumb\",\"itemListElement\":[{\"@type\":\"ListItem\",\"position\":1,\"name\":\"Acas\u0103\",\"item\":\"https:\\\/\\\/buletin.de\\\/bucuresti\\\/\"},{\"@type\":\"ListItem\",\"position\":2,\"name\":\"Prognoz\u0103 special\u0103 pentru Bucure\u0219ti. ANM anun\u021b\u0103 c\u0103 urmeaz\u0103 zile cu v\u00e2nt puternic\"}]},{\"@type\":\"WebSite\",\"@id\":\"https:\\\/\\\/buletin.de\\\/bucuresti\\\/#website\",\"url\":\"https:\\\/\\\/buletin.de\\\/bucuresti\\\/\",\"name\":\"Buletin de Bucure\u0219ti\",\"description\":\"\u0218tiri \u0219i investiga\u021bii esen\u021biale din capital\u0103\",\"publisher\":{\"@id\":\"https:\\\/\\\/buletin.de\\\/bucuresti\\\/#organization\"},\"potentialAction\":[{\"@type\":\"SearchAction\",\"target\":{\"@type\":\"EntryPoint\",\"urlTemplate\":\"https:\\\/\\\/buletin.de\\\/bucuresti\\\/?s={search_term_string}\"},\"query-input\":{\"@type\":\"PropertyValueSpecification\",\"valueRequired\":true,\"valueName\":\"search_term_string\"}}],\"inLanguage\":\"en-GB\"},{\"@type\":\"Organization\",\"@id\":\"https:\\\/\\\/buletin.de\\\/bucuresti\\\/#organization\",\"name\":\"Buletin de Bucure\u0219ti\",\"url\":\"https:\\\/\\\/buletin.de\\\/bucuresti\\\/\",\"logo\":{\"@type\":\"ImageObject\",\"inLanguage\":\"en-GB\",\"@id\":\"https:\\\/\\\/buletin.de\\\/bucuresti\\\/#\\\/schema\\\/logo\\\/image\\\/\",\"url\":\"https:\\\/\\\/buletin.de\\\/bucuresti\\\/wp-content\\\/uploads\\\/logo-bdb-full-wide-vernil-transparent.png\",\"contentUrl\":\"https:\\\/\\\/buletin.de\\\/bucuresti\\\/wp-content\\\/uploads\\\/logo-bdb-full-wide-vernil-transparent.png\",\"width\":1782,\"height\":626,\"caption\":\"Buletin de Bucure\u0219ti\"},\"image\":{\"@id\":\"https:\\\/\\\/buletin.de\\\/bucuresti\\\/#\\\/schema\\\/logo\\\/image\\\/\"},\"sameAs\":[\"https:\\\/\\\/www.facebook.com\\\/buletin.de.buc\",\"https:\\\/\\\/www.instagram.com\\\/buletinde.bucuresti\\\/\"]},{\"@type\":\"Person\",\"@id\":\"https:\\\/\\\/buletin.de\\\/bucuresti\\\/#\\\/schema\\\/person\\\/8badd0805392c02e16b744e0d5cd3625\",\"name\":\"Deniz Garguli\",\"image\":{\"@type\":\"ImageObject\",\"inLanguage\":\"en-GB\",\"@id\":\"https:\\\/\\\/buletin.de\\\/bucuresti\\\/wp-content\\\/uploads\\\/2026\\\/01\\\/79b44b20-a270-4ee6-afb3-fdf3c7ef7782-96x96.jpege2491ce6d396dbf7c1362e9ef046c803\",\"url\":\"https:\\\/\\\/buletin.de\\\/bucuresti\\\/wp-content\\\/uploads\\\/2026\\\/01\\\/79b44b20-a270-4ee6-afb3-fdf3c7ef7782-96x96.jpeg\",\"contentUrl\":\"https:\\\/\\\/buletin.de\\\/bucuresti\\\/wp-content\\\/uploads\\\/2026\\\/01\\\/79b44b20-a270-4ee6-afb3-fdf3c7ef7782-96x96.jpeg\",\"caption\":\"Deniz Garguli\"},\"description\":\"N\u0103scut\u0103 \u0219i crescut\u0103 \u00een Capital\u0103, dorin\u021ba de a fi la curent cu tot ce se \u00eent\u00e2mpl\u0103 \u00een Bucure\u0219ti a \u00eempins-o c\u0103tre pres\u0103, mai cu seam\u0103 c\u0103tre cea local\u0103. A lucrat vreme de patru ani la B365, unde s-a ocupat de \u0219tiri despre ora\u0219 \u0219i oamenii care locuiesc \u00een el. Din 2026 s-a al\u0103turat echipei Buletin de Bucure\u0219ti.\",\"url\":\"https:\\\/\\\/buletin.de\\\/bucuresti\\\/author\\\/deniz-garguli\\\/\"}]}<\/script>\n<!-- \/ Yoast SEO Premium plugin. -->","yoast_head_json":{"title":"Prognoz\u0103 special\u0103 pentru Bucure\u0219ti. ANM anun\u021b\u0103 c\u0103 urmeaz\u0103 zile cu v\u00e2nt puternic - Buletin de Bucure\u0219ti","description":"Administra\u021bia Na\u021bional\u0103 de Meteorologie (ANM) a emis prognoza special\u0103 pentru Bucure\u0219ti pentru urm\u0103toarele zile.","robots":{"index":"index","follow":"follow","max-snippet":"max-snippet:-1","max-image-preview":"max-image-preview:large","max-video-preview":"max-video-preview:-1"},"canonical":"https:\/\/buletin.de\/bucuresti\/prognoza-speciala-pentru-bucuresti-anm-anunta-ca-urmeaza-zile-cu-vant-puternic\/","og_locale":"en_GB","og_type":"article","og_title":"Prognoz\u0103 special\u0103 pentru Bucure\u0219ti. ANM anun\u021b\u0103 c\u0103 urmeaz\u0103 zile cu v\u00e2nt puternic","og_description":"Administra\u021bia Na\u021bional\u0103 de Meteorologie (ANM) a emis prognoza special\u0103 pentru Bucure\u0219ti pentru urm\u0103toarele zile.","og_url":"https:\/\/buletin.de\/bucuresti\/prognoza-speciala-pentru-bucuresti-anm-anunta-ca-urmeaza-zile-cu-vant-puternic\/","og_site_name":"Buletin de Bucure\u0219ti","article_publisher":"https:\/\/www.facebook.com\/buletin.de.buc","article_published_time":"2026-03-17T11:26:11+00:00","article_modified_time":"2026-03-17T16:01:46+00:00","og_image":[{"width":2560,"height":1707,"url":"https:\/\/buletin.de\/bucuresti\/wp-content\/uploads\/2026\/03\/ID33984_INQUAM_Photos_Octav_Ganea-scaled.jpg","type":"image\/jpeg"}],"author":"Deniz Garguli","twitter_card":"summary_large_image","twitter_misc":{"Written by":"Deniz Garguli","Estimated reading time":"2 minutes"},"schema":{"@context":"https:\/\/schema.org","@graph":[{"@type":"Article","@id":"https:\/\/buletin.de\/bucuresti\/prognoza-speciala-pentru-bucuresti-anm-anunta-ca-urmeaza-zile-cu-vant-puternic\/#article","isPartOf":{"@id":"https:\/\/buletin.de\/bucuresti\/prognoza-speciala-pentru-bucuresti-anm-anunta-ca-urmeaza-zile-cu-vant-puternic\/"},"author":{"name":"Deniz Garguli","@id":"https:\/\/buletin.de\/bucuresti\/#\/schema\/person\/8badd0805392c02e16b744e0d5cd3625"},"headline":"Prognoz\u0103 special\u0103 pentru Bucure\u0219ti. ANM anun\u021b\u0103 c\u0103 urmeaz\u0103 zile cu v\u00e2nt puternic","datePublished":"2026-03-17T11:26:11+00:00","dateModified":"2026-03-17T16:01:46+00:00","mainEntityOfPage":{"@id":"https:\/\/buletin.de\/bucuresti\/prognoza-speciala-pentru-bucuresti-anm-anunta-ca-urmeaza-zile-cu-vant-puternic\/"},"wordCount":341,"publisher":{"@id":"https:\/\/buletin.de\/bucuresti\/#organization"},"image":{"@id":"https:\/\/buletin.de\/bucuresti\/prognoza-speciala-pentru-bucuresti-anm-anunta-ca-urmeaza-zile-cu-vant-puternic\/#primaryimage"},"thumbnailUrl":"https:\/\/buletin.de\/bucuresti\/wp-content\/uploads\/2026\/03\/ID33984_INQUAM_Photos_Octav_Ganea-scaled.jpg","keywords":["anm","bucuresti","Meteo","prognoza speciala","vant puternic"],"articleSection":["Articole","Diverse","Main"],"inLanguage":"en-GB","copyrightYear":"2026","copyrightHolder":{"@id":"https:\/\/buletin.de\/bucuresti\/#organization"}},{"@type":"WebPage","@id":"https:\/\/buletin.de\/bucuresti\/prognoza-speciala-pentru-bucuresti-anm-anunta-ca-urmeaza-zile-cu-vant-puternic\/","url":"https:\/\/buletin.de\/bucuresti\/prognoza-speciala-pentru-bucuresti-anm-anunta-ca-urmeaza-zile-cu-vant-puternic\/","name":"Prognoz\u0103 special\u0103 pentru Bucure\u0219ti. ANM anun\u021b\u0103 c\u0103 urmeaz\u0103 zile cu v\u00e2nt puternic - Buletin de Bucure\u0219ti","isPartOf":{"@id":"https:\/\/buletin.de\/bucuresti\/#website"},"primaryImageOfPage":{"@id":"https:\/\/buletin.de\/bucuresti\/prognoza-speciala-pentru-bucuresti-anm-anunta-ca-urmeaza-zile-cu-vant-puternic\/#primaryimage"},"image":{"@id":"https:\/\/buletin.de\/bucuresti\/prognoza-speciala-pentru-bucuresti-anm-anunta-ca-urmeaza-zile-cu-vant-puternic\/#primaryimage"},"thumbnailUrl":"https:\/\/buletin.de\/bucuresti\/wp-content\/uploads\/2026\/03\/ID33984_INQUAM_Photos_Octav_Ganea-scaled.jpg","datePublished":"2026-03-17T11:26:11+00:00","dateModified":"2026-03-17T16:01:46+00:00","description":"Administra\u021bia Na\u021bional\u0103 de Meteorologie (ANM) a emis prognoza special\u0103 pentru Bucure\u0219ti pentru urm\u0103toarele zile.","breadcrumb":{"@id":"https:\/\/buletin.de\/bucuresti\/prognoza-speciala-pentru-bucuresti-anm-anunta-ca-urmeaza-zile-cu-vant-puternic\/#breadcrumb"},"inLanguage":"en-GB","potentialAction":[{"@type":"ReadAction","target":["https:\/\/buletin.de\/bucuresti\/prognoza-speciala-pentru-bucuresti-anm-anunta-ca-urmeaza-zile-cu-vant-puternic\/"]}]},{"@type":"ImageObject","inLanguage":"en-GB","@id":"https:\/\/buletin.de\/bucuresti\/prognoza-speciala-pentru-bucuresti-anm-anunta-ca-urmeaza-zile-cu-vant-puternic\/#primaryimage","url":"https:\/\/buletin.de\/bucuresti\/wp-content\/uploads\/2026\/03\/ID33984_INQUAM_Photos_Octav_Ganea-scaled.jpg","contentUrl":"https:\/\/buletin.de\/bucuresti\/wp-content\/uploads\/2026\/03\/ID33984_INQUAM_Photos_Octav_Ganea-scaled.jpg","width":2560,"height":1707,"caption":"Prognoz\u0103 special\u0103 pentru Bucure\u0219ti. ANM anun\u021b\u0103 c\u0103 urmeaz\u0103 zile cu v\u00e2nt puternic. FOTO: Inquam Photos \/ Octav Ganea"},{"@type":"BreadcrumbList","@id":"https:\/\/buletin.de\/bucuresti\/prognoza-speciala-pentru-bucuresti-anm-anunta-ca-urmeaza-zile-cu-vant-puternic\/#breadcrumb","itemListElement":[{"@type":"ListItem","position":1,"name":"Acas\u0103","item":"https:\/\/buletin.de\/bucuresti\/"},{"@type":"ListItem","position":2,"name":"Prognoz\u0103 special\u0103 pentru Bucure\u0219ti. ANM anun\u021b\u0103 c\u0103 urmeaz\u0103 zile cu v\u00e2nt puternic"}]},{"@type":"WebSite","@id":"https:\/\/buletin.de\/bucuresti\/#website","url":"https:\/\/buletin.de\/bucuresti\/","name":"Buletin de Bucure\u0219ti","description":"\u0218tiri \u0219i investiga\u021bii esen\u021biale din capital\u0103","publisher":{"@id":"https:\/\/buletin.de\/bucuresti\/#organization"},"potentialAction":[{"@type":"SearchAction","target":{"@type":"EntryPoint","urlTemplate":"https:\/\/buletin.de\/bucuresti\/?s={search_term_string}"},"query-input":{"@type":"PropertyValueSpecification","valueRequired":true,"valueName":"search_term_string"}}],"inLanguage":"en-GB"},{"@type":"Organization","@id":"https:\/\/buletin.de\/bucuresti\/#organization","name":"Buletin de Bucure\u0219ti","url":"https:\/\/buletin.de\/bucuresti\/","logo":{"@type":"ImageObject","inLanguage":"en-GB","@id":"https:\/\/buletin.de\/bucuresti\/#\/schema\/logo\/image\/","url":"https:\/\/buletin.de\/bucuresti\/wp-content\/uploads\/logo-bdb-full-wide-vernil-transparent.png","contentUrl":"https:\/\/buletin.de\/bucuresti\/wp-content\/uploads\/logo-bdb-full-wide-vernil-transparent.png","width":1782,"height":626,"caption":"Buletin de Bucure\u0219ti"},"image":{"@id":"https:\/\/buletin.de\/bucuresti\/#\/schema\/logo\/image\/"},"sameAs":["https:\/\/www.facebook.com\/buletin.de.buc","https:\/\/www.instagram.com\/buletinde.bucuresti\/"]},{"@type":"Person","@id":"https:\/\/buletin.de\/bucuresti\/#\/schema\/person\/8badd0805392c02e16b744e0d5cd3625","name":"Deniz Garguli","image":{"@type":"ImageObject","inLanguage":"en-GB","@id":"https:\/\/buletin.de\/bucuresti\/wp-content\/uploads\/2026\/01\/79b44b20-a270-4ee6-afb3-fdf3c7ef7782-96x96.jpege2491ce6d396dbf7c1362e9ef046c803","url":"https:\/\/buletin.de\/bucuresti\/wp-content\/uploads\/2026\/01\/79b44b20-a270-4ee6-afb3-fdf3c7ef7782-96x96.jpeg","contentUrl":"https:\/\/buletin.de\/bucuresti\/wp-content\/uploads\/2026\/01\/79b44b20-a270-4ee6-afb3-fdf3c7ef7782-96x96.jpeg","caption":"Deniz Garguli"},"description":"N\u0103scut\u0103 \u0219i crescut\u0103 \u00een Capital\u0103, dorin\u021ba de a fi la curent cu tot ce se \u00eent\u00e2mpl\u0103 \u00een Bucure\u0219ti a \u00eempins-o c\u0103tre pres\u0103, mai cu seam\u0103 c\u0103tre cea local\u0103. A lucrat vreme de patru ani la B365, unde s-a ocupat de \u0219tiri despre ora\u0219 \u0219i oamenii care locuiesc \u00een el. Din 2026 s-a al\u0103turat echipei Buletin de Bucure\u0219ti.","url":"https:\/\/buletin.de\/bucuresti\/author\/deniz-garguli\/"}]}},"authors":[{"term_id":26103,"user_id":66,"is_guest":0,"slug":"deniz-garguli","display_name":"Deniz Garguli","avatar_url":"https:\/\/buletin.de\/bucuresti\/wp-content\/uploads\/2026\/01\/79b44b20-a270-4ee6-afb3-fdf3c7ef7782-96x96.jpeg","0":null,"1":"","2":"","3":"","4":"","5":"","6":"","7":"","8":""}],"_links":{"self":[{"href":"https:\/\/buletin.de\/bucuresti\/wp-json\/wp\/v2\/posts\/181124","targetHints":{"allow":["GET"]}}],"collection":[{"href":"https:\/\/buletin.de\/bucuresti\/wp-json\/wp\/v2\/posts"}],"about":[{"href":"https:\/\/buletin.de\/bucuresti\/wp-json\/wp\/v2\/types\/post"}],"author":[{"embeddable":true,"href":"https:\/\/buletin.de\/bucuresti\/wp-json\/wp\/v2\/users\/66"}],"replies":[{"embeddable":true,"href":"https:\/\/buletin.de\/bucuresti\/wp-json\/wp\/v2\/comments?post=181124"}],"version-history":[{"count":3,"href":"https:\/\/buletin.de\/bucuresti\/wp-json\/wp\/v2\/posts\/181124\/revisions"}],"predecessor-version":[{"id":181132,"href":"https:\/\/buletin.de\/bucuresti\/wp-json\/wp\/v2\/posts\/181124\/revisions\/181132"}],"wp:featuredmedia":[{"embeddable":true,"href":"https:\/\/buletin.de\/bucuresti\/wp-json\/wp\/v2\/media\/181130"}],"wp:attachment":[{"href":"https:\/\/buletin.de\/bucuresti\/wp-json\/wp\/v2\/media?parent=181124"}],"wp:term":[{"taxonomy":"category","embeddable":true,"href":"https:\/\/buletin.de\/bucuresti\/wp-json\/wp\/v2\/categories?post=181124"},{"taxonomy":"post_tag","embeddable":true,"href":"https:\/\/buletin.de\/bucuresti\/wp-json\/wp\/v2\/tags?post=181124"},{"taxonomy":"author","embeddable":true,"href":"https:\/\/buletin.de\/bucuresti\/wp-json\/wp\/v2\/ppma_author?post=181124"}],"curies":[{"name":"wp","href":"https:\/\/api.w.org\/{rel}","templated":true}]}}