{"id":181103,"date":"2026-03-17T12:47:44","date_gmt":"2026-03-17T09:47:44","guid":{"rendered":"https:\/\/buletin.de\/bucuresti\/?p=181103"},"modified":"2026-03-17T12:47:45","modified_gmt":"2026-03-17T09:47:45","slug":"sector-1-200-de-noi-locuri-de-parcare-de-resedinta-in-curs-de-amenajare","status":"publish","type":"post","link":"https:\/\/buletin.de\/bucuresti\/sector-1-200-de-noi-locuri-de-parcare-de-resedinta-in-curs-de-amenajare\/","title":{"rendered":"Sector 1 | 200 de noi locuri de parcare de re\u0219edin\u021b\u0103, \u00een curs de amenajare"},"content":{"rendered":"\n<p><strong>Prim\u0103ria Sectorului 1 a anun\u021bat c\u0103 Direc\u021bia de Utilit\u0103\u021bi Publice, Salubrizare \u0219i Protec\u021bia Mediului amenajeaz\u0103 aproximativ 200 de noi locuri de parcare de re\u0219edin\u021b\u0103, \u00een cursul acestei s\u0103pt\u0103m\u00e2ni, \u00een mai multe cartiere din sector. <\/strong><\/p>\n\n\n\n<p><strong>Lucr\u0103rile au \u00een vedere at\u00e2t trasarea unor spa\u021bii noi, c\u00e2t \u0219i reorganizarea celor existente, potrivit <a href=\"https:\/\/primariasector1.ro\/200-de-noi-locuri-de-parcare-de-resedinta-amenajate-in-mai-multe-cartire-din-sectorul-1\/?fbclid=IwY2xjawQl_gdleHRuA2FlbQIxMABicmlkETBnMklNY1JiNW1obWVwZUg0c3J0YwZhcHBfaWQQMjIyMDM5MTc4ODIwMDg5MgABHpyPGhhz5gzmg-MS-qUiInSl0DWypLg8tEgCfimvktPOKJyzsypRVNfLJpCY_aem_KnwsKEwAHwGeKKE5OXbQfA\" type=\"link\" id=\"https:\/\/primariasector1.ro\/200-de-noi-locuri-de-parcare-de-resedinta-amenajate-in-mai-multe-cartire-din-sectorul-1\/?fbclid=IwY2xjawQl_gdleHRuA2FlbQIxMABicmlkETBnMklNY1JiNW1obWVwZUg0c3J0YwZhcHBfaWQQMjIyMDM5MTc4ODIwMDg5MgABHpyPGhhz5gzmg-MS-qUiInSl0DWypLg8tEgCfimvktPOKJyzsypRVNfLJpCY_aem_KnwsKEwAHwGeKKE5OXbQfA\" target=\"_blank\" rel=\"noreferrer noopener\">comunicatului <\/a>emis de administra\u021bia local\u0103. <\/strong><\/p>\n\n\n\n<h2 class=\"wp-block-heading\" id=\"h-aproape-200-de-noi-locuri-de-parcare-de-re\u0219edin\u021ba-in-sectorul-1\">Aproape 200 de noi locuri de parcare de re\u0219edin\u021b\u0103 \u00een Sectorul 1<\/h2>\n\n\n\n<p>Luni au fost finalizate <strong>25 de locuri de parcare <\/strong>pe strada Baia, din cartierul Bucure\u0219tii Noi. Interven\u021biile continu\u0103 pe strada G. Valentin Bibescu, unde vor fi amenajate <strong>96 de locuri<\/strong>, dar \u0219i \u00een zona Hrisovului &#8211; Pecetei, unde sunt \u00een curs de realizare <strong>53 de noi locuri de parcare.<\/strong> <\/p>\n\n\n\n<p>Au loc interven\u021bii \u0219i pe \u0218oseaua Nicolae Titulescu nr. 163, \u00een spatele blocului, unde sunt \u00een curs de realizare <strong>20 de locuri noi. \u00cen total, este vorba despre 194 de locuri noi. <\/strong><\/p>\n\n\n\n<p>De asemenea, \u00een zona Banu Manta 1, \u00een spatele blocului, sunt reamenajate<strong> 35 de locuri de parcare existente<\/strong>, pentru o delimitare mai clar\u0103 \u0219i o utilizare mai eficient\u0103. <\/p>\n\n\n\n<p><strong><em>\u201ePentru buna desf\u0103\u0219urare a interven\u021biilor, v\u0103 rug\u0103m s\u0103 respecta\u021bi notific\u0103rile afi\u0219ate \u00een zonele vizate de aceste interven\u021bii \u0219i s\u0103 elibera\u021bi temporar spa\u021biile, conform intervalelor comunicate.\u201d<\/em><\/strong>, se mai precizeaz\u0103 \u00een comunicat. <\/p>\n\n\n\n<h2 class=\"wp-block-heading\" id=\"h-platforma-online-pentru-atribuirea-locurilor-de-parcare-de-re\u0219edin\u021ba\">Platform\u0103 online pentru atribuirea locurilor de parcare de re\u0219edin\u021b\u0103 <\/h2>\n\n\n\n<p>Dup\u0103 finalizarea lucr\u0103rilor din Sector, noile locuri de parcare vor fi introduse \u00een platforma online <a href=\"https:\/\/parcari.primariasector1.ro\/\" target=\"_blank\" rel=\"noreferrer noopener\"><strong>parcari.primariasector1.ro<\/strong><\/a>. <\/p>\n\n\n\n<p>Pe aceast\u0103 platform\u0103, cet\u0103\u021benii vor putea depune solicit\u0103ri pentru <a href=\"https:\/\/buletin.de\/bucuresti\/sector-1-contractele-pentru-locurile-de-parcare-de-resedinta-se-prelungesc-automat-din-2026\/\" type=\"link\" id=\"https:\/\/buletin.de\/bucuresti\/sector-1-contractele-pentru-locurile-de-parcare-de-resedinta-se-prelungesc-automat-din-2026\/\" target=\"_blank\" rel=\"noreferrer noopener\">atribuirea locurilor de parcare<\/a> \u0219i vor putea consulta informa\u021biile privind disponibilitatea \u0219i tarifele. <\/p>\n\n\n\n<p><strong>Tarifele anuale pentru parc\u0103rile de re\u0219edin\u021b\u0103 din Sectorul 1 sunt urm\u0103toarele: <\/strong><\/p>\n\n\n\n<ul class=\"wp-block-list\">\n<li>Zona A: 796 lei\/an;<\/li>\n\n\n\n<li>Zona B: 663 lei\/an; <\/li>\n\n\n\n<li>Zona C: 530 lei\/an; <\/li>\n\n\n\n<li>Zona D: 397 lei\/an<\/li>\n<\/ul>\n\n\n\n<p>La \u00eenceputul lunii martie, municipalitatea anun\u021ba c\u0103 \u00eenscrierile pentru parc\u0103rile de re\u0219edin\u021b\u0103 se pot face prin platforma <strong><a href=\"https:\/\/parcari.primariasector1.ro\/\" target=\"_blank\" rel=\"noreferrer noopener\">parcari.primaria.sector1.ro<\/a>.<\/strong> Procesul se desf\u0103\u0219oar\u0103 digital, f\u0103r\u0103 a fi nevoie de deplasarea la ghi\u0219eu. <strong>Mai multe detalii despre procesul de \u00eenscriere <a href=\"https:\/\/buletin.de\/bucuresti\/sector-1-inscrierile-pentru-parcarile-de-resedinta-se-pot-face-si-online\/\" type=\"link\" id=\"https:\/\/buletin.de\/bucuresti\/sector-1-inscrierile-pentru-parcarile-de-resedinta-se-pot-face-si-online\/\" target=\"_blank\" rel=\"noreferrer noopener\">AICI<\/a>.<\/strong><\/p>\n\n\n\n<p>CITE\u0218TE \u0218I <a href=\"https:\/\/buletin.de\/bucuresti\/platforma-online-pentru-verificarea-autovehiculelor-ridicate-in-sectorul-1-cum-vezi-daca-ti-a-fost-ridicata-masina\/\" target=\"_blank\" rel=\"noreferrer noopener\">Platform\u0103 online pentru verificarea autovehiculelor ridicate, \u00een Sectorul 1. Cum vezi dac\u0103 \u021bi-a fost ridicat\u0103 ma\u0219ina<\/a><\/p>\n","protected":false},"excerpt":{"rendered":"<p>Prim\u0103ria Sectorului 1 a anun\u021bat c\u0103 Direc\u021bia de Utilit\u0103\u021bi Publice, Salubrizare \u0219i Protec\u021bia Mediului amenajeaz\u0103 aproximativ 200 de noi locuri de parcare de re\u0219edin\u021b\u0103, \u00een cursul acestei s\u0103pt\u0103m\u00e2ni, \u00een mai multe cartiere din sector. Lucr\u0103rile au \u00een vedere at\u00e2t trasarea unor spa\u021bii noi, c\u00e2t \u0219i reorganizarea celor existente, potrivit comunicatului emis de administra\u021bia local\u0103. Aproape [&hellip;]<\/p>\n","protected":false},"author":65,"featured_media":181109,"comment_status":"closed","ping_status":"open","sticky":false,"template":"","format":"standard","meta":{"_acf_changed":false,"inline_featured_image":false,"ngg_post_thumbnail":0,"footnotes":""},"categories":[6994,24,62],"tags":[2783,27139,195,269,308],"ppma_author":[23912],"class_list":["post-181103","post","type-post","status-publish","format-standard","has-post-thumbnail","hentry","category-stiri-2","category-primarie","category-stiri","tag-locuri-de-parcare","tag-locuri-de-parcare-de-resedinta","tag-parcari","tag-primaria-sectorului-1","tag-sector-1"],"acf":[],"yoast_head":"<!-- This site is optimized with the Yoast SEO Premium plugin v25.3 (Yoast SEO v27.5) - https:\/\/yoast.com\/product\/yoast-seo-premium-wordpress\/ -->\n<title>Sector 1 | 200 de noi locuri de parcare de re\u0219edin\u021b\u0103, \u00een curs de amenajare - Buletin de Bucure\u0219ti<\/title>\n<meta name=\"description\" content=\"Prim\u0103ria Sectorului 1 a anun\u021bat amenajarea a aproximativ 200 de noi locuri de parcare de re\u0219edin\u021b\u0103, \u00een mai multe cartiere.\" \/>\n<meta name=\"robots\" content=\"index, follow, max-snippet:-1, max-image-preview:large, max-video-preview:-1\" \/>\n<link rel=\"canonical\" href=\"https:\/\/buletin.de\/bucuresti\/sector-1-200-de-noi-locuri-de-parcare-de-resedinta-in-curs-de-amenajare\/\" \/>\n<meta property=\"og:locale\" content=\"en_GB\" \/>\n<meta property=\"og:type\" content=\"article\" \/>\n<meta property=\"og:title\" content=\"Sector 1 | 200 de noi locuri de parcare de re\u0219edin\u021b\u0103, \u00een curs de amenajare\" \/>\n<meta property=\"og:description\" content=\"Prim\u0103ria Sectorului 1 a anun\u021bat amenajarea a aproximativ 200 de noi locuri de parcare de re\u0219edin\u021b\u0103, \u00een mai multe cartiere.\" \/>\n<meta property=\"og:url\" content=\"https:\/\/buletin.de\/bucuresti\/sector-1-200-de-noi-locuri-de-parcare-de-resedinta-in-curs-de-amenajare\/\" \/>\n<meta property=\"og:site_name\" content=\"Buletin de Bucure\u0219ti\" \/>\n<meta property=\"article:publisher\" content=\"https:\/\/www.facebook.com\/buletin.de.buc\" \/>\n<meta property=\"article:published_time\" content=\"2026-03-17T09:47:44+00:00\" \/>\n<meta property=\"article:modified_time\" content=\"2026-03-17T09:47:45+00:00\" \/>\n<meta property=\"og:image\" content=\"https:\/\/buletin.de\/bucuresti\/wp-content\/uploads\/2026\/03\/200-de-noi-locuri-de-parcare-de-resedinta.jpg\" \/>\n\t<meta property=\"og:image:width\" content=\"1200\" \/>\n\t<meta property=\"og:image:height\" content=\"661\" \/>\n\t<meta property=\"og:image:type\" content=\"image\/jpeg\" \/>\n<meta name=\"author\" content=\"Andreea St\u0103n\u0103r\u00eeng\u0103\" \/>\n<meta name=\"twitter:card\" content=\"summary_large_image\" \/>\n<meta name=\"twitter:label1\" content=\"Written by\" \/>\n\t<meta name=\"twitter:data1\" content=\"Andreea St\u0103n\u0103r\u00eeng\u0103\" \/>\n\t<meta name=\"twitter:label2\" content=\"Estimated reading time\" \/>\n\t<meta name=\"twitter:data2\" content=\"2 minutes\" \/>\n<script type=\"application\/ld+json\" class=\"yoast-schema-graph\">{\"@context\":\"https:\\\/\\\/schema.org\",\"@graph\":[{\"@type\":\"Article\",\"@id\":\"https:\\\/\\\/buletin.de\\\/bucuresti\\\/sector-1-200-de-noi-locuri-de-parcare-de-resedinta-in-curs-de-amenajare\\\/#article\",\"isPartOf\":{\"@id\":\"https:\\\/\\\/buletin.de\\\/bucuresti\\\/sector-1-200-de-noi-locuri-de-parcare-de-resedinta-in-curs-de-amenajare\\\/\"},\"author\":{\"name\":\"Andreea St\u0103n\u0103r\u00eeng\u0103\",\"@id\":\"https:\\\/\\\/buletin.de\\\/bucuresti\\\/#\\\/schema\\\/person\\\/81421a46fb84a0887cfd2238f5202586\"},\"headline\":\"Sector 1 | 200 de noi locuri de parcare de re\u0219edin\u021b\u0103, \u00een curs de amenajare\",\"datePublished\":\"2026-03-17T09:47:44+00:00\",\"dateModified\":\"2026-03-17T09:47:45+00:00\",\"mainEntityOfPage\":{\"@id\":\"https:\\\/\\\/buletin.de\\\/bucuresti\\\/sector-1-200-de-noi-locuri-de-parcare-de-resedinta-in-curs-de-amenajare\\\/\"},\"wordCount\":382,\"publisher\":{\"@id\":\"https:\\\/\\\/buletin.de\\\/bucuresti\\\/#organization\"},\"image\":{\"@id\":\"https:\\\/\\\/buletin.de\\\/bucuresti\\\/sector-1-200-de-noi-locuri-de-parcare-de-resedinta-in-curs-de-amenajare\\\/#primaryimage\"},\"thumbnailUrl\":\"https:\\\/\\\/buletin.de\\\/bucuresti\\\/wp-content\\\/uploads\\\/2026\\\/03\\\/200-de-noi-locuri-de-parcare-de-resedinta.jpg\",\"keywords\":[\"locuri de parcare\",\"locuri de parcare de resedinta\",\"parcari\",\"primaria sectorului 1\",\"Sector 1\"],\"articleSection\":[\"Articole\",\"Prim\u0103rie\",\"\u0218tiri\"],\"inLanguage\":\"en-GB\",\"copyrightYear\":\"2026\",\"copyrightHolder\":{\"@id\":\"https:\\\/\\\/buletin.de\\\/bucuresti\\\/#organization\"}},{\"@type\":\"WebPage\",\"@id\":\"https:\\\/\\\/buletin.de\\\/bucuresti\\\/sector-1-200-de-noi-locuri-de-parcare-de-resedinta-in-curs-de-amenajare\\\/\",\"url\":\"https:\\\/\\\/buletin.de\\\/bucuresti\\\/sector-1-200-de-noi-locuri-de-parcare-de-resedinta-in-curs-de-amenajare\\\/\",\"name\":\"Sector 1 | 200 de noi locuri de parcare de re\u0219edin\u021b\u0103, \u00een curs de amenajare - Buletin de Bucure\u0219ti\",\"isPartOf\":{\"@id\":\"https:\\\/\\\/buletin.de\\\/bucuresti\\\/#website\"},\"primaryImageOfPage\":{\"@id\":\"https:\\\/\\\/buletin.de\\\/bucuresti\\\/sector-1-200-de-noi-locuri-de-parcare-de-resedinta-in-curs-de-amenajare\\\/#primaryimage\"},\"image\":{\"@id\":\"https:\\\/\\\/buletin.de\\\/bucuresti\\\/sector-1-200-de-noi-locuri-de-parcare-de-resedinta-in-curs-de-amenajare\\\/#primaryimage\"},\"thumbnailUrl\":\"https:\\\/\\\/buletin.de\\\/bucuresti\\\/wp-content\\\/uploads\\\/2026\\\/03\\\/200-de-noi-locuri-de-parcare-de-resedinta.jpg\",\"datePublished\":\"2026-03-17T09:47:44+00:00\",\"dateModified\":\"2026-03-17T09:47:45+00:00\",\"description\":\"Prim\u0103ria Sectorului 1 a anun\u021bat amenajarea a aproximativ 200 de noi locuri de parcare de re\u0219edin\u021b\u0103, \u00een mai multe cartiere.\",\"breadcrumb\":{\"@id\":\"https:\\\/\\\/buletin.de\\\/bucuresti\\\/sector-1-200-de-noi-locuri-de-parcare-de-resedinta-in-curs-de-amenajare\\\/#breadcrumb\"},\"inLanguage\":\"en-GB\",\"potentialAction\":[{\"@type\":\"ReadAction\",\"target\":[\"https:\\\/\\\/buletin.de\\\/bucuresti\\\/sector-1-200-de-noi-locuri-de-parcare-de-resedinta-in-curs-de-amenajare\\\/\"]}]},{\"@type\":\"ImageObject\",\"inLanguage\":\"en-GB\",\"@id\":\"https:\\\/\\\/buletin.de\\\/bucuresti\\\/sector-1-200-de-noi-locuri-de-parcare-de-resedinta-in-curs-de-amenajare\\\/#primaryimage\",\"url\":\"https:\\\/\\\/buletin.de\\\/bucuresti\\\/wp-content\\\/uploads\\\/2026\\\/03\\\/200-de-noi-locuri-de-parcare-de-resedinta.jpg\",\"contentUrl\":\"https:\\\/\\\/buletin.de\\\/bucuresti\\\/wp-content\\\/uploads\\\/2026\\\/03\\\/200-de-noi-locuri-de-parcare-de-resedinta.jpg\",\"width\":1200,\"height\":661,\"caption\":\"200 de noi locuri de parcare de re\u0219edin\u021b\u0103. \u00een Sectorul 1. Foto: Prim\u0103ria Sectorului 1\"},{\"@type\":\"BreadcrumbList\",\"@id\":\"https:\\\/\\\/buletin.de\\\/bucuresti\\\/sector-1-200-de-noi-locuri-de-parcare-de-resedinta-in-curs-de-amenajare\\\/#breadcrumb\",\"itemListElement\":[{\"@type\":\"ListItem\",\"position\":1,\"name\":\"Acas\u0103\",\"item\":\"https:\\\/\\\/buletin.de\\\/bucuresti\\\/\"},{\"@type\":\"ListItem\",\"position\":2,\"name\":\"Sector 1 | 200 de noi locuri de parcare de re\u0219edin\u021b\u0103, \u00een curs de amenajare\"}]},{\"@type\":\"WebSite\",\"@id\":\"https:\\\/\\\/buletin.de\\\/bucuresti\\\/#website\",\"url\":\"https:\\\/\\\/buletin.de\\\/bucuresti\\\/\",\"name\":\"Buletin de Bucure\u0219ti\",\"description\":\"\u0218tiri \u0219i investiga\u021bii esen\u021biale din capital\u0103\",\"publisher\":{\"@id\":\"https:\\\/\\\/buletin.de\\\/bucuresti\\\/#organization\"},\"potentialAction\":[{\"@type\":\"SearchAction\",\"target\":{\"@type\":\"EntryPoint\",\"urlTemplate\":\"https:\\\/\\\/buletin.de\\\/bucuresti\\\/?s={search_term_string}\"},\"query-input\":{\"@type\":\"PropertyValueSpecification\",\"valueRequired\":true,\"valueName\":\"search_term_string\"}}],\"inLanguage\":\"en-GB\"},{\"@type\":\"Organization\",\"@id\":\"https:\\\/\\\/buletin.de\\\/bucuresti\\\/#organization\",\"name\":\"Buletin de Bucure\u0219ti\",\"url\":\"https:\\\/\\\/buletin.de\\\/bucuresti\\\/\",\"logo\":{\"@type\":\"ImageObject\",\"inLanguage\":\"en-GB\",\"@id\":\"https:\\\/\\\/buletin.de\\\/bucuresti\\\/#\\\/schema\\\/logo\\\/image\\\/\",\"url\":\"https:\\\/\\\/buletin.de\\\/bucuresti\\\/wp-content\\\/uploads\\\/logo-bdb-full-wide-vernil-transparent.png\",\"contentUrl\":\"https:\\\/\\\/buletin.de\\\/bucuresti\\\/wp-content\\\/uploads\\\/logo-bdb-full-wide-vernil-transparent.png\",\"width\":1782,\"height\":626,\"caption\":\"Buletin de Bucure\u0219ti\"},\"image\":{\"@id\":\"https:\\\/\\\/buletin.de\\\/bucuresti\\\/#\\\/schema\\\/logo\\\/image\\\/\"},\"sameAs\":[\"https:\\\/\\\/www.facebook.com\\\/buletin.de.buc\",\"https:\\\/\\\/www.instagram.com\\\/buletinde.bucuresti\\\/\"]},{\"@type\":\"Person\",\"@id\":\"https:\\\/\\\/buletin.de\\\/bucuresti\\\/#\\\/schema\\\/person\\\/81421a46fb84a0887cfd2238f5202586\",\"name\":\"Andreea St\u0103n\u0103r\u00eeng\u0103\",\"image\":{\"@type\":\"ImageObject\",\"inLanguage\":\"en-GB\",\"@id\":\"https:\\\/\\\/secure.gravatar.com\\\/avatar\\\/dfa8d227a4388fad0f0bb03add04b5b176f4da34397dbb2eadc563b3d7162ce0?s=96&d=monsterid&r=g72784372b39ffe5a98a45288fe0d0e8a\",\"url\":\"https:\\\/\\\/secure.gravatar.com\\\/avatar\\\/dfa8d227a4388fad0f0bb03add04b5b176f4da34397dbb2eadc563b3d7162ce0?s=96&d=monsterid&r=g\",\"contentUrl\":\"https:\\\/\\\/secure.gravatar.com\\\/avatar\\\/dfa8d227a4388fad0f0bb03add04b5b176f4da34397dbb2eadc563b3d7162ce0?s=96&d=monsterid&r=g\",\"caption\":\"Andreea St\u0103n\u0103r\u00eeng\u0103\"},\"description\":\"Cu o experien\u021b\u0103 de peste 5 ani \u00een pres\u0103, face parte din echipa Buletin de Bucure\u0219ti din septembrie 2025. A colaborat cu c\u00e2teva publica\u021bii, printre care \u0219i Fanatik.ro, unde s-a ocupat de \u0219tiri de lifestyle \u0219i de actualitate. A f\u0103cut un pas c\u0103tre presa local\u0103 pentru a explora Bucure\u0219tiul \u0219i pove\u0219tile care merit\u0103 spuse.\",\"url\":\"https:\\\/\\\/buletin.de\\\/bucuresti\\\/author\\\/andreea-stanaranga\\\/\"}]}<\/script>\n<!-- \/ Yoast SEO Premium plugin. -->","yoast_head_json":{"title":"Sector 1 | 200 de noi locuri de parcare de re\u0219edin\u021b\u0103, \u00een curs de amenajare - Buletin de Bucure\u0219ti","description":"Prim\u0103ria Sectorului 1 a anun\u021bat amenajarea a aproximativ 200 de noi locuri de parcare de re\u0219edin\u021b\u0103, \u00een mai multe cartiere.","robots":{"index":"index","follow":"follow","max-snippet":"max-snippet:-1","max-image-preview":"max-image-preview:large","max-video-preview":"max-video-preview:-1"},"canonical":"https:\/\/buletin.de\/bucuresti\/sector-1-200-de-noi-locuri-de-parcare-de-resedinta-in-curs-de-amenajare\/","og_locale":"en_GB","og_type":"article","og_title":"Sector 1 | 200 de noi locuri de parcare de re\u0219edin\u021b\u0103, \u00een curs de amenajare","og_description":"Prim\u0103ria Sectorului 1 a anun\u021bat amenajarea a aproximativ 200 de noi locuri de parcare de re\u0219edin\u021b\u0103, \u00een mai multe cartiere.","og_url":"https:\/\/buletin.de\/bucuresti\/sector-1-200-de-noi-locuri-de-parcare-de-resedinta-in-curs-de-amenajare\/","og_site_name":"Buletin de Bucure\u0219ti","article_publisher":"https:\/\/www.facebook.com\/buletin.de.buc","article_published_time":"2026-03-17T09:47:44+00:00","article_modified_time":"2026-03-17T09:47:45+00:00","og_image":[{"width":1200,"height":661,"url":"https:\/\/buletin.de\/bucuresti\/wp-content\/uploads\/2026\/03\/200-de-noi-locuri-de-parcare-de-resedinta.jpg","type":"image\/jpeg"}],"author":"Andreea St\u0103n\u0103r\u00eeng\u0103","twitter_card":"summary_large_image","twitter_misc":{"Written by":"Andreea St\u0103n\u0103r\u00eeng\u0103","Estimated reading time":"2 minutes"},"schema":{"@context":"https:\/\/schema.org","@graph":[{"@type":"Article","@id":"https:\/\/buletin.de\/bucuresti\/sector-1-200-de-noi-locuri-de-parcare-de-resedinta-in-curs-de-amenajare\/#article","isPartOf":{"@id":"https:\/\/buletin.de\/bucuresti\/sector-1-200-de-noi-locuri-de-parcare-de-resedinta-in-curs-de-amenajare\/"},"author":{"name":"Andreea St\u0103n\u0103r\u00eeng\u0103","@id":"https:\/\/buletin.de\/bucuresti\/#\/schema\/person\/81421a46fb84a0887cfd2238f5202586"},"headline":"Sector 1 | 200 de noi locuri de parcare de re\u0219edin\u021b\u0103, \u00een curs de amenajare","datePublished":"2026-03-17T09:47:44+00:00","dateModified":"2026-03-17T09:47:45+00:00","mainEntityOfPage":{"@id":"https:\/\/buletin.de\/bucuresti\/sector-1-200-de-noi-locuri-de-parcare-de-resedinta-in-curs-de-amenajare\/"},"wordCount":382,"publisher":{"@id":"https:\/\/buletin.de\/bucuresti\/#organization"},"image":{"@id":"https:\/\/buletin.de\/bucuresti\/sector-1-200-de-noi-locuri-de-parcare-de-resedinta-in-curs-de-amenajare\/#primaryimage"},"thumbnailUrl":"https:\/\/buletin.de\/bucuresti\/wp-content\/uploads\/2026\/03\/200-de-noi-locuri-de-parcare-de-resedinta.jpg","keywords":["locuri de parcare","locuri de parcare de resedinta","parcari","primaria sectorului 1","Sector 1"],"articleSection":["Articole","Prim\u0103rie","\u0218tiri"],"inLanguage":"en-GB","copyrightYear":"2026","copyrightHolder":{"@id":"https:\/\/buletin.de\/bucuresti\/#organization"}},{"@type":"WebPage","@id":"https:\/\/buletin.de\/bucuresti\/sector-1-200-de-noi-locuri-de-parcare-de-resedinta-in-curs-de-amenajare\/","url":"https:\/\/buletin.de\/bucuresti\/sector-1-200-de-noi-locuri-de-parcare-de-resedinta-in-curs-de-amenajare\/","name":"Sector 1 | 200 de noi locuri de parcare de re\u0219edin\u021b\u0103, \u00een curs de amenajare - Buletin de Bucure\u0219ti","isPartOf":{"@id":"https:\/\/buletin.de\/bucuresti\/#website"},"primaryImageOfPage":{"@id":"https:\/\/buletin.de\/bucuresti\/sector-1-200-de-noi-locuri-de-parcare-de-resedinta-in-curs-de-amenajare\/#primaryimage"},"image":{"@id":"https:\/\/buletin.de\/bucuresti\/sector-1-200-de-noi-locuri-de-parcare-de-resedinta-in-curs-de-amenajare\/#primaryimage"},"thumbnailUrl":"https:\/\/buletin.de\/bucuresti\/wp-content\/uploads\/2026\/03\/200-de-noi-locuri-de-parcare-de-resedinta.jpg","datePublished":"2026-03-17T09:47:44+00:00","dateModified":"2026-03-17T09:47:45+00:00","description":"Prim\u0103ria Sectorului 1 a anun\u021bat amenajarea a aproximativ 200 de noi locuri de parcare de re\u0219edin\u021b\u0103, \u00een mai multe cartiere.","breadcrumb":{"@id":"https:\/\/buletin.de\/bucuresti\/sector-1-200-de-noi-locuri-de-parcare-de-resedinta-in-curs-de-amenajare\/#breadcrumb"},"inLanguage":"en-GB","potentialAction":[{"@type":"ReadAction","target":["https:\/\/buletin.de\/bucuresti\/sector-1-200-de-noi-locuri-de-parcare-de-resedinta-in-curs-de-amenajare\/"]}]},{"@type":"ImageObject","inLanguage":"en-GB","@id":"https:\/\/buletin.de\/bucuresti\/sector-1-200-de-noi-locuri-de-parcare-de-resedinta-in-curs-de-amenajare\/#primaryimage","url":"https:\/\/buletin.de\/bucuresti\/wp-content\/uploads\/2026\/03\/200-de-noi-locuri-de-parcare-de-resedinta.jpg","contentUrl":"https:\/\/buletin.de\/bucuresti\/wp-content\/uploads\/2026\/03\/200-de-noi-locuri-de-parcare-de-resedinta.jpg","width":1200,"height":661,"caption":"200 de noi locuri de parcare de re\u0219edin\u021b\u0103. \u00een Sectorul 1. Foto: Prim\u0103ria Sectorului 1"},{"@type":"BreadcrumbList","@id":"https:\/\/buletin.de\/bucuresti\/sector-1-200-de-noi-locuri-de-parcare-de-resedinta-in-curs-de-amenajare\/#breadcrumb","itemListElement":[{"@type":"ListItem","position":1,"name":"Acas\u0103","item":"https:\/\/buletin.de\/bucuresti\/"},{"@type":"ListItem","position":2,"name":"Sector 1 | 200 de noi locuri de parcare de re\u0219edin\u021b\u0103, \u00een curs de amenajare"}]},{"@type":"WebSite","@id":"https:\/\/buletin.de\/bucuresti\/#website","url":"https:\/\/buletin.de\/bucuresti\/","name":"Buletin de Bucure\u0219ti","description":"\u0218tiri \u0219i investiga\u021bii esen\u021biale din capital\u0103","publisher":{"@id":"https:\/\/buletin.de\/bucuresti\/#organization"},"potentialAction":[{"@type":"SearchAction","target":{"@type":"EntryPoint","urlTemplate":"https:\/\/buletin.de\/bucuresti\/?s={search_term_string}"},"query-input":{"@type":"PropertyValueSpecification","valueRequired":true,"valueName":"search_term_string"}}],"inLanguage":"en-GB"},{"@type":"Organization","@id":"https:\/\/buletin.de\/bucuresti\/#organization","name":"Buletin de Bucure\u0219ti","url":"https:\/\/buletin.de\/bucuresti\/","logo":{"@type":"ImageObject","inLanguage":"en-GB","@id":"https:\/\/buletin.de\/bucuresti\/#\/schema\/logo\/image\/","url":"https:\/\/buletin.de\/bucuresti\/wp-content\/uploads\/logo-bdb-full-wide-vernil-transparent.png","contentUrl":"https:\/\/buletin.de\/bucuresti\/wp-content\/uploads\/logo-bdb-full-wide-vernil-transparent.png","width":1782,"height":626,"caption":"Buletin de Bucure\u0219ti"},"image":{"@id":"https:\/\/buletin.de\/bucuresti\/#\/schema\/logo\/image\/"},"sameAs":["https:\/\/www.facebook.com\/buletin.de.buc","https:\/\/www.instagram.com\/buletinde.bucuresti\/"]},{"@type":"Person","@id":"https:\/\/buletin.de\/bucuresti\/#\/schema\/person\/81421a46fb84a0887cfd2238f5202586","name":"Andreea St\u0103n\u0103r\u00eeng\u0103","image":{"@type":"ImageObject","inLanguage":"en-GB","@id":"https:\/\/secure.gravatar.com\/avatar\/dfa8d227a4388fad0f0bb03add04b5b176f4da34397dbb2eadc563b3d7162ce0?s=96&d=monsterid&r=g72784372b39ffe5a98a45288fe0d0e8a","url":"https:\/\/secure.gravatar.com\/avatar\/dfa8d227a4388fad0f0bb03add04b5b176f4da34397dbb2eadc563b3d7162ce0?s=96&d=monsterid&r=g","contentUrl":"https:\/\/secure.gravatar.com\/avatar\/dfa8d227a4388fad0f0bb03add04b5b176f4da34397dbb2eadc563b3d7162ce0?s=96&d=monsterid&r=g","caption":"Andreea St\u0103n\u0103r\u00eeng\u0103"},"description":"Cu o experien\u021b\u0103 de peste 5 ani \u00een pres\u0103, face parte din echipa Buletin de Bucure\u0219ti din septembrie 2025. A colaborat cu c\u00e2teva publica\u021bii, printre care \u0219i Fanatik.ro, unde s-a ocupat de \u0219tiri de lifestyle \u0219i de actualitate. A f\u0103cut un pas c\u0103tre presa local\u0103 pentru a explora Bucure\u0219tiul \u0219i pove\u0219tile care merit\u0103 spuse.","url":"https:\/\/buletin.de\/bucuresti\/author\/andreea-stanaranga\/"}]}},"authors":[{"term_id":23912,"user_id":65,"is_guest":0,"slug":"andreea-stanaranga","display_name":"Andreea St\u0103n\u0103r\u00eeng\u0103","avatar_url":"https:\/\/secure.gravatar.com\/avatar\/dfa8d227a4388fad0f0bb03add04b5b176f4da34397dbb2eadc563b3d7162ce0?s=96&d=monsterid&r=g","0":null,"1":"","2":"","3":"","4":"","5":"","6":"","7":"","8":""}],"_links":{"self":[{"href":"https:\/\/buletin.de\/bucuresti\/wp-json\/wp\/v2\/posts\/181103","targetHints":{"allow":["GET"]}}],"collection":[{"href":"https:\/\/buletin.de\/bucuresti\/wp-json\/wp\/v2\/posts"}],"about":[{"href":"https:\/\/buletin.de\/bucuresti\/wp-json\/wp\/v2\/types\/post"}],"author":[{"embeddable":true,"href":"https:\/\/buletin.de\/bucuresti\/wp-json\/wp\/v2\/users\/65"}],"replies":[{"embeddable":true,"href":"https:\/\/buletin.de\/bucuresti\/wp-json\/wp\/v2\/comments?post=181103"}],"version-history":[{"count":8,"href":"https:\/\/buletin.de\/bucuresti\/wp-json\/wp\/v2\/posts\/181103\/revisions"}],"predecessor-version":[{"id":181115,"href":"https:\/\/buletin.de\/bucuresti\/wp-json\/wp\/v2\/posts\/181103\/revisions\/181115"}],"wp:featuredmedia":[{"embeddable":true,"href":"https:\/\/buletin.de\/bucuresti\/wp-json\/wp\/v2\/media\/181109"}],"wp:attachment":[{"href":"https:\/\/buletin.de\/bucuresti\/wp-json\/wp\/v2\/media?parent=181103"}],"wp:term":[{"taxonomy":"category","embeddable":true,"href":"https:\/\/buletin.de\/bucuresti\/wp-json\/wp\/v2\/categories?post=181103"},{"taxonomy":"post_tag","embeddable":true,"href":"https:\/\/buletin.de\/bucuresti\/wp-json\/wp\/v2\/tags?post=181103"},{"taxonomy":"author","embeddable":true,"href":"https:\/\/buletin.de\/bucuresti\/wp-json\/wp\/v2\/ppma_author?post=181103"}],"curies":[{"name":"wp","href":"https:\/\/api.w.org\/{rel}","templated":true}]}}