{"id":181096,"date":"2026-03-17T12:26:10","date_gmt":"2026-03-17T09:26:10","guid":{"rendered":"https:\/\/buletin.de\/bucuresti\/?p=181096"},"modified":"2026-03-17T13:19:42","modified_gmt":"2026-03-17T10:19:42","slug":"greva-pe-aeroportul-din-berlin-miercuri-vor-fi-afectate-inclusiv-zborurile-din-si-spre-otopeni","status":"publish","type":"post","link":"https:\/\/buletin.de\/bucuresti\/greva-pe-aeroportul-din-berlin-miercuri-vor-fi-afectate-inclusiv-zborurile-din-si-spre-otopeni\/","title":{"rendered":"Grev\u0103 pe aeroportul din Berlin, miercuri. Vor fi afectate zboruri din \u0219i spre Otopeni"},"content":{"rendered":"\n<p><strong>Aeroportul Interna\u0163ional Berlin-Brandenburg a transmis c\u0103 miercuri, 18 martie 2026, nu vor fi operate zboruri, dup\u0103 ce sindicatul Verdi a anun\u021bat o grev\u0103, potrivit AFP \u0219i dpa, citate de <a href=\"https:\/\/agerpres.ro\/social-extern\/2026\/03\/16\/o-greva-obliga-aeroportul-din-berlin-sa-se-inchida-miercuri--1537929\" type=\"link\" id=\"https:\/\/agerpres.ro\/social-extern\/2026\/03\/16\/o-greva-obliga-aeroportul-din-berlin-sa-se-inchida-miercuri--1537929\" target=\"_blank\" rel=\"noreferrer noopener\">Agerpres<\/a>. <\/strong><\/p>\n\n\n\n<p><strong>\u00cen program erau prev\u0103zute aproximativ 445 de curse, ateriz\u0103ri \u0219i decol\u0103ri, cu circa 57.000 de pasageri. <\/strong><\/p>\n\n\n\n<h2 class=\"wp-block-heading\" id=\"h-cum-sunt-afectate-zborurile-de-noua-greva-pe-aeroportul-din-berlin-miercuri\">Cum sunt afectate zborurile de noua grev\u0103 pe aeroportul din Berlin, miercuri<\/h2>\n\n\n\n<p><strong>Aletta von Massenbach, pre\u0219edinta consiliului de administra\u021bie, a precizat c\u0103 greva este una \u201edispropor\u021bionat\u0103\u201d, \u00een contextul \u00een care traficul aerian mondial este deja afectat de r\u0103zboiul din Orientul Mijlociu.<\/strong><\/p>\n\n\n\n<p>Luni, sindicatul Verdi a transmis c\u0103 membrii s\u0103i \u00ee\u0219i vor \u00eentrerupe activitatea deoarece angajatorii \u201erefuz\u0103 s\u0103 prezinte o propunere deschis\u0103 la negocieri\u201d \u00een cadrul negocierilor pentru contractul colectiv de munc\u0103 pe urm\u0103toarele 12 luni. <\/p>\n\n\n\n<p>Sindicatul cere conducerii aeroportului o cre\u0219tere a salariilor cu 6% sau cu cel pu\u021bi  250 de euro pentru cei 2.000 de membri. S\u0103pt\u0103m\u00e2na trecut\u0103, angajatorul a prezentat o ofert\u0103 ini\u021bial\u0103 care ar fi inclus o cre\u0219tere de doar 1%. <\/p>\n\n\n\n<p><strong>Din cauza grevei, mai multe zboruri spre \u0219i dinspre Aeroportul Interna\u021bional \u201eHenri Coand\u0103\u201d Otopeni vor fi afectate, inclusiv cele <a href=\"https:\/\/buletin.de\/bucuresti\/cursele-aeriene-otopeni-damasc-vor-fi-reluate-apare-si-o-ruta-damasc-berlin-cu-escala-la-bucuresti\/\" type=\"link\" id=\"https:\/\/buletin.de\/bucuresti\/cursele-aeriene-otopeni-damasc-vor-fi-reluate-apare-si-o-ruta-damasc-berlin-cu-escala-la-bucuresti\/\" target=\"_blank\" rel=\"noreferrer noopener\">de escal\u0103<\/a>.<\/strong><\/p>\n\n\n\n<h2 class=\"wp-block-heading\" id=\"h-zboruri-catre-\u0219i-dinspre-orient-anulate-pe-aeroportul-otopeni\">Zboruri c\u0103tre \u0219i dinspre Orient, anulate pe aeroportul Otopeni<\/h2>\n\n\n\n<p>De la finalul lunii februarie, de c\u00e2nd a \u00eenceput conflictul din Orientul Mijlociu, mai multe zboruri c\u0103tre \u0219i dinspre destina\u021bii din Orientul Mijlociu au fost anulate. <\/p>\n\n\n\n<p><strong>Este vorba despre curse c\u0103tre Tel Aviv, Dubai, Doha, Beirut, Bahrein, Amman \u0219i Jebel Ali, operate de mai multe companii aeriene. <\/strong><\/p>\n\n\n\n<p>Mai mult,<a href=\"https:\/\/buletin.de\/bucuresti\/o-ruta-low-cost-bucuresti-dubai-suspendata-pana-in-septembrie\/\" type=\"link\" id=\"https:\/\/buletin.de\/bucuresti\/o-ruta-low-cost-bucuresti-dubai-suspendata-pana-in-septembrie\/\" target=\"_blank\" rel=\"noreferrer noopener\"> ruta<strong> Bucure\u0219ti Otopeni \u2013 Dubai<\/strong><\/a><strong>,<\/strong> operat\u0103 de compania low-cost Wizz Air, este suspendat\u0103 p\u00e2n\u0103 \u00een a doua jum\u0103tate a lunii septembrie 2026, dup\u0103 cum a anun\u021bat recent <strong><a href=\"https:\/\/boardingpass.ro\/wizz-air-suspenda-ruta-bucuresti-dubai-pana-in-septembrie-2026\/\" target=\"_blank\" rel=\"noreferrer noopener\">BoardingPass.ro<\/a><\/strong>. Zborurile regulate \u00eentre cele dou\u0103 destina\u021bii nu mai apar \u00een sistemul de rezerv\u0103ri p\u00e2n\u0103 pe 20 septembrie 2026. <\/p>\n\n\n\n<p><strong>CITE\u0218TE \u0218I <a href=\"https:\/\/buletin.de\/bucuresti\/romania-ar-putea-pierde-ultimii-bani-din-pnrr-pentru-autostrada-care-leaga-bucurestiul-de-moldova-asociatia-pro-infrastructura\/\" target=\"_blank\" rel=\"noreferrer noopener\">Rom\u00e2nia ar putea pierde ultimii bani din PNRR pentru autostrada care leag\u0103 Bucure\u0219tiul de Moldova | Asocia\u021bia Pro Infrastructur\u0103<\/a><\/strong><\/p>\n","protected":false},"excerpt":{"rendered":"<p>Aeroportul Interna\u0163ional Berlin-Brandenburg a transmis c\u0103 miercuri, 18 martie 2026, nu vor fi operate zboruri, dup\u0103 ce sindicatul Verdi a anun\u021bat o grev\u0103, potrivit AFP \u0219i dpa, citate de Agerpres. \u00cen program erau prev\u0103zute aproximativ 445 de curse, ateriz\u0103ri \u0219i decol\u0103ri, cu circa 57.000 de pasageri. Cum sunt afectate zborurile de noua grev\u0103 pe aeroportul [&hellip;]<\/p>\n","protected":false},"author":65,"featured_media":181102,"comment_status":"closed","ping_status":"open","sticky":false,"template":"","format":"standard","meta":{"_acf_changed":false,"inline_featured_image":false,"ngg_post_thumbnail":0,"footnotes":""},"categories":[6994,9026,5762],"tags":[2881,15939,2442,1156],"ppma_author":[23912],"class_list":["post-181096","post","type-post","status-publish","format-standard","has-post-thumbnail","hentry","category-stiri-2","category-eveniment","category-main","tag-aeroport-otopeni","tag-berlin","tag-greva","tag-zboruri"],"acf":[],"yoast_head":"<!-- This site is optimized with the Yoast SEO Premium plugin v25.3 (Yoast SEO v27.5) - https:\/\/yoast.com\/product\/yoast-seo-premium-wordpress\/ -->\n<title>Grev\u0103 pe aeroportul din Berlin, miercuri. Vor fi afectate zboruri din \u0219i spre Otopeni - Buletin de Bucure\u0219ti<\/title>\n<meta name=\"description\" content=\"Aeroportul Interna\u0163ional Berlin-Brandenburg a transmis miercuri nu vor fi operate zboruri, dup\u0103 ce sindicatul Verdi a anun\u021bat o grev\u0103\" \/>\n<meta name=\"robots\" content=\"index, follow, max-snippet:-1, max-image-preview:large, max-video-preview:-1\" \/>\n<link rel=\"canonical\" href=\"https:\/\/buletin.de\/bucuresti\/greva-pe-aeroportul-din-berlin-miercuri-vor-fi-afectate-inclusiv-zborurile-din-si-spre-otopeni\/\" \/>\n<meta property=\"og:locale\" content=\"en_GB\" \/>\n<meta property=\"og:type\" content=\"article\" \/>\n<meta property=\"og:title\" content=\"Grev\u0103 pe aeroportul din Berlin, miercuri. Vor fi afectate zboruri din \u0219i spre Otopeni\" \/>\n<meta property=\"og:description\" content=\"Aeroportul Interna\u0163ional Berlin-Brandenburg a transmis miercuri nu vor fi operate zboruri, dup\u0103 ce sindicatul Verdi a anun\u021bat o grev\u0103\" \/>\n<meta property=\"og:url\" content=\"https:\/\/buletin.de\/bucuresti\/greva-pe-aeroportul-din-berlin-miercuri-vor-fi-afectate-inclusiv-zborurile-din-si-spre-otopeni\/\" \/>\n<meta property=\"og:site_name\" content=\"Buletin de Bucure\u0219ti\" \/>\n<meta property=\"article:publisher\" content=\"https:\/\/www.facebook.com\/buletin.de.buc\" \/>\n<meta property=\"article:published_time\" content=\"2026-03-17T09:26:10+00:00\" \/>\n<meta property=\"article:modified_time\" content=\"2026-03-17T10:19:42+00:00\" \/>\n<meta property=\"og:image\" content=\"https:\/\/buletin.de\/bucuresti\/wp-content\/uploads\/2026\/03\/Greva-pe-aeroportul-din-Berlin.jpg\" \/>\n\t<meta property=\"og:image:width\" content=\"1200\" \/>\n\t<meta property=\"og:image:height\" content=\"661\" \/>\n\t<meta property=\"og:image:type\" content=\"image\/jpeg\" \/>\n<meta name=\"author\" content=\"Andreea St\u0103n\u0103r\u00eeng\u0103\" \/>\n<meta name=\"twitter:card\" content=\"summary_large_image\" \/>\n<meta name=\"twitter:label1\" content=\"Written by\" \/>\n\t<meta name=\"twitter:data1\" content=\"Andreea St\u0103n\u0103r\u00eeng\u0103\" \/>\n\t<meta name=\"twitter:label2\" content=\"Estimated reading time\" \/>\n\t<meta name=\"twitter:data2\" content=\"2 minutes\" \/>\n<script type=\"application\/ld+json\" class=\"yoast-schema-graph\">{\"@context\":\"https:\\\/\\\/schema.org\",\"@graph\":[{\"@type\":\"Article\",\"@id\":\"https:\\\/\\\/buletin.de\\\/bucuresti\\\/greva-pe-aeroportul-din-berlin-miercuri-vor-fi-afectate-inclusiv-zborurile-din-si-spre-otopeni\\\/#article\",\"isPartOf\":{\"@id\":\"https:\\\/\\\/buletin.de\\\/bucuresti\\\/greva-pe-aeroportul-din-berlin-miercuri-vor-fi-afectate-inclusiv-zborurile-din-si-spre-otopeni\\\/\"},\"author\":{\"name\":\"Andreea St\u0103n\u0103r\u00eeng\u0103\",\"@id\":\"https:\\\/\\\/buletin.de\\\/bucuresti\\\/#\\\/schema\\\/person\\\/81421a46fb84a0887cfd2238f5202586\"},\"headline\":\"Grev\u0103 pe aeroportul din Berlin, miercuri. Vor fi afectate zboruri din \u0219i spre Otopeni\",\"datePublished\":\"2026-03-17T09:26:10+00:00\",\"dateModified\":\"2026-03-17T10:19:42+00:00\",\"mainEntityOfPage\":{\"@id\":\"https:\\\/\\\/buletin.de\\\/bucuresti\\\/greva-pe-aeroportul-din-berlin-miercuri-vor-fi-afectate-inclusiv-zborurile-din-si-spre-otopeni\\\/\"},\"wordCount\":342,\"publisher\":{\"@id\":\"https:\\\/\\\/buletin.de\\\/bucuresti\\\/#organization\"},\"image\":{\"@id\":\"https:\\\/\\\/buletin.de\\\/bucuresti\\\/greva-pe-aeroportul-din-berlin-miercuri-vor-fi-afectate-inclusiv-zborurile-din-si-spre-otopeni\\\/#primaryimage\"},\"thumbnailUrl\":\"https:\\\/\\\/buletin.de\\\/bucuresti\\\/wp-content\\\/uploads\\\/2026\\\/03\\\/Greva-pe-aeroportul-din-Berlin.jpg\",\"keywords\":[\"aeroport otopeni\",\"Berlin\",\"greva\",\"zboruri\"],\"articleSection\":[\"Articole\",\"Eveniment\",\"Main\"],\"inLanguage\":\"en-GB\",\"copyrightYear\":\"2026\",\"copyrightHolder\":{\"@id\":\"https:\\\/\\\/buletin.de\\\/bucuresti\\\/#organization\"}},{\"@type\":\"WebPage\",\"@id\":\"https:\\\/\\\/buletin.de\\\/bucuresti\\\/greva-pe-aeroportul-din-berlin-miercuri-vor-fi-afectate-inclusiv-zborurile-din-si-spre-otopeni\\\/\",\"url\":\"https:\\\/\\\/buletin.de\\\/bucuresti\\\/greva-pe-aeroportul-din-berlin-miercuri-vor-fi-afectate-inclusiv-zborurile-din-si-spre-otopeni\\\/\",\"name\":\"Grev\u0103 pe aeroportul din Berlin, miercuri. Vor fi afectate zboruri din \u0219i spre Otopeni - Buletin de Bucure\u0219ti\",\"isPartOf\":{\"@id\":\"https:\\\/\\\/buletin.de\\\/bucuresti\\\/#website\"},\"primaryImageOfPage\":{\"@id\":\"https:\\\/\\\/buletin.de\\\/bucuresti\\\/greva-pe-aeroportul-din-berlin-miercuri-vor-fi-afectate-inclusiv-zborurile-din-si-spre-otopeni\\\/#primaryimage\"},\"image\":{\"@id\":\"https:\\\/\\\/buletin.de\\\/bucuresti\\\/greva-pe-aeroportul-din-berlin-miercuri-vor-fi-afectate-inclusiv-zborurile-din-si-spre-otopeni\\\/#primaryimage\"},\"thumbnailUrl\":\"https:\\\/\\\/buletin.de\\\/bucuresti\\\/wp-content\\\/uploads\\\/2026\\\/03\\\/Greva-pe-aeroportul-din-Berlin.jpg\",\"datePublished\":\"2026-03-17T09:26:10+00:00\",\"dateModified\":\"2026-03-17T10:19:42+00:00\",\"description\":\"Aeroportul Interna\u0163ional Berlin-Brandenburg a transmis miercuri nu vor fi operate zboruri, dup\u0103 ce sindicatul Verdi a anun\u021bat o grev\u0103\",\"breadcrumb\":{\"@id\":\"https:\\\/\\\/buletin.de\\\/bucuresti\\\/greva-pe-aeroportul-din-berlin-miercuri-vor-fi-afectate-inclusiv-zborurile-din-si-spre-otopeni\\\/#breadcrumb\"},\"inLanguage\":\"en-GB\",\"potentialAction\":[{\"@type\":\"ReadAction\",\"target\":[\"https:\\\/\\\/buletin.de\\\/bucuresti\\\/greva-pe-aeroportul-din-berlin-miercuri-vor-fi-afectate-inclusiv-zborurile-din-si-spre-otopeni\\\/\"]}]},{\"@type\":\"ImageObject\",\"inLanguage\":\"en-GB\",\"@id\":\"https:\\\/\\\/buletin.de\\\/bucuresti\\\/greva-pe-aeroportul-din-berlin-miercuri-vor-fi-afectate-inclusiv-zborurile-din-si-spre-otopeni\\\/#primaryimage\",\"url\":\"https:\\\/\\\/buletin.de\\\/bucuresti\\\/wp-content\\\/uploads\\\/2026\\\/03\\\/Greva-pe-aeroportul-din-Berlin.jpg\",\"contentUrl\":\"https:\\\/\\\/buletin.de\\\/bucuresti\\\/wp-content\\\/uploads\\\/2026\\\/03\\\/Greva-pe-aeroportul-din-Berlin.jpg\",\"width\":1200,\"height\":661,\"caption\":\"O grev\u0103 este anun\u021bat\u0103 pe aeroportul din Berlin miercuri. Foto: zbordirect.com\"},{\"@type\":\"BreadcrumbList\",\"@id\":\"https:\\\/\\\/buletin.de\\\/bucuresti\\\/greva-pe-aeroportul-din-berlin-miercuri-vor-fi-afectate-inclusiv-zborurile-din-si-spre-otopeni\\\/#breadcrumb\",\"itemListElement\":[{\"@type\":\"ListItem\",\"position\":1,\"name\":\"Acas\u0103\",\"item\":\"https:\\\/\\\/buletin.de\\\/bucuresti\\\/\"},{\"@type\":\"ListItem\",\"position\":2,\"name\":\"Grev\u0103 pe aeroportul din Berlin, miercuri. Vor fi afectate zboruri din \u0219i spre Otopeni\"}]},{\"@type\":\"WebSite\",\"@id\":\"https:\\\/\\\/buletin.de\\\/bucuresti\\\/#website\",\"url\":\"https:\\\/\\\/buletin.de\\\/bucuresti\\\/\",\"name\":\"Buletin de Bucure\u0219ti\",\"description\":\"\u0218tiri \u0219i investiga\u021bii esen\u021biale din capital\u0103\",\"publisher\":{\"@id\":\"https:\\\/\\\/buletin.de\\\/bucuresti\\\/#organization\"},\"potentialAction\":[{\"@type\":\"SearchAction\",\"target\":{\"@type\":\"EntryPoint\",\"urlTemplate\":\"https:\\\/\\\/buletin.de\\\/bucuresti\\\/?s={search_term_string}\"},\"query-input\":{\"@type\":\"PropertyValueSpecification\",\"valueRequired\":true,\"valueName\":\"search_term_string\"}}],\"inLanguage\":\"en-GB\"},{\"@type\":\"Organization\",\"@id\":\"https:\\\/\\\/buletin.de\\\/bucuresti\\\/#organization\",\"name\":\"Buletin de Bucure\u0219ti\",\"url\":\"https:\\\/\\\/buletin.de\\\/bucuresti\\\/\",\"logo\":{\"@type\":\"ImageObject\",\"inLanguage\":\"en-GB\",\"@id\":\"https:\\\/\\\/buletin.de\\\/bucuresti\\\/#\\\/schema\\\/logo\\\/image\\\/\",\"url\":\"https:\\\/\\\/buletin.de\\\/bucuresti\\\/wp-content\\\/uploads\\\/logo-bdb-full-wide-vernil-transparent.png\",\"contentUrl\":\"https:\\\/\\\/buletin.de\\\/bucuresti\\\/wp-content\\\/uploads\\\/logo-bdb-full-wide-vernil-transparent.png\",\"width\":1782,\"height\":626,\"caption\":\"Buletin de Bucure\u0219ti\"},\"image\":{\"@id\":\"https:\\\/\\\/buletin.de\\\/bucuresti\\\/#\\\/schema\\\/logo\\\/image\\\/\"},\"sameAs\":[\"https:\\\/\\\/www.facebook.com\\\/buletin.de.buc\",\"https:\\\/\\\/www.instagram.com\\\/buletinde.bucuresti\\\/\"]},{\"@type\":\"Person\",\"@id\":\"https:\\\/\\\/buletin.de\\\/bucuresti\\\/#\\\/schema\\\/person\\\/81421a46fb84a0887cfd2238f5202586\",\"name\":\"Andreea St\u0103n\u0103r\u00eeng\u0103\",\"image\":{\"@type\":\"ImageObject\",\"inLanguage\":\"en-GB\",\"@id\":\"https:\\\/\\\/secure.gravatar.com\\\/avatar\\\/dfa8d227a4388fad0f0bb03add04b5b176f4da34397dbb2eadc563b3d7162ce0?s=96&d=monsterid&r=g72784372b39ffe5a98a45288fe0d0e8a\",\"url\":\"https:\\\/\\\/secure.gravatar.com\\\/avatar\\\/dfa8d227a4388fad0f0bb03add04b5b176f4da34397dbb2eadc563b3d7162ce0?s=96&d=monsterid&r=g\",\"contentUrl\":\"https:\\\/\\\/secure.gravatar.com\\\/avatar\\\/dfa8d227a4388fad0f0bb03add04b5b176f4da34397dbb2eadc563b3d7162ce0?s=96&d=monsterid&r=g\",\"caption\":\"Andreea St\u0103n\u0103r\u00eeng\u0103\"},\"description\":\"Cu o experien\u021b\u0103 de peste 5 ani \u00een pres\u0103, face parte din echipa Buletin de Bucure\u0219ti din septembrie 2025. A colaborat cu c\u00e2teva publica\u021bii, printre care \u0219i Fanatik.ro, unde s-a ocupat de \u0219tiri de lifestyle \u0219i de actualitate. A f\u0103cut un pas c\u0103tre presa local\u0103 pentru a explora Bucure\u0219tiul \u0219i pove\u0219tile care merit\u0103 spuse.\",\"url\":\"https:\\\/\\\/buletin.de\\\/bucuresti\\\/author\\\/andreea-stanaranga\\\/\"}]}<\/script>\n<!-- \/ Yoast SEO Premium plugin. -->","yoast_head_json":{"title":"Grev\u0103 pe aeroportul din Berlin, miercuri. Vor fi afectate zboruri din \u0219i spre Otopeni - Buletin de Bucure\u0219ti","description":"Aeroportul Interna\u0163ional Berlin-Brandenburg a transmis miercuri nu vor fi operate zboruri, dup\u0103 ce sindicatul Verdi a anun\u021bat o grev\u0103","robots":{"index":"index","follow":"follow","max-snippet":"max-snippet:-1","max-image-preview":"max-image-preview:large","max-video-preview":"max-video-preview:-1"},"canonical":"https:\/\/buletin.de\/bucuresti\/greva-pe-aeroportul-din-berlin-miercuri-vor-fi-afectate-inclusiv-zborurile-din-si-spre-otopeni\/","og_locale":"en_GB","og_type":"article","og_title":"Grev\u0103 pe aeroportul din Berlin, miercuri. Vor fi afectate zboruri din \u0219i spre Otopeni","og_description":"Aeroportul Interna\u0163ional Berlin-Brandenburg a transmis miercuri nu vor fi operate zboruri, dup\u0103 ce sindicatul Verdi a anun\u021bat o grev\u0103","og_url":"https:\/\/buletin.de\/bucuresti\/greva-pe-aeroportul-din-berlin-miercuri-vor-fi-afectate-inclusiv-zborurile-din-si-spre-otopeni\/","og_site_name":"Buletin de Bucure\u0219ti","article_publisher":"https:\/\/www.facebook.com\/buletin.de.buc","article_published_time":"2026-03-17T09:26:10+00:00","article_modified_time":"2026-03-17T10:19:42+00:00","og_image":[{"width":1200,"height":661,"url":"https:\/\/buletin.de\/bucuresti\/wp-content\/uploads\/2026\/03\/Greva-pe-aeroportul-din-Berlin.jpg","type":"image\/jpeg"}],"author":"Andreea St\u0103n\u0103r\u00eeng\u0103","twitter_card":"summary_large_image","twitter_misc":{"Written by":"Andreea St\u0103n\u0103r\u00eeng\u0103","Estimated reading time":"2 minutes"},"schema":{"@context":"https:\/\/schema.org","@graph":[{"@type":"Article","@id":"https:\/\/buletin.de\/bucuresti\/greva-pe-aeroportul-din-berlin-miercuri-vor-fi-afectate-inclusiv-zborurile-din-si-spre-otopeni\/#article","isPartOf":{"@id":"https:\/\/buletin.de\/bucuresti\/greva-pe-aeroportul-din-berlin-miercuri-vor-fi-afectate-inclusiv-zborurile-din-si-spre-otopeni\/"},"author":{"name":"Andreea St\u0103n\u0103r\u00eeng\u0103","@id":"https:\/\/buletin.de\/bucuresti\/#\/schema\/person\/81421a46fb84a0887cfd2238f5202586"},"headline":"Grev\u0103 pe aeroportul din Berlin, miercuri. Vor fi afectate zboruri din \u0219i spre Otopeni","datePublished":"2026-03-17T09:26:10+00:00","dateModified":"2026-03-17T10:19:42+00:00","mainEntityOfPage":{"@id":"https:\/\/buletin.de\/bucuresti\/greva-pe-aeroportul-din-berlin-miercuri-vor-fi-afectate-inclusiv-zborurile-din-si-spre-otopeni\/"},"wordCount":342,"publisher":{"@id":"https:\/\/buletin.de\/bucuresti\/#organization"},"image":{"@id":"https:\/\/buletin.de\/bucuresti\/greva-pe-aeroportul-din-berlin-miercuri-vor-fi-afectate-inclusiv-zborurile-din-si-spre-otopeni\/#primaryimage"},"thumbnailUrl":"https:\/\/buletin.de\/bucuresti\/wp-content\/uploads\/2026\/03\/Greva-pe-aeroportul-din-Berlin.jpg","keywords":["aeroport otopeni","Berlin","greva","zboruri"],"articleSection":["Articole","Eveniment","Main"],"inLanguage":"en-GB","copyrightYear":"2026","copyrightHolder":{"@id":"https:\/\/buletin.de\/bucuresti\/#organization"}},{"@type":"WebPage","@id":"https:\/\/buletin.de\/bucuresti\/greva-pe-aeroportul-din-berlin-miercuri-vor-fi-afectate-inclusiv-zborurile-din-si-spre-otopeni\/","url":"https:\/\/buletin.de\/bucuresti\/greva-pe-aeroportul-din-berlin-miercuri-vor-fi-afectate-inclusiv-zborurile-din-si-spre-otopeni\/","name":"Grev\u0103 pe aeroportul din Berlin, miercuri. Vor fi afectate zboruri din \u0219i spre Otopeni - Buletin de Bucure\u0219ti","isPartOf":{"@id":"https:\/\/buletin.de\/bucuresti\/#website"},"primaryImageOfPage":{"@id":"https:\/\/buletin.de\/bucuresti\/greva-pe-aeroportul-din-berlin-miercuri-vor-fi-afectate-inclusiv-zborurile-din-si-spre-otopeni\/#primaryimage"},"image":{"@id":"https:\/\/buletin.de\/bucuresti\/greva-pe-aeroportul-din-berlin-miercuri-vor-fi-afectate-inclusiv-zborurile-din-si-spre-otopeni\/#primaryimage"},"thumbnailUrl":"https:\/\/buletin.de\/bucuresti\/wp-content\/uploads\/2026\/03\/Greva-pe-aeroportul-din-Berlin.jpg","datePublished":"2026-03-17T09:26:10+00:00","dateModified":"2026-03-17T10:19:42+00:00","description":"Aeroportul Interna\u0163ional Berlin-Brandenburg a transmis miercuri nu vor fi operate zboruri, dup\u0103 ce sindicatul Verdi a anun\u021bat o grev\u0103","breadcrumb":{"@id":"https:\/\/buletin.de\/bucuresti\/greva-pe-aeroportul-din-berlin-miercuri-vor-fi-afectate-inclusiv-zborurile-din-si-spre-otopeni\/#breadcrumb"},"inLanguage":"en-GB","potentialAction":[{"@type":"ReadAction","target":["https:\/\/buletin.de\/bucuresti\/greva-pe-aeroportul-din-berlin-miercuri-vor-fi-afectate-inclusiv-zborurile-din-si-spre-otopeni\/"]}]},{"@type":"ImageObject","inLanguage":"en-GB","@id":"https:\/\/buletin.de\/bucuresti\/greva-pe-aeroportul-din-berlin-miercuri-vor-fi-afectate-inclusiv-zborurile-din-si-spre-otopeni\/#primaryimage","url":"https:\/\/buletin.de\/bucuresti\/wp-content\/uploads\/2026\/03\/Greva-pe-aeroportul-din-Berlin.jpg","contentUrl":"https:\/\/buletin.de\/bucuresti\/wp-content\/uploads\/2026\/03\/Greva-pe-aeroportul-din-Berlin.jpg","width":1200,"height":661,"caption":"O grev\u0103 este anun\u021bat\u0103 pe aeroportul din Berlin miercuri. Foto: zbordirect.com"},{"@type":"BreadcrumbList","@id":"https:\/\/buletin.de\/bucuresti\/greva-pe-aeroportul-din-berlin-miercuri-vor-fi-afectate-inclusiv-zborurile-din-si-spre-otopeni\/#breadcrumb","itemListElement":[{"@type":"ListItem","position":1,"name":"Acas\u0103","item":"https:\/\/buletin.de\/bucuresti\/"},{"@type":"ListItem","position":2,"name":"Grev\u0103 pe aeroportul din Berlin, miercuri. Vor fi afectate zboruri din \u0219i spre Otopeni"}]},{"@type":"WebSite","@id":"https:\/\/buletin.de\/bucuresti\/#website","url":"https:\/\/buletin.de\/bucuresti\/","name":"Buletin de Bucure\u0219ti","description":"\u0218tiri \u0219i investiga\u021bii esen\u021biale din capital\u0103","publisher":{"@id":"https:\/\/buletin.de\/bucuresti\/#organization"},"potentialAction":[{"@type":"SearchAction","target":{"@type":"EntryPoint","urlTemplate":"https:\/\/buletin.de\/bucuresti\/?s={search_term_string}"},"query-input":{"@type":"PropertyValueSpecification","valueRequired":true,"valueName":"search_term_string"}}],"inLanguage":"en-GB"},{"@type":"Organization","@id":"https:\/\/buletin.de\/bucuresti\/#organization","name":"Buletin de Bucure\u0219ti","url":"https:\/\/buletin.de\/bucuresti\/","logo":{"@type":"ImageObject","inLanguage":"en-GB","@id":"https:\/\/buletin.de\/bucuresti\/#\/schema\/logo\/image\/","url":"https:\/\/buletin.de\/bucuresti\/wp-content\/uploads\/logo-bdb-full-wide-vernil-transparent.png","contentUrl":"https:\/\/buletin.de\/bucuresti\/wp-content\/uploads\/logo-bdb-full-wide-vernil-transparent.png","width":1782,"height":626,"caption":"Buletin de Bucure\u0219ti"},"image":{"@id":"https:\/\/buletin.de\/bucuresti\/#\/schema\/logo\/image\/"},"sameAs":["https:\/\/www.facebook.com\/buletin.de.buc","https:\/\/www.instagram.com\/buletinde.bucuresti\/"]},{"@type":"Person","@id":"https:\/\/buletin.de\/bucuresti\/#\/schema\/person\/81421a46fb84a0887cfd2238f5202586","name":"Andreea St\u0103n\u0103r\u00eeng\u0103","image":{"@type":"ImageObject","inLanguage":"en-GB","@id":"https:\/\/secure.gravatar.com\/avatar\/dfa8d227a4388fad0f0bb03add04b5b176f4da34397dbb2eadc563b3d7162ce0?s=96&d=monsterid&r=g72784372b39ffe5a98a45288fe0d0e8a","url":"https:\/\/secure.gravatar.com\/avatar\/dfa8d227a4388fad0f0bb03add04b5b176f4da34397dbb2eadc563b3d7162ce0?s=96&d=monsterid&r=g","contentUrl":"https:\/\/secure.gravatar.com\/avatar\/dfa8d227a4388fad0f0bb03add04b5b176f4da34397dbb2eadc563b3d7162ce0?s=96&d=monsterid&r=g","caption":"Andreea St\u0103n\u0103r\u00eeng\u0103"},"description":"Cu o experien\u021b\u0103 de peste 5 ani \u00een pres\u0103, face parte din echipa Buletin de Bucure\u0219ti din septembrie 2025. A colaborat cu c\u00e2teva publica\u021bii, printre care \u0219i Fanatik.ro, unde s-a ocupat de \u0219tiri de lifestyle \u0219i de actualitate. A f\u0103cut un pas c\u0103tre presa local\u0103 pentru a explora Bucure\u0219tiul \u0219i pove\u0219tile care merit\u0103 spuse.","url":"https:\/\/buletin.de\/bucuresti\/author\/andreea-stanaranga\/"}]}},"authors":[{"term_id":23912,"user_id":65,"is_guest":0,"slug":"andreea-stanaranga","display_name":"Andreea St\u0103n\u0103r\u00eeng\u0103","avatar_url":"https:\/\/secure.gravatar.com\/avatar\/dfa8d227a4388fad0f0bb03add04b5b176f4da34397dbb2eadc563b3d7162ce0?s=96&d=monsterid&r=g","0":null,"1":"","2":"","3":"","4":"","5":"","6":"","7":"","8":""}],"_links":{"self":[{"href":"https:\/\/buletin.de\/bucuresti\/wp-json\/wp\/v2\/posts\/181096","targetHints":{"allow":["GET"]}}],"collection":[{"href":"https:\/\/buletin.de\/bucuresti\/wp-json\/wp\/v2\/posts"}],"about":[{"href":"https:\/\/buletin.de\/bucuresti\/wp-json\/wp\/v2\/types\/post"}],"author":[{"embeddable":true,"href":"https:\/\/buletin.de\/bucuresti\/wp-json\/wp\/v2\/users\/65"}],"replies":[{"embeddable":true,"href":"https:\/\/buletin.de\/bucuresti\/wp-json\/wp\/v2\/comments?post=181096"}],"version-history":[{"count":6,"href":"https:\/\/buletin.de\/bucuresti\/wp-json\/wp\/v2\/posts\/181096\/revisions"}],"predecessor-version":[{"id":181129,"href":"https:\/\/buletin.de\/bucuresti\/wp-json\/wp\/v2\/posts\/181096\/revisions\/181129"}],"wp:featuredmedia":[{"embeddable":true,"href":"https:\/\/buletin.de\/bucuresti\/wp-json\/wp\/v2\/media\/181102"}],"wp:attachment":[{"href":"https:\/\/buletin.de\/bucuresti\/wp-json\/wp\/v2\/media?parent=181096"}],"wp:term":[{"taxonomy":"category","embeddable":true,"href":"https:\/\/buletin.de\/bucuresti\/wp-json\/wp\/v2\/categories?post=181096"},{"taxonomy":"post_tag","embeddable":true,"href":"https:\/\/buletin.de\/bucuresti\/wp-json\/wp\/v2\/tags?post=181096"},{"taxonomy":"author","embeddable":true,"href":"https:\/\/buletin.de\/bucuresti\/wp-json\/wp\/v2\/ppma_author?post=181096"}],"curies":[{"name":"wp","href":"https:\/\/api.w.org\/{rel}","templated":true}]}}