{"id":181082,"date":"2026-03-17T11:43:40","date_gmt":"2026-03-17T08:43:40","guid":{"rendered":"https:\/\/buletin.de\/bucuresti\/?p=181082"},"modified":"2026-03-17T11:43:41","modified_gmt":"2026-03-17T08:43:41","slug":"sector-5-circulatie-reorganizata-pe-strada-sirenelor-dublu-sens-si-acces-restrictionat-pe-un-tronson","status":"publish","type":"post","link":"https:\/\/buletin.de\/bucuresti\/sector-5-circulatie-reorganizata-pe-strada-sirenelor-dublu-sens-si-acces-restrictionat-pe-un-tronson\/","title":{"rendered":"Sector 5 | Circula\u021bie reorganizat\u0103 pe strada Sirenelor: dublu sens \u0219i acces restric\u021bionat pe un tronson"},"content":{"rendered":"\n<p><strong><a href=\"https:\/\/www.facebook.com\/photo\/?fbid=122247523130248535&amp;set=a.122143409312248535\" type=\"link\" id=\"https:\/\/www.facebook.com\/photo\/?fbid=122247523130248535&amp;set=a.122143409312248535\" target=\"_blank\" rel=\"noreferrer noopener\">Administra\u021bia Dezvoltare Urban\u0103 Sector 5<\/a> anun\u021b\u0103 c\u0103 circula\u021bia de pe strada Sirenelor se va desf\u0103\u0219ura cu dublu sens, \u00een urma proiectului de sistematizare rutier\u0103. <\/strong><\/p>\n\n\n\n<p><strong>Noile reglement\u0103ri se aplic\u0103 pe tronsonul cuprins \u00eentre Str. Pui\u0219or \u0219i Str. Ion Popescu &#8211; Gopo. <\/strong>Pe acest segment, circula\u021bia se desf\u0103\u0219oar\u0103 cu dublu sens. <\/p>\n\n\n\n<h2 class=\"wp-block-heading\" id=\"h-circula\u021bie-cu-dublu-sens-pe-strada-sirenelor-in-sectorul-5\">Circula\u021bie cu dublu sens pe strada Sirenelor, \u00een Sectorul 5 <\/h2>\n\n\n\n<p><strong>Oprirea va fi interzis\u0103 pe toat\u0103 lungime tronsonului, pe ambele sensuri de mers<\/strong>, dup\u0103 cum <a href=\"https:\/\/buletin.de\/bucuresti\/sector-5-modificari-de-circulatie-in-jurul-parcului-ferentari-valabile-de-astazi-15-octombrie\/\" type=\"link\" id=\"https:\/\/buletin.de\/bucuresti\/sector-5-modificari-de-circulatie-in-jurul-parcului-ferentari-valabile-de-astazi-15-octombrie\/\" target=\"_blank\" rel=\"noreferrer noopener\">a mai precizat <\/a>Administra\u021bia Dezvoltare Urban\u0103 Sector 5. <\/p>\n\n\n\n<p>\u00cen continuarea Str. Sirenelor, dup\u0103 intersec\u021bia cu Str. Pui\u0219or, sunt impuse \u0219i restric\u021bii suplimentare. Astfel, accesul va fi interzis, iar conduc\u0103torii auto sunt obliga\u021bi s\u0103 vireze la dreapta, pe Str. Pui\u0219or. <\/p>\n\n\n\n<p>\u201e<em>Administra\u021bia Dezvoltare Urban\u0103 Sector 5 v\u0103 informeaz\u0103 c\u0103, \u00een urma proiectului de sistematizare rutier\u0103, circula\u021bia pe Str. Sirenelor, pe tronsonul cuprins \u00eentre Str. Pui\u0219or \u0219i Str. Ion Popescu \u2013 Gopo, se va desf\u0103\u0219ura \u00een dublu sens. <\/em><\/p>\n\n\n\n<p><em><strong>Oprirea va fi interzis\u0103 pe toat\u0103 lungimea tronsonului, pe ambele sensuri de mers.<\/strong> \u00cen continuarea Str. Sirenelor, dup\u0103 intersec\u021bia cu Str. Pui\u0219or, accesul va fi interzis, fiind obligatorie virarea la dreapta pe Str. Pui\u0219or.\u201d<\/em>, se precizeaz\u0103 \u00een comunicatul institu\u021biei. <\/p>\n\n\n\n<figure class=\"wp-block-image size-large\"><img fetchpriority=\"high\" decoding=\"async\" width=\"1000\" height=\"838\" src=\"data:image\/gif;base64,R0lGODlhAQABAAAAACH5BAEKAAEALAAAAAABAAEAAAICTAEAOw==\" data-src=\"https:\/\/buletin.de\/bucuresti\/wp-content\/uploads\/2026\/03\/653805402_122247523136248535_2468639041422204641_n-1000x838.jpg\" alt=\"\" class=\"wp-image-181085 lazyload\" data-sizes=\"auto\" data-srcset=\"https:\/\/buletin.de\/bucuresti\/wp-content\/uploads\/2026\/03\/653805402_122247523136248535_2468639041422204641_n-1000x838.jpg 1000w, https:\/\/buletin.de\/bucuresti\/wp-content\/uploads\/2026\/03\/653805402_122247523136248535_2468639041422204641_n-300x252.jpg 300w, https:\/\/buletin.de\/bucuresti\/wp-content\/uploads\/2026\/03\/653805402_122247523136248535_2468639041422204641_n-768x644.jpg 768w, https:\/\/buletin.de\/bucuresti\/wp-content\/uploads\/2026\/03\/653805402_122247523136248535_2468639041422204641_n-1536x1288.jpg 1536w, https:\/\/buletin.de\/bucuresti\/wp-content\/uploads\/2026\/03\/653805402_122247523136248535_2468639041422204641_n-1600x1341.jpg 1600w, https:\/\/buletin.de\/bucuresti\/wp-content\/uploads\/2026\/03\/653805402_122247523136248535_2468639041422204641_n-1100x922.jpg 1100w, https:\/\/buletin.de\/bucuresti\/wp-content\/uploads\/2026\/03\/653805402_122247523136248535_2468639041422204641_n-600x503.jpg 600w, https:\/\/buletin.de\/bucuresti\/wp-content\/uploads\/2026\/03\/653805402_122247523136248535_2468639041422204641_n-20x17.jpg 20w, https:\/\/buletin.de\/bucuresti\/wp-content\/uploads\/2026\/03\/653805402_122247523136248535_2468639041422204641_n.jpg 2048w\" sizes=\"(max-width: 1000px) 100vw, 1000px\" \/><figcaption class=\"wp-element-caption\">Reorganizare pe strada Sirenelor. Foto: Administra\u021bia Dezvoltare Urban\u0103 Sector 5 <\/figcaption><\/figure>\n\n\n\n<h2 class=\"wp-block-heading\" id=\"h-locuitorii-din-sectorul-5-pot-face-sesizari-despre-starea-strazilor\">Locuitorii din Sectorul 5 pot face sesiz\u0103ri despre starea str\u0103zilor <\/h2>\n\n\n\n<p><strong>Cet\u0103\u021benii care locuiesc \u00een Sectorul 5 au la dispozi\u021bie un num\u0103r de telefon unde pot face <a href=\"https:\/\/buletin.de\/bucuresti\/unde-pot-bucurestenii-din-sectorul-5-sa-faca-sesizari-despre-gropi-si-starea-strazilor\/\" type=\"link\" id=\"https:\/\/buletin.de\/bucuresti\/unde-pot-bucurestenii-din-sectorul-5-sa-faca-sesizari-despre-gropi-si-starea-strazilor\/\" target=\"_blank\" rel=\"noreferrer noopener\">sesiz\u0103ri c\u0103tre Prim\u0103rie \u00een leg\u0103tur\u0103 cu gropile ap\u0103rute dup\u0103 sezonul rece <\/a>\u0219i alte probleme privind starea carosabilului \u0219i a trotuarelor.<\/strong><\/p>\n\n\n\n<p>Dup\u0103 ce sesiz\u0103rile sunt preluate, pe teren vor fi trimise echipe de muncitori pentru a remedia problemele semnalate de locuitori. <\/p>\n\n\n\n<p>Cet\u0103\u021benii pot face sesiz\u0103ri la num\u0103rul de telefon <strong>0735 281 304<\/strong>, inclusiv sub forma unor mesaje trimise prin intermediul aplica\u021biei WhatsApp. <strong>Administra\u021bia local\u0103 a mai precizat c\u0103 este nevoie \u0219i de fotografii cu gropile \u0219i de loca\u021bia exact\u0103 unde se afl\u0103 acestea.<\/strong><\/p>\n\n\n\n<p>CITE\u0218TE \u0218I <a href=\"https:\/\/buletin.de\/bucuresti\/impozitul-pe-cladiri-al-bucurestenilor-din-sectorul-3-a-fost-actualizat-cei-care-au-platit-inainte-de-aplicarea-reducerilor-nu-pot-cere-restituirea-sumelor\/\" target=\"_blank\" rel=\"noreferrer noopener\">Impozitul pe cl\u0103diri al bucure\u0219tenilor din Sectorul 3 a fost actualizat. Cei care au pl\u0103tit \u00eenainte de aplicarea reducerilor nu pot cere restituirea sumelor<\/a><\/p>\n","protected":false},"excerpt":{"rendered":"<p>Administra\u021bia Dezvoltare Urban\u0103 Sector 5 anun\u021b\u0103 c\u0103 circula\u021bia de pe strada Sirenelor se va desf\u0103\u0219ura cu dublu sens, \u00een urma proiectului de sistematizare rutier\u0103. Noile reglement\u0103ri se aplic\u0103 pe tronsonul cuprins \u00eentre Str. Pui\u0219or \u0219i Str. Ion Popescu &#8211; Gopo. Pe acest segment, circula\u021bia se desf\u0103\u0219oar\u0103 cu dublu sens. Circula\u021bie cu dublu sens pe strada [&hellip;]<\/p>\n","protected":false},"author":65,"featured_media":181091,"comment_status":"closed","ping_status":"open","sticky":false,"template":"","format":"standard","meta":{"_acf_changed":false,"inline_featured_image":false,"ngg_post_thumbnail":0,"footnotes":""},"categories":[6994,24,62],"tags":[27138,3290,27136,188,27137],"ppma_author":[23912],"class_list":["post-181082","post","type-post","status-publish","format-standard","has-post-thumbnail","hentry","category-stiri-2","category-primarie","category-stiri","tag-administratia-dezvoltare-urbana-sector-5","tag-circulatie","tag-dublu-sens","tag-sector-5","tag-strada-sirenelor"],"acf":[],"yoast_head":"<!-- This site is optimized with the Yoast SEO Premium plugin v25.3 (Yoast SEO v27.5) - https:\/\/yoast.com\/product\/yoast-seo-premium-wordpress\/ -->\n<title>Sector 5 | Circula\u021bie reorganizat\u0103 pe strada Sirenelor: dublu sens \u0219i acces restric\u021bionat pe un tronson - Buletin de Bucure\u0219ti<\/title>\n<meta name=\"description\" content=\"Administra\u021bia Dezvoltare Urban\u0103 Sector 5 anun\u021b\u0103 c\u0103 circula\u021bia de pe strada Sirenelor se va desf\u0103\u0219ura cu dublu sens.\" \/>\n<meta name=\"robots\" content=\"index, follow, max-snippet:-1, max-image-preview:large, max-video-preview:-1\" \/>\n<link rel=\"canonical\" href=\"https:\/\/buletin.de\/bucuresti\/sector-5-circulatie-reorganizata-pe-strada-sirenelor-dublu-sens-si-acces-restrictionat-pe-un-tronson\/\" \/>\n<meta property=\"og:locale\" content=\"en_GB\" \/>\n<meta property=\"og:type\" content=\"article\" \/>\n<meta property=\"og:title\" content=\"Sector 5 | Circula\u021bie reorganizat\u0103 pe strada Sirenelor: dublu sens \u0219i acces restric\u021bionat pe un tronson\" \/>\n<meta property=\"og:description\" content=\"Administra\u021bia Dezvoltare Urban\u0103 Sector 5 anun\u021b\u0103 c\u0103 circula\u021bia de pe strada Sirenelor se va desf\u0103\u0219ura cu dublu sens.\" \/>\n<meta property=\"og:url\" content=\"https:\/\/buletin.de\/bucuresti\/sector-5-circulatie-reorganizata-pe-strada-sirenelor-dublu-sens-si-acces-restrictionat-pe-un-tronson\/\" \/>\n<meta property=\"og:site_name\" content=\"Buletin de Bucure\u0219ti\" \/>\n<meta property=\"article:publisher\" content=\"https:\/\/www.facebook.com\/buletin.de.buc\" \/>\n<meta property=\"article:published_time\" content=\"2026-03-17T08:43:40+00:00\" \/>\n<meta property=\"article:modified_time\" content=\"2026-03-17T08:43:41+00:00\" \/>\n<meta property=\"og:image\" content=\"https:\/\/buletin.de\/bucuresti\/wp-content\/uploads\/2026\/03\/Circulatie-cu-dublu-sens-strada-Sirenelor.jpg\" \/>\n\t<meta property=\"og:image:width\" content=\"1200\" \/>\n\t<meta property=\"og:image:height\" content=\"661\" \/>\n\t<meta property=\"og:image:type\" content=\"image\/jpeg\" \/>\n<meta name=\"author\" content=\"Andreea St\u0103n\u0103r\u00eeng\u0103\" \/>\n<meta name=\"twitter:card\" content=\"summary_large_image\" \/>\n<meta name=\"twitter:label1\" content=\"Written by\" \/>\n\t<meta name=\"twitter:data1\" content=\"Andreea St\u0103n\u0103r\u00eeng\u0103\" \/>\n\t<meta name=\"twitter:label2\" content=\"Estimated reading time\" \/>\n\t<meta name=\"twitter:data2\" content=\"2 minutes\" \/>\n<script type=\"application\/ld+json\" class=\"yoast-schema-graph\">{\"@context\":\"https:\\\/\\\/schema.org\",\"@graph\":[{\"@type\":\"Article\",\"@id\":\"https:\\\/\\\/buletin.de\\\/bucuresti\\\/sector-5-circulatie-reorganizata-pe-strada-sirenelor-dublu-sens-si-acces-restrictionat-pe-un-tronson\\\/#article\",\"isPartOf\":{\"@id\":\"https:\\\/\\\/buletin.de\\\/bucuresti\\\/sector-5-circulatie-reorganizata-pe-strada-sirenelor-dublu-sens-si-acces-restrictionat-pe-un-tronson\\\/\"},\"author\":{\"name\":\"Andreea St\u0103n\u0103r\u00eeng\u0103\",\"@id\":\"https:\\\/\\\/buletin.de\\\/bucuresti\\\/#\\\/schema\\\/person\\\/81421a46fb84a0887cfd2238f5202586\"},\"headline\":\"Sector 5 | Circula\u021bie reorganizat\u0103 pe strada Sirenelor: dublu sens \u0219i acces restric\u021bionat pe un tronson\",\"datePublished\":\"2026-03-17T08:43:40+00:00\",\"dateModified\":\"2026-03-17T08:43:41+00:00\",\"mainEntityOfPage\":{\"@id\":\"https:\\\/\\\/buletin.de\\\/bucuresti\\\/sector-5-circulatie-reorganizata-pe-strada-sirenelor-dublu-sens-si-acces-restrictionat-pe-un-tronson\\\/\"},\"wordCount\":381,\"publisher\":{\"@id\":\"https:\\\/\\\/buletin.de\\\/bucuresti\\\/#organization\"},\"image\":{\"@id\":\"https:\\\/\\\/buletin.de\\\/bucuresti\\\/sector-5-circulatie-reorganizata-pe-strada-sirenelor-dublu-sens-si-acces-restrictionat-pe-un-tronson\\\/#primaryimage\"},\"thumbnailUrl\":\"https:\\\/\\\/buletin.de\\\/bucuresti\\\/wp-content\\\/uploads\\\/2026\\\/03\\\/Circulatie-cu-dublu-sens-strada-Sirenelor.jpg\",\"keywords\":[\"Administra\u021bia Dezvoltare Urban\u0103 Sector 5\",\"circulatie\",\"dublu sens\",\"Sector 5\",\"strada sirenelor\"],\"articleSection\":[\"Articole\",\"Prim\u0103rie\",\"\u0218tiri\"],\"inLanguage\":\"en-GB\",\"copyrightYear\":\"2026\",\"copyrightHolder\":{\"@id\":\"https:\\\/\\\/buletin.de\\\/bucuresti\\\/#organization\"}},{\"@type\":\"WebPage\",\"@id\":\"https:\\\/\\\/buletin.de\\\/bucuresti\\\/sector-5-circulatie-reorganizata-pe-strada-sirenelor-dublu-sens-si-acces-restrictionat-pe-un-tronson\\\/\",\"url\":\"https:\\\/\\\/buletin.de\\\/bucuresti\\\/sector-5-circulatie-reorganizata-pe-strada-sirenelor-dublu-sens-si-acces-restrictionat-pe-un-tronson\\\/\",\"name\":\"Sector 5 | Circula\u021bie reorganizat\u0103 pe strada Sirenelor: dublu sens \u0219i acces restric\u021bionat pe un tronson - Buletin de Bucure\u0219ti\",\"isPartOf\":{\"@id\":\"https:\\\/\\\/buletin.de\\\/bucuresti\\\/#website\"},\"primaryImageOfPage\":{\"@id\":\"https:\\\/\\\/buletin.de\\\/bucuresti\\\/sector-5-circulatie-reorganizata-pe-strada-sirenelor-dublu-sens-si-acces-restrictionat-pe-un-tronson\\\/#primaryimage\"},\"image\":{\"@id\":\"https:\\\/\\\/buletin.de\\\/bucuresti\\\/sector-5-circulatie-reorganizata-pe-strada-sirenelor-dublu-sens-si-acces-restrictionat-pe-un-tronson\\\/#primaryimage\"},\"thumbnailUrl\":\"https:\\\/\\\/buletin.de\\\/bucuresti\\\/wp-content\\\/uploads\\\/2026\\\/03\\\/Circulatie-cu-dublu-sens-strada-Sirenelor.jpg\",\"datePublished\":\"2026-03-17T08:43:40+00:00\",\"dateModified\":\"2026-03-17T08:43:41+00:00\",\"description\":\"Administra\u021bia Dezvoltare Urban\u0103 Sector 5 anun\u021b\u0103 c\u0103 circula\u021bia de pe strada Sirenelor se va desf\u0103\u0219ura cu dublu sens.\",\"breadcrumb\":{\"@id\":\"https:\\\/\\\/buletin.de\\\/bucuresti\\\/sector-5-circulatie-reorganizata-pe-strada-sirenelor-dublu-sens-si-acces-restrictionat-pe-un-tronson\\\/#breadcrumb\"},\"inLanguage\":\"en-GB\",\"potentialAction\":[{\"@type\":\"ReadAction\",\"target\":[\"https:\\\/\\\/buletin.de\\\/bucuresti\\\/sector-5-circulatie-reorganizata-pe-strada-sirenelor-dublu-sens-si-acces-restrictionat-pe-un-tronson\\\/\"]}]},{\"@type\":\"ImageObject\",\"inLanguage\":\"en-GB\",\"@id\":\"https:\\\/\\\/buletin.de\\\/bucuresti\\\/sector-5-circulatie-reorganizata-pe-strada-sirenelor-dublu-sens-si-acces-restrictionat-pe-un-tronson\\\/#primaryimage\",\"url\":\"https:\\\/\\\/buletin.de\\\/bucuresti\\\/wp-content\\\/uploads\\\/2026\\\/03\\\/Circulatie-cu-dublu-sens-strada-Sirenelor.jpg\",\"contentUrl\":\"https:\\\/\\\/buletin.de\\\/bucuresti\\\/wp-content\\\/uploads\\\/2026\\\/03\\\/Circulatie-cu-dublu-sens-strada-Sirenelor.jpg\",\"width\":1200,\"height\":661,\"caption\":\"Circula\u021bie cu dublu sens pe strada Sirenelor, \u00een Sectorul 5. Foto: Google Maps\"},{\"@type\":\"BreadcrumbList\",\"@id\":\"https:\\\/\\\/buletin.de\\\/bucuresti\\\/sector-5-circulatie-reorganizata-pe-strada-sirenelor-dublu-sens-si-acces-restrictionat-pe-un-tronson\\\/#breadcrumb\",\"itemListElement\":[{\"@type\":\"ListItem\",\"position\":1,\"name\":\"Acas\u0103\",\"item\":\"https:\\\/\\\/buletin.de\\\/bucuresti\\\/\"},{\"@type\":\"ListItem\",\"position\":2,\"name\":\"Sector 5 | Circula\u021bie reorganizat\u0103 pe strada Sirenelor: dublu sens \u0219i acces restric\u021bionat pe un tronson\"}]},{\"@type\":\"WebSite\",\"@id\":\"https:\\\/\\\/buletin.de\\\/bucuresti\\\/#website\",\"url\":\"https:\\\/\\\/buletin.de\\\/bucuresti\\\/\",\"name\":\"Buletin de Bucure\u0219ti\",\"description\":\"\u0218tiri \u0219i investiga\u021bii esen\u021biale din capital\u0103\",\"publisher\":{\"@id\":\"https:\\\/\\\/buletin.de\\\/bucuresti\\\/#organization\"},\"potentialAction\":[{\"@type\":\"SearchAction\",\"target\":{\"@type\":\"EntryPoint\",\"urlTemplate\":\"https:\\\/\\\/buletin.de\\\/bucuresti\\\/?s={search_term_string}\"},\"query-input\":{\"@type\":\"PropertyValueSpecification\",\"valueRequired\":true,\"valueName\":\"search_term_string\"}}],\"inLanguage\":\"en-GB\"},{\"@type\":\"Organization\",\"@id\":\"https:\\\/\\\/buletin.de\\\/bucuresti\\\/#organization\",\"name\":\"Buletin de Bucure\u0219ti\",\"url\":\"https:\\\/\\\/buletin.de\\\/bucuresti\\\/\",\"logo\":{\"@type\":\"ImageObject\",\"inLanguage\":\"en-GB\",\"@id\":\"https:\\\/\\\/buletin.de\\\/bucuresti\\\/#\\\/schema\\\/logo\\\/image\\\/\",\"url\":\"https:\\\/\\\/buletin.de\\\/bucuresti\\\/wp-content\\\/uploads\\\/logo-bdb-full-wide-vernil-transparent.png\",\"contentUrl\":\"https:\\\/\\\/buletin.de\\\/bucuresti\\\/wp-content\\\/uploads\\\/logo-bdb-full-wide-vernil-transparent.png\",\"width\":1782,\"height\":626,\"caption\":\"Buletin de Bucure\u0219ti\"},\"image\":{\"@id\":\"https:\\\/\\\/buletin.de\\\/bucuresti\\\/#\\\/schema\\\/logo\\\/image\\\/\"},\"sameAs\":[\"https:\\\/\\\/www.facebook.com\\\/buletin.de.buc\",\"https:\\\/\\\/www.instagram.com\\\/buletinde.bucuresti\\\/\"]},{\"@type\":\"Person\",\"@id\":\"https:\\\/\\\/buletin.de\\\/bucuresti\\\/#\\\/schema\\\/person\\\/81421a46fb84a0887cfd2238f5202586\",\"name\":\"Andreea St\u0103n\u0103r\u00eeng\u0103\",\"image\":{\"@type\":\"ImageObject\",\"inLanguage\":\"en-GB\",\"@id\":\"https:\\\/\\\/secure.gravatar.com\\\/avatar\\\/dfa8d227a4388fad0f0bb03add04b5b176f4da34397dbb2eadc563b3d7162ce0?s=96&d=monsterid&r=g72784372b39ffe5a98a45288fe0d0e8a\",\"url\":\"https:\\\/\\\/secure.gravatar.com\\\/avatar\\\/dfa8d227a4388fad0f0bb03add04b5b176f4da34397dbb2eadc563b3d7162ce0?s=96&d=monsterid&r=g\",\"contentUrl\":\"https:\\\/\\\/secure.gravatar.com\\\/avatar\\\/dfa8d227a4388fad0f0bb03add04b5b176f4da34397dbb2eadc563b3d7162ce0?s=96&d=monsterid&r=g\",\"caption\":\"Andreea St\u0103n\u0103r\u00eeng\u0103\"},\"description\":\"Cu o experien\u021b\u0103 de peste 5 ani \u00een pres\u0103, face parte din echipa Buletin de Bucure\u0219ti din septembrie 2025. A colaborat cu c\u00e2teva publica\u021bii, printre care \u0219i Fanatik.ro, unde s-a ocupat de \u0219tiri de lifestyle \u0219i de actualitate. A f\u0103cut un pas c\u0103tre presa local\u0103 pentru a explora Bucure\u0219tiul \u0219i pove\u0219tile care merit\u0103 spuse.\",\"url\":\"https:\\\/\\\/buletin.de\\\/bucuresti\\\/author\\\/andreea-stanaranga\\\/\"}]}<\/script>\n<!-- \/ Yoast SEO Premium plugin. -->","yoast_head_json":{"title":"Sector 5 | Circula\u021bie reorganizat\u0103 pe strada Sirenelor: dublu sens \u0219i acces restric\u021bionat pe un tronson - Buletin de Bucure\u0219ti","description":"Administra\u021bia Dezvoltare Urban\u0103 Sector 5 anun\u021b\u0103 c\u0103 circula\u021bia de pe strada Sirenelor se va desf\u0103\u0219ura cu dublu sens.","robots":{"index":"index","follow":"follow","max-snippet":"max-snippet:-1","max-image-preview":"max-image-preview:large","max-video-preview":"max-video-preview:-1"},"canonical":"https:\/\/buletin.de\/bucuresti\/sector-5-circulatie-reorganizata-pe-strada-sirenelor-dublu-sens-si-acces-restrictionat-pe-un-tronson\/","og_locale":"en_GB","og_type":"article","og_title":"Sector 5 | Circula\u021bie reorganizat\u0103 pe strada Sirenelor: dublu sens \u0219i acces restric\u021bionat pe un tronson","og_description":"Administra\u021bia Dezvoltare Urban\u0103 Sector 5 anun\u021b\u0103 c\u0103 circula\u021bia de pe strada Sirenelor se va desf\u0103\u0219ura cu dublu sens.","og_url":"https:\/\/buletin.de\/bucuresti\/sector-5-circulatie-reorganizata-pe-strada-sirenelor-dublu-sens-si-acces-restrictionat-pe-un-tronson\/","og_site_name":"Buletin de Bucure\u0219ti","article_publisher":"https:\/\/www.facebook.com\/buletin.de.buc","article_published_time":"2026-03-17T08:43:40+00:00","article_modified_time":"2026-03-17T08:43:41+00:00","og_image":[{"width":1200,"height":661,"url":"https:\/\/buletin.de\/bucuresti\/wp-content\/uploads\/2026\/03\/Circulatie-cu-dublu-sens-strada-Sirenelor.jpg","type":"image\/jpeg"}],"author":"Andreea St\u0103n\u0103r\u00eeng\u0103","twitter_card":"summary_large_image","twitter_misc":{"Written by":"Andreea St\u0103n\u0103r\u00eeng\u0103","Estimated reading time":"2 minutes"},"schema":{"@context":"https:\/\/schema.org","@graph":[{"@type":"Article","@id":"https:\/\/buletin.de\/bucuresti\/sector-5-circulatie-reorganizata-pe-strada-sirenelor-dublu-sens-si-acces-restrictionat-pe-un-tronson\/#article","isPartOf":{"@id":"https:\/\/buletin.de\/bucuresti\/sector-5-circulatie-reorganizata-pe-strada-sirenelor-dublu-sens-si-acces-restrictionat-pe-un-tronson\/"},"author":{"name":"Andreea St\u0103n\u0103r\u00eeng\u0103","@id":"https:\/\/buletin.de\/bucuresti\/#\/schema\/person\/81421a46fb84a0887cfd2238f5202586"},"headline":"Sector 5 | Circula\u021bie reorganizat\u0103 pe strada Sirenelor: dublu sens \u0219i acces restric\u021bionat pe un tronson","datePublished":"2026-03-17T08:43:40+00:00","dateModified":"2026-03-17T08:43:41+00:00","mainEntityOfPage":{"@id":"https:\/\/buletin.de\/bucuresti\/sector-5-circulatie-reorganizata-pe-strada-sirenelor-dublu-sens-si-acces-restrictionat-pe-un-tronson\/"},"wordCount":381,"publisher":{"@id":"https:\/\/buletin.de\/bucuresti\/#organization"},"image":{"@id":"https:\/\/buletin.de\/bucuresti\/sector-5-circulatie-reorganizata-pe-strada-sirenelor-dublu-sens-si-acces-restrictionat-pe-un-tronson\/#primaryimage"},"thumbnailUrl":"https:\/\/buletin.de\/bucuresti\/wp-content\/uploads\/2026\/03\/Circulatie-cu-dublu-sens-strada-Sirenelor.jpg","keywords":["Administra\u021bia Dezvoltare Urban\u0103 Sector 5","circulatie","dublu sens","Sector 5","strada sirenelor"],"articleSection":["Articole","Prim\u0103rie","\u0218tiri"],"inLanguage":"en-GB","copyrightYear":"2026","copyrightHolder":{"@id":"https:\/\/buletin.de\/bucuresti\/#organization"}},{"@type":"WebPage","@id":"https:\/\/buletin.de\/bucuresti\/sector-5-circulatie-reorganizata-pe-strada-sirenelor-dublu-sens-si-acces-restrictionat-pe-un-tronson\/","url":"https:\/\/buletin.de\/bucuresti\/sector-5-circulatie-reorganizata-pe-strada-sirenelor-dublu-sens-si-acces-restrictionat-pe-un-tronson\/","name":"Sector 5 | Circula\u021bie reorganizat\u0103 pe strada Sirenelor: dublu sens \u0219i acces restric\u021bionat pe un tronson - Buletin de Bucure\u0219ti","isPartOf":{"@id":"https:\/\/buletin.de\/bucuresti\/#website"},"primaryImageOfPage":{"@id":"https:\/\/buletin.de\/bucuresti\/sector-5-circulatie-reorganizata-pe-strada-sirenelor-dublu-sens-si-acces-restrictionat-pe-un-tronson\/#primaryimage"},"image":{"@id":"https:\/\/buletin.de\/bucuresti\/sector-5-circulatie-reorganizata-pe-strada-sirenelor-dublu-sens-si-acces-restrictionat-pe-un-tronson\/#primaryimage"},"thumbnailUrl":"https:\/\/buletin.de\/bucuresti\/wp-content\/uploads\/2026\/03\/Circulatie-cu-dublu-sens-strada-Sirenelor.jpg","datePublished":"2026-03-17T08:43:40+00:00","dateModified":"2026-03-17T08:43:41+00:00","description":"Administra\u021bia Dezvoltare Urban\u0103 Sector 5 anun\u021b\u0103 c\u0103 circula\u021bia de pe strada Sirenelor se va desf\u0103\u0219ura cu dublu sens.","breadcrumb":{"@id":"https:\/\/buletin.de\/bucuresti\/sector-5-circulatie-reorganizata-pe-strada-sirenelor-dublu-sens-si-acces-restrictionat-pe-un-tronson\/#breadcrumb"},"inLanguage":"en-GB","potentialAction":[{"@type":"ReadAction","target":["https:\/\/buletin.de\/bucuresti\/sector-5-circulatie-reorganizata-pe-strada-sirenelor-dublu-sens-si-acces-restrictionat-pe-un-tronson\/"]}]},{"@type":"ImageObject","inLanguage":"en-GB","@id":"https:\/\/buletin.de\/bucuresti\/sector-5-circulatie-reorganizata-pe-strada-sirenelor-dublu-sens-si-acces-restrictionat-pe-un-tronson\/#primaryimage","url":"https:\/\/buletin.de\/bucuresti\/wp-content\/uploads\/2026\/03\/Circulatie-cu-dublu-sens-strada-Sirenelor.jpg","contentUrl":"https:\/\/buletin.de\/bucuresti\/wp-content\/uploads\/2026\/03\/Circulatie-cu-dublu-sens-strada-Sirenelor.jpg","width":1200,"height":661,"caption":"Circula\u021bie cu dublu sens pe strada Sirenelor, \u00een Sectorul 5. Foto: Google Maps"},{"@type":"BreadcrumbList","@id":"https:\/\/buletin.de\/bucuresti\/sector-5-circulatie-reorganizata-pe-strada-sirenelor-dublu-sens-si-acces-restrictionat-pe-un-tronson\/#breadcrumb","itemListElement":[{"@type":"ListItem","position":1,"name":"Acas\u0103","item":"https:\/\/buletin.de\/bucuresti\/"},{"@type":"ListItem","position":2,"name":"Sector 5 | Circula\u021bie reorganizat\u0103 pe strada Sirenelor: dublu sens \u0219i acces restric\u021bionat pe un tronson"}]},{"@type":"WebSite","@id":"https:\/\/buletin.de\/bucuresti\/#website","url":"https:\/\/buletin.de\/bucuresti\/","name":"Buletin de Bucure\u0219ti","description":"\u0218tiri \u0219i investiga\u021bii esen\u021biale din capital\u0103","publisher":{"@id":"https:\/\/buletin.de\/bucuresti\/#organization"},"potentialAction":[{"@type":"SearchAction","target":{"@type":"EntryPoint","urlTemplate":"https:\/\/buletin.de\/bucuresti\/?s={search_term_string}"},"query-input":{"@type":"PropertyValueSpecification","valueRequired":true,"valueName":"search_term_string"}}],"inLanguage":"en-GB"},{"@type":"Organization","@id":"https:\/\/buletin.de\/bucuresti\/#organization","name":"Buletin de Bucure\u0219ti","url":"https:\/\/buletin.de\/bucuresti\/","logo":{"@type":"ImageObject","inLanguage":"en-GB","@id":"https:\/\/buletin.de\/bucuresti\/#\/schema\/logo\/image\/","url":"https:\/\/buletin.de\/bucuresti\/wp-content\/uploads\/logo-bdb-full-wide-vernil-transparent.png","contentUrl":"https:\/\/buletin.de\/bucuresti\/wp-content\/uploads\/logo-bdb-full-wide-vernil-transparent.png","width":1782,"height":626,"caption":"Buletin de Bucure\u0219ti"},"image":{"@id":"https:\/\/buletin.de\/bucuresti\/#\/schema\/logo\/image\/"},"sameAs":["https:\/\/www.facebook.com\/buletin.de.buc","https:\/\/www.instagram.com\/buletinde.bucuresti\/"]},{"@type":"Person","@id":"https:\/\/buletin.de\/bucuresti\/#\/schema\/person\/81421a46fb84a0887cfd2238f5202586","name":"Andreea St\u0103n\u0103r\u00eeng\u0103","image":{"@type":"ImageObject","inLanguage":"en-GB","@id":"https:\/\/secure.gravatar.com\/avatar\/dfa8d227a4388fad0f0bb03add04b5b176f4da34397dbb2eadc563b3d7162ce0?s=96&d=monsterid&r=g72784372b39ffe5a98a45288fe0d0e8a","url":"https:\/\/secure.gravatar.com\/avatar\/dfa8d227a4388fad0f0bb03add04b5b176f4da34397dbb2eadc563b3d7162ce0?s=96&d=monsterid&r=g","contentUrl":"https:\/\/secure.gravatar.com\/avatar\/dfa8d227a4388fad0f0bb03add04b5b176f4da34397dbb2eadc563b3d7162ce0?s=96&d=monsterid&r=g","caption":"Andreea St\u0103n\u0103r\u00eeng\u0103"},"description":"Cu o experien\u021b\u0103 de peste 5 ani \u00een pres\u0103, face parte din echipa Buletin de Bucure\u0219ti din septembrie 2025. A colaborat cu c\u00e2teva publica\u021bii, printre care \u0219i Fanatik.ro, unde s-a ocupat de \u0219tiri de lifestyle \u0219i de actualitate. A f\u0103cut un pas c\u0103tre presa local\u0103 pentru a explora Bucure\u0219tiul \u0219i pove\u0219tile care merit\u0103 spuse.","url":"https:\/\/buletin.de\/bucuresti\/author\/andreea-stanaranga\/"}]}},"authors":[{"term_id":23912,"user_id":65,"is_guest":0,"slug":"andreea-stanaranga","display_name":"Andreea St\u0103n\u0103r\u00eeng\u0103","avatar_url":"https:\/\/secure.gravatar.com\/avatar\/dfa8d227a4388fad0f0bb03add04b5b176f4da34397dbb2eadc563b3d7162ce0?s=96&d=monsterid&r=g","0":null,"1":"","2":"","3":"","4":"","5":"","6":"","7":"","8":""}],"_links":{"self":[{"href":"https:\/\/buletin.de\/bucuresti\/wp-json\/wp\/v2\/posts\/181082","targetHints":{"allow":["GET"]}}],"collection":[{"href":"https:\/\/buletin.de\/bucuresti\/wp-json\/wp\/v2\/posts"}],"about":[{"href":"https:\/\/buletin.de\/bucuresti\/wp-json\/wp\/v2\/types\/post"}],"author":[{"embeddable":true,"href":"https:\/\/buletin.de\/bucuresti\/wp-json\/wp\/v2\/users\/65"}],"replies":[{"embeddable":true,"href":"https:\/\/buletin.de\/bucuresti\/wp-json\/wp\/v2\/comments?post=181082"}],"version-history":[{"count":4,"href":"https:\/\/buletin.de\/bucuresti\/wp-json\/wp\/v2\/posts\/181082\/revisions"}],"predecessor-version":[{"id":181095,"href":"https:\/\/buletin.de\/bucuresti\/wp-json\/wp\/v2\/posts\/181082\/revisions\/181095"}],"wp:featuredmedia":[{"embeddable":true,"href":"https:\/\/buletin.de\/bucuresti\/wp-json\/wp\/v2\/media\/181091"}],"wp:attachment":[{"href":"https:\/\/buletin.de\/bucuresti\/wp-json\/wp\/v2\/media?parent=181082"}],"wp:term":[{"taxonomy":"category","embeddable":true,"href":"https:\/\/buletin.de\/bucuresti\/wp-json\/wp\/v2\/categories?post=181082"},{"taxonomy":"post_tag","embeddable":true,"href":"https:\/\/buletin.de\/bucuresti\/wp-json\/wp\/v2\/tags?post=181082"},{"taxonomy":"author","embeddable":true,"href":"https:\/\/buletin.de\/bucuresti\/wp-json\/wp\/v2\/ppma_author?post=181082"}],"curies":[{"name":"wp","href":"https:\/\/api.w.org\/{rel}","templated":true}]}}