{"id":181072,"date":"2026-03-17T10:43:29","date_gmt":"2026-03-17T07:43:29","guid":{"rendered":"https:\/\/buletin.de\/bucuresti\/?p=181072"},"modified":"2026-03-17T11:43:32","modified_gmt":"2026-03-17T08:43:32","slug":"romania-ar-putea-pierde-ultimii-bani-din-pnrr-pentru-autostrada-care-leaga-bucurestiul-de-moldova-asociatia-pro-infrastructura","status":"publish","type":"post","link":"https:\/\/buletin.de\/bucuresti\/romania-ar-putea-pierde-ultimii-bani-din-pnrr-pentru-autostrada-care-leaga-bucurestiul-de-moldova-asociatia-pro-infrastructura\/","title":{"rendered":"Rom\u00e2nia ar putea pierde ultimii bani din PNRR pentru autostrada care leag\u0103 Bucure\u0219tiul de Moldova | Asocia\u021bia Pro Infrastructur\u0103"},"content":{"rendered":"\n<p><strong>Rom\u00e2nia ar putea pierde ultimii bani din PNRR aloca\u021bi autostr\u0103zii A7, pentru tronsonul dintre Adjud \u0219i Roman, deoarece sunt \u0219anse mici ca acesta s\u0103 fie finalizat la termen, <a href=\"https:\/\/www.facebook.com\/proinfrastructura\/posts\/1283289937227839?ref=embed_post\" type=\"link\" id=\"https:\/\/www.facebook.com\/proinfrastructura\/posts\/1283289937227839?ref=embed_post\" target=\"_blank\" rel=\"noreferrer noopener\">precizeaz\u0103 Asocia\u021bia Pro Infrastructur\u0103<\/a>. <\/strong><\/p>\n\n\n\n<p><strong>Pentru a putea accesa integral finan\u021barea nerambursabil\u0103, deschiderea circula\u021biei trebuie asigurat\u0103 pe 96,32 de kilometri ai Autostr\u0103zii A7, \u00eentre Adjud Nord \u0219i Roman Nord (S\u0103b\u0103oani) p\u00e2n\u0103 la data de 31 august 2026.<\/strong><\/p>\n\n\n\n<h2 class=\"wp-block-heading\" id=\"h-de-ce-ar-putea-sa-pierdem-ultimii-bani-din-pnrr-pentru-autostrada-a7\">De ce ar putea s\u0103 pierdem ultimii bani din PNRR pentru autostrada A7<\/h2>\n\n\n\n<p>Reprezentan\u021bii asocia\u021biei sus\u021bin c\u0103 deschiderea \u00eenc\u0103 este posibil\u0103 p\u00e2n\u0103 la data men\u021bionat\u0103, \u00eens\u0103 este nevoie de o mobilizare exemplar\u0103 din partea constructorului. \u00cen plus, chiar dac\u0103 UMB va reu\u0219i s\u0103 finalizeze <a href=\"https:\/\/buletin.de\/bucuresti\/lucrarile-la-autostrada-a7-catre-moldova-continua-si-pe-timp-de-iarna-ce-s-a-mai-facut-pe-tronsonul-adjud-bacau\/\" type=\"link\" id=\"https:\/\/buletin.de\/bucuresti\/lucrarile-la-autostrada-a7-catre-moldova-continua-si-pe-timp-de-iarna-ce-s-a-mai-facut-pe-tronsonul-adjud-bacau\/\" target=\"_blank\" rel=\"noreferrer noopener\">lucr\u0103rile<\/a>, calitatea acestora ar putea fi afectat\u0103 de accelerarea \u0219antierului.<\/p>\n\n\n\n<p><em>\u201eAtingerea \u021bintei este \u00eenc\u0103 posibil\u0103 dar va fi extrem de greu. Cei de la UMB trebuie s\u0103 se autodep\u0103\u0219easc\u0103, mobiliz\u00e2ndu-se exemplar \u00een 3 schimburi, nonstop. Este nevoie de mai mul\u021bi muncitori, mai ales fierari-betoni\u0219ti la structuri, care s\u0103 fie adu\u0219i c\u00e2t mai rapid de pe A3 \u0219i A0. <\/em><\/p>\n\n\n\n<p><em><strong>Chiar dac\u0103 ar reu\u0219i, un astfel de heirup va afecta inevitabil calitatea, \u00een special a umpluturilor \u0219i straturilor de asfalt care cer aten\u021bie \u0219i respectarea timpilor tehnologic<\/strong>i.\u201d<\/em>, explic\u0103 Asocia\u021bia Pro Infrastructur\u0103. <\/p>\n\n\n\n<p>Cele dou\u0103 contracte de pe <strong>Adjud-Bac\u0103u Sud<\/strong> au fost semnate pe 15 decembrie 2022 \u0219i au ajuns la stadiu fizic oficial de <strong>95%<\/strong>, respectiv <strong>70%<\/strong>. Celelalte trei de pe <strong>Bac\u0103u Nord-Pa\u0219cani <\/strong>au fost semnate pe 15 februarie 2023, iar stadiul acestora este, \u00een prezent, de aproximativ <strong>45%<\/strong>. <\/p>\n\n\n\n<p>Toate cele cinci au primit ordine de \u00eencepere \u00een primele zile ale lunii mai 2023 \u0219i prev\u0103d c\u00e2te 30 de luni de execu\u021bie direct\u0103, excluz\u00e2nd perioada de proiectare. <strong>Astfel, pe toat\u0103 distan\u021ba Adjud-Pa\u0219cani, termenul de finalizare a expirat \u00een noiembrie 2025. <\/strong><\/p>\n\n\n\n<p>CITE\u0218TE \u0218I <a href=\"https:\/\/buletin.de\/bucuresti\/autostrada-moldovei-inca-20-de-kilometri-de-asfalt-spre-bacau-si-un-nou-centru-de-intretinere-si-reparatii\/\" target=\"_blank\" rel=\"noreferrer noopener\">Autostrada Moldovei | \u00cenca 20 de kilometri de asfalt spre Bac\u0103u \u0219i un nou centru de \u00eentre\u021binere \u0219i repara\u021bii<\/a><\/p>\n\n\n\n<h2 class=\"wp-block-heading\" id=\"h-unde-se-afla-punctele-critice\">Unde se afl\u0103 punctele critice <\/h2>\n\n\n\n<p>Cele mai mari \u00eent\u00e2rzieri se \u00eenregistreaz\u0103 \u00een mai multe puncte, printre care cel de pe R\u0103c\u0103ciuni-Bac\u0103u, la est de Cleja, unde se afl\u0103 un pasaj de 1,2 kilometri peste magistrala de cale ferat\u0103 M500, dar \u0219i altul la est de Nicolae B\u0103lcescu, cu o lungime de 730 de metri, peste aceea\u0219i magistral\u0103. <\/p>\n\n\n\n<p>\u00cen plus, mai exist\u0103 un pasaj mare, peste M500 \u0219i DN2, la nord de Bac\u0103u, \u00eenainte de Filipe\u0219ti. Acesta este, \u00eens\u0103, ne\u00eenceput. <\/p>\n\n\n\n<p><strong>Pe Centura Roman exist\u0103 un viaduct de mari dimensiuni care \u201eabia a \u00eenceput s\u0103 ias\u0103 din p\u0103m\u00e2nt\u201d, potrivit Asocia\u021biei Pro Infrastructur\u0103, iar podul care traverseaz\u0103 r\u00e2ul Moldova este \u00eenc\u0103 la nivel de funda\u021bii.<\/strong><\/p>\n\n\n\n<p><strong>\u0218i structurile mici reprezint\u0103, \u00eens\u0103, o problem\u0103.<\/strong> \u201eMai grav este c\u0103 pe l\u00e2ng\u0103 structurile mari sunt foarte, foarte multe altele mai mici, pe \u0219i peste A7. Deci un volum de munc\u0103 impresionant pe cei aproape 100 de kilometri dintre Adjud Nord \u0219i S\u0103b\u0103oani care trebuie livra\u021bi la 31 august 2026.\u201d, a ad\u0103ugat Asocia\u021bia Pro Infrastructur\u0103. <\/p>\n\n\n\n<p><strong>Chiar dac\u0103 lucr\u0103rile la umpluturile, balastul stabilizat \u0219i cele trei straturi de asfalt pot fi accelerate, mai ales c\u0103 vremea permite acest lucru, exist\u0103 un risc mare de a afecta calitatea lucr\u0103rilor. <\/strong><\/p>\n\n\n\n<p><em>\u201eTerasamentele trebuie &#8220;s\u0103 stea&#8221; suficient ca s\u0103 se evite celebrele trambuline \u00een zona capetelor de pod (culee) sau tas\u0103rile majore \u00een plin rambleu, a\u0219a cum am p\u0103\u021bit pe lotul 3 al DEx12 Craiova-Pite\u0219ti executat tot de UMB.<\/em>\u201d, mai avertizeaz\u0103 organiza\u021bia. <\/p>\n\n\n\n<p>CITE\u0218TE \u0218I <a href=\"https:\/\/buletin.de\/bucuresti\/lucrarile-la-autostrada-a7-catre-moldova-continua-si-pe-timp-de-iarna-ce-s-a-mai-facut-pe-tronsonul-adjud-bacau\/\" target=\"_blank\" rel=\"noreferrer noopener\">Lucr\u0103rile la autostrada A7 c\u0103tre Moldova continu\u0103 \u0219i pe timp de iarn\u0103. Ce s-a mai f\u0103cut pe tronsonul Adjud-Bac\u0103u<\/a><\/p>\n\n\n\n<h2 class=\"wp-block-heading\" id=\"h-unele-tronsoane-pot-fi-deschise-chiar-mai-devreme\">Unele tronsoane pot fi deschise chiar mai devreme <\/h2>\n\n\n\n<p><strong>Asocia\u021bia Pro Infrastructur\u0103 precizeaz\u0103 c\u0103 pe tronsonul Adjud Nord-R\u0103c\u0103ciuni se poate da drumul circula\u021biei p\u00e2n\u0103 la final de aprilie, dac\u0103 exist\u0103 o mobilizare din partea constructorului.<\/strong> <\/p>\n\n\n\n<p>\u00cen ceea ce prive\u0219te tronsonul p\u00e2n\u0103 la Bac\u0103u, acesta nu ar putea s\u0103 fie finalizat p\u00e2n\u0103 la sf\u00e2r\u0219it de iunie, din cauza num\u0103rului mare de lucr\u0103ri. <\/p>\n\n\n\n<p>\u201eLa Bac\u0103u putem ajunge cel mai devreme la final de iunie doar cu o mobilizare fantastic\u0103 \u0219i asta numai dac\u0103 antreprenorul \u0219i CNAIR doresc deschideri secven\u021biale \u0219i muncitorii sunt concentra\u021bi masiv pentru acest scop.\u201d, mai transmite organiza\u021bia. <\/p>\n\n\n\n<p><strong>CITE\u0218TE \u0218I <a href=\"https:\/\/buletin.de\/bucuresti\/platforma-online-pentru-verificarea-autovehiculelor-ridicate-in-sectorul-1-cum-vezi-daca-ti-a-fost-ridicata-masina\/\" target=\"_blank\" rel=\"noreferrer noopener\">Platform\u0103 online pentru verificarea autovehiculelor ridicate, \u00een Sectorul 1. Cum vezi dac\u0103 \u021bi-a fost ridicat\u0103 ma\u0219ina<\/a><\/strong><\/p>\n","protected":false},"excerpt":{"rendered":"<p>Rom\u00e2nia ar putea pierde ultimii bani din PNRR aloca\u021bi autostr\u0103zii A7, pentru tronsonul dintre Adjud \u0219i Roman, deoarece sunt \u0219anse mici ca acesta s\u0103 fie finalizat la termen, precizeaz\u0103 Asocia\u021bia Pro Infrastructur\u0103. Pentru a putea accesa integral finan\u021barea nerambursabil\u0103, deschiderea circula\u021biei trebuie asigurat\u0103 pe 96,32 de kilometri ai Autostr\u0103zii A7, \u00eentre Adjud Nord \u0219i Roman [&hellip;]<\/p>\n","protected":false},"author":65,"featured_media":181079,"comment_status":"closed","ping_status":"open","sticky":false,"template":"","format":"standard","meta":{"_acf_changed":false,"inline_featured_image":false,"ngg_post_thumbnail":0,"footnotes":""},"categories":[6994,5762,650],"tags":[7934,11183,16640,809],"ppma_author":[23912],"class_list":["post-181072","post","type-post","status-publish","format-standard","has-post-thumbnail","hentry","category-stiri-2","category-main","category-transport","tag-a7","tag-asociatia-pro-infrastructura-2","tag-autostrada-moldovei","tag-fonduri-europene"],"acf":[],"yoast_head":"<!-- This site is optimized with the Yoast SEO Premium plugin v25.3 (Yoast SEO v27.5) - https:\/\/yoast.com\/product\/yoast-seo-premium-wordpress\/ -->\n<title>Rom\u00e2nia ar putea pierde ultimii bani din PNRR pentru autostrada care leag\u0103 Bucure\u0219tiul de Moldova | Asocia\u021bia Pro Infrastructur\u0103 - Buletin de Bucure\u0219ti<\/title>\n<meta name=\"description\" content=\"Rom\u00e2nia ar putea pierde ultimii bani din PNRR aloca\u021bi pentru A7, pentru tronsonul dintre Adjud \u0219i Roman, pentru c\u0103 nu va fi terminat la timp.\" \/>\n<meta name=\"robots\" content=\"index, follow, max-snippet:-1, max-image-preview:large, max-video-preview:-1\" \/>\n<link rel=\"canonical\" href=\"https:\/\/buletin.de\/bucuresti\/romania-ar-putea-pierde-ultimii-bani-din-pnrr-pentru-autostrada-care-leaga-bucurestiul-de-moldova-asociatia-pro-infrastructura\/\" \/>\n<meta property=\"og:locale\" content=\"en_GB\" \/>\n<meta property=\"og:type\" content=\"article\" \/>\n<meta property=\"og:title\" content=\"Rom\u00e2nia ar putea pierde ultimii bani din PNRR pentru autostrada care leag\u0103 Bucure\u0219tiul de Moldova | Asocia\u021bia Pro Infrastructur\u0103\" \/>\n<meta property=\"og:description\" content=\"Rom\u00e2nia ar putea pierde ultimii bani din PNRR aloca\u021bi pentru A7, pentru tronsonul dintre Adjud \u0219i Roman, pentru c\u0103 nu va fi terminat la timp.\" \/>\n<meta property=\"og:url\" content=\"https:\/\/buletin.de\/bucuresti\/romania-ar-putea-pierde-ultimii-bani-din-pnrr-pentru-autostrada-care-leaga-bucurestiul-de-moldova-asociatia-pro-infrastructura\/\" \/>\n<meta property=\"og:site_name\" content=\"Buletin de Bucure\u0219ti\" \/>\n<meta property=\"article:publisher\" content=\"https:\/\/www.facebook.com\/buletin.de.buc\" \/>\n<meta property=\"article:published_time\" content=\"2026-03-17T07:43:29+00:00\" \/>\n<meta property=\"article:modified_time\" content=\"2026-03-17T08:43:32+00:00\" \/>\n<meta property=\"og:image\" content=\"https:\/\/buletin.de\/bucuresti\/wp-content\/uploads\/2026\/03\/Ultimii-bani-europeni-autostrada-A7.jpg\" \/>\n\t<meta property=\"og:image:width\" content=\"1200\" \/>\n\t<meta property=\"og:image:height\" content=\"659\" \/>\n\t<meta property=\"og:image:type\" content=\"image\/jpeg\" \/>\n<meta name=\"author\" content=\"Andreea St\u0103n\u0103r\u00eeng\u0103\" \/>\n<meta name=\"twitter:card\" content=\"summary_large_image\" \/>\n<meta name=\"twitter:label1\" content=\"Written by\" \/>\n\t<meta name=\"twitter:data1\" content=\"Andreea St\u0103n\u0103r\u00eeng\u0103\" \/>\n\t<meta name=\"twitter:label2\" content=\"Estimated reading time\" \/>\n\t<meta name=\"twitter:data2\" content=\"4 minutes\" \/>\n<script type=\"application\/ld+json\" class=\"yoast-schema-graph\">{\"@context\":\"https:\\\/\\\/schema.org\",\"@graph\":[{\"@type\":\"Article\",\"@id\":\"https:\\\/\\\/buletin.de\\\/bucuresti\\\/romania-ar-putea-pierde-ultimii-bani-din-pnrr-pentru-autostrada-care-leaga-bucurestiul-de-moldova-asociatia-pro-infrastructura\\\/#article\",\"isPartOf\":{\"@id\":\"https:\\\/\\\/buletin.de\\\/bucuresti\\\/romania-ar-putea-pierde-ultimii-bani-din-pnrr-pentru-autostrada-care-leaga-bucurestiul-de-moldova-asociatia-pro-infrastructura\\\/\"},\"author\":{\"name\":\"Andreea St\u0103n\u0103r\u00eeng\u0103\",\"@id\":\"https:\\\/\\\/buletin.de\\\/bucuresti\\\/#\\\/schema\\\/person\\\/81421a46fb84a0887cfd2238f5202586\"},\"headline\":\"Rom\u00e2nia ar putea pierde ultimii bani din PNRR pentru autostrada care leag\u0103 Bucure\u0219tiul de Moldova | Asocia\u021bia Pro Infrastructur\u0103\",\"datePublished\":\"2026-03-17T07:43:29+00:00\",\"dateModified\":\"2026-03-17T08:43:32+00:00\",\"mainEntityOfPage\":{\"@id\":\"https:\\\/\\\/buletin.de\\\/bucuresti\\\/romania-ar-putea-pierde-ultimii-bani-din-pnrr-pentru-autostrada-care-leaga-bucurestiul-de-moldova-asociatia-pro-infrastructura\\\/\"},\"wordCount\":769,\"publisher\":{\"@id\":\"https:\\\/\\\/buletin.de\\\/bucuresti\\\/#organization\"},\"image\":{\"@id\":\"https:\\\/\\\/buletin.de\\\/bucuresti\\\/romania-ar-putea-pierde-ultimii-bani-din-pnrr-pentru-autostrada-care-leaga-bucurestiul-de-moldova-asociatia-pro-infrastructura\\\/#primaryimage\"},\"thumbnailUrl\":\"https:\\\/\\\/buletin.de\\\/bucuresti\\\/wp-content\\\/uploads\\\/2026\\\/03\\\/Ultimii-bani-europeni-autostrada-A7.jpg\",\"keywords\":[\"a7\",\"Asociatia Pro Infrastructura\",\"Autostrada Moldovei\",\"fonduri europene\"],\"articleSection\":[\"Articole\",\"Main\",\"Transport\"],\"inLanguage\":\"en-GB\",\"copyrightYear\":\"2026\",\"copyrightHolder\":{\"@id\":\"https:\\\/\\\/buletin.de\\\/bucuresti\\\/#organization\"}},{\"@type\":\"WebPage\",\"@id\":\"https:\\\/\\\/buletin.de\\\/bucuresti\\\/romania-ar-putea-pierde-ultimii-bani-din-pnrr-pentru-autostrada-care-leaga-bucurestiul-de-moldova-asociatia-pro-infrastructura\\\/\",\"url\":\"https:\\\/\\\/buletin.de\\\/bucuresti\\\/romania-ar-putea-pierde-ultimii-bani-din-pnrr-pentru-autostrada-care-leaga-bucurestiul-de-moldova-asociatia-pro-infrastructura\\\/\",\"name\":\"Rom\u00e2nia ar putea pierde ultimii bani din PNRR pentru autostrada care leag\u0103 Bucure\u0219tiul de Moldova | Asocia\u021bia Pro Infrastructur\u0103 - Buletin de Bucure\u0219ti\",\"isPartOf\":{\"@id\":\"https:\\\/\\\/buletin.de\\\/bucuresti\\\/#website\"},\"primaryImageOfPage\":{\"@id\":\"https:\\\/\\\/buletin.de\\\/bucuresti\\\/romania-ar-putea-pierde-ultimii-bani-din-pnrr-pentru-autostrada-care-leaga-bucurestiul-de-moldova-asociatia-pro-infrastructura\\\/#primaryimage\"},\"image\":{\"@id\":\"https:\\\/\\\/buletin.de\\\/bucuresti\\\/romania-ar-putea-pierde-ultimii-bani-din-pnrr-pentru-autostrada-care-leaga-bucurestiul-de-moldova-asociatia-pro-infrastructura\\\/#primaryimage\"},\"thumbnailUrl\":\"https:\\\/\\\/buletin.de\\\/bucuresti\\\/wp-content\\\/uploads\\\/2026\\\/03\\\/Ultimii-bani-europeni-autostrada-A7.jpg\",\"datePublished\":\"2026-03-17T07:43:29+00:00\",\"dateModified\":\"2026-03-17T08:43:32+00:00\",\"description\":\"Rom\u00e2nia ar putea pierde ultimii bani din PNRR aloca\u021bi pentru A7, pentru tronsonul dintre Adjud \u0219i Roman, pentru c\u0103 nu va fi terminat la timp.\",\"breadcrumb\":{\"@id\":\"https:\\\/\\\/buletin.de\\\/bucuresti\\\/romania-ar-putea-pierde-ultimii-bani-din-pnrr-pentru-autostrada-care-leaga-bucurestiul-de-moldova-asociatia-pro-infrastructura\\\/#breadcrumb\"},\"inLanguage\":\"en-GB\",\"potentialAction\":[{\"@type\":\"ReadAction\",\"target\":[\"https:\\\/\\\/buletin.de\\\/bucuresti\\\/romania-ar-putea-pierde-ultimii-bani-din-pnrr-pentru-autostrada-care-leaga-bucurestiul-de-moldova-asociatia-pro-infrastructura\\\/\"]}]},{\"@type\":\"ImageObject\",\"inLanguage\":\"en-GB\",\"@id\":\"https:\\\/\\\/buletin.de\\\/bucuresti\\\/romania-ar-putea-pierde-ultimii-bani-din-pnrr-pentru-autostrada-care-leaga-bucurestiul-de-moldova-asociatia-pro-infrastructura\\\/#primaryimage\",\"url\":\"https:\\\/\\\/buletin.de\\\/bucuresti\\\/wp-content\\\/uploads\\\/2026\\\/03\\\/Ultimii-bani-europeni-autostrada-A7.jpg\",\"contentUrl\":\"https:\\\/\\\/buletin.de\\\/bucuresti\\\/wp-content\\\/uploads\\\/2026\\\/03\\\/Ultimii-bani-europeni-autostrada-A7.jpg\",\"width\":1200,\"height\":659,\"caption\":\"Rom\u00e2nia risc\u0103 s\u0103 piard\u0103 ultimii bani europeni pentru autostrada A7. Foto: Facebook\\\/Asocia\u021bia Pro Infrastructur\u0103\"},{\"@type\":\"BreadcrumbList\",\"@id\":\"https:\\\/\\\/buletin.de\\\/bucuresti\\\/romania-ar-putea-pierde-ultimii-bani-din-pnrr-pentru-autostrada-care-leaga-bucurestiul-de-moldova-asociatia-pro-infrastructura\\\/#breadcrumb\",\"itemListElement\":[{\"@type\":\"ListItem\",\"position\":1,\"name\":\"Acas\u0103\",\"item\":\"https:\\\/\\\/buletin.de\\\/bucuresti\\\/\"},{\"@type\":\"ListItem\",\"position\":2,\"name\":\"Rom\u00e2nia ar putea pierde ultimii bani din PNRR pentru autostrada care leag\u0103 Bucure\u0219tiul de Moldova | Asocia\u021bia Pro Infrastructur\u0103\"}]},{\"@type\":\"WebSite\",\"@id\":\"https:\\\/\\\/buletin.de\\\/bucuresti\\\/#website\",\"url\":\"https:\\\/\\\/buletin.de\\\/bucuresti\\\/\",\"name\":\"Buletin de Bucure\u0219ti\",\"description\":\"\u0218tiri \u0219i investiga\u021bii esen\u021biale din capital\u0103\",\"publisher\":{\"@id\":\"https:\\\/\\\/buletin.de\\\/bucuresti\\\/#organization\"},\"potentialAction\":[{\"@type\":\"SearchAction\",\"target\":{\"@type\":\"EntryPoint\",\"urlTemplate\":\"https:\\\/\\\/buletin.de\\\/bucuresti\\\/?s={search_term_string}\"},\"query-input\":{\"@type\":\"PropertyValueSpecification\",\"valueRequired\":true,\"valueName\":\"search_term_string\"}}],\"inLanguage\":\"en-GB\"},{\"@type\":\"Organization\",\"@id\":\"https:\\\/\\\/buletin.de\\\/bucuresti\\\/#organization\",\"name\":\"Buletin de Bucure\u0219ti\",\"url\":\"https:\\\/\\\/buletin.de\\\/bucuresti\\\/\",\"logo\":{\"@type\":\"ImageObject\",\"inLanguage\":\"en-GB\",\"@id\":\"https:\\\/\\\/buletin.de\\\/bucuresti\\\/#\\\/schema\\\/logo\\\/image\\\/\",\"url\":\"https:\\\/\\\/buletin.de\\\/bucuresti\\\/wp-content\\\/uploads\\\/logo-bdb-full-wide-vernil-transparent.png\",\"contentUrl\":\"https:\\\/\\\/buletin.de\\\/bucuresti\\\/wp-content\\\/uploads\\\/logo-bdb-full-wide-vernil-transparent.png\",\"width\":1782,\"height\":626,\"caption\":\"Buletin de Bucure\u0219ti\"},\"image\":{\"@id\":\"https:\\\/\\\/buletin.de\\\/bucuresti\\\/#\\\/schema\\\/logo\\\/image\\\/\"},\"sameAs\":[\"https:\\\/\\\/www.facebook.com\\\/buletin.de.buc\",\"https:\\\/\\\/www.instagram.com\\\/buletinde.bucuresti\\\/\"]},{\"@type\":\"Person\",\"@id\":\"https:\\\/\\\/buletin.de\\\/bucuresti\\\/#\\\/schema\\\/person\\\/81421a46fb84a0887cfd2238f5202586\",\"name\":\"Andreea St\u0103n\u0103r\u00eeng\u0103\",\"image\":{\"@type\":\"ImageObject\",\"inLanguage\":\"en-GB\",\"@id\":\"https:\\\/\\\/secure.gravatar.com\\\/avatar\\\/dfa8d227a4388fad0f0bb03add04b5b176f4da34397dbb2eadc563b3d7162ce0?s=96&d=monsterid&r=g72784372b39ffe5a98a45288fe0d0e8a\",\"url\":\"https:\\\/\\\/secure.gravatar.com\\\/avatar\\\/dfa8d227a4388fad0f0bb03add04b5b176f4da34397dbb2eadc563b3d7162ce0?s=96&d=monsterid&r=g\",\"contentUrl\":\"https:\\\/\\\/secure.gravatar.com\\\/avatar\\\/dfa8d227a4388fad0f0bb03add04b5b176f4da34397dbb2eadc563b3d7162ce0?s=96&d=monsterid&r=g\",\"caption\":\"Andreea St\u0103n\u0103r\u00eeng\u0103\"},\"description\":\"Cu o experien\u021b\u0103 de peste 5 ani \u00een pres\u0103, face parte din echipa Buletin de Bucure\u0219ti din septembrie 2025. A colaborat cu c\u00e2teva publica\u021bii, printre care \u0219i Fanatik.ro, unde s-a ocupat de \u0219tiri de lifestyle \u0219i de actualitate. A f\u0103cut un pas c\u0103tre presa local\u0103 pentru a explora Bucure\u0219tiul \u0219i pove\u0219tile care merit\u0103 spuse.\",\"url\":\"https:\\\/\\\/buletin.de\\\/bucuresti\\\/author\\\/andreea-stanaranga\\\/\"}]}<\/script>\n<!-- \/ Yoast SEO Premium plugin. -->","yoast_head_json":{"title":"Rom\u00e2nia ar putea pierde ultimii bani din PNRR pentru autostrada care leag\u0103 Bucure\u0219tiul de Moldova | Asocia\u021bia Pro Infrastructur\u0103 - Buletin de Bucure\u0219ti","description":"Rom\u00e2nia ar putea pierde ultimii bani din PNRR aloca\u021bi pentru A7, pentru tronsonul dintre Adjud \u0219i Roman, pentru c\u0103 nu va fi terminat la timp.","robots":{"index":"index","follow":"follow","max-snippet":"max-snippet:-1","max-image-preview":"max-image-preview:large","max-video-preview":"max-video-preview:-1"},"canonical":"https:\/\/buletin.de\/bucuresti\/romania-ar-putea-pierde-ultimii-bani-din-pnrr-pentru-autostrada-care-leaga-bucurestiul-de-moldova-asociatia-pro-infrastructura\/","og_locale":"en_GB","og_type":"article","og_title":"Rom\u00e2nia ar putea pierde ultimii bani din PNRR pentru autostrada care leag\u0103 Bucure\u0219tiul de Moldova | Asocia\u021bia Pro Infrastructur\u0103","og_description":"Rom\u00e2nia ar putea pierde ultimii bani din PNRR aloca\u021bi pentru A7, pentru tronsonul dintre Adjud \u0219i Roman, pentru c\u0103 nu va fi terminat la timp.","og_url":"https:\/\/buletin.de\/bucuresti\/romania-ar-putea-pierde-ultimii-bani-din-pnrr-pentru-autostrada-care-leaga-bucurestiul-de-moldova-asociatia-pro-infrastructura\/","og_site_name":"Buletin de Bucure\u0219ti","article_publisher":"https:\/\/www.facebook.com\/buletin.de.buc","article_published_time":"2026-03-17T07:43:29+00:00","article_modified_time":"2026-03-17T08:43:32+00:00","og_image":[{"width":1200,"height":659,"url":"https:\/\/buletin.de\/bucuresti\/wp-content\/uploads\/2026\/03\/Ultimii-bani-europeni-autostrada-A7.jpg","type":"image\/jpeg"}],"author":"Andreea St\u0103n\u0103r\u00eeng\u0103","twitter_card":"summary_large_image","twitter_misc":{"Written by":"Andreea St\u0103n\u0103r\u00eeng\u0103","Estimated reading time":"4 minutes"},"schema":{"@context":"https:\/\/schema.org","@graph":[{"@type":"Article","@id":"https:\/\/buletin.de\/bucuresti\/romania-ar-putea-pierde-ultimii-bani-din-pnrr-pentru-autostrada-care-leaga-bucurestiul-de-moldova-asociatia-pro-infrastructura\/#article","isPartOf":{"@id":"https:\/\/buletin.de\/bucuresti\/romania-ar-putea-pierde-ultimii-bani-din-pnrr-pentru-autostrada-care-leaga-bucurestiul-de-moldova-asociatia-pro-infrastructura\/"},"author":{"name":"Andreea St\u0103n\u0103r\u00eeng\u0103","@id":"https:\/\/buletin.de\/bucuresti\/#\/schema\/person\/81421a46fb84a0887cfd2238f5202586"},"headline":"Rom\u00e2nia ar putea pierde ultimii bani din PNRR pentru autostrada care leag\u0103 Bucure\u0219tiul de Moldova | Asocia\u021bia Pro Infrastructur\u0103","datePublished":"2026-03-17T07:43:29+00:00","dateModified":"2026-03-17T08:43:32+00:00","mainEntityOfPage":{"@id":"https:\/\/buletin.de\/bucuresti\/romania-ar-putea-pierde-ultimii-bani-din-pnrr-pentru-autostrada-care-leaga-bucurestiul-de-moldova-asociatia-pro-infrastructura\/"},"wordCount":769,"publisher":{"@id":"https:\/\/buletin.de\/bucuresti\/#organization"},"image":{"@id":"https:\/\/buletin.de\/bucuresti\/romania-ar-putea-pierde-ultimii-bani-din-pnrr-pentru-autostrada-care-leaga-bucurestiul-de-moldova-asociatia-pro-infrastructura\/#primaryimage"},"thumbnailUrl":"https:\/\/buletin.de\/bucuresti\/wp-content\/uploads\/2026\/03\/Ultimii-bani-europeni-autostrada-A7.jpg","keywords":["a7","Asociatia Pro Infrastructura","Autostrada Moldovei","fonduri europene"],"articleSection":["Articole","Main","Transport"],"inLanguage":"en-GB","copyrightYear":"2026","copyrightHolder":{"@id":"https:\/\/buletin.de\/bucuresti\/#organization"}},{"@type":"WebPage","@id":"https:\/\/buletin.de\/bucuresti\/romania-ar-putea-pierde-ultimii-bani-din-pnrr-pentru-autostrada-care-leaga-bucurestiul-de-moldova-asociatia-pro-infrastructura\/","url":"https:\/\/buletin.de\/bucuresti\/romania-ar-putea-pierde-ultimii-bani-din-pnrr-pentru-autostrada-care-leaga-bucurestiul-de-moldova-asociatia-pro-infrastructura\/","name":"Rom\u00e2nia ar putea pierde ultimii bani din PNRR pentru autostrada care leag\u0103 Bucure\u0219tiul de Moldova | Asocia\u021bia Pro Infrastructur\u0103 - Buletin de Bucure\u0219ti","isPartOf":{"@id":"https:\/\/buletin.de\/bucuresti\/#website"},"primaryImageOfPage":{"@id":"https:\/\/buletin.de\/bucuresti\/romania-ar-putea-pierde-ultimii-bani-din-pnrr-pentru-autostrada-care-leaga-bucurestiul-de-moldova-asociatia-pro-infrastructura\/#primaryimage"},"image":{"@id":"https:\/\/buletin.de\/bucuresti\/romania-ar-putea-pierde-ultimii-bani-din-pnrr-pentru-autostrada-care-leaga-bucurestiul-de-moldova-asociatia-pro-infrastructura\/#primaryimage"},"thumbnailUrl":"https:\/\/buletin.de\/bucuresti\/wp-content\/uploads\/2026\/03\/Ultimii-bani-europeni-autostrada-A7.jpg","datePublished":"2026-03-17T07:43:29+00:00","dateModified":"2026-03-17T08:43:32+00:00","description":"Rom\u00e2nia ar putea pierde ultimii bani din PNRR aloca\u021bi pentru A7, pentru tronsonul dintre Adjud \u0219i Roman, pentru c\u0103 nu va fi terminat la timp.","breadcrumb":{"@id":"https:\/\/buletin.de\/bucuresti\/romania-ar-putea-pierde-ultimii-bani-din-pnrr-pentru-autostrada-care-leaga-bucurestiul-de-moldova-asociatia-pro-infrastructura\/#breadcrumb"},"inLanguage":"en-GB","potentialAction":[{"@type":"ReadAction","target":["https:\/\/buletin.de\/bucuresti\/romania-ar-putea-pierde-ultimii-bani-din-pnrr-pentru-autostrada-care-leaga-bucurestiul-de-moldova-asociatia-pro-infrastructura\/"]}]},{"@type":"ImageObject","inLanguage":"en-GB","@id":"https:\/\/buletin.de\/bucuresti\/romania-ar-putea-pierde-ultimii-bani-din-pnrr-pentru-autostrada-care-leaga-bucurestiul-de-moldova-asociatia-pro-infrastructura\/#primaryimage","url":"https:\/\/buletin.de\/bucuresti\/wp-content\/uploads\/2026\/03\/Ultimii-bani-europeni-autostrada-A7.jpg","contentUrl":"https:\/\/buletin.de\/bucuresti\/wp-content\/uploads\/2026\/03\/Ultimii-bani-europeni-autostrada-A7.jpg","width":1200,"height":659,"caption":"Rom\u00e2nia risc\u0103 s\u0103 piard\u0103 ultimii bani europeni pentru autostrada A7. Foto: Facebook\/Asocia\u021bia Pro Infrastructur\u0103"},{"@type":"BreadcrumbList","@id":"https:\/\/buletin.de\/bucuresti\/romania-ar-putea-pierde-ultimii-bani-din-pnrr-pentru-autostrada-care-leaga-bucurestiul-de-moldova-asociatia-pro-infrastructura\/#breadcrumb","itemListElement":[{"@type":"ListItem","position":1,"name":"Acas\u0103","item":"https:\/\/buletin.de\/bucuresti\/"},{"@type":"ListItem","position":2,"name":"Rom\u00e2nia ar putea pierde ultimii bani din PNRR pentru autostrada care leag\u0103 Bucure\u0219tiul de Moldova | Asocia\u021bia Pro Infrastructur\u0103"}]},{"@type":"WebSite","@id":"https:\/\/buletin.de\/bucuresti\/#website","url":"https:\/\/buletin.de\/bucuresti\/","name":"Buletin de Bucure\u0219ti","description":"\u0218tiri \u0219i investiga\u021bii esen\u021biale din capital\u0103","publisher":{"@id":"https:\/\/buletin.de\/bucuresti\/#organization"},"potentialAction":[{"@type":"SearchAction","target":{"@type":"EntryPoint","urlTemplate":"https:\/\/buletin.de\/bucuresti\/?s={search_term_string}"},"query-input":{"@type":"PropertyValueSpecification","valueRequired":true,"valueName":"search_term_string"}}],"inLanguage":"en-GB"},{"@type":"Organization","@id":"https:\/\/buletin.de\/bucuresti\/#organization","name":"Buletin de Bucure\u0219ti","url":"https:\/\/buletin.de\/bucuresti\/","logo":{"@type":"ImageObject","inLanguage":"en-GB","@id":"https:\/\/buletin.de\/bucuresti\/#\/schema\/logo\/image\/","url":"https:\/\/buletin.de\/bucuresti\/wp-content\/uploads\/logo-bdb-full-wide-vernil-transparent.png","contentUrl":"https:\/\/buletin.de\/bucuresti\/wp-content\/uploads\/logo-bdb-full-wide-vernil-transparent.png","width":1782,"height":626,"caption":"Buletin de Bucure\u0219ti"},"image":{"@id":"https:\/\/buletin.de\/bucuresti\/#\/schema\/logo\/image\/"},"sameAs":["https:\/\/www.facebook.com\/buletin.de.buc","https:\/\/www.instagram.com\/buletinde.bucuresti\/"]},{"@type":"Person","@id":"https:\/\/buletin.de\/bucuresti\/#\/schema\/person\/81421a46fb84a0887cfd2238f5202586","name":"Andreea St\u0103n\u0103r\u00eeng\u0103","image":{"@type":"ImageObject","inLanguage":"en-GB","@id":"https:\/\/secure.gravatar.com\/avatar\/dfa8d227a4388fad0f0bb03add04b5b176f4da34397dbb2eadc563b3d7162ce0?s=96&d=monsterid&r=g72784372b39ffe5a98a45288fe0d0e8a","url":"https:\/\/secure.gravatar.com\/avatar\/dfa8d227a4388fad0f0bb03add04b5b176f4da34397dbb2eadc563b3d7162ce0?s=96&d=monsterid&r=g","contentUrl":"https:\/\/secure.gravatar.com\/avatar\/dfa8d227a4388fad0f0bb03add04b5b176f4da34397dbb2eadc563b3d7162ce0?s=96&d=monsterid&r=g","caption":"Andreea St\u0103n\u0103r\u00eeng\u0103"},"description":"Cu o experien\u021b\u0103 de peste 5 ani \u00een pres\u0103, face parte din echipa Buletin de Bucure\u0219ti din septembrie 2025. A colaborat cu c\u00e2teva publica\u021bii, printre care \u0219i Fanatik.ro, unde s-a ocupat de \u0219tiri de lifestyle \u0219i de actualitate. A f\u0103cut un pas c\u0103tre presa local\u0103 pentru a explora Bucure\u0219tiul \u0219i pove\u0219tile care merit\u0103 spuse.","url":"https:\/\/buletin.de\/bucuresti\/author\/andreea-stanaranga\/"}]}},"authors":[{"term_id":23912,"user_id":65,"is_guest":0,"slug":"andreea-stanaranga","display_name":"Andreea St\u0103n\u0103r\u00eeng\u0103","avatar_url":"https:\/\/secure.gravatar.com\/avatar\/dfa8d227a4388fad0f0bb03add04b5b176f4da34397dbb2eadc563b3d7162ce0?s=96&d=monsterid&r=g","0":null,"1":"","2":"","3":"","4":"","5":"","6":"","7":"","8":""}],"_links":{"self":[{"href":"https:\/\/buletin.de\/bucuresti\/wp-json\/wp\/v2\/posts\/181072","targetHints":{"allow":["GET"]}}],"collection":[{"href":"https:\/\/buletin.de\/bucuresti\/wp-json\/wp\/v2\/posts"}],"about":[{"href":"https:\/\/buletin.de\/bucuresti\/wp-json\/wp\/v2\/types\/post"}],"author":[{"embeddable":true,"href":"https:\/\/buletin.de\/bucuresti\/wp-json\/wp\/v2\/users\/65"}],"replies":[{"embeddable":true,"href":"https:\/\/buletin.de\/bucuresti\/wp-json\/wp\/v2\/comments?post=181072"}],"version-history":[{"count":9,"href":"https:\/\/buletin.de\/bucuresti\/wp-json\/wp\/v2\/posts\/181072\/revisions"}],"predecessor-version":[{"id":181094,"href":"https:\/\/buletin.de\/bucuresti\/wp-json\/wp\/v2\/posts\/181072\/revisions\/181094"}],"wp:featuredmedia":[{"embeddable":true,"href":"https:\/\/buletin.de\/bucuresti\/wp-json\/wp\/v2\/media\/181079"}],"wp:attachment":[{"href":"https:\/\/buletin.de\/bucuresti\/wp-json\/wp\/v2\/media?parent=181072"}],"wp:term":[{"taxonomy":"category","embeddable":true,"href":"https:\/\/buletin.de\/bucuresti\/wp-json\/wp\/v2\/categories?post=181072"},{"taxonomy":"post_tag","embeddable":true,"href":"https:\/\/buletin.de\/bucuresti\/wp-json\/wp\/v2\/tags?post=181072"},{"taxonomy":"author","embeddable":true,"href":"https:\/\/buletin.de\/bucuresti\/wp-json\/wp\/v2\/ppma_author?post=181072"}],"curies":[{"name":"wp","href":"https:\/\/api.w.org\/{rel}","templated":true}]}}