{"id":181002,"date":"2026-03-17T04:00:00","date_gmt":"2026-03-17T01:00:00","guid":{"rendered":"https:\/\/buletin.de\/bucuresti\/?p=181002"},"modified":"2026-03-19T07:53:48","modified_gmt":"2026-03-19T04:53:48","slug":"balul-bucurestiului-de-demult-la-athenee-palace","status":"publish","type":"post","link":"https:\/\/buletin.de\/bucuresti\/balul-bucurestiului-de-demult-la-athenee-palace\/","title":{"rendered":"Balul Bucure\u0219tiului de demult, la Ath\u00e9n\u00e9e Palace"},"content":{"rendered":"\n<p><strong>Balul Bucure\u0219tiului de demult re\u00eenvie atmosfera interbelic\u0103, la InterContinental Ath\u00e9n\u00e9e Palace. Evenimentul are loc vineri, 20 martie, de la ora 19:00.<\/strong><\/p>\n\n\n\n<p><strong>UPDATE: Evenimentul a fost anulat, potrivit <a href=\"https:\/\/www.iabilet.ro\/bilete-balul-bucurestiului-de-demult-123594\">iabilet.ro.<\/a><\/strong><\/p>\n\n\n\n<p>Durata spectacolului este de 1h 45 min, cu pauz\u0103. Accesul \u00een loca\u021bie se poate face \u00eencep\u00e2nd cu ora 18:00, \u00een salonul Le Diplomate.<\/p>\n\n\n\n<p>Evenimentul combin\u0103 conceptele \u201eDinner and a Show\u201d, \u00eentr-o c\u0103l\u0103torie \u00een timp c\u0103tre epoca interbelic\u0103, printr-o \u00eembinare de muzic\u0103 live, dansuri pline de gra\u021bie \u0219i momente de umor de excep\u021bie.<\/p>\n\n\n\n<p><strong>&nbsp;CITE\u0218TE \u0218I:<\/strong> <a href=\"https:\/\/buletin.de\/bucuresti\/concertul-de-gala-i-love-beethoven-in-luna-mai-la-sala-radio\/\"><strong>Concertul de Gal\u0103 \u201eI Love Beethoven\u201d, \u00een luna mai, la Sala Radio<\/strong><\/a><\/p>\n\n\n\n<h2 class=\"wp-block-heading\" id=\"h-meniu-rafinat-la-balul-bucure\u0219tiului-de-demult\">Meniu rafinat, la Balul Bucure\u0219tiului de demult<\/h2>\n\n\n\n<p>Evenimentul este mai mult dec\u00e2t un spectacol. Participan\u021bii vor putea savura un meniu rafinat, cu trei feluri de m\u00e2ncare, potrivite cu atmosfera interbelic\u0103.<\/p>\n\n\n\n<p><strong>Servirea meniului se va efectua astfel:<\/strong><\/p>\n\n\n\n<ul class=\"wp-block-list\">\n<li>Antreu ( \u00eenainte de \u00eenceperea spectacolului);<\/li>\n\n\n\n<li>Felul principal ( \u00een pauza dintre cele dou\u0103 acte);<\/li>\n\n\n\n<li>Desertul ( la finalul spectacolului).<\/li>\n<\/ul>\n\n\n\n<p>B\u0103uturile vor fi servite la loca\u0163ie, \u00een sistem a la carte.<\/p>\n\n\n\n<p><strong><em>\u201e(&#8230;) este o c\u0103l\u0103torie prin istoria muzicii \u0219i a artei din Bucure\u0219ti, de la perioada interbelic\u0103 p\u00e2n\u0103 \u00een anii `70. O sear\u0103 plin\u0103 de emo\u021bie \u0219i rafinament, \u00een care ve\u021bi fi \u00eenc\u00e2nta\u021bi de armonia dintre muzic\u0103, dans, umor \u0219i gastronomie, toate reunite pentru a v\u0103 oferi o experien\u021b\u0103 complet\u0103 \u0219i memorabil\u0103.\u201d<\/em><\/strong><\/p>\n\n\n\n<p><strong>Distribu\u021bie:<\/strong><\/p>\n\n\n\n<ul class=\"wp-block-list\">\n<li>Daniela Buc\u0219an \u2013 Sopran\u0103;<\/li>\n\n\n\n<li>Andrei Mihalcea \u2013 Tenor;<\/li>\n\n\n\n<li>Eduard Adam \u2013 Actor;<\/li>\n\n\n\n<li>Marta Claudia Tudor \u2013 Pian;<\/li>\n\n\n\n<li>Gabi St\u0103nescu \u2013 Vioar\u0103;<\/li>\n\n\n\n<li>George Mihai St\u0103nescu \u2013 Violoncel;<\/li>\n\n\n\n<li>Emi Ciobanu \u2013 Acordeon;<\/li>\n\n\n\n<li>Balerini: Amyra Badro, Federica Franceschini, Maria Grigore (debut), Tiberiu Mihai, C\u0103t\u0103lin \u021a\u00eercovnicu, Alexandru Constantin;<\/li>\n\n\n\n<li>Maestru sunet \u2013 Alexandru Zaharencu;<\/li>\n\n\n\n<li>Maestru lumini \u2013 Traian Marin.<\/li>\n<\/ul>\n\n\n\n<p>Biletele se g\u0103sesc <a href=\"https:\/\/www.iabilet.ro\/\">AICI.<\/a><\/p>\n\n\n\n<p>Organizatorii precizeaz\u0103 c\u0103, pentru a putea finaliza comanda, este obligatoriu achizi\u021bionarea a cel pu\u021bin dou\u0103 bilete. \u00cen acest&nbsp;fel, se va asigura a\u0219ezarea \u00een cupluri sau grupuri de maximum opt persoane, la mese.<\/p>\n\n\n\n<p>Participarea la spectacol a minorilor sub 7 ani nu este permis\u0103.<\/p>\n\n\n\n<p><strong>&nbsp;CITE\u0218TE \u0218I:<\/strong> <a href=\"https:\/\/buletin.de\/bucuresti\/hanul-solacolu-salvat-de-la-ruina-lucrarile-de-punere-in-siguranta-s-au-incheiat\/\"><strong>Hanul Solacolu, salvat de la ruin\u0103. Lucr\u0103rile de punere \u00een siguran\u021b\u0103 s-au \u00eencheiat<\/strong><\/a><\/p>\n","protected":false},"excerpt":{"rendered":"<p>Balul Bucure\u0219tiului de demult re\u00eenvie atmosfera interbelic\u0103, la InterContinental Ath\u00e9n\u00e9e Palace. Evenimentul are loc vineri, 20 martie, de la ora 19:00. UPDATE: Evenimentul a fost anulat, potrivit iabilet.ro. Durata spectacolului este de 1h 45 min, cu pauz\u0103. Accesul \u00een loca\u021bie se poate face \u00eencep\u00e2nd cu ora 18:00, \u00een salonul Le Diplomate. Evenimentul combin\u0103 conceptele \u201eDinner [&hellip;]<\/p>\n","protected":false},"author":49,"featured_media":181004,"comment_status":"closed","ping_status":"open","sticky":false,"template":"","format":"standard","meta":{"_acf_changed":false,"inline_featured_image":false,"ngg_post_thumbnail":0,"footnotes":""},"categories":[6994,81,62],"tags":[27124,27123,27125],"ppma_author":[22574],"class_list":["post-181002","post","type-post","status-publish","format-standard","has-post-thumbnail","hentry","category-stiri-2","category-cultura","category-stiri","tag-athenee-palace","tag-balul-bucurestiului-de-demult","tag-intercontinental-athenee-palace"],"acf":[],"yoast_head":"<!-- This site is optimized with the Yoast SEO Premium plugin v25.3 (Yoast SEO v27.5) - https:\/\/yoast.com\/product\/yoast-seo-premium-wordpress\/ -->\n<title>Balul Bucure\u0219tiului de demult, la Ath\u00e9n\u00e9e Palace - Buletin de Bucure\u0219ti<\/title>\n<meta name=\"description\" content=\"Balul Bucure\u0219tiului de demult re\u00eenvie atmosfera interbelic\u0103, la InterContinental Ath\u00e9n\u00e9e Palace. Evenimentul are loc vineri, 20 martie.\" \/>\n<meta name=\"robots\" content=\"index, follow, max-snippet:-1, max-image-preview:large, max-video-preview:-1\" \/>\n<link rel=\"canonical\" href=\"https:\/\/buletin.de\/bucuresti\/balul-bucurestiului-de-demult-la-athenee-palace\/\" \/>\n<meta property=\"og:locale\" content=\"en_GB\" \/>\n<meta property=\"og:type\" content=\"article\" \/>\n<meta property=\"og:title\" content=\"Balul Bucure\u0219tiului de demult, la Ath\u00e9n\u00e9e Palace\" \/>\n<meta property=\"og:description\" content=\"Balul Bucure\u0219tiului de demult re\u00eenvie atmosfera interbelic\u0103, la InterContinental Ath\u00e9n\u00e9e Palace. Evenimentul are loc vineri, 20 martie.\" \/>\n<meta property=\"og:url\" content=\"https:\/\/buletin.de\/bucuresti\/balul-bucurestiului-de-demult-la-athenee-palace\/\" \/>\n<meta property=\"og:site_name\" content=\"Buletin de Bucure\u0219ti\" \/>\n<meta property=\"article:publisher\" content=\"https:\/\/www.facebook.com\/buletin.de.buc\" \/>\n<meta property=\"article:published_time\" content=\"2026-03-17T01:00:00+00:00\" \/>\n<meta property=\"article:modified_time\" content=\"2026-03-19T04:53:48+00:00\" \/>\n<meta property=\"og:image\" content=\"https:\/\/buletin.de\/bucuresti\/wp-content\/uploads\/2026\/03\/https___static3.iabilet.ro_img_db_venue_00_1b_dc_00000237082-b9ed.png\" \/>\n\t<meta property=\"og:image:width\" content=\"1200\" \/>\n\t<meta property=\"og:image:height\" content=\"464\" \/>\n\t<meta property=\"og:image:type\" content=\"image\/png\" \/>\n<meta name=\"author\" content=\"Diana Matei\" \/>\n<meta name=\"twitter:card\" content=\"summary_large_image\" \/>\n<meta name=\"twitter:label1\" content=\"Written by\" \/>\n\t<meta name=\"twitter:data1\" content=\"Diana Matei\" \/>\n\t<meta name=\"twitter:label2\" content=\"Estimated reading time\" \/>\n\t<meta name=\"twitter:data2\" content=\"2 minutes\" \/>\n<script type=\"application\/ld+json\" class=\"yoast-schema-graph\">{\"@context\":\"https:\\\/\\\/schema.org\",\"@graph\":[{\"@type\":\"Article\",\"@id\":\"https:\\\/\\\/buletin.de\\\/bucuresti\\\/balul-bucurestiului-de-demult-la-athenee-palace\\\/#article\",\"isPartOf\":{\"@id\":\"https:\\\/\\\/buletin.de\\\/bucuresti\\\/balul-bucurestiului-de-demult-la-athenee-palace\\\/\"},\"author\":{\"name\":\"Diana Matei\",\"@id\":\"https:\\\/\\\/buletin.de\\\/bucuresti\\\/#\\\/schema\\\/person\\\/7e46040573290777280a0835d81ea4ea\"},\"headline\":\"Balul Bucure\u0219tiului de demult, la Ath\u00e9n\u00e9e Palace\",\"datePublished\":\"2026-03-17T01:00:00+00:00\",\"dateModified\":\"2026-03-19T04:53:48+00:00\",\"mainEntityOfPage\":{\"@id\":\"https:\\\/\\\/buletin.de\\\/bucuresti\\\/balul-bucurestiului-de-demult-la-athenee-palace\\\/\"},\"wordCount\":363,\"publisher\":{\"@id\":\"https:\\\/\\\/buletin.de\\\/bucuresti\\\/#organization\"},\"image\":{\"@id\":\"https:\\\/\\\/buletin.de\\\/bucuresti\\\/balul-bucurestiului-de-demult-la-athenee-palace\\\/#primaryimage\"},\"thumbnailUrl\":\"https:\\\/\\\/buletin.de\\\/bucuresti\\\/wp-content\\\/uploads\\\/2026\\\/03\\\/https___static3.iabilet.ro_img_db_venue_00_1b_dc_00000237082-b9ed.png\",\"keywords\":[\"Ath\u00e9n\u00e9e Palace\",\"Balul Bucure\u0219tiului de demult\",\"InterContinental Ath\u00e9n\u00e9e Palace\"],\"articleSection\":[\"Articole\",\"Cultur\u0103\",\"\u0218tiri\"],\"inLanguage\":\"en-GB\",\"copyrightYear\":\"2026\",\"copyrightHolder\":{\"@id\":\"https:\\\/\\\/buletin.de\\\/bucuresti\\\/#organization\"}},{\"@type\":\"WebPage\",\"@id\":\"https:\\\/\\\/buletin.de\\\/bucuresti\\\/balul-bucurestiului-de-demult-la-athenee-palace\\\/\",\"url\":\"https:\\\/\\\/buletin.de\\\/bucuresti\\\/balul-bucurestiului-de-demult-la-athenee-palace\\\/\",\"name\":\"Balul Bucure\u0219tiului de demult, la Ath\u00e9n\u00e9e Palace - Buletin de Bucure\u0219ti\",\"isPartOf\":{\"@id\":\"https:\\\/\\\/buletin.de\\\/bucuresti\\\/#website\"},\"primaryImageOfPage\":{\"@id\":\"https:\\\/\\\/buletin.de\\\/bucuresti\\\/balul-bucurestiului-de-demult-la-athenee-palace\\\/#primaryimage\"},\"image\":{\"@id\":\"https:\\\/\\\/buletin.de\\\/bucuresti\\\/balul-bucurestiului-de-demult-la-athenee-palace\\\/#primaryimage\"},\"thumbnailUrl\":\"https:\\\/\\\/buletin.de\\\/bucuresti\\\/wp-content\\\/uploads\\\/2026\\\/03\\\/https___static3.iabilet.ro_img_db_venue_00_1b_dc_00000237082-b9ed.png\",\"datePublished\":\"2026-03-17T01:00:00+00:00\",\"dateModified\":\"2026-03-19T04:53:48+00:00\",\"description\":\"Balul Bucure\u0219tiului de demult re\u00eenvie atmosfera interbelic\u0103, la InterContinental Ath\u00e9n\u00e9e Palace. Evenimentul are loc vineri, 20 martie.\",\"breadcrumb\":{\"@id\":\"https:\\\/\\\/buletin.de\\\/bucuresti\\\/balul-bucurestiului-de-demult-la-athenee-palace\\\/#breadcrumb\"},\"inLanguage\":\"en-GB\",\"potentialAction\":[{\"@type\":\"ReadAction\",\"target\":[\"https:\\\/\\\/buletin.de\\\/bucuresti\\\/balul-bucurestiului-de-demult-la-athenee-palace\\\/\"]}]},{\"@type\":\"ImageObject\",\"inLanguage\":\"en-GB\",\"@id\":\"https:\\\/\\\/buletin.de\\\/bucuresti\\\/balul-bucurestiului-de-demult-la-athenee-palace\\\/#primaryimage\",\"url\":\"https:\\\/\\\/buletin.de\\\/bucuresti\\\/wp-content\\\/uploads\\\/2026\\\/03\\\/https___static3.iabilet.ro_img_db_venue_00_1b_dc_00000237082-b9ed.png\",\"contentUrl\":\"https:\\\/\\\/buletin.de\\\/bucuresti\\\/wp-content\\\/uploads\\\/2026\\\/03\\\/https___static3.iabilet.ro_img_db_venue_00_1b_dc_00000237082-b9ed.png\",\"width\":1200,\"height\":464,\"caption\":\"Balul Bucure\u0219tiului de demult, la Ath\u00e9n\u00e9e Palace. FOTO: iabilet.ro\"},{\"@type\":\"BreadcrumbList\",\"@id\":\"https:\\\/\\\/buletin.de\\\/bucuresti\\\/balul-bucurestiului-de-demult-la-athenee-palace\\\/#breadcrumb\",\"itemListElement\":[{\"@type\":\"ListItem\",\"position\":1,\"name\":\"Acas\u0103\",\"item\":\"https:\\\/\\\/buletin.de\\\/bucuresti\\\/\"},{\"@type\":\"ListItem\",\"position\":2,\"name\":\"Balul Bucure\u0219tiului de demult, la Ath\u00e9n\u00e9e Palace\"}]},{\"@type\":\"WebSite\",\"@id\":\"https:\\\/\\\/buletin.de\\\/bucuresti\\\/#website\",\"url\":\"https:\\\/\\\/buletin.de\\\/bucuresti\\\/\",\"name\":\"Buletin de Bucure\u0219ti\",\"description\":\"\u0218tiri \u0219i investiga\u021bii esen\u021biale din capital\u0103\",\"publisher\":{\"@id\":\"https:\\\/\\\/buletin.de\\\/bucuresti\\\/#organization\"},\"potentialAction\":[{\"@type\":\"SearchAction\",\"target\":{\"@type\":\"EntryPoint\",\"urlTemplate\":\"https:\\\/\\\/buletin.de\\\/bucuresti\\\/?s={search_term_string}\"},\"query-input\":{\"@type\":\"PropertyValueSpecification\",\"valueRequired\":true,\"valueName\":\"search_term_string\"}}],\"inLanguage\":\"en-GB\"},{\"@type\":\"Organization\",\"@id\":\"https:\\\/\\\/buletin.de\\\/bucuresti\\\/#organization\",\"name\":\"Buletin de Bucure\u0219ti\",\"url\":\"https:\\\/\\\/buletin.de\\\/bucuresti\\\/\",\"logo\":{\"@type\":\"ImageObject\",\"inLanguage\":\"en-GB\",\"@id\":\"https:\\\/\\\/buletin.de\\\/bucuresti\\\/#\\\/schema\\\/logo\\\/image\\\/\",\"url\":\"https:\\\/\\\/buletin.de\\\/bucuresti\\\/wp-content\\\/uploads\\\/logo-bdb-full-wide-vernil-transparent.png\",\"contentUrl\":\"https:\\\/\\\/buletin.de\\\/bucuresti\\\/wp-content\\\/uploads\\\/logo-bdb-full-wide-vernil-transparent.png\",\"width\":1782,\"height\":626,\"caption\":\"Buletin de Bucure\u0219ti\"},\"image\":{\"@id\":\"https:\\\/\\\/buletin.de\\\/bucuresti\\\/#\\\/schema\\\/logo\\\/image\\\/\"},\"sameAs\":[\"https:\\\/\\\/www.facebook.com\\\/buletin.de.buc\",\"https:\\\/\\\/www.instagram.com\\\/buletinde.bucuresti\\\/\"]},{\"@type\":\"Person\",\"@id\":\"https:\\\/\\\/buletin.de\\\/bucuresti\\\/#\\\/schema\\\/person\\\/7e46040573290777280a0835d81ea4ea\",\"name\":\"Diana Matei\",\"image\":{\"@type\":\"ImageObject\",\"inLanguage\":\"en-GB\",\"@id\":\"https:\\\/\\\/buletin.de\\\/bucuresti\\\/wp-content\\\/uploads\\\/9-2-96x96.jpg1e8590b30871d70e62ebcdaf2eff570c\",\"url\":\"https:\\\/\\\/buletin.de\\\/bucuresti\\\/wp-content\\\/uploads\\\/9-2-96x96.jpg\",\"contentUrl\":\"https:\\\/\\\/buletin.de\\\/bucuresti\\\/wp-content\\\/uploads\\\/9-2-96x96.jpg\",\"caption\":\"Diana Matei\"},\"url\":\"https:\\\/\\\/buletin.de\\\/bucuresti\\\/author\\\/dianamatei\\\/\"}]}<\/script>\n<!-- \/ Yoast SEO Premium plugin. -->","yoast_head_json":{"title":"Balul Bucure\u0219tiului de demult, la Ath\u00e9n\u00e9e Palace - Buletin de Bucure\u0219ti","description":"Balul Bucure\u0219tiului de demult re\u00eenvie atmosfera interbelic\u0103, la InterContinental Ath\u00e9n\u00e9e Palace. Evenimentul are loc vineri, 20 martie.","robots":{"index":"index","follow":"follow","max-snippet":"max-snippet:-1","max-image-preview":"max-image-preview:large","max-video-preview":"max-video-preview:-1"},"canonical":"https:\/\/buletin.de\/bucuresti\/balul-bucurestiului-de-demult-la-athenee-palace\/","og_locale":"en_GB","og_type":"article","og_title":"Balul Bucure\u0219tiului de demult, la Ath\u00e9n\u00e9e Palace","og_description":"Balul Bucure\u0219tiului de demult re\u00eenvie atmosfera interbelic\u0103, la InterContinental Ath\u00e9n\u00e9e Palace. Evenimentul are loc vineri, 20 martie.","og_url":"https:\/\/buletin.de\/bucuresti\/balul-bucurestiului-de-demult-la-athenee-palace\/","og_site_name":"Buletin de Bucure\u0219ti","article_publisher":"https:\/\/www.facebook.com\/buletin.de.buc","article_published_time":"2026-03-17T01:00:00+00:00","article_modified_time":"2026-03-19T04:53:48+00:00","og_image":[{"width":1200,"height":464,"url":"https:\/\/buletin.de\/bucuresti\/wp-content\/uploads\/2026\/03\/https___static3.iabilet.ro_img_db_venue_00_1b_dc_00000237082-b9ed.png","type":"image\/png"}],"author":"Diana Matei","twitter_card":"summary_large_image","twitter_misc":{"Written by":"Diana Matei","Estimated reading time":"2 minutes"},"schema":{"@context":"https:\/\/schema.org","@graph":[{"@type":"Article","@id":"https:\/\/buletin.de\/bucuresti\/balul-bucurestiului-de-demult-la-athenee-palace\/#article","isPartOf":{"@id":"https:\/\/buletin.de\/bucuresti\/balul-bucurestiului-de-demult-la-athenee-palace\/"},"author":{"name":"Diana Matei","@id":"https:\/\/buletin.de\/bucuresti\/#\/schema\/person\/7e46040573290777280a0835d81ea4ea"},"headline":"Balul Bucure\u0219tiului de demult, la Ath\u00e9n\u00e9e Palace","datePublished":"2026-03-17T01:00:00+00:00","dateModified":"2026-03-19T04:53:48+00:00","mainEntityOfPage":{"@id":"https:\/\/buletin.de\/bucuresti\/balul-bucurestiului-de-demult-la-athenee-palace\/"},"wordCount":363,"publisher":{"@id":"https:\/\/buletin.de\/bucuresti\/#organization"},"image":{"@id":"https:\/\/buletin.de\/bucuresti\/balul-bucurestiului-de-demult-la-athenee-palace\/#primaryimage"},"thumbnailUrl":"https:\/\/buletin.de\/bucuresti\/wp-content\/uploads\/2026\/03\/https___static3.iabilet.ro_img_db_venue_00_1b_dc_00000237082-b9ed.png","keywords":["Ath\u00e9n\u00e9e Palace","Balul Bucure\u0219tiului de demult","InterContinental Ath\u00e9n\u00e9e Palace"],"articleSection":["Articole","Cultur\u0103","\u0218tiri"],"inLanguage":"en-GB","copyrightYear":"2026","copyrightHolder":{"@id":"https:\/\/buletin.de\/bucuresti\/#organization"}},{"@type":"WebPage","@id":"https:\/\/buletin.de\/bucuresti\/balul-bucurestiului-de-demult-la-athenee-palace\/","url":"https:\/\/buletin.de\/bucuresti\/balul-bucurestiului-de-demult-la-athenee-palace\/","name":"Balul Bucure\u0219tiului de demult, la Ath\u00e9n\u00e9e Palace - Buletin de Bucure\u0219ti","isPartOf":{"@id":"https:\/\/buletin.de\/bucuresti\/#website"},"primaryImageOfPage":{"@id":"https:\/\/buletin.de\/bucuresti\/balul-bucurestiului-de-demult-la-athenee-palace\/#primaryimage"},"image":{"@id":"https:\/\/buletin.de\/bucuresti\/balul-bucurestiului-de-demult-la-athenee-palace\/#primaryimage"},"thumbnailUrl":"https:\/\/buletin.de\/bucuresti\/wp-content\/uploads\/2026\/03\/https___static3.iabilet.ro_img_db_venue_00_1b_dc_00000237082-b9ed.png","datePublished":"2026-03-17T01:00:00+00:00","dateModified":"2026-03-19T04:53:48+00:00","description":"Balul Bucure\u0219tiului de demult re\u00eenvie atmosfera interbelic\u0103, la InterContinental Ath\u00e9n\u00e9e Palace. Evenimentul are loc vineri, 20 martie.","breadcrumb":{"@id":"https:\/\/buletin.de\/bucuresti\/balul-bucurestiului-de-demult-la-athenee-palace\/#breadcrumb"},"inLanguage":"en-GB","potentialAction":[{"@type":"ReadAction","target":["https:\/\/buletin.de\/bucuresti\/balul-bucurestiului-de-demult-la-athenee-palace\/"]}]},{"@type":"ImageObject","inLanguage":"en-GB","@id":"https:\/\/buletin.de\/bucuresti\/balul-bucurestiului-de-demult-la-athenee-palace\/#primaryimage","url":"https:\/\/buletin.de\/bucuresti\/wp-content\/uploads\/2026\/03\/https___static3.iabilet.ro_img_db_venue_00_1b_dc_00000237082-b9ed.png","contentUrl":"https:\/\/buletin.de\/bucuresti\/wp-content\/uploads\/2026\/03\/https___static3.iabilet.ro_img_db_venue_00_1b_dc_00000237082-b9ed.png","width":1200,"height":464,"caption":"Balul Bucure\u0219tiului de demult, la Ath\u00e9n\u00e9e Palace. FOTO: iabilet.ro"},{"@type":"BreadcrumbList","@id":"https:\/\/buletin.de\/bucuresti\/balul-bucurestiului-de-demult-la-athenee-palace\/#breadcrumb","itemListElement":[{"@type":"ListItem","position":1,"name":"Acas\u0103","item":"https:\/\/buletin.de\/bucuresti\/"},{"@type":"ListItem","position":2,"name":"Balul Bucure\u0219tiului de demult, la Ath\u00e9n\u00e9e Palace"}]},{"@type":"WebSite","@id":"https:\/\/buletin.de\/bucuresti\/#website","url":"https:\/\/buletin.de\/bucuresti\/","name":"Buletin de Bucure\u0219ti","description":"\u0218tiri \u0219i investiga\u021bii esen\u021biale din capital\u0103","publisher":{"@id":"https:\/\/buletin.de\/bucuresti\/#organization"},"potentialAction":[{"@type":"SearchAction","target":{"@type":"EntryPoint","urlTemplate":"https:\/\/buletin.de\/bucuresti\/?s={search_term_string}"},"query-input":{"@type":"PropertyValueSpecification","valueRequired":true,"valueName":"search_term_string"}}],"inLanguage":"en-GB"},{"@type":"Organization","@id":"https:\/\/buletin.de\/bucuresti\/#organization","name":"Buletin de Bucure\u0219ti","url":"https:\/\/buletin.de\/bucuresti\/","logo":{"@type":"ImageObject","inLanguage":"en-GB","@id":"https:\/\/buletin.de\/bucuresti\/#\/schema\/logo\/image\/","url":"https:\/\/buletin.de\/bucuresti\/wp-content\/uploads\/logo-bdb-full-wide-vernil-transparent.png","contentUrl":"https:\/\/buletin.de\/bucuresti\/wp-content\/uploads\/logo-bdb-full-wide-vernil-transparent.png","width":1782,"height":626,"caption":"Buletin de Bucure\u0219ti"},"image":{"@id":"https:\/\/buletin.de\/bucuresti\/#\/schema\/logo\/image\/"},"sameAs":["https:\/\/www.facebook.com\/buletin.de.buc","https:\/\/www.instagram.com\/buletinde.bucuresti\/"]},{"@type":"Person","@id":"https:\/\/buletin.de\/bucuresti\/#\/schema\/person\/7e46040573290777280a0835d81ea4ea","name":"Diana Matei","image":{"@type":"ImageObject","inLanguage":"en-GB","@id":"https:\/\/buletin.de\/bucuresti\/wp-content\/uploads\/9-2-96x96.jpg1e8590b30871d70e62ebcdaf2eff570c","url":"https:\/\/buletin.de\/bucuresti\/wp-content\/uploads\/9-2-96x96.jpg","contentUrl":"https:\/\/buletin.de\/bucuresti\/wp-content\/uploads\/9-2-96x96.jpg","caption":"Diana Matei"},"url":"https:\/\/buletin.de\/bucuresti\/author\/dianamatei\/"}]}},"authors":[{"term_id":22574,"user_id":49,"is_guest":0,"slug":"dianamatei","display_name":"Diana Matei","avatar_url":"https:\/\/buletin.de\/bucuresti\/wp-content\/uploads\/9-2-96x96.jpg","0":null,"1":"","2":"","3":"","4":"","5":"","6":"","7":"","8":""}],"_links":{"self":[{"href":"https:\/\/buletin.de\/bucuresti\/wp-json\/wp\/v2\/posts\/181002","targetHints":{"allow":["GET"]}}],"collection":[{"href":"https:\/\/buletin.de\/bucuresti\/wp-json\/wp\/v2\/posts"}],"about":[{"href":"https:\/\/buletin.de\/bucuresti\/wp-json\/wp\/v2\/types\/post"}],"author":[{"embeddable":true,"href":"https:\/\/buletin.de\/bucuresti\/wp-json\/wp\/v2\/users\/49"}],"replies":[{"embeddable":true,"href":"https:\/\/buletin.de\/bucuresti\/wp-json\/wp\/v2\/comments?post=181002"}],"version-history":[{"count":3,"href":"https:\/\/buletin.de\/bucuresti\/wp-json\/wp\/v2\/posts\/181002\/revisions"}],"predecessor-version":[{"id":181560,"href":"https:\/\/buletin.de\/bucuresti\/wp-json\/wp\/v2\/posts\/181002\/revisions\/181560"}],"wp:featuredmedia":[{"embeddable":true,"href":"https:\/\/buletin.de\/bucuresti\/wp-json\/wp\/v2\/media\/181004"}],"wp:attachment":[{"href":"https:\/\/buletin.de\/bucuresti\/wp-json\/wp\/v2\/media?parent=181002"}],"wp:term":[{"taxonomy":"category","embeddable":true,"href":"https:\/\/buletin.de\/bucuresti\/wp-json\/wp\/v2\/categories?post=181002"},{"taxonomy":"post_tag","embeddable":true,"href":"https:\/\/buletin.de\/bucuresti\/wp-json\/wp\/v2\/tags?post=181002"},{"taxonomy":"author","embeddable":true,"href":"https:\/\/buletin.de\/bucuresti\/wp-json\/wp\/v2\/ppma_author?post=181002"}],"curies":[{"name":"wp","href":"https:\/\/api.w.org\/{rel}","templated":true}]}}