{"id":181000,"date":"2026-03-16T20:29:55","date_gmt":"2026-03-16T17:29:55","guid":{"rendered":"https:\/\/buletin.de\/bucuresti\/?p=181000"},"modified":"2026-03-16T20:29:56","modified_gmt":"2026-03-16T17:29:56","slug":"politia-locala-a-facut-controale-privind-nivelul-de-zgomot-in-centrul-vechi-localurile-risca-amenzi-de-pana-la-60-000-de-lei","status":"publish","type":"post","link":"https:\/\/buletin.de\/bucuresti\/politia-locala-a-facut-controale-privind-nivelul-de-zgomot-in-centrul-vechi-localurile-risca-amenzi-de-pana-la-60-000-de-lei\/","title":{"rendered":"Poli\u021bia Local\u0103 a f\u0103cut controale privind nivelul de zgomot \u00een Centrul Vechi. Localurile risc\u0103 amenzi de p\u00e2n\u0103 la 60.000 de lei"},"content":{"rendered":"\n<p><strong>Poli\u021bia Local\u0103 a Municipiului Bucure\u0219ti a efectuat \u00een weekendul 14-15 martie controale \u00een Centrul Vechi al Capitalei pentru a determina dac\u0103 localurile respect\u0103 legisla\u021bia \u00een ceea de prive\u0219te nivelul de zgomot permis. Pentru fiecare loca\u021bie verificat\u0103 au fost \u00eentocmite procese verbale de inspec\u021bie \u0219i urmeaz\u0103 s\u0103 se determine sanc\u021biunile ce vor fi date, <a href=\"https:\/\/www.facebook.com\/watch\/?v=975828975226361\" target=\"_blank\" rel=\"noreferrer noopener\">anun\u021b\u0103 <\/a>Prim\u0103ria Capitalei. <\/strong><\/p>\n\n\n\n<p>Amenzile pe care operatorii economici risc\u0103 s\u0103 le primeasc\u0103 dac\u0103 nu respect\u0103 legisla\u021bia \u00een ceea ce prive\u0219te zgomotul sunt cuprinse \u00eentre 30.000 &#8211; 60.000 de lei. Conform Ordinului Ministrului S\u0103n\u0103t\u0103\u021bii 119\/2014, pe timpul nop\u021bii, \u00een intervalul orar 23:00 \u2013 07:00, zgomotul nu trebuie s\u0103 dep\u0103\u0219easc\u0103 limita de 45 de decibeli. <\/p>\n\n\n\n<p>Controalele urmeaz\u0103 s\u0103 fie efectuate \u0219i \u00een perioada urm\u0103toare \u00een zonele comerciale mixte, mai cu seam\u0103 acolo unde func\u021bioneaz\u0103 cluburi sau baruri. <\/p>\n\n\n\n<p>De asemenea, \u00een cadrul controlului s-a verificat \u0219i dac\u0103 legisla\u021bia privind comer\u021bul alimentar este respectat\u0103. Agen\u021bii au verificat dac\u0103 se respect\u0103 orarul de func\u021bionare \u0219i dac\u0103 pre\u021burile sunt afi\u0219ate la raft. \u00cen urma acestora, dou\u0103 localuri s-au ales cu amend\u0103, iar activitate lor a fost suspendat\u0103. <\/p>\n\n\n\n<p><strong>CITE\u0218TE \u0218I <a href=\"https:\/\/buletin.de\/bucuresti\/investigatie-video-reteaua-vip-urilor-cu-locuinte-si-terenuri-de-la-primarie-fondul-public-al-capitalei-este-sfidat-cu-chirii-simbolice-de-politicieni-functionari-vedete-magist\/\" type=\"post\" id=\"180805\">INVESTIGA\u021aIE VIDEO | Re\u021beaua VIP-urilor cu locuin\u021be \u0219i terenuri de la Prim\u0103rie. Fondul public al Capitalei este sfidat cu chirii \u201esimbolice\u201d de politicieni, func\u021bionari, vedete, magistra\u021bi \u0219i oameni de afaceri controversa\u021bi<\/a><\/strong><\/p>\n\n\n\n<h2 class=\"wp-block-heading\" id=\"h-sute-de-amenzi-date-de-brigada-rutiera-in-48-de-ore\">Sute de amenzi date de Brigada Rutier\u0103 \u00een 48 de ore<\/h2>\n\n\n\n<p>Brigada Rutier\u0103 a dat, \u00een weekendul 14-15 martie, amenzi \u00een valoare de aproape 70.000 de euro \u0219oferilor care au dep\u0103\u0219it viteza maxim admis\u0103. Poli\u021bi\u0219tii au ac\u021bionat cu aparatura radar din dotare pe arterele din Municipiul Bucure\u0219ti cu risc rutier ridicat, \u00een scopul prevenirii accidentelor de circula\u021bie cu consecin\u021be grave cauzate de viteza excesiv\u0103.<\/p>\n\n\n\n<p>Au fost aplicate un total de 675 de sanc\u021biuni contraven\u021bionale, iar pe l\u00e2ng\u0103 acestea au fost \u00eentocmite \u0219i dou\u0103 dosare penale pe numele unor \u0219oferi care s-au urcat la volan de\u0219i aveam permisul suspendat. <\/p>\n\n\n\n<p>Tot \u00een acest interval, Brigada Rutier\u0103 a re\u021binute 25 de permise de conducere pentru nerespectarea regimului legal de vitez\u0103 \u0219i cinci certificate de \u00eenmatriculare pentru deficien\u021bele tehnice constatate.<\/p>\n\n\n\n<p><strong><em>\u201eActivit\u0103\u021bile de control \u00een trafic destinate verific\u0103rii respect\u0103rii regimului legal de vitez\u0103 \u0219i prevenirii evenimentelor rutiere cauzate de viteza excesiv\u0103 continu\u0103 \u0219i \u00een perioada urm\u0103toare\u201d, se precizeaz\u0103 \u00een comunicatul Poli\u021biei.<\/em><\/strong><\/p>\n\n\n\n<p><strong>CITE\u0218TE \u0218I <a href=\"https:\/\/buletin.de\/bucuresti\/amenzi-de-aproape-70-000-de-euro-in-48-de-ore-pentru-viteza-politistii-au-intocmit-si-doua-dosare-penale\/\" type=\"post\" id=\"180847\">Amenzi de aproape 70.000 de euro \u00een 48 de ore, pentru vitez\u0103. Poli\u021bi\u0219tii au \u00eentocmit \u0219i dou\u0103 dosare penale<\/a><\/strong><\/p>\n","protected":false},"excerpt":{"rendered":"<p>Poli\u021bia Local\u0103 a Municipiului Bucure\u0219ti a efectuat \u00een weekendul 14-15 martie controale \u00een Centrul Vechi al Capitalei pentru a determina dac\u0103 localurile respect\u0103 legisla\u021bia \u00een ceea de prive\u0219te nivelul de zgomot permis. Pentru fiecare loca\u021bie verificat\u0103 au fost \u00eentocmite procese verbale de inspec\u021bie \u0219i urmeaz\u0103 s\u0103 se determine sanc\u021biunile ce vor fi date, anun\u021b\u0103 Prim\u0103ria [&hellip;]<\/p>\n","protected":false},"author":66,"featured_media":181007,"comment_status":"closed","ping_status":"open","sticky":false,"template":"","format":"standard","meta":{"_acf_changed":false,"inline_featured_image":false,"ngg_post_thumbnail":0,"footnotes":""},"categories":[6994,62],"tags":[154,3001,27122,620],"ppma_author":[26103],"class_list":["post-181000","post","type-post","status-publish","format-standard","has-post-thumbnail","hentry","category-stiri-2","category-stiri","tag-amenzi","tag-centrul-vechi","tag-politia-locala-a-municipiului-bucuresti-2","tag-zgomot"],"acf":[],"yoast_head":"<!-- This site is optimized with the Yoast SEO Premium plugin v25.3 (Yoast SEO v27.4) - https:\/\/yoast.com\/product\/yoast-seo-premium-wordpress\/ -->\n<title>Poli\u021bia Local\u0103 a f\u0103cut controale privind nivelul de zgomot \u00een Centrul Vechi. Localurile risc\u0103 amenzi de p\u00e2n\u0103 la 60.000 de lei - Buletin de Bucure\u0219ti<\/title>\n<meta name=\"description\" content=\"Poli\u021bia Local\u0103 a efectuat controale \u00een Centrul Vechi la localurile care nu respect\u0103 legisla\u021bia privind nivelul de zgomot permis noaptea.\" \/>\n<meta name=\"robots\" content=\"index, follow, max-snippet:-1, max-image-preview:large, max-video-preview:-1\" \/>\n<link rel=\"canonical\" href=\"https:\/\/buletin.de\/bucuresti\/politia-locala-a-facut-controale-privind-nivelul-de-zgomot-in-centrul-vechi-localurile-risca-amenzi-de-pana-la-60-000-de-lei\/\" \/>\n<meta property=\"og:locale\" content=\"en_GB\" \/>\n<meta property=\"og:type\" content=\"article\" \/>\n<meta property=\"og:title\" content=\"Poli\u021bia Local\u0103 a f\u0103cut controale privind nivelul de zgomot \u00een Centrul Vechi. Localurile risc\u0103 amenzi de p\u00e2n\u0103 la 60.000 de lei\" \/>\n<meta property=\"og:description\" content=\"Poli\u021bia Local\u0103 a efectuat controale \u00een Centrul Vechi la localurile care nu respect\u0103 legisla\u021bia privind nivelul de zgomot permis noaptea.\" \/>\n<meta property=\"og:url\" content=\"https:\/\/buletin.de\/bucuresti\/politia-locala-a-facut-controale-privind-nivelul-de-zgomot-in-centrul-vechi-localurile-risca-amenzi-de-pana-la-60-000-de-lei\/\" \/>\n<meta property=\"og:site_name\" content=\"Buletin de Bucure\u0219ti\" \/>\n<meta property=\"article:publisher\" content=\"https:\/\/www.facebook.com\/buletin.de.buc\" \/>\n<meta property=\"article:published_time\" content=\"2026-03-16T17:29:55+00:00\" \/>\n<meta property=\"article:modified_time\" content=\"2026-03-16T17:29:56+00:00\" \/>\n<meta property=\"og:image\" content=\"https:\/\/buletin.de\/bucuresti\/wp-content\/uploads\/2026\/03\/Controale-zgomot-centrul-vechi.jpg\" \/>\n\t<meta property=\"og:image:width\" content=\"1920\" \/>\n\t<meta property=\"og:image:height\" content=\"1080\" \/>\n\t<meta property=\"og:image:type\" content=\"image\/jpeg\" \/>\n<meta name=\"author\" content=\"Deniz Garguli\" \/>\n<meta name=\"twitter:card\" content=\"summary_large_image\" \/>\n<meta name=\"twitter:label1\" content=\"Written by\" \/>\n\t<meta name=\"twitter:data1\" content=\"Deniz Garguli\" \/>\n\t<meta name=\"twitter:label2\" content=\"Estimated reading time\" \/>\n\t<meta name=\"twitter:data2\" content=\"2 minutes\" \/>\n<script type=\"application\/ld+json\" class=\"yoast-schema-graph\">{\"@context\":\"https:\\\/\\\/schema.org\",\"@graph\":[{\"@type\":\"Article\",\"@id\":\"https:\\\/\\\/buletin.de\\\/bucuresti\\\/politia-locala-a-facut-controale-privind-nivelul-de-zgomot-in-centrul-vechi-localurile-risca-amenzi-de-pana-la-60-000-de-lei\\\/#article\",\"isPartOf\":{\"@id\":\"https:\\\/\\\/buletin.de\\\/bucuresti\\\/politia-locala-a-facut-controale-privind-nivelul-de-zgomot-in-centrul-vechi-localurile-risca-amenzi-de-pana-la-60-000-de-lei\\\/\"},\"author\":{\"name\":\"Deniz Garguli\",\"@id\":\"https:\\\/\\\/buletin.de\\\/bucuresti\\\/#\\\/schema\\\/person\\\/8badd0805392c02e16b744e0d5cd3625\"},\"headline\":\"Poli\u021bia Local\u0103 a f\u0103cut controale privind nivelul de zgomot \u00een Centrul Vechi. Localurile risc\u0103 amenzi de p\u00e2n\u0103 la 60.000 de lei\",\"datePublished\":\"2026-03-16T17:29:55+00:00\",\"dateModified\":\"2026-03-16T17:29:56+00:00\",\"mainEntityOfPage\":{\"@id\":\"https:\\\/\\\/buletin.de\\\/bucuresti\\\/politia-locala-a-facut-controale-privind-nivelul-de-zgomot-in-centrul-vechi-localurile-risca-amenzi-de-pana-la-60-000-de-lei\\\/\"},\"wordCount\":445,\"publisher\":{\"@id\":\"https:\\\/\\\/buletin.de\\\/bucuresti\\\/#organization\"},\"image\":{\"@id\":\"https:\\\/\\\/buletin.de\\\/bucuresti\\\/politia-locala-a-facut-controale-privind-nivelul-de-zgomot-in-centrul-vechi-localurile-risca-amenzi-de-pana-la-60-000-de-lei\\\/#primaryimage\"},\"thumbnailUrl\":\"https:\\\/\\\/buletin.de\\\/bucuresti\\\/wp-content\\\/uploads\\\/2026\\\/03\\\/Controale-zgomot-centrul-vechi.jpg\",\"keywords\":[\"amenzi\",\"Centrul Vechi\",\"Poli\u021bia Local\u0103 a Municipiului Bucure\u0219ti\",\"zgomot\"],\"articleSection\":[\"Articole\",\"\u0218tiri\"],\"inLanguage\":\"en-GB\",\"copyrightYear\":\"2026\",\"copyrightHolder\":{\"@id\":\"https:\\\/\\\/buletin.de\\\/bucuresti\\\/#organization\"}},{\"@type\":\"WebPage\",\"@id\":\"https:\\\/\\\/buletin.de\\\/bucuresti\\\/politia-locala-a-facut-controale-privind-nivelul-de-zgomot-in-centrul-vechi-localurile-risca-amenzi-de-pana-la-60-000-de-lei\\\/\",\"url\":\"https:\\\/\\\/buletin.de\\\/bucuresti\\\/politia-locala-a-facut-controale-privind-nivelul-de-zgomot-in-centrul-vechi-localurile-risca-amenzi-de-pana-la-60-000-de-lei\\\/\",\"name\":\"Poli\u021bia Local\u0103 a f\u0103cut controale privind nivelul de zgomot \u00een Centrul Vechi. Localurile risc\u0103 amenzi de p\u00e2n\u0103 la 60.000 de lei - Buletin de Bucure\u0219ti\",\"isPartOf\":{\"@id\":\"https:\\\/\\\/buletin.de\\\/bucuresti\\\/#website\"},\"primaryImageOfPage\":{\"@id\":\"https:\\\/\\\/buletin.de\\\/bucuresti\\\/politia-locala-a-facut-controale-privind-nivelul-de-zgomot-in-centrul-vechi-localurile-risca-amenzi-de-pana-la-60-000-de-lei\\\/#primaryimage\"},\"image\":{\"@id\":\"https:\\\/\\\/buletin.de\\\/bucuresti\\\/politia-locala-a-facut-controale-privind-nivelul-de-zgomot-in-centrul-vechi-localurile-risca-amenzi-de-pana-la-60-000-de-lei\\\/#primaryimage\"},\"thumbnailUrl\":\"https:\\\/\\\/buletin.de\\\/bucuresti\\\/wp-content\\\/uploads\\\/2026\\\/03\\\/Controale-zgomot-centrul-vechi.jpg\",\"datePublished\":\"2026-03-16T17:29:55+00:00\",\"dateModified\":\"2026-03-16T17:29:56+00:00\",\"description\":\"Poli\u021bia Local\u0103 a efectuat controale \u00een Centrul Vechi la localurile care nu respect\u0103 legisla\u021bia privind nivelul de zgomot permis noaptea.\",\"breadcrumb\":{\"@id\":\"https:\\\/\\\/buletin.de\\\/bucuresti\\\/politia-locala-a-facut-controale-privind-nivelul-de-zgomot-in-centrul-vechi-localurile-risca-amenzi-de-pana-la-60-000-de-lei\\\/#breadcrumb\"},\"inLanguage\":\"en-GB\",\"potentialAction\":[{\"@type\":\"ReadAction\",\"target\":[\"https:\\\/\\\/buletin.de\\\/bucuresti\\\/politia-locala-a-facut-controale-privind-nivelul-de-zgomot-in-centrul-vechi-localurile-risca-amenzi-de-pana-la-60-000-de-lei\\\/\"]}]},{\"@type\":\"ImageObject\",\"inLanguage\":\"en-GB\",\"@id\":\"https:\\\/\\\/buletin.de\\\/bucuresti\\\/politia-locala-a-facut-controale-privind-nivelul-de-zgomot-in-centrul-vechi-localurile-risca-amenzi-de-pana-la-60-000-de-lei\\\/#primaryimage\",\"url\":\"https:\\\/\\\/buletin.de\\\/bucuresti\\\/wp-content\\\/uploads\\\/2026\\\/03\\\/Controale-zgomot-centrul-vechi.jpg\",\"contentUrl\":\"https:\\\/\\\/buletin.de\\\/bucuresti\\\/wp-content\\\/uploads\\\/2026\\\/03\\\/Controale-zgomot-centrul-vechi.jpg\",\"width\":1920,\"height\":1080,\"caption\":\"Poli\u021bia Local\u0103 a f\u0103cut controale privind nivelul de zgomot \u00een Centrul Vechi. Localurile risc\u0103 amenzi de p\u00e2n\u0103 la 60.000 de lei. FOTO: PMB\"},{\"@type\":\"BreadcrumbList\",\"@id\":\"https:\\\/\\\/buletin.de\\\/bucuresti\\\/politia-locala-a-facut-controale-privind-nivelul-de-zgomot-in-centrul-vechi-localurile-risca-amenzi-de-pana-la-60-000-de-lei\\\/#breadcrumb\",\"itemListElement\":[{\"@type\":\"ListItem\",\"position\":1,\"name\":\"Acas\u0103\",\"item\":\"https:\\\/\\\/buletin.de\\\/bucuresti\\\/\"},{\"@type\":\"ListItem\",\"position\":2,\"name\":\"Poli\u021bia Local\u0103 a f\u0103cut controale privind nivelul de zgomot \u00een Centrul Vechi. Localurile risc\u0103 amenzi de p\u00e2n\u0103 la 60.000 de lei\"}]},{\"@type\":\"WebSite\",\"@id\":\"https:\\\/\\\/buletin.de\\\/bucuresti\\\/#website\",\"url\":\"https:\\\/\\\/buletin.de\\\/bucuresti\\\/\",\"name\":\"Buletin de Bucure\u0219ti\",\"description\":\"\u0218tiri \u0219i investiga\u021bii esen\u021biale din capital\u0103\",\"publisher\":{\"@id\":\"https:\\\/\\\/buletin.de\\\/bucuresti\\\/#organization\"},\"potentialAction\":[{\"@type\":\"SearchAction\",\"target\":{\"@type\":\"EntryPoint\",\"urlTemplate\":\"https:\\\/\\\/buletin.de\\\/bucuresti\\\/?s={search_term_string}\"},\"query-input\":{\"@type\":\"PropertyValueSpecification\",\"valueRequired\":true,\"valueName\":\"search_term_string\"}}],\"inLanguage\":\"en-GB\"},{\"@type\":\"Organization\",\"@id\":\"https:\\\/\\\/buletin.de\\\/bucuresti\\\/#organization\",\"name\":\"Buletin de Bucure\u0219ti\",\"url\":\"https:\\\/\\\/buletin.de\\\/bucuresti\\\/\",\"logo\":{\"@type\":\"ImageObject\",\"inLanguage\":\"en-GB\",\"@id\":\"https:\\\/\\\/buletin.de\\\/bucuresti\\\/#\\\/schema\\\/logo\\\/image\\\/\",\"url\":\"https:\\\/\\\/buletin.de\\\/bucuresti\\\/wp-content\\\/uploads\\\/logo-bdb-full-wide-vernil-transparent.png\",\"contentUrl\":\"https:\\\/\\\/buletin.de\\\/bucuresti\\\/wp-content\\\/uploads\\\/logo-bdb-full-wide-vernil-transparent.png\",\"width\":1782,\"height\":626,\"caption\":\"Buletin de Bucure\u0219ti\"},\"image\":{\"@id\":\"https:\\\/\\\/buletin.de\\\/bucuresti\\\/#\\\/schema\\\/logo\\\/image\\\/\"},\"sameAs\":[\"https:\\\/\\\/www.facebook.com\\\/buletin.de.buc\",\"https:\\\/\\\/www.instagram.com\\\/buletinde.bucuresti\\\/\"]},{\"@type\":\"Person\",\"@id\":\"https:\\\/\\\/buletin.de\\\/bucuresti\\\/#\\\/schema\\\/person\\\/8badd0805392c02e16b744e0d5cd3625\",\"name\":\"Deniz Garguli\",\"image\":{\"@type\":\"ImageObject\",\"inLanguage\":\"en-GB\",\"@id\":\"https:\\\/\\\/buletin.de\\\/bucuresti\\\/wp-content\\\/uploads\\\/2026\\\/01\\\/79b44b20-a270-4ee6-afb3-fdf3c7ef7782-96x96.jpege2491ce6d396dbf7c1362e9ef046c803\",\"url\":\"https:\\\/\\\/buletin.de\\\/bucuresti\\\/wp-content\\\/uploads\\\/2026\\\/01\\\/79b44b20-a270-4ee6-afb3-fdf3c7ef7782-96x96.jpeg\",\"contentUrl\":\"https:\\\/\\\/buletin.de\\\/bucuresti\\\/wp-content\\\/uploads\\\/2026\\\/01\\\/79b44b20-a270-4ee6-afb3-fdf3c7ef7782-96x96.jpeg\",\"caption\":\"Deniz Garguli\"},\"description\":\"N\u0103scut\u0103 \u0219i crescut\u0103 \u00een Capital\u0103, dorin\u021ba de a fi la curent cu tot ce se \u00eent\u00e2mpl\u0103 \u00een Bucure\u0219ti a \u00eempins-o c\u0103tre pres\u0103, mai cu seam\u0103 c\u0103tre cea local\u0103. A lucrat vreme de patru ani la B365, unde s-a ocupat de \u0219tiri despre ora\u0219 \u0219i oamenii care locuiesc \u00een el. Din 2026 s-a al\u0103turat echipei Buletin de Bucure\u0219ti.\",\"url\":\"https:\\\/\\\/buletin.de\\\/bucuresti\\\/author\\\/deniz-garguli\\\/\"}]}<\/script>\n<!-- \/ Yoast SEO Premium plugin. -->","yoast_head_json":{"title":"Poli\u021bia Local\u0103 a f\u0103cut controale privind nivelul de zgomot \u00een Centrul Vechi. Localurile risc\u0103 amenzi de p\u00e2n\u0103 la 60.000 de lei - Buletin de Bucure\u0219ti","description":"Poli\u021bia Local\u0103 a efectuat controale \u00een Centrul Vechi la localurile care nu respect\u0103 legisla\u021bia privind nivelul de zgomot permis noaptea.","robots":{"index":"index","follow":"follow","max-snippet":"max-snippet:-1","max-image-preview":"max-image-preview:large","max-video-preview":"max-video-preview:-1"},"canonical":"https:\/\/buletin.de\/bucuresti\/politia-locala-a-facut-controale-privind-nivelul-de-zgomot-in-centrul-vechi-localurile-risca-amenzi-de-pana-la-60-000-de-lei\/","og_locale":"en_GB","og_type":"article","og_title":"Poli\u021bia Local\u0103 a f\u0103cut controale privind nivelul de zgomot \u00een Centrul Vechi. Localurile risc\u0103 amenzi de p\u00e2n\u0103 la 60.000 de lei","og_description":"Poli\u021bia Local\u0103 a efectuat controale \u00een Centrul Vechi la localurile care nu respect\u0103 legisla\u021bia privind nivelul de zgomot permis noaptea.","og_url":"https:\/\/buletin.de\/bucuresti\/politia-locala-a-facut-controale-privind-nivelul-de-zgomot-in-centrul-vechi-localurile-risca-amenzi-de-pana-la-60-000-de-lei\/","og_site_name":"Buletin de Bucure\u0219ti","article_publisher":"https:\/\/www.facebook.com\/buletin.de.buc","article_published_time":"2026-03-16T17:29:55+00:00","article_modified_time":"2026-03-16T17:29:56+00:00","og_image":[{"width":1920,"height":1080,"url":"https:\/\/buletin.de\/bucuresti\/wp-content\/uploads\/2026\/03\/Controale-zgomot-centrul-vechi.jpg","type":"image\/jpeg"}],"author":"Deniz Garguli","twitter_card":"summary_large_image","twitter_misc":{"Written by":"Deniz Garguli","Estimated reading time":"2 minutes"},"schema":{"@context":"https:\/\/schema.org","@graph":[{"@type":"Article","@id":"https:\/\/buletin.de\/bucuresti\/politia-locala-a-facut-controale-privind-nivelul-de-zgomot-in-centrul-vechi-localurile-risca-amenzi-de-pana-la-60-000-de-lei\/#article","isPartOf":{"@id":"https:\/\/buletin.de\/bucuresti\/politia-locala-a-facut-controale-privind-nivelul-de-zgomot-in-centrul-vechi-localurile-risca-amenzi-de-pana-la-60-000-de-lei\/"},"author":{"name":"Deniz Garguli","@id":"https:\/\/buletin.de\/bucuresti\/#\/schema\/person\/8badd0805392c02e16b744e0d5cd3625"},"headline":"Poli\u021bia Local\u0103 a f\u0103cut controale privind nivelul de zgomot \u00een Centrul Vechi. Localurile risc\u0103 amenzi de p\u00e2n\u0103 la 60.000 de lei","datePublished":"2026-03-16T17:29:55+00:00","dateModified":"2026-03-16T17:29:56+00:00","mainEntityOfPage":{"@id":"https:\/\/buletin.de\/bucuresti\/politia-locala-a-facut-controale-privind-nivelul-de-zgomot-in-centrul-vechi-localurile-risca-amenzi-de-pana-la-60-000-de-lei\/"},"wordCount":445,"publisher":{"@id":"https:\/\/buletin.de\/bucuresti\/#organization"},"image":{"@id":"https:\/\/buletin.de\/bucuresti\/politia-locala-a-facut-controale-privind-nivelul-de-zgomot-in-centrul-vechi-localurile-risca-amenzi-de-pana-la-60-000-de-lei\/#primaryimage"},"thumbnailUrl":"https:\/\/buletin.de\/bucuresti\/wp-content\/uploads\/2026\/03\/Controale-zgomot-centrul-vechi.jpg","keywords":["amenzi","Centrul Vechi","Poli\u021bia Local\u0103 a Municipiului Bucure\u0219ti","zgomot"],"articleSection":["Articole","\u0218tiri"],"inLanguage":"en-GB","copyrightYear":"2026","copyrightHolder":{"@id":"https:\/\/buletin.de\/bucuresti\/#organization"}},{"@type":"WebPage","@id":"https:\/\/buletin.de\/bucuresti\/politia-locala-a-facut-controale-privind-nivelul-de-zgomot-in-centrul-vechi-localurile-risca-amenzi-de-pana-la-60-000-de-lei\/","url":"https:\/\/buletin.de\/bucuresti\/politia-locala-a-facut-controale-privind-nivelul-de-zgomot-in-centrul-vechi-localurile-risca-amenzi-de-pana-la-60-000-de-lei\/","name":"Poli\u021bia Local\u0103 a f\u0103cut controale privind nivelul de zgomot \u00een Centrul Vechi. Localurile risc\u0103 amenzi de p\u00e2n\u0103 la 60.000 de lei - Buletin de Bucure\u0219ti","isPartOf":{"@id":"https:\/\/buletin.de\/bucuresti\/#website"},"primaryImageOfPage":{"@id":"https:\/\/buletin.de\/bucuresti\/politia-locala-a-facut-controale-privind-nivelul-de-zgomot-in-centrul-vechi-localurile-risca-amenzi-de-pana-la-60-000-de-lei\/#primaryimage"},"image":{"@id":"https:\/\/buletin.de\/bucuresti\/politia-locala-a-facut-controale-privind-nivelul-de-zgomot-in-centrul-vechi-localurile-risca-amenzi-de-pana-la-60-000-de-lei\/#primaryimage"},"thumbnailUrl":"https:\/\/buletin.de\/bucuresti\/wp-content\/uploads\/2026\/03\/Controale-zgomot-centrul-vechi.jpg","datePublished":"2026-03-16T17:29:55+00:00","dateModified":"2026-03-16T17:29:56+00:00","description":"Poli\u021bia Local\u0103 a efectuat controale \u00een Centrul Vechi la localurile care nu respect\u0103 legisla\u021bia privind nivelul de zgomot permis noaptea.","breadcrumb":{"@id":"https:\/\/buletin.de\/bucuresti\/politia-locala-a-facut-controale-privind-nivelul-de-zgomot-in-centrul-vechi-localurile-risca-amenzi-de-pana-la-60-000-de-lei\/#breadcrumb"},"inLanguage":"en-GB","potentialAction":[{"@type":"ReadAction","target":["https:\/\/buletin.de\/bucuresti\/politia-locala-a-facut-controale-privind-nivelul-de-zgomot-in-centrul-vechi-localurile-risca-amenzi-de-pana-la-60-000-de-lei\/"]}]},{"@type":"ImageObject","inLanguage":"en-GB","@id":"https:\/\/buletin.de\/bucuresti\/politia-locala-a-facut-controale-privind-nivelul-de-zgomot-in-centrul-vechi-localurile-risca-amenzi-de-pana-la-60-000-de-lei\/#primaryimage","url":"https:\/\/buletin.de\/bucuresti\/wp-content\/uploads\/2026\/03\/Controale-zgomot-centrul-vechi.jpg","contentUrl":"https:\/\/buletin.de\/bucuresti\/wp-content\/uploads\/2026\/03\/Controale-zgomot-centrul-vechi.jpg","width":1920,"height":1080,"caption":"Poli\u021bia Local\u0103 a f\u0103cut controale privind nivelul de zgomot \u00een Centrul Vechi. Localurile risc\u0103 amenzi de p\u00e2n\u0103 la 60.000 de lei. FOTO: PMB"},{"@type":"BreadcrumbList","@id":"https:\/\/buletin.de\/bucuresti\/politia-locala-a-facut-controale-privind-nivelul-de-zgomot-in-centrul-vechi-localurile-risca-amenzi-de-pana-la-60-000-de-lei\/#breadcrumb","itemListElement":[{"@type":"ListItem","position":1,"name":"Acas\u0103","item":"https:\/\/buletin.de\/bucuresti\/"},{"@type":"ListItem","position":2,"name":"Poli\u021bia Local\u0103 a f\u0103cut controale privind nivelul de zgomot \u00een Centrul Vechi. Localurile risc\u0103 amenzi de p\u00e2n\u0103 la 60.000 de lei"}]},{"@type":"WebSite","@id":"https:\/\/buletin.de\/bucuresti\/#website","url":"https:\/\/buletin.de\/bucuresti\/","name":"Buletin de Bucure\u0219ti","description":"\u0218tiri \u0219i investiga\u021bii esen\u021biale din capital\u0103","publisher":{"@id":"https:\/\/buletin.de\/bucuresti\/#organization"},"potentialAction":[{"@type":"SearchAction","target":{"@type":"EntryPoint","urlTemplate":"https:\/\/buletin.de\/bucuresti\/?s={search_term_string}"},"query-input":{"@type":"PropertyValueSpecification","valueRequired":true,"valueName":"search_term_string"}}],"inLanguage":"en-GB"},{"@type":"Organization","@id":"https:\/\/buletin.de\/bucuresti\/#organization","name":"Buletin de Bucure\u0219ti","url":"https:\/\/buletin.de\/bucuresti\/","logo":{"@type":"ImageObject","inLanguage":"en-GB","@id":"https:\/\/buletin.de\/bucuresti\/#\/schema\/logo\/image\/","url":"https:\/\/buletin.de\/bucuresti\/wp-content\/uploads\/logo-bdb-full-wide-vernil-transparent.png","contentUrl":"https:\/\/buletin.de\/bucuresti\/wp-content\/uploads\/logo-bdb-full-wide-vernil-transparent.png","width":1782,"height":626,"caption":"Buletin de Bucure\u0219ti"},"image":{"@id":"https:\/\/buletin.de\/bucuresti\/#\/schema\/logo\/image\/"},"sameAs":["https:\/\/www.facebook.com\/buletin.de.buc","https:\/\/www.instagram.com\/buletinde.bucuresti\/"]},{"@type":"Person","@id":"https:\/\/buletin.de\/bucuresti\/#\/schema\/person\/8badd0805392c02e16b744e0d5cd3625","name":"Deniz Garguli","image":{"@type":"ImageObject","inLanguage":"en-GB","@id":"https:\/\/buletin.de\/bucuresti\/wp-content\/uploads\/2026\/01\/79b44b20-a270-4ee6-afb3-fdf3c7ef7782-96x96.jpege2491ce6d396dbf7c1362e9ef046c803","url":"https:\/\/buletin.de\/bucuresti\/wp-content\/uploads\/2026\/01\/79b44b20-a270-4ee6-afb3-fdf3c7ef7782-96x96.jpeg","contentUrl":"https:\/\/buletin.de\/bucuresti\/wp-content\/uploads\/2026\/01\/79b44b20-a270-4ee6-afb3-fdf3c7ef7782-96x96.jpeg","caption":"Deniz Garguli"},"description":"N\u0103scut\u0103 \u0219i crescut\u0103 \u00een Capital\u0103, dorin\u021ba de a fi la curent cu tot ce se \u00eent\u00e2mpl\u0103 \u00een Bucure\u0219ti a \u00eempins-o c\u0103tre pres\u0103, mai cu seam\u0103 c\u0103tre cea local\u0103. A lucrat vreme de patru ani la B365, unde s-a ocupat de \u0219tiri despre ora\u0219 \u0219i oamenii care locuiesc \u00een el. Din 2026 s-a al\u0103turat echipei Buletin de Bucure\u0219ti.","url":"https:\/\/buletin.de\/bucuresti\/author\/deniz-garguli\/"}]}},"authors":[{"term_id":26103,"user_id":66,"is_guest":0,"slug":"deniz-garguli","display_name":"Deniz Garguli","avatar_url":"https:\/\/buletin.de\/bucuresti\/wp-content\/uploads\/2026\/01\/79b44b20-a270-4ee6-afb3-fdf3c7ef7782-96x96.jpeg","0":null,"1":"","2":"","3":"","4":"","5":"","6":"","7":"","8":""}],"_links":{"self":[{"href":"https:\/\/buletin.de\/bucuresti\/wp-json\/wp\/v2\/posts\/181000","targetHints":{"allow":["GET"]}}],"collection":[{"href":"https:\/\/buletin.de\/bucuresti\/wp-json\/wp\/v2\/posts"}],"about":[{"href":"https:\/\/buletin.de\/bucuresti\/wp-json\/wp\/v2\/types\/post"}],"author":[{"embeddable":true,"href":"https:\/\/buletin.de\/bucuresti\/wp-json\/wp\/v2\/users\/66"}],"replies":[{"embeddable":true,"href":"https:\/\/buletin.de\/bucuresti\/wp-json\/wp\/v2\/comments?post=181000"}],"version-history":[{"count":3,"href":"https:\/\/buletin.de\/bucuresti\/wp-json\/wp\/v2\/posts\/181000\/revisions"}],"predecessor-version":[{"id":181011,"href":"https:\/\/buletin.de\/bucuresti\/wp-json\/wp\/v2\/posts\/181000\/revisions\/181011"}],"wp:featuredmedia":[{"embeddable":true,"href":"https:\/\/buletin.de\/bucuresti\/wp-json\/wp\/v2\/media\/181007"}],"wp:attachment":[{"href":"https:\/\/buletin.de\/bucuresti\/wp-json\/wp\/v2\/media?parent=181000"}],"wp:term":[{"taxonomy":"category","embeddable":true,"href":"https:\/\/buletin.de\/bucuresti\/wp-json\/wp\/v2\/categories?post=181000"},{"taxonomy":"post_tag","embeddable":true,"href":"https:\/\/buletin.de\/bucuresti\/wp-json\/wp\/v2\/tags?post=181000"},{"taxonomy":"author","embeddable":true,"href":"https:\/\/buletin.de\/bucuresti\/wp-json\/wp\/v2\/ppma_author?post=181000"}],"curies":[{"name":"wp","href":"https:\/\/api.w.org\/{rel}","templated":true}]}}