{"id":180935,"date":"2026-03-16T17:18:24","date_gmt":"2026-03-16T14:18:24","guid":{"rendered":"https:\/\/buletin.de\/bucuresti\/?p=180935"},"modified":"2026-03-16T17:18:25","modified_gmt":"2026-03-16T14:18:25","slug":"primaria-sectorului-6-a-dat-startul-curateniei-de-primavara-se-lucreaza-si-in-weekend","status":"publish","type":"post","link":"https:\/\/buletin.de\/bucuresti\/primaria-sectorului-6-a-dat-startul-curateniei-de-primavara-se-lucreaza-si-in-weekend\/","title":{"rendered":"Prim\u0103ria Sectorului 6 a dat startul cur\u0103\u021beniei de prim\u0103var\u0103. Se lucreaz\u0103 \u0219i \u00een weekend"},"content":{"rendered":"\n<p><strong>Startul cur\u0103\u021beniei de prim\u0103var\u0103 a fost dat de autorit\u0103\u021bile din Sectorul 6, al Capitalei. Este cea de-a \u0219asea campanie \u0219i cea de-a dou\u0103 realizat\u0103 cu utilaje proprii.<\/strong><\/p>\n\n\n\n<p>50 de muncitori de la <a href=\"https:\/\/www.facebook.com\/profile.php?id=100070647862757&amp;__cft__[0]=AZbCzSsaHjmsc6WWSFXowN59YaUuB6kXptQ64QSYHloeBd6mjU2KpzLKoD5091B_Kf3jD_XTk-1XnFc8Dnckp1lBypqA3dC8If9mXuIAe7BA9o5uIfiBy0GYSBT8cqa2iBJ7isrxHS07Opsb4Cxana-mf6JZ7TpcIJZN26w9NLDE1LLlNDCDn7oq9-SLFJAYbI4&amp;__tn__=-]K-R\">Salubrizare Sector 6<\/a> \u0219i al\u021bi 25 de la ADPDU Sector 6, cu 10 utilaje vor ac\u021biona, zilnic, etapizat, \u00een tot sectorul.<\/p>\n\n\n\n<p>Anul acesta, ac\u021biunile au \u00eenceput cu microzona 27 din Cr\u00e2nga\u0219i. P\u00e2n\u0103 pe 20 mai, la finalul cur\u0103\u021beniei de prim\u0103var\u0103, se va ajunge peste tot.<\/p>\n\n\n\n<p>\u00cen fiecare microza, se va ac\u021biona c\u00e2te dou\u0103 zile de, inclusiv s\u00e2mb\u0103ta \u0219i duminic\u0103. \u0218oferii trebuie s\u0103 mute ma\u0219inile din zona, iar programul va fi anun\u021bat de prim\u0103ria Sectorului 6.<\/p>\n\n\n\n<p><strong>CITE\u0218TE \u0218I:<\/strong> <a href=\"https:\/\/buletin.de\/bucuresti\/cum-pot-bucurestenii-din-sectorul-1-sa-ceara-inapoi-banii-platiti-in-plus-pentru-impozitul-pe-cladiri\/\"><strong>Cum pot bucure\u0219tenii din Sectorul 1 s\u0103 cear\u0103 \u00eenapoi banii pl\u0103ti\u021bi \u00een plus pentru impozitul pe cl\u0103diri<\/strong><\/a><\/p>\n\n\n\n<h2 class=\"wp-block-heading\" id=\"h-s-a-dat-startul-cura\u021beniei-de-primavara-pe-strazile-principale\">S-a dat startul cur\u0103\u021beniei de prim\u0103var\u0103, pe str\u0103zile principale<\/h2>\n\n\n\n<ul class=\"wp-block-list\">\n<li>carosabilul \u0219i trotuarele sunt periate \u0219i sp\u0103late mecanizat;<\/li>\n\n\n\n<li>rigolele sunt cur\u0103\u021bate; <\/li>\n\n\n\n<li>sta\u021biile STB, mobilierul urban, semnele de circula\u021bie, bolarzii \u0219i st\u00e2lpi\u0219orii stradali sunt igienizate.<\/li>\n<\/ul>\n\n\n\n<figure class=\"wp-block-gallery has-nested-images columns-default is-cropped wp-block-gallery-1 is-layout-flex wp-block-gallery-is-layout-flex\">\n<figure class=\"wp-block-image size-large\"><img fetchpriority=\"high\" decoding=\"async\" width=\"1000\" height=\"667\" data-id=\"180952\" src=\"data:image\/gif;base64,R0lGODlhAQABAAAAACH5BAEKAAEALAAAAAABAAEAAAICTAEAOw==\" data-src=\"https:\/\/buletin.de\/bucuresti\/wp-content\/uploads\/2026\/03\/652313352_1358001259691141_2112860043262237287_n-1000x667.jpg\" alt=\"\" class=\"wp-image-180952 lazyload\" data-sizes=\"auto\" data-srcset=\"https:\/\/buletin.de\/bucuresti\/wp-content\/uploads\/2026\/03\/652313352_1358001259691141_2112860043262237287_n-1000x667.jpg 1000w, https:\/\/buletin.de\/bucuresti\/wp-content\/uploads\/2026\/03\/652313352_1358001259691141_2112860043262237287_n-300x200.jpg 300w, https:\/\/buletin.de\/bucuresti\/wp-content\/uploads\/2026\/03\/652313352_1358001259691141_2112860043262237287_n-768x512.jpg 768w, https:\/\/buletin.de\/bucuresti\/wp-content\/uploads\/2026\/03\/652313352_1358001259691141_2112860043262237287_n-1536x1024.jpg 1536w, https:\/\/buletin.de\/bucuresti\/wp-content\/uploads\/2026\/03\/652313352_1358001259691141_2112860043262237287_n-1600x1066.jpg 1600w, https:\/\/buletin.de\/bucuresti\/wp-content\/uploads\/2026\/03\/652313352_1358001259691141_2112860043262237287_n-1100x733.jpg 1100w, https:\/\/buletin.de\/bucuresti\/wp-content\/uploads\/2026\/03\/652313352_1358001259691141_2112860043262237287_n-600x400.jpg 600w, https:\/\/buletin.de\/bucuresti\/wp-content\/uploads\/2026\/03\/652313352_1358001259691141_2112860043262237287_n-20x13.jpg 20w, https:\/\/buletin.de\/bucuresti\/wp-content\/uploads\/2026\/03\/652313352_1358001259691141_2112860043262237287_n.jpg 2048w\" sizes=\"(max-width: 1000px) 100vw, 1000px\" \/><\/figure>\n\n\n\n<figure class=\"wp-block-image size-large\"><img decoding=\"async\" width=\"1000\" height=\"667\" data-id=\"180951\" src=\"data:image\/gif;base64,R0lGODlhAQABAAAAACH5BAEKAAEALAAAAAABAAEAAAICTAEAOw==\" data-src=\"https:\/\/buletin.de\/bucuresti\/wp-content\/uploads\/2026\/03\/653698002_1358000776357856_6269601057950210200_n-1000x667.jpg\" alt=\"\" class=\"wp-image-180951 lazyload\" data-sizes=\"auto\" data-srcset=\"https:\/\/buletin.de\/bucuresti\/wp-content\/uploads\/2026\/03\/653698002_1358000776357856_6269601057950210200_n-1000x667.jpg 1000w, https:\/\/buletin.de\/bucuresti\/wp-content\/uploads\/2026\/03\/653698002_1358000776357856_6269601057950210200_n-300x200.jpg 300w, https:\/\/buletin.de\/bucuresti\/wp-content\/uploads\/2026\/03\/653698002_1358000776357856_6269601057950210200_n-768x512.jpg 768w, https:\/\/buletin.de\/bucuresti\/wp-content\/uploads\/2026\/03\/653698002_1358000776357856_6269601057950210200_n-1536x1024.jpg 1536w, https:\/\/buletin.de\/bucuresti\/wp-content\/uploads\/2026\/03\/653698002_1358000776357856_6269601057950210200_n-1600x1066.jpg 1600w, https:\/\/buletin.de\/bucuresti\/wp-content\/uploads\/2026\/03\/653698002_1358000776357856_6269601057950210200_n-1100x733.jpg 1100w, https:\/\/buletin.de\/bucuresti\/wp-content\/uploads\/2026\/03\/653698002_1358000776357856_6269601057950210200_n-600x400.jpg 600w, https:\/\/buletin.de\/bucuresti\/wp-content\/uploads\/2026\/03\/653698002_1358000776357856_6269601057950210200_n-20x13.jpg 20w, https:\/\/buletin.de\/bucuresti\/wp-content\/uploads\/2026\/03\/653698002_1358000776357856_6269601057950210200_n.jpg 2048w\" sizes=\"(max-width: 1000px) 100vw, 1000px\" \/><\/figure>\n\n\n\n<figure class=\"wp-block-image size-large\"><img decoding=\"async\" width=\"1000\" height=\"667\" data-id=\"180949\" src=\"data:image\/gif;base64,R0lGODlhAQABAAAAACH5BAEKAAEALAAAAAABAAEAAAICTAEAOw==\" data-src=\"https:\/\/buletin.de\/bucuresti\/wp-content\/uploads\/2026\/03\/653789106_1358000246357909_2894611738235258911_n-1000x667.jpg\" alt=\"\" class=\"wp-image-180949 lazyload\" data-sizes=\"auto\" data-srcset=\"https:\/\/buletin.de\/bucuresti\/wp-content\/uploads\/2026\/03\/653789106_1358000246357909_2894611738235258911_n-1000x667.jpg 1000w, https:\/\/buletin.de\/bucuresti\/wp-content\/uploads\/2026\/03\/653789106_1358000246357909_2894611738235258911_n-300x200.jpg 300w, https:\/\/buletin.de\/bucuresti\/wp-content\/uploads\/2026\/03\/653789106_1358000246357909_2894611738235258911_n-768x512.jpg 768w, https:\/\/buletin.de\/bucuresti\/wp-content\/uploads\/2026\/03\/653789106_1358000246357909_2894611738235258911_n-1100x733.jpg 1100w, https:\/\/buletin.de\/bucuresti\/wp-content\/uploads\/2026\/03\/653789106_1358000246357909_2894611738235258911_n-600x400.jpg 600w, https:\/\/buletin.de\/bucuresti\/wp-content\/uploads\/2026\/03\/653789106_1358000246357909_2894611738235258911_n-20x13.jpg 20w, https:\/\/buletin.de\/bucuresti\/wp-content\/uploads\/2026\/03\/653789106_1358000246357909_2894611738235258911_n.jpg 1440w\" sizes=\"(max-width: 1000px) 100vw, 1000px\" \/><\/figure>\n\n\n\n<figure class=\"wp-block-image size-large\"><img loading=\"lazy\" decoding=\"async\" width=\"1000\" height=\"667\" data-id=\"180948\" src=\"data:image\/gif;base64,R0lGODlhAQABAAAAACH5BAEKAAEALAAAAAABAAEAAAICTAEAOw==\" data-src=\"https:\/\/buletin.de\/bucuresti\/wp-content\/uploads\/2026\/03\/652455388_1358000436357890_7874374718733032135_n-1000x667.jpg\" alt=\"\" class=\"wp-image-180948 lazyload\" data-sizes=\"auto\" data-srcset=\"https:\/\/buletin.de\/bucuresti\/wp-content\/uploads\/2026\/03\/652455388_1358000436357890_7874374718733032135_n-1000x667.jpg 1000w, https:\/\/buletin.de\/bucuresti\/wp-content\/uploads\/2026\/03\/652455388_1358000436357890_7874374718733032135_n-300x200.jpg 300w, https:\/\/buletin.de\/bucuresti\/wp-content\/uploads\/2026\/03\/652455388_1358000436357890_7874374718733032135_n-768x512.jpg 768w, https:\/\/buletin.de\/bucuresti\/wp-content\/uploads\/2026\/03\/652455388_1358000436357890_7874374718733032135_n-1100x733.jpg 1100w, https:\/\/buletin.de\/bucuresti\/wp-content\/uploads\/2026\/03\/652455388_1358000436357890_7874374718733032135_n-600x400.jpg 600w, https:\/\/buletin.de\/bucuresti\/wp-content\/uploads\/2026\/03\/652455388_1358000436357890_7874374718733032135_n-20x13.jpg 20w, https:\/\/buletin.de\/bucuresti\/wp-content\/uploads\/2026\/03\/652455388_1358000436357890_7874374718733032135_n.jpg 1440w\" sizes=\"(max-width: 1000px) 100vw, 1000px\" \/><\/figure>\n\n\n\n<figure class=\"wp-block-image size-large\"><img loading=\"lazy\" decoding=\"async\" width=\"1000\" height=\"667\" data-id=\"180953\" src=\"data:image\/gif;base64,R0lGODlhAQABAAAAACH5BAEKAAEALAAAAAABAAEAAAICTAEAOw==\" data-src=\"https:\/\/buletin.de\/bucuresti\/wp-content\/uploads\/2026\/03\/654101276_1358001053024495_5211031967271389621_n-1000x667.jpg\" alt=\"\" class=\"wp-image-180953 lazyload\" data-sizes=\"auto\" data-srcset=\"https:\/\/buletin.de\/bucuresti\/wp-content\/uploads\/2026\/03\/654101276_1358001053024495_5211031967271389621_n-1000x667.jpg 1000w, https:\/\/buletin.de\/bucuresti\/wp-content\/uploads\/2026\/03\/654101276_1358001053024495_5211031967271389621_n-300x200.jpg 300w, https:\/\/buletin.de\/bucuresti\/wp-content\/uploads\/2026\/03\/654101276_1358001053024495_5211031967271389621_n-768x512.jpg 768w, https:\/\/buletin.de\/bucuresti\/wp-content\/uploads\/2026\/03\/654101276_1358001053024495_5211031967271389621_n-1536x1024.jpg 1536w, https:\/\/buletin.de\/bucuresti\/wp-content\/uploads\/2026\/03\/654101276_1358001053024495_5211031967271389621_n-1600x1066.jpg 1600w, https:\/\/buletin.de\/bucuresti\/wp-content\/uploads\/2026\/03\/654101276_1358001053024495_5211031967271389621_n-1100x733.jpg 1100w, https:\/\/buletin.de\/bucuresti\/wp-content\/uploads\/2026\/03\/654101276_1358001053024495_5211031967271389621_n-600x400.jpg 600w, https:\/\/buletin.de\/bucuresti\/wp-content\/uploads\/2026\/03\/654101276_1358001053024495_5211031967271389621_n-20x13.jpg 20w, https:\/\/buletin.de\/bucuresti\/wp-content\/uploads\/2026\/03\/654101276_1358001053024495_5211031967271389621_n.jpg 2048w\" sizes=\"(max-width: 1000px) 100vw, 1000px\" \/><\/figure>\n\n\n\n<figure class=\"wp-block-image size-large\"><img loading=\"lazy\" decoding=\"async\" width=\"1000\" height=\"667\" data-id=\"180950\" src=\"data:image\/gif;base64,R0lGODlhAQABAAAAACH5BAEKAAEALAAAAAABAAEAAAICTAEAOw==\" data-src=\"https:\/\/buletin.de\/bucuresti\/wp-content\/uploads\/2026\/03\/653390271_1358001019691165_5956879248468958163_n-1000x667.jpg\" alt=\"\" class=\"wp-image-180950 lazyload\" data-sizes=\"auto\" data-srcset=\"https:\/\/buletin.de\/bucuresti\/wp-content\/uploads\/2026\/03\/653390271_1358001019691165_5956879248468958163_n-1000x667.jpg 1000w, https:\/\/buletin.de\/bucuresti\/wp-content\/uploads\/2026\/03\/653390271_1358001019691165_5956879248468958163_n-300x200.jpg 300w, https:\/\/buletin.de\/bucuresti\/wp-content\/uploads\/2026\/03\/653390271_1358001019691165_5956879248468958163_n-768x512.jpg 768w, https:\/\/buletin.de\/bucuresti\/wp-content\/uploads\/2026\/03\/653390271_1358001019691165_5956879248468958163_n-1536x1025.jpg 1536w, https:\/\/buletin.de\/bucuresti\/wp-content\/uploads\/2026\/03\/653390271_1358001019691165_5956879248468958163_n-1600x1067.jpg 1600w, https:\/\/buletin.de\/bucuresti\/wp-content\/uploads\/2026\/03\/653390271_1358001019691165_5956879248468958163_n-1100x734.jpg 1100w, https:\/\/buletin.de\/bucuresti\/wp-content\/uploads\/2026\/03\/653390271_1358001019691165_5956879248468958163_n-600x400.jpg 600w, https:\/\/buletin.de\/bucuresti\/wp-content\/uploads\/2026\/03\/653390271_1358001019691165_5956879248468958163_n-20x13.jpg 20w, https:\/\/buletin.de\/bucuresti\/wp-content\/uploads\/2026\/03\/653390271_1358001019691165_5956879248468958163_n.jpg 2048w\" sizes=\"(max-width: 1000px) 100vw, 1000px\" \/><\/figure>\n<figcaption class=\"blocks-gallery-caption wp-element-caption\">FOTO: Prim\u0103ria Sectorui 6<\/figcaption><\/figure>\n\n\n\n<p>Pe str\u0103zile secundare, se m\u0103tur\u0103 \u0219i sesp\u0103l\u0103 mecanizat, dar \u0219i manual carosabilul, trotuarele si parc\u0103rile.<\/p>\n\n\n\n<p>Muncitorii <a href=\"https:\/\/www.facebook.com\/ADPDUSector6?__cft__[0]=AZbCzSsaHjmsc6WWSFXowN59YaUuB6kXptQ64QSYHloeBd6mjU2KpzLKoD5091B_Kf3jD_XTk-1XnFc8Dnckp1lBypqA3dC8If9mXuIAe7BA9o5uIfiBy0GYSBT8cqa2iBJ7isrxHS07Opsb4Cxana-mf6JZ7TpcIJZN26w9NLDE1LLlNDCDn7oq9-SLFJAYbI4&amp;__tn__=-]K-R\">ADPDU Sector 6<\/a> invervin pe spa\u021biile verzi, \u00een gr\u0103dinile blocurilor, astup\u0103 gropile pe str\u0103zile aflate \u00een administrarea Prim\u0103riei de sector, repar\u0103, vopsesc \u0219i spal\u0103 mobilier stradal, locuri de joac\u0103.<\/p>\n\n\n\n<p><a href=\"https:\/\/www.facebook.com\/politia6?__cft__[0]=AZbCzSsaHjmsc6WWSFXowN59YaUuB6kXptQ64QSYHloeBd6mjU2KpzLKoD5091B_Kf3jD_XTk-1XnFc8Dnckp1lBypqA3dC8If9mXuIAe7BA9o5uIfiBy0GYSBT8cqa2iBJ7isrxHS07Opsb4Cxana-mf6JZ7TpcIJZN26w9NLDE1LLlNDCDn7oq9-SLFJAYbI4&amp;__tn__=-]K-R\">Poli\u0163ia Local\u0103 Sector 6<\/a> notific\u0103 \u0219oferii s\u0103-\u0219i mute ma\u0219inile, pentru a permite sp\u0103larea str\u0103zilor. Cei care nu se conformeaz\u0103 vor avea autovehiculele relocate temporar. Tot poli\u021bi\u0219tii informeaz\u0103 comercian\u021bii de la parterul blocurilor c\u0103 trebuie s\u0103-\u0219i cure\u021be vitrinele, s\u0103 aib\u0103 co\u0219uri de gunoi \u00een bun\u0103 stare.<\/p>\n\n\n\n<p><strong>CITE\u0218TE \u0218I:<\/strong> <a href=\"https:\/\/buletin.de\/bucuresti\/sector-4-programul-crestem-campioni-ar-putea-continua-la-berceni-arena-peste-1-300-de-copii-s-au-inscris-la-el-in-2025\/\"><strong>Sector 4 | Programul \u201eCre\u0219tem Campioni\u201d ar putea continua la Berceni Arena. Peste 1.300 de copii s-au \u00eenscris \u00een 2025<\/strong><\/a><\/p>\n\n\n\n<h2 class=\"wp-block-heading\" id=\"h-primaria-sectorului-6-amenajeaza-parcuri-noi-in-cartierul-militari\">Prim\u0103ria Sectorului 6 amenajeaz\u0103 parcuri noi, \u00een Cartierul Militari<\/h2>\n\n\n\n<p>Prim\u0103ria Sectorului 6 urmeaz\u0103 s\u0103 amenajeze locuri de joac\u0103 pe:<\/p>\n\n\n\n<ul class=\"wp-block-list\">\n<li>Malul Sudic al Lacului Morii.<\/li>\n\n\n\n<li>Splaiul Independen\u021bei 202E;<\/li>\n\n\n\n<li>Veteranilor 19;<\/li>\n\n\n\n<li>Cetatea Histria 3;<\/li>\n\n\n\n<li>Bd. Timi\u0219oara 10;<\/li>\n\n\n\n<li>Valea Doftanei.<\/li>\n<\/ul>\n\n\n\n<p>Sunt 108 locuri moderne de joac\u0103,  \u00een Sectorul 6. Alte dou\u0103 au fost deschise s\u00e2mb\u0103t\u0103, 14 martie.<\/p>\n\n\n\n<p>Cele abia date \u00een folosin\u021b\u0103, nou amenajate, sunt \u00een&nbsp;<strong>Militari<\/strong>, pe Piscul Cr\u0103sani, pe 1.612 mp, &nbsp;\u0219i pe Calea Apeductului, pe o suprafa\u021b\u0103 de 494 mp.<\/p>\n\n\n\n<figure class=\"wp-block-gallery has-nested-images columns-default is-cropped wp-block-gallery-2 is-layout-flex wp-block-gallery-is-layout-flex\">\n<figure class=\"wp-block-image size-large\"><img loading=\"lazy\" decoding=\"async\" width=\"1000\" height=\"667\" data-id=\"180958\" src=\"data:image\/gif;base64,R0lGODlhAQABAAAAACH5BAEKAAEALAAAAAABAAEAAAICTAEAOw==\" data-src=\"https:\/\/buletin.de\/bucuresti\/wp-content\/uploads\/2026\/03\/650035110_1356320036525930_3350146334204809741_n-1000x667.jpg\" alt=\"\" class=\"wp-image-180958 lazyload\" data-sizes=\"auto\" data-srcset=\"https:\/\/buletin.de\/bucuresti\/wp-content\/uploads\/2026\/03\/650035110_1356320036525930_3350146334204809741_n-1000x667.jpg 1000w, https:\/\/buletin.de\/bucuresti\/wp-content\/uploads\/2026\/03\/650035110_1356320036525930_3350146334204809741_n-300x200.jpg 300w, https:\/\/buletin.de\/bucuresti\/wp-content\/uploads\/2026\/03\/650035110_1356320036525930_3350146334204809741_n-768x512.jpg 768w, https:\/\/buletin.de\/bucuresti\/wp-content\/uploads\/2026\/03\/650035110_1356320036525930_3350146334204809741_n-1536x1024.jpg 1536w, https:\/\/buletin.de\/bucuresti\/wp-content\/uploads\/2026\/03\/650035110_1356320036525930_3350146334204809741_n-1600x1066.jpg 1600w, https:\/\/buletin.de\/bucuresti\/wp-content\/uploads\/2026\/03\/650035110_1356320036525930_3350146334204809741_n-1100x733.jpg 1100w, https:\/\/buletin.de\/bucuresti\/wp-content\/uploads\/2026\/03\/650035110_1356320036525930_3350146334204809741_n-600x400.jpg 600w, https:\/\/buletin.de\/bucuresti\/wp-content\/uploads\/2026\/03\/650035110_1356320036525930_3350146334204809741_n-20x13.jpg 20w, https:\/\/buletin.de\/bucuresti\/wp-content\/uploads\/2026\/03\/650035110_1356320036525930_3350146334204809741_n.jpg 2000w\" sizes=\"(max-width: 1000px) 100vw, 1000px\" \/><\/figure>\n\n\n\n<figure class=\"wp-block-image size-large\"><img loading=\"lazy\" decoding=\"async\" width=\"1000\" height=\"667\" data-id=\"180959\" src=\"data:image\/gif;base64,R0lGODlhAQABAAAAACH5BAEKAAEALAAAAAABAAEAAAICTAEAOw==\" data-src=\"https:\/\/buletin.de\/bucuresti\/wp-content\/uploads\/2026\/03\/650140553_1356320249859242_7363299095021348546_n-1000x667.jpg\" alt=\"\" class=\"wp-image-180959 lazyload\" data-sizes=\"auto\" data-srcset=\"https:\/\/buletin.de\/bucuresti\/wp-content\/uploads\/2026\/03\/650140553_1356320249859242_7363299095021348546_n-1000x667.jpg 1000w, https:\/\/buletin.de\/bucuresti\/wp-content\/uploads\/2026\/03\/650140553_1356320249859242_7363299095021348546_n-300x200.jpg 300w, https:\/\/buletin.de\/bucuresti\/wp-content\/uploads\/2026\/03\/650140553_1356320249859242_7363299095021348546_n-768x512.jpg 768w, https:\/\/buletin.de\/bucuresti\/wp-content\/uploads\/2026\/03\/650140553_1356320249859242_7363299095021348546_n-1536x1024.jpg 1536w, https:\/\/buletin.de\/bucuresti\/wp-content\/uploads\/2026\/03\/650140553_1356320249859242_7363299095021348546_n-1600x1066.jpg 1600w, https:\/\/buletin.de\/bucuresti\/wp-content\/uploads\/2026\/03\/650140553_1356320249859242_7363299095021348546_n-1100x733.jpg 1100w, https:\/\/buletin.de\/bucuresti\/wp-content\/uploads\/2026\/03\/650140553_1356320249859242_7363299095021348546_n-600x400.jpg 600w, https:\/\/buletin.de\/bucuresti\/wp-content\/uploads\/2026\/03\/650140553_1356320249859242_7363299095021348546_n-20x13.jpg 20w, https:\/\/buletin.de\/bucuresti\/wp-content\/uploads\/2026\/03\/650140553_1356320249859242_7363299095021348546_n.jpg 2000w\" sizes=\"(max-width: 1000px) 100vw, 1000px\" \/><\/figure>\n\n\n\n<figure class=\"wp-block-image size-large\"><img loading=\"lazy\" decoding=\"async\" width=\"1000\" height=\"666\" data-id=\"180960\" src=\"data:image\/gif;base64,R0lGODlhAQABAAAAACH5BAEKAAEALAAAAAABAAEAAAICTAEAOw==\" data-src=\"https:\/\/buletin.de\/bucuresti\/wp-content\/uploads\/2026\/03\/651286003_1356319833192617_5875303140736337026_n-1000x666.jpg\" alt=\"\" class=\"wp-image-180960 lazyload\" data-sizes=\"auto\" data-srcset=\"https:\/\/buletin.de\/bucuresti\/wp-content\/uploads\/2026\/03\/651286003_1356319833192617_5875303140736337026_n-1000x666.jpg 1000w, https:\/\/buletin.de\/bucuresti\/wp-content\/uploads\/2026\/03\/651286003_1356319833192617_5875303140736337026_n-300x200.jpg 300w, https:\/\/buletin.de\/bucuresti\/wp-content\/uploads\/2026\/03\/651286003_1356319833192617_5875303140736337026_n-768x512.jpg 768w, https:\/\/buletin.de\/bucuresti\/wp-content\/uploads\/2026\/03\/651286003_1356319833192617_5875303140736337026_n-1536x1023.jpg 1536w, https:\/\/buletin.de\/bucuresti\/wp-content\/uploads\/2026\/03\/651286003_1356319833192617_5875303140736337026_n-1100x733.jpg 1100w, https:\/\/buletin.de\/bucuresti\/wp-content\/uploads\/2026\/03\/651286003_1356319833192617_5875303140736337026_n-600x400.jpg 600w, https:\/\/buletin.de\/bucuresti\/wp-content\/uploads\/2026\/03\/651286003_1356319833192617_5875303140736337026_n-20x13.jpg 20w, https:\/\/buletin.de\/bucuresti\/wp-content\/uploads\/2026\/03\/651286003_1356319833192617_5875303140736337026_n.jpg 1600w\" sizes=\"(max-width: 1000px) 100vw, 1000px\" \/><\/figure>\n\n\n\n<figure class=\"wp-block-image size-large\"><img loading=\"lazy\" decoding=\"async\" width=\"1000\" height=\"870\" data-id=\"180961\" src=\"data:image\/gif;base64,R0lGODlhAQABAAAAACH5BAEKAAEALAAAAAABAAEAAAICTAEAOw==\" data-src=\"https:\/\/buletin.de\/bucuresti\/wp-content\/uploads\/2026\/03\/650373505_1356319746525959_5433035295116869999_n-1000x870.jpg\" alt=\"\" class=\"wp-image-180961 lazyload\" data-sizes=\"auto\" data-srcset=\"https:\/\/buletin.de\/bucuresti\/wp-content\/uploads\/2026\/03\/650373505_1356319746525959_5433035295116869999_n-1000x870.jpg 1000w, https:\/\/buletin.de\/bucuresti\/wp-content\/uploads\/2026\/03\/650373505_1356319746525959_5433035295116869999_n-300x261.jpg 300w, https:\/\/buletin.de\/bucuresti\/wp-content\/uploads\/2026\/03\/650373505_1356319746525959_5433035295116869999_n-768x669.jpg 768w, https:\/\/buletin.de\/bucuresti\/wp-content\/uploads\/2026\/03\/650373505_1356319746525959_5433035295116869999_n-1100x958.jpg 1100w, https:\/\/buletin.de\/bucuresti\/wp-content\/uploads\/2026\/03\/650373505_1356319746525959_5433035295116869999_n-600x522.jpg 600w, https:\/\/buletin.de\/bucuresti\/wp-content\/uploads\/2026\/03\/650373505_1356319746525959_5433035295116869999_n-20x17.jpg 20w, https:\/\/buletin.de\/bucuresti\/wp-content\/uploads\/2026\/03\/650373505_1356319746525959_5433035295116869999_n.jpg 1220w\" sizes=\"(max-width: 1000px) 100vw, 1000px\" \/><\/figure>\n\n\n\n<figure class=\"wp-block-image size-large\"><img loading=\"lazy\" decoding=\"async\" width=\"1000\" height=\"667\" data-id=\"180962\" src=\"data:image\/gif;base64,R0lGODlhAQABAAAAACH5BAEKAAEALAAAAAABAAEAAAICTAEAOw==\" data-src=\"https:\/\/buletin.de\/bucuresti\/wp-content\/uploads\/2026\/03\/650733201_1356320143192586_1185171273872036162_n-1000x667.jpg\" alt=\"\" class=\"wp-image-180962 lazyload\" data-sizes=\"auto\" data-srcset=\"https:\/\/buletin.de\/bucuresti\/wp-content\/uploads\/2026\/03\/650733201_1356320143192586_1185171273872036162_n-1000x667.jpg 1000w, https:\/\/buletin.de\/bucuresti\/wp-content\/uploads\/2026\/03\/650733201_1356320143192586_1185171273872036162_n-300x200.jpg 300w, https:\/\/buletin.de\/bucuresti\/wp-content\/uploads\/2026\/03\/650733201_1356320143192586_1185171273872036162_n-768x512.jpg 768w, https:\/\/buletin.de\/bucuresti\/wp-content\/uploads\/2026\/03\/650733201_1356320143192586_1185171273872036162_n-1536x1024.jpg 1536w, https:\/\/buletin.de\/bucuresti\/wp-content\/uploads\/2026\/03\/650733201_1356320143192586_1185171273872036162_n-1600x1066.jpg 1600w, https:\/\/buletin.de\/bucuresti\/wp-content\/uploads\/2026\/03\/650733201_1356320143192586_1185171273872036162_n-1100x733.jpg 1100w, https:\/\/buletin.de\/bucuresti\/wp-content\/uploads\/2026\/03\/650733201_1356320143192586_1185171273872036162_n-600x400.jpg 600w, https:\/\/buletin.de\/bucuresti\/wp-content\/uploads\/2026\/03\/650733201_1356320143192586_1185171273872036162_n-20x13.jpg 20w, https:\/\/buletin.de\/bucuresti\/wp-content\/uploads\/2026\/03\/650733201_1356320143192586_1185171273872036162_n.jpg 2000w\" sizes=\"(max-width: 1000px) 100vw, 1000px\" \/><\/figure>\n<figcaption class=\"blocks-gallery-caption wp-element-caption\">FOTO: Prim\u0103ria Sectorului 6<\/figcaption><\/figure>\n\n\n\n<p><strong>CITE\u0218TE \u0218I:<\/strong> <a href=\"https:\/\/buletin.de\/bucuresti\/statii-de-incarcare-de-1-milion-de-euro-pentru-masinile-institutiilor-din-subordinea-consiliului-local-sector-3\/\"><strong>Sta\u021bii de \u00eenc\u0103rcare de 1 milion de euro pentru ma\u0219inile institu\u021biilor din subordinea Consiliului Local Sector 3<\/strong><\/a><\/p>\n","protected":false},"excerpt":{"rendered":"<p>Startul cur\u0103\u021beniei de prim\u0103var\u0103 a fost dat de autorit\u0103\u021bile din Sectorul 6, al Capitalei. Este cea de-a \u0219asea campanie \u0219i cea de-a dou\u0103 realizat\u0103 cu utilaje proprii. 50 de muncitori de la Salubrizare Sector 6 \u0219i al\u021bi 25 de la ADPDU Sector 6, cu 10 utilaje vor ac\u021biona, zilnic, etapizat, \u00een tot sectorul. Anul acesta, [&hellip;]<\/p>\n","protected":false},"author":49,"featured_media":180941,"comment_status":"closed","ping_status":"open","sticky":false,"template":"","format":"standard","meta":{"_acf_changed":false,"inline_featured_image":false,"ngg_post_thumbnail":0,"footnotes":""},"categories":[6994,24,62],"tags":[1920,27117,8658,3659],"ppma_author":[22574],"class_list":["post-180935","post","type-post","status-publish","format-standard","has-post-thumbnail","hentry","category-stiri-2","category-primarie","category-stiri","tag-crangasi","tag-curatenie-de-primavata-sector-6","tag-parcuri-sector-6","tag-ps6"],"acf":[],"yoast_head":"<!-- This site is optimized with the Yoast SEO Premium plugin v25.3 (Yoast SEO v27.4) - https:\/\/yoast.com\/product\/yoast-seo-premium-wordpress\/ -->\n<title>Prim\u0103ria Sectorului 6 a dat startul cur\u0103\u021beniei de prim\u0103var\u0103. Se lucreaz\u0103 \u0219i \u00een weekend - Buletin de Bucure\u0219ti<\/title>\n<meta name=\"description\" content=\"Startul cur\u0103\u021beniei de prim\u0103var\u0103 a fost dat de autorit\u0103\u021bile din Sectorul 6, al Capitalei. Este cea de-a \u0219asea campanie.\" \/>\n<meta name=\"robots\" content=\"index, follow, max-snippet:-1, max-image-preview:large, max-video-preview:-1\" \/>\n<link rel=\"canonical\" href=\"https:\/\/buletin.de\/bucuresti\/primaria-sectorului-6-a-dat-startul-curateniei-de-primavara-se-lucreaza-si-in-weekend\/\" \/>\n<meta property=\"og:locale\" content=\"en_GB\" \/>\n<meta property=\"og:type\" content=\"article\" \/>\n<meta property=\"og:title\" content=\"Prim\u0103ria Sectorului 6 a dat startul cur\u0103\u021beniei de prim\u0103var\u0103. Se lucreaz\u0103 \u0219i \u00een weekend\" \/>\n<meta property=\"og:description\" content=\"Startul cur\u0103\u021beniei de prim\u0103var\u0103 a fost dat de autorit\u0103\u021bile din Sectorul 6, al Capitalei. Este cea de-a \u0219asea campanie.\" \/>\n<meta property=\"og:url\" content=\"https:\/\/buletin.de\/bucuresti\/primaria-sectorului-6-a-dat-startul-curateniei-de-primavara-se-lucreaza-si-in-weekend\/\" \/>\n<meta property=\"og:site_name\" content=\"Buletin de Bucure\u0219ti\" \/>\n<meta property=\"article:publisher\" content=\"https:\/\/www.facebook.com\/buletin.de.buc\" \/>\n<meta property=\"article:published_time\" content=\"2026-03-16T14:18:24+00:00\" \/>\n<meta property=\"article:modified_time\" content=\"2026-03-16T14:18:25+00:00\" \/>\n<meta property=\"og:image\" content=\"https:\/\/buletin.de\/bucuresti\/wp-content\/uploads\/2026\/03\/652912216_1357999909691276_4959557468630032966_n.jpg\" \/>\n\t<meta property=\"og:image:width\" content=\"1440\" \/>\n\t<meta property=\"og:image:height\" content=\"960\" \/>\n\t<meta property=\"og:image:type\" content=\"image\/jpeg\" \/>\n<meta name=\"author\" content=\"Diana Matei\" \/>\n<meta name=\"twitter:card\" content=\"summary_large_image\" \/>\n<meta name=\"twitter:label1\" content=\"Written by\" \/>\n\t<meta name=\"twitter:data1\" content=\"Diana Matei\" \/>\n\t<meta name=\"twitter:label2\" content=\"Estimated reading time\" \/>\n\t<meta name=\"twitter:data2\" content=\"5 minutes\" \/>\n<script type=\"application\/ld+json\" class=\"yoast-schema-graph\">{\"@context\":\"https:\\\/\\\/schema.org\",\"@graph\":[{\"@type\":\"Article\",\"@id\":\"https:\\\/\\\/buletin.de\\\/bucuresti\\\/primaria-sectorului-6-a-dat-startul-curateniei-de-primavara-se-lucreaza-si-in-weekend\\\/#article\",\"isPartOf\":{\"@id\":\"https:\\\/\\\/buletin.de\\\/bucuresti\\\/primaria-sectorului-6-a-dat-startul-curateniei-de-primavara-se-lucreaza-si-in-weekend\\\/\"},\"author\":{\"name\":\"Diana Matei\",\"@id\":\"https:\\\/\\\/buletin.de\\\/bucuresti\\\/#\\\/schema\\\/person\\\/7e46040573290777280a0835d81ea4ea\"},\"headline\":\"Prim\u0103ria Sectorului 6 a dat startul cur\u0103\u021beniei de prim\u0103var\u0103. Se lucreaz\u0103 \u0219i \u00een weekend\",\"datePublished\":\"2026-03-16T14:18:24+00:00\",\"dateModified\":\"2026-03-16T14:18:25+00:00\",\"mainEntityOfPage\":{\"@id\":\"https:\\\/\\\/buletin.de\\\/bucuresti\\\/primaria-sectorului-6-a-dat-startul-curateniei-de-primavara-se-lucreaza-si-in-weekend\\\/\"},\"wordCount\":435,\"publisher\":{\"@id\":\"https:\\\/\\\/buletin.de\\\/bucuresti\\\/#organization\"},\"image\":{\"@id\":\"https:\\\/\\\/buletin.de\\\/bucuresti\\\/primaria-sectorului-6-a-dat-startul-curateniei-de-primavara-se-lucreaza-si-in-weekend\\\/#primaryimage\"},\"thumbnailUrl\":\"https:\\\/\\\/buletin.de\\\/bucuresti\\\/wp-content\\\/uploads\\\/2026\\\/03\\\/652912216_1357999909691276_4959557468630032966_n.jpg\",\"keywords\":[\"crangasi\",\"curatenie de primavata Sector 6\",\"parcuri sector 6\",\"PS6\"],\"articleSection\":[\"Articole\",\"Prim\u0103rie\",\"\u0218tiri\"],\"inLanguage\":\"en-GB\",\"copyrightYear\":\"2026\",\"copyrightHolder\":{\"@id\":\"https:\\\/\\\/buletin.de\\\/bucuresti\\\/#organization\"}},{\"@type\":\"WebPage\",\"@id\":\"https:\\\/\\\/buletin.de\\\/bucuresti\\\/primaria-sectorului-6-a-dat-startul-curateniei-de-primavara-se-lucreaza-si-in-weekend\\\/\",\"url\":\"https:\\\/\\\/buletin.de\\\/bucuresti\\\/primaria-sectorului-6-a-dat-startul-curateniei-de-primavara-se-lucreaza-si-in-weekend\\\/\",\"name\":\"Prim\u0103ria Sectorului 6 a dat startul cur\u0103\u021beniei de prim\u0103var\u0103. Se lucreaz\u0103 \u0219i \u00een weekend - Buletin de Bucure\u0219ti\",\"isPartOf\":{\"@id\":\"https:\\\/\\\/buletin.de\\\/bucuresti\\\/#website\"},\"primaryImageOfPage\":{\"@id\":\"https:\\\/\\\/buletin.de\\\/bucuresti\\\/primaria-sectorului-6-a-dat-startul-curateniei-de-primavara-se-lucreaza-si-in-weekend\\\/#primaryimage\"},\"image\":{\"@id\":\"https:\\\/\\\/buletin.de\\\/bucuresti\\\/primaria-sectorului-6-a-dat-startul-curateniei-de-primavara-se-lucreaza-si-in-weekend\\\/#primaryimage\"},\"thumbnailUrl\":\"https:\\\/\\\/buletin.de\\\/bucuresti\\\/wp-content\\\/uploads\\\/2026\\\/03\\\/652912216_1357999909691276_4959557468630032966_n.jpg\",\"datePublished\":\"2026-03-16T14:18:24+00:00\",\"dateModified\":\"2026-03-16T14:18:25+00:00\",\"description\":\"Startul cur\u0103\u021beniei de prim\u0103var\u0103 a fost dat de autorit\u0103\u021bile din Sectorul 6, al Capitalei. Este cea de-a \u0219asea campanie.\",\"breadcrumb\":{\"@id\":\"https:\\\/\\\/buletin.de\\\/bucuresti\\\/primaria-sectorului-6-a-dat-startul-curateniei-de-primavara-se-lucreaza-si-in-weekend\\\/#breadcrumb\"},\"inLanguage\":\"en-GB\",\"potentialAction\":[{\"@type\":\"ReadAction\",\"target\":[\"https:\\\/\\\/buletin.de\\\/bucuresti\\\/primaria-sectorului-6-a-dat-startul-curateniei-de-primavara-se-lucreaza-si-in-weekend\\\/\"]}]},{\"@type\":\"ImageObject\",\"inLanguage\":\"en-GB\",\"@id\":\"https:\\\/\\\/buletin.de\\\/bucuresti\\\/primaria-sectorului-6-a-dat-startul-curateniei-de-primavara-se-lucreaza-si-in-weekend\\\/#primaryimage\",\"url\":\"https:\\\/\\\/buletin.de\\\/bucuresti\\\/wp-content\\\/uploads\\\/2026\\\/03\\\/652912216_1357999909691276_4959557468630032966_n.jpg\",\"contentUrl\":\"https:\\\/\\\/buletin.de\\\/bucuresti\\\/wp-content\\\/uploads\\\/2026\\\/03\\\/652912216_1357999909691276_4959557468630032966_n.jpg\",\"width\":1440,\"height\":960,\"caption\":\"Prim\u0103ria Sectorului 6 a dat startul cur\u0103\u021beniei de prim\u0103var\u0103. FOTO: PS1\"},{\"@type\":\"BreadcrumbList\",\"@id\":\"https:\\\/\\\/buletin.de\\\/bucuresti\\\/primaria-sectorului-6-a-dat-startul-curateniei-de-primavara-se-lucreaza-si-in-weekend\\\/#breadcrumb\",\"itemListElement\":[{\"@type\":\"ListItem\",\"position\":1,\"name\":\"Acas\u0103\",\"item\":\"https:\\\/\\\/buletin.de\\\/bucuresti\\\/\"},{\"@type\":\"ListItem\",\"position\":2,\"name\":\"Prim\u0103ria Sectorului 6 a dat startul cur\u0103\u021beniei de prim\u0103var\u0103. Se lucreaz\u0103 \u0219i \u00een weekend\"}]},{\"@type\":\"WebSite\",\"@id\":\"https:\\\/\\\/buletin.de\\\/bucuresti\\\/#website\",\"url\":\"https:\\\/\\\/buletin.de\\\/bucuresti\\\/\",\"name\":\"Buletin de Bucure\u0219ti\",\"description\":\"\u0218tiri \u0219i investiga\u021bii esen\u021biale din capital\u0103\",\"publisher\":{\"@id\":\"https:\\\/\\\/buletin.de\\\/bucuresti\\\/#organization\"},\"potentialAction\":[{\"@type\":\"SearchAction\",\"target\":{\"@type\":\"EntryPoint\",\"urlTemplate\":\"https:\\\/\\\/buletin.de\\\/bucuresti\\\/?s={search_term_string}\"},\"query-input\":{\"@type\":\"PropertyValueSpecification\",\"valueRequired\":true,\"valueName\":\"search_term_string\"}}],\"inLanguage\":\"en-GB\"},{\"@type\":\"Organization\",\"@id\":\"https:\\\/\\\/buletin.de\\\/bucuresti\\\/#organization\",\"name\":\"Buletin de Bucure\u0219ti\",\"url\":\"https:\\\/\\\/buletin.de\\\/bucuresti\\\/\",\"logo\":{\"@type\":\"ImageObject\",\"inLanguage\":\"en-GB\",\"@id\":\"https:\\\/\\\/buletin.de\\\/bucuresti\\\/#\\\/schema\\\/logo\\\/image\\\/\",\"url\":\"https:\\\/\\\/buletin.de\\\/bucuresti\\\/wp-content\\\/uploads\\\/logo-bdb-full-wide-vernil-transparent.png\",\"contentUrl\":\"https:\\\/\\\/buletin.de\\\/bucuresti\\\/wp-content\\\/uploads\\\/logo-bdb-full-wide-vernil-transparent.png\",\"width\":1782,\"height\":626,\"caption\":\"Buletin de Bucure\u0219ti\"},\"image\":{\"@id\":\"https:\\\/\\\/buletin.de\\\/bucuresti\\\/#\\\/schema\\\/logo\\\/image\\\/\"},\"sameAs\":[\"https:\\\/\\\/www.facebook.com\\\/buletin.de.buc\",\"https:\\\/\\\/www.instagram.com\\\/buletinde.bucuresti\\\/\"]},{\"@type\":\"Person\",\"@id\":\"https:\\\/\\\/buletin.de\\\/bucuresti\\\/#\\\/schema\\\/person\\\/7e46040573290777280a0835d81ea4ea\",\"name\":\"Diana Matei\",\"image\":{\"@type\":\"ImageObject\",\"inLanguage\":\"en-GB\",\"@id\":\"https:\\\/\\\/buletin.de\\\/bucuresti\\\/wp-content\\\/uploads\\\/9-2-96x96.jpg1e8590b30871d70e62ebcdaf2eff570c\",\"url\":\"https:\\\/\\\/buletin.de\\\/bucuresti\\\/wp-content\\\/uploads\\\/9-2-96x96.jpg\",\"contentUrl\":\"https:\\\/\\\/buletin.de\\\/bucuresti\\\/wp-content\\\/uploads\\\/9-2-96x96.jpg\",\"caption\":\"Diana Matei\"},\"url\":\"https:\\\/\\\/buletin.de\\\/bucuresti\\\/author\\\/dianamatei\\\/\"}]}<\/script>\n<!-- \/ Yoast SEO Premium plugin. -->","yoast_head_json":{"title":"Prim\u0103ria Sectorului 6 a dat startul cur\u0103\u021beniei de prim\u0103var\u0103. Se lucreaz\u0103 \u0219i \u00een weekend - Buletin de Bucure\u0219ti","description":"Startul cur\u0103\u021beniei de prim\u0103var\u0103 a fost dat de autorit\u0103\u021bile din Sectorul 6, al Capitalei. Este cea de-a \u0219asea campanie.","robots":{"index":"index","follow":"follow","max-snippet":"max-snippet:-1","max-image-preview":"max-image-preview:large","max-video-preview":"max-video-preview:-1"},"canonical":"https:\/\/buletin.de\/bucuresti\/primaria-sectorului-6-a-dat-startul-curateniei-de-primavara-se-lucreaza-si-in-weekend\/","og_locale":"en_GB","og_type":"article","og_title":"Prim\u0103ria Sectorului 6 a dat startul cur\u0103\u021beniei de prim\u0103var\u0103. Se lucreaz\u0103 \u0219i \u00een weekend","og_description":"Startul cur\u0103\u021beniei de prim\u0103var\u0103 a fost dat de autorit\u0103\u021bile din Sectorul 6, al Capitalei. Este cea de-a \u0219asea campanie.","og_url":"https:\/\/buletin.de\/bucuresti\/primaria-sectorului-6-a-dat-startul-curateniei-de-primavara-se-lucreaza-si-in-weekend\/","og_site_name":"Buletin de Bucure\u0219ti","article_publisher":"https:\/\/www.facebook.com\/buletin.de.buc","article_published_time":"2026-03-16T14:18:24+00:00","article_modified_time":"2026-03-16T14:18:25+00:00","og_image":[{"width":1440,"height":960,"url":"https:\/\/buletin.de\/bucuresti\/wp-content\/uploads\/2026\/03\/652912216_1357999909691276_4959557468630032966_n.jpg","type":"image\/jpeg"}],"author":"Diana Matei","twitter_card":"summary_large_image","twitter_misc":{"Written by":"Diana Matei","Estimated reading time":"5 minutes"},"schema":{"@context":"https:\/\/schema.org","@graph":[{"@type":"Article","@id":"https:\/\/buletin.de\/bucuresti\/primaria-sectorului-6-a-dat-startul-curateniei-de-primavara-se-lucreaza-si-in-weekend\/#article","isPartOf":{"@id":"https:\/\/buletin.de\/bucuresti\/primaria-sectorului-6-a-dat-startul-curateniei-de-primavara-se-lucreaza-si-in-weekend\/"},"author":{"name":"Diana Matei","@id":"https:\/\/buletin.de\/bucuresti\/#\/schema\/person\/7e46040573290777280a0835d81ea4ea"},"headline":"Prim\u0103ria Sectorului 6 a dat startul cur\u0103\u021beniei de prim\u0103var\u0103. Se lucreaz\u0103 \u0219i \u00een weekend","datePublished":"2026-03-16T14:18:24+00:00","dateModified":"2026-03-16T14:18:25+00:00","mainEntityOfPage":{"@id":"https:\/\/buletin.de\/bucuresti\/primaria-sectorului-6-a-dat-startul-curateniei-de-primavara-se-lucreaza-si-in-weekend\/"},"wordCount":435,"publisher":{"@id":"https:\/\/buletin.de\/bucuresti\/#organization"},"image":{"@id":"https:\/\/buletin.de\/bucuresti\/primaria-sectorului-6-a-dat-startul-curateniei-de-primavara-se-lucreaza-si-in-weekend\/#primaryimage"},"thumbnailUrl":"https:\/\/buletin.de\/bucuresti\/wp-content\/uploads\/2026\/03\/652912216_1357999909691276_4959557468630032966_n.jpg","keywords":["crangasi","curatenie de primavata Sector 6","parcuri sector 6","PS6"],"articleSection":["Articole","Prim\u0103rie","\u0218tiri"],"inLanguage":"en-GB","copyrightYear":"2026","copyrightHolder":{"@id":"https:\/\/buletin.de\/bucuresti\/#organization"}},{"@type":"WebPage","@id":"https:\/\/buletin.de\/bucuresti\/primaria-sectorului-6-a-dat-startul-curateniei-de-primavara-se-lucreaza-si-in-weekend\/","url":"https:\/\/buletin.de\/bucuresti\/primaria-sectorului-6-a-dat-startul-curateniei-de-primavara-se-lucreaza-si-in-weekend\/","name":"Prim\u0103ria Sectorului 6 a dat startul cur\u0103\u021beniei de prim\u0103var\u0103. Se lucreaz\u0103 \u0219i \u00een weekend - Buletin de Bucure\u0219ti","isPartOf":{"@id":"https:\/\/buletin.de\/bucuresti\/#website"},"primaryImageOfPage":{"@id":"https:\/\/buletin.de\/bucuresti\/primaria-sectorului-6-a-dat-startul-curateniei-de-primavara-se-lucreaza-si-in-weekend\/#primaryimage"},"image":{"@id":"https:\/\/buletin.de\/bucuresti\/primaria-sectorului-6-a-dat-startul-curateniei-de-primavara-se-lucreaza-si-in-weekend\/#primaryimage"},"thumbnailUrl":"https:\/\/buletin.de\/bucuresti\/wp-content\/uploads\/2026\/03\/652912216_1357999909691276_4959557468630032966_n.jpg","datePublished":"2026-03-16T14:18:24+00:00","dateModified":"2026-03-16T14:18:25+00:00","description":"Startul cur\u0103\u021beniei de prim\u0103var\u0103 a fost dat de autorit\u0103\u021bile din Sectorul 6, al Capitalei. Este cea de-a \u0219asea campanie.","breadcrumb":{"@id":"https:\/\/buletin.de\/bucuresti\/primaria-sectorului-6-a-dat-startul-curateniei-de-primavara-se-lucreaza-si-in-weekend\/#breadcrumb"},"inLanguage":"en-GB","potentialAction":[{"@type":"ReadAction","target":["https:\/\/buletin.de\/bucuresti\/primaria-sectorului-6-a-dat-startul-curateniei-de-primavara-se-lucreaza-si-in-weekend\/"]}]},{"@type":"ImageObject","inLanguage":"en-GB","@id":"https:\/\/buletin.de\/bucuresti\/primaria-sectorului-6-a-dat-startul-curateniei-de-primavara-se-lucreaza-si-in-weekend\/#primaryimage","url":"https:\/\/buletin.de\/bucuresti\/wp-content\/uploads\/2026\/03\/652912216_1357999909691276_4959557468630032966_n.jpg","contentUrl":"https:\/\/buletin.de\/bucuresti\/wp-content\/uploads\/2026\/03\/652912216_1357999909691276_4959557468630032966_n.jpg","width":1440,"height":960,"caption":"Prim\u0103ria Sectorului 6 a dat startul cur\u0103\u021beniei de prim\u0103var\u0103. FOTO: PS1"},{"@type":"BreadcrumbList","@id":"https:\/\/buletin.de\/bucuresti\/primaria-sectorului-6-a-dat-startul-curateniei-de-primavara-se-lucreaza-si-in-weekend\/#breadcrumb","itemListElement":[{"@type":"ListItem","position":1,"name":"Acas\u0103","item":"https:\/\/buletin.de\/bucuresti\/"},{"@type":"ListItem","position":2,"name":"Prim\u0103ria Sectorului 6 a dat startul cur\u0103\u021beniei de prim\u0103var\u0103. Se lucreaz\u0103 \u0219i \u00een weekend"}]},{"@type":"WebSite","@id":"https:\/\/buletin.de\/bucuresti\/#website","url":"https:\/\/buletin.de\/bucuresti\/","name":"Buletin de Bucure\u0219ti","description":"\u0218tiri \u0219i investiga\u021bii esen\u021biale din capital\u0103","publisher":{"@id":"https:\/\/buletin.de\/bucuresti\/#organization"},"potentialAction":[{"@type":"SearchAction","target":{"@type":"EntryPoint","urlTemplate":"https:\/\/buletin.de\/bucuresti\/?s={search_term_string}"},"query-input":{"@type":"PropertyValueSpecification","valueRequired":true,"valueName":"search_term_string"}}],"inLanguage":"en-GB"},{"@type":"Organization","@id":"https:\/\/buletin.de\/bucuresti\/#organization","name":"Buletin de Bucure\u0219ti","url":"https:\/\/buletin.de\/bucuresti\/","logo":{"@type":"ImageObject","inLanguage":"en-GB","@id":"https:\/\/buletin.de\/bucuresti\/#\/schema\/logo\/image\/","url":"https:\/\/buletin.de\/bucuresti\/wp-content\/uploads\/logo-bdb-full-wide-vernil-transparent.png","contentUrl":"https:\/\/buletin.de\/bucuresti\/wp-content\/uploads\/logo-bdb-full-wide-vernil-transparent.png","width":1782,"height":626,"caption":"Buletin de Bucure\u0219ti"},"image":{"@id":"https:\/\/buletin.de\/bucuresti\/#\/schema\/logo\/image\/"},"sameAs":["https:\/\/www.facebook.com\/buletin.de.buc","https:\/\/www.instagram.com\/buletinde.bucuresti\/"]},{"@type":"Person","@id":"https:\/\/buletin.de\/bucuresti\/#\/schema\/person\/7e46040573290777280a0835d81ea4ea","name":"Diana Matei","image":{"@type":"ImageObject","inLanguage":"en-GB","@id":"https:\/\/buletin.de\/bucuresti\/wp-content\/uploads\/9-2-96x96.jpg1e8590b30871d70e62ebcdaf2eff570c","url":"https:\/\/buletin.de\/bucuresti\/wp-content\/uploads\/9-2-96x96.jpg","contentUrl":"https:\/\/buletin.de\/bucuresti\/wp-content\/uploads\/9-2-96x96.jpg","caption":"Diana Matei"},"url":"https:\/\/buletin.de\/bucuresti\/author\/dianamatei\/"}]}},"authors":[{"term_id":22574,"user_id":49,"is_guest":0,"slug":"dianamatei","display_name":"Diana Matei","avatar_url":"https:\/\/buletin.de\/bucuresti\/wp-content\/uploads\/9-2-96x96.jpg","0":null,"1":"","2":"","3":"","4":"","5":"","6":"","7":"","8":""}],"_links":{"self":[{"href":"https:\/\/buletin.de\/bucuresti\/wp-json\/wp\/v2\/posts\/180935","targetHints":{"allow":["GET"]}}],"collection":[{"href":"https:\/\/buletin.de\/bucuresti\/wp-json\/wp\/v2\/posts"}],"about":[{"href":"https:\/\/buletin.de\/bucuresti\/wp-json\/wp\/v2\/types\/post"}],"author":[{"embeddable":true,"href":"https:\/\/buletin.de\/bucuresti\/wp-json\/wp\/v2\/users\/49"}],"replies":[{"embeddable":true,"href":"https:\/\/buletin.de\/bucuresti\/wp-json\/wp\/v2\/comments?post=180935"}],"version-history":[{"count":3,"href":"https:\/\/buletin.de\/bucuresti\/wp-json\/wp\/v2\/posts\/180935\/revisions"}],"predecessor-version":[{"id":180964,"href":"https:\/\/buletin.de\/bucuresti\/wp-json\/wp\/v2\/posts\/180935\/revisions\/180964"}],"wp:featuredmedia":[{"embeddable":true,"href":"https:\/\/buletin.de\/bucuresti\/wp-json\/wp\/v2\/media\/180941"}],"wp:attachment":[{"href":"https:\/\/buletin.de\/bucuresti\/wp-json\/wp\/v2\/media?parent=180935"}],"wp:term":[{"taxonomy":"category","embeddable":true,"href":"https:\/\/buletin.de\/bucuresti\/wp-json\/wp\/v2\/categories?post=180935"},{"taxonomy":"post_tag","embeddable":true,"href":"https:\/\/buletin.de\/bucuresti\/wp-json\/wp\/v2\/tags?post=180935"},{"taxonomy":"author","embeddable":true,"href":"https:\/\/buletin.de\/bucuresti\/wp-json\/wp\/v2\/ppma_author?post=180935"}],"curies":[{"name":"wp","href":"https:\/\/api.w.org\/{rel}","templated":true}]}}