{"id":180847,"date":"2026-03-16T12:18:22","date_gmt":"2026-03-16T09:18:22","guid":{"rendered":"https:\/\/buletin.de\/bucuresti\/?p=180847"},"modified":"2026-03-16T14:10:57","modified_gmt":"2026-03-16T11:10:57","slug":"amenzi-de-aproape-70-000-de-euro-in-48-de-ore-pentru-viteza-politistii-au-intocmit-si-doua-dosare-penale","status":"publish","type":"post","link":"https:\/\/buletin.de\/bucuresti\/amenzi-de-aproape-70-000-de-euro-in-48-de-ore-pentru-viteza-politistii-au-intocmit-si-doua-dosare-penale\/","title":{"rendered":"Amenzi de aproape 70.000 de euro \u00een 48 de ore, pentru vitez\u0103. Poli\u021bi\u0219tii au \u00eentocmit \u0219i dou\u0103 dosare penale"},"content":{"rendered":"\n<p><strong>Poli\u021bi\u0219tii din cadrul Brig\u0103zii Rutiere au acordat amenzi \u00een valoare total\u0103 de aproape 70.000 de euro pentru conduc\u0103torii auto care nu au respectat regimul legal de vitez\u0103, \u00een weekendul 14-15 martie 2026. <\/strong><\/p>\n\n\n\n<p>\u00cen perioada men\u021bionat\u0103, poli\u021bi\u0219tii au ac\u021bionat cu aparatura radar din dotare pe arterele din Municipiul Bucure\u0219ti cu risc rutier ridicat, \u00een scopul prevenirii accidentelor de circula\u021bie cu consecin\u021be grave cauzate de viteza excesiv\u0103. <\/p>\n\n\n\n<p><strong>Astfel, \u00een urma activit\u0103\u021bilor de control, poli\u021bi\u0219tii au aplicat 675 de sanc\u021biuni contraven\u021bionale \u00een valoare de aproximativ <mark style=\"background-color:rgba(0, 0, 0, 0)\" class=\"has-inline-color has-vivid-red-color\">354.000 de lei<\/mark>, adic\u0103 <mark style=\"background-color:rgba(0, 0, 0, 0)\" class=\"has-inline-color has-vivid-red-color\">69.483 de euro<\/mark>.<\/strong> <strong>Au fost \u00eentocmite \u0219i dou\u0103 dosare de cercetare penal\u0103 pentru conducerea unui autovehicul av\u00e2nd dreptul de a conduce suspendat.<\/strong><\/p>\n\n\n\n<p>De asemenea, au fost re\u021binute 25 de permite de conducere pentru nerespectarea regimului legal de vitez\u0103 \u0219i cinci certificate de \u00eenmatriculare pentru deficien\u021bele tehnice constatate. <\/p>\n\n\n\n<h2 class=\"wp-block-heading\" id=\"h-poli\u021bi\u0219tii-au-dat-amenzi-de-aproape-70-000-de-euro-pentru-viteza-in-weekend\">Poli\u021bi\u0219tii au dat amenzi de aproape 70.000 de euro pentru vitez\u0103, \u00een weekend <\/h2>\n\n\n\n<p>\u00cen data de 15 martie, un t\u00e2n\u0103r \u00een v\u00e2rst\u0103 de 23 de ani<a href=\"https:\/\/buletin.de\/bucuresti\/doua-dosare-penale-si-peste-500-de-amenzi-pentru-soferi-in-weekendul-7-8-martie-record-de-viteza-in-zona-pasaj-pipera-peste-130-de-kilometri-pe-ora\/\" type=\"link\" id=\"https:\/\/buletin.de\/bucuresti\/doua-dosare-penale-si-peste-500-de-amenzi-pentru-soferi-in-weekendul-7-8-martie-record-de-viteza-in-zona-pasaj-pipera-peste-130-de-kilometri-pe-ora\/\" target=\"_blank\" rel=\"noreferrer noopener\"> a condus un autovehicul<\/a> \u00een zona Pasaj Mihai Bravu \u0219i a avut <strong>o vitez\u0103 de 129 km\/hm<\/strong> cu aparatul radar, pe un sector de drum unde limita de vitez\u0103 este de 50 km\/h. <\/p>\n\n\n\n<p>\u0218oferul a fost sanc\u021bionat cu o amend\u0103 \u00een valoare de 1822,5 lei, iar ca m\u0103sur\u0103 complementar\u0103 s-a dispus suspendarea exercit\u0103rii dreptului de a conduce pentru o perioad\u0103 de 120 de zile. <\/p>\n\n\n\n<p>Tot \u00een data de 15 martie, \u00een aceea\u0219i zon\u0103, un b\u0103rbat \u00een v\u00e2rst\u0103 de 26 de ani a fost \u00eenregistrat cu aparatul radar circul\u00e2nd cu <strong>o vitez\u0103 de 127 km\/h.<\/strong><\/p>\n\n\n\n<p>\u0218i \u00een acest caz, \u0219oferul a fost sanc\u021bionat cu o amend\u0103 \u00een valoare de 1822,5 lei \u0219i cu suspendarea exercit\u0103rii dreptului de a conduce pentru 120 de zile. <\/p>\n\n\n\n<p><em>\u201eBrigada Rutier\u0103 a Capitalei recomand\u0103 tuturor conduc\u0103torilor de vehicule s\u0103 adopte un comportament preventiv \u00een trafic \u0219i adapteze \u00een permanen\u021b\u0103 viteza la condi\u021biile meteo-rutiere.<\/em><\/p>\n\n\n\n<p><em><strong>Activit\u0103\u021bile de control \u00een trafic destinate verific\u0103rii respect\u0103rii regimului legal de vitez\u0103 \u0219i prevenirii evenimentelor rutiere cauzate de viteza excesiv\u0103 continu\u0103 \u0219i \u00een perioada urm\u0103toare.\u201d<\/strong><\/em>, se precizeaz\u0103 \u00een comunicatul <a href=\"https:\/\/bpr.politiaromana.ro\/\" type=\"link\" id=\"https:\/\/bpr.politiaromana.ro\/\" target=\"_blank\" rel=\"noreferrer noopener\">Poli\u021biei<\/a>. <\/p>\n\n\n\n<p>CITE\u0218TE \u0218I <a href=\"https:\/\/buletin.de\/bucuresti\/sanctiuni-de-peste-32-000-de-lei-dupa-meciul-de-fotbal-rapid-dinamo\/\" target=\"_blank\" rel=\"noreferrer noopener\">Sanc\u021biuni de peste 32.000 de lei, dup\u0103 meciul de fotbal Rapid-Dinamo<\/a><\/p>\n\n\n\n<p><\/p>\n","protected":false},"excerpt":{"rendered":"<p>Poli\u021bi\u0219tii din cadrul Brig\u0103zii Rutiere au acordat amenzi \u00een valoare total\u0103 de aproape 70.000 de euro pentru conduc\u0103torii auto care nu au respectat regimul legal de vitez\u0103, \u00een weekendul 14-15 martie 2026. \u00cen perioada men\u021bionat\u0103, poli\u021bi\u0219tii au ac\u021bionat cu aparatura radar din dotare pe arterele din Municipiul Bucure\u0219ti cu risc rutier ridicat, \u00een scopul prevenirii [&hellip;]<\/p>\n","protected":false},"author":65,"featured_media":180853,"comment_status":"closed","ping_status":"open","sticky":false,"template":"","format":"standard","meta":{"_acf_changed":false,"inline_featured_image":false,"ngg_post_thumbnail":0,"footnotes":""},"categories":[6994,9026,62],"tags":[154,27111,2685,882,5034],"ppma_author":[23912],"class_list":["post-180847","post","type-post","status-publish","format-standard","has-post-thumbnail","hentry","category-stiri-2","category-eveniment","category-stiri","tag-amenzi","tag-amenzi-viteza","tag-brigada-rutiera","tag-politie","tag-sofer"],"acf":[],"yoast_head":"<!-- This site is optimized with the Yoast SEO Premium plugin v25.3 (Yoast SEO v27.4) - https:\/\/yoast.com\/product\/yoast-seo-premium-wordpress\/ -->\n<title>Amenzi de aproape 70.000 de euro \u00een 48 de ore, pentru vitez\u0103. Poli\u021bi\u0219tii au \u00eentocmit \u0219i dou\u0103 dosare penale - Buletin de Bucure\u0219ti<\/title>\n<meta name=\"robots\" content=\"index, follow, max-snippet:-1, max-image-preview:large, max-video-preview:-1\" \/>\n<link rel=\"canonical\" href=\"https:\/\/buletin.de\/bucuresti\/amenzi-de-aproape-70-000-de-euro-in-48-de-ore-pentru-viteza-politistii-au-intocmit-si-doua-dosare-penale\/\" \/>\n<meta property=\"og:locale\" content=\"en_GB\" \/>\n<meta property=\"og:type\" content=\"article\" \/>\n<meta property=\"og:title\" content=\"Amenzi de aproape 70.000 de euro \u00een 48 de ore, pentru vitez\u0103. Poli\u021bi\u0219tii au \u00eentocmit \u0219i dou\u0103 dosare penale\" \/>\n<meta property=\"og:description\" content=\"Poli\u021bi\u0219tii din cadrul Brig\u0103zii Rutiere au acordat amenzi \u00een valoare total\u0103 de aproape 70.000 de euro pentru conduc\u0103torii auto care nu au respectat regimul legal de vitez\u0103, \u00een weekendul 14-15 martie 2026. \u00cen perioada men\u021bionat\u0103, poli\u021bi\u0219tii au ac\u021bionat cu aparatura radar din dotare pe arterele din Municipiul Bucure\u0219ti cu risc rutier ridicat, \u00een scopul prevenirii [&hellip;]\" \/>\n<meta property=\"og:url\" content=\"https:\/\/buletin.de\/bucuresti\/amenzi-de-aproape-70-000-de-euro-in-48-de-ore-pentru-viteza-politistii-au-intocmit-si-doua-dosare-penale\/\" \/>\n<meta property=\"og:site_name\" content=\"Buletin de Bucure\u0219ti\" \/>\n<meta property=\"article:publisher\" content=\"https:\/\/www.facebook.com\/buletin.de.buc\" \/>\n<meta property=\"article:published_time\" content=\"2026-03-16T09:18:22+00:00\" \/>\n<meta property=\"article:modified_time\" content=\"2026-03-16T11:10:57+00:00\" \/>\n<meta property=\"og:image\" content=\"https:\/\/buletin.de\/bucuresti\/wp-content\/uploads\/2026\/03\/Amenzi-de-aproape-70.000-de-euro.jpg\" \/>\n\t<meta property=\"og:image:width\" content=\"1200\" \/>\n\t<meta property=\"og:image:height\" content=\"659\" \/>\n\t<meta property=\"og:image:type\" content=\"image\/jpeg\" \/>\n<meta name=\"author\" content=\"Andreea St\u0103n\u0103r\u00eeng\u0103\" \/>\n<meta name=\"twitter:card\" content=\"summary_large_image\" \/>\n<meta name=\"twitter:label1\" content=\"Written by\" \/>\n\t<meta name=\"twitter:data1\" content=\"Andreea St\u0103n\u0103r\u00eeng\u0103\" \/>\n\t<meta name=\"twitter:label2\" content=\"Estimated reading time\" \/>\n\t<meta name=\"twitter:data2\" content=\"2 minutes\" \/>\n<script type=\"application\/ld+json\" class=\"yoast-schema-graph\">{\"@context\":\"https:\\\/\\\/schema.org\",\"@graph\":[{\"@type\":\"Article\",\"@id\":\"https:\\\/\\\/buletin.de\\\/bucuresti\\\/amenzi-de-aproape-70-000-de-euro-in-48-de-ore-pentru-viteza-politistii-au-intocmit-si-doua-dosare-penale\\\/#article\",\"isPartOf\":{\"@id\":\"https:\\\/\\\/buletin.de\\\/bucuresti\\\/amenzi-de-aproape-70-000-de-euro-in-48-de-ore-pentru-viteza-politistii-au-intocmit-si-doua-dosare-penale\\\/\"},\"author\":{\"name\":\"Andreea St\u0103n\u0103r\u00eeng\u0103\",\"@id\":\"https:\\\/\\\/buletin.de\\\/bucuresti\\\/#\\\/schema\\\/person\\\/81421a46fb84a0887cfd2238f5202586\"},\"headline\":\"Amenzi de aproape 70.000 de euro \u00een 48 de ore, pentru vitez\u0103. Poli\u021bi\u0219tii au \u00eentocmit \u0219i dou\u0103 dosare penale\",\"datePublished\":\"2026-03-16T09:18:22+00:00\",\"dateModified\":\"2026-03-16T11:10:57+00:00\",\"mainEntityOfPage\":{\"@id\":\"https:\\\/\\\/buletin.de\\\/bucuresti\\\/amenzi-de-aproape-70-000-de-euro-in-48-de-ore-pentru-viteza-politistii-au-intocmit-si-doua-dosare-penale\\\/\"},\"wordCount\":393,\"publisher\":{\"@id\":\"https:\\\/\\\/buletin.de\\\/bucuresti\\\/#organization\"},\"image\":{\"@id\":\"https:\\\/\\\/buletin.de\\\/bucuresti\\\/amenzi-de-aproape-70-000-de-euro-in-48-de-ore-pentru-viteza-politistii-au-intocmit-si-doua-dosare-penale\\\/#primaryimage\"},\"thumbnailUrl\":\"https:\\\/\\\/buletin.de\\\/bucuresti\\\/wp-content\\\/uploads\\\/2026\\\/03\\\/Amenzi-de-aproape-70.000-de-euro.jpg\",\"keywords\":[\"amenzi\",\"amenzi viteza\",\"Brigada Rutier\u0103\",\"politie\",\"sofer\"],\"articleSection\":[\"Articole\",\"Eveniment\",\"\u0218tiri\"],\"inLanguage\":\"en-GB\",\"copyrightYear\":\"2026\",\"copyrightHolder\":{\"@id\":\"https:\\\/\\\/buletin.de\\\/bucuresti\\\/#organization\"}},{\"@type\":\"WebPage\",\"@id\":\"https:\\\/\\\/buletin.de\\\/bucuresti\\\/amenzi-de-aproape-70-000-de-euro-in-48-de-ore-pentru-viteza-politistii-au-intocmit-si-doua-dosare-penale\\\/\",\"url\":\"https:\\\/\\\/buletin.de\\\/bucuresti\\\/amenzi-de-aproape-70-000-de-euro-in-48-de-ore-pentru-viteza-politistii-au-intocmit-si-doua-dosare-penale\\\/\",\"name\":\"Amenzi de aproape 70.000 de euro \u00een 48 de ore, pentru vitez\u0103. Poli\u021bi\u0219tii au \u00eentocmit \u0219i dou\u0103 dosare penale - Buletin de Bucure\u0219ti\",\"isPartOf\":{\"@id\":\"https:\\\/\\\/buletin.de\\\/bucuresti\\\/#website\"},\"primaryImageOfPage\":{\"@id\":\"https:\\\/\\\/buletin.de\\\/bucuresti\\\/amenzi-de-aproape-70-000-de-euro-in-48-de-ore-pentru-viteza-politistii-au-intocmit-si-doua-dosare-penale\\\/#primaryimage\"},\"image\":{\"@id\":\"https:\\\/\\\/buletin.de\\\/bucuresti\\\/amenzi-de-aproape-70-000-de-euro-in-48-de-ore-pentru-viteza-politistii-au-intocmit-si-doua-dosare-penale\\\/#primaryimage\"},\"thumbnailUrl\":\"https:\\\/\\\/buletin.de\\\/bucuresti\\\/wp-content\\\/uploads\\\/2026\\\/03\\\/Amenzi-de-aproape-70.000-de-euro.jpg\",\"datePublished\":\"2026-03-16T09:18:22+00:00\",\"dateModified\":\"2026-03-16T11:10:57+00:00\",\"breadcrumb\":{\"@id\":\"https:\\\/\\\/buletin.de\\\/bucuresti\\\/amenzi-de-aproape-70-000-de-euro-in-48-de-ore-pentru-viteza-politistii-au-intocmit-si-doua-dosare-penale\\\/#breadcrumb\"},\"inLanguage\":\"en-GB\",\"potentialAction\":[{\"@type\":\"ReadAction\",\"target\":[\"https:\\\/\\\/buletin.de\\\/bucuresti\\\/amenzi-de-aproape-70-000-de-euro-in-48-de-ore-pentru-viteza-politistii-au-intocmit-si-doua-dosare-penale\\\/\"]}]},{\"@type\":\"ImageObject\",\"inLanguage\":\"en-GB\",\"@id\":\"https:\\\/\\\/buletin.de\\\/bucuresti\\\/amenzi-de-aproape-70-000-de-euro-in-48-de-ore-pentru-viteza-politistii-au-intocmit-si-doua-dosare-penale\\\/#primaryimage\",\"url\":\"https:\\\/\\\/buletin.de\\\/bucuresti\\\/wp-content\\\/uploads\\\/2026\\\/03\\\/Amenzi-de-aproape-70.000-de-euro.jpg\",\"contentUrl\":\"https:\\\/\\\/buletin.de\\\/bucuresti\\\/wp-content\\\/uploads\\\/2026\\\/03\\\/Amenzi-de-aproape-70.000-de-euro.jpg\",\"width\":1200,\"height\":659,\"caption\":\"Poli\u021bia a dat amenzi totale de aproape 70.000 de euro \u00een weekend, pentru vitez\u0103. Foto: Brigada Rutier\u0103\"},{\"@type\":\"BreadcrumbList\",\"@id\":\"https:\\\/\\\/buletin.de\\\/bucuresti\\\/amenzi-de-aproape-70-000-de-euro-in-48-de-ore-pentru-viteza-politistii-au-intocmit-si-doua-dosare-penale\\\/#breadcrumb\",\"itemListElement\":[{\"@type\":\"ListItem\",\"position\":1,\"name\":\"Acas\u0103\",\"item\":\"https:\\\/\\\/buletin.de\\\/bucuresti\\\/\"},{\"@type\":\"ListItem\",\"position\":2,\"name\":\"Amenzi de aproape 70.000 de euro \u00een 48 de ore, pentru vitez\u0103. Poli\u021bi\u0219tii au \u00eentocmit \u0219i dou\u0103 dosare penale\"}]},{\"@type\":\"WebSite\",\"@id\":\"https:\\\/\\\/buletin.de\\\/bucuresti\\\/#website\",\"url\":\"https:\\\/\\\/buletin.de\\\/bucuresti\\\/\",\"name\":\"Buletin de Bucure\u0219ti\",\"description\":\"\u0218tiri \u0219i investiga\u021bii esen\u021biale din capital\u0103\",\"publisher\":{\"@id\":\"https:\\\/\\\/buletin.de\\\/bucuresti\\\/#organization\"},\"potentialAction\":[{\"@type\":\"SearchAction\",\"target\":{\"@type\":\"EntryPoint\",\"urlTemplate\":\"https:\\\/\\\/buletin.de\\\/bucuresti\\\/?s={search_term_string}\"},\"query-input\":{\"@type\":\"PropertyValueSpecification\",\"valueRequired\":true,\"valueName\":\"search_term_string\"}}],\"inLanguage\":\"en-GB\"},{\"@type\":\"Organization\",\"@id\":\"https:\\\/\\\/buletin.de\\\/bucuresti\\\/#organization\",\"name\":\"Buletin de Bucure\u0219ti\",\"url\":\"https:\\\/\\\/buletin.de\\\/bucuresti\\\/\",\"logo\":{\"@type\":\"ImageObject\",\"inLanguage\":\"en-GB\",\"@id\":\"https:\\\/\\\/buletin.de\\\/bucuresti\\\/#\\\/schema\\\/logo\\\/image\\\/\",\"url\":\"https:\\\/\\\/buletin.de\\\/bucuresti\\\/wp-content\\\/uploads\\\/logo-bdb-full-wide-vernil-transparent.png\",\"contentUrl\":\"https:\\\/\\\/buletin.de\\\/bucuresti\\\/wp-content\\\/uploads\\\/logo-bdb-full-wide-vernil-transparent.png\",\"width\":1782,\"height\":626,\"caption\":\"Buletin de Bucure\u0219ti\"},\"image\":{\"@id\":\"https:\\\/\\\/buletin.de\\\/bucuresti\\\/#\\\/schema\\\/logo\\\/image\\\/\"},\"sameAs\":[\"https:\\\/\\\/www.facebook.com\\\/buletin.de.buc\",\"https:\\\/\\\/www.instagram.com\\\/buletinde.bucuresti\\\/\"]},{\"@type\":\"Person\",\"@id\":\"https:\\\/\\\/buletin.de\\\/bucuresti\\\/#\\\/schema\\\/person\\\/81421a46fb84a0887cfd2238f5202586\",\"name\":\"Andreea St\u0103n\u0103r\u00eeng\u0103\",\"image\":{\"@type\":\"ImageObject\",\"inLanguage\":\"en-GB\",\"@id\":\"https:\\\/\\\/secure.gravatar.com\\\/avatar\\\/dfa8d227a4388fad0f0bb03add04b5b176f4da34397dbb2eadc563b3d7162ce0?s=96&d=monsterid&r=g72784372b39ffe5a98a45288fe0d0e8a\",\"url\":\"https:\\\/\\\/secure.gravatar.com\\\/avatar\\\/dfa8d227a4388fad0f0bb03add04b5b176f4da34397dbb2eadc563b3d7162ce0?s=96&d=monsterid&r=g\",\"contentUrl\":\"https:\\\/\\\/secure.gravatar.com\\\/avatar\\\/dfa8d227a4388fad0f0bb03add04b5b176f4da34397dbb2eadc563b3d7162ce0?s=96&d=monsterid&r=g\",\"caption\":\"Andreea St\u0103n\u0103r\u00eeng\u0103\"},\"description\":\"Cu o experien\u021b\u0103 de peste 5 ani \u00een pres\u0103, face parte din echipa Buletin de Bucure\u0219ti din septembrie 2025. A colaborat cu c\u00e2teva publica\u021bii, printre care \u0219i Fanatik.ro, unde s-a ocupat de \u0219tiri de lifestyle \u0219i de actualitate. A f\u0103cut un pas c\u0103tre presa local\u0103 pentru a explora Bucure\u0219tiul \u0219i pove\u0219tile care merit\u0103 spuse.\",\"url\":\"https:\\\/\\\/buletin.de\\\/bucuresti\\\/author\\\/andreea-stanaranga\\\/\"}]}<\/script>\n<!-- \/ Yoast SEO Premium plugin. -->","yoast_head_json":{"title":"Amenzi de aproape 70.000 de euro \u00een 48 de ore, pentru vitez\u0103. Poli\u021bi\u0219tii au \u00eentocmit \u0219i dou\u0103 dosare penale - Buletin de Bucure\u0219ti","robots":{"index":"index","follow":"follow","max-snippet":"max-snippet:-1","max-image-preview":"max-image-preview:large","max-video-preview":"max-video-preview:-1"},"canonical":"https:\/\/buletin.de\/bucuresti\/amenzi-de-aproape-70-000-de-euro-in-48-de-ore-pentru-viteza-politistii-au-intocmit-si-doua-dosare-penale\/","og_locale":"en_GB","og_type":"article","og_title":"Amenzi de aproape 70.000 de euro \u00een 48 de ore, pentru vitez\u0103. Poli\u021bi\u0219tii au \u00eentocmit \u0219i dou\u0103 dosare penale","og_description":"Poli\u021bi\u0219tii din cadrul Brig\u0103zii Rutiere au acordat amenzi \u00een valoare total\u0103 de aproape 70.000 de euro pentru conduc\u0103torii auto care nu au respectat regimul legal de vitez\u0103, \u00een weekendul 14-15 martie 2026. \u00cen perioada men\u021bionat\u0103, poli\u021bi\u0219tii au ac\u021bionat cu aparatura radar din dotare pe arterele din Municipiul Bucure\u0219ti cu risc rutier ridicat, \u00een scopul prevenirii [&hellip;]","og_url":"https:\/\/buletin.de\/bucuresti\/amenzi-de-aproape-70-000-de-euro-in-48-de-ore-pentru-viteza-politistii-au-intocmit-si-doua-dosare-penale\/","og_site_name":"Buletin de Bucure\u0219ti","article_publisher":"https:\/\/www.facebook.com\/buletin.de.buc","article_published_time":"2026-03-16T09:18:22+00:00","article_modified_time":"2026-03-16T11:10:57+00:00","og_image":[{"width":1200,"height":659,"url":"https:\/\/buletin.de\/bucuresti\/wp-content\/uploads\/2026\/03\/Amenzi-de-aproape-70.000-de-euro.jpg","type":"image\/jpeg"}],"author":"Andreea St\u0103n\u0103r\u00eeng\u0103","twitter_card":"summary_large_image","twitter_misc":{"Written by":"Andreea St\u0103n\u0103r\u00eeng\u0103","Estimated reading time":"2 minutes"},"schema":{"@context":"https:\/\/schema.org","@graph":[{"@type":"Article","@id":"https:\/\/buletin.de\/bucuresti\/amenzi-de-aproape-70-000-de-euro-in-48-de-ore-pentru-viteza-politistii-au-intocmit-si-doua-dosare-penale\/#article","isPartOf":{"@id":"https:\/\/buletin.de\/bucuresti\/amenzi-de-aproape-70-000-de-euro-in-48-de-ore-pentru-viteza-politistii-au-intocmit-si-doua-dosare-penale\/"},"author":{"name":"Andreea St\u0103n\u0103r\u00eeng\u0103","@id":"https:\/\/buletin.de\/bucuresti\/#\/schema\/person\/81421a46fb84a0887cfd2238f5202586"},"headline":"Amenzi de aproape 70.000 de euro \u00een 48 de ore, pentru vitez\u0103. Poli\u021bi\u0219tii au \u00eentocmit \u0219i dou\u0103 dosare penale","datePublished":"2026-03-16T09:18:22+00:00","dateModified":"2026-03-16T11:10:57+00:00","mainEntityOfPage":{"@id":"https:\/\/buletin.de\/bucuresti\/amenzi-de-aproape-70-000-de-euro-in-48-de-ore-pentru-viteza-politistii-au-intocmit-si-doua-dosare-penale\/"},"wordCount":393,"publisher":{"@id":"https:\/\/buletin.de\/bucuresti\/#organization"},"image":{"@id":"https:\/\/buletin.de\/bucuresti\/amenzi-de-aproape-70-000-de-euro-in-48-de-ore-pentru-viteza-politistii-au-intocmit-si-doua-dosare-penale\/#primaryimage"},"thumbnailUrl":"https:\/\/buletin.de\/bucuresti\/wp-content\/uploads\/2026\/03\/Amenzi-de-aproape-70.000-de-euro.jpg","keywords":["amenzi","amenzi viteza","Brigada Rutier\u0103","politie","sofer"],"articleSection":["Articole","Eveniment","\u0218tiri"],"inLanguage":"en-GB","copyrightYear":"2026","copyrightHolder":{"@id":"https:\/\/buletin.de\/bucuresti\/#organization"}},{"@type":"WebPage","@id":"https:\/\/buletin.de\/bucuresti\/amenzi-de-aproape-70-000-de-euro-in-48-de-ore-pentru-viteza-politistii-au-intocmit-si-doua-dosare-penale\/","url":"https:\/\/buletin.de\/bucuresti\/amenzi-de-aproape-70-000-de-euro-in-48-de-ore-pentru-viteza-politistii-au-intocmit-si-doua-dosare-penale\/","name":"Amenzi de aproape 70.000 de euro \u00een 48 de ore, pentru vitez\u0103. Poli\u021bi\u0219tii au \u00eentocmit \u0219i dou\u0103 dosare penale - Buletin de Bucure\u0219ti","isPartOf":{"@id":"https:\/\/buletin.de\/bucuresti\/#website"},"primaryImageOfPage":{"@id":"https:\/\/buletin.de\/bucuresti\/amenzi-de-aproape-70-000-de-euro-in-48-de-ore-pentru-viteza-politistii-au-intocmit-si-doua-dosare-penale\/#primaryimage"},"image":{"@id":"https:\/\/buletin.de\/bucuresti\/amenzi-de-aproape-70-000-de-euro-in-48-de-ore-pentru-viteza-politistii-au-intocmit-si-doua-dosare-penale\/#primaryimage"},"thumbnailUrl":"https:\/\/buletin.de\/bucuresti\/wp-content\/uploads\/2026\/03\/Amenzi-de-aproape-70.000-de-euro.jpg","datePublished":"2026-03-16T09:18:22+00:00","dateModified":"2026-03-16T11:10:57+00:00","breadcrumb":{"@id":"https:\/\/buletin.de\/bucuresti\/amenzi-de-aproape-70-000-de-euro-in-48-de-ore-pentru-viteza-politistii-au-intocmit-si-doua-dosare-penale\/#breadcrumb"},"inLanguage":"en-GB","potentialAction":[{"@type":"ReadAction","target":["https:\/\/buletin.de\/bucuresti\/amenzi-de-aproape-70-000-de-euro-in-48-de-ore-pentru-viteza-politistii-au-intocmit-si-doua-dosare-penale\/"]}]},{"@type":"ImageObject","inLanguage":"en-GB","@id":"https:\/\/buletin.de\/bucuresti\/amenzi-de-aproape-70-000-de-euro-in-48-de-ore-pentru-viteza-politistii-au-intocmit-si-doua-dosare-penale\/#primaryimage","url":"https:\/\/buletin.de\/bucuresti\/wp-content\/uploads\/2026\/03\/Amenzi-de-aproape-70.000-de-euro.jpg","contentUrl":"https:\/\/buletin.de\/bucuresti\/wp-content\/uploads\/2026\/03\/Amenzi-de-aproape-70.000-de-euro.jpg","width":1200,"height":659,"caption":"Poli\u021bia a dat amenzi totale de aproape 70.000 de euro \u00een weekend, pentru vitez\u0103. Foto: Brigada Rutier\u0103"},{"@type":"BreadcrumbList","@id":"https:\/\/buletin.de\/bucuresti\/amenzi-de-aproape-70-000-de-euro-in-48-de-ore-pentru-viteza-politistii-au-intocmit-si-doua-dosare-penale\/#breadcrumb","itemListElement":[{"@type":"ListItem","position":1,"name":"Acas\u0103","item":"https:\/\/buletin.de\/bucuresti\/"},{"@type":"ListItem","position":2,"name":"Amenzi de aproape 70.000 de euro \u00een 48 de ore, pentru vitez\u0103. Poli\u021bi\u0219tii au \u00eentocmit \u0219i dou\u0103 dosare penale"}]},{"@type":"WebSite","@id":"https:\/\/buletin.de\/bucuresti\/#website","url":"https:\/\/buletin.de\/bucuresti\/","name":"Buletin de Bucure\u0219ti","description":"\u0218tiri \u0219i investiga\u021bii esen\u021biale din capital\u0103","publisher":{"@id":"https:\/\/buletin.de\/bucuresti\/#organization"},"potentialAction":[{"@type":"SearchAction","target":{"@type":"EntryPoint","urlTemplate":"https:\/\/buletin.de\/bucuresti\/?s={search_term_string}"},"query-input":{"@type":"PropertyValueSpecification","valueRequired":true,"valueName":"search_term_string"}}],"inLanguage":"en-GB"},{"@type":"Organization","@id":"https:\/\/buletin.de\/bucuresti\/#organization","name":"Buletin de Bucure\u0219ti","url":"https:\/\/buletin.de\/bucuresti\/","logo":{"@type":"ImageObject","inLanguage":"en-GB","@id":"https:\/\/buletin.de\/bucuresti\/#\/schema\/logo\/image\/","url":"https:\/\/buletin.de\/bucuresti\/wp-content\/uploads\/logo-bdb-full-wide-vernil-transparent.png","contentUrl":"https:\/\/buletin.de\/bucuresti\/wp-content\/uploads\/logo-bdb-full-wide-vernil-transparent.png","width":1782,"height":626,"caption":"Buletin de Bucure\u0219ti"},"image":{"@id":"https:\/\/buletin.de\/bucuresti\/#\/schema\/logo\/image\/"},"sameAs":["https:\/\/www.facebook.com\/buletin.de.buc","https:\/\/www.instagram.com\/buletinde.bucuresti\/"]},{"@type":"Person","@id":"https:\/\/buletin.de\/bucuresti\/#\/schema\/person\/81421a46fb84a0887cfd2238f5202586","name":"Andreea St\u0103n\u0103r\u00eeng\u0103","image":{"@type":"ImageObject","inLanguage":"en-GB","@id":"https:\/\/secure.gravatar.com\/avatar\/dfa8d227a4388fad0f0bb03add04b5b176f4da34397dbb2eadc563b3d7162ce0?s=96&d=monsterid&r=g72784372b39ffe5a98a45288fe0d0e8a","url":"https:\/\/secure.gravatar.com\/avatar\/dfa8d227a4388fad0f0bb03add04b5b176f4da34397dbb2eadc563b3d7162ce0?s=96&d=monsterid&r=g","contentUrl":"https:\/\/secure.gravatar.com\/avatar\/dfa8d227a4388fad0f0bb03add04b5b176f4da34397dbb2eadc563b3d7162ce0?s=96&d=monsterid&r=g","caption":"Andreea St\u0103n\u0103r\u00eeng\u0103"},"description":"Cu o experien\u021b\u0103 de peste 5 ani \u00een pres\u0103, face parte din echipa Buletin de Bucure\u0219ti din septembrie 2025. A colaborat cu c\u00e2teva publica\u021bii, printre care \u0219i Fanatik.ro, unde s-a ocupat de \u0219tiri de lifestyle \u0219i de actualitate. A f\u0103cut un pas c\u0103tre presa local\u0103 pentru a explora Bucure\u0219tiul \u0219i pove\u0219tile care merit\u0103 spuse.","url":"https:\/\/buletin.de\/bucuresti\/author\/andreea-stanaranga\/"}]}},"authors":[{"term_id":23912,"user_id":65,"is_guest":0,"slug":"andreea-stanaranga","display_name":"Andreea St\u0103n\u0103r\u00eeng\u0103","avatar_url":"https:\/\/secure.gravatar.com\/avatar\/dfa8d227a4388fad0f0bb03add04b5b176f4da34397dbb2eadc563b3d7162ce0?s=96&d=monsterid&r=g","0":null,"1":"","2":"","3":"","4":"","5":"","6":"","7":"","8":""}],"_links":{"self":[{"href":"https:\/\/buletin.de\/bucuresti\/wp-json\/wp\/v2\/posts\/180847","targetHints":{"allow":["GET"]}}],"collection":[{"href":"https:\/\/buletin.de\/bucuresti\/wp-json\/wp\/v2\/posts"}],"about":[{"href":"https:\/\/buletin.de\/bucuresti\/wp-json\/wp\/v2\/types\/post"}],"author":[{"embeddable":true,"href":"https:\/\/buletin.de\/bucuresti\/wp-json\/wp\/v2\/users\/65"}],"replies":[{"embeddable":true,"href":"https:\/\/buletin.de\/bucuresti\/wp-json\/wp\/v2\/comments?post=180847"}],"version-history":[{"count":9,"href":"https:\/\/buletin.de\/bucuresti\/wp-json\/wp\/v2\/posts\/180847\/revisions"}],"predecessor-version":[{"id":180899,"href":"https:\/\/buletin.de\/bucuresti\/wp-json\/wp\/v2\/posts\/180847\/revisions\/180899"}],"wp:featuredmedia":[{"embeddable":true,"href":"https:\/\/buletin.de\/bucuresti\/wp-json\/wp\/v2\/media\/180853"}],"wp:attachment":[{"href":"https:\/\/buletin.de\/bucuresti\/wp-json\/wp\/v2\/media?parent=180847"}],"wp:term":[{"taxonomy":"category","embeddable":true,"href":"https:\/\/buletin.de\/bucuresti\/wp-json\/wp\/v2\/categories?post=180847"},{"taxonomy":"post_tag","embeddable":true,"href":"https:\/\/buletin.de\/bucuresti\/wp-json\/wp\/v2\/tags?post=180847"},{"taxonomy":"author","embeddable":true,"href":"https:\/\/buletin.de\/bucuresti\/wp-json\/wp\/v2\/ppma_author?post=180847"}],"curies":[{"name":"wp","href":"https:\/\/api.w.org\/{rel}","templated":true}]}}