{"id":180843,"date":"2026-03-17T04:00:00","date_gmt":"2026-03-17T01:00:00","guid":{"rendered":"https:\/\/buletin.de\/bucuresti\/?p=180843"},"modified":"2026-03-16T21:55:04","modified_gmt":"2026-03-16T18:55:04","slug":"elevii-scolii-gimnaziale-martisor-din-sectorul-4-ar-putea-beneficia-de-mese-in-timpul-cursurilor","status":"publish","type":"post","link":"https:\/\/buletin.de\/bucuresti\/elevii-scolii-gimnaziale-martisor-din-sectorul-4-ar-putea-beneficia-de-mese-in-timpul-cursurilor\/","title":{"rendered":"Elevii \u0218colii Gimnaziale \u201eM\u0103r\u021bi\u0219or\u201d, din Sectorul 4, ar putea beneficia de mese \u00een timpul cursurilor"},"content":{"rendered":"\n<p><strong>Elevii \u0218colii Gimnaziale \u201eM\u0103r\u021bi\u0219or\u201d din Sectorul 4 ar putea beneficia de mese \u00een timpul cursurilor, potrivit unui <a href=\"https:\/\/ps4.ro\/wp-content\/uploads\/2026\/03\/af-pr-nr.12-11.03.2026.pdf\">proiect <\/a>de hot\u0103r\u00e2re depus \u00een Consiliul Local. Proiectul va ajunge pe masa consilierilor pentru vot \u00een urm\u0103toarea \u0219edin\u021b\u0103.<\/strong><\/p>\n\n\n\n<p>Astfel, dac\u0103 proiectul va fi aprobat, elevii \u0219colii \u201eM\u0103r\u021bi\u0219or\u201d ar putea primi fie un pachet alimentar, pentru elevii care studiaz\u0103 \u00een cl\u0103direa din strada M\u0103r\u021bi\u0219or, fie o mas\u0103 cald\u0103 \u00een regim catering. De masa cald\u0103 ar urma s\u0103 beneficieze copii care \u00eenva\u021b\u0103 \u00een amplasamentul din cadrul \u0219colii \u201eIenechi\u021b\u0103 V\u0103c\u0103rescu\u201d, situat\u0103 pe Calea \u0218erban Vod\u0103.<\/p>\n\n\n\n<p>Textul documentului prevede faptul c\u0103 <em>\u201eSe aprob\u0103 tipul de suport alimentar acordat elevilor \u00eenscri\u015fi \u00een \u00eenv\u0103\u021b\u0103m\u00e2ntul primar \u015fi gimnazial din \u015ecoala Gimnazial\u0103 &#8220;M\u0103r\u021bi\u015for&#8221;, Sector 4, dup\u0103 cum urmeaz\u0103:<\/em><\/p>\n\n\n\n<ul class=\"wp-block-list\">\n<li><em>a) <strong>un pachet alimentar<\/strong>, conform art. 3 alin. (1) lit. c) din H.G. nr. 1171\/2025 privind instituirea Programului na\u021bional &#8220;Mas\u0103 s\u0103n\u0103toas\u0103&#8221; \u00een anul 2026 pentru sediul din Str. M\u0103r\u021bi\u015for nr. 39,<\/em><\/li>\n\n\n\n<li><em>b) <strong>o mas\u0103 cald\u0103 \u00een regim catering<\/strong> conform art. 3 alin. (1) lit. b) din H.G. nr. 1171\/2025 privind instituirea Programului na\u021bional &#8220;Mas\u0103 s\u0103n\u0103toas\u0103&#8221; \u00een anul 2026 pentru sediul Structurii Arondate &#8220;Ien\u0103chi\u021b\u0103 V\u0103c\u0103rescu&#8221; din Calea \u015eerban Vod\u0103 nr. 62-64.<\/em>\u201d<\/li>\n<\/ul>\n\n\n\n<p><strong>CITE\u0218TE \u0218I: <a href=\"https:\/\/buletin.de\/bucuresti\/politia-locala-a-facut-controale-privind-nivelul-de-zgomot-in-centrul-vechi-localurile-risca-amenzi-de-pana-la-60-000-de-lei\/\">Poli\u021bia Local\u0103 a f\u0103cut controale privind nivelul de zgomot \u00een Centrul Vechi. Localurile risc\u0103 amenzi de p\u00e2n\u0103 la 60.000 de lei<\/a><\/strong><\/p>\n\n\n\n<h2 class=\"wp-block-heading\" id=\"h-cum-se-va-face-servirea-mesei\">Cum se va face servirea mesei<\/h2>\n\n\n\n<p id=\"h-\"><strong>Modul \u00een care este manipulat\u0103 m\u00e2ncarea copiilor va trebui monitorizat \u00een permanen\u021b\u0103, pentru a se asigura respectarea normelor sanitare, dar \u0219i a calit\u0103\u021bii produselor alimentare livrate, \u00een func\u021bie de tipul de suport alimentar, a\u0219a cum prevede Hot\u0103r\u00e2rea Guvernului nr. 1171\/2025.<\/strong><\/p>\n\n\n\n<p id=\"h-\">Hrana va putea fi servit\u0103 \u00een sala de clas\u0103 sau \u00eentr-un alt spa\u021biu amenajat \u00een acest scop, cu respectarea prevederilor Ordinului ministrului S\u0103n\u0103t\u0103\u021bii nr. 1.456\/2020 pentru aprobarea Normelor de igien\u0103 din unit\u0103\u021bile pentru ocrotirea, educarea, instruirea, odihna \u0219i recreerea copiilor \u0219i tinerilor, cu modific\u0103rile ulterioare.<\/p>\n\n\n\n<p>\u00cen cazul \u00een care hrana nu este servit\u0103 \u00eentr-un interval de 60 de minute de la livrare, produsele alimentare trebuie p\u0103strate, p\u00e2n\u0103 la servire,&nbsp;<strong>\u00eentr-un spa\u021biu special amenajat<\/strong>, unde sunt asigurate condi\u021biile de manipulare \u0219i depozitare indicate de produc\u0103tor, dup\u0103 cum se preciza \u00eenc\u0103 din documenta\u021bia proiectului din decembrie.<\/p>\n\n\n\n<p><strong>CITE\u0218TE \u0218I: <a href=\"https:\/\/buletin.de\/bucuresti\/investigatie-video-reteaua-vip-urilor-cu-locuinte-si-terenuri-de-la-primarie-fondul-public-al-capitalei-este-sfidat-cu-chirii-simbolice-de-politicieni-functionari-vedete-magist\/\">INVESTIGA\u021aIE VIDEO | Re\u021beaua VIP-urilor cu locuin\u021be \u0219i terenuri de la Prim\u0103rie. Fondul public al Capitalei este sfidat cu chirii \u201esimbolice\u201d de politicieni, func\u021bionari, vedete, magistra\u021bi \u0219i oameni de afaceri controversa\u021bi<\/a><\/strong><\/p>\n","protected":false},"excerpt":{"rendered":"<p>Elevii \u0218colii Gimnaziale \u201eM\u0103r\u021bi\u0219or\u201d din Sectorul 4 ar putea beneficia de mese \u00een timpul cursurilor, potrivit unui proiect de hot\u0103r\u00e2re depus \u00een Consiliul Local. Proiectul va ajunge pe masa consilierilor pentru vot \u00een urm\u0103toarea \u0219edin\u021b\u0103. Astfel, dac\u0103 proiectul va fi aprobat, elevii \u0219colii \u201eM\u0103r\u021bi\u0219or\u201d ar putea primi fie un pachet alimentar, pentru elevii care studiaz\u0103 [&hellip;]<\/p>\n","protected":false},"author":61,"featured_media":181019,"comment_status":"closed","ping_status":"open","sticky":false,"template":"","format":"standard","meta":{"_acf_changed":false,"inline_featured_image":false,"ngg_post_thumbnail":0,"footnotes":""},"categories":[6994,24,62],"tags":[23077,27126,765],"ppma_author":[22577],"class_list":["post-180843","post","type-post","status-publish","format-standard","has-post-thumbnail","hentry","category-stiri-2","category-primarie","category-stiri","tag-masa-sanatoasa-2","tag-scoala-gimnaziala-martisor-2","tag-sector-4"],"acf":[],"yoast_head":"<!-- This site is optimized with the Yoast SEO Premium plugin v25.3 (Yoast SEO v27.5) - https:\/\/yoast.com\/product\/yoast-seo-premium-wordpress\/ -->\n<title>Elevii \u0218colii Gimnaziale \u201eM\u0103r\u021bi\u0219or\u201d, din Sectorul 4, ar putea beneficia de mese \u00een timpul cursurilor - Buletin de Bucure\u0219ti<\/title>\n<meta name=\"description\" content=\"Elevii \u0218colii Gimnaziale \u201eM\u0103r\u021bi\u0219or\u201d din Sectorul 4 ar putea beneficia de mese \u00een timpul cursurilor, potrivit unui proiect de hot\u0103r\u00e2re.\" \/>\n<meta name=\"robots\" content=\"index, follow, max-snippet:-1, max-image-preview:large, max-video-preview:-1\" \/>\n<link rel=\"canonical\" href=\"https:\/\/buletin.de\/bucuresti\/elevii-scolii-gimnaziale-martisor-din-sectorul-4-ar-putea-beneficia-de-mese-in-timpul-cursurilor\/\" \/>\n<meta property=\"og:locale\" content=\"en_GB\" \/>\n<meta property=\"og:type\" content=\"article\" \/>\n<meta property=\"og:title\" content=\"Elevii \u0218colii Gimnaziale \u201eM\u0103r\u021bi\u0219or\u201d, din Sectorul 4, ar putea beneficia de mese \u00een timpul cursurilor\" \/>\n<meta property=\"og:description\" content=\"Elevii \u0218colii Gimnaziale \u201eM\u0103r\u021bi\u0219or\u201d din Sectorul 4 ar putea beneficia de mese \u00een timpul cursurilor, potrivit unui proiect de hot\u0103r\u00e2re.\" \/>\n<meta property=\"og:url\" content=\"https:\/\/buletin.de\/bucuresti\/elevii-scolii-gimnaziale-martisor-din-sectorul-4-ar-putea-beneficia-de-mese-in-timpul-cursurilor\/\" \/>\n<meta property=\"og:site_name\" content=\"Buletin de Bucure\u0219ti\" \/>\n<meta property=\"article:publisher\" content=\"https:\/\/www.facebook.com\/buletin.de.buc\" \/>\n<meta property=\"article:published_time\" content=\"2026-03-17T01:00:00+00:00\" \/>\n<meta property=\"og:image\" content=\"https:\/\/buletin.de\/bucuresti\/wp-content\/uploads\/2026\/03\/ID318142_INQUAM_Photos_Casian_Mitu-scaled.jpg\" \/>\n\t<meta property=\"og:image:width\" content=\"2560\" \/>\n\t<meta property=\"og:image:height\" content=\"1738\" \/>\n\t<meta property=\"og:image:type\" content=\"image\/jpeg\" \/>\n<meta name=\"author\" content=\"Alexandru Stan\" \/>\n<meta name=\"twitter:card\" content=\"summary_large_image\" \/>\n<meta name=\"twitter:label1\" content=\"Written by\" \/>\n\t<meta name=\"twitter:data1\" content=\"Alexandru Stan\" \/>\n\t<meta name=\"twitter:label2\" content=\"Estimated reading time\" \/>\n\t<meta name=\"twitter:data2\" content=\"2 minutes\" \/>\n<script type=\"application\/ld+json\" class=\"yoast-schema-graph\">{\"@context\":\"https:\\\/\\\/schema.org\",\"@graph\":[{\"@type\":\"Article\",\"@id\":\"https:\\\/\\\/buletin.de\\\/bucuresti\\\/elevii-scolii-gimnaziale-martisor-din-sectorul-4-ar-putea-beneficia-de-mese-in-timpul-cursurilor\\\/#article\",\"isPartOf\":{\"@id\":\"https:\\\/\\\/buletin.de\\\/bucuresti\\\/elevii-scolii-gimnaziale-martisor-din-sectorul-4-ar-putea-beneficia-de-mese-in-timpul-cursurilor\\\/\"},\"author\":{\"name\":\"Alexandru Stan\",\"@id\":\"https:\\\/\\\/buletin.de\\\/bucuresti\\\/#\\\/schema\\\/person\\\/104a46bbe8be6e336fecf63974383951\"},\"headline\":\"Elevii \u0218colii Gimnaziale \u201eM\u0103r\u021bi\u0219or\u201d, din Sectorul 4, ar putea beneficia de mese \u00een timpul cursurilor\",\"datePublished\":\"2026-03-17T01:00:00+00:00\",\"mainEntityOfPage\":{\"@id\":\"https:\\\/\\\/buletin.de\\\/bucuresti\\\/elevii-scolii-gimnaziale-martisor-din-sectorul-4-ar-putea-beneficia-de-mese-in-timpul-cursurilor\\\/\"},\"wordCount\":450,\"publisher\":{\"@id\":\"https:\\\/\\\/buletin.de\\\/bucuresti\\\/#organization\"},\"image\":{\"@id\":\"https:\\\/\\\/buletin.de\\\/bucuresti\\\/elevii-scolii-gimnaziale-martisor-din-sectorul-4-ar-putea-beneficia-de-mese-in-timpul-cursurilor\\\/#primaryimage\"},\"thumbnailUrl\":\"https:\\\/\\\/buletin.de\\\/bucuresti\\\/wp-content\\\/uploads\\\/2026\\\/03\\\/ID318142_INQUAM_Photos_Casian_Mitu-scaled.jpg\",\"keywords\":[\"masa sanatoasa\",\"\u0219coala gimnazial\u0103 m\u0103r\u021bi\u0219or\",\"Sector 4\"],\"articleSection\":[\"Articole\",\"Prim\u0103rie\",\"\u0218tiri\"],\"inLanguage\":\"en-GB\",\"copyrightYear\":\"2026\",\"copyrightHolder\":{\"@id\":\"https:\\\/\\\/buletin.de\\\/bucuresti\\\/#organization\"}},{\"@type\":\"WebPage\",\"@id\":\"https:\\\/\\\/buletin.de\\\/bucuresti\\\/elevii-scolii-gimnaziale-martisor-din-sectorul-4-ar-putea-beneficia-de-mese-in-timpul-cursurilor\\\/\",\"url\":\"https:\\\/\\\/buletin.de\\\/bucuresti\\\/elevii-scolii-gimnaziale-martisor-din-sectorul-4-ar-putea-beneficia-de-mese-in-timpul-cursurilor\\\/\",\"name\":\"Elevii \u0218colii Gimnaziale \u201eM\u0103r\u021bi\u0219or\u201d, din Sectorul 4, ar putea beneficia de mese \u00een timpul cursurilor - Buletin de Bucure\u0219ti\",\"isPartOf\":{\"@id\":\"https:\\\/\\\/buletin.de\\\/bucuresti\\\/#website\"},\"primaryImageOfPage\":{\"@id\":\"https:\\\/\\\/buletin.de\\\/bucuresti\\\/elevii-scolii-gimnaziale-martisor-din-sectorul-4-ar-putea-beneficia-de-mese-in-timpul-cursurilor\\\/#primaryimage\"},\"image\":{\"@id\":\"https:\\\/\\\/buletin.de\\\/bucuresti\\\/elevii-scolii-gimnaziale-martisor-din-sectorul-4-ar-putea-beneficia-de-mese-in-timpul-cursurilor\\\/#primaryimage\"},\"thumbnailUrl\":\"https:\\\/\\\/buletin.de\\\/bucuresti\\\/wp-content\\\/uploads\\\/2026\\\/03\\\/ID318142_INQUAM_Photos_Casian_Mitu-scaled.jpg\",\"datePublished\":\"2026-03-17T01:00:00+00:00\",\"description\":\"Elevii \u0218colii Gimnaziale \u201eM\u0103r\u021bi\u0219or\u201d din Sectorul 4 ar putea beneficia de mese \u00een timpul cursurilor, potrivit unui proiect de hot\u0103r\u00e2re.\",\"breadcrumb\":{\"@id\":\"https:\\\/\\\/buletin.de\\\/bucuresti\\\/elevii-scolii-gimnaziale-martisor-din-sectorul-4-ar-putea-beneficia-de-mese-in-timpul-cursurilor\\\/#breadcrumb\"},\"inLanguage\":\"en-GB\",\"potentialAction\":[{\"@type\":\"ReadAction\",\"target\":[\"https:\\\/\\\/buletin.de\\\/bucuresti\\\/elevii-scolii-gimnaziale-martisor-din-sectorul-4-ar-putea-beneficia-de-mese-in-timpul-cursurilor\\\/\"]}]},{\"@type\":\"ImageObject\",\"inLanguage\":\"en-GB\",\"@id\":\"https:\\\/\\\/buletin.de\\\/bucuresti\\\/elevii-scolii-gimnaziale-martisor-din-sectorul-4-ar-putea-beneficia-de-mese-in-timpul-cursurilor\\\/#primaryimage\",\"url\":\"https:\\\/\\\/buletin.de\\\/bucuresti\\\/wp-content\\\/uploads\\\/2026\\\/03\\\/ID318142_INQUAM_Photos_Casian_Mitu-scaled.jpg\",\"contentUrl\":\"https:\\\/\\\/buletin.de\\\/bucuresti\\\/wp-content\\\/uploads\\\/2026\\\/03\\\/ID318142_INQUAM_Photos_Casian_Mitu-scaled.jpg\",\"width\":2560,\"height\":1738,\"caption\":\"Sector 4 | Elevii \u0218colii Gimnaziale \u201eM\u0103r\u021bi\u0219or\u201d ar putea beneficia de suport alimentar \u00een timpul cursurilor | FOTO: (ilustrativ) Inquam Photos \\\/ Casian Mitu\"},{\"@type\":\"BreadcrumbList\",\"@id\":\"https:\\\/\\\/buletin.de\\\/bucuresti\\\/elevii-scolii-gimnaziale-martisor-din-sectorul-4-ar-putea-beneficia-de-mese-in-timpul-cursurilor\\\/#breadcrumb\",\"itemListElement\":[{\"@type\":\"ListItem\",\"position\":1,\"name\":\"Acas\u0103\",\"item\":\"https:\\\/\\\/buletin.de\\\/bucuresti\\\/\"},{\"@type\":\"ListItem\",\"position\":2,\"name\":\"Elevii \u0218colii Gimnaziale \u201eM\u0103r\u021bi\u0219or\u201d, din Sectorul 4, ar putea beneficia de mese \u00een timpul cursurilor\"}]},{\"@type\":\"WebSite\",\"@id\":\"https:\\\/\\\/buletin.de\\\/bucuresti\\\/#website\",\"url\":\"https:\\\/\\\/buletin.de\\\/bucuresti\\\/\",\"name\":\"Buletin de Bucure\u0219ti\",\"description\":\"\u0218tiri \u0219i investiga\u021bii esen\u021biale din capital\u0103\",\"publisher\":{\"@id\":\"https:\\\/\\\/buletin.de\\\/bucuresti\\\/#organization\"},\"potentialAction\":[{\"@type\":\"SearchAction\",\"target\":{\"@type\":\"EntryPoint\",\"urlTemplate\":\"https:\\\/\\\/buletin.de\\\/bucuresti\\\/?s={search_term_string}\"},\"query-input\":{\"@type\":\"PropertyValueSpecification\",\"valueRequired\":true,\"valueName\":\"search_term_string\"}}],\"inLanguage\":\"en-GB\"},{\"@type\":\"Organization\",\"@id\":\"https:\\\/\\\/buletin.de\\\/bucuresti\\\/#organization\",\"name\":\"Buletin de Bucure\u0219ti\",\"url\":\"https:\\\/\\\/buletin.de\\\/bucuresti\\\/\",\"logo\":{\"@type\":\"ImageObject\",\"inLanguage\":\"en-GB\",\"@id\":\"https:\\\/\\\/buletin.de\\\/bucuresti\\\/#\\\/schema\\\/logo\\\/image\\\/\",\"url\":\"https:\\\/\\\/buletin.de\\\/bucuresti\\\/wp-content\\\/uploads\\\/logo-bdb-full-wide-vernil-transparent.png\",\"contentUrl\":\"https:\\\/\\\/buletin.de\\\/bucuresti\\\/wp-content\\\/uploads\\\/logo-bdb-full-wide-vernil-transparent.png\",\"width\":1782,\"height\":626,\"caption\":\"Buletin de Bucure\u0219ti\"},\"image\":{\"@id\":\"https:\\\/\\\/buletin.de\\\/bucuresti\\\/#\\\/schema\\\/logo\\\/image\\\/\"},\"sameAs\":[\"https:\\\/\\\/www.facebook.com\\\/buletin.de.buc\",\"https:\\\/\\\/www.instagram.com\\\/buletinde.bucuresti\\\/\"]},{\"@type\":\"Person\",\"@id\":\"https:\\\/\\\/buletin.de\\\/bucuresti\\\/#\\\/schema\\\/person\\\/104a46bbe8be6e336fecf63974383951\",\"name\":\"Alexandru Stan\",\"image\":{\"@type\":\"ImageObject\",\"inLanguage\":\"en-GB\",\"@id\":\"https:\\\/\\\/buletin.de\\\/bucuresti\\\/wp-content\\\/uploads\\\/2025\\\/12\\\/IMG-20251216-WA0045-e1766134343668-96x96.jpgd0ca12809ae3e1d27116a2afe8926544\",\"url\":\"https:\\\/\\\/buletin.de\\\/bucuresti\\\/wp-content\\\/uploads\\\/2025\\\/12\\\/IMG-20251216-WA0045-e1766134343668-96x96.jpg\",\"contentUrl\":\"https:\\\/\\\/buletin.de\\\/bucuresti\\\/wp-content\\\/uploads\\\/2025\\\/12\\\/IMG-20251216-WA0045-e1766134343668-96x96.jpg\",\"caption\":\"Alexandru Stan\"},\"description\":\"Sunt elev la un colegiu de prestigiu din Capital\u0103 \u0219i reporter la Buletin de Bucure\u0219ti. M-am n\u0103scut \u0219i am crescut cu m\u00e2ndrie \u00een Capital\u0103, ora\u0219 al pove\u0219tilor, al tramvaiului tras de cai \u0219i al c\u0103su\u021belor cu porti\u021b\u0103 \u0219i ci\u0219mea. Prin articolele mele, m\u0103 str\u0103duiesc s\u0103 descriu cu acurate\u021be via\u021ba din Bucure\u0219ti pe ecranele cititorilor no\u0219tri \u0219i \u00eencerc totodat\u0103 s\u0103 fac accesibile subiecte de interes general tuturor, de la mic la mare.\",\"url\":\"https:\\\/\\\/buletin.de\\\/bucuresti\\\/author\\\/alexandru-stan\\\/\"}]}<\/script>\n<!-- \/ Yoast SEO Premium plugin. -->","yoast_head_json":{"title":"Elevii \u0218colii Gimnaziale \u201eM\u0103r\u021bi\u0219or\u201d, din Sectorul 4, ar putea beneficia de mese \u00een timpul cursurilor - Buletin de Bucure\u0219ti","description":"Elevii \u0218colii Gimnaziale \u201eM\u0103r\u021bi\u0219or\u201d din Sectorul 4 ar putea beneficia de mese \u00een timpul cursurilor, potrivit unui proiect de hot\u0103r\u00e2re.","robots":{"index":"index","follow":"follow","max-snippet":"max-snippet:-1","max-image-preview":"max-image-preview:large","max-video-preview":"max-video-preview:-1"},"canonical":"https:\/\/buletin.de\/bucuresti\/elevii-scolii-gimnaziale-martisor-din-sectorul-4-ar-putea-beneficia-de-mese-in-timpul-cursurilor\/","og_locale":"en_GB","og_type":"article","og_title":"Elevii \u0218colii Gimnaziale \u201eM\u0103r\u021bi\u0219or\u201d, din Sectorul 4, ar putea beneficia de mese \u00een timpul cursurilor","og_description":"Elevii \u0218colii Gimnaziale \u201eM\u0103r\u021bi\u0219or\u201d din Sectorul 4 ar putea beneficia de mese \u00een timpul cursurilor, potrivit unui proiect de hot\u0103r\u00e2re.","og_url":"https:\/\/buletin.de\/bucuresti\/elevii-scolii-gimnaziale-martisor-din-sectorul-4-ar-putea-beneficia-de-mese-in-timpul-cursurilor\/","og_site_name":"Buletin de Bucure\u0219ti","article_publisher":"https:\/\/www.facebook.com\/buletin.de.buc","article_published_time":"2026-03-17T01:00:00+00:00","og_image":[{"width":2560,"height":1738,"url":"https:\/\/buletin.de\/bucuresti\/wp-content\/uploads\/2026\/03\/ID318142_INQUAM_Photos_Casian_Mitu-scaled.jpg","type":"image\/jpeg"}],"author":"Alexandru Stan","twitter_card":"summary_large_image","twitter_misc":{"Written by":"Alexandru Stan","Estimated reading time":"2 minutes"},"schema":{"@context":"https:\/\/schema.org","@graph":[{"@type":"Article","@id":"https:\/\/buletin.de\/bucuresti\/elevii-scolii-gimnaziale-martisor-din-sectorul-4-ar-putea-beneficia-de-mese-in-timpul-cursurilor\/#article","isPartOf":{"@id":"https:\/\/buletin.de\/bucuresti\/elevii-scolii-gimnaziale-martisor-din-sectorul-4-ar-putea-beneficia-de-mese-in-timpul-cursurilor\/"},"author":{"name":"Alexandru Stan","@id":"https:\/\/buletin.de\/bucuresti\/#\/schema\/person\/104a46bbe8be6e336fecf63974383951"},"headline":"Elevii \u0218colii Gimnaziale \u201eM\u0103r\u021bi\u0219or\u201d, din Sectorul 4, ar putea beneficia de mese \u00een timpul cursurilor","datePublished":"2026-03-17T01:00:00+00:00","mainEntityOfPage":{"@id":"https:\/\/buletin.de\/bucuresti\/elevii-scolii-gimnaziale-martisor-din-sectorul-4-ar-putea-beneficia-de-mese-in-timpul-cursurilor\/"},"wordCount":450,"publisher":{"@id":"https:\/\/buletin.de\/bucuresti\/#organization"},"image":{"@id":"https:\/\/buletin.de\/bucuresti\/elevii-scolii-gimnaziale-martisor-din-sectorul-4-ar-putea-beneficia-de-mese-in-timpul-cursurilor\/#primaryimage"},"thumbnailUrl":"https:\/\/buletin.de\/bucuresti\/wp-content\/uploads\/2026\/03\/ID318142_INQUAM_Photos_Casian_Mitu-scaled.jpg","keywords":["masa sanatoasa","\u0219coala gimnazial\u0103 m\u0103r\u021bi\u0219or","Sector 4"],"articleSection":["Articole","Prim\u0103rie","\u0218tiri"],"inLanguage":"en-GB","copyrightYear":"2026","copyrightHolder":{"@id":"https:\/\/buletin.de\/bucuresti\/#organization"}},{"@type":"WebPage","@id":"https:\/\/buletin.de\/bucuresti\/elevii-scolii-gimnaziale-martisor-din-sectorul-4-ar-putea-beneficia-de-mese-in-timpul-cursurilor\/","url":"https:\/\/buletin.de\/bucuresti\/elevii-scolii-gimnaziale-martisor-din-sectorul-4-ar-putea-beneficia-de-mese-in-timpul-cursurilor\/","name":"Elevii \u0218colii Gimnaziale \u201eM\u0103r\u021bi\u0219or\u201d, din Sectorul 4, ar putea beneficia de mese \u00een timpul cursurilor - Buletin de Bucure\u0219ti","isPartOf":{"@id":"https:\/\/buletin.de\/bucuresti\/#website"},"primaryImageOfPage":{"@id":"https:\/\/buletin.de\/bucuresti\/elevii-scolii-gimnaziale-martisor-din-sectorul-4-ar-putea-beneficia-de-mese-in-timpul-cursurilor\/#primaryimage"},"image":{"@id":"https:\/\/buletin.de\/bucuresti\/elevii-scolii-gimnaziale-martisor-din-sectorul-4-ar-putea-beneficia-de-mese-in-timpul-cursurilor\/#primaryimage"},"thumbnailUrl":"https:\/\/buletin.de\/bucuresti\/wp-content\/uploads\/2026\/03\/ID318142_INQUAM_Photos_Casian_Mitu-scaled.jpg","datePublished":"2026-03-17T01:00:00+00:00","description":"Elevii \u0218colii Gimnaziale \u201eM\u0103r\u021bi\u0219or\u201d din Sectorul 4 ar putea beneficia de mese \u00een timpul cursurilor, potrivit unui proiect de hot\u0103r\u00e2re.","breadcrumb":{"@id":"https:\/\/buletin.de\/bucuresti\/elevii-scolii-gimnaziale-martisor-din-sectorul-4-ar-putea-beneficia-de-mese-in-timpul-cursurilor\/#breadcrumb"},"inLanguage":"en-GB","potentialAction":[{"@type":"ReadAction","target":["https:\/\/buletin.de\/bucuresti\/elevii-scolii-gimnaziale-martisor-din-sectorul-4-ar-putea-beneficia-de-mese-in-timpul-cursurilor\/"]}]},{"@type":"ImageObject","inLanguage":"en-GB","@id":"https:\/\/buletin.de\/bucuresti\/elevii-scolii-gimnaziale-martisor-din-sectorul-4-ar-putea-beneficia-de-mese-in-timpul-cursurilor\/#primaryimage","url":"https:\/\/buletin.de\/bucuresti\/wp-content\/uploads\/2026\/03\/ID318142_INQUAM_Photos_Casian_Mitu-scaled.jpg","contentUrl":"https:\/\/buletin.de\/bucuresti\/wp-content\/uploads\/2026\/03\/ID318142_INQUAM_Photos_Casian_Mitu-scaled.jpg","width":2560,"height":1738,"caption":"Sector 4 | Elevii \u0218colii Gimnaziale \u201eM\u0103r\u021bi\u0219or\u201d ar putea beneficia de suport alimentar \u00een timpul cursurilor | FOTO: (ilustrativ) Inquam Photos \/ Casian Mitu"},{"@type":"BreadcrumbList","@id":"https:\/\/buletin.de\/bucuresti\/elevii-scolii-gimnaziale-martisor-din-sectorul-4-ar-putea-beneficia-de-mese-in-timpul-cursurilor\/#breadcrumb","itemListElement":[{"@type":"ListItem","position":1,"name":"Acas\u0103","item":"https:\/\/buletin.de\/bucuresti\/"},{"@type":"ListItem","position":2,"name":"Elevii \u0218colii Gimnaziale \u201eM\u0103r\u021bi\u0219or\u201d, din Sectorul 4, ar putea beneficia de mese \u00een timpul cursurilor"}]},{"@type":"WebSite","@id":"https:\/\/buletin.de\/bucuresti\/#website","url":"https:\/\/buletin.de\/bucuresti\/","name":"Buletin de Bucure\u0219ti","description":"\u0218tiri \u0219i investiga\u021bii esen\u021biale din capital\u0103","publisher":{"@id":"https:\/\/buletin.de\/bucuresti\/#organization"},"potentialAction":[{"@type":"SearchAction","target":{"@type":"EntryPoint","urlTemplate":"https:\/\/buletin.de\/bucuresti\/?s={search_term_string}"},"query-input":{"@type":"PropertyValueSpecification","valueRequired":true,"valueName":"search_term_string"}}],"inLanguage":"en-GB"},{"@type":"Organization","@id":"https:\/\/buletin.de\/bucuresti\/#organization","name":"Buletin de Bucure\u0219ti","url":"https:\/\/buletin.de\/bucuresti\/","logo":{"@type":"ImageObject","inLanguage":"en-GB","@id":"https:\/\/buletin.de\/bucuresti\/#\/schema\/logo\/image\/","url":"https:\/\/buletin.de\/bucuresti\/wp-content\/uploads\/logo-bdb-full-wide-vernil-transparent.png","contentUrl":"https:\/\/buletin.de\/bucuresti\/wp-content\/uploads\/logo-bdb-full-wide-vernil-transparent.png","width":1782,"height":626,"caption":"Buletin de Bucure\u0219ti"},"image":{"@id":"https:\/\/buletin.de\/bucuresti\/#\/schema\/logo\/image\/"},"sameAs":["https:\/\/www.facebook.com\/buletin.de.buc","https:\/\/www.instagram.com\/buletinde.bucuresti\/"]},{"@type":"Person","@id":"https:\/\/buletin.de\/bucuresti\/#\/schema\/person\/104a46bbe8be6e336fecf63974383951","name":"Alexandru Stan","image":{"@type":"ImageObject","inLanguage":"en-GB","@id":"https:\/\/buletin.de\/bucuresti\/wp-content\/uploads\/2025\/12\/IMG-20251216-WA0045-e1766134343668-96x96.jpgd0ca12809ae3e1d27116a2afe8926544","url":"https:\/\/buletin.de\/bucuresti\/wp-content\/uploads\/2025\/12\/IMG-20251216-WA0045-e1766134343668-96x96.jpg","contentUrl":"https:\/\/buletin.de\/bucuresti\/wp-content\/uploads\/2025\/12\/IMG-20251216-WA0045-e1766134343668-96x96.jpg","caption":"Alexandru Stan"},"description":"Sunt elev la un colegiu de prestigiu din Capital\u0103 \u0219i reporter la Buletin de Bucure\u0219ti. M-am n\u0103scut \u0219i am crescut cu m\u00e2ndrie \u00een Capital\u0103, ora\u0219 al pove\u0219tilor, al tramvaiului tras de cai \u0219i al c\u0103su\u021belor cu porti\u021b\u0103 \u0219i ci\u0219mea. Prin articolele mele, m\u0103 str\u0103duiesc s\u0103 descriu cu acurate\u021be via\u021ba din Bucure\u0219ti pe ecranele cititorilor no\u0219tri \u0219i \u00eencerc totodat\u0103 s\u0103 fac accesibile subiecte de interes general tuturor, de la mic la mare.","url":"https:\/\/buletin.de\/bucuresti\/author\/alexandru-stan\/"}]}},"authors":[{"term_id":22577,"user_id":61,"is_guest":0,"slug":"alexandru-stan","display_name":"Alexandru Stan","avatar_url":"https:\/\/buletin.de\/bucuresti\/wp-content\/uploads\/2025\/12\/IMG-20251216-WA0045-e1766134343668-96x96.jpg","0":null,"1":"","2":"","3":"","4":"","5":"","6":"","7":"","8":""}],"_links":{"self":[{"href":"https:\/\/buletin.de\/bucuresti\/wp-json\/wp\/v2\/posts\/180843","targetHints":{"allow":["GET"]}}],"collection":[{"href":"https:\/\/buletin.de\/bucuresti\/wp-json\/wp\/v2\/posts"}],"about":[{"href":"https:\/\/buletin.de\/bucuresti\/wp-json\/wp\/v2\/types\/post"}],"author":[{"embeddable":true,"href":"https:\/\/buletin.de\/bucuresti\/wp-json\/wp\/v2\/users\/61"}],"replies":[{"embeddable":true,"href":"https:\/\/buletin.de\/bucuresti\/wp-json\/wp\/v2\/comments?post=180843"}],"version-history":[{"count":5,"href":"https:\/\/buletin.de\/bucuresti\/wp-json\/wp\/v2\/posts\/180843\/revisions"}],"predecessor-version":[{"id":181028,"href":"https:\/\/buletin.de\/bucuresti\/wp-json\/wp\/v2\/posts\/180843\/revisions\/181028"}],"wp:featuredmedia":[{"embeddable":true,"href":"https:\/\/buletin.de\/bucuresti\/wp-json\/wp\/v2\/media\/181019"}],"wp:attachment":[{"href":"https:\/\/buletin.de\/bucuresti\/wp-json\/wp\/v2\/media?parent=180843"}],"wp:term":[{"taxonomy":"category","embeddable":true,"href":"https:\/\/buletin.de\/bucuresti\/wp-json\/wp\/v2\/categories?post=180843"},{"taxonomy":"post_tag","embeddable":true,"href":"https:\/\/buletin.de\/bucuresti\/wp-json\/wp\/v2\/tags?post=180843"},{"taxonomy":"author","embeddable":true,"href":"https:\/\/buletin.de\/bucuresti\/wp-json\/wp\/v2\/ppma_author?post=180843"}],"curies":[{"name":"wp","href":"https:\/\/api.w.org\/{rel}","templated":true}]}}