{"id":180821,"date":"2026-03-16T10:17:03","date_gmt":"2026-03-16T07:17:03","guid":{"rendered":"https:\/\/buletin.de\/bucuresti\/?p=180821"},"modified":"2026-03-16T10:42:52","modified_gmt":"2026-03-16T07:42:52","slug":"sector-4-programul-crestem-campioni-ar-putea-continua-la-berceni-arena-peste-1-300-de-copii-s-au-inscris-la-el-in-2025","status":"publish","type":"post","link":"https:\/\/buletin.de\/bucuresti\/sector-4-programul-crestem-campioni-ar-putea-continua-la-berceni-arena-peste-1-300-de-copii-s-au-inscris-la-el-in-2025\/","title":{"rendered":"Sector 4 | Programul \u201eCre\u0219tem Campioni\u201d ar putea continua la Berceni Arena. Peste 1.300 de copii s-au \u00eenscris \u00een 2025"},"content":{"rendered":"\n<p><strong>Un proiect de hot\u0103r\u00e2re privind continuarea programului \u201eCre\u0219tem campioni\u201d ar putea continua la Berceni Arena. Proiectul va fi dezb\u0103tut \u00een urm\u0103toarea \u0219edin\u021b\u0103 a Consiliului Local Sector 4. <\/strong><\/p>\n\n\n\n<p>Programul este destinat copiilor din sector \u0219i ofer\u0103 cursuri gratuite de ini\u021biere \u0219i perfec\u021bionare \u00een patinaj. Totodat\u0103, este un program ce are ca obiectiv promovarea activit\u0103\u021bilor sportive \u00een r\u00e2ndul copiilor \u0219i \u00eencurajarea unui stil de via\u021b\u0103 s\u0103n\u0103tos prin participarea la astfel de activit\u0103\u021bi. <\/p>\n\n\n\n<h2 class=\"wp-block-heading\" id=\"h-proiect-pentru-continuarea-programului-cre\u0219tem-campioni-la-berceni-arena\">Proiect pentru continuarea programului \u201eCre\u0219tem Campioni\u201d, la Berceni Arena <\/h2>\n\n\n\n<p>\u00cen 2025, <strong>peste 1.300 de copii <\/strong>au participat la <a href=\"https:\/\/buletin.de\/bucuresti\/programul-crestem-campioni-continua-la-berceni-arena-au-inceput-inscrierile-pentu-cea-de-a-patra-editie\/\" type=\"link\" id=\"https:\/\/buletin.de\/bucuresti\/programul-crestem-campioni-continua-la-berceni-arena-au-inceput-inscrierile-pentu-cea-de-a-patra-editie\/\" target=\"_blank\" rel=\"noreferrer noopener\">Programul \u201eCre\u0219tem Campioni\u201d<\/a>, lucru care scoate \u00een eviden\u021b\u0103 interesul crescut al comunit\u0103\u021bii pentru activit\u0103\u021bi sportive organizate.<\/p>\n\n\n\n<p>Acest program va r\u0103m\u00e2ne gratuit \u0219i va fi organizat \u00een cadrul Patinoarului Berceni Arena. Calendarul desf\u0103\u0219ur\u0103rii, condi\u021biile de participare \u0219i procedurile de \u00eenscriere vor fi stabilite de societatea Berceni Arena S.A., care administreaz\u0103 infrastructura sportiv\u0103. <\/p>\n\n\n\n<p>Potrivit documenta\u021biei <a href=\"https:\/\/ps4.ro\/wp-content\/uploads\/2026\/03\/af-pr-nr.15-11.03.2026.pdf\" type=\"link\" id=\"https:\/\/ps4.ro\/wp-content\/uploads\/2026\/03\/af-pr-nr.15-11.03.2026.pdf\" target=\"_blank\" rel=\"noreferrer noopener\">proiectului de hot\u0103r\u00e2re<\/a>, programul va fi structurat \u00een dou\u0103 etape, pentru a permite \u201eo evolu\u021bie fireasc\u0103 a copiilor \u00een procesul de \u00eenv\u0103\u021bare \u0219i practicare a patinajului pe ghea\u021b\u0103.\u201d<\/p>\n\n\n\n<p><strong>Prima etap\u0103 va cuprinde activit\u0103\u021bi de ini\u021biere \u00een patinaj \u0219i va fi adresat\u0103 copiilor cu domiciliu \u00een Sectorul 4.<\/strong> <em>\u201e\u00cen cadrul acestei etape, participan\u021bii vor dob\u00e2ndi no\u021biunile de baz\u0103 ale patinajului pe ghea\u021b\u0103, sub \u00eendrumarea antrenorilor, \u00eentr-un cadru organizat \u015fi adaptat nivelului de v\u00e2rst\u0103 \u015fi preg\u0103tire al copiilor.\u201d<\/em>, se precizeaz\u0103 \u00een referatul de aprobare. <\/p>\n\n\n\n<p><strong>A doua etap\u0103 vizeaz\u0103 extinderea programului \u00een zona perfec\u021bion\u0103rii patinajului pe ghea\u021b\u0103. <\/strong>Aceasta este destinat\u0103 copiilor care au parcurs etapa de ini\u021biere \u0219i au dob\u00e2ndit cuno\u0219tin\u021bele \u0219i deprinderile elementare ale acestui sport. <\/p>\n\n\n\n<p>Etapa a doua presupune organizarea unor activit\u0103\u021bi de preg\u0103tire cu un nivel mai ridicat de complexitate, orientate c\u0103tre consolidarea tehnicilor de patinaj. <\/p>\n\n\n\n<p>Proiectul va fi supus la vot \u00een \u0219edin\u021ba de joi, 19 martie, a Consiliului Local Sector 4. <\/p>\n\n\n\n<p>CITE\u0218TE \u0218I <a href=\"https:\/\/buletin.de\/bucuresti\/centru-cultural-multifunctional-la-teatrul-masca-investitia-de-peste-23-de-milioane-de-euro-se-dezbate-in-consiliul-local\/\" target=\"_blank\" rel=\"noreferrer noopener\">F\u0103r\u0103 aviz de securitate la incendiu \u0219i cu instala\u021bii \u00eenvechite. Teatrul Masca, programat \u201es\u0103 \u00eenghit\u0103\u201d 23 de milioane de euro<\/a><\/p>\n","protected":false},"excerpt":{"rendered":"<p>Un proiect de hot\u0103r\u00e2re privind continuarea programului \u201eCre\u0219tem campioni\u201d ar putea continua la Berceni Arena. Proiectul va fi dezb\u0103tut \u00een urm\u0103toarea \u0219edin\u021b\u0103 a Consiliului Local Sector 4. Programul este destinat copiilor din sector \u0219i ofer\u0103 cursuri gratuite de ini\u021biere \u0219i perfec\u021bionare \u00een patinaj. Totodat\u0103, este un program ce are ca obiectiv promovarea activit\u0103\u021bilor sportive \u00een [&hellip;]<\/p>\n","protected":false},"author":65,"featured_media":180828,"comment_status":"closed","ping_status":"open","sticky":false,"template":"","format":"standard","meta":{"_acf_changed":false,"inline_featured_image":false,"ngg_post_thumbnail":0,"footnotes":""},"categories":[6994,24,62],"tags":[10298,17647,765],"ppma_author":[23912],"class_list":["post-180821","post","type-post","status-publish","format-standard","has-post-thumbnail","hentry","category-stiri-2","category-primarie","category-stiri","tag-berceni-arena","tag-patinoar-berceni-arena","tag-sector-4"],"acf":[],"yoast_head":"<!-- This site is optimized with the Yoast SEO Premium plugin v25.3 (Yoast SEO v27.4) - https:\/\/yoast.com\/product\/yoast-seo-premium-wordpress\/ -->\n<title>Sector 4 | Programul \u201eCre\u0219tem Campioni\u201d ar putea continua la Berceni Arena. Peste 1.300 de copii s-au \u00eenscris \u00een 2025 - Buletin de Bucure\u0219ti<\/title>\n<meta name=\"description\" content=\"Un proiect de hot\u0103r\u00e2re privind continuarea programului \u201eCre\u0219tem campioni\u201d ar putea continua la Berceni Arena.\" \/>\n<meta name=\"robots\" content=\"index, follow, max-snippet:-1, max-image-preview:large, max-video-preview:-1\" \/>\n<link rel=\"canonical\" href=\"https:\/\/buletin.de\/bucuresti\/sector-4-programul-crestem-campioni-ar-putea-continua-la-berceni-arena-peste-1-300-de-copii-s-au-inscris-la-el-in-2025\/\" \/>\n<meta property=\"og:locale\" content=\"en_GB\" \/>\n<meta property=\"og:type\" content=\"article\" \/>\n<meta property=\"og:title\" content=\"Sector 4 | Programul \u201eCre\u0219tem Campioni\u201d ar putea continua la Berceni Arena. Peste 1.300 de copii s-au \u00eenscris \u00een 2025\" \/>\n<meta property=\"og:description\" content=\"Un proiect de hot\u0103r\u00e2re privind continuarea programului \u201eCre\u0219tem campioni\u201d ar putea continua la Berceni Arena.\" \/>\n<meta property=\"og:url\" content=\"https:\/\/buletin.de\/bucuresti\/sector-4-programul-crestem-campioni-ar-putea-continua-la-berceni-arena-peste-1-300-de-copii-s-au-inscris-la-el-in-2025\/\" \/>\n<meta property=\"og:site_name\" content=\"Buletin de Bucure\u0219ti\" \/>\n<meta property=\"article:publisher\" content=\"https:\/\/www.facebook.com\/buletin.de.buc\" \/>\n<meta property=\"article:published_time\" content=\"2026-03-16T07:17:03+00:00\" \/>\n<meta property=\"article:modified_time\" content=\"2026-03-16T07:42:52+00:00\" \/>\n<meta property=\"og:image\" content=\"https:\/\/buletin.de\/bucuresti\/wp-content\/uploads\/2026\/03\/ID274003_INQUAM_Photos_Bogdan_Buda-scaled-e1773645205227.jpg\" \/>\n\t<meta property=\"og:image:width\" content=\"2560\" \/>\n\t<meta property=\"og:image:height\" content=\"1395\" \/>\n\t<meta property=\"og:image:type\" content=\"image\/jpeg\" \/>\n<meta name=\"author\" content=\"Andreea St\u0103n\u0103r\u00eeng\u0103\" \/>\n<meta name=\"twitter:card\" content=\"summary_large_image\" \/>\n<meta name=\"twitter:label1\" content=\"Written by\" \/>\n\t<meta name=\"twitter:data1\" content=\"Andreea St\u0103n\u0103r\u00eeng\u0103\" \/>\n\t<meta name=\"twitter:label2\" content=\"Estimated reading time\" \/>\n\t<meta name=\"twitter:data2\" content=\"2 minutes\" \/>\n<script type=\"application\/ld+json\" class=\"yoast-schema-graph\">{\"@context\":\"https:\\\/\\\/schema.org\",\"@graph\":[{\"@type\":\"Article\",\"@id\":\"https:\\\/\\\/buletin.de\\\/bucuresti\\\/sector-4-programul-crestem-campioni-ar-putea-continua-la-berceni-arena-peste-1-300-de-copii-s-au-inscris-la-el-in-2025\\\/#article\",\"isPartOf\":{\"@id\":\"https:\\\/\\\/buletin.de\\\/bucuresti\\\/sector-4-programul-crestem-campioni-ar-putea-continua-la-berceni-arena-peste-1-300-de-copii-s-au-inscris-la-el-in-2025\\\/\"},\"author\":{\"name\":\"Andreea St\u0103n\u0103r\u00eeng\u0103\",\"@id\":\"https:\\\/\\\/buletin.de\\\/bucuresti\\\/#\\\/schema\\\/person\\\/81421a46fb84a0887cfd2238f5202586\"},\"headline\":\"Sector 4 | Programul \u201eCre\u0219tem Campioni\u201d ar putea continua la Berceni Arena. Peste 1.300 de copii s-au \u00eenscris \u00een 2025\",\"datePublished\":\"2026-03-16T07:17:03+00:00\",\"dateModified\":\"2026-03-16T07:42:52+00:00\",\"mainEntityOfPage\":{\"@id\":\"https:\\\/\\\/buletin.de\\\/bucuresti\\\/sector-4-programul-crestem-campioni-ar-putea-continua-la-berceni-arena-peste-1-300-de-copii-s-au-inscris-la-el-in-2025\\\/\"},\"wordCount\":373,\"publisher\":{\"@id\":\"https:\\\/\\\/buletin.de\\\/bucuresti\\\/#organization\"},\"image\":{\"@id\":\"https:\\\/\\\/buletin.de\\\/bucuresti\\\/sector-4-programul-crestem-campioni-ar-putea-continua-la-berceni-arena-peste-1-300-de-copii-s-au-inscris-la-el-in-2025\\\/#primaryimage\"},\"thumbnailUrl\":\"https:\\\/\\\/buletin.de\\\/bucuresti\\\/wp-content\\\/uploads\\\/2026\\\/03\\\/ID274003_INQUAM_Photos_Bogdan_Buda-scaled-e1773645205227.jpg\",\"keywords\":[\"Berceni Arena\",\"patinoar Berceni Arena\",\"Sector 4\"],\"articleSection\":[\"Articole\",\"Prim\u0103rie\",\"\u0218tiri\"],\"inLanguage\":\"en-GB\",\"copyrightYear\":\"2026\",\"copyrightHolder\":{\"@id\":\"https:\\\/\\\/buletin.de\\\/bucuresti\\\/#organization\"}},{\"@type\":\"WebPage\",\"@id\":\"https:\\\/\\\/buletin.de\\\/bucuresti\\\/sector-4-programul-crestem-campioni-ar-putea-continua-la-berceni-arena-peste-1-300-de-copii-s-au-inscris-la-el-in-2025\\\/\",\"url\":\"https:\\\/\\\/buletin.de\\\/bucuresti\\\/sector-4-programul-crestem-campioni-ar-putea-continua-la-berceni-arena-peste-1-300-de-copii-s-au-inscris-la-el-in-2025\\\/\",\"name\":\"Sector 4 | Programul \u201eCre\u0219tem Campioni\u201d ar putea continua la Berceni Arena. Peste 1.300 de copii s-au \u00eenscris \u00een 2025 - Buletin de Bucure\u0219ti\",\"isPartOf\":{\"@id\":\"https:\\\/\\\/buletin.de\\\/bucuresti\\\/#website\"},\"primaryImageOfPage\":{\"@id\":\"https:\\\/\\\/buletin.de\\\/bucuresti\\\/sector-4-programul-crestem-campioni-ar-putea-continua-la-berceni-arena-peste-1-300-de-copii-s-au-inscris-la-el-in-2025\\\/#primaryimage\"},\"image\":{\"@id\":\"https:\\\/\\\/buletin.de\\\/bucuresti\\\/sector-4-programul-crestem-campioni-ar-putea-continua-la-berceni-arena-peste-1-300-de-copii-s-au-inscris-la-el-in-2025\\\/#primaryimage\"},\"thumbnailUrl\":\"https:\\\/\\\/buletin.de\\\/bucuresti\\\/wp-content\\\/uploads\\\/2026\\\/03\\\/ID274003_INQUAM_Photos_Bogdan_Buda-scaled-e1773645205227.jpg\",\"datePublished\":\"2026-03-16T07:17:03+00:00\",\"dateModified\":\"2026-03-16T07:42:52+00:00\",\"description\":\"Un proiect de hot\u0103r\u00e2re privind continuarea programului \u201eCre\u0219tem campioni\u201d ar putea continua la Berceni Arena.\",\"breadcrumb\":{\"@id\":\"https:\\\/\\\/buletin.de\\\/bucuresti\\\/sector-4-programul-crestem-campioni-ar-putea-continua-la-berceni-arena-peste-1-300-de-copii-s-au-inscris-la-el-in-2025\\\/#breadcrumb\"},\"inLanguage\":\"en-GB\",\"potentialAction\":[{\"@type\":\"ReadAction\",\"target\":[\"https:\\\/\\\/buletin.de\\\/bucuresti\\\/sector-4-programul-crestem-campioni-ar-putea-continua-la-berceni-arena-peste-1-300-de-copii-s-au-inscris-la-el-in-2025\\\/\"]}]},{\"@type\":\"ImageObject\",\"inLanguage\":\"en-GB\",\"@id\":\"https:\\\/\\\/buletin.de\\\/bucuresti\\\/sector-4-programul-crestem-campioni-ar-putea-continua-la-berceni-arena-peste-1-300-de-copii-s-au-inscris-la-el-in-2025\\\/#primaryimage\",\"url\":\"https:\\\/\\\/buletin.de\\\/bucuresti\\\/wp-content\\\/uploads\\\/2026\\\/03\\\/ID274003_INQUAM_Photos_Bogdan_Buda-scaled-e1773645205227.jpg\",\"contentUrl\":\"https:\\\/\\\/buletin.de\\\/bucuresti\\\/wp-content\\\/uploads\\\/2026\\\/03\\\/ID274003_INQUAM_Photos_Bogdan_Buda-scaled-e1773645205227.jpg\",\"width\":2560,\"height\":1395,\"caption\":\"Programul \u201eCre\u0219tem Campioni\u201d ar putea continua la Berceni Arena. Foto: Inquam Photos \\\/ Bogdan Buda\"},{\"@type\":\"BreadcrumbList\",\"@id\":\"https:\\\/\\\/buletin.de\\\/bucuresti\\\/sector-4-programul-crestem-campioni-ar-putea-continua-la-berceni-arena-peste-1-300-de-copii-s-au-inscris-la-el-in-2025\\\/#breadcrumb\",\"itemListElement\":[{\"@type\":\"ListItem\",\"position\":1,\"name\":\"Acas\u0103\",\"item\":\"https:\\\/\\\/buletin.de\\\/bucuresti\\\/\"},{\"@type\":\"ListItem\",\"position\":2,\"name\":\"Sector 4 | Programul \u201eCre\u0219tem Campioni\u201d ar putea continua la Berceni Arena. Peste 1.300 de copii s-au \u00eenscris \u00een 2025\"}]},{\"@type\":\"WebSite\",\"@id\":\"https:\\\/\\\/buletin.de\\\/bucuresti\\\/#website\",\"url\":\"https:\\\/\\\/buletin.de\\\/bucuresti\\\/\",\"name\":\"Buletin de Bucure\u0219ti\",\"description\":\"\u0218tiri \u0219i investiga\u021bii esen\u021biale din capital\u0103\",\"publisher\":{\"@id\":\"https:\\\/\\\/buletin.de\\\/bucuresti\\\/#organization\"},\"potentialAction\":[{\"@type\":\"SearchAction\",\"target\":{\"@type\":\"EntryPoint\",\"urlTemplate\":\"https:\\\/\\\/buletin.de\\\/bucuresti\\\/?s={search_term_string}\"},\"query-input\":{\"@type\":\"PropertyValueSpecification\",\"valueRequired\":true,\"valueName\":\"search_term_string\"}}],\"inLanguage\":\"en-GB\"},{\"@type\":\"Organization\",\"@id\":\"https:\\\/\\\/buletin.de\\\/bucuresti\\\/#organization\",\"name\":\"Buletin de Bucure\u0219ti\",\"url\":\"https:\\\/\\\/buletin.de\\\/bucuresti\\\/\",\"logo\":{\"@type\":\"ImageObject\",\"inLanguage\":\"en-GB\",\"@id\":\"https:\\\/\\\/buletin.de\\\/bucuresti\\\/#\\\/schema\\\/logo\\\/image\\\/\",\"url\":\"https:\\\/\\\/buletin.de\\\/bucuresti\\\/wp-content\\\/uploads\\\/logo-bdb-full-wide-vernil-transparent.png\",\"contentUrl\":\"https:\\\/\\\/buletin.de\\\/bucuresti\\\/wp-content\\\/uploads\\\/logo-bdb-full-wide-vernil-transparent.png\",\"width\":1782,\"height\":626,\"caption\":\"Buletin de Bucure\u0219ti\"},\"image\":{\"@id\":\"https:\\\/\\\/buletin.de\\\/bucuresti\\\/#\\\/schema\\\/logo\\\/image\\\/\"},\"sameAs\":[\"https:\\\/\\\/www.facebook.com\\\/buletin.de.buc\",\"https:\\\/\\\/www.instagram.com\\\/buletinde.bucuresti\\\/\"]},{\"@type\":\"Person\",\"@id\":\"https:\\\/\\\/buletin.de\\\/bucuresti\\\/#\\\/schema\\\/person\\\/81421a46fb84a0887cfd2238f5202586\",\"name\":\"Andreea St\u0103n\u0103r\u00eeng\u0103\",\"image\":{\"@type\":\"ImageObject\",\"inLanguage\":\"en-GB\",\"@id\":\"https:\\\/\\\/secure.gravatar.com\\\/avatar\\\/dfa8d227a4388fad0f0bb03add04b5b176f4da34397dbb2eadc563b3d7162ce0?s=96&d=monsterid&r=g72784372b39ffe5a98a45288fe0d0e8a\",\"url\":\"https:\\\/\\\/secure.gravatar.com\\\/avatar\\\/dfa8d227a4388fad0f0bb03add04b5b176f4da34397dbb2eadc563b3d7162ce0?s=96&d=monsterid&r=g\",\"contentUrl\":\"https:\\\/\\\/secure.gravatar.com\\\/avatar\\\/dfa8d227a4388fad0f0bb03add04b5b176f4da34397dbb2eadc563b3d7162ce0?s=96&d=monsterid&r=g\",\"caption\":\"Andreea St\u0103n\u0103r\u00eeng\u0103\"},\"description\":\"Cu o experien\u021b\u0103 de peste 5 ani \u00een pres\u0103, face parte din echipa Buletin de Bucure\u0219ti din septembrie 2025. A colaborat cu c\u00e2teva publica\u021bii, printre care \u0219i Fanatik.ro, unde s-a ocupat de \u0219tiri de lifestyle \u0219i de actualitate. A f\u0103cut un pas c\u0103tre presa local\u0103 pentru a explora Bucure\u0219tiul \u0219i pove\u0219tile care merit\u0103 spuse.\",\"url\":\"https:\\\/\\\/buletin.de\\\/bucuresti\\\/author\\\/andreea-stanaranga\\\/\"}]}<\/script>\n<!-- \/ Yoast SEO Premium plugin. -->","yoast_head_json":{"title":"Sector 4 | Programul \u201eCre\u0219tem Campioni\u201d ar putea continua la Berceni Arena. Peste 1.300 de copii s-au \u00eenscris \u00een 2025 - Buletin de Bucure\u0219ti","description":"Un proiect de hot\u0103r\u00e2re privind continuarea programului \u201eCre\u0219tem campioni\u201d ar putea continua la Berceni Arena.","robots":{"index":"index","follow":"follow","max-snippet":"max-snippet:-1","max-image-preview":"max-image-preview:large","max-video-preview":"max-video-preview:-1"},"canonical":"https:\/\/buletin.de\/bucuresti\/sector-4-programul-crestem-campioni-ar-putea-continua-la-berceni-arena-peste-1-300-de-copii-s-au-inscris-la-el-in-2025\/","og_locale":"en_GB","og_type":"article","og_title":"Sector 4 | Programul \u201eCre\u0219tem Campioni\u201d ar putea continua la Berceni Arena. Peste 1.300 de copii s-au \u00eenscris \u00een 2025","og_description":"Un proiect de hot\u0103r\u00e2re privind continuarea programului \u201eCre\u0219tem campioni\u201d ar putea continua la Berceni Arena.","og_url":"https:\/\/buletin.de\/bucuresti\/sector-4-programul-crestem-campioni-ar-putea-continua-la-berceni-arena-peste-1-300-de-copii-s-au-inscris-la-el-in-2025\/","og_site_name":"Buletin de Bucure\u0219ti","article_publisher":"https:\/\/www.facebook.com\/buletin.de.buc","article_published_time":"2026-03-16T07:17:03+00:00","article_modified_time":"2026-03-16T07:42:52+00:00","og_image":[{"width":2560,"height":1395,"url":"https:\/\/buletin.de\/bucuresti\/wp-content\/uploads\/2026\/03\/ID274003_INQUAM_Photos_Bogdan_Buda-scaled-e1773645205227.jpg","type":"image\/jpeg"}],"author":"Andreea St\u0103n\u0103r\u00eeng\u0103","twitter_card":"summary_large_image","twitter_misc":{"Written by":"Andreea St\u0103n\u0103r\u00eeng\u0103","Estimated reading time":"2 minutes"},"schema":{"@context":"https:\/\/schema.org","@graph":[{"@type":"Article","@id":"https:\/\/buletin.de\/bucuresti\/sector-4-programul-crestem-campioni-ar-putea-continua-la-berceni-arena-peste-1-300-de-copii-s-au-inscris-la-el-in-2025\/#article","isPartOf":{"@id":"https:\/\/buletin.de\/bucuresti\/sector-4-programul-crestem-campioni-ar-putea-continua-la-berceni-arena-peste-1-300-de-copii-s-au-inscris-la-el-in-2025\/"},"author":{"name":"Andreea St\u0103n\u0103r\u00eeng\u0103","@id":"https:\/\/buletin.de\/bucuresti\/#\/schema\/person\/81421a46fb84a0887cfd2238f5202586"},"headline":"Sector 4 | Programul \u201eCre\u0219tem Campioni\u201d ar putea continua la Berceni Arena. Peste 1.300 de copii s-au \u00eenscris \u00een 2025","datePublished":"2026-03-16T07:17:03+00:00","dateModified":"2026-03-16T07:42:52+00:00","mainEntityOfPage":{"@id":"https:\/\/buletin.de\/bucuresti\/sector-4-programul-crestem-campioni-ar-putea-continua-la-berceni-arena-peste-1-300-de-copii-s-au-inscris-la-el-in-2025\/"},"wordCount":373,"publisher":{"@id":"https:\/\/buletin.de\/bucuresti\/#organization"},"image":{"@id":"https:\/\/buletin.de\/bucuresti\/sector-4-programul-crestem-campioni-ar-putea-continua-la-berceni-arena-peste-1-300-de-copii-s-au-inscris-la-el-in-2025\/#primaryimage"},"thumbnailUrl":"https:\/\/buletin.de\/bucuresti\/wp-content\/uploads\/2026\/03\/ID274003_INQUAM_Photos_Bogdan_Buda-scaled-e1773645205227.jpg","keywords":["Berceni Arena","patinoar Berceni Arena","Sector 4"],"articleSection":["Articole","Prim\u0103rie","\u0218tiri"],"inLanguage":"en-GB","copyrightYear":"2026","copyrightHolder":{"@id":"https:\/\/buletin.de\/bucuresti\/#organization"}},{"@type":"WebPage","@id":"https:\/\/buletin.de\/bucuresti\/sector-4-programul-crestem-campioni-ar-putea-continua-la-berceni-arena-peste-1-300-de-copii-s-au-inscris-la-el-in-2025\/","url":"https:\/\/buletin.de\/bucuresti\/sector-4-programul-crestem-campioni-ar-putea-continua-la-berceni-arena-peste-1-300-de-copii-s-au-inscris-la-el-in-2025\/","name":"Sector 4 | Programul \u201eCre\u0219tem Campioni\u201d ar putea continua la Berceni Arena. Peste 1.300 de copii s-au \u00eenscris \u00een 2025 - Buletin de Bucure\u0219ti","isPartOf":{"@id":"https:\/\/buletin.de\/bucuresti\/#website"},"primaryImageOfPage":{"@id":"https:\/\/buletin.de\/bucuresti\/sector-4-programul-crestem-campioni-ar-putea-continua-la-berceni-arena-peste-1-300-de-copii-s-au-inscris-la-el-in-2025\/#primaryimage"},"image":{"@id":"https:\/\/buletin.de\/bucuresti\/sector-4-programul-crestem-campioni-ar-putea-continua-la-berceni-arena-peste-1-300-de-copii-s-au-inscris-la-el-in-2025\/#primaryimage"},"thumbnailUrl":"https:\/\/buletin.de\/bucuresti\/wp-content\/uploads\/2026\/03\/ID274003_INQUAM_Photos_Bogdan_Buda-scaled-e1773645205227.jpg","datePublished":"2026-03-16T07:17:03+00:00","dateModified":"2026-03-16T07:42:52+00:00","description":"Un proiect de hot\u0103r\u00e2re privind continuarea programului \u201eCre\u0219tem campioni\u201d ar putea continua la Berceni Arena.","breadcrumb":{"@id":"https:\/\/buletin.de\/bucuresti\/sector-4-programul-crestem-campioni-ar-putea-continua-la-berceni-arena-peste-1-300-de-copii-s-au-inscris-la-el-in-2025\/#breadcrumb"},"inLanguage":"en-GB","potentialAction":[{"@type":"ReadAction","target":["https:\/\/buletin.de\/bucuresti\/sector-4-programul-crestem-campioni-ar-putea-continua-la-berceni-arena-peste-1-300-de-copii-s-au-inscris-la-el-in-2025\/"]}]},{"@type":"ImageObject","inLanguage":"en-GB","@id":"https:\/\/buletin.de\/bucuresti\/sector-4-programul-crestem-campioni-ar-putea-continua-la-berceni-arena-peste-1-300-de-copii-s-au-inscris-la-el-in-2025\/#primaryimage","url":"https:\/\/buletin.de\/bucuresti\/wp-content\/uploads\/2026\/03\/ID274003_INQUAM_Photos_Bogdan_Buda-scaled-e1773645205227.jpg","contentUrl":"https:\/\/buletin.de\/bucuresti\/wp-content\/uploads\/2026\/03\/ID274003_INQUAM_Photos_Bogdan_Buda-scaled-e1773645205227.jpg","width":2560,"height":1395,"caption":"Programul \u201eCre\u0219tem Campioni\u201d ar putea continua la Berceni Arena. Foto: Inquam Photos \/ Bogdan Buda"},{"@type":"BreadcrumbList","@id":"https:\/\/buletin.de\/bucuresti\/sector-4-programul-crestem-campioni-ar-putea-continua-la-berceni-arena-peste-1-300-de-copii-s-au-inscris-la-el-in-2025\/#breadcrumb","itemListElement":[{"@type":"ListItem","position":1,"name":"Acas\u0103","item":"https:\/\/buletin.de\/bucuresti\/"},{"@type":"ListItem","position":2,"name":"Sector 4 | Programul \u201eCre\u0219tem Campioni\u201d ar putea continua la Berceni Arena. Peste 1.300 de copii s-au \u00eenscris \u00een 2025"}]},{"@type":"WebSite","@id":"https:\/\/buletin.de\/bucuresti\/#website","url":"https:\/\/buletin.de\/bucuresti\/","name":"Buletin de Bucure\u0219ti","description":"\u0218tiri \u0219i investiga\u021bii esen\u021biale din capital\u0103","publisher":{"@id":"https:\/\/buletin.de\/bucuresti\/#organization"},"potentialAction":[{"@type":"SearchAction","target":{"@type":"EntryPoint","urlTemplate":"https:\/\/buletin.de\/bucuresti\/?s={search_term_string}"},"query-input":{"@type":"PropertyValueSpecification","valueRequired":true,"valueName":"search_term_string"}}],"inLanguage":"en-GB"},{"@type":"Organization","@id":"https:\/\/buletin.de\/bucuresti\/#organization","name":"Buletin de Bucure\u0219ti","url":"https:\/\/buletin.de\/bucuresti\/","logo":{"@type":"ImageObject","inLanguage":"en-GB","@id":"https:\/\/buletin.de\/bucuresti\/#\/schema\/logo\/image\/","url":"https:\/\/buletin.de\/bucuresti\/wp-content\/uploads\/logo-bdb-full-wide-vernil-transparent.png","contentUrl":"https:\/\/buletin.de\/bucuresti\/wp-content\/uploads\/logo-bdb-full-wide-vernil-transparent.png","width":1782,"height":626,"caption":"Buletin de Bucure\u0219ti"},"image":{"@id":"https:\/\/buletin.de\/bucuresti\/#\/schema\/logo\/image\/"},"sameAs":["https:\/\/www.facebook.com\/buletin.de.buc","https:\/\/www.instagram.com\/buletinde.bucuresti\/"]},{"@type":"Person","@id":"https:\/\/buletin.de\/bucuresti\/#\/schema\/person\/81421a46fb84a0887cfd2238f5202586","name":"Andreea St\u0103n\u0103r\u00eeng\u0103","image":{"@type":"ImageObject","inLanguage":"en-GB","@id":"https:\/\/secure.gravatar.com\/avatar\/dfa8d227a4388fad0f0bb03add04b5b176f4da34397dbb2eadc563b3d7162ce0?s=96&d=monsterid&r=g72784372b39ffe5a98a45288fe0d0e8a","url":"https:\/\/secure.gravatar.com\/avatar\/dfa8d227a4388fad0f0bb03add04b5b176f4da34397dbb2eadc563b3d7162ce0?s=96&d=monsterid&r=g","contentUrl":"https:\/\/secure.gravatar.com\/avatar\/dfa8d227a4388fad0f0bb03add04b5b176f4da34397dbb2eadc563b3d7162ce0?s=96&d=monsterid&r=g","caption":"Andreea St\u0103n\u0103r\u00eeng\u0103"},"description":"Cu o experien\u021b\u0103 de peste 5 ani \u00een pres\u0103, face parte din echipa Buletin de Bucure\u0219ti din septembrie 2025. A colaborat cu c\u00e2teva publica\u021bii, printre care \u0219i Fanatik.ro, unde s-a ocupat de \u0219tiri de lifestyle \u0219i de actualitate. A f\u0103cut un pas c\u0103tre presa local\u0103 pentru a explora Bucure\u0219tiul \u0219i pove\u0219tile care merit\u0103 spuse.","url":"https:\/\/buletin.de\/bucuresti\/author\/andreea-stanaranga\/"}]}},"authors":[{"term_id":23912,"user_id":65,"is_guest":0,"slug":"andreea-stanaranga","display_name":"Andreea St\u0103n\u0103r\u00eeng\u0103","avatar_url":"https:\/\/secure.gravatar.com\/avatar\/dfa8d227a4388fad0f0bb03add04b5b176f4da34397dbb2eadc563b3d7162ce0?s=96&d=monsterid&r=g","0":null,"1":"","2":"","3":"","4":"","5":"","6":"","7":"","8":""}],"_links":{"self":[{"href":"https:\/\/buletin.de\/bucuresti\/wp-json\/wp\/v2\/posts\/180821","targetHints":{"allow":["GET"]}}],"collection":[{"href":"https:\/\/buletin.de\/bucuresti\/wp-json\/wp\/v2\/posts"}],"about":[{"href":"https:\/\/buletin.de\/bucuresti\/wp-json\/wp\/v2\/types\/post"}],"author":[{"embeddable":true,"href":"https:\/\/buletin.de\/bucuresti\/wp-json\/wp\/v2\/users\/65"}],"replies":[{"embeddable":true,"href":"https:\/\/buletin.de\/bucuresti\/wp-json\/wp\/v2\/comments?post=180821"}],"version-history":[{"count":9,"href":"https:\/\/buletin.de\/bucuresti\/wp-json\/wp\/v2\/posts\/180821\/revisions"}],"predecessor-version":[{"id":180840,"href":"https:\/\/buletin.de\/bucuresti\/wp-json\/wp\/v2\/posts\/180821\/revisions\/180840"}],"wp:featuredmedia":[{"embeddable":true,"href":"https:\/\/buletin.de\/bucuresti\/wp-json\/wp\/v2\/media\/180828"}],"wp:attachment":[{"href":"https:\/\/buletin.de\/bucuresti\/wp-json\/wp\/v2\/media?parent=180821"}],"wp:term":[{"taxonomy":"category","embeddable":true,"href":"https:\/\/buletin.de\/bucuresti\/wp-json\/wp\/v2\/categories?post=180821"},{"taxonomy":"post_tag","embeddable":true,"href":"https:\/\/buletin.de\/bucuresti\/wp-json\/wp\/v2\/tags?post=180821"},{"taxonomy":"author","embeddable":true,"href":"https:\/\/buletin.de\/bucuresti\/wp-json\/wp\/v2\/ppma_author?post=180821"}],"curies":[{"name":"wp","href":"https:\/\/api.w.org\/{rel}","templated":true}]}}