{"id":180797,"date":"2026-03-16T06:42:19","date_gmt":"2026-03-16T03:42:19","guid":{"rendered":"https:\/\/buletin.de\/bucuresti\/?p=180797"},"modified":"2026-03-16T14:30:14","modified_gmt":"2026-03-16T11:30:14","slug":"cine-este-noua-consiliera-generala-care-l-a-salvat-pe-ciprian-ciucu","status":"publish","type":"post","link":"https:\/\/buletin.de\/bucuresti\/cine-este-noua-consiliera-generala-care-l-a-salvat-pe-ciprian-ciucu\/","title":{"rendered":"Cine este noua consilier\u0103 general\u0103 care l-a \u201esalvat\u201d pe Ciprian Ciucu. \u201eEste dificil s\u0103 primesc aceast\u0103 func\u021bie cu bucurie\u201d"},"content":{"rendered":"\n<p><strong>Dup\u0103 mai bine de o lun\u0103 \u00een care \u0219edin\u021bele Consiliului General al Municipiului Bucure\u0219ti (CGMB) au fost blocate din lips\u0103 de cvorum, depunerea jur\u0103m\u00e2ntului de c\u0103tre Georgiana Di\u021b\u0103 a schimbat balan\u021ba de for\u021be din Consiliu. Intrarea ei \u00een CGMB vine \u00eentr-un moment politic tensionat, \u00een care fiecare vot poate schimba echilibrul de putere. Depunerea jur\u0103m\u00e2ntului de c\u0103tre consiliera REPER a contribuit la conturarea unei noi majorit\u0103\u021bi, care a permis adoptarea mai multor proiecte blocate de luni de zile \u00een Consiliu.<\/strong><\/p>\n\n\n\n<p>Noua consilier\u0103 general\u0103 din partea <a href=\"https:\/\/bucuresti.partidulreper.ro\/georgiana-dita\/\">REPER <\/a>\u00eel \u00eenlocuie\u0219te pe colegul de partid care a decedat \u00een urm\u0103 cu c\u00e2teva luni \u0219i a depus jur\u0103m\u00e2ntul \u00een \u0219edin\u021ba Consiliului General de vineri, 13 martie.<\/p>\n\n\n\n<p>\u00cen profilul profesional, Georgiana Di\u021b\u0103 spune c\u0103 este interesat\u0103 de transparen\u021ba administra\u021biei, digitalizarea serviciilor publice \u0219i \u201epolitici urbane bazate pe eficien\u021b\u0103 \u0219i responsabilitate\u201d.<\/p>\n\n\n\n<p>Printre temele pe care afirm\u0103 c\u0103 vrea s\u0103 le promoveze se num\u0103r\u0103 \u0219i bun\u0103starea copiilor, problemele de mediu \u0219i egalitatea de \u0219anse.<\/p>\n\n\n\n<p><strong>CITE\u0218TE \u0218I:<\/strong> <strong><a href=\"https:\/\/buletin.de\/bucuresti\/sedinta-maraton-la-cgmb-ciucu-si-psd-deblocheaza-proiectele-dupa-sase-ore-de-negocieri-si-trocuri-politice\/\">\u0218edin\u021b\u0103-maraton la CGMB: Proiectele Capitalei trec dup\u0103 \u0219ase ore \u0219i o schimbare de majoritate<\/a><\/strong><\/p>\n\n\n\n<h2 class=\"wp-block-heading\" id=\"h-este-dificil-sa-primesc-aceasta-func\u021bie-cu-bucurie\">\u201eEste dificil s\u0103 primesc aceast\u0103 func\u021bie cu bucurie\u201d<\/h2>\n\n\n\n<p>Georgiana Di\u021b\u0103 a spus, pentru Buletin de Bucure\u0219ti, c\u0103 preluarea mandatului de consilier general vine \u00eentr-un moment dificil.<\/p>\n\n\n\n<p><em>\u201e<strong>Este dificil pentru mine s\u0103 primesc aceast\u0103 func\u021bie cu bucurie, pentru c\u0103 ea vine dup\u0103 decesul unui coleg drag. <a href=\"https:\/\/www.facebook.com\/partidulREPER\/photos\/colegul-nostru-cezar-cobianu-consilier-general-reper-este-invitat-la-canal33-%C3%AEnt\/789410543797634\/?_rdr\">Cezar Adrian Cobianu<\/a> a fost pentru mine un mentor \u0219i unul dintre oamenii care m-au sprijinit \u0219i m-au \u00eencurajat pe parcurs<\/strong>\u201d<\/em>, a declarat ea.<\/p>\n\n\n\n<p>Noua consilier\u0103 a spus c\u0103 leg\u0103tura sa cu Capitala este una personal\u0103, fiind n\u0103scut\u0103 \u0219i crescut\u0103 \u00een Bucure\u0219ti.<\/p>\n\n\n\n<p><em>\u201eBucure\u0219tiul este ora\u0219ul \u00een care m-am n\u0103scut, am crescut, am jucat \u0219otronul \u0219i am tr\u0103it deopotriv\u0103 momente frumoase, reu\u0219ite \u0219i e\u0219ecuri. De aceea, pentru mine, leg\u0103tura cu acest ora\u0219 este una foarte personal\u0103\u201d<\/em>, a mai spus ea.<\/p>\n\n\n\n<p>Di\u021b\u0103 a mai afirmat c\u0103 intr\u0103 \u00een Consiliul General \u00eentr-un moment \u00een care administra\u021bia are nevoie de \u201estabilitate\u201d.<\/p>\n\n\n\n<p><em>\u201eAm depus jur\u0103m\u00e2ntul \u00eentr-un moment \u00een care avem nevoie de stabilitate \u0219i de lucru pe fond. <strong>Nu vin \u00een Consiliul General al Municipiului Bucure\u0219ti pentru conflict politic,<\/strong> ci pentru decizii corecte pentru Bucure\u0219ti: transparen\u021b\u0103, control real asupra modului \u00een care sunt cheltui\u021bi banii publici \u0219i servicii publice care func\u021bioneaz\u0103 pentru bucure\u0219teni\u201d<\/em>.<\/p>\n\n\n\n<h2 class=\"wp-block-heading\" id=\"h-economista-cu-experien\u021ba-in-it-\u0219i-antreprenoriat\">Economist\u0103 cu experien\u021b\u0103 \u00een IT \u0219i antreprenoriat<\/h2>\n\n\n\n<p>Noua consilier\u0103 a mai candidat la ultimele alegeri la Consiliul Local Sector 1, dar \u0219i pentru func\u021bia de deputat de Sibiu, tot pe listele REPER.<\/p>\n\n\n\n<p>Potrivit CV-ului s\u0103u, Georgiana Di\u021b\u0103 este economist\u0103, absolvent\u0103 a Universitat\u0103\u021bii Titu Maiorescu, cu licen\u021b\u0103 \u00een Contabilitate \u0219i Informatic\u0103 de Gestiune.<\/p>\n\n\n\n<p>\u00cenainte de intrarea \u00een administra\u021bia public\u0103 local\u0103, ea a lucrat mai bine de 15 ani la privat, \u00een domeniul IT \u0219i al managementului.<\/p>\n\n\n\n<p>\u00centre 2011 \u0219i 2017 a fost Infrastructure &amp; Online Services Engineer la Ubisoft, unde a lucrat \u00een echipe interna\u021bionale responsabile de operarea infrastructurii online pentru jocurile companiei.<\/p>\n\n\n\n<p>Activitatea ei a inclus gestionarea incidentelor tehnice, coordonarea proceselor opera\u021bionale \u0219i colaborarea cu echipele de dezvoltare pentru men\u021binerea serviciilor online la nivel global.<\/p>\n\n\n\n<h2 class=\"wp-block-heading\" id=\"h-antreprenoare-in-educa\u021bie\">Antreprenoare \u00een educa\u021bie<\/h2>\n\n\n\n<p>Din 2012, Di\u021b\u0103 este antreprenoare \u0219i coordoneaz\u0103 o organiza\u021bie educa\u021bional\u0103 privat\u0103 din Bucure\u0219ti, axat\u0103 pe educa\u021bie timpurie \u0219i programe afterschool.<\/p>\n\n\n\n<p>\u00cen ultimii ani a fost implicat\u0103 \u0219i \u00eentr-un proiect dedicat competen\u021belor digitale. \u00centre 2022 \u0219i 2025 a fost co-fondatoare a UdeviT Academy, o ini\u021biativ\u0103 care a organizat cursuri gratuite de formare \u00een IT \u0219i orientare profesional\u0103 pentru persoane interesate de reconversie profesional\u0103.<\/p>\n\n\n\n<p>De asemenea, noua consilier\u0103 general\u0103 a men\u021bionat \u00een CV c\u0103 vorbe\u0219te englez\u0103 fluent, dar \u0219i spaniol\u0103 \u0219i francez\u0103 la nivel conversa\u021bional.<\/p>\n\n\n\n<p><strong>CITE\u0218TE \u0218I:<\/strong> <strong><a href=\"https:\/\/buletin.de\/bucuresti\/editorial-reper-balamaua-bucurestiului-partidul-care-i-a-facut-primari-pe-tuta-si-hopinca-il-sustine-pe-ciucu-la-pmb\/\">EDITORIAL | REPER, \u201ebalamaua\u201d Bucure\u0219tiului. Partidul care i-a f\u0103cut primari pe Tu\u021b\u0103 \u0219i Hopinc\u0103 \u00eel sus\u021bine pe Ciucu la PMB<\/a><\/strong><\/p>\n\n\n\n<p><\/p>\n\n\n\n<p><\/p>\n\n\n\n<p><\/p>\n","protected":false},"excerpt":{"rendered":"<p>Dup\u0103 mai bine de o lun\u0103 \u00een care \u0219edin\u021bele Consiliului General al Municipiului Bucure\u0219ti (CGMB) au fost blocate din lips\u0103 de cvorum, depunerea jur\u0103m\u00e2ntului de c\u0103tre Georgiana Di\u021b\u0103 a schimbat balan\u021ba de for\u021be din Consiliu. Intrarea ei \u00een CGMB vine \u00eentr-un moment politic tensionat, \u00een care fiecare vot poate schimba echilibrul de putere. Depunerea jur\u0103m\u00e2ntului [&hellip;]<\/p>\n","protected":false},"author":59,"featured_media":180799,"comment_status":"closed","ping_status":"open","sticky":false,"template":"","format":"standard","meta":{"_acf_changed":false,"inline_featured_image":false,"ngg_post_thumbnail":0,"footnotes":""},"categories":[6994,5762,9025,24],"tags":[9,148,959,15390],"ppma_author":[22572],"class_list":["post-180797","post","type-post","status-publish","format-standard","has-post-thumbnail","hentry","category-stiri-2","category-main","category-politic","category-primarie","tag-bucuresti","tag-cgmb","tag-consiliu-general","tag-reper"],"acf":[],"yoast_head":"<!-- This site is optimized with the Yoast SEO Premium plugin v25.3 (Yoast SEO v27.4) - https:\/\/yoast.com\/product\/yoast-seo-premium-wordpress\/ -->\n<title>Cine este noua consilier\u0103 general\u0103 care l-a \u201esalvat\u201d pe Ciprian Ciucu. \u201eEste dificil s\u0103 primesc aceast\u0103 func\u021bie cu bucurie\u201d - Buletin de Bucure\u0219ti<\/title>\n<meta name=\"description\" content=\"Cine este noua consilier\u0103 general\u0103 care l-a \u201esalvat\u201d pe Ciprian Ciucu. Georgiana Di\u021b\u0103: \u201eEste dificil s\u0103 primesc aceast\u0103 func\u021bie cu bucurie\u201d\" \/>\n<meta name=\"robots\" content=\"index, follow, max-snippet:-1, max-image-preview:large, max-video-preview:-1\" \/>\n<link rel=\"canonical\" href=\"https:\/\/buletin.de\/bucuresti\/cine-este-noua-consiliera-generala-care-l-a-salvat-pe-ciprian-ciucu\/\" \/>\n<meta property=\"og:locale\" content=\"en_GB\" \/>\n<meta property=\"og:type\" content=\"article\" \/>\n<meta property=\"og:title\" content=\"Cine este noua consilier\u0103 general\u0103 care l-a \u201esalvat\u201d pe Ciprian Ciucu. \u201eEste dificil s\u0103 primesc aceast\u0103 func\u021bie cu bucurie\u201d\" \/>\n<meta property=\"og:description\" content=\"Cine este noua consilier\u0103 general\u0103 care l-a \u201esalvat\u201d pe Ciprian Ciucu. Georgiana Di\u021b\u0103: \u201eEste dificil s\u0103 primesc aceast\u0103 func\u021bie cu bucurie\u201d\" \/>\n<meta property=\"og:url\" content=\"https:\/\/buletin.de\/bucuresti\/cine-este-noua-consiliera-generala-care-l-a-salvat-pe-ciprian-ciucu\/\" \/>\n<meta property=\"og:site_name\" content=\"Buletin de Bucure\u0219ti\" \/>\n<meta property=\"article:publisher\" content=\"https:\/\/www.facebook.com\/buletin.de.buc\" \/>\n<meta property=\"article:published_time\" content=\"2026-03-16T03:42:19+00:00\" \/>\n<meta property=\"article:modified_time\" content=\"2026-03-16T11:30:14+00:00\" \/>\n<meta property=\"og:image\" content=\"https:\/\/buletin.de\/bucuresti\/wp-content\/uploads\/2026\/03\/650999037_917091024402471_7909421515499801168_n.jpg\" \/>\n\t<meta property=\"og:image:width\" content=\"1073\" \/>\n\t<meta property=\"og:image:height\" content=\"805\" \/>\n\t<meta property=\"og:image:type\" content=\"image\/jpeg\" \/>\n<meta name=\"author\" content=\"C\u0103t\u0103lin Anghel-Dimache\" \/>\n<meta name=\"twitter:card\" content=\"summary_large_image\" \/>\n<meta name=\"twitter:label1\" content=\"Written by\" \/>\n\t<meta name=\"twitter:data1\" content=\"C\u0103t\u0103lin Anghel-Dimache\" \/>\n\t<meta name=\"twitter:label2\" content=\"Estimated reading time\" \/>\n\t<meta name=\"twitter:data2\" content=\"3 minutes\" \/>\n<script type=\"application\/ld+json\" class=\"yoast-schema-graph\">{\"@context\":\"https:\\\/\\\/schema.org\",\"@graph\":[{\"@type\":\"Article\",\"@id\":\"https:\\\/\\\/buletin.de\\\/bucuresti\\\/cine-este-noua-consiliera-generala-care-l-a-salvat-pe-ciprian-ciucu\\\/#article\",\"isPartOf\":{\"@id\":\"https:\\\/\\\/buletin.de\\\/bucuresti\\\/cine-este-noua-consiliera-generala-care-l-a-salvat-pe-ciprian-ciucu\\\/\"},\"author\":{\"name\":\"C\u0103t\u0103lin Anghel-Dimache\",\"@id\":\"https:\\\/\\\/buletin.de\\\/bucuresti\\\/#\\\/schema\\\/person\\\/0ac9db30080482be87c7386a30f98796\"},\"headline\":\"Cine este noua consilier\u0103 general\u0103 care l-a \u201esalvat\u201d pe Ciprian Ciucu. \u201eEste dificil s\u0103 primesc aceast\u0103 func\u021bie cu bucurie\u201d\",\"datePublished\":\"2026-03-16T03:42:19+00:00\",\"dateModified\":\"2026-03-16T11:30:14+00:00\",\"mainEntityOfPage\":{\"@id\":\"https:\\\/\\\/buletin.de\\\/bucuresti\\\/cine-este-noua-consiliera-generala-care-l-a-salvat-pe-ciprian-ciucu\\\/\"},\"wordCount\":674,\"publisher\":{\"@id\":\"https:\\\/\\\/buletin.de\\\/bucuresti\\\/#organization\"},\"image\":{\"@id\":\"https:\\\/\\\/buletin.de\\\/bucuresti\\\/cine-este-noua-consiliera-generala-care-l-a-salvat-pe-ciprian-ciucu\\\/#primaryimage\"},\"thumbnailUrl\":\"https:\\\/\\\/buletin.de\\\/bucuresti\\\/wp-content\\\/uploads\\\/2026\\\/03\\\/650999037_917091024402471_7909421515499801168_n.jpg\",\"keywords\":[\"bucuresti\",\"cgmb\",\"consiliu general\",\"reper\"],\"articleSection\":[\"Articole\",\"Main\",\"Politic\",\"Prim\u0103rie\"],\"inLanguage\":\"en-GB\",\"copyrightYear\":\"2026\",\"copyrightHolder\":{\"@id\":\"https:\\\/\\\/buletin.de\\\/bucuresti\\\/#organization\"}},{\"@type\":\"WebPage\",\"@id\":\"https:\\\/\\\/buletin.de\\\/bucuresti\\\/cine-este-noua-consiliera-generala-care-l-a-salvat-pe-ciprian-ciucu\\\/\",\"url\":\"https:\\\/\\\/buletin.de\\\/bucuresti\\\/cine-este-noua-consiliera-generala-care-l-a-salvat-pe-ciprian-ciucu\\\/\",\"name\":\"Cine este noua consilier\u0103 general\u0103 care l-a \u201esalvat\u201d pe Ciprian Ciucu. \u201eEste dificil s\u0103 primesc aceast\u0103 func\u021bie cu bucurie\u201d - Buletin de Bucure\u0219ti\",\"isPartOf\":{\"@id\":\"https:\\\/\\\/buletin.de\\\/bucuresti\\\/#website\"},\"primaryImageOfPage\":{\"@id\":\"https:\\\/\\\/buletin.de\\\/bucuresti\\\/cine-este-noua-consiliera-generala-care-l-a-salvat-pe-ciprian-ciucu\\\/#primaryimage\"},\"image\":{\"@id\":\"https:\\\/\\\/buletin.de\\\/bucuresti\\\/cine-este-noua-consiliera-generala-care-l-a-salvat-pe-ciprian-ciucu\\\/#primaryimage\"},\"thumbnailUrl\":\"https:\\\/\\\/buletin.de\\\/bucuresti\\\/wp-content\\\/uploads\\\/2026\\\/03\\\/650999037_917091024402471_7909421515499801168_n.jpg\",\"datePublished\":\"2026-03-16T03:42:19+00:00\",\"dateModified\":\"2026-03-16T11:30:14+00:00\",\"description\":\"Cine este noua consilier\u0103 general\u0103 care l-a \u201esalvat\u201d pe Ciprian Ciucu. Georgiana Di\u021b\u0103: \u201eEste dificil s\u0103 primesc aceast\u0103 func\u021bie cu bucurie\u201d\",\"breadcrumb\":{\"@id\":\"https:\\\/\\\/buletin.de\\\/bucuresti\\\/cine-este-noua-consiliera-generala-care-l-a-salvat-pe-ciprian-ciucu\\\/#breadcrumb\"},\"inLanguage\":\"en-GB\",\"potentialAction\":[{\"@type\":\"ReadAction\",\"target\":[\"https:\\\/\\\/buletin.de\\\/bucuresti\\\/cine-este-noua-consiliera-generala-care-l-a-salvat-pe-ciprian-ciucu\\\/\"]}]},{\"@type\":\"ImageObject\",\"inLanguage\":\"en-GB\",\"@id\":\"https:\\\/\\\/buletin.de\\\/bucuresti\\\/cine-este-noua-consiliera-generala-care-l-a-salvat-pe-ciprian-ciucu\\\/#primaryimage\",\"url\":\"https:\\\/\\\/buletin.de\\\/bucuresti\\\/wp-content\\\/uploads\\\/2026\\\/03\\\/650999037_917091024402471_7909421515499801168_n.jpg\",\"contentUrl\":\"https:\\\/\\\/buletin.de\\\/bucuresti\\\/wp-content\\\/uploads\\\/2026\\\/03\\\/650999037_917091024402471_7909421515499801168_n.jpg\",\"width\":1073,\"height\":805,\"caption\":\"Cine este noua consilier\u0103 general\u0103 care l-a \u201esalvat\u201d pe Ciprian Ciucu. Foto: FB \\\/ REPER\"},{\"@type\":\"BreadcrumbList\",\"@id\":\"https:\\\/\\\/buletin.de\\\/bucuresti\\\/cine-este-noua-consiliera-generala-care-l-a-salvat-pe-ciprian-ciucu\\\/#breadcrumb\",\"itemListElement\":[{\"@type\":\"ListItem\",\"position\":1,\"name\":\"Acas\u0103\",\"item\":\"https:\\\/\\\/buletin.de\\\/bucuresti\\\/\"},{\"@type\":\"ListItem\",\"position\":2,\"name\":\"Cine este noua consilier\u0103 general\u0103 care l-a \u201esalvat\u201d pe Ciprian Ciucu. \u201eEste dificil s\u0103 primesc aceast\u0103 func\u021bie cu bucurie\u201d\"}]},{\"@type\":\"WebSite\",\"@id\":\"https:\\\/\\\/buletin.de\\\/bucuresti\\\/#website\",\"url\":\"https:\\\/\\\/buletin.de\\\/bucuresti\\\/\",\"name\":\"Buletin de Bucure\u0219ti\",\"description\":\"\u0218tiri \u0219i investiga\u021bii esen\u021biale din capital\u0103\",\"publisher\":{\"@id\":\"https:\\\/\\\/buletin.de\\\/bucuresti\\\/#organization\"},\"potentialAction\":[{\"@type\":\"SearchAction\",\"target\":{\"@type\":\"EntryPoint\",\"urlTemplate\":\"https:\\\/\\\/buletin.de\\\/bucuresti\\\/?s={search_term_string}\"},\"query-input\":{\"@type\":\"PropertyValueSpecification\",\"valueRequired\":true,\"valueName\":\"search_term_string\"}}],\"inLanguage\":\"en-GB\"},{\"@type\":\"Organization\",\"@id\":\"https:\\\/\\\/buletin.de\\\/bucuresti\\\/#organization\",\"name\":\"Buletin de Bucure\u0219ti\",\"url\":\"https:\\\/\\\/buletin.de\\\/bucuresti\\\/\",\"logo\":{\"@type\":\"ImageObject\",\"inLanguage\":\"en-GB\",\"@id\":\"https:\\\/\\\/buletin.de\\\/bucuresti\\\/#\\\/schema\\\/logo\\\/image\\\/\",\"url\":\"https:\\\/\\\/buletin.de\\\/bucuresti\\\/wp-content\\\/uploads\\\/logo-bdb-full-wide-vernil-transparent.png\",\"contentUrl\":\"https:\\\/\\\/buletin.de\\\/bucuresti\\\/wp-content\\\/uploads\\\/logo-bdb-full-wide-vernil-transparent.png\",\"width\":1782,\"height\":626,\"caption\":\"Buletin de Bucure\u0219ti\"},\"image\":{\"@id\":\"https:\\\/\\\/buletin.de\\\/bucuresti\\\/#\\\/schema\\\/logo\\\/image\\\/\"},\"sameAs\":[\"https:\\\/\\\/www.facebook.com\\\/buletin.de.buc\",\"https:\\\/\\\/www.instagram.com\\\/buletinde.bucuresti\\\/\"]},{\"@type\":\"Person\",\"@id\":\"https:\\\/\\\/buletin.de\\\/bucuresti\\\/#\\\/schema\\\/person\\\/0ac9db30080482be87c7386a30f98796\",\"name\":\"C\u0103t\u0103lin Anghel-Dimache\",\"image\":{\"@type\":\"ImageObject\",\"inLanguage\":\"en-GB\",\"@id\":\"https:\\\/\\\/buletin.de\\\/bucuresti\\\/wp-content\\\/uploads\\\/Catalin-Anghel-Dimache-96x96.jpgbd9e43c5b25186d5b8e917ac61ad86c4\",\"url\":\"https:\\\/\\\/buletin.de\\\/bucuresti\\\/wp-content\\\/uploads\\\/Catalin-Anghel-Dimache-96x96.jpg\",\"contentUrl\":\"https:\\\/\\\/buletin.de\\\/bucuresti\\\/wp-content\\\/uploads\\\/Catalin-Anghel-Dimache-96x96.jpg\",\"caption\":\"C\u0103t\u0103lin Anghel-Dimache\"},\"description\":\"A absolvit Facultatea de Jurnalism \u0219i \u0218tiin\u021bele Comunic\u0103rii a Universit\u0103\u021bii din Bucure\u0219ti \u00een 2024. Scrie despre mediu \u0219i teme sociale, dar \u0219i despre cum se reflect\u0103 ele \u00een via\u021ba cotidian\u0103 a bucure\u0219tenilor, cu un ochi atent la pove\u0219tile personale din spatele titlurilor. N\u0103scut \u0219i crescut \u00een Bucure\u0219ti, a f\u0103cut un pas c\u0103tre presa local\u0103, din pasiune pentru ora\u0219ul s\u0103u \u0219i oamenii din el.\",\"url\":\"https:\\\/\\\/buletin.de\\\/bucuresti\\\/author\\\/catalin-anghel-dimache\\\/\"}]}<\/script>\n<!-- \/ Yoast SEO Premium plugin. -->","yoast_head_json":{"title":"Cine este noua consilier\u0103 general\u0103 care l-a \u201esalvat\u201d pe Ciprian Ciucu. \u201eEste dificil s\u0103 primesc aceast\u0103 func\u021bie cu bucurie\u201d - Buletin de Bucure\u0219ti","description":"Cine este noua consilier\u0103 general\u0103 care l-a \u201esalvat\u201d pe Ciprian Ciucu. Georgiana Di\u021b\u0103: \u201eEste dificil s\u0103 primesc aceast\u0103 func\u021bie cu bucurie\u201d","robots":{"index":"index","follow":"follow","max-snippet":"max-snippet:-1","max-image-preview":"max-image-preview:large","max-video-preview":"max-video-preview:-1"},"canonical":"https:\/\/buletin.de\/bucuresti\/cine-este-noua-consiliera-generala-care-l-a-salvat-pe-ciprian-ciucu\/","og_locale":"en_GB","og_type":"article","og_title":"Cine este noua consilier\u0103 general\u0103 care l-a \u201esalvat\u201d pe Ciprian Ciucu. \u201eEste dificil s\u0103 primesc aceast\u0103 func\u021bie cu bucurie\u201d","og_description":"Cine este noua consilier\u0103 general\u0103 care l-a \u201esalvat\u201d pe Ciprian Ciucu. Georgiana Di\u021b\u0103: \u201eEste dificil s\u0103 primesc aceast\u0103 func\u021bie cu bucurie\u201d","og_url":"https:\/\/buletin.de\/bucuresti\/cine-este-noua-consiliera-generala-care-l-a-salvat-pe-ciprian-ciucu\/","og_site_name":"Buletin de Bucure\u0219ti","article_publisher":"https:\/\/www.facebook.com\/buletin.de.buc","article_published_time":"2026-03-16T03:42:19+00:00","article_modified_time":"2026-03-16T11:30:14+00:00","og_image":[{"width":1073,"height":805,"url":"https:\/\/buletin.de\/bucuresti\/wp-content\/uploads\/2026\/03\/650999037_917091024402471_7909421515499801168_n.jpg","type":"image\/jpeg"}],"author":"C\u0103t\u0103lin Anghel-Dimache","twitter_card":"summary_large_image","twitter_misc":{"Written by":"C\u0103t\u0103lin Anghel-Dimache","Estimated reading time":"3 minutes"},"schema":{"@context":"https:\/\/schema.org","@graph":[{"@type":"Article","@id":"https:\/\/buletin.de\/bucuresti\/cine-este-noua-consiliera-generala-care-l-a-salvat-pe-ciprian-ciucu\/#article","isPartOf":{"@id":"https:\/\/buletin.de\/bucuresti\/cine-este-noua-consiliera-generala-care-l-a-salvat-pe-ciprian-ciucu\/"},"author":{"name":"C\u0103t\u0103lin Anghel-Dimache","@id":"https:\/\/buletin.de\/bucuresti\/#\/schema\/person\/0ac9db30080482be87c7386a30f98796"},"headline":"Cine este noua consilier\u0103 general\u0103 care l-a \u201esalvat\u201d pe Ciprian Ciucu. \u201eEste dificil s\u0103 primesc aceast\u0103 func\u021bie cu bucurie\u201d","datePublished":"2026-03-16T03:42:19+00:00","dateModified":"2026-03-16T11:30:14+00:00","mainEntityOfPage":{"@id":"https:\/\/buletin.de\/bucuresti\/cine-este-noua-consiliera-generala-care-l-a-salvat-pe-ciprian-ciucu\/"},"wordCount":674,"publisher":{"@id":"https:\/\/buletin.de\/bucuresti\/#organization"},"image":{"@id":"https:\/\/buletin.de\/bucuresti\/cine-este-noua-consiliera-generala-care-l-a-salvat-pe-ciprian-ciucu\/#primaryimage"},"thumbnailUrl":"https:\/\/buletin.de\/bucuresti\/wp-content\/uploads\/2026\/03\/650999037_917091024402471_7909421515499801168_n.jpg","keywords":["bucuresti","cgmb","consiliu general","reper"],"articleSection":["Articole","Main","Politic","Prim\u0103rie"],"inLanguage":"en-GB","copyrightYear":"2026","copyrightHolder":{"@id":"https:\/\/buletin.de\/bucuresti\/#organization"}},{"@type":"WebPage","@id":"https:\/\/buletin.de\/bucuresti\/cine-este-noua-consiliera-generala-care-l-a-salvat-pe-ciprian-ciucu\/","url":"https:\/\/buletin.de\/bucuresti\/cine-este-noua-consiliera-generala-care-l-a-salvat-pe-ciprian-ciucu\/","name":"Cine este noua consilier\u0103 general\u0103 care l-a \u201esalvat\u201d pe Ciprian Ciucu. \u201eEste dificil s\u0103 primesc aceast\u0103 func\u021bie cu bucurie\u201d - Buletin de Bucure\u0219ti","isPartOf":{"@id":"https:\/\/buletin.de\/bucuresti\/#website"},"primaryImageOfPage":{"@id":"https:\/\/buletin.de\/bucuresti\/cine-este-noua-consiliera-generala-care-l-a-salvat-pe-ciprian-ciucu\/#primaryimage"},"image":{"@id":"https:\/\/buletin.de\/bucuresti\/cine-este-noua-consiliera-generala-care-l-a-salvat-pe-ciprian-ciucu\/#primaryimage"},"thumbnailUrl":"https:\/\/buletin.de\/bucuresti\/wp-content\/uploads\/2026\/03\/650999037_917091024402471_7909421515499801168_n.jpg","datePublished":"2026-03-16T03:42:19+00:00","dateModified":"2026-03-16T11:30:14+00:00","description":"Cine este noua consilier\u0103 general\u0103 care l-a \u201esalvat\u201d pe Ciprian Ciucu. Georgiana Di\u021b\u0103: \u201eEste dificil s\u0103 primesc aceast\u0103 func\u021bie cu bucurie\u201d","breadcrumb":{"@id":"https:\/\/buletin.de\/bucuresti\/cine-este-noua-consiliera-generala-care-l-a-salvat-pe-ciprian-ciucu\/#breadcrumb"},"inLanguage":"en-GB","potentialAction":[{"@type":"ReadAction","target":["https:\/\/buletin.de\/bucuresti\/cine-este-noua-consiliera-generala-care-l-a-salvat-pe-ciprian-ciucu\/"]}]},{"@type":"ImageObject","inLanguage":"en-GB","@id":"https:\/\/buletin.de\/bucuresti\/cine-este-noua-consiliera-generala-care-l-a-salvat-pe-ciprian-ciucu\/#primaryimage","url":"https:\/\/buletin.de\/bucuresti\/wp-content\/uploads\/2026\/03\/650999037_917091024402471_7909421515499801168_n.jpg","contentUrl":"https:\/\/buletin.de\/bucuresti\/wp-content\/uploads\/2026\/03\/650999037_917091024402471_7909421515499801168_n.jpg","width":1073,"height":805,"caption":"Cine este noua consilier\u0103 general\u0103 care l-a \u201esalvat\u201d pe Ciprian Ciucu. Foto: FB \/ REPER"},{"@type":"BreadcrumbList","@id":"https:\/\/buletin.de\/bucuresti\/cine-este-noua-consiliera-generala-care-l-a-salvat-pe-ciprian-ciucu\/#breadcrumb","itemListElement":[{"@type":"ListItem","position":1,"name":"Acas\u0103","item":"https:\/\/buletin.de\/bucuresti\/"},{"@type":"ListItem","position":2,"name":"Cine este noua consilier\u0103 general\u0103 care l-a \u201esalvat\u201d pe Ciprian Ciucu. \u201eEste dificil s\u0103 primesc aceast\u0103 func\u021bie cu bucurie\u201d"}]},{"@type":"WebSite","@id":"https:\/\/buletin.de\/bucuresti\/#website","url":"https:\/\/buletin.de\/bucuresti\/","name":"Buletin de Bucure\u0219ti","description":"\u0218tiri \u0219i investiga\u021bii esen\u021biale din capital\u0103","publisher":{"@id":"https:\/\/buletin.de\/bucuresti\/#organization"},"potentialAction":[{"@type":"SearchAction","target":{"@type":"EntryPoint","urlTemplate":"https:\/\/buletin.de\/bucuresti\/?s={search_term_string}"},"query-input":{"@type":"PropertyValueSpecification","valueRequired":true,"valueName":"search_term_string"}}],"inLanguage":"en-GB"},{"@type":"Organization","@id":"https:\/\/buletin.de\/bucuresti\/#organization","name":"Buletin de Bucure\u0219ti","url":"https:\/\/buletin.de\/bucuresti\/","logo":{"@type":"ImageObject","inLanguage":"en-GB","@id":"https:\/\/buletin.de\/bucuresti\/#\/schema\/logo\/image\/","url":"https:\/\/buletin.de\/bucuresti\/wp-content\/uploads\/logo-bdb-full-wide-vernil-transparent.png","contentUrl":"https:\/\/buletin.de\/bucuresti\/wp-content\/uploads\/logo-bdb-full-wide-vernil-transparent.png","width":1782,"height":626,"caption":"Buletin de Bucure\u0219ti"},"image":{"@id":"https:\/\/buletin.de\/bucuresti\/#\/schema\/logo\/image\/"},"sameAs":["https:\/\/www.facebook.com\/buletin.de.buc","https:\/\/www.instagram.com\/buletinde.bucuresti\/"]},{"@type":"Person","@id":"https:\/\/buletin.de\/bucuresti\/#\/schema\/person\/0ac9db30080482be87c7386a30f98796","name":"C\u0103t\u0103lin Anghel-Dimache","image":{"@type":"ImageObject","inLanguage":"en-GB","@id":"https:\/\/buletin.de\/bucuresti\/wp-content\/uploads\/Catalin-Anghel-Dimache-96x96.jpgbd9e43c5b25186d5b8e917ac61ad86c4","url":"https:\/\/buletin.de\/bucuresti\/wp-content\/uploads\/Catalin-Anghel-Dimache-96x96.jpg","contentUrl":"https:\/\/buletin.de\/bucuresti\/wp-content\/uploads\/Catalin-Anghel-Dimache-96x96.jpg","caption":"C\u0103t\u0103lin Anghel-Dimache"},"description":"A absolvit Facultatea de Jurnalism \u0219i \u0218tiin\u021bele Comunic\u0103rii a Universit\u0103\u021bii din Bucure\u0219ti \u00een 2024. Scrie despre mediu \u0219i teme sociale, dar \u0219i despre cum se reflect\u0103 ele \u00een via\u021ba cotidian\u0103 a bucure\u0219tenilor, cu un ochi atent la pove\u0219tile personale din spatele titlurilor. N\u0103scut \u0219i crescut \u00een Bucure\u0219ti, a f\u0103cut un pas c\u0103tre presa local\u0103, din pasiune pentru ora\u0219ul s\u0103u \u0219i oamenii din el.","url":"https:\/\/buletin.de\/bucuresti\/author\/catalin-anghel-dimache\/"}]}},"authors":[{"term_id":22572,"user_id":59,"is_guest":0,"slug":"catalin-anghel-dimache","display_name":"C\u0103t\u0103lin Anghel-Dimache","avatar_url":"https:\/\/buletin.de\/bucuresti\/wp-content\/uploads\/Catalin-Anghel-Dimache-96x96.jpg","0":null,"1":"","2":"","3":"","4":"","5":"","6":"","7":"","8":""}],"_links":{"self":[{"href":"https:\/\/buletin.de\/bucuresti\/wp-json\/wp\/v2\/posts\/180797","targetHints":{"allow":["GET"]}}],"collection":[{"href":"https:\/\/buletin.de\/bucuresti\/wp-json\/wp\/v2\/posts"}],"about":[{"href":"https:\/\/buletin.de\/bucuresti\/wp-json\/wp\/v2\/types\/post"}],"author":[{"embeddable":true,"href":"https:\/\/buletin.de\/bucuresti\/wp-json\/wp\/v2\/users\/59"}],"replies":[{"embeddable":true,"href":"https:\/\/buletin.de\/bucuresti\/wp-json\/wp\/v2\/comments?post=180797"}],"version-history":[{"count":3,"href":"https:\/\/buletin.de\/bucuresti\/wp-json\/wp\/v2\/posts\/180797\/revisions"}],"predecessor-version":[{"id":180803,"href":"https:\/\/buletin.de\/bucuresti\/wp-json\/wp\/v2\/posts\/180797\/revisions\/180803"}],"wp:featuredmedia":[{"embeddable":true,"href":"https:\/\/buletin.de\/bucuresti\/wp-json\/wp\/v2\/media\/180799"}],"wp:attachment":[{"href":"https:\/\/buletin.de\/bucuresti\/wp-json\/wp\/v2\/media?parent=180797"}],"wp:term":[{"taxonomy":"category","embeddable":true,"href":"https:\/\/buletin.de\/bucuresti\/wp-json\/wp\/v2\/categories?post=180797"},{"taxonomy":"post_tag","embeddable":true,"href":"https:\/\/buletin.de\/bucuresti\/wp-json\/wp\/v2\/tags?post=180797"},{"taxonomy":"author","embeddable":true,"href":"https:\/\/buletin.de\/bucuresti\/wp-json\/wp\/v2\/ppma_author?post=180797"}],"curies":[{"name":"wp","href":"https:\/\/api.w.org\/{rel}","templated":true}]}}