{"id":180758,"date":"2026-03-16T04:31:00","date_gmt":"2026-03-16T01:31:00","guid":{"rendered":"https:\/\/buletin.de\/bucuresti\/?p=180758"},"modified":"2026-03-16T00:36:24","modified_gmt":"2026-03-15T21:36:24","slug":"incep-lucrarile-la-sina-de-tramvai-de-pe-bulevardul-pompeiu-sase-kilometri-de-linie-vor-fi-reabilitati","status":"publish","type":"post","link":"https:\/\/buletin.de\/bucuresti\/incep-lucrarile-la-sina-de-tramvai-de-pe-bulevardul-pompeiu-sase-kilometri-de-linie-vor-fi-reabilitati\/","title":{"rendered":"\u00cencep lucr\u0103rile la \u0219ina de tramvai de pe Bulevardul Pompeiu. \u0218ase kilometri de linie vor fi reabilita\u021bi"},"content":{"rendered":"\n<p><strong>Lucr\u0103rile la \u0219ina de tramvai de pe Bulevardul Dimitrie Pompeiu, \u0218oseaua Petricani, Bulevardul Lacul Tei \u0219i din zona Lizeanu pot s\u0103 \u00eenceap\u0103, potrivit unui <a href=\"https:\/\/www.facebook.com\/PMBucuresti\/posts\/pfbid025xX2r99J4VN5k85p2XwisWLieNtNgAcPSdHsUStPbxwT6NJ1w2RGhFoUKeqqewDBl\">comunicat <\/a>de pres\u0103 al Prim\u0103riei Municipiului Bucure\u0219ti (PMB). <\/strong><\/p>\n\n\n\n<p><strong>Este vorba despre \u0219ase kilometri de linie care vor fi reabilita\u021bi.<\/strong><\/p>\n\n\n\n<p><em>\u201e\u00cencepem lucr\u0103rile la \u0219ina de tramvai de pe Bd. Dimitrie Pompeiu \u2013 \u0218os. Petricani &#8211; Bd. Lacul Tei \u2013 Lizeanu. Vorbim despre al\u021bi aproape 6 km de \u0219in\u0103 care intr\u0103 \u00een reabilitare. M\u00e2ine pred\u0103m amplasamentul c\u0103tre constructor, iar \u00een cursul s\u0103pt\u0103m\u00e2nii va fi organizat \u0219antierul\u201d,<\/em> anun\u021b\u0103 reprezentan\u021bii administra\u021biei generale.<\/p>\n\n\n\n<p>De asemenea, ace\u0219tia au mai explicat faptul c\u0103 traficul rutier din zon\u0103 nu va fi afectat. Acest lucru va fi asigurat de Poli\u021bia Local\u0103 a Municipiului Bucure\u0219ti, care se va \u00eengriji ca ma\u0219inile parcate pe carosabil, trotuare \u0219i pe \u0219ina de tramvai s\u0103 fie \u00eenl\u0103turate. <\/p>\n\n\n\n<p>C\u00e2t despre circula\u021bia mijloacelor de transport \u00een comun, programul \u0219i variantele de deplasare vor fi actualizate de c\u0103tre Asocia\u021bia de Dezvoltare Intercomunitar\u0103 pentru Transport Public Bucure\u0219ti \u2013 Ilfov (TPBI) \u00een cur\u00e2nd, odat\u0103 cu amplasarea organiz\u0103rii de \u0219antier \u0219i identificarea unor solu\u021bii eficiente de transport. <\/p>\n\n\n\n<h2 class=\"wp-block-heading\" id=\"h-ce-presupun-lucrarile-la-\u0219ina-de-tramvai-de-pe-bulevardul-pompeiu\">Ce presupun lucr\u0103rile la \u0219ina de tramvai de pe Bulevardul Pompeiu<\/h2>\n\n\n\n<p>Lucr\u0103rile de reabilitare de pe acest tronson fac parte dintr-o suit\u0103 de investi\u021bii, ce vor avea loc \u0219i \u00een alte trei zone din Capital\u0103, ce ridic\u0103 totalul la nou\u0103 kilometri, dup\u0103 cum urmeaz\u0103:<\/p>\n\n\n\n<ul class=\"wp-block-list\">\n<li>por\u021biunea dintre Bd. Pache Protopopescu \u0219i Str. Traian (lotul 2 \u2013 1,9 km)<\/li>\n\n\n\n<li>Bd. Ferdinand, \u00eentre \u0218os. Mihai Bravu \u0219i Str. Traian (locul 13 \u2013 700 metri)<\/li>\n\n\n\n<li>Str. Dristorului, \u00eentre Bd. Camil Ressu \u0219i Str. Baba Novac (locul 15 \u2013 220 metri)<\/li>\n<\/ul>\n\n\n\n<p>\u00cen privin\u021ba termenului de execu\u021bie al lucr\u0103rilor propriu-zise la infrastructura de tramvai, reprezentan\u021bii Prim\u0103riei Generale estimeaz\u0103 c\u0103 vor dura circa un an. Un termen similar a fost oferit \u0219i pentru lucr\u0103rile la re\u021beaua de ap\u0103-canal din subteran.<\/p>\n\n\n\n<p><strong>CITE\u0218TE \u0218I: <a href=\"https:\/\/buletin.de\/bucuresti\/opinie-a-aparut-o-noua-avarie-in-zona-ta-cum-se-simte-lipsa-caldurii-in-pragul-unui-nou-val-de-aer-polar-care-va-lovi-capitala\/\">OPINIE | \u201eA ap\u0103rut o nou\u0103 avarie \u00een zona ta\u201d. Cum se simte lipsa c\u0103ldurii, \u00een pragul unui nou \u201eval de aer polar\u201d care va lovi Capitala<\/a><\/strong><\/p>\n\n\n\n<p><strong>Prim\u0103ria Municipiului Bucure\u0219ti va expropria 85 terenuri, cu o suprafa\u021b\u0103 total\u0103 de circa 36.000 de metri p\u0103tra\u021bi, \u0219i pentru l\u0103rgirea bulevardului Dimitrie Pompeiu.<\/strong><\/p>\n\n\n\n<p>Valoarea desp\u0103gubirilor se ridic\u0103 la aproximativ 76 milioane de lei, echivalentul a 15 milioane de euro potrivit unui proiect de hot\u0103r\u00e2re aflat pe masa consilierilor generali.<\/p>\n\n\n\n<p>Investi\u021bia presupune l\u0103rgirea Bulevardului Dimitrie Pompeiu la dou\u0103 benzi pe sens. De asemenea, se va realiza \u0219i xtinderea re\u021belei de tramvai astfel \u00eenc\u00e2t liniile 16 \u0219i 36 vor fi conectate la linia 5 printr-un nou traseu, facilit\u00e2nd un acces mai rapid c\u0103tre Bulevardul Barbu V\u0103c\u0103rescu.<\/p>\n\n\n\n<p><strong>CITE\u0218TE \u0218I: <a href=\"https:\/\/buletin.de\/bucuresti\/proiect-exproprieri-de-15-milioane-de-euro-pentru-largirea-bulevardului-dimitrie-pompeiu\/\" target=\"_blank\" rel=\"noreferrer noopener\">Exproprieri de 15 milioane de euro, pentru l\u0103rgirea bulevardului Dimitrie Pompeiu. UPDATE Proiectul a fost adoptat \u00een CGMB<\/a><br><\/strong><\/p>\n","protected":false},"excerpt":{"rendered":"<p>Lucr\u0103rile la \u0219ina de tramvai de pe Bulevardul Dimitrie Pompeiu, \u0218oseaua Petricani, Bulevardul Lacul Tei \u0219i din zona Lizeanu pot s\u0103 \u00eenceap\u0103, potrivit unui comunicat de pres\u0103 al Prim\u0103riei Municipiului Bucure\u0219ti (PMB). Este vorba despre \u0219ase kilometri de linie care vor fi reabilita\u021bi. \u201e\u00cencepem lucr\u0103rile la \u0219ina de tramvai de pe Bd. Dimitrie Pompeiu \u2013 [&hellip;]<\/p>\n","protected":false},"author":61,"featured_media":180761,"comment_status":"closed","ping_status":"open","sticky":false,"template":"","format":"standard","meta":{"_acf_changed":false,"inline_featured_image":false,"ngg_post_thumbnail":0,"footnotes":""},"categories":[6994,5762,650],"tags":[13617,27100,27102,27101,27103,402,564],"ppma_author":[22577],"class_list":["post-180758","post","type-post","status-publish","format-standard","has-post-thumbnail","hentry","category-stiri-2","category-main","category-transport","tag-dimitrie-pompeiu","tag-lizeanu","tag-lucrari-dimitrie-pompeiu","tag-lucrari-stb-2","tag-reabilitare-sina-tramvai","tag-stb","tag-tramvai"],"acf":[],"yoast_head":"<!-- This site is optimized with the Yoast SEO Premium plugin v25.3 (Yoast SEO v27.4) - https:\/\/yoast.com\/product\/yoast-seo-premium-wordpress\/ -->\n<title>\u00cencep lucr\u0103rile la \u0219ina de tramvai de pe Bulevardul Pompeiu. \u0218ase kilometri de linie vor fi reabilita\u021bi - Buletin de Bucure\u0219ti<\/title>\n<meta name=\"description\" content=\"\u00cencep lucr\u0103rile la \u0219ina de tramvai de pe Bulevardul Dimitrie Pompeiu, \u0218oseaua Petricani, Bulevardul Lacul Tei \u0219i din zona Lizeanu.\" \/>\n<meta name=\"robots\" content=\"index, follow, max-snippet:-1, max-image-preview:large, max-video-preview:-1\" \/>\n<link rel=\"canonical\" href=\"https:\/\/buletin.de\/bucuresti\/incep-lucrarile-la-sina-de-tramvai-de-pe-bulevardul-pompeiu-sase-kilometri-de-linie-vor-fi-reabilitati\/\" \/>\n<meta property=\"og:locale\" content=\"en_GB\" \/>\n<meta property=\"og:type\" content=\"article\" \/>\n<meta property=\"og:title\" content=\"\u00cencep lucr\u0103rile la \u0219ina de tramvai de pe Bulevardul Pompeiu. \u0218ase kilometri de linie vor fi reabilita\u021bi\" \/>\n<meta property=\"og:description\" content=\"\u00cencep lucr\u0103rile la \u0219ina de tramvai de pe Bulevardul Dimitrie Pompeiu, \u0218oseaua Petricani, Bulevardul Lacul Tei \u0219i din zona Lizeanu.\" \/>\n<meta property=\"og:url\" content=\"https:\/\/buletin.de\/bucuresti\/incep-lucrarile-la-sina-de-tramvai-de-pe-bulevardul-pompeiu-sase-kilometri-de-linie-vor-fi-reabilitati\/\" \/>\n<meta property=\"og:site_name\" content=\"Buletin de Bucure\u0219ti\" \/>\n<meta property=\"article:publisher\" content=\"https:\/\/www.facebook.com\/buletin.de.buc\" \/>\n<meta property=\"article:published_time\" content=\"2026-03-16T01:31:00+00:00\" \/>\n<meta property=\"og:image\" content=\"https:\/\/buletin.de\/bucuresti\/wp-content\/uploads\/2026\/03\/651896681_1272692818371753_1339985494088494798_n.jpg\" \/>\n\t<meta property=\"og:image:width\" content=\"1200\" \/>\n\t<meta property=\"og:image:height\" content=\"664\" \/>\n\t<meta property=\"og:image:type\" content=\"image\/jpeg\" \/>\n<meta name=\"author\" content=\"Alexandru Stan\" \/>\n<meta name=\"twitter:card\" content=\"summary_large_image\" \/>\n<meta name=\"twitter:label1\" content=\"Written by\" \/>\n\t<meta name=\"twitter:data1\" content=\"Alexandru Stan\" \/>\n\t<meta name=\"twitter:label2\" content=\"Estimated reading time\" \/>\n\t<meta name=\"twitter:data2\" content=\"3 minutes\" \/>\n<script type=\"application\/ld+json\" class=\"yoast-schema-graph\">{\"@context\":\"https:\\\/\\\/schema.org\",\"@graph\":[{\"@type\":\"Article\",\"@id\":\"https:\\\/\\\/buletin.de\\\/bucuresti\\\/incep-lucrarile-la-sina-de-tramvai-de-pe-bulevardul-pompeiu-sase-kilometri-de-linie-vor-fi-reabilitati\\\/#article\",\"isPartOf\":{\"@id\":\"https:\\\/\\\/buletin.de\\\/bucuresti\\\/incep-lucrarile-la-sina-de-tramvai-de-pe-bulevardul-pompeiu-sase-kilometri-de-linie-vor-fi-reabilitati\\\/\"},\"author\":{\"name\":\"Alexandru Stan\",\"@id\":\"https:\\\/\\\/buletin.de\\\/bucuresti\\\/#\\\/schema\\\/person\\\/104a46bbe8be6e336fecf63974383951\"},\"headline\":\"\u00cencep lucr\u0103rile la \u0219ina de tramvai de pe Bulevardul Pompeiu. \u0218ase kilometri de linie vor fi reabilita\u021bi\",\"datePublished\":\"2026-03-16T01:31:00+00:00\",\"mainEntityOfPage\":{\"@id\":\"https:\\\/\\\/buletin.de\\\/bucuresti\\\/incep-lucrarile-la-sina-de-tramvai-de-pe-bulevardul-pompeiu-sase-kilometri-de-linie-vor-fi-reabilitati\\\/\"},\"wordCount\":504,\"publisher\":{\"@id\":\"https:\\\/\\\/buletin.de\\\/bucuresti\\\/#organization\"},\"image\":{\"@id\":\"https:\\\/\\\/buletin.de\\\/bucuresti\\\/incep-lucrarile-la-sina-de-tramvai-de-pe-bulevardul-pompeiu-sase-kilometri-de-linie-vor-fi-reabilitati\\\/#primaryimage\"},\"thumbnailUrl\":\"https:\\\/\\\/buletin.de\\\/bucuresti\\\/wp-content\\\/uploads\\\/2026\\\/03\\\/651896681_1272692818371753_1339985494088494798_n.jpg\",\"keywords\":[\"dimitrie pompeiu\",\"lizeanu\",\"lucr\u0103ri dimitrie pompeiu\",\"lucr\u0103ri stb\",\"reabilitare \u0219in\u0103 tramvai\",\"stb\",\"tramvai\"],\"articleSection\":[\"Articole\",\"Main\",\"Transport\"],\"inLanguage\":\"en-GB\",\"copyrightYear\":\"2026\",\"copyrightHolder\":{\"@id\":\"https:\\\/\\\/buletin.de\\\/bucuresti\\\/#organization\"}},{\"@type\":\"WebPage\",\"@id\":\"https:\\\/\\\/buletin.de\\\/bucuresti\\\/incep-lucrarile-la-sina-de-tramvai-de-pe-bulevardul-pompeiu-sase-kilometri-de-linie-vor-fi-reabilitati\\\/\",\"url\":\"https:\\\/\\\/buletin.de\\\/bucuresti\\\/incep-lucrarile-la-sina-de-tramvai-de-pe-bulevardul-pompeiu-sase-kilometri-de-linie-vor-fi-reabilitati\\\/\",\"name\":\"\u00cencep lucr\u0103rile la \u0219ina de tramvai de pe Bulevardul Pompeiu. \u0218ase kilometri de linie vor fi reabilita\u021bi - Buletin de Bucure\u0219ti\",\"isPartOf\":{\"@id\":\"https:\\\/\\\/buletin.de\\\/bucuresti\\\/#website\"},\"primaryImageOfPage\":{\"@id\":\"https:\\\/\\\/buletin.de\\\/bucuresti\\\/incep-lucrarile-la-sina-de-tramvai-de-pe-bulevardul-pompeiu-sase-kilometri-de-linie-vor-fi-reabilitati\\\/#primaryimage\"},\"image\":{\"@id\":\"https:\\\/\\\/buletin.de\\\/bucuresti\\\/incep-lucrarile-la-sina-de-tramvai-de-pe-bulevardul-pompeiu-sase-kilometri-de-linie-vor-fi-reabilitati\\\/#primaryimage\"},\"thumbnailUrl\":\"https:\\\/\\\/buletin.de\\\/bucuresti\\\/wp-content\\\/uploads\\\/2026\\\/03\\\/651896681_1272692818371753_1339985494088494798_n.jpg\",\"datePublished\":\"2026-03-16T01:31:00+00:00\",\"description\":\"\u00cencep lucr\u0103rile la \u0219ina de tramvai de pe Bulevardul Dimitrie Pompeiu, \u0218oseaua Petricani, Bulevardul Lacul Tei \u0219i din zona Lizeanu.\",\"breadcrumb\":{\"@id\":\"https:\\\/\\\/buletin.de\\\/bucuresti\\\/incep-lucrarile-la-sina-de-tramvai-de-pe-bulevardul-pompeiu-sase-kilometri-de-linie-vor-fi-reabilitati\\\/#breadcrumb\"},\"inLanguage\":\"en-GB\",\"potentialAction\":[{\"@type\":\"ReadAction\",\"target\":[\"https:\\\/\\\/buletin.de\\\/bucuresti\\\/incep-lucrarile-la-sina-de-tramvai-de-pe-bulevardul-pompeiu-sase-kilometri-de-linie-vor-fi-reabilitati\\\/\"]}]},{\"@type\":\"ImageObject\",\"inLanguage\":\"en-GB\",\"@id\":\"https:\\\/\\\/buletin.de\\\/bucuresti\\\/incep-lucrarile-la-sina-de-tramvai-de-pe-bulevardul-pompeiu-sase-kilometri-de-linie-vor-fi-reabilitati\\\/#primaryimage\",\"url\":\"https:\\\/\\\/buletin.de\\\/bucuresti\\\/wp-content\\\/uploads\\\/2026\\\/03\\\/651896681_1272692818371753_1339985494088494798_n.jpg\",\"contentUrl\":\"https:\\\/\\\/buletin.de\\\/bucuresti\\\/wp-content\\\/uploads\\\/2026\\\/03\\\/651896681_1272692818371753_1339985494088494798_n.jpg\",\"width\":1200,\"height\":664,\"caption\":\"\u00cencep lucr\u0103rile la \u0219ina de tramvai de pe Bulevardul Dimitrie Pompeiu. \u0218ase kilometri de \u0219in\u0103 vor fi reabilita\u021bi | FOTO: PMB\\\/Libertatea\"},{\"@type\":\"BreadcrumbList\",\"@id\":\"https:\\\/\\\/buletin.de\\\/bucuresti\\\/incep-lucrarile-la-sina-de-tramvai-de-pe-bulevardul-pompeiu-sase-kilometri-de-linie-vor-fi-reabilitati\\\/#breadcrumb\",\"itemListElement\":[{\"@type\":\"ListItem\",\"position\":1,\"name\":\"Acas\u0103\",\"item\":\"https:\\\/\\\/buletin.de\\\/bucuresti\\\/\"},{\"@type\":\"ListItem\",\"position\":2,\"name\":\"\u00cencep lucr\u0103rile la \u0219ina de tramvai de pe Bulevardul Pompeiu. \u0218ase kilometri de linie vor fi reabilita\u021bi\"}]},{\"@type\":\"WebSite\",\"@id\":\"https:\\\/\\\/buletin.de\\\/bucuresti\\\/#website\",\"url\":\"https:\\\/\\\/buletin.de\\\/bucuresti\\\/\",\"name\":\"Buletin de Bucure\u0219ti\",\"description\":\"\u0218tiri \u0219i investiga\u021bii esen\u021biale din capital\u0103\",\"publisher\":{\"@id\":\"https:\\\/\\\/buletin.de\\\/bucuresti\\\/#organization\"},\"potentialAction\":[{\"@type\":\"SearchAction\",\"target\":{\"@type\":\"EntryPoint\",\"urlTemplate\":\"https:\\\/\\\/buletin.de\\\/bucuresti\\\/?s={search_term_string}\"},\"query-input\":{\"@type\":\"PropertyValueSpecification\",\"valueRequired\":true,\"valueName\":\"search_term_string\"}}],\"inLanguage\":\"en-GB\"},{\"@type\":\"Organization\",\"@id\":\"https:\\\/\\\/buletin.de\\\/bucuresti\\\/#organization\",\"name\":\"Buletin de Bucure\u0219ti\",\"url\":\"https:\\\/\\\/buletin.de\\\/bucuresti\\\/\",\"logo\":{\"@type\":\"ImageObject\",\"inLanguage\":\"en-GB\",\"@id\":\"https:\\\/\\\/buletin.de\\\/bucuresti\\\/#\\\/schema\\\/logo\\\/image\\\/\",\"url\":\"https:\\\/\\\/buletin.de\\\/bucuresti\\\/wp-content\\\/uploads\\\/logo-bdb-full-wide-vernil-transparent.png\",\"contentUrl\":\"https:\\\/\\\/buletin.de\\\/bucuresti\\\/wp-content\\\/uploads\\\/logo-bdb-full-wide-vernil-transparent.png\",\"width\":1782,\"height\":626,\"caption\":\"Buletin de Bucure\u0219ti\"},\"image\":{\"@id\":\"https:\\\/\\\/buletin.de\\\/bucuresti\\\/#\\\/schema\\\/logo\\\/image\\\/\"},\"sameAs\":[\"https:\\\/\\\/www.facebook.com\\\/buletin.de.buc\",\"https:\\\/\\\/www.instagram.com\\\/buletinde.bucuresti\\\/\"]},{\"@type\":\"Person\",\"@id\":\"https:\\\/\\\/buletin.de\\\/bucuresti\\\/#\\\/schema\\\/person\\\/104a46bbe8be6e336fecf63974383951\",\"name\":\"Alexandru Stan\",\"image\":{\"@type\":\"ImageObject\",\"inLanguage\":\"en-GB\",\"@id\":\"https:\\\/\\\/buletin.de\\\/bucuresti\\\/wp-content\\\/uploads\\\/2025\\\/12\\\/IMG-20251216-WA0045-e1766134343668-96x96.jpgd0ca12809ae3e1d27116a2afe8926544\",\"url\":\"https:\\\/\\\/buletin.de\\\/bucuresti\\\/wp-content\\\/uploads\\\/2025\\\/12\\\/IMG-20251216-WA0045-e1766134343668-96x96.jpg\",\"contentUrl\":\"https:\\\/\\\/buletin.de\\\/bucuresti\\\/wp-content\\\/uploads\\\/2025\\\/12\\\/IMG-20251216-WA0045-e1766134343668-96x96.jpg\",\"caption\":\"Alexandru Stan\"},\"description\":\"Sunt elev la un colegiu de prestigiu din Capital\u0103 \u0219i reporter la Buletin de Bucure\u0219ti. M-am n\u0103scut \u0219i am crescut cu m\u00e2ndrie \u00een Capital\u0103, ora\u0219 al pove\u0219tilor, al tramvaiului tras de cai \u0219i al c\u0103su\u021belor cu porti\u021b\u0103 \u0219i ci\u0219mea. Prin articolele mele, m\u0103 str\u0103duiesc s\u0103 descriu cu acurate\u021be via\u021ba din Bucure\u0219ti pe ecranele cititorilor no\u0219tri \u0219i \u00eencerc totodat\u0103 s\u0103 fac accesibile subiecte de interes general tuturor, de la mic la mare.\",\"url\":\"https:\\\/\\\/buletin.de\\\/bucuresti\\\/author\\\/alexandru-stan\\\/\"}]}<\/script>\n<!-- \/ Yoast SEO Premium plugin. -->","yoast_head_json":{"title":"\u00cencep lucr\u0103rile la \u0219ina de tramvai de pe Bulevardul Pompeiu. \u0218ase kilometri de linie vor fi reabilita\u021bi - Buletin de Bucure\u0219ti","description":"\u00cencep lucr\u0103rile la \u0219ina de tramvai de pe Bulevardul Dimitrie Pompeiu, \u0218oseaua Petricani, Bulevardul Lacul Tei \u0219i din zona Lizeanu.","robots":{"index":"index","follow":"follow","max-snippet":"max-snippet:-1","max-image-preview":"max-image-preview:large","max-video-preview":"max-video-preview:-1"},"canonical":"https:\/\/buletin.de\/bucuresti\/incep-lucrarile-la-sina-de-tramvai-de-pe-bulevardul-pompeiu-sase-kilometri-de-linie-vor-fi-reabilitati\/","og_locale":"en_GB","og_type":"article","og_title":"\u00cencep lucr\u0103rile la \u0219ina de tramvai de pe Bulevardul Pompeiu. \u0218ase kilometri de linie vor fi reabilita\u021bi","og_description":"\u00cencep lucr\u0103rile la \u0219ina de tramvai de pe Bulevardul Dimitrie Pompeiu, \u0218oseaua Petricani, Bulevardul Lacul Tei \u0219i din zona Lizeanu.","og_url":"https:\/\/buletin.de\/bucuresti\/incep-lucrarile-la-sina-de-tramvai-de-pe-bulevardul-pompeiu-sase-kilometri-de-linie-vor-fi-reabilitati\/","og_site_name":"Buletin de Bucure\u0219ti","article_publisher":"https:\/\/www.facebook.com\/buletin.de.buc","article_published_time":"2026-03-16T01:31:00+00:00","og_image":[{"width":1200,"height":664,"url":"https:\/\/buletin.de\/bucuresti\/wp-content\/uploads\/2026\/03\/651896681_1272692818371753_1339985494088494798_n.jpg","type":"image\/jpeg"}],"author":"Alexandru Stan","twitter_card":"summary_large_image","twitter_misc":{"Written by":"Alexandru Stan","Estimated reading time":"3 minutes"},"schema":{"@context":"https:\/\/schema.org","@graph":[{"@type":"Article","@id":"https:\/\/buletin.de\/bucuresti\/incep-lucrarile-la-sina-de-tramvai-de-pe-bulevardul-pompeiu-sase-kilometri-de-linie-vor-fi-reabilitati\/#article","isPartOf":{"@id":"https:\/\/buletin.de\/bucuresti\/incep-lucrarile-la-sina-de-tramvai-de-pe-bulevardul-pompeiu-sase-kilometri-de-linie-vor-fi-reabilitati\/"},"author":{"name":"Alexandru Stan","@id":"https:\/\/buletin.de\/bucuresti\/#\/schema\/person\/104a46bbe8be6e336fecf63974383951"},"headline":"\u00cencep lucr\u0103rile la \u0219ina de tramvai de pe Bulevardul Pompeiu. \u0218ase kilometri de linie vor fi reabilita\u021bi","datePublished":"2026-03-16T01:31:00+00:00","mainEntityOfPage":{"@id":"https:\/\/buletin.de\/bucuresti\/incep-lucrarile-la-sina-de-tramvai-de-pe-bulevardul-pompeiu-sase-kilometri-de-linie-vor-fi-reabilitati\/"},"wordCount":504,"publisher":{"@id":"https:\/\/buletin.de\/bucuresti\/#organization"},"image":{"@id":"https:\/\/buletin.de\/bucuresti\/incep-lucrarile-la-sina-de-tramvai-de-pe-bulevardul-pompeiu-sase-kilometri-de-linie-vor-fi-reabilitati\/#primaryimage"},"thumbnailUrl":"https:\/\/buletin.de\/bucuresti\/wp-content\/uploads\/2026\/03\/651896681_1272692818371753_1339985494088494798_n.jpg","keywords":["dimitrie pompeiu","lizeanu","lucr\u0103ri dimitrie pompeiu","lucr\u0103ri stb","reabilitare \u0219in\u0103 tramvai","stb","tramvai"],"articleSection":["Articole","Main","Transport"],"inLanguage":"en-GB","copyrightYear":"2026","copyrightHolder":{"@id":"https:\/\/buletin.de\/bucuresti\/#organization"}},{"@type":"WebPage","@id":"https:\/\/buletin.de\/bucuresti\/incep-lucrarile-la-sina-de-tramvai-de-pe-bulevardul-pompeiu-sase-kilometri-de-linie-vor-fi-reabilitati\/","url":"https:\/\/buletin.de\/bucuresti\/incep-lucrarile-la-sina-de-tramvai-de-pe-bulevardul-pompeiu-sase-kilometri-de-linie-vor-fi-reabilitati\/","name":"\u00cencep lucr\u0103rile la \u0219ina de tramvai de pe Bulevardul Pompeiu. \u0218ase kilometri de linie vor fi reabilita\u021bi - Buletin de Bucure\u0219ti","isPartOf":{"@id":"https:\/\/buletin.de\/bucuresti\/#website"},"primaryImageOfPage":{"@id":"https:\/\/buletin.de\/bucuresti\/incep-lucrarile-la-sina-de-tramvai-de-pe-bulevardul-pompeiu-sase-kilometri-de-linie-vor-fi-reabilitati\/#primaryimage"},"image":{"@id":"https:\/\/buletin.de\/bucuresti\/incep-lucrarile-la-sina-de-tramvai-de-pe-bulevardul-pompeiu-sase-kilometri-de-linie-vor-fi-reabilitati\/#primaryimage"},"thumbnailUrl":"https:\/\/buletin.de\/bucuresti\/wp-content\/uploads\/2026\/03\/651896681_1272692818371753_1339985494088494798_n.jpg","datePublished":"2026-03-16T01:31:00+00:00","description":"\u00cencep lucr\u0103rile la \u0219ina de tramvai de pe Bulevardul Dimitrie Pompeiu, \u0218oseaua Petricani, Bulevardul Lacul Tei \u0219i din zona Lizeanu.","breadcrumb":{"@id":"https:\/\/buletin.de\/bucuresti\/incep-lucrarile-la-sina-de-tramvai-de-pe-bulevardul-pompeiu-sase-kilometri-de-linie-vor-fi-reabilitati\/#breadcrumb"},"inLanguage":"en-GB","potentialAction":[{"@type":"ReadAction","target":["https:\/\/buletin.de\/bucuresti\/incep-lucrarile-la-sina-de-tramvai-de-pe-bulevardul-pompeiu-sase-kilometri-de-linie-vor-fi-reabilitati\/"]}]},{"@type":"ImageObject","inLanguage":"en-GB","@id":"https:\/\/buletin.de\/bucuresti\/incep-lucrarile-la-sina-de-tramvai-de-pe-bulevardul-pompeiu-sase-kilometri-de-linie-vor-fi-reabilitati\/#primaryimage","url":"https:\/\/buletin.de\/bucuresti\/wp-content\/uploads\/2026\/03\/651896681_1272692818371753_1339985494088494798_n.jpg","contentUrl":"https:\/\/buletin.de\/bucuresti\/wp-content\/uploads\/2026\/03\/651896681_1272692818371753_1339985494088494798_n.jpg","width":1200,"height":664,"caption":"\u00cencep lucr\u0103rile la \u0219ina de tramvai de pe Bulevardul Dimitrie Pompeiu. \u0218ase kilometri de \u0219in\u0103 vor fi reabilita\u021bi | FOTO: PMB\/Libertatea"},{"@type":"BreadcrumbList","@id":"https:\/\/buletin.de\/bucuresti\/incep-lucrarile-la-sina-de-tramvai-de-pe-bulevardul-pompeiu-sase-kilometri-de-linie-vor-fi-reabilitati\/#breadcrumb","itemListElement":[{"@type":"ListItem","position":1,"name":"Acas\u0103","item":"https:\/\/buletin.de\/bucuresti\/"},{"@type":"ListItem","position":2,"name":"\u00cencep lucr\u0103rile la \u0219ina de tramvai de pe Bulevardul Pompeiu. \u0218ase kilometri de linie vor fi reabilita\u021bi"}]},{"@type":"WebSite","@id":"https:\/\/buletin.de\/bucuresti\/#website","url":"https:\/\/buletin.de\/bucuresti\/","name":"Buletin de Bucure\u0219ti","description":"\u0218tiri \u0219i investiga\u021bii esen\u021biale din capital\u0103","publisher":{"@id":"https:\/\/buletin.de\/bucuresti\/#organization"},"potentialAction":[{"@type":"SearchAction","target":{"@type":"EntryPoint","urlTemplate":"https:\/\/buletin.de\/bucuresti\/?s={search_term_string}"},"query-input":{"@type":"PropertyValueSpecification","valueRequired":true,"valueName":"search_term_string"}}],"inLanguage":"en-GB"},{"@type":"Organization","@id":"https:\/\/buletin.de\/bucuresti\/#organization","name":"Buletin de Bucure\u0219ti","url":"https:\/\/buletin.de\/bucuresti\/","logo":{"@type":"ImageObject","inLanguage":"en-GB","@id":"https:\/\/buletin.de\/bucuresti\/#\/schema\/logo\/image\/","url":"https:\/\/buletin.de\/bucuresti\/wp-content\/uploads\/logo-bdb-full-wide-vernil-transparent.png","contentUrl":"https:\/\/buletin.de\/bucuresti\/wp-content\/uploads\/logo-bdb-full-wide-vernil-transparent.png","width":1782,"height":626,"caption":"Buletin de Bucure\u0219ti"},"image":{"@id":"https:\/\/buletin.de\/bucuresti\/#\/schema\/logo\/image\/"},"sameAs":["https:\/\/www.facebook.com\/buletin.de.buc","https:\/\/www.instagram.com\/buletinde.bucuresti\/"]},{"@type":"Person","@id":"https:\/\/buletin.de\/bucuresti\/#\/schema\/person\/104a46bbe8be6e336fecf63974383951","name":"Alexandru Stan","image":{"@type":"ImageObject","inLanguage":"en-GB","@id":"https:\/\/buletin.de\/bucuresti\/wp-content\/uploads\/2025\/12\/IMG-20251216-WA0045-e1766134343668-96x96.jpgd0ca12809ae3e1d27116a2afe8926544","url":"https:\/\/buletin.de\/bucuresti\/wp-content\/uploads\/2025\/12\/IMG-20251216-WA0045-e1766134343668-96x96.jpg","contentUrl":"https:\/\/buletin.de\/bucuresti\/wp-content\/uploads\/2025\/12\/IMG-20251216-WA0045-e1766134343668-96x96.jpg","caption":"Alexandru Stan"},"description":"Sunt elev la un colegiu de prestigiu din Capital\u0103 \u0219i reporter la Buletin de Bucure\u0219ti. M-am n\u0103scut \u0219i am crescut cu m\u00e2ndrie \u00een Capital\u0103, ora\u0219 al pove\u0219tilor, al tramvaiului tras de cai \u0219i al c\u0103su\u021belor cu porti\u021b\u0103 \u0219i ci\u0219mea. Prin articolele mele, m\u0103 str\u0103duiesc s\u0103 descriu cu acurate\u021be via\u021ba din Bucure\u0219ti pe ecranele cititorilor no\u0219tri \u0219i \u00eencerc totodat\u0103 s\u0103 fac accesibile subiecte de interes general tuturor, de la mic la mare.","url":"https:\/\/buletin.de\/bucuresti\/author\/alexandru-stan\/"}]}},"authors":[{"term_id":22577,"user_id":61,"is_guest":0,"slug":"alexandru-stan","display_name":"Alexandru Stan","avatar_url":"https:\/\/buletin.de\/bucuresti\/wp-content\/uploads\/2025\/12\/IMG-20251216-WA0045-e1766134343668-96x96.jpg","0":null,"1":"","2":"","3":"","4":"","5":"","6":"","7":"","8":""}],"_links":{"self":[{"href":"https:\/\/buletin.de\/bucuresti\/wp-json\/wp\/v2\/posts\/180758","targetHints":{"allow":["GET"]}}],"collection":[{"href":"https:\/\/buletin.de\/bucuresti\/wp-json\/wp\/v2\/posts"}],"about":[{"href":"https:\/\/buletin.de\/bucuresti\/wp-json\/wp\/v2\/types\/post"}],"author":[{"embeddable":true,"href":"https:\/\/buletin.de\/bucuresti\/wp-json\/wp\/v2\/users\/61"}],"replies":[{"embeddable":true,"href":"https:\/\/buletin.de\/bucuresti\/wp-json\/wp\/v2\/comments?post=180758"}],"version-history":[{"count":4,"href":"https:\/\/buletin.de\/bucuresti\/wp-json\/wp\/v2\/posts\/180758\/revisions"}],"predecessor-version":[{"id":180791,"href":"https:\/\/buletin.de\/bucuresti\/wp-json\/wp\/v2\/posts\/180758\/revisions\/180791"}],"wp:featuredmedia":[{"embeddable":true,"href":"https:\/\/buletin.de\/bucuresti\/wp-json\/wp\/v2\/media\/180761"}],"wp:attachment":[{"href":"https:\/\/buletin.de\/bucuresti\/wp-json\/wp\/v2\/media?parent=180758"}],"wp:term":[{"taxonomy":"category","embeddable":true,"href":"https:\/\/buletin.de\/bucuresti\/wp-json\/wp\/v2\/categories?post=180758"},{"taxonomy":"post_tag","embeddable":true,"href":"https:\/\/buletin.de\/bucuresti\/wp-json\/wp\/v2\/tags?post=180758"},{"taxonomy":"author","embeddable":true,"href":"https:\/\/buletin.de\/bucuresti\/wp-json\/wp\/v2\/ppma_author?post=180758"}],"curies":[{"name":"wp","href":"https:\/\/api.w.org\/{rel}","templated":true}]}}