{"id":180754,"date":"2026-03-16T05:17:00","date_gmt":"2026-03-16T02:17:00","guid":{"rendered":"https:\/\/buletin.de\/bucuresti\/?p=180754"},"modified":"2026-03-18T23:01:13","modified_gmt":"2026-03-18T20:01:13","slug":"primaria-capitalei-despre-pasajele-cu-care-se-lauda-daniel-baluta-nu-au-avizul-comisiei-de-circulatie-si-blocheaza-definitiv-crearea-unei-linii-de-tramvai","status":"publish","type":"post","link":"https:\/\/buletin.de\/bucuresti\/primaria-capitalei-despre-pasajele-cu-care-se-lauda-daniel-baluta-nu-au-avizul-comisiei-de-circulatie-si-blocheaza-definitiv-crearea-unei-linii-de-tramvai\/","title":{"rendered":"Prim\u0103ria Capitalei despre pasajele cu care se laud\u0103 Daniel B\u0103lu\u021b\u0103: nu au avizul Comisiei de Circula\u021bie \u0219i blocheaz\u0103 amenajarea unei linii de tramvai"},"content":{"rendered":"\n<p><strong>Prim\u0103ria Sectorului 4 a organizat s\u00e2mb\u0103t\u0103, 14 martie, o conferin\u021b\u0103 de pres\u0103 pentru a anun\u021ba c\u0103 a \u00eenceput  montarea tablierului metalic al pasajului de la Ap\u0103r\u0103torii Patriei. Triumfalismul momentului este perturbat de o adres\u0103 a Direc\u021biei Transporturi din cadrul Prim\u0103riei Capitalei, ob\u021binut\u0103 de Buletin de Bucure\u0219ti, \u00een care este men\u021bionat despre pasajele realizate de administra\u021bia de sector c\u0103 nu respect\u0103 legea.<\/strong><\/p>\n\n\n\n<p>\u201eAcest pasaj este a doua pies\u0103 din ceea ce \u00eenseamn\u0103 inelul median de circula\u021bie \u00een Sectorul 4. Am construit deja pasajul Europa Unit\u0103, iar p\u00e2n\u0103 la finalul anului vom reu\u0219i s\u0103 finaliz\u0103m acest pasaj, care va \u00eendeplini dou\u0103 obiective foarte importante. Pe de o parte, va degreva aceast\u0103 intersec\u021bie foarte important\u0103 pentru to\u021bi bucure\u0219tenii, iar pe de alt\u0103 parte va reprezenta un punct multimodal de transport\u201d, <a href=\"https:\/\/www.facebook.com\/watch\/live\/?ref=watch_permalink&amp;v=1458412842618446&amp;t=0\" type=\"link\" id=\"https:\/\/www.facebook.com\/watch\/live\/?ref=watch_permalink&amp;v=1458412842618446&amp;t=0\" target=\"_blank\" rel=\"noreferrer noopener\">a declarat s\u00e2mb\u0103t\u0103 primarul Daniel B\u0103lu\u021b\u0103<\/a>. <\/p>\n\n\n\n<p><strong>CITE\u0218TE \u0218I: <a href=\"https:\/\/buletin.de\/bucuresti\/a-inceput-montarea-tablierului-metalic-al-pasajului-de-la-aparatorii-patriei-baluta-acest-pasaj-va-fi-ultimul-pe-care-o-primarie-il-va-putea-face\/\" type=\"link\" id=\"https:\/\/buletin.de\/bucuresti\/a-inceput-montarea-tablierului-metalic-al-pasajului-de-la-aparatorii-patriei-baluta-acest-pasaj-va-fi-ultimul-pe-care-o-primarie-il-va-putea-face\/\" target=\"_blank\" rel=\"noreferrer noopener\">A \u00eenceput montarea tablierului metalic al pasajului de la Ap\u0103r\u0103torii Patriei. B\u0103lu\u021b\u0103: \u201eAcest pasaj va fi ultimul pe care o prim\u0103rie \u00eel va putea face\u201d<\/a><\/strong><\/p>\n\n\n\n<p>Prin \u201epunct multimodal de transport\u201d, primarul Sectorului 4 <a href=\"https:\/\/ps4.ro\/comunicate-de-presa\/pasajul-aparatorii-patriei-element-cheie-pentru-inchiderea-inelului-median-de-circulatie-al-capitalei\/\">se refer\u0103 la faptul c\u0103 pe acest pasaj vor fi amenajate<\/a> \u201ela un moment dat, dou\u0103 sta\u021bii de tramvai, care vor fi conectate, prin lifturi \u0219i escalatoare, at\u00e2t cu sta\u021bia de metrou Ap\u0103r\u0103torii Patriei, c\u00e2t \u0219i cu transportul public de la sol\u201d. <\/p>\n\n\n\n<p>Mai mult, Daniel B\u0103lu\u021b\u0103 afirma, anul trecut, c\u0103 \u201epentru toate aceste solu\u021bii am lucrat \u00eempreun\u0103 cu speciali\u0219tii de la Prim\u0103ria Capitalei, institu\u021bie al\u0103turi de care am \u00eenceput, de altfel, \u0219i lucr\u0103rile de la pasaj\u201d.<\/p>\n\n\n\n<h2 class=\"wp-block-heading\" id=\"h-primaria-capitalei-despre-pasajele-din-sectorul-4-nu-respecta-nici-pug-nici-puz\">Prim\u0103ria Capitalei despre pasajele din Sectorul 4: Nu respect\u0103 nici PUG, nici PUZ<\/h2>\n\n\n\n<p><strong>O adres\u0103 pe care Direc\u021bia Transporturi din cadrul Prim\u0103riei Generale a trimis-o c\u0103tre primarul general Ciprian Ciucu pe 19 februarie 2026, ob\u021binut\u0103 de Buletin de Bucure\u0219ti, afirm\u0103 exact contrariul. <\/strong><\/p>\n\n\n\n<p>Speciali\u0219tii direc\u021biei arat\u0103 c\u0103 Prim\u0103ria Sectorului 4 nu a primit avizul Comisiei Tehnice de Circula\u021bie (CTC) din cadrul Prim\u0103riei Capitalei pentru realizarea Pasajul Ap\u0103r\u0103torii Patriei, obligatoriu pentru proiecte de infrastructur\u0103 rutier\u0103, deoarece nu a respectat nici Planul Urbanistic General (PUG), nici Planul Urbanistic Zonal (PUZ). <\/p>\n\n\n\n<p><strong>Mai mult, Direc\u021bia Tehnic\u0103 contrazice \u0219i promisiunea primarului Daniel B\u0103lu\u021b\u0103 c\u0103 pe pod vor fi amenajate linii \u0219i sta\u021bii de tramvai.<\/strong><\/p>\n\n\n\n<p>\u201eNu i s-a emis avizul CTC, deoarece configura\u021bia geometric\u0103 a pasajului contravine at\u00e2t prevederilor PUG \u015fi PUZ S4 (zona sud), c\u00e2t \u015fi solu\u0163iei avizate la faza SF (propus\u0103 chiar de PS4) \u015fi nu mai permite amplasarea optim\u0103 a viitoarei c\u0103i de rulare a tramvaiului \u015fi tranzbordarea intermodal\u0103 facil\u0103 tramvai-metrou\u201d, se arat\u0103 \u00een adresa Direc\u021biei Transporturi. <\/p>\n\n\n\n<p>De altfel, aceast\u0103 entitate arat\u0103 c\u0103 Prim\u0103ria Sectorului 4 nu a respectat legea, p\u00e2n\u0103 acum, nici cazul unui al doilea pasaj, \u00een intersec\u021bia dintre \u0218oseaua Olteni\u021bei cu \u0218oseaua Vitan-B\u00e2rze\u0219ti \u0219i Strada Ion Iriceanu, aflat \u00een faza de autorizare. Din exact acelea\u0219i motive. <\/p>\n\n\n\n<p>\u201eNu i s-a emis avizul CTC, deoarece configura\u0163ia geometric\u0103 a pasajului contravine prevederilor PUG \u015fi PUZ. S4  (zona sud) \u0219i nu mai permite amplasarea optim\u0103 a viitoarei c\u0103i de rulare a tramvaiului, rela\u0163iile de tramvai cu \u015foseaua Olteni\u0163ei \u0219i tranzbordarea facil\u0103 \u00eentre mijloacele de transport public de suprafa\u0163\u0103\u201d, arat\u0103 Direc\u021bia Transporturi.<\/p>\n\n\n\n<p><strong>CITE\u0218TE \u0218I: <a href=\"https:\/\/buletin.de\/bucuresti\/compromisul-pe-care-l-a-facut-ciucu-ca-sa-i-fie-votat-auditul-la-stb-consiliul-general-a-aprobat-un-proiect-ilegal-in-folosul-lui-baluta\/\" type=\"link\" id=\"https:\/\/buletin.de\/bucuresti\/compromisul-pe-care-l-a-facut-ciucu-ca-sa-i-fie-votat-auditul-la-stb-consiliul-general-a-aprobat-un-proiect-ilegal-in-folosul-lui-baluta\/\" target=\"_blank\" rel=\"noreferrer noopener\">ANALIZ\u0102 | Compromisul pe care l-a f\u0103cut Ciucu ca s\u0103-i fie votat auditul la STB: Consiliul General a aprobat un proiect ilegal, \u00een folosul lui Daniel B\u0103lu\u021b\u0103<\/a><\/strong><\/p>\n\n\n\n<h2 class=\"wp-block-heading\" id=\"h-120-de-milioane-de-lei-pentru-podul-fara-aviz-de-la-aparatorii-patriei\">120 de milioane de lei pentru podul f\u0103r\u0103 aviz de la Ap\u0103r\u0103torii Patriei<\/h2>\n\n\n\n<p>Primarul Daniel B\u0103lu\u021b\u0103 a afirmat c\u0103 viitorul pasaj care va uni pe sus strada Turnu M\u0103gurele cu strada Ion Iriceanu va costa 120 de milioane de lei. <\/p>\n\n\n\n<p>La final, va avea o lungime de 860 de metri, cu dou\u0103 benzi pe sens. Prim\u0103ria Sectorului 4 estimeaz\u0103 c\u0103 va fi gata p\u00e2n\u0103 la finalul acestui an. <\/p>\n\n\n\n<figure class=\"wp-block-image size-large\"><img fetchpriority=\"high\" decoding=\"async\" width=\"1000\" height=\"593\" src=\"data:image\/gif;base64,R0lGODlhAQABAAAAACH5BAEKAAEALAAAAAABAAEAAAICTAEAOw==\" data-src=\"https:\/\/buletin.de\/bucuresti\/wp-content\/uploads\/2026\/03\/pasajulaparatoriipatriei-1000x593.jpg\" alt=\"Prim\u0103ria Capitalei despre pasajele\" class=\"wp-image-180778 lazyload\" data-sizes=\"auto\" data-srcset=\"https:\/\/buletin.de\/bucuresti\/wp-content\/uploads\/2026\/03\/pasajulaparatoriipatriei-1000x593.jpg 1000w, https:\/\/buletin.de\/bucuresti\/wp-content\/uploads\/2026\/03\/pasajulaparatoriipatriei-300x178.jpg 300w, https:\/\/buletin.de\/bucuresti\/wp-content\/uploads\/2026\/03\/pasajulaparatoriipatriei-768x455.jpg 768w, https:\/\/buletin.de\/bucuresti\/wp-content\/uploads\/2026\/03\/pasajulaparatoriipatriei-1536x911.jpg 1536w, https:\/\/buletin.de\/bucuresti\/wp-content\/uploads\/2026\/03\/pasajulaparatoriipatriei-1600x948.jpg 1600w, https:\/\/buletin.de\/bucuresti\/wp-content\/uploads\/2026\/03\/pasajulaparatoriipatriei-1100x652.jpg 1100w, https:\/\/buletin.de\/bucuresti\/wp-content\/uploads\/2026\/03\/pasajulaparatoriipatriei-600x356.jpg 600w, https:\/\/buletin.de\/bucuresti\/wp-content\/uploads\/2026\/03\/pasajulaparatoriipatriei-20x12.jpg 20w, https:\/\/buletin.de\/bucuresti\/wp-content\/uploads\/2026\/03\/pasajulaparatoriipatriei.jpg 2048w\" sizes=\"(max-width: 1000px) 100vw, 1000px\" \/><figcaption class=\"wp-element-caption\">Cum va ar\u0103ta, la final, pasajul Ap\u0103r\u0103torii Patriei (randare)<\/figcaption><\/figure>\n","protected":false},"excerpt":{"rendered":"<p>Prim\u0103ria Sectorului 4 a organizat s\u00e2mb\u0103t\u0103, 14 martie, o conferin\u021b\u0103 de pres\u0103 pentru a anun\u021ba c\u0103 a \u00eenceput montarea tablierului metalic al pasajului de la Ap\u0103r\u0103torii Patriei. Triumfalismul momentului este perturbat de o adres\u0103 a Direc\u021biei Transporturi din cadrul Prim\u0103riei Capitalei, ob\u021binut\u0103 de Buletin de Bucure\u0219ti, \u00een care este men\u021bionat despre pasajele realizate de administra\u021bia [&hellip;]<\/p>\n","protected":false},"author":60,"featured_media":180779,"comment_status":"closed","ping_status":"open","sticky":false,"template":"","format":"standard","meta":{"_acf_changed":false,"inline_featured_image":false,"ngg_post_thumbnail":0,"footnotes":""},"categories":[6994,5762,24],"tags":[7612,1204,20196,17750,765,27171],"ppma_author":[22582],"class_list":["post-180754","post","type-post","status-publish","format-standard","has-post-thumbnail","hentry","category-stiri-2","category-main","category-primarie","tag-aparatorii-patriei","tag-daniel-baluta","tag-pasajul-aparatorii-patriei","tag-pasajul-oltenitei","tag-sector-4","tag-tramvai-inel-median"],"acf":[],"yoast_head":"<!-- This site is optimized with the Yoast SEO Premium plugin v25.3 (Yoast SEO v27.4) - https:\/\/yoast.com\/product\/yoast-seo-premium-wordpress\/ -->\n<title>Prim\u0103ria Capitalei despre pasajele cu care se laud\u0103 Daniel B\u0103lu\u021b\u0103: nu au avizul Comisiei de Circula\u021bie \u0219i blocheaz\u0103 amenajarea unei linii de tramvai - Buletin de Bucure\u0219ti<\/title>\n<meta name=\"description\" content=\"Direc\u021bia Transporturi din cadrul Prim\u0103riei Capitale afirm\u0103 despre pasajele realizate de Prim\u0103ria Sectorului 4 c\u0103 nu respect\u0103 legea.\" \/>\n<meta name=\"robots\" content=\"index, follow, max-snippet:-1, max-image-preview:large, max-video-preview:-1\" \/>\n<link rel=\"canonical\" href=\"https:\/\/buletin.de\/bucuresti\/primaria-capitalei-despre-pasajele-cu-care-se-lauda-daniel-baluta-nu-au-avizul-comisiei-de-circulatie-si-blocheaza-definitiv-crearea-unei-linii-de-tramvai\/\" \/>\n<meta property=\"og:locale\" content=\"en_GB\" \/>\n<meta property=\"og:type\" content=\"article\" \/>\n<meta property=\"og:title\" content=\"Prim\u0103ria Capitalei despre pasajele cu care se laud\u0103 Daniel B\u0103lu\u021b\u0103: nu au avizul Comisiei de Circula\u021bie \u0219i blocheaz\u0103 amenajarea unei linii de tramvai\" \/>\n<meta property=\"og:description\" content=\"Direc\u021bia Transporturi din cadrul Prim\u0103riei Capitale afirm\u0103 despre pasajele realizate de Prim\u0103ria Sectorului 4 c\u0103 nu respect\u0103 legea.\" \/>\n<meta property=\"og:url\" content=\"https:\/\/buletin.de\/bucuresti\/primaria-capitalei-despre-pasajele-cu-care-se-lauda-daniel-baluta-nu-au-avizul-comisiei-de-circulatie-si-blocheaza-definitiv-crearea-unei-linii-de-tramvai\/\" \/>\n<meta property=\"og:site_name\" content=\"Buletin de Bucure\u0219ti\" \/>\n<meta property=\"article:publisher\" content=\"https:\/\/www.facebook.com\/buletin.de.buc\" \/>\n<meta property=\"article:published_time\" content=\"2026-03-16T02:17:00+00:00\" \/>\n<meta property=\"article:modified_time\" content=\"2026-03-18T20:01:13+00:00\" \/>\n<meta property=\"og:image\" content=\"https:\/\/buletin.de\/bucuresti\/wp-content\/uploads\/2026\/03\/danielbalutaparatoriipatriei.jpg\" \/>\n\t<meta property=\"og:image:width\" content=\"2048\" \/>\n\t<meta property=\"og:image:height\" content=\"1365\" \/>\n\t<meta property=\"og:image:type\" content=\"image\/jpeg\" \/>\n<meta name=\"author\" content=\"R\u0103zvan Chiru\u021b\u0103\" \/>\n<meta name=\"twitter:card\" content=\"summary_large_image\" \/>\n<meta name=\"twitter:label1\" content=\"Written by\" \/>\n\t<meta name=\"twitter:data1\" content=\"R\u0103zvan Chiru\u021b\u0103\" \/>\n\t<meta name=\"twitter:label2\" content=\"Estimated reading time\" \/>\n\t<meta name=\"twitter:data2\" content=\"4 minutes\" \/>\n<script type=\"application\/ld+json\" class=\"yoast-schema-graph\">{\"@context\":\"https:\\\/\\\/schema.org\",\"@graph\":[{\"@type\":\"Article\",\"@id\":\"https:\\\/\\\/buletin.de\\\/bucuresti\\\/primaria-capitalei-despre-pasajele-cu-care-se-lauda-daniel-baluta-nu-au-avizul-comisiei-de-circulatie-si-blocheaza-definitiv-crearea-unei-linii-de-tramvai\\\/#article\",\"isPartOf\":{\"@id\":\"https:\\\/\\\/buletin.de\\\/bucuresti\\\/primaria-capitalei-despre-pasajele-cu-care-se-lauda-daniel-baluta-nu-au-avizul-comisiei-de-circulatie-si-blocheaza-definitiv-crearea-unei-linii-de-tramvai\\\/\"},\"author\":{\"name\":\"R\u0103zvan Chiru\u021b\u0103\",\"@id\":\"https:\\\/\\\/buletin.de\\\/bucuresti\\\/#\\\/schema\\\/person\\\/a76df728dfc913795a9d90e346b253bb\"},\"headline\":\"Prim\u0103ria Capitalei despre pasajele cu care se laud\u0103 Daniel B\u0103lu\u021b\u0103: nu au avizul Comisiei de Circula\u021bie \u0219i blocheaz\u0103 amenajarea unei linii de tramvai\",\"datePublished\":\"2026-03-16T02:17:00+00:00\",\"dateModified\":\"2026-03-18T20:01:13+00:00\",\"mainEntityOfPage\":{\"@id\":\"https:\\\/\\\/buletin.de\\\/bucuresti\\\/primaria-capitalei-despre-pasajele-cu-care-se-lauda-daniel-baluta-nu-au-avizul-comisiei-de-circulatie-si-blocheaza-definitiv-crearea-unei-linii-de-tramvai\\\/\"},\"wordCount\":706,\"publisher\":{\"@id\":\"https:\\\/\\\/buletin.de\\\/bucuresti\\\/#organization\"},\"image\":{\"@id\":\"https:\\\/\\\/buletin.de\\\/bucuresti\\\/primaria-capitalei-despre-pasajele-cu-care-se-lauda-daniel-baluta-nu-au-avizul-comisiei-de-circulatie-si-blocheaza-definitiv-crearea-unei-linii-de-tramvai\\\/#primaryimage\"},\"thumbnailUrl\":\"https:\\\/\\\/buletin.de\\\/bucuresti\\\/wp-content\\\/uploads\\\/2026\\\/03\\\/danielbalutaparatoriipatriei.jpg\",\"keywords\":[\"aparatorii patriei\",\"daniel baluta\",\"Pasajul Aparatorii Patriei\",\"Pasajul Oltenitei\",\"Sector 4\",\"tramvai inel median\"],\"articleSection\":[\"Articole\",\"Main\",\"Prim\u0103rie\"],\"inLanguage\":\"en-GB\",\"copyrightYear\":\"2026\",\"copyrightHolder\":{\"@id\":\"https:\\\/\\\/buletin.de\\\/bucuresti\\\/#organization\"}},{\"@type\":\"WebPage\",\"@id\":\"https:\\\/\\\/buletin.de\\\/bucuresti\\\/primaria-capitalei-despre-pasajele-cu-care-se-lauda-daniel-baluta-nu-au-avizul-comisiei-de-circulatie-si-blocheaza-definitiv-crearea-unei-linii-de-tramvai\\\/\",\"url\":\"https:\\\/\\\/buletin.de\\\/bucuresti\\\/primaria-capitalei-despre-pasajele-cu-care-se-lauda-daniel-baluta-nu-au-avizul-comisiei-de-circulatie-si-blocheaza-definitiv-crearea-unei-linii-de-tramvai\\\/\",\"name\":\"Prim\u0103ria Capitalei despre pasajele cu care se laud\u0103 Daniel B\u0103lu\u021b\u0103: nu au avizul Comisiei de Circula\u021bie \u0219i blocheaz\u0103 amenajarea unei linii de tramvai - Buletin de Bucure\u0219ti\",\"isPartOf\":{\"@id\":\"https:\\\/\\\/buletin.de\\\/bucuresti\\\/#website\"},\"primaryImageOfPage\":{\"@id\":\"https:\\\/\\\/buletin.de\\\/bucuresti\\\/primaria-capitalei-despre-pasajele-cu-care-se-lauda-daniel-baluta-nu-au-avizul-comisiei-de-circulatie-si-blocheaza-definitiv-crearea-unei-linii-de-tramvai\\\/#primaryimage\"},\"image\":{\"@id\":\"https:\\\/\\\/buletin.de\\\/bucuresti\\\/primaria-capitalei-despre-pasajele-cu-care-se-lauda-daniel-baluta-nu-au-avizul-comisiei-de-circulatie-si-blocheaza-definitiv-crearea-unei-linii-de-tramvai\\\/#primaryimage\"},\"thumbnailUrl\":\"https:\\\/\\\/buletin.de\\\/bucuresti\\\/wp-content\\\/uploads\\\/2026\\\/03\\\/danielbalutaparatoriipatriei.jpg\",\"datePublished\":\"2026-03-16T02:17:00+00:00\",\"dateModified\":\"2026-03-18T20:01:13+00:00\",\"description\":\"Direc\u021bia Transporturi din cadrul Prim\u0103riei Capitale afirm\u0103 despre pasajele realizate de Prim\u0103ria Sectorului 4 c\u0103 nu respect\u0103 legea.\",\"breadcrumb\":{\"@id\":\"https:\\\/\\\/buletin.de\\\/bucuresti\\\/primaria-capitalei-despre-pasajele-cu-care-se-lauda-daniel-baluta-nu-au-avizul-comisiei-de-circulatie-si-blocheaza-definitiv-crearea-unei-linii-de-tramvai\\\/#breadcrumb\"},\"inLanguage\":\"en-GB\",\"potentialAction\":[{\"@type\":\"ReadAction\",\"target\":[\"https:\\\/\\\/buletin.de\\\/bucuresti\\\/primaria-capitalei-despre-pasajele-cu-care-se-lauda-daniel-baluta-nu-au-avizul-comisiei-de-circulatie-si-blocheaza-definitiv-crearea-unei-linii-de-tramvai\\\/\"]}]},{\"@type\":\"ImageObject\",\"inLanguage\":\"en-GB\",\"@id\":\"https:\\\/\\\/buletin.de\\\/bucuresti\\\/primaria-capitalei-despre-pasajele-cu-care-se-lauda-daniel-baluta-nu-au-avizul-comisiei-de-circulatie-si-blocheaza-definitiv-crearea-unei-linii-de-tramvai\\\/#primaryimage\",\"url\":\"https:\\\/\\\/buletin.de\\\/bucuresti\\\/wp-content\\\/uploads\\\/2026\\\/03\\\/danielbalutaparatoriipatriei.jpg\",\"contentUrl\":\"https:\\\/\\\/buletin.de\\\/bucuresti\\\/wp-content\\\/uploads\\\/2026\\\/03\\\/danielbalutaparatoriipatriei.jpg\",\"width\":2048,\"height\":1365,\"caption\":\"Primarul Daniel B\u0103lu\u021b\u0103, la pasajul Ap\u0103r\u0103torii Patriei. Foto PS4\"},{\"@type\":\"BreadcrumbList\",\"@id\":\"https:\\\/\\\/buletin.de\\\/bucuresti\\\/primaria-capitalei-despre-pasajele-cu-care-se-lauda-daniel-baluta-nu-au-avizul-comisiei-de-circulatie-si-blocheaza-definitiv-crearea-unei-linii-de-tramvai\\\/#breadcrumb\",\"itemListElement\":[{\"@type\":\"ListItem\",\"position\":1,\"name\":\"Acas\u0103\",\"item\":\"https:\\\/\\\/buletin.de\\\/bucuresti\\\/\"},{\"@type\":\"ListItem\",\"position\":2,\"name\":\"Prim\u0103ria Capitalei despre pasajele cu care se laud\u0103 Daniel B\u0103lu\u021b\u0103: nu au avizul Comisiei de Circula\u021bie \u0219i blocheaz\u0103 amenajarea unei linii de tramvai\"}]},{\"@type\":\"WebSite\",\"@id\":\"https:\\\/\\\/buletin.de\\\/bucuresti\\\/#website\",\"url\":\"https:\\\/\\\/buletin.de\\\/bucuresti\\\/\",\"name\":\"Buletin de Bucure\u0219ti\",\"description\":\"\u0218tiri \u0219i investiga\u021bii esen\u021biale din capital\u0103\",\"publisher\":{\"@id\":\"https:\\\/\\\/buletin.de\\\/bucuresti\\\/#organization\"},\"potentialAction\":[{\"@type\":\"SearchAction\",\"target\":{\"@type\":\"EntryPoint\",\"urlTemplate\":\"https:\\\/\\\/buletin.de\\\/bucuresti\\\/?s={search_term_string}\"},\"query-input\":{\"@type\":\"PropertyValueSpecification\",\"valueRequired\":true,\"valueName\":\"search_term_string\"}}],\"inLanguage\":\"en-GB\"},{\"@type\":\"Organization\",\"@id\":\"https:\\\/\\\/buletin.de\\\/bucuresti\\\/#organization\",\"name\":\"Buletin de Bucure\u0219ti\",\"url\":\"https:\\\/\\\/buletin.de\\\/bucuresti\\\/\",\"logo\":{\"@type\":\"ImageObject\",\"inLanguage\":\"en-GB\",\"@id\":\"https:\\\/\\\/buletin.de\\\/bucuresti\\\/#\\\/schema\\\/logo\\\/image\\\/\",\"url\":\"https:\\\/\\\/buletin.de\\\/bucuresti\\\/wp-content\\\/uploads\\\/logo-bdb-full-wide-vernil-transparent.png\",\"contentUrl\":\"https:\\\/\\\/buletin.de\\\/bucuresti\\\/wp-content\\\/uploads\\\/logo-bdb-full-wide-vernil-transparent.png\",\"width\":1782,\"height\":626,\"caption\":\"Buletin de Bucure\u0219ti\"},\"image\":{\"@id\":\"https:\\\/\\\/buletin.de\\\/bucuresti\\\/#\\\/schema\\\/logo\\\/image\\\/\"},\"sameAs\":[\"https:\\\/\\\/www.facebook.com\\\/buletin.de.buc\",\"https:\\\/\\\/www.instagram.com\\\/buletinde.bucuresti\\\/\"]},{\"@type\":\"Person\",\"@id\":\"https:\\\/\\\/buletin.de\\\/bucuresti\\\/#\\\/schema\\\/person\\\/a76df728dfc913795a9d90e346b253bb\",\"name\":\"R\u0103zvan Chiru\u021b\u0103\",\"image\":{\"@type\":\"ImageObject\",\"inLanguage\":\"en-GB\",\"@id\":\"https:\\\/\\\/buletin.de\\\/bucuresti\\\/wp-content\\\/uploads\\\/Razvan-Chiruta-96x96.jpge7143b996fd4241fbd6ee1f6b6b7b267\",\"url\":\"https:\\\/\\\/buletin.de\\\/bucuresti\\\/wp-content\\\/uploads\\\/Razvan-Chiruta-96x96.jpg\",\"contentUrl\":\"https:\\\/\\\/buletin.de\\\/bucuresti\\\/wp-content\\\/uploads\\\/Razvan-Chiruta-96x96.jpg\",\"caption\":\"R\u0103zvan Chiru\u021b\u0103\"},\"description\":\"R\u0103zvan Chiru\u021b\u0103 este redactor-\u0219ef adjunct din iulie 2024. A fost redactor-\u0219ef al PRESShub \u00eentre 2022 \u0219i iunie 2024. Anterior, a fost redactor-\u0219ef al Newsweek Rom\u00e2nia, din 2018 p\u00e2n\u0103 \u00een 2021, \u0219i al cotidianului Rom\u00e2nia liber\u0103, \u00eentre 2015 \u0219i 2017. Este absolvent de Jurnalism, \u00een cadrul Universit\u0103\u021bii \u201eAl.I.Cuza\u201d din Ia\u0219i, \u0219i a urmat un master \u00een Managementul institu\u021biilor mass-media (f\u0103r\u0103 diserta\u021bie) la Facultatea de Jurnalism \u0219i \u0218tiin\u021bele Comunic\u0103rii din cadrul Universit\u0103\u021bii din Bucure\u0219ti. \u0218i-a \u00eenceput cariera la Opinia studen\u021beasc\u0103, cunoscuta \u0219coal\u0103 de pres\u0103 din Ia\u0219i. A lucrat \u00een presa local\u0103, apoi a devenit corespondent pentru Ia\u0219i al cotidianului Evenimentul Zilei. Din 2004, a coordonat pentru \u0219ase luni sec\u021bia de coresponden\u021bi a Evenimentului Zilei. A mai lucrat la s\u0103pt\u0103m\u00e2nalul Prezent \u0219i a colaborat cu revistele Dilema Veche \u0219i Suplimentul de Cultur\u0103. Este co-autor \u00een volumele \u201eMass-media \u0219i democra\u021bia \u00een Rom\u00e2nia post-comunist\u0103\u201d (ed. a II-a), Ed. Institutul European, Ia\u0219i, 2013, \u0219i \u201eCOVID - 19. Dimensiuni ale gestionarii pandemiei\u201d, Editura Junimea, Ia\u0219i, 2020.\",\"url\":\"https:\\\/\\\/buletin.de\\\/bucuresti\\\/author\\\/razvan-chiruta\\\/\"}]}<\/script>\n<!-- \/ Yoast SEO Premium plugin. -->","yoast_head_json":{"title":"Prim\u0103ria Capitalei despre pasajele cu care se laud\u0103 Daniel B\u0103lu\u021b\u0103: nu au avizul Comisiei de Circula\u021bie \u0219i blocheaz\u0103 amenajarea unei linii de tramvai - Buletin de Bucure\u0219ti","description":"Direc\u021bia Transporturi din cadrul Prim\u0103riei Capitale afirm\u0103 despre pasajele realizate de Prim\u0103ria Sectorului 4 c\u0103 nu respect\u0103 legea.","robots":{"index":"index","follow":"follow","max-snippet":"max-snippet:-1","max-image-preview":"max-image-preview:large","max-video-preview":"max-video-preview:-1"},"canonical":"https:\/\/buletin.de\/bucuresti\/primaria-capitalei-despre-pasajele-cu-care-se-lauda-daniel-baluta-nu-au-avizul-comisiei-de-circulatie-si-blocheaza-definitiv-crearea-unei-linii-de-tramvai\/","og_locale":"en_GB","og_type":"article","og_title":"Prim\u0103ria Capitalei despre pasajele cu care se laud\u0103 Daniel B\u0103lu\u021b\u0103: nu au avizul Comisiei de Circula\u021bie \u0219i blocheaz\u0103 amenajarea unei linii de tramvai","og_description":"Direc\u021bia Transporturi din cadrul Prim\u0103riei Capitale afirm\u0103 despre pasajele realizate de Prim\u0103ria Sectorului 4 c\u0103 nu respect\u0103 legea.","og_url":"https:\/\/buletin.de\/bucuresti\/primaria-capitalei-despre-pasajele-cu-care-se-lauda-daniel-baluta-nu-au-avizul-comisiei-de-circulatie-si-blocheaza-definitiv-crearea-unei-linii-de-tramvai\/","og_site_name":"Buletin de Bucure\u0219ti","article_publisher":"https:\/\/www.facebook.com\/buletin.de.buc","article_published_time":"2026-03-16T02:17:00+00:00","article_modified_time":"2026-03-18T20:01:13+00:00","og_image":[{"width":2048,"height":1365,"url":"https:\/\/buletin.de\/bucuresti\/wp-content\/uploads\/2026\/03\/danielbalutaparatoriipatriei.jpg","type":"image\/jpeg"}],"author":"R\u0103zvan Chiru\u021b\u0103","twitter_card":"summary_large_image","twitter_misc":{"Written by":"R\u0103zvan Chiru\u021b\u0103","Estimated reading time":"4 minutes"},"schema":{"@context":"https:\/\/schema.org","@graph":[{"@type":"Article","@id":"https:\/\/buletin.de\/bucuresti\/primaria-capitalei-despre-pasajele-cu-care-se-lauda-daniel-baluta-nu-au-avizul-comisiei-de-circulatie-si-blocheaza-definitiv-crearea-unei-linii-de-tramvai\/#article","isPartOf":{"@id":"https:\/\/buletin.de\/bucuresti\/primaria-capitalei-despre-pasajele-cu-care-se-lauda-daniel-baluta-nu-au-avizul-comisiei-de-circulatie-si-blocheaza-definitiv-crearea-unei-linii-de-tramvai\/"},"author":{"name":"R\u0103zvan Chiru\u021b\u0103","@id":"https:\/\/buletin.de\/bucuresti\/#\/schema\/person\/a76df728dfc913795a9d90e346b253bb"},"headline":"Prim\u0103ria Capitalei despre pasajele cu care se laud\u0103 Daniel B\u0103lu\u021b\u0103: nu au avizul Comisiei de Circula\u021bie \u0219i blocheaz\u0103 amenajarea unei linii de tramvai","datePublished":"2026-03-16T02:17:00+00:00","dateModified":"2026-03-18T20:01:13+00:00","mainEntityOfPage":{"@id":"https:\/\/buletin.de\/bucuresti\/primaria-capitalei-despre-pasajele-cu-care-se-lauda-daniel-baluta-nu-au-avizul-comisiei-de-circulatie-si-blocheaza-definitiv-crearea-unei-linii-de-tramvai\/"},"wordCount":706,"publisher":{"@id":"https:\/\/buletin.de\/bucuresti\/#organization"},"image":{"@id":"https:\/\/buletin.de\/bucuresti\/primaria-capitalei-despre-pasajele-cu-care-se-lauda-daniel-baluta-nu-au-avizul-comisiei-de-circulatie-si-blocheaza-definitiv-crearea-unei-linii-de-tramvai\/#primaryimage"},"thumbnailUrl":"https:\/\/buletin.de\/bucuresti\/wp-content\/uploads\/2026\/03\/danielbalutaparatoriipatriei.jpg","keywords":["aparatorii patriei","daniel baluta","Pasajul Aparatorii Patriei","Pasajul Oltenitei","Sector 4","tramvai inel median"],"articleSection":["Articole","Main","Prim\u0103rie"],"inLanguage":"en-GB","copyrightYear":"2026","copyrightHolder":{"@id":"https:\/\/buletin.de\/bucuresti\/#organization"}},{"@type":"WebPage","@id":"https:\/\/buletin.de\/bucuresti\/primaria-capitalei-despre-pasajele-cu-care-se-lauda-daniel-baluta-nu-au-avizul-comisiei-de-circulatie-si-blocheaza-definitiv-crearea-unei-linii-de-tramvai\/","url":"https:\/\/buletin.de\/bucuresti\/primaria-capitalei-despre-pasajele-cu-care-se-lauda-daniel-baluta-nu-au-avizul-comisiei-de-circulatie-si-blocheaza-definitiv-crearea-unei-linii-de-tramvai\/","name":"Prim\u0103ria Capitalei despre pasajele cu care se laud\u0103 Daniel B\u0103lu\u021b\u0103: nu au avizul Comisiei de Circula\u021bie \u0219i blocheaz\u0103 amenajarea unei linii de tramvai - Buletin de Bucure\u0219ti","isPartOf":{"@id":"https:\/\/buletin.de\/bucuresti\/#website"},"primaryImageOfPage":{"@id":"https:\/\/buletin.de\/bucuresti\/primaria-capitalei-despre-pasajele-cu-care-se-lauda-daniel-baluta-nu-au-avizul-comisiei-de-circulatie-si-blocheaza-definitiv-crearea-unei-linii-de-tramvai\/#primaryimage"},"image":{"@id":"https:\/\/buletin.de\/bucuresti\/primaria-capitalei-despre-pasajele-cu-care-se-lauda-daniel-baluta-nu-au-avizul-comisiei-de-circulatie-si-blocheaza-definitiv-crearea-unei-linii-de-tramvai\/#primaryimage"},"thumbnailUrl":"https:\/\/buletin.de\/bucuresti\/wp-content\/uploads\/2026\/03\/danielbalutaparatoriipatriei.jpg","datePublished":"2026-03-16T02:17:00+00:00","dateModified":"2026-03-18T20:01:13+00:00","description":"Direc\u021bia Transporturi din cadrul Prim\u0103riei Capitale afirm\u0103 despre pasajele realizate de Prim\u0103ria Sectorului 4 c\u0103 nu respect\u0103 legea.","breadcrumb":{"@id":"https:\/\/buletin.de\/bucuresti\/primaria-capitalei-despre-pasajele-cu-care-se-lauda-daniel-baluta-nu-au-avizul-comisiei-de-circulatie-si-blocheaza-definitiv-crearea-unei-linii-de-tramvai\/#breadcrumb"},"inLanguage":"en-GB","potentialAction":[{"@type":"ReadAction","target":["https:\/\/buletin.de\/bucuresti\/primaria-capitalei-despre-pasajele-cu-care-se-lauda-daniel-baluta-nu-au-avizul-comisiei-de-circulatie-si-blocheaza-definitiv-crearea-unei-linii-de-tramvai\/"]}]},{"@type":"ImageObject","inLanguage":"en-GB","@id":"https:\/\/buletin.de\/bucuresti\/primaria-capitalei-despre-pasajele-cu-care-se-lauda-daniel-baluta-nu-au-avizul-comisiei-de-circulatie-si-blocheaza-definitiv-crearea-unei-linii-de-tramvai\/#primaryimage","url":"https:\/\/buletin.de\/bucuresti\/wp-content\/uploads\/2026\/03\/danielbalutaparatoriipatriei.jpg","contentUrl":"https:\/\/buletin.de\/bucuresti\/wp-content\/uploads\/2026\/03\/danielbalutaparatoriipatriei.jpg","width":2048,"height":1365,"caption":"Primarul Daniel B\u0103lu\u021b\u0103, la pasajul Ap\u0103r\u0103torii Patriei. Foto PS4"},{"@type":"BreadcrumbList","@id":"https:\/\/buletin.de\/bucuresti\/primaria-capitalei-despre-pasajele-cu-care-se-lauda-daniel-baluta-nu-au-avizul-comisiei-de-circulatie-si-blocheaza-definitiv-crearea-unei-linii-de-tramvai\/#breadcrumb","itemListElement":[{"@type":"ListItem","position":1,"name":"Acas\u0103","item":"https:\/\/buletin.de\/bucuresti\/"},{"@type":"ListItem","position":2,"name":"Prim\u0103ria Capitalei despre pasajele cu care se laud\u0103 Daniel B\u0103lu\u021b\u0103: nu au avizul Comisiei de Circula\u021bie \u0219i blocheaz\u0103 amenajarea unei linii de tramvai"}]},{"@type":"WebSite","@id":"https:\/\/buletin.de\/bucuresti\/#website","url":"https:\/\/buletin.de\/bucuresti\/","name":"Buletin de Bucure\u0219ti","description":"\u0218tiri \u0219i investiga\u021bii esen\u021biale din capital\u0103","publisher":{"@id":"https:\/\/buletin.de\/bucuresti\/#organization"},"potentialAction":[{"@type":"SearchAction","target":{"@type":"EntryPoint","urlTemplate":"https:\/\/buletin.de\/bucuresti\/?s={search_term_string}"},"query-input":{"@type":"PropertyValueSpecification","valueRequired":true,"valueName":"search_term_string"}}],"inLanguage":"en-GB"},{"@type":"Organization","@id":"https:\/\/buletin.de\/bucuresti\/#organization","name":"Buletin de Bucure\u0219ti","url":"https:\/\/buletin.de\/bucuresti\/","logo":{"@type":"ImageObject","inLanguage":"en-GB","@id":"https:\/\/buletin.de\/bucuresti\/#\/schema\/logo\/image\/","url":"https:\/\/buletin.de\/bucuresti\/wp-content\/uploads\/logo-bdb-full-wide-vernil-transparent.png","contentUrl":"https:\/\/buletin.de\/bucuresti\/wp-content\/uploads\/logo-bdb-full-wide-vernil-transparent.png","width":1782,"height":626,"caption":"Buletin de Bucure\u0219ti"},"image":{"@id":"https:\/\/buletin.de\/bucuresti\/#\/schema\/logo\/image\/"},"sameAs":["https:\/\/www.facebook.com\/buletin.de.buc","https:\/\/www.instagram.com\/buletinde.bucuresti\/"]},{"@type":"Person","@id":"https:\/\/buletin.de\/bucuresti\/#\/schema\/person\/a76df728dfc913795a9d90e346b253bb","name":"R\u0103zvan Chiru\u021b\u0103","image":{"@type":"ImageObject","inLanguage":"en-GB","@id":"https:\/\/buletin.de\/bucuresti\/wp-content\/uploads\/Razvan-Chiruta-96x96.jpge7143b996fd4241fbd6ee1f6b6b7b267","url":"https:\/\/buletin.de\/bucuresti\/wp-content\/uploads\/Razvan-Chiruta-96x96.jpg","contentUrl":"https:\/\/buletin.de\/bucuresti\/wp-content\/uploads\/Razvan-Chiruta-96x96.jpg","caption":"R\u0103zvan Chiru\u021b\u0103"},"description":"R\u0103zvan Chiru\u021b\u0103 este redactor-\u0219ef adjunct din iulie 2024. A fost redactor-\u0219ef al PRESShub \u00eentre 2022 \u0219i iunie 2024. Anterior, a fost redactor-\u0219ef al Newsweek Rom\u00e2nia, din 2018 p\u00e2n\u0103 \u00een 2021, \u0219i al cotidianului Rom\u00e2nia liber\u0103, \u00eentre 2015 \u0219i 2017. Este absolvent de Jurnalism, \u00een cadrul Universit\u0103\u021bii \u201eAl.I.Cuza\u201d din Ia\u0219i, \u0219i a urmat un master \u00een Managementul institu\u021biilor mass-media (f\u0103r\u0103 diserta\u021bie) la Facultatea de Jurnalism \u0219i \u0218tiin\u021bele Comunic\u0103rii din cadrul Universit\u0103\u021bii din Bucure\u0219ti. \u0218i-a \u00eenceput cariera la Opinia studen\u021beasc\u0103, cunoscuta \u0219coal\u0103 de pres\u0103 din Ia\u0219i. A lucrat \u00een presa local\u0103, apoi a devenit corespondent pentru Ia\u0219i al cotidianului Evenimentul Zilei. Din 2004, a coordonat pentru \u0219ase luni sec\u021bia de coresponden\u021bi a Evenimentului Zilei. A mai lucrat la s\u0103pt\u0103m\u00e2nalul Prezent \u0219i a colaborat cu revistele Dilema Veche \u0219i Suplimentul de Cultur\u0103. Este co-autor \u00een volumele \u201eMass-media \u0219i democra\u021bia \u00een Rom\u00e2nia post-comunist\u0103\u201d (ed. a II-a), Ed. Institutul European, Ia\u0219i, 2013, \u0219i \u201eCOVID - 19. Dimensiuni ale gestionarii pandemiei\u201d, Editura Junimea, Ia\u0219i, 2020.","url":"https:\/\/buletin.de\/bucuresti\/author\/razvan-chiruta\/"}]}},"authors":[{"term_id":22582,"user_id":60,"is_guest":0,"slug":"razvan-chiruta","display_name":"R\u0103zvan Chiru\u021b\u0103","avatar_url":"https:\/\/buletin.de\/bucuresti\/wp-content\/uploads\/Razvan-Chiruta-96x96.jpg","0":null,"1":"","2":"","3":"","4":"","5":"","6":"","7":"","8":""}],"_links":{"self":[{"href":"https:\/\/buletin.de\/bucuresti\/wp-json\/wp\/v2\/posts\/180754","targetHints":{"allow":["GET"]}}],"collection":[{"href":"https:\/\/buletin.de\/bucuresti\/wp-json\/wp\/v2\/posts"}],"about":[{"href":"https:\/\/buletin.de\/bucuresti\/wp-json\/wp\/v2\/types\/post"}],"author":[{"embeddable":true,"href":"https:\/\/buletin.de\/bucuresti\/wp-json\/wp\/v2\/users\/60"}],"replies":[{"embeddable":true,"href":"https:\/\/buletin.de\/bucuresti\/wp-json\/wp\/v2\/comments?post=180754"}],"version-history":[{"count":8,"href":"https:\/\/buletin.de\/bucuresti\/wp-json\/wp\/v2\/posts\/180754\/revisions"}],"predecessor-version":[{"id":180793,"href":"https:\/\/buletin.de\/bucuresti\/wp-json\/wp\/v2\/posts\/180754\/revisions\/180793"}],"wp:featuredmedia":[{"embeddable":true,"href":"https:\/\/buletin.de\/bucuresti\/wp-json\/wp\/v2\/media\/180779"}],"wp:attachment":[{"href":"https:\/\/buletin.de\/bucuresti\/wp-json\/wp\/v2\/media?parent=180754"}],"wp:term":[{"taxonomy":"category","embeddable":true,"href":"https:\/\/buletin.de\/bucuresti\/wp-json\/wp\/v2\/categories?post=180754"},{"taxonomy":"post_tag","embeddable":true,"href":"https:\/\/buletin.de\/bucuresti\/wp-json\/wp\/v2\/tags?post=180754"},{"taxonomy":"author","embeddable":true,"href":"https:\/\/buletin.de\/bucuresti\/wp-json\/wp\/v2\/ppma_author?post=180754"}],"curies":[{"name":"wp","href":"https:\/\/api.w.org\/{rel}","templated":true}]}}