{"id":180736,"date":"2026-03-15T19:30:55","date_gmt":"2026-03-15T16:30:55","guid":{"rendered":"https:\/\/buletin.de\/bucuresti\/?p=180736"},"modified":"2026-03-17T20:54:51","modified_gmt":"2026-03-17T17:54:51","slug":"opinie-a-aparut-o-noua-avarie-in-zona-ta-cum-se-simte-lipsa-caldurii-in-pragul-unui-nou-val-de-aer-polar-care-va-lovi-capitala","status":"publish","type":"post","link":"https:\/\/buletin.de\/bucuresti\/opinie-a-aparut-o-noua-avarie-in-zona-ta-cum-se-simte-lipsa-caldurii-in-pragul-unui-nou-val-de-aer-polar-care-va-lovi-capitala\/","title":{"rendered":"OPINIE | \u201eA ap\u0103rut o nou\u0103 avarie \u00een zona ta\u201d. Cum se simte lipsa c\u0103ldurii, \u00een pragul unui nou \u201eval de aer polar\u201d care va lovi Capitala"},"content":{"rendered":"\n<p><strong>\u00cen timp ce scriu aceste r\u00e2nduri, degetele aproape degerate mi se mi\u0219c\u0103 haotic pe tastatur\u0103, abia pot s\u0103 le controlez. Aproape ca la cules de urzici. M\u0103 mai opresc din c\u00e2nd \u00een c\u00e2nd, s\u0103 iau c\u00e2te o gur\u0103 de ceai, s\u0103-mi \u00eenc\u0103lzesc m\u00e2inile pe cea\u0219ca fierbinte. <\/strong><\/p>\n\n\n\n<p><strong>Sunt deja la a \u0219asea can\u0103 de ceai, la jum\u0103tatea celei de-a \u0219aptea zi a s\u0103pt\u0103m\u00e2nii. De obicei nu beau a\u0219a mult, dar am l\u0103sat o oal\u0103 cu ap\u0103 la fiert ca s\u0103 se \u00eenc\u0103lzeasc\u0103 pu\u021bin casa, dup\u0103 ce m-am trezit, din nou, \u00een Siberia<\/strong> <strong>din Sectorul 2.<\/strong><\/p>\n\n\n\n<p><em>\u201eA ap\u0103rut o nou\u0103 avarie \u00een zona ta. Afl\u0103 dac\u0103 e\u0219ti afectat\u201d<\/em> este notificarea pe care am primit-o pe telefonul meu, de la celebra aplica\u021bie \u201eTermoalert\u201d, \u00een timp ce eram deja \u00eembr\u0103cat cu vreo trei straturi de haine.<\/p>\n\n\n\n<p>Capitala se va confrunta zilele urm\u0103toare cu un \u201eval de aer polar\u201d, iar temperaturile maxime nu vor trece de 13 grade Celsius, \u00een v\u00e2rf de zi.<\/p>\n\n\n\n<p>\u00cen acest moment, de exemplu, temperatura de afar\u0103 este de 10 grade. Luni \u0219i mar\u021bi, temperatura ar putea ajunge p\u00e2n\u0103 la -1 grad.<\/p>\n\n\n\n<p><strong>CITE\u0218TE \u0218I: <\/strong><a href=\"https:\/\/buletin.de\/bucuresti\/temperaturile-scad-usor-saptamana-viitoare-in-capitala\/\"><strong>Val de aer polar, zilele urm\u0103toare, \u00een Capital\u0103<\/strong><\/a><\/p>\n\n\n\n<h2 class=\"wp-block-heading\" id=\"h-la-ce-e-buna-termoalert\"><strong>La ce e bun\u0103 \u201eTermoalert\u201d?<\/strong><\/h2>\n\n\n\n<p>Luni, mar\u021bi, sau oricare alt\u0103 zi friguroas\u0103, nici nu mai conteaz\u0103. Nu am v\u0103zut c\u0103ldura toat\u0103 luna ianuarie \u0219i nici februarie nu a fost mai bl\u00e2nd\u0103, doar c\u00e2teva zile \u00een care caloriferul a \u00eencercat, \u00een zadar, s\u0103 \u00eenc\u0103lzeasc\u0103 apartamentul.<\/p>\n\n\n\n<p>Apa cald\u0103 este un lux care, dac\u0103 ar fi fost o fiin\u021b\u0103 vie, ar fi tr\u0103it la Polul Nord. C\u00e2nd, dintr-o minune bizar\u0103, ap\u0103rea, era doar \u201ec\u0103l\u00e2ie\u201d, ca o m\u00e2ncare uitat\u0103 \u00een frigider de s\u0103pt\u0103m\u00e2ni. <\/p>\n\n\n\n<p>\u0218i cu toate astea, avizierul love\u0219te \u00een moalele capului cu sume astronomice, de parc\u0103 pl\u0103te\u0219ti pentru o cas\u0103 tropical\u0103, nu pentru frig \u0219i ap\u0103 glacial\u0103.<\/p>\n\n\n\n<p>\u00cen ianuarie, de exemplu, 247,91 lei pentru \u201ec\u0103ldur\u0103\u201c. Pentru ni\u0219te calorifere reci ca s\u00e2ngele fo\u0219tilor primari generali care \u0219i-au petrecut mandatele cheltuind bani pe <a href=\"https:\/\/www.vice.com\/ro\/article\/firea-toaca-banii-tai-pe-concerte-si-moaste-ca-sa-uiti-ca-nu-a-facut-nimic-in-bucuresti\/\">concerte <\/a>\u0219i moa\u0219te \u0219i schimb\u00e2nd mai pu\u021bin de 100 de kilometri de \u021bevi, \u00een timp ce noi ne transformam \u00een statui vii de ghea\u021b\u0103.<\/p>\n\n\n\n<p>\u00cencerc s\u0103 fiu r\u0103bd\u0103tor, \u00een miez de prim\u0103var\u0103, s\u0103 \u00een\u021beleg \u0219i s\u0103 nu par un om nervos de pe Facebook, dar c\u00e2nd stai \u00een frig, c\u00e2nd degetele tale \u00eenghea\u021b\u0103 pe tastatur\u0103, c\u00e2nd fiecare respira\u021bie se transform\u0103 \u00een abur, este nevoie de mai mult dec\u00e2t r\u0103bdare \u0219i \u00een\u021belegere. Nu mai e vorba de un inconvenient, e o insult\u0103, te sim\u021bi luat la mi\u0219to. <\/p>\n\n\n\n<p>Aplica\u021bia Termoalert spune \u201eparametrii insuficien\u021bi pentru livrare ap\u0103 cald\u0103 de consum \u0219i \u00eenc\u0103lzire din cauza lucr\u0103rilor la Magistrala 2 Sud\u201d. <\/p>\n\n\n\n<p>Adic\u0103\u2026 ok, mul\u021bumesc, am \u00een\u021beles, dar de ce trebuie s\u0103 m\u0103 trateze cu tonul \u0103sta de predic\u0103 bisericeasc\u0103, \u00een timp ce stau cu nasul lipit de caloriferul rece \u0219i cu ochii la un Soare cu din\u021bi?<\/p>\n\n\n\n<p>Evident, niciun om s\u0103n\u0103tos la cap nu ar face scandal, pe Facebook sau \u00een alt\u0103 parte, dac\u0103 ar trebui s\u0103 stea c\u00e2teva zile \u00een frig c\u00e2t timp sunt schimbate conductele.<\/p>\n\n\n\n<p>Totu\u0219i, nici m\u0103car lipsa c\u0103ldurii \u0219i a apei calde nu este at\u00e2t de deranjant\u0103 ca frecven\u021ba cu care se \u00eent\u00e2mpl\u0103 \u0219i \u201etiming-ul\u201d. <\/p>\n\n\n\n<p>Mii de bucure\u0219teni au \u00eenghe\u021bat chiar \u00een cele mai friguroase momente ale anului. De\u0219i nici vara nu poate spune nimeni c\u0103 situa\u021bia este mai pl\u0103cut\u0103. \u00cen Sectorul 2, de la \u00eenceputul lunii august \u0219i p\u00e2n\u0103 la jum\u0103tatea lunii octombrie nu au existat nici m\u0103car doi stropi de ap\u0103 cald\u0103. Num\u0103ra\u021bi cu pipeta.<\/p>\n\n\n\n<p>Un alt lucru la fel de scandalos este aplica\u021bia \u201eTermoalert\u201d, care nu face nimic altceva dec\u00e2t s\u0103 ocupe ni\u0219te memorie a telefonului.<\/p>\n\n\n\n<p>Calitatea vie\u021bii ar fi cu mult mai crescut\u0103 dac\u0103 termenele estimate pentru \u201eremediere\u201d nu ar fi efectiv inutile.<\/p>\n\n\n\n<p>De cele mai multe ori, c\u00e2nd exist\u0103 o avarie, aplica\u021bia spune c\u0103 problema va fi remediat\u0103 urm\u0103toarea zi la 23:30. Nu e o surpriz\u0103 pentru nimeni \u0219i nu se mai a\u0219teapt\u0103 nimeni ca, la 23:30, s\u0103 existe ap\u0103 cald\u0103 \u0219i c\u0103ldur\u0103. <\/p>\n\n\n\n<p>Ce se \u00eent\u00e2mpl\u0103 de fapt la acea or\u0103 e de fapt doar schimbarea termenului. Urm\u0103toarea zi, la aceea\u0219i or\u0103. O alt\u0103 minciun\u0103.<\/p>\n\n\n\n<p>De fapt, uneori c\u00e2nd aplica\u021bia spune \u201eNu exist\u0103 nicio avarie \u00een zona ta\u201d, de fapt se \u00eent\u00e2mpl\u0103 s\u0103 existe o avarie \u00een zona ta. <\/p>\n\n\n\n<p>Acum, de exemplu, sistemul de termoficare ar func\u021biona la o capacitate de 97%. Dac\u0103 doar 3% dintre bucure\u0219teni n-ar avea ap\u0103 cald\u0103, probabil c\u0103 Termoenergetica \u0219i Prim\u0103ria General\u0103 nu ar avea frigiderele umplute de oamenii nervo\u0219i.<\/p>\n\n\n\n<p>Recunosc c\u0103 am fost \u0219i eu unul dintre acei oameni vara trecut\u0103, c\u00e2nd termenul ini\u021bial de remediere era 12 august, dar s-a prelungit de nenum\u0103rate ori p\u00e2n\u0103 undeva la 11 octombrie.<\/p>\n\n\n\n<h2 class=\"wp-block-heading\" id=\"h-proiectul-pentru-facturi-mai-mici-blocat-intr-un-studiu-de-jumatate-de-an\"><strong>Proiectul pentru facturi mai mici, blocat \u00eentr-un studiu de jum\u0103tate de an<\/strong><\/h2>\n\n\n\n<p>\u0218i apoi, c\u00e2nd credeam c\u0103 universul \u0103sta de frig, calorifere reci \u0219i aplica\u021bii inutile nu mai poate fi \u0219i mai absurd, apare proiectul \u201ePl\u0103te\u0219ti c\u00e2t\u0103 c\u0103ldur\u0103 prime\u0219ti\u201d, ini\u021biat de Daniel B\u0103lu\u021b\u0103, primarul Sectorului 4.<\/p>\n\n\n\n<p>Adic\u0103 ideea proiectului e simpl\u0103: dac\u0103 nu prime\u0219ti c\u0103ldur\u0103 la temperatura convenit\u0103, pl\u0103te\u0219ti mai pu\u021bin. Sun\u0103 minunat pentru oricine locuie\u0219te \u00een zone precum Colentina.<\/p>\n\n\n\n<p>Doar c\u0103, \u00een loc s\u0103 se aplice \u00eentr-un termen rezonabil de 90 de zile, Consiliul General a decis c\u0103 mai \u00eent\u00e2i trebuie un studiu de \u0219ase luni ca s\u0103 se \u201eg\u0103seasc\u0103 solu\u021bia cea mai eficient\u0103\u201d. <\/p>\n\n\n\n<p>Adic\u0103 exact perioada \u00een care bucure\u0219tenii vor sta \u00een frig, vor face baie cu ap\u0103 rece \u0219i vor visa la calorifere care func\u021bioneaz\u0103.<\/p>\n\n\n\n<p>\u0218i, desigur, exist\u0103 deja un mecanism de reducere a facturilor c\u00e2nd c\u0103ldura nu e livrat\u0103 corect, dar cine mai \u021bine cont de asta?&nbsp;<\/p>\n\n\n\n<p>Proiectul care a trecut vineri de votul consilierilor generali presupune c\u0103 o institu\u021bie va verifica cum func\u021bioneaz\u0103 sistemul vechi, ceea ce, citind printre r\u00e2nduri, sun\u0103 a \u201ene asigur\u0103m c\u0103 nimic nu se schimb\u0103 de fapt\u201d.<\/p>\n\n\n\n<p>O alt\u0103 problem\u0103 ar fi faptul c\u0103 social-democratul Daniel B\u0103lu\u021b\u0103 a venit cu acest proiect. El este colegul de partid al fostului primar Gabriela Firea, care se l\u0103uda \u00een ultimul ei an de mandat c\u0103 \u00een 4 ani a schimbat 30 de kilometri de re\u021bea principal\u0103, din aproape 1.000. Adic\u0103 a schimbat 3% din \u021bevi, conform <a href=\"https:\/\/www.g4media.ro\/gabriela-firea-se-lauda-cu-faptul-ca-in-patru-ani-de-mandat-a-inlocuit-180-de-km-din-conductele-vechi-ale-radet-intreaga-retea-are-4-000-de-km.html\">G4Media<\/a>.<\/p>\n\n\n\n<p>\u00cen compara\u021bie, Nicu\u0219or Dan a schimbat \u00een jur de 160 kilometri, iar Oprescu a contribuit \u0219i el cu aproximativ 100.<\/p>\n\n\n\n<p>Restul conductelor, 700 kilometri, nu au mai fost schimbate de c\u00e2teva decenii.<\/p>\n\n\n\n<h2 class=\"wp-block-heading\" id=\"h-cainele-calorifer-oalele-gigantice-\u0219i-du\u0219urile-la-prieteni\"><strong>C\u00e2inele-calorifer, oalele gigantice \u0219i du\u0219urile la prieteni<\/strong><\/h2>\n\n\n\n<p>Exist\u0103, totu\u0219i, \u201emetode\u201d prin care po\u021bi face frigul siberian din Sectorul 2 m\u0103car un pic suportabil. Nu e vorba de miracole precum c\u0103ldur\u0103 pe \u021beav\u0103 \u0219i alte basme pentru copii mari.<\/p>\n\n\n\n<p>Primul truc pe care l-am constatat f\u0103r\u0103 s\u0103 vreau este c\u00e2inele meu. Am un monstru bl\u0103nos de vreo 30 \u0219i ceva de kilograme, care, c\u00e2nd ne b\u0103g\u0103m sub plapum\u0103, eman\u0103 c\u0103ldur\u0103 ca un calorifer personal.<\/p>\n\n\n\n<p>Dac\u0103 a\u0219 fi \u0219tiut c\u0103 fiin\u021ba asta poate fi convertit\u0103 \u00een central\u0103 de apartament low-cost, a\u0219 mai fi luat 3 din vreun ad\u0103post, c\u00e2te unul pentru fiecare camer\u0103.<\/p>\n\n\n\n<p>Apoi e vecina mea din blocul de vizavi, o doamn\u0103 cu fler de alchimist. Spune c\u0103 are o oal\u0103 gigantic\u0103 \u00een care \u00eenc\u0103lze\u0219te ap\u0103 ca s\u0103 se spele. \u0218i nu e orice oal\u0103, e una care ar putea concura cu cazanul unui conac medieval.<\/p>\n\n\n\n<p>Sunt \u0219i cei \u201eresemna\u021bi\u201d \u00een cartier, veterani ai iernii, care au tr\u0103it toat\u0103 via\u021ba la bloc \u00een Bucure\u0219ti \u0219i care te privesc cu ochii lor de ghe\u021bar \u0219i spun: <em>\u201eM-am resemnat, m\u0103 sp\u0103l cu ap\u0103 rece\u201d<\/em>.<\/p>\n\n\n\n<p>\u0218i apoi, prietenii noroco\u0219i, cei care au central\u0103 sau boiler \u0219i c\u0103rora le mul\u021bumesc c\u0103 exist\u0103, sunt un fel de temple ale salv\u0103rii. <\/p>\n\n\n\n<p>O vizit\u0103 la ei pentru un du\u0219 cald se simte ca o sear\u0103 la Therme. Poate vor ajunge s\u0103 pun\u0103 \u0219i ei o tax\u0103 similar\u0103 de intrare la du\u0219, c\u0103 problema e at\u00e2t de persistent\u0103 c\u0103 unii dintre ei ar putea crede c\u0103 le folosesc apa cald\u0103 ca s\u0103 fac eu economie.<\/p>\n\n\n\n<p>Termoalert spune c\u0103 voi avea din nou c\u0103ldur\u0103 disear\u0103, la ora 23:00. O s\u0103 revin probabil cu un follow-up la articolul \u0103sta, fie s\u0103 confirm, fie s\u0103 anun\u021b c\u0103 am mai adoptat un c\u00e2ine. Sau un topora\u0219, pentru godinul necesar unui Bucure\u0219ti \u201eeuropean\u201c.<\/p>\n\n\n\n<p><strong>CITE\u0218TE \u0218I: <\/strong><a href=\"https:\/\/buletin.de\/bucuresti\/proiectul-platesti-cata-caldura-primesti-initiat-de-daniel-baluta-a-fost-adoptat-de-consiliul-general-cum-ar-urma-sa-fie-redusa-factura\/\"><strong>Proiectul \u201ePl\u0103te\u0219ti c\u00e2t\u0103 c\u0103ldur\u0103 prime\u0219ti\u201d, ini\u021biat de Daniel B\u0103lu\u021b\u0103, a fost adoptat de Consiliul General cu modific\u0103ri. Ce s-a schimbat<\/strong><\/a><\/p>\n\n\n\n<p><\/p>\n","protected":false},"excerpt":{"rendered":"<p>\u00cen timp ce scriu aceste r\u00e2nduri, degetele aproape degerate mi se mi\u0219c\u0103 haotic pe tastatur\u0103, abia pot s\u0103 le controlez. Aproape ca la cules de urzici. M\u0103 mai opresc din c\u00e2nd \u00een c\u00e2nd, s\u0103 iau c\u00e2te o gur\u0103 de ceai, s\u0103-mi \u00eenc\u0103lzesc m\u00e2inile pe cea\u0219ca fierbinte. Sunt deja la a \u0219asea can\u0103 de ceai, la [&hellip;]<\/p>\n","protected":false},"author":59,"featured_media":180742,"comment_status":"closed","ping_status":"open","sticky":false,"template":"","format":"standard","meta":{"_acf_changed":false,"inline_featured_image":false,"ngg_post_thumbnail":0,"footnotes":""},"categories":[6994,41,5762,6214],"tags":[415,9,248,2054,533,288],"ppma_author":[22572],"class_list":["post-180736","post","type-post","status-publish","format-standard","has-post-thumbnail","hentry","category-stiri-2","category-editorial","category-main","category-termo","tag-apa-calda","tag-bucuresti","tag-caldura","tag-capitala","tag-termoenergetica","tag-termoficare"],"acf":[],"yoast_head":"<!-- This site is optimized with the Yoast SEO Premium plugin v25.3 (Yoast SEO v27.5) - https:\/\/yoast.com\/product\/yoast-seo-premium-wordpress\/ -->\n<title>OPINIE | \u201eA ap\u0103rut o nou\u0103 avarie \u00een zona ta\u201d. Cum se simte lipsa c\u0103ldurii, \u00een pragul unui nou \u201eval de aer polar\u201d care va lovi Capitala - Buletin de Bucure\u0219ti<\/title>\n<meta name=\"description\" content=\"EDITORIAL | \u201eA ap\u0103rut o nou\u0103 avarie \u00een zona ta\u201d. Cum se simte lipsa c\u0103ldurii, \u00een pragul unui nou \u201eval de aer polar\u201d care va lovi Capitala\" \/>\n<meta name=\"robots\" content=\"index, follow, max-snippet:-1, max-image-preview:large, max-video-preview:-1\" \/>\n<link rel=\"canonical\" href=\"https:\/\/buletin.de\/bucuresti\/opinie-a-aparut-o-noua-avarie-in-zona-ta-cum-se-simte-lipsa-caldurii-in-pragul-unui-nou-val-de-aer-polar-care-va-lovi-capitala\/\" \/>\n<meta property=\"og:locale\" content=\"en_GB\" \/>\n<meta property=\"og:type\" content=\"article\" \/>\n<meta property=\"og:title\" content=\"OPINIE | \u201eA ap\u0103rut o nou\u0103 avarie \u00een zona ta\u201d. Cum se simte lipsa c\u0103ldurii, \u00een pragul unui nou \u201eval de aer polar\u201d care va lovi Capitala\" \/>\n<meta property=\"og:description\" content=\"EDITORIAL | \u201eA ap\u0103rut o nou\u0103 avarie \u00een zona ta\u201d. Cum se simte lipsa c\u0103ldurii, \u00een pragul unui nou \u201eval de aer polar\u201d care va lovi Capitala\" \/>\n<meta property=\"og:url\" content=\"https:\/\/buletin.de\/bucuresti\/opinie-a-aparut-o-noua-avarie-in-zona-ta-cum-se-simte-lipsa-caldurii-in-pragul-unui-nou-val-de-aer-polar-care-va-lovi-capitala\/\" \/>\n<meta property=\"og:site_name\" content=\"Buletin de Bucure\u0219ti\" \/>\n<meta property=\"article:publisher\" content=\"https:\/\/www.facebook.com\/buletin.de.buc\" \/>\n<meta property=\"article:published_time\" content=\"2026-03-15T16:30:55+00:00\" \/>\n<meta property=\"article:modified_time\" content=\"2026-03-17T17:54:51+00:00\" \/>\n<meta property=\"og:image\" content=\"https:\/\/buletin.de\/bucuresti\/wp-content\/uploads\/2026\/03\/Untitled-design-43-1000x529.png\" \/>\n\t<meta property=\"og:image:width\" content=\"1000\" \/>\n\t<meta property=\"og:image:height\" content=\"529\" \/>\n\t<meta property=\"og:image:type\" content=\"image\/png\" \/>\n<meta name=\"author\" content=\"C\u0103t\u0103lin Anghel-Dimache\" \/>\n<meta name=\"twitter:card\" content=\"summary_large_image\" \/>\n<meta name=\"twitter:label1\" content=\"Written by\" \/>\n\t<meta name=\"twitter:data1\" content=\"C\u0103t\u0103lin Anghel-Dimache\" \/>\n\t<meta name=\"twitter:label2\" content=\"Estimated reading time\" \/>\n\t<meta name=\"twitter:data2\" content=\"1 minute\" \/>\n<script type=\"application\/ld+json\" class=\"yoast-schema-graph\">{\"@context\":\"https:\\\/\\\/schema.org\",\"@graph\":[{\"@type\":\"Article\",\"@id\":\"https:\\\/\\\/buletin.de\\\/bucuresti\\\/opinie-a-aparut-o-noua-avarie-in-zona-ta-cum-se-simte-lipsa-caldurii-in-pragul-unui-nou-val-de-aer-polar-care-va-lovi-capitala\\\/#article\",\"isPartOf\":{\"@id\":\"https:\\\/\\\/buletin.de\\\/bucuresti\\\/opinie-a-aparut-o-noua-avarie-in-zona-ta-cum-se-simte-lipsa-caldurii-in-pragul-unui-nou-val-de-aer-polar-care-va-lovi-capitala\\\/\"},\"author\":{\"name\":\"C\u0103t\u0103lin Anghel-Dimache\",\"@id\":\"https:\\\/\\\/buletin.de\\\/bucuresti\\\/#\\\/schema\\\/person\\\/0ac9db30080482be87c7386a30f98796\"},\"headline\":\"OPINIE | \u201eA ap\u0103rut o nou\u0103 avarie \u00een zona ta\u201d. Cum se simte lipsa c\u0103ldurii, \u00een pragul unui nou \u201eval de aer polar\u201d care va lovi Capitala\",\"datePublished\":\"2026-03-15T16:30:55+00:00\",\"dateModified\":\"2026-03-17T17:54:51+00:00\",\"mainEntityOfPage\":{\"@id\":\"https:\\\/\\\/buletin.de\\\/bucuresti\\\/opinie-a-aparut-o-noua-avarie-in-zona-ta-cum-se-simte-lipsa-caldurii-in-pragul-unui-nou-val-de-aer-polar-care-va-lovi-capitala\\\/\"},\"wordCount\":1548,\"publisher\":{\"@id\":\"https:\\\/\\\/buletin.de\\\/bucuresti\\\/#organization\"},\"image\":{\"@id\":\"https:\\\/\\\/buletin.de\\\/bucuresti\\\/opinie-a-aparut-o-noua-avarie-in-zona-ta-cum-se-simte-lipsa-caldurii-in-pragul-unui-nou-val-de-aer-polar-care-va-lovi-capitala\\\/#primaryimage\"},\"thumbnailUrl\":\"https:\\\/\\\/buletin.de\\\/bucuresti\\\/wp-content\\\/uploads\\\/2026\\\/03\\\/Untitled-design-43-scaled.png\",\"keywords\":[\"apa calda\",\"bucuresti\",\"caldura\",\"Capitala\",\"termoenergetica\",\"termoficare\"],\"articleSection\":[\"Articole\",\"Editorial\",\"Main\",\"Termoficare\"],\"inLanguage\":\"en-GB\",\"copyrightYear\":\"2026\",\"copyrightHolder\":{\"@id\":\"https:\\\/\\\/buletin.de\\\/bucuresti\\\/#organization\"}},{\"@type\":\"WebPage\",\"@id\":\"https:\\\/\\\/buletin.de\\\/bucuresti\\\/opinie-a-aparut-o-noua-avarie-in-zona-ta-cum-se-simte-lipsa-caldurii-in-pragul-unui-nou-val-de-aer-polar-care-va-lovi-capitala\\\/\",\"url\":\"https:\\\/\\\/buletin.de\\\/bucuresti\\\/opinie-a-aparut-o-noua-avarie-in-zona-ta-cum-se-simte-lipsa-caldurii-in-pragul-unui-nou-val-de-aer-polar-care-va-lovi-capitala\\\/\",\"name\":\"OPINIE | \u201eA ap\u0103rut o nou\u0103 avarie \u00een zona ta\u201d. Cum se simte lipsa c\u0103ldurii, \u00een pragul unui nou \u201eval de aer polar\u201d care va lovi Capitala - Buletin de Bucure\u0219ti\",\"isPartOf\":{\"@id\":\"https:\\\/\\\/buletin.de\\\/bucuresti\\\/#website\"},\"primaryImageOfPage\":{\"@id\":\"https:\\\/\\\/buletin.de\\\/bucuresti\\\/opinie-a-aparut-o-noua-avarie-in-zona-ta-cum-se-simte-lipsa-caldurii-in-pragul-unui-nou-val-de-aer-polar-care-va-lovi-capitala\\\/#primaryimage\"},\"image\":{\"@id\":\"https:\\\/\\\/buletin.de\\\/bucuresti\\\/opinie-a-aparut-o-noua-avarie-in-zona-ta-cum-se-simte-lipsa-caldurii-in-pragul-unui-nou-val-de-aer-polar-care-va-lovi-capitala\\\/#primaryimage\"},\"thumbnailUrl\":\"https:\\\/\\\/buletin.de\\\/bucuresti\\\/wp-content\\\/uploads\\\/2026\\\/03\\\/Untitled-design-43-scaled.png\",\"datePublished\":\"2026-03-15T16:30:55+00:00\",\"dateModified\":\"2026-03-17T17:54:51+00:00\",\"description\":\"EDITORIAL | \u201eA ap\u0103rut o nou\u0103 avarie \u00een zona ta\u201d. Cum se simte lipsa c\u0103ldurii, \u00een pragul unui nou \u201eval de aer polar\u201d care va lovi Capitala\",\"breadcrumb\":{\"@id\":\"https:\\\/\\\/buletin.de\\\/bucuresti\\\/opinie-a-aparut-o-noua-avarie-in-zona-ta-cum-se-simte-lipsa-caldurii-in-pragul-unui-nou-val-de-aer-polar-care-va-lovi-capitala\\\/#breadcrumb\"},\"inLanguage\":\"en-GB\",\"potentialAction\":[{\"@type\":\"ReadAction\",\"target\":[\"https:\\\/\\\/buletin.de\\\/bucuresti\\\/opinie-a-aparut-o-noua-avarie-in-zona-ta-cum-se-simte-lipsa-caldurii-in-pragul-unui-nou-val-de-aer-polar-care-va-lovi-capitala\\\/\"]}]},{\"@type\":\"ImageObject\",\"inLanguage\":\"en-GB\",\"@id\":\"https:\\\/\\\/buletin.de\\\/bucuresti\\\/opinie-a-aparut-o-noua-avarie-in-zona-ta-cum-se-simte-lipsa-caldurii-in-pragul-unui-nou-val-de-aer-polar-care-va-lovi-capitala\\\/#primaryimage\",\"url\":\"https:\\\/\\\/buletin.de\\\/bucuresti\\\/wp-content\\\/uploads\\\/2026\\\/03\\\/Untitled-design-43-scaled.png\",\"contentUrl\":\"https:\\\/\\\/buletin.de\\\/bucuresti\\\/wp-content\\\/uploads\\\/2026\\\/03\\\/Untitled-design-43-scaled.png\",\"width\":2560,\"height\":1354,\"caption\":\"\u201eA ap\u0103rut o nou\u0103 avarie \u00een zona ta\u201d. Cum se simte lipsa c\u0103ldurii, \u00een pragul unui nou \u201eval de aer polar\u201d care va lovi Capitala. Captur\u0103: The Shining\"},{\"@type\":\"BreadcrumbList\",\"@id\":\"https:\\\/\\\/buletin.de\\\/bucuresti\\\/opinie-a-aparut-o-noua-avarie-in-zona-ta-cum-se-simte-lipsa-caldurii-in-pragul-unui-nou-val-de-aer-polar-care-va-lovi-capitala\\\/#breadcrumb\",\"itemListElement\":[{\"@type\":\"ListItem\",\"position\":1,\"name\":\"Acas\u0103\",\"item\":\"https:\\\/\\\/buletin.de\\\/bucuresti\\\/\"},{\"@type\":\"ListItem\",\"position\":2,\"name\":\"OPINIE | \u201eA ap\u0103rut o nou\u0103 avarie \u00een zona ta\u201d. Cum se simte lipsa c\u0103ldurii, \u00een pragul unui nou \u201eval de aer polar\u201d care va lovi Capitala\"}]},{\"@type\":\"WebSite\",\"@id\":\"https:\\\/\\\/buletin.de\\\/bucuresti\\\/#website\",\"url\":\"https:\\\/\\\/buletin.de\\\/bucuresti\\\/\",\"name\":\"Buletin de Bucure\u0219ti\",\"description\":\"\u0218tiri \u0219i investiga\u021bii esen\u021biale din capital\u0103\",\"publisher\":{\"@id\":\"https:\\\/\\\/buletin.de\\\/bucuresti\\\/#organization\"},\"potentialAction\":[{\"@type\":\"SearchAction\",\"target\":{\"@type\":\"EntryPoint\",\"urlTemplate\":\"https:\\\/\\\/buletin.de\\\/bucuresti\\\/?s={search_term_string}\"},\"query-input\":{\"@type\":\"PropertyValueSpecification\",\"valueRequired\":true,\"valueName\":\"search_term_string\"}}],\"inLanguage\":\"en-GB\"},{\"@type\":\"Organization\",\"@id\":\"https:\\\/\\\/buletin.de\\\/bucuresti\\\/#organization\",\"name\":\"Buletin de Bucure\u0219ti\",\"url\":\"https:\\\/\\\/buletin.de\\\/bucuresti\\\/\",\"logo\":{\"@type\":\"ImageObject\",\"inLanguage\":\"en-GB\",\"@id\":\"https:\\\/\\\/buletin.de\\\/bucuresti\\\/#\\\/schema\\\/logo\\\/image\\\/\",\"url\":\"https:\\\/\\\/buletin.de\\\/bucuresti\\\/wp-content\\\/uploads\\\/logo-bdb-full-wide-vernil-transparent.png\",\"contentUrl\":\"https:\\\/\\\/buletin.de\\\/bucuresti\\\/wp-content\\\/uploads\\\/logo-bdb-full-wide-vernil-transparent.png\",\"width\":1782,\"height\":626,\"caption\":\"Buletin de Bucure\u0219ti\"},\"image\":{\"@id\":\"https:\\\/\\\/buletin.de\\\/bucuresti\\\/#\\\/schema\\\/logo\\\/image\\\/\"},\"sameAs\":[\"https:\\\/\\\/www.facebook.com\\\/buletin.de.buc\",\"https:\\\/\\\/www.instagram.com\\\/buletinde.bucuresti\\\/\"]},{\"@type\":\"Person\",\"@id\":\"https:\\\/\\\/buletin.de\\\/bucuresti\\\/#\\\/schema\\\/person\\\/0ac9db30080482be87c7386a30f98796\",\"name\":\"C\u0103t\u0103lin Anghel-Dimache\",\"image\":{\"@type\":\"ImageObject\",\"inLanguage\":\"en-GB\",\"@id\":\"https:\\\/\\\/buletin.de\\\/bucuresti\\\/wp-content\\\/uploads\\\/Catalin-Anghel-Dimache-96x96.jpgbd9e43c5b25186d5b8e917ac61ad86c4\",\"url\":\"https:\\\/\\\/buletin.de\\\/bucuresti\\\/wp-content\\\/uploads\\\/Catalin-Anghel-Dimache-96x96.jpg\",\"contentUrl\":\"https:\\\/\\\/buletin.de\\\/bucuresti\\\/wp-content\\\/uploads\\\/Catalin-Anghel-Dimache-96x96.jpg\",\"caption\":\"C\u0103t\u0103lin Anghel-Dimache\"},\"description\":\"A absolvit Facultatea de Jurnalism \u0219i \u0218tiin\u021bele Comunic\u0103rii a Universit\u0103\u021bii din Bucure\u0219ti \u00een 2024. Scrie despre mediu \u0219i teme sociale, dar \u0219i despre cum se reflect\u0103 ele \u00een via\u021ba cotidian\u0103 a bucure\u0219tenilor, cu un ochi atent la pove\u0219tile personale din spatele titlurilor. N\u0103scut \u0219i crescut \u00een Bucure\u0219ti, a f\u0103cut un pas c\u0103tre presa local\u0103, din pasiune pentru ora\u0219ul s\u0103u \u0219i oamenii din el.\",\"url\":\"https:\\\/\\\/buletin.de\\\/bucuresti\\\/author\\\/catalin-anghel-dimache\\\/\"}]}<\/script>\n<!-- \/ Yoast SEO Premium plugin. -->","yoast_head_json":{"title":"OPINIE | \u201eA ap\u0103rut o nou\u0103 avarie \u00een zona ta\u201d. Cum se simte lipsa c\u0103ldurii, \u00een pragul unui nou \u201eval de aer polar\u201d care va lovi Capitala - Buletin de Bucure\u0219ti","description":"EDITORIAL | \u201eA ap\u0103rut o nou\u0103 avarie \u00een zona ta\u201d. Cum se simte lipsa c\u0103ldurii, \u00een pragul unui nou \u201eval de aer polar\u201d care va lovi Capitala","robots":{"index":"index","follow":"follow","max-snippet":"max-snippet:-1","max-image-preview":"max-image-preview:large","max-video-preview":"max-video-preview:-1"},"canonical":"https:\/\/buletin.de\/bucuresti\/opinie-a-aparut-o-noua-avarie-in-zona-ta-cum-se-simte-lipsa-caldurii-in-pragul-unui-nou-val-de-aer-polar-care-va-lovi-capitala\/","og_locale":"en_GB","og_type":"article","og_title":"OPINIE | \u201eA ap\u0103rut o nou\u0103 avarie \u00een zona ta\u201d. Cum se simte lipsa c\u0103ldurii, \u00een pragul unui nou \u201eval de aer polar\u201d care va lovi Capitala","og_description":"EDITORIAL | \u201eA ap\u0103rut o nou\u0103 avarie \u00een zona ta\u201d. Cum se simte lipsa c\u0103ldurii, \u00een pragul unui nou \u201eval de aer polar\u201d care va lovi Capitala","og_url":"https:\/\/buletin.de\/bucuresti\/opinie-a-aparut-o-noua-avarie-in-zona-ta-cum-se-simte-lipsa-caldurii-in-pragul-unui-nou-val-de-aer-polar-care-va-lovi-capitala\/","og_site_name":"Buletin de Bucure\u0219ti","article_publisher":"https:\/\/www.facebook.com\/buletin.de.buc","article_published_time":"2026-03-15T16:30:55+00:00","article_modified_time":"2026-03-17T17:54:51+00:00","og_image":[{"width":1000,"height":529,"url":"https:\/\/buletin.de\/bucuresti\/wp-content\/uploads\/2026\/03\/Untitled-design-43-1000x529.png","type":"image\/png"}],"author":"C\u0103t\u0103lin Anghel-Dimache","twitter_card":"summary_large_image","twitter_misc":{"Written by":"C\u0103t\u0103lin Anghel-Dimache","Estimated reading time":"1 minute"},"schema":{"@context":"https:\/\/schema.org","@graph":[{"@type":"Article","@id":"https:\/\/buletin.de\/bucuresti\/opinie-a-aparut-o-noua-avarie-in-zona-ta-cum-se-simte-lipsa-caldurii-in-pragul-unui-nou-val-de-aer-polar-care-va-lovi-capitala\/#article","isPartOf":{"@id":"https:\/\/buletin.de\/bucuresti\/opinie-a-aparut-o-noua-avarie-in-zona-ta-cum-se-simte-lipsa-caldurii-in-pragul-unui-nou-val-de-aer-polar-care-va-lovi-capitala\/"},"author":{"name":"C\u0103t\u0103lin Anghel-Dimache","@id":"https:\/\/buletin.de\/bucuresti\/#\/schema\/person\/0ac9db30080482be87c7386a30f98796"},"headline":"OPINIE | \u201eA ap\u0103rut o nou\u0103 avarie \u00een zona ta\u201d. Cum se simte lipsa c\u0103ldurii, \u00een pragul unui nou \u201eval de aer polar\u201d care va lovi Capitala","datePublished":"2026-03-15T16:30:55+00:00","dateModified":"2026-03-17T17:54:51+00:00","mainEntityOfPage":{"@id":"https:\/\/buletin.de\/bucuresti\/opinie-a-aparut-o-noua-avarie-in-zona-ta-cum-se-simte-lipsa-caldurii-in-pragul-unui-nou-val-de-aer-polar-care-va-lovi-capitala\/"},"wordCount":1548,"publisher":{"@id":"https:\/\/buletin.de\/bucuresti\/#organization"},"image":{"@id":"https:\/\/buletin.de\/bucuresti\/opinie-a-aparut-o-noua-avarie-in-zona-ta-cum-se-simte-lipsa-caldurii-in-pragul-unui-nou-val-de-aer-polar-care-va-lovi-capitala\/#primaryimage"},"thumbnailUrl":"https:\/\/buletin.de\/bucuresti\/wp-content\/uploads\/2026\/03\/Untitled-design-43-scaled.png","keywords":["apa calda","bucuresti","caldura","Capitala","termoenergetica","termoficare"],"articleSection":["Articole","Editorial","Main","Termoficare"],"inLanguage":"en-GB","copyrightYear":"2026","copyrightHolder":{"@id":"https:\/\/buletin.de\/bucuresti\/#organization"}},{"@type":"WebPage","@id":"https:\/\/buletin.de\/bucuresti\/opinie-a-aparut-o-noua-avarie-in-zona-ta-cum-se-simte-lipsa-caldurii-in-pragul-unui-nou-val-de-aer-polar-care-va-lovi-capitala\/","url":"https:\/\/buletin.de\/bucuresti\/opinie-a-aparut-o-noua-avarie-in-zona-ta-cum-se-simte-lipsa-caldurii-in-pragul-unui-nou-val-de-aer-polar-care-va-lovi-capitala\/","name":"OPINIE | \u201eA ap\u0103rut o nou\u0103 avarie \u00een zona ta\u201d. Cum se simte lipsa c\u0103ldurii, \u00een pragul unui nou \u201eval de aer polar\u201d care va lovi Capitala - Buletin de Bucure\u0219ti","isPartOf":{"@id":"https:\/\/buletin.de\/bucuresti\/#website"},"primaryImageOfPage":{"@id":"https:\/\/buletin.de\/bucuresti\/opinie-a-aparut-o-noua-avarie-in-zona-ta-cum-se-simte-lipsa-caldurii-in-pragul-unui-nou-val-de-aer-polar-care-va-lovi-capitala\/#primaryimage"},"image":{"@id":"https:\/\/buletin.de\/bucuresti\/opinie-a-aparut-o-noua-avarie-in-zona-ta-cum-se-simte-lipsa-caldurii-in-pragul-unui-nou-val-de-aer-polar-care-va-lovi-capitala\/#primaryimage"},"thumbnailUrl":"https:\/\/buletin.de\/bucuresti\/wp-content\/uploads\/2026\/03\/Untitled-design-43-scaled.png","datePublished":"2026-03-15T16:30:55+00:00","dateModified":"2026-03-17T17:54:51+00:00","description":"EDITORIAL | \u201eA ap\u0103rut o nou\u0103 avarie \u00een zona ta\u201d. Cum se simte lipsa c\u0103ldurii, \u00een pragul unui nou \u201eval de aer polar\u201d care va lovi Capitala","breadcrumb":{"@id":"https:\/\/buletin.de\/bucuresti\/opinie-a-aparut-o-noua-avarie-in-zona-ta-cum-se-simte-lipsa-caldurii-in-pragul-unui-nou-val-de-aer-polar-care-va-lovi-capitala\/#breadcrumb"},"inLanguage":"en-GB","potentialAction":[{"@type":"ReadAction","target":["https:\/\/buletin.de\/bucuresti\/opinie-a-aparut-o-noua-avarie-in-zona-ta-cum-se-simte-lipsa-caldurii-in-pragul-unui-nou-val-de-aer-polar-care-va-lovi-capitala\/"]}]},{"@type":"ImageObject","inLanguage":"en-GB","@id":"https:\/\/buletin.de\/bucuresti\/opinie-a-aparut-o-noua-avarie-in-zona-ta-cum-se-simte-lipsa-caldurii-in-pragul-unui-nou-val-de-aer-polar-care-va-lovi-capitala\/#primaryimage","url":"https:\/\/buletin.de\/bucuresti\/wp-content\/uploads\/2026\/03\/Untitled-design-43-scaled.png","contentUrl":"https:\/\/buletin.de\/bucuresti\/wp-content\/uploads\/2026\/03\/Untitled-design-43-scaled.png","width":2560,"height":1354,"caption":"\u201eA ap\u0103rut o nou\u0103 avarie \u00een zona ta\u201d. Cum se simte lipsa c\u0103ldurii, \u00een pragul unui nou \u201eval de aer polar\u201d care va lovi Capitala. Captur\u0103: The Shining"},{"@type":"BreadcrumbList","@id":"https:\/\/buletin.de\/bucuresti\/opinie-a-aparut-o-noua-avarie-in-zona-ta-cum-se-simte-lipsa-caldurii-in-pragul-unui-nou-val-de-aer-polar-care-va-lovi-capitala\/#breadcrumb","itemListElement":[{"@type":"ListItem","position":1,"name":"Acas\u0103","item":"https:\/\/buletin.de\/bucuresti\/"},{"@type":"ListItem","position":2,"name":"OPINIE | \u201eA ap\u0103rut o nou\u0103 avarie \u00een zona ta\u201d. Cum se simte lipsa c\u0103ldurii, \u00een pragul unui nou \u201eval de aer polar\u201d care va lovi Capitala"}]},{"@type":"WebSite","@id":"https:\/\/buletin.de\/bucuresti\/#website","url":"https:\/\/buletin.de\/bucuresti\/","name":"Buletin de Bucure\u0219ti","description":"\u0218tiri \u0219i investiga\u021bii esen\u021biale din capital\u0103","publisher":{"@id":"https:\/\/buletin.de\/bucuresti\/#organization"},"potentialAction":[{"@type":"SearchAction","target":{"@type":"EntryPoint","urlTemplate":"https:\/\/buletin.de\/bucuresti\/?s={search_term_string}"},"query-input":{"@type":"PropertyValueSpecification","valueRequired":true,"valueName":"search_term_string"}}],"inLanguage":"en-GB"},{"@type":"Organization","@id":"https:\/\/buletin.de\/bucuresti\/#organization","name":"Buletin de Bucure\u0219ti","url":"https:\/\/buletin.de\/bucuresti\/","logo":{"@type":"ImageObject","inLanguage":"en-GB","@id":"https:\/\/buletin.de\/bucuresti\/#\/schema\/logo\/image\/","url":"https:\/\/buletin.de\/bucuresti\/wp-content\/uploads\/logo-bdb-full-wide-vernil-transparent.png","contentUrl":"https:\/\/buletin.de\/bucuresti\/wp-content\/uploads\/logo-bdb-full-wide-vernil-transparent.png","width":1782,"height":626,"caption":"Buletin de Bucure\u0219ti"},"image":{"@id":"https:\/\/buletin.de\/bucuresti\/#\/schema\/logo\/image\/"},"sameAs":["https:\/\/www.facebook.com\/buletin.de.buc","https:\/\/www.instagram.com\/buletinde.bucuresti\/"]},{"@type":"Person","@id":"https:\/\/buletin.de\/bucuresti\/#\/schema\/person\/0ac9db30080482be87c7386a30f98796","name":"C\u0103t\u0103lin Anghel-Dimache","image":{"@type":"ImageObject","inLanguage":"en-GB","@id":"https:\/\/buletin.de\/bucuresti\/wp-content\/uploads\/Catalin-Anghel-Dimache-96x96.jpgbd9e43c5b25186d5b8e917ac61ad86c4","url":"https:\/\/buletin.de\/bucuresti\/wp-content\/uploads\/Catalin-Anghel-Dimache-96x96.jpg","contentUrl":"https:\/\/buletin.de\/bucuresti\/wp-content\/uploads\/Catalin-Anghel-Dimache-96x96.jpg","caption":"C\u0103t\u0103lin Anghel-Dimache"},"description":"A absolvit Facultatea de Jurnalism \u0219i \u0218tiin\u021bele Comunic\u0103rii a Universit\u0103\u021bii din Bucure\u0219ti \u00een 2024. Scrie despre mediu \u0219i teme sociale, dar \u0219i despre cum se reflect\u0103 ele \u00een via\u021ba cotidian\u0103 a bucure\u0219tenilor, cu un ochi atent la pove\u0219tile personale din spatele titlurilor. N\u0103scut \u0219i crescut \u00een Bucure\u0219ti, a f\u0103cut un pas c\u0103tre presa local\u0103, din pasiune pentru ora\u0219ul s\u0103u \u0219i oamenii din el.","url":"https:\/\/buletin.de\/bucuresti\/author\/catalin-anghel-dimache\/"}]}},"authors":[{"term_id":22572,"user_id":59,"is_guest":0,"slug":"catalin-anghel-dimache","display_name":"C\u0103t\u0103lin Anghel-Dimache","avatar_url":"https:\/\/buletin.de\/bucuresti\/wp-content\/uploads\/Catalin-Anghel-Dimache-96x96.jpg","0":null,"1":"","2":"","3":"","4":"","5":"","6":"","7":"","8":""}],"_links":{"self":[{"href":"https:\/\/buletin.de\/bucuresti\/wp-json\/wp\/v2\/posts\/180736","targetHints":{"allow":["GET"]}}],"collection":[{"href":"https:\/\/buletin.de\/bucuresti\/wp-json\/wp\/v2\/posts"}],"about":[{"href":"https:\/\/buletin.de\/bucuresti\/wp-json\/wp\/v2\/types\/post"}],"author":[{"embeddable":true,"href":"https:\/\/buletin.de\/bucuresti\/wp-json\/wp\/v2\/users\/59"}],"replies":[{"embeddable":true,"href":"https:\/\/buletin.de\/bucuresti\/wp-json\/wp\/v2\/comments?post=180736"}],"version-history":[{"count":6,"href":"https:\/\/buletin.de\/bucuresti\/wp-json\/wp\/v2\/posts\/180736\/revisions"}],"predecessor-version":[{"id":181232,"href":"https:\/\/buletin.de\/bucuresti\/wp-json\/wp\/v2\/posts\/180736\/revisions\/181232"}],"wp:featuredmedia":[{"embeddable":true,"href":"https:\/\/buletin.de\/bucuresti\/wp-json\/wp\/v2\/media\/180742"}],"wp:attachment":[{"href":"https:\/\/buletin.de\/bucuresti\/wp-json\/wp\/v2\/media?parent=180736"}],"wp:term":[{"taxonomy":"category","embeddable":true,"href":"https:\/\/buletin.de\/bucuresti\/wp-json\/wp\/v2\/categories?post=180736"},{"taxonomy":"post_tag","embeddable":true,"href":"https:\/\/buletin.de\/bucuresti\/wp-json\/wp\/v2\/tags?post=180736"},{"taxonomy":"author","embeddable":true,"href":"https:\/\/buletin.de\/bucuresti\/wp-json\/wp\/v2\/ppma_author?post=180736"}],"curies":[{"name":"wp","href":"https:\/\/api.w.org\/{rel}","templated":true}]}}