{"id":180726,"date":"2026-03-15T13:10:07","date_gmt":"2026-03-15T10:10:07","guid":{"rendered":"https:\/\/buletin.de\/bucuresti\/?p=180726"},"modified":"2026-03-16T06:45:40","modified_gmt":"2026-03-16T03:45:40","slug":"surpare-pe-soseaua-mihai-bravu-galeria-de-termoficare-sever-degradata","status":"publish","type":"post","link":"https:\/\/buletin.de\/bucuresti\/surpare-pe-soseaua-mihai-bravu-galeria-de-termoficare-sever-degradata\/","title":{"rendered":"Surpare pe \u0218oseaua Mihai Bravu: galeria de termoficare, sever degradat\u0103"},"content":{"rendered":"\n<p><strong>Carosabilul de pe \u0218oseaua Mihai Bravu, \u00een dreptul num\u0103rului 307, s-a surpat. Sunt afectate aproximativ 10 pl\u0103ci de beton, fiecare de circa 4,5 metri lungime. Pentru siguran\u021ba participan\u021bilor la trafic, au fost instituite restric\u021bii pe sensul dinspre Calea Vitan c\u0103tre Bulevardul Camil Ressu.<\/strong> <strong>Verific\u0103rile preliminare au ar\u0103tat c\u0103 starea structural\u0103 a galeriei de termoficare este sever degradat\u0103, ceea ce \u00eempiedic\u0103 montarea pl\u0103cilor de acoperire \u00een siguran\u021b\u0103.<\/strong><\/p>\n\n\n\n<p>Cauza surp\u0103rii nu este cunoscut\u0103 \u00een acest moment. Echipele Companiei Municipale Termoenergetica Bucure\u0219ti (CMTEB) \u0219i ale firmei ELSACO au intervenit pentru a verifica starea re\u021belelor de termoficare aflate \u00een zon\u0103 \u0219i pentru stabilizarea perimetrului afectat. <\/p>\n\n\n\n<figure class=\"wp-block-gallery has-nested-images columns-default is-cropped wp-block-gallery-1 is-layout-flex wp-block-gallery-is-layout-flex\">\n<figure class=\"wp-block-image size-full\"><img fetchpriority=\"high\" decoding=\"async\" width=\"1920\" height=\"1080\" data-id=\"180729\" src=\"data:image\/gif;base64,R0lGODlhAQABAAAAACH5BAEKAAEALAAAAAABAAEAAAICTAEAOw==\" data-src=\"https:\/\/buletin.de\/bucuresti\/wp-content\/uploads\/2026\/03\/651889853_950288284185085_6394895222560775889_n.jpg\" alt=\"\" class=\"wp-image-180729 lazyload\" data-sizes=\"auto\" data-srcset=\"https:\/\/buletin.de\/bucuresti\/wp-content\/uploads\/2026\/03\/651889853_950288284185085_6394895222560775889_n.jpg 1920w, https:\/\/buletin.de\/bucuresti\/wp-content\/uploads\/2026\/03\/651889853_950288284185085_6394895222560775889_n-300x169.jpg 300w, https:\/\/buletin.de\/bucuresti\/wp-content\/uploads\/2026\/03\/651889853_950288284185085_6394895222560775889_n-1000x563.jpg 1000w, https:\/\/buletin.de\/bucuresti\/wp-content\/uploads\/2026\/03\/651889853_950288284185085_6394895222560775889_n-768x432.jpg 768w, https:\/\/buletin.de\/bucuresti\/wp-content\/uploads\/2026\/03\/651889853_950288284185085_6394895222560775889_n-1536x864.jpg 1536w, https:\/\/buletin.de\/bucuresti\/wp-content\/uploads\/2026\/03\/651889853_950288284185085_6394895222560775889_n-1600x900.jpg 1600w, https:\/\/buletin.de\/bucuresti\/wp-content\/uploads\/2026\/03\/651889853_950288284185085_6394895222560775889_n-1100x619.jpg 1100w, https:\/\/buletin.de\/bucuresti\/wp-content\/uploads\/2026\/03\/651889853_950288284185085_6394895222560775889_n-600x338.jpg 600w, https:\/\/buletin.de\/bucuresti\/wp-content\/uploads\/2026\/03\/651889853_950288284185085_6394895222560775889_n-20x11.jpg 20w\" sizes=\"(max-width: 1920px) 100vw, 1920px\" \/><\/figure>\n\n\n\n<figure class=\"wp-block-image size-full\"><img decoding=\"async\" width=\"1320\" height=\"785\" data-id=\"180730\" src=\"data:image\/gif;base64,R0lGODlhAQABAAAAACH5BAEKAAEALAAAAAABAAEAAAICTAEAOw==\" data-src=\"https:\/\/buletin.de\/bucuresti\/wp-content\/uploads\/2026\/03\/650117799_950515927495654_6109672779586838795_n.jpg\" alt=\"\" class=\"wp-image-180730 lazyload\" data-sizes=\"auto\" data-srcset=\"https:\/\/buletin.de\/bucuresti\/wp-content\/uploads\/2026\/03\/650117799_950515927495654_6109672779586838795_n.jpg 1320w, https:\/\/buletin.de\/bucuresti\/wp-content\/uploads\/2026\/03\/650117799_950515927495654_6109672779586838795_n-300x178.jpg 300w, https:\/\/buletin.de\/bucuresti\/wp-content\/uploads\/2026\/03\/650117799_950515927495654_6109672779586838795_n-1000x595.jpg 1000w, https:\/\/buletin.de\/bucuresti\/wp-content\/uploads\/2026\/03\/650117799_950515927495654_6109672779586838795_n-768x457.jpg 768w, https:\/\/buletin.de\/bucuresti\/wp-content\/uploads\/2026\/03\/650117799_950515927495654_6109672779586838795_n-1100x654.jpg 1100w, https:\/\/buletin.de\/bucuresti\/wp-content\/uploads\/2026\/03\/650117799_950515927495654_6109672779586838795_n-600x357.jpg 600w, https:\/\/buletin.de\/bucuresti\/wp-content\/uploads\/2026\/03\/650117799_950515927495654_6109672779586838795_n-20x12.jpg 20w\" sizes=\"(max-width: 1320px) 100vw, 1320px\" \/><\/figure>\n\n\n\n<figure class=\"wp-block-image size-full\"><img decoding=\"async\" width=\"1162\" height=\"748\" data-id=\"180731\" src=\"data:image\/gif;base64,R0lGODlhAQABAAAAACH5BAEKAAEALAAAAAABAAEAAAICTAEAOw==\" data-src=\"https:\/\/buletin.de\/bucuresti\/wp-content\/uploads\/2026\/03\/651251898_950515897495657_4007425021416473031_n.jpg\" alt=\"termoficare, mihai, \u0219i, victoriei\" class=\"wp-image-180731 lazyload\" data-sizes=\"auto\" data-srcset=\"https:\/\/buletin.de\/bucuresti\/wp-content\/uploads\/2026\/03\/651251898_950515897495657_4007425021416473031_n.jpg 1162w, https:\/\/buletin.de\/bucuresti\/wp-content\/uploads\/2026\/03\/651251898_950515897495657_4007425021416473031_n-300x193.jpg 300w, https:\/\/buletin.de\/bucuresti\/wp-content\/uploads\/2026\/03\/651251898_950515897495657_4007425021416473031_n-1000x644.jpg 1000w, https:\/\/buletin.de\/bucuresti\/wp-content\/uploads\/2026\/03\/651251898_950515897495657_4007425021416473031_n-768x494.jpg 768w, https:\/\/buletin.de\/bucuresti\/wp-content\/uploads\/2026\/03\/651251898_950515897495657_4007425021416473031_n-1100x708.jpg 1100w, https:\/\/buletin.de\/bucuresti\/wp-content\/uploads\/2026\/03\/651251898_950515897495657_4007425021416473031_n-600x386.jpg 600w, https:\/\/buletin.de\/bucuresti\/wp-content\/uploads\/2026\/03\/651251898_950515897495657_4007425021416473031_n-20x13.jpg 20w\" sizes=\"(max-width: 1162px) 100vw, 1162px\" \/><\/figure>\n\n\n\n<figure class=\"wp-block-image size-full\"><img loading=\"lazy\" decoding=\"async\" width=\"1920\" height=\"1080\" data-id=\"180732\" src=\"data:image\/gif;base64,R0lGODlhAQABAAAAACH5BAEKAAEALAAAAAABAAEAAAICTAEAOw==\" data-src=\"https:\/\/buletin.de\/bucuresti\/wp-content\/uploads\/2026\/03\/651181714_950288324185081_463759122205788269_n.jpg\" alt=\"termoficare, mihai, \u0219i, victoriei\" class=\"wp-image-180732 lazyload\" data-sizes=\"auto\" data-srcset=\"https:\/\/buletin.de\/bucuresti\/wp-content\/uploads\/2026\/03\/651181714_950288324185081_463759122205788269_n.jpg 1920w, https:\/\/buletin.de\/bucuresti\/wp-content\/uploads\/2026\/03\/651181714_950288324185081_463759122205788269_n-300x169.jpg 300w, https:\/\/buletin.de\/bucuresti\/wp-content\/uploads\/2026\/03\/651181714_950288324185081_463759122205788269_n-1000x563.jpg 1000w, https:\/\/buletin.de\/bucuresti\/wp-content\/uploads\/2026\/03\/651181714_950288324185081_463759122205788269_n-768x432.jpg 768w, https:\/\/buletin.de\/bucuresti\/wp-content\/uploads\/2026\/03\/651181714_950288324185081_463759122205788269_n-1536x864.jpg 1536w, https:\/\/buletin.de\/bucuresti\/wp-content\/uploads\/2026\/03\/651181714_950288324185081_463759122205788269_n-1600x900.jpg 1600w, https:\/\/buletin.de\/bucuresti\/wp-content\/uploads\/2026\/03\/651181714_950288324185081_463759122205788269_n-1100x619.jpg 1100w, https:\/\/buletin.de\/bucuresti\/wp-content\/uploads\/2026\/03\/651181714_950288324185081_463759122205788269_n-600x338.jpg 600w, https:\/\/buletin.de\/bucuresti\/wp-content\/uploads\/2026\/03\/651181714_950288324185081_463759122205788269_n-20x11.jpg 20w\" sizes=\"(max-width: 1920px) 100vw, 1920px\" \/><\/figure>\n<figcaption class=\"blocks-gallery-caption wp-element-caption\">Asflat surpat pe Mihai Bravu. Foto: FB \/ Termoenergetica<\/figcaption><\/figure>\n\n\n\n<p>Pentru a asigura continuitatea furniz\u0103rii agentului termic c\u0103tre consumatori, conducta de termoficare din galerie este \u00eenc\u0103rcat\u0103 cu agent termic sub monitorizarea permanent\u0103 a echipelor tehnice, a transmis <a href=\"https:\/\/www.facebook.com\/100076117662311\/posts\/950515847495662\/?rdid=juqGXfzuAavzlDNF#\">Termoenergetica<\/a>.<\/p>\n\n\n\n<iframe src=\"https:\/\/www.facebook.com\/plugins\/post.php?href=https%3A%2F%2Fwww.facebook.com%2FCMTEB%2Fposts%2Fpfbid024jrpB1q7QcRcbwMoqrcxYgsN1nAFvPCf4FfmhCjs1dA6o1r8VKgbso5MjeKDe9jXl&#038;show_text=true&#038;width=500\" width=\"500\" height=\"792\" style=\"border:none;overflow:hidden\" scrolling=\"no\" frameborder=\"0\" allowfullscreen=\"true\" allow=\"autoplay; clipboard-write; encrypted-media; picture-in-picture; web-share\"><\/iframe>\n\n\n\n<p>\u00cen cursul zilei de luni, speciali\u0219tii vor stabili solu\u021biile tehnice pentru refacerea galeriei de termoficare \u0219i restaurarea structurii rutiere, iar restric\u021biile de circula\u021bie vor r\u0103m\u00e2ne \u00een vigoare p\u00e2n\u0103 la finalizarea lucr\u0103rilor.<\/p>\n\n\n\n<p>Magistrala 2 Sud, pus\u0103 \u00een func\u021biune \u00een 1972, este inclus\u0103 \u00een programul de modernizare POIM, Lotul 1 \u2013 Obiectivul 1, lucr\u0103rile fiind executate de ELSACO.<\/p>\n\n\n\n<p><strong>CITE\u0218TE \u0218I:<\/strong> <strong><a href=\"https:\/\/buletin.de\/bucuresti\/lucrari-de-mantuiala-in-parcul-regele-mihai-i-pentru-2-milioane-de-euro-in-prezent-nu-exista-o-analiza-tehnica-pentru-refacerea-intregii-retele-de-alei\/\">Lucr\u0103ri \u201ede m\u00e2ntuial\u0103\u201d \u00een Parcul Regele Mihai I, pentru dou\u0103 milioane de euro. \u00cen prezent, nu exist\u0103 o analiz\u0103 tehnic\u0103 pentru refacerea \u00eentregii re\u021bele de alei<\/a><\/strong><\/p>\n\n\n\n<h2 class=\"wp-block-heading\" id=\"h-incident-similar-pe-calea-victoriei\">Incident similar, pe Calea Victoriei<\/h2>\n\n\n\n<p><strong>Un incident similar a avut loc, pe Calea Victoriei. Vineri, 16 ianuarie, \u00een jurul orei 18:30, asfaltul s-a surpat pe strada C.A. Rosetti nr. 13, la intersec\u021bia cu bulevardul Nicolae B\u0103lcescu, afect\u00e2nd o band\u0103 \u0219i jum\u0103tate de circula\u021bie.<\/strong><\/p>\n\n\n\n<p>Potrivit Brig\u0103zii Rutiere, surparea a fost cauzat\u0103 de o avarie la conducte care apar\u021bin companiei Apa Nova, fiind necesar\u0103 interven\u021bia imediat\u0103 a operatorului.<\/p>\n\n\n\n<p>\u00cen urma incidentului, traficul rutier a fost restric\u021bionat temporar, iar mijloacele de transport \u00een comun ale STB au circulat pe trasee deviate timp de aproape trei ore.<\/p>\n\n\n\n<p>Restric\u021biile au vizat \u00een special autovehiculele de mare tonaj. Brigada Rutier\u0103 a transmis atunci c\u0103 lucr\u0103rile de remediere urmau s\u0103 fie finalizate mar\u021bi, 20 ianuarie.<\/p>\n\n\n\n<p><strong>CITE\u0218TE \u0218I:&nbsp;<a href=\"https:\/\/buletin.de\/bucuresti\/doua-apartamente-din-casa-memoriala-dinu-lipatti-intra-in-patrimoniul-sectorului-1-imobilul-marelui-pianist-va-deveni-centru-cultural-public\/\">Dou\u0103 apartamente din Casa Memorial\u0103 \u201eDinu Lipatti\u201d intr\u0103 \u00een patrimoniul Sectorului 1. Imobilul marelui pianist va deveni Centru Cultural Public<\/a><\/strong><\/p>\n","protected":false},"excerpt":{"rendered":"<p>Carosabilul de pe \u0218oseaua Mihai Bravu, \u00een dreptul num\u0103rului 307, s-a surpat. Sunt afectate aproximativ 10 pl\u0103ci de beton, fiecare de circa 4,5 metri lungime. Pentru siguran\u021ba participan\u021bilor la trafic, au fost instituite restric\u021bii pe sensul dinspre Calea Vitan c\u0103tre Bulevardul Camil Ressu. Verific\u0103rile preliminare au ar\u0103tat c\u0103 starea structural\u0103 a galeriei de termoficare este [&hellip;]<\/p>\n","protected":false},"author":59,"featured_media":180728,"comment_status":"closed","ping_status":"open","sticky":false,"template":"","format":"standard","meta":{"_acf_changed":false,"inline_featured_image":false,"ngg_post_thumbnail":0,"footnotes":""},"categories":[6994,62,6214,650],"tags":[1256,9,26766,288],"ppma_author":[22572],"class_list":["post-180726","post","type-post","status-publish","format-standard","has-post-thumbnail","hentry","category-stiri-2","category-stiri","category-termo","category-transport","tag-asfalt","tag-bucuresti","tag-surpare","tag-termoficare"],"acf":[],"yoast_head":"<!-- This site is optimized with the Yoast SEO Premium plugin v25.3 (Yoast SEO v27.4) - https:\/\/yoast.com\/product\/yoast-seo-premium-wordpress\/ -->\n<title>Surpare pe \u0218oseaua Mihai Bravu: galeria de termoficare, sever degradat\u0103 - Buletin de Bucure\u0219ti<\/title>\n<meta name=\"description\" content=\"Surpare pe \u0218oseaua Mihai Bravu: galeria de termoficare, sever degradat\u0103. Au fost instituite restric\u021bii de circula\u021bie.\" \/>\n<meta name=\"robots\" content=\"index, follow, max-snippet:-1, max-image-preview:large, max-video-preview:-1\" \/>\n<link rel=\"canonical\" href=\"https:\/\/buletin.de\/bucuresti\/surpare-pe-soseaua-mihai-bravu-galeria-de-termoficare-sever-degradata\/\" \/>\n<meta property=\"og:locale\" content=\"en_GB\" \/>\n<meta property=\"og:type\" content=\"article\" \/>\n<meta property=\"og:title\" content=\"Surpare pe \u0218oseaua Mihai Bravu: galeria de termoficare, sever degradat\u0103\" \/>\n<meta property=\"og:description\" content=\"Surpare pe \u0218oseaua Mihai Bravu: galeria de termoficare, sever degradat\u0103. Au fost instituite restric\u021bii de circula\u021bie.\" \/>\n<meta property=\"og:url\" content=\"https:\/\/buletin.de\/bucuresti\/surpare-pe-soseaua-mihai-bravu-galeria-de-termoficare-sever-degradata\/\" \/>\n<meta property=\"og:site_name\" content=\"Buletin de Bucure\u0219ti\" \/>\n<meta property=\"article:publisher\" content=\"https:\/\/www.facebook.com\/buletin.de.buc\" \/>\n<meta property=\"article:published_time\" content=\"2026-03-15T10:10:07+00:00\" \/>\n<meta property=\"article:modified_time\" content=\"2026-03-16T03:45:40+00:00\" \/>\n<meta property=\"og:image\" content=\"https:\/\/buletin.de\/bucuresti\/wp-content\/uploads\/2026\/03\/651685144_950515907495656_8459808033947527743_n.jpg\" \/>\n\t<meta property=\"og:image:width\" content=\"1284\" \/>\n\t<meta property=\"og:image:height\" content=\"1027\" \/>\n\t<meta property=\"og:image:type\" content=\"image\/jpeg\" \/>\n<meta name=\"author\" content=\"C\u0103t\u0103lin Anghel-Dimache\" \/>\n<meta name=\"twitter:card\" content=\"summary_large_image\" \/>\n<meta name=\"twitter:label1\" content=\"Written by\" \/>\n\t<meta name=\"twitter:data1\" content=\"C\u0103t\u0103lin Anghel-Dimache\" \/>\n\t<meta name=\"twitter:label2\" content=\"Estimated reading time\" \/>\n\t<meta name=\"twitter:data2\" content=\"3 minutes\" \/>\n<script type=\"application\/ld+json\" class=\"yoast-schema-graph\">{\"@context\":\"https:\\\/\\\/schema.org\",\"@graph\":[{\"@type\":\"Article\",\"@id\":\"https:\\\/\\\/buletin.de\\\/bucuresti\\\/surpare-pe-soseaua-mihai-bravu-galeria-de-termoficare-sever-degradata\\\/#article\",\"isPartOf\":{\"@id\":\"https:\\\/\\\/buletin.de\\\/bucuresti\\\/surpare-pe-soseaua-mihai-bravu-galeria-de-termoficare-sever-degradata\\\/\"},\"author\":{\"name\":\"C\u0103t\u0103lin Anghel-Dimache\",\"@id\":\"https:\\\/\\\/buletin.de\\\/bucuresti\\\/#\\\/schema\\\/person\\\/0ac9db30080482be87c7386a30f98796\"},\"headline\":\"Surpare pe \u0218oseaua Mihai Bravu: galeria de termoficare, sever degradat\u0103\",\"datePublished\":\"2026-03-15T10:10:07+00:00\",\"dateModified\":\"2026-03-16T03:45:40+00:00\",\"mainEntityOfPage\":{\"@id\":\"https:\\\/\\\/buletin.de\\\/bucuresti\\\/surpare-pe-soseaua-mihai-bravu-galeria-de-termoficare-sever-degradata\\\/\"},\"wordCount\":402,\"publisher\":{\"@id\":\"https:\\\/\\\/buletin.de\\\/bucuresti\\\/#organization\"},\"image\":{\"@id\":\"https:\\\/\\\/buletin.de\\\/bucuresti\\\/surpare-pe-soseaua-mihai-bravu-galeria-de-termoficare-sever-degradata\\\/#primaryimage\"},\"thumbnailUrl\":\"https:\\\/\\\/buletin.de\\\/bucuresti\\\/wp-content\\\/uploads\\\/2026\\\/03\\\/651685144_950515907495656_8459808033947527743_n.jpg\",\"keywords\":[\"asfalt\",\"bucuresti\",\"surpare\",\"termoficare\"],\"articleSection\":[\"Articole\",\"\u0218tiri\",\"Termoficare\",\"Transport\"],\"inLanguage\":\"en-GB\",\"copyrightYear\":\"2026\",\"copyrightHolder\":{\"@id\":\"https:\\\/\\\/buletin.de\\\/bucuresti\\\/#organization\"}},{\"@type\":\"WebPage\",\"@id\":\"https:\\\/\\\/buletin.de\\\/bucuresti\\\/surpare-pe-soseaua-mihai-bravu-galeria-de-termoficare-sever-degradata\\\/\",\"url\":\"https:\\\/\\\/buletin.de\\\/bucuresti\\\/surpare-pe-soseaua-mihai-bravu-galeria-de-termoficare-sever-degradata\\\/\",\"name\":\"Surpare pe \u0218oseaua Mihai Bravu: galeria de termoficare, sever degradat\u0103 - Buletin de Bucure\u0219ti\",\"isPartOf\":{\"@id\":\"https:\\\/\\\/buletin.de\\\/bucuresti\\\/#website\"},\"primaryImageOfPage\":{\"@id\":\"https:\\\/\\\/buletin.de\\\/bucuresti\\\/surpare-pe-soseaua-mihai-bravu-galeria-de-termoficare-sever-degradata\\\/#primaryimage\"},\"image\":{\"@id\":\"https:\\\/\\\/buletin.de\\\/bucuresti\\\/surpare-pe-soseaua-mihai-bravu-galeria-de-termoficare-sever-degradata\\\/#primaryimage\"},\"thumbnailUrl\":\"https:\\\/\\\/buletin.de\\\/bucuresti\\\/wp-content\\\/uploads\\\/2026\\\/03\\\/651685144_950515907495656_8459808033947527743_n.jpg\",\"datePublished\":\"2026-03-15T10:10:07+00:00\",\"dateModified\":\"2026-03-16T03:45:40+00:00\",\"description\":\"Surpare pe \u0218oseaua Mihai Bravu: galeria de termoficare, sever degradat\u0103. Au fost instituite restric\u021bii de circula\u021bie.\",\"breadcrumb\":{\"@id\":\"https:\\\/\\\/buletin.de\\\/bucuresti\\\/surpare-pe-soseaua-mihai-bravu-galeria-de-termoficare-sever-degradata\\\/#breadcrumb\"},\"inLanguage\":\"en-GB\",\"potentialAction\":[{\"@type\":\"ReadAction\",\"target\":[\"https:\\\/\\\/buletin.de\\\/bucuresti\\\/surpare-pe-soseaua-mihai-bravu-galeria-de-termoficare-sever-degradata\\\/\"]}]},{\"@type\":\"ImageObject\",\"inLanguage\":\"en-GB\",\"@id\":\"https:\\\/\\\/buletin.de\\\/bucuresti\\\/surpare-pe-soseaua-mihai-bravu-galeria-de-termoficare-sever-degradata\\\/#primaryimage\",\"url\":\"https:\\\/\\\/buletin.de\\\/bucuresti\\\/wp-content\\\/uploads\\\/2026\\\/03\\\/651685144_950515907495656_8459808033947527743_n.jpg\",\"contentUrl\":\"https:\\\/\\\/buletin.de\\\/bucuresti\\\/wp-content\\\/uploads\\\/2026\\\/03\\\/651685144_950515907495656_8459808033947527743_n.jpg\",\"width\":1284,\"height\":1027,\"caption\":\"Surpare pe \u0218oseaua Mihai Bravu: galeria de termoficare, sever degradat\u0103. Foto: Termoenergetica\"},{\"@type\":\"BreadcrumbList\",\"@id\":\"https:\\\/\\\/buletin.de\\\/bucuresti\\\/surpare-pe-soseaua-mihai-bravu-galeria-de-termoficare-sever-degradata\\\/#breadcrumb\",\"itemListElement\":[{\"@type\":\"ListItem\",\"position\":1,\"name\":\"Acas\u0103\",\"item\":\"https:\\\/\\\/buletin.de\\\/bucuresti\\\/\"},{\"@type\":\"ListItem\",\"position\":2,\"name\":\"Surpare pe \u0218oseaua Mihai Bravu: galeria de termoficare, sever degradat\u0103\"}]},{\"@type\":\"WebSite\",\"@id\":\"https:\\\/\\\/buletin.de\\\/bucuresti\\\/#website\",\"url\":\"https:\\\/\\\/buletin.de\\\/bucuresti\\\/\",\"name\":\"Buletin de Bucure\u0219ti\",\"description\":\"\u0218tiri \u0219i investiga\u021bii esen\u021biale din capital\u0103\",\"publisher\":{\"@id\":\"https:\\\/\\\/buletin.de\\\/bucuresti\\\/#organization\"},\"potentialAction\":[{\"@type\":\"SearchAction\",\"target\":{\"@type\":\"EntryPoint\",\"urlTemplate\":\"https:\\\/\\\/buletin.de\\\/bucuresti\\\/?s={search_term_string}\"},\"query-input\":{\"@type\":\"PropertyValueSpecification\",\"valueRequired\":true,\"valueName\":\"search_term_string\"}}],\"inLanguage\":\"en-GB\"},{\"@type\":\"Organization\",\"@id\":\"https:\\\/\\\/buletin.de\\\/bucuresti\\\/#organization\",\"name\":\"Buletin de Bucure\u0219ti\",\"url\":\"https:\\\/\\\/buletin.de\\\/bucuresti\\\/\",\"logo\":{\"@type\":\"ImageObject\",\"inLanguage\":\"en-GB\",\"@id\":\"https:\\\/\\\/buletin.de\\\/bucuresti\\\/#\\\/schema\\\/logo\\\/image\\\/\",\"url\":\"https:\\\/\\\/buletin.de\\\/bucuresti\\\/wp-content\\\/uploads\\\/logo-bdb-full-wide-vernil-transparent.png\",\"contentUrl\":\"https:\\\/\\\/buletin.de\\\/bucuresti\\\/wp-content\\\/uploads\\\/logo-bdb-full-wide-vernil-transparent.png\",\"width\":1782,\"height\":626,\"caption\":\"Buletin de Bucure\u0219ti\"},\"image\":{\"@id\":\"https:\\\/\\\/buletin.de\\\/bucuresti\\\/#\\\/schema\\\/logo\\\/image\\\/\"},\"sameAs\":[\"https:\\\/\\\/www.facebook.com\\\/buletin.de.buc\",\"https:\\\/\\\/www.instagram.com\\\/buletinde.bucuresti\\\/\"]},{\"@type\":\"Person\",\"@id\":\"https:\\\/\\\/buletin.de\\\/bucuresti\\\/#\\\/schema\\\/person\\\/0ac9db30080482be87c7386a30f98796\",\"name\":\"C\u0103t\u0103lin Anghel-Dimache\",\"image\":{\"@type\":\"ImageObject\",\"inLanguage\":\"en-GB\",\"@id\":\"https:\\\/\\\/buletin.de\\\/bucuresti\\\/wp-content\\\/uploads\\\/Catalin-Anghel-Dimache-96x96.jpgbd9e43c5b25186d5b8e917ac61ad86c4\",\"url\":\"https:\\\/\\\/buletin.de\\\/bucuresti\\\/wp-content\\\/uploads\\\/Catalin-Anghel-Dimache-96x96.jpg\",\"contentUrl\":\"https:\\\/\\\/buletin.de\\\/bucuresti\\\/wp-content\\\/uploads\\\/Catalin-Anghel-Dimache-96x96.jpg\",\"caption\":\"C\u0103t\u0103lin Anghel-Dimache\"},\"description\":\"A absolvit Facultatea de Jurnalism \u0219i \u0218tiin\u021bele Comunic\u0103rii a Universit\u0103\u021bii din Bucure\u0219ti \u00een 2024. Scrie despre mediu \u0219i teme sociale, dar \u0219i despre cum se reflect\u0103 ele \u00een via\u021ba cotidian\u0103 a bucure\u0219tenilor, cu un ochi atent la pove\u0219tile personale din spatele titlurilor. N\u0103scut \u0219i crescut \u00een Bucure\u0219ti, a f\u0103cut un pas c\u0103tre presa local\u0103, din pasiune pentru ora\u0219ul s\u0103u \u0219i oamenii din el.\",\"url\":\"https:\\\/\\\/buletin.de\\\/bucuresti\\\/author\\\/catalin-anghel-dimache\\\/\"}]}<\/script>\n<!-- \/ Yoast SEO Premium plugin. -->","yoast_head_json":{"title":"Surpare pe \u0218oseaua Mihai Bravu: galeria de termoficare, sever degradat\u0103 - Buletin de Bucure\u0219ti","description":"Surpare pe \u0218oseaua Mihai Bravu: galeria de termoficare, sever degradat\u0103. Au fost instituite restric\u021bii de circula\u021bie.","robots":{"index":"index","follow":"follow","max-snippet":"max-snippet:-1","max-image-preview":"max-image-preview:large","max-video-preview":"max-video-preview:-1"},"canonical":"https:\/\/buletin.de\/bucuresti\/surpare-pe-soseaua-mihai-bravu-galeria-de-termoficare-sever-degradata\/","og_locale":"en_GB","og_type":"article","og_title":"Surpare pe \u0218oseaua Mihai Bravu: galeria de termoficare, sever degradat\u0103","og_description":"Surpare pe \u0218oseaua Mihai Bravu: galeria de termoficare, sever degradat\u0103. Au fost instituite restric\u021bii de circula\u021bie.","og_url":"https:\/\/buletin.de\/bucuresti\/surpare-pe-soseaua-mihai-bravu-galeria-de-termoficare-sever-degradata\/","og_site_name":"Buletin de Bucure\u0219ti","article_publisher":"https:\/\/www.facebook.com\/buletin.de.buc","article_published_time":"2026-03-15T10:10:07+00:00","article_modified_time":"2026-03-16T03:45:40+00:00","og_image":[{"width":1284,"height":1027,"url":"https:\/\/buletin.de\/bucuresti\/wp-content\/uploads\/2026\/03\/651685144_950515907495656_8459808033947527743_n.jpg","type":"image\/jpeg"}],"author":"C\u0103t\u0103lin Anghel-Dimache","twitter_card":"summary_large_image","twitter_misc":{"Written by":"C\u0103t\u0103lin Anghel-Dimache","Estimated reading time":"3 minutes"},"schema":{"@context":"https:\/\/schema.org","@graph":[{"@type":"Article","@id":"https:\/\/buletin.de\/bucuresti\/surpare-pe-soseaua-mihai-bravu-galeria-de-termoficare-sever-degradata\/#article","isPartOf":{"@id":"https:\/\/buletin.de\/bucuresti\/surpare-pe-soseaua-mihai-bravu-galeria-de-termoficare-sever-degradata\/"},"author":{"name":"C\u0103t\u0103lin Anghel-Dimache","@id":"https:\/\/buletin.de\/bucuresti\/#\/schema\/person\/0ac9db30080482be87c7386a30f98796"},"headline":"Surpare pe \u0218oseaua Mihai Bravu: galeria de termoficare, sever degradat\u0103","datePublished":"2026-03-15T10:10:07+00:00","dateModified":"2026-03-16T03:45:40+00:00","mainEntityOfPage":{"@id":"https:\/\/buletin.de\/bucuresti\/surpare-pe-soseaua-mihai-bravu-galeria-de-termoficare-sever-degradata\/"},"wordCount":402,"publisher":{"@id":"https:\/\/buletin.de\/bucuresti\/#organization"},"image":{"@id":"https:\/\/buletin.de\/bucuresti\/surpare-pe-soseaua-mihai-bravu-galeria-de-termoficare-sever-degradata\/#primaryimage"},"thumbnailUrl":"https:\/\/buletin.de\/bucuresti\/wp-content\/uploads\/2026\/03\/651685144_950515907495656_8459808033947527743_n.jpg","keywords":["asfalt","bucuresti","surpare","termoficare"],"articleSection":["Articole","\u0218tiri","Termoficare","Transport"],"inLanguage":"en-GB","copyrightYear":"2026","copyrightHolder":{"@id":"https:\/\/buletin.de\/bucuresti\/#organization"}},{"@type":"WebPage","@id":"https:\/\/buletin.de\/bucuresti\/surpare-pe-soseaua-mihai-bravu-galeria-de-termoficare-sever-degradata\/","url":"https:\/\/buletin.de\/bucuresti\/surpare-pe-soseaua-mihai-bravu-galeria-de-termoficare-sever-degradata\/","name":"Surpare pe \u0218oseaua Mihai Bravu: galeria de termoficare, sever degradat\u0103 - Buletin de Bucure\u0219ti","isPartOf":{"@id":"https:\/\/buletin.de\/bucuresti\/#website"},"primaryImageOfPage":{"@id":"https:\/\/buletin.de\/bucuresti\/surpare-pe-soseaua-mihai-bravu-galeria-de-termoficare-sever-degradata\/#primaryimage"},"image":{"@id":"https:\/\/buletin.de\/bucuresti\/surpare-pe-soseaua-mihai-bravu-galeria-de-termoficare-sever-degradata\/#primaryimage"},"thumbnailUrl":"https:\/\/buletin.de\/bucuresti\/wp-content\/uploads\/2026\/03\/651685144_950515907495656_8459808033947527743_n.jpg","datePublished":"2026-03-15T10:10:07+00:00","dateModified":"2026-03-16T03:45:40+00:00","description":"Surpare pe \u0218oseaua Mihai Bravu: galeria de termoficare, sever degradat\u0103. Au fost instituite restric\u021bii de circula\u021bie.","breadcrumb":{"@id":"https:\/\/buletin.de\/bucuresti\/surpare-pe-soseaua-mihai-bravu-galeria-de-termoficare-sever-degradata\/#breadcrumb"},"inLanguage":"en-GB","potentialAction":[{"@type":"ReadAction","target":["https:\/\/buletin.de\/bucuresti\/surpare-pe-soseaua-mihai-bravu-galeria-de-termoficare-sever-degradata\/"]}]},{"@type":"ImageObject","inLanguage":"en-GB","@id":"https:\/\/buletin.de\/bucuresti\/surpare-pe-soseaua-mihai-bravu-galeria-de-termoficare-sever-degradata\/#primaryimage","url":"https:\/\/buletin.de\/bucuresti\/wp-content\/uploads\/2026\/03\/651685144_950515907495656_8459808033947527743_n.jpg","contentUrl":"https:\/\/buletin.de\/bucuresti\/wp-content\/uploads\/2026\/03\/651685144_950515907495656_8459808033947527743_n.jpg","width":1284,"height":1027,"caption":"Surpare pe \u0218oseaua Mihai Bravu: galeria de termoficare, sever degradat\u0103. Foto: Termoenergetica"},{"@type":"BreadcrumbList","@id":"https:\/\/buletin.de\/bucuresti\/surpare-pe-soseaua-mihai-bravu-galeria-de-termoficare-sever-degradata\/#breadcrumb","itemListElement":[{"@type":"ListItem","position":1,"name":"Acas\u0103","item":"https:\/\/buletin.de\/bucuresti\/"},{"@type":"ListItem","position":2,"name":"Surpare pe \u0218oseaua Mihai Bravu: galeria de termoficare, sever degradat\u0103"}]},{"@type":"WebSite","@id":"https:\/\/buletin.de\/bucuresti\/#website","url":"https:\/\/buletin.de\/bucuresti\/","name":"Buletin de Bucure\u0219ti","description":"\u0218tiri \u0219i investiga\u021bii esen\u021biale din capital\u0103","publisher":{"@id":"https:\/\/buletin.de\/bucuresti\/#organization"},"potentialAction":[{"@type":"SearchAction","target":{"@type":"EntryPoint","urlTemplate":"https:\/\/buletin.de\/bucuresti\/?s={search_term_string}"},"query-input":{"@type":"PropertyValueSpecification","valueRequired":true,"valueName":"search_term_string"}}],"inLanguage":"en-GB"},{"@type":"Organization","@id":"https:\/\/buletin.de\/bucuresti\/#organization","name":"Buletin de Bucure\u0219ti","url":"https:\/\/buletin.de\/bucuresti\/","logo":{"@type":"ImageObject","inLanguage":"en-GB","@id":"https:\/\/buletin.de\/bucuresti\/#\/schema\/logo\/image\/","url":"https:\/\/buletin.de\/bucuresti\/wp-content\/uploads\/logo-bdb-full-wide-vernil-transparent.png","contentUrl":"https:\/\/buletin.de\/bucuresti\/wp-content\/uploads\/logo-bdb-full-wide-vernil-transparent.png","width":1782,"height":626,"caption":"Buletin de Bucure\u0219ti"},"image":{"@id":"https:\/\/buletin.de\/bucuresti\/#\/schema\/logo\/image\/"},"sameAs":["https:\/\/www.facebook.com\/buletin.de.buc","https:\/\/www.instagram.com\/buletinde.bucuresti\/"]},{"@type":"Person","@id":"https:\/\/buletin.de\/bucuresti\/#\/schema\/person\/0ac9db30080482be87c7386a30f98796","name":"C\u0103t\u0103lin Anghel-Dimache","image":{"@type":"ImageObject","inLanguage":"en-GB","@id":"https:\/\/buletin.de\/bucuresti\/wp-content\/uploads\/Catalin-Anghel-Dimache-96x96.jpgbd9e43c5b25186d5b8e917ac61ad86c4","url":"https:\/\/buletin.de\/bucuresti\/wp-content\/uploads\/Catalin-Anghel-Dimache-96x96.jpg","contentUrl":"https:\/\/buletin.de\/bucuresti\/wp-content\/uploads\/Catalin-Anghel-Dimache-96x96.jpg","caption":"C\u0103t\u0103lin Anghel-Dimache"},"description":"A absolvit Facultatea de Jurnalism \u0219i \u0218tiin\u021bele Comunic\u0103rii a Universit\u0103\u021bii din Bucure\u0219ti \u00een 2024. Scrie despre mediu \u0219i teme sociale, dar \u0219i despre cum se reflect\u0103 ele \u00een via\u021ba cotidian\u0103 a bucure\u0219tenilor, cu un ochi atent la pove\u0219tile personale din spatele titlurilor. N\u0103scut \u0219i crescut \u00een Bucure\u0219ti, a f\u0103cut un pas c\u0103tre presa local\u0103, din pasiune pentru ora\u0219ul s\u0103u \u0219i oamenii din el.","url":"https:\/\/buletin.de\/bucuresti\/author\/catalin-anghel-dimache\/"}]}},"authors":[{"term_id":22572,"user_id":59,"is_guest":0,"slug":"catalin-anghel-dimache","display_name":"C\u0103t\u0103lin Anghel-Dimache","avatar_url":"https:\/\/buletin.de\/bucuresti\/wp-content\/uploads\/Catalin-Anghel-Dimache-96x96.jpg","0":null,"1":"","2":"","3":"","4":"","5":"","6":"","7":"","8":""}],"_links":{"self":[{"href":"https:\/\/buletin.de\/bucuresti\/wp-json\/wp\/v2\/posts\/180726","targetHints":{"allow":["GET"]}}],"collection":[{"href":"https:\/\/buletin.de\/bucuresti\/wp-json\/wp\/v2\/posts"}],"about":[{"href":"https:\/\/buletin.de\/bucuresti\/wp-json\/wp\/v2\/types\/post"}],"author":[{"embeddable":true,"href":"https:\/\/buletin.de\/bucuresti\/wp-json\/wp\/v2\/users\/59"}],"replies":[{"embeddable":true,"href":"https:\/\/buletin.de\/bucuresti\/wp-json\/wp\/v2\/comments?post=180726"}],"version-history":[{"count":1,"href":"https:\/\/buletin.de\/bucuresti\/wp-json\/wp\/v2\/posts\/180726\/revisions"}],"predecessor-version":[{"id":180734,"href":"https:\/\/buletin.de\/bucuresti\/wp-json\/wp\/v2\/posts\/180726\/revisions\/180734"}],"wp:featuredmedia":[{"embeddable":true,"href":"https:\/\/buletin.de\/bucuresti\/wp-json\/wp\/v2\/media\/180728"}],"wp:attachment":[{"href":"https:\/\/buletin.de\/bucuresti\/wp-json\/wp\/v2\/media?parent=180726"}],"wp:term":[{"taxonomy":"category","embeddable":true,"href":"https:\/\/buletin.de\/bucuresti\/wp-json\/wp\/v2\/categories?post=180726"},{"taxonomy":"post_tag","embeddable":true,"href":"https:\/\/buletin.de\/bucuresti\/wp-json\/wp\/v2\/tags?post=180726"},{"taxonomy":"author","embeddable":true,"href":"https:\/\/buletin.de\/bucuresti\/wp-json\/wp\/v2\/ppma_author?post=180726"}],"curies":[{"name":"wp","href":"https:\/\/api.w.org\/{rel}","templated":true}]}}