{"id":18063,"date":"2021-01-14T19:46:00","date_gmt":"2021-01-14T16:46:00","guid":{"rendered":"https:\/\/buletin.de\/bucuresti\/?p=18063"},"modified":"2021-01-20T14:42:15","modified_gmt":"2021-01-20T11:42:15","slug":"exclusiv-elcen-a-repornit-instalatii-vechi-inchise-acum-patru-ani-din-cauza-investitiilor-intarziate-acestea-nu-au-fost-verificate-nu-au-autorizatie-iar-aparatura-de-monitorizare-a-noxelor-la-c","status":"publish","type":"post","link":"https:\/\/buletin.de\/bucuresti\/exclusiv-elcen-a-repornit-instalatii-vechi-inchise-acum-patru-ani-din-cauza-investitiilor-intarziate-acestea-nu-au-fost-verificate-nu-au-autorizatie-iar-aparatura-de-monitorizare-a-noxelor-la-c\/","title":{"rendered":"EXCLUSIV | ELCEN a repornit instala\u021bii vechi, \u00eenchise acum patru ani, din cauza investi\u021biilor \u00eent\u00e2rziate. Acestea nu au fost verificate, nu au autoriza\u021bie, iar aparatura de monitorizare a noxelor la co\u0219ul de fum este defect\u0103"},"content":{"rendered":"\n<p><strong>Contractat\u0103 \u00een ultima lun\u0103 \u00een care ar fi trebuit s\u0103 fie gata, modernizarea instala\u021biilor de la CET Sud, cea mai mare termocentral\u0103 a Capitalei, nu a fost finalizat\u0103 nici la aceast\u0103 or\u0103 din cauza calit\u0103\u021bii necorespunz\u0103toare a lucr\u0103rilor. Un raport intern al ELCEN, intrat \u00een posesia Buletin de Bucure\u0219ti, arat\u0103 c\u0103 acestea au cauzat probleme grave iar, \u00een aceast\u0103 iarn\u0103, CET Sud nu poate s\u0103 asigure \u00een totalitate necesarul de energie termic\u0103 contractat de Termoenergetica. F\u0103r\u0103 s\u0103 fie autorizat \u0219i verificat, conducerea ELCEN a decis pornirea unui grup tehnologic vechi care nu a mai fost folosit din 2017 \u0219i pe care a mutat toat\u0103 produc\u021bia \u00eentre Cr\u0103ciun \u0219i Revelion.&nbsp;&nbsp;&nbsp;<\/strong><\/p>\n\n\n\n<p>La \u00eenceputul lunii decembrie, un scurt-circuit a dus la o avarie la CET SUD care <a href=\"https:\/\/buletin.de\/bucuresti\/cet-sud-cet-progresu-si-cet-grozavesti-livreaza-agent-termic-sub-parametrii-ceruti-de-termoenergetica\/\">a l\u0103sat \u021bevile ciuruite ale Termoenergetica f\u0103r\u0103 agent termic \u0219i mii de apartamente cu caloriferele bocn\u0103.<\/a> Defec\u021biunea a avut loc la unul dintre cele trei grupuri de producere a energiei electrice \u0219i termice.<\/p>\n\n\n\n<figure class=\"wp-block-image size-large\"><img fetchpriority=\"high\" decoding=\"async\" width=\"900\" height=\"470\" src=\"data:image\/gif;base64,R0lGODlhAQABAAAAACH5BAEKAAEALAAAAAABAAEAAAICTAEAOw==\" data-src=\"https:\/\/buletin.de\/bucuresti\/wp-content\/uploads\/cover-31-1-900x470.jpg\" alt=\"\" class=\"wp-image-18082 lazyload\" data-sizes=\"auto\" data-srcset=\"https:\/\/buletin.de\/bucuresti\/wp-content\/uploads\/cover-31-1-900x470.jpg 900w, https:\/\/buletin.de\/bucuresti\/wp-content\/uploads\/cover-31-1-300x157.jpg 300w, https:\/\/buletin.de\/bucuresti\/wp-content\/uploads\/cover-31-1-768x401.jpg 768w, https:\/\/buletin.de\/bucuresti\/wp-content\/uploads\/cover-31-1-1536x802.jpg 1536w, https:\/\/buletin.de\/bucuresti\/wp-content\/uploads\/cover-31-1-1060x553.jpg 1060w, https:\/\/buletin.de\/bucuresti\/wp-content\/uploads\/cover-31-1-550x287.jpg 550w, https:\/\/buletin.de\/bucuresti\/wp-content\/uploads\/cover-31-1-958x500.jpg 958w, https:\/\/buletin.de\/bucuresti\/wp-content\/uploads\/cover-31-1-600x313.jpg 600w, https:\/\/buletin.de\/bucuresti\/wp-content\/uploads\/cover-31-1.jpg 1653w\" sizes=\"(max-width: 900px) 100vw, 900px\" \/><\/figure>\n\n\n\n<p>CET Sud ar fi trebuit modernizat astfel \u00eenc\u00e2t s\u0103 respecte legisla\u021bia de mediu p\u00e2n\u0103 la 31 decembrie 2019. Cu toate acestea, lucr\u0103rile au fost contractate cu o s\u0103pt\u0103m\u00e2n\u0103 \u00eenainte de expirarea termenului. <\/p>\n\n\n\n<p>Acum, de\u0219i finalizate par\u021bial, nu au putut fi duse p\u00e2n\u0103 la cap\u0103t probele complexe, astfel \u00eenc\u00e2t s\u0103 se fac\u0103 recep\u021bia final\u0103, din cauza problemelor tehnice care tot apar.<\/p>\n\n\n\n<figure class=\"wp-block-image size-large\"><img decoding=\"async\" width=\"899\" height=\"821\" src=\"data:image\/gif;base64,R0lGODlhAQABAAAAACH5BAEKAAEALAAAAAABAAEAAAICTAEAOw==\" data-src=\"https:\/\/buletin.de\/bucuresti\/wp-content\/uploads\/termene-anexa.jpg\" alt=\"\" class=\"wp-image-18064 lazyload\" data-sizes=\"auto\" data-srcset=\"https:\/\/buletin.de\/bucuresti\/wp-content\/uploads\/termene-anexa.jpg 899w, https:\/\/buletin.de\/bucuresti\/wp-content\/uploads\/termene-anexa-300x274.jpg 300w, https:\/\/buletin.de\/bucuresti\/wp-content\/uploads\/termene-anexa-768x701.jpg 768w, https:\/\/buletin.de\/bucuresti\/wp-content\/uploads\/termene-anexa-550x502.jpg 550w, https:\/\/buletin.de\/bucuresti\/wp-content\/uploads\/termene-anexa-548x500.jpg 548w, https:\/\/buletin.de\/bucuresti\/wp-content\/uploads\/termene-anexa-600x548.jpg 600w\" sizes=\"(max-width: 899px) 100vw, 899px\" \/><figcaption>Extras din planul na\u021bional de tranzi\u021bie pentru instala\u021bii de ardere aflate sub inciden\u021ba prevederilor din Legea nr. 278\/2013 privind emisiile industriale.<\/figcaption><\/figure>\n\n\n\n<p>&nbsp;\u201c<em>Arz\u0103toarele sunt noi dar cazanele sunt vechi. Apar avarii la cazane, la sistemele sub presiune, care nu au fost modernizate. Declan\u0219eaz\u0103 \u0219i turbina 3, din varii motive. Emisiile cred c\u0103 se vor \u00eencadra<\/em>\u201d, explic\u0103 o surs\u0103 din interiorul companiei.<\/p>\n\n\n\n<p>Din aceast\u0103 cauz\u0103, contractul cu Termoenergetica pentru iarna aceasta nu poate fi respectat, <em>\u201c\u00een scopul asigur\u0103rii unui confort termic \u00een locuin\u021bele popula\u021biei Capitalei racordate la sistemul de \u00eenc\u0103lzire \u00een perioada imediat\u0103 ianuarie \u2013 martie 2021<\/em>\u201d.<\/p>\n\n\n\n<p>Informa\u021bia apare \u00eentr-o serie de circulare de luna trecut\u0103 cu privire la \u00eenchirierea unor capacit\u0103\u021bi de produc\u021bie de energie termic\u0103 modulare care s\u0103 suplimenteze deficitul cauzat de investi\u021biile \u00eent\u00e2rziate care par a fi f\u0103cute pe genunchi.<\/p>\n\n\n\n<figure class=\"wp-block-image size-large\"><img decoding=\"async\" width=\"900\" height=\"392\" src=\"data:image\/gif;base64,R0lGODlhAQABAAAAACH5BAEKAAEALAAAAAABAAEAAAICTAEAOw==\" data-src=\"https:\/\/buletin.de\/bucuresti\/wp-content\/uploads\/contract-nerespectat-900x392.jpg\" alt=\"\" class=\"wp-image-18069 lazyload\" data-sizes=\"auto\" data-srcset=\"https:\/\/buletin.de\/bucuresti\/wp-content\/uploads\/contract-nerespectat-900x392.jpg 900w, https:\/\/buletin.de\/bucuresti\/wp-content\/uploads\/contract-nerespectat-300x131.jpg 300w, https:\/\/buletin.de\/bucuresti\/wp-content\/uploads\/contract-nerespectat-768x334.jpg 768w, https:\/\/buletin.de\/bucuresti\/wp-content\/uploads\/contract-nerespectat-1060x461.jpg 1060w, https:\/\/buletin.de\/bucuresti\/wp-content\/uploads\/contract-nerespectat-550x239.jpg 550w, https:\/\/buletin.de\/bucuresti\/wp-content\/uploads\/contract-nerespectat-1149x500.jpg 1149w, https:\/\/buletin.de\/bucuresti\/wp-content\/uploads\/contract-nerespectat-600x261.jpg 600w, https:\/\/buletin.de\/bucuresti\/wp-content\/uploads\/contract-nerespectat.jpg 1202w\" sizes=\"(max-width: 900px) 100vw, 900px\" \/><figcaption>Raport de necesitate din 31.12.2020 privind \u00eenchirierea capacit\u0103\u021bilor modulare de producere energie termic\u0103 \u00een vederea asigur\u0103rii necesarului de energie termic\u0103 de v\u00e2rf \u00een iarna 2020-2021. <\/figcaption><\/figure>\n\n\n\n<p>Situa\u021bia alarmant\u0103 a pus \u00een discu\u021bie \u00een interiorul companiei ideea repornirii unui grup energetic vechi. <\/p>\n\n\n\n<p>Blocul 5, sau Cazanul 5 \u00een limbajul energeticienilor, a fost folosit ultima dat\u0103 \u00een 2017 \u0219i este compus dintr-un cazan de abur produs \u00een Cehoslovacia \u00een 1974 \u0219i instala\u021biile aferente. Potrivit unui raport intern, intrat \u00een posesia Buletin de Bucure\u0219ti, cazanul a fost expertizat ultima dat\u0103 \u00een februarie 2013.<\/p>\n\n\n\n<figure class=\"wp-block-image size-large\"><img loading=\"lazy\" decoding=\"async\" width=\"900\" height=\"747\" src=\"data:image\/gif;base64,R0lGODlhAQABAAAAACH5BAEKAAEALAAAAAABAAEAAAICTAEAOw==\" data-src=\"https:\/\/buletin.de\/bucuresti\/wp-content\/uploads\/bloc-5-expertizare-900x747.jpg\" alt=\"\" class=\"wp-image-18075 lazyload\" data-sizes=\"auto\" data-srcset=\"https:\/\/buletin.de\/bucuresti\/wp-content\/uploads\/bloc-5-expertizare-900x747.jpg 900w, https:\/\/buletin.de\/bucuresti\/wp-content\/uploads\/bloc-5-expertizare-300x249.jpg 300w, https:\/\/buletin.de\/bucuresti\/wp-content\/uploads\/bloc-5-expertizare-768x638.jpg 768w, https:\/\/buletin.de\/bucuresti\/wp-content\/uploads\/bloc-5-expertizare-1060x880.jpg 1060w, https:\/\/buletin.de\/bucuresti\/wp-content\/uploads\/bloc-5-expertizare-550x457.jpg 550w, https:\/\/buletin.de\/bucuresti\/wp-content\/uploads\/bloc-5-expertizare-602x500.jpg 602w, https:\/\/buletin.de\/bucuresti\/wp-content\/uploads\/bloc-5-expertizare-600x498.jpg 600w, https:\/\/buletin.de\/bucuresti\/wp-content\/uploads\/bloc-5-expertizare.jpg 1167w\" sizes=\"(max-width: 900px) 100vw, 900px\" \/><figcaption>Blocul energetic nr.5 a fost oprit \u0219i scos din uz \u00een decembrie 2017.<\/figcaption><\/figure>\n\n\n\n<p>Mai mult, autoritatea de stat care verific\u0103 instala\u021biile de \u00eenalt\u0103 presiune, aflate \u00een uz comerical, a confirmat c\u0103 expertiza tehnic\u0103 a instala\u021biei este expirat\u0103 dar \u0219i c\u0103 ELCEN nu a cerut verificarea \u0219i reautorizarea tehnic\u0103 pentru aceasta.<\/p>\n\n\n\n<blockquote class=\"wp-block-quote is-layout-flow wp-block-quote-is-layout-flow\"><p><em>\u201cPentru Cazanul de abur nr. 5 (tip TLMACE) a fost \u00eentocmit un Proces-verbal de oprire nr.B7651\/3\/2019&nbsp; de c\u0103tre Operator RSVTI ing. Irina Cornelia Popescu in data de 13.03.2019, av\u00e2nd drept motiv <span style=\"text-decoration: underline;\">expirarea expertizei tehnice.<\/span> De asemenea v\u0103 inform\u0103m c\u0103 nu exist\u0103 alte solicit\u0103ri de la Electrocentrale Bucure\u0219ti SA, pentru verific\u0103ri tehnice \u00een utilizare la instala\u021bii\/echipamente a c\u0103ror scaden\u021b\u0103 a urm\u0103toarei verific\u0103ri a expirat\u201d<\/em><\/p><cite><em>Sursa: Compania Na\u0163ional\u0103 pentru Controlul Cazanelor, Instala\u0163iilor de Ridicat \u015fi Recipientelor sub Presiune<\/em>(C.N.C.I.R.)<\/cite><\/blockquote>\n\n\n\n<p>Pe l\u00e2ng\u0103 faptul c\u0103 instala\u021biile nu au fost verificate, acestea nu dispun nici m\u0103car de aparatur\u0103 pentru monitorizarea emisiilor de poluan\u021bi.<\/p>\n\n\n\n<p>&#8220;<strong>Aparatura de monitorizare noxe la co\u0219ul de fum este defect\u0103<\/strong>&#8220;, se arat\u0103 \u00eentr-un alt raport privind starea echipamentelor de producere a energiei electrice \u0219i termice de la CET Sud din 22 decembrie 2020. <\/p>\n\n\n\n<p>Cu toate acestea Grupul 5 a fost repornit \u0219i a fost \u0219i singurul care a func\u021bionat la CET Sud \u00eentre Cr\u0103ciun \u0219i Revelion, \u00een timp ce Grupurile 2 \u0219i 3, unde au avut loc lucr\u0103ri de modernizare, au fost trecute ca rezerv\u0103.<\/p>\n\n\n\n<figure class=\"wp-block-image size-large\"><img loading=\"lazy\" decoding=\"async\" width=\"900\" height=\"617\" src=\"data:image\/gif;base64,R0lGODlhAQABAAAAACH5BAEKAAEALAAAAAABAAEAAAICTAEAOw==\" data-src=\"https:\/\/buletin.de\/bucuresti\/wp-content\/uploads\/26-dec-900x617.jpg\" alt=\"\" class=\"wp-image-18077 lazyload\" data-sizes=\"auto\" data-srcset=\"https:\/\/buletin.de\/bucuresti\/wp-content\/uploads\/26-dec-900x617.jpg 900w, https:\/\/buletin.de\/bucuresti\/wp-content\/uploads\/26-dec-300x206.jpg 300w, https:\/\/buletin.de\/bucuresti\/wp-content\/uploads\/26-dec-768x527.jpg 768w, https:\/\/buletin.de\/bucuresti\/wp-content\/uploads\/26-dec-550x377.jpg 550w, https:\/\/buletin.de\/bucuresti\/wp-content\/uploads\/26-dec-729x500.jpg 729w, https:\/\/buletin.de\/bucuresti\/wp-content\/uploads\/26-dec-600x411.jpg 600w, https:\/\/buletin.de\/bucuresti\/wp-content\/uploads\/26-dec.jpg 951w\" sizes=\"(max-width: 900px) 100vw, 900px\" \/><figcaption>Pe 26, 27 \u0219i 28 decembrie cazanul 5 a asigurat necesarul de energie termic\u0103  la CET Sud \u00een timp ce cazanele 2 \u0219i 3 care au fost modernizate au fost trecute ca rezerv\u0103.<\/figcaption><\/figure>\n\n\n\n<p>Buletin de Bucure\u0219ti a luat leg\u0103tura cu administratorul special al ELCEN, Claudiu Cre\u021bu, sub semn\u0103tura c\u0103ruia trebuie se afle buna func\u021bionare a companiei. <\/p>\n\n\n\n<p>\u00centrebat despre riscul unui accident, el a precizat c\u0103 este con\u0219tient de acest aspect \u00eens\u0103 reprezint\u0103 o decizie dificil\u0103 s\u0103 hot\u0103r\u0103\u0219ti dac\u0103 \u201cla\u0219i lumea \u00een frig sau porne\u0219ti un cazan vechi\u201d.<\/p>\n\n\n\n<p>Mai mult, Claudiu Cre\u021bu admite c\u0103 speciali\u0219tii care opereaz\u0103 CET Sud sunt nemul\u021bumi\u021bi de lucr\u0103rile de modernizare la cazanele 2, 3 \u0219i 4,&nbsp; dar \u0219i c\u0103, \u00een acest moment, ar fi vorba despre reglaje.<\/p>\n\n\n\n<p>\u201c<em>Lucrarea este foarte complex\u0103 \u0219i p\u00e2n\u0103 \u00een momentul \u00een care nu vor fi toate lucrurile \u00een ordine nu putem vorbi de recep\u021bia final\u0103<\/em>\u201d, a explicat administratorul special al ELCEN, Claudiu Cre\u021bu care a ad\u0103ugat c\u0103 \u00een func\u021bie de necesit\u0103\u021bi se are \u00een vedere repornirea Grupului 5.&nbsp;&nbsp;&nbsp;&nbsp;&nbsp;&nbsp;&nbsp;&nbsp;&nbsp;<\/p>\n\n\n\n<p>Potrivit prognozei ANM, zilele urm\u0103toare temperaturile ar urma s\u0103 scad\u0103 \u00een Capitala sub -10 grade Celsius.<\/p>\n","protected":false},"excerpt":{"rendered":"<p>Contractat\u0103 \u00een ultima lun\u0103 \u00een care ar fi trebuit s\u0103 fie gata, modernizarea instala\u021biilor de la CET Sud, cea mai mare termocentral\u0103 a Capitalei, nu a fost finalizat\u0103 nici la aceast\u0103 or\u0103 din cauza calit\u0103\u021bii necorespunz\u0103toare a lucr\u0103rilor. Un raport intern al ELCEN, intrat \u00een posesia Buletin de Bucure\u0219ti, arat\u0103 c\u0103 acestea au cauzat probleme [&hellip;]<\/p>\n","protected":false},"author":10,"featured_media":16763,"comment_status":"closed","ping_status":"open","sticky":false,"template":"","format":"standard","meta":{"_acf_changed":false,"inline_featured_image":false,"ngg_post_thumbnail":0,"footnotes":""},"categories":[1],"tags":[1961,237,2106,1088,498,132],"ppma_author":[22575],"class_list":["post-18063","post","type-post","status-publish","format-standard","has-post-thumbnail","hentry","category-diverse","tag-cet-sud","tag-elcen","tag-instalatii-vechi","tag-modernizare","tag-noxe","tag-poluare"],"acf":[],"yoast_head":"<!-- This site is optimized with the Yoast SEO Premium plugin v25.3 (Yoast SEO v27.5) - https:\/\/yoast.com\/product\/yoast-seo-premium-wordpress\/ -->\n<title>EXCLUSIV | ELCEN a repornit instala\u021bii vechi, \u00eenchise acum patru ani, din cauza investi\u021biilor \u00eent\u00e2rziate. Acestea nu au fost verificate, nu au autoriza\u021bie, iar aparatura de monitorizare a noxelor la co\u0219ul de fum este defect\u0103 - Buletin de Bucure\u0219ti<\/title>\n<meta name=\"robots\" content=\"index, follow, max-snippet:-1, max-image-preview:large, max-video-preview:-1\" \/>\n<link rel=\"canonical\" href=\"https:\/\/buletin.de\/bucuresti\/exclusiv-elcen-a-repornit-instalatii-vechi-inchise-acum-patru-ani-din-cauza-investitiilor-intarziate-acestea-nu-au-fost-verificate-nu-au-autorizatie-iar-aparatura-de-monitorizare-a-noxelor-la-c\/\" \/>\n<meta property=\"og:locale\" content=\"en_GB\" \/>\n<meta property=\"og:type\" content=\"article\" \/>\n<meta property=\"og:title\" content=\"EXCLUSIV | ELCEN a repornit instala\u021bii vechi, \u00eenchise acum patru ani, din cauza investi\u021biilor \u00eent\u00e2rziate. Acestea nu au fost verificate, nu au autoriza\u021bie, iar aparatura de monitorizare a noxelor la co\u0219ul de fum este defect\u0103\" \/>\n<meta property=\"og:description\" content=\"Contractat\u0103 \u00een ultima lun\u0103 \u00een care ar fi trebuit s\u0103 fie gata, modernizarea instala\u021biilor de la CET Sud, cea mai mare termocentral\u0103 a Capitalei, nu a fost finalizat\u0103 nici la aceast\u0103 or\u0103 din cauza calit\u0103\u021bii necorespunz\u0103toare a lucr\u0103rilor. Un raport intern al ELCEN, intrat \u00een posesia Buletin de Bucure\u0219ti, arat\u0103 c\u0103 acestea au cauzat probleme [&hellip;]\" \/>\n<meta property=\"og:url\" content=\"https:\/\/buletin.de\/bucuresti\/exclusiv-elcen-a-repornit-instalatii-vechi-inchise-acum-patru-ani-din-cauza-investitiilor-intarziate-acestea-nu-au-fost-verificate-nu-au-autorizatie-iar-aparatura-de-monitorizare-a-noxelor-la-c\/\" \/>\n<meta property=\"og:site_name\" content=\"Buletin de Bucure\u0219ti\" \/>\n<meta property=\"article:publisher\" content=\"https:\/\/www.facebook.com\/buletin.de.buc\" \/>\n<meta property=\"article:published_time\" content=\"2021-01-14T16:46:00+00:00\" \/>\n<meta property=\"article:modified_time\" content=\"2021-01-20T11:42:15+00:00\" \/>\n<meta property=\"og:image\" content=\"https:\/\/buletin.de\/bucuresti\/wp-content\/uploads\/20201214_142011.jpg\" \/>\n\t<meta property=\"og:image:width\" content=\"2289\" \/>\n\t<meta property=\"og:image:height\" content=\"1113\" \/>\n\t<meta property=\"og:image:type\" content=\"image\/jpeg\" \/>\n<meta name=\"author\" content=\"C\u0103t\u0103lin Dosca\u0219\" \/>\n<meta name=\"twitter:card\" content=\"summary_large_image\" \/>\n<meta name=\"twitter:label1\" content=\"Written by\" \/>\n\t<meta name=\"twitter:data1\" content=\"C\u0103t\u0103lin Dosca\u0219\" \/>\n\t<meta name=\"twitter:label2\" content=\"Estimated reading time\" \/>\n\t<meta name=\"twitter:data2\" content=\"5 minutes\" \/>\n<script type=\"application\/ld+json\" class=\"yoast-schema-graph\">{\"@context\":\"https:\\\/\\\/schema.org\",\"@graph\":[{\"@type\":\"Article\",\"@id\":\"https:\\\/\\\/buletin.de\\\/bucuresti\\\/exclusiv-elcen-a-repornit-instalatii-vechi-inchise-acum-patru-ani-din-cauza-investitiilor-intarziate-acestea-nu-au-fost-verificate-nu-au-autorizatie-iar-aparatura-de-monitorizare-a-noxelor-la-c\\\/#article\",\"isPartOf\":{\"@id\":\"https:\\\/\\\/buletin.de\\\/bucuresti\\\/exclusiv-elcen-a-repornit-instalatii-vechi-inchise-acum-patru-ani-din-cauza-investitiilor-intarziate-acestea-nu-au-fost-verificate-nu-au-autorizatie-iar-aparatura-de-monitorizare-a-noxelor-la-c\\\/\"},\"author\":{\"name\":\"C\u0103t\u0103lin Dosca\u0219\",\"@id\":\"https:\\\/\\\/buletin.de\\\/bucuresti\\\/#\\\/schema\\\/person\\\/31117187ed4d0bdb0a4c7d6acc79d0f8\"},\"headline\":\"EXCLUSIV | ELCEN a repornit instala\u021bii vechi, \u00eenchise acum patru ani, din cauza investi\u021biilor \u00eent\u00e2rziate. Acestea nu au fost verificate, nu au autoriza\u021bie, iar aparatura de monitorizare a noxelor la co\u0219ul de fum este defect\u0103\",\"datePublished\":\"2021-01-14T16:46:00+00:00\",\"dateModified\":\"2021-01-20T11:42:15+00:00\",\"mainEntityOfPage\":{\"@id\":\"https:\\\/\\\/buletin.de\\\/bucuresti\\\/exclusiv-elcen-a-repornit-instalatii-vechi-inchise-acum-patru-ani-din-cauza-investitiilor-intarziate-acestea-nu-au-fost-verificate-nu-au-autorizatie-iar-aparatura-de-monitorizare-a-noxelor-la-c\\\/\"},\"wordCount\":964,\"publisher\":{\"@id\":\"https:\\\/\\\/buletin.de\\\/bucuresti\\\/#organization\"},\"image\":{\"@id\":\"https:\\\/\\\/buletin.de\\\/bucuresti\\\/exclusiv-elcen-a-repornit-instalatii-vechi-inchise-acum-patru-ani-din-cauza-investitiilor-intarziate-acestea-nu-au-fost-verificate-nu-au-autorizatie-iar-aparatura-de-monitorizare-a-noxelor-la-c\\\/#primaryimage\"},\"thumbnailUrl\":\"https:\\\/\\\/buletin.de\\\/bucuresti\\\/wp-content\\\/uploads\\\/20201214_142011.jpg\",\"keywords\":[\"cet sud\",\"elcen\",\"instalatii vechi\",\"modernizare\",\"noxe\",\"poluare\"],\"articleSection\":[\"Diverse\"],\"inLanguage\":\"en-GB\",\"copyrightYear\":\"2021\",\"copyrightHolder\":{\"@id\":\"https:\\\/\\\/buletin.de\\\/bucuresti\\\/#organization\"}},{\"@type\":\"WebPage\",\"@id\":\"https:\\\/\\\/buletin.de\\\/bucuresti\\\/exclusiv-elcen-a-repornit-instalatii-vechi-inchise-acum-patru-ani-din-cauza-investitiilor-intarziate-acestea-nu-au-fost-verificate-nu-au-autorizatie-iar-aparatura-de-monitorizare-a-noxelor-la-c\\\/\",\"url\":\"https:\\\/\\\/buletin.de\\\/bucuresti\\\/exclusiv-elcen-a-repornit-instalatii-vechi-inchise-acum-patru-ani-din-cauza-investitiilor-intarziate-acestea-nu-au-fost-verificate-nu-au-autorizatie-iar-aparatura-de-monitorizare-a-noxelor-la-c\\\/\",\"name\":\"EXCLUSIV | ELCEN a repornit instala\u021bii vechi, \u00eenchise acum patru ani, din cauza investi\u021biilor \u00eent\u00e2rziate. Acestea nu au fost verificate, nu au autoriza\u021bie, iar aparatura de monitorizare a noxelor la co\u0219ul de fum este defect\u0103 - Buletin de Bucure\u0219ti\",\"isPartOf\":{\"@id\":\"https:\\\/\\\/buletin.de\\\/bucuresti\\\/#website\"},\"primaryImageOfPage\":{\"@id\":\"https:\\\/\\\/buletin.de\\\/bucuresti\\\/exclusiv-elcen-a-repornit-instalatii-vechi-inchise-acum-patru-ani-din-cauza-investitiilor-intarziate-acestea-nu-au-fost-verificate-nu-au-autorizatie-iar-aparatura-de-monitorizare-a-noxelor-la-c\\\/#primaryimage\"},\"image\":{\"@id\":\"https:\\\/\\\/buletin.de\\\/bucuresti\\\/exclusiv-elcen-a-repornit-instalatii-vechi-inchise-acum-patru-ani-din-cauza-investitiilor-intarziate-acestea-nu-au-fost-verificate-nu-au-autorizatie-iar-aparatura-de-monitorizare-a-noxelor-la-c\\\/#primaryimage\"},\"thumbnailUrl\":\"https:\\\/\\\/buletin.de\\\/bucuresti\\\/wp-content\\\/uploads\\\/20201214_142011.jpg\",\"datePublished\":\"2021-01-14T16:46:00+00:00\",\"dateModified\":\"2021-01-20T11:42:15+00:00\",\"breadcrumb\":{\"@id\":\"https:\\\/\\\/buletin.de\\\/bucuresti\\\/exclusiv-elcen-a-repornit-instalatii-vechi-inchise-acum-patru-ani-din-cauza-investitiilor-intarziate-acestea-nu-au-fost-verificate-nu-au-autorizatie-iar-aparatura-de-monitorizare-a-noxelor-la-c\\\/#breadcrumb\"},\"inLanguage\":\"en-GB\",\"potentialAction\":[{\"@type\":\"ReadAction\",\"target\":[\"https:\\\/\\\/buletin.de\\\/bucuresti\\\/exclusiv-elcen-a-repornit-instalatii-vechi-inchise-acum-patru-ani-din-cauza-investitiilor-intarziate-acestea-nu-au-fost-verificate-nu-au-autorizatie-iar-aparatura-de-monitorizare-a-noxelor-la-c\\\/\"]}]},{\"@type\":\"ImageObject\",\"inLanguage\":\"en-GB\",\"@id\":\"https:\\\/\\\/buletin.de\\\/bucuresti\\\/exclusiv-elcen-a-repornit-instalatii-vechi-inchise-acum-patru-ani-din-cauza-investitiilor-intarziate-acestea-nu-au-fost-verificate-nu-au-autorizatie-iar-aparatura-de-monitorizare-a-noxelor-la-c\\\/#primaryimage\",\"url\":\"https:\\\/\\\/buletin.de\\\/bucuresti\\\/wp-content\\\/uploads\\\/20201214_142011.jpg\",\"contentUrl\":\"https:\\\/\\\/buletin.de\\\/bucuresti\\\/wp-content\\\/uploads\\\/20201214_142011.jpg\",\"width\":2289,\"height\":1113},{\"@type\":\"BreadcrumbList\",\"@id\":\"https:\\\/\\\/buletin.de\\\/bucuresti\\\/exclusiv-elcen-a-repornit-instalatii-vechi-inchise-acum-patru-ani-din-cauza-investitiilor-intarziate-acestea-nu-au-fost-verificate-nu-au-autorizatie-iar-aparatura-de-monitorizare-a-noxelor-la-c\\\/#breadcrumb\",\"itemListElement\":[{\"@type\":\"ListItem\",\"position\":1,\"name\":\"Acas\u0103\",\"item\":\"https:\\\/\\\/buletin.de\\\/bucuresti\\\/\"},{\"@type\":\"ListItem\",\"position\":2,\"name\":\"EXCLUSIV | ELCEN a repornit instala\u021bii vechi, \u00eenchise acum patru ani, din cauza investi\u021biilor \u00eent\u00e2rziate. Acestea nu au fost verificate, nu au autoriza\u021bie, iar aparatura de monitorizare a noxelor la co\u0219ul de fum este defect\u0103\"}]},{\"@type\":\"WebSite\",\"@id\":\"https:\\\/\\\/buletin.de\\\/bucuresti\\\/#website\",\"url\":\"https:\\\/\\\/buletin.de\\\/bucuresti\\\/\",\"name\":\"Buletin de Bucure\u0219ti\",\"description\":\"\u0218tiri \u0219i investiga\u021bii esen\u021biale din capital\u0103\",\"publisher\":{\"@id\":\"https:\\\/\\\/buletin.de\\\/bucuresti\\\/#organization\"},\"potentialAction\":[{\"@type\":\"SearchAction\",\"target\":{\"@type\":\"EntryPoint\",\"urlTemplate\":\"https:\\\/\\\/buletin.de\\\/bucuresti\\\/?s={search_term_string}\"},\"query-input\":{\"@type\":\"PropertyValueSpecification\",\"valueRequired\":true,\"valueName\":\"search_term_string\"}}],\"inLanguage\":\"en-GB\"},{\"@type\":\"Organization\",\"@id\":\"https:\\\/\\\/buletin.de\\\/bucuresti\\\/#organization\",\"name\":\"Buletin de Bucure\u0219ti\",\"url\":\"https:\\\/\\\/buletin.de\\\/bucuresti\\\/\",\"logo\":{\"@type\":\"ImageObject\",\"inLanguage\":\"en-GB\",\"@id\":\"https:\\\/\\\/buletin.de\\\/bucuresti\\\/#\\\/schema\\\/logo\\\/image\\\/\",\"url\":\"https:\\\/\\\/buletin.de\\\/bucuresti\\\/wp-content\\\/uploads\\\/logo-bdb-full-wide-vernil-transparent.png\",\"contentUrl\":\"https:\\\/\\\/buletin.de\\\/bucuresti\\\/wp-content\\\/uploads\\\/logo-bdb-full-wide-vernil-transparent.png\",\"width\":1782,\"height\":626,\"caption\":\"Buletin de Bucure\u0219ti\"},\"image\":{\"@id\":\"https:\\\/\\\/buletin.de\\\/bucuresti\\\/#\\\/schema\\\/logo\\\/image\\\/\"},\"sameAs\":[\"https:\\\/\\\/www.facebook.com\\\/buletin.de.buc\",\"https:\\\/\\\/www.instagram.com\\\/buletinde.bucuresti\\\/\"]},{\"@type\":\"Person\",\"@id\":\"https:\\\/\\\/buletin.de\\\/bucuresti\\\/#\\\/schema\\\/person\\\/31117187ed4d0bdb0a4c7d6acc79d0f8\",\"name\":\"C\u0103t\u0103lin Dosca\u0219\",\"image\":{\"@type\":\"ImageObject\",\"inLanguage\":\"en-GB\",\"@id\":\"https:\\\/\\\/buletin.de\\\/bucuresti\\\/wp-content\\\/uploads\\\/Catalin-Doscas-e1732731064764-96x96.jpga93e2943bb3b1c1f9ead823df6e6317a\",\"url\":\"https:\\\/\\\/buletin.de\\\/bucuresti\\\/wp-content\\\/uploads\\\/Catalin-Doscas-e1732731064764-96x96.jpg\",\"contentUrl\":\"https:\\\/\\\/buletin.de\\\/bucuresti\\\/wp-content\\\/uploads\\\/Catalin-Doscas-e1732731064764-96x96.jpg\",\"caption\":\"C\u0103t\u0103lin Dosca\u0219\"},\"description\":\"Reporter \u0219i redactor-\u0219ef Buletin de Bucure\u0219ti. Lucreaz\u0103 \u00een mass-media de la v\u00e2rsta de 15 ani, c\u00e2nd a publicat primele articole \u00een presa local\u0103 din Tecuci. \u00cen Bucure\u0219ti a lucrat \u00een redac\u021bii radio ca reporter, redactor \u0219i prezentator (StudentFM, Na\u021bionalFM, Radio Total, Smart FM), unde a acoperit domeniile politic, economic, social \u0219i externe. Ulterior, a fost editor-coordonator al postului Realitatea FM. Experien\u021ba \u00een jurnalismul online a dob\u00e2ndit-o la portalul B365.ro, unde a fost editor. \u00cen 2012 s-a angajat \u00een televiziune. La Realitatea TV a fost, pe r\u00e2nd, reporter la sec\u021bia Social, reporter special la emisiunea de reportaje \u0219i anchete \u201eReporterii Realit\u0103\u021bii\u201d, dar \u0219i editor al jurnalelor de \u0219tiri. Ulterior, a f\u0103cut parte din sec\u021bia de Investiga\u021bii de la Digi24 \u0219i a lucrat la campania \u201eRom\u00e2nia furat\u0103\u201d. A revenit \u00een presa scris\u0103 \u00een 2017, ca reporter special, \u00een cadrul unui proiect de repozi\u021bionare a tabloidului Libertatea \u00een cotidian generalist. Este jurnalist Buletin de Bucure\u0219ti din 2019.\",\"url\":\"https:\\\/\\\/buletin.de\\\/bucuresti\\\/author\\\/catalin\\\/\"}]}<\/script>\n<!-- \/ Yoast SEO Premium plugin. -->","yoast_head_json":{"title":"EXCLUSIV | ELCEN a repornit instala\u021bii vechi, \u00eenchise acum patru ani, din cauza investi\u021biilor \u00eent\u00e2rziate. Acestea nu au fost verificate, nu au autoriza\u021bie, iar aparatura de monitorizare a noxelor la co\u0219ul de fum este defect\u0103 - Buletin de Bucure\u0219ti","robots":{"index":"index","follow":"follow","max-snippet":"max-snippet:-1","max-image-preview":"max-image-preview:large","max-video-preview":"max-video-preview:-1"},"canonical":"https:\/\/buletin.de\/bucuresti\/exclusiv-elcen-a-repornit-instalatii-vechi-inchise-acum-patru-ani-din-cauza-investitiilor-intarziate-acestea-nu-au-fost-verificate-nu-au-autorizatie-iar-aparatura-de-monitorizare-a-noxelor-la-c\/","og_locale":"en_GB","og_type":"article","og_title":"EXCLUSIV | ELCEN a repornit instala\u021bii vechi, \u00eenchise acum patru ani, din cauza investi\u021biilor \u00eent\u00e2rziate. Acestea nu au fost verificate, nu au autoriza\u021bie, iar aparatura de monitorizare a noxelor la co\u0219ul de fum este defect\u0103","og_description":"Contractat\u0103 \u00een ultima lun\u0103 \u00een care ar fi trebuit s\u0103 fie gata, modernizarea instala\u021biilor de la CET Sud, cea mai mare termocentral\u0103 a Capitalei, nu a fost finalizat\u0103 nici la aceast\u0103 or\u0103 din cauza calit\u0103\u021bii necorespunz\u0103toare a lucr\u0103rilor. Un raport intern al ELCEN, intrat \u00een posesia Buletin de Bucure\u0219ti, arat\u0103 c\u0103 acestea au cauzat probleme [&hellip;]","og_url":"https:\/\/buletin.de\/bucuresti\/exclusiv-elcen-a-repornit-instalatii-vechi-inchise-acum-patru-ani-din-cauza-investitiilor-intarziate-acestea-nu-au-fost-verificate-nu-au-autorizatie-iar-aparatura-de-monitorizare-a-noxelor-la-c\/","og_site_name":"Buletin de Bucure\u0219ti","article_publisher":"https:\/\/www.facebook.com\/buletin.de.buc","article_published_time":"2021-01-14T16:46:00+00:00","article_modified_time":"2021-01-20T11:42:15+00:00","og_image":[{"width":2289,"height":1113,"url":"https:\/\/buletin.de\/bucuresti\/wp-content\/uploads\/20201214_142011.jpg","type":"image\/jpeg"}],"author":"C\u0103t\u0103lin Dosca\u0219","twitter_card":"summary_large_image","twitter_misc":{"Written by":"C\u0103t\u0103lin Dosca\u0219","Estimated reading time":"5 minutes"},"schema":{"@context":"https:\/\/schema.org","@graph":[{"@type":"Article","@id":"https:\/\/buletin.de\/bucuresti\/exclusiv-elcen-a-repornit-instalatii-vechi-inchise-acum-patru-ani-din-cauza-investitiilor-intarziate-acestea-nu-au-fost-verificate-nu-au-autorizatie-iar-aparatura-de-monitorizare-a-noxelor-la-c\/#article","isPartOf":{"@id":"https:\/\/buletin.de\/bucuresti\/exclusiv-elcen-a-repornit-instalatii-vechi-inchise-acum-patru-ani-din-cauza-investitiilor-intarziate-acestea-nu-au-fost-verificate-nu-au-autorizatie-iar-aparatura-de-monitorizare-a-noxelor-la-c\/"},"author":{"name":"C\u0103t\u0103lin Dosca\u0219","@id":"https:\/\/buletin.de\/bucuresti\/#\/schema\/person\/31117187ed4d0bdb0a4c7d6acc79d0f8"},"headline":"EXCLUSIV | ELCEN a repornit instala\u021bii vechi, \u00eenchise acum patru ani, din cauza investi\u021biilor \u00eent\u00e2rziate. Acestea nu au fost verificate, nu au autoriza\u021bie, iar aparatura de monitorizare a noxelor la co\u0219ul de fum este defect\u0103","datePublished":"2021-01-14T16:46:00+00:00","dateModified":"2021-01-20T11:42:15+00:00","mainEntityOfPage":{"@id":"https:\/\/buletin.de\/bucuresti\/exclusiv-elcen-a-repornit-instalatii-vechi-inchise-acum-patru-ani-din-cauza-investitiilor-intarziate-acestea-nu-au-fost-verificate-nu-au-autorizatie-iar-aparatura-de-monitorizare-a-noxelor-la-c\/"},"wordCount":964,"publisher":{"@id":"https:\/\/buletin.de\/bucuresti\/#organization"},"image":{"@id":"https:\/\/buletin.de\/bucuresti\/exclusiv-elcen-a-repornit-instalatii-vechi-inchise-acum-patru-ani-din-cauza-investitiilor-intarziate-acestea-nu-au-fost-verificate-nu-au-autorizatie-iar-aparatura-de-monitorizare-a-noxelor-la-c\/#primaryimage"},"thumbnailUrl":"https:\/\/buletin.de\/bucuresti\/wp-content\/uploads\/20201214_142011.jpg","keywords":["cet sud","elcen","instalatii vechi","modernizare","noxe","poluare"],"articleSection":["Diverse"],"inLanguage":"en-GB","copyrightYear":"2021","copyrightHolder":{"@id":"https:\/\/buletin.de\/bucuresti\/#organization"}},{"@type":"WebPage","@id":"https:\/\/buletin.de\/bucuresti\/exclusiv-elcen-a-repornit-instalatii-vechi-inchise-acum-patru-ani-din-cauza-investitiilor-intarziate-acestea-nu-au-fost-verificate-nu-au-autorizatie-iar-aparatura-de-monitorizare-a-noxelor-la-c\/","url":"https:\/\/buletin.de\/bucuresti\/exclusiv-elcen-a-repornit-instalatii-vechi-inchise-acum-patru-ani-din-cauza-investitiilor-intarziate-acestea-nu-au-fost-verificate-nu-au-autorizatie-iar-aparatura-de-monitorizare-a-noxelor-la-c\/","name":"EXCLUSIV | ELCEN a repornit instala\u021bii vechi, \u00eenchise acum patru ani, din cauza investi\u021biilor \u00eent\u00e2rziate. Acestea nu au fost verificate, nu au autoriza\u021bie, iar aparatura de monitorizare a noxelor la co\u0219ul de fum este defect\u0103 - Buletin de Bucure\u0219ti","isPartOf":{"@id":"https:\/\/buletin.de\/bucuresti\/#website"},"primaryImageOfPage":{"@id":"https:\/\/buletin.de\/bucuresti\/exclusiv-elcen-a-repornit-instalatii-vechi-inchise-acum-patru-ani-din-cauza-investitiilor-intarziate-acestea-nu-au-fost-verificate-nu-au-autorizatie-iar-aparatura-de-monitorizare-a-noxelor-la-c\/#primaryimage"},"image":{"@id":"https:\/\/buletin.de\/bucuresti\/exclusiv-elcen-a-repornit-instalatii-vechi-inchise-acum-patru-ani-din-cauza-investitiilor-intarziate-acestea-nu-au-fost-verificate-nu-au-autorizatie-iar-aparatura-de-monitorizare-a-noxelor-la-c\/#primaryimage"},"thumbnailUrl":"https:\/\/buletin.de\/bucuresti\/wp-content\/uploads\/20201214_142011.jpg","datePublished":"2021-01-14T16:46:00+00:00","dateModified":"2021-01-20T11:42:15+00:00","breadcrumb":{"@id":"https:\/\/buletin.de\/bucuresti\/exclusiv-elcen-a-repornit-instalatii-vechi-inchise-acum-patru-ani-din-cauza-investitiilor-intarziate-acestea-nu-au-fost-verificate-nu-au-autorizatie-iar-aparatura-de-monitorizare-a-noxelor-la-c\/#breadcrumb"},"inLanguage":"en-GB","potentialAction":[{"@type":"ReadAction","target":["https:\/\/buletin.de\/bucuresti\/exclusiv-elcen-a-repornit-instalatii-vechi-inchise-acum-patru-ani-din-cauza-investitiilor-intarziate-acestea-nu-au-fost-verificate-nu-au-autorizatie-iar-aparatura-de-monitorizare-a-noxelor-la-c\/"]}]},{"@type":"ImageObject","inLanguage":"en-GB","@id":"https:\/\/buletin.de\/bucuresti\/exclusiv-elcen-a-repornit-instalatii-vechi-inchise-acum-patru-ani-din-cauza-investitiilor-intarziate-acestea-nu-au-fost-verificate-nu-au-autorizatie-iar-aparatura-de-monitorizare-a-noxelor-la-c\/#primaryimage","url":"https:\/\/buletin.de\/bucuresti\/wp-content\/uploads\/20201214_142011.jpg","contentUrl":"https:\/\/buletin.de\/bucuresti\/wp-content\/uploads\/20201214_142011.jpg","width":2289,"height":1113},{"@type":"BreadcrumbList","@id":"https:\/\/buletin.de\/bucuresti\/exclusiv-elcen-a-repornit-instalatii-vechi-inchise-acum-patru-ani-din-cauza-investitiilor-intarziate-acestea-nu-au-fost-verificate-nu-au-autorizatie-iar-aparatura-de-monitorizare-a-noxelor-la-c\/#breadcrumb","itemListElement":[{"@type":"ListItem","position":1,"name":"Acas\u0103","item":"https:\/\/buletin.de\/bucuresti\/"},{"@type":"ListItem","position":2,"name":"EXCLUSIV | ELCEN a repornit instala\u021bii vechi, \u00eenchise acum patru ani, din cauza investi\u021biilor \u00eent\u00e2rziate. Acestea nu au fost verificate, nu au autoriza\u021bie, iar aparatura de monitorizare a noxelor la co\u0219ul de fum este defect\u0103"}]},{"@type":"WebSite","@id":"https:\/\/buletin.de\/bucuresti\/#website","url":"https:\/\/buletin.de\/bucuresti\/","name":"Buletin de Bucure\u0219ti","description":"\u0218tiri \u0219i investiga\u021bii esen\u021biale din capital\u0103","publisher":{"@id":"https:\/\/buletin.de\/bucuresti\/#organization"},"potentialAction":[{"@type":"SearchAction","target":{"@type":"EntryPoint","urlTemplate":"https:\/\/buletin.de\/bucuresti\/?s={search_term_string}"},"query-input":{"@type":"PropertyValueSpecification","valueRequired":true,"valueName":"search_term_string"}}],"inLanguage":"en-GB"},{"@type":"Organization","@id":"https:\/\/buletin.de\/bucuresti\/#organization","name":"Buletin de Bucure\u0219ti","url":"https:\/\/buletin.de\/bucuresti\/","logo":{"@type":"ImageObject","inLanguage":"en-GB","@id":"https:\/\/buletin.de\/bucuresti\/#\/schema\/logo\/image\/","url":"https:\/\/buletin.de\/bucuresti\/wp-content\/uploads\/logo-bdb-full-wide-vernil-transparent.png","contentUrl":"https:\/\/buletin.de\/bucuresti\/wp-content\/uploads\/logo-bdb-full-wide-vernil-transparent.png","width":1782,"height":626,"caption":"Buletin de Bucure\u0219ti"},"image":{"@id":"https:\/\/buletin.de\/bucuresti\/#\/schema\/logo\/image\/"},"sameAs":["https:\/\/www.facebook.com\/buletin.de.buc","https:\/\/www.instagram.com\/buletinde.bucuresti\/"]},{"@type":"Person","@id":"https:\/\/buletin.de\/bucuresti\/#\/schema\/person\/31117187ed4d0bdb0a4c7d6acc79d0f8","name":"C\u0103t\u0103lin Dosca\u0219","image":{"@type":"ImageObject","inLanguage":"en-GB","@id":"https:\/\/buletin.de\/bucuresti\/wp-content\/uploads\/Catalin-Doscas-e1732731064764-96x96.jpga93e2943bb3b1c1f9ead823df6e6317a","url":"https:\/\/buletin.de\/bucuresti\/wp-content\/uploads\/Catalin-Doscas-e1732731064764-96x96.jpg","contentUrl":"https:\/\/buletin.de\/bucuresti\/wp-content\/uploads\/Catalin-Doscas-e1732731064764-96x96.jpg","caption":"C\u0103t\u0103lin Dosca\u0219"},"description":"Reporter \u0219i redactor-\u0219ef Buletin de Bucure\u0219ti. Lucreaz\u0103 \u00een mass-media de la v\u00e2rsta de 15 ani, c\u00e2nd a publicat primele articole \u00een presa local\u0103 din Tecuci. \u00cen Bucure\u0219ti a lucrat \u00een redac\u021bii radio ca reporter, redactor \u0219i prezentator (StudentFM, Na\u021bionalFM, Radio Total, Smart FM), unde a acoperit domeniile politic, economic, social \u0219i externe. Ulterior, a fost editor-coordonator al postului Realitatea FM. Experien\u021ba \u00een jurnalismul online a dob\u00e2ndit-o la portalul B365.ro, unde a fost editor. \u00cen 2012 s-a angajat \u00een televiziune. La Realitatea TV a fost, pe r\u00e2nd, reporter la sec\u021bia Social, reporter special la emisiunea de reportaje \u0219i anchete \u201eReporterii Realit\u0103\u021bii\u201d, dar \u0219i editor al jurnalelor de \u0219tiri. Ulterior, a f\u0103cut parte din sec\u021bia de Investiga\u021bii de la Digi24 \u0219i a lucrat la campania \u201eRom\u00e2nia furat\u0103\u201d. A revenit \u00een presa scris\u0103 \u00een 2017, ca reporter special, \u00een cadrul unui proiect de repozi\u021bionare a tabloidului Libertatea \u00een cotidian generalist. Este jurnalist Buletin de Bucure\u0219ti din 2019.","url":"https:\/\/buletin.de\/bucuresti\/author\/catalin\/"}]}},"authors":[{"term_id":22575,"user_id":10,"is_guest":0,"slug":"catalin","display_name":"C\u0103t\u0103lin Dosca\u0219","avatar_url":"https:\/\/buletin.de\/bucuresti\/wp-content\/uploads\/Catalin-Doscas-e1732731064764-96x96.jpg","0":null,"1":"","2":"","3":"","4":"","5":"","6":"","7":"","8":""}],"_links":{"self":[{"href":"https:\/\/buletin.de\/bucuresti\/wp-json\/wp\/v2\/posts\/18063","targetHints":{"allow":["GET"]}}],"collection":[{"href":"https:\/\/buletin.de\/bucuresti\/wp-json\/wp\/v2\/posts"}],"about":[{"href":"https:\/\/buletin.de\/bucuresti\/wp-json\/wp\/v2\/types\/post"}],"author":[{"embeddable":true,"href":"https:\/\/buletin.de\/bucuresti\/wp-json\/wp\/v2\/users\/10"}],"replies":[{"embeddable":true,"href":"https:\/\/buletin.de\/bucuresti\/wp-json\/wp\/v2\/comments?post=18063"}],"version-history":[{"count":15,"href":"https:\/\/buletin.de\/bucuresti\/wp-json\/wp\/v2\/posts\/18063\/revisions"}],"predecessor-version":[{"id":18324,"href":"https:\/\/buletin.de\/bucuresti\/wp-json\/wp\/v2\/posts\/18063\/revisions\/18324"}],"wp:featuredmedia":[{"embeddable":true,"href":"https:\/\/buletin.de\/bucuresti\/wp-json\/wp\/v2\/media\/16763"}],"wp:attachment":[{"href":"https:\/\/buletin.de\/bucuresti\/wp-json\/wp\/v2\/media?parent=18063"}],"wp:term":[{"taxonomy":"category","embeddable":true,"href":"https:\/\/buletin.de\/bucuresti\/wp-json\/wp\/v2\/categories?post=18063"},{"taxonomy":"post_tag","embeddable":true,"href":"https:\/\/buletin.de\/bucuresti\/wp-json\/wp\/v2\/tags?post=18063"},{"taxonomy":"author","embeddable":true,"href":"https:\/\/buletin.de\/bucuresti\/wp-json\/wp\/v2\/ppma_author?post=18063"}],"curies":[{"name":"wp","href":"https:\/\/api.w.org\/{rel}","templated":true}]}}